{"id":254868,"date":"2022-09-05T14:16:47","date_gmt":"2022-09-05T10:16:47","guid":{"rendered":"https:\/\/www.meydan.tv\/?p=254868"},"modified":"2022-09-05T14:51:10","modified_gmt":"2022-09-05T10:51:10","slug":"teqaudu-kesildiyi-ucun-ozunu-yandiran-qazi-vefat-edib","status":"publish","type":"post","link":"https:\/\/www.meydan.tv\/az\/article\/teqaudu-kesildiyi-ucun-ozunu-yandiran-qazi-vefat-edib\/","title":{"rendered":"T\u0259qa\u00fcd\u00fc k\u0259sildiyi \u00fc\u00e7\u00fcn \u00f6z\u00fcn\u00fc yand\u0131rd\u0131\u011f\u0131 deyil\u0259n qazi v\u0259fat edib"},"content":{"rendered":"\n<p><\/p>\n\n\n\n<p><em>\u018f\u018fSMN iddialar\u0131 t\u0259kzib edir<\/em><\/p>\n\n\n\n<p>\u00d6z\u00fcn\u00fc ya\u015fad\u0131\u011f\u0131 evin h\u0259y\u0259tind\u0259n yand\u0131ran Ucar\u0131n Alpout k\u0259nd sakini, Birinci Qaraba\u011f m\u00fcharib\u0259si i\u015ftirak\u00e7\u0131s\u0131 Nazir H\u0259s\u0259novun v\u0259fat etdiyi bildirilir.<\/p>\n\n\n\n<p>Bu bar\u0259d\u0259 Ba\u015f Prokurorluq m\u0259lumat <a href=\"https:\/\/genprosecutor.gov.az\/az\/post\/5595\" target=\"_blank\" rel=\"noreferrer noopener\">yay\u0131b<\/a>.<\/p>\n\n\n\n<p>Sentyabr\u0131n 4-d\u0259 intihara c\u0259hd ed\u0259n II qrup \u0259lilin sentyabr\u0131n 5-d\u0259 Bak\u0131da &#8211; 5 sayl\u0131 Kliniki X\u0259st\u0259xanan\u0131n Yan\u0131q \u015e\u00f6b\u0259sind\u0259 v\u0259fat etdiyi a\u00e7\u0131qlan\u0131b.<\/p>\n\n\n\n<p>Ba\u015f Prokurorluq faktla ba\u011fl\u0131 Ucar Rayon Prokurorlu\u011funda ara\u015fd\u0131rma apar\u0131ld\u0131\u011f\u0131n\u0131 bildirib.<\/p>\n\n\n\n<p>Nazir H\u0259s\u0259novun ail\u0259si &#8220;Toplum TV&#8221;-y\u0259 qazinin intihar\u0131na s\u0259b\u0259b kimi ald\u0131\u011f\u0131 2-ci qrup \u0259lillik pensiyas\u0131 v\u0259 prezident t\u0259qa\u00fcd\u00fcn\u00fcn k\u0259silm\u0259sini <a href=\"https:\/\/toplum.tv\/sosial\/ozune-qesd-eden-qazi-vefat-etdi-nazirlik-iddialarin-esassiz-oldugunu-deyir\" target=\"_blank\" rel=\"noreferrer noopener\">g\u00f6st\u0259rib<\/a>.<\/p>\n\n\n\n<p>O\u011flu M\u00fcbariz H\u0259s\u0259novun s\u00f6zl\u0259rin\u0259 g\u00f6r\u0259, atas\u0131 10 il \u0259rzind\u0259, h\u0259r ay 500 manat \u0259lillik v\u0259 350 manat prezident t\u0259qa\u00fcd\u00fc al\u0131rm\u0131\u015f: <\/p>\n\n\n\n<p>&#8220;1 il \u0259vv\u0259l \u018flill\u0259rin B\u0259rpa v\u0259 Reabilitasiyas\u0131 M\u0259rk\u0259zind\u0259 komissiya t\u0259\u015fkil olundu. Atama deyildi ki, ald\u0131\u011f\u0131 x\u0259sar\u0259tl\u0259r onda anadang\u0259lm\u0259dir, buna g\u00f6r\u0259 d\u0259 h\u0259rbi \u0259lillik pensiyas\u0131n\u0131 k\u0259sdil\u0259r. \u018fv\u0259zind\u0259 3-c\u00fc qrup m\u00fclki pensiya verdil\u0259r. C\u0259mi 120 manat pensiya v\u0259 80 manat veteranl\u0131q pulu al\u0131rd\u0131. Bu, n\u0259 q\u0259rard\u0131r, niy\u0259 bel\u0259 edibl\u0259r? M\u0259nim atam Qaraba\u011fda vuru\u015fanda nazirl\u0259r kef i\u00e7ind\u0259 ya\u015fay\u0131rd\u0131. Bel\u0259 \u0259dal\u0259tsizlik olar?&#8221;<\/p>\n\n\n\n<p>O, atas\u0131n\u0131n intihar\u0131 il\u0259 ba\u011fl\u0131 bunlar\u0131 deyib: <\/p>\n\n\n\n<p>&#8220;Atam bizd\u0259n x\u0259b\u0259rsiz intihar edib. K\u00f6yn\u0259yini \u00e7\u0131xar\u0131b h\u0259y\u0259t\u0259 d\u00fc\u015f\u00fcb, get-g\u0259l etm\u0259y\u0259 ba\u015flay\u0131b. Bir d\u0259 g\u00f6r\u00fcbl\u0259r ki, atam yan\u0131r, birt\u0259h\u0259r s\u00f6nd\u00fcrd\u00fck&#8221;.<\/p>\n\n\n\n<p>&#8220;Atam\u0131n bu hadis\u0259y\u0259 q\u0259d\u0259r m\u00fcraci\u0259t etm\u0259diyi qurum qalmam\u0131\u015fd\u0131. H\u0259r yer\u0259 yaz\u0131b, gedib, indi i\u015fi \u015e\u0259ki Apelyasiya M\u0259hk\u0259m\u0259sind\u0259dir. Ba\u015f\u0131nda, qula\u011f\u0131nda q\u0259lp\u0259l\u0259r doludur. Komissiya g\u00f6rm\u00fcrd\u00fc ki, bu q\u0259lp\u0259l\u0259r anadang\u0259lm\u0259 deyil?&#8221;, &#8211; dey\u0259 o\u011flu M.H\u0259s\u0259nov s\u00f6yl\u0259yib.<\/p>\n\n\n\n<p>Ancaq \u018fm\u0259k v\u0259 \u018fhalinin Sosial M\u00fcdafi\u0259 Nazirliyi (\u018f\u018fSMN) sentyabr\u0131n 5-d\u0259 yayd\u0131\u011f\u0131 a\u00e7\u0131qlamada H\u0259s\u0259novlar\u0131n iddialar\u0131n\u0131n \u0259sass\u0131z oldu\u011funu deyib.<\/p>\n\n\n\n<p>Nazirlik bildirib ki, h\u0259l\u0259 2021-ci ilin may ay\u0131nda Nazir H\u0259s\u0259nova \u00fcmumi s\u0259b\u0259bd\u0259n 5 il m\u00fcdd\u0259tin\u0259 \u0259lillik t\u0259yin edilib.<\/p>\n\n\n\n<p>O, \u0259lilliy\u0259 g\u00f6r\u0259 ayl\u0131q m\u00fcavin\u0259tl\u0259, h\u0259m\u00e7inin m\u00fcharib\u0259 veteran\u0131 kimi ayl\u0131q t\u0259qa\u00fcdl\u0259 t\u0259min edilib: \u201cB\u0259zi sosial \u015f\u0259b\u0259k\u0259 s\u0259hif\u0259l\u0259rind\u0259 v\u0259 media orqan\u0131nda Nazir H\u0259s\u0259novun \u0259lilliyinin dayand\u0131r\u0131lmas\u0131 bar\u0259d\u0259 qeyd edil\u0259nl\u0259r tamamil\u0259 \u0259sass\u0131zd\u0131r. Nazir H\u0259s\u0259novun \u0259yani m\u00fcayin\u0259si zaman\u0131 m\u00fc\u0259yy\u0259n edilmi\u015f, \u0259lillik t\u0259yinat\u0131na \u0259sas ver\u0259n x\u0259st\u0259liyinin (ba\u015f-beyin x\u0259st\u0259liyi n\u0259tic\u0259sind\u0259 yaranan \u015f\u0259xsiyy\u0259t-davran\u0131\u015f poz\u011funluqlar\u0131) h\u0259rbi xidm\u0259tl\u0259 \u0259laq\u0259si olmad\u0131\u011f\u0131na g\u00f6r\u0259, ona qanunvericiliy\u0259 \u0259sas\u0259n \u00fcmumi s\u0259b\u0259bd\u0259n \u0259lillik t\u0259yin olunmu\u015fdu. \u00d6t\u0259n d\u00f6vrd\u0259 d\u0259 bu q\u0259rarla ba\u011fl\u0131 he\u00e7 bir naraz\u0131l\u0131\u011f\u0131 v\u0259 m\u00fcraci\u0259ti olmay\u0131b\u201d.<\/p>\n\n\n\n<p>M\u0259tbuatda ged\u0259n x\u0259b\u0259rl\u0259r\u0259 \u0259sas\u0259n, m\u00fcharib\u0259 bit\u0259nd\u0259n indiy\u0259d\u0259k 41 qazi \u00f6l\u00fcb.<\/p>\n\n\n\n<p>\u00dcmumilikd\u0259 is\u0259 intihar h\u0259ddin\u0259 \u00e7atd\u0131r\u0131lanlar\u0131n say\u0131n\u0131n 50 n\u0259f\u0259r oldu\u011fu bildirilir.<\/p>\n","protected":false},"excerpt":{"rendered":"<p>\u018f\u018fSMN iddialar\u0131 t\u0259kzib edir \u00d6z\u00fcn\u00fc ya\u015fad\u0131\u011f\u0131 evin h\u0259y\u0259tind\u0259n yand\u0131ran Ucar\u0131n &#8230; <\/p>\n<p class=\"read-more-container\"><a title=\"T\u0259qa\u00fcd\u00fc k\u0259sildiyi \u00fc\u00e7\u00fcn \u00f6z\u00fcn\u00fc yand\u0131rd\u0131\u011f\u0131 deyil\u0259n qazi v\u0259fat edib\" class=\"read-more button\" href=\"https:\/\/www.meydan.tv\/az\/article\/teqaudu-kesildiyi-ucun-ozunu-yandiran-qazi-vefat-edib\/#more-254868\" aria-label=\"Read more about T\u0259qa\u00fcd\u00fc k\u0259sildiyi \u00fc\u00e7\u00fcn \u00f6z\u00fcn\u00fc yand\u0131rd\u0131\u011f\u0131 deyil\u0259n qazi v\u0259fat edib\">Davam\u0131<\/a><\/p>\n","protected":false},"author":8,"featured_media":123532,"comment_status":"closed","ping_status":"closed","sticky":false,"template":"","format":"standard","meta":{"_acf_changed":false,"_sitemap_exclude":false,"_sitemap_priority":"","_sitemap_frequency":"","footnotes":""},"categories":[60,79,56],"tags":[],"class_list":["post-254868","post","type-post","status-publish","format-standard","has-post-thumbnail","hentry","category-bolge","category-featured","category-xeberler","infinite-scroll-item","generate-columns","tablet-grid-50","mobile-grid-100","grid-parent","grid-33","no-featured-image-padding"],"acf":[],"yoast_head":"<!-- This site is optimized with the Yoast SEO plugin v27.5 - https:\/\/yoast.com\/product\/yoast-seo-wordpress\/ -->\n<title>T\u0259qa\u00fcd\u00fc k\u0259sildiyi \u00fc\u00e7\u00fcn \u00f6z\u00fcn\u00fc yand\u0131rd\u0131\u011f\u0131 deyil\u0259n qazi v\u0259fat edib - MEYDAN.TV<\/title>\n<meta name=\"robots\" content=\"index, follow, max-snippet:-1, max-image-preview:large, max-video-preview:-1\" \/>\n<link rel=\"canonical\" href=\"https:\/\/www.meydan.tv\/az\/article\/teqaudu-kesildiyi-ucun-ozunu-yandiran-qazi-vefat-edib\/\" \/>\n<meta property=\"og:locale\" content=\"az_AZ\" \/>\n<meta property=\"og:type\" content=\"article\" \/>\n<meta property=\"og:title\" content=\"T\u0259qa\u00fcd\u00fc k\u0259sildiyi \u00fc\u00e7\u00fcn \u00f6z\u00fcn\u00fc yand\u0131rd\u0131\u011f\u0131 deyil\u0259n qazi v\u0259fat edib - MEYDAN.TV\" \/>\n<meta property=\"og:description\" content=\"\u018f\u018fSMN iddialar\u0131 t\u0259kzib edir \u00d6z\u00fcn\u00fc ya\u015fad\u0131\u011f\u0131 evin h\u0259y\u0259tind\u0259n yand\u0131ran Ucar\u0131n ... Davam\u0131\" \/>\n<meta property=\"og:url\" content=\"https:\/\/www.meydan.tv\/az\/article\/teqaudu-kesildiyi-ucun-ozunu-yandiran-qazi-vefat-edib\/\" \/>\n<meta property=\"og:site_name\" content=\"MEYDAN.TV\" \/>\n<meta property=\"article:published_time\" content=\"2022-09-05T10:16:47+00:00\" \/>\n<meta property=\"article:modified_time\" content=\"2022-09-05T10:51:10+00:00\" \/>\n<meta property=\"og:image\" content=\"https:\/\/www.meydan.tv\/wp-content\/uploads\/1516610745452469025_1000x669.jpg\" \/>\n\t<meta property=\"og:image:width\" content=\"1000\" \/>\n\t<meta property=\"og:image:height\" content=\"663\" \/>\n\t<meta property=\"og:image:type\" content=\"image\/jpeg\" \/>\n<meta name=\"author\" content=\"elli\" \/>\n<meta name=\"twitter:card\" content=\"summary_large_image\" \/>\n<meta name=\"twitter:creator\" content=\"@elli\" \/>\n<script type=\"application\/ld+json\" class=\"yoast-schema-graph\">{\"@context\":\"https:\\\/\\\/schema.org\",\"@graph\":[{\"@type\":\"Article\",\"@id\":\"https:\\\/\\\/www.meydan.tv\\\/az\\\/article\\\/teqaudu-kesildiyi-ucun-ozunu-yandiran-qazi-vefat-edib\\\/#article\",\"isPartOf\":{\"@id\":\"https:\\\/\\\/www.meydan.tv\\\/az\\\/article\\\/teqaudu-kesildiyi-ucun-ozunu-yandiran-qazi-vefat-edib\\\/\"},\"author\":{\"name\":\"elli\",\"@id\":\"https:\\\/\\\/www.meydan.tv\\\/az\\\/#\\\/schema\\\/person\\\/9cdbecf90d17180ce1dfbd95b08dcf47\"},\"headline\":\"T\u0259qa\u00fcd\u00fc k\u0259sildiyi \u00fc\u00e7\u00fcn \u00f6z\u00fcn\u00fc yand\u0131rd\u0131\u011f\u0131 deyil\u0259n qazi v\u0259fat edib\",\"datePublished\":\"2022-09-05T10:16:47+00:00\",\"dateModified\":\"2022-09-05T10:51:10+00:00\",\"mainEntityOfPage\":{\"@id\":\"https:\\\/\\\/www.meydan.tv\\\/az\\\/article\\\/teqaudu-kesildiyi-ucun-ozunu-yandiran-qazi-vefat-edib\\\/\"},\"wordCount\":608,\"publisher\":{\"@id\":\"https:\\\/\\\/www.meydan.tv\\\/az\\\/#organization\"},\"image\":{\"@id\":\"https:\\\/\\\/www.meydan.tv\\\/az\\\/article\\\/teqaudu-kesildiyi-ucun-ozunu-yandiran-qazi-vefat-edib\\\/#primaryimage\"},\"thumbnailUrl\":\"https:\\\/\\\/www.meydan.tv\\\/wp-content\\\/uploads\\\/1516610745452469025_1000x669.jpg\",\"articleSection\":[\"B\u00f6lg\u0259\",\"T\u00f6vsiy\u0259\",\"X\u0259b\u0259rl\u0259r\"],\"inLanguage\":\"az\"},{\"@type\":\"WebPage\",\"@id\":\"https:\\\/\\\/www.meydan.tv\\\/az\\\/article\\\/teqaudu-kesildiyi-ucun-ozunu-yandiran-qazi-vefat-edib\\\/\",\"url\":\"https:\\\/\\\/www.meydan.tv\\\/az\\\/article\\\/teqaudu-kesildiyi-ucun-ozunu-yandiran-qazi-vefat-edib\\\/\",\"name\":\"T\u0259qa\u00fcd\u00fc k\u0259sildiyi \u00fc\u00e7\u00fcn \u00f6z\u00fcn\u00fc yand\u0131rd\u0131\u011f\u0131 deyil\u0259n qazi v\u0259fat edib - MEYDAN.TV\",\"isPartOf\":{\"@id\":\"https:\\\/\\\/www.meydan.tv\\\/az\\\/#website\"},\"primaryImageOfPage\":{\"@id\":\"https:\\\/\\\/www.meydan.tv\\\/az\\\/article\\\/teqaudu-kesildiyi-ucun-ozunu-yandiran-qazi-vefat-edib\\\/#primaryimage\"},\"image\":{\"@id\":\"https:\\\/\\\/www.meydan.tv\\\/az\\\/article\\\/teqaudu-kesildiyi-ucun-ozunu-yandiran-qazi-vefat-edib\\\/#primaryimage\"},\"thumbnailUrl\":\"https:\\\/\\\/www.meydan.tv\\\/wp-content\\\/uploads\\\/1516610745452469025_1000x669.jpg\",\"datePublished\":\"2022-09-05T10:16:47+00:00\",\"dateModified\":\"2022-09-05T10:51:10+00:00\",\"breadcrumb\":{\"@id\":\"https:\\\/\\\/www.meydan.tv\\\/az\\\/article\\\/teqaudu-kesildiyi-ucun-ozunu-yandiran-qazi-vefat-edib\\\/#breadcrumb\"},\"inLanguage\":\"az\",\"potentialAction\":[{\"@type\":\"ReadAction\",\"target\":[\"https:\\\/\\\/www.meydan.tv\\\/az\\\/article\\\/teqaudu-kesildiyi-ucun-ozunu-yandiran-qazi-vefat-edib\\\/\"]}]},{\"@type\":\"ImageObject\",\"inLanguage\":\"az\",\"@id\":\"https:\\\/\\\/www.meydan.tv\\\/az\\\/article\\\/teqaudu-kesildiyi-ucun-ozunu-yandiran-qazi-vefat-edib\\\/#primaryimage\",\"url\":\"https:\\\/\\\/www.meydan.tv\\\/wp-content\\\/uploads\\\/1516610745452469025_1000x669.jpg\",\"contentUrl\":\"https:\\\/\\\/www.meydan.tv\\\/wp-content\\\/uploads\\\/1516610745452469025_1000x669.jpg\",\"width\":1000,\"height\":663,\"caption\":\"Foto: Meydan TV\"},{\"@type\":\"BreadcrumbList\",\"@id\":\"https:\\\/\\\/www.meydan.tv\\\/az\\\/article\\\/teqaudu-kesildiyi-ucun-ozunu-yandiran-qazi-vefat-edib\\\/#breadcrumb\",\"itemListElement\":[{\"@type\":\"ListItem\",\"position\":1,\"name\":\"Ana s\u0259hif\u0259\",\"item\":\"https:\\\/\\\/www.meydan.tv\\\/az\\\/\"},{\"@type\":\"ListItem\",\"position\":2,\"name\":\"B\u00f6lg\u0259\",\"item\":\"https:\\\/\\\/www.meydan.tv\\\/az\\\/section\\\/bolge\\\/\"},{\"@type\":\"ListItem\",\"position\":3,\"name\":\"T\u0259qa\u00fcd\u00fc k\u0259sildiyi \u00fc\u00e7\u00fcn \u00f6z\u00fcn\u00fc yand\u0131rd\u0131\u011f\u0131 deyil\u0259n qazi v\u0259fat edib\"}]},{\"@type\":\"WebSite\",\"@id\":\"https:\\\/\\\/www.meydan.tv\\\/az\\\/#website\",\"url\":\"https:\\\/\\\/www.meydan.tv\\\/az\\\/\",\"name\":\"MEYDAN.TV\",\"description\":\"Meydan TV Az\u0259rbaycan\u0131n media m\u0259kan\u0131ndak\u0131 alternativ s\u0259sidir\",\"publisher\":{\"@id\":\"https:\\\/\\\/www.meydan.tv\\\/az\\\/#organization\"},\"potentialAction\":[{\"@type\":\"SearchAction\",\"target\":{\"@type\":\"EntryPoint\",\"urlTemplate\":\"https:\\\/\\\/www.meydan.tv\\\/az\\\/?s={search_term_string}\"},\"query-input\":{\"@type\":\"PropertyValueSpecification\",\"valueRequired\":true,\"valueName\":\"search_term_string\"}}],\"inLanguage\":\"az\"},{\"@type\":\"Organization\",\"@id\":\"https:\\\/\\\/www.meydan.tv\\\/az\\\/#organization\",\"name\":\"Meydan TV\",\"url\":\"https:\\\/\\\/www.meydan.tv\\\/az\\\/\",\"logo\":{\"@type\":\"ImageObject\",\"inLanguage\":\"az\",\"@id\":\"https:\\\/\\\/www.meydan.tv\\\/az\\\/#\\\/schema\\\/logo\\\/image\\\/\",\"url\":\"https:\\\/\\\/www.meydan.tv\\\/wp-content\\\/uploads\\\/2021\\\/07\\\/meydan-logo.svg\",\"contentUrl\":\"https:\\\/\\\/www.meydan.tv\\\/wp-content\\\/uploads\\\/2021\\\/07\\\/meydan-logo.svg\",\"width\":195,\"height\":46,\"caption\":\"Meydan TV\"},\"image\":{\"@id\":\"https:\\\/\\\/www.meydan.tv\\\/az\\\/#\\\/schema\\\/logo\\\/image\\\/\"}},{\"@type\":\"Person\",\"@id\":\"https:\\\/\\\/www.meydan.tv\\\/az\\\/#\\\/schema\\\/person\\\/9cdbecf90d17180ce1dfbd95b08dcf47\",\"name\":\"elli\",\"sameAs\":[\"https:\\\/\\\/x.com\\\/elli\"]}]}<\/script>\n<!-- \/ Yoast SEO plugin. -->","yoast_head_json":{"title":"T\u0259qa\u00fcd\u00fc k\u0259sildiyi \u00fc\u00e7\u00fcn \u00f6z\u00fcn\u00fc yand\u0131rd\u0131\u011f\u0131 deyil\u0259n qazi v\u0259fat edib - MEYDAN.TV","robots":{"index":"index","follow":"follow","max-snippet":"max-snippet:-1","max-image-preview":"max-image-preview:large","max-video-preview":"max-video-preview:-1"},"canonical":"https:\/\/www.meydan.tv\/az\/article\/teqaudu-kesildiyi-ucun-ozunu-yandiran-qazi-vefat-edib\/","og_locale":"az_AZ","og_type":"article","og_title":"T\u0259qa\u00fcd\u00fc k\u0259sildiyi \u00fc\u00e7\u00fcn \u00f6z\u00fcn\u00fc yand\u0131rd\u0131\u011f\u0131 deyil\u0259n qazi v\u0259fat edib - MEYDAN.TV","og_description":"\u018f\u018fSMN iddialar\u0131 t\u0259kzib edir \u00d6z\u00fcn\u00fc ya\u015fad\u0131\u011f\u0131 evin h\u0259y\u0259tind\u0259n yand\u0131ran Ucar\u0131n ... Davam\u0131","og_url":"https:\/\/www.meydan.tv\/az\/article\/teqaudu-kesildiyi-ucun-ozunu-yandiran-qazi-vefat-edib\/","og_site_name":"MEYDAN.TV","article_published_time":"2022-09-05T10:16:47+00:00","article_modified_time":"2022-09-05T10:51:10+00:00","og_image":[{"width":1000,"height":663,"url":"https:\/\/www.meydan.tv\/wp-content\/uploads\/1516610745452469025_1000x669.jpg","type":"image\/jpeg"}],"author":"elli","twitter_card":"summary_large_image","twitter_creator":"@elli","schema":{"@context":"https:\/\/schema.org","@graph":[{"@type":"Article","@id":"https:\/\/www.meydan.tv\/az\/article\/teqaudu-kesildiyi-ucun-ozunu-yandiran-qazi-vefat-edib\/#article","isPartOf":{"@id":"https:\/\/www.meydan.tv\/az\/article\/teqaudu-kesildiyi-ucun-ozunu-yandiran-qazi-vefat-edib\/"},"author":{"name":"elli","@id":"https:\/\/www.meydan.tv\/az\/#\/schema\/person\/9cdbecf90d17180ce1dfbd95b08dcf47"},"headline":"T\u0259qa\u00fcd\u00fc k\u0259sildiyi \u00fc\u00e7\u00fcn \u00f6z\u00fcn\u00fc yand\u0131rd\u0131\u011f\u0131 deyil\u0259n qazi v\u0259fat edib","datePublished":"2022-09-05T10:16:47+00:00","dateModified":"2022-09-05T10:51:10+00:00","mainEntityOfPage":{"@id":"https:\/\/www.meydan.tv\/az\/article\/teqaudu-kesildiyi-ucun-ozunu-yandiran-qazi-vefat-edib\/"},"wordCount":608,"publisher":{"@id":"https:\/\/www.meydan.tv\/az\/#organization"},"image":{"@id":"https:\/\/www.meydan.tv\/az\/article\/teqaudu-kesildiyi-ucun-ozunu-yandiran-qazi-vefat-edib\/#primaryimage"},"thumbnailUrl":"https:\/\/www.meydan.tv\/wp-content\/uploads\/1516610745452469025_1000x669.jpg","articleSection":["B\u00f6lg\u0259","T\u00f6vsiy\u0259","X\u0259b\u0259rl\u0259r"],"inLanguage":"az"},{"@type":"WebPage","@id":"https:\/\/www.meydan.tv\/az\/article\/teqaudu-kesildiyi-ucun-ozunu-yandiran-qazi-vefat-edib\/","url":"https:\/\/www.meydan.tv\/az\/article\/teqaudu-kesildiyi-ucun-ozunu-yandiran-qazi-vefat-edib\/","name":"T\u0259qa\u00fcd\u00fc k\u0259sildiyi \u00fc\u00e7\u00fcn \u00f6z\u00fcn\u00fc yand\u0131rd\u0131\u011f\u0131 deyil\u0259n qazi v\u0259fat edib - MEYDAN.TV","isPartOf":{"@id":"https:\/\/www.meydan.tv\/az\/#website"},"primaryImageOfPage":{"@id":"https:\/\/www.meydan.tv\/az\/article\/teqaudu-kesildiyi-ucun-ozunu-yandiran-qazi-vefat-edib\/#primaryimage"},"image":{"@id":"https:\/\/www.meydan.tv\/az\/article\/teqaudu-kesildiyi-ucun-ozunu-yandiran-qazi-vefat-edib\/#primaryimage"},"thumbnailUrl":"https:\/\/www.meydan.tv\/wp-content\/uploads\/1516610745452469025_1000x669.jpg","datePublished":"2022-09-05T10:16:47+00:00","dateModified":"2022-09-05T10:51:10+00:00","breadcrumb":{"@id":"https:\/\/www.meydan.tv\/az\/article\/teqaudu-kesildiyi-ucun-ozunu-yandiran-qazi-vefat-edib\/#breadcrumb"},"inLanguage":"az","potentialAction":[{"@type":"ReadAction","target":["https:\/\/www.meydan.tv\/az\/article\/teqaudu-kesildiyi-ucun-ozunu-yandiran-qazi-vefat-edib\/"]}]},{"@type":"ImageObject","inLanguage":"az","@id":"https:\/\/www.meydan.tv\/az\/article\/teqaudu-kesildiyi-ucun-ozunu-yandiran-qazi-vefat-edib\/#primaryimage","url":"https:\/\/www.meydan.tv\/wp-content\/uploads\/1516610745452469025_1000x669.jpg","contentUrl":"https:\/\/www.meydan.tv\/wp-content\/uploads\/1516610745452469025_1000x669.jpg","width":1000,"height":663,"caption":"Foto: Meydan TV"},{"@type":"BreadcrumbList","@id":"https:\/\/www.meydan.tv\/az\/article\/teqaudu-kesildiyi-ucun-ozunu-yandiran-qazi-vefat-edib\/#breadcrumb","itemListElement":[{"@type":"ListItem","position":1,"name":"Ana s\u0259hif\u0259","item":"https:\/\/www.meydan.tv\/az\/"},{"@type":"ListItem","position":2,"name":"B\u00f6lg\u0259","item":"https:\/\/www.meydan.tv\/az\/section\/bolge\/"},{"@type":"ListItem","position":3,"name":"T\u0259qa\u00fcd\u00fc k\u0259sildiyi \u00fc\u00e7\u00fcn \u00f6z\u00fcn\u00fc yand\u0131rd\u0131\u011f\u0131 deyil\u0259n qazi v\u0259fat edib"}]},{"@type":"WebSite","@id":"https:\/\/www.meydan.tv\/az\/#website","url":"https:\/\/www.meydan.tv\/az\/","name":"MEYDAN.TV","description":"Meydan TV Az\u0259rbaycan\u0131n media m\u0259kan\u0131ndak\u0131 alternativ s\u0259sidir","publisher":{"@id":"https:\/\/www.meydan.tv\/az\/#organization"},"potentialAction":[{"@type":"SearchAction","target":{"@type":"EntryPoint","urlTemplate":"https:\/\/www.meydan.tv\/az\/?s={search_term_string}"},"query-input":{"@type":"PropertyValueSpecification","valueRequired":true,"valueName":"search_term_string"}}],"inLanguage":"az"},{"@type":"Organization","@id":"https:\/\/www.meydan.tv\/az\/#organization","name":"Meydan TV","url":"https:\/\/www.meydan.tv\/az\/","logo":{"@type":"ImageObject","inLanguage":"az","@id":"https:\/\/www.meydan.tv\/az\/#\/schema\/logo\/image\/","url":"https:\/\/www.meydan.tv\/wp-content\/uploads\/2021\/07\/meydan-logo.svg","contentUrl":"https:\/\/www.meydan.tv\/wp-content\/uploads\/2021\/07\/meydan-logo.svg","width":195,"height":46,"caption":"Meydan TV"},"image":{"@id":"https:\/\/www.meydan.tv\/az\/#\/schema\/logo\/image\/"}},{"@type":"Person","@id":"https:\/\/www.meydan.tv\/az\/#\/schema\/person\/9cdbecf90d17180ce1dfbd95b08dcf47","name":"elli","sameAs":["https:\/\/x.com\/elli"]}]}},"_links":{"self":[{"href":"https:\/\/www.meydan.tv\/az\/wp-json\/wp\/v2\/posts\/254868","targetHints":{"allow":["GET"]}}],"collection":[{"href":"https:\/\/www.meydan.tv\/az\/wp-json\/wp\/v2\/posts"}],"about":[{"href":"https:\/\/www.meydan.tv\/az\/wp-json\/wp\/v2\/types\/post"}],"author":[{"embeddable":true,"href":"https:\/\/www.meydan.tv\/az\/wp-json\/wp\/v2\/users\/8"}],"replies":[{"embeddable":true,"href":"https:\/\/www.meydan.tv\/az\/wp-json\/wp\/v2\/comments?post=254868"}],"version-history":[{"count":3,"href":"https:\/\/www.meydan.tv\/az\/wp-json\/wp\/v2\/posts\/254868\/revisions"}],"predecessor-version":[{"id":254877,"href":"https:\/\/www.meydan.tv\/az\/wp-json\/wp\/v2\/posts\/254868\/revisions\/254877"}],"wp:featuredmedia":[{"embeddable":true,"href":"https:\/\/www.meydan.tv\/az\/wp-json\/wp\/v2\/media\/123532"}],"wp:attachment":[{"href":"https:\/\/www.meydan.tv\/az\/wp-json\/wp\/v2\/media?parent=254868"}],"wp:term":[{"taxonomy":"category","embeddable":true,"href":"https:\/\/www.meydan.tv\/az\/wp-json\/wp\/v2\/categories?post=254868"},{"taxonomy":"post_tag","embeddable":true,"href":"https:\/\/www.meydan.tv\/az\/wp-json\/wp\/v2\/tags?post=254868"}],"curies":[{"name":"wp","href":"https:\/\/api.w.org\/{rel}","templated":true}]}}