{"id":254743,"date":"2022-09-02T14:56:49","date_gmt":"2022-09-02T10:56:49","guid":{"rendered":"https:\/\/www.meydan.tv\/?p=254743"},"modified":"2022-09-02T14:56:51","modified_gmt":"2022-09-02T10:56:51","slug":"zaqatalada-yanginlar-davam-edir-cemi-1-helikopter-var","status":"publish","type":"post","link":"https:\/\/www.meydan.tv\/az\/article\/zaqatalada-yanginlar-davam-edir-cemi-1-helikopter-var\/","title":{"rendered":"Zaqatalada yan\u011f\u0131nlar davam edir: c\u0259mi 1 helikopter var"},"content":{"rendered":"\n<p><\/p>\n\n\n\n<p>&#8220;<em>Amfibiya t\u0259yyar\u0259si yan\u011f\u0131n\u0131n s\u00f6nd\u00fcr\u00fclm\u0259sin\u0259 c\u0259lb edilm\u0259yib&#8221;<\/em><\/p>\n\n\n\n<p>Zaqatalada me\u015f\u0259 yan\u011f\u0131nlar\u0131 davam edir.<\/p>\n\n\n\n<p>Haz\u0131rda \u0259razid\u0259 k\u00f6n\u00fcll\u00fcl\u0259r v\u0259 Zaqatala, Qax v\u0259 Balak\u0259n rayonlar\u0131n\u0131n FHN D\u00f6vl\u0259t Yan\u011f\u0131ndan M\u00fchafiz\u0259 xidm\u0259tl\u0259ri yan\u011f\u0131n\u0131 s\u00f6nd\u00fcrm\u0259y\u0259 \u00e7al\u0131\u015f\u0131r.<\/p>\n\n\n\n<p>Meydan TV-nin hadis\u0259 yerind\u0259 olan m\u00fcxbirinin verdiyi m\u0259lumata g\u00f6r\u0259, yan\u011f\u0131n \u0259sas\u0259n Yuxar\u0131 Tala k\u0259ndinin da\u011fl\u0131q \u0259razisind\u0259dir.<\/p>\n\n\n\n<p>Sentyabr\u0131n 1-i ax\u015fam saatlar\u0131nad\u0259k s\u00f6nd\u00fcrm\u0259 xidm\u0259tl\u0259rind\u0259 2 helikopter i\u015ftirak edib.<\/p>\n\n\n\n<p>Haz\u0131rda is\u0259 c\u0259mi 1 helikopter var: <\/p>\n\n\n\n<p>\u201cDig\u0259rinin nasaz oldu\u011fu bildirilir. Amfibiya t\u0259yyar\u0259si is\u0259 \u00fcmumiyy\u0259tl\u0259, t\u0259mird\u0259dir v\u0259 yan\u011f\u0131n\u0131n s\u00f6nd\u00fcr\u00fclm\u0259sin\u0259 c\u0259lb edilm\u0259yib. 6-7 yan\u011f\u0131ns\u00f6nd\u00fcr\u0259n ma\u015f\u0131n var. 300-d\u0259n \u00e7ox insan yard\u0131ma g\u0259lib. Lakin yan\u011f\u0131n h\u0259l\u0259 d\u0259 davam edir\u201d.<\/p>\n\n\n\n<p>K\u00fcl\u0259k olmasa, bu g\u00fcn yan\u011f\u0131n\u0131n tam s\u00f6nd\u00fcr\u00fclm\u0259si ehtimal\u0131 oldu\u011fu bildirilir.<\/p>\n\n\n\n<p>\u201c\u00d6lk\u0259d\u0259 son d\u00f6vrl\u0259r ba\u015f ver\u0259n me\u015f\u0259 yan\u011f\u0131nlar\u0131 qlobal istil\u0259\u015fm\u0259nin t\u0259sirind\u0259n qaynaqlan\u0131r. Bundan \u0259lav\u0259, b\u0259zi insanlar\u0131n sad\u0259 yan\u011f\u0131n t\u0259hl\u00fck\u0259sizliyi qaydalar\u0131na etinas\u0131z m\u00fcnasib\u0259ti v\u0259 m\u0259suliyy\u0259tsiz davran\u0131\u015f\u0131 da me\u015f\u0259l\u0259rd\u0259 yan\u011f\u0131nlar\u0131n ba\u015f verm\u0259sin\u0259 s\u0259b\u0259b olur\u201d, &#8211; f\u00f6vq\u0259lad\u0259 hallar naziri K\u0259mal\u0259ddin Heyd\u0259rov bel\u0259 <a href=\"https:\/\/www.fhn.gov.az\/index.php?aze\/news\/xeber\/2022\/9\/2\/45306\" target=\"_blank\" rel=\"noreferrer noopener\">deyib<\/a>.<\/p>\n\n\n\n<p>Bildirib ki, me\u015f\u0259 yan\u011f\u0131nlar\u0131n\u0131n qar\u015f\u0131s\u0131n\u0131n vaxt\u0131nda al\u0131nmas\u0131 \u00fc\u00e7\u00fcn b\u00fct\u00fcn aidiyy\u0259ti qurumlar\u0131n \u0259laq\u0259li f\u0259aliyy\u0259ti \u00f6n\u0259mlidir.<\/p>\n\n\n\n<p>\u201cEcofront\u201d s\u0259hif\u0259si yaz\u0131r ki, onlarda olan m\u0259lumata g\u00f6r\u0259, Zaqatalada yan\u011f\u0131n\u0131n s\u00f6nd\u00fcr\u00fclm\u0259si prosesind\u0259 FHN i\u015fini d\u00fczg\u00fcn t\u0259\u015fkil ed\u0259 bilm\u0259yib.<\/p>\n\n\n\n<p>M\u0259s\u0259l\u0259n, me\u015f\u0259d\u0259 yan\u011f\u0131n g\u00fcnorta saatlar\u0131nda (t\u0259xmin\u0259n 1-d\u0259) ki\u00e7ik bir \u0259razid\u0259 ba\u015flasa da, helikopter \u0259raziy\u0259 ax\u015fam\u00e7a\u011f\u0131 6 rad\u0259l\u0259rind\u0259 g\u0259lib, y\u0259ni 4- 5 saat m\u00fcdd\u0259tind\u0259 yan\u011f\u0131n n\u0259zar\u0259tsiz burax\u0131l\u0131b: <\/p>\n\n\n\n<p>\u201cBundan \u0259lav\u0259, yan\u011f\u0131n\u0131n s\u00f6nd\u00fcr\u00fcld\u00fcy\u00fc n\u00f6qt\u0259l\u0259r n\u0259zar\u0259tsiz qal\u0131b. FHN yan\u011f\u0131n\u0131n ilk g\u00fcn\u00fc ax\u015famt\u0259r\u0259fi yan\u011f\u0131n\u0131 s\u00f6nd\u00fcrd\u00fcy\u00fcn\u0259 \u0259min olub v\u0259 \u0259razini n\u0259zar\u0259td\u0259n burax\u0131b. Q\u0131sa m\u00fcdd\u0259td\u0259n sonra m\u00fc\u0259yy\u0259n s\u0259b\u0259bl\u0259r\u0259 g\u00f6r\u0259 me\u015f\u0259 yenid\u0259n alovlan\u0131b\u201d.<\/p>\n\n\n\n<p>\u201cEcofront\u201d hesab edir ki, \u0259raziy\u0259 c\u0259lb edil\u0259n helikopter say\u0131 da azd\u0131r: <\/p>\n\n\n\n<p>\u201cAmfibiya t\u0259yyar\u0259si is\u0259 \u00fcmumiyy\u0259tl\u0259, yoxdur. Yan\u011f\u0131n\u0131 maksimum tez s\u00f6nd\u00fcrm\u0259k laz\u0131md\u0131r. H\u0259r an k\u00fcl\u0259k arta v\u0259 yan\u011f\u0131n daha \u00e7ox \u0259raziy\u0259 yay\u0131la bil\u0259r. Bununla da daha \u00e7ox fiziki q\u00fcvv\u0259 v\u0259 daha \u00e7ox maliyy\u0259 t\u0259l\u0259b olunar. Sonda da olan me\u015f\u0259l\u0259rimiz\u0259 olar, sad\u0259 k\u0259ndli v\u0259 yan\u011f\u0131ns\u00f6nd\u00fcr\u0259n \u0259ziyy\u0259t \u00e7\u0259k\u0259r\u201d.<\/p>\n\n\n\n<p>\u018frazid\u0259 olan FHN \u0259m\u0259kda\u015flar\u0131 a\u00e7\u0131qlama verm\u0259k ist\u0259mir.<\/p>\n\n\n\n<p>Onlar yan\u011f\u0131n\u0131n n\u0259 s\u0259b\u0259bd\u0259n ba\u015f verdiyi, s\u00f6nd\u00fcrm\u0259 \u0259m\u0259liyyatlar\u0131n\u0131n nec\u0259 getdiyi v\u0259 haz\u0131rda v\u0259ziyy\u0259tin hans\u0131 h\u0259dd\u0259 oldu\u011fu bar\u0259d\u0259 m\u0259lumat verm\u0259kd\u0259n yay\u0131n\u0131r. Bildirirl\u0259r ki, nazirlik yaln\u0131z hakimiyy\u0259t\u0259 ba\u011fl\u0131 telekanallara a\u00e7\u0131qlama verm\u0259y\u0259 icaz\u0259 verir. <\/p>\n\n\n\n<p>Zaqatalada me\u015f\u0259 yan\u011f\u0131nlar\u0131 il\u0259 ba\u011fl\u0131 ilkin m\u0259lumat avqustun 30-da g\u00fcnorta saatlar\u0131nda yay\u0131l\u0131b. Art\u0131q 4-c\u00fc g\u00fcnd\u00fcr ki, yan\u011f\u0131n tam s\u00f6nd\u00fcr\u00fclm\u00fcr.<\/p>\n\n\n\n<p>FHN-in yayd\u0131\u011f\u0131 ilkin m\u0259lumatda qeyd edilirdi ki, havan\u0131n isti v\u0259 k\u00fcl\u0259kli olmas\u0131, relyefin m\u00fcr\u0259kk\u0259bliyi yan\u011f\u0131n\u0131n s\u00f6nd\u00fcr\u00fclm\u0259sini <a href=\"https:\/\/www.meydan.tv\/az\/article\/zaqatalada-da-meseler-yanir\/\" target=\"_blank\" rel=\"noreferrer noopener\">\u00e7\u0259tinl\u0259\u015fdirir<\/a>.<\/p>\n\n\n\n<p>Avqustun 15-d\u0259 \u015eabran\u0131n X\u0259lf\u0259l\u0259r k\u0259ndinin \u0259kin sah\u0259sind\u0259 d\u0259 yan\u011f\u0131n ba\u015flam\u0131\u015fd\u0131.<\/p>\n\n\n\n<p>Tezlikl\u0259 \u0259hat\u0259si geni\u015fl\u0259n\u0259n yan\u011f\u0131b s\u00fcr\u0259tl\u0259 rayonun Da\u011fbilici, Mumlu, Z\u00f6hraml\u0131 k\u0259ndl\u0259rin\u0259 yay\u0131lm\u0131\u015fd\u0131.<\/p>\n\n\n\n<p>N\u0259tic\u0259d\u0259 10-dan \u00e7ox t\u0259s\u0259rr\u00fcfata z\u0259r\u0259r d\u0259ymi\u015fdi, bir ne\u00e7\u0259 ev tamamil\u0259 yan\u0131b k\u00fcl\u0259 d\u00f6nm\u00fc\u015fd\u00fc v\u0259 heyvanlar \u00f6lm\u00fc\u015fd\u00fc.<\/p>\n\n\n\n<p>FHN-in <a href=\"https:\/\/www.meydan.tv\/az\/article\/fhn-siyezen-ve-sabranda-yanginlar-sondurulub\/\" target=\"_blank\" rel=\"noreferrer noopener\">a\u00e7\u0131qlamas\u0131na<\/a> g\u00f6r\u0259, yan\u011f\u0131nlar n\u0259tic\u0259sind\u0259 \u015eabranda t\u0259xmin\u0259n 40 hektar me\u015f\u0259 v\u0259 me\u015f\u0259\u0259traf\u0131 sah\u0259 yan\u0131b.<\/p>\n\n\n\n<p>Eyni zamanda, \u00f6t\u0259n ay Quba \u0259razisind\u0259 d\u0259 me\u015f\u0259lik b\u00f6lg\u0259l\u0259rd\u0259 yan\u011f\u0131n qeyd\u0259 al\u0131nm\u0131\u015fd\u0131.<\/p>\n\n\n\n<p>G\u00fcnl\u0259rl\u0259 \u00e7\u0259k\u0259n s\u00f6nd\u00fcrm\u0259 \u0259m\u0259liyyatlar\u0131ndan sonra \u00e7\u0259tinlikl\u0259 qar\u015f\u0131s\u0131 al\u0131nm\u0131\u015fd\u0131.<\/p>\n","protected":false},"excerpt":{"rendered":"<p>&#8220;Amfibiya t\u0259yyar\u0259si yan\u011f\u0131n\u0131n s\u00f6nd\u00fcr\u00fclm\u0259sin\u0259 c\u0259lb edilm\u0259yib&#8221; Zaqatalada me\u015f\u0259 yan\u011f\u0131nlar\u0131 davam &#8230; <\/p>\n<p class=\"read-more-container\"><a title=\"Zaqatalada yan\u011f\u0131nlar davam edir: c\u0259mi 1 helikopter var\" class=\"read-more button\" href=\"https:\/\/www.meydan.tv\/az\/article\/zaqatalada-yanginlar-davam-edir-cemi-1-helikopter-var\/#more-254743\" aria-label=\"Read more about Zaqatalada yan\u011f\u0131nlar davam edir: c\u0259mi 1 helikopter var\">Davam\u0131<\/a><\/p>\n","protected":false},"author":8,"featured_media":254685,"comment_status":"closed","ping_status":"closed","sticky":false,"template":"","format":"standard","meta":{"_acf_changed":false,"_sitemap_exclude":false,"_sitemap_priority":"","_sitemap_frequency":"","footnotes":""},"categories":[60,79,56],"tags":[],"class_list":["post-254743","post","type-post","status-publish","format-standard","has-post-thumbnail","hentry","category-bolge","category-featured","category-xeberler","infinite-scroll-item","generate-columns","tablet-grid-50","mobile-grid-100","grid-parent","grid-33","no-featured-image-padding"],"acf":[],"yoast_head":"<!-- This site is optimized with the Yoast SEO plugin v27.5 - https:\/\/yoast.com\/product\/yoast-seo-wordpress\/ -->\n<title>Zaqatalada yan\u011f\u0131nlar davam edir: c\u0259mi 1 helikopter var - MEYDAN.TV<\/title>\n<meta name=\"robots\" content=\"index, follow, max-snippet:-1, max-image-preview:large, max-video-preview:-1\" \/>\n<link rel=\"canonical\" href=\"https:\/\/www.meydan.tv\/az\/article\/zaqatalada-yanginlar-davam-edir-cemi-1-helikopter-var\/\" \/>\n<meta property=\"og:locale\" content=\"az_AZ\" \/>\n<meta property=\"og:type\" content=\"article\" \/>\n<meta property=\"og:title\" content=\"Zaqatalada yan\u011f\u0131nlar davam edir: c\u0259mi 1 helikopter var - MEYDAN.TV\" \/>\n<meta property=\"og:description\" content=\"&#8220;Amfibiya t\u0259yyar\u0259si yan\u011f\u0131n\u0131n s\u00f6nd\u00fcr\u00fclm\u0259sin\u0259 c\u0259lb edilm\u0259yib&#8221; Zaqatalada me\u015f\u0259 yan\u011f\u0131nlar\u0131 davam ... Davam\u0131\" \/>\n<meta property=\"og:url\" content=\"https:\/\/www.meydan.tv\/az\/article\/zaqatalada-yanginlar-davam-edir-cemi-1-helikopter-var\/\" \/>\n<meta property=\"og:site_name\" content=\"MEYDAN.TV\" \/>\n<meta property=\"article:published_time\" content=\"2022-09-02T10:56:49+00:00\" \/>\n<meta property=\"article:modified_time\" content=\"2022-09-02T10:56:51+00:00\" \/>\n<meta property=\"og:image\" content=\"https:\/\/www.meydan.tv\/wp-content\/uploads\/304805724_5377466015635553_8356448740476909967_n.jpg\" \/>\n\t<meta property=\"og:image:width\" content=\"1200\" \/>\n\t<meta property=\"og:image:height\" content=\"770\" \/>\n\t<meta property=\"og:image:type\" content=\"image\/jpeg\" \/>\n<meta name=\"author\" content=\"elli\" \/>\n<meta name=\"twitter:card\" content=\"summary_large_image\" \/>\n<meta name=\"twitter:creator\" content=\"@elli\" \/>\n<script type=\"application\/ld+json\" class=\"yoast-schema-graph\">{\"@context\":\"https:\\\/\\\/schema.org\",\"@graph\":[{\"@type\":\"Article\",\"@id\":\"https:\\\/\\\/www.meydan.tv\\\/az\\\/article\\\/zaqatalada-yanginlar-davam-edir-cemi-1-helikopter-var\\\/#article\",\"isPartOf\":{\"@id\":\"https:\\\/\\\/www.meydan.tv\\\/az\\\/article\\\/zaqatalada-yanginlar-davam-edir-cemi-1-helikopter-var\\\/\"},\"author\":{\"name\":\"elli\",\"@id\":\"https:\\\/\\\/www.meydan.tv\\\/az\\\/#\\\/schema\\\/person\\\/9cdbecf90d17180ce1dfbd95b08dcf47\"},\"headline\":\"Zaqatalada yan\u011f\u0131nlar davam edir: c\u0259mi 1 helikopter var\",\"datePublished\":\"2022-09-02T10:56:49+00:00\",\"dateModified\":\"2022-09-02T10:56:51+00:00\",\"mainEntityOfPage\":{\"@id\":\"https:\\\/\\\/www.meydan.tv\\\/az\\\/article\\\/zaqatalada-yanginlar-davam-edir-cemi-1-helikopter-var\\\/\"},\"wordCount\":798,\"publisher\":{\"@id\":\"https:\\\/\\\/www.meydan.tv\\\/az\\\/#organization\"},\"image\":{\"@id\":\"https:\\\/\\\/www.meydan.tv\\\/az\\\/article\\\/zaqatalada-yanginlar-davam-edir-cemi-1-helikopter-var\\\/#primaryimage\"},\"thumbnailUrl\":\"https:\\\/\\\/www.meydan.tv\\\/wp-content\\\/uploads\\\/304805724_5377466015635553_8356448740476909967_n.jpg\",\"articleSection\":[\"B\u00f6lg\u0259\",\"T\u00f6vsiy\u0259\",\"X\u0259b\u0259rl\u0259r\"],\"inLanguage\":\"az\"},{\"@type\":\"WebPage\",\"@id\":\"https:\\\/\\\/www.meydan.tv\\\/az\\\/article\\\/zaqatalada-yanginlar-davam-edir-cemi-1-helikopter-var\\\/\",\"url\":\"https:\\\/\\\/www.meydan.tv\\\/az\\\/article\\\/zaqatalada-yanginlar-davam-edir-cemi-1-helikopter-var\\\/\",\"name\":\"Zaqatalada yan\u011f\u0131nlar davam edir: c\u0259mi 1 helikopter var - MEYDAN.TV\",\"isPartOf\":{\"@id\":\"https:\\\/\\\/www.meydan.tv\\\/az\\\/#website\"},\"primaryImageOfPage\":{\"@id\":\"https:\\\/\\\/www.meydan.tv\\\/az\\\/article\\\/zaqatalada-yanginlar-davam-edir-cemi-1-helikopter-var\\\/#primaryimage\"},\"image\":{\"@id\":\"https:\\\/\\\/www.meydan.tv\\\/az\\\/article\\\/zaqatalada-yanginlar-davam-edir-cemi-1-helikopter-var\\\/#primaryimage\"},\"thumbnailUrl\":\"https:\\\/\\\/www.meydan.tv\\\/wp-content\\\/uploads\\\/304805724_5377466015635553_8356448740476909967_n.jpg\",\"datePublished\":\"2022-09-02T10:56:49+00:00\",\"dateModified\":\"2022-09-02T10:56:51+00:00\",\"breadcrumb\":{\"@id\":\"https:\\\/\\\/www.meydan.tv\\\/az\\\/article\\\/zaqatalada-yanginlar-davam-edir-cemi-1-helikopter-var\\\/#breadcrumb\"},\"inLanguage\":\"az\",\"potentialAction\":[{\"@type\":\"ReadAction\",\"target\":[\"https:\\\/\\\/www.meydan.tv\\\/az\\\/article\\\/zaqatalada-yanginlar-davam-edir-cemi-1-helikopter-var\\\/\"]}]},{\"@type\":\"ImageObject\",\"inLanguage\":\"az\",\"@id\":\"https:\\\/\\\/www.meydan.tv\\\/az\\\/article\\\/zaqatalada-yanginlar-davam-edir-cemi-1-helikopter-var\\\/#primaryimage\",\"url\":\"https:\\\/\\\/www.meydan.tv\\\/wp-content\\\/uploads\\\/304805724_5377466015635553_8356448740476909967_n.jpg\",\"contentUrl\":\"https:\\\/\\\/www.meydan.tv\\\/wp-content\\\/uploads\\\/304805724_5377466015635553_8356448740476909967_n.jpg\",\"width\":1200,\"height\":770,\"caption\":\"M\u0259nb\u0259: \\\"Facebook\\\"\"},{\"@type\":\"BreadcrumbList\",\"@id\":\"https:\\\/\\\/www.meydan.tv\\\/az\\\/article\\\/zaqatalada-yanginlar-davam-edir-cemi-1-helikopter-var\\\/#breadcrumb\",\"itemListElement\":[{\"@type\":\"ListItem\",\"position\":1,\"name\":\"Ana s\u0259hif\u0259\",\"item\":\"https:\\\/\\\/www.meydan.tv\\\/az\\\/\"},{\"@type\":\"ListItem\",\"position\":2,\"name\":\"B\u00f6lg\u0259\",\"item\":\"https:\\\/\\\/www.meydan.tv\\\/az\\\/section\\\/bolge\\\/\"},{\"@type\":\"ListItem\",\"position\":3,\"name\":\"Zaqatalada yan\u011f\u0131nlar davam edir: c\u0259mi 1 helikopter var\"}]},{\"@type\":\"WebSite\",\"@id\":\"https:\\\/\\\/www.meydan.tv\\\/az\\\/#website\",\"url\":\"https:\\\/\\\/www.meydan.tv\\\/az\\\/\",\"name\":\"MEYDAN.TV\",\"description\":\"Meydan TV Az\u0259rbaycan\u0131n media m\u0259kan\u0131ndak\u0131 alternativ s\u0259sidir\",\"publisher\":{\"@id\":\"https:\\\/\\\/www.meydan.tv\\\/az\\\/#organization\"},\"potentialAction\":[{\"@type\":\"SearchAction\",\"target\":{\"@type\":\"EntryPoint\",\"urlTemplate\":\"https:\\\/\\\/www.meydan.tv\\\/az\\\/?s={search_term_string}\"},\"query-input\":{\"@type\":\"PropertyValueSpecification\",\"valueRequired\":true,\"valueName\":\"search_term_string\"}}],\"inLanguage\":\"az\"},{\"@type\":\"Organization\",\"@id\":\"https:\\\/\\\/www.meydan.tv\\\/az\\\/#organization\",\"name\":\"Meydan TV\",\"url\":\"https:\\\/\\\/www.meydan.tv\\\/az\\\/\",\"logo\":{\"@type\":\"ImageObject\",\"inLanguage\":\"az\",\"@id\":\"https:\\\/\\\/www.meydan.tv\\\/az\\\/#\\\/schema\\\/logo\\\/image\\\/\",\"url\":\"https:\\\/\\\/www.meydan.tv\\\/wp-content\\\/uploads\\\/2021\\\/07\\\/meydan-logo.svg\",\"contentUrl\":\"https:\\\/\\\/www.meydan.tv\\\/wp-content\\\/uploads\\\/2021\\\/07\\\/meydan-logo.svg\",\"width\":195,\"height\":46,\"caption\":\"Meydan TV\"},\"image\":{\"@id\":\"https:\\\/\\\/www.meydan.tv\\\/az\\\/#\\\/schema\\\/logo\\\/image\\\/\"}},{\"@type\":\"Person\",\"@id\":\"https:\\\/\\\/www.meydan.tv\\\/az\\\/#\\\/schema\\\/person\\\/9cdbecf90d17180ce1dfbd95b08dcf47\",\"name\":\"elli\",\"sameAs\":[\"https:\\\/\\\/x.com\\\/elli\"]}]}<\/script>\n<!-- \/ Yoast SEO plugin. -->","yoast_head_json":{"title":"Zaqatalada yan\u011f\u0131nlar davam edir: c\u0259mi 1 helikopter var - MEYDAN.TV","robots":{"index":"index","follow":"follow","max-snippet":"max-snippet:-1","max-image-preview":"max-image-preview:large","max-video-preview":"max-video-preview:-1"},"canonical":"https:\/\/www.meydan.tv\/az\/article\/zaqatalada-yanginlar-davam-edir-cemi-1-helikopter-var\/","og_locale":"az_AZ","og_type":"article","og_title":"Zaqatalada yan\u011f\u0131nlar davam edir: c\u0259mi 1 helikopter var - MEYDAN.TV","og_description":"&#8220;Amfibiya t\u0259yyar\u0259si yan\u011f\u0131n\u0131n s\u00f6nd\u00fcr\u00fclm\u0259sin\u0259 c\u0259lb edilm\u0259yib&#8221; Zaqatalada me\u015f\u0259 yan\u011f\u0131nlar\u0131 davam ... Davam\u0131","og_url":"https:\/\/www.meydan.tv\/az\/article\/zaqatalada-yanginlar-davam-edir-cemi-1-helikopter-var\/","og_site_name":"MEYDAN.TV","article_published_time":"2022-09-02T10:56:49+00:00","article_modified_time":"2022-09-02T10:56:51+00:00","og_image":[{"width":1200,"height":770,"url":"https:\/\/www.meydan.tv\/wp-content\/uploads\/304805724_5377466015635553_8356448740476909967_n.jpg","type":"image\/jpeg"}],"author":"elli","twitter_card":"summary_large_image","twitter_creator":"@elli","schema":{"@context":"https:\/\/schema.org","@graph":[{"@type":"Article","@id":"https:\/\/www.meydan.tv\/az\/article\/zaqatalada-yanginlar-davam-edir-cemi-1-helikopter-var\/#article","isPartOf":{"@id":"https:\/\/www.meydan.tv\/az\/article\/zaqatalada-yanginlar-davam-edir-cemi-1-helikopter-var\/"},"author":{"name":"elli","@id":"https:\/\/www.meydan.tv\/az\/#\/schema\/person\/9cdbecf90d17180ce1dfbd95b08dcf47"},"headline":"Zaqatalada yan\u011f\u0131nlar davam edir: c\u0259mi 1 helikopter var","datePublished":"2022-09-02T10:56:49+00:00","dateModified":"2022-09-02T10:56:51+00:00","mainEntityOfPage":{"@id":"https:\/\/www.meydan.tv\/az\/article\/zaqatalada-yanginlar-davam-edir-cemi-1-helikopter-var\/"},"wordCount":798,"publisher":{"@id":"https:\/\/www.meydan.tv\/az\/#organization"},"image":{"@id":"https:\/\/www.meydan.tv\/az\/article\/zaqatalada-yanginlar-davam-edir-cemi-1-helikopter-var\/#primaryimage"},"thumbnailUrl":"https:\/\/www.meydan.tv\/wp-content\/uploads\/304805724_5377466015635553_8356448740476909967_n.jpg","articleSection":["B\u00f6lg\u0259","T\u00f6vsiy\u0259","X\u0259b\u0259rl\u0259r"],"inLanguage":"az"},{"@type":"WebPage","@id":"https:\/\/www.meydan.tv\/az\/article\/zaqatalada-yanginlar-davam-edir-cemi-1-helikopter-var\/","url":"https:\/\/www.meydan.tv\/az\/article\/zaqatalada-yanginlar-davam-edir-cemi-1-helikopter-var\/","name":"Zaqatalada yan\u011f\u0131nlar davam edir: c\u0259mi 1 helikopter var - MEYDAN.TV","isPartOf":{"@id":"https:\/\/www.meydan.tv\/az\/#website"},"primaryImageOfPage":{"@id":"https:\/\/www.meydan.tv\/az\/article\/zaqatalada-yanginlar-davam-edir-cemi-1-helikopter-var\/#primaryimage"},"image":{"@id":"https:\/\/www.meydan.tv\/az\/article\/zaqatalada-yanginlar-davam-edir-cemi-1-helikopter-var\/#primaryimage"},"thumbnailUrl":"https:\/\/www.meydan.tv\/wp-content\/uploads\/304805724_5377466015635553_8356448740476909967_n.jpg","datePublished":"2022-09-02T10:56:49+00:00","dateModified":"2022-09-02T10:56:51+00:00","breadcrumb":{"@id":"https:\/\/www.meydan.tv\/az\/article\/zaqatalada-yanginlar-davam-edir-cemi-1-helikopter-var\/#breadcrumb"},"inLanguage":"az","potentialAction":[{"@type":"ReadAction","target":["https:\/\/www.meydan.tv\/az\/article\/zaqatalada-yanginlar-davam-edir-cemi-1-helikopter-var\/"]}]},{"@type":"ImageObject","inLanguage":"az","@id":"https:\/\/www.meydan.tv\/az\/article\/zaqatalada-yanginlar-davam-edir-cemi-1-helikopter-var\/#primaryimage","url":"https:\/\/www.meydan.tv\/wp-content\/uploads\/304805724_5377466015635553_8356448740476909967_n.jpg","contentUrl":"https:\/\/www.meydan.tv\/wp-content\/uploads\/304805724_5377466015635553_8356448740476909967_n.jpg","width":1200,"height":770,"caption":"M\u0259nb\u0259: \"Facebook\""},{"@type":"BreadcrumbList","@id":"https:\/\/www.meydan.tv\/az\/article\/zaqatalada-yanginlar-davam-edir-cemi-1-helikopter-var\/#breadcrumb","itemListElement":[{"@type":"ListItem","position":1,"name":"Ana s\u0259hif\u0259","item":"https:\/\/www.meydan.tv\/az\/"},{"@type":"ListItem","position":2,"name":"B\u00f6lg\u0259","item":"https:\/\/www.meydan.tv\/az\/section\/bolge\/"},{"@type":"ListItem","position":3,"name":"Zaqatalada yan\u011f\u0131nlar davam edir: c\u0259mi 1 helikopter var"}]},{"@type":"WebSite","@id":"https:\/\/www.meydan.tv\/az\/#website","url":"https:\/\/www.meydan.tv\/az\/","name":"MEYDAN.TV","description":"Meydan TV Az\u0259rbaycan\u0131n media m\u0259kan\u0131ndak\u0131 alternativ s\u0259sidir","publisher":{"@id":"https:\/\/www.meydan.tv\/az\/#organization"},"potentialAction":[{"@type":"SearchAction","target":{"@type":"EntryPoint","urlTemplate":"https:\/\/www.meydan.tv\/az\/?s={search_term_string}"},"query-input":{"@type":"PropertyValueSpecification","valueRequired":true,"valueName":"search_term_string"}}],"inLanguage":"az"},{"@type":"Organization","@id":"https:\/\/www.meydan.tv\/az\/#organization","name":"Meydan TV","url":"https:\/\/www.meydan.tv\/az\/","logo":{"@type":"ImageObject","inLanguage":"az","@id":"https:\/\/www.meydan.tv\/az\/#\/schema\/logo\/image\/","url":"https:\/\/www.meydan.tv\/wp-content\/uploads\/2021\/07\/meydan-logo.svg","contentUrl":"https:\/\/www.meydan.tv\/wp-content\/uploads\/2021\/07\/meydan-logo.svg","width":195,"height":46,"caption":"Meydan TV"},"image":{"@id":"https:\/\/www.meydan.tv\/az\/#\/schema\/logo\/image\/"}},{"@type":"Person","@id":"https:\/\/www.meydan.tv\/az\/#\/schema\/person\/9cdbecf90d17180ce1dfbd95b08dcf47","name":"elli","sameAs":["https:\/\/x.com\/elli"]}]}},"_links":{"self":[{"href":"https:\/\/www.meydan.tv\/az\/wp-json\/wp\/v2\/posts\/254743","targetHints":{"allow":["GET"]}}],"collection":[{"href":"https:\/\/www.meydan.tv\/az\/wp-json\/wp\/v2\/posts"}],"about":[{"href":"https:\/\/www.meydan.tv\/az\/wp-json\/wp\/v2\/types\/post"}],"author":[{"embeddable":true,"href":"https:\/\/www.meydan.tv\/az\/wp-json\/wp\/v2\/users\/8"}],"replies":[{"embeddable":true,"href":"https:\/\/www.meydan.tv\/az\/wp-json\/wp\/v2\/comments?post=254743"}],"version-history":[{"count":2,"href":"https:\/\/www.meydan.tv\/az\/wp-json\/wp\/v2\/posts\/254743\/revisions"}],"predecessor-version":[{"id":254746,"href":"https:\/\/www.meydan.tv\/az\/wp-json\/wp\/v2\/posts\/254743\/revisions\/254746"}],"wp:featuredmedia":[{"embeddable":true,"href":"https:\/\/www.meydan.tv\/az\/wp-json\/wp\/v2\/media\/254685"}],"wp:attachment":[{"href":"https:\/\/www.meydan.tv\/az\/wp-json\/wp\/v2\/media?parent=254743"}],"wp:term":[{"taxonomy":"category","embeddable":true,"href":"https:\/\/www.meydan.tv\/az\/wp-json\/wp\/v2\/categories?post=254743"},{"taxonomy":"post_tag","embeddable":true,"href":"https:\/\/www.meydan.tv\/az\/wp-json\/wp\/v2\/tags?post=254743"}],"curies":[{"name":"wp","href":"https:\/\/api.w.org\/{rel}","templated":true}]}}