{"id":254727,"date":"2022-09-02T13:19:14","date_gmt":"2022-09-02T09:19:14","guid":{"rendered":"https:\/\/www.meydan.tv\/?p=254727"},"modified":"2022-09-02T13:23:17","modified_gmt":"2022-09-02T09:23:17","slug":"parkinsonla-mubarize-aparan-rejissor-yaradiciligina-fasile-verecek","status":"publish","type":"post","link":"https:\/\/www.meydan.tv\/az\/article\/parkinsonla-mubarize-aparan-rejissor-yaradiciligina-fasile-verecek\/","title":{"rendered":"Parkinsonla m\u00fcbariz\u0259 aparan rejissor yarad\u0131c\u0131l\u0131\u011f\u0131na fasil\u0259 ver\u0259c\u0259k"},"content":{"rendered":"\n<p><\/p>\n\n\n\n<p><em>&#8220;\u00dcmid edir\u0259m ki, v\u0259ziyy\u0259tim yax\u015f\u0131la\u015facaq, amma x\u0259st\u0259likd\u0259n qurtulmaq m\u00fcmk\u00fcn deyil&#8221;<\/em><\/p>\n\n\n\n<p>Danimarkal\u0131 rejissor v\u0259 ssenarist Lars fon Trier Venesiya Film Festival\u0131 \u00e7\u0259r\u00e7iv\u0259sind\u0259 ke\u00e7iril\u0259n m\u0259tbuat konfrans\u0131nda parkinson x\u0259st\u0259liyi il\u0259 m\u00fcbariz\u0259sind\u0259n <a href=\"https:\/\/variety.com\/2022\/tv\/global\/lars-von-trier-parkinsons-disease-the-kingdom-exodus-1235356789\/\" target=\"_blank\" rel=\"noreferrer noopener\">dan\u0131\u015f\u0131b.<\/a><\/p>\n\n\n\n<p>Rejissor etiraf edib ki, parkinson diaqnozu ona d\u00f6rd ay \u00f6nc\u0259 qoyulsa da, bu x\u0259st\u0259likl\u0259 ill\u0259rl\u0259 ya\u015fay\u0131b.<\/p>\n\n\n\n<p>Kinematoqraf s\u00f6hb\u0259ti zaman\u0131 yarad\u0131c\u0131l\u0131\u011f\u0131na fasil\u0259 ver\u0259c\u0259yini deyib.<\/p>\n\n\n\n<p>\u201cBundan sonra n\u0259 ed\u0259c\u0259yimi anlamaq \u00fc\u00e7\u00fcn q\u0131sa fasil\u0259 ver\u0259c\u0259y\u0259m. \u00dcmid edir\u0259m ki, v\u0259ziyy\u0259tim yax\u015f\u0131la\u015facaq. Bu x\u0259st\u0259likd\u0259n qurtulmaq m\u00fcmk\u00fcn deyil, lakin simptomlar\u0131n qar\u015f\u0131s\u0131n\u0131 alma\u011fa \u00e7al\u0131\u015faca\u011f\u0131q\u201d, &#8211; rejissor bildirib.<\/p>\n\n\n\n<p>Parkinson x\u0259st\u0259liyi neyroendogen x\u0259st\u0259likl\u0259r qrupuna daxildir.<\/p>\n\n\n\n<p>X\u0259st\u0259lik insan beynind\u0259 dopamin neyronlar\u0131n\u0131n da\u011f\u0131l\u0131b m\u0259hv olmas\u0131 il\u0259 inki\u015faf edir.<\/p>\n\n\n\n<p>X\u0259st\u0259lik zaman\u0131 m\u00fcvazin\u0259tin koordinasiya edilm\u0259sind\u0259 \u00e7\u0259tinlik yarand\u0131\u011f\u0131 \u00fc\u00e7\u00fcn \u0259l, qol, ayaqlar v\u0259 \u00e7\u0259n\u0259 \u0259sm\u0259y\u0259 ba\u015flay\u0131r.<\/p>\n\n\n\n<p>Rejissor deyib ki, \u0259ll\u0259rinin, \u00e7\u0259n\u0259sinin \u0259sm\u0259sin\u0259 al\u0131\u015fmal\u0131 v\u0259 buna g\u00f6r\u0259 insanlar qar\u015f\u0131s\u0131nda utanmama\u011f\u0131 \u00f6yr\u0259nm\u0259lidir.<\/p>\n\n\n\n<p>Lars fon Trierin Parkinson x\u0259st\u0259liyin\u0259 tutulmas\u0131 fakt\u0131 2022-ci il avqustun \u0259vv\u0259lind\u0259 m\u0259lum olub.<\/p>\n\n\n\n<p>Onun v\u0259ziyy\u0259tinin yax\u015f\u0131 oldu\u011fu, simptomlara g\u00f6r\u0259 m\u00fcalic\u0259 ald\u0131\u011f\u0131 <a href=\"https:\/\/d9mc3ts4czbpr.cloudfront.net\/az\/article\/parkinsondan-eziyyet-ceken-rejissor-the-kingdom-serialinin-novbeti-hissesinin-cekilislerine-baslayib\/\">bildirilib.<\/a><\/p>\n","protected":false},"excerpt":{"rendered":"<p>&#8220;\u00dcmid edir\u0259m ki, v\u0259ziyy\u0259tim yax\u015f\u0131la\u015facaq, amma x\u0259st\u0259likd\u0259n qurtulmaq m\u00fcmk\u00fcn deyil&#8221; &#8230; <\/p>\n<p class=\"read-more-container\"><a title=\"Parkinsonla m\u00fcbariz\u0259 aparan rejissor yarad\u0131c\u0131l\u0131\u011f\u0131na fasil\u0259 ver\u0259c\u0259k\" class=\"read-more button\" href=\"https:\/\/www.meydan.tv\/az\/article\/parkinsonla-mubarize-aparan-rejissor-yaradiciligina-fasile-verecek\/#more-254727\" aria-label=\"Read more about Parkinsonla m\u00fcbariz\u0259 aparan rejissor yarad\u0131c\u0131l\u0131\u011f\u0131na fasil\u0259 ver\u0259c\u0259k\">Davam\u0131<\/a><\/p>\n","protected":false},"author":8,"featured_media":252818,"comment_status":"closed","ping_status":"closed","sticky":false,"template":"","format":"standard","meta":{"_acf_changed":false,"_sitemap_exclude":false,"_sitemap_priority":"","_sitemap_frequency":"","footnotes":""},"categories":[52,56],"tags":[],"class_list":["post-254727","post","type-post","status-publish","format-standard","has-post-thumbnail","hentry","category-medeniyyet","category-xeberler","infinite-scroll-item","generate-columns","tablet-grid-50","mobile-grid-100","grid-parent","grid-33","no-featured-image-padding"],"acf":[],"yoast_head":"<!-- This site is optimized with the Yoast SEO plugin v27.5 - https:\/\/yoast.com\/product\/yoast-seo-wordpress\/ -->\n<title>Parkinsonla m\u00fcbariz\u0259 aparan rejissor yarad\u0131c\u0131l\u0131\u011f\u0131na fasil\u0259 ver\u0259c\u0259k - MEYDAN.TV<\/title>\n<meta name=\"robots\" content=\"index, follow, max-snippet:-1, max-image-preview:large, max-video-preview:-1\" \/>\n<link rel=\"canonical\" href=\"https:\/\/www.meydan.tv\/az\/article\/parkinsonla-mubarize-aparan-rejissor-yaradiciligina-fasile-verecek\/\" \/>\n<meta property=\"og:locale\" content=\"az_AZ\" \/>\n<meta property=\"og:type\" content=\"article\" \/>\n<meta property=\"og:title\" content=\"Parkinsonla m\u00fcbariz\u0259 aparan rejissor yarad\u0131c\u0131l\u0131\u011f\u0131na fasil\u0259 ver\u0259c\u0259k - MEYDAN.TV\" \/>\n<meta property=\"og:description\" content=\"&#8220;\u00dcmid edir\u0259m ki, v\u0259ziyy\u0259tim yax\u015f\u0131la\u015facaq, amma x\u0259st\u0259likd\u0259n qurtulmaq m\u00fcmk\u00fcn deyil&#8221; ... Davam\u0131\" \/>\n<meta property=\"og:url\" content=\"https:\/\/www.meydan.tv\/az\/article\/parkinsonla-mubarize-aparan-rejissor-yaradiciligina-fasile-verecek\/\" \/>\n<meta property=\"og:site_name\" content=\"MEYDAN.TV\" \/>\n<meta property=\"article:published_time\" content=\"2022-09-02T09:19:14+00:00\" \/>\n<meta property=\"article:modified_time\" content=\"2022-09-02T09:23:17+00:00\" \/>\n<meta property=\"og:image\" content=\"https:\/\/www.meydan.tv\/wp-content\/uploads\/untitled-design-2-40-e1660034922729.jpg\" \/>\n\t<meta property=\"og:image:width\" content=\"1200\" \/>\n\t<meta property=\"og:image:height\" content=\"639\" \/>\n\t<meta property=\"og:image:type\" content=\"image\/jpeg\" \/>\n<meta name=\"author\" content=\"elli\" \/>\n<meta name=\"twitter:card\" content=\"summary_large_image\" \/>\n<meta name=\"twitter:creator\" content=\"@elli\" \/>\n<script type=\"application\/ld+json\" class=\"yoast-schema-graph\">{\"@context\":\"https:\\\/\\\/schema.org\",\"@graph\":[{\"@type\":\"Article\",\"@id\":\"https:\\\/\\\/www.meydan.tv\\\/az\\\/article\\\/parkinsonla-mubarize-aparan-rejissor-yaradiciligina-fasile-verecek\\\/#article\",\"isPartOf\":{\"@id\":\"https:\\\/\\\/www.meydan.tv\\\/az\\\/article\\\/parkinsonla-mubarize-aparan-rejissor-yaradiciligina-fasile-verecek\\\/\"},\"author\":{\"name\":\"elli\",\"@id\":\"https:\\\/\\\/www.meydan.tv\\\/az\\\/#\\\/schema\\\/person\\\/9cdbecf90d17180ce1dfbd95b08dcf47\"},\"headline\":\"Parkinsonla m\u00fcbariz\u0259 aparan rejissor yarad\u0131c\u0131l\u0131\u011f\u0131na fasil\u0259 ver\u0259c\u0259k\",\"datePublished\":\"2022-09-02T09:19:14+00:00\",\"dateModified\":\"2022-09-02T09:23:17+00:00\",\"mainEntityOfPage\":{\"@id\":\"https:\\\/\\\/www.meydan.tv\\\/az\\\/article\\\/parkinsonla-mubarize-aparan-rejissor-yaradiciligina-fasile-verecek\\\/\"},\"wordCount\":256,\"publisher\":{\"@id\":\"https:\\\/\\\/www.meydan.tv\\\/az\\\/#organization\"},\"image\":{\"@id\":\"https:\\\/\\\/www.meydan.tv\\\/az\\\/article\\\/parkinsonla-mubarize-aparan-rejissor-yaradiciligina-fasile-verecek\\\/#primaryimage\"},\"thumbnailUrl\":\"https:\\\/\\\/www.meydan.tv\\\/wp-content\\\/uploads\\\/untitled-design-2-40-e1660034922729.jpg\",\"articleSection\":[\"M\u0259d\u0259niyy\u0259t\",\"X\u0259b\u0259rl\u0259r\"],\"inLanguage\":\"az\"},{\"@type\":\"WebPage\",\"@id\":\"https:\\\/\\\/www.meydan.tv\\\/az\\\/article\\\/parkinsonla-mubarize-aparan-rejissor-yaradiciligina-fasile-verecek\\\/\",\"url\":\"https:\\\/\\\/www.meydan.tv\\\/az\\\/article\\\/parkinsonla-mubarize-aparan-rejissor-yaradiciligina-fasile-verecek\\\/\",\"name\":\"Parkinsonla m\u00fcbariz\u0259 aparan rejissor yarad\u0131c\u0131l\u0131\u011f\u0131na fasil\u0259 ver\u0259c\u0259k - MEYDAN.TV\",\"isPartOf\":{\"@id\":\"https:\\\/\\\/www.meydan.tv\\\/az\\\/#website\"},\"primaryImageOfPage\":{\"@id\":\"https:\\\/\\\/www.meydan.tv\\\/az\\\/article\\\/parkinsonla-mubarize-aparan-rejissor-yaradiciligina-fasile-verecek\\\/#primaryimage\"},\"image\":{\"@id\":\"https:\\\/\\\/www.meydan.tv\\\/az\\\/article\\\/parkinsonla-mubarize-aparan-rejissor-yaradiciligina-fasile-verecek\\\/#primaryimage\"},\"thumbnailUrl\":\"https:\\\/\\\/www.meydan.tv\\\/wp-content\\\/uploads\\\/untitled-design-2-40-e1660034922729.jpg\",\"datePublished\":\"2022-09-02T09:19:14+00:00\",\"dateModified\":\"2022-09-02T09:23:17+00:00\",\"breadcrumb\":{\"@id\":\"https:\\\/\\\/www.meydan.tv\\\/az\\\/article\\\/parkinsonla-mubarize-aparan-rejissor-yaradiciligina-fasile-verecek\\\/#breadcrumb\"},\"inLanguage\":\"az\",\"potentialAction\":[{\"@type\":\"ReadAction\",\"target\":[\"https:\\\/\\\/www.meydan.tv\\\/az\\\/article\\\/parkinsonla-mubarize-aparan-rejissor-yaradiciligina-fasile-verecek\\\/\"]}]},{\"@type\":\"ImageObject\",\"inLanguage\":\"az\",\"@id\":\"https:\\\/\\\/www.meydan.tv\\\/az\\\/article\\\/parkinsonla-mubarize-aparan-rejissor-yaradiciligina-fasile-verecek\\\/#primaryimage\",\"url\":\"https:\\\/\\\/www.meydan.tv\\\/wp-content\\\/uploads\\\/untitled-design-2-40-e1660034922729.jpg\",\"contentUrl\":\"https:\\\/\\\/www.meydan.tv\\\/wp-content\\\/uploads\\\/untitled-design-2-40-e1660034922729.jpg\",\"width\":1200,\"height\":639,\"caption\":\"Lars fon Trier. Foto: Imago stock&people \\\/ Global Look Press\"},{\"@type\":\"BreadcrumbList\",\"@id\":\"https:\\\/\\\/www.meydan.tv\\\/az\\\/article\\\/parkinsonla-mubarize-aparan-rejissor-yaradiciligina-fasile-verecek\\\/#breadcrumb\",\"itemListElement\":[{\"@type\":\"ListItem\",\"position\":1,\"name\":\"Ana s\u0259hif\u0259\",\"item\":\"https:\\\/\\\/www.meydan.tv\\\/az\\\/\"},{\"@type\":\"ListItem\",\"position\":2,\"name\":\"M\u0259d\u0259niyy\u0259t\",\"item\":\"https:\\\/\\\/www.meydan.tv\\\/az\\\/section\\\/medeniyyet\\\/\"},{\"@type\":\"ListItem\",\"position\":3,\"name\":\"Parkinsonla m\u00fcbariz\u0259 aparan rejissor yarad\u0131c\u0131l\u0131\u011f\u0131na fasil\u0259 ver\u0259c\u0259k\"}]},{\"@type\":\"WebSite\",\"@id\":\"https:\\\/\\\/www.meydan.tv\\\/az\\\/#website\",\"url\":\"https:\\\/\\\/www.meydan.tv\\\/az\\\/\",\"name\":\"MEYDAN.TV\",\"description\":\"Meydan TV Az\u0259rbaycan\u0131n media m\u0259kan\u0131ndak\u0131 alternativ s\u0259sidir\",\"publisher\":{\"@id\":\"https:\\\/\\\/www.meydan.tv\\\/az\\\/#organization\"},\"potentialAction\":[{\"@type\":\"SearchAction\",\"target\":{\"@type\":\"EntryPoint\",\"urlTemplate\":\"https:\\\/\\\/www.meydan.tv\\\/az\\\/?s={search_term_string}\"},\"query-input\":{\"@type\":\"PropertyValueSpecification\",\"valueRequired\":true,\"valueName\":\"search_term_string\"}}],\"inLanguage\":\"az\"},{\"@type\":\"Organization\",\"@id\":\"https:\\\/\\\/www.meydan.tv\\\/az\\\/#organization\",\"name\":\"Meydan TV\",\"url\":\"https:\\\/\\\/www.meydan.tv\\\/az\\\/\",\"logo\":{\"@type\":\"ImageObject\",\"inLanguage\":\"az\",\"@id\":\"https:\\\/\\\/www.meydan.tv\\\/az\\\/#\\\/schema\\\/logo\\\/image\\\/\",\"url\":\"https:\\\/\\\/www.meydan.tv\\\/wp-content\\\/uploads\\\/2021\\\/07\\\/meydan-logo.svg\",\"contentUrl\":\"https:\\\/\\\/www.meydan.tv\\\/wp-content\\\/uploads\\\/2021\\\/07\\\/meydan-logo.svg\",\"width\":195,\"height\":46,\"caption\":\"Meydan TV\"},\"image\":{\"@id\":\"https:\\\/\\\/www.meydan.tv\\\/az\\\/#\\\/schema\\\/logo\\\/image\\\/\"}},{\"@type\":\"Person\",\"@id\":\"https:\\\/\\\/www.meydan.tv\\\/az\\\/#\\\/schema\\\/person\\\/9cdbecf90d17180ce1dfbd95b08dcf47\",\"name\":\"elli\",\"sameAs\":[\"https:\\\/\\\/x.com\\\/elli\"]}]}<\/script>\n<!-- \/ Yoast SEO plugin. -->","yoast_head_json":{"title":"Parkinsonla m\u00fcbariz\u0259 aparan rejissor yarad\u0131c\u0131l\u0131\u011f\u0131na fasil\u0259 ver\u0259c\u0259k - MEYDAN.TV","robots":{"index":"index","follow":"follow","max-snippet":"max-snippet:-1","max-image-preview":"max-image-preview:large","max-video-preview":"max-video-preview:-1"},"canonical":"https:\/\/www.meydan.tv\/az\/article\/parkinsonla-mubarize-aparan-rejissor-yaradiciligina-fasile-verecek\/","og_locale":"az_AZ","og_type":"article","og_title":"Parkinsonla m\u00fcbariz\u0259 aparan rejissor yarad\u0131c\u0131l\u0131\u011f\u0131na fasil\u0259 ver\u0259c\u0259k - MEYDAN.TV","og_description":"&#8220;\u00dcmid edir\u0259m ki, v\u0259ziyy\u0259tim yax\u015f\u0131la\u015facaq, amma x\u0259st\u0259likd\u0259n qurtulmaq m\u00fcmk\u00fcn deyil&#8221; ... Davam\u0131","og_url":"https:\/\/www.meydan.tv\/az\/article\/parkinsonla-mubarize-aparan-rejissor-yaradiciligina-fasile-verecek\/","og_site_name":"MEYDAN.TV","article_published_time":"2022-09-02T09:19:14+00:00","article_modified_time":"2022-09-02T09:23:17+00:00","og_image":[{"width":1200,"height":639,"url":"https:\/\/www.meydan.tv\/wp-content\/uploads\/untitled-design-2-40-e1660034922729.jpg","type":"image\/jpeg"}],"author":"elli","twitter_card":"summary_large_image","twitter_creator":"@elli","schema":{"@context":"https:\/\/schema.org","@graph":[{"@type":"Article","@id":"https:\/\/www.meydan.tv\/az\/article\/parkinsonla-mubarize-aparan-rejissor-yaradiciligina-fasile-verecek\/#article","isPartOf":{"@id":"https:\/\/www.meydan.tv\/az\/article\/parkinsonla-mubarize-aparan-rejissor-yaradiciligina-fasile-verecek\/"},"author":{"name":"elli","@id":"https:\/\/www.meydan.tv\/az\/#\/schema\/person\/9cdbecf90d17180ce1dfbd95b08dcf47"},"headline":"Parkinsonla m\u00fcbariz\u0259 aparan rejissor yarad\u0131c\u0131l\u0131\u011f\u0131na fasil\u0259 ver\u0259c\u0259k","datePublished":"2022-09-02T09:19:14+00:00","dateModified":"2022-09-02T09:23:17+00:00","mainEntityOfPage":{"@id":"https:\/\/www.meydan.tv\/az\/article\/parkinsonla-mubarize-aparan-rejissor-yaradiciligina-fasile-verecek\/"},"wordCount":256,"publisher":{"@id":"https:\/\/www.meydan.tv\/az\/#organization"},"image":{"@id":"https:\/\/www.meydan.tv\/az\/article\/parkinsonla-mubarize-aparan-rejissor-yaradiciligina-fasile-verecek\/#primaryimage"},"thumbnailUrl":"https:\/\/www.meydan.tv\/wp-content\/uploads\/untitled-design-2-40-e1660034922729.jpg","articleSection":["M\u0259d\u0259niyy\u0259t","X\u0259b\u0259rl\u0259r"],"inLanguage":"az"},{"@type":"WebPage","@id":"https:\/\/www.meydan.tv\/az\/article\/parkinsonla-mubarize-aparan-rejissor-yaradiciligina-fasile-verecek\/","url":"https:\/\/www.meydan.tv\/az\/article\/parkinsonla-mubarize-aparan-rejissor-yaradiciligina-fasile-verecek\/","name":"Parkinsonla m\u00fcbariz\u0259 aparan rejissor yarad\u0131c\u0131l\u0131\u011f\u0131na fasil\u0259 ver\u0259c\u0259k - MEYDAN.TV","isPartOf":{"@id":"https:\/\/www.meydan.tv\/az\/#website"},"primaryImageOfPage":{"@id":"https:\/\/www.meydan.tv\/az\/article\/parkinsonla-mubarize-aparan-rejissor-yaradiciligina-fasile-verecek\/#primaryimage"},"image":{"@id":"https:\/\/www.meydan.tv\/az\/article\/parkinsonla-mubarize-aparan-rejissor-yaradiciligina-fasile-verecek\/#primaryimage"},"thumbnailUrl":"https:\/\/www.meydan.tv\/wp-content\/uploads\/untitled-design-2-40-e1660034922729.jpg","datePublished":"2022-09-02T09:19:14+00:00","dateModified":"2022-09-02T09:23:17+00:00","breadcrumb":{"@id":"https:\/\/www.meydan.tv\/az\/article\/parkinsonla-mubarize-aparan-rejissor-yaradiciligina-fasile-verecek\/#breadcrumb"},"inLanguage":"az","potentialAction":[{"@type":"ReadAction","target":["https:\/\/www.meydan.tv\/az\/article\/parkinsonla-mubarize-aparan-rejissor-yaradiciligina-fasile-verecek\/"]}]},{"@type":"ImageObject","inLanguage":"az","@id":"https:\/\/www.meydan.tv\/az\/article\/parkinsonla-mubarize-aparan-rejissor-yaradiciligina-fasile-verecek\/#primaryimage","url":"https:\/\/www.meydan.tv\/wp-content\/uploads\/untitled-design-2-40-e1660034922729.jpg","contentUrl":"https:\/\/www.meydan.tv\/wp-content\/uploads\/untitled-design-2-40-e1660034922729.jpg","width":1200,"height":639,"caption":"Lars fon Trier. Foto: Imago stock&people \/ Global Look Press"},{"@type":"BreadcrumbList","@id":"https:\/\/www.meydan.tv\/az\/article\/parkinsonla-mubarize-aparan-rejissor-yaradiciligina-fasile-verecek\/#breadcrumb","itemListElement":[{"@type":"ListItem","position":1,"name":"Ana s\u0259hif\u0259","item":"https:\/\/www.meydan.tv\/az\/"},{"@type":"ListItem","position":2,"name":"M\u0259d\u0259niyy\u0259t","item":"https:\/\/www.meydan.tv\/az\/section\/medeniyyet\/"},{"@type":"ListItem","position":3,"name":"Parkinsonla m\u00fcbariz\u0259 aparan rejissor yarad\u0131c\u0131l\u0131\u011f\u0131na fasil\u0259 ver\u0259c\u0259k"}]},{"@type":"WebSite","@id":"https:\/\/www.meydan.tv\/az\/#website","url":"https:\/\/www.meydan.tv\/az\/","name":"MEYDAN.TV","description":"Meydan TV Az\u0259rbaycan\u0131n media m\u0259kan\u0131ndak\u0131 alternativ s\u0259sidir","publisher":{"@id":"https:\/\/www.meydan.tv\/az\/#organization"},"potentialAction":[{"@type":"SearchAction","target":{"@type":"EntryPoint","urlTemplate":"https:\/\/www.meydan.tv\/az\/?s={search_term_string}"},"query-input":{"@type":"PropertyValueSpecification","valueRequired":true,"valueName":"search_term_string"}}],"inLanguage":"az"},{"@type":"Organization","@id":"https:\/\/www.meydan.tv\/az\/#organization","name":"Meydan TV","url":"https:\/\/www.meydan.tv\/az\/","logo":{"@type":"ImageObject","inLanguage":"az","@id":"https:\/\/www.meydan.tv\/az\/#\/schema\/logo\/image\/","url":"https:\/\/www.meydan.tv\/wp-content\/uploads\/2021\/07\/meydan-logo.svg","contentUrl":"https:\/\/www.meydan.tv\/wp-content\/uploads\/2021\/07\/meydan-logo.svg","width":195,"height":46,"caption":"Meydan TV"},"image":{"@id":"https:\/\/www.meydan.tv\/az\/#\/schema\/logo\/image\/"}},{"@type":"Person","@id":"https:\/\/www.meydan.tv\/az\/#\/schema\/person\/9cdbecf90d17180ce1dfbd95b08dcf47","name":"elli","sameAs":["https:\/\/x.com\/elli"]}]}},"_links":{"self":[{"href":"https:\/\/www.meydan.tv\/az\/wp-json\/wp\/v2\/posts\/254727","targetHints":{"allow":["GET"]}}],"collection":[{"href":"https:\/\/www.meydan.tv\/az\/wp-json\/wp\/v2\/posts"}],"about":[{"href":"https:\/\/www.meydan.tv\/az\/wp-json\/wp\/v2\/types\/post"}],"author":[{"embeddable":true,"href":"https:\/\/www.meydan.tv\/az\/wp-json\/wp\/v2\/users\/8"}],"replies":[{"embeddable":true,"href":"https:\/\/www.meydan.tv\/az\/wp-json\/wp\/v2\/comments?post=254727"}],"version-history":[{"count":2,"href":"https:\/\/www.meydan.tv\/az\/wp-json\/wp\/v2\/posts\/254727\/revisions"}],"predecessor-version":[{"id":254731,"href":"https:\/\/www.meydan.tv\/az\/wp-json\/wp\/v2\/posts\/254727\/revisions\/254731"}],"wp:featuredmedia":[{"embeddable":true,"href":"https:\/\/www.meydan.tv\/az\/wp-json\/wp\/v2\/media\/252818"}],"wp:attachment":[{"href":"https:\/\/www.meydan.tv\/az\/wp-json\/wp\/v2\/media?parent=254727"}],"wp:term":[{"taxonomy":"category","embeddable":true,"href":"https:\/\/www.meydan.tv\/az\/wp-json\/wp\/v2\/categories?post=254727"},{"taxonomy":"post_tag","embeddable":true,"href":"https:\/\/www.meydan.tv\/az\/wp-json\/wp\/v2\/tags?post=254727"}],"curies":[{"name":"wp","href":"https:\/\/api.w.org\/{rel}","templated":true}]}}