{"id":254709,"date":"2022-09-01T17:01:56","date_gmt":"2022-09-01T13:01:56","guid":{"rendered":"https:\/\/www.meydan.tv\/?p=254709"},"modified":"2022-09-01T17:01:58","modified_gmt":"2022-09-01T13:01:58","slug":"goycayda-direktoru-mektebe-buraxmayiblar","status":"publish","type":"post","link":"https:\/\/www.meydan.tv\/az\/article\/goycayda-direktoru-mektebe-buraxmayiblar\/","title":{"rendered":"G\u00f6y\u00e7ayda direktoru m\u0259kt\u0259b\u0259 buraxmay\u0131blar"},"content":{"rendered":"\n<p><\/p>\n\n\n\n<p><em>M\u00fc\u0259lliml\u0259r yeni t\u0259yinata etiraz edirl\u0259r<\/em><\/p>\n\n\n\n<p>G\u00f6y\u00e7ay Rayon U\u015faq Musiqi M\u0259kt\u0259binin m\u00fc\u0259lliml\u0259rinin yeni t\u0259yin olunmu\u015f direktoru m\u0259kt\u0259b\u0259 buraxmad\u0131\u011f\u0131 bildirilir.<\/p>\n\n\n\n<p>Bu bar\u0259d\u0259 APA m\u0259lumat <a href=\"https:\/\/apa.az\/az\/apa-tv\/xeber\/xeberler\/goycay-usaq-musiqi-mektebinin-iscileri-yeni-direktoru-mektebe-buraxmadilar-73906\" target=\"_blank\" rel=\"noreferrer noopener\">yay\u0131b.<\/a><\/p>\n\n\n\n<p>Bildirilir ki, A\u011fda\u015f Regional M\u0259d\u0259niyy\u0259t \u0130dar\u0259sinin r\u0259isi S\u0259xav\u0259t M\u0259mm\u0259dov direktor R\u00f6v\u015f\u0259n Zamanovu i\u015fd\u0259n azad ed\u0259r\u0259k yerin\u0259 A\u011fda\u015f musiqi m\u0259kt\u0259bind\u0259 n\u0259z\u0259riyy\u0259 m\u00fc\u0259llimi G\u00fcnay Hac\u0131yevan\u0131 t\u0259yin edib.<\/p>\n\n\n\n<p>Musiqi m\u0259kt\u0259binin kollektivinin topla\u015faraq yeni t\u0259yinata qar\u015f\u0131 etiraz etdiyi bildirilir.<\/p>\n\n\n\n<p>Sentyabr\u0131n 1-d\u0259 G\u00f6y\u00e7ay Rayon U\u015faq Musiqi M\u0259kt\u0259binin kollektivi t\u0259hsil oca\u011f\u0131n\u0131n foyesin\u0259 topla\u015faraq yeni t\u0259yin olunan direktor G\u00fcnay Hac\u0131yevan\u0131 qap\u0131dan i\u00e7\u0259ri buraxmay\u0131blar, m\u00fc\u0259llim\u0259l\u0259r etiraz ed\u0259r\u0259k onu m\u0259kt\u0259bd\u0259n qovublar.<\/p>\n\n\n\n<p>Onlar bildiribl\u0259r ki, yeni t\u0259yin olunan direktor G\u00fcnay Hac\u0131yeva \u015e\u0259ki Musiqi Kollecini bitirib: <\/p>\n\n\n\n<p>&#8220;Onun idar\u0259etm\u0259 bacar\u0131\u011f\u0131 a\u015fa\u011f\u0131 s\u0259viyy\u0259d\u0259dir. G\u00f6y\u00e7ay U\u015faq Musiqi M\u0259kt\u0259bind\u0259 uzun ill\u0259r f\u0259aliyy\u0259t g\u00f6st\u0259r\u0259n ali t\u0259hsilli musiqi m\u00fc\u0259lliml\u0259ri \u00e7al\u0131\u015f\u0131r, onlar\u0131n kifay\u0259t q\u0259d\u0259r idar\u0259etm\u0259 bacar\u0131\u011f\u0131 var&#8221;.<\/p>\n\n\n\n<p>Etiraz\u00e7\u0131 m\u00fc\u0259lliml\u0259r kollektiv i\u00e7\u0259risind\u0259n ali t\u0259hsilli bir n\u0259f\u0259rin se\u00e7il\u0259r\u0259k m\u0259kt\u0259b direktoru t\u0259yin olunmas\u0131n\u0131 ist\u0259yirl\u0259r.<\/p>\n\n\n\n<p>M\u0259s\u0259l\u0259 il\u0259 ba\u011fl\u0131 A\u011fda\u015f Regional M\u0259d\u0259niyy\u0259t \u0130dar\u0259sinin r\u0259hb\u0259ri S\u0259xav\u0259t M\u0259mm\u0259dov bildirib ki, t\u0259xmin\u0259n 20 il i\u015f t\u0259cr\u00fcb\u0259si olan G\u00fcnay Hac\u0131yeva onun \u0259mri il\u0259 G\u00f6y\u00e7ay U\u015faq Musiqi M\u0259kt\u0259bin\u0259 direktor t\u0259yin olunub.<\/p>\n\n\n\n<p>O, avqustun 31-d\u0259 kollektiv\u0259 t\u0259qdim edilib.<\/p>\n\n\n\n<p>S\u0259xav\u0259t M\u0259mm\u0259dov regional idar\u0259nin n\u00fcmay\u0259nd\u0259l\u0259rind\u0259n ibar\u0259t komissiyan\u0131n haz\u0131rda h\u0259min m\u0259kt\u0259b\u0259 g\u00f6nd\u0259rildiyini, m\u0259s\u0259l\u0259nin ara\u015fd\u0131r\u0131laca\u011f\u0131n\u0131, g\u00fcn\u00fcn ikinci yar\u0131s\u0131nda is\u0259 \u00f6z\u00fc d\u0259 m\u0259kt\u0259b\u0259 ged\u0259r\u0259k kollektivl\u0259 yenid\u0259n g\u00f6r\u00fc\u015f\u0259c\u0259yini bildirib.<\/p>\n","protected":false},"excerpt":{"rendered":"<p>M\u00fc\u0259lliml\u0259r yeni t\u0259yinata etiraz edirl\u0259r G\u00f6y\u00e7ay Rayon U\u015faq Musiqi M\u0259kt\u0259binin &#8230; <\/p>\n<p class=\"read-more-container\"><a title=\"G\u00f6y\u00e7ayda direktoru m\u0259kt\u0259b\u0259 buraxmay\u0131blar\" class=\"read-more button\" href=\"https:\/\/www.meydan.tv\/az\/article\/goycayda-direktoru-mektebe-buraxmayiblar\/#more-254709\" aria-label=\"Read more about G\u00f6y\u00e7ayda direktoru m\u0259kt\u0259b\u0259 buraxmay\u0131blar\">Davam\u0131<\/a><\/p>\n","protected":false},"author":8,"featured_media":254710,"comment_status":"closed","ping_status":"closed","sticky":false,"template":"","format":"standard","meta":{"_acf_changed":false,"_sitemap_exclude":false,"_sitemap_priority":"","_sitemap_frequency":"","footnotes":""},"categories":[52,56],"tags":[],"class_list":["post-254709","post","type-post","status-publish","format-standard","has-post-thumbnail","hentry","category-medeniyyet","category-xeberler","infinite-scroll-item","generate-columns","tablet-grid-50","mobile-grid-100","grid-parent","grid-33","no-featured-image-padding"],"acf":[],"yoast_head":"<!-- This site is optimized with the Yoast SEO plugin v27.5 - https:\/\/yoast.com\/product\/yoast-seo-wordpress\/ -->\n<title>G\u00f6y\u00e7ayda direktoru m\u0259kt\u0259b\u0259 buraxmay\u0131blar - MEYDAN.TV<\/title>\n<meta name=\"robots\" content=\"index, follow, max-snippet:-1, max-image-preview:large, max-video-preview:-1\" \/>\n<link rel=\"canonical\" href=\"https:\/\/www.meydan.tv\/az\/article\/goycayda-direktoru-mektebe-buraxmayiblar\/\" \/>\n<meta property=\"og:locale\" content=\"az_AZ\" \/>\n<meta property=\"og:type\" content=\"article\" \/>\n<meta property=\"og:title\" content=\"G\u00f6y\u00e7ayda direktoru m\u0259kt\u0259b\u0259 buraxmay\u0131blar - MEYDAN.TV\" \/>\n<meta property=\"og:description\" content=\"M\u00fc\u0259lliml\u0259r yeni t\u0259yinata etiraz edirl\u0259r G\u00f6y\u00e7ay Rayon U\u015faq Musiqi M\u0259kt\u0259binin ... Davam\u0131\" \/>\n<meta property=\"og:url\" content=\"https:\/\/www.meydan.tv\/az\/article\/goycayda-direktoru-mektebe-buraxmayiblar\/\" \/>\n<meta property=\"og:site_name\" content=\"MEYDAN.TV\" \/>\n<meta property=\"article:published_time\" content=\"2022-09-01T13:01:56+00:00\" \/>\n<meta property=\"article:modified_time\" content=\"2022-09-01T13:01:58+00:00\" \/>\n<meta property=\"og:image\" content=\"https:\/\/www.meydan.tv\/wp-content\/uploads\/screenshot_2-8.png\" \/>\n\t<meta property=\"og:image:width\" content=\"1200\" \/>\n\t<meta property=\"og:image:height\" content=\"463\" \/>\n\t<meta property=\"og:image:type\" content=\"image\/png\" \/>\n<meta name=\"author\" content=\"elli\" \/>\n<meta name=\"twitter:card\" content=\"summary_large_image\" \/>\n<meta name=\"twitter:creator\" content=\"@elli\" \/>\n<script type=\"application\/ld+json\" class=\"yoast-schema-graph\">{\"@context\":\"https:\\\/\\\/schema.org\",\"@graph\":[{\"@type\":\"Article\",\"@id\":\"https:\\\/\\\/www.meydan.tv\\\/az\\\/article\\\/goycayda-direktoru-mektebe-buraxmayiblar\\\/#article\",\"isPartOf\":{\"@id\":\"https:\\\/\\\/www.meydan.tv\\\/az\\\/article\\\/goycayda-direktoru-mektebe-buraxmayiblar\\\/\"},\"author\":{\"name\":\"elli\",\"@id\":\"https:\\\/\\\/www.meydan.tv\\\/az\\\/#\\\/schema\\\/person\\\/9cdbecf90d17180ce1dfbd95b08dcf47\"},\"headline\":\"G\u00f6y\u00e7ayda direktoru m\u0259kt\u0259b\u0259 buraxmay\u0131blar\",\"datePublished\":\"2022-09-01T13:01:56+00:00\",\"dateModified\":\"2022-09-01T13:01:58+00:00\",\"mainEntityOfPage\":{\"@id\":\"https:\\\/\\\/www.meydan.tv\\\/az\\\/article\\\/goycayda-direktoru-mektebe-buraxmayiblar\\\/\"},\"wordCount\":385,\"publisher\":{\"@id\":\"https:\\\/\\\/www.meydan.tv\\\/az\\\/#organization\"},\"image\":{\"@id\":\"https:\\\/\\\/www.meydan.tv\\\/az\\\/article\\\/goycayda-direktoru-mektebe-buraxmayiblar\\\/#primaryimage\"},\"thumbnailUrl\":\"https:\\\/\\\/www.meydan.tv\\\/wp-content\\\/uploads\\\/screenshot_2-8.png\",\"articleSection\":[\"M\u0259d\u0259niyy\u0259t\",\"X\u0259b\u0259rl\u0259r\"],\"inLanguage\":\"az\"},{\"@type\":\"WebPage\",\"@id\":\"https:\\\/\\\/www.meydan.tv\\\/az\\\/article\\\/goycayda-direktoru-mektebe-buraxmayiblar\\\/\",\"url\":\"https:\\\/\\\/www.meydan.tv\\\/az\\\/article\\\/goycayda-direktoru-mektebe-buraxmayiblar\\\/\",\"name\":\"G\u00f6y\u00e7ayda direktoru m\u0259kt\u0259b\u0259 buraxmay\u0131blar - MEYDAN.TV\",\"isPartOf\":{\"@id\":\"https:\\\/\\\/www.meydan.tv\\\/az\\\/#website\"},\"primaryImageOfPage\":{\"@id\":\"https:\\\/\\\/www.meydan.tv\\\/az\\\/article\\\/goycayda-direktoru-mektebe-buraxmayiblar\\\/#primaryimage\"},\"image\":{\"@id\":\"https:\\\/\\\/www.meydan.tv\\\/az\\\/article\\\/goycayda-direktoru-mektebe-buraxmayiblar\\\/#primaryimage\"},\"thumbnailUrl\":\"https:\\\/\\\/www.meydan.tv\\\/wp-content\\\/uploads\\\/screenshot_2-8.png\",\"datePublished\":\"2022-09-01T13:01:56+00:00\",\"dateModified\":\"2022-09-01T13:01:58+00:00\",\"breadcrumb\":{\"@id\":\"https:\\\/\\\/www.meydan.tv\\\/az\\\/article\\\/goycayda-direktoru-mektebe-buraxmayiblar\\\/#breadcrumb\"},\"inLanguage\":\"az\",\"potentialAction\":[{\"@type\":\"ReadAction\",\"target\":[\"https:\\\/\\\/www.meydan.tv\\\/az\\\/article\\\/goycayda-direktoru-mektebe-buraxmayiblar\\\/\"]}]},{\"@type\":\"ImageObject\",\"inLanguage\":\"az\",\"@id\":\"https:\\\/\\\/www.meydan.tv\\\/az\\\/article\\\/goycayda-direktoru-mektebe-buraxmayiblar\\\/#primaryimage\",\"url\":\"https:\\\/\\\/www.meydan.tv\\\/wp-content\\\/uploads\\\/screenshot_2-8.png\",\"contentUrl\":\"https:\\\/\\\/www.meydan.tv\\\/wp-content\\\/uploads\\\/screenshot_2-8.png\",\"width\":1200,\"height\":463,\"caption\":\"screenshot APA tv-d\u0259n\"},{\"@type\":\"BreadcrumbList\",\"@id\":\"https:\\\/\\\/www.meydan.tv\\\/az\\\/article\\\/goycayda-direktoru-mektebe-buraxmayiblar\\\/#breadcrumb\",\"itemListElement\":[{\"@type\":\"ListItem\",\"position\":1,\"name\":\"Ana s\u0259hif\u0259\",\"item\":\"https:\\\/\\\/www.meydan.tv\\\/az\\\/\"},{\"@type\":\"ListItem\",\"position\":2,\"name\":\"M\u0259d\u0259niyy\u0259t\",\"item\":\"https:\\\/\\\/www.meydan.tv\\\/az\\\/section\\\/medeniyyet\\\/\"},{\"@type\":\"ListItem\",\"position\":3,\"name\":\"G\u00f6y\u00e7ayda direktoru m\u0259kt\u0259b\u0259 buraxmay\u0131blar\"}]},{\"@type\":\"WebSite\",\"@id\":\"https:\\\/\\\/www.meydan.tv\\\/az\\\/#website\",\"url\":\"https:\\\/\\\/www.meydan.tv\\\/az\\\/\",\"name\":\"MEYDAN.TV\",\"description\":\"Meydan TV Az\u0259rbaycan\u0131n media m\u0259kan\u0131ndak\u0131 alternativ s\u0259sidir\",\"publisher\":{\"@id\":\"https:\\\/\\\/www.meydan.tv\\\/az\\\/#organization\"},\"potentialAction\":[{\"@type\":\"SearchAction\",\"target\":{\"@type\":\"EntryPoint\",\"urlTemplate\":\"https:\\\/\\\/www.meydan.tv\\\/az\\\/?s={search_term_string}\"},\"query-input\":{\"@type\":\"PropertyValueSpecification\",\"valueRequired\":true,\"valueName\":\"search_term_string\"}}],\"inLanguage\":\"az\"},{\"@type\":\"Organization\",\"@id\":\"https:\\\/\\\/www.meydan.tv\\\/az\\\/#organization\",\"name\":\"Meydan TV\",\"url\":\"https:\\\/\\\/www.meydan.tv\\\/az\\\/\",\"logo\":{\"@type\":\"ImageObject\",\"inLanguage\":\"az\",\"@id\":\"https:\\\/\\\/www.meydan.tv\\\/az\\\/#\\\/schema\\\/logo\\\/image\\\/\",\"url\":\"https:\\\/\\\/www.meydan.tv\\\/wp-content\\\/uploads\\\/2021\\\/07\\\/meydan-logo.svg\",\"contentUrl\":\"https:\\\/\\\/www.meydan.tv\\\/wp-content\\\/uploads\\\/2021\\\/07\\\/meydan-logo.svg\",\"width\":195,\"height\":46,\"caption\":\"Meydan TV\"},\"image\":{\"@id\":\"https:\\\/\\\/www.meydan.tv\\\/az\\\/#\\\/schema\\\/logo\\\/image\\\/\"}},{\"@type\":\"Person\",\"@id\":\"https:\\\/\\\/www.meydan.tv\\\/az\\\/#\\\/schema\\\/person\\\/9cdbecf90d17180ce1dfbd95b08dcf47\",\"name\":\"elli\",\"sameAs\":[\"https:\\\/\\\/x.com\\\/elli\"]}]}<\/script>\n<!-- \/ Yoast SEO plugin. -->","yoast_head_json":{"title":"G\u00f6y\u00e7ayda direktoru m\u0259kt\u0259b\u0259 buraxmay\u0131blar - MEYDAN.TV","robots":{"index":"index","follow":"follow","max-snippet":"max-snippet:-1","max-image-preview":"max-image-preview:large","max-video-preview":"max-video-preview:-1"},"canonical":"https:\/\/www.meydan.tv\/az\/article\/goycayda-direktoru-mektebe-buraxmayiblar\/","og_locale":"az_AZ","og_type":"article","og_title":"G\u00f6y\u00e7ayda direktoru m\u0259kt\u0259b\u0259 buraxmay\u0131blar - MEYDAN.TV","og_description":"M\u00fc\u0259lliml\u0259r yeni t\u0259yinata etiraz edirl\u0259r G\u00f6y\u00e7ay Rayon U\u015faq Musiqi M\u0259kt\u0259binin ... Davam\u0131","og_url":"https:\/\/www.meydan.tv\/az\/article\/goycayda-direktoru-mektebe-buraxmayiblar\/","og_site_name":"MEYDAN.TV","article_published_time":"2022-09-01T13:01:56+00:00","article_modified_time":"2022-09-01T13:01:58+00:00","og_image":[{"width":1200,"height":463,"url":"https:\/\/www.meydan.tv\/wp-content\/uploads\/screenshot_2-8.png","type":"image\/png"}],"author":"elli","twitter_card":"summary_large_image","twitter_creator":"@elli","schema":{"@context":"https:\/\/schema.org","@graph":[{"@type":"Article","@id":"https:\/\/www.meydan.tv\/az\/article\/goycayda-direktoru-mektebe-buraxmayiblar\/#article","isPartOf":{"@id":"https:\/\/www.meydan.tv\/az\/article\/goycayda-direktoru-mektebe-buraxmayiblar\/"},"author":{"name":"elli","@id":"https:\/\/www.meydan.tv\/az\/#\/schema\/person\/9cdbecf90d17180ce1dfbd95b08dcf47"},"headline":"G\u00f6y\u00e7ayda direktoru m\u0259kt\u0259b\u0259 buraxmay\u0131blar","datePublished":"2022-09-01T13:01:56+00:00","dateModified":"2022-09-01T13:01:58+00:00","mainEntityOfPage":{"@id":"https:\/\/www.meydan.tv\/az\/article\/goycayda-direktoru-mektebe-buraxmayiblar\/"},"wordCount":385,"publisher":{"@id":"https:\/\/www.meydan.tv\/az\/#organization"},"image":{"@id":"https:\/\/www.meydan.tv\/az\/article\/goycayda-direktoru-mektebe-buraxmayiblar\/#primaryimage"},"thumbnailUrl":"https:\/\/www.meydan.tv\/wp-content\/uploads\/screenshot_2-8.png","articleSection":["M\u0259d\u0259niyy\u0259t","X\u0259b\u0259rl\u0259r"],"inLanguage":"az"},{"@type":"WebPage","@id":"https:\/\/www.meydan.tv\/az\/article\/goycayda-direktoru-mektebe-buraxmayiblar\/","url":"https:\/\/www.meydan.tv\/az\/article\/goycayda-direktoru-mektebe-buraxmayiblar\/","name":"G\u00f6y\u00e7ayda direktoru m\u0259kt\u0259b\u0259 buraxmay\u0131blar - MEYDAN.TV","isPartOf":{"@id":"https:\/\/www.meydan.tv\/az\/#website"},"primaryImageOfPage":{"@id":"https:\/\/www.meydan.tv\/az\/article\/goycayda-direktoru-mektebe-buraxmayiblar\/#primaryimage"},"image":{"@id":"https:\/\/www.meydan.tv\/az\/article\/goycayda-direktoru-mektebe-buraxmayiblar\/#primaryimage"},"thumbnailUrl":"https:\/\/www.meydan.tv\/wp-content\/uploads\/screenshot_2-8.png","datePublished":"2022-09-01T13:01:56+00:00","dateModified":"2022-09-01T13:01:58+00:00","breadcrumb":{"@id":"https:\/\/www.meydan.tv\/az\/article\/goycayda-direktoru-mektebe-buraxmayiblar\/#breadcrumb"},"inLanguage":"az","potentialAction":[{"@type":"ReadAction","target":["https:\/\/www.meydan.tv\/az\/article\/goycayda-direktoru-mektebe-buraxmayiblar\/"]}]},{"@type":"ImageObject","inLanguage":"az","@id":"https:\/\/www.meydan.tv\/az\/article\/goycayda-direktoru-mektebe-buraxmayiblar\/#primaryimage","url":"https:\/\/www.meydan.tv\/wp-content\/uploads\/screenshot_2-8.png","contentUrl":"https:\/\/www.meydan.tv\/wp-content\/uploads\/screenshot_2-8.png","width":1200,"height":463,"caption":"screenshot APA tv-d\u0259n"},{"@type":"BreadcrumbList","@id":"https:\/\/www.meydan.tv\/az\/article\/goycayda-direktoru-mektebe-buraxmayiblar\/#breadcrumb","itemListElement":[{"@type":"ListItem","position":1,"name":"Ana s\u0259hif\u0259","item":"https:\/\/www.meydan.tv\/az\/"},{"@type":"ListItem","position":2,"name":"M\u0259d\u0259niyy\u0259t","item":"https:\/\/www.meydan.tv\/az\/section\/medeniyyet\/"},{"@type":"ListItem","position":3,"name":"G\u00f6y\u00e7ayda direktoru m\u0259kt\u0259b\u0259 buraxmay\u0131blar"}]},{"@type":"WebSite","@id":"https:\/\/www.meydan.tv\/az\/#website","url":"https:\/\/www.meydan.tv\/az\/","name":"MEYDAN.TV","description":"Meydan TV Az\u0259rbaycan\u0131n media m\u0259kan\u0131ndak\u0131 alternativ s\u0259sidir","publisher":{"@id":"https:\/\/www.meydan.tv\/az\/#organization"},"potentialAction":[{"@type":"SearchAction","target":{"@type":"EntryPoint","urlTemplate":"https:\/\/www.meydan.tv\/az\/?s={search_term_string}"},"query-input":{"@type":"PropertyValueSpecification","valueRequired":true,"valueName":"search_term_string"}}],"inLanguage":"az"},{"@type":"Organization","@id":"https:\/\/www.meydan.tv\/az\/#organization","name":"Meydan TV","url":"https:\/\/www.meydan.tv\/az\/","logo":{"@type":"ImageObject","inLanguage":"az","@id":"https:\/\/www.meydan.tv\/az\/#\/schema\/logo\/image\/","url":"https:\/\/www.meydan.tv\/wp-content\/uploads\/2021\/07\/meydan-logo.svg","contentUrl":"https:\/\/www.meydan.tv\/wp-content\/uploads\/2021\/07\/meydan-logo.svg","width":195,"height":46,"caption":"Meydan TV"},"image":{"@id":"https:\/\/www.meydan.tv\/az\/#\/schema\/logo\/image\/"}},{"@type":"Person","@id":"https:\/\/www.meydan.tv\/az\/#\/schema\/person\/9cdbecf90d17180ce1dfbd95b08dcf47","name":"elli","sameAs":["https:\/\/x.com\/elli"]}]}},"_links":{"self":[{"href":"https:\/\/www.meydan.tv\/az\/wp-json\/wp\/v2\/posts\/254709","targetHints":{"allow":["GET"]}}],"collection":[{"href":"https:\/\/www.meydan.tv\/az\/wp-json\/wp\/v2\/posts"}],"about":[{"href":"https:\/\/www.meydan.tv\/az\/wp-json\/wp\/v2\/types\/post"}],"author":[{"embeddable":true,"href":"https:\/\/www.meydan.tv\/az\/wp-json\/wp\/v2\/users\/8"}],"replies":[{"embeddable":true,"href":"https:\/\/www.meydan.tv\/az\/wp-json\/wp\/v2\/comments?post=254709"}],"version-history":[{"count":2,"href":"https:\/\/www.meydan.tv\/az\/wp-json\/wp\/v2\/posts\/254709\/revisions"}],"predecessor-version":[{"id":254716,"href":"https:\/\/www.meydan.tv\/az\/wp-json\/wp\/v2\/posts\/254709\/revisions\/254716"}],"wp:featuredmedia":[{"embeddable":true,"href":"https:\/\/www.meydan.tv\/az\/wp-json\/wp\/v2\/media\/254710"}],"wp:attachment":[{"href":"https:\/\/www.meydan.tv\/az\/wp-json\/wp\/v2\/media?parent=254709"}],"wp:term":[{"taxonomy":"category","embeddable":true,"href":"https:\/\/www.meydan.tv\/az\/wp-json\/wp\/v2\/categories?post=254709"},{"taxonomy":"post_tag","embeddable":true,"href":"https:\/\/www.meydan.tv\/az\/wp-json\/wp\/v2\/tags?post=254709"}],"curies":[{"name":"wp","href":"https:\/\/api.w.org\/{rel}","templated":true}]}}