{"id":254704,"date":"2022-09-01T16:27:48","date_gmt":"2022-09-01T12:27:48","guid":{"rendered":"https:\/\/www.meydan.tv\/?p=254704"},"modified":"2022-09-01T16:27:50","modified_gmt":"2022-09-01T12:27:50","slug":"kiyevde-bulqakovun-muzeyi-baglana-biler","status":"publish","type":"post","link":"https:\/\/www.meydan.tv\/az\/article\/kiyevde-bulqakovun-muzeyi-baglana-biler\/","title":{"rendered":"Kiyevd\u0259 Bulqakovun muzeyi ba\u011flana bil\u0259r"},"content":{"rendered":"\n<p><\/p>\n\n\n\n<p><em>Yaz\u0131\u00e7\u0131 Ukraynaya nifr\u0259t etm\u0259kd\u0259 ittiham edilib<\/em><\/p>\n\n\n\n<p>Ukrayna Milli Yaz\u0131\u00e7\u0131lar \u0130ttifaq\u0131 Kiyevd\u0259 rus yaz\u0131\u00e7\u0131s\u0131 Mixail Bulqakovun muzeyinin ba\u011flanmas\u0131 t\u0259\u015f\u0259bb\u00fcs\u00fc il\u0259 \u00e7\u0131x\u0131\u015f edibl\u0259r.<\/p>\n\n\n\n<p>\u0130ttifaq onun \u0259v\u0259zin\u0259 ukraynal\u0131 b\u0259st\u0259kar Aleksandr Ko\u015fitsin muzeyinin a\u00e7\u0131lmas\u0131n\u0131n t\u0259r\u0259fdar\u0131d\u0131r.<\/p>\n\n\n\n<p>\u201cUkraynaya nifr\u0259t ed\u0259n v\u0259 \u0259s\u0259rl\u0259rind\u0259 onu l\u0259k\u0259l\u0259y\u0259n rus yaz\u0131\u00e7\u0131s\u0131 Mixail Bulqakovun Kiyevd\u0259 muzeyinin f\u0259aliyy\u0259t g\u00f6st\u0259rm\u0259sinin yolverilm\u0259z oldu\u011funu b\u0259yan edirik\u201d, &#8211; ittifaq\u0131n m\u0259lumat\u0131nda <a href=\"https:\/\/nspu.com.ua\/ofitsijno\/spilka-pismennikiv-inicijuie-zakrittya-v-kiievi-muzeju-bulgakova-zamist-nogo-proponuie-vidkriti-muzej-kompozitora-koshicya\/\" target=\"_blank\" rel=\"noreferrer noopener\">bildirilib.<\/a><\/p>\n\n\n\n<p>Qeyd olunub ki, ukraynal\u0131 b\u0259st\u0259kar Ko\u015fitsin 1906-c\u0131 il\u0259 q\u0259d\u0259r el\u0259 h\u0259min evd\u0259 ya\u015fad\u0131\u011f\u0131 \u00fc\u00e7\u00fcn muzey onun ad\u0131n\u0131 da\u015f\u0131mald\u0131r.<\/p>\n\n\n\n<p>Bulqakov muzeyinin direktoru L\u00fcdmila Qubianuri m\u0259s\u0259l\u0259y\u0259 etiraz\u0131n\u0131 bildirib.<\/p>\n\n\n\n<p>\u201cM\u0259nc\u0259, Yaz\u0131\u00e7\u0131lar \u0130ttifaq\u0131 b\u00fct\u00fcn silahlar\u0131ndan istifad\u0259 etm\u0259yib. Onlar muzeyin ba\u011flanmas\u0131ndan \u00f6nc\u0259 Bulqakovun Yaz\u0131\u00e7\u0131lar \u0130ttifaq\u0131ndan \u00e7\u0131xar\u0131lmas\u0131 v\u0259 antisovet f\u0259aliyy\u0259tin\u0259 g\u00f6r\u0259 v\u0259t\u0259nda\u015fl\u0131qdan m\u0259hrum edilm\u0259si t\u0259\u015f\u0259bb\u00fcs\u00fc il\u0259 \u00e7\u0131x\u0131\u015f etm\u0259lidirl\u0259r\u201d, &#8211; dey\u0259 muzey direktoru <a href=\"https:\/\/korrespondent.net\/showbiz\/culture\/4511416-pysately-ukrayny-pryzvaly-zakryt-muzei-bulhakova\" target=\"_blank\" rel=\"noreferrer noopener\">deyib.<\/a><\/p>\n\n\n\n<p>Kiyevd\u0259ki Bulqakov \u018fd\u0259bi Memorial Muzeyi d\u00fcnyan\u0131n iyirmi \u0259n yax\u015f\u0131 \u0259d\u0259bi muzeyind\u0259n biri kimi tan\u0131n\u0131r.<\/p>\n\n\n\n<p>Bulqakov 1891-ci ild\u0259 Kiyevd\u0259 do\u011fulub.<\/p>\n\n\n\n<p>Onun \u015fah \u0259s\u0259ri \u201cMaster v\u0259 Marqarita\u201d roman\u0131 hesab edilir.<\/p>\n\n\n\n<p>O, \u0259s\u0259r \u00fcz\u0259rind\u0259 12 il i\u015fl\u0259yib.<\/p>\n\n\n\n<p>\u018fs\u0259r Bulqakovun \u00f6l\u00fcm\u00fcnd\u0259n sonra n\u0259\u015fr edilib.<\/p>\n\n\n\n<p>2022-ci il fevral\u0131n 21-d\u0259 ax\u015fam saatlar\u0131nda Rusiya Prezidenti Vladimir Putin separat\u00e7\u0131lar\u0131n n\u0259zar\u0259tind\u0259 olan \u201cDonetsk Xalq Respublikas\u0131\u201d (\u201cDXR\u201d) v\u0259 \u201cLuqansk Xalq Respublikas\u0131\u201d (\u201cLXR\u201d) adl\u0131 qurumlar\u0131 tan\u0131y\u0131b, h\u0259min \u0259razil\u0259r\u0259 ordu yeridib.<\/p>\n\n\n\n<p>Fevral\u0131n 24-d\u0259 Rusiya Ukraynan\u0131n Donbas b\u00f6lg\u0259sind\u0259 geni\u015fmiqyasl\u0131 h\u0259rbi \u0259m\u0259liyyatlara ba\u015flay\u0131b.<\/p>\n\n\n\n<p>D\u00fcnyan\u0131n \u0259ks\u0259r \u00f6lk\u0259si Rusiyan\u0131n h\u00fccumunu pisl\u0259yib.<\/p>\n\n\n\n<p>Bundan sonra Avropa Birliyi \u00f6lk\u0259l\u0259ri, el\u0259c\u0259 d\u0259 AB\u015e Rusiyaya qar\u015f\u0131 sanksiyalar t\u0259tbiq edib.<\/p>\n\n\n\n<p>Sanksiyalar siyas\u0259t v\u0259 iqtisadiyyatdan m\u0259d\u0259niyy\u0259t v\u0259 \u0259d\u0259biyyat sah\u0259sin\u0259 d\u0259 ke\u00e7ib.<\/p>\n","protected":false},"excerpt":{"rendered":"<p>Yaz\u0131\u00e7\u0131 Ukraynaya nifr\u0259t etm\u0259kd\u0259 ittiham edilib Ukrayna Milli Yaz\u0131\u00e7\u0131lar \u0130ttifaq\u0131 &#8230; <\/p>\n<p class=\"read-more-container\"><a title=\"Kiyevd\u0259 Bulqakovun muzeyi ba\u011flana bil\u0259r\" class=\"read-more button\" href=\"https:\/\/www.meydan.tv\/az\/article\/kiyevde-bulqakovun-muzeyi-baglana-biler\/#more-254704\" aria-label=\"Read more about Kiyevd\u0259 Bulqakovun muzeyi ba\u011flana bil\u0259r\">Davam\u0131<\/a><\/p>\n","protected":false},"author":8,"featured_media":254705,"comment_status":"closed","ping_status":"closed","sticky":false,"template":"","format":"standard","meta":{"_acf_changed":false,"_sitemap_exclude":false,"_sitemap_priority":"","_sitemap_frequency":"","footnotes":""},"categories":[52,56],"tags":[],"class_list":["post-254704","post","type-post","status-publish","format-standard","has-post-thumbnail","hentry","category-medeniyyet","category-xeberler","infinite-scroll-item","generate-columns","tablet-grid-50","mobile-grid-100","grid-parent","grid-33","no-featured-image-padding"],"acf":[],"yoast_head":"<!-- This site is optimized with the Yoast SEO plugin v27.5 - https:\/\/yoast.com\/product\/yoast-seo-wordpress\/ -->\n<title>Kiyevd\u0259 Bulqakovun muzeyi ba\u011flana bil\u0259r - MEYDAN.TV<\/title>\n<meta name=\"robots\" content=\"index, follow, max-snippet:-1, max-image-preview:large, max-video-preview:-1\" \/>\n<link rel=\"canonical\" href=\"https:\/\/www.meydan.tv\/az\/article\/kiyevde-bulqakovun-muzeyi-baglana-biler\/\" \/>\n<meta property=\"og:locale\" content=\"az_AZ\" \/>\n<meta property=\"og:type\" content=\"article\" \/>\n<meta property=\"og:title\" content=\"Kiyevd\u0259 Bulqakovun muzeyi ba\u011flana bil\u0259r - MEYDAN.TV\" \/>\n<meta property=\"og:description\" content=\"Yaz\u0131\u00e7\u0131 Ukraynaya nifr\u0259t etm\u0259kd\u0259 ittiham edilib Ukrayna Milli Yaz\u0131\u00e7\u0131lar \u0130ttifaq\u0131 ... Davam\u0131\" \/>\n<meta property=\"og:url\" content=\"https:\/\/www.meydan.tv\/az\/article\/kiyevde-bulqakovun-muzeyi-baglana-biler\/\" \/>\n<meta property=\"og:site_name\" content=\"MEYDAN.TV\" \/>\n<meta property=\"article:published_time\" content=\"2022-09-01T12:27:48+00:00\" \/>\n<meta property=\"article:modified_time\" content=\"2022-09-01T12:27:50+00:00\" \/>\n<meta property=\"og:image\" content=\"https:\/\/www.meydan.tv\/wp-content\/uploads\/g4nav.jpg\" \/>\n\t<meta property=\"og:image:width\" content=\"1337\" \/>\n\t<meta property=\"og:image:height\" content=\"701\" \/>\n\t<meta property=\"og:image:type\" content=\"image\/jpeg\" \/>\n<meta name=\"author\" content=\"elli\" \/>\n<meta name=\"twitter:card\" content=\"summary_large_image\" \/>\n<meta name=\"twitter:creator\" content=\"@elli\" \/>\n<script type=\"application\/ld+json\" class=\"yoast-schema-graph\">{\"@context\":\"https:\\\/\\\/schema.org\",\"@graph\":[{\"@type\":\"Article\",\"@id\":\"https:\\\/\\\/www.meydan.tv\\\/az\\\/article\\\/kiyevde-bulqakovun-muzeyi-baglana-biler\\\/#article\",\"isPartOf\":{\"@id\":\"https:\\\/\\\/www.meydan.tv\\\/az\\\/article\\\/kiyevde-bulqakovun-muzeyi-baglana-biler\\\/\"},\"author\":{\"name\":\"elli\",\"@id\":\"https:\\\/\\\/www.meydan.tv\\\/az\\\/#\\\/schema\\\/person\\\/9cdbecf90d17180ce1dfbd95b08dcf47\"},\"headline\":\"Kiyevd\u0259 Bulqakovun muzeyi ba\u011flana bil\u0259r\",\"datePublished\":\"2022-09-01T12:27:48+00:00\",\"dateModified\":\"2022-09-01T12:27:50+00:00\",\"mainEntityOfPage\":{\"@id\":\"https:\\\/\\\/www.meydan.tv\\\/az\\\/article\\\/kiyevde-bulqakovun-muzeyi-baglana-biler\\\/\"},\"wordCount\":360,\"publisher\":{\"@id\":\"https:\\\/\\\/www.meydan.tv\\\/az\\\/#organization\"},\"image\":{\"@id\":\"https:\\\/\\\/www.meydan.tv\\\/az\\\/article\\\/kiyevde-bulqakovun-muzeyi-baglana-biler\\\/#primaryimage\"},\"thumbnailUrl\":\"https:\\\/\\\/www.meydan.tv\\\/wp-content\\\/uploads\\\/g4nav.jpg\",\"articleSection\":[\"M\u0259d\u0259niyy\u0259t\",\"X\u0259b\u0259rl\u0259r\"],\"inLanguage\":\"az\"},{\"@type\":\"WebPage\",\"@id\":\"https:\\\/\\\/www.meydan.tv\\\/az\\\/article\\\/kiyevde-bulqakovun-muzeyi-baglana-biler\\\/\",\"url\":\"https:\\\/\\\/www.meydan.tv\\\/az\\\/article\\\/kiyevde-bulqakovun-muzeyi-baglana-biler\\\/\",\"name\":\"Kiyevd\u0259 Bulqakovun muzeyi ba\u011flana bil\u0259r - MEYDAN.TV\",\"isPartOf\":{\"@id\":\"https:\\\/\\\/www.meydan.tv\\\/az\\\/#website\"},\"primaryImageOfPage\":{\"@id\":\"https:\\\/\\\/www.meydan.tv\\\/az\\\/article\\\/kiyevde-bulqakovun-muzeyi-baglana-biler\\\/#primaryimage\"},\"image\":{\"@id\":\"https:\\\/\\\/www.meydan.tv\\\/az\\\/article\\\/kiyevde-bulqakovun-muzeyi-baglana-biler\\\/#primaryimage\"},\"thumbnailUrl\":\"https:\\\/\\\/www.meydan.tv\\\/wp-content\\\/uploads\\\/g4nav.jpg\",\"datePublished\":\"2022-09-01T12:27:48+00:00\",\"dateModified\":\"2022-09-01T12:27:50+00:00\",\"breadcrumb\":{\"@id\":\"https:\\\/\\\/www.meydan.tv\\\/az\\\/article\\\/kiyevde-bulqakovun-muzeyi-baglana-biler\\\/#breadcrumb\"},\"inLanguage\":\"az\",\"potentialAction\":[{\"@type\":\"ReadAction\",\"target\":[\"https:\\\/\\\/www.meydan.tv\\\/az\\\/article\\\/kiyevde-bulqakovun-muzeyi-baglana-biler\\\/\"]}]},{\"@type\":\"ImageObject\",\"inLanguage\":\"az\",\"@id\":\"https:\\\/\\\/www.meydan.tv\\\/az\\\/article\\\/kiyevde-bulqakovun-muzeyi-baglana-biler\\\/#primaryimage\",\"url\":\"https:\\\/\\\/www.meydan.tv\\\/wp-content\\\/uploads\\\/g4nav.jpg\",\"contentUrl\":\"https:\\\/\\\/www.meydan.tv\\\/wp-content\\\/uploads\\\/g4nav.jpg\",\"width\":1337,\"height\":701,\"caption\":\"Mixail Bulqakovun muzeyi. M\u0259nb\u0259: \\\"nspu.com.ua\\\"\"},{\"@type\":\"BreadcrumbList\",\"@id\":\"https:\\\/\\\/www.meydan.tv\\\/az\\\/article\\\/kiyevde-bulqakovun-muzeyi-baglana-biler\\\/#breadcrumb\",\"itemListElement\":[{\"@type\":\"ListItem\",\"position\":1,\"name\":\"Ana s\u0259hif\u0259\",\"item\":\"https:\\\/\\\/www.meydan.tv\\\/az\\\/\"},{\"@type\":\"ListItem\",\"position\":2,\"name\":\"M\u0259d\u0259niyy\u0259t\",\"item\":\"https:\\\/\\\/www.meydan.tv\\\/az\\\/section\\\/medeniyyet\\\/\"},{\"@type\":\"ListItem\",\"position\":3,\"name\":\"Kiyevd\u0259 Bulqakovun muzeyi ba\u011flana bil\u0259r\"}]},{\"@type\":\"WebSite\",\"@id\":\"https:\\\/\\\/www.meydan.tv\\\/az\\\/#website\",\"url\":\"https:\\\/\\\/www.meydan.tv\\\/az\\\/\",\"name\":\"MEYDAN.TV\",\"description\":\"Meydan TV Az\u0259rbaycan\u0131n media m\u0259kan\u0131ndak\u0131 alternativ s\u0259sidir\",\"publisher\":{\"@id\":\"https:\\\/\\\/www.meydan.tv\\\/az\\\/#organization\"},\"potentialAction\":[{\"@type\":\"SearchAction\",\"target\":{\"@type\":\"EntryPoint\",\"urlTemplate\":\"https:\\\/\\\/www.meydan.tv\\\/az\\\/?s={search_term_string}\"},\"query-input\":{\"@type\":\"PropertyValueSpecification\",\"valueRequired\":true,\"valueName\":\"search_term_string\"}}],\"inLanguage\":\"az\"},{\"@type\":\"Organization\",\"@id\":\"https:\\\/\\\/www.meydan.tv\\\/az\\\/#organization\",\"name\":\"Meydan TV\",\"url\":\"https:\\\/\\\/www.meydan.tv\\\/az\\\/\",\"logo\":{\"@type\":\"ImageObject\",\"inLanguage\":\"az\",\"@id\":\"https:\\\/\\\/www.meydan.tv\\\/az\\\/#\\\/schema\\\/logo\\\/image\\\/\",\"url\":\"https:\\\/\\\/www.meydan.tv\\\/wp-content\\\/uploads\\\/2021\\\/07\\\/meydan-logo.svg\",\"contentUrl\":\"https:\\\/\\\/www.meydan.tv\\\/wp-content\\\/uploads\\\/2021\\\/07\\\/meydan-logo.svg\",\"width\":195,\"height\":46,\"caption\":\"Meydan TV\"},\"image\":{\"@id\":\"https:\\\/\\\/www.meydan.tv\\\/az\\\/#\\\/schema\\\/logo\\\/image\\\/\"}},{\"@type\":\"Person\",\"@id\":\"https:\\\/\\\/www.meydan.tv\\\/az\\\/#\\\/schema\\\/person\\\/9cdbecf90d17180ce1dfbd95b08dcf47\",\"name\":\"elli\",\"sameAs\":[\"https:\\\/\\\/x.com\\\/elli\"]}]}<\/script>\n<!-- \/ Yoast SEO plugin. -->","yoast_head_json":{"title":"Kiyevd\u0259 Bulqakovun muzeyi ba\u011flana bil\u0259r - MEYDAN.TV","robots":{"index":"index","follow":"follow","max-snippet":"max-snippet:-1","max-image-preview":"max-image-preview:large","max-video-preview":"max-video-preview:-1"},"canonical":"https:\/\/www.meydan.tv\/az\/article\/kiyevde-bulqakovun-muzeyi-baglana-biler\/","og_locale":"az_AZ","og_type":"article","og_title":"Kiyevd\u0259 Bulqakovun muzeyi ba\u011flana bil\u0259r - MEYDAN.TV","og_description":"Yaz\u0131\u00e7\u0131 Ukraynaya nifr\u0259t etm\u0259kd\u0259 ittiham edilib Ukrayna Milli Yaz\u0131\u00e7\u0131lar \u0130ttifaq\u0131 ... Davam\u0131","og_url":"https:\/\/www.meydan.tv\/az\/article\/kiyevde-bulqakovun-muzeyi-baglana-biler\/","og_site_name":"MEYDAN.TV","article_published_time":"2022-09-01T12:27:48+00:00","article_modified_time":"2022-09-01T12:27:50+00:00","og_image":[{"width":1337,"height":701,"url":"https:\/\/www.meydan.tv\/wp-content\/uploads\/g4nav.jpg","type":"image\/jpeg"}],"author":"elli","twitter_card":"summary_large_image","twitter_creator":"@elli","schema":{"@context":"https:\/\/schema.org","@graph":[{"@type":"Article","@id":"https:\/\/www.meydan.tv\/az\/article\/kiyevde-bulqakovun-muzeyi-baglana-biler\/#article","isPartOf":{"@id":"https:\/\/www.meydan.tv\/az\/article\/kiyevde-bulqakovun-muzeyi-baglana-biler\/"},"author":{"name":"elli","@id":"https:\/\/www.meydan.tv\/az\/#\/schema\/person\/9cdbecf90d17180ce1dfbd95b08dcf47"},"headline":"Kiyevd\u0259 Bulqakovun muzeyi ba\u011flana bil\u0259r","datePublished":"2022-09-01T12:27:48+00:00","dateModified":"2022-09-01T12:27:50+00:00","mainEntityOfPage":{"@id":"https:\/\/www.meydan.tv\/az\/article\/kiyevde-bulqakovun-muzeyi-baglana-biler\/"},"wordCount":360,"publisher":{"@id":"https:\/\/www.meydan.tv\/az\/#organization"},"image":{"@id":"https:\/\/www.meydan.tv\/az\/article\/kiyevde-bulqakovun-muzeyi-baglana-biler\/#primaryimage"},"thumbnailUrl":"https:\/\/www.meydan.tv\/wp-content\/uploads\/g4nav.jpg","articleSection":["M\u0259d\u0259niyy\u0259t","X\u0259b\u0259rl\u0259r"],"inLanguage":"az"},{"@type":"WebPage","@id":"https:\/\/www.meydan.tv\/az\/article\/kiyevde-bulqakovun-muzeyi-baglana-biler\/","url":"https:\/\/www.meydan.tv\/az\/article\/kiyevde-bulqakovun-muzeyi-baglana-biler\/","name":"Kiyevd\u0259 Bulqakovun muzeyi ba\u011flana bil\u0259r - MEYDAN.TV","isPartOf":{"@id":"https:\/\/www.meydan.tv\/az\/#website"},"primaryImageOfPage":{"@id":"https:\/\/www.meydan.tv\/az\/article\/kiyevde-bulqakovun-muzeyi-baglana-biler\/#primaryimage"},"image":{"@id":"https:\/\/www.meydan.tv\/az\/article\/kiyevde-bulqakovun-muzeyi-baglana-biler\/#primaryimage"},"thumbnailUrl":"https:\/\/www.meydan.tv\/wp-content\/uploads\/g4nav.jpg","datePublished":"2022-09-01T12:27:48+00:00","dateModified":"2022-09-01T12:27:50+00:00","breadcrumb":{"@id":"https:\/\/www.meydan.tv\/az\/article\/kiyevde-bulqakovun-muzeyi-baglana-biler\/#breadcrumb"},"inLanguage":"az","potentialAction":[{"@type":"ReadAction","target":["https:\/\/www.meydan.tv\/az\/article\/kiyevde-bulqakovun-muzeyi-baglana-biler\/"]}]},{"@type":"ImageObject","inLanguage":"az","@id":"https:\/\/www.meydan.tv\/az\/article\/kiyevde-bulqakovun-muzeyi-baglana-biler\/#primaryimage","url":"https:\/\/www.meydan.tv\/wp-content\/uploads\/g4nav.jpg","contentUrl":"https:\/\/www.meydan.tv\/wp-content\/uploads\/g4nav.jpg","width":1337,"height":701,"caption":"Mixail Bulqakovun muzeyi. M\u0259nb\u0259: \"nspu.com.ua\""},{"@type":"BreadcrumbList","@id":"https:\/\/www.meydan.tv\/az\/article\/kiyevde-bulqakovun-muzeyi-baglana-biler\/#breadcrumb","itemListElement":[{"@type":"ListItem","position":1,"name":"Ana s\u0259hif\u0259","item":"https:\/\/www.meydan.tv\/az\/"},{"@type":"ListItem","position":2,"name":"M\u0259d\u0259niyy\u0259t","item":"https:\/\/www.meydan.tv\/az\/section\/medeniyyet\/"},{"@type":"ListItem","position":3,"name":"Kiyevd\u0259 Bulqakovun muzeyi ba\u011flana bil\u0259r"}]},{"@type":"WebSite","@id":"https:\/\/www.meydan.tv\/az\/#website","url":"https:\/\/www.meydan.tv\/az\/","name":"MEYDAN.TV","description":"Meydan TV Az\u0259rbaycan\u0131n media m\u0259kan\u0131ndak\u0131 alternativ s\u0259sidir","publisher":{"@id":"https:\/\/www.meydan.tv\/az\/#organization"},"potentialAction":[{"@type":"SearchAction","target":{"@type":"EntryPoint","urlTemplate":"https:\/\/www.meydan.tv\/az\/?s={search_term_string}"},"query-input":{"@type":"PropertyValueSpecification","valueRequired":true,"valueName":"search_term_string"}}],"inLanguage":"az"},{"@type":"Organization","@id":"https:\/\/www.meydan.tv\/az\/#organization","name":"Meydan TV","url":"https:\/\/www.meydan.tv\/az\/","logo":{"@type":"ImageObject","inLanguage":"az","@id":"https:\/\/www.meydan.tv\/az\/#\/schema\/logo\/image\/","url":"https:\/\/www.meydan.tv\/wp-content\/uploads\/2021\/07\/meydan-logo.svg","contentUrl":"https:\/\/www.meydan.tv\/wp-content\/uploads\/2021\/07\/meydan-logo.svg","width":195,"height":46,"caption":"Meydan TV"},"image":{"@id":"https:\/\/www.meydan.tv\/az\/#\/schema\/logo\/image\/"}},{"@type":"Person","@id":"https:\/\/www.meydan.tv\/az\/#\/schema\/person\/9cdbecf90d17180ce1dfbd95b08dcf47","name":"elli","sameAs":["https:\/\/x.com\/elli"]}]}},"_links":{"self":[{"href":"https:\/\/www.meydan.tv\/az\/wp-json\/wp\/v2\/posts\/254704","targetHints":{"allow":["GET"]}}],"collection":[{"href":"https:\/\/www.meydan.tv\/az\/wp-json\/wp\/v2\/posts"}],"about":[{"href":"https:\/\/www.meydan.tv\/az\/wp-json\/wp\/v2\/types\/post"}],"author":[{"embeddable":true,"href":"https:\/\/www.meydan.tv\/az\/wp-json\/wp\/v2\/users\/8"}],"replies":[{"embeddable":true,"href":"https:\/\/www.meydan.tv\/az\/wp-json\/wp\/v2\/comments?post=254704"}],"version-history":[{"count":1,"href":"https:\/\/www.meydan.tv\/az\/wp-json\/wp\/v2\/posts\/254704\/revisions"}],"predecessor-version":[{"id":254708,"href":"https:\/\/www.meydan.tv\/az\/wp-json\/wp\/v2\/posts\/254704\/revisions\/254708"}],"wp:featuredmedia":[{"embeddable":true,"href":"https:\/\/www.meydan.tv\/az\/wp-json\/wp\/v2\/media\/254705"}],"wp:attachment":[{"href":"https:\/\/www.meydan.tv\/az\/wp-json\/wp\/v2\/media?parent=254704"}],"wp:term":[{"taxonomy":"category","embeddable":true,"href":"https:\/\/www.meydan.tv\/az\/wp-json\/wp\/v2\/categories?post=254704"},{"taxonomy":"post_tag","embeddable":true,"href":"https:\/\/www.meydan.tv\/az\/wp-json\/wp\/v2\/tags?post=254704"}],"curies":[{"name":"wp","href":"https:\/\/api.w.org\/{rel}","templated":true}]}}