{"id":254684,"date":"2022-09-01T15:32:08","date_gmt":"2022-09-01T11:32:08","guid":{"rendered":"https:\/\/www.meydan.tv\/?p=254684"},"modified":"2022-09-01T15:40:27","modified_gmt":"2022-09-01T11:40:27","slug":"zaqatalada-da-meseler-yanir","status":"publish","type":"post","link":"https:\/\/www.meydan.tv\/az\/article\/zaqatalada-da-meseler-yanir\/","title":{"rendered":"Zaqatalada da me\u015f\u0259l\u0259r yan\u0131r"},"content":{"rendered":"\n<p><\/p>\n\n\n\n<p><em>Yan\u011f\u0131n\u0131n s\u00f6nd\u00fcr\u00fclm\u0259sin\u0259 k\u0259ndlil\u0259r d\u0259 qo\u015fulub<\/em><\/p>\n\n\n\n<p>Zaqatalan\u0131n Yuxar\u0131 Tala k\u0259ndi yax\u0131nl\u0131\u011f\u0131ndak\u0131 da\u011fl\u0131q-me\u015f\u0259lik \u0259razil\u0259rd\u0259 bir ne\u00e7\u0259 g\u00fcnd\u00fcr yan\u011f\u0131n ba\u015flay\u0131b.<\/p>\n\n\n\n<p>A\u00e7\u0131qlanan r\u0259smi m\u0259lumatda bildirilib ki, \u0259razinin relyefi m\u00fcr\u0259kk\u0259b olmas\u0131 yan\u011f\u0131n\u0131n s\u00f6nd\u00fcr\u00fclm\u0259sini \u00e7\u0259tinl\u0259\u015fdirib.<\/p>\n\n\n\n<p>F\u00f6vq\u0259lad\u0259 Hallar Nazirliyinin (FHN) yayd\u0131\u011f\u0131 <a href=\"https:\/\/www.fhn.gov.az\/index.php?aze\/news\/xeber\/2022\/8\/31\/45280\" target=\"_blank\" rel=\"noreferrer noopener\">a\u00e7\u0131qlama<\/a>da qeyd edilir ki, havan\u0131n isti v\u0259 k\u00fcl\u0259kli olmas\u0131, relyefin m\u00fcr\u0259kk\u0259bliyi yan\u011f\u0131n\u0131n s\u00f6nd\u00fcr\u00fclm\u0259sini \u00e7\u0259tinl\u0259\u015fdirs\u0259 d\u0259, yan\u011f\u0131nla m\u00fcbariz\u0259 t\u0259dbirl\u0259ri davam etdirilir:<\/p>\n\n\n\n<p>\u201cHaz\u0131rda yan\u011f\u0131n\u0131n s\u00f6nd\u00fcr\u00fclm\u0259si \u0259m\u0259liyyat\u0131nda F\u00f6vq\u0259lad\u0259 Hallar Nazirliyi D\u00f6vl\u0259t Yan\u011f\u0131ndan M\u00fchafiz\u0259 Xidm\u0259tinin m\u00fcvafiq q\u00fcvv\u0259l\u0259ri v\u0259 Aviasiya d\u0259st\u0259sinin 2 \u0259d\u0259d helikopteri, habel\u0259 Ekologiya v\u0259 T\u0259bii S\u0259rv\u0259tl\u0259r Nazirliyi Me\u015f\u0259 T\u0259s\u0259rr\u00fcfat\u0131 M\u0259rk\u0259zinin \u0259m\u0259kda\u015flar\u0131 v\u0259 bir qrup k\u0259nd sakini i\u015ftirak edir\u201d.<\/p>\n\n\n\n<p>Yuxar\u0131 Tala sakinl\u0259rinin Meydan TV-y\u0259 verdiyi m\u0259lumata g\u00f6r\u0259, yan\u011f\u0131n k\u0259ndin yax\u0131nl\u0131\u011f\u0131ndad\u0131r v\u0259 insanlarda k\u0259nd\u0259 yax\u0131nla\u015fmas\u0131 il\u0259 ba\u011fl\u0131 qorxu var: \u201cKe\u00e7\u0259n d\u0259f\u0259 \u015eabranda evl\u0259r\u0259 ke\u00e7mi\u015fdi. \u00dcmid edirik ki, qar\u015f\u0131s\u0131 tezlikl\u0259 al\u0131nar\u201d.<\/p>\n\n\n\n<p>K\u0259nd sakinl\u0259ri onu da bildiribl\u0259r ki, yan\u011f\u0131n\u0131n s\u00f6nd\u00fcr\u00fclm\u0259sin\u0259 k\u0259ndlil\u0259r d\u0259 qo\u015fulub v\u0259 \u0259ll\u0259rind\u0259n g\u0259l\u0259ni edirl\u0259r: \u201cB\u00fct\u00fcn gec\u0259ni k\u0259ndin ki\u015fil\u0259ri me\u015f\u0259l\u0259rd\u0259, da\u011flarda yan\u011f\u0131n\u0131n s\u00f6nd\u00fcr\u00fclm\u0259sin\u0259 d\u0259st\u0259k olub. Ham\u0131n\u0131n t\u0259k ist\u0259yi tezlikl\u0259 yan\u011f\u0131n\u0131n qar\u015f\u0131s\u0131n\u0131n al\u0131nmas\u0131d\u0131r\u201d.<\/p>\n\n\n\n<p>Ekoaktivist Cavid qara is\u0259 \u201cEcofront\u201d s\u0259hif\u0259sind\u0259 <a href=\"https:\/\/www.facebook.com\/ecofront.az\/posts\/pfbid02sE5QYTWVW4yHUqNg2HqxSTLAKE1cyJZcCgMSi4pQ2MABas1fZZv4gqUVj33yE9Exl\" target=\"_blank\" rel=\"noreferrer noopener\">yaz\u0131r<\/a> ki, Zaqataladak\u0131 yan\u011f\u0131n q\u0259sd\u0259n t\u00f6r\u0259dilib.<\/p>\n\n\n\n<p>Onun s\u00f6zl\u0259rin\u0259 g\u00f6r\u0259, gedi\u015f-g\u0259li\u015f olmayan yerd\u0259 yamac\u0131n ortas\u0131nda yan\u011f\u0131n ba\u015flamas\u0131n\u0131n ba\u015fqa s\u0259b\u0259bi yoxdur: \u201cQ\u0259sdin s\u0259b\u0259bi d\u0259 qar\u015f\u0131dak\u0131 g\u00fcnl\u0259rd\u0259 ayd\u0131n olacaq. D\u0259rd odur ki, Zaqatala \u015f\u0259h\u0259rinin yax\u0131nl\u0131\u011f\u0131nda g\u00fcn\u00fcn g\u00fcnorta vaxt\u0131 ki\u00e7ik bir yan\u011f\u0131n\u0131 vaxt\u0131nda s\u00f6nd\u00fcr\u0259 bilm\u0259dil\u0259r. Bu, ETSN-in v\u0259 FHN-nin birg\u0259 biab\u0131r\u00e7\u0131l\u0131\u011f\u0131d\u0131r\u201d.<\/p>\n\n\n\n<p>Cavid Qara bildirib ki, yan\u011f\u0131n qon\u015fu d\u0259r\u0259l\u0259r\u0259 ke\u00e7m\u0259mi\u015f su ayr\u0131c\u0131nda lokalla\u015fd\u0131r\u0131la bil\u0259r. Yoxsa sonra \u00e7ox \u00e7\u0259tin olacaq: \u201cB\u00fct\u00fcn resurslar\u0131 s\u0259f\u0259rb\u0259r etm\u0259k laz\u0131md\u0131r\u201d.<\/p>\n\n\n\n<p>Avqustun 15-d\u0259 \u015eabran\u0131n X\u0259lf\u0259l\u0259r k\u0259ndinin \u0259kin sah\u0259sind\u0259 d\u0259 yan\u011f\u0131n ba\u015flam\u0131\u015fd\u0131.<\/p>\n\n\n\n<p>Tezlikl\u0259 \u0259hat\u0259si geni\u015fl\u0259n\u0259n yan\u011f\u0131b s\u00fcr\u0259tl\u0259 rayonun Da\u011fbilici, Mumlu, Z\u00f6hraml\u0131 k\u0259ndl\u0259rin\u0259 yay\u0131lm\u0131\u015fd\u0131.<\/p>\n\n\n\n<p>N\u0259tic\u0259d\u0259 10-dan \u00e7ox t\u0259s\u0259rr\u00fcfata z\u0259r\u0259r d\u0259ymi\u015fdi, bir ne\u00e7\u0259 ev tamamil\u0259 yan\u0131b k\u00fcl\u0259 d\u00f6nm\u00fc\u015fd\u00fc v\u0259 heyvanlar \u00f6lm\u00fc\u015fd\u00fc.<\/p>\n\n\n\n<p>FHN-in a\u00e7\u0131qlamas\u0131na <a href=\"https:\/\/www.meydan.tv\/az\/article\/fhn-siyezen-ve-sabranda-yanginlar-sondurulub\/\" target=\"_blank\" rel=\"noreferrer noopener\">g\u00f6r\u0259<\/a>, yan\u011f\u0131nlar n\u0259tic\u0259sind\u0259 \u015eabranda t\u0259xmin\u0259n 40 hektar me\u015f\u0259 v\u0259 me\u015f\u0259\u0259traf\u0131 sah\u0259 yan\u0131b.<\/p>\n\n\n\n<p>Eyni zamanda, \u00f6t\u0259n ay Quba \u0259razisind\u0259 d\u0259 me\u015f\u0259lik b\u00f6lg\u0259l\u0259rd\u0259 yan\u011f\u0131n qeyd\u0259 al\u0131nm\u0131\u015fd\u0131.<\/p>\n\n\n\n<p>G\u00fcnl\u0259rl\u0259 \u00e7\u0259k\u0259n s\u00f6nd\u00fcrm\u0259 \u0259m\u0259liyyatlar\u0131ndan sonra \u00e7\u0259tinlikl\u0259 qar\u015f\u0131s\u0131 al\u0131nm\u0131\u015fd\u0131.<\/p>\n","protected":false},"excerpt":{"rendered":"<p>Yan\u011f\u0131n\u0131n s\u00f6nd\u00fcr\u00fclm\u0259sin\u0259 k\u0259ndlil\u0259r d\u0259 qo\u015fulub Zaqatalan\u0131n Yuxar\u0131 Tala k\u0259ndi yax\u0131nl\u0131\u011f\u0131ndak\u0131 &#8230; <\/p>\n<p class=\"read-more-container\"><a title=\"Zaqatalada da me\u015f\u0259l\u0259r yan\u0131r\" class=\"read-more button\" href=\"https:\/\/www.meydan.tv\/az\/article\/zaqatalada-da-meseler-yanir\/#more-254684\" aria-label=\"Read more about Zaqatalada da me\u015f\u0259l\u0259r yan\u0131r\">Davam\u0131<\/a><\/p>\n","protected":false},"author":8,"featured_media":254685,"comment_status":"closed","ping_status":"closed","sticky":false,"template":"","format":"standard","meta":{"_acf_changed":false,"_sitemap_exclude":false,"_sitemap_priority":"","_sitemap_frequency":"","footnotes":""},"categories":[60,56],"tags":[],"class_list":["post-254684","post","type-post","status-publish","format-standard","has-post-thumbnail","hentry","category-bolge","category-xeberler","infinite-scroll-item","generate-columns","tablet-grid-50","mobile-grid-100","grid-parent","grid-33","no-featured-image-padding"],"acf":[],"yoast_head":"<!-- This site is optimized with the Yoast SEO plugin v27.5 - https:\/\/yoast.com\/product\/yoast-seo-wordpress\/ -->\n<title>Zaqatalada da me\u015f\u0259l\u0259r yan\u0131r - MEYDAN.TV<\/title>\n<meta name=\"robots\" content=\"index, follow, max-snippet:-1, max-image-preview:large, max-video-preview:-1\" \/>\n<link rel=\"canonical\" href=\"https:\/\/www.meydan.tv\/az\/article\/zaqatalada-da-meseler-yanir\/\" \/>\n<meta property=\"og:locale\" content=\"az_AZ\" \/>\n<meta property=\"og:type\" content=\"article\" \/>\n<meta property=\"og:title\" content=\"Zaqatalada da me\u015f\u0259l\u0259r yan\u0131r - MEYDAN.TV\" \/>\n<meta property=\"og:description\" content=\"Yan\u011f\u0131n\u0131n s\u00f6nd\u00fcr\u00fclm\u0259sin\u0259 k\u0259ndlil\u0259r d\u0259 qo\u015fulub Zaqatalan\u0131n Yuxar\u0131 Tala k\u0259ndi yax\u0131nl\u0131\u011f\u0131ndak\u0131 ... Davam\u0131\" \/>\n<meta property=\"og:url\" content=\"https:\/\/www.meydan.tv\/az\/article\/zaqatalada-da-meseler-yanir\/\" \/>\n<meta property=\"og:site_name\" content=\"MEYDAN.TV\" \/>\n<meta property=\"article:published_time\" content=\"2022-09-01T11:32:08+00:00\" \/>\n<meta property=\"article:modified_time\" content=\"2022-09-01T11:40:27+00:00\" \/>\n<meta property=\"og:image\" content=\"https:\/\/www.meydan.tv\/wp-content\/uploads\/304805724_5377466015635553_8356448740476909967_n.jpg\" \/>\n\t<meta property=\"og:image:width\" content=\"1200\" \/>\n\t<meta property=\"og:image:height\" content=\"770\" \/>\n\t<meta property=\"og:image:type\" content=\"image\/jpeg\" \/>\n<meta name=\"author\" content=\"elli\" \/>\n<meta name=\"twitter:card\" content=\"summary_large_image\" \/>\n<meta name=\"twitter:creator\" content=\"@elli\" \/>\n<script type=\"application\/ld+json\" class=\"yoast-schema-graph\">{\"@context\":\"https:\\\/\\\/schema.org\",\"@graph\":[{\"@type\":\"Article\",\"@id\":\"https:\\\/\\\/www.meydan.tv\\\/az\\\/article\\\/zaqatalada-da-meseler-yanir\\\/#article\",\"isPartOf\":{\"@id\":\"https:\\\/\\\/www.meydan.tv\\\/az\\\/article\\\/zaqatalada-da-meseler-yanir\\\/\"},\"author\":{\"name\":\"elli\",\"@id\":\"https:\\\/\\\/www.meydan.tv\\\/az\\\/#\\\/schema\\\/person\\\/9cdbecf90d17180ce1dfbd95b08dcf47\"},\"headline\":\"Zaqatalada da me\u015f\u0259l\u0259r yan\u0131r\",\"datePublished\":\"2022-09-01T11:32:08+00:00\",\"dateModified\":\"2022-09-01T11:40:27+00:00\",\"mainEntityOfPage\":{\"@id\":\"https:\\\/\\\/www.meydan.tv\\\/az\\\/article\\\/zaqatalada-da-meseler-yanir\\\/\"},\"wordCount\":591,\"publisher\":{\"@id\":\"https:\\\/\\\/www.meydan.tv\\\/az\\\/#organization\"},\"image\":{\"@id\":\"https:\\\/\\\/www.meydan.tv\\\/az\\\/article\\\/zaqatalada-da-meseler-yanir\\\/#primaryimage\"},\"thumbnailUrl\":\"https:\\\/\\\/www.meydan.tv\\\/wp-content\\\/uploads\\\/304805724_5377466015635553_8356448740476909967_n.jpg\",\"articleSection\":[\"B\u00f6lg\u0259\",\"X\u0259b\u0259rl\u0259r\"],\"inLanguage\":\"az\"},{\"@type\":\"WebPage\",\"@id\":\"https:\\\/\\\/www.meydan.tv\\\/az\\\/article\\\/zaqatalada-da-meseler-yanir\\\/\",\"url\":\"https:\\\/\\\/www.meydan.tv\\\/az\\\/article\\\/zaqatalada-da-meseler-yanir\\\/\",\"name\":\"Zaqatalada da me\u015f\u0259l\u0259r yan\u0131r - MEYDAN.TV\",\"isPartOf\":{\"@id\":\"https:\\\/\\\/www.meydan.tv\\\/az\\\/#website\"},\"primaryImageOfPage\":{\"@id\":\"https:\\\/\\\/www.meydan.tv\\\/az\\\/article\\\/zaqatalada-da-meseler-yanir\\\/#primaryimage\"},\"image\":{\"@id\":\"https:\\\/\\\/www.meydan.tv\\\/az\\\/article\\\/zaqatalada-da-meseler-yanir\\\/#primaryimage\"},\"thumbnailUrl\":\"https:\\\/\\\/www.meydan.tv\\\/wp-content\\\/uploads\\\/304805724_5377466015635553_8356448740476909967_n.jpg\",\"datePublished\":\"2022-09-01T11:32:08+00:00\",\"dateModified\":\"2022-09-01T11:40:27+00:00\",\"breadcrumb\":{\"@id\":\"https:\\\/\\\/www.meydan.tv\\\/az\\\/article\\\/zaqatalada-da-meseler-yanir\\\/#breadcrumb\"},\"inLanguage\":\"az\",\"potentialAction\":[{\"@type\":\"ReadAction\",\"target\":[\"https:\\\/\\\/www.meydan.tv\\\/az\\\/article\\\/zaqatalada-da-meseler-yanir\\\/\"]}]},{\"@type\":\"ImageObject\",\"inLanguage\":\"az\",\"@id\":\"https:\\\/\\\/www.meydan.tv\\\/az\\\/article\\\/zaqatalada-da-meseler-yanir\\\/#primaryimage\",\"url\":\"https:\\\/\\\/www.meydan.tv\\\/wp-content\\\/uploads\\\/304805724_5377466015635553_8356448740476909967_n.jpg\",\"contentUrl\":\"https:\\\/\\\/www.meydan.tv\\\/wp-content\\\/uploads\\\/304805724_5377466015635553_8356448740476909967_n.jpg\",\"width\":1200,\"height\":770,\"caption\":\"M\u0259nb\u0259: \\\"Facebook\\\"\"},{\"@type\":\"BreadcrumbList\",\"@id\":\"https:\\\/\\\/www.meydan.tv\\\/az\\\/article\\\/zaqatalada-da-meseler-yanir\\\/#breadcrumb\",\"itemListElement\":[{\"@type\":\"ListItem\",\"position\":1,\"name\":\"Ana s\u0259hif\u0259\",\"item\":\"https:\\\/\\\/www.meydan.tv\\\/az\\\/\"},{\"@type\":\"ListItem\",\"position\":2,\"name\":\"B\u00f6lg\u0259\",\"item\":\"https:\\\/\\\/www.meydan.tv\\\/az\\\/section\\\/bolge\\\/\"},{\"@type\":\"ListItem\",\"position\":3,\"name\":\"Zaqatalada da me\u015f\u0259l\u0259r yan\u0131r\"}]},{\"@type\":\"WebSite\",\"@id\":\"https:\\\/\\\/www.meydan.tv\\\/az\\\/#website\",\"url\":\"https:\\\/\\\/www.meydan.tv\\\/az\\\/\",\"name\":\"MEYDAN.TV\",\"description\":\"Meydan TV Az\u0259rbaycan\u0131n media m\u0259kan\u0131ndak\u0131 alternativ s\u0259sidir\",\"publisher\":{\"@id\":\"https:\\\/\\\/www.meydan.tv\\\/az\\\/#organization\"},\"potentialAction\":[{\"@type\":\"SearchAction\",\"target\":{\"@type\":\"EntryPoint\",\"urlTemplate\":\"https:\\\/\\\/www.meydan.tv\\\/az\\\/?s={search_term_string}\"},\"query-input\":{\"@type\":\"PropertyValueSpecification\",\"valueRequired\":true,\"valueName\":\"search_term_string\"}}],\"inLanguage\":\"az\"},{\"@type\":\"Organization\",\"@id\":\"https:\\\/\\\/www.meydan.tv\\\/az\\\/#organization\",\"name\":\"Meydan TV\",\"url\":\"https:\\\/\\\/www.meydan.tv\\\/az\\\/\",\"logo\":{\"@type\":\"ImageObject\",\"inLanguage\":\"az\",\"@id\":\"https:\\\/\\\/www.meydan.tv\\\/az\\\/#\\\/schema\\\/logo\\\/image\\\/\",\"url\":\"https:\\\/\\\/www.meydan.tv\\\/wp-content\\\/uploads\\\/2021\\\/07\\\/meydan-logo.svg\",\"contentUrl\":\"https:\\\/\\\/www.meydan.tv\\\/wp-content\\\/uploads\\\/2021\\\/07\\\/meydan-logo.svg\",\"width\":195,\"height\":46,\"caption\":\"Meydan TV\"},\"image\":{\"@id\":\"https:\\\/\\\/www.meydan.tv\\\/az\\\/#\\\/schema\\\/logo\\\/image\\\/\"}},{\"@type\":\"Person\",\"@id\":\"https:\\\/\\\/www.meydan.tv\\\/az\\\/#\\\/schema\\\/person\\\/9cdbecf90d17180ce1dfbd95b08dcf47\",\"name\":\"elli\",\"sameAs\":[\"https:\\\/\\\/x.com\\\/elli\"]}]}<\/script>\n<!-- \/ Yoast SEO plugin. -->","yoast_head_json":{"title":"Zaqatalada da me\u015f\u0259l\u0259r yan\u0131r - MEYDAN.TV","robots":{"index":"index","follow":"follow","max-snippet":"max-snippet:-1","max-image-preview":"max-image-preview:large","max-video-preview":"max-video-preview:-1"},"canonical":"https:\/\/www.meydan.tv\/az\/article\/zaqatalada-da-meseler-yanir\/","og_locale":"az_AZ","og_type":"article","og_title":"Zaqatalada da me\u015f\u0259l\u0259r yan\u0131r - MEYDAN.TV","og_description":"Yan\u011f\u0131n\u0131n s\u00f6nd\u00fcr\u00fclm\u0259sin\u0259 k\u0259ndlil\u0259r d\u0259 qo\u015fulub Zaqatalan\u0131n Yuxar\u0131 Tala k\u0259ndi yax\u0131nl\u0131\u011f\u0131ndak\u0131 ... Davam\u0131","og_url":"https:\/\/www.meydan.tv\/az\/article\/zaqatalada-da-meseler-yanir\/","og_site_name":"MEYDAN.TV","article_published_time":"2022-09-01T11:32:08+00:00","article_modified_time":"2022-09-01T11:40:27+00:00","og_image":[{"width":1200,"height":770,"url":"https:\/\/www.meydan.tv\/wp-content\/uploads\/304805724_5377466015635553_8356448740476909967_n.jpg","type":"image\/jpeg"}],"author":"elli","twitter_card":"summary_large_image","twitter_creator":"@elli","schema":{"@context":"https:\/\/schema.org","@graph":[{"@type":"Article","@id":"https:\/\/www.meydan.tv\/az\/article\/zaqatalada-da-meseler-yanir\/#article","isPartOf":{"@id":"https:\/\/www.meydan.tv\/az\/article\/zaqatalada-da-meseler-yanir\/"},"author":{"name":"elli","@id":"https:\/\/www.meydan.tv\/az\/#\/schema\/person\/9cdbecf90d17180ce1dfbd95b08dcf47"},"headline":"Zaqatalada da me\u015f\u0259l\u0259r yan\u0131r","datePublished":"2022-09-01T11:32:08+00:00","dateModified":"2022-09-01T11:40:27+00:00","mainEntityOfPage":{"@id":"https:\/\/www.meydan.tv\/az\/article\/zaqatalada-da-meseler-yanir\/"},"wordCount":591,"publisher":{"@id":"https:\/\/www.meydan.tv\/az\/#organization"},"image":{"@id":"https:\/\/www.meydan.tv\/az\/article\/zaqatalada-da-meseler-yanir\/#primaryimage"},"thumbnailUrl":"https:\/\/www.meydan.tv\/wp-content\/uploads\/304805724_5377466015635553_8356448740476909967_n.jpg","articleSection":["B\u00f6lg\u0259","X\u0259b\u0259rl\u0259r"],"inLanguage":"az"},{"@type":"WebPage","@id":"https:\/\/www.meydan.tv\/az\/article\/zaqatalada-da-meseler-yanir\/","url":"https:\/\/www.meydan.tv\/az\/article\/zaqatalada-da-meseler-yanir\/","name":"Zaqatalada da me\u015f\u0259l\u0259r yan\u0131r - MEYDAN.TV","isPartOf":{"@id":"https:\/\/www.meydan.tv\/az\/#website"},"primaryImageOfPage":{"@id":"https:\/\/www.meydan.tv\/az\/article\/zaqatalada-da-meseler-yanir\/#primaryimage"},"image":{"@id":"https:\/\/www.meydan.tv\/az\/article\/zaqatalada-da-meseler-yanir\/#primaryimage"},"thumbnailUrl":"https:\/\/www.meydan.tv\/wp-content\/uploads\/304805724_5377466015635553_8356448740476909967_n.jpg","datePublished":"2022-09-01T11:32:08+00:00","dateModified":"2022-09-01T11:40:27+00:00","breadcrumb":{"@id":"https:\/\/www.meydan.tv\/az\/article\/zaqatalada-da-meseler-yanir\/#breadcrumb"},"inLanguage":"az","potentialAction":[{"@type":"ReadAction","target":["https:\/\/www.meydan.tv\/az\/article\/zaqatalada-da-meseler-yanir\/"]}]},{"@type":"ImageObject","inLanguage":"az","@id":"https:\/\/www.meydan.tv\/az\/article\/zaqatalada-da-meseler-yanir\/#primaryimage","url":"https:\/\/www.meydan.tv\/wp-content\/uploads\/304805724_5377466015635553_8356448740476909967_n.jpg","contentUrl":"https:\/\/www.meydan.tv\/wp-content\/uploads\/304805724_5377466015635553_8356448740476909967_n.jpg","width":1200,"height":770,"caption":"M\u0259nb\u0259: \"Facebook\""},{"@type":"BreadcrumbList","@id":"https:\/\/www.meydan.tv\/az\/article\/zaqatalada-da-meseler-yanir\/#breadcrumb","itemListElement":[{"@type":"ListItem","position":1,"name":"Ana s\u0259hif\u0259","item":"https:\/\/www.meydan.tv\/az\/"},{"@type":"ListItem","position":2,"name":"B\u00f6lg\u0259","item":"https:\/\/www.meydan.tv\/az\/section\/bolge\/"},{"@type":"ListItem","position":3,"name":"Zaqatalada da me\u015f\u0259l\u0259r yan\u0131r"}]},{"@type":"WebSite","@id":"https:\/\/www.meydan.tv\/az\/#website","url":"https:\/\/www.meydan.tv\/az\/","name":"MEYDAN.TV","description":"Meydan TV Az\u0259rbaycan\u0131n media m\u0259kan\u0131ndak\u0131 alternativ s\u0259sidir","publisher":{"@id":"https:\/\/www.meydan.tv\/az\/#organization"},"potentialAction":[{"@type":"SearchAction","target":{"@type":"EntryPoint","urlTemplate":"https:\/\/www.meydan.tv\/az\/?s={search_term_string}"},"query-input":{"@type":"PropertyValueSpecification","valueRequired":true,"valueName":"search_term_string"}}],"inLanguage":"az"},{"@type":"Organization","@id":"https:\/\/www.meydan.tv\/az\/#organization","name":"Meydan TV","url":"https:\/\/www.meydan.tv\/az\/","logo":{"@type":"ImageObject","inLanguage":"az","@id":"https:\/\/www.meydan.tv\/az\/#\/schema\/logo\/image\/","url":"https:\/\/www.meydan.tv\/wp-content\/uploads\/2021\/07\/meydan-logo.svg","contentUrl":"https:\/\/www.meydan.tv\/wp-content\/uploads\/2021\/07\/meydan-logo.svg","width":195,"height":46,"caption":"Meydan TV"},"image":{"@id":"https:\/\/www.meydan.tv\/az\/#\/schema\/logo\/image\/"}},{"@type":"Person","@id":"https:\/\/www.meydan.tv\/az\/#\/schema\/person\/9cdbecf90d17180ce1dfbd95b08dcf47","name":"elli","sameAs":["https:\/\/x.com\/elli"]}]}},"_links":{"self":[{"href":"https:\/\/www.meydan.tv\/az\/wp-json\/wp\/v2\/posts\/254684","targetHints":{"allow":["GET"]}}],"collection":[{"href":"https:\/\/www.meydan.tv\/az\/wp-json\/wp\/v2\/posts"}],"about":[{"href":"https:\/\/www.meydan.tv\/az\/wp-json\/wp\/v2\/types\/post"}],"author":[{"embeddable":true,"href":"https:\/\/www.meydan.tv\/az\/wp-json\/wp\/v2\/users\/8"}],"replies":[{"embeddable":true,"href":"https:\/\/www.meydan.tv\/az\/wp-json\/wp\/v2\/comments?post=254684"}],"version-history":[{"count":2,"href":"https:\/\/www.meydan.tv\/az\/wp-json\/wp\/v2\/posts\/254684\/revisions"}],"predecessor-version":[{"id":254694,"href":"https:\/\/www.meydan.tv\/az\/wp-json\/wp\/v2\/posts\/254684\/revisions\/254694"}],"wp:featuredmedia":[{"embeddable":true,"href":"https:\/\/www.meydan.tv\/az\/wp-json\/wp\/v2\/media\/254685"}],"wp:attachment":[{"href":"https:\/\/www.meydan.tv\/az\/wp-json\/wp\/v2\/media?parent=254684"}],"wp:term":[{"taxonomy":"category","embeddable":true,"href":"https:\/\/www.meydan.tv\/az\/wp-json\/wp\/v2\/categories?post=254684"},{"taxonomy":"post_tag","embeddable":true,"href":"https:\/\/www.meydan.tv\/az\/wp-json\/wp\/v2\/tags?post=254684"}],"curies":[{"name":"wp","href":"https:\/\/api.w.org\/{rel}","templated":true}]}}