{"id":254628,"date":"2022-08-31T20:57:27","date_gmt":"2022-08-31T16:57:27","guid":{"rendered":"https:\/\/www.meydan.tv\/?p=254628"},"modified":"2022-08-31T20:57:29","modified_gmt":"2022-08-31T16:57:29","slug":"mingecevir-sakini-ele-isgence-veribler-adam-demeye-utanir-onlar-bu-emelden-utanmir","status":"publish","type":"post","link":"https:\/\/www.meydan.tv\/az\/article\/mingecevir-sakini-ele-isgence-veribler-adam-demeye-utanir-onlar-bu-emelden-utanmir\/","title":{"rendered":"Ming\u0259\u00e7evir sakini: \u201cEl\u0259 i\u015fg\u0259nc\u0259 veribl\u0259r, adam dem\u0259y\u0259 utan\u0131r, onlar bu \u0259m\u0259ld\u0259n utanm\u0131r\u201d"},"content":{"rendered":"\n<p><\/p>\n\n\n\n<p><em>\u201cK\u00fcr\u0259k\u0259nim g\u00f6r\u00fcb ki, ba\u015fqa yol yoxdur, m\u0259cbur olub qol \u00e7\u0259kib, v\u0259kili d\u0259 yan\u0131na buraxm\u0131rlar\u201d<\/em><\/p>\n\n\n\n<p>Ming\u0259\u00e7evir sakini H\u0259mdiy\u0259 M\u0259mi\u015fov k\u00fcr\u0259k\u0259ninin sifari\u015fl\u0259 h\u0259bs olundu\u011funu iddia edir. Onun fikrinc\u0259, sifari\u015f d\u0259 Daxili \u0130\u015fl\u0259r Nazirliyinin Ba\u015f M\u00fct\u0259\u015f\u0259kkil Cinay\u0259tkarl\u0131qla M\u00fcbariz\u0259 \u0130dar\u0259sind\u0259n g\u0259lib.<\/p>\n\n\n\n<p><strong>\u201cNarkotiki d\u0259 \u00f6zl\u0259ri qoyublar\u201d<\/strong><\/p>\n\n\n\n<p>H\u0259mdiy\u0259 M\u0259mi\u015fov deyir ki, k\u00fcr\u0259k\u0259ni Orxan \u015e\u0259fiyevi Ming\u0259\u00e7evir \u015f\u0259h\u0259rind\u0259 tutublar. Onu t\u0259xmin\u0259n iki-\u00fc\u00e7 saat Ming\u0259\u00e7evir \u015e\u0259h\u0259r Polis \u015e\u00f6b\u0259sind\u0259 saxlay\u0131blar: <\/p>\n\n\n\n<p>\u201cG\u00f6r\u00fcn\u00fcr, Bak\u0131dan onlara g\u00f6st\u0259ri\u015f veribl\u0259r ki, \u201ctutub saxlay\u0131n, biz g\u0259lib g\u00f6t\u00fcr\u0259c\u0259yik\u201d. Sonra M\u00fct\u0259\u015f\u0259kkil Cinay\u0259tkarl\u0131qla M\u00fcbariz\u0259 \u0130dar\u0259sinin \u0259m\u0259kda\u015flar\u0131 g\u0259lib, g\u00f6t\u00fcr\u00fcb Bak\u0131ya g\u0259tiribl\u0259r. Bak\u0131da da ittiham veribl\u0259r ki, guya cibind\u0259n narkotik \u00e7\u0131x\u0131b. Narkotiki d\u0259 \u00f6zl\u0259ri qoyublar&#8230;\u201d<\/p>\n\n\n\n<p>Orxan \u015e\u0259fiyev\u0259 qar\u015f\u0131 Cinay\u0259t M\u0259c\u0259ll\u0259sinin 234.4.3 (sat\u0131\u015f m\u0259qs\u0259dil\u0259 k\u00fclli miqdarda narkotik \u0259ld\u0259 etm\u0259, da\u015f\u0131ma, saxlama) madd\u0259sil\u0259 ittiham ir\u0259li s\u00fcr\u00fcl\u00fcb. Bu madd\u0259d\u0259 5 ild\u0259n 12 il\u0259 q\u0259d\u0259r azadl\u0131qdan m\u0259hrumetm\u0259 c\u0259zas\u0131 n\u0259z\u0259rd\u0259 tutulub.<\/p>\n\n\n\n<figure class=\"wp-block-image size-large\"><img decoding=\"async\" width=\"538\" height=\"821\" data-src=\"https:\/\/www.meydan.tv\/wp-content\/uploads\/photo-2022-08-31-17-34-42-538x821.jpg\" alt=\"\" class=\"wp-image-254625 lazyload\" src=\"data:image\/svg+xml;base64,PHN2ZyB3aWR0aD0iMSIgaGVpZ2h0PSIxIiB4bWxucz0iaHR0cDovL3d3dy53My5vcmcvMjAwMC9zdmciPjwvc3ZnPg==\" style=\"--smush-placeholder-width: 538px; --smush-placeholder-aspect-ratio: 538\/821;\" \/><figcaption>M\u0259hk\u0259m\u0259 q\u0259rar\u0131<\/figcaption><\/figure>\n\n\n\n<p>Qay\u0131natas\u0131 deyir ki, Orxan \u015e\u0259fiyevi Ba\u015f M\u00fct\u0259\u015f\u0259kkil Cinay\u0259tkarl\u0131qla M\u00fcbariz\u0259 \u0130dar\u0259sinin \u0259m\u0259kda\u015flar\u0131 yox, Ming\u0259\u00e7evir polisinin saxlamas\u0131n\u0131 t\u0259sdiql\u0259y\u0259n s\u00fcbutlar &#8211; videog\u00f6r\u00fcnt\u00fc var.<\/p>\n\n\n\n<p><strong>\u201cL\u0259yaq\u0259tini al\u00e7altma\u011fa \u00e7al\u0131\u015f\u0131blar\u201d<\/strong><\/p>\n\n\n\n<p>H\u0259mdiy\u0259 M\u0259mi\u015fov k\u00fcr\u0259k\u0259ninin h\u0259m fiziki, h\u0259m d\u0259 psixoloji i\u015fg\u0259nc\u0259l\u0259r\u0259 m\u0259ruz qald\u0131\u011f\u0131n\u0131 da vur\u011fulay\u0131b. Onun s\u00f6zl\u0259rin\u0259 g\u00f6r\u0259, i\u015fg\u0259nc\u0259l\u0259r Ming\u0259\u00e7evird\u0259 ba\u015flay\u0131b, Bak\u0131ya g\u0259tiril\u0259rk\u0259n yolda v\u0259 ard\u0131nca da Ba\u015f M\u00fct\u0259\u015f\u0259kkil Cinay\u0259tkarl\u0131qla M\u00fcbariz\u0259 \u0130dar\u0259sind\u0259 davam edib:<\/p>\n\n\n\n<p>\u201cOna a\u011flas\u0131\u011fmaz i\u015fg\u0259nc\u0259l\u0259r veribl\u0259r. El\u0259 i\u015fg\u0259nc\u0259 veribl\u0259r, adam onlar\u0131n el\u0259dikl\u0259rini dem\u0259y\u0259 utan\u0131r, amma onlar bunu el\u0259m\u0259kd\u0259n utanm\u0131rlar. L\u0259yaq\u0259tini, ki\u015filik q\u00fcrurunu al\u00e7altma\u011fa \u00e7al\u0131\u015f\u0131blar. K\u00fcr\u0259k\u0259nim g\u00f6r\u00fcb ki, ba\u015fqa yol yoxdur, m\u0259cburiyy\u0259t qar\u015f\u0131s\u0131nda qal\u0131b, narkotik ittiham\u0131na qol \u00e7\u0259kib. Halbuki, narkotikin ona he\u00e7 bir aidiyy\u0259ti olmay\u0131b\u201d.<\/p>\n\n\n\n<p><strong>\u201cQanunlar\u0131 ayaqlay\u0131rlar\u201d<\/strong><\/p>\n\n\n\n<p>Orxan \u015e\u0259fiyevin \u015f\u00fcbh\u0259li v\u0259 t\u0259qsirl\u0259ndiril\u0259n \u015f\u0259xs qismind\u0259 dindirilm\u0259sin\u0259 dair protokollarda d\u00f6vl\u0259t hesab\u0131na t\u0259yin edilmi\u015f v\u0259kilin imzas\u0131 var. Onun bar\u0259sind\u0259 h\u0259bs q\u0259timkan t\u0259dbiri se\u00e7il\u0259n m\u0259hk\u0259m\u0259 iclas\u0131nda da d\u00f6vl\u0259t hesab\u0131na v\u0259kil i\u015ftirak edib. Yax\u0131nlar\u0131 onun h\u00fcquqlar\u0131n\u0131n m\u00fcdafi\u0259si \u00fc\u00e7\u00fcn v\u0259kil tutsa da, onunla g\u00f6r\u00fc\u015fm\u0259y\u0259 imkan verilm\u0259yib:<\/p>\n\n\n\n<figure class=\"wp-block-image size-large\"><img decoding=\"async\" width=\"491\" height=\"821\" data-src=\"https:\/\/www.meydan.tv\/wp-content\/uploads\/photo-2022-08-31-17-34-41-491x821.jpg\" alt=\"\" class=\"wp-image-254621 lazyload\" src=\"data:image\/svg+xml;base64,PHN2ZyB3aWR0aD0iMSIgaGVpZ2h0PSIxIiB4bWxucz0iaHR0cDovL3d3dy53My5vcmcvMjAwMC9zdmciPjwvc3ZnPg==\" style=\"--smush-placeholder-width: 491px; --smush-placeholder-aspect-ratio: 491\/821;\" \/><figcaption>Ombudsman\u0131n m\u00fcraci\u0259ti<\/figcaption><\/figure>\n\n\n\n<p>\u201cT\u0259kc\u0259 k\u00fcr\u0259k\u0259nimin yox, v\u0259kilin d\u0259 h\u00fcquqlar\u0131 pozulub. Xeyli vaxtd\u0131r v\u0259kil tutmu\u015fuq. Lakin v\u0259kil Ramin Qocayevi h\u00fcquqlar\u0131n\u0131 m\u00fcdafi\u0259 etm\u0259li oldu\u011fu adamla g\u00f6r\u00fc\u015fm\u0259y\u0259 qoymurlar. Bu, n\u0259 dem\u0259kdir? G\u00f6r\u00fcn\u00fcr, \u00fcz\u0259rind\u0259 i\u015fg\u0259nc\u0259 izl\u0259ri var, yaxud da ba\u015fqa n\u0259yis\u0259 gizl\u0259tm\u0259y\u0259 \u00e7al\u0131\u015f\u0131rlar, ona g\u00f6r\u0259 v\u0259kill\u0259 g\u00f6r\u00fc\u015fm\u0259y\u0259 imkan vermirl\u0259r. Halbuki, m\u00fcdafi\u0259 h\u00fcququ konstitusion h\u00fcquqdur. He\u00e7 bir d\u00f6vl\u0259t qulluq\u00e7usunun ixtiyar\u0131 yoxdur ki, Konstitusiyan\u0131 pozsun, qanunlar\u0131 ayaqlas\u0131n. Amma bunlar ayaqlay\u0131rlar&#8230;\u201d<\/p>\n\n\n\n<p><strong>\u201cQanunsuzluq el\u0259dikl\u0259ri insanlar\u0131n da ail\u0259l\u0259ri, balalar\u0131, onlar\u0131n ah\u0131 var&#8230;\u201d<\/strong><\/p>\n\n\n\n<p>V\u0259kil Ramin Qocayev \u00f6z\u00fc d\u0259 m\u00fcv\u0259kkili il\u0259 g\u00f6r\u00fc\u015fm\u0259k, konfidensial dan\u0131\u015fmaq h\u00fcququnun pozuntusuyla ba\u011fl\u0131 Daxili \u0130\u015fl\u0259r Nazirliyini \u201c102\u201d xidm\u0259ti vasit\u0259sil\u0259 m\u0259lumatland\u0131r\u0131b.<\/p>\n\n\n\n<figure class=\"wp-block-image size-large\"><img decoding=\"async\" width=\"497\" height=\"821\" data-src=\"https:\/\/www.meydan.tv\/wp-content\/uploads\/photo-2022-08-31-17-34-40-497x821.jpg\" alt=\"\" class=\"wp-image-254618 lazyload\" src=\"data:image\/svg+xml;base64,PHN2ZyB3aWR0aD0iMSIgaGVpZ2h0PSIxIiB4bWxucz0iaHR0cDovL3d3dy53My5vcmcvMjAwMC9zdmciPjwvc3ZnPg==\" style=\"--smush-placeholder-width: 497px; --smush-placeholder-aspect-ratio: 497\/821;\" \/><figcaption>V\u0259kilin m\u00fcraci\u0259ti<\/figcaption><\/figure>\n\n\n\n<p>H\u0259mdiy\u0259 M\u0259mi\u015fov ayr\u0131ca daxili i\u015fl\u0259r naziri Vilay\u0259t Eyvazova da \u015fikay\u0259t edib: <\/p>\n\n\n\n<p>\u201cHe\u00e7 n\u0259 ist\u0259mir\u0259m, g\u00f6st\u0259ri\u015f verilsin, polisl\u0259rin h\u0259r\u0259k\u0259tl\u0259ri ara\u015fd\u0131r\u0131ls\u0131n. Amma ara\u015fd\u0131rma obyektiv, vicdanla apar\u0131ls\u0131n. Yoxsa polisl\u0259rdir dey\u0259, onlar\u0131n \u0259m\u0259ll\u0259ri \u00f6rt-basd\u0131r edilm\u0259sin. N\u0259z\u0259r\u0259 als\u0131nlar ki, qanunsuzluq el\u0259dikl\u0259ri insanlar\u0131n da ail\u0259l\u0259ri, balalar\u0131, onlar\u0131n ah\u0131 var&#8230;\u201d<\/p>\n\n\n\n<p><strong>D\u0130N: \u201c\u015e\u0259xsi m\u00fclahiz\u0259l\u0259ridir, \u0259sass\u0131zd\u0131r\u201d<\/strong><\/p>\n\n\n\n<p>Daxili \u0130\u015fl\u0259r Nazirliyi is\u0259 H\u0259mdiy\u0259 M\u0259mi\u015fovun dedikl\u0259rini t\u0259kzib edib. Nazirliyin m\u0259tbuat xidm\u0259tind\u0259n bildirilib ki, onun iddialar\u0131 \u0259sass\u0131zd\u0131r, \u015f\u0259xsi m\u00fclahiz\u0259l\u0259ridir:<\/p>\n\n\n\n<p>\u201cBu iddialar cinay\u0259td\u0259 t\u0259qsirl\u0259ndiril\u0259n \u015f\u0259xsi m\u00fcdafi\u0259 etm\u0259k m\u0259qs\u0259di da\u015f\u0131y\u0131r. \u015e\u0259xsin qohumu t\u0259r\u0259find\u0259n bu c\u00fcr m\u00fclahiz\u0259l\u0259r g\u00f6zl\u0259nil\u0259ndir. Ancaq h\u0259qiq\u0259ti \u0259ks etdirmir. \u015e\u0259xsin \u0259m\u0259lil\u0259 ba\u011fl\u0131 m\u00f6t\u0259b\u0259r s\u00fcbutlar var v\u0259 istintaq materiallar\u0131na \u0259lav\u0259 olunub\u201d.<\/p>\n","protected":false},"excerpt":{"rendered":"<p>\u201cK\u00fcr\u0259k\u0259nim g\u00f6r\u00fcb ki, ba\u015fqa yol yoxdur, m\u0259cbur olub qol \u00e7\u0259kib, &#8230; <\/p>\n<p class=\"read-more-container\"><a title=\"Ming\u0259\u00e7evir sakini: \u201cEl\u0259 i\u015fg\u0259nc\u0259 veribl\u0259r, adam dem\u0259y\u0259 utan\u0131r, onlar bu \u0259m\u0259ld\u0259n utanm\u0131r\u201d\" class=\"read-more button\" href=\"https:\/\/www.meydan.tv\/az\/article\/mingecevir-sakini-ele-isgence-veribler-adam-demeye-utanir-onlar-bu-emelden-utanmir\/#more-254628\" aria-label=\"Read more about Ming\u0259\u00e7evir sakini: \u201cEl\u0259 i\u015fg\u0259nc\u0259 veribl\u0259r, adam dem\u0259y\u0259 utan\u0131r, onlar bu \u0259m\u0259ld\u0259n utanm\u0131r\u201d\">Davam\u0131<\/a><\/p>\n","protected":false},"author":8,"featured_media":136914,"comment_status":"closed","ping_status":"closed","sticky":false,"template":"","format":"standard","meta":{"_acf_changed":false,"_sitemap_exclude":false,"_sitemap_priority":"","_sitemap_frequency":"","footnotes":""},"categories":[60,79,56],"tags":[],"class_list":["post-254628","post","type-post","status-publish","format-standard","has-post-thumbnail","hentry","category-bolge","category-featured","category-xeberler","infinite-scroll-item","generate-columns","tablet-grid-50","mobile-grid-100","grid-parent","grid-33","no-featured-image-padding"],"acf":[],"yoast_head":"<!-- This site is optimized with the Yoast SEO plugin v27.5 - https:\/\/yoast.com\/product\/yoast-seo-wordpress\/ -->\n<title>Ming\u0259\u00e7evir sakini: \u201cEl\u0259 i\u015fg\u0259nc\u0259 veribl\u0259r, adam dem\u0259y\u0259 utan\u0131r, onlar bu \u0259m\u0259ld\u0259n utanm\u0131r\u201d - MEYDAN.TV<\/title>\n<meta name=\"robots\" content=\"index, follow, max-snippet:-1, max-image-preview:large, max-video-preview:-1\" \/>\n<link rel=\"canonical\" href=\"https:\/\/www.meydan.tv\/az\/article\/mingecevir-sakini-ele-isgence-veribler-adam-demeye-utanir-onlar-bu-emelden-utanmir\/\" \/>\n<meta property=\"og:locale\" content=\"az_AZ\" \/>\n<meta property=\"og:type\" content=\"article\" \/>\n<meta property=\"og:title\" content=\"Ming\u0259\u00e7evir sakini: \u201cEl\u0259 i\u015fg\u0259nc\u0259 veribl\u0259r, adam dem\u0259y\u0259 utan\u0131r, onlar bu \u0259m\u0259ld\u0259n utanm\u0131r\u201d - MEYDAN.TV\" \/>\n<meta property=\"og:description\" content=\"\u201cK\u00fcr\u0259k\u0259nim g\u00f6r\u00fcb ki, ba\u015fqa yol yoxdur, m\u0259cbur olub qol \u00e7\u0259kib, ... Davam\u0131\" \/>\n<meta property=\"og:url\" content=\"https:\/\/www.meydan.tv\/az\/article\/mingecevir-sakini-ele-isgence-veribler-adam-demeye-utanir-onlar-bu-emelden-utanmir\/\" \/>\n<meta property=\"og:site_name\" content=\"MEYDAN.TV\" \/>\n<meta property=\"article:published_time\" content=\"2022-08-31T16:57:27+00:00\" \/>\n<meta property=\"article:modified_time\" content=\"2022-08-31T16:57:29+00:00\" \/>\n<meta property=\"og:image\" content=\"https:\/\/www.meydan.tv\/wp-content\/uploads\/image_from_ios_3_5srselk-scaled-e1661965039947.jpg\" \/>\n\t<meta property=\"og:image:width\" content=\"2560\" \/>\n\t<meta property=\"og:image:height\" content=\"1516\" \/>\n\t<meta property=\"og:image:type\" content=\"image\/jpeg\" \/>\n<meta name=\"author\" content=\"elli\" \/>\n<meta name=\"twitter:card\" content=\"summary_large_image\" \/>\n<meta name=\"twitter:creator\" content=\"@elli\" \/>\n<script type=\"application\/ld+json\" class=\"yoast-schema-graph\">{\"@context\":\"https:\\\/\\\/schema.org\",\"@graph\":[{\"@type\":\"Article\",\"@id\":\"https:\\\/\\\/www.meydan.tv\\\/az\\\/article\\\/mingecevir-sakini-ele-isgence-veribler-adam-demeye-utanir-onlar-bu-emelden-utanmir\\\/#article\",\"isPartOf\":{\"@id\":\"https:\\\/\\\/www.meydan.tv\\\/az\\\/article\\\/mingecevir-sakini-ele-isgence-veribler-adam-demeye-utanir-onlar-bu-emelden-utanmir\\\/\"},\"author\":{\"name\":\"elli\",\"@id\":\"https:\\\/\\\/www.meydan.tv\\\/az\\\/#\\\/schema\\\/person\\\/9cdbecf90d17180ce1dfbd95b08dcf47\"},\"headline\":\"Ming\u0259\u00e7evir sakini: \u201cEl\u0259 i\u015fg\u0259nc\u0259 veribl\u0259r, adam dem\u0259y\u0259 utan\u0131r, onlar bu \u0259m\u0259ld\u0259n utanm\u0131r\u201d\",\"datePublished\":\"2022-08-31T16:57:27+00:00\",\"dateModified\":\"2022-08-31T16:57:29+00:00\",\"mainEntityOfPage\":{\"@id\":\"https:\\\/\\\/www.meydan.tv\\\/az\\\/article\\\/mingecevir-sakini-ele-isgence-veribler-adam-demeye-utanir-onlar-bu-emelden-utanmir\\\/\"},\"wordCount\":875,\"publisher\":{\"@id\":\"https:\\\/\\\/www.meydan.tv\\\/az\\\/#organization\"},\"image\":{\"@id\":\"https:\\\/\\\/www.meydan.tv\\\/az\\\/article\\\/mingecevir-sakini-ele-isgence-veribler-adam-demeye-utanir-onlar-bu-emelden-utanmir\\\/#primaryimage\"},\"thumbnailUrl\":\"https:\\\/\\\/www.meydan.tv\\\/wp-content\\\/uploads\\\/image_from_ios_3_5srselk-scaled-e1661965039947.jpg\",\"articleSection\":[\"B\u00f6lg\u0259\",\"T\u00f6vsiy\u0259\",\"X\u0259b\u0259rl\u0259r\"],\"inLanguage\":\"az\"},{\"@type\":\"WebPage\",\"@id\":\"https:\\\/\\\/www.meydan.tv\\\/az\\\/article\\\/mingecevir-sakini-ele-isgence-veribler-adam-demeye-utanir-onlar-bu-emelden-utanmir\\\/\",\"url\":\"https:\\\/\\\/www.meydan.tv\\\/az\\\/article\\\/mingecevir-sakini-ele-isgence-veribler-adam-demeye-utanir-onlar-bu-emelden-utanmir\\\/\",\"name\":\"Ming\u0259\u00e7evir sakini: \u201cEl\u0259 i\u015fg\u0259nc\u0259 veribl\u0259r, adam dem\u0259y\u0259 utan\u0131r, onlar bu \u0259m\u0259ld\u0259n utanm\u0131r\u201d - MEYDAN.TV\",\"isPartOf\":{\"@id\":\"https:\\\/\\\/www.meydan.tv\\\/az\\\/#website\"},\"primaryImageOfPage\":{\"@id\":\"https:\\\/\\\/www.meydan.tv\\\/az\\\/article\\\/mingecevir-sakini-ele-isgence-veribler-adam-demeye-utanir-onlar-bu-emelden-utanmir\\\/#primaryimage\"},\"image\":{\"@id\":\"https:\\\/\\\/www.meydan.tv\\\/az\\\/article\\\/mingecevir-sakini-ele-isgence-veribler-adam-demeye-utanir-onlar-bu-emelden-utanmir\\\/#primaryimage\"},\"thumbnailUrl\":\"https:\\\/\\\/www.meydan.tv\\\/wp-content\\\/uploads\\\/image_from_ios_3_5srselk-scaled-e1661965039947.jpg\",\"datePublished\":\"2022-08-31T16:57:27+00:00\",\"dateModified\":\"2022-08-31T16:57:29+00:00\",\"breadcrumb\":{\"@id\":\"https:\\\/\\\/www.meydan.tv\\\/az\\\/article\\\/mingecevir-sakini-ele-isgence-veribler-adam-demeye-utanir-onlar-bu-emelden-utanmir\\\/#breadcrumb\"},\"inLanguage\":\"az\",\"potentialAction\":[{\"@type\":\"ReadAction\",\"target\":[\"https:\\\/\\\/www.meydan.tv\\\/az\\\/article\\\/mingecevir-sakini-ele-isgence-veribler-adam-demeye-utanir-onlar-bu-emelden-utanmir\\\/\"]}]},{\"@type\":\"ImageObject\",\"inLanguage\":\"az\",\"@id\":\"https:\\\/\\\/www.meydan.tv\\\/az\\\/article\\\/mingecevir-sakini-ele-isgence-veribler-adam-demeye-utanir-onlar-bu-emelden-utanmir\\\/#primaryimage\",\"url\":\"https:\\\/\\\/www.meydan.tv\\\/wp-content\\\/uploads\\\/image_from_ios_3_5srselk-scaled-e1661965039947.jpg\",\"contentUrl\":\"https:\\\/\\\/www.meydan.tv\\\/wp-content\\\/uploads\\\/image_from_ios_3_5srselk-scaled-e1661965039947.jpg\",\"width\":2560,\"height\":1516,\"caption\":\"\u0130ll\u00fcstrasiya: Meydan TV\"},{\"@type\":\"BreadcrumbList\",\"@id\":\"https:\\\/\\\/www.meydan.tv\\\/az\\\/article\\\/mingecevir-sakini-ele-isgence-veribler-adam-demeye-utanir-onlar-bu-emelden-utanmir\\\/#breadcrumb\",\"itemListElement\":[{\"@type\":\"ListItem\",\"position\":1,\"name\":\"Ana s\u0259hif\u0259\",\"item\":\"https:\\\/\\\/www.meydan.tv\\\/az\\\/\"},{\"@type\":\"ListItem\",\"position\":2,\"name\":\"B\u00f6lg\u0259\",\"item\":\"https:\\\/\\\/www.meydan.tv\\\/az\\\/section\\\/bolge\\\/\"},{\"@type\":\"ListItem\",\"position\":3,\"name\":\"Ming\u0259\u00e7evir sakini: \u201cEl\u0259 i\u015fg\u0259nc\u0259 veribl\u0259r, adam dem\u0259y\u0259 utan\u0131r, onlar bu \u0259m\u0259ld\u0259n utanm\u0131r\u201d\"}]},{\"@type\":\"WebSite\",\"@id\":\"https:\\\/\\\/www.meydan.tv\\\/az\\\/#website\",\"url\":\"https:\\\/\\\/www.meydan.tv\\\/az\\\/\",\"name\":\"MEYDAN.TV\",\"description\":\"Meydan TV Az\u0259rbaycan\u0131n media m\u0259kan\u0131ndak\u0131 alternativ s\u0259sidir\",\"publisher\":{\"@id\":\"https:\\\/\\\/www.meydan.tv\\\/az\\\/#organization\"},\"potentialAction\":[{\"@type\":\"SearchAction\",\"target\":{\"@type\":\"EntryPoint\",\"urlTemplate\":\"https:\\\/\\\/www.meydan.tv\\\/az\\\/?s={search_term_string}\"},\"query-input\":{\"@type\":\"PropertyValueSpecification\",\"valueRequired\":true,\"valueName\":\"search_term_string\"}}],\"inLanguage\":\"az\"},{\"@type\":\"Organization\",\"@id\":\"https:\\\/\\\/www.meydan.tv\\\/az\\\/#organization\",\"name\":\"Meydan TV\",\"url\":\"https:\\\/\\\/www.meydan.tv\\\/az\\\/\",\"logo\":{\"@type\":\"ImageObject\",\"inLanguage\":\"az\",\"@id\":\"https:\\\/\\\/www.meydan.tv\\\/az\\\/#\\\/schema\\\/logo\\\/image\\\/\",\"url\":\"https:\\\/\\\/www.meydan.tv\\\/wp-content\\\/uploads\\\/2021\\\/07\\\/meydan-logo.svg\",\"contentUrl\":\"https:\\\/\\\/www.meydan.tv\\\/wp-content\\\/uploads\\\/2021\\\/07\\\/meydan-logo.svg\",\"width\":195,\"height\":46,\"caption\":\"Meydan TV\"},\"image\":{\"@id\":\"https:\\\/\\\/www.meydan.tv\\\/az\\\/#\\\/schema\\\/logo\\\/image\\\/\"}},{\"@type\":\"Person\",\"@id\":\"https:\\\/\\\/www.meydan.tv\\\/az\\\/#\\\/schema\\\/person\\\/9cdbecf90d17180ce1dfbd95b08dcf47\",\"name\":\"elli\",\"sameAs\":[\"https:\\\/\\\/x.com\\\/elli\"]}]}<\/script>\n<!-- \/ Yoast SEO plugin. -->","yoast_head_json":{"title":"Ming\u0259\u00e7evir sakini: \u201cEl\u0259 i\u015fg\u0259nc\u0259 veribl\u0259r, adam dem\u0259y\u0259 utan\u0131r, onlar bu \u0259m\u0259ld\u0259n utanm\u0131r\u201d - MEYDAN.TV","robots":{"index":"index","follow":"follow","max-snippet":"max-snippet:-1","max-image-preview":"max-image-preview:large","max-video-preview":"max-video-preview:-1"},"canonical":"https:\/\/www.meydan.tv\/az\/article\/mingecevir-sakini-ele-isgence-veribler-adam-demeye-utanir-onlar-bu-emelden-utanmir\/","og_locale":"az_AZ","og_type":"article","og_title":"Ming\u0259\u00e7evir sakini: \u201cEl\u0259 i\u015fg\u0259nc\u0259 veribl\u0259r, adam dem\u0259y\u0259 utan\u0131r, onlar bu \u0259m\u0259ld\u0259n utanm\u0131r\u201d - MEYDAN.TV","og_description":"\u201cK\u00fcr\u0259k\u0259nim g\u00f6r\u00fcb ki, ba\u015fqa yol yoxdur, m\u0259cbur olub qol \u00e7\u0259kib, ... Davam\u0131","og_url":"https:\/\/www.meydan.tv\/az\/article\/mingecevir-sakini-ele-isgence-veribler-adam-demeye-utanir-onlar-bu-emelden-utanmir\/","og_site_name":"MEYDAN.TV","article_published_time":"2022-08-31T16:57:27+00:00","article_modified_time":"2022-08-31T16:57:29+00:00","og_image":[{"width":2560,"height":1516,"url":"https:\/\/www.meydan.tv\/wp-content\/uploads\/image_from_ios_3_5srselk-scaled-e1661965039947.jpg","type":"image\/jpeg"}],"author":"elli","twitter_card":"summary_large_image","twitter_creator":"@elli","schema":{"@context":"https:\/\/schema.org","@graph":[{"@type":"Article","@id":"https:\/\/www.meydan.tv\/az\/article\/mingecevir-sakini-ele-isgence-veribler-adam-demeye-utanir-onlar-bu-emelden-utanmir\/#article","isPartOf":{"@id":"https:\/\/www.meydan.tv\/az\/article\/mingecevir-sakini-ele-isgence-veribler-adam-demeye-utanir-onlar-bu-emelden-utanmir\/"},"author":{"name":"elli","@id":"https:\/\/www.meydan.tv\/az\/#\/schema\/person\/9cdbecf90d17180ce1dfbd95b08dcf47"},"headline":"Ming\u0259\u00e7evir sakini: \u201cEl\u0259 i\u015fg\u0259nc\u0259 veribl\u0259r, adam dem\u0259y\u0259 utan\u0131r, onlar bu \u0259m\u0259ld\u0259n utanm\u0131r\u201d","datePublished":"2022-08-31T16:57:27+00:00","dateModified":"2022-08-31T16:57:29+00:00","mainEntityOfPage":{"@id":"https:\/\/www.meydan.tv\/az\/article\/mingecevir-sakini-ele-isgence-veribler-adam-demeye-utanir-onlar-bu-emelden-utanmir\/"},"wordCount":875,"publisher":{"@id":"https:\/\/www.meydan.tv\/az\/#organization"},"image":{"@id":"https:\/\/www.meydan.tv\/az\/article\/mingecevir-sakini-ele-isgence-veribler-adam-demeye-utanir-onlar-bu-emelden-utanmir\/#primaryimage"},"thumbnailUrl":"https:\/\/www.meydan.tv\/wp-content\/uploads\/image_from_ios_3_5srselk-scaled-e1661965039947.jpg","articleSection":["B\u00f6lg\u0259","T\u00f6vsiy\u0259","X\u0259b\u0259rl\u0259r"],"inLanguage":"az"},{"@type":"WebPage","@id":"https:\/\/www.meydan.tv\/az\/article\/mingecevir-sakini-ele-isgence-veribler-adam-demeye-utanir-onlar-bu-emelden-utanmir\/","url":"https:\/\/www.meydan.tv\/az\/article\/mingecevir-sakini-ele-isgence-veribler-adam-demeye-utanir-onlar-bu-emelden-utanmir\/","name":"Ming\u0259\u00e7evir sakini: \u201cEl\u0259 i\u015fg\u0259nc\u0259 veribl\u0259r, adam dem\u0259y\u0259 utan\u0131r, onlar bu \u0259m\u0259ld\u0259n utanm\u0131r\u201d - MEYDAN.TV","isPartOf":{"@id":"https:\/\/www.meydan.tv\/az\/#website"},"primaryImageOfPage":{"@id":"https:\/\/www.meydan.tv\/az\/article\/mingecevir-sakini-ele-isgence-veribler-adam-demeye-utanir-onlar-bu-emelden-utanmir\/#primaryimage"},"image":{"@id":"https:\/\/www.meydan.tv\/az\/article\/mingecevir-sakini-ele-isgence-veribler-adam-demeye-utanir-onlar-bu-emelden-utanmir\/#primaryimage"},"thumbnailUrl":"https:\/\/www.meydan.tv\/wp-content\/uploads\/image_from_ios_3_5srselk-scaled-e1661965039947.jpg","datePublished":"2022-08-31T16:57:27+00:00","dateModified":"2022-08-31T16:57:29+00:00","breadcrumb":{"@id":"https:\/\/www.meydan.tv\/az\/article\/mingecevir-sakini-ele-isgence-veribler-adam-demeye-utanir-onlar-bu-emelden-utanmir\/#breadcrumb"},"inLanguage":"az","potentialAction":[{"@type":"ReadAction","target":["https:\/\/www.meydan.tv\/az\/article\/mingecevir-sakini-ele-isgence-veribler-adam-demeye-utanir-onlar-bu-emelden-utanmir\/"]}]},{"@type":"ImageObject","inLanguage":"az","@id":"https:\/\/www.meydan.tv\/az\/article\/mingecevir-sakini-ele-isgence-veribler-adam-demeye-utanir-onlar-bu-emelden-utanmir\/#primaryimage","url":"https:\/\/www.meydan.tv\/wp-content\/uploads\/image_from_ios_3_5srselk-scaled-e1661965039947.jpg","contentUrl":"https:\/\/www.meydan.tv\/wp-content\/uploads\/image_from_ios_3_5srselk-scaled-e1661965039947.jpg","width":2560,"height":1516,"caption":"\u0130ll\u00fcstrasiya: Meydan TV"},{"@type":"BreadcrumbList","@id":"https:\/\/www.meydan.tv\/az\/article\/mingecevir-sakini-ele-isgence-veribler-adam-demeye-utanir-onlar-bu-emelden-utanmir\/#breadcrumb","itemListElement":[{"@type":"ListItem","position":1,"name":"Ana s\u0259hif\u0259","item":"https:\/\/www.meydan.tv\/az\/"},{"@type":"ListItem","position":2,"name":"B\u00f6lg\u0259","item":"https:\/\/www.meydan.tv\/az\/section\/bolge\/"},{"@type":"ListItem","position":3,"name":"Ming\u0259\u00e7evir sakini: \u201cEl\u0259 i\u015fg\u0259nc\u0259 veribl\u0259r, adam dem\u0259y\u0259 utan\u0131r, onlar bu \u0259m\u0259ld\u0259n utanm\u0131r\u201d"}]},{"@type":"WebSite","@id":"https:\/\/www.meydan.tv\/az\/#website","url":"https:\/\/www.meydan.tv\/az\/","name":"MEYDAN.TV","description":"Meydan TV Az\u0259rbaycan\u0131n media m\u0259kan\u0131ndak\u0131 alternativ s\u0259sidir","publisher":{"@id":"https:\/\/www.meydan.tv\/az\/#organization"},"potentialAction":[{"@type":"SearchAction","target":{"@type":"EntryPoint","urlTemplate":"https:\/\/www.meydan.tv\/az\/?s={search_term_string}"},"query-input":{"@type":"PropertyValueSpecification","valueRequired":true,"valueName":"search_term_string"}}],"inLanguage":"az"},{"@type":"Organization","@id":"https:\/\/www.meydan.tv\/az\/#organization","name":"Meydan TV","url":"https:\/\/www.meydan.tv\/az\/","logo":{"@type":"ImageObject","inLanguage":"az","@id":"https:\/\/www.meydan.tv\/az\/#\/schema\/logo\/image\/","url":"https:\/\/www.meydan.tv\/wp-content\/uploads\/2021\/07\/meydan-logo.svg","contentUrl":"https:\/\/www.meydan.tv\/wp-content\/uploads\/2021\/07\/meydan-logo.svg","width":195,"height":46,"caption":"Meydan TV"},"image":{"@id":"https:\/\/www.meydan.tv\/az\/#\/schema\/logo\/image\/"}},{"@type":"Person","@id":"https:\/\/www.meydan.tv\/az\/#\/schema\/person\/9cdbecf90d17180ce1dfbd95b08dcf47","name":"elli","sameAs":["https:\/\/x.com\/elli"]}]}},"_links":{"self":[{"href":"https:\/\/www.meydan.tv\/az\/wp-json\/wp\/v2\/posts\/254628","targetHints":{"allow":["GET"]}}],"collection":[{"href":"https:\/\/www.meydan.tv\/az\/wp-json\/wp\/v2\/posts"}],"about":[{"href":"https:\/\/www.meydan.tv\/az\/wp-json\/wp\/v2\/types\/post"}],"author":[{"embeddable":true,"href":"https:\/\/www.meydan.tv\/az\/wp-json\/wp\/v2\/users\/8"}],"replies":[{"embeddable":true,"href":"https:\/\/www.meydan.tv\/az\/wp-json\/wp\/v2\/comments?post=254628"}],"version-history":[{"count":1,"href":"https:\/\/www.meydan.tv\/az\/wp-json\/wp\/v2\/posts\/254628\/revisions"}],"predecessor-version":[{"id":254629,"href":"https:\/\/www.meydan.tv\/az\/wp-json\/wp\/v2\/posts\/254628\/revisions\/254629"}],"wp:featuredmedia":[{"embeddable":true,"href":"https:\/\/www.meydan.tv\/az\/wp-json\/wp\/v2\/media\/136914"}],"wp:attachment":[{"href":"https:\/\/www.meydan.tv\/az\/wp-json\/wp\/v2\/media?parent=254628"}],"wp:term":[{"taxonomy":"category","embeddable":true,"href":"https:\/\/www.meydan.tv\/az\/wp-json\/wp\/v2\/categories?post=254628"},{"taxonomy":"post_tag","embeddable":true,"href":"https:\/\/www.meydan.tv\/az\/wp-json\/wp\/v2\/tags?post=254628"}],"curies":[{"name":"wp","href":"https:\/\/api.w.org\/{rel}","templated":true}]}}