{"id":254616,"date":"2022-08-31T20:34:34","date_gmt":"2022-08-31T16:34:34","guid":{"rendered":"https:\/\/www.meydan.tv\/?p=254616"},"modified":"2022-08-31T20:34:36","modified_gmt":"2022-08-31T16:34:36","slug":"muharibe-veterani-mualice-olunmaga-imkanim-yoxdur","status":"publish","type":"post","link":"https:\/\/www.meydan.tv\/az\/article\/muharibe-veterani-mualice-olunmaga-imkanim-yoxdur\/","title":{"rendered":"M\u00fcharib\u0259 veteran\u0131: &#8220;M\u00fcalic\u0259 olunma\u011fa imkan\u0131m yoxdur\u201d"},"content":{"rendered":"\n<p><\/p>\n\n\n\n<p><em>G\u00f6y\u00e7ay sakini ona qar\u015f\u0131 edil\u0259n ayr\u0131-se\u00e7kilikd\u0259n naraz\u0131d\u0131r<\/em><\/p>\n\n\n\n<p>44 g\u00fcnl\u00fck m\u00fcharib\u0259 i\u015ftirak\u00e7\u0131lar\u0131ndan olan F\u0259qan M\u00fcseyib o\u011flu \u0130sayev \u00fc\u00e7 ayd\u0131r ki, bel y\u0131rt\u0131\u011f\u0131 x\u0259st\u0259liyi s\u0259b\u0259bind\u0259n h\u0259r\u0259k\u0259t etm\u0259kd\u0259 \u00e7\u0259tinlik \u00e7\u0259kir. O, 1994-c\u00fc ilin noyabr\u0131n 9-da G\u00f6y\u00e7ay rayonunun M\u0131rt\u0131 k\u0259ndind\u0259 do\u011fulub. Ail\u0259d\u0259 \u00fc\u00e7 \u00f6vladd\u0131rlar. H\u0259r \u00fc\u00e7\u00fc d\u0259 evlidir. \u0130ki qarda\u015f\u0131 v\u0259 valideynl\u0259ri il\u0259 birg\u0259 k\u00f6hn\u0259, yar\u0131m\u00e7\u0131q tikilid\u0259 ya\u015famaq m\u0259cburiyy\u0259tind\u0259dir.<\/p>\n\n\n\n<p>M\u00fcharib\u0259 i\u015ftirak\u00e7\u0131s\u0131 deyir ki, 2020-ci ilin 21 sentyabr\u0131ndan t\u0259lim\u0259 qat\u0131l\u0131b v\u0259 31 dekabr tarixin\u0259 q\u0259d\u0259r m\u00fcharib\u0259 i\u015ftirak\u00e7\u0131s\u0131 olub. Bel nahiyy\u0259sind\u0259n a\u011f\u0131r z\u0259d\u0259ni d\u0259 el\u0259 d\u00f6y\u00fc\u015fd\u0259 al\u0131b. Deyir ki, h\u0259min z\u0259d\u0259 indi s\u0259hh\u0259tinin qorxulu kabusuna \u00e7evrilib.<\/p>\n\n\n\n<p>&#8220;A\u011fd\u0259r\u0259, Tal\u0131\u015f, Suqovu\u015fan istiqam\u0259tind\u0259 d\u00f6y\u00fc\u015fd\u00fck. Birinci \u0259m\u0259liyyatda A\u011fd\u0259r\u0259d\u0259 \u00e7ox itkil\u0259r verdik. \u0130kinci \u0259m\u0259liyyatda \u00f6z\u00fcm d\u0259 x\u0259sar\u0259t ald\u0131m\u201d, &#8211; dey\u0259n F\u0259qan \u0130sayevin s\u00f6zl\u0259rin\u0259 g\u00f6r\u0259, partlay\u0131\u015f n\u0259tic\u0259sind\u0259 yax\u0131nl\u0131qdak\u0131 qayal\u0131\u011fa \u00e7\u0131rp\u0131l\u0131b:<\/p>\n\n\n\n<p>\u201cBa\u015f\u0131mdan v\u0259 belimd\u0259n z\u0259d\u0259 ald\u0131m. Z\u0259rb\u0259d\u0259n hu\u015fumu itirmi\u015f\u0259m. Sanitar k\u00f6m\u0259k\u00e7il\u0259r ilkin tibbi yard\u0131m edibl\u0259r, iyn\u0259 vurublar. N\u0259tic\u0259d\u0259 \u00f6z\u00fcm\u0259 g\u0259l\u0259 bildim. Z\u0259d\u0259 alsam da, V\u0259t\u0259n\u0259 olan borcumu \u00f6d\u0259m\u0259liydim. \u00c7\u00fcnki onda sa\u011flaml\u0131\u011f\u0131m\u0131 d\u00fc\u015f\u00fcnm\u00fcrd\u00fcm, o\u011fullara birg\u0259 torpa\u011f\u0131 alma\u011f\u0131 d\u00fc\u015f\u00fcn\u00fcrd\u00fck. \u0130ndi d\u0259 asq\u0131ra, \u00f6sk\u00fcr\u0259, yata-dura bilmir\u0259m. Ail\u0259 \u00fczvl\u0259rimin, bir d\u0259 \u0259l a\u011fac\u0131n\u0131n k\u00f6m\u0259yi il\u0259 yeriyir\u0259m. Bu, n\u0259 vaxta q\u0259d\u0259r olacaq? A\u011fr\u0131lar\u0131m getdikc\u0259 k\u0259skinl\u0259\u015fir&#8221;.<\/p>\n\n\n\n<p><strong>&#8220;Son \u00fc\u00e7 ayd\u0131r a\u011fr\u0131lar\u0131m o q\u0259d\u0259r art\u0131b ki, bilmir\u0259m n\u0259 edim&#8221;<\/strong><\/p>\n\n\n\n<p>F\u0259qan \u0130sayev deyir ki, son \u00fc\u00e7 aya q\u0259d\u0259r m\u00fcxt\u0259lif i\u015fl\u0259rd\u0259 \u00e7al\u0131\u015f\u0131b. \u0130ndi is\u0259 belind\u0259ki y\u0131rt\u0131q m\u00fcharib\u0259 i\u015ftirak\u00e7\u0131s\u0131na h\u0259r c\u00fcr fiziki v\u0259 psixoloji \u00e7\u0259tinlikl\u0259r yarad\u0131r. N\u0259 m\u00fcst\u0259qil h\u0259r\u0259k\u0259t ed\u0259, n\u0259 d\u0259 \u0259vv\u0259lki t\u0259k i\u015fl\u0259y\u0259 bilir. \u018flind\u0259ki a\u011faca, valideynl\u0259rinin k\u00f6m\u0259yin\u0259 m\u00f6htac durumdad\u0131r. K\u0259skin sinir pozuntusu da \u0259s\u0259bl\u0259rini tar\u0131ma \u00e7\u0259kib:<\/p>\n\n\n\n<p>&#8220;Belimd\u0259, k\u00fcr\u0259yimd\u0259 \u015fidd\u0259tli a\u011fr\u0131lar\u0131m olur. A\u011fr\u0131 sa\u011f, sol ayaqlar\u0131ma, b\u00f6yr\u0259yim\u0259 vurur. Sinirl\u0259rimi iflic edib, \u00e7evril\u0259, \u0259yil\u0259 bilmir\u0259m. Yatanda bel\u0259 \u00fcz\u00fc \u00fcst\u0259 yat\u0131ram, \u00e7ox vaxt a\u011fr\u0131dan g\u00f6z\u00fcm\u0259 yuxu getmir. H\u0259mi\u015f\u0259 i\u015fl\u0259y\u0259n adam olmu\u015fam, indi i\u015f\u0259 h\u0259sr\u0259t\u0259m. \u00d6z\u00fcm \u00f6z\u00fcm\u0259 \u0259s\u0259bil\u0259\u015fir\u0259m ki, niy\u0259 bu v\u0259ziyy\u0259t\u0259 d\u00fc\u015fd\u00fcm?\u201d<\/p>\n\n\n\n<figure class=\"wp-block-image size-large\"><img decoding=\"async\" width=\"1200\" height=\"729\" data-src=\"https:\/\/www.meydan.tv\/wp-content\/uploads\/efcae550-27f2-4b90-b0c9-3ba831b641bd-1200x729.jpg\" alt=\"\" class=\"wp-image-254604 lazyload\" src=\"data:image\/svg+xml;base64,PHN2ZyB3aWR0aD0iMSIgaGVpZ2h0PSIxIiB4bWxucz0iaHR0cDovL3d3dy53My5vcmcvMjAwMC9zdmciPjwvc3ZnPg==\" style=\"--smush-placeholder-width: 1200px; --smush-placeholder-aspect-ratio: 1200\/729;\" \/><\/figure>\n\n\n\n<p>\u201cTikintid\u0259 usta yan\u0131nda \u00e7al\u0131\u015fm\u0131\u015fam, t\u0259s\u0259rr\u00fcfatda, meyv\u0259 ba\u011flar\u0131nda m\u00f6vs\u00fcm\u00fc f\u0259hl\u0259 kimi i\u015fl\u0259mi\u015f\u0259m. Bir az torpa\u011f\u0131m\u0131z var, ki\u00e7ik qarda\u015f\u0131mla birg\u0259 orda istixana salm\u0131\u015fd\u0131m. \u018fkdiyimiz yax\u015f\u0131 qiym\u0259t\u0259 getm\u0259di\u201d, &#8211; m\u00fcharib\u0259 i\u015ftirak\u00e7\u0131s\u0131 deyir.<\/p>\n\n\n\n<p>F\u0259qan \u0130sayev evl\u0259rini g\u00f6st\u0259rir, k\u00f6hn\u0259, yar\u0131m\u00e7\u0131q tikilidir. Deyir ki, ya\u011f\u0131\u015f ya\u011fanda ev\u0259 t\u00f6k\u00fcl\u00fcr:<\/p>\n\n\n\n<p>\u201cOtaqlar\u0131n he\u00e7 t\u0259miri, divar\u0131, qap\u0131s\u0131, p\u0259nc\u0259r\u0259si yoxdur. \u0130ki otaq m\u00fcvv\u0259qq\u0259ti ya\u015famaq \u00fc\u00e7\u00fcnd\u00fcr\u201d.<\/p>\n\n\n\n<p><strong>&#8220;N\u0259 ev ist\u0259yir\u0259m, n\u0259 ma\u015f\u0131n, m\u00fcalic\u0259 olunma\u011f\u0131m\u0131 ist\u0259yir\u0259m&#8221;<\/strong><\/p>\n\n\n\n<p>\u00d6nc\u0259 G\u00f6y\u00e7ay Rayon M\u0259rk\u0259zi X\u0259st\u0259xanas\u0131na ba\u015f \u00e7\u0259k\u0259n veteran deyir ki, d\u0259rdin\u0259 orda \u0259lac tap\u0131lm\u0131r. H\u0259kim bel nahiy\u0259sind\u0259 6 mml \u00f6l\u00e7\u00fcd\u0259 y\u0131rt\u0131q oldu\u011funu bildirir. Deyir ki, \u0259m\u0259liyyat \u00fc\u00e7\u00fcn min manatdan yuxar\u0131 v\u0259saiti tapmad\u0131\u011f\u0131 \u00fc\u00e7\u00fcn ucuz m\u00fcalic\u0259 metoduna, t\u00fcrk\u0259\u00e7ar\u0259y\u0259 \u0259l at\u0131r:<\/p>\n\n\n\n<p>\u201cBak\u0131da \u0259m\u0259liyyat \u00fc\u00e7\u00fcn 1200 manat ist\u0259dil\u0259r. \u0130mkan\u0131m olmad\u0131. Borc-x\u0259rcl\u0259 Qubaya getdim. Belim\u0259 \u00e7\u0259kil\u0259n q\u0131r bir m\u00fcdd\u0259t a\u011fr\u0131lar\u0131m\u0131 azaltsa da, ancaq sa\u011faltmay\u0131b. H\u0259kimin yazd\u0131\u011f\u0131 ayl\u0131q 15 manatl\u0131q resepti bel\u0259 almaq imkan\u0131nda deyil\u0259m. \u0130st\u0259yim d\u00f6vl\u0259t x\u0259st\u0259xanalar\u0131nda ciddi m\u00fcayin\u0259 v\u0259 m\u00fcalic\u0259 olunmaqd\u0131r\u201d.<\/p>\n\n\n\n<p>\u201cN\u0259 ev ist\u0259yir\u0259m, n\u0259 ma\u015f\u0131n, m\u00fcalic\u0259 olunma\u011f\u0131m\u0131 ist\u0259yir\u0259m. S\u0259hh\u0259timin \u0259vv\u0259lki kimi olmas\u0131n\u0131 ist\u0259yir\u0259m. Rahat yeriy\u0259, i\u015f g\u00f6r\u0259 bilim, \u00f6z qabarl\u0131 \u0259ll\u0259riml\u0259 halal \u00e7\u00f6r\u0259yimi qazan\u0131m&#8221;, &#8211; F\u0259qan \u0130sayev deyir.<\/p>\n\n\n\n<p><strong>&#8220;M\u00fcharib\u0259y\u0259 yollad\u0131m sa\u011f salamat, qay\u0131dandan d\u00fc\u015f\u00fcb bu v\u0259ziyy\u0259t\u0259&#8221;<\/strong><\/p>\n\n\n\n<p>Veteran\u0131n anas\u0131 \u0130zahat \u0130sayeva da \u00f6vlad\u0131na aidiyy\u0259ti qurumlar t\u0259r\u0259find\u0259n k\u00f6m\u0259k edilm\u0259sini ist\u0259yir. Ail\u0259 n\u0259 sosial yard\u0131m, n\u0259 pensiya al\u0131r. Ail\u0259nin yegan\u0259 g\u0259liri F\u0259qan \u0130sayevin ad\u0131na veril\u0259n 80 manatl\u0131q veteran t\u0259qa\u00fcd\u00fcd\u00fcr: \u201cBu pul da iki kis\u0259 un etmir\u201d.<\/p>\n\n\n\n<p>Ana deyir ki, veteran m\u00fcharib\u0259d\u0259 olark\u0259n ail\u0259nin borc \u00fcz\u00fcnd\u0259n t\u0259bii qaz x\u0259ttini bel\u0259 k\u0259sibl\u0259r. S\u00fcp\u00fcrg\u0259 y\u0131\u011f\u0131b satmaqla \u00fc\u00e7 ail\u0259nin maddi y\u00fck\u00fcn\u00fc \u00e7\u0259k\u0259n valideynl\u0259r \u00f6vladlar\u0131n\u0131n s\u0259hh\u0259ti il\u0259 ba\u011fl\u0131 \u00e7\u0131x\u0131lmaz durumdad\u0131r. H\u0259tta atas\u0131 a\u011f\u0131r x\u0259st\u0259likl\u0259rd\u0259n \u0259ziyy\u0259t \u00e7\u0259ks\u0259 bel\u0259, \u00f6vlad\u0131n\u0131n s\u0259hh\u0259tini d\u00fc\u015f\u00fcn\u00fcr. N\u0259 qap\u0131s\u0131, n\u0259 p\u0259nc\u0259r\u0259si olan evinin is\u0259 \u0259sasl\u0131 t\u0259mir\u0259 ehtiyac\u0131 var.<\/p>\n\n\n\n<figure class=\"wp-block-image size-large\"><img decoding=\"async\" width=\"1200\" height=\"722\" data-src=\"https:\/\/www.meydan.tv\/wp-content\/uploads\/ee6076a0-fc89-4c2d-8a37-67addde1e0ed-1200x722.jpg\" alt=\"\" class=\"wp-image-254607 lazyload\" src=\"data:image\/svg+xml;base64,PHN2ZyB3aWR0aD0iMSIgaGVpZ2h0PSIxIiB4bWxucz0iaHR0cDovL3d3dy53My5vcmcvMjAwMC9zdmciPjwvc3ZnPg==\" style=\"--smush-placeholder-width: 1200px; --smush-placeholder-aspect-ratio: 1200\/722;\" \/><\/figure>\n\n\n\n<p>&#8221; Qolumdan tutub yeriyir. Deyir \u201c\u00e7\u0131xar\u0131n m\u0259ni \u00e7\u00f6l\u0259, hava d\u0259ysin, havam \u00e7atm\u0131r\u201d. N\u0259 vaxta q\u0259d\u0259r \u00f6vlad\u0131m bu v\u0259ziyy\u0259td\u0259 olacaq? M\u00fcharib\u0259y\u0259 sa\u011f-salamat yollad\u0131m, qay\u0131dandan sonra d\u00fc\u015f\u00fcb bu v\u0259ziyy\u0259t\u0259. G\u00fcn\u00fc-g\u00fcnd\u0259n a\u011fr\u0131lar\u0131 art\u0131r. Xahi\u015f edir\u0259m, \u00f6vlad\u0131ma k\u00f6m\u0259k edilsin. G\u00fcn\u00fc 5-10 manat f\u0259hl\u0259likl\u0259 ke\u00e7irdi, indi d\u0259 i\u015fl\u0259mir, dolan\u0131\u015f\u0131q yox\u201d, &#8211; ana deyir.<\/p>\n\n\n\n<p><strong>&#8220;R\u00fc\u015fv\u0259t vermir\u0259m, adam\u0131m yoxdur dey\u0259 ayr\u0131-se\u00e7kilik edirl\u0259r\u201d<\/strong><\/p>\n\n\n\n<p>M\u00fcharib\u0259 i\u015ftirak\u00e7\u0131s\u0131n\u0131n bir m\u00fcraci\u0259ti d\u0259 \u00f6z\u00fcn\u0259m\u0259\u015f\u011fulluq proqram\u0131 il\u0259 ba\u011fl\u0131d\u0131r. \u00d6t\u0259n ilin oktyabr\u0131ndan G\u00f6y\u00e7ay Rayon M\u0259\u015f\u011fulluq M\u0259rk\u0259zind\u0259 qeydiyyata d\u00fc\u015f\u0259n F\u0259qan \u0130sayevin ad\u0131na m\u00fcharib\u0259 veteran\u0131 kimi 21 \u0259d\u0259d qoyun yaz\u0131l\u0131b. H\u0259tta qurumdan bu ilin fevral\u0131nda g\u0259lib t\u00f6vl\u0259sind\u0259, h\u0259y\u0259tyan\u0131 sah\u0259sind\u0259, evind\u0259 \u00e7\u0259kili\u015f edibl\u0259r. D\u00f6rd ay m\u00fcdd\u0259tind\u0259 qoyunlar\u0131n veril\u0259c\u0259yi bildirils\u0259 d\u0259, \u00f6t\u0259n alt\u0131 ay m\u00fcdd\u0259tind\u0259 layih\u0259 ger\u00e7\u0259kl\u0259\u015fm\u0259yib.<\/p>\n\n\n\n<p>T\u0259krar m\u00fcraci\u0259td\u0259 is\u0259 M\u0259\u015f\u011fulluq M\u0259rk\u0259zind\u0259n bildirilib ki, k\u00f6hn\u0259 \u00e7\u0259kili\u015f l\u0259\u011fv edilib, \u018fm\u0259k v\u0259 \u018fhalinin Sosial M\u00fcdafi\u0259si Nazirliyind\u0259n g\u0259lib yenid\u0259n \u00e7\u0259kili\u015f ed\u0259c\u0259kl\u0259r. M\u00fcharib\u0259 i\u015ftirak\u00e7\u0131s\u0131 deyir ki, onunla eyni vaxtda v\u0259 sonra m\u00fcraci\u0259t ed\u0259nl\u0259r heyvanlar\u0131 t\u0259hvil alsalar da, bu g\u00f6zl\u0259m\u0259 m\u00f6vqeyind\u0259dir v\u0259 ist\u0259yi yubad\u0131l\u0131r. Art\u0131q aldanmaqdan yoruldu\u011funu dey\u0259n m\u00fcharib\u0259 veteran\u0131 ayr\u0131-se\u00e7kiliyin s\u0259b\u0259bini \u00f6yr\u0259nm\u0259k ist\u0259yir:<\/p>\n\n\n\n<p>&#8220;Bizim \u00e7\u0259kili\u015fi n\u0259y\u0259 g\u00f6r\u0259 l\u0259\u011fv edibl\u0259r? M\u0259n n\u0259 q\u0259d\u0259r g\u00f6zl\u0259yim? M\u0259nd\u0259n \u00e7ox sonra gedib m\u00fcraci\u0259t ed\u0259nl\u0259r\u0259 verildi. K\u0259ndd\u0259 \u015f\u0259hid v\u0259 veteran ail\u0259sin\u0259 veribl\u0259r. H\u0259tta adi v\u0259t\u0259nda\u015flara t\u0259z\u0259likc\u0259 in\u0259k, qoyun verdil\u0259r. D\u00fczd\u00fcr, \u015f\u0259hid, qazi deyil\u0259m, ancaq veteranam. Tan\u0131d\u0131\u011f\u0131m 15-20 ail\u0259 var ki, \u00f6z\u00fcn\u00fcn dolan\u0131\u015f\u0131\u011f\u0131 pis deyil, sa\u011fl\u0131qlar\u0131na qism\u0259t, ancaq al\u0131blar. Bilmir\u0259m b\u0259zil\u0259ri r\u00fc\u015fv\u0259t verir, ya vermir, adam\u0131 var, ya yox, ancaq m\u0259nd\u0259n sonra m\u00fcraci\u0259t edib al\u0131blar. Bu faktd\u0131r. \u00d6z\u00fcn\u00fcn qoyunu, in\u0259yi olanlar da var. M\u0259nim is\u0259 he\u00e7 n\u0259yim yoxdur. Konkret ver\u0259c\u0259kl\u0259r, verm\u0259y\u0259c\u0259kl\u0259r d\u00fcz\u00fcn\u00fc desinl\u0259r. Aldad\u0131lmaqdan bezmi\u015f\u0259m, m\u0259n d\u0259 bu \u00f6lk\u0259nin v\u0259t\u0259nda\u015f\u0131yam, V\u0259t\u0259nin kas\u0131b o\u011fluyam. \u0130mkanl\u0131lar istirah\u0259t ed\u0259nd\u0259, biz V\u0259t\u0259n \u00fc\u00e7\u00fcn vuru\u015furduq. Niy\u0259 ayr\u0131-se\u00e7kilik edirl\u0259r, r\u00fc\u015fv\u0259t vermir\u0259m, adam\u0131m yoxdur dey\u0259?! &#8220;<\/p>\n\n\n\n<p>D\u00f6vl\u0259t M\u0259\u015f\u011fulluq Agentliyinin Aran Regional M\u0259\u015f\u011fulluq filial\u0131n\u0131n \u0259m\u0259kda\u015f\u0131 Nizami H\u00fcseynov Meydan TV-nin sor\u011fusuna cavab olaraq bildirib ki, F\u0259qan \u0130sayevin ad\u0131 78 bal g\u00f6st\u0259ricisi il\u0259 qeydiyyat sistemind\u0259dir. O ki qald\u0131 heyvanlar\u0131n t\u0259hvil verilm\u0259sind\u0259 gecikm\u0259y\u0259, bildirildi ki, qurumda struktur d\u0259yi\u015fikliyi il\u0259 \u0259laq\u0259dar \u0259vv\u0259lki \u00e7\u0259kili\u015f l\u0259\u011fv edilib:<\/p>\n\n\n\n<figure class=\"wp-block-image size-large\"><img decoding=\"async\" width=\"1200\" height=\"725\" data-src=\"https:\/\/www.meydan.tv\/wp-content\/uploads\/eafc8e81-2c69-4d01-bb4e-20eb77dca95c-1200x725.jpg\" alt=\"\" class=\"wp-image-254610 lazyload\" src=\"data:image\/svg+xml;base64,PHN2ZyB3aWR0aD0iMSIgaGVpZ2h0PSIxIiB4bWxucz0iaHR0cDovL3d3dy53My5vcmcvMjAwMC9zdmciPjwvc3ZnPg==\" style=\"--smush-placeholder-width: 1200px; --smush-placeholder-aspect-ratio: 1200\/725;\" \/><\/figure>\n\n\n\n<p>&#8220;2-3 ay olar ki, filialda struktur d\u0259yi\u015fikliyi oldu dey\u0259 F\u0259qan \u0130sayevin fevraldak\u0131 \u00e7\u0259kili\u015fi l\u0259\u011fv olunub. Art\u0131q v\u0259t\u0259nda\u015flar\u0131n m\u0259nzil \u015f\u0259raitin\u0259 bax\u0131\u015f\u0131n\u0131 D\u00f6vl\u0259t M\u0259\u015f\u011fulluq Agentliyinin M\u0259rk\u0259zi Monitorinq Qiym\u0259tl\u0259ndirm\u0259 filial\u0131 g\u0259lib h\u0259yata ke\u00e7ir\u0259c\u0259k. O ki qald\u0131 konkret vaxta onu dey\u0259 bilm\u0259r\u0259m, bu il\u0259 \u00e7atmaz. \u00c7\u00fcnki haz\u0131rda 4 mind\u0259n \u00e7ox adam qeydiyyatdad\u0131r v\u0259 bal g\u00f6st\u0259ricisin\u0259 g\u00f6r\u0259 qeyd etdiyim qurum \u00f6z\u00fc n\u00f6vb\u0259li \u015f\u0259kild\u0259 \u0259laq\u0259 saxlay\u0131b yenid\u0259n \u00e7\u0259kili\u015f ed\u0259c\u0259k. Bu \u00fczd\u0259n F\u0259qan \u0130sayevl\u0259 \u0259laq\u0259 saxlamaq prosesi g\u0259l\u0259n il\u0259 q\u0259d\u0259r davam ed\u0259 bil\u0259r. Bak\u0131 il\u0259 \u0259laq\u0259 saxlan\u0131lsa, daha yax\u015f\u0131 olar&#8221;.<\/p>\n\n\n\n<p>D\u00f6vl\u0259t M\u0259\u015f\u011fulluq Agentliyin\u0259 y\u00f6nl\u0259ndiril\u0259n sor\u011fuya m\u0259tbuat katibi Mais Musayev q\u0131sa zamanda cavab veril\u0259c\u0259yini bildirs\u0259 d\u0259, m\u00f6vqe \u00f6yr\u0259nm\u0259k m\u00fcmk\u00fcn olmad\u0131.<\/p>\n\n\n\n<p>YA\u015eAT Fondunun m\u0259tbuat katibi Elnur Nift\u0259liyev is\u0259 Meydan TV-y\u0259 deyib ki, F\u0259qan M\u00fcseyib o\u011flu \u0130sayevin ad\u0131 Az\u0259rbaycan Respublikas\u0131n\u0131n \u0259razi b\u00fct\u00f6vl\u00fcy\u00fcn\u00fcn m\u00fcdafi\u0259si il\u0259 \u0259laq\u0259dar \u0259lilliyi m\u00fc\u0259yy\u0259n edilmi\u015f \u015f\u0259xsl\u0259rin siyah\u0131s\u0131nda yer almad\u0131\u011f\u0131ndan qurumun subyekti hesab olunmur. Z\u0259ruri s\u0259n\u0259dl\u0259ri oldu\u011fu halda o, Fondun d\u0259st\u0259k istiqam\u0259tl\u0259rind\u0259n yararlana bil\u0259r.<\/p>\n\n\n\n<p>T\u018fB\u0130B-in m\u0259tbuat xidm\u0259tinin \u0259m\u0259kda\u015f\u0131 Zamira Adilova is\u0259 Meydan TV-y\u0259 deyib ki, v\u0259t\u0259nda\u015fla \u0259laq\u0259 saxlan\u0131l\u0131b, s\u0259hh\u0259ti il\u0259 ba\u011fl\u0131 laz\u0131m\u0131 t\u0259dbirl\u0259rin g\u00f6r\u00fcl\u0259c\u0259yin\u0259 s\u00f6z verilib:<\/p>\n\n\n\n<p>&#8220;Art\u0131q v\u0259t\u0259nda\u015fla \u0259laq\u0259 saxlan\u0131l\u0131b. Ona tibbi bax\u0131mdan hans\u0131 k\u00f6m\u0259klik laz\u0131md\u0131rsa, t\u0259bii ki, T\u018fB\u0130B olaraq biz onu ed\u0259 bil\u0259c\u0259yik. M\u00fcayin\u0259 \u00fc\u00e7\u00fcn G\u00f6y\u00e7ay Rayon M\u0259rk\u0259zi X\u0259st\u0259xanas\u0131na d\u0259v\u0259t olunub, m\u00fc\u0259yy\u0259n m\u00fcalic\u0259 t\u0259yin olunacaq. \u018fg\u0259r ehtiyac yaranarsa, g\u00f6nd\u0259ri\u015fl\u0259 Bak\u0131dak\u0131 Neyroc\u0259rrahiyy\u0259 \u0130nstitutuna da y\u00f6nl\u0259ndiril\u0259c\u0259k&#8221;.<\/p>\n","protected":false},"excerpt":{"rendered":"<p>G\u00f6y\u00e7ay sakini ona qar\u015f\u0131 edil\u0259n ayr\u0131-se\u00e7kilikd\u0259n naraz\u0131d\u0131r 44 g\u00fcnl\u00fck m\u00fcharib\u0259 &#8230; <\/p>\n<p class=\"read-more-container\"><a title=\"M\u00fcharib\u0259 veteran\u0131: &#8220;M\u00fcalic\u0259 olunma\u011fa imkan\u0131m yoxdur\u201d\" class=\"read-more button\" href=\"https:\/\/www.meydan.tv\/az\/article\/muharibe-veterani-mualice-olunmaga-imkanim-yoxdur\/#more-254616\" aria-label=\"Read more about M\u00fcharib\u0259 veteran\u0131: &#8220;M\u00fcalic\u0259 olunma\u011fa imkan\u0131m yoxdur\u201d\">Davam\u0131<\/a><\/p>\n","protected":false},"author":8,"featured_media":254613,"comment_status":"closed","ping_status":"closed","sticky":false,"template":"","format":"standard","meta":{"_acf_changed":false,"_sitemap_exclude":false,"_sitemap_priority":"","_sitemap_frequency":"","footnotes":""},"categories":[60,79,56],"tags":[],"class_list":["post-254616","post","type-post","status-publish","format-standard","has-post-thumbnail","hentry","category-bolge","category-featured","category-xeberler","infinite-scroll-item","generate-columns","tablet-grid-50","mobile-grid-100","grid-parent","grid-33","no-featured-image-padding"],"acf":[],"yoast_head":"<!-- This site is optimized with the Yoast SEO plugin v27.5 - https:\/\/yoast.com\/product\/yoast-seo-wordpress\/ -->\n<title>M\u00fcharib\u0259 veteran\u0131: &quot;M\u00fcalic\u0259 olunma\u011fa imkan\u0131m yoxdur\u201d - MEYDAN.TV<\/title>\n<meta name=\"robots\" content=\"index, follow, max-snippet:-1, max-image-preview:large, max-video-preview:-1\" \/>\n<link rel=\"canonical\" href=\"https:\/\/www.meydan.tv\/az\/article\/muharibe-veterani-mualice-olunmaga-imkanim-yoxdur\/\" \/>\n<meta property=\"og:locale\" content=\"az_AZ\" \/>\n<meta property=\"og:type\" content=\"article\" \/>\n<meta property=\"og:title\" content=\"M\u00fcharib\u0259 veteran\u0131: &quot;M\u00fcalic\u0259 olunma\u011fa imkan\u0131m yoxdur\u201d - MEYDAN.TV\" \/>\n<meta property=\"og:description\" content=\"G\u00f6y\u00e7ay sakini ona qar\u015f\u0131 edil\u0259n ayr\u0131-se\u00e7kilikd\u0259n naraz\u0131d\u0131r 44 g\u00fcnl\u00fck m\u00fcharib\u0259 ... Davam\u0131\" \/>\n<meta property=\"og:url\" content=\"https:\/\/www.meydan.tv\/az\/article\/muharibe-veterani-mualice-olunmaga-imkanim-yoxdur\/\" \/>\n<meta property=\"og:site_name\" content=\"MEYDAN.TV\" \/>\n<meta property=\"article:published_time\" content=\"2022-08-31T16:34:34+00:00\" \/>\n<meta property=\"article:modified_time\" content=\"2022-08-31T16:34:36+00:00\" \/>\n<meta property=\"og:image\" content=\"https:\/\/www.meydan.tv\/wp-content\/uploads\/dbdbbdfd-2ba5-4a1f-86eb-f6a43cf65a18.jpg\" \/>\n\t<meta property=\"og:image:width\" content=\"1279\" \/>\n\t<meta property=\"og:image:height\" content=\"818\" \/>\n\t<meta property=\"og:image:type\" content=\"image\/jpeg\" \/>\n<meta name=\"author\" content=\"elli\" \/>\n<meta name=\"twitter:card\" content=\"summary_large_image\" \/>\n<meta name=\"twitter:creator\" content=\"@elli\" \/>\n<script type=\"application\/ld+json\" class=\"yoast-schema-graph\">{\"@context\":\"https:\\\/\\\/schema.org\",\"@graph\":[{\"@type\":\"Article\",\"@id\":\"https:\\\/\\\/www.meydan.tv\\\/az\\\/article\\\/muharibe-veterani-mualice-olunmaga-imkanim-yoxdur\\\/#article\",\"isPartOf\":{\"@id\":\"https:\\\/\\\/www.meydan.tv\\\/az\\\/article\\\/muharibe-veterani-mualice-olunmaga-imkanim-yoxdur\\\/\"},\"author\":{\"name\":\"elli\",\"@id\":\"https:\\\/\\\/www.meydan.tv\\\/az\\\/#\\\/schema\\\/person\\\/9cdbecf90d17180ce1dfbd95b08dcf47\"},\"headline\":\"M\u00fcharib\u0259 veteran\u0131: &#8220;M\u00fcalic\u0259 olunma\u011fa imkan\u0131m yoxdur\u201d\",\"datePublished\":\"2022-08-31T16:34:34+00:00\",\"dateModified\":\"2022-08-31T16:34:36+00:00\",\"mainEntityOfPage\":{\"@id\":\"https:\\\/\\\/www.meydan.tv\\\/az\\\/article\\\/muharibe-veterani-mualice-olunmaga-imkanim-yoxdur\\\/\"},\"wordCount\":1881,\"publisher\":{\"@id\":\"https:\\\/\\\/www.meydan.tv\\\/az\\\/#organization\"},\"image\":{\"@id\":\"https:\\\/\\\/www.meydan.tv\\\/az\\\/article\\\/muharibe-veterani-mualice-olunmaga-imkanim-yoxdur\\\/#primaryimage\"},\"thumbnailUrl\":\"https:\\\/\\\/www.meydan.tv\\\/wp-content\\\/uploads\\\/dbdbbdfd-2ba5-4a1f-86eb-f6a43cf65a18.jpg\",\"articleSection\":[\"B\u00f6lg\u0259\",\"T\u00f6vsiy\u0259\",\"X\u0259b\u0259rl\u0259r\"],\"inLanguage\":\"az\"},{\"@type\":\"WebPage\",\"@id\":\"https:\\\/\\\/www.meydan.tv\\\/az\\\/article\\\/muharibe-veterani-mualice-olunmaga-imkanim-yoxdur\\\/\",\"url\":\"https:\\\/\\\/www.meydan.tv\\\/az\\\/article\\\/muharibe-veterani-mualice-olunmaga-imkanim-yoxdur\\\/\",\"name\":\"M\u00fcharib\u0259 veteran\u0131: \\\"M\u00fcalic\u0259 olunma\u011fa imkan\u0131m yoxdur\u201d - MEYDAN.TV\",\"isPartOf\":{\"@id\":\"https:\\\/\\\/www.meydan.tv\\\/az\\\/#website\"},\"primaryImageOfPage\":{\"@id\":\"https:\\\/\\\/www.meydan.tv\\\/az\\\/article\\\/muharibe-veterani-mualice-olunmaga-imkanim-yoxdur\\\/#primaryimage\"},\"image\":{\"@id\":\"https:\\\/\\\/www.meydan.tv\\\/az\\\/article\\\/muharibe-veterani-mualice-olunmaga-imkanim-yoxdur\\\/#primaryimage\"},\"thumbnailUrl\":\"https:\\\/\\\/www.meydan.tv\\\/wp-content\\\/uploads\\\/dbdbbdfd-2ba5-4a1f-86eb-f6a43cf65a18.jpg\",\"datePublished\":\"2022-08-31T16:34:34+00:00\",\"dateModified\":\"2022-08-31T16:34:36+00:00\",\"breadcrumb\":{\"@id\":\"https:\\\/\\\/www.meydan.tv\\\/az\\\/article\\\/muharibe-veterani-mualice-olunmaga-imkanim-yoxdur\\\/#breadcrumb\"},\"inLanguage\":\"az\",\"potentialAction\":[{\"@type\":\"ReadAction\",\"target\":[\"https:\\\/\\\/www.meydan.tv\\\/az\\\/article\\\/muharibe-veterani-mualice-olunmaga-imkanim-yoxdur\\\/\"]}]},{\"@type\":\"ImageObject\",\"inLanguage\":\"az\",\"@id\":\"https:\\\/\\\/www.meydan.tv\\\/az\\\/article\\\/muharibe-veterani-mualice-olunmaga-imkanim-yoxdur\\\/#primaryimage\",\"url\":\"https:\\\/\\\/www.meydan.tv\\\/wp-content\\\/uploads\\\/dbdbbdfd-2ba5-4a1f-86eb-f6a43cf65a18.jpg\",\"contentUrl\":\"https:\\\/\\\/www.meydan.tv\\\/wp-content\\\/uploads\\\/dbdbbdfd-2ba5-4a1f-86eb-f6a43cf65a18.jpg\",\"width\":1279,\"height\":818,\"caption\":\"F\u0259qan \u0130sayev v\u0259 anas\u0131 \u0130zahat \u0130sayeva. Fotolar: Meydan TV\"},{\"@type\":\"BreadcrumbList\",\"@id\":\"https:\\\/\\\/www.meydan.tv\\\/az\\\/article\\\/muharibe-veterani-mualice-olunmaga-imkanim-yoxdur\\\/#breadcrumb\",\"itemListElement\":[{\"@type\":\"ListItem\",\"position\":1,\"name\":\"Ana s\u0259hif\u0259\",\"item\":\"https:\\\/\\\/www.meydan.tv\\\/az\\\/\"},{\"@type\":\"ListItem\",\"position\":2,\"name\":\"B\u00f6lg\u0259\",\"item\":\"https:\\\/\\\/www.meydan.tv\\\/az\\\/section\\\/bolge\\\/\"},{\"@type\":\"ListItem\",\"position\":3,\"name\":\"M\u00fcharib\u0259 veteran\u0131: &#8220;M\u00fcalic\u0259 olunma\u011fa imkan\u0131m yoxdur\u201d\"}]},{\"@type\":\"WebSite\",\"@id\":\"https:\\\/\\\/www.meydan.tv\\\/az\\\/#website\",\"url\":\"https:\\\/\\\/www.meydan.tv\\\/az\\\/\",\"name\":\"MEYDAN.TV\",\"description\":\"Meydan TV Az\u0259rbaycan\u0131n media m\u0259kan\u0131ndak\u0131 alternativ s\u0259sidir\",\"publisher\":{\"@id\":\"https:\\\/\\\/www.meydan.tv\\\/az\\\/#organization\"},\"potentialAction\":[{\"@type\":\"SearchAction\",\"target\":{\"@type\":\"EntryPoint\",\"urlTemplate\":\"https:\\\/\\\/www.meydan.tv\\\/az\\\/?s={search_term_string}\"},\"query-input\":{\"@type\":\"PropertyValueSpecification\",\"valueRequired\":true,\"valueName\":\"search_term_string\"}}],\"inLanguage\":\"az\"},{\"@type\":\"Organization\",\"@id\":\"https:\\\/\\\/www.meydan.tv\\\/az\\\/#organization\",\"name\":\"Meydan TV\",\"url\":\"https:\\\/\\\/www.meydan.tv\\\/az\\\/\",\"logo\":{\"@type\":\"ImageObject\",\"inLanguage\":\"az\",\"@id\":\"https:\\\/\\\/www.meydan.tv\\\/az\\\/#\\\/schema\\\/logo\\\/image\\\/\",\"url\":\"https:\\\/\\\/www.meydan.tv\\\/wp-content\\\/uploads\\\/2021\\\/07\\\/meydan-logo.svg\",\"contentUrl\":\"https:\\\/\\\/www.meydan.tv\\\/wp-content\\\/uploads\\\/2021\\\/07\\\/meydan-logo.svg\",\"width\":195,\"height\":46,\"caption\":\"Meydan TV\"},\"image\":{\"@id\":\"https:\\\/\\\/www.meydan.tv\\\/az\\\/#\\\/schema\\\/logo\\\/image\\\/\"}},{\"@type\":\"Person\",\"@id\":\"https:\\\/\\\/www.meydan.tv\\\/az\\\/#\\\/schema\\\/person\\\/9cdbecf90d17180ce1dfbd95b08dcf47\",\"name\":\"elli\",\"sameAs\":[\"https:\\\/\\\/x.com\\\/elli\"]}]}<\/script>\n<!-- \/ Yoast SEO plugin. -->","yoast_head_json":{"title":"M\u00fcharib\u0259 veteran\u0131: \"M\u00fcalic\u0259 olunma\u011fa imkan\u0131m yoxdur\u201d - MEYDAN.TV","robots":{"index":"index","follow":"follow","max-snippet":"max-snippet:-1","max-image-preview":"max-image-preview:large","max-video-preview":"max-video-preview:-1"},"canonical":"https:\/\/www.meydan.tv\/az\/article\/muharibe-veterani-mualice-olunmaga-imkanim-yoxdur\/","og_locale":"az_AZ","og_type":"article","og_title":"M\u00fcharib\u0259 veteran\u0131: \"M\u00fcalic\u0259 olunma\u011fa imkan\u0131m yoxdur\u201d - MEYDAN.TV","og_description":"G\u00f6y\u00e7ay sakini ona qar\u015f\u0131 edil\u0259n ayr\u0131-se\u00e7kilikd\u0259n naraz\u0131d\u0131r 44 g\u00fcnl\u00fck m\u00fcharib\u0259 ... Davam\u0131","og_url":"https:\/\/www.meydan.tv\/az\/article\/muharibe-veterani-mualice-olunmaga-imkanim-yoxdur\/","og_site_name":"MEYDAN.TV","article_published_time":"2022-08-31T16:34:34+00:00","article_modified_time":"2022-08-31T16:34:36+00:00","og_image":[{"width":1279,"height":818,"url":"https:\/\/www.meydan.tv\/wp-content\/uploads\/dbdbbdfd-2ba5-4a1f-86eb-f6a43cf65a18.jpg","type":"image\/jpeg"}],"author":"elli","twitter_card":"summary_large_image","twitter_creator":"@elli","schema":{"@context":"https:\/\/schema.org","@graph":[{"@type":"Article","@id":"https:\/\/www.meydan.tv\/az\/article\/muharibe-veterani-mualice-olunmaga-imkanim-yoxdur\/#article","isPartOf":{"@id":"https:\/\/www.meydan.tv\/az\/article\/muharibe-veterani-mualice-olunmaga-imkanim-yoxdur\/"},"author":{"name":"elli","@id":"https:\/\/www.meydan.tv\/az\/#\/schema\/person\/9cdbecf90d17180ce1dfbd95b08dcf47"},"headline":"M\u00fcharib\u0259 veteran\u0131: &#8220;M\u00fcalic\u0259 olunma\u011fa imkan\u0131m yoxdur\u201d","datePublished":"2022-08-31T16:34:34+00:00","dateModified":"2022-08-31T16:34:36+00:00","mainEntityOfPage":{"@id":"https:\/\/www.meydan.tv\/az\/article\/muharibe-veterani-mualice-olunmaga-imkanim-yoxdur\/"},"wordCount":1881,"publisher":{"@id":"https:\/\/www.meydan.tv\/az\/#organization"},"image":{"@id":"https:\/\/www.meydan.tv\/az\/article\/muharibe-veterani-mualice-olunmaga-imkanim-yoxdur\/#primaryimage"},"thumbnailUrl":"https:\/\/www.meydan.tv\/wp-content\/uploads\/dbdbbdfd-2ba5-4a1f-86eb-f6a43cf65a18.jpg","articleSection":["B\u00f6lg\u0259","T\u00f6vsiy\u0259","X\u0259b\u0259rl\u0259r"],"inLanguage":"az"},{"@type":"WebPage","@id":"https:\/\/www.meydan.tv\/az\/article\/muharibe-veterani-mualice-olunmaga-imkanim-yoxdur\/","url":"https:\/\/www.meydan.tv\/az\/article\/muharibe-veterani-mualice-olunmaga-imkanim-yoxdur\/","name":"M\u00fcharib\u0259 veteran\u0131: \"M\u00fcalic\u0259 olunma\u011fa imkan\u0131m yoxdur\u201d - MEYDAN.TV","isPartOf":{"@id":"https:\/\/www.meydan.tv\/az\/#website"},"primaryImageOfPage":{"@id":"https:\/\/www.meydan.tv\/az\/article\/muharibe-veterani-mualice-olunmaga-imkanim-yoxdur\/#primaryimage"},"image":{"@id":"https:\/\/www.meydan.tv\/az\/article\/muharibe-veterani-mualice-olunmaga-imkanim-yoxdur\/#primaryimage"},"thumbnailUrl":"https:\/\/www.meydan.tv\/wp-content\/uploads\/dbdbbdfd-2ba5-4a1f-86eb-f6a43cf65a18.jpg","datePublished":"2022-08-31T16:34:34+00:00","dateModified":"2022-08-31T16:34:36+00:00","breadcrumb":{"@id":"https:\/\/www.meydan.tv\/az\/article\/muharibe-veterani-mualice-olunmaga-imkanim-yoxdur\/#breadcrumb"},"inLanguage":"az","potentialAction":[{"@type":"ReadAction","target":["https:\/\/www.meydan.tv\/az\/article\/muharibe-veterani-mualice-olunmaga-imkanim-yoxdur\/"]}]},{"@type":"ImageObject","inLanguage":"az","@id":"https:\/\/www.meydan.tv\/az\/article\/muharibe-veterani-mualice-olunmaga-imkanim-yoxdur\/#primaryimage","url":"https:\/\/www.meydan.tv\/wp-content\/uploads\/dbdbbdfd-2ba5-4a1f-86eb-f6a43cf65a18.jpg","contentUrl":"https:\/\/www.meydan.tv\/wp-content\/uploads\/dbdbbdfd-2ba5-4a1f-86eb-f6a43cf65a18.jpg","width":1279,"height":818,"caption":"F\u0259qan \u0130sayev v\u0259 anas\u0131 \u0130zahat \u0130sayeva. Fotolar: Meydan TV"},{"@type":"BreadcrumbList","@id":"https:\/\/www.meydan.tv\/az\/article\/muharibe-veterani-mualice-olunmaga-imkanim-yoxdur\/#breadcrumb","itemListElement":[{"@type":"ListItem","position":1,"name":"Ana s\u0259hif\u0259","item":"https:\/\/www.meydan.tv\/az\/"},{"@type":"ListItem","position":2,"name":"B\u00f6lg\u0259","item":"https:\/\/www.meydan.tv\/az\/section\/bolge\/"},{"@type":"ListItem","position":3,"name":"M\u00fcharib\u0259 veteran\u0131: &#8220;M\u00fcalic\u0259 olunma\u011fa imkan\u0131m yoxdur\u201d"}]},{"@type":"WebSite","@id":"https:\/\/www.meydan.tv\/az\/#website","url":"https:\/\/www.meydan.tv\/az\/","name":"MEYDAN.TV","description":"Meydan TV Az\u0259rbaycan\u0131n media m\u0259kan\u0131ndak\u0131 alternativ s\u0259sidir","publisher":{"@id":"https:\/\/www.meydan.tv\/az\/#organization"},"potentialAction":[{"@type":"SearchAction","target":{"@type":"EntryPoint","urlTemplate":"https:\/\/www.meydan.tv\/az\/?s={search_term_string}"},"query-input":{"@type":"PropertyValueSpecification","valueRequired":true,"valueName":"search_term_string"}}],"inLanguage":"az"},{"@type":"Organization","@id":"https:\/\/www.meydan.tv\/az\/#organization","name":"Meydan TV","url":"https:\/\/www.meydan.tv\/az\/","logo":{"@type":"ImageObject","inLanguage":"az","@id":"https:\/\/www.meydan.tv\/az\/#\/schema\/logo\/image\/","url":"https:\/\/www.meydan.tv\/wp-content\/uploads\/2021\/07\/meydan-logo.svg","contentUrl":"https:\/\/www.meydan.tv\/wp-content\/uploads\/2021\/07\/meydan-logo.svg","width":195,"height":46,"caption":"Meydan TV"},"image":{"@id":"https:\/\/www.meydan.tv\/az\/#\/schema\/logo\/image\/"}},{"@type":"Person","@id":"https:\/\/www.meydan.tv\/az\/#\/schema\/person\/9cdbecf90d17180ce1dfbd95b08dcf47","name":"elli","sameAs":["https:\/\/x.com\/elli"]}]}},"_links":{"self":[{"href":"https:\/\/www.meydan.tv\/az\/wp-json\/wp\/v2\/posts\/254616","targetHints":{"allow":["GET"]}}],"collection":[{"href":"https:\/\/www.meydan.tv\/az\/wp-json\/wp\/v2\/posts"}],"about":[{"href":"https:\/\/www.meydan.tv\/az\/wp-json\/wp\/v2\/types\/post"}],"author":[{"embeddable":true,"href":"https:\/\/www.meydan.tv\/az\/wp-json\/wp\/v2\/users\/8"}],"replies":[{"embeddable":true,"href":"https:\/\/www.meydan.tv\/az\/wp-json\/wp\/v2\/comments?post=254616"}],"version-history":[{"count":1,"href":"https:\/\/www.meydan.tv\/az\/wp-json\/wp\/v2\/posts\/254616\/revisions"}],"predecessor-version":[{"id":254617,"href":"https:\/\/www.meydan.tv\/az\/wp-json\/wp\/v2\/posts\/254616\/revisions\/254617"}],"wp:featuredmedia":[{"embeddable":true,"href":"https:\/\/www.meydan.tv\/az\/wp-json\/wp\/v2\/media\/254613"}],"wp:attachment":[{"href":"https:\/\/www.meydan.tv\/az\/wp-json\/wp\/v2\/media?parent=254616"}],"wp:term":[{"taxonomy":"category","embeddable":true,"href":"https:\/\/www.meydan.tv\/az\/wp-json\/wp\/v2\/categories?post=254616"},{"taxonomy":"post_tag","embeddable":true,"href":"https:\/\/www.meydan.tv\/az\/wp-json\/wp\/v2\/tags?post=254616"}],"curies":[{"name":"wp","href":"https:\/\/api.w.org\/{rel}","templated":true}]}}