{"id":254564,"date":"2022-08-31T14:45:16","date_gmt":"2022-08-31T10:45:16","guid":{"rendered":"https:\/\/www.meydan.tv\/?p=254564"},"modified":"2022-08-31T21:04:36","modified_gmt":"2022-08-31T17:04:36","slug":"qebele-sakini-bir-sirketin-anbarindan-basqa-sirketin-iscileri-hede-qorxu-ile-216-ton-gubre-apardilar","status":"publish","type":"post","link":"https:\/\/www.meydan.tv\/az\/article\/qebele-sakini-bir-sirketin-anbarindan-basqa-sirketin-iscileri-hede-qorxu-ile-216-ton-gubre-apardilar\/","title":{"rendered":"Q\u0259b\u0259l\u0259 sakini: \u201cBir \u015firk\u0259tin anbar\u0131ndan ba\u015fqa \u015firk\u0259tin i\u015f\u00e7il\u0259ri h\u0259d\u0259-qorxu il\u0259 216 ton g\u00fcbr\u0259 apard\u0131lar\u201d"},"content":{"rendered":"\n<p><em>Qalmaqalda ad\u0131 hallanan \u015firk\u0259tin V\u0259li Na\u011f\u0131yev\u0259 m\u0259xsus oldu\u011fu bildirilir<\/em><\/p>\n\n\n\n<p>Q\u0259b\u0259l\u0259 rayonunda g\u00fcbr\u0259 sat\u0131\u015f\u0131yla m\u0259\u015f\u011ful olan V\u00fcsal Aslanov deyir ki, i\u015fl\u0259diyi anbardan 216 tona yax\u0131n m\u0259hsulu h\u0259d\u0259-qorxu il\u0259 g\u00f6t\u00fcr\u00fcb apar\u0131blar. Onun s\u00f6zl\u0259rin\u0259 g\u00f6r\u0259, h\u0259d\u0259-qorxu g\u0259l\u0259n \u00fc\u00e7 n\u0259f\u0259r \u00f6zl\u0259rini \u201cSara Group\u201dun i\u015f\u00e7il\u0259ri kimi t\u0259qdim edibl\u0259r.<\/p>\n\n\n\n<p><strong>4317 kis\u0259 g\u00fcbr\u0259 zorla apar\u0131l\u0131b<\/strong><\/p>\n\n\n\n<p>V\u00fcsal Aslanov 2020-ci ilin fevral\u0131ndan \u201cButa Trading\u201d \u015firk\u0259tind\u0259 sat\u0131\u015f m\u00fct\u0259x\u0259ssisi kimi i\u015f\u0259 ba\u015flay\u0131b. Bu \u015firk\u0259tin Q\u0259b\u0259l\u0259 rayonunun Soltannuxa k\u0259ndind\u0259 d\u0259 sat\u0131\u015f m\u0259nt\u0259q\u0259si var. Orada g\u00fcbr\u0259, bitki m\u00fchafiz\u0259 preparatlar\u0131, toxum v\u0259 ba\u015fqa k\u0259nd t\u0259s\u0259rr\u00fcfat\u0131 m\u0259hsullar\u0131 sat\u0131l\u0131r. G\u00fcbr\u0259 sat\u0131\u015f\u0131 h\u0259m na\u011fd, h\u0259m d\u0259 \u0259halinin v\u0259ziyy\u0259tini n\u0259z\u0259r\u0259 alaraq, nisy\u0259 h\u0259yata ke\u00e7irilib.<\/p>\n\n\n\n<p>35 ya\u015fl\u0131 V\u00fcsal Aslanovun s\u00f6zl\u0259rin\u0259 g\u00f6r\u0259, h\u0259d\u0259 yoluyla apar\u0131lan g\u00fcbr\u0259 215 ton 850 kiloqram olub. Bu q\u0259d\u0259r \u201cammonium nitrat\u201d g\u00fcbr\u0259si 4 min 317 kis\u0259d\u0259 qabla\u015fd\u0131r\u0131l\u0131b.<\/p>\n\n\n\n<p>Hadis\u0259 2022-ci il mart\u0131n 24-d\u0259 \u201cButa Trading\u201d MMC-nin Soltannuxa k\u0259ndind\u0259ki sat\u0131\u015f anbar\u0131nda ba\u015f verib.<\/p>\n\n\n\n<p>\u201cH\u0259min \u015f\u0259xsl\u0259r anbardar \u0130sg\u0259nd\u0259r \u0130sg\u0259nd\u0259rova deyibl\u0259r ki, oradak\u0131 mallar \u201cSara Qrup\u201d \u015firk\u0259tin\u0259 m\u0259xsusdur. M\u0259n ora \u00e7atanda da o adamlar orada idi. M\u0259n\u0259 d\u0259 dedil\u0259r ki, g\u00fcbr\u0259l\u0259r \u201cSara Group\u201dundur, aparacaqlar. M\u0259n is\u0259 bildirdim ki, bu m\u0259hsullar \u201cButa Trading\u201d \u015firk\u0259tin\u0259 aiddir. Xeyri olmad\u0131. Biz\u0259 h\u0259d\u0259-qorxu g\u0259lib, sat\u0131\u015f m\u0259nt\u0259q\u0259sind\u0259 olan 4 min 317 kis\u0259 g\u00fcbr\u0259ni zorla g\u00f6t\u00fcr\u00fcb apard\u0131lar\u201d, &#8211; \u015fikay\u0259t\u00e7i bildirib.<\/p>\n\n\n\n<p><strong>\u201cM\u0259nim g\u00fcnah\u0131m yoxdur ax\u0131\u2026\u201d<\/strong><\/p>\n\n\n\n<p>V\u00fcsal Aslanova ba\u015fqa bir problem d\u0259 yaran\u0131b. Deyir ki, \u201cButa Trading\u201d d\u0259 ondan m\u0259hsullar\u0131n\u0131 t\u0259l\u0259b edir:<\/p>\n\n\n\n<p>\u201cHadis\u0259nin ert\u0259si &#8211; mart\u0131n 25-d\u0259 r\u0259hb\u0259rim Eltun Allahverdiyev m\u0259nd\u0259n mallar\u0131n\u0131n qaytar\u0131lmas\u0131n\u0131 t\u0259l\u0259b etdi. M\u0259n \u201cButa Trading\u201din ofisin\u0259 gedib, ba\u015f ver\u0259nl\u0259ri \u0259trafl\u0131 dan\u0131\u015fd\u0131m. Sonradan ara\u015fd\u0131rma zaman\u0131 m\u0259lum oldu ki, sat\u0131\u015f m\u0259nt\u0259q\u0259sind\u0259n mallar\u0131 qanunsuz aparanlar \u201cSara Group\u201dun \u0259m\u0259kda\u015flar\u0131 Sakit Sad\u0131qov, Orxan Na\u011f\u0131yev v\u0259 Vasif adl\u0131 \u015f\u0259xs olub. Y\u0259ni bu adamlar m\u0259hsulu apar\u0131b ki, \u201cbizim \u015firk\u0259tindir\u201d. Dig\u0259r t\u0259r\u0259fd\u0259n d\u0259 \u00f6z i\u015f yerim m\u0259nd\u0259n onlar\u0131n apard\u0131\u011f\u0131 m\u0259hsullar\u0131 t\u0259l\u0259b edir. H\u0259qiq\u0259t\u0259n d\u0259 m\u0259hsul \u201cButa Trading\u201d\u0259 aiddir. Amma onun apar\u0131lmas\u0131nda m\u0259nim g\u00fcnah\u0131m yoxdur ax\u0131. Bir \u015firk\u0259tin i\u015f\u00e7il\u0259ri ba\u015fqa \u015firk\u0259tin anbar\u0131ndan h\u0259d\u0259-qorxu il\u0259 216 ton g\u00fcbr\u0259ni g\u00f6t\u00fcr\u00fcb apar\u0131b\u201d.<\/p>\n\n\n\n<p>V\u00fcsal Aslanov 216 tona yax\u0131n g\u00fcbr\u0259nin zorla sat\u0131\u015f m\u0259nt\u0259q\u0259sind\u0259n apar\u0131lmas\u0131yla \u0259laq\u0259dar Q\u0259b\u0259l\u0259 rayon Polis \u015e\u00f6b\u0259sin\u0259 m\u00fcraci\u0259t edib.<\/p>\n\n\n\n<p><strong>\u201cOnun \u015fikay\u0259ti cinay\u0259t i\u015fin\u0259 \u0259lav\u0259 olunub\u201d<\/strong><\/p>\n\n\n\n<p>Daxili \u0130\u015fl\u0259r Nazirliyinin M\u0259tbuat Xidm\u0259tinin \u015e\u0259ki regional qrupundan V\u00fcsal Aslanovun h\u0259d\u0259-qorxu il\u0259 g\u00fcbr\u0259l\u0259rin apar\u0131lmas\u0131 haqda polis \u015f\u00f6b\u0259sin\u0259 r\u0259smi qaydada \u015fikay\u0259t etdiyini t\u0259sdiql\u0259yibl\u0259r. Amma onun \u015fikay\u0259ti prokurorlu\u011fa g\u00f6nd\u0259rilib. S\u0259b\u0259bi is\u0259 bel\u0259 izah olunub:<\/p>\n\n\n\n<p>\u201cQeyd olunan faktla ba\u011fl\u0131 prokurorluqda \u0259vv\u0259lc\u0259d\u0259n ara\u015fd\u0131rma apar\u0131ld\u0131\u011f\u0131na g\u00f6r\u0259 \u015f\u0259xsin m\u00fcraci\u0259ti d\u0259 aidiyy\u0259ti \u00fczr\u0259 Q\u0259b\u0259l\u0259 Rayon Prokurorlu\u011funa g\u00f6nd\u0259rildi\u201d.<\/p>\n\n\n<div class=\"wp-block-image\">\n<figure class=\"alignleft size-large is-resized\"><img decoding=\"async\" data-src=\"https:\/\/www.meydan.tv\/wp-content\/uploads\/photo-2022-08-31-14-00-13-515x821.jpg\" alt=\"\" class=\"wp-image-254561 lazyload\" width=\"284\" height=\"453\" src=\"data:image\/svg+xml;base64,PHN2ZyB3aWR0aD0iMSIgaGVpZ2h0PSIxIiB4bWxucz0iaHR0cDovL3d3dy53My5vcmcvMjAwMC9zdmciPjwvc3ZnPg==\" style=\"--smush-placeholder-width: 284px; --smush-placeholder-aspect-ratio: 284\/453;\" \/><figcaption>Foto: Meydan TV<\/figcaption><\/figure>\n<\/div>\n\n\n<p>Prokurorluqdan is\u0259 bildirilib ki, \u201cSara Group\u201d MMC-d\u0259n m\u0259nims\u0259m\u0259 hal\u0131 olub. \u015eirk\u0259tin \u015fikay\u0259ti \u0259sas\u0131nda ara\u015fd\u0131rmalar apar\u0131l\u0131b v\u0259 m\u0259nims\u0259m\u0259 fakt\u0131 \u00fczr\u0259 avqustun 16-da cinay\u0259t i\u015fi ba\u015flan\u0131b. Bu i\u015f \u00fczr\u0259 ara\u015fd\u0131rmalar Ba\u015f prokuror yan\u0131nda Korrupsiyaya qar\u015f\u0131 M\u00fcbariz\u0259 \u0130dar\u0259sind\u0259 apar\u0131l\u0131r.<\/p>\n\n\n\n<p>\u201cSara Group\u201d QSC-nin anbardar\u0131 v\u0259 bir s\u0131ra ba\u015fqa \u015f\u0259xsl\u0259rin \u015firk\u0259tin k\u00fclli miqdarda mal\u0131n\u0131 talad\u0131\u011f\u0131 iddia olunur.<\/p>\n\n\n\n<p>\u201cV\u00fcsal Aslanov v\u0259 dig\u0259r v\u0259t\u0259nda\u015flar\u0131n s\u00f6z\u00fcged\u0259n v\u0259zif\u0259li \u015f\u0259xsl\u0259rin qanunsuz h\u0259r\u0259k\u0259tl\u0259ri bar\u0259d\u0259 ox\u015far m\u0259zmunlu m\u00fcraci\u0259tl\u0259ri istintaq\u0131n gedi\u015find\u0259 h\u00fcquqi qiym\u0259t verilm\u0259si \u00fc\u00e7\u00fcn cinay\u0259t i\u015fin\u0259 \u0259lav\u0259 edilib\u201d, &#8211; prokurorluqdan bildirilib.<\/p>\n\n\n\n<p>Meydan TV-nin \u0259ld\u0259 etdiyi m\u0259lumata g\u00f6r\u0259, \u00f6lk\u0259d\u0259 g\u00fcbr\u0259 sat\u0131\u015f\u0131na D\u00f6vl\u0259t Miqrasiya Xidm\u0259ti r\u0259isinin birinci m\u00fcavini V\u0259li Na\u011f\u0131yev n\u0259zar\u0259t edir, \u201cSara Group\u201d QSC d\u0259 ona m\u0259xsusdur. O, D\u00f6vl\u0259t T\u0259hl\u00fck\u0259sizlik Xidm\u0259tinin r\u0259isi \u018fli Na\u011f\u0131yevin qarda\u015f\u0131d\u0131r.<\/p>\n\n\n\n<p>Meydan TV D\u00f6vl\u0259t Miqrasiya Xidm\u0259tind\u0259n m\u0259s\u0259l\u0259y\u0259 m\u00fcnasib\u0259t \u00f6yr\u0259n\u0259 bilm\u0259yib. Qurumdan sual\u0131 cavabland\u0131rmaq ist\u0259m\u0259yibl\u0259r.<\/p>\n","protected":false},"excerpt":{"rendered":"<p>Qalmaqalda ad\u0131 hallanan \u015firk\u0259tin V\u0259li Na\u011f\u0131yev\u0259 m\u0259xsus oldu\u011fu bildirilir Q\u0259b\u0259l\u0259 &#8230; <\/p>\n<p class=\"read-more-container\"><a title=\"Q\u0259b\u0259l\u0259 sakini: \u201cBir \u015firk\u0259tin anbar\u0131ndan ba\u015fqa \u015firk\u0259tin i\u015f\u00e7il\u0259ri h\u0259d\u0259-qorxu il\u0259 216 ton g\u00fcbr\u0259 apard\u0131lar\u201d\" class=\"read-more button\" href=\"https:\/\/www.meydan.tv\/az\/article\/qebele-sakini-bir-sirketin-anbarindan-basqa-sirketin-iscileri-hede-qorxu-ile-216-ton-gubre-apardilar\/#more-254564\" aria-label=\"Read more about Q\u0259b\u0259l\u0259 sakini: \u201cBir \u015firk\u0259tin anbar\u0131ndan ba\u015fqa \u015firk\u0259tin i\u015f\u00e7il\u0259ri h\u0259d\u0259-qorxu il\u0259 216 ton g\u00fcbr\u0259 apard\u0131lar\u201d\">Davam\u0131<\/a><\/p>\n","protected":false},"author":8,"featured_media":254571,"comment_status":"closed","ping_status":"closed","sticky":false,"template":"","format":"standard","meta":{"_acf_changed":false,"_sitemap_exclude":false,"_sitemap_priority":"","_sitemap_frequency":"","footnotes":""},"categories":[60,88,79,56],"tags":[],"class_list":["post-254564","post","type-post","status-publish","format-standard","has-post-thumbnail","hentry","category-bolge","category-redaktor-secimi","category-featured","category-xeberler","infinite-scroll-item","generate-columns","tablet-grid-50","mobile-grid-100","grid-parent","grid-33","no-featured-image-padding"],"acf":[],"yoast_head":"<!-- This site is optimized with the Yoast SEO plugin v27.5 - https:\/\/yoast.com\/product\/yoast-seo-wordpress\/ -->\n<title>Q\u0259b\u0259l\u0259 sakini: \u201cBir \u015firk\u0259tin anbar\u0131ndan ba\u015fqa \u015firk\u0259tin i\u015f\u00e7il\u0259ri h\u0259d\u0259-qorxu il\u0259 216 ton g\u00fcbr\u0259 apard\u0131lar\u201d - MEYDAN.TV<\/title>\n<meta name=\"robots\" content=\"index, follow, max-snippet:-1, max-image-preview:large, max-video-preview:-1\" \/>\n<link rel=\"canonical\" href=\"https:\/\/www.meydan.tv\/az\/article\/qebele-sakini-bir-sirketin-anbarindan-basqa-sirketin-iscileri-hede-qorxu-ile-216-ton-gubre-apardilar\/\" \/>\n<meta property=\"og:locale\" content=\"az_AZ\" \/>\n<meta property=\"og:type\" content=\"article\" \/>\n<meta property=\"og:title\" content=\"Q\u0259b\u0259l\u0259 sakini: \u201cBir \u015firk\u0259tin anbar\u0131ndan ba\u015fqa \u015firk\u0259tin i\u015f\u00e7il\u0259ri h\u0259d\u0259-qorxu il\u0259 216 ton g\u00fcbr\u0259 apard\u0131lar\u201d - MEYDAN.TV\" \/>\n<meta property=\"og:description\" content=\"Qalmaqalda ad\u0131 hallanan \u015firk\u0259tin V\u0259li Na\u011f\u0131yev\u0259 m\u0259xsus oldu\u011fu bildirilir Q\u0259b\u0259l\u0259 ... Davam\u0131\" \/>\n<meta property=\"og:url\" content=\"https:\/\/www.meydan.tv\/az\/article\/qebele-sakini-bir-sirketin-anbarindan-basqa-sirketin-iscileri-hede-qorxu-ile-216-ton-gubre-apardilar\/\" \/>\n<meta property=\"og:site_name\" content=\"MEYDAN.TV\" \/>\n<meta property=\"article:published_time\" content=\"2022-08-31T10:45:16+00:00\" \/>\n<meta property=\"article:modified_time\" content=\"2022-08-31T17:04:36+00:00\" \/>\n<meta property=\"og:image\" content=\"https:\/\/www.meydan.tv\/wp-content\/uploads\/untitled_design-7.png\" \/>\n\t<meta property=\"og:image:width\" content=\"1200\" \/>\n\t<meta property=\"og:image:height\" content=\"753\" \/>\n\t<meta property=\"og:image:type\" content=\"image\/png\" \/>\n<meta name=\"author\" content=\"elli\" \/>\n<meta name=\"twitter:card\" content=\"summary_large_image\" \/>\n<meta name=\"twitter:creator\" content=\"@elli\" \/>\n<script type=\"application\/ld+json\" class=\"yoast-schema-graph\">{\"@context\":\"https:\\\/\\\/schema.org\",\"@graph\":[{\"@type\":\"Article\",\"@id\":\"https:\\\/\\\/www.meydan.tv\\\/az\\\/article\\\/qebele-sakini-bir-sirketin-anbarindan-basqa-sirketin-iscileri-hede-qorxu-ile-216-ton-gubre-apardilar\\\/#article\",\"isPartOf\":{\"@id\":\"https:\\\/\\\/www.meydan.tv\\\/az\\\/article\\\/qebele-sakini-bir-sirketin-anbarindan-basqa-sirketin-iscileri-hede-qorxu-ile-216-ton-gubre-apardilar\\\/\"},\"author\":{\"name\":\"elli\",\"@id\":\"https:\\\/\\\/www.meydan.tv\\\/az\\\/#\\\/schema\\\/person\\\/9cdbecf90d17180ce1dfbd95b08dcf47\"},\"headline\":\"Q\u0259b\u0259l\u0259 sakini: \u201cBir \u015firk\u0259tin anbar\u0131ndan ba\u015fqa \u015firk\u0259tin i\u015f\u00e7il\u0259ri h\u0259d\u0259-qorxu il\u0259 216 ton g\u00fcbr\u0259 apard\u0131lar\u201d\",\"datePublished\":\"2022-08-31T10:45:16+00:00\",\"dateModified\":\"2022-08-31T17:04:36+00:00\",\"mainEntityOfPage\":{\"@id\":\"https:\\\/\\\/www.meydan.tv\\\/az\\\/article\\\/qebele-sakini-bir-sirketin-anbarindan-basqa-sirketin-iscileri-hede-qorxu-ile-216-ton-gubre-apardilar\\\/\"},\"wordCount\":880,\"publisher\":{\"@id\":\"https:\\\/\\\/www.meydan.tv\\\/az\\\/#organization\"},\"image\":{\"@id\":\"https:\\\/\\\/www.meydan.tv\\\/az\\\/article\\\/qebele-sakini-bir-sirketin-anbarindan-basqa-sirketin-iscileri-hede-qorxu-ile-216-ton-gubre-apardilar\\\/#primaryimage\"},\"thumbnailUrl\":\"https:\\\/\\\/www.meydan.tv\\\/wp-content\\\/uploads\\\/untitled_design-7.png\",\"articleSection\":[\"B\u00f6lg\u0259\",\"Redaktor se\u00e7imi\",\"T\u00f6vsiy\u0259\",\"X\u0259b\u0259rl\u0259r\"],\"inLanguage\":\"az\"},{\"@type\":\"WebPage\",\"@id\":\"https:\\\/\\\/www.meydan.tv\\\/az\\\/article\\\/qebele-sakini-bir-sirketin-anbarindan-basqa-sirketin-iscileri-hede-qorxu-ile-216-ton-gubre-apardilar\\\/\",\"url\":\"https:\\\/\\\/www.meydan.tv\\\/az\\\/article\\\/qebele-sakini-bir-sirketin-anbarindan-basqa-sirketin-iscileri-hede-qorxu-ile-216-ton-gubre-apardilar\\\/\",\"name\":\"Q\u0259b\u0259l\u0259 sakini: \u201cBir \u015firk\u0259tin anbar\u0131ndan ba\u015fqa \u015firk\u0259tin i\u015f\u00e7il\u0259ri h\u0259d\u0259-qorxu il\u0259 216 ton g\u00fcbr\u0259 apard\u0131lar\u201d - MEYDAN.TV\",\"isPartOf\":{\"@id\":\"https:\\\/\\\/www.meydan.tv\\\/az\\\/#website\"},\"primaryImageOfPage\":{\"@id\":\"https:\\\/\\\/www.meydan.tv\\\/az\\\/article\\\/qebele-sakini-bir-sirketin-anbarindan-basqa-sirketin-iscileri-hede-qorxu-ile-216-ton-gubre-apardilar\\\/#primaryimage\"},\"image\":{\"@id\":\"https:\\\/\\\/www.meydan.tv\\\/az\\\/article\\\/qebele-sakini-bir-sirketin-anbarindan-basqa-sirketin-iscileri-hede-qorxu-ile-216-ton-gubre-apardilar\\\/#primaryimage\"},\"thumbnailUrl\":\"https:\\\/\\\/www.meydan.tv\\\/wp-content\\\/uploads\\\/untitled_design-7.png\",\"datePublished\":\"2022-08-31T10:45:16+00:00\",\"dateModified\":\"2022-08-31T17:04:36+00:00\",\"breadcrumb\":{\"@id\":\"https:\\\/\\\/www.meydan.tv\\\/az\\\/article\\\/qebele-sakini-bir-sirketin-anbarindan-basqa-sirketin-iscileri-hede-qorxu-ile-216-ton-gubre-apardilar\\\/#breadcrumb\"},\"inLanguage\":\"az\",\"potentialAction\":[{\"@type\":\"ReadAction\",\"target\":[\"https:\\\/\\\/www.meydan.tv\\\/az\\\/article\\\/qebele-sakini-bir-sirketin-anbarindan-basqa-sirketin-iscileri-hede-qorxu-ile-216-ton-gubre-apardilar\\\/\"]}]},{\"@type\":\"ImageObject\",\"inLanguage\":\"az\",\"@id\":\"https:\\\/\\\/www.meydan.tv\\\/az\\\/article\\\/qebele-sakini-bir-sirketin-anbarindan-basqa-sirketin-iscileri-hede-qorxu-ile-216-ton-gubre-apardilar\\\/#primaryimage\",\"url\":\"https:\\\/\\\/www.meydan.tv\\\/wp-content\\\/uploads\\\/untitled_design-7.png\",\"contentUrl\":\"https:\\\/\\\/www.meydan.tv\\\/wp-content\\\/uploads\\\/untitled_design-7.png\",\"width\":1200,\"height\":753,\"caption\":\"Na\u011f\u0131yev qarda\u015flar\u0131. Foto: Meydan TV\"},{\"@type\":\"BreadcrumbList\",\"@id\":\"https:\\\/\\\/www.meydan.tv\\\/az\\\/article\\\/qebele-sakini-bir-sirketin-anbarindan-basqa-sirketin-iscileri-hede-qorxu-ile-216-ton-gubre-apardilar\\\/#breadcrumb\",\"itemListElement\":[{\"@type\":\"ListItem\",\"position\":1,\"name\":\"Ana s\u0259hif\u0259\",\"item\":\"https:\\\/\\\/www.meydan.tv\\\/az\\\/\"},{\"@type\":\"ListItem\",\"position\":2,\"name\":\"B\u00f6lg\u0259\",\"item\":\"https:\\\/\\\/www.meydan.tv\\\/az\\\/section\\\/bolge\\\/\"},{\"@type\":\"ListItem\",\"position\":3,\"name\":\"Q\u0259b\u0259l\u0259 sakini: \u201cBir \u015firk\u0259tin anbar\u0131ndan ba\u015fqa \u015firk\u0259tin i\u015f\u00e7il\u0259ri h\u0259d\u0259-qorxu il\u0259 216 ton g\u00fcbr\u0259 apard\u0131lar\u201d\"}]},{\"@type\":\"WebSite\",\"@id\":\"https:\\\/\\\/www.meydan.tv\\\/az\\\/#website\",\"url\":\"https:\\\/\\\/www.meydan.tv\\\/az\\\/\",\"name\":\"MEYDAN.TV\",\"description\":\"Meydan TV Az\u0259rbaycan\u0131n media m\u0259kan\u0131ndak\u0131 alternativ s\u0259sidir\",\"publisher\":{\"@id\":\"https:\\\/\\\/www.meydan.tv\\\/az\\\/#organization\"},\"potentialAction\":[{\"@type\":\"SearchAction\",\"target\":{\"@type\":\"EntryPoint\",\"urlTemplate\":\"https:\\\/\\\/www.meydan.tv\\\/az\\\/?s={search_term_string}\"},\"query-input\":{\"@type\":\"PropertyValueSpecification\",\"valueRequired\":true,\"valueName\":\"search_term_string\"}}],\"inLanguage\":\"az\"},{\"@type\":\"Organization\",\"@id\":\"https:\\\/\\\/www.meydan.tv\\\/az\\\/#organization\",\"name\":\"Meydan TV\",\"url\":\"https:\\\/\\\/www.meydan.tv\\\/az\\\/\",\"logo\":{\"@type\":\"ImageObject\",\"inLanguage\":\"az\",\"@id\":\"https:\\\/\\\/www.meydan.tv\\\/az\\\/#\\\/schema\\\/logo\\\/image\\\/\",\"url\":\"https:\\\/\\\/www.meydan.tv\\\/wp-content\\\/uploads\\\/2021\\\/07\\\/meydan-logo.svg\",\"contentUrl\":\"https:\\\/\\\/www.meydan.tv\\\/wp-content\\\/uploads\\\/2021\\\/07\\\/meydan-logo.svg\",\"width\":195,\"height\":46,\"caption\":\"Meydan TV\"},\"image\":{\"@id\":\"https:\\\/\\\/www.meydan.tv\\\/az\\\/#\\\/schema\\\/logo\\\/image\\\/\"}},{\"@type\":\"Person\",\"@id\":\"https:\\\/\\\/www.meydan.tv\\\/az\\\/#\\\/schema\\\/person\\\/9cdbecf90d17180ce1dfbd95b08dcf47\",\"name\":\"elli\",\"sameAs\":[\"https:\\\/\\\/x.com\\\/elli\"]}]}<\/script>\n<!-- \/ Yoast SEO plugin. -->","yoast_head_json":{"title":"Q\u0259b\u0259l\u0259 sakini: \u201cBir \u015firk\u0259tin anbar\u0131ndan ba\u015fqa \u015firk\u0259tin i\u015f\u00e7il\u0259ri h\u0259d\u0259-qorxu il\u0259 216 ton g\u00fcbr\u0259 apard\u0131lar\u201d - MEYDAN.TV","robots":{"index":"index","follow":"follow","max-snippet":"max-snippet:-1","max-image-preview":"max-image-preview:large","max-video-preview":"max-video-preview:-1"},"canonical":"https:\/\/www.meydan.tv\/az\/article\/qebele-sakini-bir-sirketin-anbarindan-basqa-sirketin-iscileri-hede-qorxu-ile-216-ton-gubre-apardilar\/","og_locale":"az_AZ","og_type":"article","og_title":"Q\u0259b\u0259l\u0259 sakini: \u201cBir \u015firk\u0259tin anbar\u0131ndan ba\u015fqa \u015firk\u0259tin i\u015f\u00e7il\u0259ri h\u0259d\u0259-qorxu il\u0259 216 ton g\u00fcbr\u0259 apard\u0131lar\u201d - MEYDAN.TV","og_description":"Qalmaqalda ad\u0131 hallanan \u015firk\u0259tin V\u0259li Na\u011f\u0131yev\u0259 m\u0259xsus oldu\u011fu bildirilir Q\u0259b\u0259l\u0259 ... Davam\u0131","og_url":"https:\/\/www.meydan.tv\/az\/article\/qebele-sakini-bir-sirketin-anbarindan-basqa-sirketin-iscileri-hede-qorxu-ile-216-ton-gubre-apardilar\/","og_site_name":"MEYDAN.TV","article_published_time":"2022-08-31T10:45:16+00:00","article_modified_time":"2022-08-31T17:04:36+00:00","og_image":[{"width":1200,"height":753,"url":"https:\/\/www.meydan.tv\/wp-content\/uploads\/untitled_design-7.png","type":"image\/png"}],"author":"elli","twitter_card":"summary_large_image","twitter_creator":"@elli","schema":{"@context":"https:\/\/schema.org","@graph":[{"@type":"Article","@id":"https:\/\/www.meydan.tv\/az\/article\/qebele-sakini-bir-sirketin-anbarindan-basqa-sirketin-iscileri-hede-qorxu-ile-216-ton-gubre-apardilar\/#article","isPartOf":{"@id":"https:\/\/www.meydan.tv\/az\/article\/qebele-sakini-bir-sirketin-anbarindan-basqa-sirketin-iscileri-hede-qorxu-ile-216-ton-gubre-apardilar\/"},"author":{"name":"elli","@id":"https:\/\/www.meydan.tv\/az\/#\/schema\/person\/9cdbecf90d17180ce1dfbd95b08dcf47"},"headline":"Q\u0259b\u0259l\u0259 sakini: \u201cBir \u015firk\u0259tin anbar\u0131ndan ba\u015fqa \u015firk\u0259tin i\u015f\u00e7il\u0259ri h\u0259d\u0259-qorxu il\u0259 216 ton g\u00fcbr\u0259 apard\u0131lar\u201d","datePublished":"2022-08-31T10:45:16+00:00","dateModified":"2022-08-31T17:04:36+00:00","mainEntityOfPage":{"@id":"https:\/\/www.meydan.tv\/az\/article\/qebele-sakini-bir-sirketin-anbarindan-basqa-sirketin-iscileri-hede-qorxu-ile-216-ton-gubre-apardilar\/"},"wordCount":880,"publisher":{"@id":"https:\/\/www.meydan.tv\/az\/#organization"},"image":{"@id":"https:\/\/www.meydan.tv\/az\/article\/qebele-sakini-bir-sirketin-anbarindan-basqa-sirketin-iscileri-hede-qorxu-ile-216-ton-gubre-apardilar\/#primaryimage"},"thumbnailUrl":"https:\/\/www.meydan.tv\/wp-content\/uploads\/untitled_design-7.png","articleSection":["B\u00f6lg\u0259","Redaktor se\u00e7imi","T\u00f6vsiy\u0259","X\u0259b\u0259rl\u0259r"],"inLanguage":"az"},{"@type":"WebPage","@id":"https:\/\/www.meydan.tv\/az\/article\/qebele-sakini-bir-sirketin-anbarindan-basqa-sirketin-iscileri-hede-qorxu-ile-216-ton-gubre-apardilar\/","url":"https:\/\/www.meydan.tv\/az\/article\/qebele-sakini-bir-sirketin-anbarindan-basqa-sirketin-iscileri-hede-qorxu-ile-216-ton-gubre-apardilar\/","name":"Q\u0259b\u0259l\u0259 sakini: \u201cBir \u015firk\u0259tin anbar\u0131ndan ba\u015fqa \u015firk\u0259tin i\u015f\u00e7il\u0259ri h\u0259d\u0259-qorxu il\u0259 216 ton g\u00fcbr\u0259 apard\u0131lar\u201d - MEYDAN.TV","isPartOf":{"@id":"https:\/\/www.meydan.tv\/az\/#website"},"primaryImageOfPage":{"@id":"https:\/\/www.meydan.tv\/az\/article\/qebele-sakini-bir-sirketin-anbarindan-basqa-sirketin-iscileri-hede-qorxu-ile-216-ton-gubre-apardilar\/#primaryimage"},"image":{"@id":"https:\/\/www.meydan.tv\/az\/article\/qebele-sakini-bir-sirketin-anbarindan-basqa-sirketin-iscileri-hede-qorxu-ile-216-ton-gubre-apardilar\/#primaryimage"},"thumbnailUrl":"https:\/\/www.meydan.tv\/wp-content\/uploads\/untitled_design-7.png","datePublished":"2022-08-31T10:45:16+00:00","dateModified":"2022-08-31T17:04:36+00:00","breadcrumb":{"@id":"https:\/\/www.meydan.tv\/az\/article\/qebele-sakini-bir-sirketin-anbarindan-basqa-sirketin-iscileri-hede-qorxu-ile-216-ton-gubre-apardilar\/#breadcrumb"},"inLanguage":"az","potentialAction":[{"@type":"ReadAction","target":["https:\/\/www.meydan.tv\/az\/article\/qebele-sakini-bir-sirketin-anbarindan-basqa-sirketin-iscileri-hede-qorxu-ile-216-ton-gubre-apardilar\/"]}]},{"@type":"ImageObject","inLanguage":"az","@id":"https:\/\/www.meydan.tv\/az\/article\/qebele-sakini-bir-sirketin-anbarindan-basqa-sirketin-iscileri-hede-qorxu-ile-216-ton-gubre-apardilar\/#primaryimage","url":"https:\/\/www.meydan.tv\/wp-content\/uploads\/untitled_design-7.png","contentUrl":"https:\/\/www.meydan.tv\/wp-content\/uploads\/untitled_design-7.png","width":1200,"height":753,"caption":"Na\u011f\u0131yev qarda\u015flar\u0131. Foto: Meydan TV"},{"@type":"BreadcrumbList","@id":"https:\/\/www.meydan.tv\/az\/article\/qebele-sakini-bir-sirketin-anbarindan-basqa-sirketin-iscileri-hede-qorxu-ile-216-ton-gubre-apardilar\/#breadcrumb","itemListElement":[{"@type":"ListItem","position":1,"name":"Ana s\u0259hif\u0259","item":"https:\/\/www.meydan.tv\/az\/"},{"@type":"ListItem","position":2,"name":"B\u00f6lg\u0259","item":"https:\/\/www.meydan.tv\/az\/section\/bolge\/"},{"@type":"ListItem","position":3,"name":"Q\u0259b\u0259l\u0259 sakini: \u201cBir \u015firk\u0259tin anbar\u0131ndan ba\u015fqa \u015firk\u0259tin i\u015f\u00e7il\u0259ri h\u0259d\u0259-qorxu il\u0259 216 ton g\u00fcbr\u0259 apard\u0131lar\u201d"}]},{"@type":"WebSite","@id":"https:\/\/www.meydan.tv\/az\/#website","url":"https:\/\/www.meydan.tv\/az\/","name":"MEYDAN.TV","description":"Meydan TV Az\u0259rbaycan\u0131n media m\u0259kan\u0131ndak\u0131 alternativ s\u0259sidir","publisher":{"@id":"https:\/\/www.meydan.tv\/az\/#organization"},"potentialAction":[{"@type":"SearchAction","target":{"@type":"EntryPoint","urlTemplate":"https:\/\/www.meydan.tv\/az\/?s={search_term_string}"},"query-input":{"@type":"PropertyValueSpecification","valueRequired":true,"valueName":"search_term_string"}}],"inLanguage":"az"},{"@type":"Organization","@id":"https:\/\/www.meydan.tv\/az\/#organization","name":"Meydan TV","url":"https:\/\/www.meydan.tv\/az\/","logo":{"@type":"ImageObject","inLanguage":"az","@id":"https:\/\/www.meydan.tv\/az\/#\/schema\/logo\/image\/","url":"https:\/\/www.meydan.tv\/wp-content\/uploads\/2021\/07\/meydan-logo.svg","contentUrl":"https:\/\/www.meydan.tv\/wp-content\/uploads\/2021\/07\/meydan-logo.svg","width":195,"height":46,"caption":"Meydan TV"},"image":{"@id":"https:\/\/www.meydan.tv\/az\/#\/schema\/logo\/image\/"}},{"@type":"Person","@id":"https:\/\/www.meydan.tv\/az\/#\/schema\/person\/9cdbecf90d17180ce1dfbd95b08dcf47","name":"elli","sameAs":["https:\/\/x.com\/elli"]}]}},"_links":{"self":[{"href":"https:\/\/www.meydan.tv\/az\/wp-json\/wp\/v2\/posts\/254564","targetHints":{"allow":["GET"]}}],"collection":[{"href":"https:\/\/www.meydan.tv\/az\/wp-json\/wp\/v2\/posts"}],"about":[{"href":"https:\/\/www.meydan.tv\/az\/wp-json\/wp\/v2\/types\/post"}],"author":[{"embeddable":true,"href":"https:\/\/www.meydan.tv\/az\/wp-json\/wp\/v2\/users\/8"}],"replies":[{"embeddable":true,"href":"https:\/\/www.meydan.tv\/az\/wp-json\/wp\/v2\/comments?post=254564"}],"version-history":[{"count":1,"href":"https:\/\/www.meydan.tv\/az\/wp-json\/wp\/v2\/posts\/254564\/revisions"}],"predecessor-version":[{"id":254568,"href":"https:\/\/www.meydan.tv\/az\/wp-json\/wp\/v2\/posts\/254564\/revisions\/254568"}],"wp:featuredmedia":[{"embeddable":true,"href":"https:\/\/www.meydan.tv\/az\/wp-json\/wp\/v2\/media\/254571"}],"wp:attachment":[{"href":"https:\/\/www.meydan.tv\/az\/wp-json\/wp\/v2\/media?parent=254564"}],"wp:term":[{"taxonomy":"category","embeddable":true,"href":"https:\/\/www.meydan.tv\/az\/wp-json\/wp\/v2\/categories?post=254564"},{"taxonomy":"post_tag","embeddable":true,"href":"https:\/\/www.meydan.tv\/az\/wp-json\/wp\/v2\/tags?post=254564"}],"curies":[{"name":"wp","href":"https:\/\/api.w.org\/{rel}","templated":true}]}}