{"id":254548,"date":"2022-08-31T13:51:07","date_gmt":"2022-08-31T09:51:07","guid":{"rendered":"https:\/\/www.meydan.tv\/?p=254548"},"modified":"2022-08-31T13:51:13","modified_gmt":"2022-08-31T09:51:13","slug":"muharibe-ile-bagli-film-tenderle-deyil-satinalma-ile-xarici-sirkete-verilib","status":"publish","type":"post","link":"https:\/\/www.meydan.tv\/az\/article\/muharibe-ile-bagli-film-tenderle-deyil-satinalma-ile-xarici-sirkete-verilib\/","title":{"rendered":"M\u00fcharib\u0259 il\u0259 ba\u011fl\u0131 film tenderl\u0259 deyil, sat\u0131nalma il\u0259 xarici \u015firk\u0259t\u0259 verilib"},"content":{"rendered":"\n<p><\/p>\n\n\n\n<p><em>Fikrin Bekta\u015fi: &#8220;Yerli istehsal\u00e7\u0131lara d\u0259st\u0259k imkan\u0131 varsa, xarici istehsal\u00e7\u0131ya g\u0259r\u0259k yoxdur&#8221;<\/em><\/p>\n\n\n\n<p>T\u00fcrkiy\u0259nin \u201cBozda\u011f Film\u201d Yap\u0131m Prod\u00fcksiyon Reklam \u0130n\u015faat Turizm Sanayi Ticaret Anonim \u015eirketi \u0130kinci Qaraba\u011f m\u00fcharib\u0259si haqq\u0131nda \u00e7\u0259kil\u0259c\u0259k s\u0259kkiz seriyal\u0131 b\u0259dii filmin layih\u0259sini icra ed\u0259c\u0259k.<\/p>\n\n\n\n<p>Bu haqda m\u0259lumat D\u00f6vl\u0259t sat\u0131nalmalar\u0131n\u0131n vahid internet portal\u0131nda <a href=\"https:\/\/etender.gov.az\/media\/contracts-register\" target=\"_blank\" rel=\"noreferrer noopener\">yerl\u0259\u015fdirilib<\/a>.<\/p>\n\n\n\n<p>Qeyd olunub ki, sifari\u015f M\u0259d\u0259niyy\u0259t Nazirliyi t\u0259r\u0259find\u0259n verilib v\u0259 d\u00f6vl\u0259t b\u00fcdc\u0259sind\u0259n layih\u0259y\u0259 1 milyon 700 min manat v\u0259sait ayr\u0131l\u0131b.<\/p>\n\n\n\n<p>Nazirlikd\u0259n Meydan TV-y\u0259 bildirilib ki, serial layih\u0259si bir m\u0259nb\u0259d\u0259n sat\u0131nalma metodunu t\u0259tbiq edilm\u0259kl\u0259 apar\u0131l\u0131b.<\/p>\n\n\n\n<p>\u201c\u00c7oxhiss\u0259li filmin istehsal\u0131 \u0130qtisadiyyat Nazirliyi yan\u0131nda \u0130ntiinhisar v\u0259 \u0130stehlak Bazar\u0131na N\u0259zar\u0259t D\u00f6vl\u0259t Xidm\u0259tinin m\u00fcvafiq raz\u0131l\u0131q m\u0259ktubu \u0259sas\u0131nda, \u201cD\u00f6vl\u0259t sat\u0131nalmalar\u0131 haqq\u0131nda\u201d Qanunun 21.1.2-ci madd\u0259sin\u0259 \u0259sas\u0259n bir m\u0259nb\u0259d\u0259n sat\u0131nalma metodunu t\u0259tbiq etm\u0259kl\u0259 v\u0259 Nazirlikl\u0259 s\u00f6z\u00fcged\u0259n \u015firk\u0259t aras\u0131nda layih\u0259nin icras\u0131 m\u0259qs\u0259dil\u0259 sat\u0131nalma m\u00fcqavil\u0259si ba\u011flan\u0131lmaqla h\u0259yata ke\u00e7irilm\u0259y\u0259 ba\u015flan\u0131b\u201d, &#8211; nazirliyin m\u0259lumat\u0131nda deyilir.<\/p>\n\n\n\n<p>\u018flav\u0259 olunur ki, \u0130kinci Qaraba\u011f m\u00fcharib\u0259sind\u0259ki z\u0259f\u0259r nazirliyin x\u00fcsusi diqq\u0259t m\u0259rk\u0259zind\u0259dir.<\/p>\n\n\n\n<p>M\u0259hz bu s\u0259b\u0259bd\u0259n d\u0259 g\u00f6r\u00fcl\u0259c\u0259k i\u015fin y\u00fcks\u0259k keyfiyy\u0259td\u0259 t\u0259\u015fkil edilm\u0259si \u00fc\u00e7\u00fcn art\u0131q bir ne\u00e7\u0259 u\u011furlu kino layih\u0259l\u0259rin\u0259 imza atm\u0131\u015f, T\u00fcrkiy\u0259nin \u201cBozda\u011f Film\u201d Yap\u0131m Prod\u00fcksiyon Reklam \u0130n\u015faat Turizm Sanayi Ticaret Anonim \u015eirketi il\u0259 \u0259m\u0259kda\u015fl\u0131\u011fa ba\u015flan\u0131l\u0131b.<\/p>\n\n\n\n<p>M\u0259d\u0259niyy\u0259t Nazirliyinin t\u0259\u015f\u0259bb\u00fcs\u00fc v\u0259 d\u0259st\u0259yi il\u0259 s\u00f6z\u00fcged\u0259n \u015firk\u0259t t\u0259r\u0259find\u0259n \u015f\u0259rti ad\u0131 \u201cQaraba\u011f V\u0259t\u0259n M\u00fcharib\u0259si\u201d olan 8 seriyal\u0131 b\u0259dii film istehsal edil\u0259c\u0259k.<\/p>\n\n\n\n<p>Nazirlik n\u0259y\u0259 g\u00f6r\u0259 yerli istehsal\u00e7\u0131lara \u00fcst\u00fcnl\u00fck verilm\u0259m\u0259sin\u0259 ayd\u0131nl\u0131q g\u0259tirm\u0259yib.<\/p>\n\n\n\n<p>T\u00fcrkiy\u0259 \u015firk\u0259tinin t\u0259klif etdiyi ssenarinin kiml\u0259r, hans\u0131 ekspertl\u0259r t\u0259r\u0259find\u0259n qiym\u0259tl\u0259ndirilm\u0259si, ssenari m\u00fc\u0259llifi, rejissorun kimliyi bar\u0259d\u0259 d\u0259 m\u0259lumat verilm\u0259yib. H\u0259m\u00e7inin yarad\u0131c\u0131 v\u0259 texniki hey\u0259td\u0259 az\u0259rbaycanl\u0131lar\u0131n olub-olmamas\u0131 da m\u0259lum deyil.<\/p>\n\n\n\n<p>Nazirlik b\u00fct\u00fcn bu suallar\u0131 cavabs\u0131z burax\u0131b.<\/p>\n\n\n\n<p>M\u0259s\u0259l\u0259ni Meydan TV-y\u0259 \u015f\u0259rh ed\u0259n m\u0259d\u0259niyy\u0259t v\u0259 kino sah\u0259si \u00fczr\u0259 ekspert Fikrin Bekta\u015fi deyir ki, bel\u0259 bir add\u0131m at\u0131l\u0131bsa, \u0259sasland\u0131rma da olmal\u0131d\u0131r: <\/p>\n\n\n\n<p>\u201cNazirliyin m\u0259lumat\u0131nda qeyd olunub ki, \u0259m\u0259kda\u015fl\u0131q \u201cD\u00f6vl\u0259t sat\u0131nalmalar\u0131 haqq\u0131nda\u201d Qanunun 21.1.2. b\u0259ndin\u0259 \u0259sas\u0259n h\u0259yata ke\u00e7irilib. H\u0259min b\u0259ndd\u0259 deyilir ki, bir m\u0259nb\u0259d\u0259n sat\u0131nalama o halda h\u0259yata ke\u00e7iril\u0259 bil\u0259r ki, mallara t\u0259cili t\u0259l\u0259bat yarans\u0131n, tender prosedurlar\u0131n\u0131n ke\u00e7irilm\u0259si v\u0259 ya sat\u0131nalman\u0131n h\u0259r hans\u0131 dig\u0259r metodundan istifad\u0259 edilm\u0259si m\u0259qs\u0259d\u0259uy\u011fun olmas\u0131n, t\u0259l\u0259bat\u0131n t\u0259cili olmas\u0131na g\u0259tirib \u00e7\u0131xarm\u0131\u015f hallar\u0131 qabaqcadan g\u00f6rm\u0259k qeyri-m\u00fcmk\u00fcn olduqda v\u0259 ya bu hallar sat\u0131nalan t\u0259\u015fkilat\u0131n l\u0259ngim\u0259sinin n\u0259tic\u0259si olmas\u0131n. Bu, \u00f6lk\u0259d\u0259 ba\u015f ver\u0259n x\u00fcsusi t\u0259dbirl\u0259rl\u0259 \u0259laq\u0259dar ola bil\u0259r. Bununla bel\u0259, hesab edir\u0259m ki, ham\u0131 \u0259vv\u0259ld\u0259n \u201cZ\u0259f\u0259r G\u00fcn\u00fc\u201dn\u00fc bilirdi. Bel\u0259 bir q\u0259rar\u0131n q\u0259bul edilm\u0259si s\u0131rf idar\u0259etm\u0259 il\u0259 \u0259laq\u0259dard\u0131r\u201d.<\/p>\n\n\n\n<p>Ekspert deyir ki, milli maraqlar\u0131 n\u0259z\u0259r\u0259 almaq bax\u0131m\u0131ndan yerli istehsal\u00e7\u0131lara m\u00fcraci\u0259t etm\u0259k olard\u0131. Bunun \u00fc\u00e7\u00fcn d\u0259 \u0259vv\u0259ld\u0259n haz\u0131rl\u0131q g\u00f6r\u00fclm\u0259li, yerli istehsal\u00e7\u0131lar da m\u0259lumatland\u0131r\u0131lmal\u0131 idi: <\/p>\n\n\n\n<p>\u201cAz\u0259rbaycanda \u00e7\u0259kil\u0259n kinolar\u0131n, seriallar\u0131n b\u00fcdc\u0259si \u00e7ox a\u015fa\u011f\u0131d\u0131r. Bel\u0259 bir v\u0259ziyy\u0259td\u0259 yerli istehsal\u00e7\u0131lara h\u0259r hans\u0131 bir d\u0259st\u0259k imkan\u0131 varsa, xarici istehsal\u00e7\u0131ya m\u00fcraci\u0259t etm\u0259y\u0259 g\u0259r\u0259k yoxdur. M\u0259d\u0259niyy\u0259t Nazirliyi t\u0259r\u0259find\u0259n y\u00fcks\u0259k standarlara cavab ver\u0259n kameralar al\u0131n\u0131b. Son \u00fc\u00e7-d\u00f6rd il \u0259rzind\u0259 h\u0259m ssenari m\u00fc\u0259llifl\u0259rin\u0259, h\u0259m d\u0259 kinorejissorlara \u00e7ox b\u00f6y\u00fck t\u0259liml\u0259r ke\u00e7irilib. \u00dcst\u0259lik, bizd\u0259 kifay\u0259t q\u0259d\u0259r t\u0259cr\u00fcb\u0259li rejissorlar, prod\u00fcserl\u0259r, aktyorlar var. Buna n\u0259z\u0259r\u0259n \u00e7ox yax\u015f\u0131 bir hey\u0259t y\u0131\u011fmaq olard\u0131. H\u0259tta ham\u0131s\u0131n\u0131 yerli istehsal\u00e7\u0131lara deyil, birg\u0259 istehsal da etm\u0259k olard\u0131. H\u0259m potensial, yerli hey\u0259t g\u00fccl\u0259n\u0259rdi, h\u0259m d\u0259 ortaya \u00e7\u0131xan m\u0259hsulda milli maraqlar n\u0259z\u0259r\u0259 al\u0131nard\u0131. Az\u0259rbaycan kinematoqraf\u00e7\u0131lar\u0131 \u00fc\u00e7\u00fcn \u00e7ox yax\u015f\u0131 t\u0259cr\u00fcb\u0259 m\u00fcbadil\u0259si olard\u0131\u201d.<\/p>\n\n\n\n<p>O deyir ki, T\u00fcrkiy\u0259d\u0259 il \u0259rzind\u0259 y\u00fczd\u0259n \u00e7ox film istehsal olunur.<\/p>\n\n\n\n<p>Az\u0259rbaycanda is\u0259 art\u0131q son \u00fc\u00e7 il \u0259rzind\u0259 ild\u0259 \u00fc\u00e7-d\u00f6rd film bel\u0259 \u00e7\u0259kilmir. Bel\u0259 bir v\u0259ziyy\u0259td\u0259 d\u0259 kinonun inki\u015faf\u0131ndan dan\u0131\u015fmaq olmaz.<\/p>\n\n\n\n<p>\u201cAmma he\u00e7 d\u0259 bu o dem\u0259k deyil ki, biz g\u0259r\u0259k y\u00fcz faiz v\u0259saiti xarici istehsal\u00e7\u0131ya ver\u0259k. T\u00fcrkl\u0259r bizim can\u0131m\u0131zd\u0131r, qarda\u015f\u0131m\u0131zd\u0131r, amma burada milli maraqlar n\u0259z\u0259r\u0259 al\u0131nmal\u0131 idi. \u00dcmid edir\u0259m ki, g\u0259l\u0259c\u0259kd\u0259 bel\u0259 olmaz. N\u00f6vb\u0259ti d\u0259f\u0259 bel\u0259 hallar ba\u015f verm\u0259sin dey\u0259 hans\u0131sa add\u0131mlar at\u0131lmal\u0131d\u0131r\u201d, &#8211; ekspert bildirib.<\/p>\n\n\n\n<p>T\u00fcrkiy\u0259nin \u201cKurulu\u015f Osman\u201d, \u201cDirili\u015f Ertu\u011frul\u201d, \u201cA\u015fk\u0131n yolculu\u011fu. Yunus Emre\u201d, \u201cMendirman Celaleddin\u201d, \u201cDestan\u201d seriallar\u0131 \u201cBozda\u011f Film\u201d \u015firk\u0259tinin istehsal\u0131d\u0131r.<\/p>\n","protected":false},"excerpt":{"rendered":"<p>Fikrin Bekta\u015fi: &#8220;Yerli istehsal\u00e7\u0131lara d\u0259st\u0259k imkan\u0131 varsa, xarici istehsal\u00e7\u0131ya g\u0259r\u0259k &#8230; <\/p>\n<p class=\"read-more-container\"><a title=\"M\u00fcharib\u0259 il\u0259 ba\u011fl\u0131 film tenderl\u0259 deyil, sat\u0131nalma il\u0259 xarici \u015firk\u0259t\u0259 verilib\" class=\"read-more button\" href=\"https:\/\/www.meydan.tv\/az\/article\/muharibe-ile-bagli-film-tenderle-deyil-satinalma-ile-xarici-sirkete-verilib\/#more-254548\" aria-label=\"Read more about M\u00fcharib\u0259 il\u0259 ba\u011fl\u0131 film tenderl\u0259 deyil, sat\u0131nalma il\u0259 xarici \u015firk\u0259t\u0259 verilib\">Davam\u0131<\/a><\/p>\n","protected":false},"author":8,"featured_media":153471,"comment_status":"closed","ping_status":"closed","sticky":false,"template":"","format":"standard","meta":{"_acf_changed":false,"_sitemap_exclude":false,"_sitemap_priority":"","_sitemap_frequency":"","footnotes":""},"categories":[52,56],"tags":[],"class_list":["post-254548","post","type-post","status-publish","format-standard","has-post-thumbnail","hentry","category-medeniyyet","category-xeberler","infinite-scroll-item","generate-columns","tablet-grid-50","mobile-grid-100","grid-parent","grid-33","no-featured-image-padding"],"acf":[],"yoast_head":"<!-- This site is optimized with the Yoast SEO plugin v27.5 - https:\/\/yoast.com\/product\/yoast-seo-wordpress\/ -->\n<title>M\u00fcharib\u0259 il\u0259 ba\u011fl\u0131 film tenderl\u0259 deyil, sat\u0131nalma il\u0259 xarici \u015firk\u0259t\u0259 verilib - MEYDAN.TV<\/title>\n<meta name=\"robots\" content=\"index, follow, max-snippet:-1, max-image-preview:large, max-video-preview:-1\" \/>\n<link rel=\"canonical\" href=\"https:\/\/www.meydan.tv\/az\/article\/muharibe-ile-bagli-film-tenderle-deyil-satinalma-ile-xarici-sirkete-verilib\/\" \/>\n<meta property=\"og:locale\" content=\"az_AZ\" \/>\n<meta property=\"og:type\" content=\"article\" \/>\n<meta property=\"og:title\" content=\"M\u00fcharib\u0259 il\u0259 ba\u011fl\u0131 film tenderl\u0259 deyil, sat\u0131nalma il\u0259 xarici \u015firk\u0259t\u0259 verilib - MEYDAN.TV\" \/>\n<meta property=\"og:description\" content=\"Fikrin Bekta\u015fi: &#8220;Yerli istehsal\u00e7\u0131lara d\u0259st\u0259k imkan\u0131 varsa, xarici istehsal\u00e7\u0131ya g\u0259r\u0259k ... Davam\u0131\" \/>\n<meta property=\"og:url\" content=\"https:\/\/www.meydan.tv\/az\/article\/muharibe-ile-bagli-film-tenderle-deyil-satinalma-ile-xarici-sirkete-verilib\/\" \/>\n<meta property=\"og:site_name\" content=\"MEYDAN.TV\" \/>\n<meta property=\"article:published_time\" content=\"2022-08-31T09:51:07+00:00\" \/>\n<meta property=\"article:modified_time\" content=\"2022-08-31T09:51:13+00:00\" \/>\n<meta property=\"og:image\" content=\"https:\/\/www.meydan.tv\/wp-content\/uploads\/merlin_180474909_ca1ba2bd-265b-4d71-9367-069df2ff3317-superjumbo.jpg\" \/>\n\t<meta property=\"og:image:width\" content=\"2048\" \/>\n\t<meta property=\"og:image:height\" content=\"1365\" \/>\n\t<meta property=\"og:image:type\" content=\"image\/jpeg\" \/>\n<meta name=\"author\" content=\"elli\" \/>\n<meta name=\"twitter:card\" content=\"summary_large_image\" \/>\n<meta name=\"twitter:creator\" content=\"@elli\" \/>\n<script type=\"application\/ld+json\" class=\"yoast-schema-graph\">{\"@context\":\"https:\\\/\\\/schema.org\",\"@graph\":[{\"@type\":\"Article\",\"@id\":\"https:\\\/\\\/www.meydan.tv\\\/az\\\/article\\\/muharibe-ile-bagli-film-tenderle-deyil-satinalma-ile-xarici-sirkete-verilib\\\/#article\",\"isPartOf\":{\"@id\":\"https:\\\/\\\/www.meydan.tv\\\/az\\\/article\\\/muharibe-ile-bagli-film-tenderle-deyil-satinalma-ile-xarici-sirkete-verilib\\\/\"},\"author\":{\"name\":\"elli\",\"@id\":\"https:\\\/\\\/www.meydan.tv\\\/az\\\/#\\\/schema\\\/person\\\/9cdbecf90d17180ce1dfbd95b08dcf47\"},\"headline\":\"M\u00fcharib\u0259 il\u0259 ba\u011fl\u0131 film tenderl\u0259 deyil, sat\u0131nalma il\u0259 xarici \u015firk\u0259t\u0259 verilib\",\"datePublished\":\"2022-08-31T09:51:07+00:00\",\"dateModified\":\"2022-08-31T09:51:13+00:00\",\"mainEntityOfPage\":{\"@id\":\"https:\\\/\\\/www.meydan.tv\\\/az\\\/article\\\/muharibe-ile-bagli-film-tenderle-deyil-satinalma-ile-xarici-sirkete-verilib\\\/\"},\"wordCount\":1014,\"publisher\":{\"@id\":\"https:\\\/\\\/www.meydan.tv\\\/az\\\/#organization\"},\"image\":{\"@id\":\"https:\\\/\\\/www.meydan.tv\\\/az\\\/article\\\/muharibe-ile-bagli-film-tenderle-deyil-satinalma-ile-xarici-sirkete-verilib\\\/#primaryimage\"},\"thumbnailUrl\":\"https:\\\/\\\/www.meydan.tv\\\/wp-content\\\/uploads\\\/merlin_180474909_ca1ba2bd-265b-4d71-9367-069df2ff3317-superjumbo.jpg\",\"articleSection\":[\"M\u0259d\u0259niyy\u0259t\",\"X\u0259b\u0259rl\u0259r\"],\"inLanguage\":\"az\"},{\"@type\":\"WebPage\",\"@id\":\"https:\\\/\\\/www.meydan.tv\\\/az\\\/article\\\/muharibe-ile-bagli-film-tenderle-deyil-satinalma-ile-xarici-sirkete-verilib\\\/\",\"url\":\"https:\\\/\\\/www.meydan.tv\\\/az\\\/article\\\/muharibe-ile-bagli-film-tenderle-deyil-satinalma-ile-xarici-sirkete-verilib\\\/\",\"name\":\"M\u00fcharib\u0259 il\u0259 ba\u011fl\u0131 film tenderl\u0259 deyil, sat\u0131nalma il\u0259 xarici \u015firk\u0259t\u0259 verilib - MEYDAN.TV\",\"isPartOf\":{\"@id\":\"https:\\\/\\\/www.meydan.tv\\\/az\\\/#website\"},\"primaryImageOfPage\":{\"@id\":\"https:\\\/\\\/www.meydan.tv\\\/az\\\/article\\\/muharibe-ile-bagli-film-tenderle-deyil-satinalma-ile-xarici-sirkete-verilib\\\/#primaryimage\"},\"image\":{\"@id\":\"https:\\\/\\\/www.meydan.tv\\\/az\\\/article\\\/muharibe-ile-bagli-film-tenderle-deyil-satinalma-ile-xarici-sirkete-verilib\\\/#primaryimage\"},\"thumbnailUrl\":\"https:\\\/\\\/www.meydan.tv\\\/wp-content\\\/uploads\\\/merlin_180474909_ca1ba2bd-265b-4d71-9367-069df2ff3317-superjumbo.jpg\",\"datePublished\":\"2022-08-31T09:51:07+00:00\",\"dateModified\":\"2022-08-31T09:51:13+00:00\",\"breadcrumb\":{\"@id\":\"https:\\\/\\\/www.meydan.tv\\\/az\\\/article\\\/muharibe-ile-bagli-film-tenderle-deyil-satinalma-ile-xarici-sirkete-verilib\\\/#breadcrumb\"},\"inLanguage\":\"az\",\"potentialAction\":[{\"@type\":\"ReadAction\",\"target\":[\"https:\\\/\\\/www.meydan.tv\\\/az\\\/article\\\/muharibe-ile-bagli-film-tenderle-deyil-satinalma-ile-xarici-sirkete-verilib\\\/\"]}]},{\"@type\":\"ImageObject\",\"inLanguage\":\"az\",\"@id\":\"https:\\\/\\\/www.meydan.tv\\\/az\\\/article\\\/muharibe-ile-bagli-film-tenderle-deyil-satinalma-ile-xarici-sirkete-verilib\\\/#primaryimage\",\"url\":\"https:\\\/\\\/www.meydan.tv\\\/wp-content\\\/uploads\\\/merlin_180474909_ca1ba2bd-265b-4d71-9367-069df2ff3317-superjumbo.jpg\",\"contentUrl\":\"https:\\\/\\\/www.meydan.tv\\\/wp-content\\\/uploads\\\/merlin_180474909_ca1ba2bd-265b-4d71-9367-069df2ff3317-superjumbo.jpg\",\"width\":2048,\"height\":1365,\"caption\":\"Source: Ivor Prickett - The New York Times\"},{\"@type\":\"BreadcrumbList\",\"@id\":\"https:\\\/\\\/www.meydan.tv\\\/az\\\/article\\\/muharibe-ile-bagli-film-tenderle-deyil-satinalma-ile-xarici-sirkete-verilib\\\/#breadcrumb\",\"itemListElement\":[{\"@type\":\"ListItem\",\"position\":1,\"name\":\"Ana s\u0259hif\u0259\",\"item\":\"https:\\\/\\\/www.meydan.tv\\\/az\\\/\"},{\"@type\":\"ListItem\",\"position\":2,\"name\":\"M\u0259d\u0259niyy\u0259t\",\"item\":\"https:\\\/\\\/www.meydan.tv\\\/az\\\/section\\\/medeniyyet\\\/\"},{\"@type\":\"ListItem\",\"position\":3,\"name\":\"M\u00fcharib\u0259 il\u0259 ba\u011fl\u0131 film tenderl\u0259 deyil, sat\u0131nalma il\u0259 xarici \u015firk\u0259t\u0259 verilib\"}]},{\"@type\":\"WebSite\",\"@id\":\"https:\\\/\\\/www.meydan.tv\\\/az\\\/#website\",\"url\":\"https:\\\/\\\/www.meydan.tv\\\/az\\\/\",\"name\":\"MEYDAN.TV\",\"description\":\"Meydan TV Az\u0259rbaycan\u0131n media m\u0259kan\u0131ndak\u0131 alternativ s\u0259sidir\",\"publisher\":{\"@id\":\"https:\\\/\\\/www.meydan.tv\\\/az\\\/#organization\"},\"potentialAction\":[{\"@type\":\"SearchAction\",\"target\":{\"@type\":\"EntryPoint\",\"urlTemplate\":\"https:\\\/\\\/www.meydan.tv\\\/az\\\/?s={search_term_string}\"},\"query-input\":{\"@type\":\"PropertyValueSpecification\",\"valueRequired\":true,\"valueName\":\"search_term_string\"}}],\"inLanguage\":\"az\"},{\"@type\":\"Organization\",\"@id\":\"https:\\\/\\\/www.meydan.tv\\\/az\\\/#organization\",\"name\":\"Meydan TV\",\"url\":\"https:\\\/\\\/www.meydan.tv\\\/az\\\/\",\"logo\":{\"@type\":\"ImageObject\",\"inLanguage\":\"az\",\"@id\":\"https:\\\/\\\/www.meydan.tv\\\/az\\\/#\\\/schema\\\/logo\\\/image\\\/\",\"url\":\"https:\\\/\\\/www.meydan.tv\\\/wp-content\\\/uploads\\\/2021\\\/07\\\/meydan-logo.svg\",\"contentUrl\":\"https:\\\/\\\/www.meydan.tv\\\/wp-content\\\/uploads\\\/2021\\\/07\\\/meydan-logo.svg\",\"width\":195,\"height\":46,\"caption\":\"Meydan TV\"},\"image\":{\"@id\":\"https:\\\/\\\/www.meydan.tv\\\/az\\\/#\\\/schema\\\/logo\\\/image\\\/\"}},{\"@type\":\"Person\",\"@id\":\"https:\\\/\\\/www.meydan.tv\\\/az\\\/#\\\/schema\\\/person\\\/9cdbecf90d17180ce1dfbd95b08dcf47\",\"name\":\"elli\",\"sameAs\":[\"https:\\\/\\\/x.com\\\/elli\"]}]}<\/script>\n<!-- \/ Yoast SEO plugin. -->","yoast_head_json":{"title":"M\u00fcharib\u0259 il\u0259 ba\u011fl\u0131 film tenderl\u0259 deyil, sat\u0131nalma il\u0259 xarici \u015firk\u0259t\u0259 verilib - MEYDAN.TV","robots":{"index":"index","follow":"follow","max-snippet":"max-snippet:-1","max-image-preview":"max-image-preview:large","max-video-preview":"max-video-preview:-1"},"canonical":"https:\/\/www.meydan.tv\/az\/article\/muharibe-ile-bagli-film-tenderle-deyil-satinalma-ile-xarici-sirkete-verilib\/","og_locale":"az_AZ","og_type":"article","og_title":"M\u00fcharib\u0259 il\u0259 ba\u011fl\u0131 film tenderl\u0259 deyil, sat\u0131nalma il\u0259 xarici \u015firk\u0259t\u0259 verilib - MEYDAN.TV","og_description":"Fikrin Bekta\u015fi: &#8220;Yerli istehsal\u00e7\u0131lara d\u0259st\u0259k imkan\u0131 varsa, xarici istehsal\u00e7\u0131ya g\u0259r\u0259k ... Davam\u0131","og_url":"https:\/\/www.meydan.tv\/az\/article\/muharibe-ile-bagli-film-tenderle-deyil-satinalma-ile-xarici-sirkete-verilib\/","og_site_name":"MEYDAN.TV","article_published_time":"2022-08-31T09:51:07+00:00","article_modified_time":"2022-08-31T09:51:13+00:00","og_image":[{"width":2048,"height":1365,"url":"https:\/\/www.meydan.tv\/wp-content\/uploads\/merlin_180474909_ca1ba2bd-265b-4d71-9367-069df2ff3317-superjumbo.jpg","type":"image\/jpeg"}],"author":"elli","twitter_card":"summary_large_image","twitter_creator":"@elli","schema":{"@context":"https:\/\/schema.org","@graph":[{"@type":"Article","@id":"https:\/\/www.meydan.tv\/az\/article\/muharibe-ile-bagli-film-tenderle-deyil-satinalma-ile-xarici-sirkete-verilib\/#article","isPartOf":{"@id":"https:\/\/www.meydan.tv\/az\/article\/muharibe-ile-bagli-film-tenderle-deyil-satinalma-ile-xarici-sirkete-verilib\/"},"author":{"name":"elli","@id":"https:\/\/www.meydan.tv\/az\/#\/schema\/person\/9cdbecf90d17180ce1dfbd95b08dcf47"},"headline":"M\u00fcharib\u0259 il\u0259 ba\u011fl\u0131 film tenderl\u0259 deyil, sat\u0131nalma il\u0259 xarici \u015firk\u0259t\u0259 verilib","datePublished":"2022-08-31T09:51:07+00:00","dateModified":"2022-08-31T09:51:13+00:00","mainEntityOfPage":{"@id":"https:\/\/www.meydan.tv\/az\/article\/muharibe-ile-bagli-film-tenderle-deyil-satinalma-ile-xarici-sirkete-verilib\/"},"wordCount":1014,"publisher":{"@id":"https:\/\/www.meydan.tv\/az\/#organization"},"image":{"@id":"https:\/\/www.meydan.tv\/az\/article\/muharibe-ile-bagli-film-tenderle-deyil-satinalma-ile-xarici-sirkete-verilib\/#primaryimage"},"thumbnailUrl":"https:\/\/www.meydan.tv\/wp-content\/uploads\/merlin_180474909_ca1ba2bd-265b-4d71-9367-069df2ff3317-superjumbo.jpg","articleSection":["M\u0259d\u0259niyy\u0259t","X\u0259b\u0259rl\u0259r"],"inLanguage":"az"},{"@type":"WebPage","@id":"https:\/\/www.meydan.tv\/az\/article\/muharibe-ile-bagli-film-tenderle-deyil-satinalma-ile-xarici-sirkete-verilib\/","url":"https:\/\/www.meydan.tv\/az\/article\/muharibe-ile-bagli-film-tenderle-deyil-satinalma-ile-xarici-sirkete-verilib\/","name":"M\u00fcharib\u0259 il\u0259 ba\u011fl\u0131 film tenderl\u0259 deyil, sat\u0131nalma il\u0259 xarici \u015firk\u0259t\u0259 verilib - MEYDAN.TV","isPartOf":{"@id":"https:\/\/www.meydan.tv\/az\/#website"},"primaryImageOfPage":{"@id":"https:\/\/www.meydan.tv\/az\/article\/muharibe-ile-bagli-film-tenderle-deyil-satinalma-ile-xarici-sirkete-verilib\/#primaryimage"},"image":{"@id":"https:\/\/www.meydan.tv\/az\/article\/muharibe-ile-bagli-film-tenderle-deyil-satinalma-ile-xarici-sirkete-verilib\/#primaryimage"},"thumbnailUrl":"https:\/\/www.meydan.tv\/wp-content\/uploads\/merlin_180474909_ca1ba2bd-265b-4d71-9367-069df2ff3317-superjumbo.jpg","datePublished":"2022-08-31T09:51:07+00:00","dateModified":"2022-08-31T09:51:13+00:00","breadcrumb":{"@id":"https:\/\/www.meydan.tv\/az\/article\/muharibe-ile-bagli-film-tenderle-deyil-satinalma-ile-xarici-sirkete-verilib\/#breadcrumb"},"inLanguage":"az","potentialAction":[{"@type":"ReadAction","target":["https:\/\/www.meydan.tv\/az\/article\/muharibe-ile-bagli-film-tenderle-deyil-satinalma-ile-xarici-sirkete-verilib\/"]}]},{"@type":"ImageObject","inLanguage":"az","@id":"https:\/\/www.meydan.tv\/az\/article\/muharibe-ile-bagli-film-tenderle-deyil-satinalma-ile-xarici-sirkete-verilib\/#primaryimage","url":"https:\/\/www.meydan.tv\/wp-content\/uploads\/merlin_180474909_ca1ba2bd-265b-4d71-9367-069df2ff3317-superjumbo.jpg","contentUrl":"https:\/\/www.meydan.tv\/wp-content\/uploads\/merlin_180474909_ca1ba2bd-265b-4d71-9367-069df2ff3317-superjumbo.jpg","width":2048,"height":1365,"caption":"Source: Ivor Prickett - The New York Times"},{"@type":"BreadcrumbList","@id":"https:\/\/www.meydan.tv\/az\/article\/muharibe-ile-bagli-film-tenderle-deyil-satinalma-ile-xarici-sirkete-verilib\/#breadcrumb","itemListElement":[{"@type":"ListItem","position":1,"name":"Ana s\u0259hif\u0259","item":"https:\/\/www.meydan.tv\/az\/"},{"@type":"ListItem","position":2,"name":"M\u0259d\u0259niyy\u0259t","item":"https:\/\/www.meydan.tv\/az\/section\/medeniyyet\/"},{"@type":"ListItem","position":3,"name":"M\u00fcharib\u0259 il\u0259 ba\u011fl\u0131 film tenderl\u0259 deyil, sat\u0131nalma il\u0259 xarici \u015firk\u0259t\u0259 verilib"}]},{"@type":"WebSite","@id":"https:\/\/www.meydan.tv\/az\/#website","url":"https:\/\/www.meydan.tv\/az\/","name":"MEYDAN.TV","description":"Meydan TV Az\u0259rbaycan\u0131n media m\u0259kan\u0131ndak\u0131 alternativ s\u0259sidir","publisher":{"@id":"https:\/\/www.meydan.tv\/az\/#organization"},"potentialAction":[{"@type":"SearchAction","target":{"@type":"EntryPoint","urlTemplate":"https:\/\/www.meydan.tv\/az\/?s={search_term_string}"},"query-input":{"@type":"PropertyValueSpecification","valueRequired":true,"valueName":"search_term_string"}}],"inLanguage":"az"},{"@type":"Organization","@id":"https:\/\/www.meydan.tv\/az\/#organization","name":"Meydan TV","url":"https:\/\/www.meydan.tv\/az\/","logo":{"@type":"ImageObject","inLanguage":"az","@id":"https:\/\/www.meydan.tv\/az\/#\/schema\/logo\/image\/","url":"https:\/\/www.meydan.tv\/wp-content\/uploads\/2021\/07\/meydan-logo.svg","contentUrl":"https:\/\/www.meydan.tv\/wp-content\/uploads\/2021\/07\/meydan-logo.svg","width":195,"height":46,"caption":"Meydan TV"},"image":{"@id":"https:\/\/www.meydan.tv\/az\/#\/schema\/logo\/image\/"}},{"@type":"Person","@id":"https:\/\/www.meydan.tv\/az\/#\/schema\/person\/9cdbecf90d17180ce1dfbd95b08dcf47","name":"elli","sameAs":["https:\/\/x.com\/elli"]}]}},"_links":{"self":[{"href":"https:\/\/www.meydan.tv\/az\/wp-json\/wp\/v2\/posts\/254548","targetHints":{"allow":["GET"]}}],"collection":[{"href":"https:\/\/www.meydan.tv\/az\/wp-json\/wp\/v2\/posts"}],"about":[{"href":"https:\/\/www.meydan.tv\/az\/wp-json\/wp\/v2\/types\/post"}],"author":[{"embeddable":true,"href":"https:\/\/www.meydan.tv\/az\/wp-json\/wp\/v2\/users\/8"}],"replies":[{"embeddable":true,"href":"https:\/\/www.meydan.tv\/az\/wp-json\/wp\/v2\/comments?post=254548"}],"version-history":[{"count":3,"href":"https:\/\/www.meydan.tv\/az\/wp-json\/wp\/v2\/posts\/254548\/revisions"}],"predecessor-version":[{"id":254551,"href":"https:\/\/www.meydan.tv\/az\/wp-json\/wp\/v2\/posts\/254548\/revisions\/254551"}],"wp:featuredmedia":[{"embeddable":true,"href":"https:\/\/www.meydan.tv\/az\/wp-json\/wp\/v2\/media\/153471"}],"wp:attachment":[{"href":"https:\/\/www.meydan.tv\/az\/wp-json\/wp\/v2\/media?parent=254548"}],"wp:term":[{"taxonomy":"category","embeddable":true,"href":"https:\/\/www.meydan.tv\/az\/wp-json\/wp\/v2\/categories?post=254548"},{"taxonomy":"post_tag","embeddable":true,"href":"https:\/\/www.meydan.tv\/az\/wp-json\/wp\/v2\/tags?post=254548"}],"curies":[{"name":"wp","href":"https:\/\/api.w.org\/{rel}","templated":true}]}}