{"id":254478,"date":"2022-08-30T18:10:57","date_gmt":"2022-08-30T14:10:57","guid":{"rendered":"https:\/\/www.meydan.tv\/?p=254478"},"modified":"2022-08-30T18:10:59","modified_gmt":"2022-08-30T14:10:59","slug":"elmin-bedelov-teatr-azadliq-demekdir","status":"publish","type":"post","link":"https:\/\/www.meydan.tv\/az\/article\/elmin-bedelov-teatr-azadliq-demekdir\/","title":{"rendered":"Elmin B\u0259d\u0259lov: \u201cTeatr azadl\u0131q dem\u0259kdir\u201d\u00a0"},"content":{"rendered":"\n<figure class=\"wp-block-embed is-type-video is-provider-youtube wp-block-embed-youtube wp-embed-aspect-16-9 wp-has-aspect-ratio\"><div class=\"wp-block-embed__wrapper\">\n<iframe title=\"Elmin B\u0259d\u0259lov: \u201cTeatr azadl\u0131q dem\u0259kdir\u201d\" width=\"1200\" height=\"675\" data-src=\"https:\/\/www.youtube.com\/embed\/vbe-Y7R9oDY?feature=oembed\" frameborder=\"0\" allow=\"accelerometer; autoplay; clipboard-write; encrypted-media; gyroscope; picture-in-picture\" allowfullscreen src=\"data:image\/svg+xml;base64,PHN2ZyB3aWR0aD0iMSIgaGVpZ2h0PSIxIiB4bWxucz0iaHR0cDovL3d3dy53My5vcmcvMjAwMC9zdmciPjwvc3ZnPg==\" class=\"lazyload\" data-load-mode=\"1\"><\/iframe>\n<\/div><\/figure>\n\n\n\n<!--more-->\n\n\n\n<p><strong><em>Bir \u201cda\u011f\u0131n\u0131q oda\u201dn\u0131n tarix\u00e7\u0259si v\u0259 ya Az\u0259rbaycanda k\u00fc\u00e7\u0259 performanslar\u0131 niy\u0259 qada\u011fand\u0131r? \u00a0<\/em><\/strong><\/p>\n\n\n\n<p><em>&nbsp;\u00ab<\/em><em>\u0130ll\u0259rdir dan\u0131\u015f\u0131rlar ki, teatr bel\u0259 olmal\u0131d\u0131r, b\u00fct\u00fcn m\u0259s\u0259l\u0259l\u0259rd\u0259n dan\u0131\u015f\u0131rlar, amma teatr\u0131n azadl\u0131q m\u0259s\u0259l\u0259sin\u0259 he\u00e7 kim toxunmaq ist\u0259mir. Sanki onun yan\u0131ndan \u00f6t\u00fcb ke\u00e7irl\u0259r. Halbuki birinci n\u00f6vb\u0259d\u0259 teatra azadl\u0131q verilm\u0259lidir\u201d, <\/em>&#8211; Az\u0259rbaycanda ilk v\u0259 h\u0259l\u0259 ki yegan\u0259 m\u00fcst\u0259qil teatr\u0131n yarad\u0131c\u0131s\u0131, aktyor v\u0259 rejissor Elmin B\u0259d\u0259lov deyir.<\/p>\n\n\n\n<p>ADO teatr\u0131 2013-c\u00fc il iyulun 15-i, d\u00fcz 9 il \u0259vv\u0259l yarad\u0131l\u0131b. Elmin \u0259traf\u0131na \u00f6z\u00fc kimi g\u0259nc, istedadl\u0131 v\u0259 c\u0259sur g\u0259ncl\u0259r toplay\u0131r. Onlar Az\u0259rbaycan c\u0259miyy\u0259tinin \u0259n\u0259n\u0259vi d\u0259y\u0259rl\u0259rin\u0259 meydan oxumaqdan qorxmur. Teatr ilk \u0259vv\u0259l ODA adlan\u0131b. \u0130lk tama\u015falar\u0131 m\u0259hz balaca bir odada tama\u015fa\u00e7\u0131lar\u0131n ixtiyar\u0131na verib.&nbsp; &nbsp; &nbsp; &nbsp;<\/p>\n\n\n\n<figure class=\"wp-block-image size-large\"><img decoding=\"async\" width=\"1200\" height=\"800\" data-src=\"https:\/\/www.meydan.tv\/wp-content\/uploads\/elmin-foto-1200x800.jpg\" alt=\"\" class=\"wp-image-253671 lazyload\" src=\"data:image\/svg+xml;base64,PHN2ZyB3aWR0aD0iMSIgaGVpZ2h0PSIxIiB4bWxucz0iaHR0cDovL3d3dy53My5vcmcvMjAwMC9zdmciPjwvc3ZnPg==\" style=\"--smush-placeholder-width: 1200px; --smush-placeholder-aspect-ratio: 1200\/800;\" \/><\/figure>\n\n\n\n<p><strong>\u201cOnlar s\u0259hn\u0259y\u0259 unitaz qoyublar\u201d&nbsp;<\/strong><\/p>\n\n\n\n<p>Teatr\u0131n 2015-ci ild\u0259 ba\u015f tutan \u00abMimODA\u00bb adl\u0131 ilk tama\u015fas\u0131nda \u0259sas q\u0259hr\u0259man q\u0131z s\u0259hn\u0259y\u0259 yar\u0131\u00e7\u0131lpaq v\u0259ziyy\u0259td\u0259 \u00e7\u0131x\u0131b. Bu rolu oynama\u011fa v\u0259 s\u0259hn\u0259ni Elmin B\u0259d\u0259lovla payla\u015fma\u011fa frans\u0131z aktrisa Elsa Furtado raz\u0131 olub. Tama\u015fan\u0131n az\u0259rbaycanl\u0131 tama\u015fa\u00e7\u0131lar t\u0259r\u0259find\u0259n birm\u0259nal\u0131 qar\u015f\u0131lanmad\u0131\u011f\u0131n\u0131 s\u00f6yl\u0259m\u0259k art\u0131q olard\u0131.<\/p>\n\n\n\n<p>Elmin \u00f6z\u00fc hesab edir ki, onun tama\u015falar\u0131 sad\u0259c\u0259 t\u0259s\u0259vv\u00fcr\u00fc h\u0259y\u0259canland\u0131rm\u0131r, h\u0259m d\u0259 m\u00fcalic\u0259 edir.<\/p>\n\n\n\n<p><em>\u00abBir qad\u0131n psixoloq vard\u0131, o, dem\u0259k olar ki, b\u00fct\u00fcn pasiyentl\u0259rini \u201cG\u00f6yd\u0259n \u00fc\u00e7 banan d\u00fc\u015fd\u00fc\u201d tama\u015fas\u0131na g\u00f6nd\u0259rirdi. \u00c7\u00fcnki ya\u015fam v\u0259 insan\u0131n probleml\u0259ri, h\u0259yat\u0131n \u00e7\u0259tinliyind\u0259n dolay\u0131 ya\u015famama ist\u0259yi, intihardan nec\u0259 xilas olmaq v\u0259 d\u00fc\u015fd\u00fcy\u00fc t\u0259l\u0259d\u0259n nec\u0259 \u00e7\u0131xmaq yolu g\u00f6st\u0259rilirdi o tama\u015fada. D\u00fczd\u00fcr, tama\u015fan\u0131n b\u0259zi n\u00fcanslar\u0131, fotolar\u0131 b\u0259z\u0259n insanlarda, x\u00fcsusil\u0259 d\u00f6vl\u0259t teatrlar\u0131 \u0259m\u0259kda\u015flar\u0131nda q\u0131c\u0131q yarad\u0131rd\u0131 ki, onlar unitaz qoyublar s\u0259hn\u0259y\u0259, ADO teatr\u0131 s\u0259hn\u0259ni, inc\u0259s\u0259n\u0259ti murdarlay\u0131r, M\u0259d\u0259niyy\u0259t Nazirliyi hara bax\u0131r? Bu teatr ba\u011flanmal\u0131d\u0131r \u2013 xalq artistl\u0259ri bel\u0259 ifad\u0259l\u0259r i\u015fl\u0259dirdil\u0259r\u00bb.&nbsp;<\/em><\/p>\n\n\n\n<p>Teatr bir ne\u00e7\u0259 il sonra \u00f6z ad\u0131n\u0131 d\u0259yi\u015fdi v\u0259 ADO oldu. Abbreviatura a\u00e7\u0131l\u0131\u015f\u0131 Az\u0259rbaycan Da\u011f\u0131n\u0131q Oda Teatr\u0131 olan, klassik teatral inc\u0259s\u0259n\u0259tinin s\u0259rh\u0259dl\u0259rini a\u015fan, \u2013 K\u0130V-d\u0259 onu tez-tez bu c\u00fcr xarakteriz\u0259 edirl\u0259r, \u2013 ADO bu adla da uzun m\u00fcdd\u0259t m\u00f6vcud ola bilm\u0259di. D\u00fczd\u00fcr, teatr ba\u011flanmad\u0131, lakin \u00f6z \u201cda\u011f\u0131n\u0131q oda\u201ds\u0131ndan m\u0259hrum qald\u0131. &nbsp; &nbsp;<\/p>\n\n\n\n<figure class=\"wp-block-image size-large\"><img decoding=\"async\" width=\"1200\" height=\"800\" data-src=\"https:\/\/www.meydan.tv\/wp-content\/uploads\/photo1657816712-1200x800.jpeg\" alt=\"\" class=\"wp-image-253678 lazyload\" src=\"data:image\/svg+xml;base64,PHN2ZyB3aWR0aD0iMSIgaGVpZ2h0PSIxIiB4bWxucz0iaHR0cDovL3d3dy53My5vcmcvMjAwMC9zdmciPjwvc3ZnPg==\" style=\"--smush-placeholder-width: 1200px; --smush-placeholder-aspect-ratio: 1200\/800;\" \/><\/figure>\n\n\n\n<p>Pandemiya d\u00f6vr\u00fcnd\u0259 teatr\u0131n maliyy\u0259 probleml\u0259ri yarand\u0131, m\u0259kan\u0131n icar\u0259 haqq\u0131n\u0131 \u00f6d\u0259m\u0259k m\u00fcmk\u00fcn olmad\u0131. Bir m\u00fcdd\u0259t aktyorlar v\u0259 dostlar\u0131 \u00f6z aralar\u0131nda pul y\u0131\u011f\u0131b icar\u0259 haqq\u0131n\u0131 \u00f6d\u0259m\u0259y\u0259 \u00e7al\u0131\u015fd\u0131lar, amma y\u0131\u011f\u0131lan m\u0259bl\u0259\u011f kifay\u0259t etm\u0259di. &nbsp;<\/p>\n\n\n\n<p><strong>\u201cPolis dedi ki, r\u0259qs etm\u0259k olmaz\u201d<\/strong><\/p>\n\n\n\n<p>Elmin teatr\u0131n ba\u011flan\u0131b-ba\u011flanmamas\u0131 il\u0259 ba\u011fl\u0131 sual\u0131 q\u0131c\u0131qla q\u0259bul edir. Deyir ki, jurnalistl\u0259rd\u0259n daima bu sual\u0131 e\u015fitdiyini he\u00e7 c\u00fcr anlam\u0131r.&nbsp;<\/p>\n\n\n\n<p><em>\u00abB\u0259zi insanlar el\u0259 bilir ki, teatr m\u0259kandan ibar\u0259tdir. Onlar d\u00fc\u015f\u00fcn\u00fcrl\u0259r ki, teatr m\u0259kan varsa a\u00e7\u0131qd\u0131r, m\u0259kan yoxdursa ba\u011fl\u0131d\u0131r. Amma biz bir az geni\u015f baxa bil\u0259rik teatra. M\u0259n\u0259 el\u0259 g\u0259lir ki, teatr m\u0259kandan ibar\u0259t deyil. V\u0259 ona g\u00f6r\u0259 d\u0259 m\u0259kan ba\u011fland\u0131, h\u0259. M\u0259kan ba\u011fl\u0131d\u0131r, m\u0259kan yoxdur. Amma teatr ba\u011flanmay\u0131b, teatr ba\u011fl\u0131 deyil\u00bb,<\/em> \u2013 Elmin deyir.<\/p>\n\n\n\n<p>M\u0259kandan m\u0259hrum olan teatr k\u00fc\u00e7\u0259d\u0259 \u00e7\u0131x\u0131\u015f etm\u0259k q\u0259rar\u0131na g\u0259lir. Lakin paytaxt Bak\u0131n\u0131n k\u00fc\u00e7\u0259l\u0259rind\u0259, bu, o q\u0259d\u0259r d\u0259 asan m\u0259s\u0259l\u0259 deyil.&nbsp;<\/p>\n\n\n\n<p>Aktyorlar x\u00fcsusi icaz\u0259 olmadan k\u00fc\u00e7\u0259d\u0259 \u00e7\u0131x\u0131\u015f ed\u0259 bilm\u0259y\u0259c\u0259kl\u0259rind\u0259n x\u0259b\u0259rdar olduqlar\u0131 \u00fc\u00e7\u00fcn r\u0259smi qurumlardan icaz\u0259 almaq q\u0259rar\u0131 al\u0131rlar. &nbsp; &nbsp;<\/p>\n\n\n\n<p><em>\u00abM<\/em><em>eriyaya yazd\u0131q, \u00fcst\u0259lik meriyaya yazanda h\u0259m d\u0259 M\u0259d\u0259niyy\u0259t Nazirliyin\u0259 yazd\u0131q. Biz t\u0259xmin el\u0259dik ki, meriya bu m\u0259s\u0259l\u0259y\u0259 M\u0259d\u0259niyy\u0259t Nazirliyinin baxd\u0131\u011f\u0131n\u0131 dey\u0259c\u0259k. Bu s\u0259b\u0259bd\u0259n q\u0259rara g\u0259ldik ki, \u00f6nc\u0259d\u0259n M\u0259d\u0259niyy\u0259t Nazirliyin\u0259 d\u0259 m\u0259ktub yazaq, \u00fcmumiyy\u0259tl\u0259, eyni anda ikisin\u0259 d\u0259 yazaq, g\u00f6r\u0259k n\u0259 cavab g\u0259lir. V\u0259 ikisi d\u0259 eyni anda cavab verdi. M\u0259d\u0259niyy\u0259t Nazirliyi dedi ki, bu i\u015f\u0259 meriya bax\u0131r, meriya da dedi ki, bu i\u015f\u0259 M\u0259d\u0259niyy\u0259t Nazirliyi bax\u0131r. Hekay\u0259 bel\u0259 ba\u015flad\u0131<\/em><em>\u00bb,<\/em> \u2013 Emin deyir.<\/p>\n\n\n\n<figure class=\"wp-block-image size-large\"><img decoding=\"async\" width=\"657\" height=\"821\" data-src=\"https:\/\/www.meydan.tv\/wp-content\/uploads\/photo1657816742-1-657x821.jpeg\" alt=\"\" class=\"wp-image-253638 lazyload\" src=\"data:image\/svg+xml;base64,PHN2ZyB3aWR0aD0iMSIgaGVpZ2h0PSIxIiB4bWxucz0iaHR0cDovL3d3dy53My5vcmcvMjAwMC9zdmciPjwvc3ZnPg==\" style=\"--smush-placeholder-width: 657px; --smush-placeholder-aspect-ratio: 657\/821;\" \/><\/figure>\n\n\n\n<p>Bel\u0259 olan t\u0259qdird\u0259 onlar m\u0259hk\u0259m\u0259y\u0259 m\u00fcraci\u0259t etm\u0259yi q\u0259rara al\u0131rlar. Qoy m\u0259hk\u0259m\u0259 k\u00fc\u00e7\u0259 tama\u015falar\u0131na kimin icaz\u0259 verm\u0259li oldu\u011funu ayd\u0131nla\u015fd\u0131rs\u0131n. Birinci instansiya m\u0259hk\u0259m\u0259si icaz\u0259ni Bak\u0131 meriyas\u0131n\u0131n verm\u0259li olmas\u0131 q\u0259rar\u0131n\u0131 al\u0131r. Apelyasiya \u0259ks-q\u0259rar \u00e7\u0131xard\u0131r v\u0259 sad\u0259c\u0259 q\u0259rar\u0131 l\u0259\u011fv edir.&nbsp;<\/p>\n\n\n\n<p><em>\u201c\u0130ndi yen\u0259 d\u0259 sual a\u00e7\u0131q qald\u0131, b\u0259s kim bax\u0131r. Milli M\u0259clis d\u0259 deyir ki, bo\u015fluq var, biz onu d\u00fcz\u0259ld\u0259c\u0259yik. Amma nec\u0259 v\u0259 n\u0259 vaxt d\u00fcz\u0259ld\u0259c\u0259kl\u0259r, h\u0259l\u0259 d\u0259 d\u00fcz\u0259ltmirl\u0259r. D\u00f6rd il ke\u00e7ir. M\u0259n d\u0259 dedim ki, tamam, m\u0259n bax\u0131ram, m\u0259n \u00e7\u0131x\u0131b oynay\u0131ram, g\u00f6r\u0259k n\u0259 olur. Bel\u0259c\u0259, m\u0259n \u00e7\u0131xd\u0131m v\u0259 oynad\u0131m\u201d.<\/em><\/p>\n\n\n\n<p>O, d\u00fcz Respublika Saray\u0131n\u0131n \u00f6n\u00fcnd\u0259 \u00e7\u0131x\u0131\u015f edir.&nbsp;<\/p>\n\n\n\n<p><em>\u201cHeyd\u0259r \u018fliyev Saray\u0131n\u0131n \u201coxranas\u0131\u201d g\u0259ldi ki, b\u0259s olmaz. Ondan sonra da ay\u0131n 15-d\u0259 Q\u0131\u015f park\u0131nda \u00e7\u0131x\u0131\u015f etdim. Onda da polis g\u0259ldi ki, olmaz, apard\u0131lar b\u00f6lm\u0259y\u0259. H\u0259tta bir tama\u015fa\u00e7\u0131n\u0131 da tutub apard\u0131lar b\u00f6lm\u0259y\u0259 ki, b\u0259s olmaz. Sonra da ert\u0259si g\u00fcn Bak\u0131 \u015e\u0259h\u0259r Ba\u015f Polis \u0130dar\u0259sin\u0259 \u00e7a\u011f\u0131rd\u0131lar ki, b\u0259s, y\u0259ni&#8230; olmaz da. Ol-maz\u201d.&nbsp;<\/em><\/p>\n\n\n\n<figure class=\"wp-block-image size-large\"><img decoding=\"async\" width=\"1200\" height=\"800\" data-src=\"https:\/\/www.meydan.tv\/wp-content\/uploads\/photo1657816980-1200x800.jpeg\" alt=\"\" class=\"wp-image-253641 lazyload\" src=\"data:image\/svg+xml;base64,PHN2ZyB3aWR0aD0iMSIgaGVpZ2h0PSIxIiB4bWxucz0iaHR0cDovL3d3dy53My5vcmcvMjAwMC9zdmciPjwvc3ZnPg==\" style=\"--smush-placeholder-width: 1200px; --smush-placeholder-aspect-ratio: 1200\/800;\" \/><\/figure>\n\n\n\n<p><em>&#8211; N\u0259y\u0259 \u0259sasland\u0131lar ki?&nbsp;<\/em><\/p>\n\n\n\n<p><em>&#8211; Ona \u0259saslan\u0131rlar ki, guya adamlar y\u0131\u011f\u0131\u015f\u0131r, g\u0259lir baxma\u011fa. Sonra da deyirl\u0259r, onlar orada polis ma\u015f\u0131n\u0131n qaba\u011f\u0131n\u0131 k\u0259sdil\u0259r, polisl\u0259 \u0259lb\u0259yaxa&#8230; M\u0259n d\u0259 dedim ki, bu siz\u0259 g\u00f6r\u0259 oldu da, siz g\u0259lib m\u0259ni tutmasayd\u0131n\u0131z, tama\u015fa\u00e7\u0131&#8230; Onlar da deyir ki, s\u0259n\u0259 g\u00f6r\u0259dir, s\u0259n \u00e7\u0131x\u0131rsan r\u0259qs edirs\u0259n, biz g\u0259lib s\u0259ni tutanda tama\u015fa\u00e7\u0131 mane olma\u011fa \u00e7al\u0131\u015f\u0131r v\u0259 problem yaran\u0131r. M\u0259n d\u0259 deyir\u0259m ki, bu siz\u0259 g\u00f6r\u0259dir, \u00e7\u00fcnki siz m\u0259ni tutmaq ist\u0259yirsiniz, tama\u015fa\u00e7\u0131 da deyir ki, bu adam r\u0259qs etm\u0259k ist\u0259yir, siz bu adam\u0131 niy\u0259 tutursunuz. Ona g\u00f6r\u0259 \u0259s\u0259bil\u0259\u015fir tama\u015fa\u00e7\u0131. M\u0259n v\u0259t\u0259nda\u015fam, \u00f6z k\u00fc\u00e7\u0259md\u0259 r\u0259qs etm\u0259k ist\u0259yir\u0259m, o da baxmaq ist\u0259yir. S\u0259n d\u0259 deyirs\u0259n ki, olmaz.&nbsp;<\/em><\/p>\n\n\n\n<p>Elmin k\u00fc\u00e7\u0259 tama\u015falar\u0131na qada\u011fa m\u0259s\u0259l\u0259sini bu d\u0259f\u0259 d\u0259 \u00f6z\u00fcn\u0259m\u0259xsus \u015f\u0259kild\u0259 \u00e7\u00f6z\u00fcr: vitrind\u0259 \u00e7\u0131x\u0131\u015f edir.&nbsp;<\/p>\n\n\n\n<p><em>\u00ab\u015e\u00fc\u015f\u0259li vitrin idi, oradan k\u00fc\u00e7\u0259d\u0259n ke\u00e7\u0259nl\u0259r g\u00f6r\u00fcrd\u00fc. Onlar dedi ki, i\u00e7\u0259ri olsun, \u00e7\u00f6l olmas\u0131n. V\u0259 bir m\u00fcdd\u0259t bel\u0259 oynad\u0131m, amma maraql\u0131 idi, kompozisiya kimi maraql\u0131 idi. Vitrin, g\u0259lin paltar\u0131nda. O hiss\u0259 d\u0259 maraql\u0131yd\u0131\u201d, <\/em>\u2013 Elmin xat\u0131rlay\u0131r.&nbsp;<\/p>\n\n\n\n<p><em>\u201cTeatr bel\u0259 olmal\u0131d\u0131r\u201d dey\u0259 bir ifad\u0259 yoxdur, teatr h\u0259r c\u00fcr ola bil\u0259r, bura teatrd\u0131r. \u0130ndi hal-haz\u0131rda teatr gedir\u201d<\/em><em>, <\/em>\u2013 Elmin m\u00fcsahib\u0259 zaman\u0131 \u00f6z fikirl\u0259ri il\u0259 payla\u015f\u0131r.<\/p>\n\n\n\n<ul class=\"wp-block-list\"><li><em>Y\u0259ni onda s\u0259hn\u0259 anlay\u0131\u015f\u0131 da yoxdur?&nbsp;<\/em><\/li><li><em>S\u0259hn\u0259&#8230; m\u0259s\u0259l\u0259n, m\u0259n Bak\u0131da oynad\u0131m, Akademik Dram Tetar\u0131n\u0131 \u00f6z\u00fcm \u00fc\u00e7\u00fcn dekorasiya el\u0259dim. Akademik Teatr\u0131n binas\u0131 dekorasiyam oldu v\u0259 m\u0259n onun qar\u015f\u0131s\u0131nda oynad\u0131m. \u00c7ox rahat v\u0259 \u00e7ox sad\u0259 baxmaq laz\u0131md\u0131r buna.&nbsp;<\/em><\/li><\/ul>\n\n\n\n<figure class=\"wp-block-image size-large\"><img decoding=\"async\" width=\"1200\" height=\"800\" data-src=\"https:\/\/www.meydan.tv\/wp-content\/uploads\/photo1657816958-1200x800.jpeg\" alt=\"\" class=\"wp-image-253644 lazyload\" src=\"data:image\/svg+xml;base64,PHN2ZyB3aWR0aD0iMSIgaGVpZ2h0PSIxIiB4bWxucz0iaHR0cDovL3d3dy53My5vcmcvMjAwMC9zdmciPjwvc3ZnPg==\" style=\"--smush-placeholder-width: 1200px; --smush-placeholder-aspect-ratio: 1200\/800;\" \/><\/figure>\n\n\n\n<p><strong>\u201cM\u0259n \u00f6z\u00fcm\u0259 teatr h\u0259diyy\u0259 etdim\u201d<\/strong><\/p>\n\n\n\n<p>Elminl\u0259 Tbilisid\u0259 g\u00f6r\u00fc\u015fd\u00fck. O, g\u00fcrc\u00fc h\u0259mkarlar\u0131n\u0131n d\u0259v\u0259ti il\u0259 g\u0259lib v\u0259 oktyabr ay\u0131nad\u0259k G\u00fcrc\u00fcstan\u0131n paytaxt\u0131nda qalma\u011f\u0131 planla\u015fd\u0131r\u0131r. Yeri g\u0259lmi\u015fk\u0259n, ADO teatr\u0131 G\u00fcrc\u00fcstanda bir ne\u00e7\u0259 d\u0259f\u0259 k\u00fc\u00e7\u0259 performanslar\u0131 il\u0259 \u00e7\u0131x\u0131\u015f edib. &nbsp;<\/p>\n\n\n\n<p><em>\u00abBurada da meriyaya m\u00fcraci\u0259t etdik. Onlar da \u00f6z n\u00f6vb\u0259sind\u0259 polis\u0259 yazd\u0131lar ki, aktyorlar \u00e7\u0131x\u0131\u015f ed\u0259c\u0259k, onlar\u0131n t\u0259hl\u00fck\u0259sizliyini t\u0259min etm\u0259k laz\u0131md\u0131r. Onlar g\u0259ldil\u0259r, biz oynad\u0131q, sonra tama\u015fa\u00e7\u0131lar da\u011f\u0131l\u0131\u015fd\u0131. Biz d\u0259 \u0259\u015fyalar\u0131m\u0131z\u0131 g\u00f6t\u00fcr\u00fcb getdik, \u0259n ax\u0131rda da polis \u0259razini t\u0259rk etdi. Burda bel\u0259dir, bizd\u0259 ba\u015fqa c\u00fcr, &#8211; <\/em>Elmin g\u00fcl\u0259-g\u00fcl\u0259 deyir v\u0259 \u0259lav\u0259 edir:<em> \u2013 Bizd\u0259 d\u0259 d\u00fcz\u0259l\u0259r. Sad\u0259c\u0259 bunun \u00fcst\u00fcnd\u0259 i\u015fl\u0259m\u0259k laz\u0131md\u0131r. Ham\u0131m\u0131z bunun \u00fcst\u00fcnd\u0259 i\u015fl\u0259m\u0259liyik\u201d.&nbsp;<\/em><\/p>\n\n\n\n<p>Bu il, iyulun 15-i ADO teatr\u0131n\u0131n 9 ya\u015f\u0131 tamam oldu. &nbsp; &nbsp;<\/p>\n\n\n\n<p><em>\u2013 Bir d\u0259 m\u0259nim 33 ya\u015f\u0131m tamam olur.&nbsp;<\/em><\/p>\n\n\n\n<p><em>\u2013 V\u0259 siz bu tarixi Tbilisid\u0259 qeyd edirsiniz.&nbsp;<\/em><\/p>\n\n\n\n<p><em>&#8211; \u0130lk d\u0259f\u0259dir. H\u0259r il Bak\u0131da, Az\u0259rbaycanda qeyd olunub, ADO-nun ya\u015f\u0131 kimi qeyd edilib.&nbsp; &nbsp;<\/em><\/p>\n\n\n\n<p><em>&#8211; Amma bu d\u0259f\u0259 qapal\u0131 m\u0259kan se\u00e7diniz.&nbsp;<\/em><\/p>\n\n\n\n<p><em>&#8211; B\u0259li. Bu performans\u0131n m\u00f6vzusunu m\u0259n anam\u0131n paltar\u0131na h\u0259sr el\u0259mi\u015f\u0259m. V\u0259 burada bir do\u011fu\u015f prosesind\u0259n s\u00f6hb\u0259t gedir. Pandemiya d\u00fc\u015f\u0259nd\u0259n b\u0259ri, son iki ildir, \u00f6z\u00fcm\u00fc sanki ana b\u0259tnind\u0259ki kimi hiss edir\u0259m. H\u0259yat\u0131mda ilk d\u0259f\u0259dir ki, yenid\u0259n do\u011fulaca\u011f\u0131m\u0131 duyuram.<\/em><\/p>\n\n\n\n<figure class=\"wp-block-image size-large\"><img decoding=\"async\" width=\"1200\" height=\"800\" data-src=\"https:\/\/www.meydan.tv\/wp-content\/uploads\/photo1657816712-2-1200x800.jpeg\" alt=\"\" class=\"wp-image-253654 lazyload\" src=\"data:image\/svg+xml;base64,PHN2ZyB3aWR0aD0iMSIgaGVpZ2h0PSIxIiB4bWxucz0iaHR0cDovL3d3dy53My5vcmcvMjAwMC9zdmciPjwvc3ZnPg==\" style=\"--smush-placeholder-width: 1200px; --smush-placeholder-aspect-ratio: 1200\/800;\" \/><\/figure>\n\n\n\n<p><strong>\u00ab\u00d6z\u00fcn\u0259 h\u00f6rm\u0259t el\u0259\u00bb<\/strong><\/p>\n\n\n\n<p>Elmin h\u0259l\u0259 ki Bak\u0131da son k\u00fc\u00e7\u0259 performans\u0131n\u0131 bu yay\u0131n \u0259vv\u0259lind\u0259 n\u00fcmayi\u015f etdirib. Tama\u015fan\u0131n ad\u0131 \u201cYay pozalar\u0131\u201dd\u0131r. &nbsp;<\/p>\n\n\n\n<p><em>\u00abO performans elan olunmam\u0131\u015fd\u0131. Amma h\u0259min vaxt m\u00fcdaxil\u0259 olmad\u0131, polis olmad\u0131, saxlamad\u0131lar, m\u0259n \u0259trafda polis g\u00f6rm\u0259dim\u00bb,<\/em> \u2013 Elmin deyir.<\/p>\n\n\n\n<p>\u018fv\u0259zind\u0259 \u00e7oxlu tama\u015fa\u00e7\u0131 y\u0131\u011f\u0131ld\u0131 v\u0259 bunun n\u0259 c\u00fcr s\u0259n\u0259t olmas\u0131 il\u0259 ba\u011fl\u0131 xeyli \u015f\u0259rh yaz\u0131ld\u0131. B\u00fct\u00fcn bu reaksiyalar v\u0259 \u0259trafdak\u0131 tama\u015fa\u00e7\u0131lar\u0131n \u00fczl\u0259rind\u0259ki emosiya palitras\u0131 Elminin xo\u015funa g\u0259lir. \u00dcst\u0259lik bu emosiyalar\u0131n m\u00fcsb\u0259t v\u0259 ya m\u0259nfi olmas\u0131 m\u00fch\u00fcm deyil.&nbsp;<\/p>\n\n\n\n<p><em>\u201cB\u00fct\u00fcn reaksiyalar, b\u00fct\u00fcn ba\u015f ver\u0259nl\u0259r &#8211; ham\u0131s\u0131 \u00e7ox maraql\u0131d\u0131r<\/em>, &#8211; Elmin h\u0259v\u0259sl\u0259 dan\u0131\u015f\u0131r. &#8211;<em> \u00c7\u00fcnki s\u0259n onu planla\u015fd\u0131rmam\u0131san. Qabaqcadan planla\u015fd\u0131r\u0131lmam\u0131\u015f bir \u015feydir. \u00d6nc\u0259d\u0259n m\u00fc\u0259yy\u0259n \u015feyl\u0259r planla\u015fd\u0131r\u0131l\u0131r \u2013 performans\u0131n texniki t\u0259r\u0259fl\u0259ri v\u0259 sair\u0259. Lakin hadis\u0259 yerind\u0259 n\u0259 ba\u015f ver\u0259c\u0259k, n\u0259l\u0259rin olaca\u011f\u0131n\u0131 s\u0259n planla\u015fd\u0131rmam\u0131san dey\u0259, bu, \u00e7ox maraql\u0131d\u0131r. M\u0259nim yerimd\u0259n \u00e7ox maraql\u0131 g\u00f6r\u00fcn\u00fcr. \u00c7ox \u015fey ba\u015f verir, y\u0259ni onu izah etm\u0259kd\u0259 bir az \u00e7\u0259tinlik&#8230; g\u0259r\u0259k m\u0259nim yerimd\u0259 olas\u0131n\u0131z, ora ged\u0259siniz, o hissi ya\u015fayas\u0131n\u0131z, o insanlar siz\u0259 o reaksiyan\u0131 ver\u0259l\u0259r. Biri g\u0259l\u0259, m\u0259s\u0259l\u0259n, \u201cMcDonalds\u201d\u0131n qaba\u011f\u0131nda siz\u0259 dey\u0259 ki, \u00f6z\u00fcn\u0259 h\u00f6rm\u0259t el\u0259\u201d.&nbsp; &nbsp;<\/em><\/p>\n\n\n\n<figure class=\"wp-block-image size-large\"><img decoding=\"async\" width=\"1200\" height=\"800\" data-src=\"https:\/\/www.meydan.tv\/wp-content\/uploads\/photo1657816712-2-1200x800.jpeg\" alt=\"\" class=\"wp-image-253654 lazyload\" src=\"data:image\/svg+xml;base64,PHN2ZyB3aWR0aD0iMSIgaGVpZ2h0PSIxIiB4bWxucz0iaHR0cDovL3d3dy53My5vcmcvMjAwMC9zdmciPjwvc3ZnPg==\" style=\"--smush-placeholder-width: 1200px; --smush-placeholder-aspect-ratio: 1200\/800;\" \/><\/figure>\n\n\n\n<p><em>\u201cM\u0259n bir fotoya bax\u0131rd\u0131m, d\u00fcz \u201cMcDonald\u201ds\u0131n qar\u015f\u0131s\u0131nda insanlar dair\u0259vi \u015f\u0259kild\u0259 dayan\u0131b, m\u0259n d\u0259 oradayam, \u00f6z\u00fcm\u0259 yox, \u015f\u0259kli yax\u0131nla\u015fd\u0131r\u0131b insanlar\u0131n \u00fcz ifad\u0259l\u0259rin\u0259 bax\u0131rd\u0131m. H\u0259r insan\u0131n \u00fcz\u00fcnd\u0259 \u00e7ox maraql\u0131 bir ifad\u0259 var. Bu \u015f\u0259kil \u00f6z\u00fc ifad\u0259 edir bu \u00f6lk\u0259ni, bu c\u0259miyy\u0259ti ifad\u0259 edir, h\u0259r \u015feyi\u201d.<\/em><\/p>\n\n\n\n<p>Elminin b\u00fct\u00fcn performanslar\u0131 t\u0259s\u0259vv\u00fcr\u00fc h\u0259y\u0259canland\u0131r\u0131r, onu \u00f6z c\u0259surlu\u011fu v\u0259 kreativliyi il\u0259 heyr\u0259tl\u0259ndirir, amma bu, s\u0259n\u0259tdirmi? \u2013 Elminin sonuncu performans\u0131ndan sonra sosial \u015f\u0259b\u0259k\u0259l\u0259rin Az\u0259rbaycan seqmentind\u0259 m\u0259hz bu sual xeyli m\u00fczakir\u0259y\u0259 s\u0259b\u0259b olub. \u201cBuna n\u0259 c\u00fcr ist\u0259yirsiniz, o c\u00fcr d\u0259 ad verin, birc\u0259 s\u0259n\u0259t dem\u0259yin\u201d, \u2013 biril\u0259ri yaz\u0131r. \u201cYax\u015f\u0131, o zaman, sizc\u0259, s\u0259n\u0259t n\u0259dir?\u201d \u2013 dig\u0259rl\u0259ri sual edir. &nbsp; &nbsp;<\/p>\n\n\n\n<p>Elmin \u00f6z\u00fc bu c\u00fcr cavab verir:<\/p>\n\n\n\n<p><em>&nbsp;\u201cM\u00fczakir\u0259l\u0259ri izl\u0259yir\u0259m, y\u0259ni tam izl\u0259mir\u0259m, onlar\u0131n ham\u0131s\u0131n\u0131 izl\u0259m\u0259y\u0259 fiziki c\u0259h\u0259td\u0259n g\u00fcc\u00fcm \u00e7atmaz, \u00e7\u00fcnki \u00e7ox yaz\u0131l\u0131r. H\u0259l\u0259 indinin \u00f6z\u00fcnd\u0259 son performans\u0131n m\u00fczakir\u0259l\u0259ri gedirdi. Onlar\u0131n ham\u0131s\u0131na baxma\u011fa imkan\u0131m yoxdur. Amma \u00fcmumilikd\u0259 bax\u0131ram, maraql\u0131d\u0131r: s\u0259n bir \u0259m\u0259liyyat edirs\u0259n, bir proses ger\u00e7\u0259kl\u0259\u015fdirirs\u0259n v\u0259 onun n\u0259tic\u0259l\u0259rin\u0259 bax\u0131rsan. N\u00f6vb\u0259ti prosesd\u0259 o n\u0259tic\u0259l\u0259ri n\u0259z\u0259r\u0259 al\u0131rsan. Amma tam buna da k\u00f6kl\u0259nm\u0259m\u0259lis\u0259n, \u00e7\u00fcnki buna k\u00f6kl\u0259nib, \u00f6z\u00fcn\u00fc ora ver\u0259nd\u0259 dig\u0259r istiqam\u0259t qal\u0131r \u2013 s\u0259nin \u00f6z\u00fcn\u00fc rahat hiss etm\u0259yin v\u0259 yaratma\u011f\u0131n. Misal \u00fc\u00e7\u00fcn, insanlar m\u0259nim k\u00fc\u00e7\u0259 tama\u015falar\u0131m\u0131n s\u0259n\u0259t olmad\u0131\u011f\u0131n\u0131 iddia edirl\u0259r v\u0259 onlar \u00e7ox haql\u0131d\u0131rlar bu m\u0259s\u0259l\u0259d\u0259. Bu, s\u0259n\u0259t deyil, amma h\u0259m d\u0259 s\u0259n\u0259tdir v\u0259 onun geni\u015fliyi d\u0259 ondad\u0131r ki, o, h\u0259m s\u0259n\u0259t deyil, h\u0259m d\u0259 s\u0259n\u0259tdir\u201d.<\/em><\/p>\n\n\n\n<p><em>\u201cMedia\u015f\u0259b\u0259k\u0259\u201dnin d\u0259st\u0259yi il\u0259&nbsp;<\/em><\/p>\n","protected":false},"excerpt":{"rendered":"","protected":false},"author":14,"featured_media":253674,"comment_status":"closed","ping_status":"closed","sticky":false,"template":"","format":"standard","meta":{"_acf_changed":false,"_sitemap_exclude":false,"_sitemap_priority":"","_sitemap_frequency":"","footnotes":""},"categories":[52,63],"tags":[],"class_list":["post-254478","post","type-post","status-publish","format-standard","has-post-thumbnail","hentry","category-medeniyyet","category-video-2","infinite-scroll-item","generate-columns","tablet-grid-50","mobile-grid-100","grid-parent","grid-33","no-featured-image-padding"],"acf":[],"yoast_head":"<!-- This site is optimized with the Yoast SEO plugin v27.5 - https:\/\/yoast.com\/product\/yoast-seo-wordpress\/ -->\n<title>Elmin B\u0259d\u0259lov: \u201cTeatr azadl\u0131q dem\u0259kdir\u201d\u00a0 - MEYDAN.TV<\/title>\n<meta name=\"robots\" content=\"index, follow, max-snippet:-1, max-image-preview:large, max-video-preview:-1\" \/>\n<link rel=\"canonical\" href=\"https:\/\/www.meydan.tv\/az\/article\/elmin-bedelov-teatr-azadliq-demekdir\/\" \/>\n<meta property=\"og:locale\" content=\"az_AZ\" \/>\n<meta property=\"og:type\" content=\"article\" \/>\n<meta property=\"og:title\" content=\"Elmin B\u0259d\u0259lov: \u201cTeatr azadl\u0131q dem\u0259kdir\u201d\u00a0 - MEYDAN.TV\" \/>\n<meta property=\"og:url\" content=\"https:\/\/www.meydan.tv\/az\/article\/elmin-bedelov-teatr-azadliq-demekdir\/\" \/>\n<meta property=\"og:site_name\" content=\"MEYDAN.TV\" \/>\n<meta property=\"article:published_time\" content=\"2022-08-30T14:10:57+00:00\" \/>\n<meta property=\"article:modified_time\" content=\"2022-08-30T14:10:59+00:00\" \/>\n<meta property=\"og:image\" content=\"https:\/\/www.meydan.tv\/wp-content\/uploads\/photo1657816742.jpeg\" \/>\n\t<meta property=\"og:image:width\" content=\"1280\" \/>\n\t<meta property=\"og:image:height\" content=\"853\" \/>\n\t<meta property=\"og:image:type\" content=\"image\/jpeg\" \/>\n<meta name=\"author\" content=\"roma\" \/>\n<meta name=\"twitter:card\" content=\"summary_large_image\" \/>\n<script type=\"application\/ld+json\" class=\"yoast-schema-graph\">{\"@context\":\"https:\\\/\\\/schema.org\",\"@graph\":[{\"@type\":\"Article\",\"@id\":\"https:\\\/\\\/www.meydan.tv\\\/az\\\/article\\\/elmin-bedelov-teatr-azadliq-demekdir\\\/#article\",\"isPartOf\":{\"@id\":\"https:\\\/\\\/www.meydan.tv\\\/az\\\/article\\\/elmin-bedelov-teatr-azadliq-demekdir\\\/\"},\"author\":{\"name\":\"roma\",\"@id\":\"https:\\\/\\\/www.meydan.tv\\\/az\\\/#\\\/schema\\\/person\\\/8f23e01c4de63326c13c319fb65ee65d\"},\"headline\":\"Elmin B\u0259d\u0259lov: \u201cTeatr azadl\u0131q dem\u0259kdir\u201d\u00a0\",\"datePublished\":\"2022-08-30T14:10:57+00:00\",\"dateModified\":\"2022-08-30T14:10:59+00:00\",\"mainEntityOfPage\":{\"@id\":\"https:\\\/\\\/www.meydan.tv\\\/az\\\/article\\\/elmin-bedelov-teatr-azadliq-demekdir\\\/\"},\"wordCount\":2411,\"publisher\":{\"@id\":\"https:\\\/\\\/www.meydan.tv\\\/az\\\/#organization\"},\"image\":{\"@id\":\"https:\\\/\\\/www.meydan.tv\\\/az\\\/article\\\/elmin-bedelov-teatr-azadliq-demekdir\\\/#primaryimage\"},\"thumbnailUrl\":\"https:\\\/\\\/www.meydan.tv\\\/wp-content\\\/uploads\\\/photo1657816742.jpeg\",\"articleSection\":[\"M\u0259d\u0259niyy\u0259t\",\"Video\"],\"inLanguage\":\"az\"},{\"@type\":\"WebPage\",\"@id\":\"https:\\\/\\\/www.meydan.tv\\\/az\\\/article\\\/elmin-bedelov-teatr-azadliq-demekdir\\\/\",\"url\":\"https:\\\/\\\/www.meydan.tv\\\/az\\\/article\\\/elmin-bedelov-teatr-azadliq-demekdir\\\/\",\"name\":\"Elmin B\u0259d\u0259lov: \u201cTeatr azadl\u0131q dem\u0259kdir\u201d\u00a0 - MEYDAN.TV\",\"isPartOf\":{\"@id\":\"https:\\\/\\\/www.meydan.tv\\\/az\\\/#website\"},\"primaryImageOfPage\":{\"@id\":\"https:\\\/\\\/www.meydan.tv\\\/az\\\/article\\\/elmin-bedelov-teatr-azadliq-demekdir\\\/#primaryimage\"},\"image\":{\"@id\":\"https:\\\/\\\/www.meydan.tv\\\/az\\\/article\\\/elmin-bedelov-teatr-azadliq-demekdir\\\/#primaryimage\"},\"thumbnailUrl\":\"https:\\\/\\\/www.meydan.tv\\\/wp-content\\\/uploads\\\/photo1657816742.jpeg\",\"datePublished\":\"2022-08-30T14:10:57+00:00\",\"dateModified\":\"2022-08-30T14:10:59+00:00\",\"breadcrumb\":{\"@id\":\"https:\\\/\\\/www.meydan.tv\\\/az\\\/article\\\/elmin-bedelov-teatr-azadliq-demekdir\\\/#breadcrumb\"},\"inLanguage\":\"az\",\"potentialAction\":[{\"@type\":\"ReadAction\",\"target\":[\"https:\\\/\\\/www.meydan.tv\\\/az\\\/article\\\/elmin-bedelov-teatr-azadliq-demekdir\\\/\"]}]},{\"@type\":\"ImageObject\",\"inLanguage\":\"az\",\"@id\":\"https:\\\/\\\/www.meydan.tv\\\/az\\\/article\\\/elmin-bedelov-teatr-azadliq-demekdir\\\/#primaryimage\",\"url\":\"https:\\\/\\\/www.meydan.tv\\\/wp-content\\\/uploads\\\/photo1657816742.jpeg\",\"contentUrl\":\"https:\\\/\\\/www.meydan.tv\\\/wp-content\\\/uploads\\\/photo1657816742.jpeg\",\"width\":1280,\"height\":853},{\"@type\":\"BreadcrumbList\",\"@id\":\"https:\\\/\\\/www.meydan.tv\\\/az\\\/article\\\/elmin-bedelov-teatr-azadliq-demekdir\\\/#breadcrumb\",\"itemListElement\":[{\"@type\":\"ListItem\",\"position\":1,\"name\":\"Ana s\u0259hif\u0259\",\"item\":\"https:\\\/\\\/www.meydan.tv\\\/az\\\/\"},{\"@type\":\"ListItem\",\"position\":2,\"name\":\"Video\",\"item\":\"https:\\\/\\\/www.meydan.tv\\\/az\\\/section\\\/video-2\\\/\"},{\"@type\":\"ListItem\",\"position\":3,\"name\":\"Elmin B\u0259d\u0259lov: \u201cTeatr azadl\u0131q dem\u0259kdir\u201d\u00a0\"}]},{\"@type\":\"WebSite\",\"@id\":\"https:\\\/\\\/www.meydan.tv\\\/az\\\/#website\",\"url\":\"https:\\\/\\\/www.meydan.tv\\\/az\\\/\",\"name\":\"MEYDAN.TV\",\"description\":\"Meydan TV Az\u0259rbaycan\u0131n media m\u0259kan\u0131ndak\u0131 alternativ s\u0259sidir\",\"publisher\":{\"@id\":\"https:\\\/\\\/www.meydan.tv\\\/az\\\/#organization\"},\"potentialAction\":[{\"@type\":\"SearchAction\",\"target\":{\"@type\":\"EntryPoint\",\"urlTemplate\":\"https:\\\/\\\/www.meydan.tv\\\/az\\\/?s={search_term_string}\"},\"query-input\":{\"@type\":\"PropertyValueSpecification\",\"valueRequired\":true,\"valueName\":\"search_term_string\"}}],\"inLanguage\":\"az\"},{\"@type\":\"Organization\",\"@id\":\"https:\\\/\\\/www.meydan.tv\\\/az\\\/#organization\",\"name\":\"Meydan TV\",\"url\":\"https:\\\/\\\/www.meydan.tv\\\/az\\\/\",\"logo\":{\"@type\":\"ImageObject\",\"inLanguage\":\"az\",\"@id\":\"https:\\\/\\\/www.meydan.tv\\\/az\\\/#\\\/schema\\\/logo\\\/image\\\/\",\"url\":\"https:\\\/\\\/www.meydan.tv\\\/wp-content\\\/uploads\\\/2021\\\/07\\\/meydan-logo.svg\",\"contentUrl\":\"https:\\\/\\\/www.meydan.tv\\\/wp-content\\\/uploads\\\/2021\\\/07\\\/meydan-logo.svg\",\"width\":195,\"height\":46,\"caption\":\"Meydan TV\"},\"image\":{\"@id\":\"https:\\\/\\\/www.meydan.tv\\\/az\\\/#\\\/schema\\\/logo\\\/image\\\/\"}},{\"@type\":\"Person\",\"@id\":\"https:\\\/\\\/www.meydan.tv\\\/az\\\/#\\\/schema\\\/person\\\/8f23e01c4de63326c13c319fb65ee65d\",\"name\":\"roma\"}]}<\/script>\n<!-- \/ Yoast SEO plugin. -->","yoast_head_json":{"title":"Elmin B\u0259d\u0259lov: \u201cTeatr azadl\u0131q dem\u0259kdir\u201d\u00a0 - MEYDAN.TV","robots":{"index":"index","follow":"follow","max-snippet":"max-snippet:-1","max-image-preview":"max-image-preview:large","max-video-preview":"max-video-preview:-1"},"canonical":"https:\/\/www.meydan.tv\/az\/article\/elmin-bedelov-teatr-azadliq-demekdir\/","og_locale":"az_AZ","og_type":"article","og_title":"Elmin B\u0259d\u0259lov: \u201cTeatr azadl\u0131q dem\u0259kdir\u201d\u00a0 - MEYDAN.TV","og_url":"https:\/\/www.meydan.tv\/az\/article\/elmin-bedelov-teatr-azadliq-demekdir\/","og_site_name":"MEYDAN.TV","article_published_time":"2022-08-30T14:10:57+00:00","article_modified_time":"2022-08-30T14:10:59+00:00","og_image":[{"width":1280,"height":853,"url":"https:\/\/www.meydan.tv\/wp-content\/uploads\/photo1657816742.jpeg","type":"image\/jpeg"}],"author":"roma","twitter_card":"summary_large_image","schema":{"@context":"https:\/\/schema.org","@graph":[{"@type":"Article","@id":"https:\/\/www.meydan.tv\/az\/article\/elmin-bedelov-teatr-azadliq-demekdir\/#article","isPartOf":{"@id":"https:\/\/www.meydan.tv\/az\/article\/elmin-bedelov-teatr-azadliq-demekdir\/"},"author":{"name":"roma","@id":"https:\/\/www.meydan.tv\/az\/#\/schema\/person\/8f23e01c4de63326c13c319fb65ee65d"},"headline":"Elmin B\u0259d\u0259lov: \u201cTeatr azadl\u0131q dem\u0259kdir\u201d\u00a0","datePublished":"2022-08-30T14:10:57+00:00","dateModified":"2022-08-30T14:10:59+00:00","mainEntityOfPage":{"@id":"https:\/\/www.meydan.tv\/az\/article\/elmin-bedelov-teatr-azadliq-demekdir\/"},"wordCount":2411,"publisher":{"@id":"https:\/\/www.meydan.tv\/az\/#organization"},"image":{"@id":"https:\/\/www.meydan.tv\/az\/article\/elmin-bedelov-teatr-azadliq-demekdir\/#primaryimage"},"thumbnailUrl":"https:\/\/www.meydan.tv\/wp-content\/uploads\/photo1657816742.jpeg","articleSection":["M\u0259d\u0259niyy\u0259t","Video"],"inLanguage":"az"},{"@type":"WebPage","@id":"https:\/\/www.meydan.tv\/az\/article\/elmin-bedelov-teatr-azadliq-demekdir\/","url":"https:\/\/www.meydan.tv\/az\/article\/elmin-bedelov-teatr-azadliq-demekdir\/","name":"Elmin B\u0259d\u0259lov: \u201cTeatr azadl\u0131q dem\u0259kdir\u201d\u00a0 - MEYDAN.TV","isPartOf":{"@id":"https:\/\/www.meydan.tv\/az\/#website"},"primaryImageOfPage":{"@id":"https:\/\/www.meydan.tv\/az\/article\/elmin-bedelov-teatr-azadliq-demekdir\/#primaryimage"},"image":{"@id":"https:\/\/www.meydan.tv\/az\/article\/elmin-bedelov-teatr-azadliq-demekdir\/#primaryimage"},"thumbnailUrl":"https:\/\/www.meydan.tv\/wp-content\/uploads\/photo1657816742.jpeg","datePublished":"2022-08-30T14:10:57+00:00","dateModified":"2022-08-30T14:10:59+00:00","breadcrumb":{"@id":"https:\/\/www.meydan.tv\/az\/article\/elmin-bedelov-teatr-azadliq-demekdir\/#breadcrumb"},"inLanguage":"az","potentialAction":[{"@type":"ReadAction","target":["https:\/\/www.meydan.tv\/az\/article\/elmin-bedelov-teatr-azadliq-demekdir\/"]}]},{"@type":"ImageObject","inLanguage":"az","@id":"https:\/\/www.meydan.tv\/az\/article\/elmin-bedelov-teatr-azadliq-demekdir\/#primaryimage","url":"https:\/\/www.meydan.tv\/wp-content\/uploads\/photo1657816742.jpeg","contentUrl":"https:\/\/www.meydan.tv\/wp-content\/uploads\/photo1657816742.jpeg","width":1280,"height":853},{"@type":"BreadcrumbList","@id":"https:\/\/www.meydan.tv\/az\/article\/elmin-bedelov-teatr-azadliq-demekdir\/#breadcrumb","itemListElement":[{"@type":"ListItem","position":1,"name":"Ana s\u0259hif\u0259","item":"https:\/\/www.meydan.tv\/az\/"},{"@type":"ListItem","position":2,"name":"Video","item":"https:\/\/www.meydan.tv\/az\/section\/video-2\/"},{"@type":"ListItem","position":3,"name":"Elmin B\u0259d\u0259lov: \u201cTeatr azadl\u0131q dem\u0259kdir\u201d\u00a0"}]},{"@type":"WebSite","@id":"https:\/\/www.meydan.tv\/az\/#website","url":"https:\/\/www.meydan.tv\/az\/","name":"MEYDAN.TV","description":"Meydan TV Az\u0259rbaycan\u0131n media m\u0259kan\u0131ndak\u0131 alternativ s\u0259sidir","publisher":{"@id":"https:\/\/www.meydan.tv\/az\/#organization"},"potentialAction":[{"@type":"SearchAction","target":{"@type":"EntryPoint","urlTemplate":"https:\/\/www.meydan.tv\/az\/?s={search_term_string}"},"query-input":{"@type":"PropertyValueSpecification","valueRequired":true,"valueName":"search_term_string"}}],"inLanguage":"az"},{"@type":"Organization","@id":"https:\/\/www.meydan.tv\/az\/#organization","name":"Meydan TV","url":"https:\/\/www.meydan.tv\/az\/","logo":{"@type":"ImageObject","inLanguage":"az","@id":"https:\/\/www.meydan.tv\/az\/#\/schema\/logo\/image\/","url":"https:\/\/www.meydan.tv\/wp-content\/uploads\/2021\/07\/meydan-logo.svg","contentUrl":"https:\/\/www.meydan.tv\/wp-content\/uploads\/2021\/07\/meydan-logo.svg","width":195,"height":46,"caption":"Meydan TV"},"image":{"@id":"https:\/\/www.meydan.tv\/az\/#\/schema\/logo\/image\/"}},{"@type":"Person","@id":"https:\/\/www.meydan.tv\/az\/#\/schema\/person\/8f23e01c4de63326c13c319fb65ee65d","name":"roma"}]}},"_links":{"self":[{"href":"https:\/\/www.meydan.tv\/az\/wp-json\/wp\/v2\/posts\/254478","targetHints":{"allow":["GET"]}}],"collection":[{"href":"https:\/\/www.meydan.tv\/az\/wp-json\/wp\/v2\/posts"}],"about":[{"href":"https:\/\/www.meydan.tv\/az\/wp-json\/wp\/v2\/types\/post"}],"author":[{"embeddable":true,"href":"https:\/\/www.meydan.tv\/az\/wp-json\/wp\/v2\/users\/14"}],"replies":[{"embeddable":true,"href":"https:\/\/www.meydan.tv\/az\/wp-json\/wp\/v2\/comments?post=254478"}],"version-history":[{"count":1,"href":"https:\/\/www.meydan.tv\/az\/wp-json\/wp\/v2\/posts\/254478\/revisions"}],"predecessor-version":[{"id":254490,"href":"https:\/\/www.meydan.tv\/az\/wp-json\/wp\/v2\/posts\/254478\/revisions\/254490"}],"wp:featuredmedia":[{"embeddable":true,"href":"https:\/\/www.meydan.tv\/az\/wp-json\/wp\/v2\/media\/253674"}],"wp:attachment":[{"href":"https:\/\/www.meydan.tv\/az\/wp-json\/wp\/v2\/media?parent=254478"}],"wp:term":[{"taxonomy":"category","embeddable":true,"href":"https:\/\/www.meydan.tv\/az\/wp-json\/wp\/v2\/categories?post=254478"},{"taxonomy":"post_tag","embeddable":true,"href":"https:\/\/www.meydan.tv\/az\/wp-json\/wp\/v2\/tags?post=254478"}],"curies":[{"name":"wp","href":"https:\/\/api.w.org\/{rel}","templated":true}]}}