{"id":254469,"date":"2022-08-30T14:48:54","date_gmt":"2022-08-30T10:48:54","guid":{"rendered":"https:\/\/www.meydan.tv\/?p=254469"},"modified":"2022-08-30T14:48:56","modified_gmt":"2022-08-30T10:48:56","slug":"bolgelerde-suvarma-derdi","status":"publish","type":"post","link":"https:\/\/www.meydan.tv\/az\/article\/bolgelerde-suvarma-derdi\/","title":{"rendered":"B\u00f6lg\u0259l\u0259rd\u0259 suvarma d\u0259rdi"},"content":{"rendered":"\n<p><\/p>\n\n\n\n<p><em>Ekspertin fikrinc\u0259, \u00f6lk\u0259d\u0259ki su resurslar\u0131ndan s\u0259m\u0259r\u0259li istifad\u0259 olunmur<\/em><\/p>\n\n\n\n<p>\u201c70 hektar sah\u0259d\u0259 pamb\u0131q \u0259kmi\u015f\u0259m. Su vaxt\u0131nda verilm\u0259diyind\u0259n m\u0259hsuldarl\u0131q a\u015fa\u011f\u0131 olacaq. He\u00e7 olmasa \u00e7\u0259kdiyim x\u0259rci g\u00f6t\u00fcr\u0259 bils\u0259ydim zavoda borcumu qaytarard\u0131m. Ancaq bel\u0259 g\u00f6r\u00fcn\u00fcr builki m\u00f6vs\u00fcmd\u0259 qazanc\u0131m olmayacaq\u201d.<\/p>\n\n\n\n<p>Bunu Meydan TV-y\u0259 d\u00f6vl\u0259t idar\u0259sind\u0259 \u00e7al\u0131\u015fd\u0131\u011f\u0131 \u00fc\u00e7\u00fcn ad\u0131n\u0131n m\u0259tbuatda \u00e7\u0259kilm\u0259sini ist\u0259m\u0259y\u0259n sabirabadl\u0131 fermerl\u0259rd\u0259n biri deyib. Onun s\u00f6zl\u0259rin\u0259 g\u00f6r\u0259, bu il g\u00fcbr\u0259nin bahala\u015fmas\u0131 x\u0259rcl\u0259r\u0259 ciddi \u015f\u0259kild\u0259 t\u0259sir edib, sah\u0259l\u0259r\u0259 \u00e7\u0259kil\u0259n x\u0259rc t\u0259xmin\u0259n 2-3 d\u0259f\u0259 art\u0131b.<\/p>\n\n\n\n<p><strong>Nazir: \u201c100 min hektar \u0259razid\u0259 tax\u0131l \u0259kinl\u0259ri m\u0259hv olub\u201d<\/strong><\/p>\n\n\n\n<p>Son ill\u0259r Az\u0259rbaycan\u0131n m\u00fcxt\u0259lif b\u00f6lg\u0259l\u0259rind\u0259 suvarma, su \u00e7at\u0131\u015fmazl\u0131\u011f\u0131 il\u0259 ba\u011fl\u0131 \u015fikay\u0259tl\u0259r \u00e7oxal\u0131b. X\u00fcsusil\u0259 K\u00fcr v\u0259 Araz sahillind\u0259 yerl\u0259\u015f\u0259n rayonlarda su problemi yaran\u0131b. H\u0259r iki \u00e7ayda suyun s\u0259viyy\u0259si azal\u0131b. Fermerl\u0259r bildiribl\u0259r ki, t\u0259kc\u0259 pamb\u0131\u011f\u0131n deyil, tax\u0131l da daxil olmaqla \u0259ks\u0259r sah\u0259l\u0259rd\u0259 suvarma su \u00e7at\u0131\u015fmazl\u0131\u011f\u0131 onlar \u00fc\u00e7\u00fcn \u00e7\u0259tinlik yarad\u0131b. Sah\u0259l\u0259rin \u0259n \u00e7ox suya ehtiyac oldu\u011fu vaxt su tapa bilm\u0259yibl\u0259r. Bir t\u0259r\u0259fd\u0259n d\u0259 quraql\u0131q v\u0259 ya\u011f\u0131nt\u0131n\u0131n qeyri-b\u0259rab\u0259r paylanmas\u0131 m\u0259hsuldarl\u0131\u011fa t\u0259sir edir.<\/p>\n\n\n\n<p>K\u0259nd t\u0259s\u0259rr\u00fcfat\u0131 naziri \u0130nam K\u0259rimov da Real TV-y\u0259 m\u00fcsahib\u0259sind\u0259 <a href=\"https:\/\/fed.az\/az\/aqrar\/azerbaycanda-quraqliga-gore-100-min-hektar-erazide-taxil-ekinleri-mehv-olub-137349\" target=\"_blank\" rel=\"noreferrer noopener\">bildirib<\/a> ki, bu ilin yanvar-fevral aylar\u0131nda Az\u0259rbaycanda m\u00fc\u015fahid\u0259 edilmi\u015f k\u0259skin quraql\u0131\u011fa g\u00f6r\u0259, t\u0259qrib\u0259n, 100 min hektar \u0259razid\u0259 tax\u0131l \u0259kinl\u0259ri m\u0259hv olub:<\/p>\n\n\n\n<p>&#8220;Eyni hal\u0131 2020-ci ild\u0259 d\u0259 ya\u015fam\u0131\u015f\u0131q v\u0259 g\u0259l\u0259c\u0259kd\u0259 quraql\u0131\u011fa g\u00f6r\u0259 bu kimi hallar\u0131n ya\u015fanmas\u0131 g\u00f6zl\u0259nilir\u201d. <\/p>\n\n\n\n<figure class=\"wp-block-image size-large\"><img decoding=\"async\" data-src=\"https:\/\/www.meydan.tv\/wp-content\/uploads\/inam-kerimov-karimov-1200x788.jpg\" alt=\"\" class=\"wp-image-254470 lazyload\" src=\"data:image\/svg+xml;base64,PHN2ZyB3aWR0aD0iMSIgaGVpZ2h0PSIxIiB4bWxucz0iaHR0cDovL3d3dy53My5vcmcvMjAwMC9zdmciPjwvc3ZnPg==\" style=\"--smush-placeholder-width: 1200px; --smush-placeholder-aspect-ratio: 1200\/788;\" \/><figcaption>\u0130nam K\u0259rimov. Foto: &#8220;banker.az&#8221;<\/figcaption><\/figure>\n\n\n\n<p>Az\u0259rbaycan\u0131n su resursu 32 milyard kubmetrdir. Bunun 70 faizi qon\u015fu \u00f6lk\u0259l\u0259rd\u0259n g\u0259l\u0259n suyun hesab\u0131na, 30 faizi is\u0259 \u00f6lk\u0259 daxilind\u0259 formala\u015f\u0131r.<\/p>\n\n\n\n<p><strong>Ekspert: \u201cSu problemi get-ged\u0259 daha da d\u0259rinl\u0259\u015fir\u201c<\/strong><\/p>\n\n\n\n<p>K\u0259nd t\u0259s\u0259rr\u00fcfat\u0131 eksperti Vahid M\u0259h\u0259rr\u0259mli Meydan TV-y\u0259 bildirib ki, son vaxtlar Saatl\u0131, Sabirabad, \u015e\u0259kid\u0259n suvarma il\u0259 ba\u011fl\u0131 \u00e7oxsayl\u0131 \u015fikay\u0259tl\u0259r s\u0259sl\u0259ndirilir. \u00dcmumiyy\u0259tl\u0259, \u00f6lk\u0259d\u0259 suvarma, su problemi get-ged\u0259 daha da d\u0259rinl\u0259\u015fir.<\/p>\n\n\n\n<p>\u201cBu il \u00f6t\u0259n il\u0259 nisb\u0259t\u0259n havalar dem\u0259k olar ki, s\u0259rin ke\u00e7di. K\u00fcrd\u0259 suyun s\u0259viyy\u0259si d\u0259 bir q\u0259d\u0259r artd\u0131. Ancaq bu il naraz\u0131l\u0131qlar \u00f6t\u0259n ill\u0259 m\u00fcqayis\u0259d\u0259 daha \u00e7oxdur\u201d,-Vahid M\u0259h\u0259rr\u0259mli deyib.<\/p>\n\n\n\n<p>Onun s\u00f6zl\u0259rin\u0259 g\u00f6r\u0259, suvarma, su problemi il\u0259 ba\u011fl\u0131 sor\u011fu edib. B\u0259lli olub ki, bu il dem\u0259k olar ki \u0259ks\u0259r b\u00f6lg\u0259d\u0259 problem m\u00fc\u015fahid\u0259 edilib:<\/p>\n\n\n\n<p>\u201cK\u0259nd t\u0259s\u0259rr\u00fcfat\u0131 naziri deyir ki, bu il susuzluqdan 100 min hektar tax\u0131l sah\u0259si m\u0259hv olub. Nec\u0259 olur ki, bu il su probleminin \u00f6t\u0259n il\u0259 nisb\u0259t\u0259n az olmas\u0131na baxmayaraq m\u0259hv olan sah\u0259l\u0259rin h\u0259cmi art\u0131b? \u00c7\u00fcnki \u00f6lk\u0259d\u0259 m\u00f6vcud olan su resursu d\u00fczg\u00fcn idar\u0259 edilmir\u201d.<\/p>\n\n\n\n<p>M\u0259h\u0259rr\u0259mli qeyd edib ki, suvarma problemi ya\u015fanan \u0259razil\u0259rd\u0259n biri d\u0259 \u015e\u0259kidir. Onun fikrinc\u0259, su \u00e7at\u0131\u015fmazl\u0131\u011f\u0131 b\u0259z\u0259n s\u0259hl\u0259nkarl\u0131qdan da yaran\u0131r:<\/p>\n\n\n\n<p>\u201c\u015e\u0259kid\u0259 son iki ild\u0259 yolun bir t\u0259r\u0259find\u0259n sah\u0259l\u0259r suvar\u0131l\u0131r, dig\u0259r t\u0259r\u0259find\u0259 is\u0259 sah\u0259l\u0259r susuzluqdan bat\u0131b. M\u0259lum olub ki, iki il \u0259vv\u0259l yolu \u00e7\u0259k\u0259nd\u0259 su borular\u0131 unudulub. \u018fvv\u0259l \u0259razid\u0259 k\u00f6rp\u00fc olub, k\u00f6rp\u00fc vasit\u0259sil\u0259 su gedib. K\u00f6rp\u00fc l\u0259\u011fv edil\u0259nd\u0259 su \u00e7\u0259km\u0259k yaddan \u00e7\u0131x\u0131b. \u00c7oxsayl\u0131 \u015fikay\u0259tl\u0259rd\u0259n sonra n\u0259hay\u0259t, problemin s\u0259b\u0259bini tap\u0131blar. Ancaq n\u0259 q\u0259d\u0259r sah\u0259 susuzluqdan m\u0259hv olub, insanlar qazanclar\u0131ndan olublar\u201d.<\/p>\n\n\n\n<figure class=\"wp-block-image size-full\"><img decoding=\"async\" width=\"960\" height=\"720\" data-src=\"https:\/\/www.meydan.tv\/wp-content\/uploads\/42422.jpg\" alt=\"Vahid M\u0259h\u0259rr\u0259mov\" class=\"wp-image-106811 lazyload\" src=\"data:image\/svg+xml;base64,PHN2ZyB3aWR0aD0iMSIgaGVpZ2h0PSIxIiB4bWxucz0iaHR0cDovL3d3dy53My5vcmcvMjAwMC9zdmciPjwvc3ZnPg==\" style=\"--smush-placeholder-width: 960px; --smush-placeholder-aspect-ratio: 960\/720;\" \/><figcaption>Vahid M\u0259h\u0259rr\u0259mov. Foto: Meydan TV<\/figcaption><\/figure>\n\n\n\n<p>Ekspert deyib ki, bu sah\u0259y\u0259 m\u0259sul olanlar \u00f6z v\u0259zif\u0259l\u0259rini icra ed\u0259 bilmirl\u0259r, bu s\u0259b\u0259bd\u0259n d\u0259 problem yaran\u0131r.<\/p>\n\n\n\n<p>\u201cDig\u0259r bir hadis\u0259 il\u0259 Saatl\u0131da rastla\u015fd\u0131m. Bir ne\u00e7\u0259 sah\u0259 suvar\u0131l\u0131r, dig\u0259r \u0259kin sah\u0259l\u0259ri is\u0259 susuzluqdan bat\u0131b gedir. K\u0259ndlil\u0259r dedil\u0259r ki, o su \u201cPasha Holding\u201din \u0259kin \u0259razil\u0259rin\u0259 gedir, onlar\u0131n o sudan istifad\u0259 etm\u0259y\u0259 c\u00fcr\u0259ti \u00e7atm\u0131r\u201d,-M\u0259h\u0259rr\u0259mli qeyd edib. Bildirib ki, \u00f6lk\u0259d\u0259 su resurslar\u0131ndan s\u0259m\u0259r\u0259li istifad\u0259 olunmur v\u0259 bel\u0259 halda suvar\u0131lan sah\u0259l\u0259rin geni\u015fl\u0259ndirilm\u0259si daha \u00e7ox su itkisin\u0259 yol a\u00e7\u0131r:<\/p>\n\n\n\n<p>\u201c\u00d6lk\u0259d\u0259 su itkisi 28 faizdir. Az\u0259rbaycan m\u00f6vcud su resurslar\u0131ndan s\u0259m\u0259r\u0259li istifad\u0259 ed\u0259 bilmir. \u00d6lk\u0259d\u0259 ya\u011f\u0131\u015f sular\u0131n\u0131n y\u0131\u011f\u0131lmas\u0131 t\u0259\u015fkil olunmur. Ya\u011fan ya\u011f\u0131\u015f sular\u0131n\u0131 v\u0259 \u00e7aylarda su bollu\u011fu yaranan zaman onun bir hiss\u0259sini x\u00fcsusi anbarlara y\u0131\u011f\u0131b yayda ondan suvarmada, yaxud i\u00e7m\u0259li su kimi istifad\u0259 etm\u0259k olar. M\u00f6vcud olan su anbarlar\u0131n\u0131 v\u0259 g\u00f6ll\u0259ri oliqarx m\u0259murlar \u0259l\u0259 ke\u00e7irib\u201d.<\/p>\n\n\n\n<p><strong>V\u0259zif\u0259li \u015f\u0259xsl\u0259r m\u0259suliyy\u0259t\u0259 c\u0259lb olunub<\/strong><\/p>\n\n\n\n<p>Ba\u015f Prokurorlu\u011fun avqustun 15-d\u0259 yayd\u0131\u011f\u0131 m\u0259lumatda deyilir ki, regionlarda torpaq istifad\u0259\u00e7il\u0259rinin suvarma suyu il\u0259 t\u0259minat\u0131n\u0131 qanunsuz m\u0259hdudla\u015fd\u0131ran v\u0259zif\u0259li \u015f\u0259xsl\u0259r bar\u0259sind\u0259 cinay\u0259t i\u015fl\u0259ri ba\u015flan\u0131b.<\/p>\n\n\n\n<p>\u201cAyr\u0131-ayr\u0131 regionlardan Ba\u015f Prokurorlu\u011fa daxil olmu\u015f \u00e7oxsayl\u0131 v\u0259t\u0259nda\u015f m\u00fcraci\u0259tl\u0259rinin \u0259laq\u0259li \u015f\u0259kild\u0259 t\u0259hlili n\u0259tic\u0259sind\u0259 m\u00fc\u0259yy\u0259n edilmi\u015f qanunsuz hallarla ba\u011fl\u0131 Ba\u015f prokuror yan\u0131nda Korrupsiyaya qar\u015f\u0131 M\u00fcbariz\u0259 Ba\u015f \u0130dar\u0259si t\u0259r\u0259find\u0259n t\u0259xir\u0259sal\u0131nmaz \u0259m\u0259liyyat-axtar\u0131\u015f t\u0259dbirl\u0259ri h\u0259yata ke\u00e7irilib\u201d, &#8211; m\u0259lumatda deyilir. Bildirilir ki, ke\u00e7irilmi\u015f t\u0259dbirl\u0259rl\u0259 \u015e\u0259mkir Rayon \u0130cra Hakimiyy\u0259ti ba\u015f\u00e7\u0131s\u0131n\u0131n \u00c7inarl\u0131 q\u0259s\u0259b\u0259 inzibati \u0259razi dair\u0259si \u00fczr\u0259 n\u00fcmay\u0259nd\u0259si -\u201cAc\u0131 arx\u201d Sudan \u0130stifad\u0259ed\u0259nl\u0259r Birliyinin \u0130dar\u0259 hey\u0259tinin s\u0259dri El\u00e7in \u0130smay\u0131l o\u011flu Abbasovun t\u0259s\u0259rr\u00fcfatlara q\u0259sd\u0259n ziyan vurdu\u011fu m\u00fc\u0259yy\u0259nl\u0259\u015fib. Bel\u0259 ki, onun 2021-2022-ci ill\u0259r \u0259rzind\u0259 v\u0259zif\u0259li \u015f\u0259xs kimi xidm\u0259ti v\u0259zif\u0259l\u0259rinin icras\u0131 il\u0259 \u0259laq\u0259dar h\u0259min q\u0259s\u0259b\u0259 \u0259razisind\u0259 ya\u015fayan ayr\u0131-ayr\u0131 \u015f\u0259xsl\u0259rd\u0259n istifad\u0259l\u0259rind\u0259 olan \u0259kin sah\u0259l\u0259rinin suvar\u0131lmas\u0131n\u0131n t\u0259\u015fkil edilm\u0259si \u00fc\u00e7\u00fcn k\u00fctl\u0259vi \u015f\u0259kild\u0259 h\u0259r hektar torpaq sah\u0259sin\u0259 g\u00f6r\u0259 500 manat olmaqla m\u00fcxt\u0259lif m\u0259bl\u0259\u011fl\u0259rd\u0259 pul v\u0259saitini r\u00fc\u015fv\u0259t qismind\u0259 almas\u0131na, el\u0259c\u0259 d\u0259 torpaq istifad\u0259\u00e7il\u0259rin\u0259 suvarma \u00fc\u00e7\u00fcn suyun verilm\u0259sini qism\u0259n h\u0259yata ke\u00e7irib t\u0259s\u0259rr\u00fcfatlar\u0131na q\u0259sd\u0259n ziyan vurmas\u0131na \u0259sasl\u0131 \u015f\u00fcbh\u0259l\u0259r m\u00fc\u0259yy\u0259n edilib.<\/p>\n\n\n\n<figure class=\"wp-block-image size-full\"><img decoding=\"async\" width=\"1000\" height=\"656\" data-src=\"https:\/\/www.meydan.tv\/wp-content\/uploads\/1612772145436814513_1000x669.jpg\" alt=\"Ba\u015f Prokurorluq\" class=\"wp-image-155994 lazyload\" src=\"data:image\/svg+xml;base64,PHN2ZyB3aWR0aD0iMSIgaGVpZ2h0PSIxIiB4bWxucz0iaHR0cDovL3d3dy53My5vcmcvMjAwMC9zdmciPjwvc3ZnPg==\" style=\"--smush-placeholder-width: 1000px; --smush-placeholder-aspect-ratio: 1000\/656;\" \/><figcaption>Foto: Az\u0259rtac<\/figcaption><\/figure>\n\n\n\n<p>Qeyd edil\u0259n hallarla ba\u011fl\u0131 cinay\u0259t i\u015fi ba\u015flanmaqla toplanm\u0131\u015f ilkin s\u00fcbutlar \u0259sas\u0131nda El\u00e7in Abbasova Cinay\u0259t M\u0259c\u0259ll\u0259sinin 308.2 (a\u011f\u0131r n\u0259tic\u0259l\u0259r\u0259 s\u0259b\u0259b olan v\u0259zif\u0259 s\u0259lahiyy\u0259tl\u0259rind\u0259n sui-istifad\u0259) v\u0259 311.3.2-ci (t\u0259krar r\u00fc\u015fv\u0259t alma) madd\u0259l\u0259ri il\u0259 ittiham elan edilib v\u0259 bar\u0259sind\u0259 m\u0259hk\u0259m\u0259nin q\u0259rar\u0131 il\u0259 h\u0259bs q\u0259timkan t\u0259dbiri se\u00e7ilib.<\/p>\n\n\n\n<p>Bundan ba\u015fqa, eyni xarakterli \u0259m\u0259ll\u0259r\u0259 g\u00f6r\u0259 torpaq istifad\u0259\u00e7il\u0259rind\u0259n pul v\u0259saitinin al\u0131nmas\u0131 v\u0259 t\u0259s\u0259rr\u00fcfatlara ziyan vurulmas\u0131 x\u00fcsusatlar\u0131 \u00fczr\u0259 Neft\u00e7ala rayon \u201cB\u0259r\u0259k\u0259t\u201d, \u201cQarav\u0259lli\u201d v\u0259 dig\u0259r sudan istifad\u0259ed\u0259nl\u0259r birlikl\u0259rinin, habel\u0259 Neft\u00e7ala Suvarma Sisteml\u0259ri idar\u0259sinin v\u0259zif\u0259li \u015f\u0259xsl\u0259ri bar\u0259sind\u0259 d\u0259 cinay\u0259t i\u015fi ba\u015flan\u0131b.<\/p>\n\n\n\n<p>Haz\u0131rda h\u0259r iki cinay\u0259t i\u015fi \u00fczr\u0259 t\u0259qsirl\u0259ndiril\u0259n \u015f\u0259xsl\u0259rin, onlar\u0131n \u0259lbir oldu\u011fu dig\u0259r \u015f\u0259xsl\u0259rin v\u0259 z\u0259r\u0259r\u00e7\u0259kmi\u015fl\u0259rin d\u0259qiq dair\u0259sinin, habel\u0259 t\u0259s\u0259rr\u00fcfatlara vurulmu\u015f ziyan m\u0259bl\u0259\u011finin m\u00fc\u0259yy\u0259n olunmas\u0131 istiqam\u0259tind\u0259 istintaq davam etdirildiyi bildirilir.<\/p>\n\n\n\n<p>Melorasiya v\u0259 Su T\u0259s\u0259rr\u00fcfat\u0131 ASC-d\u0259n bildiribl\u0259r ki, pamb\u0131q sah\u0259l\u0259rin\u0259 n\u00f6vb\u0259 prinsipi il\u0259 su verilib v\u0259 art\u0131q sah\u0259l\u0259rin suvar\u0131lmas\u0131 ba\u015fa \u00e7atmaq \u00fczr\u0259dir. M\u00f6vs\u00fcm\u00fcn \u0259vv\u0259lind\u0259n bu m\u0259s\u0259l\u0259 n\u0259zar\u0259t\u0259 g\u00f6t\u00fcr\u00fcl\u00fcb v\u0259 ASC-nin \u0259laq\u0259li \u015f\u0259xsl\u0259rin\u0259 tap\u015f\u0131r\u0131qlar verilib.<\/p>\n\n\n\n<p>\u201cAz\u0259rbaycanda yax\u0131n 5 ild\u0259 \u0259halinin i\u00e7m\u0259li su il\u0259 t\u0259minat\u0131 70 faizd\u0259n 85 faiz\u0259, suvarma suyu il\u0259 t\u0259minat\u0131 80 faizd\u0259n 90 faiz\u0259 \u00e7atd\u0131r\u0131lacaq\u201d, &#8211; bu is\u0259 Prezident \u0130lham \u018fliyevin t\u0259sdiql\u0259diyi &#8220;2022-2026-c\u0131 ill\u0259rd\u0259 sosial-iqtisadi inki\u015faf Strategiyas\u0131&#8221;nda \u00f6z \u0259ksini tap\u0131b.<\/p>\n","protected":false},"excerpt":{"rendered":"<p>Ekspertin fikrinc\u0259, \u00f6lk\u0259d\u0259ki su resurslar\u0131ndan s\u0259m\u0259r\u0259li istifad\u0259 olunmur \u201c70 hektar &#8230; <\/p>\n<p class=\"read-more-container\"><a title=\"B\u00f6lg\u0259l\u0259rd\u0259 suvarma d\u0259rdi\" class=\"read-more button\" href=\"https:\/\/www.meydan.tv\/az\/article\/bolgelerde-suvarma-derdi\/#more-254469\" aria-label=\"Read more about B\u00f6lg\u0259l\u0259rd\u0259 suvarma d\u0259rdi\">Davam\u0131<\/a><\/p>\n","protected":false},"author":8,"featured_media":254473,"comment_status":"closed","ping_status":"closed","sticky":false,"template":"","format":"standard","meta":{"_acf_changed":false,"_sitemap_exclude":false,"_sitemap_priority":"","_sitemap_frequency":"","footnotes":""},"categories":[60,79,56],"tags":[],"class_list":["post-254469","post","type-post","status-publish","format-standard","has-post-thumbnail","hentry","category-bolge","category-featured","category-xeberler","infinite-scroll-item","generate-columns","tablet-grid-50","mobile-grid-100","grid-parent","grid-33","no-featured-image-padding"],"acf":[],"yoast_head":"<!-- This site is optimized with the Yoast SEO plugin v27.5 - https:\/\/yoast.com\/product\/yoast-seo-wordpress\/ -->\n<title>B\u00f6lg\u0259l\u0259rd\u0259 suvarma d\u0259rdi - MEYDAN.TV<\/title>\n<meta name=\"robots\" content=\"index, follow, max-snippet:-1, max-image-preview:large, max-video-preview:-1\" \/>\n<link rel=\"canonical\" href=\"https:\/\/www.meydan.tv\/az\/article\/bolgelerde-suvarma-derdi\/\" \/>\n<meta property=\"og:locale\" content=\"az_AZ\" \/>\n<meta property=\"og:type\" content=\"article\" \/>\n<meta property=\"og:title\" content=\"B\u00f6lg\u0259l\u0259rd\u0259 suvarma d\u0259rdi - MEYDAN.TV\" \/>\n<meta property=\"og:description\" content=\"Ekspertin fikrinc\u0259, \u00f6lk\u0259d\u0259ki su resurslar\u0131ndan s\u0259m\u0259r\u0259li istifad\u0259 olunmur \u201c70 hektar ... Davam\u0131\" \/>\n<meta property=\"og:url\" content=\"https:\/\/www.meydan.tv\/az\/article\/bolgelerde-suvarma-derdi\/\" \/>\n<meta property=\"og:site_name\" content=\"MEYDAN.TV\" \/>\n<meta property=\"article:published_time\" content=\"2022-08-30T10:48:54+00:00\" \/>\n<meta property=\"article:modified_time\" content=\"2022-08-30T10:48:56+00:00\" \/>\n<meta property=\"og:image\" content=\"https:\/\/www.meydan.tv\/wp-content\/uploads\/1595567434407635519_1000x669.jpg\" \/>\n\t<meta property=\"og:image:width\" content=\"1200\" \/>\n\t<meta property=\"og:image:height\" content=\"900\" \/>\n\t<meta property=\"og:image:type\" content=\"image\/jpeg\" \/>\n<meta name=\"author\" content=\"elli\" \/>\n<meta name=\"twitter:card\" content=\"summary_large_image\" \/>\n<meta name=\"twitter:creator\" content=\"@elli\" \/>\n<script type=\"application\/ld+json\" class=\"yoast-schema-graph\">{\"@context\":\"https:\\\/\\\/schema.org\",\"@graph\":[{\"@type\":\"Article\",\"@id\":\"https:\\\/\\\/www.meydan.tv\\\/az\\\/article\\\/bolgelerde-suvarma-derdi\\\/#article\",\"isPartOf\":{\"@id\":\"https:\\\/\\\/www.meydan.tv\\\/az\\\/article\\\/bolgelerde-suvarma-derdi\\\/\"},\"author\":{\"name\":\"elli\",\"@id\":\"https:\\\/\\\/www.meydan.tv\\\/az\\\/#\\\/schema\\\/person\\\/9cdbecf90d17180ce1dfbd95b08dcf47\"},\"headline\":\"B\u00f6lg\u0259l\u0259rd\u0259 suvarma d\u0259rdi\",\"datePublished\":\"2022-08-30T10:48:54+00:00\",\"dateModified\":\"2022-08-30T10:48:56+00:00\",\"mainEntityOfPage\":{\"@id\":\"https:\\\/\\\/www.meydan.tv\\\/az\\\/article\\\/bolgelerde-suvarma-derdi\\\/\"},\"wordCount\":1520,\"publisher\":{\"@id\":\"https:\\\/\\\/www.meydan.tv\\\/az\\\/#organization\"},\"image\":{\"@id\":\"https:\\\/\\\/www.meydan.tv\\\/az\\\/article\\\/bolgelerde-suvarma-derdi\\\/#primaryimage\"},\"thumbnailUrl\":\"https:\\\/\\\/www.meydan.tv\\\/wp-content\\\/uploads\\\/1595567434407635519_1000x669.jpg\",\"articleSection\":[\"B\u00f6lg\u0259\",\"T\u00f6vsiy\u0259\",\"X\u0259b\u0259rl\u0259r\"],\"inLanguage\":\"az\"},{\"@type\":\"WebPage\",\"@id\":\"https:\\\/\\\/www.meydan.tv\\\/az\\\/article\\\/bolgelerde-suvarma-derdi\\\/\",\"url\":\"https:\\\/\\\/www.meydan.tv\\\/az\\\/article\\\/bolgelerde-suvarma-derdi\\\/\",\"name\":\"B\u00f6lg\u0259l\u0259rd\u0259 suvarma d\u0259rdi - MEYDAN.TV\",\"isPartOf\":{\"@id\":\"https:\\\/\\\/www.meydan.tv\\\/az\\\/#website\"},\"primaryImageOfPage\":{\"@id\":\"https:\\\/\\\/www.meydan.tv\\\/az\\\/article\\\/bolgelerde-suvarma-derdi\\\/#primaryimage\"},\"image\":{\"@id\":\"https:\\\/\\\/www.meydan.tv\\\/az\\\/article\\\/bolgelerde-suvarma-derdi\\\/#primaryimage\"},\"thumbnailUrl\":\"https:\\\/\\\/www.meydan.tv\\\/wp-content\\\/uploads\\\/1595567434407635519_1000x669.jpg\",\"datePublished\":\"2022-08-30T10:48:54+00:00\",\"dateModified\":\"2022-08-30T10:48:56+00:00\",\"breadcrumb\":{\"@id\":\"https:\\\/\\\/www.meydan.tv\\\/az\\\/article\\\/bolgelerde-suvarma-derdi\\\/#breadcrumb\"},\"inLanguage\":\"az\",\"potentialAction\":[{\"@type\":\"ReadAction\",\"target\":[\"https:\\\/\\\/www.meydan.tv\\\/az\\\/article\\\/bolgelerde-suvarma-derdi\\\/\"]}]},{\"@type\":\"ImageObject\",\"inLanguage\":\"az\",\"@id\":\"https:\\\/\\\/www.meydan.tv\\\/az\\\/article\\\/bolgelerde-suvarma-derdi\\\/#primaryimage\",\"url\":\"https:\\\/\\\/www.meydan.tv\\\/wp-content\\\/uploads\\\/1595567434407635519_1000x669.jpg\",\"contentUrl\":\"https:\\\/\\\/www.meydan.tv\\\/wp-content\\\/uploads\\\/1595567434407635519_1000x669.jpg\",\"width\":1200,\"height\":900,\"caption\":\"Suvarma, su \u00e7at\u0131\u015fmazl\u0131\u011f\u0131. Foto: Az\u0259rtac\"},{\"@type\":\"BreadcrumbList\",\"@id\":\"https:\\\/\\\/www.meydan.tv\\\/az\\\/article\\\/bolgelerde-suvarma-derdi\\\/#breadcrumb\",\"itemListElement\":[{\"@type\":\"ListItem\",\"position\":1,\"name\":\"Ana s\u0259hif\u0259\",\"item\":\"https:\\\/\\\/www.meydan.tv\\\/az\\\/\"},{\"@type\":\"ListItem\",\"position\":2,\"name\":\"B\u00f6lg\u0259\",\"item\":\"https:\\\/\\\/www.meydan.tv\\\/az\\\/section\\\/bolge\\\/\"},{\"@type\":\"ListItem\",\"position\":3,\"name\":\"B\u00f6lg\u0259l\u0259rd\u0259 suvarma d\u0259rdi\"}]},{\"@type\":\"WebSite\",\"@id\":\"https:\\\/\\\/www.meydan.tv\\\/az\\\/#website\",\"url\":\"https:\\\/\\\/www.meydan.tv\\\/az\\\/\",\"name\":\"MEYDAN.TV\",\"description\":\"Meydan TV Az\u0259rbaycan\u0131n media m\u0259kan\u0131ndak\u0131 alternativ s\u0259sidir\",\"publisher\":{\"@id\":\"https:\\\/\\\/www.meydan.tv\\\/az\\\/#organization\"},\"potentialAction\":[{\"@type\":\"SearchAction\",\"target\":{\"@type\":\"EntryPoint\",\"urlTemplate\":\"https:\\\/\\\/www.meydan.tv\\\/az\\\/?s={search_term_string}\"},\"query-input\":{\"@type\":\"PropertyValueSpecification\",\"valueRequired\":true,\"valueName\":\"search_term_string\"}}],\"inLanguage\":\"az\"},{\"@type\":\"Organization\",\"@id\":\"https:\\\/\\\/www.meydan.tv\\\/az\\\/#organization\",\"name\":\"Meydan TV\",\"url\":\"https:\\\/\\\/www.meydan.tv\\\/az\\\/\",\"logo\":{\"@type\":\"ImageObject\",\"inLanguage\":\"az\",\"@id\":\"https:\\\/\\\/www.meydan.tv\\\/az\\\/#\\\/schema\\\/logo\\\/image\\\/\",\"url\":\"https:\\\/\\\/www.meydan.tv\\\/wp-content\\\/uploads\\\/2021\\\/07\\\/meydan-logo.svg\",\"contentUrl\":\"https:\\\/\\\/www.meydan.tv\\\/wp-content\\\/uploads\\\/2021\\\/07\\\/meydan-logo.svg\",\"width\":195,\"height\":46,\"caption\":\"Meydan TV\"},\"image\":{\"@id\":\"https:\\\/\\\/www.meydan.tv\\\/az\\\/#\\\/schema\\\/logo\\\/image\\\/\"}},{\"@type\":\"Person\",\"@id\":\"https:\\\/\\\/www.meydan.tv\\\/az\\\/#\\\/schema\\\/person\\\/9cdbecf90d17180ce1dfbd95b08dcf47\",\"name\":\"elli\",\"sameAs\":[\"https:\\\/\\\/x.com\\\/elli\"]}]}<\/script>\n<!-- \/ Yoast SEO plugin. -->","yoast_head_json":{"title":"B\u00f6lg\u0259l\u0259rd\u0259 suvarma d\u0259rdi - MEYDAN.TV","robots":{"index":"index","follow":"follow","max-snippet":"max-snippet:-1","max-image-preview":"max-image-preview:large","max-video-preview":"max-video-preview:-1"},"canonical":"https:\/\/www.meydan.tv\/az\/article\/bolgelerde-suvarma-derdi\/","og_locale":"az_AZ","og_type":"article","og_title":"B\u00f6lg\u0259l\u0259rd\u0259 suvarma d\u0259rdi - MEYDAN.TV","og_description":"Ekspertin fikrinc\u0259, \u00f6lk\u0259d\u0259ki su resurslar\u0131ndan s\u0259m\u0259r\u0259li istifad\u0259 olunmur \u201c70 hektar ... Davam\u0131","og_url":"https:\/\/www.meydan.tv\/az\/article\/bolgelerde-suvarma-derdi\/","og_site_name":"MEYDAN.TV","article_published_time":"2022-08-30T10:48:54+00:00","article_modified_time":"2022-08-30T10:48:56+00:00","og_image":[{"width":1200,"height":900,"url":"https:\/\/www.meydan.tv\/wp-content\/uploads\/1595567434407635519_1000x669.jpg","type":"image\/jpeg"}],"author":"elli","twitter_card":"summary_large_image","twitter_creator":"@elli","schema":{"@context":"https:\/\/schema.org","@graph":[{"@type":"Article","@id":"https:\/\/www.meydan.tv\/az\/article\/bolgelerde-suvarma-derdi\/#article","isPartOf":{"@id":"https:\/\/www.meydan.tv\/az\/article\/bolgelerde-suvarma-derdi\/"},"author":{"name":"elli","@id":"https:\/\/www.meydan.tv\/az\/#\/schema\/person\/9cdbecf90d17180ce1dfbd95b08dcf47"},"headline":"B\u00f6lg\u0259l\u0259rd\u0259 suvarma d\u0259rdi","datePublished":"2022-08-30T10:48:54+00:00","dateModified":"2022-08-30T10:48:56+00:00","mainEntityOfPage":{"@id":"https:\/\/www.meydan.tv\/az\/article\/bolgelerde-suvarma-derdi\/"},"wordCount":1520,"publisher":{"@id":"https:\/\/www.meydan.tv\/az\/#organization"},"image":{"@id":"https:\/\/www.meydan.tv\/az\/article\/bolgelerde-suvarma-derdi\/#primaryimage"},"thumbnailUrl":"https:\/\/www.meydan.tv\/wp-content\/uploads\/1595567434407635519_1000x669.jpg","articleSection":["B\u00f6lg\u0259","T\u00f6vsiy\u0259","X\u0259b\u0259rl\u0259r"],"inLanguage":"az"},{"@type":"WebPage","@id":"https:\/\/www.meydan.tv\/az\/article\/bolgelerde-suvarma-derdi\/","url":"https:\/\/www.meydan.tv\/az\/article\/bolgelerde-suvarma-derdi\/","name":"B\u00f6lg\u0259l\u0259rd\u0259 suvarma d\u0259rdi - MEYDAN.TV","isPartOf":{"@id":"https:\/\/www.meydan.tv\/az\/#website"},"primaryImageOfPage":{"@id":"https:\/\/www.meydan.tv\/az\/article\/bolgelerde-suvarma-derdi\/#primaryimage"},"image":{"@id":"https:\/\/www.meydan.tv\/az\/article\/bolgelerde-suvarma-derdi\/#primaryimage"},"thumbnailUrl":"https:\/\/www.meydan.tv\/wp-content\/uploads\/1595567434407635519_1000x669.jpg","datePublished":"2022-08-30T10:48:54+00:00","dateModified":"2022-08-30T10:48:56+00:00","breadcrumb":{"@id":"https:\/\/www.meydan.tv\/az\/article\/bolgelerde-suvarma-derdi\/#breadcrumb"},"inLanguage":"az","potentialAction":[{"@type":"ReadAction","target":["https:\/\/www.meydan.tv\/az\/article\/bolgelerde-suvarma-derdi\/"]}]},{"@type":"ImageObject","inLanguage":"az","@id":"https:\/\/www.meydan.tv\/az\/article\/bolgelerde-suvarma-derdi\/#primaryimage","url":"https:\/\/www.meydan.tv\/wp-content\/uploads\/1595567434407635519_1000x669.jpg","contentUrl":"https:\/\/www.meydan.tv\/wp-content\/uploads\/1595567434407635519_1000x669.jpg","width":1200,"height":900,"caption":"Suvarma, su \u00e7at\u0131\u015fmazl\u0131\u011f\u0131. Foto: Az\u0259rtac"},{"@type":"BreadcrumbList","@id":"https:\/\/www.meydan.tv\/az\/article\/bolgelerde-suvarma-derdi\/#breadcrumb","itemListElement":[{"@type":"ListItem","position":1,"name":"Ana s\u0259hif\u0259","item":"https:\/\/www.meydan.tv\/az\/"},{"@type":"ListItem","position":2,"name":"B\u00f6lg\u0259","item":"https:\/\/www.meydan.tv\/az\/section\/bolge\/"},{"@type":"ListItem","position":3,"name":"B\u00f6lg\u0259l\u0259rd\u0259 suvarma d\u0259rdi"}]},{"@type":"WebSite","@id":"https:\/\/www.meydan.tv\/az\/#website","url":"https:\/\/www.meydan.tv\/az\/","name":"MEYDAN.TV","description":"Meydan TV Az\u0259rbaycan\u0131n media m\u0259kan\u0131ndak\u0131 alternativ s\u0259sidir","publisher":{"@id":"https:\/\/www.meydan.tv\/az\/#organization"},"potentialAction":[{"@type":"SearchAction","target":{"@type":"EntryPoint","urlTemplate":"https:\/\/www.meydan.tv\/az\/?s={search_term_string}"},"query-input":{"@type":"PropertyValueSpecification","valueRequired":true,"valueName":"search_term_string"}}],"inLanguage":"az"},{"@type":"Organization","@id":"https:\/\/www.meydan.tv\/az\/#organization","name":"Meydan TV","url":"https:\/\/www.meydan.tv\/az\/","logo":{"@type":"ImageObject","inLanguage":"az","@id":"https:\/\/www.meydan.tv\/az\/#\/schema\/logo\/image\/","url":"https:\/\/www.meydan.tv\/wp-content\/uploads\/2021\/07\/meydan-logo.svg","contentUrl":"https:\/\/www.meydan.tv\/wp-content\/uploads\/2021\/07\/meydan-logo.svg","width":195,"height":46,"caption":"Meydan TV"},"image":{"@id":"https:\/\/www.meydan.tv\/az\/#\/schema\/logo\/image\/"}},{"@type":"Person","@id":"https:\/\/www.meydan.tv\/az\/#\/schema\/person\/9cdbecf90d17180ce1dfbd95b08dcf47","name":"elli","sameAs":["https:\/\/x.com\/elli"]}]}},"_links":{"self":[{"href":"https:\/\/www.meydan.tv\/az\/wp-json\/wp\/v2\/posts\/254469","targetHints":{"allow":["GET"]}}],"collection":[{"href":"https:\/\/www.meydan.tv\/az\/wp-json\/wp\/v2\/posts"}],"about":[{"href":"https:\/\/www.meydan.tv\/az\/wp-json\/wp\/v2\/types\/post"}],"author":[{"embeddable":true,"href":"https:\/\/www.meydan.tv\/az\/wp-json\/wp\/v2\/users\/8"}],"replies":[{"embeddable":true,"href":"https:\/\/www.meydan.tv\/az\/wp-json\/wp\/v2\/comments?post=254469"}],"version-history":[{"count":1,"href":"https:\/\/www.meydan.tv\/az\/wp-json\/wp\/v2\/posts\/254469\/revisions"}],"predecessor-version":[{"id":254476,"href":"https:\/\/www.meydan.tv\/az\/wp-json\/wp\/v2\/posts\/254469\/revisions\/254476"}],"wp:featuredmedia":[{"embeddable":true,"href":"https:\/\/www.meydan.tv\/az\/wp-json\/wp\/v2\/media\/254473"}],"wp:attachment":[{"href":"https:\/\/www.meydan.tv\/az\/wp-json\/wp\/v2\/media?parent=254469"}],"wp:term":[{"taxonomy":"category","embeddable":true,"href":"https:\/\/www.meydan.tv\/az\/wp-json\/wp\/v2\/categories?post=254469"},{"taxonomy":"post_tag","embeddable":true,"href":"https:\/\/www.meydan.tv\/az\/wp-json\/wp\/v2\/tags?post=254469"}],"curies":[{"name":"wp","href":"https:\/\/api.w.org\/{rel}","templated":true}]}}