{"id":254446,"date":"2022-08-30T13:45:45","date_gmt":"2022-08-30T09:45:45","guid":{"rendered":"https:\/\/www.meydan.tv\/?p=254446"},"modified":"2022-08-30T13:46:40","modified_gmt":"2022-08-30T09:46:40","slug":"quba-sakini-buna-islemek-yox-istismar-edilmek-deyerler","status":"publish","type":"post","link":"https:\/\/www.meydan.tv\/az\/article\/quba-sakini-buna-islemek-yox-istismar-edilmek-deyerler\/","title":{"rendered":"Quba sakini: \u201cBuna \u201ci\u015fl\u0259m\u0259k\u201d yox, \u201cistismar edilm\u0259k\u201d dey\u0259rl\u0259r\u201d"},"content":{"rendered":"\n<p><\/p>\n\n\n\n<p><em>Murad \u018fliyev qanunsuzluqlara etiraz\u0131ma g\u00f6r\u0259 i\u015fd\u0259n \u00e7\u0131xar\u0131ld\u0131\u011f\u0131n\u0131 deyir<\/em><\/p>\n\n\n\n<p>Quba rayonunun Alekseyevka k\u0259nd sakini Murad \u018fliyev deyir ki, \u00e7al\u0131\u015fd\u0131\u011f\u0131 yerd\u0259 \u0259m\u0259kda\u015flara qar\u015f\u0131 haqs\u0131zl\u0131qlara, yeyintil\u0259r\u0259 etiraz etdiyin\u0259 g\u00f6r\u0259 \u00f6z\u00fcn\u00fc i\u015fd\u0259n \u00e7\u0131xar\u0131blar. Ba\u015f ver\u0259nl\u0259rl\u0259 ba\u011fl\u0131 D\u00f6vl\u0259t \u018fm\u0259k M\u00fcf\u0259tti\u015fliyi Xidm\u0259tin\u0259, m\u0259hk\u0259m\u0259l\u0259r\u0259 edil\u0259n m\u00fcraci\u0259tl\u0259rin d\u0259 faydas\u0131 olmay\u0131b. Haz\u0131rk\u0131 n\u0259tic\u0259 is\u0259 budur ki, o, dolan\u0131\u015f\u0131\u011f\u0131n\u0131 t\u0259min etm\u0259kd\u0259, \u00f6vladlar\u0131na g\u00f6r\u0259 aliment \u00f6d\u0259ni\u015find\u0259 \u00e7\u0259tinlik \u00e7\u0259kir. H\u0259tta buna g\u00f6r\u0259 bir m\u00fcdd\u0259t \u0259vv\u0259l inzibati qaydada h\u0259bs olunub.<\/p>\n\n\n\n<p><strong>\u201cH\u0259ft\u0259d\u0259 50-60 saat i\u015fl\u0259dirdil\u0259r, s\u00fcbutlar\u0131m var\u201d<\/strong><\/p>\n\n\n\n<p>Murad \u018fliyev Qubada \u201cF\u0259sil Turizm\u201d MMC-y\u0259 m\u0259xsus \u201cQuba Palace\u201d oteld\u0259 qolf m\u00fct\u0259x\u0259ssisi i\u015fl\u0259yib. Onun s\u00f6zl\u0259rin\u0259 g\u00f6r\u0259, 2016-c\u0131 ild\u0259n \u00e7al\u0131\u015fd\u0131\u011f\u0131 bu i\u015f yerind\u0259n 2020-ci ild\u0259 \u00e7\u0131xar\u0131l\u0131b:<\/p>\n\n\n\n<p>\u201cOrada m\u0259n d\u0259 daxil olmaqla, i\u015f\u00e7il\u0259ri s\u00f6z\u00fcn \u0259sl m\u0259nas\u0131nda istismar edirdil\u0259r. Aliment \u00f6hd\u0259liyim vard\u0131, ona g\u00f6r\u0259 d\u00f6z\u00fcrd\u00fcm. \u018fvv\u0259ll\u0259r T\u00fcrkiy\u0259 v\u0259t\u0259nda\u015f\u0131 olan bir n\u0259f\u0259r n\u0259zar\u0259t\u00e7i vard\u0131, onun d\u00f6vr\u00fcnd\u0259 yax\u015f\u0131 idi. Sonradan el\u0259 bir v\u0259ziyy\u0259t yaratd\u0131lar ki, o, i\u015fl\u0259m\u0259k ist\u0259m\u0259di. Ondan \u0259vv\u0259l n\u0259zar\u0259t el\u0259mi\u015f \u015f\u0259xsi yenid\u0259n g\u0259tirdil\u0259r. Yen\u0259 ba\u015flad\u0131 i\u015f\u00e7il\u0259ri q\u0131\u015fda ixtisar el\u0259yib, pullar\u0131n\u0131 verm\u0259m\u0259y\u0259, adamlar\u0131 qat-qat \u00e7ox i\u015fl\u0259tm\u0259y\u0259 v\u0259 s. T\u00fcrkiy\u0259linin d\u00f6vr\u00fcnd\u0259 o ba\u015fa d\u00fc\u015f\u00fcrd\u00fc ki, adamlar\u0131 bir par\u00e7a \u00e7\u00f6r\u0259kl\u0259 s\u0131na\u011fa \u00e7\u0259km\u0259k olmaz. Ona g\u00f6r\u0259 q\u0131\u015fda \u00e7\u0131xarm\u0131rd\u0131\u201d.<\/p>\n\n\n\n<p>\u015eikay\u0259t\u00e7i deyir ki, s\u0259n\u0259d \u00fcz\u0259rind\u0259 h\u0259r g\u00fcn\u0259 8 saatdan \u00e7ox olmamaq \u015f\u0259rtil\u0259, h\u0259ft\u0259d\u0259 5 g\u00fcn i\u015f rejimi m\u00fc\u0259yy\u0259nl\u0259\u015fdirils\u0259 d\u0259, reall\u0131qda i\u015f\u00e7il\u0259ri, o c\u00fcml\u0259d\u0259n onun \u00f6z\u00fcn\u00fc h\u0259ft\u0259y\u0259 50-60 saat i\u015fl\u0259dirdil\u0259r. H\u0259ft\u0259nin \u015f\u0259nb\u0259, b\u0259z\u0259n bazar v\u0259 bayram g\u00fcnl\u0259rind\u0259 d\u0259 i\u015f\u0259 \u00e7a\u011f\u0131r\u0131rd\u0131lar:<\/p>\n\n\n\n<p>\u201cR\u0259hb\u0259rliy\u0259 iradlar\u0131m\u0131 \u00e7atd\u0131rd\u0131m. S\u00f6zl\u0259ri bel\u0259 oldu ki, bu \u015f\u0259rtl\u0259rl\u0259 i\u015fl\u0259m\u0259lisiniz. M\u0259n d\u0259 fikrimd\u0259n d\u00f6nm\u0259dim\u2026\u201d<\/p>\n\n\n\n<p><strong>\u201cM\u0259hk\u0259m\u0259y\u0259 16 n\u0259f\u0259rin imzalad\u0131\u011f\u0131 c\u0259dv\u0259l t\u0259qdim el\u0259dim, \u0259h\u0259miyy\u0259t verm\u0259di\u201d<\/strong><\/p>\n\n\n\n<p>Murad \u018fliyev el\u0259 i\u015fl\u0259y\u0259-i\u015fl\u0259y\u0259 Quba Rayon M\u0259hk\u0259m\u0259sin\u0259 \u00fcz tutub, \u0259m\u0259k h\u00fcquqlar\u0131n\u0131n pozulmas\u0131 bar\u0259d\u0259 iddia qald\u0131r\u0131b. M\u0259hk\u0259m\u0259y\u0259 m\u00fcraci\u0259tind\u0259n az sonra is\u0259 i\u015fd\u0259n \u00e7\u0131xar\u0131l\u0131b:<\/p>\n\n\n\n<p>\u201c27 noyabr 2020-ci ild\u0259 m\u0259hk\u0259m\u0259d\u0259 iddia qald\u0131rd\u0131m, 7 dekabrda i\u015fd\u0259n \u00e7\u0131xar\u0131ld\u0131m\u2026\u201d<\/p>\n\n\n\n<p>Quba Rayon M\u0259hk\u0259m\u0259si d\u0259 onun iddias\u0131n\u0131 t\u0259min etm\u0259yib. Murad \u018fliyev deyir ki, h\u0259r\u00e7\u0259nd, m\u0259hk\u0259m\u0259y\u0259 \u0259m\u0259k h\u00fcquqlar\u0131n\u0131n pozuldu\u011funu, art\u0131q i\u015fl\u0259dildiyini t\u0259sdiql\u0259y\u0259n konkret s\u00fcbutlar t\u0259qdim el\u0259mi\u015fdi:<\/p>\n\n\n\n<p>\u201c\u0130\u015f\u0259 n\u0259 vaxt g\u0259lib-getdiyimi g\u00f6st\u0259r\u0259n, 16 n\u0259f\u0259rin imzalad\u0131\u011f\u0131 c\u0259dv\u0259li t\u0259qdim el\u0259mi\u015fdim. Oradan g\u00f6r\u00fcn\u00fcrd\u00fc ki, m\u0259n h\u0259ft\u0259d\u0259 n\u0259 q\u0259d\u0259r i\u015fl\u0259dilmi\u015f\u0259m. Buna \u201ci\u015fl\u0259m\u0259k\u201d yox, \u201cistismar edilm\u0259k\u201d dey\u0259rl\u0259r. G\u00f6r\u00fcn\u00fcr, m\u0259hk\u0259m\u0259 \u00fc\u00e7\u00fcn m\u0259nim s\u00fcbutlar\u0131m maraql\u0131 deyildi. \u0130ddiam\u0131 t\u0259min el\u0259m\u0259di. Apelyasiya m\u0259hk\u0259m\u0259si d\u0259 bu q\u0259rar\u0131 q\u00fcvv\u0259d\u0259 saxlad\u0131. Ayd\u0131n m\u0259s\u0259l\u0259dir ki, o otelin sahibi hara, m\u0259n hara\u2026\u201d.<\/p>\n\n\n\n<p>Murad \u018fliyev sonradan D\u00f6vl\u0259t \u018fm\u0259k M\u00fcf\u0259tti\u015fliyi Xidm\u0259ti v\u0259 D\u00f6vl\u0259t M\u0259\u015f\u011fulluq Agentliyin\u0259 qar\u015f\u0131 da m\u0259hk\u0259m\u0259d\u0259 iddialar qald\u0131r\u0131b. O, h\u0259r iki qurumdan kompensasiya t\u0259l\u0259b edir.<\/p>\n\n\n\n<p><strong>\u201c\u018fm\u0259k M\u00fcf\u0259tti\u015fliyi qanunsuzluqlara g\u00f6z yumdu, saxta r\u0259y verdi\u201d<\/strong><\/p>\n\n\n\n<p>\u015eikay\u0259t\u00e7i h\u0259l\u0259 2020-ci ild\u0259 D\u00f6vl\u0259t \u018fm\u0259k M\u00fcf\u0259tti\u015fliyi Xidm\u0259tin\u0259 d\u0259 m\u00fcraci\u0259t edib. Deyir ki, \u0259m\u0259k h\u00fcquqlar\u0131n\u0131n pozulmas\u0131yla ba\u011fl\u0131 faktlar\u0131 bu quruma t\u0259qdim edib. Lakin son n\u0259tic\u0259d\u0259 ona cavab verilib ki, \u015fikay\u0259tl\u0259ndiyi hallar ara\u015fd\u0131rma zaman\u0131 a\u015fkarlanmad\u0131:<\/p>\n\n\n\n<p>\u201cT\u0259\u0259ss\u00fcf ki, bu qurum obyektiv ola bilm\u0259di, qar\u015f\u0131 t\u0259r\u0259fin maraqlar\u0131n\u0131 m\u00fcdafi\u0259 el\u0259di, t\u0259qdim el\u0259diyim faktlar\u0131 g\u00f6rm\u0259zd\u0259n g\u0259ldi. \u018flbir olub real faktlar\u0131 gizl\u0259tdil\u0259r. N\u0259tic\u0259d\u0259 d\u0259 saxta r\u0259y verildi. Bununla da m\u0259nim h\u00fcquqlar\u0131m\u0131 pozmu\u015f oldu\u201d.<\/p>\n\n\n<div class=\"wp-block-image\">\n<figure class=\"alignright size-large is-resized\"><img decoding=\"async\" data-src=\"https:\/\/www.meydan.tv\/wp-content\/uploads\/photo-2022-08-30-09-46-41-1-614x821.jpg\" alt=\"\" class=\"wp-image-254440 lazyload\" width=\"348\" height=\"465\" src=\"data:image\/svg+xml;base64,PHN2ZyB3aWR0aD0iMSIgaGVpZ2h0PSIxIiB4bWxucz0iaHR0cDovL3d3dy53My5vcmcvMjAwMC9zdmciPjwvc3ZnPg==\" style=\"--smush-placeholder-width: 348px; --smush-placeholder-aspect-ratio: 348\/465;\" \/><\/figure>\n<\/div>\n\n\n<p>Murad \u018fliyev i\u015fd\u0259n \u00e7\u0131xar\u0131landan az sonra \u2013 3 yanvar 2021-ci ild\u0259 D\u00f6vl\u0259t M\u0259\u015f\u011fulluq Agentliyind\u0259 \u201ci\u015f axtaran v\u0259t\u0259nda\u015f\u201d kimi qeydiyyata g\u00f6t\u00fcr\u00fcl\u00fcb. H\u0259m\u00e7inin \u201cD\u00f6vl\u0259t \u00d6z\u00fcn\u00fcm\u0259\u015f\u011fulluq Proqram\u0131na c\u0259lb edilm\u0259k \u00fc\u00e7\u00fcn m\u00fcraci\u0259t edib.<\/p>\n\n\n\n<p>O, h\u0259min \u0259r\u0259f\u0259d\u0259 \u018fm\u0259k v\u0259 \u018fhalinin Sosial M\u00fcdafi\u0259si Nazirliyin\u0259 v\u0259 nazirliyin tabeliyind\u0259 olan, \u0259m\u0259k f\u0259aliyy\u0259til\u0259 ba\u011fl\u0131 m\u00fcxt\u0259lif qurumlara m\u00fcraci\u0259t ed\u0259r\u0259k, aliment \u00f6hd\u0259liyi oldu\u011funu vur\u011fulay\u0131b, t\u0259cili i\u015f tapmaqda yard\u0131m ist\u0259yib:<\/p>\n\n\n\n<p>\u201cM\u00fcxt\u0259lif instansiyalara m\u00fcraci\u0259t etmi\u015fdim. \u0130\u015fl\u0259 yana\u015f\u0131, h\u0259m d\u0259 i\u015fsizliy\u0259 g\u00f6r\u0259 \u0259m\u0259k s\u0131\u011fortas\u0131 il\u0259 t\u0259min olunma\u011f\u0131m\u0131 ist\u0259mi\u015fdim. \u00c7\u00fcnki \u201cF\u0259sil Turizm\u201d MMC-d\u0259 5 il\u0259 yax\u0131n f\u0259aliyy\u0259tim vard\u0131, m\u0259n\u0259 d\u00fc\u015f\u00fcrd\u00fc. Amma 23 iyun 2021-ci il tarixli m\u0259ktubla m\u0259n\u0259 imtina cavab\u0131 verildi. \u015eirk\u0259td\u0259n s\u0259n\u0259d vermi\u015fdil\u0259r ki, guya m\u0259n 2018-ci ild\u0259n orada i\u015fl\u0259mi\u015f\u0259m. Halbuki, bu yaland\u0131r. Aliment m\u0259s\u0259l\u0259sil\u0259 ba\u011fl\u0131 \u0130cra v\u0259 Probasiya \u015f\u00f6b\u0259sin\u0259 veril\u0259n m\u0259ktubda is\u0259 2016-c\u0131 ild\u0259n i\u015fl\u0259diyimi yaz\u0131blar. Eyni \u015firk\u0259t h\u0259r m\u0259ktubda bir c\u00fcr yaz\u0131r\u201d.<\/p>\n\n\n\n<p><strong>\u201cN\u0259 q\u0259d\u0259r \u0259ziyy\u0259tim, vaxt\u0131m getdi\u2026\u201d<\/strong><\/p>\n\n\n\n<p>Murad \u018fliyevin davaml\u0131 m\u00fcraci\u0259tl\u0259rind\u0259n sonra D\u00f6vl\u0259t M\u0259\u015f\u011fulluq Agentliyind\u0259n ona t\u0259s\u0259rr\u00fcfatla m\u0259\u015f\u011ful olmaq \u00fc\u00e7\u00fcn ar\u0131 ail\u0259si veribl\u0259r. \u015eikay\u0259t\u00e7i deyir ki, ar\u0131lar t\u0259s\u0259rr\u00fcfat \u00fc\u00e7\u00fcn yarars\u0131z olub v\u0259 bu bar\u0259d\u0259 d\u0259rhal agentliyin m\u0259sul \u015f\u0259xsl\u0259rini m\u0259lumatland\u0131r\u0131b, onlardan g\u0259lib yerind\u0259 bax\u0131\u015f ke\u00e7irm\u0259l\u0259rini ist\u0259yib:<\/p>\n\n\n\n<p>\u201c27 sentyabrda Agentliyin 9 sayl\u0131 Quba M\u0259\u015f\u011fulluq filial\u0131na \u0259riz\u0259 verdim ki, m\u0259n\u0259 veril\u0259n ar\u0131 p\u0259t\u0259kl\u0259ri yarars\u0131zd\u0131r, bax\u0131\u015f ke\u00e7irilm\u0259sini ist\u0259dim. R\u0259smi cavab verm\u0259dil\u0259r, \u015fifahi dedil\u0259r ki, ar\u0131\u00e7\u0131 baytar t\u0259r\u0259find\u0259n r\u0259y verilm\u0259sini \u00f6z\u00fcm t\u0259\u015fkil el\u0259m\u0259liy\u0259m. Sonradan m\u0259lum oldu ki, \u015fimal b\u00f6lg\u0259sind\u0259 \u00fcmumiyy\u0259tl\u0259, bel\u0259 bir ar\u0131\u00e7\u0131 baytar yoxdur. K\u0259nd T\u0259s\u0259rr\u00fcfat\u0131 Nazirliyin\u0259 m\u00fcraci\u0259t el\u0259dim. Uzun s\u00fcr\u00fcnd\u00fcrm\u0259\u00e7ilikd\u0259n sonra onlar g\u0259lib bax\u0131b r\u0259y verdil\u0259r. Bu m\u00fcdd\u0259td\u0259 n\u0259 q\u0259d\u0259r \u0259ziyy\u0259tim, vaxt\u0131m getdi, v\u0259sait x\u0259rcl\u0259dim\u2026\u201d<\/p>\n\n\n\n<p>Murad \u018fliyevin h\u0259m D\u00f6vl\u0259t \u018fm\u0259k M\u00fcf\u0259tti\u015fliyi Xidm\u0259tin\u0259, h\u0259m d\u0259 D\u00f6vl\u0259t M\u0259\u015f\u011fulluq Agentliyin\u0259 qar\u015f\u0131 iddialar\u0131na Sumqay\u0131t \u0130nzibati M\u0259hk\u0259m\u0259sind\u0259 bax\u0131l\u0131r. O, D\u00f6vl\u0259t \u018fm\u0259k M\u00fcf\u0259tti\u015fliyi Xidm\u0259tind\u0259n 191 min, M\u0259\u015f\u011fulluq Agentliyind\u0259n is\u0259 10 min manat kompensasiya, 15 \u0259d\u0259d d\u0259 \u201cA\u011f\u0131ll\u0131 ar\u0131 p\u0259t\u0259yi\u201d ar\u0131 ail\u0259sil\u0259 t\u0259min olunmas\u0131n\u0131 ist\u0259yir.<\/p>\n\n\n\n<p><strong>D\u00f6vl\u0259t orqanlar\u0131 n\u0259 deyir?<\/strong><\/p>\n\n\n\n<p>Lakin h\u0259r iki qurum onun iddialar\u0131n\u0131 \u0259sass\u0131z say\u0131r. D\u00f6vl\u0259t \u018fm\u0259k M\u00fcf\u0259tti\u015fliyi Xidm\u0259tind\u0259n bildirilib ki, Murad \u018fliyevin \u015fikay\u0259ti \u0259sas\u0131nda ara\u015fd\u0131rma apar\u0131l\u0131b, onun ayl\u0131q i\u015f vaxt\u0131 normas\u0131ndan art\u0131q i\u015fl\u0259dilm\u0259si, istismar olunmas\u0131yla ba\u011fl\u0131 hallar a\u015fkarlanmay\u0131b. He\u00e7 \u00f6z\u00fc d\u0259 bu bar\u0259d\u0259 s\u00fcbutlar t\u0259qdim etm\u0259yib.<\/p>\n\n\n\n<p>\u0130\u015fd\u0259n \u00e7\u0131xar\u0131lmas\u0131n\u0131n s\u0259b\u0259bi is\u0259 m\u00fcqavil\u0259 m\u00fcdd\u0259tinin bitm\u0259si v\u0259 pandemiya d\u00f6vr\u00fcnd\u0259 m\u00fcqavil\u0259nin uzad\u0131lmamas\u0131yla ba\u011fl\u0131 olub.<\/p>\n\n\n\n<p>\u201cMurad \u018fliyev D\u00f6vl\u0259t M\u0259\u015f\u011fulluq Agentliyi t\u0259r\u0259find\u0259n t\u0259liml\u0259r\u0259 c\u0259lb olunub. Qiym\u0259tl\u0259ndirm\u0259d\u0259n ke\u00e7ib, \u201c\u00f6z\u00fcn\u00fcm\u0259\u015f\u011fullu\u011fa c\u0259lb edilir\u201d q\u0259rar\u0131 verilib. 6 sentyabrda ona 20 ye\u015fik ar\u0131, bal s\u00fcz\u0259n avadanl\u0131q verilib. Onun indi d\u0259ymi\u015f ziyan\u0131n \u00f6d\u0259nilm\u0259sil\u0259 ba\u011fl\u0131 t\u0259l\u0259bi \u0259sass\u0131zd\u0131r, t\u0259min edilm\u0259si m\u00fcmk\u00fcn deyil\u201d, &#8211; bu is\u0259 D\u00f6vl\u0259t M\u0259\u015f\u011fulluq Agentliyinin cavab\u0131d\u0131r.<\/p>\n\n\n\n<p>Quba sakini il\u0259 d\u00f6vl\u0259t qurumlar\u0131 aras\u0131nda m\u0259hk\u0259m\u0259 \u00e7\u0259ki\u015fm\u0259l\u0259ri sentyabrda davam ed\u0259c\u0259k.<\/p>\n","protected":false},"excerpt":{"rendered":"<p>Murad \u018fliyev qanunsuzluqlara etiraz\u0131ma g\u00f6r\u0259 i\u015fd\u0259n \u00e7\u0131xar\u0131ld\u0131\u011f\u0131n\u0131 deyir Quba rayonunun &#8230; <\/p>\n<p class=\"read-more-container\"><a title=\"Quba sakini: \u201cBuna \u201ci\u015fl\u0259m\u0259k\u201d yox, \u201cistismar edilm\u0259k\u201d dey\u0259rl\u0259r\u201d\" class=\"read-more button\" href=\"https:\/\/www.meydan.tv\/az\/article\/quba-sakini-buna-islemek-yox-istismar-edilmek-deyerler\/#more-254446\" aria-label=\"Read more about Quba sakini: \u201cBuna \u201ci\u015fl\u0259m\u0259k\u201d yox, \u201cistismar edilm\u0259k\u201d dey\u0259rl\u0259r\u201d\">Davam\u0131<\/a><\/p>\n","protected":false},"author":8,"featured_media":254443,"comment_status":"closed","ping_status":"closed","sticky":false,"template":"","format":"standard","meta":{"_acf_changed":false,"_sitemap_exclude":false,"_sitemap_priority":"","_sitemap_frequency":"","footnotes":""},"categories":[60,79,56],"tags":[],"class_list":["post-254446","post","type-post","status-publish","format-standard","has-post-thumbnail","hentry","category-bolge","category-featured","category-xeberler","infinite-scroll-item","generate-columns","tablet-grid-50","mobile-grid-100","grid-parent","grid-33","no-featured-image-padding"],"acf":[],"yoast_head":"<!-- This site is optimized with the Yoast SEO plugin v27.5 - https:\/\/yoast.com\/product\/yoast-seo-wordpress\/ -->\n<title>Quba sakini: \u201cBuna \u201ci\u015fl\u0259m\u0259k\u201d yox, \u201cistismar edilm\u0259k\u201d dey\u0259rl\u0259r\u201d - MEYDAN.TV<\/title>\n<meta name=\"robots\" content=\"index, follow, max-snippet:-1, max-image-preview:large, max-video-preview:-1\" \/>\n<link rel=\"canonical\" href=\"https:\/\/www.meydan.tv\/az\/article\/quba-sakini-buna-islemek-yox-istismar-edilmek-deyerler\/\" \/>\n<meta property=\"og:locale\" content=\"az_AZ\" \/>\n<meta property=\"og:type\" content=\"article\" \/>\n<meta property=\"og:title\" content=\"Quba sakini: \u201cBuna \u201ci\u015fl\u0259m\u0259k\u201d yox, \u201cistismar edilm\u0259k\u201d dey\u0259rl\u0259r\u201d - MEYDAN.TV\" \/>\n<meta property=\"og:description\" content=\"Murad \u018fliyev qanunsuzluqlara etiraz\u0131ma g\u00f6r\u0259 i\u015fd\u0259n \u00e7\u0131xar\u0131ld\u0131\u011f\u0131n\u0131 deyir Quba rayonunun ... Davam\u0131\" \/>\n<meta property=\"og:url\" content=\"https:\/\/www.meydan.tv\/az\/article\/quba-sakini-buna-islemek-yox-istismar-edilmek-deyerler\/\" \/>\n<meta property=\"og:site_name\" content=\"MEYDAN.TV\" \/>\n<meta property=\"article:published_time\" content=\"2022-08-30T09:45:45+00:00\" \/>\n<meta property=\"article:modified_time\" content=\"2022-08-30T09:46:40+00:00\" \/>\n<meta property=\"og:image\" content=\"https:\/\/www.meydan.tv\/wp-content\/uploads\/photo-2022-08-30-09-46-41-e1661852793950.jpg\" \/>\n\t<meta property=\"og:image:width\" content=\"1200\" \/>\n\t<meta property=\"og:image:height\" content=\"630\" \/>\n\t<meta property=\"og:image:type\" content=\"image\/jpeg\" \/>\n<meta name=\"author\" content=\"elli\" \/>\n<meta name=\"twitter:card\" content=\"summary_large_image\" \/>\n<meta name=\"twitter:creator\" content=\"@elli\" \/>\n<script type=\"application\/ld+json\" class=\"yoast-schema-graph\">{\"@context\":\"https:\\\/\\\/schema.org\",\"@graph\":[{\"@type\":\"Article\",\"@id\":\"https:\\\/\\\/www.meydan.tv\\\/az\\\/article\\\/quba-sakini-buna-islemek-yox-istismar-edilmek-deyerler\\\/#article\",\"isPartOf\":{\"@id\":\"https:\\\/\\\/www.meydan.tv\\\/az\\\/article\\\/quba-sakini-buna-islemek-yox-istismar-edilmek-deyerler\\\/\"},\"author\":{\"name\":\"elli\",\"@id\":\"https:\\\/\\\/www.meydan.tv\\\/az\\\/#\\\/schema\\\/person\\\/9cdbecf90d17180ce1dfbd95b08dcf47\"},\"headline\":\"Quba sakini: \u201cBuna \u201ci\u015fl\u0259m\u0259k\u201d yox, \u201cistismar edilm\u0259k\u201d dey\u0259rl\u0259r\u201d\",\"datePublished\":\"2022-08-30T09:45:45+00:00\",\"dateModified\":\"2022-08-30T09:46:40+00:00\",\"mainEntityOfPage\":{\"@id\":\"https:\\\/\\\/www.meydan.tv\\\/az\\\/article\\\/quba-sakini-buna-islemek-yox-istismar-edilmek-deyerler\\\/\"},\"wordCount\":1546,\"publisher\":{\"@id\":\"https:\\\/\\\/www.meydan.tv\\\/az\\\/#organization\"},\"image\":{\"@id\":\"https:\\\/\\\/www.meydan.tv\\\/az\\\/article\\\/quba-sakini-buna-islemek-yox-istismar-edilmek-deyerler\\\/#primaryimage\"},\"thumbnailUrl\":\"https:\\\/\\\/www.meydan.tv\\\/wp-content\\\/uploads\\\/photo-2022-08-30-09-46-41-e1661852793950.jpg\",\"articleSection\":[\"B\u00f6lg\u0259\",\"T\u00f6vsiy\u0259\",\"X\u0259b\u0259rl\u0259r\"],\"inLanguage\":\"az\"},{\"@type\":\"WebPage\",\"@id\":\"https:\\\/\\\/www.meydan.tv\\\/az\\\/article\\\/quba-sakini-buna-islemek-yox-istismar-edilmek-deyerler\\\/\",\"url\":\"https:\\\/\\\/www.meydan.tv\\\/az\\\/article\\\/quba-sakini-buna-islemek-yox-istismar-edilmek-deyerler\\\/\",\"name\":\"Quba sakini: \u201cBuna \u201ci\u015fl\u0259m\u0259k\u201d yox, \u201cistismar edilm\u0259k\u201d dey\u0259rl\u0259r\u201d - MEYDAN.TV\",\"isPartOf\":{\"@id\":\"https:\\\/\\\/www.meydan.tv\\\/az\\\/#website\"},\"primaryImageOfPage\":{\"@id\":\"https:\\\/\\\/www.meydan.tv\\\/az\\\/article\\\/quba-sakini-buna-islemek-yox-istismar-edilmek-deyerler\\\/#primaryimage\"},\"image\":{\"@id\":\"https:\\\/\\\/www.meydan.tv\\\/az\\\/article\\\/quba-sakini-buna-islemek-yox-istismar-edilmek-deyerler\\\/#primaryimage\"},\"thumbnailUrl\":\"https:\\\/\\\/www.meydan.tv\\\/wp-content\\\/uploads\\\/photo-2022-08-30-09-46-41-e1661852793950.jpg\",\"datePublished\":\"2022-08-30T09:45:45+00:00\",\"dateModified\":\"2022-08-30T09:46:40+00:00\",\"breadcrumb\":{\"@id\":\"https:\\\/\\\/www.meydan.tv\\\/az\\\/article\\\/quba-sakini-buna-islemek-yox-istismar-edilmek-deyerler\\\/#breadcrumb\"},\"inLanguage\":\"az\",\"potentialAction\":[{\"@type\":\"ReadAction\",\"target\":[\"https:\\\/\\\/www.meydan.tv\\\/az\\\/article\\\/quba-sakini-buna-islemek-yox-istismar-edilmek-deyerler\\\/\"]}]},{\"@type\":\"ImageObject\",\"inLanguage\":\"az\",\"@id\":\"https:\\\/\\\/www.meydan.tv\\\/az\\\/article\\\/quba-sakini-buna-islemek-yox-istismar-edilmek-deyerler\\\/#primaryimage\",\"url\":\"https:\\\/\\\/www.meydan.tv\\\/wp-content\\\/uploads\\\/photo-2022-08-30-09-46-41-e1661852793950.jpg\",\"contentUrl\":\"https:\\\/\\\/www.meydan.tv\\\/wp-content\\\/uploads\\\/photo-2022-08-30-09-46-41-e1661852793950.jpg\",\"width\":1200,\"height\":630,\"caption\":\"Murad \u018fliyev. Foto: Meydan TV\"},{\"@type\":\"BreadcrumbList\",\"@id\":\"https:\\\/\\\/www.meydan.tv\\\/az\\\/article\\\/quba-sakini-buna-islemek-yox-istismar-edilmek-deyerler\\\/#breadcrumb\",\"itemListElement\":[{\"@type\":\"ListItem\",\"position\":1,\"name\":\"Ana s\u0259hif\u0259\",\"item\":\"https:\\\/\\\/www.meydan.tv\\\/az\\\/\"},{\"@type\":\"ListItem\",\"position\":2,\"name\":\"B\u00f6lg\u0259\",\"item\":\"https:\\\/\\\/www.meydan.tv\\\/az\\\/section\\\/bolge\\\/\"},{\"@type\":\"ListItem\",\"position\":3,\"name\":\"Quba sakini: \u201cBuna \u201ci\u015fl\u0259m\u0259k\u201d yox, \u201cistismar edilm\u0259k\u201d dey\u0259rl\u0259r\u201d\"}]},{\"@type\":\"WebSite\",\"@id\":\"https:\\\/\\\/www.meydan.tv\\\/az\\\/#website\",\"url\":\"https:\\\/\\\/www.meydan.tv\\\/az\\\/\",\"name\":\"MEYDAN.TV\",\"description\":\"Meydan TV Az\u0259rbaycan\u0131n media m\u0259kan\u0131ndak\u0131 alternativ s\u0259sidir\",\"publisher\":{\"@id\":\"https:\\\/\\\/www.meydan.tv\\\/az\\\/#organization\"},\"potentialAction\":[{\"@type\":\"SearchAction\",\"target\":{\"@type\":\"EntryPoint\",\"urlTemplate\":\"https:\\\/\\\/www.meydan.tv\\\/az\\\/?s={search_term_string}\"},\"query-input\":{\"@type\":\"PropertyValueSpecification\",\"valueRequired\":true,\"valueName\":\"search_term_string\"}}],\"inLanguage\":\"az\"},{\"@type\":\"Organization\",\"@id\":\"https:\\\/\\\/www.meydan.tv\\\/az\\\/#organization\",\"name\":\"Meydan TV\",\"url\":\"https:\\\/\\\/www.meydan.tv\\\/az\\\/\",\"logo\":{\"@type\":\"ImageObject\",\"inLanguage\":\"az\",\"@id\":\"https:\\\/\\\/www.meydan.tv\\\/az\\\/#\\\/schema\\\/logo\\\/image\\\/\",\"url\":\"https:\\\/\\\/www.meydan.tv\\\/wp-content\\\/uploads\\\/2021\\\/07\\\/meydan-logo.svg\",\"contentUrl\":\"https:\\\/\\\/www.meydan.tv\\\/wp-content\\\/uploads\\\/2021\\\/07\\\/meydan-logo.svg\",\"width\":195,\"height\":46,\"caption\":\"Meydan TV\"},\"image\":{\"@id\":\"https:\\\/\\\/www.meydan.tv\\\/az\\\/#\\\/schema\\\/logo\\\/image\\\/\"}},{\"@type\":\"Person\",\"@id\":\"https:\\\/\\\/www.meydan.tv\\\/az\\\/#\\\/schema\\\/person\\\/9cdbecf90d17180ce1dfbd95b08dcf47\",\"name\":\"elli\",\"sameAs\":[\"https:\\\/\\\/x.com\\\/elli\"]}]}<\/script>\n<!-- \/ Yoast SEO plugin. -->","yoast_head_json":{"title":"Quba sakini: \u201cBuna \u201ci\u015fl\u0259m\u0259k\u201d yox, \u201cistismar edilm\u0259k\u201d dey\u0259rl\u0259r\u201d - MEYDAN.TV","robots":{"index":"index","follow":"follow","max-snippet":"max-snippet:-1","max-image-preview":"max-image-preview:large","max-video-preview":"max-video-preview:-1"},"canonical":"https:\/\/www.meydan.tv\/az\/article\/quba-sakini-buna-islemek-yox-istismar-edilmek-deyerler\/","og_locale":"az_AZ","og_type":"article","og_title":"Quba sakini: \u201cBuna \u201ci\u015fl\u0259m\u0259k\u201d yox, \u201cistismar edilm\u0259k\u201d dey\u0259rl\u0259r\u201d - MEYDAN.TV","og_description":"Murad \u018fliyev qanunsuzluqlara etiraz\u0131ma g\u00f6r\u0259 i\u015fd\u0259n \u00e7\u0131xar\u0131ld\u0131\u011f\u0131n\u0131 deyir Quba rayonunun ... Davam\u0131","og_url":"https:\/\/www.meydan.tv\/az\/article\/quba-sakini-buna-islemek-yox-istismar-edilmek-deyerler\/","og_site_name":"MEYDAN.TV","article_published_time":"2022-08-30T09:45:45+00:00","article_modified_time":"2022-08-30T09:46:40+00:00","og_image":[{"width":1200,"height":630,"url":"https:\/\/www.meydan.tv\/wp-content\/uploads\/photo-2022-08-30-09-46-41-e1661852793950.jpg","type":"image\/jpeg"}],"author":"elli","twitter_card":"summary_large_image","twitter_creator":"@elli","schema":{"@context":"https:\/\/schema.org","@graph":[{"@type":"Article","@id":"https:\/\/www.meydan.tv\/az\/article\/quba-sakini-buna-islemek-yox-istismar-edilmek-deyerler\/#article","isPartOf":{"@id":"https:\/\/www.meydan.tv\/az\/article\/quba-sakini-buna-islemek-yox-istismar-edilmek-deyerler\/"},"author":{"name":"elli","@id":"https:\/\/www.meydan.tv\/az\/#\/schema\/person\/9cdbecf90d17180ce1dfbd95b08dcf47"},"headline":"Quba sakini: \u201cBuna \u201ci\u015fl\u0259m\u0259k\u201d yox, \u201cistismar edilm\u0259k\u201d dey\u0259rl\u0259r\u201d","datePublished":"2022-08-30T09:45:45+00:00","dateModified":"2022-08-30T09:46:40+00:00","mainEntityOfPage":{"@id":"https:\/\/www.meydan.tv\/az\/article\/quba-sakini-buna-islemek-yox-istismar-edilmek-deyerler\/"},"wordCount":1546,"publisher":{"@id":"https:\/\/www.meydan.tv\/az\/#organization"},"image":{"@id":"https:\/\/www.meydan.tv\/az\/article\/quba-sakini-buna-islemek-yox-istismar-edilmek-deyerler\/#primaryimage"},"thumbnailUrl":"https:\/\/www.meydan.tv\/wp-content\/uploads\/photo-2022-08-30-09-46-41-e1661852793950.jpg","articleSection":["B\u00f6lg\u0259","T\u00f6vsiy\u0259","X\u0259b\u0259rl\u0259r"],"inLanguage":"az"},{"@type":"WebPage","@id":"https:\/\/www.meydan.tv\/az\/article\/quba-sakini-buna-islemek-yox-istismar-edilmek-deyerler\/","url":"https:\/\/www.meydan.tv\/az\/article\/quba-sakini-buna-islemek-yox-istismar-edilmek-deyerler\/","name":"Quba sakini: \u201cBuna \u201ci\u015fl\u0259m\u0259k\u201d yox, \u201cistismar edilm\u0259k\u201d dey\u0259rl\u0259r\u201d - MEYDAN.TV","isPartOf":{"@id":"https:\/\/www.meydan.tv\/az\/#website"},"primaryImageOfPage":{"@id":"https:\/\/www.meydan.tv\/az\/article\/quba-sakini-buna-islemek-yox-istismar-edilmek-deyerler\/#primaryimage"},"image":{"@id":"https:\/\/www.meydan.tv\/az\/article\/quba-sakini-buna-islemek-yox-istismar-edilmek-deyerler\/#primaryimage"},"thumbnailUrl":"https:\/\/www.meydan.tv\/wp-content\/uploads\/photo-2022-08-30-09-46-41-e1661852793950.jpg","datePublished":"2022-08-30T09:45:45+00:00","dateModified":"2022-08-30T09:46:40+00:00","breadcrumb":{"@id":"https:\/\/www.meydan.tv\/az\/article\/quba-sakini-buna-islemek-yox-istismar-edilmek-deyerler\/#breadcrumb"},"inLanguage":"az","potentialAction":[{"@type":"ReadAction","target":["https:\/\/www.meydan.tv\/az\/article\/quba-sakini-buna-islemek-yox-istismar-edilmek-deyerler\/"]}]},{"@type":"ImageObject","inLanguage":"az","@id":"https:\/\/www.meydan.tv\/az\/article\/quba-sakini-buna-islemek-yox-istismar-edilmek-deyerler\/#primaryimage","url":"https:\/\/www.meydan.tv\/wp-content\/uploads\/photo-2022-08-30-09-46-41-e1661852793950.jpg","contentUrl":"https:\/\/www.meydan.tv\/wp-content\/uploads\/photo-2022-08-30-09-46-41-e1661852793950.jpg","width":1200,"height":630,"caption":"Murad \u018fliyev. Foto: Meydan TV"},{"@type":"BreadcrumbList","@id":"https:\/\/www.meydan.tv\/az\/article\/quba-sakini-buna-islemek-yox-istismar-edilmek-deyerler\/#breadcrumb","itemListElement":[{"@type":"ListItem","position":1,"name":"Ana s\u0259hif\u0259","item":"https:\/\/www.meydan.tv\/az\/"},{"@type":"ListItem","position":2,"name":"B\u00f6lg\u0259","item":"https:\/\/www.meydan.tv\/az\/section\/bolge\/"},{"@type":"ListItem","position":3,"name":"Quba sakini: \u201cBuna \u201ci\u015fl\u0259m\u0259k\u201d yox, \u201cistismar edilm\u0259k\u201d dey\u0259rl\u0259r\u201d"}]},{"@type":"WebSite","@id":"https:\/\/www.meydan.tv\/az\/#website","url":"https:\/\/www.meydan.tv\/az\/","name":"MEYDAN.TV","description":"Meydan TV Az\u0259rbaycan\u0131n media m\u0259kan\u0131ndak\u0131 alternativ s\u0259sidir","publisher":{"@id":"https:\/\/www.meydan.tv\/az\/#organization"},"potentialAction":[{"@type":"SearchAction","target":{"@type":"EntryPoint","urlTemplate":"https:\/\/www.meydan.tv\/az\/?s={search_term_string}"},"query-input":{"@type":"PropertyValueSpecification","valueRequired":true,"valueName":"search_term_string"}}],"inLanguage":"az"},{"@type":"Organization","@id":"https:\/\/www.meydan.tv\/az\/#organization","name":"Meydan TV","url":"https:\/\/www.meydan.tv\/az\/","logo":{"@type":"ImageObject","inLanguage":"az","@id":"https:\/\/www.meydan.tv\/az\/#\/schema\/logo\/image\/","url":"https:\/\/www.meydan.tv\/wp-content\/uploads\/2021\/07\/meydan-logo.svg","contentUrl":"https:\/\/www.meydan.tv\/wp-content\/uploads\/2021\/07\/meydan-logo.svg","width":195,"height":46,"caption":"Meydan TV"},"image":{"@id":"https:\/\/www.meydan.tv\/az\/#\/schema\/logo\/image\/"}},{"@type":"Person","@id":"https:\/\/www.meydan.tv\/az\/#\/schema\/person\/9cdbecf90d17180ce1dfbd95b08dcf47","name":"elli","sameAs":["https:\/\/x.com\/elli"]}]}},"_links":{"self":[{"href":"https:\/\/www.meydan.tv\/az\/wp-json\/wp\/v2\/posts\/254446","targetHints":{"allow":["GET"]}}],"collection":[{"href":"https:\/\/www.meydan.tv\/az\/wp-json\/wp\/v2\/posts"}],"about":[{"href":"https:\/\/www.meydan.tv\/az\/wp-json\/wp\/v2\/types\/post"}],"author":[{"embeddable":true,"href":"https:\/\/www.meydan.tv\/az\/wp-json\/wp\/v2\/users\/8"}],"replies":[{"embeddable":true,"href":"https:\/\/www.meydan.tv\/az\/wp-json\/wp\/v2\/comments?post=254446"}],"version-history":[{"count":1,"href":"https:\/\/www.meydan.tv\/az\/wp-json\/wp\/v2\/posts\/254446\/revisions"}],"predecessor-version":[{"id":254447,"href":"https:\/\/www.meydan.tv\/az\/wp-json\/wp\/v2\/posts\/254446\/revisions\/254447"}],"wp:featuredmedia":[{"embeddable":true,"href":"https:\/\/www.meydan.tv\/az\/wp-json\/wp\/v2\/media\/254443"}],"wp:attachment":[{"href":"https:\/\/www.meydan.tv\/az\/wp-json\/wp\/v2\/media?parent=254446"}],"wp:term":[{"taxonomy":"category","embeddable":true,"href":"https:\/\/www.meydan.tv\/az\/wp-json\/wp\/v2\/categories?post=254446"},{"taxonomy":"post_tag","embeddable":true,"href":"https:\/\/www.meydan.tv\/az\/wp-json\/wp\/v2\/tags?post=254446"}],"curies":[{"name":"wp","href":"https:\/\/api.w.org\/{rel}","templated":true}]}}