{"id":254398,"date":"2022-08-29T17:53:30","date_gmt":"2022-08-29T13:53:30","guid":{"rendered":"https:\/\/www.meydan.tv\/?p=254398"},"modified":"2022-08-29T17:53:32","modified_gmt":"2022-08-29T13:53:32","slug":"celilabad-sakini-102-ye-zeng-etdiyim-ucun-polis-reisi-meni-doydu","status":"publish","type":"post","link":"https:\/\/www.meydan.tv\/az\/article\/celilabad-sakini-102-ye-zeng-etdiyim-ucun-polis-reisi-meni-doydu\/","title":{"rendered":"C\u0259lilabad sakini: \u201c102-y\u0259 z\u0259ng etdiyim \u00fc\u00e7\u00fcn polis r\u0259isi m\u0259ni d\u00f6yd\u00fc\u201d"},"content":{"rendered":"\n<p><\/p>\n\n\n\n<p><em>\u201cQollar\u0131m qandalland\u0131, b\u00f6lm\u0259 r\u0259isi m\u0259ni h\u0259m danlay\u0131r, h\u0259m d\u0259 s\u00f6y\u00fcrd\u00fc\u201d<\/em><\/p>\n\n\n\n<p>\u201cB\u00f6lm\u0259 r\u0259isi m\u0259ni qar\u015f\u0131s\u0131nda zorla diz \u00e7\u00f6kd\u00fcrd\u00fc, ba\u015f\u0131ma sill\u0259-yumruq ili\u015fdirdi, q\u0131\u015fq\u0131rd\u0131 ki, niy\u0259 bir \u015fey olan kimi 102-y\u0259 z\u0259ng edirs\u0259n? Niy\u0259 m\u0259ni d\u0259, naziri d\u0259 bezdirirs\u0259n? S\u0259nin qanununa da, s\u0259nin h\u00fcququna da\u2026 G\u00f6yt\u0259p\u0259d\u0259 qanun da m\u0259n\u0259m, h\u00fcquq da m\u0259n\u0259m\u201d.<\/p>\n\n\n\n<p>C\u0259lilabad rayonunun Mugan k\u0259nd sakini T\u0259rlan A\u011fayevin \u015fikay\u0259ti G\u00f6yt\u0259p\u0259 polis b\u00f6lm\u0259sinin r\u0259isind\u0259ndir. O, Meydan TV-y\u0259 dan\u0131\u015f\u0131r ki, ail\u0259sin\u0259 m\u0259xsus pay torpa\u011f\u0131n\u0131n z\u0259bt olunmas\u0131 v\u0259 orada z\u0259bted\u0259n t\u0259r\u0259find\u0259n tikinti i\u015fl\u0259ri apar\u0131lmas\u0131yla ba\u011fl\u0131 uzun m\u00fcdd\u0259tdir ki, m\u0259hk\u0259m\u0259, polis orqanlar\u0131na \u015fikay\u0259t edir. N\u0259tic\u0259d\u0259s\u0259 \u00f6z\u00fc t\u0259zyiql\u0259r\u0259 m\u0259ruz qal\u0131r.<\/p>\n\n\n\n<p>T\u0259rlan A\u011fayev iddia edir ki, iki ild\u0259n \u00e7oxdur buna g\u00f6r\u0259 m\u0259hk\u0259m\u0259y\u0259 d\u0259 m\u00fcraci\u0259t edib. Ancaq rayonun v\u0259zif\u0259li \u015f\u0259xsl\u0259ri m\u0259hk\u0259m\u0259y\u0259 t\u0259zyiq g\u00f6st\u0259rdiyi \u00fc\u00e7\u00fcn hakim i\u015fi uzad\u0131r.<\/p>\n\n\n\n<p><strong>\u201c\u015eikay\u0259t\u00e7i oldu\u011fuma g\u00f6r\u0259 \u0259vv\u0259lc\u0259 danlad\u0131, sonra d\u00f6yd\u00fc\u201d<\/strong><\/p>\n\n\n\n<p>\u015eikay\u0259t\u00e7inin s\u00f6zl\u0259rin\u0259 g\u00f6r\u0259, bu ilin may\u0131nda m\u00fcbahis\u0259li torpaq sah\u0259sind\u0259 z\u0259bt ed\u0259n \u015f\u0259xsl\u0259r t\u0259r\u0259find\u0259n tikinti ba\u015flay\u0131b. O da bununla ba\u011fl\u0131 d\u0259f\u0259l\u0259rl\u0259 D\u0130N 102 Xidm\u0259tin\u0259 m\u0259lumat verib. \u018fv\u0259zind\u0259s\u0259 \u00f6z\u00fcn\u00fc polis \u015f\u00f6b\u0259sin\u0259 \u00e7a\u011f\u0131r\u0131b t\u0259zyiq g\u00f6st\u0259ribl\u0259r:<\/p>\n\n\n\n<p>\u201cMay\u0131n 11-d\u0259 m\u0259ni C\u0259lilabad rayon G\u00f6yt\u0259p\u0259 Polis B\u00f6lm\u0259sinin sah\u0259 r\u0259isi F\u0259ras\u0259t Azad\u0259 \u00e7a\u011f\u0131rd\u0131. D\u00fc\u015f\u00fcnd\u00fcm ki, y\u0259qin \u015fikay\u0259tim ara\u015fd\u0131r\u0131l\u0131r. Getdim, dedi, 102-y\u0259 \u015fikay\u0259t etmis\u0259n, izahat yaz. Yazd\u0131m. M\u0259ni b\u00f6lm\u0259 r\u0259isi Asif \u0130manovun ota\u011f\u0131na apard\u0131. Asif \u0130manov 102-y\u0259 \u015fikay\u0259t etdiyim \u00fc\u00e7\u00fcn m\u0259ni danlad\u0131, sonra da \u0259mr etdi ki, qollar\u0131m\u0131 qandallas\u0131nlar. Qollar\u0131m qandalland\u0131, b\u00f6lm\u0259 r\u0259isi m\u0259ni h\u0259m danlay\u0131r, h\u0259m d\u0259 s\u00f6y\u00fcrd\u00fc. M\u0259ni zorla diz \u00e7\u00f6kd\u00fcrd\u00fc, ba\u015f\u0131ma sill\u0259-yumruq ili\u015fdirdi, q\u0131\u015fq\u0131rd\u0131 ki, niy\u0259 bir \u015fey olmam\u0131\u015f 102-y\u0259 z\u0259ng edirs\u0259n? Ded ki, bundan sonra bir yer\u0259 z\u0259ng el\u0259s\u0259n, bir yer\u0259 \u015fikay\u0259t yazsan, s\u0259nin g\u00fcn\u00fcn\u00fc qara ed\u0259c\u0259m. Polisl\u0259r\u0259 g\u00f6st\u0259ri\u015f verdi, dedi, a\u011fl\u0131 ba\u015f\u0131na g\u0259lm\u0259y\u0259n\u0259 kimi bunu b\u00f6lm\u0259d\u0259n \u00e7\u00f6l\u0259 buraxmay\u0131n. M\u0259ni 1 sutka qollar\u0131m qandall\u0131 v\u0259ziyy\u0259td\u0259 b\u00f6lm\u0259d\u0259 saxlad\u0131\u201d.<\/p>\n\n\n\n<p><strong>Hakim protokolu l\u0259\u011fv edib<\/strong><\/p>\n\n\n\n<p>Deyir, n\u00f6vb\u0259ti g\u00fcn onu m\u0259hk\u0259m\u0259y\u0259 apar\u0131blar. M\u0259hk\u0259m\u0259 C\u0259lilabad Rayon G\u00f6yt\u0259p\u0259 Polis B\u00f6lm\u0259si \u0259m\u0259kda\u015flar\u0131n\u0131n t\u0259rtib etdiyi inzibati protokolu l\u0259gv edib, onu azadl\u0131\u011fa burax\u0131b.<\/p>\n\n\n\n<p>\u201cHakim C\u0259lilabad RP\u015e-nin t\u0259hqiqat\u00e7\u0131s\u0131 \u0130lkin \u0130smay\u0131lovun G\u00f6yt\u0259p\u0259 Polis B\u00f6lm\u0259sinin r\u0259isi Asif \u0130manova yazd\u0131\u011f\u0131 raportu g\u00f6rd\u00fc. H\u0259min raportla b\u00f6lm\u0259d\u0259 t\u0259rtib edilmi\u015f protokolu tutu\u015fdurdu, baxd\u0131 ki, raportda m\u0259nim tikintinin qar\u015f\u0131s\u0131n\u0131 almaq ist\u0259y\u0259nd\u0259 h\u00fccuma v\u0259 t\u0259hqir\u0259 m\u0259ruz qald\u0131\u011f\u0131m g\u00f6st\u0259rils\u0259 d\u0259, protokolda \u0259ksi yaz\u0131l\u0131b. Polis b\u00f6lm\u0259sind\u0259 t\u0259rtib olunmu\u015f protokolu l\u0259\u011fv etdi\u201d.<\/p>\n\n\n\n<figure class=\"wp-block-image size-full\"><img decoding=\"async\" width=\"1200\" height=\"800\" data-src=\"https:\/\/www.meydan.tv\/wp-content\/uploads\/untitled-design-13-6.jpg\" alt=\"\" class=\"wp-image-254392 lazyload\" src=\"data:image\/svg+xml;base64,PHN2ZyB3aWR0aD0iMSIgaGVpZ2h0PSIxIiB4bWxucz0iaHR0cDovL3d3dy53My5vcmcvMjAwMC9zdmciPjwvc3ZnPg==\" style=\"--smush-placeholder-width: 1200px; --smush-placeholder-aspect-ratio: 1200\/800;\" \/><\/figure>\n\n\n\n<p><strong>\u201cV\u0259t\u0259nda\u015flar\u0131 \u00fcz-\u00fcz\u0259 qoyurlar\u201d<\/strong><\/p>\n\n\n\n<p>T\u0259rlan A\u011fayev deyir, \u0259slind\u0259 t\u0259r\u0259fl\u0259ri qar\u015f\u0131-qar\u015f\u0131ya qoyan el\u0259 m\u0259hk\u0259m\u0259 v\u0259 m\u0259murlard\u0131r. \u0130ki ild\u0259n \u00e7oxdur ki, m\u0259hk\u0259m\u0259 m\u0259s\u0259l\u0259y\u0259 h\u00fcquqi qiym\u0259t vermir v\u0259 i\u015fi uzad\u0131r. M\u0259hk\u0259m\u0259nin m\u00fcbahis\u0259li sah\u0259d\u0259 tikinti apar\u0131lmas\u0131na qada\u011fa qoyan q\u0259rar\u0131 olsa da, q\u0259rar icra edilmir:<\/p>\n\n\n\n<p>\u201c\u018fslind\u0259 tikintinin qar\u015f\u0131s\u0131n\u0131 icra m\u0259muru v\u0259 polis almal\u0131d\u0131r. Ancaq v\u0259zif\u0259l\u0259rin\u0259 d\u00fc\u015f\u0259ni etm\u0259dikl\u0259ri \u00fc\u00e7\u00fcn m\u0259cburam ki, \u00f6z\u00fcm torpa\u011f\u0131mda ged\u0259n tikintinin qar\u015f\u0131s\u0131n\u0131 al\u0131m. Onda da polis r\u0259isi tutub, apar\u0131b d\u00f6y\u00fcr, o t\u0259r\u0259fd\u0259s\u0259 tikinti davam edir. Bu da o dem\u0259kdir ki, qar\u015f\u0131 t\u0259r\u0259f rayondak\u0131 m\u0259murlar\u0131n pulunu verib, \u00f6zba\u015f\u0131nal\u0131\u011f\u0131n\u0131 davam etdirir. Bel\u0259 olmasayd\u0131, m\u0259hk\u0259m\u0259 q\u0259rar\u0131yla tikinti apar\u0131lmas\u0131 qada\u011fan edil\u0259n sah\u0259d\u0259 ham\u0131n\u0131n g\u00f6z\u00fc qar\u015f\u0131s\u0131nda tikinti apar\u0131lmazd\u0131. M\u0259n buna ba\u015fqa ad qoya bilmir\u0259m\u201d.<\/p>\n\n\n\n<p><strong>Sah\u0259 r\u0259isi c\u0259zalan\u0131b, b\u0259s r\u0259is?<\/strong><\/p>\n\n\n\n<p>T\u0259rlan A\u011fayev G\u00f6yt\u0259p\u0259 Polis B\u00f6lm\u0259siin r\u0259isi t\u0259r\u0259find\u0259n d\u00f6y\u00fclm\u0259y\u0259 v\u0259 t\u0259hqir\u0259 m\u0259ruz qalmas\u0131, bar\u0259sind\u0259 saxta protokol t\u0259rtin edilm\u0259siyl\u0259 ba\u011fl\u0131 daxili i\u015fl\u0259r nazirin\u0259 m\u00fcraci\u0259t edib. Nazirliyin Ba\u015f istintaq v\u0259 T\u0259hqiqat \u0130dar\u0259sind\u0259n ona g\u0259l\u0259n cavab m\u0259ktubunda bildirilib ki, onun m\u00fcraci\u0259ti bax\u0131lmas\u0131 \u00fc\u00e7\u00fcn qurumun Ba\u015f \u0130ctimai T\u0259hl\u00fck\u0259sizlik \u0130dar\u0259sin\u0259 g\u00f6nd\u0259rilib. N\u0259tic\u0259si bar\u0259d\u0259 ona h\u0259min idar\u0259 t\u0259r\u0259find\u0259n m\u0259lumat veril\u0259c\u0259yi d\u0259 bildirilib. C\u0259lilabad Rayon Polis \u015e\u00f6b\u0259sind\u0259n v\u0259t\u0259nda\u015fa g\u0259l\u0259n m\u0259ktubdasa qeyd olunub ki, onun D\u0130N-\u0259 etdiyi m\u00fcraci\u0259t \u015f\u00f6b\u0259d\u0259 ara\u015fd\u0131r\u0131l\u0131b. Onun bar\u0259sind\u0259 \u0259sass\u0131z protokol t\u0259rtib etidyin\u0259 g\u00f6r\u0259 G\u00f6yt\u0259p\u0259 Polis B\u00f6lm\u0259sinin sah\u0259 r\u0259isi F\u0259ras\u0259t Azad\u0259 intizam m\u0259suliyy\u0259tin\u0259 c\u0259lb edilib. Ancaq nazirlik d\u0259, polis \u015f\u00f6b\u0259si d\u0259 v\u0259t\u0259nda\u015f\u0131n G\u00f6yt\u0259p\u0259 Polis B\u00f6lm\u0259sinin r\u0259isi Asif \u0130manovla ba\u011fl\u0131 etdiyi \u015fikay\u0259tin \u00fcz\u0259rind\u0259n s\u00fckutla ke\u00e7ib.<\/p>\n\n\n\n<p>T\u0259rlan A\u011fayev polis r\u0259isinin \u0259m\u0259ll\u0259rinin ara\u015fd\u0131r\u0131lmas\u0131n\u0131 v\u0259 h\u00fcquqi qiym\u0259t verilm\u0259sini t\u0259l\u0259b edir.<\/p>\n\n\n\n<p>Daxili \u0130\u015fl\u0259r Nazirliyinin m\u0259tbuat xidm\u0259tinin \u0259m\u0259kda\u015f\u0131 Nurlan \u018fliyev Meydan TV-y\u0259 bildirib ki, T\u0259rlan A\u011fayevin \u00f6z qon\u015fusuyla torpaq m\u00fcbahis\u0259si var. O, bununla ba\u011fl\u0131 polis orqanlar\u0131na m\u00fcraci\u0259t edib, polis orqanlar\u0131na d\u0259v\u0259t olunaraq onunla izahedici s\u00f6hb\u0259t apar\u0131l\u0131b, bildirilib ki, bu m\u0259s\u0259l\u0259nin h\u0259lli polisin s\u0259lahiyy\u0259tin\u0259 aid deyil, t\u00f6vsiy\u0259 olunub ki, m\u0259hk\u0259m\u0259y\u0259 m\u00fcraci\u0259t etsin:<\/p>\n\n\n\n<p>\u201cAncaq T\u0259rlan A\u011fayev deyib ki, polis qar\u015f\u0131 t\u0259r\u0259fin maraqlar\u0131n\u0131 m\u00fcdafi\u0259 edir. \u018fg\u0259r m\u0259s\u0259l\u0259 h\u0259ll olunmasa, polis orqanlar\u0131nda t\u0259zyiq\u0259 m\u0259ruz qalma\u011f\u0131mla ba\u011fl\u0131 \u015fikay\u0259t ed\u0259c\u0259m. D\u0130N 102 qaynar x\u0259ttin\u0259 \u015fikay\u0259tl\u0259r edib, h\u0259min \u015fikay\u0259tl\u0259r yoxlan\u0131lsa da, t\u0259sdiqini tapmay\u0131b, v\u0259t\u0259nda\u015f\u0131n iddialar\u0131 \u0259sass\u0131zd\u0131r\u201d.<\/p>\n","protected":false},"excerpt":{"rendered":"<p>\u201cQollar\u0131m qandalland\u0131, b\u00f6lm\u0259 r\u0259isi m\u0259ni h\u0259m danlay\u0131r, h\u0259m d\u0259 s\u00f6y\u00fcrd\u00fc\u201d &#8230; <\/p>\n<p class=\"read-more-container\"><a title=\"C\u0259lilabad sakini: \u201c102-y\u0259 z\u0259ng etdiyim \u00fc\u00e7\u00fcn polis r\u0259isi m\u0259ni d\u00f6yd\u00fc\u201d\" class=\"read-more button\" href=\"https:\/\/www.meydan.tv\/az\/article\/celilabad-sakini-102-ye-zeng-etdiyim-ucun-polis-reisi-meni-doydu\/#more-254398\" aria-label=\"Read more about C\u0259lilabad sakini: \u201c102-y\u0259 z\u0259ng etdiyim \u00fc\u00e7\u00fcn polis r\u0259isi m\u0259ni d\u00f6yd\u00fc\u201d\">Davam\u0131<\/a><\/p>\n","protected":false},"author":8,"featured_media":254395,"comment_status":"closed","ping_status":"closed","sticky":false,"template":"","format":"standard","meta":{"_acf_changed":false,"_sitemap_exclude":false,"_sitemap_priority":"","_sitemap_frequency":"","footnotes":""},"categories":[60,79,56],"tags":[],"class_list":["post-254398","post","type-post","status-publish","format-standard","has-post-thumbnail","hentry","category-bolge","category-featured","category-xeberler","infinite-scroll-item","generate-columns","tablet-grid-50","mobile-grid-100","grid-parent","grid-33","no-featured-image-padding"],"acf":[],"yoast_head":"<!-- This site is optimized with the Yoast SEO plugin v27.5 - https:\/\/yoast.com\/product\/yoast-seo-wordpress\/ -->\n<title>C\u0259lilabad sakini: \u201c102-y\u0259 z\u0259ng etdiyim \u00fc\u00e7\u00fcn polis r\u0259isi m\u0259ni d\u00f6yd\u00fc\u201d - MEYDAN.TV<\/title>\n<meta name=\"robots\" content=\"index, follow, max-snippet:-1, max-image-preview:large, max-video-preview:-1\" \/>\n<link rel=\"canonical\" href=\"https:\/\/www.meydan.tv\/az\/article\/celilabad-sakini-102-ye-zeng-etdiyim-ucun-polis-reisi-meni-doydu\/\" \/>\n<meta property=\"og:locale\" content=\"az_AZ\" \/>\n<meta property=\"og:type\" content=\"article\" \/>\n<meta property=\"og:title\" content=\"C\u0259lilabad sakini: \u201c102-y\u0259 z\u0259ng etdiyim \u00fc\u00e7\u00fcn polis r\u0259isi m\u0259ni d\u00f6yd\u00fc\u201d - MEYDAN.TV\" \/>\n<meta property=\"og:description\" content=\"\u201cQollar\u0131m qandalland\u0131, b\u00f6lm\u0259 r\u0259isi m\u0259ni h\u0259m danlay\u0131r, h\u0259m d\u0259 s\u00f6y\u00fcrd\u00fc\u201d ... Davam\u0131\" \/>\n<meta property=\"og:url\" content=\"https:\/\/www.meydan.tv\/az\/article\/celilabad-sakini-102-ye-zeng-etdiyim-ucun-polis-reisi-meni-doydu\/\" \/>\n<meta property=\"og:site_name\" content=\"MEYDAN.TV\" \/>\n<meta property=\"article:published_time\" content=\"2022-08-29T13:53:30+00:00\" \/>\n<meta property=\"article:modified_time\" content=\"2022-08-29T13:53:32+00:00\" \/>\n<meta property=\"og:image\" content=\"https:\/\/www.meydan.tv\/wp-content\/uploads\/untitled-design-12-7.jpg\" \/>\n\t<meta property=\"og:image:width\" content=\"1200\" \/>\n\t<meta property=\"og:image:height\" content=\"800\" \/>\n\t<meta property=\"og:image:type\" content=\"image\/jpeg\" \/>\n<meta name=\"author\" content=\"elli\" \/>\n<meta name=\"twitter:card\" content=\"summary_large_image\" \/>\n<meta name=\"twitter:creator\" content=\"@elli\" \/>\n<script type=\"application\/ld+json\" class=\"yoast-schema-graph\">{\"@context\":\"https:\\\/\\\/schema.org\",\"@graph\":[{\"@type\":\"Article\",\"@id\":\"https:\\\/\\\/www.meydan.tv\\\/az\\\/article\\\/celilabad-sakini-102-ye-zeng-etdiyim-ucun-polis-reisi-meni-doydu\\\/#article\",\"isPartOf\":{\"@id\":\"https:\\\/\\\/www.meydan.tv\\\/az\\\/article\\\/celilabad-sakini-102-ye-zeng-etdiyim-ucun-polis-reisi-meni-doydu\\\/\"},\"author\":{\"name\":\"elli\",\"@id\":\"https:\\\/\\\/www.meydan.tv\\\/az\\\/#\\\/schema\\\/person\\\/9cdbecf90d17180ce1dfbd95b08dcf47\"},\"headline\":\"C\u0259lilabad sakini: \u201c102-y\u0259 z\u0259ng etdiyim \u00fc\u00e7\u00fcn polis r\u0259isi m\u0259ni d\u00f6yd\u00fc\u201d\",\"datePublished\":\"2022-08-29T13:53:30+00:00\",\"dateModified\":\"2022-08-29T13:53:32+00:00\",\"mainEntityOfPage\":{\"@id\":\"https:\\\/\\\/www.meydan.tv\\\/az\\\/article\\\/celilabad-sakini-102-ye-zeng-etdiyim-ucun-polis-reisi-meni-doydu\\\/\"},\"wordCount\":1199,\"publisher\":{\"@id\":\"https:\\\/\\\/www.meydan.tv\\\/az\\\/#organization\"},\"image\":{\"@id\":\"https:\\\/\\\/www.meydan.tv\\\/az\\\/article\\\/celilabad-sakini-102-ye-zeng-etdiyim-ucun-polis-reisi-meni-doydu\\\/#primaryimage\"},\"thumbnailUrl\":\"https:\\\/\\\/www.meydan.tv\\\/wp-content\\\/uploads\\\/untitled-design-12-7.jpg\",\"articleSection\":[\"B\u00f6lg\u0259\",\"T\u00f6vsiy\u0259\",\"X\u0259b\u0259rl\u0259r\"],\"inLanguage\":\"az\"},{\"@type\":\"WebPage\",\"@id\":\"https:\\\/\\\/www.meydan.tv\\\/az\\\/article\\\/celilabad-sakini-102-ye-zeng-etdiyim-ucun-polis-reisi-meni-doydu\\\/\",\"url\":\"https:\\\/\\\/www.meydan.tv\\\/az\\\/article\\\/celilabad-sakini-102-ye-zeng-etdiyim-ucun-polis-reisi-meni-doydu\\\/\",\"name\":\"C\u0259lilabad sakini: \u201c102-y\u0259 z\u0259ng etdiyim \u00fc\u00e7\u00fcn polis r\u0259isi m\u0259ni d\u00f6yd\u00fc\u201d - MEYDAN.TV\",\"isPartOf\":{\"@id\":\"https:\\\/\\\/www.meydan.tv\\\/az\\\/#website\"},\"primaryImageOfPage\":{\"@id\":\"https:\\\/\\\/www.meydan.tv\\\/az\\\/article\\\/celilabad-sakini-102-ye-zeng-etdiyim-ucun-polis-reisi-meni-doydu\\\/#primaryimage\"},\"image\":{\"@id\":\"https:\\\/\\\/www.meydan.tv\\\/az\\\/article\\\/celilabad-sakini-102-ye-zeng-etdiyim-ucun-polis-reisi-meni-doydu\\\/#primaryimage\"},\"thumbnailUrl\":\"https:\\\/\\\/www.meydan.tv\\\/wp-content\\\/uploads\\\/untitled-design-12-7.jpg\",\"datePublished\":\"2022-08-29T13:53:30+00:00\",\"dateModified\":\"2022-08-29T13:53:32+00:00\",\"breadcrumb\":{\"@id\":\"https:\\\/\\\/www.meydan.tv\\\/az\\\/article\\\/celilabad-sakini-102-ye-zeng-etdiyim-ucun-polis-reisi-meni-doydu\\\/#breadcrumb\"},\"inLanguage\":\"az\",\"potentialAction\":[{\"@type\":\"ReadAction\",\"target\":[\"https:\\\/\\\/www.meydan.tv\\\/az\\\/article\\\/celilabad-sakini-102-ye-zeng-etdiyim-ucun-polis-reisi-meni-doydu\\\/\"]}]},{\"@type\":\"ImageObject\",\"inLanguage\":\"az\",\"@id\":\"https:\\\/\\\/www.meydan.tv\\\/az\\\/article\\\/celilabad-sakini-102-ye-zeng-etdiyim-ucun-polis-reisi-meni-doydu\\\/#primaryimage\",\"url\":\"https:\\\/\\\/www.meydan.tv\\\/wp-content\\\/uploads\\\/untitled-design-12-7.jpg\",\"contentUrl\":\"https:\\\/\\\/www.meydan.tv\\\/wp-content\\\/uploads\\\/untitled-design-12-7.jpg\",\"width\":1200,\"height\":800,\"caption\":\"T\u0259rlan A\u011fayev. Fotolar: Meydan TV\"},{\"@type\":\"BreadcrumbList\",\"@id\":\"https:\\\/\\\/www.meydan.tv\\\/az\\\/article\\\/celilabad-sakini-102-ye-zeng-etdiyim-ucun-polis-reisi-meni-doydu\\\/#breadcrumb\",\"itemListElement\":[{\"@type\":\"ListItem\",\"position\":1,\"name\":\"Ana s\u0259hif\u0259\",\"item\":\"https:\\\/\\\/www.meydan.tv\\\/az\\\/\"},{\"@type\":\"ListItem\",\"position\":2,\"name\":\"B\u00f6lg\u0259\",\"item\":\"https:\\\/\\\/www.meydan.tv\\\/az\\\/section\\\/bolge\\\/\"},{\"@type\":\"ListItem\",\"position\":3,\"name\":\"C\u0259lilabad sakini: \u201c102-y\u0259 z\u0259ng etdiyim \u00fc\u00e7\u00fcn polis r\u0259isi m\u0259ni d\u00f6yd\u00fc\u201d\"}]},{\"@type\":\"WebSite\",\"@id\":\"https:\\\/\\\/www.meydan.tv\\\/az\\\/#website\",\"url\":\"https:\\\/\\\/www.meydan.tv\\\/az\\\/\",\"name\":\"MEYDAN.TV\",\"description\":\"Meydan TV Az\u0259rbaycan\u0131n media m\u0259kan\u0131ndak\u0131 alternativ s\u0259sidir\",\"publisher\":{\"@id\":\"https:\\\/\\\/www.meydan.tv\\\/az\\\/#organization\"},\"potentialAction\":[{\"@type\":\"SearchAction\",\"target\":{\"@type\":\"EntryPoint\",\"urlTemplate\":\"https:\\\/\\\/www.meydan.tv\\\/az\\\/?s={search_term_string}\"},\"query-input\":{\"@type\":\"PropertyValueSpecification\",\"valueRequired\":true,\"valueName\":\"search_term_string\"}}],\"inLanguage\":\"az\"},{\"@type\":\"Organization\",\"@id\":\"https:\\\/\\\/www.meydan.tv\\\/az\\\/#organization\",\"name\":\"Meydan TV\",\"url\":\"https:\\\/\\\/www.meydan.tv\\\/az\\\/\",\"logo\":{\"@type\":\"ImageObject\",\"inLanguage\":\"az\",\"@id\":\"https:\\\/\\\/www.meydan.tv\\\/az\\\/#\\\/schema\\\/logo\\\/image\\\/\",\"url\":\"https:\\\/\\\/www.meydan.tv\\\/wp-content\\\/uploads\\\/2021\\\/07\\\/meydan-logo.svg\",\"contentUrl\":\"https:\\\/\\\/www.meydan.tv\\\/wp-content\\\/uploads\\\/2021\\\/07\\\/meydan-logo.svg\",\"width\":195,\"height\":46,\"caption\":\"Meydan TV\"},\"image\":{\"@id\":\"https:\\\/\\\/www.meydan.tv\\\/az\\\/#\\\/schema\\\/logo\\\/image\\\/\"}},{\"@type\":\"Person\",\"@id\":\"https:\\\/\\\/www.meydan.tv\\\/az\\\/#\\\/schema\\\/person\\\/9cdbecf90d17180ce1dfbd95b08dcf47\",\"name\":\"elli\",\"sameAs\":[\"https:\\\/\\\/x.com\\\/elli\"]}]}<\/script>\n<!-- \/ Yoast SEO plugin. -->","yoast_head_json":{"title":"C\u0259lilabad sakini: \u201c102-y\u0259 z\u0259ng etdiyim \u00fc\u00e7\u00fcn polis r\u0259isi m\u0259ni d\u00f6yd\u00fc\u201d - MEYDAN.TV","robots":{"index":"index","follow":"follow","max-snippet":"max-snippet:-1","max-image-preview":"max-image-preview:large","max-video-preview":"max-video-preview:-1"},"canonical":"https:\/\/www.meydan.tv\/az\/article\/celilabad-sakini-102-ye-zeng-etdiyim-ucun-polis-reisi-meni-doydu\/","og_locale":"az_AZ","og_type":"article","og_title":"C\u0259lilabad sakini: \u201c102-y\u0259 z\u0259ng etdiyim \u00fc\u00e7\u00fcn polis r\u0259isi m\u0259ni d\u00f6yd\u00fc\u201d - MEYDAN.TV","og_description":"\u201cQollar\u0131m qandalland\u0131, b\u00f6lm\u0259 r\u0259isi m\u0259ni h\u0259m danlay\u0131r, h\u0259m d\u0259 s\u00f6y\u00fcrd\u00fc\u201d ... Davam\u0131","og_url":"https:\/\/www.meydan.tv\/az\/article\/celilabad-sakini-102-ye-zeng-etdiyim-ucun-polis-reisi-meni-doydu\/","og_site_name":"MEYDAN.TV","article_published_time":"2022-08-29T13:53:30+00:00","article_modified_time":"2022-08-29T13:53:32+00:00","og_image":[{"width":1200,"height":800,"url":"https:\/\/www.meydan.tv\/wp-content\/uploads\/untitled-design-12-7.jpg","type":"image\/jpeg"}],"author":"elli","twitter_card":"summary_large_image","twitter_creator":"@elli","schema":{"@context":"https:\/\/schema.org","@graph":[{"@type":"Article","@id":"https:\/\/www.meydan.tv\/az\/article\/celilabad-sakini-102-ye-zeng-etdiyim-ucun-polis-reisi-meni-doydu\/#article","isPartOf":{"@id":"https:\/\/www.meydan.tv\/az\/article\/celilabad-sakini-102-ye-zeng-etdiyim-ucun-polis-reisi-meni-doydu\/"},"author":{"name":"elli","@id":"https:\/\/www.meydan.tv\/az\/#\/schema\/person\/9cdbecf90d17180ce1dfbd95b08dcf47"},"headline":"C\u0259lilabad sakini: \u201c102-y\u0259 z\u0259ng etdiyim \u00fc\u00e7\u00fcn polis r\u0259isi m\u0259ni d\u00f6yd\u00fc\u201d","datePublished":"2022-08-29T13:53:30+00:00","dateModified":"2022-08-29T13:53:32+00:00","mainEntityOfPage":{"@id":"https:\/\/www.meydan.tv\/az\/article\/celilabad-sakini-102-ye-zeng-etdiyim-ucun-polis-reisi-meni-doydu\/"},"wordCount":1199,"publisher":{"@id":"https:\/\/www.meydan.tv\/az\/#organization"},"image":{"@id":"https:\/\/www.meydan.tv\/az\/article\/celilabad-sakini-102-ye-zeng-etdiyim-ucun-polis-reisi-meni-doydu\/#primaryimage"},"thumbnailUrl":"https:\/\/www.meydan.tv\/wp-content\/uploads\/untitled-design-12-7.jpg","articleSection":["B\u00f6lg\u0259","T\u00f6vsiy\u0259","X\u0259b\u0259rl\u0259r"],"inLanguage":"az"},{"@type":"WebPage","@id":"https:\/\/www.meydan.tv\/az\/article\/celilabad-sakini-102-ye-zeng-etdiyim-ucun-polis-reisi-meni-doydu\/","url":"https:\/\/www.meydan.tv\/az\/article\/celilabad-sakini-102-ye-zeng-etdiyim-ucun-polis-reisi-meni-doydu\/","name":"C\u0259lilabad sakini: \u201c102-y\u0259 z\u0259ng etdiyim \u00fc\u00e7\u00fcn polis r\u0259isi m\u0259ni d\u00f6yd\u00fc\u201d - MEYDAN.TV","isPartOf":{"@id":"https:\/\/www.meydan.tv\/az\/#website"},"primaryImageOfPage":{"@id":"https:\/\/www.meydan.tv\/az\/article\/celilabad-sakini-102-ye-zeng-etdiyim-ucun-polis-reisi-meni-doydu\/#primaryimage"},"image":{"@id":"https:\/\/www.meydan.tv\/az\/article\/celilabad-sakini-102-ye-zeng-etdiyim-ucun-polis-reisi-meni-doydu\/#primaryimage"},"thumbnailUrl":"https:\/\/www.meydan.tv\/wp-content\/uploads\/untitled-design-12-7.jpg","datePublished":"2022-08-29T13:53:30+00:00","dateModified":"2022-08-29T13:53:32+00:00","breadcrumb":{"@id":"https:\/\/www.meydan.tv\/az\/article\/celilabad-sakini-102-ye-zeng-etdiyim-ucun-polis-reisi-meni-doydu\/#breadcrumb"},"inLanguage":"az","potentialAction":[{"@type":"ReadAction","target":["https:\/\/www.meydan.tv\/az\/article\/celilabad-sakini-102-ye-zeng-etdiyim-ucun-polis-reisi-meni-doydu\/"]}]},{"@type":"ImageObject","inLanguage":"az","@id":"https:\/\/www.meydan.tv\/az\/article\/celilabad-sakini-102-ye-zeng-etdiyim-ucun-polis-reisi-meni-doydu\/#primaryimage","url":"https:\/\/www.meydan.tv\/wp-content\/uploads\/untitled-design-12-7.jpg","contentUrl":"https:\/\/www.meydan.tv\/wp-content\/uploads\/untitled-design-12-7.jpg","width":1200,"height":800,"caption":"T\u0259rlan A\u011fayev. Fotolar: Meydan TV"},{"@type":"BreadcrumbList","@id":"https:\/\/www.meydan.tv\/az\/article\/celilabad-sakini-102-ye-zeng-etdiyim-ucun-polis-reisi-meni-doydu\/#breadcrumb","itemListElement":[{"@type":"ListItem","position":1,"name":"Ana s\u0259hif\u0259","item":"https:\/\/www.meydan.tv\/az\/"},{"@type":"ListItem","position":2,"name":"B\u00f6lg\u0259","item":"https:\/\/www.meydan.tv\/az\/section\/bolge\/"},{"@type":"ListItem","position":3,"name":"C\u0259lilabad sakini: \u201c102-y\u0259 z\u0259ng etdiyim \u00fc\u00e7\u00fcn polis r\u0259isi m\u0259ni d\u00f6yd\u00fc\u201d"}]},{"@type":"WebSite","@id":"https:\/\/www.meydan.tv\/az\/#website","url":"https:\/\/www.meydan.tv\/az\/","name":"MEYDAN.TV","description":"Meydan TV Az\u0259rbaycan\u0131n media m\u0259kan\u0131ndak\u0131 alternativ s\u0259sidir","publisher":{"@id":"https:\/\/www.meydan.tv\/az\/#organization"},"potentialAction":[{"@type":"SearchAction","target":{"@type":"EntryPoint","urlTemplate":"https:\/\/www.meydan.tv\/az\/?s={search_term_string}"},"query-input":{"@type":"PropertyValueSpecification","valueRequired":true,"valueName":"search_term_string"}}],"inLanguage":"az"},{"@type":"Organization","@id":"https:\/\/www.meydan.tv\/az\/#organization","name":"Meydan TV","url":"https:\/\/www.meydan.tv\/az\/","logo":{"@type":"ImageObject","inLanguage":"az","@id":"https:\/\/www.meydan.tv\/az\/#\/schema\/logo\/image\/","url":"https:\/\/www.meydan.tv\/wp-content\/uploads\/2021\/07\/meydan-logo.svg","contentUrl":"https:\/\/www.meydan.tv\/wp-content\/uploads\/2021\/07\/meydan-logo.svg","width":195,"height":46,"caption":"Meydan TV"},"image":{"@id":"https:\/\/www.meydan.tv\/az\/#\/schema\/logo\/image\/"}},{"@type":"Person","@id":"https:\/\/www.meydan.tv\/az\/#\/schema\/person\/9cdbecf90d17180ce1dfbd95b08dcf47","name":"elli","sameAs":["https:\/\/x.com\/elli"]}]}},"_links":{"self":[{"href":"https:\/\/www.meydan.tv\/az\/wp-json\/wp\/v2\/posts\/254398","targetHints":{"allow":["GET"]}}],"collection":[{"href":"https:\/\/www.meydan.tv\/az\/wp-json\/wp\/v2\/posts"}],"about":[{"href":"https:\/\/www.meydan.tv\/az\/wp-json\/wp\/v2\/types\/post"}],"author":[{"embeddable":true,"href":"https:\/\/www.meydan.tv\/az\/wp-json\/wp\/v2\/users\/8"}],"replies":[{"embeddable":true,"href":"https:\/\/www.meydan.tv\/az\/wp-json\/wp\/v2\/comments?post=254398"}],"version-history":[{"count":1,"href":"https:\/\/www.meydan.tv\/az\/wp-json\/wp\/v2\/posts\/254398\/revisions"}],"predecessor-version":[{"id":254399,"href":"https:\/\/www.meydan.tv\/az\/wp-json\/wp\/v2\/posts\/254398\/revisions\/254399"}],"wp:featuredmedia":[{"embeddable":true,"href":"https:\/\/www.meydan.tv\/az\/wp-json\/wp\/v2\/media\/254395"}],"wp:attachment":[{"href":"https:\/\/www.meydan.tv\/az\/wp-json\/wp\/v2\/media?parent=254398"}],"wp:term":[{"taxonomy":"category","embeddable":true,"href":"https:\/\/www.meydan.tv\/az\/wp-json\/wp\/v2\/categories?post=254398"},{"taxonomy":"post_tag","embeddable":true,"href":"https:\/\/www.meydan.tv\/az\/wp-json\/wp\/v2\/tags?post=254398"}],"curies":[{"name":"wp","href":"https:\/\/api.w.org\/{rel}","templated":true}]}}