{"id":254375,"date":"2022-08-29T15:48:40","date_gmt":"2022-08-29T11:48:40","guid":{"rendered":"https:\/\/www.meydan.tv\/?p=254375"},"modified":"2022-08-29T15:48:42","modified_gmt":"2022-08-29T11:48:42","slug":"muharibede-istirakima-gore-3-medal-almisam-amma-veteran-statusu-verilmir","status":"publish","type":"post","link":"https:\/\/www.meydan.tv\/az\/article\/muharibede-istirakima-gore-3-medal-almisam-amma-veteran-statusu-verilmir\/","title":{"rendered":"\u201cM\u00fcharib\u0259d\u0259 i\u015ftirak\u0131ma g\u00f6r\u0259 3 medal alm\u0131\u015fam, amma veteran statusu verilmir\u201d"},"content":{"rendered":"\n<p><\/p>\n\n\n\n<p><em>L\u0259nk\u0259ran sakini m\u00fcraci\u0259tin\u0259 cavab ala bilm\u0259diyini deyir<\/em><\/p>\n\n\n\n<p>\u201c\u0130kinci Qaraba\u011f M\u00fcharib\u0259sind\u0259 i\u015ftirak ets\u0259m d\u0259, h\u0259l\u0259 d\u0259 veteran statusu ala bilmir\u0259m. Deyirl\u0259r ki, ad\u0131n portalda yoxdur. D\u0259f\u0259l\u0259rl\u0259 m\u00fcraci\u0259t ets\u0259m d\u0259, s\u0259b\u0259bini \u00f6yr\u0259n\u0259 bilmir\u0259m\u201d.<\/p>\n\n\n\n<p>Bunu Meydan TV-y\u0259 \u0130kinci Qaraba\u011f M\u00fcharib\u0259si i\u015ftirak\u00e7\u0131s\u0131 \u0130nay\u0259t M\u00fcbariz o\u011flu \u015e\u0131x\u0259lizad\u0259 bildirib.<\/p>\n\n\n\n<p>L\u0259nk\u0259ran\u0131n Bala\u015f\u00fcr\u00fck k\u0259ndind\u0259 do\u011fulan \u0130nay\u0259t F\u00fczuli v\u0259 Xocav\u0259nd u\u011frunda ged\u0259n d\u00f6y\u00fc\u015fl\u0259rd\u0259 i\u015ftirak edib. \u015e\u0131x\u0259lizad\u0259 bildirib ki, m\u00fcharib\u0259d\u0259 d\u00f6y\u00fc\u015fd\u00fcy\u00fcn\u0259 g\u00f6r\u0259 3 medalla t\u0259ltif olunub. Lakin buna baxmayaraq ona h\u0259l\u0259 d\u0259 veteranl\u0131q statusu v\u0259 veteranlara \u00f6d\u0259nil\u0259n 80 manat verilmir:<\/p>\n\n\n\n<figure class=\"wp-block-image size-full\"><img decoding=\"async\" width=\"1000\" height=\"750\" data-src=\"https:\/\/www.meydan.tv\/wp-content\/uploads\/e1d3dd6a-44c6-44ea-b1c3-ecb74891277e-rotated.jpg\" alt=\"\" class=\"wp-image-254369 lazyload\" src=\"data:image\/svg+xml;base64,PHN2ZyB3aWR0aD0iMSIgaGVpZ2h0PSIxIiB4bWxucz0iaHR0cDovL3d3dy53My5vcmcvMjAwMC9zdmciPjwvc3ZnPg==\" style=\"--smush-placeholder-width: 1000px; --smush-placeholder-aspect-ratio: 1000\/750;\" \/><figcaption>Foto: Meydan TV<\/figcaption><\/figure>\n\n\n\n<p>\u201cDedil\u0259r ki, m\u00fcraci\u0259tim\u0259 bax\u0131l\u0131r, ya\u015fad\u0131\u0131m yer\u0259 s\u0259n\u0259d g\u00f6nd\u0259rilib. Ancaq m\u0259n almam\u0131\u015fam. \u201cXocav\u0259ndin azad olunmas\u0131na g\u00f6r\u0259\u201d, \u201cF\u00fczulinin azad olunmas\u0131na g\u00f6r\u0259\u201d v\u0259 \u201cC\u0259sur d\u00f6y\u00fc\u015f\u00e7\u00fc\u201d medallar\u0131yla t\u0259ltif edilmi\u015f\u0259m. Lakin n\u0259d\u0259ns\u0259, m\u0259nim ad\u0131m\u0131 sistem\u0259 salmay\u0131blar. L\u0259nk\u0259ran Rayon H\u0259rbi Komissarl\u0131\u011f\u0131na m\u00fcraci\u0259t ets\u0259m d\u0259, problem h\u0259ll olunmay\u0131b\u201d.<\/p>\n\n\n\n<p>\u0130nay\u0259tin atas\u0131 M\u00fcbariz \u015e\u0131x\u0259lizad\u0259 d\u0259 Birinci Qaraba\u011f M\u00fcharib\u0259si veteran\u0131d\u0131r.<\/p>\n\n\n\n<p>Meydan TV m\u00fcharib\u0259 i\u015ftirak\u00e7\u0131s\u0131n\u0131n m\u00fcraci\u0259ti il\u0259 ba\u011fl\u0131 M\u00fcdafi\u0259 Nazirliyin\u0259 sor\u011fu g\u00f6nd\u0259rs\u0259 d\u0259, cavabland\u0131r\u0131lmay\u0131b. L\u0259nk\u0259ran Rayon H\u0259rbi Komissarl\u0131\u011f\u0131ndan is\u0259 m\u0259s\u0259l\u0259ni ara\u015fd\u0131racaqlar\u0131n\u0131 deyibl\u0259r.<\/p>\n","protected":false},"excerpt":{"rendered":"<p>L\u0259nk\u0259ran sakini m\u00fcraci\u0259tin\u0259 cavab ala bilm\u0259diyini deyir \u201c\u0130kinci Qaraba\u011f M\u00fcharib\u0259sind\u0259 &#8230; <\/p>\n<p class=\"read-more-container\"><a title=\"\u201cM\u00fcharib\u0259d\u0259 i\u015ftirak\u0131ma g\u00f6r\u0259 3 medal alm\u0131\u015fam, amma veteran statusu verilmir\u201d\" class=\"read-more button\" href=\"https:\/\/www.meydan.tv\/az\/article\/muharibede-istirakima-gore-3-medal-almisam-amma-veteran-statusu-verilmir\/#more-254375\" aria-label=\"Read more about \u201cM\u00fcharib\u0259d\u0259 i\u015ftirak\u0131ma g\u00f6r\u0259 3 medal alm\u0131\u015fam, amma veteran statusu verilmir\u201d\">Davam\u0131<\/a><\/p>\n","protected":false},"author":8,"featured_media":254372,"comment_status":"closed","ping_status":"closed","sticky":false,"template":"","format":"standard","meta":{"_acf_changed":false,"_sitemap_exclude":false,"_sitemap_priority":"","_sitemap_frequency":"","footnotes":""},"categories":[60,79,56],"tags":[],"class_list":["post-254375","post","type-post","status-publish","format-standard","has-post-thumbnail","hentry","category-bolge","category-featured","category-xeberler","infinite-scroll-item","generate-columns","tablet-grid-50","mobile-grid-100","grid-parent","grid-33","no-featured-image-padding"],"acf":[],"yoast_head":"<!-- This site is optimized with the Yoast SEO plugin v27.5 - https:\/\/yoast.com\/product\/yoast-seo-wordpress\/ -->\n<title>\u201cM\u00fcharib\u0259d\u0259 i\u015ftirak\u0131ma g\u00f6r\u0259 3 medal alm\u0131\u015fam, amma veteran statusu verilmir\u201d - MEYDAN.TV<\/title>\n<meta name=\"robots\" content=\"index, follow, max-snippet:-1, max-image-preview:large, max-video-preview:-1\" \/>\n<link rel=\"canonical\" href=\"https:\/\/www.meydan.tv\/az\/article\/muharibede-istirakima-gore-3-medal-almisam-amma-veteran-statusu-verilmir\/\" \/>\n<meta property=\"og:locale\" content=\"az_AZ\" \/>\n<meta property=\"og:type\" content=\"article\" \/>\n<meta property=\"og:title\" content=\"\u201cM\u00fcharib\u0259d\u0259 i\u015ftirak\u0131ma g\u00f6r\u0259 3 medal alm\u0131\u015fam, amma veteran statusu verilmir\u201d - MEYDAN.TV\" \/>\n<meta property=\"og:description\" content=\"L\u0259nk\u0259ran sakini m\u00fcraci\u0259tin\u0259 cavab ala bilm\u0259diyini deyir \u201c\u0130kinci Qaraba\u011f M\u00fcharib\u0259sind\u0259 ... Davam\u0131\" \/>\n<meta property=\"og:url\" content=\"https:\/\/www.meydan.tv\/az\/article\/muharibede-istirakima-gore-3-medal-almisam-amma-veteran-statusu-verilmir\/\" \/>\n<meta property=\"og:site_name\" content=\"MEYDAN.TV\" \/>\n<meta property=\"article:published_time\" content=\"2022-08-29T11:48:40+00:00\" \/>\n<meta property=\"article:modified_time\" content=\"2022-08-29T11:48:42+00:00\" \/>\n<meta property=\"og:image\" content=\"https:\/\/www.meydan.tv\/wp-content\/uploads\/qazi.jpg\" \/>\n\t<meta property=\"og:image:width\" content=\"1200\" \/>\n\t<meta property=\"og:image:height\" content=\"753\" \/>\n\t<meta property=\"og:image:type\" content=\"image\/jpeg\" \/>\n<meta name=\"author\" content=\"elli\" \/>\n<meta name=\"twitter:card\" content=\"summary_large_image\" \/>\n<meta name=\"twitter:creator\" content=\"@elli\" \/>\n<script type=\"application\/ld+json\" class=\"yoast-schema-graph\">{\"@context\":\"https:\\\/\\\/schema.org\",\"@graph\":[{\"@type\":\"Article\",\"@id\":\"https:\\\/\\\/www.meydan.tv\\\/az\\\/article\\\/muharibede-istirakima-gore-3-medal-almisam-amma-veteran-statusu-verilmir\\\/#article\",\"isPartOf\":{\"@id\":\"https:\\\/\\\/www.meydan.tv\\\/az\\\/article\\\/muharibede-istirakima-gore-3-medal-almisam-amma-veteran-statusu-verilmir\\\/\"},\"author\":{\"name\":\"elli\",\"@id\":\"https:\\\/\\\/www.meydan.tv\\\/az\\\/#\\\/schema\\\/person\\\/9cdbecf90d17180ce1dfbd95b08dcf47\"},\"headline\":\"\u201cM\u00fcharib\u0259d\u0259 i\u015ftirak\u0131ma g\u00f6r\u0259 3 medal alm\u0131\u015fam, amma veteran statusu verilmir\u201d\",\"datePublished\":\"2022-08-29T11:48:40+00:00\",\"dateModified\":\"2022-08-29T11:48:42+00:00\",\"mainEntityOfPage\":{\"@id\":\"https:\\\/\\\/www.meydan.tv\\\/az\\\/article\\\/muharibede-istirakima-gore-3-medal-almisam-amma-veteran-statusu-verilmir\\\/\"},\"wordCount\":298,\"publisher\":{\"@id\":\"https:\\\/\\\/www.meydan.tv\\\/az\\\/#organization\"},\"image\":{\"@id\":\"https:\\\/\\\/www.meydan.tv\\\/az\\\/article\\\/muharibede-istirakima-gore-3-medal-almisam-amma-veteran-statusu-verilmir\\\/#primaryimage\"},\"thumbnailUrl\":\"https:\\\/\\\/www.meydan.tv\\\/wp-content\\\/uploads\\\/qazi.jpg\",\"articleSection\":[\"B\u00f6lg\u0259\",\"T\u00f6vsiy\u0259\",\"X\u0259b\u0259rl\u0259r\"],\"inLanguage\":\"az\"},{\"@type\":\"WebPage\",\"@id\":\"https:\\\/\\\/www.meydan.tv\\\/az\\\/article\\\/muharibede-istirakima-gore-3-medal-almisam-amma-veteran-statusu-verilmir\\\/\",\"url\":\"https:\\\/\\\/www.meydan.tv\\\/az\\\/article\\\/muharibede-istirakima-gore-3-medal-almisam-amma-veteran-statusu-verilmir\\\/\",\"name\":\"\u201cM\u00fcharib\u0259d\u0259 i\u015ftirak\u0131ma g\u00f6r\u0259 3 medal alm\u0131\u015fam, amma veteran statusu verilmir\u201d - MEYDAN.TV\",\"isPartOf\":{\"@id\":\"https:\\\/\\\/www.meydan.tv\\\/az\\\/#website\"},\"primaryImageOfPage\":{\"@id\":\"https:\\\/\\\/www.meydan.tv\\\/az\\\/article\\\/muharibede-istirakima-gore-3-medal-almisam-amma-veteran-statusu-verilmir\\\/#primaryimage\"},\"image\":{\"@id\":\"https:\\\/\\\/www.meydan.tv\\\/az\\\/article\\\/muharibede-istirakima-gore-3-medal-almisam-amma-veteran-statusu-verilmir\\\/#primaryimage\"},\"thumbnailUrl\":\"https:\\\/\\\/www.meydan.tv\\\/wp-content\\\/uploads\\\/qazi.jpg\",\"datePublished\":\"2022-08-29T11:48:40+00:00\",\"dateModified\":\"2022-08-29T11:48:42+00:00\",\"breadcrumb\":{\"@id\":\"https:\\\/\\\/www.meydan.tv\\\/az\\\/article\\\/muharibede-istirakima-gore-3-medal-almisam-amma-veteran-statusu-verilmir\\\/#breadcrumb\"},\"inLanguage\":\"az\",\"potentialAction\":[{\"@type\":\"ReadAction\",\"target\":[\"https:\\\/\\\/www.meydan.tv\\\/az\\\/article\\\/muharibede-istirakima-gore-3-medal-almisam-amma-veteran-statusu-verilmir\\\/\"]}]},{\"@type\":\"ImageObject\",\"inLanguage\":\"az\",\"@id\":\"https:\\\/\\\/www.meydan.tv\\\/az\\\/article\\\/muharibede-istirakima-gore-3-medal-almisam-amma-veteran-statusu-verilmir\\\/#primaryimage\",\"url\":\"https:\\\/\\\/www.meydan.tv\\\/wp-content\\\/uploads\\\/qazi.jpg\",\"contentUrl\":\"https:\\\/\\\/www.meydan.tv\\\/wp-content\\\/uploads\\\/qazi.jpg\",\"width\":1200,\"height\":753,\"caption\":\"Foto: \u0130nay\u0259t \u015e\u0131x\u0259lizad\u0259nin \u015f\u0259xsi arxivind\u0259n\"},{\"@type\":\"BreadcrumbList\",\"@id\":\"https:\\\/\\\/www.meydan.tv\\\/az\\\/article\\\/muharibede-istirakima-gore-3-medal-almisam-amma-veteran-statusu-verilmir\\\/#breadcrumb\",\"itemListElement\":[{\"@type\":\"ListItem\",\"position\":1,\"name\":\"Ana s\u0259hif\u0259\",\"item\":\"https:\\\/\\\/www.meydan.tv\\\/az\\\/\"},{\"@type\":\"ListItem\",\"position\":2,\"name\":\"B\u00f6lg\u0259\",\"item\":\"https:\\\/\\\/www.meydan.tv\\\/az\\\/section\\\/bolge\\\/\"},{\"@type\":\"ListItem\",\"position\":3,\"name\":\"\u201cM\u00fcharib\u0259d\u0259 i\u015ftirak\u0131ma g\u00f6r\u0259 3 medal alm\u0131\u015fam, amma veteran statusu verilmir\u201d\"}]},{\"@type\":\"WebSite\",\"@id\":\"https:\\\/\\\/www.meydan.tv\\\/az\\\/#website\",\"url\":\"https:\\\/\\\/www.meydan.tv\\\/az\\\/\",\"name\":\"MEYDAN.TV\",\"description\":\"Meydan TV Az\u0259rbaycan\u0131n media m\u0259kan\u0131ndak\u0131 alternativ s\u0259sidir\",\"publisher\":{\"@id\":\"https:\\\/\\\/www.meydan.tv\\\/az\\\/#organization\"},\"potentialAction\":[{\"@type\":\"SearchAction\",\"target\":{\"@type\":\"EntryPoint\",\"urlTemplate\":\"https:\\\/\\\/www.meydan.tv\\\/az\\\/?s={search_term_string}\"},\"query-input\":{\"@type\":\"PropertyValueSpecification\",\"valueRequired\":true,\"valueName\":\"search_term_string\"}}],\"inLanguage\":\"az\"},{\"@type\":\"Organization\",\"@id\":\"https:\\\/\\\/www.meydan.tv\\\/az\\\/#organization\",\"name\":\"Meydan TV\",\"url\":\"https:\\\/\\\/www.meydan.tv\\\/az\\\/\",\"logo\":{\"@type\":\"ImageObject\",\"inLanguage\":\"az\",\"@id\":\"https:\\\/\\\/www.meydan.tv\\\/az\\\/#\\\/schema\\\/logo\\\/image\\\/\",\"url\":\"https:\\\/\\\/www.meydan.tv\\\/wp-content\\\/uploads\\\/2021\\\/07\\\/meydan-logo.svg\",\"contentUrl\":\"https:\\\/\\\/www.meydan.tv\\\/wp-content\\\/uploads\\\/2021\\\/07\\\/meydan-logo.svg\",\"width\":195,\"height\":46,\"caption\":\"Meydan TV\"},\"image\":{\"@id\":\"https:\\\/\\\/www.meydan.tv\\\/az\\\/#\\\/schema\\\/logo\\\/image\\\/\"}},{\"@type\":\"Person\",\"@id\":\"https:\\\/\\\/www.meydan.tv\\\/az\\\/#\\\/schema\\\/person\\\/9cdbecf90d17180ce1dfbd95b08dcf47\",\"name\":\"elli\",\"sameAs\":[\"https:\\\/\\\/x.com\\\/elli\"]}]}<\/script>\n<!-- \/ Yoast SEO plugin. -->","yoast_head_json":{"title":"\u201cM\u00fcharib\u0259d\u0259 i\u015ftirak\u0131ma g\u00f6r\u0259 3 medal alm\u0131\u015fam, amma veteran statusu verilmir\u201d - MEYDAN.TV","robots":{"index":"index","follow":"follow","max-snippet":"max-snippet:-1","max-image-preview":"max-image-preview:large","max-video-preview":"max-video-preview:-1"},"canonical":"https:\/\/www.meydan.tv\/az\/article\/muharibede-istirakima-gore-3-medal-almisam-amma-veteran-statusu-verilmir\/","og_locale":"az_AZ","og_type":"article","og_title":"\u201cM\u00fcharib\u0259d\u0259 i\u015ftirak\u0131ma g\u00f6r\u0259 3 medal alm\u0131\u015fam, amma veteran statusu verilmir\u201d - MEYDAN.TV","og_description":"L\u0259nk\u0259ran sakini m\u00fcraci\u0259tin\u0259 cavab ala bilm\u0259diyini deyir \u201c\u0130kinci Qaraba\u011f M\u00fcharib\u0259sind\u0259 ... Davam\u0131","og_url":"https:\/\/www.meydan.tv\/az\/article\/muharibede-istirakima-gore-3-medal-almisam-amma-veteran-statusu-verilmir\/","og_site_name":"MEYDAN.TV","article_published_time":"2022-08-29T11:48:40+00:00","article_modified_time":"2022-08-29T11:48:42+00:00","og_image":[{"width":1200,"height":753,"url":"https:\/\/www.meydan.tv\/wp-content\/uploads\/qazi.jpg","type":"image\/jpeg"}],"author":"elli","twitter_card":"summary_large_image","twitter_creator":"@elli","schema":{"@context":"https:\/\/schema.org","@graph":[{"@type":"Article","@id":"https:\/\/www.meydan.tv\/az\/article\/muharibede-istirakima-gore-3-medal-almisam-amma-veteran-statusu-verilmir\/#article","isPartOf":{"@id":"https:\/\/www.meydan.tv\/az\/article\/muharibede-istirakima-gore-3-medal-almisam-amma-veteran-statusu-verilmir\/"},"author":{"name":"elli","@id":"https:\/\/www.meydan.tv\/az\/#\/schema\/person\/9cdbecf90d17180ce1dfbd95b08dcf47"},"headline":"\u201cM\u00fcharib\u0259d\u0259 i\u015ftirak\u0131ma g\u00f6r\u0259 3 medal alm\u0131\u015fam, amma veteran statusu verilmir\u201d","datePublished":"2022-08-29T11:48:40+00:00","dateModified":"2022-08-29T11:48:42+00:00","mainEntityOfPage":{"@id":"https:\/\/www.meydan.tv\/az\/article\/muharibede-istirakima-gore-3-medal-almisam-amma-veteran-statusu-verilmir\/"},"wordCount":298,"publisher":{"@id":"https:\/\/www.meydan.tv\/az\/#organization"},"image":{"@id":"https:\/\/www.meydan.tv\/az\/article\/muharibede-istirakima-gore-3-medal-almisam-amma-veteran-statusu-verilmir\/#primaryimage"},"thumbnailUrl":"https:\/\/www.meydan.tv\/wp-content\/uploads\/qazi.jpg","articleSection":["B\u00f6lg\u0259","T\u00f6vsiy\u0259","X\u0259b\u0259rl\u0259r"],"inLanguage":"az"},{"@type":"WebPage","@id":"https:\/\/www.meydan.tv\/az\/article\/muharibede-istirakima-gore-3-medal-almisam-amma-veteran-statusu-verilmir\/","url":"https:\/\/www.meydan.tv\/az\/article\/muharibede-istirakima-gore-3-medal-almisam-amma-veteran-statusu-verilmir\/","name":"\u201cM\u00fcharib\u0259d\u0259 i\u015ftirak\u0131ma g\u00f6r\u0259 3 medal alm\u0131\u015fam, amma veteran statusu verilmir\u201d - MEYDAN.TV","isPartOf":{"@id":"https:\/\/www.meydan.tv\/az\/#website"},"primaryImageOfPage":{"@id":"https:\/\/www.meydan.tv\/az\/article\/muharibede-istirakima-gore-3-medal-almisam-amma-veteran-statusu-verilmir\/#primaryimage"},"image":{"@id":"https:\/\/www.meydan.tv\/az\/article\/muharibede-istirakima-gore-3-medal-almisam-amma-veteran-statusu-verilmir\/#primaryimage"},"thumbnailUrl":"https:\/\/www.meydan.tv\/wp-content\/uploads\/qazi.jpg","datePublished":"2022-08-29T11:48:40+00:00","dateModified":"2022-08-29T11:48:42+00:00","breadcrumb":{"@id":"https:\/\/www.meydan.tv\/az\/article\/muharibede-istirakima-gore-3-medal-almisam-amma-veteran-statusu-verilmir\/#breadcrumb"},"inLanguage":"az","potentialAction":[{"@type":"ReadAction","target":["https:\/\/www.meydan.tv\/az\/article\/muharibede-istirakima-gore-3-medal-almisam-amma-veteran-statusu-verilmir\/"]}]},{"@type":"ImageObject","inLanguage":"az","@id":"https:\/\/www.meydan.tv\/az\/article\/muharibede-istirakima-gore-3-medal-almisam-amma-veteran-statusu-verilmir\/#primaryimage","url":"https:\/\/www.meydan.tv\/wp-content\/uploads\/qazi.jpg","contentUrl":"https:\/\/www.meydan.tv\/wp-content\/uploads\/qazi.jpg","width":1200,"height":753,"caption":"Foto: \u0130nay\u0259t \u015e\u0131x\u0259lizad\u0259nin \u015f\u0259xsi arxivind\u0259n"},{"@type":"BreadcrumbList","@id":"https:\/\/www.meydan.tv\/az\/article\/muharibede-istirakima-gore-3-medal-almisam-amma-veteran-statusu-verilmir\/#breadcrumb","itemListElement":[{"@type":"ListItem","position":1,"name":"Ana s\u0259hif\u0259","item":"https:\/\/www.meydan.tv\/az\/"},{"@type":"ListItem","position":2,"name":"B\u00f6lg\u0259","item":"https:\/\/www.meydan.tv\/az\/section\/bolge\/"},{"@type":"ListItem","position":3,"name":"\u201cM\u00fcharib\u0259d\u0259 i\u015ftirak\u0131ma g\u00f6r\u0259 3 medal alm\u0131\u015fam, amma veteran statusu verilmir\u201d"}]},{"@type":"WebSite","@id":"https:\/\/www.meydan.tv\/az\/#website","url":"https:\/\/www.meydan.tv\/az\/","name":"MEYDAN.TV","description":"Meydan TV Az\u0259rbaycan\u0131n media m\u0259kan\u0131ndak\u0131 alternativ s\u0259sidir","publisher":{"@id":"https:\/\/www.meydan.tv\/az\/#organization"},"potentialAction":[{"@type":"SearchAction","target":{"@type":"EntryPoint","urlTemplate":"https:\/\/www.meydan.tv\/az\/?s={search_term_string}"},"query-input":{"@type":"PropertyValueSpecification","valueRequired":true,"valueName":"search_term_string"}}],"inLanguage":"az"},{"@type":"Organization","@id":"https:\/\/www.meydan.tv\/az\/#organization","name":"Meydan TV","url":"https:\/\/www.meydan.tv\/az\/","logo":{"@type":"ImageObject","inLanguage":"az","@id":"https:\/\/www.meydan.tv\/az\/#\/schema\/logo\/image\/","url":"https:\/\/www.meydan.tv\/wp-content\/uploads\/2021\/07\/meydan-logo.svg","contentUrl":"https:\/\/www.meydan.tv\/wp-content\/uploads\/2021\/07\/meydan-logo.svg","width":195,"height":46,"caption":"Meydan TV"},"image":{"@id":"https:\/\/www.meydan.tv\/az\/#\/schema\/logo\/image\/"}},{"@type":"Person","@id":"https:\/\/www.meydan.tv\/az\/#\/schema\/person\/9cdbecf90d17180ce1dfbd95b08dcf47","name":"elli","sameAs":["https:\/\/x.com\/elli"]}]}},"_links":{"self":[{"href":"https:\/\/www.meydan.tv\/az\/wp-json\/wp\/v2\/posts\/254375","targetHints":{"allow":["GET"]}}],"collection":[{"href":"https:\/\/www.meydan.tv\/az\/wp-json\/wp\/v2\/posts"}],"about":[{"href":"https:\/\/www.meydan.tv\/az\/wp-json\/wp\/v2\/types\/post"}],"author":[{"embeddable":true,"href":"https:\/\/www.meydan.tv\/az\/wp-json\/wp\/v2\/users\/8"}],"replies":[{"embeddable":true,"href":"https:\/\/www.meydan.tv\/az\/wp-json\/wp\/v2\/comments?post=254375"}],"version-history":[{"count":1,"href":"https:\/\/www.meydan.tv\/az\/wp-json\/wp\/v2\/posts\/254375\/revisions"}],"predecessor-version":[{"id":254376,"href":"https:\/\/www.meydan.tv\/az\/wp-json\/wp\/v2\/posts\/254375\/revisions\/254376"}],"wp:featuredmedia":[{"embeddable":true,"href":"https:\/\/www.meydan.tv\/az\/wp-json\/wp\/v2\/media\/254372"}],"wp:attachment":[{"href":"https:\/\/www.meydan.tv\/az\/wp-json\/wp\/v2\/media?parent=254375"}],"wp:term":[{"taxonomy":"category","embeddable":true,"href":"https:\/\/www.meydan.tv\/az\/wp-json\/wp\/v2\/categories?post=254375"},{"taxonomy":"post_tag","embeddable":true,"href":"https:\/\/www.meydan.tv\/az\/wp-json\/wp\/v2\/tags?post=254375"}],"curies":[{"name":"wp","href":"https:\/\/api.w.org\/{rel}","templated":true}]}}