{"id":254345,"date":"2022-08-29T13:45:37","date_gmt":"2022-08-29T09:45:37","guid":{"rendered":"https:\/\/www.meydan.tv\/?p=254345"},"modified":"2022-08-29T13:45:39","modified_gmt":"2022-08-29T09:45:39","slug":"dokubakunun-jurileri-melum-olub","status":"publish","type":"post","link":"https:\/\/www.meydan.tv\/az\/article\/dokubakunun-jurileri-melum-olub\/","title":{"rendered":"\u201cDokuBaku\u201dnun j\u00fcril\u0259ri m\u0259lum olub"},"content":{"rendered":"\n<p><\/p>\n\n\n\n<p><em>Filml\u0259r \u00fc\u00e7 kateqoriya \u00fczr\u0259 qiym\u0259tl\u0259ndiril\u0259c\u0259k<\/em><\/p>\n\n\n\n<p>Sentyabr\u0131n 21-25-d\u0259 Bak\u0131da n\u00f6vb\u0259ti \u201cDokuBaku\u201d Beyn\u0259lxalq S\u0259n\u0259dli Film Festival\u0131 ke\u00e7iril\u0259c\u0259k.<\/p>\n\n\n\n<p>T\u0259\u015fkilat\u00e7\u0131lar\u0131n verdiyi m\u0259lumata g\u00f6r\u0259, festivalda m\u00fcxt\u0259lif \u00f6lk\u0259l\u0259rd\u0259n on be\u015f ekspertd\u0259n ibar\u0259t beyn\u0259lxalq m\u00fcnsifl\u0259r hey\u0259ti i\u015ftirak <a href=\"https:\/\/culture.gov.az\/az\/umumi-xeberler\/14615\" target=\"_blank\" rel=\"noreferrer noopener\">ed\u0259c\u0259k.<\/a><\/p>\n\n\n\n<p>M\u00fcnsifl\u0259r filml\u0259ri \u00fc\u00e7 kateqoriya \u00fczr\u0259 \u201c\u018fn Yax\u015f\u0131 Tammetrajl\u0131 S\u0259n\u0259dli Film\u201d, \u201c\u018fn Yax\u015f\u0131 Q\u0131sametrajl\u0131 S\u0259n\u0259dli Film\u201d v\u0259 \u201c\u018fsas M\u00fcsabiq\u0259d\u0259n K\u0259nar\u201d qiym\u0259tl\u0259ndir\u0259c\u0259kl\u0259r.<\/p>\n\n\n\n<p>Bu il m\u00fcnsifl\u0259r hey\u0259tin\u0259 tan\u0131nm\u0131\u015f s\u0259n\u0259dli kino rejissorlar\u0131, kino v\u0259 foto d\u00fcnyas\u0131n\u0131n n\u00fcmay\u0259nd\u0259l\u0259ri daxildir.<\/p>\n\n\n\n<p>Onlar\u0131n aras\u0131nda Kann Film Festival\u0131n\u0131n qalibi v\u0259 Amerika Kino Akademiyas\u0131n\u0131n m\u00fcnsifl\u0259r hey\u0259tinin \u00fczv\u00fc Sergey Dvortsevoy, fransal\u0131 fotojurnalist, \u00e7oxsayl\u0131 beyn\u0259lxalq m\u00fckafatlar\u0131n, o c\u00fcml\u0259d\u0259n UN\u0130CEF m\u00fckafat\u0131n\u0131n laureat\u0131, Fransan\u0131n Milli F\u0259aliyy\u0259t Ordeni sahibi Reza Deqati v\u0259 \u201cEMMY\u201d m\u00fckafat\u0131 laureat\u0131, \u201cOskar\u201d m\u00fckafat\u0131na namiz\u0259d olan prod\u00fcser Kirstin Barfod var.<\/p>\n\n\n\n<p>Builki festival\u0131n x\u00fcsusi qona\u011f\u0131 pol\u015fal\u0131 s\u0259n\u0259dli film rejissoru v\u0259 senaristi, bir \u00e7ox kino festivallar\u0131n\u0131n laureat\u0131 Pavel Lozinskidir.<\/p>\n\n\n\n<p>O, festival \u00e7\u0259r\u00e7iv\u0259sind\u0259 \u00f6z\u00fcn\u00fcn rejissor, h\u0259yat yolda\u015f\u0131 Aqne\u015fka Mankievi\u00e7in is\u0259 prod\u00fcseri oldu\u011fu \u201cBalkon\u201d filmini t\u0259qdim ed\u0259c\u0259k.<\/p>\n\n\n\n<p>S\u0259sverm\u0259 proseduru onlayn v\u0259 canl\u0131 formatda olacaq, daha sonra birg\u0259 m\u00fczakir\u0259 apar\u0131lacaq v\u0259 h\u0259r bir kateqoriya \u00fczr\u0259 qalibl\u0259r se\u00e7il\u0259c\u0259k.<\/p>\n\n\n\n<p>Qalibl\u0259r festival g\u00fcnl\u0259rind\u0259 elan olunacaq.<\/p>\n\n\n\n<p>\u201cDokuBaku\u201d Az\u0259rbaycanda ilk v\u0259 yegan\u0259 m\u00fcst\u0259qil Beyn\u0259lxalq S\u0259n\u0259dli Film Festival\u0131d\u0131r.<\/p>\n\n\n\n<p>2017-ci ild\u0259 t\u0259sis edildiyi g\u00fcnd\u0259n festival\u0131n m\u0259qs\u0259di beyn\u0259lxalq proqramda d\u00fcnyan\u0131n m\u00fcxt\u0259lif \u00f6lk\u0259l\u0259rind\u0259n x\u00fcsusi se\u00e7ilmi\u015f s\u0259n\u0259dli filml\u0259rin n\u00fcmayi\u015fini, el\u0259c\u0259 d\u0259 yerli kinorejissorlar\u0131 v\u0259 bu janr\u0131n istehsal\u0131na d\u0259st\u0259k olmaq m\u0259qs\u0259di da\u015f\u0131yan yerli m\u00fcsabiq\u0259ni t\u0259qdim etm\u0259kd\u0259n ibar\u0259tdir.<\/p>\n","protected":false},"excerpt":{"rendered":"<p>Filml\u0259r \u00fc\u00e7 kateqoriya \u00fczr\u0259 qiym\u0259tl\u0259ndiril\u0259c\u0259k Sentyabr\u0131n 21-25-d\u0259 Bak\u0131da n\u00f6vb\u0259ti \u201cDokuBaku\u201d &#8230; <\/p>\n<p class=\"read-more-container\"><a title=\"\u201cDokuBaku\u201dnun j\u00fcril\u0259ri m\u0259lum olub\" class=\"read-more button\" href=\"https:\/\/www.meydan.tv\/az\/article\/dokubakunun-jurileri-melum-olub\/#more-254345\" aria-label=\"Read more about \u201cDokuBaku\u201dnun j\u00fcril\u0259ri m\u0259lum olub\">Davam\u0131<\/a><\/p>\n","protected":false},"author":8,"featured_media":254328,"comment_status":"closed","ping_status":"closed","sticky":false,"template":"","format":"standard","meta":{"_acf_changed":false,"_sitemap_exclude":false,"_sitemap_priority":"","_sitemap_frequency":"","footnotes":""},"categories":[52,56],"tags":[],"class_list":["post-254345","post","type-post","status-publish","format-standard","has-post-thumbnail","hentry","category-medeniyyet","category-xeberler","infinite-scroll-item","generate-columns","tablet-grid-50","mobile-grid-100","grid-parent","grid-33","no-featured-image-padding"],"acf":[],"yoast_head":"<!-- This site is optimized with the Yoast SEO plugin v27.5 - https:\/\/yoast.com\/product\/yoast-seo-wordpress\/ -->\n<title>\u201cDokuBaku\u201dnun j\u00fcril\u0259ri m\u0259lum olub - MEYDAN.TV<\/title>\n<meta name=\"robots\" content=\"index, follow, max-snippet:-1, max-image-preview:large, max-video-preview:-1\" \/>\n<link rel=\"canonical\" href=\"https:\/\/www.meydan.tv\/az\/article\/dokubakunun-jurileri-melum-olub\/\" \/>\n<meta property=\"og:locale\" content=\"az_AZ\" \/>\n<meta property=\"og:type\" content=\"article\" \/>\n<meta property=\"og:title\" content=\"\u201cDokuBaku\u201dnun j\u00fcril\u0259ri m\u0259lum olub - MEYDAN.TV\" \/>\n<meta property=\"og:description\" content=\"Filml\u0259r \u00fc\u00e7 kateqoriya \u00fczr\u0259 qiym\u0259tl\u0259ndiril\u0259c\u0259k Sentyabr\u0131n 21-25-d\u0259 Bak\u0131da n\u00f6vb\u0259ti \u201cDokuBaku\u201d ... Davam\u0131\" \/>\n<meta property=\"og:url\" content=\"https:\/\/www.meydan.tv\/az\/article\/dokubakunun-jurileri-melum-olub\/\" \/>\n<meta property=\"og:site_name\" content=\"MEYDAN.TV\" \/>\n<meta property=\"article:published_time\" content=\"2022-08-29T09:45:37+00:00\" \/>\n<meta property=\"article:modified_time\" content=\"2022-08-29T09:45:39+00:00\" \/>\n<meta property=\"og:image\" content=\"https:\/\/www.meydan.tv\/wp-content\/uploads\/cover.png\" \/>\n\t<meta property=\"og:image:width\" content=\"1200\" \/>\n\t<meta property=\"og:image:height\" content=\"675\" \/>\n\t<meta property=\"og:image:type\" content=\"image\/png\" \/>\n<meta name=\"author\" content=\"elli\" \/>\n<meta name=\"twitter:card\" content=\"summary_large_image\" \/>\n<meta name=\"twitter:creator\" content=\"@elli\" \/>\n<script type=\"application\/ld+json\" class=\"yoast-schema-graph\">{\"@context\":\"https:\\\/\\\/schema.org\",\"@graph\":[{\"@type\":\"Article\",\"@id\":\"https:\\\/\\\/www.meydan.tv\\\/az\\\/article\\\/dokubakunun-jurileri-melum-olub\\\/#article\",\"isPartOf\":{\"@id\":\"https:\\\/\\\/www.meydan.tv\\\/az\\\/article\\\/dokubakunun-jurileri-melum-olub\\\/\"},\"author\":{\"name\":\"elli\",\"@id\":\"https:\\\/\\\/www.meydan.tv\\\/az\\\/#\\\/schema\\\/person\\\/9cdbecf90d17180ce1dfbd95b08dcf47\"},\"headline\":\"\u201cDokuBaku\u201dnun j\u00fcril\u0259ri m\u0259lum olub\",\"datePublished\":\"2022-08-29T09:45:37+00:00\",\"dateModified\":\"2022-08-29T09:45:39+00:00\",\"mainEntityOfPage\":{\"@id\":\"https:\\\/\\\/www.meydan.tv\\\/az\\\/article\\\/dokubakunun-jurileri-melum-olub\\\/\"},\"wordCount\":381,\"publisher\":{\"@id\":\"https:\\\/\\\/www.meydan.tv\\\/az\\\/#organization\"},\"image\":{\"@id\":\"https:\\\/\\\/www.meydan.tv\\\/az\\\/article\\\/dokubakunun-jurileri-melum-olub\\\/#primaryimage\"},\"thumbnailUrl\":\"https:\\\/\\\/www.meydan.tv\\\/wp-content\\\/uploads\\\/cover.png\",\"articleSection\":[\"M\u0259d\u0259niyy\u0259t\",\"X\u0259b\u0259rl\u0259r\"],\"inLanguage\":\"az\"},{\"@type\":\"WebPage\",\"@id\":\"https:\\\/\\\/www.meydan.tv\\\/az\\\/article\\\/dokubakunun-jurileri-melum-olub\\\/\",\"url\":\"https:\\\/\\\/www.meydan.tv\\\/az\\\/article\\\/dokubakunun-jurileri-melum-olub\\\/\",\"name\":\"\u201cDokuBaku\u201dnun j\u00fcril\u0259ri m\u0259lum olub - MEYDAN.TV\",\"isPartOf\":{\"@id\":\"https:\\\/\\\/www.meydan.tv\\\/az\\\/#website\"},\"primaryImageOfPage\":{\"@id\":\"https:\\\/\\\/www.meydan.tv\\\/az\\\/article\\\/dokubakunun-jurileri-melum-olub\\\/#primaryimage\"},\"image\":{\"@id\":\"https:\\\/\\\/www.meydan.tv\\\/az\\\/article\\\/dokubakunun-jurileri-melum-olub\\\/#primaryimage\"},\"thumbnailUrl\":\"https:\\\/\\\/www.meydan.tv\\\/wp-content\\\/uploads\\\/cover.png\",\"datePublished\":\"2022-08-29T09:45:37+00:00\",\"dateModified\":\"2022-08-29T09:45:39+00:00\",\"breadcrumb\":{\"@id\":\"https:\\\/\\\/www.meydan.tv\\\/az\\\/article\\\/dokubakunun-jurileri-melum-olub\\\/#breadcrumb\"},\"inLanguage\":\"az\",\"potentialAction\":[{\"@type\":\"ReadAction\",\"target\":[\"https:\\\/\\\/www.meydan.tv\\\/az\\\/article\\\/dokubakunun-jurileri-melum-olub\\\/\"]}]},{\"@type\":\"ImageObject\",\"inLanguage\":\"az\",\"@id\":\"https:\\\/\\\/www.meydan.tv\\\/az\\\/article\\\/dokubakunun-jurileri-melum-olub\\\/#primaryimage\",\"url\":\"https:\\\/\\\/www.meydan.tv\\\/wp-content\\\/uploads\\\/cover.png\",\"contentUrl\":\"https:\\\/\\\/www.meydan.tv\\\/wp-content\\\/uploads\\\/cover.png\",\"width\":1200,\"height\":675,\"caption\":\"Foto: M\u0259d\u0259niyy\u0259t Nazirliyi\"},{\"@type\":\"BreadcrumbList\",\"@id\":\"https:\\\/\\\/www.meydan.tv\\\/az\\\/article\\\/dokubakunun-jurileri-melum-olub\\\/#breadcrumb\",\"itemListElement\":[{\"@type\":\"ListItem\",\"position\":1,\"name\":\"Ana s\u0259hif\u0259\",\"item\":\"https:\\\/\\\/www.meydan.tv\\\/az\\\/\"},{\"@type\":\"ListItem\",\"position\":2,\"name\":\"M\u0259d\u0259niyy\u0259t\",\"item\":\"https:\\\/\\\/www.meydan.tv\\\/az\\\/section\\\/medeniyyet\\\/\"},{\"@type\":\"ListItem\",\"position\":3,\"name\":\"\u201cDokuBaku\u201dnun j\u00fcril\u0259ri m\u0259lum olub\"}]},{\"@type\":\"WebSite\",\"@id\":\"https:\\\/\\\/www.meydan.tv\\\/az\\\/#website\",\"url\":\"https:\\\/\\\/www.meydan.tv\\\/az\\\/\",\"name\":\"MEYDAN.TV\",\"description\":\"Meydan TV Az\u0259rbaycan\u0131n media m\u0259kan\u0131ndak\u0131 alternativ s\u0259sidir\",\"publisher\":{\"@id\":\"https:\\\/\\\/www.meydan.tv\\\/az\\\/#organization\"},\"potentialAction\":[{\"@type\":\"SearchAction\",\"target\":{\"@type\":\"EntryPoint\",\"urlTemplate\":\"https:\\\/\\\/www.meydan.tv\\\/az\\\/?s={search_term_string}\"},\"query-input\":{\"@type\":\"PropertyValueSpecification\",\"valueRequired\":true,\"valueName\":\"search_term_string\"}}],\"inLanguage\":\"az\"},{\"@type\":\"Organization\",\"@id\":\"https:\\\/\\\/www.meydan.tv\\\/az\\\/#organization\",\"name\":\"Meydan TV\",\"url\":\"https:\\\/\\\/www.meydan.tv\\\/az\\\/\",\"logo\":{\"@type\":\"ImageObject\",\"inLanguage\":\"az\",\"@id\":\"https:\\\/\\\/www.meydan.tv\\\/az\\\/#\\\/schema\\\/logo\\\/image\\\/\",\"url\":\"https:\\\/\\\/www.meydan.tv\\\/wp-content\\\/uploads\\\/2021\\\/07\\\/meydan-logo.svg\",\"contentUrl\":\"https:\\\/\\\/www.meydan.tv\\\/wp-content\\\/uploads\\\/2021\\\/07\\\/meydan-logo.svg\",\"width\":195,\"height\":46,\"caption\":\"Meydan TV\"},\"image\":{\"@id\":\"https:\\\/\\\/www.meydan.tv\\\/az\\\/#\\\/schema\\\/logo\\\/image\\\/\"}},{\"@type\":\"Person\",\"@id\":\"https:\\\/\\\/www.meydan.tv\\\/az\\\/#\\\/schema\\\/person\\\/9cdbecf90d17180ce1dfbd95b08dcf47\",\"name\":\"elli\",\"sameAs\":[\"https:\\\/\\\/x.com\\\/elli\"]}]}<\/script>\n<!-- \/ Yoast SEO plugin. -->","yoast_head_json":{"title":"\u201cDokuBaku\u201dnun j\u00fcril\u0259ri m\u0259lum olub - MEYDAN.TV","robots":{"index":"index","follow":"follow","max-snippet":"max-snippet:-1","max-image-preview":"max-image-preview:large","max-video-preview":"max-video-preview:-1"},"canonical":"https:\/\/www.meydan.tv\/az\/article\/dokubakunun-jurileri-melum-olub\/","og_locale":"az_AZ","og_type":"article","og_title":"\u201cDokuBaku\u201dnun j\u00fcril\u0259ri m\u0259lum olub - MEYDAN.TV","og_description":"Filml\u0259r \u00fc\u00e7 kateqoriya \u00fczr\u0259 qiym\u0259tl\u0259ndiril\u0259c\u0259k Sentyabr\u0131n 21-25-d\u0259 Bak\u0131da n\u00f6vb\u0259ti \u201cDokuBaku\u201d ... Davam\u0131","og_url":"https:\/\/www.meydan.tv\/az\/article\/dokubakunun-jurileri-melum-olub\/","og_site_name":"MEYDAN.TV","article_published_time":"2022-08-29T09:45:37+00:00","article_modified_time":"2022-08-29T09:45:39+00:00","og_image":[{"width":1200,"height":675,"url":"https:\/\/www.meydan.tv\/wp-content\/uploads\/cover.png","type":"image\/png"}],"author":"elli","twitter_card":"summary_large_image","twitter_creator":"@elli","schema":{"@context":"https:\/\/schema.org","@graph":[{"@type":"Article","@id":"https:\/\/www.meydan.tv\/az\/article\/dokubakunun-jurileri-melum-olub\/#article","isPartOf":{"@id":"https:\/\/www.meydan.tv\/az\/article\/dokubakunun-jurileri-melum-olub\/"},"author":{"name":"elli","@id":"https:\/\/www.meydan.tv\/az\/#\/schema\/person\/9cdbecf90d17180ce1dfbd95b08dcf47"},"headline":"\u201cDokuBaku\u201dnun j\u00fcril\u0259ri m\u0259lum olub","datePublished":"2022-08-29T09:45:37+00:00","dateModified":"2022-08-29T09:45:39+00:00","mainEntityOfPage":{"@id":"https:\/\/www.meydan.tv\/az\/article\/dokubakunun-jurileri-melum-olub\/"},"wordCount":381,"publisher":{"@id":"https:\/\/www.meydan.tv\/az\/#organization"},"image":{"@id":"https:\/\/www.meydan.tv\/az\/article\/dokubakunun-jurileri-melum-olub\/#primaryimage"},"thumbnailUrl":"https:\/\/www.meydan.tv\/wp-content\/uploads\/cover.png","articleSection":["M\u0259d\u0259niyy\u0259t","X\u0259b\u0259rl\u0259r"],"inLanguage":"az"},{"@type":"WebPage","@id":"https:\/\/www.meydan.tv\/az\/article\/dokubakunun-jurileri-melum-olub\/","url":"https:\/\/www.meydan.tv\/az\/article\/dokubakunun-jurileri-melum-olub\/","name":"\u201cDokuBaku\u201dnun j\u00fcril\u0259ri m\u0259lum olub - MEYDAN.TV","isPartOf":{"@id":"https:\/\/www.meydan.tv\/az\/#website"},"primaryImageOfPage":{"@id":"https:\/\/www.meydan.tv\/az\/article\/dokubakunun-jurileri-melum-olub\/#primaryimage"},"image":{"@id":"https:\/\/www.meydan.tv\/az\/article\/dokubakunun-jurileri-melum-olub\/#primaryimage"},"thumbnailUrl":"https:\/\/www.meydan.tv\/wp-content\/uploads\/cover.png","datePublished":"2022-08-29T09:45:37+00:00","dateModified":"2022-08-29T09:45:39+00:00","breadcrumb":{"@id":"https:\/\/www.meydan.tv\/az\/article\/dokubakunun-jurileri-melum-olub\/#breadcrumb"},"inLanguage":"az","potentialAction":[{"@type":"ReadAction","target":["https:\/\/www.meydan.tv\/az\/article\/dokubakunun-jurileri-melum-olub\/"]}]},{"@type":"ImageObject","inLanguage":"az","@id":"https:\/\/www.meydan.tv\/az\/article\/dokubakunun-jurileri-melum-olub\/#primaryimage","url":"https:\/\/www.meydan.tv\/wp-content\/uploads\/cover.png","contentUrl":"https:\/\/www.meydan.tv\/wp-content\/uploads\/cover.png","width":1200,"height":675,"caption":"Foto: M\u0259d\u0259niyy\u0259t Nazirliyi"},{"@type":"BreadcrumbList","@id":"https:\/\/www.meydan.tv\/az\/article\/dokubakunun-jurileri-melum-olub\/#breadcrumb","itemListElement":[{"@type":"ListItem","position":1,"name":"Ana s\u0259hif\u0259","item":"https:\/\/www.meydan.tv\/az\/"},{"@type":"ListItem","position":2,"name":"M\u0259d\u0259niyy\u0259t","item":"https:\/\/www.meydan.tv\/az\/section\/medeniyyet\/"},{"@type":"ListItem","position":3,"name":"\u201cDokuBaku\u201dnun j\u00fcril\u0259ri m\u0259lum olub"}]},{"@type":"WebSite","@id":"https:\/\/www.meydan.tv\/az\/#website","url":"https:\/\/www.meydan.tv\/az\/","name":"MEYDAN.TV","description":"Meydan TV Az\u0259rbaycan\u0131n media m\u0259kan\u0131ndak\u0131 alternativ s\u0259sidir","publisher":{"@id":"https:\/\/www.meydan.tv\/az\/#organization"},"potentialAction":[{"@type":"SearchAction","target":{"@type":"EntryPoint","urlTemplate":"https:\/\/www.meydan.tv\/az\/?s={search_term_string}"},"query-input":{"@type":"PropertyValueSpecification","valueRequired":true,"valueName":"search_term_string"}}],"inLanguage":"az"},{"@type":"Organization","@id":"https:\/\/www.meydan.tv\/az\/#organization","name":"Meydan TV","url":"https:\/\/www.meydan.tv\/az\/","logo":{"@type":"ImageObject","inLanguage":"az","@id":"https:\/\/www.meydan.tv\/az\/#\/schema\/logo\/image\/","url":"https:\/\/www.meydan.tv\/wp-content\/uploads\/2021\/07\/meydan-logo.svg","contentUrl":"https:\/\/www.meydan.tv\/wp-content\/uploads\/2021\/07\/meydan-logo.svg","width":195,"height":46,"caption":"Meydan TV"},"image":{"@id":"https:\/\/www.meydan.tv\/az\/#\/schema\/logo\/image\/"}},{"@type":"Person","@id":"https:\/\/www.meydan.tv\/az\/#\/schema\/person\/9cdbecf90d17180ce1dfbd95b08dcf47","name":"elli","sameAs":["https:\/\/x.com\/elli"]}]}},"_links":{"self":[{"href":"https:\/\/www.meydan.tv\/az\/wp-json\/wp\/v2\/posts\/254345","targetHints":{"allow":["GET"]}}],"collection":[{"href":"https:\/\/www.meydan.tv\/az\/wp-json\/wp\/v2\/posts"}],"about":[{"href":"https:\/\/www.meydan.tv\/az\/wp-json\/wp\/v2\/types\/post"}],"author":[{"embeddable":true,"href":"https:\/\/www.meydan.tv\/az\/wp-json\/wp\/v2\/users\/8"}],"replies":[{"embeddable":true,"href":"https:\/\/www.meydan.tv\/az\/wp-json\/wp\/v2\/comments?post=254345"}],"version-history":[{"count":1,"href":"https:\/\/www.meydan.tv\/az\/wp-json\/wp\/v2\/posts\/254345\/revisions"}],"predecessor-version":[{"id":254347,"href":"https:\/\/www.meydan.tv\/az\/wp-json\/wp\/v2\/posts\/254345\/revisions\/254347"}],"wp:featuredmedia":[{"embeddable":true,"href":"https:\/\/www.meydan.tv\/az\/wp-json\/wp\/v2\/media\/254328"}],"wp:attachment":[{"href":"https:\/\/www.meydan.tv\/az\/wp-json\/wp\/v2\/media?parent=254345"}],"wp:term":[{"taxonomy":"category","embeddable":true,"href":"https:\/\/www.meydan.tv\/az\/wp-json\/wp\/v2\/categories?post=254345"},{"taxonomy":"post_tag","embeddable":true,"href":"https:\/\/www.meydan.tv\/az\/wp-json\/wp\/v2\/tags?post=254345"}],"curies":[{"name":"wp","href":"https:\/\/api.w.org\/{rel}","templated":true}]}}