{"id":254305,"date":"2022-08-28T15:06:23","date_gmt":"2022-08-28T11:06:23","guid":{"rendered":"https:\/\/www.meydan.tv\/?p=254305"},"modified":"2022-08-28T15:06:25","modified_gmt":"2022-08-28T11:06:25","slug":"quba-sakini-azerisiq-mene-deyen-ziyani-odememek-ucun-her-yola-el-atir","status":"publish","type":"post","link":"https:\/\/www.meydan.tv\/az\/article\/quba-sakini-azerisiq-mene-deyen-ziyani-odememek-ucun-her-yola-el-atir\/","title":{"rendered":"Quba sakini: \u201cAz\u0259ri\u015f\u0131q\u201d m\u0259n\u0259 d\u0259y\u0259n ziyan\u0131 \u00f6d\u0259m\u0259m\u0259k \u00fc\u00e7\u00fcn h\u0259r yola \u0259l at\u0131r\u2026\u201d"},"content":{"rendered":"\n<p><\/p>\n\n\n\n<p><em>M\u00f6vlud \u018fliyev: \u201c\u018fg\u0259r \u201cAz\u0259ri\u015f\u0131q\u201d\u0131n \u0259m\u0259kda\u015f\u0131 t\u0259qsirli bilins\u0259, ziyan\u0131 da onlar \u00f6d\u0259m\u0259lidir\u201d<\/em><\/p>\n\n\n\n<p>Quba sakini M\u00f6vlud \u018fliyev m\u0259hk\u0259m\u0259 v\u0259 ekspertizadan naraz\u0131d\u0131r. O iddia edir ki, m\u0259hk\u0259m\u0259 ekspertiza il\u0259 \u0259lbir olub, onu s\u00fcr\u00fcnd\u00fcrm\u0259kl\u0259 m\u0259\u015f\u011fuldur. Onun s\u00f6zl\u0259rin\u0259 g\u00f6r\u0259, iki il\u0259 yax\u0131nd\u0131r ara\u015fd\u0131rma ad\u0131yla proses yubad\u0131l\u0131r.<\/p>\n\n\n\n<p><strong>\u201c\u00dc\u00e7 d\u0259f\u0259 ekspertiza r\u0259y verib, bununla kifay\u0259tl\u0259nmirl\u0259r\u201d<\/strong><\/p>\n\n\n\n<p>M\u00f6vlud \u018fliyevin \u015fikay\u0259tl\u0259ndiyi proses Quba Rayon M\u0259hk\u0259m\u0259sind\u0259 davam edir. S\u00f6hb\u0259t \u015fikay\u0259t\u00e7inin ba\u015fqa bir dostu El\u00e7in Orucovla birlikd\u0259 11 il icar\u0259 \u0259sas\u0131nda i\u015fl\u0259tdiyi \u0259rzaq ma\u011fazas\u0131nda yan\u011f\u0131nla ba\u011fl\u0131 ara\u015fd\u0131rmalardan gedir. Hadis\u0259 2020-ci il dekabr\u0131n 26-da ba\u015f vers\u0259 d\u0259, h\u0259l\u0259 m\u0259s\u0259l\u0259 il\u0259 ba\u011fl\u0131 yekun q\u0259rar verilm\u0259yib.<\/p>\n\n\n\n<p>Quba sakininin s\u00f6zl\u0259rin\u0259 g\u00f6r\u0259, yan\u011f\u0131n\u0131n s\u0259b\u0259bl\u0259rini m\u00fc\u0259yy\u0259nl\u0259\u015fdirm\u0259k \u00fc\u00e7\u00fcn uzun m\u00fcdd\u0259t istintaq gedib, m\u0259hk\u0259m\u0259 d\u0259 bir il\u0259 yax\u0131nd\u0131r davam edir:<\/p>\n\n\n\n<p>\u201cQuba Rayon M\u0259hk\u0259m\u0259sind\u0259 bu i\u015f\u0259 \u0259vv\u0259l bir hakim bax\u0131rd\u0131. Sonra i\u015fi ikinci hakim\u0259 \u2013 Rahim H\u0259s\u0259nova verdil\u0259r. O da i\u015fi uzada-uzada gedir. T\u0259s\u0259vv\u00fcr edin, \u00fc\u00e7 d\u0259f\u0259 ekspertiza t\u0259yin olunub, r\u0259y al\u0131n\u0131b, bunlara kifay\u0259t el\u0259mir. D\u00f6rd\u00fcnc\u00fc ekspertizan\u0131 da t\u0259yin el\u0259dil\u0259r. M\u0259hk\u0259m\u0259 Ekspertiza \u0130dar\u0259si d\u0259 bir aydan \u00e7oxdur r\u0259y vermir, orada da i\u015fi yubad\u0131rlar\u2026\u201d<\/p>\n\n\n\n<p><strong>Yan\u011f\u0131na g\u00f6r\u0259 \u201cAz\u0259ri\u015f\u0131q\u201d \u0259m\u0259kda\u015f\u0131 ittiham olunur<\/strong><\/p>\n\n\n\n<p>Yan\u011f\u0131nla \u0259laq\u0259dar \u201cAz\u0259ri\u015f\u0131q\u201d ASC-nin \u015eimal Regional Enerji T\u0259chizat\u0131 v\u0259 Sat\u0131\u015f\u0131 \u0130dar\u0259sinin Quba Elektrik \u015e\u0259b\u0259k\u0259sinin ba\u015f m\u00fch\u0259ndisi Kamran Babayev cinay\u0259t m\u0259suliyy\u0259tin\u0259 c\u0259lb olunub. O, Cinay\u0259t M\u0259c\u0259ll\u0259sinin 314.2 (s\u0259hl\u0259nkarl\u0131q, ehtiyats\u0131zl\u0131qdan a\u011f\u0131r n\u0259tic\u0259l\u0259r\u0259 s\u0259b\u0259b olduqda) madd\u0259sil\u0259 ittiham edilir.<\/p>\n\n\n\n<p>\u0130stintaq bel\u0259 n\u0259tic\u0259y\u0259 g\u0259lib ki, Kamran Babayev \u201celektrik \u015f\u0259b\u0259k\u0259l\u0259ri \u0259m\u0259kda\u015flar\u0131n\u0131n v\u0259zif\u0259 t\u0259limat\u0131\u201d, \u201crayon elektrik \u015f\u0259b\u0259k\u0259sinin ba\u015f m\u00fch\u0259ndisinin v\u0259zif\u0259 t\u0259limat\u0131\u201dn\u0131n t\u0259l\u0259bl\u0259rini pozub. O, eletrik avadanl\u0131qlar\u0131n\u0131n saz v\u0259ziyy\u0259td\u0259 olmas\u0131n\u0131 yoxlamal\u0131yd\u0131, hava x\u0259tl\u0259rin\u0259 bax\u0131\u015f ke\u00e7irm\u0259liydi, m\u0259sul oldu\u011fu sah\u0259d\u0259ki bina v\u0259 qur\u011fular\u0131n v\u0259ziyy\u0259tin\u0259 n\u0259zar\u0259t etm\u0259li, vaxt\u0131nda nasazl\u0131q aktlar\u0131 t\u0259rtib etm\u0259liydi. Lakin bunlar\u0131 etm\u0259yib. N\u0259tic\u0259d\u0259 ma\u011fazan\u0131n \u00fcst\u00fcnd\u0259n ke\u00e7\u0259n Quba Elektrik \u015e\u0259b\u0259k\u0259sinin balans\u0131nda olan 6 kv-luq hava x\u0259ttinin naqili q\u0131r\u0131l\u0131b, ma\u011fazan\u0131n dam\u0131n\u0131n k\u0259nar\u0131na vurulmu\u015f d\u0259mir t\u0259b\u0259q\u0259nin \u00fcst\u00fcn\u0259 d\u00fc\u015f\u00fcb. Bu zaman \u0259m\u0259l\u0259 g\u0259lmi\u015f qapanman\u0131n t\u0259sirind\u0259n yaranan q\u0131\u011f\u0131lc\u0131mlar\u0131n ma\u011fazan\u0131n i\u00e7ind\u0259ki yanar materiallar\u0131n (ya\u011flar\u0131n) \u00fcst\u00fcn\u0259 d\u00fc\u015f\u00fcb v\u0259 yan\u011f\u0131n ba\u015f verib.<\/p>\n\n\n\n<p>\u0130stintaq\u0131n q\u0259na\u0259tin\u0259 g\u00f6r\u0259, n\u0259tic\u0259d\u0259 ma\u011fazan\u0131n icar\u0259dar\u0131 M\u00f6vlud \u018fliyev\u0259 75 min 935 manat ziyan d\u0259yib.<\/p>\n\n\n\n<p><strong>\u201c\u018fdliyy\u0259 Nazirliyin\u0259 t\u0259sir g\u00f6st\u0259rirl\u0259r\u2026\u201d<\/strong><\/p>\n\n\n\n<p>\u201c\u0130ki d\u0259f\u0259 ekspertiza r\u0259y verib ki, hadis\u0259 \u201cAz\u0259ri\u015f\u0131q\u201d\u0131n g\u00fcnah\u0131 \u00fcz\u00fcnd\u0259n ba\u015f verib. Bununla kifay\u0259tl\u0259nm\u0259dil\u0259r, martda \u00fc\u00e7\u00fcnc\u00fc ekspertizan\u0131 t\u0259yin el\u0259di m\u0259hk\u0259m\u0259. \u00dc\u00e7\u00fcnc\u00fc ekspertiza iyunun 16-da r\u0259y verdi ki, yan\u011f\u0131n\u0131n s\u0259b\u0259bl\u0259ril\u0259 ba\u011fl\u0131 m\u0259hk\u0259m\u0259nin qoydu\u011fu suallara cavab ver\u0259 bilm\u0259k \u00fc\u00e7\u00fcn t\u0259dqiqat aparmaq m\u00fcmk\u00fcn deyil. \u00c7\u00fcnki art\u0131q yan\u011f\u0131n\u0131n n\u0259tic\u0259l\u0259ri aradan qald\u0131r\u0131l\u0131b, \u0259vv\u0259lki v\u0259ziyy\u0259t d\u0259yi\u015fib, ona g\u00f6r\u0259 ekspertiza r\u0259y ver\u0259 bilmir\u201d, &#8211; \u015fikay\u0259t\u00e7i bel\u0259 deyir.<\/p>\n\n\n\n<p>Bundan sonra m\u0259hk\u0259m\u0259d\u0259 prokuror v\u0259sat\u0259t verib ki, kompleks m\u0259hk\u0259m\u0259 yan\u011f\u0131n-texniki ekspertizas\u0131 ke\u00e7irilsin. T\u0259qsirl\u0259ndiril\u0259n \u201cAz\u0259ri\u015f\u0131q\u201d \u0259m\u0259kda\u015f\u0131 v\u0259 onun v\u0259kill\u0259ri d\u0259 bu v\u0259sat\u0259ti d\u0259st\u0259kl\u0259yib. \u0130yulun 14-d\u0259 n\u00f6vb\u0259ti d\u0259f\u0259 ekspertiza t\u0259yin olunub.<\/p>\n\n\n\n<p>\u015eikay\u0259t\u00e7i hesab edir ki, n\u00f6vb\u0259ti d\u0259f\u0259 ekspertiza t\u0259yin etm\u0259kd\u0259 m\u0259qs\u0259d f\u0259rqli r\u0259y al\u0131b, \u201cAz\u0259ri\u015f\u0131q\u201d\u0131 m\u0259suliyy\u0259td\u0259n k\u0259narda saxlamaqd\u0131r:<\/p>\n\n\n\n<p>\u201c\u018fg\u0259r \u201cAz\u0259ri\u015f\u0131q\u201d\u0131n \u0259m\u0259kda\u015f\u0131 t\u0259qsirli bilins\u0259, ona n\u0259 c\u0259za verilm\u0259sind\u0259n as\u0131l\u0131 olmayaraq, m\u0259suliyy\u0259t bu qurumun \u00fcz\u0259rind\u0259 qal\u0131r, d\u0259ymi\u015f ziyan\u0131 onlar \u00f6d\u0259m\u0259lidir. \u201cAz\u0259ri\u015f\u0131q\u201d da ziyan\u0131 \u00f6d\u0259m\u0259k ist\u0259mir. Bu s\u0259b\u0259bd\u0259n m\u0259suliyy\u0259td\u0259n yay\u0131nmaq, m\u0259n\u0259 d\u0259y\u0259n ziyan\u0131 verm\u0259m\u0259k \u00fc\u00e7\u00fcn h\u0259r yola \u0259l at\u0131rlar. \u018fdliyy\u0259 Nazirliyin\u0259 v\u0259 qurumun tabeliyind\u0259 olan Ekspertiza M\u0259rk\u0259zin\u0259 t\u0259sir g\u00f6st\u0259rirl\u0259r\u2026\u201d, &#8211; M\u00f6vlud \u018fliyev bildirib.<\/p>\n\n\n\n<p><strong>\u201cAz\u0259ri\u015f\u0131q\u201d \u0259m\u0259kda\u015f\u0131 v\u0259 \u018fdliyy\u0259 Nazirliyi n\u0259 deyir?<\/strong><\/p>\n\n\n\n<p>1990-c\u0131 ild\u0259n Quba Elektrik \u015e\u0259b\u0259k\u0259sind\u0259 m\u00fcxt\u0259lif v\u0259zif\u0259l\u0259rd\u0259 i\u015fl\u0259mi\u015f Kamran Babayev is\u0259 hesab edir ki, yan\u011f\u0131n ma\u011fazan\u0131n i\u00e7ind\u0259 ba\u015f vermi\u015f q\u0131saqapanma n\u0259tic\u0259sind\u0259 olub. O, elektrik naqilinin q\u0131r\u0131lmas\u0131 v\u0259 d\u00fc\u015f\u0259n q\u0131\u011f\u0131lc\u0131mdan yan\u011f\u0131n ba\u015f verm\u0259si haqda r\u0259yl\u0259 raz\u0131la\u015fm\u0131r.<\/p>\n\n\n\n<p>58 ya\u015fl\u0131 Kamran Babayev t\u0259qsirl\u0259ndiril\u0259n \u015f\u0259xs qismind\u0259 tan\u0131nsa da, h\u0259bsd\u0259 deyil.<\/p>\n\n\n\n<figure class=\"wp-block-image size-large\"><img decoding=\"async\" width=\"545\" height=\"821\" data-src=\"https:\/\/www.meydan.tv\/wp-content\/uploads\/photo-2022-08-24-14-22-00-545x821.jpg\" alt=\"\" class=\"wp-image-254302 lazyload\" src=\"data:image\/svg+xml;base64,PHN2ZyB3aWR0aD0iMSIgaGVpZ2h0PSIxIiB4bWxucz0iaHR0cDovL3d3dy53My5vcmcvMjAwMC9zdmciPjwvc3ZnPg==\" style=\"--smush-placeholder-width: 545px; --smush-placeholder-aspect-ratio: 545\/821;\" \/><figcaption>M\u0259hk\u0259m\u0259 q\u0259rar\u0131<\/figcaption><\/figure>\n\n\n\n<p>\u018fdliyy\u0259 Nazirliyinin m\u0259tbuat xidm\u0259tind\u0259n Meydan TV-y\u0259 bildirilib ki, bu i\u015f \u00fczr\u0259 \u00f6nc\u0259 F\u00f6vq\u0259lada Hallar Nazirliyinin, ard\u0131nca Quba Rayon Prokurorlu\u011funun, daha sonra Quba Rayon M\u0259hk\u0259m\u0259sinin q\u0259rarlar\u0131 \u0259sas\u0131nda ilkin v\u0259 \u0259lav\u0259 m\u0259hk\u0259m\u0259 yan\u011f\u0131n-texniki ekspertizalar\u0131 t\u0259yin edilib. 2021-ci ilin aprel v\u0259 sentyabr aylar\u0131nda, h\u0259m\u00e7inin 2022-ci ilin iyun ay\u0131nda ekspert r\u0259yl\u0259ri verilib.<\/p>\n\n\n\n<p>\u201cSonuncu d\u0259f\u0259 Quba Rayon M\u0259hk\u0259m\u0259sinin 14 iyul 2022-ci il tarixli q\u0259rar\u0131 il\u0259 i\u015f \u00fczr\u0259 \u0259lav\u0259 m\u0259hk\u0259m\u0259 yan\u011f\u0131n-texniki ekspertizas\u0131 t\u0259yin edilmi\u015f. \u0130\u015f materiallar\u0131 Ekspertiza M\u0259rk\u0259zin\u0259 avqustun 2-d\u0259 daxil olub. Ekspertin m\u00fcst\u0259qilliyi prinsipin\u0259 riay\u0259t etm\u0259kl\u0259, ekspertizan\u0131n qanunla n\u0259z\u0259rd\u0259 tutulmu\u015f m\u00fcdd\u0259td\u0259 apar\u0131lmas\u0131 v\u0259 ekspert r\u0259yinin verilm\u0259si t\u0259min olunacaq\u201d, &#8211; \u018fdliyy\u0259 Nazirliyind\u0259n bel\u0259 deyilib.<\/p>\n","protected":false},"excerpt":{"rendered":"<p>M\u00f6vlud \u018fliyev: \u201c\u018fg\u0259r \u201cAz\u0259ri\u015f\u0131q\u201d\u0131n \u0259m\u0259kda\u015f\u0131 t\u0259qsirli bilins\u0259, ziyan\u0131 da onlar &#8230; <\/p>\n<p class=\"read-more-container\"><a title=\"Quba sakini: \u201cAz\u0259ri\u015f\u0131q\u201d m\u0259n\u0259 d\u0259y\u0259n ziyan\u0131 \u00f6d\u0259m\u0259m\u0259k \u00fc\u00e7\u00fcn h\u0259r yola \u0259l at\u0131r\u2026\u201d\" class=\"read-more button\" href=\"https:\/\/www.meydan.tv\/az\/article\/quba-sakini-azerisiq-mene-deyen-ziyani-odememek-ucun-her-yola-el-atir\/#more-254305\" aria-label=\"Read more about Quba sakini: \u201cAz\u0259ri\u015f\u0131q\u201d m\u0259n\u0259 d\u0259y\u0259n ziyan\u0131 \u00f6d\u0259m\u0259m\u0259k \u00fc\u00e7\u00fcn h\u0259r yola \u0259l at\u0131r\u2026\u201d\">Davam\u0131<\/a><\/p>\n","protected":false},"author":8,"featured_media":245982,"comment_status":"closed","ping_status":"closed","sticky":false,"template":"","format":"standard","meta":{"_acf_changed":false,"_sitemap_exclude":false,"_sitemap_priority":"","_sitemap_frequency":"","footnotes":""},"categories":[60,56],"tags":[],"class_list":["post-254305","post","type-post","status-publish","format-standard","has-post-thumbnail","hentry","category-bolge","category-xeberler","infinite-scroll-item","generate-columns","tablet-grid-50","mobile-grid-100","grid-parent","grid-33","no-featured-image-padding"],"acf":[],"yoast_head":"<!-- This site is optimized with the Yoast SEO plugin v27.5 - https:\/\/yoast.com\/product\/yoast-seo-wordpress\/ -->\n<title>Quba sakini: \u201cAz\u0259ri\u015f\u0131q\u201d m\u0259n\u0259 d\u0259y\u0259n ziyan\u0131 \u00f6d\u0259m\u0259m\u0259k \u00fc\u00e7\u00fcn h\u0259r yola \u0259l at\u0131r\u2026\u201d - MEYDAN.TV<\/title>\n<meta name=\"robots\" content=\"index, follow, max-snippet:-1, max-image-preview:large, max-video-preview:-1\" \/>\n<link rel=\"canonical\" href=\"https:\/\/www.meydan.tv\/az\/article\/quba-sakini-azerisiq-mene-deyen-ziyani-odememek-ucun-her-yola-el-atir\/\" \/>\n<meta property=\"og:locale\" content=\"az_AZ\" \/>\n<meta property=\"og:type\" content=\"article\" \/>\n<meta property=\"og:title\" content=\"Quba sakini: \u201cAz\u0259ri\u015f\u0131q\u201d m\u0259n\u0259 d\u0259y\u0259n ziyan\u0131 \u00f6d\u0259m\u0259m\u0259k \u00fc\u00e7\u00fcn h\u0259r yola \u0259l at\u0131r\u2026\u201d - MEYDAN.TV\" \/>\n<meta property=\"og:description\" content=\"M\u00f6vlud \u018fliyev: \u201c\u018fg\u0259r \u201cAz\u0259ri\u015f\u0131q\u201d\u0131n \u0259m\u0259kda\u015f\u0131 t\u0259qsirli bilins\u0259, ziyan\u0131 da onlar ... Davam\u0131\" \/>\n<meta property=\"og:url\" content=\"https:\/\/www.meydan.tv\/az\/article\/quba-sakini-azerisiq-mene-deyen-ziyani-odememek-ucun-her-yola-el-atir\/\" \/>\n<meta property=\"og:site_name\" content=\"MEYDAN.TV\" \/>\n<meta property=\"article:published_time\" content=\"2022-08-28T11:06:23+00:00\" \/>\n<meta property=\"article:modified_time\" content=\"2022-08-28T11:06:25+00:00\" \/>\n<meta property=\"og:image\" content=\"https:\/\/www.meydan.tv\/wp-content\/uploads\/15701857195267434427_1000x669.jpg\" \/>\n\t<meta property=\"og:image:width\" content=\"1200\" \/>\n\t<meta property=\"og:image:height\" content=\"674\" \/>\n\t<meta property=\"og:image:type\" content=\"image\/jpeg\" \/>\n<meta name=\"author\" content=\"elli\" \/>\n<meta name=\"twitter:card\" content=\"summary_large_image\" \/>\n<meta name=\"twitter:creator\" content=\"@elli\" \/>\n<script type=\"application\/ld+json\" class=\"yoast-schema-graph\">{\"@context\":\"https:\\\/\\\/schema.org\",\"@graph\":[{\"@type\":\"Article\",\"@id\":\"https:\\\/\\\/www.meydan.tv\\\/az\\\/article\\\/quba-sakini-azerisiq-mene-deyen-ziyani-odememek-ucun-her-yola-el-atir\\\/#article\",\"isPartOf\":{\"@id\":\"https:\\\/\\\/www.meydan.tv\\\/az\\\/article\\\/quba-sakini-azerisiq-mene-deyen-ziyani-odememek-ucun-her-yola-el-atir\\\/\"},\"author\":{\"name\":\"elli\",\"@id\":\"https:\\\/\\\/www.meydan.tv\\\/az\\\/#\\\/schema\\\/person\\\/9cdbecf90d17180ce1dfbd95b08dcf47\"},\"headline\":\"Quba sakini: \u201cAz\u0259ri\u015f\u0131q\u201d m\u0259n\u0259 d\u0259y\u0259n ziyan\u0131 \u00f6d\u0259m\u0259m\u0259k \u00fc\u00e7\u00fcn h\u0259r yola \u0259l at\u0131r\u2026\u201d\",\"datePublished\":\"2022-08-28T11:06:23+00:00\",\"dateModified\":\"2022-08-28T11:06:25+00:00\",\"mainEntityOfPage\":{\"@id\":\"https:\\\/\\\/www.meydan.tv\\\/az\\\/article\\\/quba-sakini-azerisiq-mene-deyen-ziyani-odememek-ucun-her-yola-el-atir\\\/\"},\"wordCount\":1115,\"publisher\":{\"@id\":\"https:\\\/\\\/www.meydan.tv\\\/az\\\/#organization\"},\"image\":{\"@id\":\"https:\\\/\\\/www.meydan.tv\\\/az\\\/article\\\/quba-sakini-azerisiq-mene-deyen-ziyani-odememek-ucun-her-yola-el-atir\\\/#primaryimage\"},\"thumbnailUrl\":\"https:\\\/\\\/www.meydan.tv\\\/wp-content\\\/uploads\\\/15701857195267434427_1000x669.jpg\",\"articleSection\":[\"B\u00f6lg\u0259\",\"X\u0259b\u0259rl\u0259r\"],\"inLanguage\":\"az\"},{\"@type\":\"WebPage\",\"@id\":\"https:\\\/\\\/www.meydan.tv\\\/az\\\/article\\\/quba-sakini-azerisiq-mene-deyen-ziyani-odememek-ucun-her-yola-el-atir\\\/\",\"url\":\"https:\\\/\\\/www.meydan.tv\\\/az\\\/article\\\/quba-sakini-azerisiq-mene-deyen-ziyani-odememek-ucun-her-yola-el-atir\\\/\",\"name\":\"Quba sakini: \u201cAz\u0259ri\u015f\u0131q\u201d m\u0259n\u0259 d\u0259y\u0259n ziyan\u0131 \u00f6d\u0259m\u0259m\u0259k \u00fc\u00e7\u00fcn h\u0259r yola \u0259l at\u0131r\u2026\u201d - MEYDAN.TV\",\"isPartOf\":{\"@id\":\"https:\\\/\\\/www.meydan.tv\\\/az\\\/#website\"},\"primaryImageOfPage\":{\"@id\":\"https:\\\/\\\/www.meydan.tv\\\/az\\\/article\\\/quba-sakini-azerisiq-mene-deyen-ziyani-odememek-ucun-her-yola-el-atir\\\/#primaryimage\"},\"image\":{\"@id\":\"https:\\\/\\\/www.meydan.tv\\\/az\\\/article\\\/quba-sakini-azerisiq-mene-deyen-ziyani-odememek-ucun-her-yola-el-atir\\\/#primaryimage\"},\"thumbnailUrl\":\"https:\\\/\\\/www.meydan.tv\\\/wp-content\\\/uploads\\\/15701857195267434427_1000x669.jpg\",\"datePublished\":\"2022-08-28T11:06:23+00:00\",\"dateModified\":\"2022-08-28T11:06:25+00:00\",\"breadcrumb\":{\"@id\":\"https:\\\/\\\/www.meydan.tv\\\/az\\\/article\\\/quba-sakini-azerisiq-mene-deyen-ziyani-odememek-ucun-her-yola-el-atir\\\/#breadcrumb\"},\"inLanguage\":\"az\",\"potentialAction\":[{\"@type\":\"ReadAction\",\"target\":[\"https:\\\/\\\/www.meydan.tv\\\/az\\\/article\\\/quba-sakini-azerisiq-mene-deyen-ziyani-odememek-ucun-her-yola-el-atir\\\/\"]}]},{\"@type\":\"ImageObject\",\"inLanguage\":\"az\",\"@id\":\"https:\\\/\\\/www.meydan.tv\\\/az\\\/article\\\/quba-sakini-azerisiq-mene-deyen-ziyani-odememek-ucun-her-yola-el-atir\\\/#primaryimage\",\"url\":\"https:\\\/\\\/www.meydan.tv\\\/wp-content\\\/uploads\\\/15701857195267434427_1000x669.jpg\",\"contentUrl\":\"https:\\\/\\\/www.meydan.tv\\\/wp-content\\\/uploads\\\/15701857195267434427_1000x669.jpg\",\"width\":1200,\"height\":674,\"caption\":\"\u201cAz\u0259ri\u015f\u0131q\u201d ASC. Foto: Az\u0259rtac\"},{\"@type\":\"BreadcrumbList\",\"@id\":\"https:\\\/\\\/www.meydan.tv\\\/az\\\/article\\\/quba-sakini-azerisiq-mene-deyen-ziyani-odememek-ucun-her-yola-el-atir\\\/#breadcrumb\",\"itemListElement\":[{\"@type\":\"ListItem\",\"position\":1,\"name\":\"Ana s\u0259hif\u0259\",\"item\":\"https:\\\/\\\/www.meydan.tv\\\/az\\\/\"},{\"@type\":\"ListItem\",\"position\":2,\"name\":\"B\u00f6lg\u0259\",\"item\":\"https:\\\/\\\/www.meydan.tv\\\/az\\\/section\\\/bolge\\\/\"},{\"@type\":\"ListItem\",\"position\":3,\"name\":\"Quba sakini: \u201cAz\u0259ri\u015f\u0131q\u201d m\u0259n\u0259 d\u0259y\u0259n ziyan\u0131 \u00f6d\u0259m\u0259m\u0259k \u00fc\u00e7\u00fcn h\u0259r yola \u0259l at\u0131r\u2026\u201d\"}]},{\"@type\":\"WebSite\",\"@id\":\"https:\\\/\\\/www.meydan.tv\\\/az\\\/#website\",\"url\":\"https:\\\/\\\/www.meydan.tv\\\/az\\\/\",\"name\":\"MEYDAN.TV\",\"description\":\"Meydan TV Az\u0259rbaycan\u0131n media m\u0259kan\u0131ndak\u0131 alternativ s\u0259sidir\",\"publisher\":{\"@id\":\"https:\\\/\\\/www.meydan.tv\\\/az\\\/#organization\"},\"potentialAction\":[{\"@type\":\"SearchAction\",\"target\":{\"@type\":\"EntryPoint\",\"urlTemplate\":\"https:\\\/\\\/www.meydan.tv\\\/az\\\/?s={search_term_string}\"},\"query-input\":{\"@type\":\"PropertyValueSpecification\",\"valueRequired\":true,\"valueName\":\"search_term_string\"}}],\"inLanguage\":\"az\"},{\"@type\":\"Organization\",\"@id\":\"https:\\\/\\\/www.meydan.tv\\\/az\\\/#organization\",\"name\":\"Meydan TV\",\"url\":\"https:\\\/\\\/www.meydan.tv\\\/az\\\/\",\"logo\":{\"@type\":\"ImageObject\",\"inLanguage\":\"az\",\"@id\":\"https:\\\/\\\/www.meydan.tv\\\/az\\\/#\\\/schema\\\/logo\\\/image\\\/\",\"url\":\"https:\\\/\\\/www.meydan.tv\\\/wp-content\\\/uploads\\\/2021\\\/07\\\/meydan-logo.svg\",\"contentUrl\":\"https:\\\/\\\/www.meydan.tv\\\/wp-content\\\/uploads\\\/2021\\\/07\\\/meydan-logo.svg\",\"width\":195,\"height\":46,\"caption\":\"Meydan TV\"},\"image\":{\"@id\":\"https:\\\/\\\/www.meydan.tv\\\/az\\\/#\\\/schema\\\/logo\\\/image\\\/\"}},{\"@type\":\"Person\",\"@id\":\"https:\\\/\\\/www.meydan.tv\\\/az\\\/#\\\/schema\\\/person\\\/9cdbecf90d17180ce1dfbd95b08dcf47\",\"name\":\"elli\",\"sameAs\":[\"https:\\\/\\\/x.com\\\/elli\"]}]}<\/script>\n<!-- \/ Yoast SEO plugin. -->","yoast_head_json":{"title":"Quba sakini: \u201cAz\u0259ri\u015f\u0131q\u201d m\u0259n\u0259 d\u0259y\u0259n ziyan\u0131 \u00f6d\u0259m\u0259m\u0259k \u00fc\u00e7\u00fcn h\u0259r yola \u0259l at\u0131r\u2026\u201d - MEYDAN.TV","robots":{"index":"index","follow":"follow","max-snippet":"max-snippet:-1","max-image-preview":"max-image-preview:large","max-video-preview":"max-video-preview:-1"},"canonical":"https:\/\/www.meydan.tv\/az\/article\/quba-sakini-azerisiq-mene-deyen-ziyani-odememek-ucun-her-yola-el-atir\/","og_locale":"az_AZ","og_type":"article","og_title":"Quba sakini: \u201cAz\u0259ri\u015f\u0131q\u201d m\u0259n\u0259 d\u0259y\u0259n ziyan\u0131 \u00f6d\u0259m\u0259m\u0259k \u00fc\u00e7\u00fcn h\u0259r yola \u0259l at\u0131r\u2026\u201d - MEYDAN.TV","og_description":"M\u00f6vlud \u018fliyev: \u201c\u018fg\u0259r \u201cAz\u0259ri\u015f\u0131q\u201d\u0131n \u0259m\u0259kda\u015f\u0131 t\u0259qsirli bilins\u0259, ziyan\u0131 da onlar ... Davam\u0131","og_url":"https:\/\/www.meydan.tv\/az\/article\/quba-sakini-azerisiq-mene-deyen-ziyani-odememek-ucun-her-yola-el-atir\/","og_site_name":"MEYDAN.TV","article_published_time":"2022-08-28T11:06:23+00:00","article_modified_time":"2022-08-28T11:06:25+00:00","og_image":[{"width":1200,"height":674,"url":"https:\/\/www.meydan.tv\/wp-content\/uploads\/15701857195267434427_1000x669.jpg","type":"image\/jpeg"}],"author":"elli","twitter_card":"summary_large_image","twitter_creator":"@elli","schema":{"@context":"https:\/\/schema.org","@graph":[{"@type":"Article","@id":"https:\/\/www.meydan.tv\/az\/article\/quba-sakini-azerisiq-mene-deyen-ziyani-odememek-ucun-her-yola-el-atir\/#article","isPartOf":{"@id":"https:\/\/www.meydan.tv\/az\/article\/quba-sakini-azerisiq-mene-deyen-ziyani-odememek-ucun-her-yola-el-atir\/"},"author":{"name":"elli","@id":"https:\/\/www.meydan.tv\/az\/#\/schema\/person\/9cdbecf90d17180ce1dfbd95b08dcf47"},"headline":"Quba sakini: \u201cAz\u0259ri\u015f\u0131q\u201d m\u0259n\u0259 d\u0259y\u0259n ziyan\u0131 \u00f6d\u0259m\u0259m\u0259k \u00fc\u00e7\u00fcn h\u0259r yola \u0259l at\u0131r\u2026\u201d","datePublished":"2022-08-28T11:06:23+00:00","dateModified":"2022-08-28T11:06:25+00:00","mainEntityOfPage":{"@id":"https:\/\/www.meydan.tv\/az\/article\/quba-sakini-azerisiq-mene-deyen-ziyani-odememek-ucun-her-yola-el-atir\/"},"wordCount":1115,"publisher":{"@id":"https:\/\/www.meydan.tv\/az\/#organization"},"image":{"@id":"https:\/\/www.meydan.tv\/az\/article\/quba-sakini-azerisiq-mene-deyen-ziyani-odememek-ucun-her-yola-el-atir\/#primaryimage"},"thumbnailUrl":"https:\/\/www.meydan.tv\/wp-content\/uploads\/15701857195267434427_1000x669.jpg","articleSection":["B\u00f6lg\u0259","X\u0259b\u0259rl\u0259r"],"inLanguage":"az"},{"@type":"WebPage","@id":"https:\/\/www.meydan.tv\/az\/article\/quba-sakini-azerisiq-mene-deyen-ziyani-odememek-ucun-her-yola-el-atir\/","url":"https:\/\/www.meydan.tv\/az\/article\/quba-sakini-azerisiq-mene-deyen-ziyani-odememek-ucun-her-yola-el-atir\/","name":"Quba sakini: \u201cAz\u0259ri\u015f\u0131q\u201d m\u0259n\u0259 d\u0259y\u0259n ziyan\u0131 \u00f6d\u0259m\u0259m\u0259k \u00fc\u00e7\u00fcn h\u0259r yola \u0259l at\u0131r\u2026\u201d - MEYDAN.TV","isPartOf":{"@id":"https:\/\/www.meydan.tv\/az\/#website"},"primaryImageOfPage":{"@id":"https:\/\/www.meydan.tv\/az\/article\/quba-sakini-azerisiq-mene-deyen-ziyani-odememek-ucun-her-yola-el-atir\/#primaryimage"},"image":{"@id":"https:\/\/www.meydan.tv\/az\/article\/quba-sakini-azerisiq-mene-deyen-ziyani-odememek-ucun-her-yola-el-atir\/#primaryimage"},"thumbnailUrl":"https:\/\/www.meydan.tv\/wp-content\/uploads\/15701857195267434427_1000x669.jpg","datePublished":"2022-08-28T11:06:23+00:00","dateModified":"2022-08-28T11:06:25+00:00","breadcrumb":{"@id":"https:\/\/www.meydan.tv\/az\/article\/quba-sakini-azerisiq-mene-deyen-ziyani-odememek-ucun-her-yola-el-atir\/#breadcrumb"},"inLanguage":"az","potentialAction":[{"@type":"ReadAction","target":["https:\/\/www.meydan.tv\/az\/article\/quba-sakini-azerisiq-mene-deyen-ziyani-odememek-ucun-her-yola-el-atir\/"]}]},{"@type":"ImageObject","inLanguage":"az","@id":"https:\/\/www.meydan.tv\/az\/article\/quba-sakini-azerisiq-mene-deyen-ziyani-odememek-ucun-her-yola-el-atir\/#primaryimage","url":"https:\/\/www.meydan.tv\/wp-content\/uploads\/15701857195267434427_1000x669.jpg","contentUrl":"https:\/\/www.meydan.tv\/wp-content\/uploads\/15701857195267434427_1000x669.jpg","width":1200,"height":674,"caption":"\u201cAz\u0259ri\u015f\u0131q\u201d ASC. Foto: Az\u0259rtac"},{"@type":"BreadcrumbList","@id":"https:\/\/www.meydan.tv\/az\/article\/quba-sakini-azerisiq-mene-deyen-ziyani-odememek-ucun-her-yola-el-atir\/#breadcrumb","itemListElement":[{"@type":"ListItem","position":1,"name":"Ana s\u0259hif\u0259","item":"https:\/\/www.meydan.tv\/az\/"},{"@type":"ListItem","position":2,"name":"B\u00f6lg\u0259","item":"https:\/\/www.meydan.tv\/az\/section\/bolge\/"},{"@type":"ListItem","position":3,"name":"Quba sakini: \u201cAz\u0259ri\u015f\u0131q\u201d m\u0259n\u0259 d\u0259y\u0259n ziyan\u0131 \u00f6d\u0259m\u0259m\u0259k \u00fc\u00e7\u00fcn h\u0259r yola \u0259l at\u0131r\u2026\u201d"}]},{"@type":"WebSite","@id":"https:\/\/www.meydan.tv\/az\/#website","url":"https:\/\/www.meydan.tv\/az\/","name":"MEYDAN.TV","description":"Meydan TV Az\u0259rbaycan\u0131n media m\u0259kan\u0131ndak\u0131 alternativ s\u0259sidir","publisher":{"@id":"https:\/\/www.meydan.tv\/az\/#organization"},"potentialAction":[{"@type":"SearchAction","target":{"@type":"EntryPoint","urlTemplate":"https:\/\/www.meydan.tv\/az\/?s={search_term_string}"},"query-input":{"@type":"PropertyValueSpecification","valueRequired":true,"valueName":"search_term_string"}}],"inLanguage":"az"},{"@type":"Organization","@id":"https:\/\/www.meydan.tv\/az\/#organization","name":"Meydan TV","url":"https:\/\/www.meydan.tv\/az\/","logo":{"@type":"ImageObject","inLanguage":"az","@id":"https:\/\/www.meydan.tv\/az\/#\/schema\/logo\/image\/","url":"https:\/\/www.meydan.tv\/wp-content\/uploads\/2021\/07\/meydan-logo.svg","contentUrl":"https:\/\/www.meydan.tv\/wp-content\/uploads\/2021\/07\/meydan-logo.svg","width":195,"height":46,"caption":"Meydan TV"},"image":{"@id":"https:\/\/www.meydan.tv\/az\/#\/schema\/logo\/image\/"}},{"@type":"Person","@id":"https:\/\/www.meydan.tv\/az\/#\/schema\/person\/9cdbecf90d17180ce1dfbd95b08dcf47","name":"elli","sameAs":["https:\/\/x.com\/elli"]}]}},"_links":{"self":[{"href":"https:\/\/www.meydan.tv\/az\/wp-json\/wp\/v2\/posts\/254305","targetHints":{"allow":["GET"]}}],"collection":[{"href":"https:\/\/www.meydan.tv\/az\/wp-json\/wp\/v2\/posts"}],"about":[{"href":"https:\/\/www.meydan.tv\/az\/wp-json\/wp\/v2\/types\/post"}],"author":[{"embeddable":true,"href":"https:\/\/www.meydan.tv\/az\/wp-json\/wp\/v2\/users\/8"}],"replies":[{"embeddable":true,"href":"https:\/\/www.meydan.tv\/az\/wp-json\/wp\/v2\/comments?post=254305"}],"version-history":[{"count":1,"href":"https:\/\/www.meydan.tv\/az\/wp-json\/wp\/v2\/posts\/254305\/revisions"}],"predecessor-version":[{"id":254306,"href":"https:\/\/www.meydan.tv\/az\/wp-json\/wp\/v2\/posts\/254305\/revisions\/254306"}],"wp:featuredmedia":[{"embeddable":true,"href":"https:\/\/www.meydan.tv\/az\/wp-json\/wp\/v2\/media\/245982"}],"wp:attachment":[{"href":"https:\/\/www.meydan.tv\/az\/wp-json\/wp\/v2\/media?parent=254305"}],"wp:term":[{"taxonomy":"category","embeddable":true,"href":"https:\/\/www.meydan.tv\/az\/wp-json\/wp\/v2\/categories?post=254305"},{"taxonomy":"post_tag","embeddable":true,"href":"https:\/\/www.meydan.tv\/az\/wp-json\/wp\/v2\/tags?post=254305"}],"curies":[{"name":"wp","href":"https:\/\/api.w.org\/{rel}","templated":true}]}}