{"id":254279,"date":"2022-08-26T17:14:53","date_gmt":"2022-08-26T13:14:53","guid":{"rendered":"https:\/\/www.meydan.tv\/?p=254279"},"modified":"2022-08-26T17:14:55","modified_gmt":"2022-08-26T13:14:55","slug":"tarkan-edalet-sistemimizin-ikiuzluluyune-heyretlenirem","status":"publish","type":"post","link":"https:\/\/www.meydan.tv\/az\/article\/tarkan-edalet-sistemimizin-ikiuzluluyune-heyretlenirem\/","title":{"rendered":"Tarkan: \u201c\u018fdal\u0259t sistemimizin iki\u00fczl\u00fcl\u00fcy\u00fcn\u0259 heyr\u0259tl\u0259nir\u0259m\u201d"},"content":{"rendered":"\n<p><em>&#8220;G\u00fcl\u015f\u0259n d\u0259rhal azadl\u0131\u011fa burax\u0131lmal\u0131d\u0131r&#8221;<\/em><\/p>\n\n\n\n<p>\u201cH\u0259r g\u00fcn \u015fahidi oldu\u011fumuz qanunsuzluqlar, \u0259dal\u0259t sistemimizin iki\u00fczl\u00fcl\u00fcy\u00fc v\u0259 t\u0259hrifi adam\u0131 heyr\u0259tl\u0259ndirir\u201d.<\/p>\n\n\n\n<p>Bunu sosial \u015f\u0259b\u0259k\u0259d\u0259 t\u00fcrkiy\u0259li m\u00fc\u011f\u0259nni Tarkan Teveto\u011flu h\u0259mkar\u0131 G\u00fcl\u015f\u0259nin h\u0259bs olunmas\u0131na etiraz olaraq <a href=\"https:\/\/twitter.com\/tarkan\/status\/1563122069000245250?ref_src=twsrc%5Etfw%7Ctwcamp%5Etweetembed%7Ctwterm%5E1563122069000245250%7Ctwgr %5E5f11ced817cb5ba3c8ce7039f49d25b4408cb87a%7Ctwcon%5Es1_&amp;ref_url=https%3A%2F%2Fwww.gazeteduvar.com.tr%2Ftarkandan-gulsen-aciklamasi-bu-haksizlik-son-bulmali-ve-hemen-serbest-birakilmali-haber-1578865\" target=\"_blank\" rel=\"noreferrer noopener\">yaz\u0131b<\/a>.<\/p>\n\n\n\n<p>\u0130fa\u00e7\u0131 G\u00fcl\u015f\u0259nin h\u0259bsini \u0259dal\u0259tsiz hesab edib: <\/p>\n\n\n\n<p>\u201cU\u015faqlar\u0131 cinsi istismara m\u0259ruz qoyanlar\u0131, qad\u0131nlara t\u0259cav\u00fcz ed\u0259nl\u0259ri h\u0259bssiz m\u00fchakim\u0259 ed\u0259n, h\u0259tta b\u0259z\u0259n d\u0259 m\u00fchakim\u0259 etm\u0259d\u0259n azadl\u0131\u011fa buraxanlar, G\u00fcl\u015f\u0259n\u0259 g\u0259linc\u0259 n\u0259 tez h\u0259r\u0259k\u0259t\u0259 ke\u00e7dil\u0259r&#8221;.<\/p>\n\n\n\n<p>&#8220;Korrupsionerl\u0259ri, o\u011frular\u0131, qanunu pozanlar\u0131, t\u0259bi\u0259ti m\u0259hv ed\u0259nl\u0259ri, heyvanlar\u0131 \u00f6ld\u00fcr\u0259nl\u0259ri, dind\u0259n \u00f6z fanatizmi \u00fc\u00e7\u00fcn istifad\u0259 edib c\u0259miyy\u0259ti q\u00fctbl\u0259\u015fdir\u0259nl\u0259ri g\u00f6rm\u0259zd\u0259n g\u0259l\u0259n h\u00fcquq sistemimiz G\u00fcl\u015f\u0259ni bir g\u00f6z q\u0131rp\u0131m\u0131nda h\u0259bs edir. G\u00fcl\u015f\u0259n\u0259 qar\u015f\u0131 edil\u0259n bu haqs\u0131zl\u0131\u011fa son qoyulmal\u0131 v\u0259 o, d\u0259rhal azadl\u0131\u011fa burax\u0131lmal\u0131d\u0131r\u201d, &#8211; Tarkan bildirib.<\/p>\n\n\n\n<p>Tarkan son zamanlar m\u00fcxalif a\u00e7\u0131qlamalar\u0131 v\u0259 payla\u015f\u0131mlar\u0131 il\u0259 g\u00fcnd\u0259m\u0259 g\u0259lir.<\/p>\n\n\n\n<p>2022-ci il fevral\u0131n 22-d\u0259 \u201cGe\u00e7\u00e7ek\u201d adl\u0131 klipini t\u0259qdim ed\u0259n ifa\u00e7\u0131 mahn\u0131n\u0131n pandemiyaya, 2021-ci ilin iyul-avqust aylar\u0131nda T\u00fcrkiy\u0259d\u0259ki me\u015f\u0259 yan\u011f\u0131nlar\u0131na, \u00fcmumilikd\u0259, son bir ne\u00e7\u0259 ild\u0259 d\u00fcnyada ba\u015f ver\u0259n hadis\u0259l\u0259r\u0259 h\u0259sr etdiyini <a href=\"https:\/\/d9mc3ts4czbpr.cloudfront.net\/az\/article\/tarkanin-yeni-mahnisina-hakim-partiyadan-reaksiya\/\" target=\"_blank\" rel=\"noreferrer noopener\">demi\u015fdi.<\/a><\/p>\n\n\n\n<p>\u0130fa\u00e7\u0131n\u0131n klipi geni\u015f m\u00fczakir\u0259l\u0259r\u0259 s\u0259b\u0259b olmu\u015fdu. H\u0259tta T\u00fcrkiy\u0259nin hakim \u018fdal\u0259t v\u0259 \u0130nki\u015faf Partiyas\u0131 (AKP) da mahn\u0131ya reaksiya vermi\u015fdi.<\/p>\n\n\n\n<p>Partiyan\u0131n \u0130stanbul \u015f\u00f6b\u0259sinin ba\u015f\u00e7\u0131 k\u00f6m\u0259k\u00e7isi H\u0259lim\u0259 K\u00f6k\u00e7\u0259 \u201ctwitter\u201d hesab\u0131nda \u201cM\u00fcxalif\u0259t olduqlar\u0131n\u0131 z\u0259nn ets\u0259l\u0259r d\u0259, tutduqlar\u0131 m\u00f6vqenin \u018frdo\u011fana se\u00e7kid\u0259 z\u0259man\u0259t ver\u0259c\u0259yini g\u00f6rm\u0259y\u0259c\u0259k q\u0259d\u0259r kordurlar\u201d, \u2013 <a href=\"https:\/\/d9mc3ts4czbpr.cloudfront.net\/az\/article\/tarkanin-yeni-mahnisina-hakim-partiyadan-reaksiya\/\" target=\"_blank\" rel=\"noreferrer noopener\">yazm\u0131\u015fd\u0131.<\/a><\/p>\n\n\n\n<p>G\u00fcl\u015f\u0259n 2022-ci il avqustun 25-d\u0259 T\u00fcrk C\u0259za Qanunun 216-c\u0131 madd\u0259si il\u0259 (\u201cxalq\u0131 a\u00e7\u0131q-a\u015fkar kin v\u0259 d\u00fc\u015fm\u0259n\u00e7iliy\u0259 s\u00f6vq etm\u0259k\u201d) h\u0259bs olunub.<\/p>\n\n\n\n<p>M\u00fc\u011f\u0259nninin h\u0259bsin\u0259 s\u0259b\u0259b konserti zaman\u0131 \u201c\u201d\u0130mam Hatip\u201dd\u0259 oxuyub, axmaql\u0131\u011f\u0131 buna g\u00f6r\u0259dir\u201d, \u2013 c\u00fcml\u0259sini i\u015fl\u0259tm\u0259si <a href=\"https:\/\/d9mc3ts4czbpr.cloudfront.net\/az\/article\/turkiyenin-pop-mugennisi-gulsen-hebs-olunub\/\" target=\"_blank\" rel=\"noreferrer noopener\">olub.<\/a><\/p>\n\n\n\n<p>Onun haz\u0131rda Bak\u0131rk\u00f6yd\u0259 qad\u0131nlar\u0131n saxlan\u0131ld\u0131\u011f\u0131 qapal\u0131 h\u0259bsxanada oldu\u011fu <a href=\"https:\/\/d9mc3ts4czbpr.cloudfront.net\/az\/article\/gulsen-hec-bir-cinayet-toretmemisem-anlasilmazliq-olub\/\" target=\"_blank\" rel=\"noreferrer noopener\">bildirilir.<\/a><\/p>\n","protected":false},"excerpt":{"rendered":"<p>&#8220;G\u00fcl\u015f\u0259n d\u0259rhal azadl\u0131\u011fa burax\u0131lmal\u0131d\u0131r&#8221; \u201cH\u0259r g\u00fcn \u015fahidi oldu\u011fumuz qanunsuzluqlar, \u0259dal\u0259t &#8230; <\/p>\n<p class=\"read-more-container\"><a title=\"Tarkan: \u201c\u018fdal\u0259t sistemimizin iki\u00fczl\u00fcl\u00fcy\u00fcn\u0259 heyr\u0259tl\u0259nir\u0259m\u201d\" class=\"read-more button\" href=\"https:\/\/www.meydan.tv\/az\/article\/tarkan-edalet-sistemimizin-ikiuzluluyune-heyretlenirem\/#more-254279\" aria-label=\"Read more about Tarkan: \u201c\u018fdal\u0259t sistemimizin iki\u00fczl\u00fcl\u00fcy\u00fcn\u0259 heyr\u0259tl\u0259nir\u0259m\u201d\">Davam\u0131<\/a><\/p>\n","protected":false},"author":8,"featured_media":234969,"comment_status":"closed","ping_status":"closed","sticky":false,"template":"","format":"standard","meta":{"_acf_changed":false,"_sitemap_exclude":false,"_sitemap_priority":"","_sitemap_frequency":"","footnotes":""},"categories":[52,56],"tags":[],"class_list":["post-254279","post","type-post","status-publish","format-standard","has-post-thumbnail","hentry","category-medeniyyet","category-xeberler","infinite-scroll-item","generate-columns","tablet-grid-50","mobile-grid-100","grid-parent","grid-33","no-featured-image-padding"],"acf":[],"yoast_head":"<!-- This site is optimized with the Yoast SEO plugin v27.5 - https:\/\/yoast.com\/product\/yoast-seo-wordpress\/ -->\n<title>Tarkan: \u201c\u018fdal\u0259t sistemimizin iki\u00fczl\u00fcl\u00fcy\u00fcn\u0259 heyr\u0259tl\u0259nir\u0259m\u201d - MEYDAN.TV<\/title>\n<meta name=\"robots\" content=\"index, follow, max-snippet:-1, max-image-preview:large, max-video-preview:-1\" \/>\n<link rel=\"canonical\" href=\"https:\/\/www.meydan.tv\/az\/article\/tarkan-edalet-sistemimizin-ikiuzluluyune-heyretlenirem\/\" \/>\n<meta property=\"og:locale\" content=\"az_AZ\" \/>\n<meta property=\"og:type\" content=\"article\" \/>\n<meta property=\"og:title\" content=\"Tarkan: \u201c\u018fdal\u0259t sistemimizin iki\u00fczl\u00fcl\u00fcy\u00fcn\u0259 heyr\u0259tl\u0259nir\u0259m\u201d - MEYDAN.TV\" \/>\n<meta property=\"og:description\" content=\"&#8220;G\u00fcl\u015f\u0259n d\u0259rhal azadl\u0131\u011fa burax\u0131lmal\u0131d\u0131r&#8221; \u201cH\u0259r g\u00fcn \u015fahidi oldu\u011fumuz qanunsuzluqlar, \u0259dal\u0259t ... Davam\u0131\" \/>\n<meta property=\"og:url\" content=\"https:\/\/www.meydan.tv\/az\/article\/tarkan-edalet-sistemimizin-ikiuzluluyune-heyretlenirem\/\" \/>\n<meta property=\"og:site_name\" content=\"MEYDAN.TV\" \/>\n<meta property=\"article:published_time\" content=\"2022-08-26T13:14:53+00:00\" \/>\n<meta property=\"article:modified_time\" content=\"2022-08-26T13:14:55+00:00\" \/>\n<meta property=\"og:image\" content=\"https:\/\/www.meydan.tv\/wp-content\/uploads\/tarkan-in-yeni-sarkisi-geccek-cikti-981960-5.jpg\" \/>\n\t<meta property=\"og:image:width\" content=\"1200\" \/>\n\t<meta property=\"og:image:height\" content=\"666\" \/>\n\t<meta property=\"og:image:type\" content=\"image\/jpeg\" \/>\n<meta name=\"author\" content=\"elli\" \/>\n<meta name=\"twitter:card\" content=\"summary_large_image\" \/>\n<meta name=\"twitter:creator\" content=\"@elli\" \/>\n<script type=\"application\/ld+json\" class=\"yoast-schema-graph\">{\"@context\":\"https:\\\/\\\/schema.org\",\"@graph\":[{\"@type\":\"Article\",\"@id\":\"https:\\\/\\\/www.meydan.tv\\\/az\\\/article\\\/tarkan-edalet-sistemimizin-ikiuzluluyune-heyretlenirem\\\/#article\",\"isPartOf\":{\"@id\":\"https:\\\/\\\/www.meydan.tv\\\/az\\\/article\\\/tarkan-edalet-sistemimizin-ikiuzluluyune-heyretlenirem\\\/\"},\"author\":{\"name\":\"elli\",\"@id\":\"https:\\\/\\\/www.meydan.tv\\\/az\\\/#\\\/schema\\\/person\\\/9cdbecf90d17180ce1dfbd95b08dcf47\"},\"headline\":\"Tarkan: \u201c\u018fdal\u0259t sistemimizin iki\u00fczl\u00fcl\u00fcy\u00fcn\u0259 heyr\u0259tl\u0259nir\u0259m\u201d\",\"datePublished\":\"2022-08-26T13:14:53+00:00\",\"dateModified\":\"2022-08-26T13:14:55+00:00\",\"mainEntityOfPage\":{\"@id\":\"https:\\\/\\\/www.meydan.tv\\\/az\\\/article\\\/tarkan-edalet-sistemimizin-ikiuzluluyune-heyretlenirem\\\/\"},\"wordCount\":439,\"publisher\":{\"@id\":\"https:\\\/\\\/www.meydan.tv\\\/az\\\/#organization\"},\"image\":{\"@id\":\"https:\\\/\\\/www.meydan.tv\\\/az\\\/article\\\/tarkan-edalet-sistemimizin-ikiuzluluyune-heyretlenirem\\\/#primaryimage\"},\"thumbnailUrl\":\"https:\\\/\\\/www.meydan.tv\\\/wp-content\\\/uploads\\\/tarkan-in-yeni-sarkisi-geccek-cikti-981960-5.jpg\",\"articleSection\":[\"M\u0259d\u0259niyy\u0259t\",\"X\u0259b\u0259rl\u0259r\"],\"inLanguage\":\"az\"},{\"@type\":\"WebPage\",\"@id\":\"https:\\\/\\\/www.meydan.tv\\\/az\\\/article\\\/tarkan-edalet-sistemimizin-ikiuzluluyune-heyretlenirem\\\/\",\"url\":\"https:\\\/\\\/www.meydan.tv\\\/az\\\/article\\\/tarkan-edalet-sistemimizin-ikiuzluluyune-heyretlenirem\\\/\",\"name\":\"Tarkan: \u201c\u018fdal\u0259t sistemimizin iki\u00fczl\u00fcl\u00fcy\u00fcn\u0259 heyr\u0259tl\u0259nir\u0259m\u201d - MEYDAN.TV\",\"isPartOf\":{\"@id\":\"https:\\\/\\\/www.meydan.tv\\\/az\\\/#website\"},\"primaryImageOfPage\":{\"@id\":\"https:\\\/\\\/www.meydan.tv\\\/az\\\/article\\\/tarkan-edalet-sistemimizin-ikiuzluluyune-heyretlenirem\\\/#primaryimage\"},\"image\":{\"@id\":\"https:\\\/\\\/www.meydan.tv\\\/az\\\/article\\\/tarkan-edalet-sistemimizin-ikiuzluluyune-heyretlenirem\\\/#primaryimage\"},\"thumbnailUrl\":\"https:\\\/\\\/www.meydan.tv\\\/wp-content\\\/uploads\\\/tarkan-in-yeni-sarkisi-geccek-cikti-981960-5.jpg\",\"datePublished\":\"2022-08-26T13:14:53+00:00\",\"dateModified\":\"2022-08-26T13:14:55+00:00\",\"breadcrumb\":{\"@id\":\"https:\\\/\\\/www.meydan.tv\\\/az\\\/article\\\/tarkan-edalet-sistemimizin-ikiuzluluyune-heyretlenirem\\\/#breadcrumb\"},\"inLanguage\":\"az\",\"potentialAction\":[{\"@type\":\"ReadAction\",\"target\":[\"https:\\\/\\\/www.meydan.tv\\\/az\\\/article\\\/tarkan-edalet-sistemimizin-ikiuzluluyune-heyretlenirem\\\/\"]}]},{\"@type\":\"ImageObject\",\"inLanguage\":\"az\",\"@id\":\"https:\\\/\\\/www.meydan.tv\\\/az\\\/article\\\/tarkan-edalet-sistemimizin-ikiuzluluyune-heyretlenirem\\\/#primaryimage\",\"url\":\"https:\\\/\\\/www.meydan.tv\\\/wp-content\\\/uploads\\\/tarkan-in-yeni-sarkisi-geccek-cikti-981960-5.jpg\",\"contentUrl\":\"https:\\\/\\\/www.meydan.tv\\\/wp-content\\\/uploads\\\/tarkan-in-yeni-sarkisi-geccek-cikti-981960-5.jpg\",\"width\":1200,\"height\":666,\"caption\":\"M\u0259nb\u0259: https:\\\/\\\/www.birgun.net\\\/\"},{\"@type\":\"BreadcrumbList\",\"@id\":\"https:\\\/\\\/www.meydan.tv\\\/az\\\/article\\\/tarkan-edalet-sistemimizin-ikiuzluluyune-heyretlenirem\\\/#breadcrumb\",\"itemListElement\":[{\"@type\":\"ListItem\",\"position\":1,\"name\":\"Ana s\u0259hif\u0259\",\"item\":\"https:\\\/\\\/www.meydan.tv\\\/az\\\/\"},{\"@type\":\"ListItem\",\"position\":2,\"name\":\"X\u0259b\u0259rl\u0259r\",\"item\":\"https:\\\/\\\/www.meydan.tv\\\/az\\\/section\\\/xeberler\\\/\"},{\"@type\":\"ListItem\",\"position\":3,\"name\":\"Tarkan: \u201c\u018fdal\u0259t sistemimizin iki\u00fczl\u00fcl\u00fcy\u00fcn\u0259 heyr\u0259tl\u0259nir\u0259m\u201d\"}]},{\"@type\":\"WebSite\",\"@id\":\"https:\\\/\\\/www.meydan.tv\\\/az\\\/#website\",\"url\":\"https:\\\/\\\/www.meydan.tv\\\/az\\\/\",\"name\":\"MEYDAN.TV\",\"description\":\"Meydan TV Az\u0259rbaycan\u0131n media m\u0259kan\u0131ndak\u0131 alternativ s\u0259sidir\",\"publisher\":{\"@id\":\"https:\\\/\\\/www.meydan.tv\\\/az\\\/#organization\"},\"potentialAction\":[{\"@type\":\"SearchAction\",\"target\":{\"@type\":\"EntryPoint\",\"urlTemplate\":\"https:\\\/\\\/www.meydan.tv\\\/az\\\/?s={search_term_string}\"},\"query-input\":{\"@type\":\"PropertyValueSpecification\",\"valueRequired\":true,\"valueName\":\"search_term_string\"}}],\"inLanguage\":\"az\"},{\"@type\":\"Organization\",\"@id\":\"https:\\\/\\\/www.meydan.tv\\\/az\\\/#organization\",\"name\":\"Meydan TV\",\"url\":\"https:\\\/\\\/www.meydan.tv\\\/az\\\/\",\"logo\":{\"@type\":\"ImageObject\",\"inLanguage\":\"az\",\"@id\":\"https:\\\/\\\/www.meydan.tv\\\/az\\\/#\\\/schema\\\/logo\\\/image\\\/\",\"url\":\"https:\\\/\\\/www.meydan.tv\\\/wp-content\\\/uploads\\\/2021\\\/07\\\/meydan-logo.svg\",\"contentUrl\":\"https:\\\/\\\/www.meydan.tv\\\/wp-content\\\/uploads\\\/2021\\\/07\\\/meydan-logo.svg\",\"width\":195,\"height\":46,\"caption\":\"Meydan TV\"},\"image\":{\"@id\":\"https:\\\/\\\/www.meydan.tv\\\/az\\\/#\\\/schema\\\/logo\\\/image\\\/\"}},{\"@type\":\"Person\",\"@id\":\"https:\\\/\\\/www.meydan.tv\\\/az\\\/#\\\/schema\\\/person\\\/9cdbecf90d17180ce1dfbd95b08dcf47\",\"name\":\"elli\",\"sameAs\":[\"https:\\\/\\\/x.com\\\/elli\"]}]}<\/script>\n<!-- \/ Yoast SEO plugin. -->","yoast_head_json":{"title":"Tarkan: \u201c\u018fdal\u0259t sistemimizin iki\u00fczl\u00fcl\u00fcy\u00fcn\u0259 heyr\u0259tl\u0259nir\u0259m\u201d - MEYDAN.TV","robots":{"index":"index","follow":"follow","max-snippet":"max-snippet:-1","max-image-preview":"max-image-preview:large","max-video-preview":"max-video-preview:-1"},"canonical":"https:\/\/www.meydan.tv\/az\/article\/tarkan-edalet-sistemimizin-ikiuzluluyune-heyretlenirem\/","og_locale":"az_AZ","og_type":"article","og_title":"Tarkan: \u201c\u018fdal\u0259t sistemimizin iki\u00fczl\u00fcl\u00fcy\u00fcn\u0259 heyr\u0259tl\u0259nir\u0259m\u201d - MEYDAN.TV","og_description":"&#8220;G\u00fcl\u015f\u0259n d\u0259rhal azadl\u0131\u011fa burax\u0131lmal\u0131d\u0131r&#8221; \u201cH\u0259r g\u00fcn \u015fahidi oldu\u011fumuz qanunsuzluqlar, \u0259dal\u0259t ... Davam\u0131","og_url":"https:\/\/www.meydan.tv\/az\/article\/tarkan-edalet-sistemimizin-ikiuzluluyune-heyretlenirem\/","og_site_name":"MEYDAN.TV","article_published_time":"2022-08-26T13:14:53+00:00","article_modified_time":"2022-08-26T13:14:55+00:00","og_image":[{"width":1200,"height":666,"url":"https:\/\/www.meydan.tv\/wp-content\/uploads\/tarkan-in-yeni-sarkisi-geccek-cikti-981960-5.jpg","type":"image\/jpeg"}],"author":"elli","twitter_card":"summary_large_image","twitter_creator":"@elli","schema":{"@context":"https:\/\/schema.org","@graph":[{"@type":"Article","@id":"https:\/\/www.meydan.tv\/az\/article\/tarkan-edalet-sistemimizin-ikiuzluluyune-heyretlenirem\/#article","isPartOf":{"@id":"https:\/\/www.meydan.tv\/az\/article\/tarkan-edalet-sistemimizin-ikiuzluluyune-heyretlenirem\/"},"author":{"name":"elli","@id":"https:\/\/www.meydan.tv\/az\/#\/schema\/person\/9cdbecf90d17180ce1dfbd95b08dcf47"},"headline":"Tarkan: \u201c\u018fdal\u0259t sistemimizin iki\u00fczl\u00fcl\u00fcy\u00fcn\u0259 heyr\u0259tl\u0259nir\u0259m\u201d","datePublished":"2022-08-26T13:14:53+00:00","dateModified":"2022-08-26T13:14:55+00:00","mainEntityOfPage":{"@id":"https:\/\/www.meydan.tv\/az\/article\/tarkan-edalet-sistemimizin-ikiuzluluyune-heyretlenirem\/"},"wordCount":439,"publisher":{"@id":"https:\/\/www.meydan.tv\/az\/#organization"},"image":{"@id":"https:\/\/www.meydan.tv\/az\/article\/tarkan-edalet-sistemimizin-ikiuzluluyune-heyretlenirem\/#primaryimage"},"thumbnailUrl":"https:\/\/www.meydan.tv\/wp-content\/uploads\/tarkan-in-yeni-sarkisi-geccek-cikti-981960-5.jpg","articleSection":["M\u0259d\u0259niyy\u0259t","X\u0259b\u0259rl\u0259r"],"inLanguage":"az"},{"@type":"WebPage","@id":"https:\/\/www.meydan.tv\/az\/article\/tarkan-edalet-sistemimizin-ikiuzluluyune-heyretlenirem\/","url":"https:\/\/www.meydan.tv\/az\/article\/tarkan-edalet-sistemimizin-ikiuzluluyune-heyretlenirem\/","name":"Tarkan: \u201c\u018fdal\u0259t sistemimizin iki\u00fczl\u00fcl\u00fcy\u00fcn\u0259 heyr\u0259tl\u0259nir\u0259m\u201d - MEYDAN.TV","isPartOf":{"@id":"https:\/\/www.meydan.tv\/az\/#website"},"primaryImageOfPage":{"@id":"https:\/\/www.meydan.tv\/az\/article\/tarkan-edalet-sistemimizin-ikiuzluluyune-heyretlenirem\/#primaryimage"},"image":{"@id":"https:\/\/www.meydan.tv\/az\/article\/tarkan-edalet-sistemimizin-ikiuzluluyune-heyretlenirem\/#primaryimage"},"thumbnailUrl":"https:\/\/www.meydan.tv\/wp-content\/uploads\/tarkan-in-yeni-sarkisi-geccek-cikti-981960-5.jpg","datePublished":"2022-08-26T13:14:53+00:00","dateModified":"2022-08-26T13:14:55+00:00","breadcrumb":{"@id":"https:\/\/www.meydan.tv\/az\/article\/tarkan-edalet-sistemimizin-ikiuzluluyune-heyretlenirem\/#breadcrumb"},"inLanguage":"az","potentialAction":[{"@type":"ReadAction","target":["https:\/\/www.meydan.tv\/az\/article\/tarkan-edalet-sistemimizin-ikiuzluluyune-heyretlenirem\/"]}]},{"@type":"ImageObject","inLanguage":"az","@id":"https:\/\/www.meydan.tv\/az\/article\/tarkan-edalet-sistemimizin-ikiuzluluyune-heyretlenirem\/#primaryimage","url":"https:\/\/www.meydan.tv\/wp-content\/uploads\/tarkan-in-yeni-sarkisi-geccek-cikti-981960-5.jpg","contentUrl":"https:\/\/www.meydan.tv\/wp-content\/uploads\/tarkan-in-yeni-sarkisi-geccek-cikti-981960-5.jpg","width":1200,"height":666,"caption":"M\u0259nb\u0259: https:\/\/www.birgun.net\/"},{"@type":"BreadcrumbList","@id":"https:\/\/www.meydan.tv\/az\/article\/tarkan-edalet-sistemimizin-ikiuzluluyune-heyretlenirem\/#breadcrumb","itemListElement":[{"@type":"ListItem","position":1,"name":"Ana s\u0259hif\u0259","item":"https:\/\/www.meydan.tv\/az\/"},{"@type":"ListItem","position":2,"name":"X\u0259b\u0259rl\u0259r","item":"https:\/\/www.meydan.tv\/az\/section\/xeberler\/"},{"@type":"ListItem","position":3,"name":"Tarkan: \u201c\u018fdal\u0259t sistemimizin iki\u00fczl\u00fcl\u00fcy\u00fcn\u0259 heyr\u0259tl\u0259nir\u0259m\u201d"}]},{"@type":"WebSite","@id":"https:\/\/www.meydan.tv\/az\/#website","url":"https:\/\/www.meydan.tv\/az\/","name":"MEYDAN.TV","description":"Meydan TV Az\u0259rbaycan\u0131n media m\u0259kan\u0131ndak\u0131 alternativ s\u0259sidir","publisher":{"@id":"https:\/\/www.meydan.tv\/az\/#organization"},"potentialAction":[{"@type":"SearchAction","target":{"@type":"EntryPoint","urlTemplate":"https:\/\/www.meydan.tv\/az\/?s={search_term_string}"},"query-input":{"@type":"PropertyValueSpecification","valueRequired":true,"valueName":"search_term_string"}}],"inLanguage":"az"},{"@type":"Organization","@id":"https:\/\/www.meydan.tv\/az\/#organization","name":"Meydan TV","url":"https:\/\/www.meydan.tv\/az\/","logo":{"@type":"ImageObject","inLanguage":"az","@id":"https:\/\/www.meydan.tv\/az\/#\/schema\/logo\/image\/","url":"https:\/\/www.meydan.tv\/wp-content\/uploads\/2021\/07\/meydan-logo.svg","contentUrl":"https:\/\/www.meydan.tv\/wp-content\/uploads\/2021\/07\/meydan-logo.svg","width":195,"height":46,"caption":"Meydan TV"},"image":{"@id":"https:\/\/www.meydan.tv\/az\/#\/schema\/logo\/image\/"}},{"@type":"Person","@id":"https:\/\/www.meydan.tv\/az\/#\/schema\/person\/9cdbecf90d17180ce1dfbd95b08dcf47","name":"elli","sameAs":["https:\/\/x.com\/elli"]}]}},"_links":{"self":[{"href":"https:\/\/www.meydan.tv\/az\/wp-json\/wp\/v2\/posts\/254279","targetHints":{"allow":["GET"]}}],"collection":[{"href":"https:\/\/www.meydan.tv\/az\/wp-json\/wp\/v2\/posts"}],"about":[{"href":"https:\/\/www.meydan.tv\/az\/wp-json\/wp\/v2\/types\/post"}],"author":[{"embeddable":true,"href":"https:\/\/www.meydan.tv\/az\/wp-json\/wp\/v2\/users\/8"}],"replies":[{"embeddable":true,"href":"https:\/\/www.meydan.tv\/az\/wp-json\/wp\/v2\/comments?post=254279"}],"version-history":[{"count":2,"href":"https:\/\/www.meydan.tv\/az\/wp-json\/wp\/v2\/posts\/254279\/revisions"}],"predecessor-version":[{"id":254281,"href":"https:\/\/www.meydan.tv\/az\/wp-json\/wp\/v2\/posts\/254279\/revisions\/254281"}],"wp:featuredmedia":[{"embeddable":true,"href":"https:\/\/www.meydan.tv\/az\/wp-json\/wp\/v2\/media\/234969"}],"wp:attachment":[{"href":"https:\/\/www.meydan.tv\/az\/wp-json\/wp\/v2\/media?parent=254279"}],"wp:term":[{"taxonomy":"category","embeddable":true,"href":"https:\/\/www.meydan.tv\/az\/wp-json\/wp\/v2\/categories?post=254279"},{"taxonomy":"post_tag","embeddable":true,"href":"https:\/\/www.meydan.tv\/az\/wp-json\/wp\/v2\/tags?post=254279"}],"curies":[{"name":"wp","href":"https:\/\/api.w.org\/{rel}","templated":true}]}}