{"id":254135,"date":"2022-08-25T12:15:46","date_gmt":"2022-08-25T08:15:46","guid":{"rendered":"https:\/\/www.meydan.tv\/?p=254135"},"modified":"2022-08-25T12:15:48","modified_gmt":"2022-08-25T08:15:48","slug":"nermin-isinde-bir-gun-sonra-ifadeler-niye-deyisib","status":"publish","type":"post","link":"https:\/\/www.meydan.tv\/az\/article\/nermin-isinde-bir-gun-sonra-ifadeler-niye-deyisib\/","title":{"rendered":"&#8220;N\u0259rmin i\u015fi&#8221;nd\u0259 bir g\u00fcn sonra ifad\u0259l\u0259r niy\u0259 d\u0259yi\u015fib?"},"content":{"rendered":"\n<p><\/p>\n\n\n\n<p><em>V\u0259kill\u0259r naraz\u0131d\u0131r: \u201cZiddiyy\u0259tl\u0259rin \u00fcst\u00fcnd\u0259n ke\u00e7\u0259c\u0259ksinizs\u0259, bu m\u0259hk\u0259m\u0259 niy\u0259 qurulub?&#8221;<\/em><\/p>\n\n\n\n<p>Tovuzun Dondar Qu\u015f\u00e7u k\u0259ndind\u0259 11 ya\u015fl\u0131 N\u0259rmin Quliyevan\u0131n itkin d\u00fc\u015fm\u0259si, 47 g\u00fcn sonra k\u0259ndd\u0259 yand\u0131r\u0131lm\u0131\u015f meyitin tap\u0131lmas\u0131yla ba\u011fl\u0131 bir ild\u0259n \u00e7oxdur ki, davam ed\u0259n m\u0259hk\u0259m\u0259 prosesind\u0259 s\u0259n\u0259dl\u0259rin t\u0259dqiqi m\u0259rh\u0259l\u0259sidir.<\/p>\n\n\n\n<p>Cinay\u0259t i\u015finin materiallar\u0131nda olan, istintaq zaman\u0131 al\u0131nan ifad\u0259l\u0259r v\u0259 s. s\u0259n\u0259dl\u0259r m\u0259hk\u0259m\u0259d\u0259 elan olunur.<\/p>\n\n\n\n<p>G\u0259nc\u0259 A\u011f\u0131r Cinay\u0259tl\u0259r M\u0259hk\u0259m\u0259sind\u0259 avqustun 24-d\u0259 bu i\u015f \u00fczr\u0259 ke\u00e7iril\u0259n m\u0259hk\u0259m\u0259 iclas\u0131nda \u0130lkin S\u00fcleymanovun istintaqdak\u0131 ifad\u0259l\u0259rinin elan\u0131 il\u0259 \u0259laq\u0259dar m\u00fcbahis\u0259 yaran\u0131b.<\/p>\n\n\n\n<p>\u0130lkin S\u00fcleymanovun v\u0259kill\u0259ri ondan istintaq zaman\u0131 al\u0131nm\u0131\u015f b\u00fct\u00fcn ifad\u0259l\u0259rin elan olunmas\u0131n\u0131 ist\u0259yib.<\/p>\n\n\n\n<p>Hakim Dada\u015f \u0130manov is\u0259 bununla raz\u0131la\u015fmay\u0131b.<\/p>\n\n\n\n<p>M\u0259s\u0259l\u0259 buras\u0131ndad\u0131r ki, 2020-ci il yanvar\u0131n 8-d\u0259 \u0130lkin S\u00fcleymanovdan \u015fahid qismind\u0259 ifad\u0259 al\u0131b.<\/p>\n\n\n\n<p>O, h\u0259min ifad\u0259d\u0259 bildirib ki, ax\u015famt\u0259r\u0259fi saat 19.30 rad\u0259l\u0259rind\u0259 siqaret \u00e7\u0131xmaq \u00fc\u00e7\u00fcn darvazan\u0131n qar\u015f\u0131s\u0131na \u00e7\u0131xanda evl\u0259ri il\u0259 \u00fczb\u0259\u00fczd\u0259 d\u0259r\u0259y\u0259 b\u0259nz\u0259r \u0259razid\u0259 yan\u011f\u0131n g\u00f6r\u00fcb. Ad\u0259t\u0259n, zibil at\u0131lan h\u0259min \u0259razid\u0259 bir m\u00fcdd\u0259t \u00f6nc\u0259 zibil yan\u011f\u0131n\u0131 n\u0259tic\u0259sind\u0259 a\u011faclar yan\u0131bm\u0131\u015f.<\/p>\n\n\n\n<p>Ona g\u00f6r\u0259 bu d\u0259f\u0259 yan\u011f\u0131n\u0131 g\u00f6r\u0259n kimi d\u0259rhal o t\u0259r\u0259f\u0259 gedib. Yax\u0131nla\u015fanda orada meyit g\u00f6r\u00fcb v\u0259 d\u0259rhal evinin hasar\u0131 h\u0259min \u0259razid\u0259 olan Nazim V\u0259liyevi \u00e7a\u011f\u0131r\u0131b. Daha sonra onlar \u0259misi o\u011flu, Tovuz rayonunda Post-Patrul Alay\u0131nda \u00e7al\u0131\u015fan Murad S\u00fcleymanovu \u00e7a\u011f\u0131r\u0131blar.<\/p>\n\n\n\n<p>Murad S\u00fcleymanov is\u0259 z\u0259ng ed\u0259r\u0259k, polis \u015f\u00f6b\u0259sin\u0259 bu bar\u0259d\u0259 m\u0259lumat verib.<\/p>\n\n\n\n<p>Yanvar\u0131n 8-d\u0259 bunlar\u0131 dey\u0259n \u0130lkin S\u00fcleymanov he\u00e7 iki sutka tamam olmam\u0131\u015f \u2013 yanvar\u0131n 10-da s\u0259h\u0259r saatlar\u0131nda \u015f\u00fcbh\u0259li \u015f\u0259xs qismind\u0259 ifad\u0259sind\u0259 N\u0259rmini \u00f6z\u00fcn\u00fcn o\u011furlad\u0131\u011f\u0131n\u0131 deyib.<\/p>\n\n\n\n<p>O, ifad\u0259sind\u0259 bildirib ki, N\u0259rmini 47 g\u00fcn h\u0259y\u0259tl\u0259rind\u0259ki dig\u0259r evd\u0259 saxlay\u0131b, daha sonra q\u0259tl\u0259 yetirib, meyiti is\u0259 yand\u0131r\u0131b.<\/p>\n\n\n\n<p>\u0130\u015f materiallar\u0131nda onun 11 yanvar 2020-ci il\u0259 aid t\u0259qsirl\u0259ndiril\u0259n \u015f\u0259xs qismind\u0259 ifad\u0259si d\u0259 var.<\/p>\n\n\n\n<p>\u201cM\u0259n\u0259 el\u0259 i\u015fg\u0259nc\u0259l\u0259r vermi\u015fdil\u0259r ki, can\u0131m\u0131 qurtarmaq \u00fc\u00e7\u00fcn h\u0259r \u015feyi boynuma g\u00f6t\u00fcrm\u0259y\u0259 raz\u0131 idim\u201d<\/p>\n\n\n\n<p>\u201c\u0130lkin S\u00fcleymanovun ibtidai istintaqa verdiyi b\u00fct\u00fcn ifad\u0259l\u0259r elan olunmal\u0131d\u0131r. \u00c7\u00fcnki bu, \u00e7ox vacibdir. Oradak\u0131 ziddiyy\u0259tl\u0259r ortaya \u00e7\u0131xmal\u0131d\u0131r. \u018fg\u0259r o ifad\u0259l\u0259ri elan etm\u0259y\u0259c\u0259ksizs\u0259, ziddiyy\u0259tl\u0259rin, qaranl\u0131qlar\u0131n \u00fcst\u00fcnd\u0259n sakit ke\u00e7\u0259c\u0259ksinizs\u0259, bu m\u0259hk\u0259m\u0259 niy\u0259 qurulub? Burada insan taleyi h\u0259ll olunur\u2026\u201d, &#8211; v\u0259kil Zabil Q\u0259hr\u0259manov bildirib.<\/p>\n\n\n\n<figure class=\"wp-block-image size-large\"><img decoding=\"async\" width=\"1200\" height=\"675\" data-src=\"https:\/\/www.meydan.tv\/wp-content\/uploads\/photo-2022-03-10-15-41-42-1200x675.jpg\" alt=\"\" class=\"wp-image-237966 lazyload\" src=\"data:image\/svg+xml;base64,PHN2ZyB3aWR0aD0iMSIgaGVpZ2h0PSIxIiB4bWxucz0iaHR0cDovL3d3dy53My5vcmcvMjAwMC9zdmciPjwvc3ZnPg==\" style=\"--smush-placeholder-width: 1200px; --smush-placeholder-aspect-ratio: 1200\/675;\" \/><figcaption>Zabil Q\u0259hr\u0259manov. Foto: Meydan TV<\/figcaption><\/figure>\n\n\n\n<p>Hakim Dada\u015f \u0130manov bu ist\u0259yin\u0259 g\u00f6r\u0259 v\u0259kil\u0259 r\u0259smi qaydada x\u0259b\u0259rdarl\u0131q edib.<\/p>\n\n\n\n<p>Hakim iddia edib ki, m\u0259hk\u0259m\u0259 prosesinin \u0259vv\u0259lind\u0259 \u0130lkin S\u00fcleymanovun ifad\u0259l\u0259ri elan olunub.<\/p>\n\n\n\n<p>V\u0259kil is\u0259 yada sal\u0131b ki, \u0130lkin S\u00fcleymanovun yaln\u0131z 8 yanvar 2020-ci ild\u0259 \u015fahid qismind\u0259 verdiyi ifad\u0259 elan olunub.<\/p>\n\n\n\n<p>\u201cS\u00fcleymanov, yad\u0131ndad\u0131rsa, burada s\u0259nin b\u00fct\u00fcn ifad\u0259l\u0259rin elan olunmu\u015fdu\u2026\u201d, &#8211; hakim Dada\u015f \u0130manov t\u0259qsirl\u0259ndiril\u0259n \u015f\u0259xs\u0259 \u00fcz\u00fcn\u00fc tutanda \u0130lkin S\u00fcleymanov bel\u0259 cavab verib: \u201cXeyr, o vaxt m\u0259nim 8 yanvar 2020-ci il tarixli ifad\u0259m elan edildi. O biri ifad\u0259l\u0259rim elan edilm\u0259di\u2026\u201d<\/p>\n\n\n\n<p>V\u0259kil b\u00fct\u00fcn ifad\u0259l\u0259rin elan olunmas\u0131n\u0131 t\u0259l\u0259b etm\u0259kl\u0259 ziddiyy\u0259tl\u0259rin ortaya \u00e7\u0131xmas\u0131n\u0131, 8 yanvarda tamam f\u0259rqli ifad\u0259 vermi\u015f \u0130lkin S\u00fcleymanovun hans\u0131 s\u0259b\u0259bd\u0259n yanvar\u0131n 10-da cinay\u0259ti \u00f6z \u00fcz\u0259rin\u0259 g\u00f6t\u00fcrm\u0259sil\u0259 ba\u011fl\u0131 hallar\u0131n ara\u015fd\u0131r\u0131lmas\u0131n\u0131 ist\u0259yir.<\/p>\n\n\n\n<p>V\u0259kilin israr\u0131ndan sonra \u0130lkin S\u00fcleymanovun 10 yanvar 2020-ci ild\u0259 verdiyi ifad\u0259 d\u0259 elan olunub.<\/p>\n\n\n\n<p>H\u0259min ifad\u0259d\u0259 yaz\u0131l\u0131b ki, N\u0259rmin Quliyeva S\u00fcleymanovlar\u0131n evinin qar\u015f\u0131s\u0131ndan ke\u00e7\u0259nd\u0259 kitab verm\u0259k b\u0259han\u0259sil\u0259 onu ev\u0259 apar\u0131b, \u0259l-aya\u011f\u0131n\u0131 \u00e7arpay\u0131ya ba\u011flay\u0131b.<\/p>\n\n\n\n<p>47 g\u00fcn onu h\u0259min evd\u0259 saxlay\u0131b. G\u00fcnl\u0259rin birind\u0259 da\u015fla onun ba\u015f\u0131na vuraraq \u00f6ld\u00fcr\u00fcb, torbaya qoyub v\u0259 evl\u0259ri il\u0259 \u00fczb\u0259\u00fczd\u0259 \u00fcst\u00fcn\u0259 neft t\u00f6k\u0259r\u0259k meyiti yand\u0131r\u0131b.<\/p>\n\n\n\n<p>Bu ifad\u0259 elan olunandan sonra \u0130lkin S\u00fcleymanov bu ifad\u0259ni verm\u0259sinin s\u0259b\u0259bini izah edib.<\/p>\n\n\n\n<p>O bildirib ki, yanvar\u0131n 9-da v\u0259 10-na ke\u00e7\u0259n gec\u0259 el\u0259 i\u015fg\u0259nc\u0259l\u0259r\u0259 m\u0259ruz qal\u0131b, cinay\u0259ti \u00fcz\u0259rin\u0259 g\u00f6t\u00fcrm\u0259kd\u0259n ba\u015fqa \u00e7ar\u0259 g\u00f6rm\u0259yib: <\/p>\n\n\n\n<p>\u201cM\u0259n\u0259 el\u0259 i\u015fg\u0259nc\u0259l\u0259r vermi\u015fdil\u0259r ki, can\u0131m\u0131 qurtarmaq \u00fc\u00e7\u00fcn h\u0259r \u015feyi boynuma g\u00f6t\u00fcrm\u0259y\u0259 raz\u0131 idim. \u0130\u015fg\u0259nc\u0259l\u0259r\u0259 d\u00f6z\u0259 bilmirdim\u201d.<\/p>\n\n\n\n<p>O \u0259lav\u0259 edib ki, N\u0259rmini kitab ad\u0131yla ev\u0259 aparmas\u0131ndan tutmu\u015f, da\u015fla vurub \u00f6ld\u00fcrm\u0259sin\u0259 q\u0259d\u0259r orada yaz\u0131lanlar\u0131n ham\u0131s\u0131 yaland\u0131r: <\/p>\n\n\n\n<p>\u201cA\u011fl\u0131ma g\u0259l\u0259ni deyirdim, t\u0259ki m\u0259nd\u0259n \u0259l \u00e7\u0259ksinl\u0259r. D\u00fc\u015f\u00fcn\u00fcrd\u00fcm ki, n\u0259 olursa-olsun, bunlardan can\u0131m\u0131 qurtarmal\u0131yam, sonra gedib m\u0259k\u0259m\u0259d\u0259 do\u011frular\u0131 s\u00f6yl\u0259m\u0259liy\u0259m\u201d.<\/p>\n\n\n\n<p>V\u0259kill\u0259r \u0130lkin S\u00fcleymanovun ibtidai istintaqa verdiyi ba\u015fqa ifad\u0259l\u0259rinin d\u0259 elan olunmas\u0131n\u0131 ist\u0259s\u0259l\u0259r d\u0259, hakim Dada\u015f \u0130manov imtina edib. Bu \u00fczd\u0259n m\u0259hk\u0259m\u0259d\u0259 t\u0259r\u0259fl\u0259r aras\u0131nda m\u00fcbahis\u0259 yaran\u0131b.<\/p>\n\n\n\n<p>M\u0259hk\u0259m\u0259 prosesi avqustun 31-d\u0259 davam ed\u0259c\u0259k.<\/p>\n\n\n\n<p>1973-c\u00fc il t\u0259v\u0259ll\u00fcdl\u00fc \u0130lkin S\u00fcleymanov Cinay\u0259t M\u0259c\u0259ll\u0259sinin 120.2.4 (x\u00fcsusi amans\u0131zl\u0131qla q\u0259sd\u0259n adam \u00f6ld\u00fcrm\u0259), 120.2.9 (t\u0259qsirkar \u015f\u0259xs \u00fc\u00e7\u00fcn a\u015fkar sur\u0259td\u0259 k\u00f6m\u0259ksiz v\u0259ziyy\u0259td\u0259 olan adam\u0131 q\u0259sd\u0259n \u00f6ld\u00fcrm\u0259), 133.2.1 (o\u011furlanm\u0131\u015f \u015f\u0259xs\u0259 \u0259zab verm\u0259), 133.2.4 (yetkinlik ya\u015f\u0131na \u00e7atmayan, k\u00f6m\u0259ksiz v\u0259ziyy\u0259td\u0259 olan \u015f\u0259xs\u0259 \u0259zab verm\u0259), 144-c\u00fc (adam o\u011furlu\u011fu) madd\u0259l\u0259ril\u0259 ittiham olunur.<\/p>\n\n\n\n<p>\u0130ttihama \u0259sas\u0259n, o, sinif yolda\u015f\u0131 \u015e\u0259rif Quliyevin ail\u0259si, u\u015faqlar\u0131 oldu\u011funa g\u00f6r\u0259 onu q\u0131sqan\u0131b, buna g\u00f6r\u0259 d\u0259 onun q\u0131z\u0131 N\u0259rmini o\u011furlayaraq, 47 g\u00fcn sonra q\u0259tl\u0259 yetirib.<\/p>\n\n\n\n<p>\u0130lkin S\u00fcleymanov is\u0259 azya\u015fl\u0131n\u0131n \u00f6l\u00fcm\u00fcn\u0259 aidiyy\u0259ti olmad\u0131\u011f\u0131n\u0131 deyir.<\/p>\n\n\n\n<p>\u0130lkin ifad\u0259sind\u0259ki etirafa g\u0259linc\u0259, o bildirib ki, 2020-ci il yanvar\u0131n 6-dan 10-na q\u0259d\u0259r Tovuz rayon Polis \u015e\u00f6b\u0259sind\u0259 i\u015fg\u0259nc\u0259y\u0259 m\u0259ruz qal\u0131b.<\/p>\n\n\n\n<p>D\u00f6rd g\u00fcn sonra i\u015fg\u0259nc\u0259l\u0259r\u0259 d\u00f6zm\u0259y\u0259r\u0259k, etiraf ifad\u0259sin\u0259 imza atma\u011fa m\u0259cbur olub.<\/p>\n\n\n\n<p>Ba\u015f Prokurorluq is\u0259 i\u015fg\u0259nc\u0259 iddialar\u0131n\u0131 t\u0259kzib edib.<\/p>\n","protected":false},"excerpt":{"rendered":"<p>V\u0259kill\u0259r naraz\u0131d\u0131r: \u201cZiddiyy\u0259tl\u0259rin \u00fcst\u00fcnd\u0259n ke\u00e7\u0259c\u0259ksinizs\u0259, bu m\u0259hk\u0259m\u0259 niy\u0259 qurulub?&#8221; Tovuzun &#8230; <\/p>\n<p class=\"read-more-container\"><a title=\"&#8220;N\u0259rmin i\u015fi&#8221;nd\u0259 bir g\u00fcn sonra ifad\u0259l\u0259r niy\u0259 d\u0259yi\u015fib?\" class=\"read-more button\" href=\"https:\/\/www.meydan.tv\/az\/article\/nermin-isinde-bir-gun-sonra-ifadeler-niye-deyisib\/#more-254135\" aria-label=\"Read more about &#8220;N\u0259rmin i\u015fi&#8221;nd\u0259 bir g\u00fcn sonra ifad\u0259l\u0259r niy\u0259 d\u0259yi\u015fib?\">Davam\u0131<\/a><\/p>\n","protected":false},"author":8,"featured_media":241424,"comment_status":"closed","ping_status":"closed","sticky":false,"template":"","format":"standard","meta":{"_acf_changed":false,"_sitemap_exclude":false,"_sitemap_priority":"","_sitemap_frequency":"","footnotes":""},"categories":[60,79,56],"tags":[],"class_list":["post-254135","post","type-post","status-publish","format-standard","has-post-thumbnail","hentry","category-bolge","category-featured","category-xeberler","infinite-scroll-item","generate-columns","tablet-grid-50","mobile-grid-100","grid-parent","grid-33","no-featured-image-padding"],"acf":[],"yoast_head":"<!-- This site is optimized with the Yoast SEO plugin v27.5 - https:\/\/yoast.com\/product\/yoast-seo-wordpress\/ -->\n<title>&quot;N\u0259rmin i\u015fi&quot;nd\u0259 bir g\u00fcn sonra ifad\u0259l\u0259r niy\u0259 d\u0259yi\u015fib? - MEYDAN.TV<\/title>\n<meta name=\"robots\" content=\"index, follow, max-snippet:-1, max-image-preview:large, max-video-preview:-1\" \/>\n<link rel=\"canonical\" href=\"https:\/\/www.meydan.tv\/az\/article\/nermin-isinde-bir-gun-sonra-ifadeler-niye-deyisib\/\" \/>\n<meta property=\"og:locale\" content=\"az_AZ\" \/>\n<meta property=\"og:type\" content=\"article\" \/>\n<meta property=\"og:title\" content=\"&quot;N\u0259rmin i\u015fi&quot;nd\u0259 bir g\u00fcn sonra ifad\u0259l\u0259r niy\u0259 d\u0259yi\u015fib? - MEYDAN.TV\" \/>\n<meta property=\"og:description\" content=\"V\u0259kill\u0259r naraz\u0131d\u0131r: \u201cZiddiyy\u0259tl\u0259rin \u00fcst\u00fcnd\u0259n ke\u00e7\u0259c\u0259ksinizs\u0259, bu m\u0259hk\u0259m\u0259 niy\u0259 qurulub?&#8221; Tovuzun ... Davam\u0131\" \/>\n<meta property=\"og:url\" content=\"https:\/\/www.meydan.tv\/az\/article\/nermin-isinde-bir-gun-sonra-ifadeler-niye-deyisib\/\" \/>\n<meta property=\"og:site_name\" content=\"MEYDAN.TV\" \/>\n<meta property=\"article:published_time\" content=\"2022-08-25T08:15:46+00:00\" \/>\n<meta property=\"article:modified_time\" content=\"2022-08-25T08:15:48+00:00\" \/>\n<meta property=\"og:image\" content=\"https:\/\/www.meydan.tv\/wp-content\/uploads\/photo-2022-04-11-16-04-01-e1649746574597.jpg\" \/>\n\t<meta property=\"og:image:width\" content=\"1200\" \/>\n\t<meta property=\"og:image:height\" content=\"711\" \/>\n\t<meta property=\"og:image:type\" content=\"image\/jpeg\" \/>\n<meta name=\"author\" content=\"elli\" \/>\n<meta name=\"twitter:card\" content=\"summary_large_image\" \/>\n<meta name=\"twitter:creator\" content=\"@elli\" \/>\n<script type=\"application\/ld+json\" class=\"yoast-schema-graph\">{\"@context\":\"https:\\\/\\\/schema.org\",\"@graph\":[{\"@type\":\"Article\",\"@id\":\"https:\\\/\\\/www.meydan.tv\\\/az\\\/article\\\/nermin-isinde-bir-gun-sonra-ifadeler-niye-deyisib\\\/#article\",\"isPartOf\":{\"@id\":\"https:\\\/\\\/www.meydan.tv\\\/az\\\/article\\\/nermin-isinde-bir-gun-sonra-ifadeler-niye-deyisib\\\/\"},\"author\":{\"name\":\"elli\",\"@id\":\"https:\\\/\\\/www.meydan.tv\\\/az\\\/#\\\/schema\\\/person\\\/9cdbecf90d17180ce1dfbd95b08dcf47\"},\"headline\":\"&#8220;N\u0259rmin i\u015fi&#8221;nd\u0259 bir g\u00fcn sonra ifad\u0259l\u0259r niy\u0259 d\u0259yi\u015fib?\",\"datePublished\":\"2022-08-25T08:15:46+00:00\",\"dateModified\":\"2022-08-25T08:15:48+00:00\",\"mainEntityOfPage\":{\"@id\":\"https:\\\/\\\/www.meydan.tv\\\/az\\\/article\\\/nermin-isinde-bir-gun-sonra-ifadeler-niye-deyisib\\\/\"},\"wordCount\":1210,\"publisher\":{\"@id\":\"https:\\\/\\\/www.meydan.tv\\\/az\\\/#organization\"},\"image\":{\"@id\":\"https:\\\/\\\/www.meydan.tv\\\/az\\\/article\\\/nermin-isinde-bir-gun-sonra-ifadeler-niye-deyisib\\\/#primaryimage\"},\"thumbnailUrl\":\"https:\\\/\\\/www.meydan.tv\\\/wp-content\\\/uploads\\\/photo-2022-04-11-16-04-01-e1685950918665.jpg\",\"articleSection\":[\"B\u00f6lg\u0259\",\"T\u00f6vsiy\u0259\",\"X\u0259b\u0259rl\u0259r\"],\"inLanguage\":\"az\"},{\"@type\":\"WebPage\",\"@id\":\"https:\\\/\\\/www.meydan.tv\\\/az\\\/article\\\/nermin-isinde-bir-gun-sonra-ifadeler-niye-deyisib\\\/\",\"url\":\"https:\\\/\\\/www.meydan.tv\\\/az\\\/article\\\/nermin-isinde-bir-gun-sonra-ifadeler-niye-deyisib\\\/\",\"name\":\"\\\"N\u0259rmin i\u015fi\\\"nd\u0259 bir g\u00fcn sonra ifad\u0259l\u0259r niy\u0259 d\u0259yi\u015fib? - MEYDAN.TV\",\"isPartOf\":{\"@id\":\"https:\\\/\\\/www.meydan.tv\\\/az\\\/#website\"},\"primaryImageOfPage\":{\"@id\":\"https:\\\/\\\/www.meydan.tv\\\/az\\\/article\\\/nermin-isinde-bir-gun-sonra-ifadeler-niye-deyisib\\\/#primaryimage\"},\"image\":{\"@id\":\"https:\\\/\\\/www.meydan.tv\\\/az\\\/article\\\/nermin-isinde-bir-gun-sonra-ifadeler-niye-deyisib\\\/#primaryimage\"},\"thumbnailUrl\":\"https:\\\/\\\/www.meydan.tv\\\/wp-content\\\/uploads\\\/photo-2022-04-11-16-04-01-e1685950918665.jpg\",\"datePublished\":\"2022-08-25T08:15:46+00:00\",\"dateModified\":\"2022-08-25T08:15:48+00:00\",\"breadcrumb\":{\"@id\":\"https:\\\/\\\/www.meydan.tv\\\/az\\\/article\\\/nermin-isinde-bir-gun-sonra-ifadeler-niye-deyisib\\\/#breadcrumb\"},\"inLanguage\":\"az\",\"potentialAction\":[{\"@type\":\"ReadAction\",\"target\":[\"https:\\\/\\\/www.meydan.tv\\\/az\\\/article\\\/nermin-isinde-bir-gun-sonra-ifadeler-niye-deyisib\\\/\"]}]},{\"@type\":\"ImageObject\",\"inLanguage\":\"az\",\"@id\":\"https:\\\/\\\/www.meydan.tv\\\/az\\\/article\\\/nermin-isinde-bir-gun-sonra-ifadeler-niye-deyisib\\\/#primaryimage\",\"url\":\"https:\\\/\\\/www.meydan.tv\\\/wp-content\\\/uploads\\\/photo-2022-04-11-16-04-01-e1685950918665.jpg\",\"contentUrl\":\"https:\\\/\\\/www.meydan.tv\\\/wp-content\\\/uploads\\\/photo-2022-04-11-16-04-01-e1685950918665.jpg\",\"width\":1200,\"height\":450,\"caption\":\"\u0130lkin S\u00fcleymanov. Foto: Meydan TV\"},{\"@type\":\"BreadcrumbList\",\"@id\":\"https:\\\/\\\/www.meydan.tv\\\/az\\\/article\\\/nermin-isinde-bir-gun-sonra-ifadeler-niye-deyisib\\\/#breadcrumb\",\"itemListElement\":[{\"@type\":\"ListItem\",\"position\":1,\"name\":\"Ana s\u0259hif\u0259\",\"item\":\"https:\\\/\\\/www.meydan.tv\\\/az\\\/\"},{\"@type\":\"ListItem\",\"position\":2,\"name\":\"B\u00f6lg\u0259\",\"item\":\"https:\\\/\\\/www.meydan.tv\\\/az\\\/section\\\/bolge\\\/\"},{\"@type\":\"ListItem\",\"position\":3,\"name\":\"&#8220;N\u0259rmin i\u015fi&#8221;nd\u0259 bir g\u00fcn sonra ifad\u0259l\u0259r niy\u0259 d\u0259yi\u015fib?\"}]},{\"@type\":\"WebSite\",\"@id\":\"https:\\\/\\\/www.meydan.tv\\\/az\\\/#website\",\"url\":\"https:\\\/\\\/www.meydan.tv\\\/az\\\/\",\"name\":\"MEYDAN.TV\",\"description\":\"Meydan TV Az\u0259rbaycan\u0131n media m\u0259kan\u0131ndak\u0131 alternativ s\u0259sidir\",\"publisher\":{\"@id\":\"https:\\\/\\\/www.meydan.tv\\\/az\\\/#organization\"},\"potentialAction\":[{\"@type\":\"SearchAction\",\"target\":{\"@type\":\"EntryPoint\",\"urlTemplate\":\"https:\\\/\\\/www.meydan.tv\\\/az\\\/?s={search_term_string}\"},\"query-input\":{\"@type\":\"PropertyValueSpecification\",\"valueRequired\":true,\"valueName\":\"search_term_string\"}}],\"inLanguage\":\"az\"},{\"@type\":\"Organization\",\"@id\":\"https:\\\/\\\/www.meydan.tv\\\/az\\\/#organization\",\"name\":\"Meydan TV\",\"url\":\"https:\\\/\\\/www.meydan.tv\\\/az\\\/\",\"logo\":{\"@type\":\"ImageObject\",\"inLanguage\":\"az\",\"@id\":\"https:\\\/\\\/www.meydan.tv\\\/az\\\/#\\\/schema\\\/logo\\\/image\\\/\",\"url\":\"https:\\\/\\\/www.meydan.tv\\\/wp-content\\\/uploads\\\/2021\\\/07\\\/meydan-logo.svg\",\"contentUrl\":\"https:\\\/\\\/www.meydan.tv\\\/wp-content\\\/uploads\\\/2021\\\/07\\\/meydan-logo.svg\",\"width\":195,\"height\":46,\"caption\":\"Meydan TV\"},\"image\":{\"@id\":\"https:\\\/\\\/www.meydan.tv\\\/az\\\/#\\\/schema\\\/logo\\\/image\\\/\"}},{\"@type\":\"Person\",\"@id\":\"https:\\\/\\\/www.meydan.tv\\\/az\\\/#\\\/schema\\\/person\\\/9cdbecf90d17180ce1dfbd95b08dcf47\",\"name\":\"elli\",\"sameAs\":[\"https:\\\/\\\/x.com\\\/elli\"]}]}<\/script>\n<!-- \/ Yoast SEO plugin. -->","yoast_head_json":{"title":"\"N\u0259rmin i\u015fi\"nd\u0259 bir g\u00fcn sonra ifad\u0259l\u0259r niy\u0259 d\u0259yi\u015fib? - MEYDAN.TV","robots":{"index":"index","follow":"follow","max-snippet":"max-snippet:-1","max-image-preview":"max-image-preview:large","max-video-preview":"max-video-preview:-1"},"canonical":"https:\/\/www.meydan.tv\/az\/article\/nermin-isinde-bir-gun-sonra-ifadeler-niye-deyisib\/","og_locale":"az_AZ","og_type":"article","og_title":"\"N\u0259rmin i\u015fi\"nd\u0259 bir g\u00fcn sonra ifad\u0259l\u0259r niy\u0259 d\u0259yi\u015fib? - MEYDAN.TV","og_description":"V\u0259kill\u0259r naraz\u0131d\u0131r: \u201cZiddiyy\u0259tl\u0259rin \u00fcst\u00fcnd\u0259n ke\u00e7\u0259c\u0259ksinizs\u0259, bu m\u0259hk\u0259m\u0259 niy\u0259 qurulub?&#8221; Tovuzun ... Davam\u0131","og_url":"https:\/\/www.meydan.tv\/az\/article\/nermin-isinde-bir-gun-sonra-ifadeler-niye-deyisib\/","og_site_name":"MEYDAN.TV","article_published_time":"2022-08-25T08:15:46+00:00","article_modified_time":"2022-08-25T08:15:48+00:00","og_image":[{"width":1200,"height":711,"url":"https:\/\/www.meydan.tv\/wp-content\/uploads\/photo-2022-04-11-16-04-01-e1649746574597.jpg","type":"image\/jpeg"}],"author":"elli","twitter_card":"summary_large_image","twitter_creator":"@elli","schema":{"@context":"https:\/\/schema.org","@graph":[{"@type":"Article","@id":"https:\/\/www.meydan.tv\/az\/article\/nermin-isinde-bir-gun-sonra-ifadeler-niye-deyisib\/#article","isPartOf":{"@id":"https:\/\/www.meydan.tv\/az\/article\/nermin-isinde-bir-gun-sonra-ifadeler-niye-deyisib\/"},"author":{"name":"elli","@id":"https:\/\/www.meydan.tv\/az\/#\/schema\/person\/9cdbecf90d17180ce1dfbd95b08dcf47"},"headline":"&#8220;N\u0259rmin i\u015fi&#8221;nd\u0259 bir g\u00fcn sonra ifad\u0259l\u0259r niy\u0259 d\u0259yi\u015fib?","datePublished":"2022-08-25T08:15:46+00:00","dateModified":"2022-08-25T08:15:48+00:00","mainEntityOfPage":{"@id":"https:\/\/www.meydan.tv\/az\/article\/nermin-isinde-bir-gun-sonra-ifadeler-niye-deyisib\/"},"wordCount":1210,"publisher":{"@id":"https:\/\/www.meydan.tv\/az\/#organization"},"image":{"@id":"https:\/\/www.meydan.tv\/az\/article\/nermin-isinde-bir-gun-sonra-ifadeler-niye-deyisib\/#primaryimage"},"thumbnailUrl":"https:\/\/www.meydan.tv\/wp-content\/uploads\/photo-2022-04-11-16-04-01-e1685950918665.jpg","articleSection":["B\u00f6lg\u0259","T\u00f6vsiy\u0259","X\u0259b\u0259rl\u0259r"],"inLanguage":"az"},{"@type":"WebPage","@id":"https:\/\/www.meydan.tv\/az\/article\/nermin-isinde-bir-gun-sonra-ifadeler-niye-deyisib\/","url":"https:\/\/www.meydan.tv\/az\/article\/nermin-isinde-bir-gun-sonra-ifadeler-niye-deyisib\/","name":"\"N\u0259rmin i\u015fi\"nd\u0259 bir g\u00fcn sonra ifad\u0259l\u0259r niy\u0259 d\u0259yi\u015fib? - MEYDAN.TV","isPartOf":{"@id":"https:\/\/www.meydan.tv\/az\/#website"},"primaryImageOfPage":{"@id":"https:\/\/www.meydan.tv\/az\/article\/nermin-isinde-bir-gun-sonra-ifadeler-niye-deyisib\/#primaryimage"},"image":{"@id":"https:\/\/www.meydan.tv\/az\/article\/nermin-isinde-bir-gun-sonra-ifadeler-niye-deyisib\/#primaryimage"},"thumbnailUrl":"https:\/\/www.meydan.tv\/wp-content\/uploads\/photo-2022-04-11-16-04-01-e1685950918665.jpg","datePublished":"2022-08-25T08:15:46+00:00","dateModified":"2022-08-25T08:15:48+00:00","breadcrumb":{"@id":"https:\/\/www.meydan.tv\/az\/article\/nermin-isinde-bir-gun-sonra-ifadeler-niye-deyisib\/#breadcrumb"},"inLanguage":"az","potentialAction":[{"@type":"ReadAction","target":["https:\/\/www.meydan.tv\/az\/article\/nermin-isinde-bir-gun-sonra-ifadeler-niye-deyisib\/"]}]},{"@type":"ImageObject","inLanguage":"az","@id":"https:\/\/www.meydan.tv\/az\/article\/nermin-isinde-bir-gun-sonra-ifadeler-niye-deyisib\/#primaryimage","url":"https:\/\/www.meydan.tv\/wp-content\/uploads\/photo-2022-04-11-16-04-01-e1685950918665.jpg","contentUrl":"https:\/\/www.meydan.tv\/wp-content\/uploads\/photo-2022-04-11-16-04-01-e1685950918665.jpg","width":1200,"height":450,"caption":"\u0130lkin S\u00fcleymanov. Foto: Meydan TV"},{"@type":"BreadcrumbList","@id":"https:\/\/www.meydan.tv\/az\/article\/nermin-isinde-bir-gun-sonra-ifadeler-niye-deyisib\/#breadcrumb","itemListElement":[{"@type":"ListItem","position":1,"name":"Ana s\u0259hif\u0259","item":"https:\/\/www.meydan.tv\/az\/"},{"@type":"ListItem","position":2,"name":"B\u00f6lg\u0259","item":"https:\/\/www.meydan.tv\/az\/section\/bolge\/"},{"@type":"ListItem","position":3,"name":"&#8220;N\u0259rmin i\u015fi&#8221;nd\u0259 bir g\u00fcn sonra ifad\u0259l\u0259r niy\u0259 d\u0259yi\u015fib?"}]},{"@type":"WebSite","@id":"https:\/\/www.meydan.tv\/az\/#website","url":"https:\/\/www.meydan.tv\/az\/","name":"MEYDAN.TV","description":"Meydan TV Az\u0259rbaycan\u0131n media m\u0259kan\u0131ndak\u0131 alternativ s\u0259sidir","publisher":{"@id":"https:\/\/www.meydan.tv\/az\/#organization"},"potentialAction":[{"@type":"SearchAction","target":{"@type":"EntryPoint","urlTemplate":"https:\/\/www.meydan.tv\/az\/?s={search_term_string}"},"query-input":{"@type":"PropertyValueSpecification","valueRequired":true,"valueName":"search_term_string"}}],"inLanguage":"az"},{"@type":"Organization","@id":"https:\/\/www.meydan.tv\/az\/#organization","name":"Meydan TV","url":"https:\/\/www.meydan.tv\/az\/","logo":{"@type":"ImageObject","inLanguage":"az","@id":"https:\/\/www.meydan.tv\/az\/#\/schema\/logo\/image\/","url":"https:\/\/www.meydan.tv\/wp-content\/uploads\/2021\/07\/meydan-logo.svg","contentUrl":"https:\/\/www.meydan.tv\/wp-content\/uploads\/2021\/07\/meydan-logo.svg","width":195,"height":46,"caption":"Meydan TV"},"image":{"@id":"https:\/\/www.meydan.tv\/az\/#\/schema\/logo\/image\/"}},{"@type":"Person","@id":"https:\/\/www.meydan.tv\/az\/#\/schema\/person\/9cdbecf90d17180ce1dfbd95b08dcf47","name":"elli","sameAs":["https:\/\/x.com\/elli"]}]}},"_links":{"self":[{"href":"https:\/\/www.meydan.tv\/az\/wp-json\/wp\/v2\/posts\/254135","targetHints":{"allow":["GET"]}}],"collection":[{"href":"https:\/\/www.meydan.tv\/az\/wp-json\/wp\/v2\/posts"}],"about":[{"href":"https:\/\/www.meydan.tv\/az\/wp-json\/wp\/v2\/types\/post"}],"author":[{"embeddable":true,"href":"https:\/\/www.meydan.tv\/az\/wp-json\/wp\/v2\/users\/8"}],"replies":[{"embeddable":true,"href":"https:\/\/www.meydan.tv\/az\/wp-json\/wp\/v2\/comments?post=254135"}],"version-history":[{"count":1,"href":"https:\/\/www.meydan.tv\/az\/wp-json\/wp\/v2\/posts\/254135\/revisions"}],"predecessor-version":[{"id":254136,"href":"https:\/\/www.meydan.tv\/az\/wp-json\/wp\/v2\/posts\/254135\/revisions\/254136"}],"wp:featuredmedia":[{"embeddable":true,"href":"https:\/\/www.meydan.tv\/az\/wp-json\/wp\/v2\/media\/241424"}],"wp:attachment":[{"href":"https:\/\/www.meydan.tv\/az\/wp-json\/wp\/v2\/media?parent=254135"}],"wp:term":[{"taxonomy":"category","embeddable":true,"href":"https:\/\/www.meydan.tv\/az\/wp-json\/wp\/v2\/categories?post=254135"},{"taxonomy":"post_tag","embeddable":true,"href":"https:\/\/www.meydan.tv\/az\/wp-json\/wp\/v2\/tags?post=254135"}],"curies":[{"name":"wp","href":"https:\/\/api.w.org\/{rel}","templated":true}]}}