{"id":254131,"date":"2022-08-25T11:03:54","date_gmt":"2022-08-25T07:03:54","guid":{"rendered":"https:\/\/www.meydan.tv\/?p=254131"},"modified":"2022-08-25T11:03:56","modified_gmt":"2022-08-25T07:03:56","slug":"arici-temiz-ari-sudunun-satisina-aldanmayin","status":"publish","type":"post","link":"https:\/\/www.meydan.tv\/az\/article\/arici-temiz-ari-sudunun-satisina-aldanmayin\/","title":{"rendered":"Ar\u0131\u00e7\u0131: \u201cT\u0259miz ar\u0131 s\u00fcd\u00fcn\u00fcn sat\u0131\u015f\u0131na aldanmay\u0131n\u201d"},"content":{"rendered":"\n<p><\/p>\n\n\n\n<p><em>\u201cArzum C\u0259bray\u0131lda t\u0259s\u0259rr\u00fcfat qurmaqd\u0131r\u201d<\/em><\/p>\n\n\n\n<p>T\u0259rg\u00fcl N\u0259c\u0259fova bir zamanlar m\u00fc\u0259llim kimi sinif ota\u011f\u0131na gir\u0259nd\u0259 y\u0259qin he\u00e7 d\u00fc\u015f\u00fcnm\u0259zdi ki, n\u0259 vaxtsa ya\u015fad\u0131\u011f\u0131 b\u00f6lg\u0259d\u0259 yax\u015f\u0131 ar\u0131\u00e7\u0131 kimi tan\u0131nacaq.<\/p>\n\n\n\n<p>58 ya\u015fl\u0131 ar\u0131\u00e7\u0131 Da\u015fk\u0259s\u0259n rayonunun Yolqullar k\u0259nd sakinidir. \u018fsl\u0259n C\u0259bray\u0131l rayonunun S\u00fcleymanl\u0131 k\u0259ndind\u0259n olan T\u0259rg\u00fcl N\u0259c\u0259fova G\u0259nc\u0259 D\u00f6vl\u0259t Universitetini dil-\u0259d\u0259biyyat ixtisas\u0131 \u00fczr\u0259 bitirib. 1987-ci ild\u0259 ail\u0259 qurub v\u0259 el\u0259 o g\u00fcnd\u0259n d\u0259 h\u0259yat\u0131 d\u0259yi\u015fib. 18 il m\u00fc\u0259llim kimi \u00e7al\u0131\u015f\u0131r v\u0259 bir g\u00fcn h\u0259yat yolda\u015f\u0131n\u0131n i\u015finin yerd\u0259yi\u015fimi, da\u011f k\u0259ndinin \u00e7\u0259tin yolu onu sevimli i\u015find\u0259n uzaqla\u015fd\u0131r\u0131r. Bel\u0259c\u0259 ar\u0131\u00e7\u0131 kimi f\u0259aliyy\u0259t\u0259 ba\u015flay\u0131r. Art\u0131q 35 illik t\u0259cr\u00fcb\u0259y\u0259 sahibdir.<\/p>\n\n\n\n<p>&#8220;13 il k\u00f6m\u0259k\u00e7i kimi t\u0259cr\u00fcb\u0259 y\u0131\u011fm\u0131\u015fam. \u00d6nc\u0259 \u00e7\u0259tin olsa da, bax\u0131b \u00f6yr\u0259ndim. H\u0259r zaman diqq\u0259tim h\u0259yat yolda\u015f\u0131mda olub. \u00c7\u00fcnki o, bu i\u015fl\u0259ri g\u00f6r\u00fcrd\u00fc. Ar\u0131ya qulluq prosedurlar\u0131 nec\u0259 h\u0259yata ke\u00e7irilir, nec\u0259 davran\u0131l\u0131r, onun yan\u0131nda k\u00f6m\u0259k\u00e7isi olaraq \u00f6yr\u0259ndim. Yava\u015f-yava\u015f bu t\u0259s\u0259rr\u00fcfata daha \u00e7ox yiy\u0259l\u0259ndim. Son be\u015f ild\u0259 tam m\u0259suliyy\u0259tini \u00f6z \u00fcz\u0259rim\u0259 g\u00f6t\u00fcrd\u00fcm. \u0130\u015fsiz qal\u0131nca meylimi bu t\u0259s\u0259rr\u00fcfata sald\u0131m. Ona s\u0259rf etdiyim \u00f6mr\u00fcm\u00fc h\u0259d\u0259r saym\u0131ram\u201d.<\/p>\n\n\n\n<figure class=\"wp-block-image size-full\"><img decoding=\"async\" width=\"1200\" height=\"800\" data-src=\"https:\/\/www.meydan.tv\/wp-content\/uploads\/untitled-design-1-43.jpg\" alt=\"\" class=\"wp-image-254113 lazyload\" src=\"data:image\/svg+xml;base64,PHN2ZyB3aWR0aD0iMSIgaGVpZ2h0PSIxIiB4bWxucz0iaHR0cDovL3d3dy53My5vcmcvMjAwMC9zdmciPjwvc3ZnPg==\" style=\"--smush-placeholder-width: 1200px; --smush-placeholder-aspect-ratio: 1200\/800;\" \/><\/figure>\n\n\n\n<p>Ar\u0131\u00e7\u0131 deyir ki, \u0259vv\u0259lc\u0259 60 t\u0259hn\u0259si olub. Sonra m\u00fcxt\u0259lif x\u0259st\u0259likl\u0259r ar\u0131lar\u0131n m\u0259hv edib:<\/p>\n\n\n\n<p>\u201cH\u0259tta \u00fc\u00e7 t\u0259hn\u0259miz qald\u0131. Sonradan artd\u0131. Haz\u0131rda 60 ar\u0131 ail\u0259m var. Q\u0131r\u0131ld\u0131qca m\u0259n onu bir d\u0259 be\u00e7\u0259sind\u0259n, ya yenisind\u0259n y\u0131\u011fd\u0131m&#8221;.<\/p>\n\n\n\n<p>Ar\u0131 ail\u0259l\u0259rinin b\u00fct\u00fcn f\u0259sill\u0259rd\u0259 qidalanmas\u0131, d\u0259rmanlanmas\u0131, q\u0131\u015fda yerinin isti saxlanmas\u0131, soyuqdan, m\u00fcxt\u0259lif x\u0259st\u0259lik v\u0259 qurdlardan qorunmas\u0131 v\u0259 sair a\u011f\u0131r z\u0259hm\u0259t t\u0259l\u0259b edir. T\u0259rg\u00fcl N\u0259c\u0259fova deyir ki, k\u00f6m\u0259y\u0259 ehtiyac\u0131 \u0259sas\u0259n ar\u0131n\u0131n k\u00f6\u00e7\u00fcm vaxt\u0131 olur:<\/p>\n\n\n\n<p>&#8220;Yanvardan ba\u015flay\u0131ram yem verm\u0259y\u0259. Ar\u0131n\u0131n siml\u0259nm\u0259si, \u015famlanmas\u0131 var. Ar\u0131n\u0131 ild\u0259 iki d\u0259f\u0259 d\u0259rmanlay\u0131ram. Q\u0131\u015fda g\u0259n\u0259 d\u00fc\u015fm\u0259sin dey\u0259. Qanadlar\u0131na d\u00fc\u015f\u00fcr, ar\u0131n\u0131 u\u00e7ma\u011fa qoymur, yerl\u0259 s\u00fcr\u00fcn\u00fcr. Baldan sonra yen\u0259 d\u0259rmanlay\u0131ram. Dekabrda yerini isti saxlay\u0131ram ki, q\u0131r\u0131lmas\u0131nlar. Yem, d\u0259rman verir\u0259m. \u0130ki d\u0259rman\u0131 var, quzuqulaq tur\u015fusu v\u0259 pin. Art\u0131q bir ayd\u0131r ki, hiss\u0259-hiss\u0259 bal \u00e7\u0259kir\u0259m. Sentyabrda v\u0259 mayda k\u00f6\u00e7 ba\u015flay\u0131r. Onda ail\u0259m, o\u011flum k\u00f6m\u0259k edir&#8221;.<\/p>\n\n\n\n<p><strong>\u201cAr\u0131 s\u00fcd\u00fcn\u00fc almaq \u00fc\u00e7\u00fcn g\u0259r\u0259k ne\u00e7\u0259 ar\u0131 ail\u0259sini qurban ver\u0259s\u0259n\u201d<\/strong><\/p>\n\n\n\n<p>T\u0259rg\u00fcl N\u0259c\u0259fova ar\u0131\u00e7\u0131l\u0131\u011f\u0131 el\u0259 m\u00fc\u0259llimliy\u0259 b\u0259nz\u0259dir. Deyir ki, m\u00fc\u0259llim kimi \u015fagirdl\u0259r\u0259 nec\u0259 m\u0259suliyy\u0259t v\u0259 h\u0259ssasl\u0131qla yana\u015f\u0131rd\u0131sa, ar\u0131lara da eyni qay\u011f\u0131n\u0131 b\u0259sl\u0259yir. H\u0259tta pe\u015f\u0259kar ar\u0131\u00e7\u0131 kimi ar\u0131 s\u00fcd\u00fcn\u00fcn al\u0131nmas\u0131n\u0131 m\u0259hz ar\u0131 ail\u0259sinin t\u0259hl\u00fck\u0259sizliyi bax\u0131m\u0131ndan ist\u0259mir. \u00c7\u00fcnki bir ne\u00e7\u0259 qram ar\u0131 s\u00fcd\u00fc bir ar\u0131 ail\u0259sinin m\u0259hvi dem\u0259kdir. Odur ki, ar\u0131\u00e7\u0131 xan\u0131m baha qiym\u0259t\u0259 sat\u0131lan ar\u0131 s\u00fcd\u00fcn\u00fcn \u015f\u0259ffafl\u0131\u011f\u0131na inanm\u0131r:<\/p>\n\n\n\n<p>\u201cAr\u0131 s\u00fcd\u00fc \u00e7ox faydal\u0131d\u0131r, ancaq onu almaq \u00e7ox \u00e7\u0259tindir. Ar\u0131 s\u00fcd\u00fcn\u00fc almaq \u00fc\u00e7\u00fcn g\u0259r\u0259k ne\u00e7\u0259 ari ail\u0259sini qurban ver\u0259s\u0259n. Ana ar\u0131n\u0131n t\u00fck kimi damar\u0131nda olur s\u00fcd. Onu alan kimi, ana ar\u0131 qar\u0131\u015f\u0131q b\u00fct\u00fcn ar\u0131 ail\u0259si \u00f6l\u00fcr. Ax\u0131 bel\u0259 olmaz. Bir az bunu \u015fi\u015firdirl\u0259r ki, t\u0259miz ar\u0131 s\u00fcd\u00fc sat\u0131l\u0131r. Mayda s\u00fcd kimi ar\u0131 balalar\u0131 olur ki, onu s\u00fcd ad\u0131na g\u00f6t\u00fcr\u00fcrl\u0259r. Buna aldanmay\u0131n. \u018fslind\u0259 pe\u015f\u0259kar ar\u0131\u00e7\u0131 bilir ki, bu \u00e7\u0259tin v\u0259 nadir prosesdir\u201d.<\/p>\n\n\n\n<figure class=\"wp-block-image size-full\"><img decoding=\"async\" width=\"1200\" height=\"800\" data-src=\"https:\/\/www.meydan.tv\/wp-content\/uploads\/untitled-design-5-24.jpg\" alt=\"\" class=\"wp-image-254125 lazyload\" src=\"data:image\/svg+xml;base64,PHN2ZyB3aWR0aD0iMSIgaGVpZ2h0PSIxIiB4bWxucz0iaHR0cDovL3d3dy53My5vcmcvMjAwMC9zdmciPjwvc3ZnPg==\" style=\"--smush-placeholder-width: 1200px; --smush-placeholder-aspect-ratio: 1200\/800;\" \/><\/figure>\n\n\n\n<p>Deyir ki, h\u0259tta yanvardan marta q\u0259d\u0259r, b\u0259z\u0259n mayda ar\u0131ya \u015f\u0259k\u0259r tozu verir:<\/p>\n\n\n\n<p>\u201cB\u0259zi ar\u0131\u00e7\u0131lar deyirl\u0259r, guya \u015f\u0259k\u0259r tozu vermirl\u0259r. Bunu yalan deyirl\u0259r. Qidas\u0131 azd\u0131r dey\u0259 yanvardan \u015f\u0259k\u0259r tozu verilir, marta q\u0259d\u0259r davam edir. \u018fg\u0259r q\u0131\u015f isti ke\u00e7\u0259rs\u0259, ar\u0131 \u00e7ox qidalanmal\u0131d\u0131r. Ona da bal yetmir. \u015e\u0259k\u0259r tozu verilir. Mayda da veririk, \u00e7\u00fcnki ar\u0131 balalamaq \u00fc\u00e7\u00fcn qurd s\u0259pir. M\u0259hz buna g\u00f6r\u0259 verir\u0259m\u201d.<\/p>\n\n\n\n<p><strong>\u201cN\u0259 yarmarkada, n\u0259 d\u0259 bazarda bal sat\u0131ram\u201d<\/strong><\/p>\n\n\n\n<p>Ar\u0131\u00e7\u0131 deyir ki, \u00f6t\u0259n il hava \u015f\u0259raiti quraq ke\u00e7diyind\u0259n ar\u0131\u00e7\u0131l\u0131qda m\u0259hsuldarl\u0131q az olub. Bu il is\u0259 bol ya\u011f\u0131nt\u0131 m\u0259hsuldarl\u0131\u011fa m\u00fcsb\u0259t t\u0259sir g\u00f6st\u0259rs\u0259 d\u0259, n\u0259tic\u0259 el\u0259 q\u0259n\u0259atb\u0259x\u015f deyil. O, 60 ar\u0131 ail\u0259sind\u0259n \u00fcmumi 150 kiloqrama yax\u0131n bal \u00e7\u0259kib. \u0130ld\u0259 iki d\u0259f\u0259 &#8211; yazda v\u0259 yayda bal \u00e7\u0259kir.<\/p>\n\n\n\n<p>T\u0259rg\u00fcl N\u0259c\u0259fova deyir ki, balla yana\u015f\u0131 v\u0259r\u0259mum v\u0259 qaymaq da toplay\u0131r. C\u0259mi 5-6 kiloluq qayma\u011f\u0131 is\u0259 baldan dadl\u0131 v\u0259 faydal\u0131 hesab edir. Qaymaq m\u00fcxt\u0259lif \u00e7i\u00e7\u0259kl\u0259rin \u0259sas l\u0259ti olaraq \u015fam\u0131n \u00fcst hiss\u0259sind\u0259n al\u0131n\u0131r. 200 qraml\u0131q v\u0259r\u0259mum is\u0259 i\u015f\u00e7i ar\u0131lar\u0131n ayaqlar\u0131nda da\u015f\u0131d\u0131\u011f\u0131 \u00e7i\u00e7\u0259k tozudur ki, \u0259sas\u0259n t\u0259hn\u0259nin giri\u015find\u0259 olur.<\/p>\n\n\n\n<p>V\u0259r\u0259mum daxili orqanlar\u0131n x\u0259st\u0259likl\u0259ri \u00fc\u00e7\u00fcn qiym\u0259tli d\u0259rman vasit\u0259sidir. Ar\u0131\u00e7\u0131 deyir ki, onun al\u0131c\u0131lar\u0131 daimi m\u00fc\u015ft\u0259ril\u0259ridir:<\/p>\n\n\n\n<figure class=\"wp-block-image size-full\"><img decoding=\"async\" width=\"1200\" height=\"800\" data-src=\"https:\/\/www.meydan.tv\/wp-content\/uploads\/untitled-design-3-32.jpg\" alt=\"\" class=\"wp-image-254119 lazyload\" src=\"data:image\/svg+xml;base64,PHN2ZyB3aWR0aD0iMSIgaGVpZ2h0PSIxIiB4bWxucz0iaHR0cDovL3d3dy53My5vcmcvMjAwMC9zdmciPjwvc3ZnPg==\" style=\"--smush-placeholder-width: 1200px; --smush-placeholder-aspect-ratio: 1200\/800;\" \/><\/figure>\n\n\n\n<p>\u201c\u0130nan\u0131n, al\u0131c\u0131lar bal\u0131n \u00fcst\u00fcnd\u0259 dava edir. Ham\u0131 qeydiyyata yaz\u0131l\u0131r \u00f6nc\u0259d\u0259n, sifari\u015f \u00e7ox, ancaq bal az. Rusiyadan, Da\u015fk\u0259s\u0259nd\u0259n, G\u0259nc\u0259d\u0259n, Bak\u0131dan. \u018fsas da qohum-\u0259qraba, tan\u0131\u015flar, dostlar. Y\u0259ni ill\u0259rdir m\u0259ni tan\u0131yanlar. N\u0259 yarmarkada, n\u0259 bazarda bal sat\u0131ram. \u00c7ox \u00e7\u0259k\u0259 bilmir\u0259m ki, ar\u0131 q\u0131r\u0131lar. \u00d6z\u00fcnd\u0259 d\u0259 bal qalmal\u0131d\u0131r ki, \u00fcz\u00fc q\u0131\u015fa gedir, qidalans\u0131n\u201d.<\/p>\n\n\n\n<p>T\u0259rg\u00fcl N\u0259c\u0259fova deyir ki ar\u0131 halall\u0131\u011f\u0131 sev\u0259n heyvand\u0131r. Haram qat\u0131rsan, k\u00fcs\u00fcb gedir. 72 faiz bal i\u015f\u00e7i ar\u0131lar t\u0259r\u0259find\u0259n \u00e7\u00f6ld\u0259n su hal\u0131nda g\u0259lir. Qanadlar\u0131 il\u0259 ventilyasiya edib 25 faizlik bal hal\u0131na g\u0259tirir v\u0259 \u00fcst\u00fcn\u00fc suvay\u0131rlar. \u00c7ox suvayanda b\u0259rkiyir: \u201cYay bal\u0131n\u0131 20 g\u00fcn\u0259 ald\u0131m. Qayma\u011f\u0131 da \u00f6vladlar\u0131m aras\u0131nda b\u00f6l\u00fcr\u0259m. Kims\u0259 d\u0259rman \u00fc\u00e7\u00fcn v\u0259r\u0259mum ist\u0259s\u0259 sat\u0131ram, onun da 100 qram\u0131 40 manatd\u0131r. Ya da \u00f6z\u00fcm\u00fcz daxili orqanlar\u0131 t\u0259mizl\u0259m\u0259k \u00fc\u00e7\u00fcn d\u0259rman kimi spirt\u0259 qat\u0131b istifad\u0259 edirik. \u018fvv\u0259l bal\u0131n kiloqram\u0131n\u0131 30-35 manata sat\u0131rd\u0131m, indi is\u0259 40 manatdan yuxar\u0131d\u0131r. \u00c7\u00fcnki h\u0259r \u015fey bahalan\u0131b. Ar\u0131 halal heyvand\u0131r dey\u0259 sahibinin d\u0259 z\u0259hm\u0259tini qiym\u0259tl\u0259ndir\u0259ndir\u201d.<\/p>\n\n\n\n<p><strong>\u201cB\u0259d\u0259nimd\u0259 olan a\u011fr\u0131lar\u0131 bel\u0259 ar\u0131 sancmas\u0131 m\u00fcalic\u0259 edir\u201d<\/strong><\/p>\n\n\n\n<p>T\u0259rg\u00fcl N\u0259c\u0259fova deyir ki, da\u011f bal\u0131 \u00fc\u00e7\u00fcn sentyabrda Da\u015fk\u0259s\u0259nd\u0259n G\u0259nc\u0259y\u0259, mayda G\u0259nc\u0259d\u0259n G\u00f6yg\u00f6l rayonuna, iki ayl\u0131q yay \u00fc\u00e7\u00fcn Da\u015fk\u0259s\u0259nin Yolqullar k\u0259ndin\u0259 k\u00f6\u00e7 edir. Y\u0259ni ar\u0131lar h\u0259m aran a\u011faclar\u0131, h\u0259m d\u0259 da\u011f bitkil\u0259ri il\u0259 qidalan\u0131r. Bal\u0131nda h\u0259r \u00e7i\u00e7\u0259kd\u0259n fayda olsun dey\u0259 ar\u0131 kimi i\u015fl\u0259yir. \u00c7oxsayl\u0131 ar\u0131 sancmas\u0131 bel\u0259 onu qorxutmur. Deyir ki, ar\u0131 z\u0259h\u0259ri onun immunitetini g\u00fccl\u0259ndirib:<\/p>\n\n\n\n<p>\u201cRelyef \u00e7\u0259tindir, hava \u015f\u0259raiti d\u0259 d\u0259yi\u015fk\u0259ndir. Ancaq da\u011f bal\u0131n\u0131n yerini he\u00e7 n\u0259 vermir. Aranda \u0259v\u0259lik, akasiya, \u00e7\u00f6k\u0259, g\u00fcn\u0259baxan, nar \u00e7i\u00e7\u0259yi, xirnik\u00e7i\u00e7\u0259yi, biyandan \u015fir\u0259 \u00e7\u0259kir. Dad, keyfiyy\u0259t eyni olur. Ancaq da\u011fda f\u0259rqlidir. M\u00fcxt\u0259lif yer \u00e7i\u00e7\u0259kl\u0259rind\u0259n, y\u0259ni t\u0259bii bit\u0259n \u00e7i\u00e7\u0259kl\u0259rd\u0259n \u00e7\u0259kir \u015fir\u0259ni. K\u0259klikotu, q\u0259tli, sar\u0131\u00e7i\u00e7\u0259k, qara\u00e7\u00f6r\u0259k otu v\u0259 dig\u0259r da\u011f \u00e7i\u00e7\u0259kl\u0259rind\u0259n \u00e7\u0259kilir dey\u0259 onun da m\u00fcalic\u0259vi \u0259h\u0259miyy\u0259ti \u00e7oxdur. Aranda yerd\u0259yi\u015fim olmur, \u00e7ox \u0259ziyy\u0259t \u00e7\u0259kilmir. Ancaq da\u011fdan arana, arandan da\u011fa da\u015f\u0131nan ar\u0131lar\u0131n verdiyi bal\u0131n l\u0259zz\u0259ti ba\u015fqad\u0131r\u201d.<\/p>\n\n\n\n<figure class=\"wp-block-image size-full\"><img decoding=\"async\" width=\"1200\" height=\"800\" data-src=\"https:\/\/www.meydan.tv\/wp-content\/uploads\/untitled-design-6-15.jpg\" alt=\"\" class=\"wp-image-254128 lazyload\" src=\"data:image\/svg+xml;base64,PHN2ZyB3aWR0aD0iMSIgaGVpZ2h0PSIxIiB4bWxucz0iaHR0cDovL3d3dy53My5vcmcvMjAwMC9zdmciPjwvc3ZnPg==\" style=\"--smush-placeholder-width: 1200px; --smush-placeholder-aspect-ratio: 1200\/800;\" \/><\/figure>\n\n\n\n<p>T\u0259rg\u00fcl N\u0259c\u0259fovan\u0131n s\u00f6zl\u0259rin\u0259 g\u00f6r\u0259, bal alark\u0259n onu h\u0259tta 100-d\u0259n art\u0131q ar\u0131 sanc\u0131r:<\/p>\n\n\n\n<p>\u201cHiss edirs\u0259n \u00fcr\u0259yin a\u011f\u0131rla\u015f\u0131r, yat\u0131b-durursan \u00e7\u0259kilir. B\u0259d\u0259nimd\u0259 olan a\u011fr\u0131lar\u0131 bel\u0259 ar\u0131 sancmas\u0131 m\u00fcalic\u0259 edir. \u00c7\u0259kim v\u0259 k\u00f6\u00e7 vaxt\u0131 ancaq ar\u0131n\u0131 d\u00fc\u015f\u00fcn\u00fcr\u0259m\u201d.<\/p>\n\n\n\n<p><strong>\u201cQalan \u00f6mr\u00fcm\u00fc bu t\u0259s\u0259rr\u00fcfata h\u0259sr ed\u0259c\u0259m\u201d<\/strong><\/p>\n\n\n\n<p>Ar\u0131\u00e7\u0131 xan\u0131m\u0131n t\u0259s\u0259rr\u00fcfat\u0131 il\u0259 ba\u011fl\u0131 g\u0259l\u0259c\u0259k planlar\u0131 var. \u0130ki ildir ki, ar\u0131\u00e7\u0131l\u0131q t\u0259s\u0259rr\u00fcfat\u0131 il\u0259 ba\u011fl\u0131 MMC-d\u0259 yarad\u0131b v\u0259 C\u0259bray\u0131l rayonunun S\u00fcleymanl\u0131 k\u0259ndin\u0259 qeydiyyata d\u00fc\u015f\u00fcb. Onun s\u00f6zl\u0259rin\u0259 g\u00f6r\u0259, h\u0259min k\u0259ndd\u0259 ar\u0131\u00e7\u0131l\u0131q t\u0259s\u0259rr\u00fcfat\u0131n\u0131 art\u0131r\u0131b, g\u0259nc ar\u0131\u00e7\u0131lar yeti\u015fdir\u0259c\u0259k. 3 \u00f6vlad\u0131, 7 n\u0259v\u0259si olan T\u0259rg\u00fcl xan\u0131m ar\u0131\u00e7\u0131 olaraq do\u011fma k\u0259ndin\u0259 k\u00f6\u00e7\u0259c\u0259yi g\u00fcn\u00fc g\u00f6zl\u0259yir.<\/p>\n\n\n\n<figure class=\"wp-block-image size-full\"><img decoding=\"async\" width=\"1200\" height=\"800\" data-src=\"https:\/\/www.meydan.tv\/wp-content\/uploads\/untitled-design-2-42.jpg\" alt=\"\" class=\"wp-image-254116 lazyload\" src=\"data:image\/svg+xml;base64,PHN2ZyB3aWR0aD0iMSIgaGVpZ2h0PSIxIiB4bWxucz0iaHR0cDovL3d3dy53My5vcmcvMjAwMC9zdmciPjwvc3ZnPg==\" style=\"--smush-placeholder-width: 1200px; --smush-placeholder-aspect-ratio: 1200\/800;\" \/><\/figure>\n\n\n\n<p>\u201cBizim k\u0259ndd\u0259 ar\u0131 \u00e7ox olmay\u0131b. M\u0259hz bu t\u0259s\u0259rr\u00fcfatla orda qeydiyyata d\u00fc\u015fd\u00fcm ki, gedib f\u0259rqli \u00e7i\u00e7\u0259kl\u0259rd\u0259n, f\u0259rqli m\u00fch\u00fctd\u0259n bal al\u0131m. Planla\u015fd\u0131r\u0131ram ki, h\u0259yat yolda\u015f\u0131m da t\u0259qa\u00fcd\u0259 \u00e7\u0131xs\u0131n, orada evimiz tikilib haz\u0131r olsun, birg\u0259 gedib t\u0259s\u0259rr\u00fcfat quraq. Qalan \u00f6mr\u00fcm\u00fc bu t\u0259s\u0259rr\u00fcfata h\u0259sr ed\u0259c\u0259m. Pe\u015fman da deyil\u0259m. D\u00fczd\u00fcr, ar\u0131 t\u0259hn\u0259l\u0259rini yenil\u0259m\u0259liy\u0259m, k\u00f6hn\u0259dir. D\u00f6vl\u0259t d\u0259 iki ildir ki, h\u0259r ar\u0131 ail\u0259si \u00fc\u00e7\u00fcn 10 manat d\u0259y\u0259rind\u0259 subsidiya verir. Buna da \u015f\u00fck\u00fcr\u2026 \u201d.<\/p>\n","protected":false},"excerpt":{"rendered":"<p>\u201cArzum C\u0259bray\u0131lda t\u0259s\u0259rr\u00fcfat qurmaqd\u0131r\u201d T\u0259rg\u00fcl N\u0259c\u0259fova bir zamanlar m\u00fc\u0259llim kimi &#8230; <\/p>\n<p class=\"read-more-container\"><a title=\"Ar\u0131\u00e7\u0131: \u201cT\u0259miz ar\u0131 s\u00fcd\u00fcn\u00fcn sat\u0131\u015f\u0131na aldanmay\u0131n\u201d\" class=\"read-more button\" href=\"https:\/\/www.meydan.tv\/az\/article\/arici-temiz-ari-sudunun-satisina-aldanmayin\/#more-254131\" aria-label=\"Read more about Ar\u0131\u00e7\u0131: \u201cT\u0259miz ar\u0131 s\u00fcd\u00fcn\u00fcn sat\u0131\u015f\u0131na aldanmay\u0131n\u201d\">Davam\u0131<\/a><\/p>\n","protected":false},"author":8,"featured_media":254122,"comment_status":"closed","ping_status":"closed","sticky":false,"template":"","format":"standard","meta":{"_acf_changed":false,"_sitemap_exclude":false,"_sitemap_priority":"","_sitemap_frequency":"","footnotes":""},"categories":[60,56],"tags":[],"class_list":["post-254131","post","type-post","status-publish","format-standard","has-post-thumbnail","hentry","category-bolge","category-xeberler","infinite-scroll-item","generate-columns","tablet-grid-50","mobile-grid-100","grid-parent","grid-33","no-featured-image-padding"],"acf":[],"yoast_head":"<!-- This site is optimized with the Yoast SEO plugin v27.5 - https:\/\/yoast.com\/product\/yoast-seo-wordpress\/ -->\n<title>Ar\u0131\u00e7\u0131: \u201cT\u0259miz ar\u0131 s\u00fcd\u00fcn\u00fcn sat\u0131\u015f\u0131na aldanmay\u0131n\u201d - MEYDAN.TV<\/title>\n<meta name=\"robots\" content=\"index, follow, max-snippet:-1, max-image-preview:large, max-video-preview:-1\" \/>\n<link rel=\"canonical\" href=\"https:\/\/www.meydan.tv\/az\/article\/arici-temiz-ari-sudunun-satisina-aldanmayin\/\" \/>\n<meta property=\"og:locale\" content=\"az_AZ\" \/>\n<meta property=\"og:type\" content=\"article\" \/>\n<meta property=\"og:title\" content=\"Ar\u0131\u00e7\u0131: \u201cT\u0259miz ar\u0131 s\u00fcd\u00fcn\u00fcn sat\u0131\u015f\u0131na aldanmay\u0131n\u201d - MEYDAN.TV\" \/>\n<meta property=\"og:description\" content=\"\u201cArzum C\u0259bray\u0131lda t\u0259s\u0259rr\u00fcfat qurmaqd\u0131r\u201d T\u0259rg\u00fcl N\u0259c\u0259fova bir zamanlar m\u00fc\u0259llim kimi ... Davam\u0131\" \/>\n<meta property=\"og:url\" content=\"https:\/\/www.meydan.tv\/az\/article\/arici-temiz-ari-sudunun-satisina-aldanmayin\/\" \/>\n<meta property=\"og:site_name\" content=\"MEYDAN.TV\" \/>\n<meta property=\"article:published_time\" content=\"2022-08-25T07:03:54+00:00\" \/>\n<meta property=\"article:modified_time\" content=\"2022-08-25T07:03:56+00:00\" \/>\n<meta property=\"og:image\" content=\"https:\/\/www.meydan.tv\/wp-content\/uploads\/untitled-design-4-30-e1661411014308.jpg\" \/>\n\t<meta property=\"og:image:width\" content=\"1200\" \/>\n\t<meta property=\"og:image:height\" content=\"546\" \/>\n\t<meta property=\"og:image:type\" content=\"image\/jpeg\" \/>\n<meta name=\"author\" content=\"elli\" \/>\n<meta name=\"twitter:card\" content=\"summary_large_image\" \/>\n<meta name=\"twitter:creator\" content=\"@elli\" \/>\n<script type=\"application\/ld+json\" class=\"yoast-schema-graph\">{\"@context\":\"https:\\\/\\\/schema.org\",\"@graph\":[{\"@type\":\"Article\",\"@id\":\"https:\\\/\\\/www.meydan.tv\\\/az\\\/article\\\/arici-temiz-ari-sudunun-satisina-aldanmayin\\\/#article\",\"isPartOf\":{\"@id\":\"https:\\\/\\\/www.meydan.tv\\\/az\\\/article\\\/arici-temiz-ari-sudunun-satisina-aldanmayin\\\/\"},\"author\":{\"name\":\"elli\",\"@id\":\"https:\\\/\\\/www.meydan.tv\\\/az\\\/#\\\/schema\\\/person\\\/9cdbecf90d17180ce1dfbd95b08dcf47\"},\"headline\":\"Ar\u0131\u00e7\u0131: \u201cT\u0259miz ar\u0131 s\u00fcd\u00fcn\u00fcn sat\u0131\u015f\u0131na aldanmay\u0131n\u201d\",\"datePublished\":\"2022-08-25T07:03:54+00:00\",\"dateModified\":\"2022-08-25T07:03:56+00:00\",\"mainEntityOfPage\":{\"@id\":\"https:\\\/\\\/www.meydan.tv\\\/az\\\/article\\\/arici-temiz-ari-sudunun-satisina-aldanmayin\\\/\"},\"wordCount\":1740,\"publisher\":{\"@id\":\"https:\\\/\\\/www.meydan.tv\\\/az\\\/#organization\"},\"image\":{\"@id\":\"https:\\\/\\\/www.meydan.tv\\\/az\\\/article\\\/arici-temiz-ari-sudunun-satisina-aldanmayin\\\/#primaryimage\"},\"thumbnailUrl\":\"https:\\\/\\\/www.meydan.tv\\\/wp-content\\\/uploads\\\/untitled-design-4-30-e1661411014308.jpg\",\"articleSection\":[\"B\u00f6lg\u0259\",\"X\u0259b\u0259rl\u0259r\"],\"inLanguage\":\"az\"},{\"@type\":\"WebPage\",\"@id\":\"https:\\\/\\\/www.meydan.tv\\\/az\\\/article\\\/arici-temiz-ari-sudunun-satisina-aldanmayin\\\/\",\"url\":\"https:\\\/\\\/www.meydan.tv\\\/az\\\/article\\\/arici-temiz-ari-sudunun-satisina-aldanmayin\\\/\",\"name\":\"Ar\u0131\u00e7\u0131: \u201cT\u0259miz ar\u0131 s\u00fcd\u00fcn\u00fcn sat\u0131\u015f\u0131na aldanmay\u0131n\u201d - MEYDAN.TV\",\"isPartOf\":{\"@id\":\"https:\\\/\\\/www.meydan.tv\\\/az\\\/#website\"},\"primaryImageOfPage\":{\"@id\":\"https:\\\/\\\/www.meydan.tv\\\/az\\\/article\\\/arici-temiz-ari-sudunun-satisina-aldanmayin\\\/#primaryimage\"},\"image\":{\"@id\":\"https:\\\/\\\/www.meydan.tv\\\/az\\\/article\\\/arici-temiz-ari-sudunun-satisina-aldanmayin\\\/#primaryimage\"},\"thumbnailUrl\":\"https:\\\/\\\/www.meydan.tv\\\/wp-content\\\/uploads\\\/untitled-design-4-30-e1661411014308.jpg\",\"datePublished\":\"2022-08-25T07:03:54+00:00\",\"dateModified\":\"2022-08-25T07:03:56+00:00\",\"breadcrumb\":{\"@id\":\"https:\\\/\\\/www.meydan.tv\\\/az\\\/article\\\/arici-temiz-ari-sudunun-satisina-aldanmayin\\\/#breadcrumb\"},\"inLanguage\":\"az\",\"potentialAction\":[{\"@type\":\"ReadAction\",\"target\":[\"https:\\\/\\\/www.meydan.tv\\\/az\\\/article\\\/arici-temiz-ari-sudunun-satisina-aldanmayin\\\/\"]}]},{\"@type\":\"ImageObject\",\"inLanguage\":\"az\",\"@id\":\"https:\\\/\\\/www.meydan.tv\\\/az\\\/article\\\/arici-temiz-ari-sudunun-satisina-aldanmayin\\\/#primaryimage\",\"url\":\"https:\\\/\\\/www.meydan.tv\\\/wp-content\\\/uploads\\\/untitled-design-4-30-e1661411014308.jpg\",\"contentUrl\":\"https:\\\/\\\/www.meydan.tv\\\/wp-content\\\/uploads\\\/untitled-design-4-30-e1661411014308.jpg\",\"width\":1200,\"height\":546,\"caption\":\"T\u0259rg\u00fcl N\u0259c\u0259fova. Fotolar: Meydan TV\"},{\"@type\":\"BreadcrumbList\",\"@id\":\"https:\\\/\\\/www.meydan.tv\\\/az\\\/article\\\/arici-temiz-ari-sudunun-satisina-aldanmayin\\\/#breadcrumb\",\"itemListElement\":[{\"@type\":\"ListItem\",\"position\":1,\"name\":\"Ana s\u0259hif\u0259\",\"item\":\"https:\\\/\\\/www.meydan.tv\\\/az\\\/\"},{\"@type\":\"ListItem\",\"position\":2,\"name\":\"B\u00f6lg\u0259\",\"item\":\"https:\\\/\\\/www.meydan.tv\\\/az\\\/section\\\/bolge\\\/\"},{\"@type\":\"ListItem\",\"position\":3,\"name\":\"Ar\u0131\u00e7\u0131: \u201cT\u0259miz ar\u0131 s\u00fcd\u00fcn\u00fcn sat\u0131\u015f\u0131na aldanmay\u0131n\u201d\"}]},{\"@type\":\"WebSite\",\"@id\":\"https:\\\/\\\/www.meydan.tv\\\/az\\\/#website\",\"url\":\"https:\\\/\\\/www.meydan.tv\\\/az\\\/\",\"name\":\"MEYDAN.TV\",\"description\":\"Meydan TV Az\u0259rbaycan\u0131n media m\u0259kan\u0131ndak\u0131 alternativ s\u0259sidir\",\"publisher\":{\"@id\":\"https:\\\/\\\/www.meydan.tv\\\/az\\\/#organization\"},\"potentialAction\":[{\"@type\":\"SearchAction\",\"target\":{\"@type\":\"EntryPoint\",\"urlTemplate\":\"https:\\\/\\\/www.meydan.tv\\\/az\\\/?s={search_term_string}\"},\"query-input\":{\"@type\":\"PropertyValueSpecification\",\"valueRequired\":true,\"valueName\":\"search_term_string\"}}],\"inLanguage\":\"az\"},{\"@type\":\"Organization\",\"@id\":\"https:\\\/\\\/www.meydan.tv\\\/az\\\/#organization\",\"name\":\"Meydan TV\",\"url\":\"https:\\\/\\\/www.meydan.tv\\\/az\\\/\",\"logo\":{\"@type\":\"ImageObject\",\"inLanguage\":\"az\",\"@id\":\"https:\\\/\\\/www.meydan.tv\\\/az\\\/#\\\/schema\\\/logo\\\/image\\\/\",\"url\":\"https:\\\/\\\/www.meydan.tv\\\/wp-content\\\/uploads\\\/2021\\\/07\\\/meydan-logo.svg\",\"contentUrl\":\"https:\\\/\\\/www.meydan.tv\\\/wp-content\\\/uploads\\\/2021\\\/07\\\/meydan-logo.svg\",\"width\":195,\"height\":46,\"caption\":\"Meydan TV\"},\"image\":{\"@id\":\"https:\\\/\\\/www.meydan.tv\\\/az\\\/#\\\/schema\\\/logo\\\/image\\\/\"}},{\"@type\":\"Person\",\"@id\":\"https:\\\/\\\/www.meydan.tv\\\/az\\\/#\\\/schema\\\/person\\\/9cdbecf90d17180ce1dfbd95b08dcf47\",\"name\":\"elli\",\"sameAs\":[\"https:\\\/\\\/x.com\\\/elli\"]}]}<\/script>\n<!-- \/ Yoast SEO plugin. -->","yoast_head_json":{"title":"Ar\u0131\u00e7\u0131: \u201cT\u0259miz ar\u0131 s\u00fcd\u00fcn\u00fcn sat\u0131\u015f\u0131na aldanmay\u0131n\u201d - MEYDAN.TV","robots":{"index":"index","follow":"follow","max-snippet":"max-snippet:-1","max-image-preview":"max-image-preview:large","max-video-preview":"max-video-preview:-1"},"canonical":"https:\/\/www.meydan.tv\/az\/article\/arici-temiz-ari-sudunun-satisina-aldanmayin\/","og_locale":"az_AZ","og_type":"article","og_title":"Ar\u0131\u00e7\u0131: \u201cT\u0259miz ar\u0131 s\u00fcd\u00fcn\u00fcn sat\u0131\u015f\u0131na aldanmay\u0131n\u201d - MEYDAN.TV","og_description":"\u201cArzum C\u0259bray\u0131lda t\u0259s\u0259rr\u00fcfat qurmaqd\u0131r\u201d T\u0259rg\u00fcl N\u0259c\u0259fova bir zamanlar m\u00fc\u0259llim kimi ... Davam\u0131","og_url":"https:\/\/www.meydan.tv\/az\/article\/arici-temiz-ari-sudunun-satisina-aldanmayin\/","og_site_name":"MEYDAN.TV","article_published_time":"2022-08-25T07:03:54+00:00","article_modified_time":"2022-08-25T07:03:56+00:00","og_image":[{"width":1200,"height":546,"url":"https:\/\/www.meydan.tv\/wp-content\/uploads\/untitled-design-4-30-e1661411014308.jpg","type":"image\/jpeg"}],"author":"elli","twitter_card":"summary_large_image","twitter_creator":"@elli","schema":{"@context":"https:\/\/schema.org","@graph":[{"@type":"Article","@id":"https:\/\/www.meydan.tv\/az\/article\/arici-temiz-ari-sudunun-satisina-aldanmayin\/#article","isPartOf":{"@id":"https:\/\/www.meydan.tv\/az\/article\/arici-temiz-ari-sudunun-satisina-aldanmayin\/"},"author":{"name":"elli","@id":"https:\/\/www.meydan.tv\/az\/#\/schema\/person\/9cdbecf90d17180ce1dfbd95b08dcf47"},"headline":"Ar\u0131\u00e7\u0131: \u201cT\u0259miz ar\u0131 s\u00fcd\u00fcn\u00fcn sat\u0131\u015f\u0131na aldanmay\u0131n\u201d","datePublished":"2022-08-25T07:03:54+00:00","dateModified":"2022-08-25T07:03:56+00:00","mainEntityOfPage":{"@id":"https:\/\/www.meydan.tv\/az\/article\/arici-temiz-ari-sudunun-satisina-aldanmayin\/"},"wordCount":1740,"publisher":{"@id":"https:\/\/www.meydan.tv\/az\/#organization"},"image":{"@id":"https:\/\/www.meydan.tv\/az\/article\/arici-temiz-ari-sudunun-satisina-aldanmayin\/#primaryimage"},"thumbnailUrl":"https:\/\/www.meydan.tv\/wp-content\/uploads\/untitled-design-4-30-e1661411014308.jpg","articleSection":["B\u00f6lg\u0259","X\u0259b\u0259rl\u0259r"],"inLanguage":"az"},{"@type":"WebPage","@id":"https:\/\/www.meydan.tv\/az\/article\/arici-temiz-ari-sudunun-satisina-aldanmayin\/","url":"https:\/\/www.meydan.tv\/az\/article\/arici-temiz-ari-sudunun-satisina-aldanmayin\/","name":"Ar\u0131\u00e7\u0131: \u201cT\u0259miz ar\u0131 s\u00fcd\u00fcn\u00fcn sat\u0131\u015f\u0131na aldanmay\u0131n\u201d - MEYDAN.TV","isPartOf":{"@id":"https:\/\/www.meydan.tv\/az\/#website"},"primaryImageOfPage":{"@id":"https:\/\/www.meydan.tv\/az\/article\/arici-temiz-ari-sudunun-satisina-aldanmayin\/#primaryimage"},"image":{"@id":"https:\/\/www.meydan.tv\/az\/article\/arici-temiz-ari-sudunun-satisina-aldanmayin\/#primaryimage"},"thumbnailUrl":"https:\/\/www.meydan.tv\/wp-content\/uploads\/untitled-design-4-30-e1661411014308.jpg","datePublished":"2022-08-25T07:03:54+00:00","dateModified":"2022-08-25T07:03:56+00:00","breadcrumb":{"@id":"https:\/\/www.meydan.tv\/az\/article\/arici-temiz-ari-sudunun-satisina-aldanmayin\/#breadcrumb"},"inLanguage":"az","potentialAction":[{"@type":"ReadAction","target":["https:\/\/www.meydan.tv\/az\/article\/arici-temiz-ari-sudunun-satisina-aldanmayin\/"]}]},{"@type":"ImageObject","inLanguage":"az","@id":"https:\/\/www.meydan.tv\/az\/article\/arici-temiz-ari-sudunun-satisina-aldanmayin\/#primaryimage","url":"https:\/\/www.meydan.tv\/wp-content\/uploads\/untitled-design-4-30-e1661411014308.jpg","contentUrl":"https:\/\/www.meydan.tv\/wp-content\/uploads\/untitled-design-4-30-e1661411014308.jpg","width":1200,"height":546,"caption":"T\u0259rg\u00fcl N\u0259c\u0259fova. Fotolar: Meydan TV"},{"@type":"BreadcrumbList","@id":"https:\/\/www.meydan.tv\/az\/article\/arici-temiz-ari-sudunun-satisina-aldanmayin\/#breadcrumb","itemListElement":[{"@type":"ListItem","position":1,"name":"Ana s\u0259hif\u0259","item":"https:\/\/www.meydan.tv\/az\/"},{"@type":"ListItem","position":2,"name":"B\u00f6lg\u0259","item":"https:\/\/www.meydan.tv\/az\/section\/bolge\/"},{"@type":"ListItem","position":3,"name":"Ar\u0131\u00e7\u0131: \u201cT\u0259miz ar\u0131 s\u00fcd\u00fcn\u00fcn sat\u0131\u015f\u0131na aldanmay\u0131n\u201d"}]},{"@type":"WebSite","@id":"https:\/\/www.meydan.tv\/az\/#website","url":"https:\/\/www.meydan.tv\/az\/","name":"MEYDAN.TV","description":"Meydan TV Az\u0259rbaycan\u0131n media m\u0259kan\u0131ndak\u0131 alternativ s\u0259sidir","publisher":{"@id":"https:\/\/www.meydan.tv\/az\/#organization"},"potentialAction":[{"@type":"SearchAction","target":{"@type":"EntryPoint","urlTemplate":"https:\/\/www.meydan.tv\/az\/?s={search_term_string}"},"query-input":{"@type":"PropertyValueSpecification","valueRequired":true,"valueName":"search_term_string"}}],"inLanguage":"az"},{"@type":"Organization","@id":"https:\/\/www.meydan.tv\/az\/#organization","name":"Meydan TV","url":"https:\/\/www.meydan.tv\/az\/","logo":{"@type":"ImageObject","inLanguage":"az","@id":"https:\/\/www.meydan.tv\/az\/#\/schema\/logo\/image\/","url":"https:\/\/www.meydan.tv\/wp-content\/uploads\/2021\/07\/meydan-logo.svg","contentUrl":"https:\/\/www.meydan.tv\/wp-content\/uploads\/2021\/07\/meydan-logo.svg","width":195,"height":46,"caption":"Meydan TV"},"image":{"@id":"https:\/\/www.meydan.tv\/az\/#\/schema\/logo\/image\/"}},{"@type":"Person","@id":"https:\/\/www.meydan.tv\/az\/#\/schema\/person\/9cdbecf90d17180ce1dfbd95b08dcf47","name":"elli","sameAs":["https:\/\/x.com\/elli"]}]}},"_links":{"self":[{"href":"https:\/\/www.meydan.tv\/az\/wp-json\/wp\/v2\/posts\/254131","targetHints":{"allow":["GET"]}}],"collection":[{"href":"https:\/\/www.meydan.tv\/az\/wp-json\/wp\/v2\/posts"}],"about":[{"href":"https:\/\/www.meydan.tv\/az\/wp-json\/wp\/v2\/types\/post"}],"author":[{"embeddable":true,"href":"https:\/\/www.meydan.tv\/az\/wp-json\/wp\/v2\/users\/8"}],"replies":[{"embeddable":true,"href":"https:\/\/www.meydan.tv\/az\/wp-json\/wp\/v2\/comments?post=254131"}],"version-history":[{"count":2,"href":"https:\/\/www.meydan.tv\/az\/wp-json\/wp\/v2\/posts\/254131\/revisions"}],"predecessor-version":[{"id":254327,"href":"https:\/\/www.meydan.tv\/az\/wp-json\/wp\/v2\/posts\/254131\/revisions\/254327"}],"wp:featuredmedia":[{"embeddable":true,"href":"https:\/\/www.meydan.tv\/az\/wp-json\/wp\/v2\/media\/254122"}],"wp:attachment":[{"href":"https:\/\/www.meydan.tv\/az\/wp-json\/wp\/v2\/media?parent=254131"}],"wp:term":[{"taxonomy":"category","embeddable":true,"href":"https:\/\/www.meydan.tv\/az\/wp-json\/wp\/v2\/categories?post=254131"},{"taxonomy":"post_tag","embeddable":true,"href":"https:\/\/www.meydan.tv\/az\/wp-json\/wp\/v2\/tags?post=254131"}],"curies":[{"name":"wp","href":"https:\/\/api.w.org\/{rel}","templated":true}]}}