{"id":254064,"date":"2022-08-24T15:05:42","date_gmt":"2022-08-24T11:05:42","guid":{"rendered":"https:\/\/www.meydan.tv\/?p=254064"},"modified":"2022-08-24T15:05:44","modified_gmt":"2022-08-24T11:05:44","slug":"qazi-icra-hakimiyyetinden-sikayetcidir-dediler-ki-torpaq-senin-haqqin-deyil","status":"publish","type":"post","link":"https:\/\/www.meydan.tv\/az\/article\/qazi-icra-hakimiyyetinden-sikayetcidir-dediler-ki-torpaq-senin-haqqin-deyil\/","title":{"rendered":"Qazi icra hakimiyy\u0259tind\u0259n \u015fikay\u0259t\u00e7idir: &#8220;Dedil\u0259r ki, torpaq s\u0259nin haqq\u0131n deyil&#8221;"},"content":{"rendered":"\n<p><\/p>\n\n\n\n<p><\/p>\n\n\n\n<p>\u0130kinci Qaraba\u011f m\u00fcharib\u0259si i\u015ftirak\u00e7\u0131s\u0131 S\u00fcleyman B\u0259dirxanov Pirallah\u0131 Rayon \u0130cra Hakimiyy\u0259tind\u0259n \u015fikay\u0259t\u00e7idir.<\/p>\n\n\n\n<p>O, Meydan TV-y\u0259 deyir ki, ilyar\u0131mdan \u00e7oxdur icra hakimiyy\u0259tin\u0259 torpaq sah\u0259si il\u0259 \u0259laq\u0259dar m\u00fcraci\u0259t ets\u0259 d\u0259, qurumdan r\u0259smi cavab ala bilm\u0259yib.<\/p>\n\n\n\n<p>Uzun s\u00fcr\u00fcnd\u00fcrm\u0259\u00e7ilikd\u0259n sonra Prezident \u0130lham \u018fliyev v\u0259 Birinci vitse-prezident Mehriban \u018fliyevaya yazmaq q\u0259rar\u0131na g\u0259lib:<\/p>\n\n\n\n<p>\u201cBundan sonra m\u0259n\u0259 r\u0259smi cavab verdil\u0259r. Daha do\u011frusu, icraya \u00e7a\u011f\u0131r\u0131ld\u0131m. V\u0259t\u0259n m\u00fcbarib\u0259si i\u015ftirak\u00e7\u0131lar\u0131 v\u0259 \u015f\u0259hid ail\u0259l\u0259ri il\u0259 i\u015fin t\u0259\u015fkili \u015f\u00f6b\u0259sind\u0259 m\u0259n\u0259 dedil\u0259r ki, icra hakimiyy\u0259tinin balans\u0131nda torpaq yoxdur. \u00dcst\u0259lik, dedil\u0259r ki, bizd\u0259n torpaq ist\u0259m\u0259k, sizin haqq\u0131n\u0131z deyil. Niy\u0259 haqq\u0131m deyil? U\u011frunda can\u0131m-qan\u0131m bahas\u0131na d\u00f6y\u00fc\u015fd\u00fcy\u00fcm torpaqdan m\u0259n\u0259 iki-\u00fc\u00e7 sot pay d\u00fc\u015fm\u0259y\u0259c\u0259k? M\u0259n haqq\u0131m olan\u0131 ist\u0259yir\u0259m, torpaq sah\u0259si versinl\u0259r, dolan\u0131\u015f\u0131\u011f\u0131m\u0131 d\u00fcz\u0259ldim\u201d.<\/p>\n\n\n\n<p>1996-c\u0131 il\u0259 t\u0259v\u0259ll\u00fcdl\u00fc S\u00fcleyman B\u0259dirxanov 2015-2017-ci ill\u0259rd\u0259 h\u0259rbi xidm\u0259td\u0259 olub.<\/p>\n\n\n\n<p>2016-c\u0131 ild\u0259 Aprel d\u00f6y\u00fc\u015fl\u0259rind\u0259, 2020-ci ild\u0259 is\u0259 \u0130kinci Qaraba\u011f m\u00fcharib\u0259si zaman\u0131 Suqovu\u015fan, Tal\u0131\u015f k\u0259ndi v\u0259 Murovda\u011f istiqam\u0259tind\u0259 ged\u0259n d\u00f6y\u00fc\u015fl\u0259rd\u0259 i\u015ftirak etdiyini deyir.<\/p>\n\n\n\n<p>Bildirir ki, \u201cSuqovu\u015fan\u0131n azad olunmas\u0131na g\u00f6r\u0259\u201d, \u201cV\u0259t\u0259n m\u00fcharib\u0259si i\u015ftirak\u00e7\u0131s\u0131\u201d v\u0259 \u201cC\u0259sur d\u00f6y\u00fc\u015f\u00e7\u00fc\u201d medallar\u0131 il\u0259 t\u0259ltif olunub.<\/p>\n\n\n\n<p>\u201cMa\u015f\u0131n ustas\u0131yam, b\u0259z\u0259n i\u015f olur, b\u0259z\u0259n d\u0259 yox. Qazand\u0131\u011f\u0131m\u0131 da icar\u0259y\u0259 \u00f6d\u0259m\u0259li oluram. Bunlar da torpa\u011f\u0131 pulla sat\u0131rlar\u201d, &#8211; s\u00f6yl\u0259y\u0259n ke\u00e7mi\u015f d\u00f6y\u00fc\u015f\u00e7\u00fc bildirir ki, icra hakimiyy\u0259ti ona torpaq verdiyi t\u0259qdird\u0259 avto\u00e7iling\u0259r emalatxanas\u0131 a\u00e7acaq.<\/p>\n\n\n\n<p>Pirallah\u0131 Rayon \u0130cra Hakimiyy\u0259tind\u0259n Meydan TV-nin z\u0259ngl\u0259rin\u0259 cavab verilm\u0259yib.<\/p>\n\n\n\n<p>Qaraba\u011f Qazil\u0259r Birliyinin m\u0259tbuat xidm\u0259tinin r\u0259hb\u0259ri Rey K\u0259rimo\u011flu Meydan TV-y\u0259 t\u0259\u0259ss\u00fcfl\u0259 deyir ki, b\u00f6lg\u0259l\u0259rd\u0259 n\u0259inki d\u00f6y\u00fc\u015f\u00e7\u00fcl\u0259r, h\u0259tta \u015f\u0259hid ail\u0259l\u0259ri v\u0259 \u0130kinci Qaraba\u011f m\u00fcharib\u0259si \u0259lill\u0259rinin probleml\u0259rin\u0259 bax\u0131lm\u0131r:<\/p>\n\n\n\n<p>\u201cPrezident \u0130lham \u018fliyevin tap\u015f\u0131r\u0131\u011f\u0131 var ki, \u0130kinci Qaraba\u011f m\u00fcharib\u0259sind\u0259 \u015f\u0259hid olanlar\u0131n ail\u0259l\u0259ri, \u0259lill\u0259r v\u0259 veteranlara x\u00fcsusi qay\u011f\u0131, diqq\u0259t g\u00f6st\u0259rilsin. \u018fks\u0259r rayon icra hakimiyy\u0259tl\u0259ri \u015f\u0259hid ail\u0259l\u0259ri, veteran v\u0259 Qaraba\u011f \u0259lill\u0259rinin m\u00fcraci\u0259tl\u0259rin\u0259 m\u0259h\u0259l qoymur. Bax\u0131rsan ki, hans\u0131sa rayonda m\u0259murun, ya da icra ba\u015f\u00e7\u0131s\u0131n\u0131n \u00fc\u00e7 min-be\u015f min hektar torpa\u011f\u0131 var. D\u0259d\u0259sinin deyil, d\u00f6vl\u0259tin torpa\u011f\u0131d\u0131r. Torpaqlar\u0131n ham\u0131s\u0131n\u0131 qanunsuz yollarla m\u0259nims\u0259yibl\u0259r. Deyirs\u0259n ki, qaziy\u0259 on hektar torpaq ver, vermir. \u018fks\u0259r rayonlarda bu problem var. H\u0259rbi qulluq\u00e7u, veteranlara torpaq v\u0259 ya m\u0259nzil verilm\u0259lidir. He\u00e7 birin\u0259 verilm\u0259yib\u201d.<\/p>\n","protected":false},"excerpt":{"rendered":"<p>\u0130kinci Qaraba\u011f m\u00fcharib\u0259si i\u015ftirak\u00e7\u0131s\u0131 S\u00fcleyman B\u0259dirxanov Pirallah\u0131 Rayon \u0130cra Hakimiyy\u0259tind\u0259n &#8230; <\/p>\n<p class=\"read-more-container\"><a title=\"Qazi icra hakimiyy\u0259tind\u0259n \u015fikay\u0259t\u00e7idir: &#8220;Dedil\u0259r ki, torpaq s\u0259nin haqq\u0131n deyil&#8221;\" class=\"read-more button\" href=\"https:\/\/www.meydan.tv\/az\/article\/qazi-icra-hakimiyyetinden-sikayetcidir-dediler-ki-torpaq-senin-haqqin-deyil\/#more-254064\" aria-label=\"Read more about Qazi icra hakimiyy\u0259tind\u0259n \u015fikay\u0259t\u00e7idir: &#8220;Dedil\u0259r ki, torpaq s\u0259nin haqq\u0131n deyil&#8221;\">Davam\u0131<\/a><\/p>\n","protected":false},"author":8,"featured_media":254061,"comment_status":"closed","ping_status":"closed","sticky":false,"template":"","format":"standard","meta":{"_acf_changed":false,"_sitemap_exclude":false,"_sitemap_priority":"","_sitemap_frequency":"","footnotes":""},"categories":[62,79,56],"tags":[],"class_list":["post-254064","post","type-post","status-publish","format-standard","has-post-thumbnail","hentry","category-sosial","category-featured","category-xeberler","infinite-scroll-item","generate-columns","tablet-grid-50","mobile-grid-100","grid-parent","grid-33","no-featured-image-padding"],"acf":[],"yoast_head":"<!-- This site is optimized with the Yoast SEO plugin v27.5 - https:\/\/yoast.com\/product\/yoast-seo-wordpress\/ -->\n<title>Qazi icra hakimiyy\u0259tind\u0259n \u015fikay\u0259t\u00e7idir: &quot;Dedil\u0259r ki, torpaq s\u0259nin haqq\u0131n deyil&quot; - MEYDAN.TV<\/title>\n<meta name=\"robots\" content=\"index, follow, max-snippet:-1, max-image-preview:large, max-video-preview:-1\" \/>\n<link rel=\"canonical\" href=\"https:\/\/www.meydan.tv\/az\/article\/qazi-icra-hakimiyyetinden-sikayetcidir-dediler-ki-torpaq-senin-haqqin-deyil\/\" \/>\n<meta property=\"og:locale\" content=\"az_AZ\" \/>\n<meta property=\"og:type\" content=\"article\" \/>\n<meta property=\"og:title\" content=\"Qazi icra hakimiyy\u0259tind\u0259n \u015fikay\u0259t\u00e7idir: &quot;Dedil\u0259r ki, torpaq s\u0259nin haqq\u0131n deyil&quot; - MEYDAN.TV\" \/>\n<meta property=\"og:description\" content=\"\u0130kinci Qaraba\u011f m\u00fcharib\u0259si i\u015ftirak\u00e7\u0131s\u0131 S\u00fcleyman B\u0259dirxanov Pirallah\u0131 Rayon \u0130cra Hakimiyy\u0259tind\u0259n ... Davam\u0131\" \/>\n<meta property=\"og:url\" content=\"https:\/\/www.meydan.tv\/az\/article\/qazi-icra-hakimiyyetinden-sikayetcidir-dediler-ki-torpaq-senin-haqqin-deyil\/\" \/>\n<meta property=\"og:site_name\" content=\"MEYDAN.TV\" \/>\n<meta property=\"article:published_time\" content=\"2022-08-24T11:05:42+00:00\" \/>\n<meta property=\"article:modified_time\" content=\"2022-08-24T11:05:44+00:00\" \/>\n<meta property=\"og:image\" content=\"https:\/\/www.meydan.tv\/wp-content\/uploads\/pirallahi_icra_hakimiyyeti_bina_140420.jpg\" \/>\n\t<meta property=\"og:image:width\" content=\"1200\" \/>\n\t<meta property=\"og:image:height\" content=\"799\" \/>\n\t<meta property=\"og:image:type\" content=\"image\/jpeg\" \/>\n<meta name=\"author\" content=\"elli\" \/>\n<meta name=\"twitter:card\" content=\"summary_large_image\" \/>\n<meta name=\"twitter:creator\" content=\"@elli\" \/>\n<script type=\"application\/ld+json\" class=\"yoast-schema-graph\">{\"@context\":\"https:\\\/\\\/schema.org\",\"@graph\":[{\"@type\":\"Article\",\"@id\":\"https:\\\/\\\/www.meydan.tv\\\/az\\\/article\\\/qazi-icra-hakimiyyetinden-sikayetcidir-dediler-ki-torpaq-senin-haqqin-deyil\\\/#article\",\"isPartOf\":{\"@id\":\"https:\\\/\\\/www.meydan.tv\\\/az\\\/article\\\/qazi-icra-hakimiyyetinden-sikayetcidir-dediler-ki-torpaq-senin-haqqin-deyil\\\/\"},\"author\":{\"name\":\"elli\",\"@id\":\"https:\\\/\\\/www.meydan.tv\\\/az\\\/#\\\/schema\\\/person\\\/9cdbecf90d17180ce1dfbd95b08dcf47\"},\"headline\":\"Qazi icra hakimiyy\u0259tind\u0259n \u015fikay\u0259t\u00e7idir: &#8220;Dedil\u0259r ki, torpaq s\u0259nin haqq\u0131n deyil&#8221;\",\"datePublished\":\"2022-08-24T11:05:42+00:00\",\"dateModified\":\"2022-08-24T11:05:44+00:00\",\"mainEntityOfPage\":{\"@id\":\"https:\\\/\\\/www.meydan.tv\\\/az\\\/article\\\/qazi-icra-hakimiyyetinden-sikayetcidir-dediler-ki-torpaq-senin-haqqin-deyil\\\/\"},\"wordCount\":528,\"publisher\":{\"@id\":\"https:\\\/\\\/www.meydan.tv\\\/az\\\/#organization\"},\"image\":{\"@id\":\"https:\\\/\\\/www.meydan.tv\\\/az\\\/article\\\/qazi-icra-hakimiyyetinden-sikayetcidir-dediler-ki-torpaq-senin-haqqin-deyil\\\/#primaryimage\"},\"thumbnailUrl\":\"https:\\\/\\\/www.meydan.tv\\\/wp-content\\\/uploads\\\/pirallahi_icra_hakimiyyeti_bina_140420.jpg\",\"articleSection\":[\"Sosial\",\"T\u00f6vsiy\u0259\",\"X\u0259b\u0259rl\u0259r\"],\"inLanguage\":\"az\"},{\"@type\":\"WebPage\",\"@id\":\"https:\\\/\\\/www.meydan.tv\\\/az\\\/article\\\/qazi-icra-hakimiyyetinden-sikayetcidir-dediler-ki-torpaq-senin-haqqin-deyil\\\/\",\"url\":\"https:\\\/\\\/www.meydan.tv\\\/az\\\/article\\\/qazi-icra-hakimiyyetinden-sikayetcidir-dediler-ki-torpaq-senin-haqqin-deyil\\\/\",\"name\":\"Qazi icra hakimiyy\u0259tind\u0259n \u015fikay\u0259t\u00e7idir: \\\"Dedil\u0259r ki, torpaq s\u0259nin haqq\u0131n deyil\\\" - MEYDAN.TV\",\"isPartOf\":{\"@id\":\"https:\\\/\\\/www.meydan.tv\\\/az\\\/#website\"},\"primaryImageOfPage\":{\"@id\":\"https:\\\/\\\/www.meydan.tv\\\/az\\\/article\\\/qazi-icra-hakimiyyetinden-sikayetcidir-dediler-ki-torpaq-senin-haqqin-deyil\\\/#primaryimage\"},\"image\":{\"@id\":\"https:\\\/\\\/www.meydan.tv\\\/az\\\/article\\\/qazi-icra-hakimiyyetinden-sikayetcidir-dediler-ki-torpaq-senin-haqqin-deyil\\\/#primaryimage\"},\"thumbnailUrl\":\"https:\\\/\\\/www.meydan.tv\\\/wp-content\\\/uploads\\\/pirallahi_icra_hakimiyyeti_bina_140420.jpg\",\"datePublished\":\"2022-08-24T11:05:42+00:00\",\"dateModified\":\"2022-08-24T11:05:44+00:00\",\"breadcrumb\":{\"@id\":\"https:\\\/\\\/www.meydan.tv\\\/az\\\/article\\\/qazi-icra-hakimiyyetinden-sikayetcidir-dediler-ki-torpaq-senin-haqqin-deyil\\\/#breadcrumb\"},\"inLanguage\":\"az\",\"potentialAction\":[{\"@type\":\"ReadAction\",\"target\":[\"https:\\\/\\\/www.meydan.tv\\\/az\\\/article\\\/qazi-icra-hakimiyyetinden-sikayetcidir-dediler-ki-torpaq-senin-haqqin-deyil\\\/\"]}]},{\"@type\":\"ImageObject\",\"inLanguage\":\"az\",\"@id\":\"https:\\\/\\\/www.meydan.tv\\\/az\\\/article\\\/qazi-icra-hakimiyyetinden-sikayetcidir-dediler-ki-torpaq-senin-haqqin-deyil\\\/#primaryimage\",\"url\":\"https:\\\/\\\/www.meydan.tv\\\/wp-content\\\/uploads\\\/pirallahi_icra_hakimiyyeti_bina_140420.jpg\",\"contentUrl\":\"https:\\\/\\\/www.meydan.tv\\\/wp-content\\\/uploads\\\/pirallahi_icra_hakimiyyeti_bina_140420.jpg\",\"width\":1200,\"height\":799,\"caption\":\"Pirallah\u0131 Rayon \u0130cra Hakimiyy\u0259ti. Foto: \\\"az.trend\\\"\"},{\"@type\":\"BreadcrumbList\",\"@id\":\"https:\\\/\\\/www.meydan.tv\\\/az\\\/article\\\/qazi-icra-hakimiyyetinden-sikayetcidir-dediler-ki-torpaq-senin-haqqin-deyil\\\/#breadcrumb\",\"itemListElement\":[{\"@type\":\"ListItem\",\"position\":1,\"name\":\"Ana s\u0259hif\u0259\",\"item\":\"https:\\\/\\\/www.meydan.tv\\\/az\\\/\"},{\"@type\":\"ListItem\",\"position\":2,\"name\":\"Sosial\",\"item\":\"https:\\\/\\\/www.meydan.tv\\\/az\\\/section\\\/sosial\\\/\"},{\"@type\":\"ListItem\",\"position\":3,\"name\":\"Qazi icra hakimiyy\u0259tind\u0259n \u015fikay\u0259t\u00e7idir: &#8220;Dedil\u0259r ki, torpaq s\u0259nin haqq\u0131n deyil&#8221;\"}]},{\"@type\":\"WebSite\",\"@id\":\"https:\\\/\\\/www.meydan.tv\\\/az\\\/#website\",\"url\":\"https:\\\/\\\/www.meydan.tv\\\/az\\\/\",\"name\":\"MEYDAN.TV\",\"description\":\"Meydan TV Az\u0259rbaycan\u0131n media m\u0259kan\u0131ndak\u0131 alternativ s\u0259sidir\",\"publisher\":{\"@id\":\"https:\\\/\\\/www.meydan.tv\\\/az\\\/#organization\"},\"potentialAction\":[{\"@type\":\"SearchAction\",\"target\":{\"@type\":\"EntryPoint\",\"urlTemplate\":\"https:\\\/\\\/www.meydan.tv\\\/az\\\/?s={search_term_string}\"},\"query-input\":{\"@type\":\"PropertyValueSpecification\",\"valueRequired\":true,\"valueName\":\"search_term_string\"}}],\"inLanguage\":\"az\"},{\"@type\":\"Organization\",\"@id\":\"https:\\\/\\\/www.meydan.tv\\\/az\\\/#organization\",\"name\":\"Meydan TV\",\"url\":\"https:\\\/\\\/www.meydan.tv\\\/az\\\/\",\"logo\":{\"@type\":\"ImageObject\",\"inLanguage\":\"az\",\"@id\":\"https:\\\/\\\/www.meydan.tv\\\/az\\\/#\\\/schema\\\/logo\\\/image\\\/\",\"url\":\"https:\\\/\\\/www.meydan.tv\\\/wp-content\\\/uploads\\\/2021\\\/07\\\/meydan-logo.svg\",\"contentUrl\":\"https:\\\/\\\/www.meydan.tv\\\/wp-content\\\/uploads\\\/2021\\\/07\\\/meydan-logo.svg\",\"width\":195,\"height\":46,\"caption\":\"Meydan TV\"},\"image\":{\"@id\":\"https:\\\/\\\/www.meydan.tv\\\/az\\\/#\\\/schema\\\/logo\\\/image\\\/\"}},{\"@type\":\"Person\",\"@id\":\"https:\\\/\\\/www.meydan.tv\\\/az\\\/#\\\/schema\\\/person\\\/9cdbecf90d17180ce1dfbd95b08dcf47\",\"name\":\"elli\",\"sameAs\":[\"https:\\\/\\\/x.com\\\/elli\"]}]}<\/script>\n<!-- \/ Yoast SEO plugin. -->","yoast_head_json":{"title":"Qazi icra hakimiyy\u0259tind\u0259n \u015fikay\u0259t\u00e7idir: \"Dedil\u0259r ki, torpaq s\u0259nin haqq\u0131n deyil\" - MEYDAN.TV","robots":{"index":"index","follow":"follow","max-snippet":"max-snippet:-1","max-image-preview":"max-image-preview:large","max-video-preview":"max-video-preview:-1"},"canonical":"https:\/\/www.meydan.tv\/az\/article\/qazi-icra-hakimiyyetinden-sikayetcidir-dediler-ki-torpaq-senin-haqqin-deyil\/","og_locale":"az_AZ","og_type":"article","og_title":"Qazi icra hakimiyy\u0259tind\u0259n \u015fikay\u0259t\u00e7idir: \"Dedil\u0259r ki, torpaq s\u0259nin haqq\u0131n deyil\" - MEYDAN.TV","og_description":"\u0130kinci Qaraba\u011f m\u00fcharib\u0259si i\u015ftirak\u00e7\u0131s\u0131 S\u00fcleyman B\u0259dirxanov Pirallah\u0131 Rayon \u0130cra Hakimiyy\u0259tind\u0259n ... Davam\u0131","og_url":"https:\/\/www.meydan.tv\/az\/article\/qazi-icra-hakimiyyetinden-sikayetcidir-dediler-ki-torpaq-senin-haqqin-deyil\/","og_site_name":"MEYDAN.TV","article_published_time":"2022-08-24T11:05:42+00:00","article_modified_time":"2022-08-24T11:05:44+00:00","og_image":[{"width":1200,"height":799,"url":"https:\/\/www.meydan.tv\/wp-content\/uploads\/pirallahi_icra_hakimiyyeti_bina_140420.jpg","type":"image\/jpeg"}],"author":"elli","twitter_card":"summary_large_image","twitter_creator":"@elli","schema":{"@context":"https:\/\/schema.org","@graph":[{"@type":"Article","@id":"https:\/\/www.meydan.tv\/az\/article\/qazi-icra-hakimiyyetinden-sikayetcidir-dediler-ki-torpaq-senin-haqqin-deyil\/#article","isPartOf":{"@id":"https:\/\/www.meydan.tv\/az\/article\/qazi-icra-hakimiyyetinden-sikayetcidir-dediler-ki-torpaq-senin-haqqin-deyil\/"},"author":{"name":"elli","@id":"https:\/\/www.meydan.tv\/az\/#\/schema\/person\/9cdbecf90d17180ce1dfbd95b08dcf47"},"headline":"Qazi icra hakimiyy\u0259tind\u0259n \u015fikay\u0259t\u00e7idir: &#8220;Dedil\u0259r ki, torpaq s\u0259nin haqq\u0131n deyil&#8221;","datePublished":"2022-08-24T11:05:42+00:00","dateModified":"2022-08-24T11:05:44+00:00","mainEntityOfPage":{"@id":"https:\/\/www.meydan.tv\/az\/article\/qazi-icra-hakimiyyetinden-sikayetcidir-dediler-ki-torpaq-senin-haqqin-deyil\/"},"wordCount":528,"publisher":{"@id":"https:\/\/www.meydan.tv\/az\/#organization"},"image":{"@id":"https:\/\/www.meydan.tv\/az\/article\/qazi-icra-hakimiyyetinden-sikayetcidir-dediler-ki-torpaq-senin-haqqin-deyil\/#primaryimage"},"thumbnailUrl":"https:\/\/www.meydan.tv\/wp-content\/uploads\/pirallahi_icra_hakimiyyeti_bina_140420.jpg","articleSection":["Sosial","T\u00f6vsiy\u0259","X\u0259b\u0259rl\u0259r"],"inLanguage":"az"},{"@type":"WebPage","@id":"https:\/\/www.meydan.tv\/az\/article\/qazi-icra-hakimiyyetinden-sikayetcidir-dediler-ki-torpaq-senin-haqqin-deyil\/","url":"https:\/\/www.meydan.tv\/az\/article\/qazi-icra-hakimiyyetinden-sikayetcidir-dediler-ki-torpaq-senin-haqqin-deyil\/","name":"Qazi icra hakimiyy\u0259tind\u0259n \u015fikay\u0259t\u00e7idir: \"Dedil\u0259r ki, torpaq s\u0259nin haqq\u0131n deyil\" - MEYDAN.TV","isPartOf":{"@id":"https:\/\/www.meydan.tv\/az\/#website"},"primaryImageOfPage":{"@id":"https:\/\/www.meydan.tv\/az\/article\/qazi-icra-hakimiyyetinden-sikayetcidir-dediler-ki-torpaq-senin-haqqin-deyil\/#primaryimage"},"image":{"@id":"https:\/\/www.meydan.tv\/az\/article\/qazi-icra-hakimiyyetinden-sikayetcidir-dediler-ki-torpaq-senin-haqqin-deyil\/#primaryimage"},"thumbnailUrl":"https:\/\/www.meydan.tv\/wp-content\/uploads\/pirallahi_icra_hakimiyyeti_bina_140420.jpg","datePublished":"2022-08-24T11:05:42+00:00","dateModified":"2022-08-24T11:05:44+00:00","breadcrumb":{"@id":"https:\/\/www.meydan.tv\/az\/article\/qazi-icra-hakimiyyetinden-sikayetcidir-dediler-ki-torpaq-senin-haqqin-deyil\/#breadcrumb"},"inLanguage":"az","potentialAction":[{"@type":"ReadAction","target":["https:\/\/www.meydan.tv\/az\/article\/qazi-icra-hakimiyyetinden-sikayetcidir-dediler-ki-torpaq-senin-haqqin-deyil\/"]}]},{"@type":"ImageObject","inLanguage":"az","@id":"https:\/\/www.meydan.tv\/az\/article\/qazi-icra-hakimiyyetinden-sikayetcidir-dediler-ki-torpaq-senin-haqqin-deyil\/#primaryimage","url":"https:\/\/www.meydan.tv\/wp-content\/uploads\/pirallahi_icra_hakimiyyeti_bina_140420.jpg","contentUrl":"https:\/\/www.meydan.tv\/wp-content\/uploads\/pirallahi_icra_hakimiyyeti_bina_140420.jpg","width":1200,"height":799,"caption":"Pirallah\u0131 Rayon \u0130cra Hakimiyy\u0259ti. Foto: \"az.trend\""},{"@type":"BreadcrumbList","@id":"https:\/\/www.meydan.tv\/az\/article\/qazi-icra-hakimiyyetinden-sikayetcidir-dediler-ki-torpaq-senin-haqqin-deyil\/#breadcrumb","itemListElement":[{"@type":"ListItem","position":1,"name":"Ana s\u0259hif\u0259","item":"https:\/\/www.meydan.tv\/az\/"},{"@type":"ListItem","position":2,"name":"Sosial","item":"https:\/\/www.meydan.tv\/az\/section\/sosial\/"},{"@type":"ListItem","position":3,"name":"Qazi icra hakimiyy\u0259tind\u0259n \u015fikay\u0259t\u00e7idir: &#8220;Dedil\u0259r ki, torpaq s\u0259nin haqq\u0131n deyil&#8221;"}]},{"@type":"WebSite","@id":"https:\/\/www.meydan.tv\/az\/#website","url":"https:\/\/www.meydan.tv\/az\/","name":"MEYDAN.TV","description":"Meydan TV Az\u0259rbaycan\u0131n media m\u0259kan\u0131ndak\u0131 alternativ s\u0259sidir","publisher":{"@id":"https:\/\/www.meydan.tv\/az\/#organization"},"potentialAction":[{"@type":"SearchAction","target":{"@type":"EntryPoint","urlTemplate":"https:\/\/www.meydan.tv\/az\/?s={search_term_string}"},"query-input":{"@type":"PropertyValueSpecification","valueRequired":true,"valueName":"search_term_string"}}],"inLanguage":"az"},{"@type":"Organization","@id":"https:\/\/www.meydan.tv\/az\/#organization","name":"Meydan TV","url":"https:\/\/www.meydan.tv\/az\/","logo":{"@type":"ImageObject","inLanguage":"az","@id":"https:\/\/www.meydan.tv\/az\/#\/schema\/logo\/image\/","url":"https:\/\/www.meydan.tv\/wp-content\/uploads\/2021\/07\/meydan-logo.svg","contentUrl":"https:\/\/www.meydan.tv\/wp-content\/uploads\/2021\/07\/meydan-logo.svg","width":195,"height":46,"caption":"Meydan TV"},"image":{"@id":"https:\/\/www.meydan.tv\/az\/#\/schema\/logo\/image\/"}},{"@type":"Person","@id":"https:\/\/www.meydan.tv\/az\/#\/schema\/person\/9cdbecf90d17180ce1dfbd95b08dcf47","name":"elli","sameAs":["https:\/\/x.com\/elli"]}]}},"_links":{"self":[{"href":"https:\/\/www.meydan.tv\/az\/wp-json\/wp\/v2\/posts\/254064","targetHints":{"allow":["GET"]}}],"collection":[{"href":"https:\/\/www.meydan.tv\/az\/wp-json\/wp\/v2\/posts"}],"about":[{"href":"https:\/\/www.meydan.tv\/az\/wp-json\/wp\/v2\/types\/post"}],"author":[{"embeddable":true,"href":"https:\/\/www.meydan.tv\/az\/wp-json\/wp\/v2\/users\/8"}],"replies":[{"embeddable":true,"href":"https:\/\/www.meydan.tv\/az\/wp-json\/wp\/v2\/comments?post=254064"}],"version-history":[{"count":1,"href":"https:\/\/www.meydan.tv\/az\/wp-json\/wp\/v2\/posts\/254064\/revisions"}],"predecessor-version":[{"id":254065,"href":"https:\/\/www.meydan.tv\/az\/wp-json\/wp\/v2\/posts\/254064\/revisions\/254065"}],"wp:featuredmedia":[{"embeddable":true,"href":"https:\/\/www.meydan.tv\/az\/wp-json\/wp\/v2\/media\/254061"}],"wp:attachment":[{"href":"https:\/\/www.meydan.tv\/az\/wp-json\/wp\/v2\/media?parent=254064"}],"wp:term":[{"taxonomy":"category","embeddable":true,"href":"https:\/\/www.meydan.tv\/az\/wp-json\/wp\/v2\/categories?post=254064"},{"taxonomy":"post_tag","embeddable":true,"href":"https:\/\/www.meydan.tv\/az\/wp-json\/wp\/v2\/tags?post=254064"}],"curies":[{"name":"wp","href":"https:\/\/api.w.org\/{rel}","templated":true}]}}