{"id":253959,"date":"2022-08-23T14:49:18","date_gmt":"2022-08-23T10:49:18","guid":{"rendered":"https:\/\/www.meydan.tv\/?p=253959"},"modified":"2022-08-23T15:13:38","modified_gmt":"2022-08-23T11:13:38","slug":"polisden-qacirilan-azyasli-ile-bagli-aciqlama-emisi-ogludur-etini-yese-de-sumuyunu-atmaz","status":"publish","type":"post","link":"https:\/\/www.meydan.tv\/az\/article\/polisden-qacirilan-azyasli-ile-bagli-aciqlama-emisi-ogludur-etini-yese-de-sumuyunu-atmaz\/","title":{"rendered":"Qa\u00e7\u0131r\u0131lan azya\u015fl\u0131 il\u0259 ba\u011fl\u0131 polisd\u0259n a\u00e7\u0131qlama: \u201c\u018fmisi o\u011fludur, \u0259tini yes\u0259 d\u0259, s\u00fcm\u00fcy\u00fcn\u00fc atmaz\u201d"},"content":{"rendered":"\n<p><\/p>\n\n\n\n<p><em>Nax\u00e7\u0131van sakini: &#8220;14 ya\u015fl\u0131 q\u0131z\u0131m\u0131 qa\u00e7\u0131r\u0131blar, geri ala bilmir\u0259m&#8221;<\/em><\/p>\n\n\n\n<p>\u201cAz\u0259rbaycanda qanun varm\u0131-yoxmu, bilmir\u0259m. Aylard\u0131r ki, qa\u00e7\u0131r\u0131lan 14 ya\u015fl\u0131 q\u0131z\u0131m\u0131 geri ala bilmir\u0259m. K\u00f6rp\u0259 u\u015fa\u011f\u0131m\u0131n qa\u00e7\u0131r\u0131lmas\u0131 o\u011furluq say\u0131ld\u0131\u011f\u0131 halda, buna h\u0259l\u0259 d\u0259 g\u00f6z yumurlar. O\u011flan azadl\u0131qda g\u0259zir. He\u00e7 kimin ixtiyar\u0131 yoxdur ki, u\u015fa\u011f\u0131m\u0131n h\u0259yat\u0131m\u0131n m\u0259hv etsin\u201d.<\/p>\n\n\n\n<p>Bunu Meydan TV-y\u0259 \u015e\u0259rurun \u00c7amaxtur k\u0259nd sakini S\u0259riyy\u0259 H\u00fcseynova deyib.<\/p>\n\n\n\n<p>O bildirib ki, 2007-ci il t\u0259v\u0259ll\u00fcdl\u00fc q\u0131z\u0131 Aysel H\u00fcseynova 2022-ci il fevral\u0131n 27-d\u0259 \u0259misi o\u011flu, 28 ya\u015fl\u0131 Yamil H\u00fcseynov t\u0259r\u0259find\u0259n qa\u00e7\u0131r\u0131l\u0131b: <\/p>\n\n\n\n<p>\u201cH\u0259min vaxt m\u0259n T\u00fcrkiy\u0259d\u0259 idim. U\u015fa\u011f\u0131n atas\u0131 q\u0131z\u0131 geri qaytar\u0131b. \u00dcz\u0259rind\u0259n bir ne\u00e7\u0259 g\u00fcn ke\u00e7\u0259nd\u0259n sonra mart\u0131n 5-d\u0259 q\u0131z\u0131 t\u0259krar qa\u00e7\u0131r\u0131blar. M\u0259n hadis\u0259d\u0259n ikinci d\u0259f\u0259 qa\u00e7\u0131r\u0131landa x\u0259b\u0259r tutdum. El\u0259 h\u0259min g\u00fcn Nax\u00e7\u0131vana qay\u0131td\u0131m. Nax\u00e7\u0131vandak\u0131 polis \u015f\u00f6b\u0259sin\u0259, Daxili \u0130\u015fl\u0259r Nazirliyin\u0259, Milli M\u0259clis\u0259, yerli \u0130cra Hakimiyy\u0259tin\u0259, bir s\u00f6zl\u0259, hara laz\u0131md\u0131rsa, ham\u0131s\u0131na m\u00fcraci\u0259t etdim. Lakin u\u015fa\u011f\u0131m\u0131 geri qaytarmad\u0131lar\u201d.<\/p>\n\n\n\n<p>Ana deyir ki, q\u0131z\u0131n\u0131 ona qaytarmaq \u0259v\u0259zin\u0259, Nax\u00e7\u0131vandan Bak\u0131ya qa\u00e7\u0131r\u0131blar. T\u0259zyiql\u0259r\u0259 m\u0259ruz qalan q\u0131z is\u0259 qorxusundan anas\u0131 il\u0259 dan\u0131\u015fmaqdan qorxur: <\/p>\n\n\n\n<p>\u201cMay\u0131n 15-d\u0259 q\u0131z\u0131 Bak\u0131ya g\u0259tiribl\u0259r. M\u0259n Nax\u00e7\u0131vandayd\u0131m, x\u0259b\u0259r g\u0259ldi ki, Ayselin aya\u011f\u0131 s\u0131n\u0131b. Bak\u0131ya g\u0259ldim, 12-ci Polis \u015e\u00f6b\u0259sinin \u0259m\u0259kda\u015flar\u0131 u\u015fa\u011f\u0131m\u0131 tap\u0131b, m\u0259n\u0259 verdil\u0259r. M\u0259n d\u0259 aidiyy\u0259ti \u00fczr\u0259 m\u00fcraci\u0259t etdim ki, o\u011flan\u0131 h\u0259bs etsinl\u0259r. \u00c7\u00fcnki q\u0131z\u0131m\u0131 apard\u0131\u011f\u0131 g\u00fcnd\u0259n, y\u0259ni ilk d\u0259f\u0259 qa\u00e7\u0131randa u\u015fa\u011f\u0131m cinsi t\u0259cav\u00fcz\u0259 m\u0259ruz qal\u0131b. Bu adama i\u015f d\u00fc\u015fd\u00fcy\u00fc halda \u0259m\u0259ll\u0259rini \u00f6rt-basd\u0131r etdil\u0259r. Kimin \u0259li il\u0259 oldu\u011funu bilmir\u0259m. O\u011flan haz\u0131rda rahat, s\u0259rb\u0259st g\u0259zir. Nax\u00e7\u0131vanda r\u0259smi qurumlara m\u00fcraci\u0259t edir\u0259m, deyirl\u0259r ki, sevib, gedib. B\u0259lk\u0259, yax\u015f\u0131 olacaq?! Nec\u0259 y\u0259ni sevib gedib? 14 ya\u015f\u0131nda u\u015fa\u011f\u0131n \u0259r vaxt\u0131d\u0131r? Q\u0131z\u0131m qa\u00e7\u0131r\u0131landan \u00fc\u00e7 ay sonra on be\u015f ya\u015f\u0131 tamam oldu\u201d.<\/p>\n\n\n\n<p><strong>Yamil H\u00fcseynovun anas\u0131: &#8220;Q\u0131z \u00f6z\u00fc o\u011fluma deyib ki, m\u0259ni qa\u00e7\u0131r&#8221;<\/strong><\/p>\n\n\n\n<p>\u201cAna T\u00fcrkiy\u0259d\u0259 idi, u\u015fa\u011f\u0131 Nax\u00e7\u0131vana g\u00f6nd\u0259rdi. Q\u0131z \u00f6z\u00fc o\u011fluma deyib ki, m\u0259ni qa\u00e7\u0131r. O\u011flum da bundan sonra qa\u00e7\u0131r\u0131b. Q\u0131z qa\u00e7andan sonra bundan x\u0259b\u0259r tutmu\u015fuq. O\u011flumla q\u0131z haz\u0131rda Bak\u0131da ya\u015fay\u0131rlar. M\u0259n bu g\u00fcn d\u0259 raz\u0131yam, gedib, u\u015fa\u011f\u0131n\u0131 g\u00f6t\u00fcrs\u00fcn. Q\u0131z \u00f6z\u00fc geri qay\u0131tmaq ist\u0259mir. Q\u0131z\u0131n haz\u0131rda \u015e\u0259rur Polis \u015e\u00f6b\u0259sind\u0259 \u0259riz\u0259si var, anas\u0131ndan imtina edib. Bu i\u015f\u0259 h\u0259r yerd\u0259 bax\u0131l\u0131b, q\u0131z\u0131n \u00f6z\u00fcn\u00fcn raz\u0131l\u0131\u011f\u0131 var. Q\u0131z\u0131 iki-\u00fc\u00e7 g\u00fcn\u00fcn i\u00e7ind\u0259 ist\u0259mi\u015f\u0259m. El\u0259 el\u00e7ilik olur? Q\u0131z deyir ki, \u00f6z\u00fcm qa\u00e7m\u0131\u015fam, m\u0259ni he\u00e7 kim zorla qa\u00e7\u0131rmay\u0131b\u201d- Yamil H\u00fcseynovun anas\u0131 L\u0259man H\u00fcseynova Meydan TV-y\u0259 deyib.<\/p>\n\n\n\n<p><strong>\u015e\u0259rur Rayon Polis \u015e\u00f6b\u0259si: &#8220;Q\u0131z bir-iki d\u0259f\u0259 deyil, bir ne\u00e7\u0259 d\u0259f\u0259 qa\u00e7\u0131b&#8221;<\/strong><\/p>\n\n\n\n<p>\u015e\u0259rur Rayon Polis \u015e\u00f6b\u0259sind\u0259n Meydan TV-y\u0259 bildirilib ki, \u015fikay\u0259t\u00e7i S\u0259riyy\u0259 H\u00fcseynovan\u0131n m\u00fcraci\u0259tin\u0259 d\u0259f\u0259l\u0259rl\u0259 bax\u0131l\u0131b. H\u0259tta Aysel H\u00fcseynova geri qaytar\u0131laraq, valideynl\u0259rin\u0259 t\u0259hvil verils\u0259 d\u0259, yenid\u0259n qa\u00e7\u0131b: <\/p>\n\n\n\n<figure class=\"wp-block-image size-full\"><img decoding=\"async\" width=\"800\" height=\"600\" data-src=\"https:\/\/www.meydan.tv\/wp-content\/uploads\/polis_f0pgwrf.jpg\" alt=\"\u041f\u043e\u043b\u0438\u0446\u0438\u044f\" class=\"wp-image-135217 lazyload\" src=\"data:image\/svg+xml;base64,PHN2ZyB3aWR0aD0iMSIgaGVpZ2h0PSIxIiB4bWxucz0iaHR0cDovL3d3dy53My5vcmcvMjAwMC9zdmciPjwvc3ZnPg==\" style=\"--smush-placeholder-width: 800px; --smush-placeholder-aspect-ratio: 800\/600;\" \/><figcaption>Foto: D\u0130N<\/figcaption><\/figure>\n\n\n\n<p>\u201cQ\u0131z bir-iki d\u0259f\u0259 deyil, bir ne\u00e7\u0259 d\u0259f\u0259 qa\u00e7\u0131b. Azya\u015fl\u0131 olmas\u0131na baxmayaraq, h\u0259r d\u0259f\u0259 d\u0259 ail\u0259sin\u0259 geri qaytarm\u0131\u015f\u0131q. Q\u0131z deyir ki, m\u0259ni \u0259mim o\u011fluna verm\u0259s\u0259niz, \u00f6z\u00fcm\u00fc \u00f6ld\u00fcr\u0259c\u0259y\u0259m. Bu g\u00fcn ail\u0259y\u0259 t\u0259hvil verilir. U\u015faq s\u0259h\u0259ri g\u00fcn yen\u0259 qa\u00e7\u0131r. Anas\u0131 u\u015fa\u011f\u0131 burada qoyub, T\u00fcrkiy\u0259d\u0259 qal\u0131r. U\u015fa\u011fa sahib \u00e7\u0131xm\u0131rlar. \u018fslind\u0259, bel\u0259 olmas\u0131 daha yax\u015f\u0131d\u0131r. \u018fmisi o\u011flunun yan\u0131nda oturub, \u0259tini yes\u0259 d\u0259, s\u00fcm\u00fcy\u00fcn\u00fc \u00e7\u00f6l\u0259 atmayacaq\u201d.<\/p>\n\n\n\n<p><strong>K\u0259mal\u0259 A\u011fazad\u0259: &#8220;Q\u0131z qa\u00e7\u0131ran bir n\u0259f\u0259r qanun \u00e7\u0259r\u00e7iv\u0259sind\u0259 c\u0259zaland\u0131r\u0131lsa, dig\u0259rl\u0259ri d\u0259 n\u0259tic\u0259 \u00e7\u0131xaracaq&#8221;<\/strong><\/p>\n\n\n\n<p>Az\u0259rbaycan U\u015faqlar Birliyinin s\u0259dri K\u0259mal\u0259 A\u011fazad\u0259 Meydan TV-y\u0259 deyib ki, erk\u0259n nikahlar\u0131n qar\u015f\u0131s\u0131n\u0131n al\u0131nmas\u0131 \u00fc\u00e7\u00fcn aidiyy\u0259ti qurumlar i\u015fl\u0259rin\u0259 daha ciddi v\u0259 m\u0259suliyy\u0259tl\u0259 yana\u015fmal\u0131d\u0131rlar:<\/p>\n\n\n\n<p>\u201cDaxili \u0130\u015fl\u0259r Nazirliyi, icra hakimiyy\u0259tl\u0259ri, Ail\u0259, Qad\u0131n v\u0259 U\u015faq Probleml\u0259ri \u00fczr\u0259 D\u00f6vl\u0259t Komit\u0259si, Sosial Xidm\u0259tl\u0259r Agentliyi bu i\u015fd\u0259 birg\u0259 \u00e7al\u0131\u015fmal\u0131d\u0131rlar. Q\u0131z qa\u00e7\u0131ran bir n\u0259f\u0259r qanun \u00e7\u0259r\u00e7iv\u0259sind\u0259 c\u0259zaland\u0131r\u0131lsa, dig\u0259rl\u0259ri d\u0259 bundan n\u0259tic\u0259 \u00e7\u0131xaracaq\u201d.<\/p>\n\n\n\n<figure class=\"wp-block-image size-large\"><img decoding=\"async\" width=\"1200\" height=\"679\" data-src=\"https:\/\/www.meydan.tv\/wp-content\/uploads\/426270349_0_0_3072_1738_1920x0_80_0_0_8d1c1048162bf60615b675bc3b4c068c-1200x679.jpg\" alt=\"\" class=\"wp-image-231853 lazyload\" src=\"data:image\/svg+xml;base64,PHN2ZyB3aWR0aD0iMSIgaGVpZ2h0PSIxIiB4bWxucz0iaHR0cDovL3d3dy53My5vcmcvMjAwMC9zdmciPjwvc3ZnPg==\" style=\"--smush-placeholder-width: 1200px; --smush-placeholder-aspect-ratio: 1200\/679;\" \/><figcaption>K\u0259mal\u0259 A\u011fazad\u0259, &#8220;Sputnik.az&#8221;<\/figcaption><\/figure>\n\n\n\n<p>Son d\u00f6vrl\u0259rd\u0259 b\u00f6lg\u0259l\u0259rd\u0259 q\u0131z qa\u00e7\u0131rma hallar\u0131n\u0131n art\u0131\u011f\u0131n\u0131 dey\u0259n K.A\u011fazad\u0259 Sabirabad\u0131n Q\u0259zli k\u0259ndind\u0259 bir ay\u0131nda on d\u00f6rd nikah v\u0259 ni\u015fan\u0131n qar\u015f\u0131s\u0131n\u0131 ald\u0131qlar\u0131n\u0131 bildirib:<\/p>\n\n\n\n<p>\u201cSon bir h\u0259ft\u0259 \u0259rzind\u0259 s\u0131\u011f\u0131naca\u011f\u0131m\u0131za \u00fc\u00e7 q\u0131z yerl\u0259\u015fdirilib. Onlar\u0131n ikisi erk\u0259n ya\u015fda ni\u015fanlan\u0131blar. Bununla ba\u011fl\u0131 ciddi \u00f6l\u00e7\u00fc g\u00f6t\u00fcr\u00fclm\u0259lidir. Bir u\u015faq qa\u00e7\u0131r v\u0259 deyir ki, m\u0259n ail\u0259m\u0259 d\u00f6nm\u0259k ist\u0259mir\u0259m. D\u00f6nm\u0259, amma h\u0259min evd\u0259 d\u0259 qalmamal\u0131san. Bunu qa\u00e7an u\u015fa\u011fa izah ed\u0259n varm\u0131? U\u015fa\u011f\u0131n \u015f\u0259xsiyy\u0259t v\u0259siq\u0259sinin al\u0131nmas\u0131nda m\u0259suliyy\u0259t da\u015f\u0131yan valideyn oldu\u011funu deyirik. Amma u\u015fa\u011f\u0131n ev\u0259 d\u00f6n\u00fc\u015f\u00fcn\u00fcn q\u0259rar\u0131n\u0131 u\u015fa\u011f\u0131n \u00f6hd\u0259sin\u0259 burax\u0131r\u0131q. Bu qanun harada yaz\u0131l\u0131b? D\u00fc\u015f\u00fcn\u00fcr\u0259m ki, bu i\u015fd\u0259 h\u0259r bir qurum \u00f6z i\u015fini sonad\u0259k g\u00f6rm\u0259lidir\u201d.<\/p>\n\n\n\n<p>Az\u0259rbaycan qanunvericiliyin\u0259 g\u00f6r\u0259, q\u0131z qa\u00e7\u0131rma adam o\u011furlu\u011fu hesab edilir.<\/p>\n\n\n\n<p>Cinay\u0259t M\u0259c\u0259ll\u0259sinin 144-c\u00fc madd\u0259sinin 1-ci b\u0259ndin\u0259 \u0259sas\u0259n, evl\u0259nm\u0259k m\u0259qs\u0259dil\u0259 q\u0131z qa\u00e7\u0131ran \u015f\u0259xsl\u0259ri 5 ild\u0259n 12 il\u0259 q\u0259d\u0259r h\u0259bs c\u0259zas\u0131 g\u00f6zl\u0259yir.<\/p>\n\n\n\n<p>144.2-ci madd\u0259 is\u0259 \u0259g\u0259r olay tamah m\u0259qs\u0259dil\u0259 t\u00f6r\u0259dilibs\u0259, 8 ild\u0259n 12 il\u0259d\u0259k c\u0259za n\u0259z\u0259rd\u0259 tutur.<\/p>\n\n\n\n<p>144.3-c\u00fc madd\u0259y\u0259 g\u00f6r\u0259, olay z\u0259r\u0259r\u00e7\u0259k\u0259nin \u00f6l\u00fcm\u00fc il\u0259 n\u0259tic\u0259l\u0259ndiyi halda, \u0259m\u0259li t\u00f6r\u0259d\u0259n \u015f\u0259xs 10 ild\u0259n 15 il\u0259 q\u0259d\u0259r m\u00fcdd\u0259t\u0259 azadl\u0131qdan m\u0259hrum olunur<\/p>\n","protected":false},"excerpt":{"rendered":"<p>Nax\u00e7\u0131van sakini: &#8220;14 ya\u015fl\u0131 q\u0131z\u0131m\u0131 qa\u00e7\u0131r\u0131blar, geri ala bilmir\u0259m&#8221; \u201cAz\u0259rbaycanda &#8230; <\/p>\n<p class=\"read-more-container\"><a title=\"Qa\u00e7\u0131r\u0131lan azya\u015fl\u0131 il\u0259 ba\u011fl\u0131 polisd\u0259n a\u00e7\u0131qlama: \u201c\u018fmisi o\u011fludur, \u0259tini yes\u0259 d\u0259, s\u00fcm\u00fcy\u00fcn\u00fc atmaz\u201d\" class=\"read-more button\" href=\"https:\/\/www.meydan.tv\/az\/article\/polisden-qacirilan-azyasli-ile-bagli-aciqlama-emisi-ogludur-etini-yese-de-sumuyunu-atmaz\/#more-253959\" aria-label=\"Read more about Qa\u00e7\u0131r\u0131lan azya\u015fl\u0131 il\u0259 ba\u011fl\u0131 polisd\u0259n a\u00e7\u0131qlama: \u201c\u018fmisi o\u011fludur, \u0259tini yes\u0259 d\u0259, s\u00fcm\u00fcy\u00fcn\u00fc atmaz\u201d\">Davam\u0131<\/a><\/p>\n","protected":false},"author":8,"featured_media":253962,"comment_status":"closed","ping_status":"closed","sticky":false,"template":"","format":"standard","meta":{"_acf_changed":false,"_sitemap_exclude":false,"_sitemap_priority":"","_sitemap_frequency":"","footnotes":""},"categories":[60,88,56],"tags":[],"class_list":["post-253959","post","type-post","status-publish","format-standard","has-post-thumbnail","hentry","category-bolge","category-redaktor-secimi","category-xeberler","infinite-scroll-item","generate-columns","tablet-grid-50","mobile-grid-100","grid-parent","grid-33","no-featured-image-padding"],"acf":[],"yoast_head":"<!-- This site is optimized with the Yoast SEO plugin v27.5 - https:\/\/yoast.com\/product\/yoast-seo-wordpress\/ -->\n<title>Qa\u00e7\u0131r\u0131lan azya\u015fl\u0131 il\u0259 ba\u011fl\u0131 polisd\u0259n a\u00e7\u0131qlama: \u201c\u018fmisi o\u011fludur, \u0259tini yes\u0259 d\u0259, s\u00fcm\u00fcy\u00fcn\u00fc atmaz\u201d - MEYDAN.TV<\/title>\n<meta name=\"robots\" content=\"index, follow, max-snippet:-1, max-image-preview:large, max-video-preview:-1\" \/>\n<link rel=\"canonical\" href=\"https:\/\/www.meydan.tv\/az\/article\/polisden-qacirilan-azyasli-ile-bagli-aciqlama-emisi-ogludur-etini-yese-de-sumuyunu-atmaz\/\" \/>\n<meta property=\"og:locale\" content=\"az_AZ\" \/>\n<meta property=\"og:type\" content=\"article\" \/>\n<meta property=\"og:title\" content=\"Qa\u00e7\u0131r\u0131lan azya\u015fl\u0131 il\u0259 ba\u011fl\u0131 polisd\u0259n a\u00e7\u0131qlama: \u201c\u018fmisi o\u011fludur, \u0259tini yes\u0259 d\u0259, s\u00fcm\u00fcy\u00fcn\u00fc atmaz\u201d - MEYDAN.TV\" \/>\n<meta property=\"og:description\" content=\"Nax\u00e7\u0131van sakini: &#8220;14 ya\u015fl\u0131 q\u0131z\u0131m\u0131 qa\u00e7\u0131r\u0131blar, geri ala bilmir\u0259m&#8221; \u201cAz\u0259rbaycanda ... Davam\u0131\" \/>\n<meta property=\"og:url\" content=\"https:\/\/www.meydan.tv\/az\/article\/polisden-qacirilan-azyasli-ile-bagli-aciqlama-emisi-ogludur-etini-yese-de-sumuyunu-atmaz\/\" \/>\n<meta property=\"og:site_name\" content=\"MEYDAN.TV\" \/>\n<meta property=\"article:published_time\" content=\"2022-08-23T10:49:18+00:00\" \/>\n<meta property=\"article:modified_time\" content=\"2022-08-23T11:13:38+00:00\" \/>\n<meta property=\"og:image\" content=\"https:\/\/www.meydan.tv\/wp-content\/uploads\/30534_5ee9ec94684c3.jpg\" \/>\n\t<meta property=\"og:image:width\" content=\"1200\" \/>\n\t<meta property=\"og:image:height\" content=\"712\" \/>\n\t<meta property=\"og:image:type\" content=\"image\/jpeg\" \/>\n<meta name=\"author\" content=\"elli\" \/>\n<meta name=\"twitter:card\" content=\"summary_large_image\" \/>\n<meta name=\"twitter:creator\" content=\"@elli\" \/>\n<script type=\"application\/ld+json\" class=\"yoast-schema-graph\">{\"@context\":\"https:\\\/\\\/schema.org\",\"@graph\":[{\"@type\":\"Article\",\"@id\":\"https:\\\/\\\/www.meydan.tv\\\/az\\\/article\\\/polisden-qacirilan-azyasli-ile-bagli-aciqlama-emisi-ogludur-etini-yese-de-sumuyunu-atmaz\\\/#article\",\"isPartOf\":{\"@id\":\"https:\\\/\\\/www.meydan.tv\\\/az\\\/article\\\/polisden-qacirilan-azyasli-ile-bagli-aciqlama-emisi-ogludur-etini-yese-de-sumuyunu-atmaz\\\/\"},\"author\":{\"name\":\"elli\",\"@id\":\"https:\\\/\\\/www.meydan.tv\\\/az\\\/#\\\/schema\\\/person\\\/9cdbecf90d17180ce1dfbd95b08dcf47\"},\"headline\":\"Qa\u00e7\u0131r\u0131lan azya\u015fl\u0131 il\u0259 ba\u011fl\u0131 polisd\u0259n a\u00e7\u0131qlama: \u201c\u018fmisi o\u011fludur, \u0259tini yes\u0259 d\u0259, s\u00fcm\u00fcy\u00fcn\u00fc atmaz\u201d\",\"datePublished\":\"2022-08-23T10:49:18+00:00\",\"dateModified\":\"2022-08-23T11:13:38+00:00\",\"mainEntityOfPage\":{\"@id\":\"https:\\\/\\\/www.meydan.tv\\\/az\\\/article\\\/polisden-qacirilan-azyasli-ile-bagli-aciqlama-emisi-ogludur-etini-yese-de-sumuyunu-atmaz\\\/\"},\"wordCount\":1221,\"publisher\":{\"@id\":\"https:\\\/\\\/www.meydan.tv\\\/az\\\/#organization\"},\"image\":{\"@id\":\"https:\\\/\\\/www.meydan.tv\\\/az\\\/article\\\/polisden-qacirilan-azyasli-ile-bagli-aciqlama-emisi-ogludur-etini-yese-de-sumuyunu-atmaz\\\/#primaryimage\"},\"thumbnailUrl\":\"https:\\\/\\\/www.meydan.tv\\\/wp-content\\\/uploads\\\/30534_5ee9ec94684c3.jpg\",\"articleSection\":[\"B\u00f6lg\u0259\",\"Redaktor se\u00e7imi\",\"X\u0259b\u0259rl\u0259r\"],\"inLanguage\":\"az\"},{\"@type\":\"WebPage\",\"@id\":\"https:\\\/\\\/www.meydan.tv\\\/az\\\/article\\\/polisden-qacirilan-azyasli-ile-bagli-aciqlama-emisi-ogludur-etini-yese-de-sumuyunu-atmaz\\\/\",\"url\":\"https:\\\/\\\/www.meydan.tv\\\/az\\\/article\\\/polisden-qacirilan-azyasli-ile-bagli-aciqlama-emisi-ogludur-etini-yese-de-sumuyunu-atmaz\\\/\",\"name\":\"Qa\u00e7\u0131r\u0131lan azya\u015fl\u0131 il\u0259 ba\u011fl\u0131 polisd\u0259n a\u00e7\u0131qlama: \u201c\u018fmisi o\u011fludur, \u0259tini yes\u0259 d\u0259, s\u00fcm\u00fcy\u00fcn\u00fc atmaz\u201d - MEYDAN.TV\",\"isPartOf\":{\"@id\":\"https:\\\/\\\/www.meydan.tv\\\/az\\\/#website\"},\"primaryImageOfPage\":{\"@id\":\"https:\\\/\\\/www.meydan.tv\\\/az\\\/article\\\/polisden-qacirilan-azyasli-ile-bagli-aciqlama-emisi-ogludur-etini-yese-de-sumuyunu-atmaz\\\/#primaryimage\"},\"image\":{\"@id\":\"https:\\\/\\\/www.meydan.tv\\\/az\\\/article\\\/polisden-qacirilan-azyasli-ile-bagli-aciqlama-emisi-ogludur-etini-yese-de-sumuyunu-atmaz\\\/#primaryimage\"},\"thumbnailUrl\":\"https:\\\/\\\/www.meydan.tv\\\/wp-content\\\/uploads\\\/30534_5ee9ec94684c3.jpg\",\"datePublished\":\"2022-08-23T10:49:18+00:00\",\"dateModified\":\"2022-08-23T11:13:38+00:00\",\"breadcrumb\":{\"@id\":\"https:\\\/\\\/www.meydan.tv\\\/az\\\/article\\\/polisden-qacirilan-azyasli-ile-bagli-aciqlama-emisi-ogludur-etini-yese-de-sumuyunu-atmaz\\\/#breadcrumb\"},\"inLanguage\":\"az\",\"potentialAction\":[{\"@type\":\"ReadAction\",\"target\":[\"https:\\\/\\\/www.meydan.tv\\\/az\\\/article\\\/polisden-qacirilan-azyasli-ile-bagli-aciqlama-emisi-ogludur-etini-yese-de-sumuyunu-atmaz\\\/\"]}]},{\"@type\":\"ImageObject\",\"inLanguage\":\"az\",\"@id\":\"https:\\\/\\\/www.meydan.tv\\\/az\\\/article\\\/polisden-qacirilan-azyasli-ile-bagli-aciqlama-emisi-ogludur-etini-yese-de-sumuyunu-atmaz\\\/#primaryimage\",\"url\":\"https:\\\/\\\/www.meydan.tv\\\/wp-content\\\/uploads\\\/30534_5ee9ec94684c3.jpg\",\"contentUrl\":\"https:\\\/\\\/www.meydan.tv\\\/wp-content\\\/uploads\\\/30534_5ee9ec94684c3.jpg\",\"width\":1200,\"height\":712,\"caption\":\"\u015e\u0259rur rayonu. Foto: \\\"nuhcixan.az\\\"\"},{\"@type\":\"BreadcrumbList\",\"@id\":\"https:\\\/\\\/www.meydan.tv\\\/az\\\/article\\\/polisden-qacirilan-azyasli-ile-bagli-aciqlama-emisi-ogludur-etini-yese-de-sumuyunu-atmaz\\\/#breadcrumb\",\"itemListElement\":[{\"@type\":\"ListItem\",\"position\":1,\"name\":\"Ana s\u0259hif\u0259\",\"item\":\"https:\\\/\\\/www.meydan.tv\\\/az\\\/\"},{\"@type\":\"ListItem\",\"position\":2,\"name\":\"B\u00f6lg\u0259\",\"item\":\"https:\\\/\\\/www.meydan.tv\\\/az\\\/section\\\/bolge\\\/\"},{\"@type\":\"ListItem\",\"position\":3,\"name\":\"Qa\u00e7\u0131r\u0131lan azya\u015fl\u0131 il\u0259 ba\u011fl\u0131 polisd\u0259n a\u00e7\u0131qlama: \u201c\u018fmisi o\u011fludur, \u0259tini yes\u0259 d\u0259, s\u00fcm\u00fcy\u00fcn\u00fc atmaz\u201d\"}]},{\"@type\":\"WebSite\",\"@id\":\"https:\\\/\\\/www.meydan.tv\\\/az\\\/#website\",\"url\":\"https:\\\/\\\/www.meydan.tv\\\/az\\\/\",\"name\":\"MEYDAN.TV\",\"description\":\"Meydan TV Az\u0259rbaycan\u0131n media m\u0259kan\u0131ndak\u0131 alternativ s\u0259sidir\",\"publisher\":{\"@id\":\"https:\\\/\\\/www.meydan.tv\\\/az\\\/#organization\"},\"potentialAction\":[{\"@type\":\"SearchAction\",\"target\":{\"@type\":\"EntryPoint\",\"urlTemplate\":\"https:\\\/\\\/www.meydan.tv\\\/az\\\/?s={search_term_string}\"},\"query-input\":{\"@type\":\"PropertyValueSpecification\",\"valueRequired\":true,\"valueName\":\"search_term_string\"}}],\"inLanguage\":\"az\"},{\"@type\":\"Organization\",\"@id\":\"https:\\\/\\\/www.meydan.tv\\\/az\\\/#organization\",\"name\":\"Meydan TV\",\"url\":\"https:\\\/\\\/www.meydan.tv\\\/az\\\/\",\"logo\":{\"@type\":\"ImageObject\",\"inLanguage\":\"az\",\"@id\":\"https:\\\/\\\/www.meydan.tv\\\/az\\\/#\\\/schema\\\/logo\\\/image\\\/\",\"url\":\"https:\\\/\\\/www.meydan.tv\\\/wp-content\\\/uploads\\\/2021\\\/07\\\/meydan-logo.svg\",\"contentUrl\":\"https:\\\/\\\/www.meydan.tv\\\/wp-content\\\/uploads\\\/2021\\\/07\\\/meydan-logo.svg\",\"width\":195,\"height\":46,\"caption\":\"Meydan TV\"},\"image\":{\"@id\":\"https:\\\/\\\/www.meydan.tv\\\/az\\\/#\\\/schema\\\/logo\\\/image\\\/\"}},{\"@type\":\"Person\",\"@id\":\"https:\\\/\\\/www.meydan.tv\\\/az\\\/#\\\/schema\\\/person\\\/9cdbecf90d17180ce1dfbd95b08dcf47\",\"name\":\"elli\",\"sameAs\":[\"https:\\\/\\\/x.com\\\/elli\"]}]}<\/script>\n<!-- \/ Yoast SEO plugin. -->","yoast_head_json":{"title":"Qa\u00e7\u0131r\u0131lan azya\u015fl\u0131 il\u0259 ba\u011fl\u0131 polisd\u0259n a\u00e7\u0131qlama: \u201c\u018fmisi o\u011fludur, \u0259tini yes\u0259 d\u0259, s\u00fcm\u00fcy\u00fcn\u00fc atmaz\u201d - MEYDAN.TV","robots":{"index":"index","follow":"follow","max-snippet":"max-snippet:-1","max-image-preview":"max-image-preview:large","max-video-preview":"max-video-preview:-1"},"canonical":"https:\/\/www.meydan.tv\/az\/article\/polisden-qacirilan-azyasli-ile-bagli-aciqlama-emisi-ogludur-etini-yese-de-sumuyunu-atmaz\/","og_locale":"az_AZ","og_type":"article","og_title":"Qa\u00e7\u0131r\u0131lan azya\u015fl\u0131 il\u0259 ba\u011fl\u0131 polisd\u0259n a\u00e7\u0131qlama: \u201c\u018fmisi o\u011fludur, \u0259tini yes\u0259 d\u0259, s\u00fcm\u00fcy\u00fcn\u00fc atmaz\u201d - MEYDAN.TV","og_description":"Nax\u00e7\u0131van sakini: &#8220;14 ya\u015fl\u0131 q\u0131z\u0131m\u0131 qa\u00e7\u0131r\u0131blar, geri ala bilmir\u0259m&#8221; \u201cAz\u0259rbaycanda ... Davam\u0131","og_url":"https:\/\/www.meydan.tv\/az\/article\/polisden-qacirilan-azyasli-ile-bagli-aciqlama-emisi-ogludur-etini-yese-de-sumuyunu-atmaz\/","og_site_name":"MEYDAN.TV","article_published_time":"2022-08-23T10:49:18+00:00","article_modified_time":"2022-08-23T11:13:38+00:00","og_image":[{"width":1200,"height":712,"url":"https:\/\/www.meydan.tv\/wp-content\/uploads\/30534_5ee9ec94684c3.jpg","type":"image\/jpeg"}],"author":"elli","twitter_card":"summary_large_image","twitter_creator":"@elli","schema":{"@context":"https:\/\/schema.org","@graph":[{"@type":"Article","@id":"https:\/\/www.meydan.tv\/az\/article\/polisden-qacirilan-azyasli-ile-bagli-aciqlama-emisi-ogludur-etini-yese-de-sumuyunu-atmaz\/#article","isPartOf":{"@id":"https:\/\/www.meydan.tv\/az\/article\/polisden-qacirilan-azyasli-ile-bagli-aciqlama-emisi-ogludur-etini-yese-de-sumuyunu-atmaz\/"},"author":{"name":"elli","@id":"https:\/\/www.meydan.tv\/az\/#\/schema\/person\/9cdbecf90d17180ce1dfbd95b08dcf47"},"headline":"Qa\u00e7\u0131r\u0131lan azya\u015fl\u0131 il\u0259 ba\u011fl\u0131 polisd\u0259n a\u00e7\u0131qlama: \u201c\u018fmisi o\u011fludur, \u0259tini yes\u0259 d\u0259, s\u00fcm\u00fcy\u00fcn\u00fc atmaz\u201d","datePublished":"2022-08-23T10:49:18+00:00","dateModified":"2022-08-23T11:13:38+00:00","mainEntityOfPage":{"@id":"https:\/\/www.meydan.tv\/az\/article\/polisden-qacirilan-azyasli-ile-bagli-aciqlama-emisi-ogludur-etini-yese-de-sumuyunu-atmaz\/"},"wordCount":1221,"publisher":{"@id":"https:\/\/www.meydan.tv\/az\/#organization"},"image":{"@id":"https:\/\/www.meydan.tv\/az\/article\/polisden-qacirilan-azyasli-ile-bagli-aciqlama-emisi-ogludur-etini-yese-de-sumuyunu-atmaz\/#primaryimage"},"thumbnailUrl":"https:\/\/www.meydan.tv\/wp-content\/uploads\/30534_5ee9ec94684c3.jpg","articleSection":["B\u00f6lg\u0259","Redaktor se\u00e7imi","X\u0259b\u0259rl\u0259r"],"inLanguage":"az"},{"@type":"WebPage","@id":"https:\/\/www.meydan.tv\/az\/article\/polisden-qacirilan-azyasli-ile-bagli-aciqlama-emisi-ogludur-etini-yese-de-sumuyunu-atmaz\/","url":"https:\/\/www.meydan.tv\/az\/article\/polisden-qacirilan-azyasli-ile-bagli-aciqlama-emisi-ogludur-etini-yese-de-sumuyunu-atmaz\/","name":"Qa\u00e7\u0131r\u0131lan azya\u015fl\u0131 il\u0259 ba\u011fl\u0131 polisd\u0259n a\u00e7\u0131qlama: \u201c\u018fmisi o\u011fludur, \u0259tini yes\u0259 d\u0259, s\u00fcm\u00fcy\u00fcn\u00fc atmaz\u201d - MEYDAN.TV","isPartOf":{"@id":"https:\/\/www.meydan.tv\/az\/#website"},"primaryImageOfPage":{"@id":"https:\/\/www.meydan.tv\/az\/article\/polisden-qacirilan-azyasli-ile-bagli-aciqlama-emisi-ogludur-etini-yese-de-sumuyunu-atmaz\/#primaryimage"},"image":{"@id":"https:\/\/www.meydan.tv\/az\/article\/polisden-qacirilan-azyasli-ile-bagli-aciqlama-emisi-ogludur-etini-yese-de-sumuyunu-atmaz\/#primaryimage"},"thumbnailUrl":"https:\/\/www.meydan.tv\/wp-content\/uploads\/30534_5ee9ec94684c3.jpg","datePublished":"2022-08-23T10:49:18+00:00","dateModified":"2022-08-23T11:13:38+00:00","breadcrumb":{"@id":"https:\/\/www.meydan.tv\/az\/article\/polisden-qacirilan-azyasli-ile-bagli-aciqlama-emisi-ogludur-etini-yese-de-sumuyunu-atmaz\/#breadcrumb"},"inLanguage":"az","potentialAction":[{"@type":"ReadAction","target":["https:\/\/www.meydan.tv\/az\/article\/polisden-qacirilan-azyasli-ile-bagli-aciqlama-emisi-ogludur-etini-yese-de-sumuyunu-atmaz\/"]}]},{"@type":"ImageObject","inLanguage":"az","@id":"https:\/\/www.meydan.tv\/az\/article\/polisden-qacirilan-azyasli-ile-bagli-aciqlama-emisi-ogludur-etini-yese-de-sumuyunu-atmaz\/#primaryimage","url":"https:\/\/www.meydan.tv\/wp-content\/uploads\/30534_5ee9ec94684c3.jpg","contentUrl":"https:\/\/www.meydan.tv\/wp-content\/uploads\/30534_5ee9ec94684c3.jpg","width":1200,"height":712,"caption":"\u015e\u0259rur rayonu. Foto: \"nuhcixan.az\""},{"@type":"BreadcrumbList","@id":"https:\/\/www.meydan.tv\/az\/article\/polisden-qacirilan-azyasli-ile-bagli-aciqlama-emisi-ogludur-etini-yese-de-sumuyunu-atmaz\/#breadcrumb","itemListElement":[{"@type":"ListItem","position":1,"name":"Ana s\u0259hif\u0259","item":"https:\/\/www.meydan.tv\/az\/"},{"@type":"ListItem","position":2,"name":"B\u00f6lg\u0259","item":"https:\/\/www.meydan.tv\/az\/section\/bolge\/"},{"@type":"ListItem","position":3,"name":"Qa\u00e7\u0131r\u0131lan azya\u015fl\u0131 il\u0259 ba\u011fl\u0131 polisd\u0259n a\u00e7\u0131qlama: \u201c\u018fmisi o\u011fludur, \u0259tini yes\u0259 d\u0259, s\u00fcm\u00fcy\u00fcn\u00fc atmaz\u201d"}]},{"@type":"WebSite","@id":"https:\/\/www.meydan.tv\/az\/#website","url":"https:\/\/www.meydan.tv\/az\/","name":"MEYDAN.TV","description":"Meydan TV Az\u0259rbaycan\u0131n media m\u0259kan\u0131ndak\u0131 alternativ s\u0259sidir","publisher":{"@id":"https:\/\/www.meydan.tv\/az\/#organization"},"potentialAction":[{"@type":"SearchAction","target":{"@type":"EntryPoint","urlTemplate":"https:\/\/www.meydan.tv\/az\/?s={search_term_string}"},"query-input":{"@type":"PropertyValueSpecification","valueRequired":true,"valueName":"search_term_string"}}],"inLanguage":"az"},{"@type":"Organization","@id":"https:\/\/www.meydan.tv\/az\/#organization","name":"Meydan TV","url":"https:\/\/www.meydan.tv\/az\/","logo":{"@type":"ImageObject","inLanguage":"az","@id":"https:\/\/www.meydan.tv\/az\/#\/schema\/logo\/image\/","url":"https:\/\/www.meydan.tv\/wp-content\/uploads\/2021\/07\/meydan-logo.svg","contentUrl":"https:\/\/www.meydan.tv\/wp-content\/uploads\/2021\/07\/meydan-logo.svg","width":195,"height":46,"caption":"Meydan TV"},"image":{"@id":"https:\/\/www.meydan.tv\/az\/#\/schema\/logo\/image\/"}},{"@type":"Person","@id":"https:\/\/www.meydan.tv\/az\/#\/schema\/person\/9cdbecf90d17180ce1dfbd95b08dcf47","name":"elli","sameAs":["https:\/\/x.com\/elli"]}]}},"_links":{"self":[{"href":"https:\/\/www.meydan.tv\/az\/wp-json\/wp\/v2\/posts\/253959","targetHints":{"allow":["GET"]}}],"collection":[{"href":"https:\/\/www.meydan.tv\/az\/wp-json\/wp\/v2\/posts"}],"about":[{"href":"https:\/\/www.meydan.tv\/az\/wp-json\/wp\/v2\/types\/post"}],"author":[{"embeddable":true,"href":"https:\/\/www.meydan.tv\/az\/wp-json\/wp\/v2\/users\/8"}],"replies":[{"embeddable":true,"href":"https:\/\/www.meydan.tv\/az\/wp-json\/wp\/v2\/comments?post=253959"}],"version-history":[{"count":3,"href":"https:\/\/www.meydan.tv\/az\/wp-json\/wp\/v2\/posts\/253959\/revisions"}],"predecessor-version":[{"id":253972,"href":"https:\/\/www.meydan.tv\/az\/wp-json\/wp\/v2\/posts\/253959\/revisions\/253972"}],"wp:featuredmedia":[{"embeddable":true,"href":"https:\/\/www.meydan.tv\/az\/wp-json\/wp\/v2\/media\/253962"}],"wp:attachment":[{"href":"https:\/\/www.meydan.tv\/az\/wp-json\/wp\/v2\/media?parent=253959"}],"wp:term":[{"taxonomy":"category","embeddable":true,"href":"https:\/\/www.meydan.tv\/az\/wp-json\/wp\/v2\/categories?post=253959"},{"taxonomy":"post_tag","embeddable":true,"href":"https:\/\/www.meydan.tv\/az\/wp-json\/wp\/v2\/tags?post=253959"}],"curies":[{"name":"wp","href":"https:\/\/api.w.org\/{rel}","templated":true}]}}