{"id":253869,"date":"2022-08-22T12:28:37","date_gmt":"2022-08-22T08:28:37","guid":{"rendered":"https:\/\/www.meydan.tv\/?p=253869"},"modified":"2022-08-22T12:28:39","modified_gmt":"2022-08-22T08:28:39","slug":"kimsesizem-deye-muracietime-baxan-yoxdur","status":"publish","type":"post","link":"https:\/\/www.meydan.tv\/az\/article\/kimsesizem-deye-muracietime-baxan-yoxdur\/","title":{"rendered":"\u201cKims\u0259siz\u0259m dey\u0259 m\u00fcraci\u0259tim\u0259 baxan yoxdur\u201d"},"content":{"rendered":"\n<p><\/p>\n\n\n\n<p><em>Lerik sakini evinin s\u00fcr\u00fc\u015fm\u0259d\u0259n z\u0259r\u0259r \u00e7\u0259kdiyini, lakin t\u0259mir edilm\u0259diyini deyir<\/em><\/p>\n\n\n\n<p>\u201c2016-c\u0131 ild\u0259 k\u0259ndd\u0259 ba\u015f ver\u0259n s\u00fcr\u00fc\u015fm\u0259 n\u0259tic\u0259sind\u0259 evim q\u0259zal\u0131 v\u0259ziyy\u0259t\u0259 d\u00fc\u015fd\u00fc. S\u00fcr\u00fc\u015fm\u0259d\u0259n z\u0259r\u0259r \u00e7\u0259k\u0259n dig\u0259r evl\u0259r t\u0259mir olunsa da, ill\u0259rdir m\u0259nim m\u00fcraci\u0259tim\u0259 baxan yoxdur. \u00c7\u00fcnki kims\u0259siz v\u0259 kas\u0131bam\u201d,- bunu Meydan TV-y\u0259 Lerik rayonunun Z\u00fcv\u00fc\u00e7 k\u0259nd sakini \u018fz\u0259b\u0259yim \u018fliyeva deyib.<\/p>\n\n\n\n<p>Z\u00fcv\u00fc\u00e7 Lerikin ucqar k\u0259ndl\u0259rind\u0259n biridir. Rayon m\u0259rk\u0259zind\u0259n 32 kilometr uzaqda yerl\u0259\u015fir. K\u0259nd Yard\u0131ml\u0131n\u0131n bir s\u0131ra k\u0259ndl\u0259ril\u0259 qon\u015fudur. Sakinl\u0259rin dediyin\u0259 g\u00f6r\u0259, Z\u00fcv\u00fc\u00e7 k\u0259ndi s\u00fcr\u00fc\u015fm\u0259 \u0259razisidir.<\/p>\n\n\n\n<p>\u018fz\u0259b\u0259yim \u018fliyeva deyir ki, s\u00fcr\u00fc\u015fm\u0259d\u0259n sonra k\u0259ndd\u0259 4 ev yenid\u0259n tikilib:<\/p>\n\n\n\n<p>\u201cS\u00fcr\u00fc\u015fm\u0259nin ba\u015f verdiyi \u0259raziyl\u0259 bizim ev 7-8 metr m\u0259saf\u0259d\u0259 yerl\u0259\u015fir. \u0130lk z\u0259r\u0259r \u00e7\u0259k\u0259n bizim ev olub. Bizim evi qoyub, bizd\u0259n sonraki evl\u0259ri t\u0259mir edibl\u0259r\u201d.<\/p>\n\n\n\n<figure class=\"wp-block-image size-full\"><img decoding=\"async\" width=\"1200\" height=\"800\" data-src=\"https:\/\/www.meydan.tv\/wp-content\/uploads\/untitled-design-53.jpg\" alt=\"\" class=\"wp-image-253866 lazyload\" src=\"data:image\/svg+xml;base64,PHN2ZyB3aWR0aD0iMSIgaGVpZ2h0PSIxIiB4bWxucz0iaHR0cDovL3d3dy53My5vcmcvMjAwMC9zdmciPjwvc3ZnPg==\" style=\"--smush-placeholder-width: 1200px; --smush-placeholder-aspect-ratio: 1200\/800;\" \/><figcaption>Foto: Meydan TV<\/figcaption><\/figure>\n\n\n\n<p>\u015eikay\u0259t\u00e7i bildirib ki, 2017-ci ild\u0259n b\u0259ri Lerik Rayon \u0130cra Hakimiyy\u0259tin\u0259, F\u00f6vq\u0259lad\u0259 Hallar Nazirliyin\u0259 15 d\u0259f\u0259d\u0259n art\u0131q r\u0259smi m\u00fcraci\u0259t edib, h\u0259r d\u0259f\u0259 d\u0259 onlara \u0259razid\u0259 s\u00fcr\u00fc\u015fm\u0259 t\u0259hl\u00fck\u0259sinin olmad\u0131\u011f\u0131na dair m\u0259ktub g\u00f6nd\u0259rilib:<\/p>\n\n\n\n<p>\u201cYaz\u0131blar ki, ev ya\u015fay\u0131\u015fa yararl\u0131d\u0131r, halbuki evimiz k\u0259rpicd\u0259n tikilib, birm\u0259rt\u0259b\u0259lidir.<\/p>\n\n\n\n<p>K\u0259ndd\u0259 t\u0259xmin\u0259n 150-160 ev var. M\u0259n o\u011flumla birg\u0259 ya\u015fay\u0131ram. G\u00fcnd\u0259lik \u00e7\u00f6r\u0259kpulunu g\u00fccl\u0259 \u00e7\u0131xar\u0131r\u0131q. Evi n\u0259inki t\u0259mir etm\u0259k, h\u0259tta \u00e7atlar\u0131n \u00fcst\u00fcn\u0259 suvaq vurma\u011fa imkan\u0131m yoxdur. H\u0259r d\u0259f\u0259 m\u0259ktubda yaz\u0131rlar ki, g\u0259lib yerind\u0259 baxm\u0131\u015f\u0131q, t\u0259hl\u00fck\u0259 yoxdur, ancaq bir d\u0259f\u0259 d\u0259 g\u0259lib yerind\u0259 baxmay\u0131blar\u201d.<\/p>\n\n\n\n<p>Lerik Rayon \u0130cra Hakimiyy\u0259tind\u0259n bildiribl\u0259r ki, m\u0259s\u0259l\u0259ni ara\u015fd\u0131randan sonra m\u00fcnasib\u0259t bildir\u0259c\u0259kl\u0259r.<\/p>\n\n\n\n<p>Z\u00fcv\u00fc\u00e7 k\u0259nd \u0259razi icra n\u00fcmay\u0259nd\u0259si Qabil H\u00fcseynov Meydan TV-y\u0259 deyib ki, ev\u0259 bax\u0131\u015f ke\u00e7irilib v\u0259 r\u0259y icra hakimiyy\u0259tin\u0259 t\u0259qdim olunub. H\u0259min r\u0259y \u0259sas\u0131nda q\u0259rar verilir: \u201cM\u00fct\u0259x\u0259ssis r\u0259yd\u0259 nec\u0259 g\u00f6st\u0259ribs\u0259, el\u0259c\u0259 d\u0259 t\u0259dbir g\u00f6r\u00fcl\u00fcr. Y\u0259ni, F\u00f6vq\u0259lad\u0259 Hallar Nazirliyinin m\u00fct\u0259x\u0259ssisl\u0259rinin r\u0259yin\u0259 \u0259sas\u0259n q\u0259rar q\u0259bul edilir. Buna icra hakimiyy\u0259ti v\u0259 ya k\u0259nd icra n\u00fcmay\u0259nd\u0259liyi qar\u0131\u015fa bilmir. R\u0259yl\u0259 ba\u011fl\u0131 ail\u0259 m\u0259lumatland\u0131r\u0131l\u0131b. \u018fg\u0259r evin q\u0259zal\u0131 v\u0259ziyy\u0259td\u0259 olmad\u0131\u011f\u0131 g\u00f6st\u0259rilibs\u0259, dem\u0259li, t\u0259mir olunmal\u0131d\u0131r, g\u00f6st\u0259rilm\u0259yibs\u0259, t\u0259hl\u00fck\u0259 yoxdur\u201d.<\/p>\n","protected":false},"excerpt":{"rendered":"<p>Lerik sakini evinin s\u00fcr\u00fc\u015fm\u0259d\u0259n z\u0259r\u0259r \u00e7\u0259kdiyini, lakin t\u0259mir edilm\u0259diyini deyir &#8230; <\/p>\n<p class=\"read-more-container\"><a title=\"\u201cKims\u0259siz\u0259m dey\u0259 m\u00fcraci\u0259tim\u0259 baxan yoxdur\u201d\" class=\"read-more button\" href=\"https:\/\/www.meydan.tv\/az\/article\/kimsesizem-deye-muracietime-baxan-yoxdur\/#more-253869\" aria-label=\"Read more about \u201cKims\u0259siz\u0259m dey\u0259 m\u00fcraci\u0259tim\u0259 baxan yoxdur\u201d\">Davam\u0131<\/a><\/p>\n","protected":false},"author":8,"featured_media":108637,"comment_status":"closed","ping_status":"closed","sticky":false,"template":"","format":"standard","meta":{"_acf_changed":false,"_sitemap_exclude":false,"_sitemap_priority":"","_sitemap_frequency":"","footnotes":""},"categories":[60,56],"tags":[],"class_list":["post-253869","post","type-post","status-publish","format-standard","has-post-thumbnail","hentry","category-bolge","category-xeberler","infinite-scroll-item","generate-columns","tablet-grid-50","mobile-grid-100","grid-parent","grid-33","no-featured-image-padding"],"acf":[],"yoast_head":"<!-- This site is optimized with the Yoast SEO plugin v27.5 - https:\/\/yoast.com\/product\/yoast-seo-wordpress\/ -->\n<title>\u201cKims\u0259siz\u0259m dey\u0259 m\u00fcraci\u0259tim\u0259 baxan yoxdur\u201d - MEYDAN.TV<\/title>\n<meta name=\"robots\" content=\"index, follow, max-snippet:-1, max-image-preview:large, max-video-preview:-1\" \/>\n<link rel=\"canonical\" href=\"https:\/\/www.meydan.tv\/az\/article\/kimsesizem-deye-muracietime-baxan-yoxdur\/\" \/>\n<meta property=\"og:locale\" content=\"az_AZ\" \/>\n<meta property=\"og:type\" content=\"article\" \/>\n<meta property=\"og:title\" content=\"\u201cKims\u0259siz\u0259m dey\u0259 m\u00fcraci\u0259tim\u0259 baxan yoxdur\u201d - MEYDAN.TV\" \/>\n<meta property=\"og:description\" content=\"Lerik sakini evinin s\u00fcr\u00fc\u015fm\u0259d\u0259n z\u0259r\u0259r \u00e7\u0259kdiyini, lakin t\u0259mir edilm\u0259diyini deyir ... Davam\u0131\" \/>\n<meta property=\"og:url\" content=\"https:\/\/www.meydan.tv\/az\/article\/kimsesizem-deye-muracietime-baxan-yoxdur\/\" \/>\n<meta property=\"og:site_name\" content=\"MEYDAN.TV\" \/>\n<meta property=\"article:published_time\" content=\"2022-08-22T08:28:37+00:00\" \/>\n<meta property=\"article:modified_time\" content=\"2022-08-22T08:28:39+00:00\" \/>\n<meta property=\"og:image\" content=\"https:\/\/www.meydan.tv\/wp-content\/uploads\/43190.jpg\" \/>\n\t<meta property=\"og:image:width\" content=\"1280\" \/>\n\t<meta property=\"og:image:height\" content=\"659\" \/>\n\t<meta property=\"og:image:type\" content=\"image\/jpeg\" \/>\n<meta name=\"author\" content=\"elli\" \/>\n<meta name=\"twitter:card\" content=\"summary_large_image\" \/>\n<meta name=\"twitter:creator\" content=\"@elli\" \/>\n<script type=\"application\/ld+json\" class=\"yoast-schema-graph\">{\"@context\":\"https:\\\/\\\/schema.org\",\"@graph\":[{\"@type\":\"Article\",\"@id\":\"https:\\\/\\\/www.meydan.tv\\\/az\\\/article\\\/kimsesizem-deye-muracietime-baxan-yoxdur\\\/#article\",\"isPartOf\":{\"@id\":\"https:\\\/\\\/www.meydan.tv\\\/az\\\/article\\\/kimsesizem-deye-muracietime-baxan-yoxdur\\\/\"},\"author\":{\"name\":\"elli\",\"@id\":\"https:\\\/\\\/www.meydan.tv\\\/az\\\/#\\\/schema\\\/person\\\/9cdbecf90d17180ce1dfbd95b08dcf47\"},\"headline\":\"\u201cKims\u0259siz\u0259m dey\u0259 m\u00fcraci\u0259tim\u0259 baxan yoxdur\u201d\",\"datePublished\":\"2022-08-22T08:28:37+00:00\",\"dateModified\":\"2022-08-22T08:28:39+00:00\",\"mainEntityOfPage\":{\"@id\":\"https:\\\/\\\/www.meydan.tv\\\/az\\\/article\\\/kimsesizem-deye-muracietime-baxan-yoxdur\\\/\"},\"wordCount\":503,\"publisher\":{\"@id\":\"https:\\\/\\\/www.meydan.tv\\\/az\\\/#organization\"},\"image\":{\"@id\":\"https:\\\/\\\/www.meydan.tv\\\/az\\\/article\\\/kimsesizem-deye-muracietime-baxan-yoxdur\\\/#primaryimage\"},\"thumbnailUrl\":\"https:\\\/\\\/www.meydan.tv\\\/wp-content\\\/uploads\\\/43190.jpg\",\"articleSection\":[\"B\u00f6lg\u0259\",\"X\u0259b\u0259rl\u0259r\"],\"inLanguage\":\"az\"},{\"@type\":\"WebPage\",\"@id\":\"https:\\\/\\\/www.meydan.tv\\\/az\\\/article\\\/kimsesizem-deye-muracietime-baxan-yoxdur\\\/\",\"url\":\"https:\\\/\\\/www.meydan.tv\\\/az\\\/article\\\/kimsesizem-deye-muracietime-baxan-yoxdur\\\/\",\"name\":\"\u201cKims\u0259siz\u0259m dey\u0259 m\u00fcraci\u0259tim\u0259 baxan yoxdur\u201d - MEYDAN.TV\",\"isPartOf\":{\"@id\":\"https:\\\/\\\/www.meydan.tv\\\/az\\\/#website\"},\"primaryImageOfPage\":{\"@id\":\"https:\\\/\\\/www.meydan.tv\\\/az\\\/article\\\/kimsesizem-deye-muracietime-baxan-yoxdur\\\/#primaryimage\"},\"image\":{\"@id\":\"https:\\\/\\\/www.meydan.tv\\\/az\\\/article\\\/kimsesizem-deye-muracietime-baxan-yoxdur\\\/#primaryimage\"},\"thumbnailUrl\":\"https:\\\/\\\/www.meydan.tv\\\/wp-content\\\/uploads\\\/43190.jpg\",\"datePublished\":\"2022-08-22T08:28:37+00:00\",\"dateModified\":\"2022-08-22T08:28:39+00:00\",\"breadcrumb\":{\"@id\":\"https:\\\/\\\/www.meydan.tv\\\/az\\\/article\\\/kimsesizem-deye-muracietime-baxan-yoxdur\\\/#breadcrumb\"},\"inLanguage\":\"az\",\"potentialAction\":[{\"@type\":\"ReadAction\",\"target\":[\"https:\\\/\\\/www.meydan.tv\\\/az\\\/article\\\/kimsesizem-deye-muracietime-baxan-yoxdur\\\/\"]}]},{\"@type\":\"ImageObject\",\"inLanguage\":\"az\",\"@id\":\"https:\\\/\\\/www.meydan.tv\\\/az\\\/article\\\/kimsesizem-deye-muracietime-baxan-yoxdur\\\/#primaryimage\",\"url\":\"https:\\\/\\\/www.meydan.tv\\\/wp-content\\\/uploads\\\/43190.jpg\",\"contentUrl\":\"https:\\\/\\\/www.meydan.tv\\\/wp-content\\\/uploads\\\/43190.jpg\",\"width\":1280,\"height\":659,\"caption\":\"Foto: Az\u0259rtac\"},{\"@type\":\"BreadcrumbList\",\"@id\":\"https:\\\/\\\/www.meydan.tv\\\/az\\\/article\\\/kimsesizem-deye-muracietime-baxan-yoxdur\\\/#breadcrumb\",\"itemListElement\":[{\"@type\":\"ListItem\",\"position\":1,\"name\":\"Ana s\u0259hif\u0259\",\"item\":\"https:\\\/\\\/www.meydan.tv\\\/az\\\/\"},{\"@type\":\"ListItem\",\"position\":2,\"name\":\"B\u00f6lg\u0259\",\"item\":\"https:\\\/\\\/www.meydan.tv\\\/az\\\/section\\\/bolge\\\/\"},{\"@type\":\"ListItem\",\"position\":3,\"name\":\"\u201cKims\u0259siz\u0259m dey\u0259 m\u00fcraci\u0259tim\u0259 baxan yoxdur\u201d\"}]},{\"@type\":\"WebSite\",\"@id\":\"https:\\\/\\\/www.meydan.tv\\\/az\\\/#website\",\"url\":\"https:\\\/\\\/www.meydan.tv\\\/az\\\/\",\"name\":\"MEYDAN.TV\",\"description\":\"Meydan TV Az\u0259rbaycan\u0131n media m\u0259kan\u0131ndak\u0131 alternativ s\u0259sidir\",\"publisher\":{\"@id\":\"https:\\\/\\\/www.meydan.tv\\\/az\\\/#organization\"},\"potentialAction\":[{\"@type\":\"SearchAction\",\"target\":{\"@type\":\"EntryPoint\",\"urlTemplate\":\"https:\\\/\\\/www.meydan.tv\\\/az\\\/?s={search_term_string}\"},\"query-input\":{\"@type\":\"PropertyValueSpecification\",\"valueRequired\":true,\"valueName\":\"search_term_string\"}}],\"inLanguage\":\"az\"},{\"@type\":\"Organization\",\"@id\":\"https:\\\/\\\/www.meydan.tv\\\/az\\\/#organization\",\"name\":\"Meydan TV\",\"url\":\"https:\\\/\\\/www.meydan.tv\\\/az\\\/\",\"logo\":{\"@type\":\"ImageObject\",\"inLanguage\":\"az\",\"@id\":\"https:\\\/\\\/www.meydan.tv\\\/az\\\/#\\\/schema\\\/logo\\\/image\\\/\",\"url\":\"https:\\\/\\\/www.meydan.tv\\\/wp-content\\\/uploads\\\/2021\\\/07\\\/meydan-logo.svg\",\"contentUrl\":\"https:\\\/\\\/www.meydan.tv\\\/wp-content\\\/uploads\\\/2021\\\/07\\\/meydan-logo.svg\",\"width\":195,\"height\":46,\"caption\":\"Meydan TV\"},\"image\":{\"@id\":\"https:\\\/\\\/www.meydan.tv\\\/az\\\/#\\\/schema\\\/logo\\\/image\\\/\"}},{\"@type\":\"Person\",\"@id\":\"https:\\\/\\\/www.meydan.tv\\\/az\\\/#\\\/schema\\\/person\\\/9cdbecf90d17180ce1dfbd95b08dcf47\",\"name\":\"elli\",\"sameAs\":[\"https:\\\/\\\/x.com\\\/elli\"]}]}<\/script>\n<!-- \/ Yoast SEO plugin. -->","yoast_head_json":{"title":"\u201cKims\u0259siz\u0259m dey\u0259 m\u00fcraci\u0259tim\u0259 baxan yoxdur\u201d - MEYDAN.TV","robots":{"index":"index","follow":"follow","max-snippet":"max-snippet:-1","max-image-preview":"max-image-preview:large","max-video-preview":"max-video-preview:-1"},"canonical":"https:\/\/www.meydan.tv\/az\/article\/kimsesizem-deye-muracietime-baxan-yoxdur\/","og_locale":"az_AZ","og_type":"article","og_title":"\u201cKims\u0259siz\u0259m dey\u0259 m\u00fcraci\u0259tim\u0259 baxan yoxdur\u201d - MEYDAN.TV","og_description":"Lerik sakini evinin s\u00fcr\u00fc\u015fm\u0259d\u0259n z\u0259r\u0259r \u00e7\u0259kdiyini, lakin t\u0259mir edilm\u0259diyini deyir ... Davam\u0131","og_url":"https:\/\/www.meydan.tv\/az\/article\/kimsesizem-deye-muracietime-baxan-yoxdur\/","og_site_name":"MEYDAN.TV","article_published_time":"2022-08-22T08:28:37+00:00","article_modified_time":"2022-08-22T08:28:39+00:00","og_image":[{"width":1280,"height":659,"url":"https:\/\/www.meydan.tv\/wp-content\/uploads\/43190.jpg","type":"image\/jpeg"}],"author":"elli","twitter_card":"summary_large_image","twitter_creator":"@elli","schema":{"@context":"https:\/\/schema.org","@graph":[{"@type":"Article","@id":"https:\/\/www.meydan.tv\/az\/article\/kimsesizem-deye-muracietime-baxan-yoxdur\/#article","isPartOf":{"@id":"https:\/\/www.meydan.tv\/az\/article\/kimsesizem-deye-muracietime-baxan-yoxdur\/"},"author":{"name":"elli","@id":"https:\/\/www.meydan.tv\/az\/#\/schema\/person\/9cdbecf90d17180ce1dfbd95b08dcf47"},"headline":"\u201cKims\u0259siz\u0259m dey\u0259 m\u00fcraci\u0259tim\u0259 baxan yoxdur\u201d","datePublished":"2022-08-22T08:28:37+00:00","dateModified":"2022-08-22T08:28:39+00:00","mainEntityOfPage":{"@id":"https:\/\/www.meydan.tv\/az\/article\/kimsesizem-deye-muracietime-baxan-yoxdur\/"},"wordCount":503,"publisher":{"@id":"https:\/\/www.meydan.tv\/az\/#organization"},"image":{"@id":"https:\/\/www.meydan.tv\/az\/article\/kimsesizem-deye-muracietime-baxan-yoxdur\/#primaryimage"},"thumbnailUrl":"https:\/\/www.meydan.tv\/wp-content\/uploads\/43190.jpg","articleSection":["B\u00f6lg\u0259","X\u0259b\u0259rl\u0259r"],"inLanguage":"az"},{"@type":"WebPage","@id":"https:\/\/www.meydan.tv\/az\/article\/kimsesizem-deye-muracietime-baxan-yoxdur\/","url":"https:\/\/www.meydan.tv\/az\/article\/kimsesizem-deye-muracietime-baxan-yoxdur\/","name":"\u201cKims\u0259siz\u0259m dey\u0259 m\u00fcraci\u0259tim\u0259 baxan yoxdur\u201d - MEYDAN.TV","isPartOf":{"@id":"https:\/\/www.meydan.tv\/az\/#website"},"primaryImageOfPage":{"@id":"https:\/\/www.meydan.tv\/az\/article\/kimsesizem-deye-muracietime-baxan-yoxdur\/#primaryimage"},"image":{"@id":"https:\/\/www.meydan.tv\/az\/article\/kimsesizem-deye-muracietime-baxan-yoxdur\/#primaryimage"},"thumbnailUrl":"https:\/\/www.meydan.tv\/wp-content\/uploads\/43190.jpg","datePublished":"2022-08-22T08:28:37+00:00","dateModified":"2022-08-22T08:28:39+00:00","breadcrumb":{"@id":"https:\/\/www.meydan.tv\/az\/article\/kimsesizem-deye-muracietime-baxan-yoxdur\/#breadcrumb"},"inLanguage":"az","potentialAction":[{"@type":"ReadAction","target":["https:\/\/www.meydan.tv\/az\/article\/kimsesizem-deye-muracietime-baxan-yoxdur\/"]}]},{"@type":"ImageObject","inLanguage":"az","@id":"https:\/\/www.meydan.tv\/az\/article\/kimsesizem-deye-muracietime-baxan-yoxdur\/#primaryimage","url":"https:\/\/www.meydan.tv\/wp-content\/uploads\/43190.jpg","contentUrl":"https:\/\/www.meydan.tv\/wp-content\/uploads\/43190.jpg","width":1280,"height":659,"caption":"Foto: Az\u0259rtac"},{"@type":"BreadcrumbList","@id":"https:\/\/www.meydan.tv\/az\/article\/kimsesizem-deye-muracietime-baxan-yoxdur\/#breadcrumb","itemListElement":[{"@type":"ListItem","position":1,"name":"Ana s\u0259hif\u0259","item":"https:\/\/www.meydan.tv\/az\/"},{"@type":"ListItem","position":2,"name":"B\u00f6lg\u0259","item":"https:\/\/www.meydan.tv\/az\/section\/bolge\/"},{"@type":"ListItem","position":3,"name":"\u201cKims\u0259siz\u0259m dey\u0259 m\u00fcraci\u0259tim\u0259 baxan yoxdur\u201d"}]},{"@type":"WebSite","@id":"https:\/\/www.meydan.tv\/az\/#website","url":"https:\/\/www.meydan.tv\/az\/","name":"MEYDAN.TV","description":"Meydan TV Az\u0259rbaycan\u0131n media m\u0259kan\u0131ndak\u0131 alternativ s\u0259sidir","publisher":{"@id":"https:\/\/www.meydan.tv\/az\/#organization"},"potentialAction":[{"@type":"SearchAction","target":{"@type":"EntryPoint","urlTemplate":"https:\/\/www.meydan.tv\/az\/?s={search_term_string}"},"query-input":{"@type":"PropertyValueSpecification","valueRequired":true,"valueName":"search_term_string"}}],"inLanguage":"az"},{"@type":"Organization","@id":"https:\/\/www.meydan.tv\/az\/#organization","name":"Meydan TV","url":"https:\/\/www.meydan.tv\/az\/","logo":{"@type":"ImageObject","inLanguage":"az","@id":"https:\/\/www.meydan.tv\/az\/#\/schema\/logo\/image\/","url":"https:\/\/www.meydan.tv\/wp-content\/uploads\/2021\/07\/meydan-logo.svg","contentUrl":"https:\/\/www.meydan.tv\/wp-content\/uploads\/2021\/07\/meydan-logo.svg","width":195,"height":46,"caption":"Meydan TV"},"image":{"@id":"https:\/\/www.meydan.tv\/az\/#\/schema\/logo\/image\/"}},{"@type":"Person","@id":"https:\/\/www.meydan.tv\/az\/#\/schema\/person\/9cdbecf90d17180ce1dfbd95b08dcf47","name":"elli","sameAs":["https:\/\/x.com\/elli"]}]}},"_links":{"self":[{"href":"https:\/\/www.meydan.tv\/az\/wp-json\/wp\/v2\/posts\/253869","targetHints":{"allow":["GET"]}}],"collection":[{"href":"https:\/\/www.meydan.tv\/az\/wp-json\/wp\/v2\/posts"}],"about":[{"href":"https:\/\/www.meydan.tv\/az\/wp-json\/wp\/v2\/types\/post"}],"author":[{"embeddable":true,"href":"https:\/\/www.meydan.tv\/az\/wp-json\/wp\/v2\/users\/8"}],"replies":[{"embeddable":true,"href":"https:\/\/www.meydan.tv\/az\/wp-json\/wp\/v2\/comments?post=253869"}],"version-history":[{"count":1,"href":"https:\/\/www.meydan.tv\/az\/wp-json\/wp\/v2\/posts\/253869\/revisions"}],"predecessor-version":[{"id":253870,"href":"https:\/\/www.meydan.tv\/az\/wp-json\/wp\/v2\/posts\/253869\/revisions\/253870"}],"wp:featuredmedia":[{"embeddable":true,"href":"https:\/\/www.meydan.tv\/az\/wp-json\/wp\/v2\/media\/108637"}],"wp:attachment":[{"href":"https:\/\/www.meydan.tv\/az\/wp-json\/wp\/v2\/media?parent=253869"}],"wp:term":[{"taxonomy":"category","embeddable":true,"href":"https:\/\/www.meydan.tv\/az\/wp-json\/wp\/v2\/categories?post=253869"},{"taxonomy":"post_tag","embeddable":true,"href":"https:\/\/www.meydan.tv\/az\/wp-json\/wp\/v2\/tags?post=253869"}],"curies":[{"name":"wp","href":"https:\/\/api.w.org\/{rel}","templated":true}]}}