{"id":253862,"date":"2022-08-22T11:52:44","date_gmt":"2022-08-22T07:52:44","guid":{"rendered":"https:\/\/www.meydan.tv\/?p=253862"},"modified":"2022-08-22T11:52:46","modified_gmt":"2022-08-22T07:52:46","slug":"fhn-siyezen-ve-sabranda-yanginlar-sondurulub","status":"publish","type":"post","link":"https:\/\/www.meydan.tv\/az\/article\/fhn-siyezen-ve-sabranda-yanginlar-sondurulub\/","title":{"rendered":"FHN: Siy\u0259z\u0259n v\u0259 \u015eabranda yan\u011f\u0131nlar s\u00f6nd\u00fcr\u00fcl\u00fcb"},"content":{"rendered":"\n<p><\/p>\n\n\n\n<p><em>T\u0259xmin\u0259n 40 hektar me\u015f\u0259 v\u0259 me\u015f\u0259\u0259traf\u0131 sah\u0259nin yand\u0131\u011f\u0131 bildirilir<\/em><\/p>\n\n\n\n<p>Siy\u0259z\u0259n v\u0259 \u015eabran\u0131n da\u011fl\u0131q-me\u015f\u0259lik \u0259razil\u0259rind\u0259 ba\u015flayan v\u0259 g\u00fcnl\u0259rdir ki, davam ed\u0259n yan\u011f\u0131nlar s\u00f6nd\u00fcr\u00fcl\u00fcb.<\/p>\n\n\n\n<p>F\u00f6vq\u0259lad\u0259 Hallar Nazirliyinin (FHN) <a href=\"https:\/\/www.fhn.gov.az\/index.php?aze\/news\/xeber\/2022\/8\/21\/45131\" target=\"_blank\" rel=\"noreferrer noopener\">m\u0259lumat<\/a>\u0131nda bel\u0259 deyilir.<\/p>\n\n\n\n<p>Bildirilir ki, yan\u011f\u0131nlar n\u0259tic\u0259sind\u0259 t\u0259xmin\u0259n 40 hektar me\u015f\u0259 v\u0259 me\u015f\u0259\u0259traf\u0131 sah\u0259 yan\u0131b.<\/p>\n\n\n\n<p>\u00d6lk\u0259nin \u015eimal b\u00f6lg\u0259sind\u0259ki me\u015f\u0259 yan\u011f\u0131nlar\u0131 is\u0259 h\u0259l\u0259 d\u0259 davam edir.<\/p>\n\n\n\n<p>FHN \u0259lav\u0259 edir ki, \u015eimal regionundak\u0131 yan\u011f\u0131nlar\u0131n s\u00fcnd\u00fcr\u00fclm\u0259si il\u0259 ba\u011fl\u0131 i\u015fl\u0259r davam etdirilir.<\/p>\n\n\n\n<p>Nazirlik bundan \u00f6nc\u0259 yayd\u0131\u011f\u0131 m\u0259lumatda bildirirdi ki, Siy\u0259z\u0259nin Da\u011f Qu\u015f\u00e7u k\u0259ndi yax\u0131nl\u0131\u011f\u0131nda geni\u015f \u0259razid\u0259ki yan\u011f\u0131n n\u0259zar\u0259t\u0259 g\u00f6t\u00fcr\u00fcl\u00fcb.<\/p>\n\n\n\n<p>Nazirlik yan\u011f\u0131ns\u00f6nd\u00fcrm\u0259 i\u015fl\u0259rinin m\u00fcr\u0259kk\u0259b da\u011fl\u0131q relyefd\u0259 v\u0259 \u00e7\u0259tin \u015f\u0259raitd\u0259 h\u0259yata ke\u00e7irildiyini, bundan ba\u015fqa, isti v\u0259 k\u00fcl\u0259kli hava \u015f\u0259raitinin yan\u011f\u0131n ocaqlar\u0131n\u0131n tam s\u00f6nd\u00fcr\u00fclm\u0259sin\u0259 mane oldu\u011funu qeyd edirdi.<\/p>\n\n\n\n<p>&#8220;Yan\u011f\u0131n\u0131 s\u00f6nd\u00fcrm\u0259 t\u0259dbirl\u0259rin\u0259 FHN-in m\u00fcvafiq q\u00fcvv\u0259l\u0259rinin 200 n\u0259f\u0259r \u015f\u0259xsi hey\u0259ti, Aviasiya d\u0259st\u0259sin\u0259 m\u0259xsus \u201cBE 200 \u00c7S\u201d amfibiya t\u0259yyar\u0259si v\u0259 3 \u0259d\u0259d helikopter, h\u0259m\u00e7inin Ekologiya v\u0259 T\u0259bii S\u0259rv\u0259tl\u0259r Nazirliyinin, Daxili \u0130\u015fl\u0259r Nazirliyinin, yerli \u0130cra Hakimiyy\u0259ti orqanlar\u0131n\u0131n \u0259m\u0259kda\u015flar\u0131 v\u0259 yerli sakinl\u0259r c\u0259lb olunub\u201d, &#8211; dey\u0259 a\u00e7\u0131qlamada qeyd olunurdu.<\/p>\n\n\n\n<p>M\u0259lumatda Quban\u0131n Qo\u015fabulaq k\u0259ndi yax\u0131nl\u0131\u011f\u0131nda ba\u015f ver\u0259n yan\u011f\u0131n\u0131n da n\u0259zar\u0259t\u0259 al\u0131nd\u0131\u011f\u0131 bildirilir.<\/p>\n\n\n\n<p>FHN-nin a\u00e7\u0131qlamas\u0131nda bildirilir ki, avqustun 15-d\u0259n \u015eimal regionunda ba\u015flayan yan\u011f\u0131nlar n\u0259tic\u0259sind\u0259 indiy\u0259 q\u0259d\u0259r t\u0259xmin\u0259n 5 min hektar \u0259razi yan\u0131b: &#8220;Yan\u011f\u0131ns\u00f6nd\u00fcrm\u0259 i\u015fl\u0259ri davam etdirilir&#8221;.<\/p>\n\n\n\n<p>Yan\u011f\u0131n\u0131n avqustun 15-d\u0259 \u015eabran rayonunun X\u0259lf\u0259l\u0259r k\u0259ndind\u0259, \u0259kin sah\u0259sind\u0259 ba\u015flad\u0131\u011f\u0131 deyilir.<\/p>\n\n\n\n<p>Bundan sonra alovlar s\u00fcr\u0259tl\u0259 rayonun Da\u011fbilici, Mumlu, Z\u00f6hraml\u0131 k\u0259ndl\u0259rin\u0259 yay\u0131l\u0131b.<\/p>\n\n\n\n<p>Me\u015f\u0259 yan\u011f\u0131nlar\u0131 \u015eabran\u0131n Da\u011f Bilici k\u0259ndind\u0259 7 ail\u0259nin \u0259mlak\u0131na ciddi z\u0259r\u0259r vurub.<\/p>\n\n\n\n<p>Bir ev tamamil\u0259 yan\u0131b, \u00e7ox sayda ev heyvan\u0131 t\u0259l\u0259f olub.<\/p>\n\n\n\n<p>10 k\u0259ndin \u0259kin sah\u0259l\u0259ri is\u0259 alovlar i\u00e7ind\u0259 qal\u0131b.<\/p>\n","protected":false},"excerpt":{"rendered":"<p>T\u0259xmin\u0259n 40 hektar me\u015f\u0259 v\u0259 me\u015f\u0259\u0259traf\u0131 sah\u0259nin yand\u0131\u011f\u0131 bildirilir Siy\u0259z\u0259n &#8230; <\/p>\n<p class=\"read-more-container\"><a title=\"FHN: Siy\u0259z\u0259n v\u0259 \u015eabranda yan\u011f\u0131nlar s\u00f6nd\u00fcr\u00fcl\u00fcb\" class=\"read-more button\" href=\"https:\/\/www.meydan.tv\/az\/article\/fhn-siyezen-ve-sabranda-yanginlar-sondurulub\/#more-253862\" aria-label=\"Read more about FHN: Siy\u0259z\u0259n v\u0259 \u015eabranda yan\u011f\u0131nlar s\u00f6nd\u00fcr\u00fcl\u00fcb\">Davam\u0131<\/a><\/p>\n","protected":false},"author":8,"featured_media":253778,"comment_status":"closed","ping_status":"closed","sticky":false,"template":"","format":"standard","meta":{"_acf_changed":false,"_sitemap_exclude":false,"_sitemap_priority":"","_sitemap_frequency":"","footnotes":""},"categories":[60,79,56],"tags":[],"class_list":["post-253862","post","type-post","status-publish","format-standard","has-post-thumbnail","hentry","category-bolge","category-featured","category-xeberler","infinite-scroll-item","generate-columns","tablet-grid-50","mobile-grid-100","grid-parent","grid-33","no-featured-image-padding"],"acf":[],"yoast_head":"<!-- This site is optimized with the Yoast SEO plugin v27.5 - https:\/\/yoast.com\/product\/yoast-seo-wordpress\/ -->\n<title>FHN: Siy\u0259z\u0259n v\u0259 \u015eabranda yan\u011f\u0131nlar s\u00f6nd\u00fcr\u00fcl\u00fcb - MEYDAN.TV<\/title>\n<meta name=\"robots\" content=\"index, follow, max-snippet:-1, max-image-preview:large, max-video-preview:-1\" \/>\n<link rel=\"canonical\" href=\"https:\/\/www.meydan.tv\/az\/article\/fhn-siyezen-ve-sabranda-yanginlar-sondurulub\/\" \/>\n<meta property=\"og:locale\" content=\"az_AZ\" \/>\n<meta property=\"og:type\" content=\"article\" \/>\n<meta property=\"og:title\" content=\"FHN: Siy\u0259z\u0259n v\u0259 \u015eabranda yan\u011f\u0131nlar s\u00f6nd\u00fcr\u00fcl\u00fcb - MEYDAN.TV\" \/>\n<meta property=\"og:description\" content=\"T\u0259xmin\u0259n 40 hektar me\u015f\u0259 v\u0259 me\u015f\u0259\u0259traf\u0131 sah\u0259nin yand\u0131\u011f\u0131 bildirilir Siy\u0259z\u0259n ... Davam\u0131\" \/>\n<meta property=\"og:url\" content=\"https:\/\/www.meydan.tv\/az\/article\/fhn-siyezen-ve-sabranda-yanginlar-sondurulub\/\" \/>\n<meta property=\"og:site_name\" content=\"MEYDAN.TV\" \/>\n<meta property=\"article:published_time\" content=\"2022-08-22T07:52:44+00:00\" \/>\n<meta property=\"article:modified_time\" content=\"2022-08-22T07:52:46+00:00\" \/>\n<meta property=\"og:image\" content=\"https:\/\/www.meydan.tv\/wp-content\/uploads\/20220817-_dsc0666-1200x801.jpg\" \/>\n\t<meta property=\"og:image:width\" content=\"1200\" \/>\n\t<meta property=\"og:image:height\" content=\"801\" \/>\n\t<meta property=\"og:image:type\" content=\"image\/jpeg\" \/>\n<meta name=\"author\" content=\"elli\" \/>\n<meta name=\"twitter:card\" content=\"summary_large_image\" \/>\n<meta name=\"twitter:creator\" content=\"@elli\" \/>\n<script type=\"application\/ld+json\" class=\"yoast-schema-graph\">{\"@context\":\"https:\\\/\\\/schema.org\",\"@graph\":[{\"@type\":\"Article\",\"@id\":\"https:\\\/\\\/www.meydan.tv\\\/az\\\/article\\\/fhn-siyezen-ve-sabranda-yanginlar-sondurulub\\\/#article\",\"isPartOf\":{\"@id\":\"https:\\\/\\\/www.meydan.tv\\\/az\\\/article\\\/fhn-siyezen-ve-sabranda-yanginlar-sondurulub\\\/\"},\"author\":{\"name\":\"elli\",\"@id\":\"https:\\\/\\\/www.meydan.tv\\\/az\\\/#\\\/schema\\\/person\\\/9cdbecf90d17180ce1dfbd95b08dcf47\"},\"headline\":\"FHN: Siy\u0259z\u0259n v\u0259 \u015eabranda yan\u011f\u0131nlar s\u00f6nd\u00fcr\u00fcl\u00fcb\",\"datePublished\":\"2022-08-22T07:52:44+00:00\",\"dateModified\":\"2022-08-22T07:52:46+00:00\",\"mainEntityOfPage\":{\"@id\":\"https:\\\/\\\/www.meydan.tv\\\/az\\\/article\\\/fhn-siyezen-ve-sabranda-yanginlar-sondurulub\\\/\"},\"wordCount\":421,\"publisher\":{\"@id\":\"https:\\\/\\\/www.meydan.tv\\\/az\\\/#organization\"},\"image\":{\"@id\":\"https:\\\/\\\/www.meydan.tv\\\/az\\\/article\\\/fhn-siyezen-ve-sabranda-yanginlar-sondurulub\\\/#primaryimage\"},\"thumbnailUrl\":\"https:\\\/\\\/www.meydan.tv\\\/wp-content\\\/uploads\\\/20220817-_dsc0666.jpg\",\"articleSection\":[\"B\u00f6lg\u0259\",\"T\u00f6vsiy\u0259\",\"X\u0259b\u0259rl\u0259r\"],\"inLanguage\":\"az\"},{\"@type\":\"WebPage\",\"@id\":\"https:\\\/\\\/www.meydan.tv\\\/az\\\/article\\\/fhn-siyezen-ve-sabranda-yanginlar-sondurulub\\\/\",\"url\":\"https:\\\/\\\/www.meydan.tv\\\/az\\\/article\\\/fhn-siyezen-ve-sabranda-yanginlar-sondurulub\\\/\",\"name\":\"FHN: Siy\u0259z\u0259n v\u0259 \u015eabranda yan\u011f\u0131nlar s\u00f6nd\u00fcr\u00fcl\u00fcb - MEYDAN.TV\",\"isPartOf\":{\"@id\":\"https:\\\/\\\/www.meydan.tv\\\/az\\\/#website\"},\"primaryImageOfPage\":{\"@id\":\"https:\\\/\\\/www.meydan.tv\\\/az\\\/article\\\/fhn-siyezen-ve-sabranda-yanginlar-sondurulub\\\/#primaryimage\"},\"image\":{\"@id\":\"https:\\\/\\\/www.meydan.tv\\\/az\\\/article\\\/fhn-siyezen-ve-sabranda-yanginlar-sondurulub\\\/#primaryimage\"},\"thumbnailUrl\":\"https:\\\/\\\/www.meydan.tv\\\/wp-content\\\/uploads\\\/20220817-_dsc0666.jpg\",\"datePublished\":\"2022-08-22T07:52:44+00:00\",\"dateModified\":\"2022-08-22T07:52:46+00:00\",\"breadcrumb\":{\"@id\":\"https:\\\/\\\/www.meydan.tv\\\/az\\\/article\\\/fhn-siyezen-ve-sabranda-yanginlar-sondurulub\\\/#breadcrumb\"},\"inLanguage\":\"az\",\"potentialAction\":[{\"@type\":\"ReadAction\",\"target\":[\"https:\\\/\\\/www.meydan.tv\\\/az\\\/article\\\/fhn-siyezen-ve-sabranda-yanginlar-sondurulub\\\/\"]}]},{\"@type\":\"ImageObject\",\"inLanguage\":\"az\",\"@id\":\"https:\\\/\\\/www.meydan.tv\\\/az\\\/article\\\/fhn-siyezen-ve-sabranda-yanginlar-sondurulub\\\/#primaryimage\",\"url\":\"https:\\\/\\\/www.meydan.tv\\\/wp-content\\\/uploads\\\/20220817-_dsc0666.jpg\",\"contentUrl\":\"https:\\\/\\\/www.meydan.tv\\\/wp-content\\\/uploads\\\/20220817-_dsc0666.jpg\",\"width\":2048,\"height\":1367,\"caption\":\"Foto: Meydan TV\"},{\"@type\":\"BreadcrumbList\",\"@id\":\"https:\\\/\\\/www.meydan.tv\\\/az\\\/article\\\/fhn-siyezen-ve-sabranda-yanginlar-sondurulub\\\/#breadcrumb\",\"itemListElement\":[{\"@type\":\"ListItem\",\"position\":1,\"name\":\"Ana s\u0259hif\u0259\",\"item\":\"https:\\\/\\\/www.meydan.tv\\\/az\\\/\"},{\"@type\":\"ListItem\",\"position\":2,\"name\":\"B\u00f6lg\u0259\",\"item\":\"https:\\\/\\\/www.meydan.tv\\\/az\\\/section\\\/bolge\\\/\"},{\"@type\":\"ListItem\",\"position\":3,\"name\":\"FHN: Siy\u0259z\u0259n v\u0259 \u015eabranda yan\u011f\u0131nlar s\u00f6nd\u00fcr\u00fcl\u00fcb\"}]},{\"@type\":\"WebSite\",\"@id\":\"https:\\\/\\\/www.meydan.tv\\\/az\\\/#website\",\"url\":\"https:\\\/\\\/www.meydan.tv\\\/az\\\/\",\"name\":\"MEYDAN.TV\",\"description\":\"Meydan TV Az\u0259rbaycan\u0131n media m\u0259kan\u0131ndak\u0131 alternativ s\u0259sidir\",\"publisher\":{\"@id\":\"https:\\\/\\\/www.meydan.tv\\\/az\\\/#organization\"},\"potentialAction\":[{\"@type\":\"SearchAction\",\"target\":{\"@type\":\"EntryPoint\",\"urlTemplate\":\"https:\\\/\\\/www.meydan.tv\\\/az\\\/?s={search_term_string}\"},\"query-input\":{\"@type\":\"PropertyValueSpecification\",\"valueRequired\":true,\"valueName\":\"search_term_string\"}}],\"inLanguage\":\"az\"},{\"@type\":\"Organization\",\"@id\":\"https:\\\/\\\/www.meydan.tv\\\/az\\\/#organization\",\"name\":\"Meydan TV\",\"url\":\"https:\\\/\\\/www.meydan.tv\\\/az\\\/\",\"logo\":{\"@type\":\"ImageObject\",\"inLanguage\":\"az\",\"@id\":\"https:\\\/\\\/www.meydan.tv\\\/az\\\/#\\\/schema\\\/logo\\\/image\\\/\",\"url\":\"https:\\\/\\\/www.meydan.tv\\\/wp-content\\\/uploads\\\/2021\\\/07\\\/meydan-logo.svg\",\"contentUrl\":\"https:\\\/\\\/www.meydan.tv\\\/wp-content\\\/uploads\\\/2021\\\/07\\\/meydan-logo.svg\",\"width\":195,\"height\":46,\"caption\":\"Meydan TV\"},\"image\":{\"@id\":\"https:\\\/\\\/www.meydan.tv\\\/az\\\/#\\\/schema\\\/logo\\\/image\\\/\"}},{\"@type\":\"Person\",\"@id\":\"https:\\\/\\\/www.meydan.tv\\\/az\\\/#\\\/schema\\\/person\\\/9cdbecf90d17180ce1dfbd95b08dcf47\",\"name\":\"elli\",\"sameAs\":[\"https:\\\/\\\/x.com\\\/elli\"]}]}<\/script>\n<!-- \/ Yoast SEO plugin. -->","yoast_head_json":{"title":"FHN: Siy\u0259z\u0259n v\u0259 \u015eabranda yan\u011f\u0131nlar s\u00f6nd\u00fcr\u00fcl\u00fcb - MEYDAN.TV","robots":{"index":"index","follow":"follow","max-snippet":"max-snippet:-1","max-image-preview":"max-image-preview:large","max-video-preview":"max-video-preview:-1"},"canonical":"https:\/\/www.meydan.tv\/az\/article\/fhn-siyezen-ve-sabranda-yanginlar-sondurulub\/","og_locale":"az_AZ","og_type":"article","og_title":"FHN: Siy\u0259z\u0259n v\u0259 \u015eabranda yan\u011f\u0131nlar s\u00f6nd\u00fcr\u00fcl\u00fcb - MEYDAN.TV","og_description":"T\u0259xmin\u0259n 40 hektar me\u015f\u0259 v\u0259 me\u015f\u0259\u0259traf\u0131 sah\u0259nin yand\u0131\u011f\u0131 bildirilir Siy\u0259z\u0259n ... Davam\u0131","og_url":"https:\/\/www.meydan.tv\/az\/article\/fhn-siyezen-ve-sabranda-yanginlar-sondurulub\/","og_site_name":"MEYDAN.TV","article_published_time":"2022-08-22T07:52:44+00:00","article_modified_time":"2022-08-22T07:52:46+00:00","og_image":[{"width":1200,"height":801,"url":"https:\/\/www.meydan.tv\/wp-content\/uploads\/20220817-_dsc0666-1200x801.jpg","type":"image\/jpeg"}],"author":"elli","twitter_card":"summary_large_image","twitter_creator":"@elli","schema":{"@context":"https:\/\/schema.org","@graph":[{"@type":"Article","@id":"https:\/\/www.meydan.tv\/az\/article\/fhn-siyezen-ve-sabranda-yanginlar-sondurulub\/#article","isPartOf":{"@id":"https:\/\/www.meydan.tv\/az\/article\/fhn-siyezen-ve-sabranda-yanginlar-sondurulub\/"},"author":{"name":"elli","@id":"https:\/\/www.meydan.tv\/az\/#\/schema\/person\/9cdbecf90d17180ce1dfbd95b08dcf47"},"headline":"FHN: Siy\u0259z\u0259n v\u0259 \u015eabranda yan\u011f\u0131nlar s\u00f6nd\u00fcr\u00fcl\u00fcb","datePublished":"2022-08-22T07:52:44+00:00","dateModified":"2022-08-22T07:52:46+00:00","mainEntityOfPage":{"@id":"https:\/\/www.meydan.tv\/az\/article\/fhn-siyezen-ve-sabranda-yanginlar-sondurulub\/"},"wordCount":421,"publisher":{"@id":"https:\/\/www.meydan.tv\/az\/#organization"},"image":{"@id":"https:\/\/www.meydan.tv\/az\/article\/fhn-siyezen-ve-sabranda-yanginlar-sondurulub\/#primaryimage"},"thumbnailUrl":"https:\/\/www.meydan.tv\/wp-content\/uploads\/20220817-_dsc0666.jpg","articleSection":["B\u00f6lg\u0259","T\u00f6vsiy\u0259","X\u0259b\u0259rl\u0259r"],"inLanguage":"az"},{"@type":"WebPage","@id":"https:\/\/www.meydan.tv\/az\/article\/fhn-siyezen-ve-sabranda-yanginlar-sondurulub\/","url":"https:\/\/www.meydan.tv\/az\/article\/fhn-siyezen-ve-sabranda-yanginlar-sondurulub\/","name":"FHN: Siy\u0259z\u0259n v\u0259 \u015eabranda yan\u011f\u0131nlar s\u00f6nd\u00fcr\u00fcl\u00fcb - MEYDAN.TV","isPartOf":{"@id":"https:\/\/www.meydan.tv\/az\/#website"},"primaryImageOfPage":{"@id":"https:\/\/www.meydan.tv\/az\/article\/fhn-siyezen-ve-sabranda-yanginlar-sondurulub\/#primaryimage"},"image":{"@id":"https:\/\/www.meydan.tv\/az\/article\/fhn-siyezen-ve-sabranda-yanginlar-sondurulub\/#primaryimage"},"thumbnailUrl":"https:\/\/www.meydan.tv\/wp-content\/uploads\/20220817-_dsc0666.jpg","datePublished":"2022-08-22T07:52:44+00:00","dateModified":"2022-08-22T07:52:46+00:00","breadcrumb":{"@id":"https:\/\/www.meydan.tv\/az\/article\/fhn-siyezen-ve-sabranda-yanginlar-sondurulub\/#breadcrumb"},"inLanguage":"az","potentialAction":[{"@type":"ReadAction","target":["https:\/\/www.meydan.tv\/az\/article\/fhn-siyezen-ve-sabranda-yanginlar-sondurulub\/"]}]},{"@type":"ImageObject","inLanguage":"az","@id":"https:\/\/www.meydan.tv\/az\/article\/fhn-siyezen-ve-sabranda-yanginlar-sondurulub\/#primaryimage","url":"https:\/\/www.meydan.tv\/wp-content\/uploads\/20220817-_dsc0666.jpg","contentUrl":"https:\/\/www.meydan.tv\/wp-content\/uploads\/20220817-_dsc0666.jpg","width":2048,"height":1367,"caption":"Foto: Meydan TV"},{"@type":"BreadcrumbList","@id":"https:\/\/www.meydan.tv\/az\/article\/fhn-siyezen-ve-sabranda-yanginlar-sondurulub\/#breadcrumb","itemListElement":[{"@type":"ListItem","position":1,"name":"Ana s\u0259hif\u0259","item":"https:\/\/www.meydan.tv\/az\/"},{"@type":"ListItem","position":2,"name":"B\u00f6lg\u0259","item":"https:\/\/www.meydan.tv\/az\/section\/bolge\/"},{"@type":"ListItem","position":3,"name":"FHN: Siy\u0259z\u0259n v\u0259 \u015eabranda yan\u011f\u0131nlar s\u00f6nd\u00fcr\u00fcl\u00fcb"}]},{"@type":"WebSite","@id":"https:\/\/www.meydan.tv\/az\/#website","url":"https:\/\/www.meydan.tv\/az\/","name":"MEYDAN.TV","description":"Meydan TV Az\u0259rbaycan\u0131n media m\u0259kan\u0131ndak\u0131 alternativ s\u0259sidir","publisher":{"@id":"https:\/\/www.meydan.tv\/az\/#organization"},"potentialAction":[{"@type":"SearchAction","target":{"@type":"EntryPoint","urlTemplate":"https:\/\/www.meydan.tv\/az\/?s={search_term_string}"},"query-input":{"@type":"PropertyValueSpecification","valueRequired":true,"valueName":"search_term_string"}}],"inLanguage":"az"},{"@type":"Organization","@id":"https:\/\/www.meydan.tv\/az\/#organization","name":"Meydan TV","url":"https:\/\/www.meydan.tv\/az\/","logo":{"@type":"ImageObject","inLanguage":"az","@id":"https:\/\/www.meydan.tv\/az\/#\/schema\/logo\/image\/","url":"https:\/\/www.meydan.tv\/wp-content\/uploads\/2021\/07\/meydan-logo.svg","contentUrl":"https:\/\/www.meydan.tv\/wp-content\/uploads\/2021\/07\/meydan-logo.svg","width":195,"height":46,"caption":"Meydan TV"},"image":{"@id":"https:\/\/www.meydan.tv\/az\/#\/schema\/logo\/image\/"}},{"@type":"Person","@id":"https:\/\/www.meydan.tv\/az\/#\/schema\/person\/9cdbecf90d17180ce1dfbd95b08dcf47","name":"elli","sameAs":["https:\/\/x.com\/elli"]}]}},"_links":{"self":[{"href":"https:\/\/www.meydan.tv\/az\/wp-json\/wp\/v2\/posts\/253862","targetHints":{"allow":["GET"]}}],"collection":[{"href":"https:\/\/www.meydan.tv\/az\/wp-json\/wp\/v2\/posts"}],"about":[{"href":"https:\/\/www.meydan.tv\/az\/wp-json\/wp\/v2\/types\/post"}],"author":[{"embeddable":true,"href":"https:\/\/www.meydan.tv\/az\/wp-json\/wp\/v2\/users\/8"}],"replies":[{"embeddable":true,"href":"https:\/\/www.meydan.tv\/az\/wp-json\/wp\/v2\/comments?post=253862"}],"version-history":[{"count":1,"href":"https:\/\/www.meydan.tv\/az\/wp-json\/wp\/v2\/posts\/253862\/revisions"}],"predecessor-version":[{"id":253863,"href":"https:\/\/www.meydan.tv\/az\/wp-json\/wp\/v2\/posts\/253862\/revisions\/253863"}],"wp:featuredmedia":[{"embeddable":true,"href":"https:\/\/www.meydan.tv\/az\/wp-json\/wp\/v2\/media\/253778"}],"wp:attachment":[{"href":"https:\/\/www.meydan.tv\/az\/wp-json\/wp\/v2\/media?parent=253862"}],"wp:term":[{"taxonomy":"category","embeddable":true,"href":"https:\/\/www.meydan.tv\/az\/wp-json\/wp\/v2\/categories?post=253862"},{"taxonomy":"post_tag","embeddable":true,"href":"https:\/\/www.meydan.tv\/az\/wp-json\/wp\/v2\/tags?post=253862"}],"curies":[{"name":"wp","href":"https:\/\/api.w.org\/{rel}","templated":true}]}}