{"id":253853,"date":"2022-08-21T23:42:58","date_gmt":"2022-08-21T19:42:58","guid":{"rendered":"https:\/\/www.meydan.tv\/?p=253853"},"modified":"2022-08-21T23:43:00","modified_gmt":"2022-08-21T19:43:00","slug":"milli-respublika-ordusu-darianin-qetlini-oz-uzerine-goturub","status":"publish","type":"post","link":"https:\/\/www.meydan.tv\/az\/article\/milli-respublika-ordusu-darianin-qetlini-oz-uzerine-goturub\/","title":{"rendered":"\u201cMilli Respublika Ordusu\u201d Darian\u0131n q\u0259tlini \u00f6z \u00fcz\u0259rin\u0259 g\u00f6t\u00fcr\u00fcb"},"content":{"rendered":"\n<p><\/p>\n\n\n\n<p><em>\u201cPutin bizim t\u0259r\u0259fimizd\u0259n devril\u0259c\u0259k v\u0259 m\u0259hv edil\u0259c\u0259k!\u201d<\/em><\/p>\n\n\n\n<p>Aleksandr Duqinin q\u0131z\u0131 Darian\u0131n q\u0259tlini &#8220;Milli Respublika Ordusu&#8221; \u00f6z \u00fcz\u0259rin\u0259 g\u00f6t\u00fcr\u00fcb.<\/p>\n\n\n\n<p>Bu bar\u0259d\u0259 2016-c\u0131 ild\u0259 Ukraynada ya\u015fayan ke\u00e7mi\u015f rusiyal\u0131 deputat \u0130lya Ponomarev \u00ab\u0423\u0442\u0440\u043e \u0424\u0435\u0432\u0440\u0430\u043b\u044f\u00bb n\u0259\u015frin\u0259 &#8220;Milli Respublika Ordusu&#8221;nun b\u0259yanat\u0131n\u0131 oxuyark\u0259n <a href=\"https:\/\/utro02.tv\/2022\/08\/21\/ilya-ponomarev-zachital-manifest-naczionalnoj-respublikanskoj-armii-likvidacziya-dari-duginoj-eto-akcziya-soprotivleniya-prestupnoj-vlasti-putina\/\" target=\"_blank\" rel=\"noreferrer noopener\">deyib<\/a>.<\/p>\n\n\n\n<p>\u201cBiz, rusiyal\u0131 f\u0259allar, h\u0259rb\u00e7il\u0259r v\u0259 siyas\u0259t\u00e7il\u0259r, indi Milli Respublika Ordusunun partizanlar\u0131 v\u0259 d\u00f6y\u00fc\u015f\u00e7\u00fcl\u0259ri, Rusiya xalqlar\u0131n\u0131n m\u00fcharib\u0259 q\u0131z\u0131\u015fd\u0131r\u0131c\u0131lar\u0131n\u0131, soy\u011fun\u00e7ular\u0131n\u0131 v\u0259 z\u00fclmkarlar\u0131n\u0131 qanundan k\u0259nar hesab edirik! Biz prezident Putini hakimiyy\u0259ti q\u0259sb ed\u0259n v\u0259 Konstitusiyaya d\u00fcz\u0259li\u015fl\u0259r ed\u0259n, slavyan xalqlar\u0131 aras\u0131nda qarda\u015f q\u0131r\u011f\u0131n\u0131na s\u0259b\u0259b olan v\u0259 rus \u0259sg\u0259rl\u0259rini q\u0259ti v\u0259 m\u0259nas\u0131z \u00f6l\u00fcm\u0259 g\u00f6nd\u0259r\u0259n h\u0259rbi cinay\u0259tkar elan edirik&#8221;,-dey\u0259 b\u0259yanatda vur\u011fulan\u0131r.<\/p>\n\n\n\n<p>B\u0259yanatda qeyd olunub ki, h\u00fcquqlar\u0131ndan m\u0259hrum edilmi\u015f insanlar\u0131n tiranlara qar\u015f\u0131 \u00fcsyan etm\u0259k h\u00fcququ var:<\/p>\n\n\n\n<p>&#8220;Putin bizim t\u0259r\u0259fimizd\u0259n devril\u0259c\u0259k v\u0259 m\u0259hv edil\u0259c\u0259k! M\u0259qs\u0259dimiz Rusiyan\u0131n v\u0259 onun qon\u015fular\u0131n\u0131n m\u0259hvini dayand\u0131rmaq, xalq\u0131m\u0131z\u0131n s\u0259rv\u0259tini talam\u0131\u015f, bu g\u00fcn \u00f6lk\u0259 daxilind\u0259 v\u0259 xaricind\u0259 cinay\u0259tl\u0259r t\u00f6r\u0259d\u0259n bir ovuc Kreml i\u015f adamlar\u0131n\u0131n f\u0259aliyy\u0259tini dayand\u0131rmaqd\u0131r. Biz Rusiya h\u00f6kum\u0259tinin v\u0259 vilay\u0259t administrasiyalar\u0131n\u0131n m\u0259murlar\u0131n\u0131 q\u0259sbkar\u0131n ortaqlar\u0131 elan edirik &#8211; s\u0259lahiyy\u0259tl\u0259rini t\u0259rk etm\u0259y\u0259nl\u0259r m\u0259hv edil\u0259c\u0259k&#8221;.<\/p>\n\n\n\n<p>&#8220;Milli Respublika Ordusu&#8221; Putinin hakimiyy\u0259t\u0259 g\u0259l\u0259n zaman Rusiyada evl\u0259rin partlad\u0131lmas\u0131n\u0131 xat\u0131rlayaraq \u0259lav\u0259 edib ki, m\u00f6vcud rejim \u0259n a\u011f\u0131r cinay\u0259tl\u0259rin he\u00e7 birind\u0259 dayanmayacaq:  <\/p>\n\n\n\n<figure class=\"wp-block-image size-large\"><img decoding=\"async\" width=\"1200\" height=\"800\" data-src=\"https:\/\/www.meydan.tv\/wp-content\/uploads\/300769292_5924252480974657_3075844195430134374_n-1200x800.jpg\" alt=\"\" class=\"wp-image-253850 lazyload\" src=\"data:image\/svg+xml;base64,PHN2ZyB3aWR0aD0iMSIgaGVpZ2h0PSIxIiB4bWxucz0iaHR0cDovL3d3dy53My5vcmcvMjAwMC9zdmciPjwvc3ZnPg==\" style=\"--smush-placeholder-width: 1200px; --smush-placeholder-aspect-ratio: 1200\/800;\" \/><figcaption>M\u0259nb\u0259: &#8220;Facebook&#8221;<\/figcaption><\/figure>\n\n\n\n<p><br>&#8220;B\u0259yan edirik ki, ancaq bu g\u00fcc\u0259 malik olan \u015f\u0259xsl\u0259r\u0259 qar\u015f\u0131 t\u0259dbirl\u0259r h\u0259yata ke\u00e7iririk. M\u00fclki obyektl\u0259r\u0259, m\u00fclki \u015f\u0259xsl\u0259r\u0259 h\u00fccum etm\u0259y\u0259c\u0259yik. \u018fg\u0259r Putinin t\u0259hl\u00fck\u0259sizlik q\u00fcvv\u0259l\u0259ri bel\u0259 t\u0259xribatlar t\u00f6r\u0259d\u0259c\u0259k v\u0259 qurbanlar\u0131 biz\u0259 aid ed\u0259c\u0259ks\u0259, inanmay\u0131n! Rusiya ordusunun \u0259sg\u0259rl\u0259rini ba\u015fqa \u00f6lk\u0259l\u0259rd\u0259n &#8211; G\u00fcrc\u00fcstandan, Suriyadan v\u0259 dig\u0259r \u00f6lk\u0259l\u0259rd\u0259n olan qarda\u015flar\u0131m\u0131za at\u0259\u015f a\u00e7ma\u011f\u0131 dayand\u0131rma\u011fa \u00e7a\u011f\u0131r\u0131r\u0131q&#8221;.<\/p>\n\n\n\n<p>&#8220;B\u00fct\u00fcn ruslar\u0131 s\u0131ralar\u0131m\u0131za qo\u015fulma\u011fa v\u0259 Putin hakimiyy\u0259tinin r\u00fcsvay etdiyi \u00fc\u00e7r\u0259ngli bayra\u011f\u0131n \u0259v\u0259zin\u0259 yeni Rusiyan\u0131n a\u011f-g\u00f6y-a\u011f bayra\u011f\u0131n\u0131 qald\u0131rma\u011fa \u00e7a\u011f\u0131r\u0131r\u0131q. M\u00fcbariz\u0259y\u0259 haz\u0131r olanlar\u0131 bizd\u0259n n\u00fcmun\u0259 g\u00f6t\u00fcrm\u0259y\u0259 v\u0259 bu qeyri-insani, iki\u00fczl\u00fc, xalqa qar\u015f\u0131 olan rejimi devirm\u0259y\u0259 \u00e7a\u011f\u0131r\u0131r\u0131q! N\u0259 milliyy\u0259ti, n\u0259 d\u0259 v\u0259t\u0259ni olmayan, yaln\u0131z pulu v\u0259 hakimiyy\u0259ti sev\u0259nl\u0259rin m\u00fcharib\u0259 cinay\u0259tl\u0259ri t\u00f6r\u0259tdiyin\u0259 g\u00f6r\u0259 ruslar\u0131n b\u00fct\u00fcn d\u00fcnyada b\u00f6htan atma\u011fa ba\u015flamas\u0131n\u0131 q\u0259buledilm\u0259z hesab edirik. D\u00fcnya Rusiyan\u0131n d\u00fc\u015fm\u0259ni deyil, Rusiya da b\u0259\u015f\u0259riyy\u0259tin d\u00fc\u015fm\u0259ni deyil v\u0259 biz bunu \u0259m\u0259limizl\u0259 s\u00fcbut ed\u0259c\u0259yik. Q\u0259l\u0259b\u0259mizd\u0259n sonra biz Putin hakimiyy\u0259ti t\u0259r\u0259find\u0259n qanunsuz olaraq m\u0259hkum olunmu\u015flar\u0131n ham\u0131s\u0131n\u0131 d\u0259rhal azad ed\u0259c\u0259yik. Biz Rusiyada ya\u015fayan b\u00fct\u00fcn xalqlara azadl\u0131q ver\u0259c\u0259yik v\u0259 yeni c\u0259miyy\u0259t quraca\u011f\u0131q &#8211; oliqarxs\u0131z, korrupsiyas\u0131z, m\u0259mur \u00f6zba\u015f\u0131nal\u0131\u011f\u0131 olmayan, yoxsullu\u011fu al\u00e7altmayan c\u0259miyy\u0259t&#8221;, &#8211; dey\u0259 b\u0259yanat bu fikirl\u0259rl\u0259 yekunla\u015f\u0131r.<\/p>\n\n\n\n<figure class=\"wp-block-image size-full\"><img decoding=\"async\" width=\"1024\" height=\"560\" data-src=\"https:\/\/www.meydan.tv\/wp-content\/uploads\/17605455_101.jpg\" alt=\"\" class=\"wp-image-253854 lazyload\" src=\"data:image\/svg+xml;base64,PHN2ZyB3aWR0aD0iMSIgaGVpZ2h0PSIxIiB4bWxucz0iaHR0cDovL3d3dy53My5vcmcvMjAwMC9zdmciPjwvc3ZnPg==\" style=\"--smush-placeholder-width: 1024px; --smush-placeholder-aspect-ratio: 1024\/560;\" \/><figcaption>\u0130lya Ponomarev. Foto: DW<\/figcaption><\/figure>\n\n\n\n<p>B\u0259yanat\u0131 oxuyan \u0130lya Ponomarev Rusiya D\u00f6vl\u0259t Dumas\u0131n\u0131 V v\u0259 VI \u00e7a\u011f\u0131r\u0131\u015fda &#8220;\u018fdal\u0259tli Rusiya&#8221; fraksiyas\u0131n\u0131 t\u0259msil edib. O, 2014-c\u00fc ild\u0259 Dumada Kr\u0131m\u0131n Rusiyaya birl\u0259\u015fm\u0259sinin \u0259leyhin\u0259 s\u0259s ver\u0259n yegan\u0259 deputat olub v\u0259 el\u0259 h\u0259min il d\u0259 AB\u015e-a gedib.<br>1 il sonra \u00f6lk\u0259 prokurorlu\u011fu onun deputat toxunamazl\u0131\u011f\u0131n\u0131 l\u0259\u011fv edib v\u0259 haqq\u0131nda cinay\u0259t i\u015fi a\u00e7araq axtar\u0131\u015f elan edib.<br>2016-c\u0131 ild\u0259 is\u0259 Duma 30 iclasda i\u015ftirak etm\u0259diyi \u00fc\u00e7\u00fcn \u0130lya Ponomarevi deputat s\u0259lahiyy\u0259tl\u0259rind\u0259n m\u0259hrum edib.<br>Ke\u00e7mi\u015f deputat 2019-cu ild\u0259n Ukrayna v\u0259t\u0259nda\u015f\u0131d\u0131r.<\/p>\n\n\n\n<p>Avqustun 20-d\u0259 rusiyal\u0131 politoloq Aleksandr Duqinin q\u0131z\u0131 Daria Duqina avtomobilinin partlamas\u0131 zaman\u0131 h\u0259lak olub.<\/p>\n\n\n\n<p>Hadis\u0259nin Daria Duqinan\u0131n \u201cTradition\u201d festival\u0131ndan qay\u0131dark\u0259n ba\u015f verdiyi <a href=\"https:\/\/www.meydan.tv\/az\/article\/aleksandr-duqin-qizinin-olumunden-sonra-xestexanaya-yerlesdirilib\/\" target=\"_blank\" rel=\"noreferrer noopener\">bildirilir<\/a>.<\/p>\n","protected":false},"excerpt":{"rendered":"<p>\u201cPutin bizim t\u0259r\u0259fimizd\u0259n devril\u0259c\u0259k v\u0259 m\u0259hv edil\u0259c\u0259k!\u201d Aleksandr Duqinin q\u0131z\u0131 &#8230; <\/p>\n<p class=\"read-more-container\"><a title=\"\u201cMilli Respublika Ordusu\u201d Darian\u0131n q\u0259tlini \u00f6z \u00fcz\u0259rin\u0259 g\u00f6t\u00fcr\u00fcb\" class=\"read-more button\" href=\"https:\/\/www.meydan.tv\/az\/article\/milli-respublika-ordusu-darianin-qetlini-oz-uzerine-goturub\/#more-253853\" aria-label=\"Read more about \u201cMilli Respublika Ordusu\u201d Darian\u0131n q\u0259tlini \u00f6z \u00fcz\u0259rin\u0259 g\u00f6t\u00fcr\u00fcb\">Davam\u0131<\/a><\/p>\n","protected":false},"author":8,"featured_media":253858,"comment_status":"closed","ping_status":"closed","sticky":false,"template":"","format":"standard","meta":{"_acf_changed":false,"_sitemap_exclude":false,"_sitemap_priority":"","_sitemap_frequency":"","footnotes":""},"categories":[64,56],"tags":[],"class_list":["post-253853","post","type-post","status-publish","format-standard","has-post-thumbnail","hentry","category-dunya","category-xeberler","infinite-scroll-item","generate-columns","tablet-grid-50","mobile-grid-100","grid-parent","grid-33","no-featured-image-padding"],"acf":[],"yoast_head":"<!-- This site is optimized with the Yoast SEO plugin v27.5 - https:\/\/yoast.com\/product\/yoast-seo-wordpress\/ -->\n<title>\u201cMilli Respublika Ordusu\u201d Darian\u0131n q\u0259tlini \u00f6z \u00fcz\u0259rin\u0259 g\u00f6t\u00fcr\u00fcb - MEYDAN.TV<\/title>\n<meta name=\"robots\" content=\"index, follow, max-snippet:-1, max-image-preview:large, max-video-preview:-1\" \/>\n<link rel=\"canonical\" href=\"https:\/\/www.meydan.tv\/az\/article\/milli-respublika-ordusu-darianin-qetlini-oz-uzerine-goturub\/\" \/>\n<meta property=\"og:locale\" content=\"az_AZ\" \/>\n<meta property=\"og:type\" content=\"article\" \/>\n<meta property=\"og:title\" content=\"\u201cMilli Respublika Ordusu\u201d Darian\u0131n q\u0259tlini \u00f6z \u00fcz\u0259rin\u0259 g\u00f6t\u00fcr\u00fcb - MEYDAN.TV\" \/>\n<meta property=\"og:description\" content=\"\u201cPutin bizim t\u0259r\u0259fimizd\u0259n devril\u0259c\u0259k v\u0259 m\u0259hv edil\u0259c\u0259k!\u201d Aleksandr Duqinin q\u0131z\u0131 ... Davam\u0131\" \/>\n<meta property=\"og:url\" content=\"https:\/\/www.meydan.tv\/az\/article\/milli-respublika-ordusu-darianin-qetlini-oz-uzerine-goturub\/\" \/>\n<meta property=\"og:site_name\" content=\"MEYDAN.TV\" \/>\n<meta property=\"article:published_time\" content=\"2022-08-21T19:42:58+00:00\" \/>\n<meta property=\"article:modified_time\" content=\"2022-08-21T19:43:00+00:00\" \/>\n<meta property=\"og:image\" content=\"https:\/\/www.meydan.tv\/wp-content\/uploads\/bb4f11439b7b2a9f9a0500f3a43c08e4-e1661110929575.jpg\" \/>\n\t<meta property=\"og:image:width\" content=\"1200\" \/>\n\t<meta property=\"og:image:height\" content=\"603\" \/>\n\t<meta property=\"og:image:type\" content=\"image\/jpeg\" \/>\n<meta name=\"author\" content=\"elli\" \/>\n<meta name=\"twitter:card\" content=\"summary_large_image\" \/>\n<meta name=\"twitter:creator\" content=\"@elli\" \/>\n<script type=\"application\/ld+json\" class=\"yoast-schema-graph\">{\"@context\":\"https:\\\/\\\/schema.org\",\"@graph\":[{\"@type\":\"Article\",\"@id\":\"https:\\\/\\\/www.meydan.tv\\\/az\\\/article\\\/milli-respublika-ordusu-darianin-qetlini-oz-uzerine-goturub\\\/#article\",\"isPartOf\":{\"@id\":\"https:\\\/\\\/www.meydan.tv\\\/az\\\/article\\\/milli-respublika-ordusu-darianin-qetlini-oz-uzerine-goturub\\\/\"},\"author\":{\"name\":\"elli\",\"@id\":\"https:\\\/\\\/www.meydan.tv\\\/az\\\/#\\\/schema\\\/person\\\/9cdbecf90d17180ce1dfbd95b08dcf47\"},\"headline\":\"\u201cMilli Respublika Ordusu\u201d Darian\u0131n q\u0259tlini \u00f6z \u00fcz\u0259rin\u0259 g\u00f6t\u00fcr\u00fcb\",\"datePublished\":\"2022-08-21T19:42:58+00:00\",\"dateModified\":\"2022-08-21T19:43:00+00:00\",\"mainEntityOfPage\":{\"@id\":\"https:\\\/\\\/www.meydan.tv\\\/az\\\/article\\\/milli-respublika-ordusu-darianin-qetlini-oz-uzerine-goturub\\\/\"},\"wordCount\":946,\"publisher\":{\"@id\":\"https:\\\/\\\/www.meydan.tv\\\/az\\\/#organization\"},\"image\":{\"@id\":\"https:\\\/\\\/www.meydan.tv\\\/az\\\/article\\\/milli-respublika-ordusu-darianin-qetlini-oz-uzerine-goturub\\\/#primaryimage\"},\"thumbnailUrl\":\"https:\\\/\\\/www.meydan.tv\\\/wp-content\\\/uploads\\\/bb4f11439b7b2a9f9a0500f3a43c08e4-e1661110929575.jpg\",\"articleSection\":[\"D\u00fcnya\",\"X\u0259b\u0259rl\u0259r\"],\"inLanguage\":\"az\"},{\"@type\":\"WebPage\",\"@id\":\"https:\\\/\\\/www.meydan.tv\\\/az\\\/article\\\/milli-respublika-ordusu-darianin-qetlini-oz-uzerine-goturub\\\/\",\"url\":\"https:\\\/\\\/www.meydan.tv\\\/az\\\/article\\\/milli-respublika-ordusu-darianin-qetlini-oz-uzerine-goturub\\\/\",\"name\":\"\u201cMilli Respublika Ordusu\u201d Darian\u0131n q\u0259tlini \u00f6z \u00fcz\u0259rin\u0259 g\u00f6t\u00fcr\u00fcb - MEYDAN.TV\",\"isPartOf\":{\"@id\":\"https:\\\/\\\/www.meydan.tv\\\/az\\\/#website\"},\"primaryImageOfPage\":{\"@id\":\"https:\\\/\\\/www.meydan.tv\\\/az\\\/article\\\/milli-respublika-ordusu-darianin-qetlini-oz-uzerine-goturub\\\/#primaryimage\"},\"image\":{\"@id\":\"https:\\\/\\\/www.meydan.tv\\\/az\\\/article\\\/milli-respublika-ordusu-darianin-qetlini-oz-uzerine-goturub\\\/#primaryimage\"},\"thumbnailUrl\":\"https:\\\/\\\/www.meydan.tv\\\/wp-content\\\/uploads\\\/bb4f11439b7b2a9f9a0500f3a43c08e4-e1661110929575.jpg\",\"datePublished\":\"2022-08-21T19:42:58+00:00\",\"dateModified\":\"2022-08-21T19:43:00+00:00\",\"breadcrumb\":{\"@id\":\"https:\\\/\\\/www.meydan.tv\\\/az\\\/article\\\/milli-respublika-ordusu-darianin-qetlini-oz-uzerine-goturub\\\/#breadcrumb\"},\"inLanguage\":\"az\",\"potentialAction\":[{\"@type\":\"ReadAction\",\"target\":[\"https:\\\/\\\/www.meydan.tv\\\/az\\\/article\\\/milli-respublika-ordusu-darianin-qetlini-oz-uzerine-goturub\\\/\"]}]},{\"@type\":\"ImageObject\",\"inLanguage\":\"az\",\"@id\":\"https:\\\/\\\/www.meydan.tv\\\/az\\\/article\\\/milli-respublika-ordusu-darianin-qetlini-oz-uzerine-goturub\\\/#primaryimage\",\"url\":\"https:\\\/\\\/www.meydan.tv\\\/wp-content\\\/uploads\\\/bb4f11439b7b2a9f9a0500f3a43c08e4-e1661110929575.jpg\",\"contentUrl\":\"https:\\\/\\\/www.meydan.tv\\\/wp-content\\\/uploads\\\/bb4f11439b7b2a9f9a0500f3a43c08e4-e1661110929575.jpg\",\"width\":1200,\"height\":603,\"caption\":\"M\u0259nb\u0259: aif.ru\"},{\"@type\":\"BreadcrumbList\",\"@id\":\"https:\\\/\\\/www.meydan.tv\\\/az\\\/article\\\/milli-respublika-ordusu-darianin-qetlini-oz-uzerine-goturub\\\/#breadcrumb\",\"itemListElement\":[{\"@type\":\"ListItem\",\"position\":1,\"name\":\"Ana s\u0259hif\u0259\",\"item\":\"https:\\\/\\\/www.meydan.tv\\\/az\\\/\"},{\"@type\":\"ListItem\",\"position\":2,\"name\":\"D\u00fcnya\",\"item\":\"https:\\\/\\\/www.meydan.tv\\\/az\\\/section\\\/dunya\\\/\"},{\"@type\":\"ListItem\",\"position\":3,\"name\":\"\u201cMilli Respublika Ordusu\u201d Darian\u0131n q\u0259tlini \u00f6z \u00fcz\u0259rin\u0259 g\u00f6t\u00fcr\u00fcb\"}]},{\"@type\":\"WebSite\",\"@id\":\"https:\\\/\\\/www.meydan.tv\\\/az\\\/#website\",\"url\":\"https:\\\/\\\/www.meydan.tv\\\/az\\\/\",\"name\":\"MEYDAN.TV\",\"description\":\"Meydan TV Az\u0259rbaycan\u0131n media m\u0259kan\u0131ndak\u0131 alternativ s\u0259sidir\",\"publisher\":{\"@id\":\"https:\\\/\\\/www.meydan.tv\\\/az\\\/#organization\"},\"potentialAction\":[{\"@type\":\"SearchAction\",\"target\":{\"@type\":\"EntryPoint\",\"urlTemplate\":\"https:\\\/\\\/www.meydan.tv\\\/az\\\/?s={search_term_string}\"},\"query-input\":{\"@type\":\"PropertyValueSpecification\",\"valueRequired\":true,\"valueName\":\"search_term_string\"}}],\"inLanguage\":\"az\"},{\"@type\":\"Organization\",\"@id\":\"https:\\\/\\\/www.meydan.tv\\\/az\\\/#organization\",\"name\":\"Meydan TV\",\"url\":\"https:\\\/\\\/www.meydan.tv\\\/az\\\/\",\"logo\":{\"@type\":\"ImageObject\",\"inLanguage\":\"az\",\"@id\":\"https:\\\/\\\/www.meydan.tv\\\/az\\\/#\\\/schema\\\/logo\\\/image\\\/\",\"url\":\"https:\\\/\\\/www.meydan.tv\\\/wp-content\\\/uploads\\\/2021\\\/07\\\/meydan-logo.svg\",\"contentUrl\":\"https:\\\/\\\/www.meydan.tv\\\/wp-content\\\/uploads\\\/2021\\\/07\\\/meydan-logo.svg\",\"width\":195,\"height\":46,\"caption\":\"Meydan TV\"},\"image\":{\"@id\":\"https:\\\/\\\/www.meydan.tv\\\/az\\\/#\\\/schema\\\/logo\\\/image\\\/\"}},{\"@type\":\"Person\",\"@id\":\"https:\\\/\\\/www.meydan.tv\\\/az\\\/#\\\/schema\\\/person\\\/9cdbecf90d17180ce1dfbd95b08dcf47\",\"name\":\"elli\",\"sameAs\":[\"https:\\\/\\\/x.com\\\/elli\"]}]}<\/script>\n<!-- \/ Yoast SEO plugin. -->","yoast_head_json":{"title":"\u201cMilli Respublika Ordusu\u201d Darian\u0131n q\u0259tlini \u00f6z \u00fcz\u0259rin\u0259 g\u00f6t\u00fcr\u00fcb - MEYDAN.TV","robots":{"index":"index","follow":"follow","max-snippet":"max-snippet:-1","max-image-preview":"max-image-preview:large","max-video-preview":"max-video-preview:-1"},"canonical":"https:\/\/www.meydan.tv\/az\/article\/milli-respublika-ordusu-darianin-qetlini-oz-uzerine-goturub\/","og_locale":"az_AZ","og_type":"article","og_title":"\u201cMilli Respublika Ordusu\u201d Darian\u0131n q\u0259tlini \u00f6z \u00fcz\u0259rin\u0259 g\u00f6t\u00fcr\u00fcb - MEYDAN.TV","og_description":"\u201cPutin bizim t\u0259r\u0259fimizd\u0259n devril\u0259c\u0259k v\u0259 m\u0259hv edil\u0259c\u0259k!\u201d Aleksandr Duqinin q\u0131z\u0131 ... Davam\u0131","og_url":"https:\/\/www.meydan.tv\/az\/article\/milli-respublika-ordusu-darianin-qetlini-oz-uzerine-goturub\/","og_site_name":"MEYDAN.TV","article_published_time":"2022-08-21T19:42:58+00:00","article_modified_time":"2022-08-21T19:43:00+00:00","og_image":[{"width":1200,"height":603,"url":"https:\/\/www.meydan.tv\/wp-content\/uploads\/bb4f11439b7b2a9f9a0500f3a43c08e4-e1661110929575.jpg","type":"image\/jpeg"}],"author":"elli","twitter_card":"summary_large_image","twitter_creator":"@elli","schema":{"@context":"https:\/\/schema.org","@graph":[{"@type":"Article","@id":"https:\/\/www.meydan.tv\/az\/article\/milli-respublika-ordusu-darianin-qetlini-oz-uzerine-goturub\/#article","isPartOf":{"@id":"https:\/\/www.meydan.tv\/az\/article\/milli-respublika-ordusu-darianin-qetlini-oz-uzerine-goturub\/"},"author":{"name":"elli","@id":"https:\/\/www.meydan.tv\/az\/#\/schema\/person\/9cdbecf90d17180ce1dfbd95b08dcf47"},"headline":"\u201cMilli Respublika Ordusu\u201d Darian\u0131n q\u0259tlini \u00f6z \u00fcz\u0259rin\u0259 g\u00f6t\u00fcr\u00fcb","datePublished":"2022-08-21T19:42:58+00:00","dateModified":"2022-08-21T19:43:00+00:00","mainEntityOfPage":{"@id":"https:\/\/www.meydan.tv\/az\/article\/milli-respublika-ordusu-darianin-qetlini-oz-uzerine-goturub\/"},"wordCount":946,"publisher":{"@id":"https:\/\/www.meydan.tv\/az\/#organization"},"image":{"@id":"https:\/\/www.meydan.tv\/az\/article\/milli-respublika-ordusu-darianin-qetlini-oz-uzerine-goturub\/#primaryimage"},"thumbnailUrl":"https:\/\/www.meydan.tv\/wp-content\/uploads\/bb4f11439b7b2a9f9a0500f3a43c08e4-e1661110929575.jpg","articleSection":["D\u00fcnya","X\u0259b\u0259rl\u0259r"],"inLanguage":"az"},{"@type":"WebPage","@id":"https:\/\/www.meydan.tv\/az\/article\/milli-respublika-ordusu-darianin-qetlini-oz-uzerine-goturub\/","url":"https:\/\/www.meydan.tv\/az\/article\/milli-respublika-ordusu-darianin-qetlini-oz-uzerine-goturub\/","name":"\u201cMilli Respublika Ordusu\u201d Darian\u0131n q\u0259tlini \u00f6z \u00fcz\u0259rin\u0259 g\u00f6t\u00fcr\u00fcb - MEYDAN.TV","isPartOf":{"@id":"https:\/\/www.meydan.tv\/az\/#website"},"primaryImageOfPage":{"@id":"https:\/\/www.meydan.tv\/az\/article\/milli-respublika-ordusu-darianin-qetlini-oz-uzerine-goturub\/#primaryimage"},"image":{"@id":"https:\/\/www.meydan.tv\/az\/article\/milli-respublika-ordusu-darianin-qetlini-oz-uzerine-goturub\/#primaryimage"},"thumbnailUrl":"https:\/\/www.meydan.tv\/wp-content\/uploads\/bb4f11439b7b2a9f9a0500f3a43c08e4-e1661110929575.jpg","datePublished":"2022-08-21T19:42:58+00:00","dateModified":"2022-08-21T19:43:00+00:00","breadcrumb":{"@id":"https:\/\/www.meydan.tv\/az\/article\/milli-respublika-ordusu-darianin-qetlini-oz-uzerine-goturub\/#breadcrumb"},"inLanguage":"az","potentialAction":[{"@type":"ReadAction","target":["https:\/\/www.meydan.tv\/az\/article\/milli-respublika-ordusu-darianin-qetlini-oz-uzerine-goturub\/"]}]},{"@type":"ImageObject","inLanguage":"az","@id":"https:\/\/www.meydan.tv\/az\/article\/milli-respublika-ordusu-darianin-qetlini-oz-uzerine-goturub\/#primaryimage","url":"https:\/\/www.meydan.tv\/wp-content\/uploads\/bb4f11439b7b2a9f9a0500f3a43c08e4-e1661110929575.jpg","contentUrl":"https:\/\/www.meydan.tv\/wp-content\/uploads\/bb4f11439b7b2a9f9a0500f3a43c08e4-e1661110929575.jpg","width":1200,"height":603,"caption":"M\u0259nb\u0259: aif.ru"},{"@type":"BreadcrumbList","@id":"https:\/\/www.meydan.tv\/az\/article\/milli-respublika-ordusu-darianin-qetlini-oz-uzerine-goturub\/#breadcrumb","itemListElement":[{"@type":"ListItem","position":1,"name":"Ana s\u0259hif\u0259","item":"https:\/\/www.meydan.tv\/az\/"},{"@type":"ListItem","position":2,"name":"D\u00fcnya","item":"https:\/\/www.meydan.tv\/az\/section\/dunya\/"},{"@type":"ListItem","position":3,"name":"\u201cMilli Respublika Ordusu\u201d Darian\u0131n q\u0259tlini \u00f6z \u00fcz\u0259rin\u0259 g\u00f6t\u00fcr\u00fcb"}]},{"@type":"WebSite","@id":"https:\/\/www.meydan.tv\/az\/#website","url":"https:\/\/www.meydan.tv\/az\/","name":"MEYDAN.TV","description":"Meydan TV Az\u0259rbaycan\u0131n media m\u0259kan\u0131ndak\u0131 alternativ s\u0259sidir","publisher":{"@id":"https:\/\/www.meydan.tv\/az\/#organization"},"potentialAction":[{"@type":"SearchAction","target":{"@type":"EntryPoint","urlTemplate":"https:\/\/www.meydan.tv\/az\/?s={search_term_string}"},"query-input":{"@type":"PropertyValueSpecification","valueRequired":true,"valueName":"search_term_string"}}],"inLanguage":"az"},{"@type":"Organization","@id":"https:\/\/www.meydan.tv\/az\/#organization","name":"Meydan TV","url":"https:\/\/www.meydan.tv\/az\/","logo":{"@type":"ImageObject","inLanguage":"az","@id":"https:\/\/www.meydan.tv\/az\/#\/schema\/logo\/image\/","url":"https:\/\/www.meydan.tv\/wp-content\/uploads\/2021\/07\/meydan-logo.svg","contentUrl":"https:\/\/www.meydan.tv\/wp-content\/uploads\/2021\/07\/meydan-logo.svg","width":195,"height":46,"caption":"Meydan TV"},"image":{"@id":"https:\/\/www.meydan.tv\/az\/#\/schema\/logo\/image\/"}},{"@type":"Person","@id":"https:\/\/www.meydan.tv\/az\/#\/schema\/person\/9cdbecf90d17180ce1dfbd95b08dcf47","name":"elli","sameAs":["https:\/\/x.com\/elli"]}]}},"_links":{"self":[{"href":"https:\/\/www.meydan.tv\/az\/wp-json\/wp\/v2\/posts\/253853","targetHints":{"allow":["GET"]}}],"collection":[{"href":"https:\/\/www.meydan.tv\/az\/wp-json\/wp\/v2\/posts"}],"about":[{"href":"https:\/\/www.meydan.tv\/az\/wp-json\/wp\/v2\/types\/post"}],"author":[{"embeddable":true,"href":"https:\/\/www.meydan.tv\/az\/wp-json\/wp\/v2\/users\/8"}],"replies":[{"embeddable":true,"href":"https:\/\/www.meydan.tv\/az\/wp-json\/wp\/v2\/comments?post=253853"}],"version-history":[{"count":2,"href":"https:\/\/www.meydan.tv\/az\/wp-json\/wp\/v2\/posts\/253853\/revisions"}],"predecessor-version":[{"id":253861,"href":"https:\/\/www.meydan.tv\/az\/wp-json\/wp\/v2\/posts\/253853\/revisions\/253861"}],"wp:featuredmedia":[{"embeddable":true,"href":"https:\/\/www.meydan.tv\/az\/wp-json\/wp\/v2\/media\/253858"}],"wp:attachment":[{"href":"https:\/\/www.meydan.tv\/az\/wp-json\/wp\/v2\/media?parent=253853"}],"wp:term":[{"taxonomy":"category","embeddable":true,"href":"https:\/\/www.meydan.tv\/az\/wp-json\/wp\/v2\/categories?post=253853"},{"taxonomy":"post_tag","embeddable":true,"href":"https:\/\/www.meydan.tv\/az\/wp-json\/wp\/v2\/tags?post=253853"}],"curies":[{"name":"wp","href":"https:\/\/api.w.org\/{rel}","templated":true}]}}