{"id":253841,"date":"2022-08-21T14:12:15","date_gmt":"2022-08-21T10:12:15","guid":{"rendered":"https:\/\/www.meydan.tv\/?p=253841"},"modified":"2022-08-21T16:43:10","modified_gmt":"2022-08-21T12:43:10","slug":"aleksandr-duqin-qizinin-olumunden-sonra-xestexanaya-yerlesdirilib","status":"publish","type":"post","link":"https:\/\/www.meydan.tv\/az\/article\/aleksandr-duqin-qizinin-olumunden-sonra-xestexanaya-yerlesdirilib\/","title":{"rendered":"Aleksandr Duqin q\u0131z\u0131n\u0131n \u00f6l\u00fcm\u00fcnd\u0259n sonra x\u0259st\u0259xanaya yerl\u0259\u015fdirilib (yenil\u0259nib)"},"content":{"rendered":"\n<p><\/p>\n\n\n\n<p><\/p>\n\n\n\n<p><em>&#8220;Daria Duqinan\u0131n \u00f6ld\u00fcy\u00fc cinay\u0259t hadis\u0259si \u0259vv\u0259lc\u0259d\u0259n planla\u015fd\u0131r\u0131l\u0131b v\u0259 sifari\u015fl\u0259 haz\u0131rlan\u0131b&#8221;.<\/em><\/p>\n\n\n\n<p><em>Bu a\u00e7\u0131qlaman\u0131 Rusiya \u0130stintaq Komit\u0259si avqustun 21-d\u0259 <a href=\"https:\/\/lenta.ru\/brief\/2022\/08\/21\/dugin\/\" target=\"_blank\" rel=\"noreferrer noopener\">yay\u0131b<\/a>.<\/em><\/p>\n\n\n\n<p><em>Komit\u0259 qeyd edib ki, haz\u0131rda M\u0259hk\u0259m\u0259 Ekspertizas\u0131 Ba\u015f \u0130dar\u0259sinin m\u00fct\u0259x\u0259ssisl\u0259rinin i\u015ftirak\u0131 il\u0259 m\u00fcst\u0259ntiql\u0259r hadis\u0259 yerin\u0259 bax\u0131\u015f ke\u00e7irirl\u0259r:<\/em><\/p>\n\n\n\n<p><em>&#8220;O c\u00fcml\u0259d\u0259n, partlay\u0131c\u0131 madd\u0259 \u00fczr\u0259 m\u00fct\u0259x\u0259ssisin i\u015ftirak\u0131 il\u0259 yanm\u0131\u015f avtomobil\u0259 bax\u0131\u015f ke\u00e7irilib, sonradan avtomobil x\u00fcsusi dayanaca\u011fa t\u0259xliy\u0259 edilib&#8221;.<\/em><\/p>\n\n\n\n<p><\/p>\n\n\n\n<hr class=\"wp-block-separator has-alpha-channel-opacity\"\/>\n\n\n\n<p><\/p>\n\n\n\n<p><em>Hakim partiya sui-q\u0259sdd\u0259 Ukrayna h\u00f6kum\u0259tini ittiham edib<\/em><\/p>\n\n\n\n<p>Rusiyal\u0131 politoloq Aleksandr Duqinin q\u0131z\u0131 Daria Duqina avtomobilinin partlamas\u0131 zaman\u0131 h\u0259lak olub.<\/p>\n\n\n\n<p>Hadis\u0259nin Daria Duqinan\u0131n avqustun 20-d\u0259 saat 21-d\u0259 &#8220;Tradition&#8221; festival\u0131ndan qay\u0131dark\u0259n ba\u015f verdiyi bildirilir.<\/p>\n\n\n\n<p>Qeyd olunub ki, Moskva vilay\u0259tind\u0259 nam\u0259lum \u015f\u0259xsl\u0259r 1992-ci il t\u0259v\u0259ll\u00fcdl\u00fc Daria Duqinan\u0131n idar\u0259 etdiyi &#8220;Land Cruiser Prado&#8221; markal\u0131 avtomobili partlad\u0131blar. Avtomobili idar\u0259 ed\u0259n q\u0131z hadis\u0259 yerind\u0259 \u00f6l\u00fcb.<\/p>\n\n\n\n<p>Festival\u0131n i\u015ftirak\u00e7\u0131s\u0131 Peter Lundstrem bu bar\u0259d\u0259 <a href=\"https:\/\/iz.ru\/1382650\/2022-08-21\/uchastnik-festivalya-traditsiya-podtverdil-gibel-docheri-dugina\" target=\"_blank\" rel=\"noreferrer noopener\">dan\u0131\u015f\u0131b<\/a>.<\/p>\n\n\n\n<p>Onun s\u00f6zl\u0259rin\u0259 g\u00f6r\u0259, Darya Duqina atas\u0131 il\u0259 birlikd\u0259 oldu\u011fu \u0259n\u0259n\u0259vi \u0259d\u0259bi-musiqi festival\u0131ndan qay\u0131d\u0131rm\u0131\u015f.<\/p>\n\n\n\n<p>\u201cKimi \u00f6ld\u00fcrm\u0259k ist\u0259yirdil\u0259r? Aleksandr Duqin bu ma\u015f\u0131n\u0131 s\u00fcrm\u0259li idi, amma ba\u015fqas\u0131na minib\u201d, dey\u0259 Peter Lundstrem s\u00f6yl\u0259yib.<\/p>\n\n\n\n<p>Hakim Vahid Rusiya Partiyas\u0131n\u0131n deputat\u0131 Oleq Morozov Daria Duqinan\u0131n q\u0259tlind\u0259 Ukrayna hakimiyy\u0259tini ittiham edib.<\/p>\n\n\n\n<p>Federasiya \u015euras\u0131n\u0131n beyn\u0259lxalq komit\u0259si r\u0259hb\u0259rinin birinci m\u00fcavini Vladimir Cabarov ictimai t\u0259dbirl\u0259rin l\u0259\u011fvini d\u0259st\u0259kl\u0259m\u0259yib. O, Duqinan\u0131n avtomobilin\u0259 evd\u0259 v\u0259 ya dayanacaqda partlay\u0131c\u0131 qur\u011funun yerl\u0259\u015fdiril\u0259 bil\u0259c\u0259yini ir\u0259li s\u00fcr\u00fcb.<\/p>\n\n\n\n<p>\u201cBiz el\u0259 bir d\u00f6vrd\u0259 ya\u015fay\u0131r\u0131q ki, h\u0259r k\u0259s \u00e7ox diqq\u0259tli olmal\u0131d\u0131r\u201d, &#8211; dey\u0259 siyas\u0259t\u00e7i \u00e7a\u011f\u0131r\u0131b.<\/p>\n\n\n\n<p>Bundan \u0259vv\u0259l politoloq Sergey Markov etiraf edib ki, Duqin f\u0259al siyasi m\u00f6vqeyin\u0259 g\u00f6r\u0259 \u00e7oxlu h\u0259d\u0259l\u0259r ala bil\u0259rdi.<\/p>\n\n\n\n<p>Sergey Markov Aleksandr Duqinin q\u0131z\u0131 Darian\u0131n \u00f6l\u00fcm\u00fcnd\u0259n sonra x\u0259st\u0259xanaya yerl\u0259\u015fdirildiyini bildirib.<\/p>\n\n\n\n<p>\u201cB\u0259db\u0259xt Aleksandr Duqin. O, haz\u0131rda x\u0259st\u0259xanadad\u0131r\u201d, &#8211; dey\u0259 o <a href=\"https:\/\/t.me\/logikamarkova\/3109\" target=\"_blank\" rel=\"noreferrer noopener\">yaz\u0131b<\/a>.<\/p>\n","protected":false},"excerpt":{"rendered":"<p>&#8220;Daria Duqinan\u0131n \u00f6ld\u00fcy\u00fc cinay\u0259t hadis\u0259si \u0259vv\u0259lc\u0259d\u0259n planla\u015fd\u0131r\u0131l\u0131b v\u0259 sifari\u015fl\u0259 haz\u0131rlan\u0131b&#8221;. &#8230; <\/p>\n<p class=\"read-more-container\"><a title=\"Aleksandr Duqin q\u0131z\u0131n\u0131n \u00f6l\u00fcm\u00fcnd\u0259n sonra x\u0259st\u0259xanaya yerl\u0259\u015fdirilib (yenil\u0259nib)\" class=\"read-more button\" href=\"https:\/\/www.meydan.tv\/az\/article\/aleksandr-duqin-qizinin-olumunden-sonra-xestexanaya-yerlesdirilib\/#more-253841\" aria-label=\"Read more about Aleksandr Duqin q\u0131z\u0131n\u0131n \u00f6l\u00fcm\u00fcnd\u0259n sonra x\u0259st\u0259xanaya yerl\u0259\u015fdirilib (yenil\u0259nib)\">Davam\u0131<\/a><\/p>\n","protected":false},"author":8,"featured_media":253838,"comment_status":"closed","ping_status":"closed","sticky":false,"template":"","format":"standard","meta":{"_acf_changed":false,"_sitemap_exclude":false,"_sitemap_priority":"","_sitemap_frequency":"","footnotes":""},"categories":[64,56],"tags":[],"class_list":["post-253841","post","type-post","status-publish","format-standard","has-post-thumbnail","hentry","category-dunya","category-xeberler","infinite-scroll-item","generate-columns","tablet-grid-50","mobile-grid-100","grid-parent","grid-33","no-featured-image-padding"],"acf":[],"yoast_head":"<!-- This site is optimized with the Yoast SEO plugin v27.5 - https:\/\/yoast.com\/product\/yoast-seo-wordpress\/ -->\n<title>Aleksandr Duqin q\u0131z\u0131n\u0131n \u00f6l\u00fcm\u00fcnd\u0259n sonra x\u0259st\u0259xanaya yerl\u0259\u015fdirilib (yenil\u0259nib) - MEYDAN.TV<\/title>\n<meta name=\"robots\" content=\"index, follow, max-snippet:-1, max-image-preview:large, max-video-preview:-1\" \/>\n<link rel=\"canonical\" href=\"https:\/\/www.meydan.tv\/az\/article\/aleksandr-duqin-qizinin-olumunden-sonra-xestexanaya-yerlesdirilib\/\" \/>\n<meta property=\"og:locale\" content=\"az_AZ\" \/>\n<meta property=\"og:type\" content=\"article\" \/>\n<meta property=\"og:title\" content=\"Aleksandr Duqin q\u0131z\u0131n\u0131n \u00f6l\u00fcm\u00fcnd\u0259n sonra x\u0259st\u0259xanaya yerl\u0259\u015fdirilib (yenil\u0259nib) - MEYDAN.TV\" \/>\n<meta property=\"og:description\" content=\"&#8220;Daria Duqinan\u0131n \u00f6ld\u00fcy\u00fc cinay\u0259t hadis\u0259si \u0259vv\u0259lc\u0259d\u0259n planla\u015fd\u0131r\u0131l\u0131b v\u0259 sifari\u015fl\u0259 haz\u0131rlan\u0131b&#8221;. ... Davam\u0131\" \/>\n<meta property=\"og:url\" content=\"https:\/\/www.meydan.tv\/az\/article\/aleksandr-duqin-qizinin-olumunden-sonra-xestexanaya-yerlesdirilib\/\" \/>\n<meta property=\"og:site_name\" content=\"MEYDAN.TV\" \/>\n<meta property=\"article:published_time\" content=\"2022-08-21T10:12:15+00:00\" \/>\n<meta property=\"article:modified_time\" content=\"2022-08-21T12:43:10+00:00\" \/>\n<meta property=\"og:image\" content=\"https:\/\/www.meydan.tv\/wp-content\/uploads\/678575f8-524921f931da0a4cf7a144691ab0e1da.jpg\" \/>\n\t<meta property=\"og:image:width\" content=\"1200\" \/>\n\t<meta property=\"og:image:height\" content=\"606\" \/>\n\t<meta property=\"og:image:type\" content=\"image\/jpeg\" \/>\n<meta name=\"author\" content=\"elli\" \/>\n<meta name=\"twitter:card\" content=\"summary_large_image\" \/>\n<meta name=\"twitter:creator\" content=\"@elli\" \/>\n<script type=\"application\/ld+json\" class=\"yoast-schema-graph\">{\"@context\":\"https:\\\/\\\/schema.org\",\"@graph\":[{\"@type\":\"Article\",\"@id\":\"https:\\\/\\\/www.meydan.tv\\\/az\\\/article\\\/aleksandr-duqin-qizinin-olumunden-sonra-xestexanaya-yerlesdirilib\\\/#article\",\"isPartOf\":{\"@id\":\"https:\\\/\\\/www.meydan.tv\\\/az\\\/article\\\/aleksandr-duqin-qizinin-olumunden-sonra-xestexanaya-yerlesdirilib\\\/\"},\"author\":{\"name\":\"elli\",\"@id\":\"https:\\\/\\\/www.meydan.tv\\\/az\\\/#\\\/schema\\\/person\\\/9cdbecf90d17180ce1dfbd95b08dcf47\"},\"headline\":\"Aleksandr Duqin q\u0131z\u0131n\u0131n \u00f6l\u00fcm\u00fcnd\u0259n sonra x\u0259st\u0259xanaya yerl\u0259\u015fdirilib (yenil\u0259nib)\",\"datePublished\":\"2022-08-21T10:12:15+00:00\",\"dateModified\":\"2022-08-21T12:43:10+00:00\",\"mainEntityOfPage\":{\"@id\":\"https:\\\/\\\/www.meydan.tv\\\/az\\\/article\\\/aleksandr-duqin-qizinin-olumunden-sonra-xestexanaya-yerlesdirilib\\\/\"},\"wordCount\":413,\"publisher\":{\"@id\":\"https:\\\/\\\/www.meydan.tv\\\/az\\\/#organization\"},\"image\":{\"@id\":\"https:\\\/\\\/www.meydan.tv\\\/az\\\/article\\\/aleksandr-duqin-qizinin-olumunden-sonra-xestexanaya-yerlesdirilib\\\/#primaryimage\"},\"thumbnailUrl\":\"https:\\\/\\\/www.meydan.tv\\\/wp-content\\\/uploads\\\/678575f8-524921f931da0a4cf7a144691ab0e1da.jpg\",\"articleSection\":[\"D\u00fcnya\",\"X\u0259b\u0259rl\u0259r\"],\"inLanguage\":\"az\"},{\"@type\":\"WebPage\",\"@id\":\"https:\\\/\\\/www.meydan.tv\\\/az\\\/article\\\/aleksandr-duqin-qizinin-olumunden-sonra-xestexanaya-yerlesdirilib\\\/\",\"url\":\"https:\\\/\\\/www.meydan.tv\\\/az\\\/article\\\/aleksandr-duqin-qizinin-olumunden-sonra-xestexanaya-yerlesdirilib\\\/\",\"name\":\"Aleksandr Duqin q\u0131z\u0131n\u0131n \u00f6l\u00fcm\u00fcnd\u0259n sonra x\u0259st\u0259xanaya yerl\u0259\u015fdirilib (yenil\u0259nib) - MEYDAN.TV\",\"isPartOf\":{\"@id\":\"https:\\\/\\\/www.meydan.tv\\\/az\\\/#website\"},\"primaryImageOfPage\":{\"@id\":\"https:\\\/\\\/www.meydan.tv\\\/az\\\/article\\\/aleksandr-duqin-qizinin-olumunden-sonra-xestexanaya-yerlesdirilib\\\/#primaryimage\"},\"image\":{\"@id\":\"https:\\\/\\\/www.meydan.tv\\\/az\\\/article\\\/aleksandr-duqin-qizinin-olumunden-sonra-xestexanaya-yerlesdirilib\\\/#primaryimage\"},\"thumbnailUrl\":\"https:\\\/\\\/www.meydan.tv\\\/wp-content\\\/uploads\\\/678575f8-524921f931da0a4cf7a144691ab0e1da.jpg\",\"datePublished\":\"2022-08-21T10:12:15+00:00\",\"dateModified\":\"2022-08-21T12:43:10+00:00\",\"breadcrumb\":{\"@id\":\"https:\\\/\\\/www.meydan.tv\\\/az\\\/article\\\/aleksandr-duqin-qizinin-olumunden-sonra-xestexanaya-yerlesdirilib\\\/#breadcrumb\"},\"inLanguage\":\"az\",\"potentialAction\":[{\"@type\":\"ReadAction\",\"target\":[\"https:\\\/\\\/www.meydan.tv\\\/az\\\/article\\\/aleksandr-duqin-qizinin-olumunden-sonra-xestexanaya-yerlesdirilib\\\/\"]}]},{\"@type\":\"ImageObject\",\"inLanguage\":\"az\",\"@id\":\"https:\\\/\\\/www.meydan.tv\\\/az\\\/article\\\/aleksandr-duqin-qizinin-olumunden-sonra-xestexanaya-yerlesdirilib\\\/#primaryimage\",\"url\":\"https:\\\/\\\/www.meydan.tv\\\/wp-content\\\/uploads\\\/678575f8-524921f931da0a4cf7a144691ab0e1da.jpg\",\"contentUrl\":\"https:\\\/\\\/www.meydan.tv\\\/wp-content\\\/uploads\\\/678575f8-524921f931da0a4cf7a144691ab0e1da.jpg\",\"width\":1200,\"height\":606,\"caption\":\"Aleksandr Duqin v\u0259 Daria Duqina Foto: Twitter\"},{\"@type\":\"BreadcrumbList\",\"@id\":\"https:\\\/\\\/www.meydan.tv\\\/az\\\/article\\\/aleksandr-duqin-qizinin-olumunden-sonra-xestexanaya-yerlesdirilib\\\/#breadcrumb\",\"itemListElement\":[{\"@type\":\"ListItem\",\"position\":1,\"name\":\"Ana s\u0259hif\u0259\",\"item\":\"https:\\\/\\\/www.meydan.tv\\\/az\\\/\"},{\"@type\":\"ListItem\",\"position\":2,\"name\":\"D\u00fcnya\",\"item\":\"https:\\\/\\\/www.meydan.tv\\\/az\\\/section\\\/dunya\\\/\"},{\"@type\":\"ListItem\",\"position\":3,\"name\":\"Aleksandr Duqin q\u0131z\u0131n\u0131n \u00f6l\u00fcm\u00fcnd\u0259n sonra x\u0259st\u0259xanaya yerl\u0259\u015fdirilib (yenil\u0259nib)\"}]},{\"@type\":\"WebSite\",\"@id\":\"https:\\\/\\\/www.meydan.tv\\\/az\\\/#website\",\"url\":\"https:\\\/\\\/www.meydan.tv\\\/az\\\/\",\"name\":\"MEYDAN.TV\",\"description\":\"Meydan TV Az\u0259rbaycan\u0131n media m\u0259kan\u0131ndak\u0131 alternativ s\u0259sidir\",\"publisher\":{\"@id\":\"https:\\\/\\\/www.meydan.tv\\\/az\\\/#organization\"},\"potentialAction\":[{\"@type\":\"SearchAction\",\"target\":{\"@type\":\"EntryPoint\",\"urlTemplate\":\"https:\\\/\\\/www.meydan.tv\\\/az\\\/?s={search_term_string}\"},\"query-input\":{\"@type\":\"PropertyValueSpecification\",\"valueRequired\":true,\"valueName\":\"search_term_string\"}}],\"inLanguage\":\"az\"},{\"@type\":\"Organization\",\"@id\":\"https:\\\/\\\/www.meydan.tv\\\/az\\\/#organization\",\"name\":\"Meydan TV\",\"url\":\"https:\\\/\\\/www.meydan.tv\\\/az\\\/\",\"logo\":{\"@type\":\"ImageObject\",\"inLanguage\":\"az\",\"@id\":\"https:\\\/\\\/www.meydan.tv\\\/az\\\/#\\\/schema\\\/logo\\\/image\\\/\",\"url\":\"https:\\\/\\\/www.meydan.tv\\\/wp-content\\\/uploads\\\/2021\\\/07\\\/meydan-logo.svg\",\"contentUrl\":\"https:\\\/\\\/www.meydan.tv\\\/wp-content\\\/uploads\\\/2021\\\/07\\\/meydan-logo.svg\",\"width\":195,\"height\":46,\"caption\":\"Meydan TV\"},\"image\":{\"@id\":\"https:\\\/\\\/www.meydan.tv\\\/az\\\/#\\\/schema\\\/logo\\\/image\\\/\"}},{\"@type\":\"Person\",\"@id\":\"https:\\\/\\\/www.meydan.tv\\\/az\\\/#\\\/schema\\\/person\\\/9cdbecf90d17180ce1dfbd95b08dcf47\",\"name\":\"elli\",\"sameAs\":[\"https:\\\/\\\/x.com\\\/elli\"]}]}<\/script>\n<!-- \/ Yoast SEO plugin. -->","yoast_head_json":{"title":"Aleksandr Duqin q\u0131z\u0131n\u0131n \u00f6l\u00fcm\u00fcnd\u0259n sonra x\u0259st\u0259xanaya yerl\u0259\u015fdirilib (yenil\u0259nib) - MEYDAN.TV","robots":{"index":"index","follow":"follow","max-snippet":"max-snippet:-1","max-image-preview":"max-image-preview:large","max-video-preview":"max-video-preview:-1"},"canonical":"https:\/\/www.meydan.tv\/az\/article\/aleksandr-duqin-qizinin-olumunden-sonra-xestexanaya-yerlesdirilib\/","og_locale":"az_AZ","og_type":"article","og_title":"Aleksandr Duqin q\u0131z\u0131n\u0131n \u00f6l\u00fcm\u00fcnd\u0259n sonra x\u0259st\u0259xanaya yerl\u0259\u015fdirilib (yenil\u0259nib) - MEYDAN.TV","og_description":"&#8220;Daria Duqinan\u0131n \u00f6ld\u00fcy\u00fc cinay\u0259t hadis\u0259si \u0259vv\u0259lc\u0259d\u0259n planla\u015fd\u0131r\u0131l\u0131b v\u0259 sifari\u015fl\u0259 haz\u0131rlan\u0131b&#8221;. ... Davam\u0131","og_url":"https:\/\/www.meydan.tv\/az\/article\/aleksandr-duqin-qizinin-olumunden-sonra-xestexanaya-yerlesdirilib\/","og_site_name":"MEYDAN.TV","article_published_time":"2022-08-21T10:12:15+00:00","article_modified_time":"2022-08-21T12:43:10+00:00","og_image":[{"width":1200,"height":606,"url":"https:\/\/www.meydan.tv\/wp-content\/uploads\/678575f8-524921f931da0a4cf7a144691ab0e1da.jpg","type":"image\/jpeg"}],"author":"elli","twitter_card":"summary_large_image","twitter_creator":"@elli","schema":{"@context":"https:\/\/schema.org","@graph":[{"@type":"Article","@id":"https:\/\/www.meydan.tv\/az\/article\/aleksandr-duqin-qizinin-olumunden-sonra-xestexanaya-yerlesdirilib\/#article","isPartOf":{"@id":"https:\/\/www.meydan.tv\/az\/article\/aleksandr-duqin-qizinin-olumunden-sonra-xestexanaya-yerlesdirilib\/"},"author":{"name":"elli","@id":"https:\/\/www.meydan.tv\/az\/#\/schema\/person\/9cdbecf90d17180ce1dfbd95b08dcf47"},"headline":"Aleksandr Duqin q\u0131z\u0131n\u0131n \u00f6l\u00fcm\u00fcnd\u0259n sonra x\u0259st\u0259xanaya yerl\u0259\u015fdirilib (yenil\u0259nib)","datePublished":"2022-08-21T10:12:15+00:00","dateModified":"2022-08-21T12:43:10+00:00","mainEntityOfPage":{"@id":"https:\/\/www.meydan.tv\/az\/article\/aleksandr-duqin-qizinin-olumunden-sonra-xestexanaya-yerlesdirilib\/"},"wordCount":413,"publisher":{"@id":"https:\/\/www.meydan.tv\/az\/#organization"},"image":{"@id":"https:\/\/www.meydan.tv\/az\/article\/aleksandr-duqin-qizinin-olumunden-sonra-xestexanaya-yerlesdirilib\/#primaryimage"},"thumbnailUrl":"https:\/\/www.meydan.tv\/wp-content\/uploads\/678575f8-524921f931da0a4cf7a144691ab0e1da.jpg","articleSection":["D\u00fcnya","X\u0259b\u0259rl\u0259r"],"inLanguage":"az"},{"@type":"WebPage","@id":"https:\/\/www.meydan.tv\/az\/article\/aleksandr-duqin-qizinin-olumunden-sonra-xestexanaya-yerlesdirilib\/","url":"https:\/\/www.meydan.tv\/az\/article\/aleksandr-duqin-qizinin-olumunden-sonra-xestexanaya-yerlesdirilib\/","name":"Aleksandr Duqin q\u0131z\u0131n\u0131n \u00f6l\u00fcm\u00fcnd\u0259n sonra x\u0259st\u0259xanaya yerl\u0259\u015fdirilib (yenil\u0259nib) - MEYDAN.TV","isPartOf":{"@id":"https:\/\/www.meydan.tv\/az\/#website"},"primaryImageOfPage":{"@id":"https:\/\/www.meydan.tv\/az\/article\/aleksandr-duqin-qizinin-olumunden-sonra-xestexanaya-yerlesdirilib\/#primaryimage"},"image":{"@id":"https:\/\/www.meydan.tv\/az\/article\/aleksandr-duqin-qizinin-olumunden-sonra-xestexanaya-yerlesdirilib\/#primaryimage"},"thumbnailUrl":"https:\/\/www.meydan.tv\/wp-content\/uploads\/678575f8-524921f931da0a4cf7a144691ab0e1da.jpg","datePublished":"2022-08-21T10:12:15+00:00","dateModified":"2022-08-21T12:43:10+00:00","breadcrumb":{"@id":"https:\/\/www.meydan.tv\/az\/article\/aleksandr-duqin-qizinin-olumunden-sonra-xestexanaya-yerlesdirilib\/#breadcrumb"},"inLanguage":"az","potentialAction":[{"@type":"ReadAction","target":["https:\/\/www.meydan.tv\/az\/article\/aleksandr-duqin-qizinin-olumunden-sonra-xestexanaya-yerlesdirilib\/"]}]},{"@type":"ImageObject","inLanguage":"az","@id":"https:\/\/www.meydan.tv\/az\/article\/aleksandr-duqin-qizinin-olumunden-sonra-xestexanaya-yerlesdirilib\/#primaryimage","url":"https:\/\/www.meydan.tv\/wp-content\/uploads\/678575f8-524921f931da0a4cf7a144691ab0e1da.jpg","contentUrl":"https:\/\/www.meydan.tv\/wp-content\/uploads\/678575f8-524921f931da0a4cf7a144691ab0e1da.jpg","width":1200,"height":606,"caption":"Aleksandr Duqin v\u0259 Daria Duqina Foto: Twitter"},{"@type":"BreadcrumbList","@id":"https:\/\/www.meydan.tv\/az\/article\/aleksandr-duqin-qizinin-olumunden-sonra-xestexanaya-yerlesdirilib\/#breadcrumb","itemListElement":[{"@type":"ListItem","position":1,"name":"Ana s\u0259hif\u0259","item":"https:\/\/www.meydan.tv\/az\/"},{"@type":"ListItem","position":2,"name":"D\u00fcnya","item":"https:\/\/www.meydan.tv\/az\/section\/dunya\/"},{"@type":"ListItem","position":3,"name":"Aleksandr Duqin q\u0131z\u0131n\u0131n \u00f6l\u00fcm\u00fcnd\u0259n sonra x\u0259st\u0259xanaya yerl\u0259\u015fdirilib (yenil\u0259nib)"}]},{"@type":"WebSite","@id":"https:\/\/www.meydan.tv\/az\/#website","url":"https:\/\/www.meydan.tv\/az\/","name":"MEYDAN.TV","description":"Meydan TV Az\u0259rbaycan\u0131n media m\u0259kan\u0131ndak\u0131 alternativ s\u0259sidir","publisher":{"@id":"https:\/\/www.meydan.tv\/az\/#organization"},"potentialAction":[{"@type":"SearchAction","target":{"@type":"EntryPoint","urlTemplate":"https:\/\/www.meydan.tv\/az\/?s={search_term_string}"},"query-input":{"@type":"PropertyValueSpecification","valueRequired":true,"valueName":"search_term_string"}}],"inLanguage":"az"},{"@type":"Organization","@id":"https:\/\/www.meydan.tv\/az\/#organization","name":"Meydan TV","url":"https:\/\/www.meydan.tv\/az\/","logo":{"@type":"ImageObject","inLanguage":"az","@id":"https:\/\/www.meydan.tv\/az\/#\/schema\/logo\/image\/","url":"https:\/\/www.meydan.tv\/wp-content\/uploads\/2021\/07\/meydan-logo.svg","contentUrl":"https:\/\/www.meydan.tv\/wp-content\/uploads\/2021\/07\/meydan-logo.svg","width":195,"height":46,"caption":"Meydan TV"},"image":{"@id":"https:\/\/www.meydan.tv\/az\/#\/schema\/logo\/image\/"}},{"@type":"Person","@id":"https:\/\/www.meydan.tv\/az\/#\/schema\/person\/9cdbecf90d17180ce1dfbd95b08dcf47","name":"elli","sameAs":["https:\/\/x.com\/elli"]}]}},"_links":{"self":[{"href":"https:\/\/www.meydan.tv\/az\/wp-json\/wp\/v2\/posts\/253841","targetHints":{"allow":["GET"]}}],"collection":[{"href":"https:\/\/www.meydan.tv\/az\/wp-json\/wp\/v2\/posts"}],"about":[{"href":"https:\/\/www.meydan.tv\/az\/wp-json\/wp\/v2\/types\/post"}],"author":[{"embeddable":true,"href":"https:\/\/www.meydan.tv\/az\/wp-json\/wp\/v2\/users\/8"}],"replies":[{"embeddable":true,"href":"https:\/\/www.meydan.tv\/az\/wp-json\/wp\/v2\/comments?post=253841"}],"version-history":[{"count":2,"href":"https:\/\/www.meydan.tv\/az\/wp-json\/wp\/v2\/posts\/253841\/revisions"}],"predecessor-version":[{"id":253844,"href":"https:\/\/www.meydan.tv\/az\/wp-json\/wp\/v2\/posts\/253841\/revisions\/253844"}],"wp:featuredmedia":[{"embeddable":true,"href":"https:\/\/www.meydan.tv\/az\/wp-json\/wp\/v2\/media\/253838"}],"wp:attachment":[{"href":"https:\/\/www.meydan.tv\/az\/wp-json\/wp\/v2\/media?parent=253841"}],"wp:term":[{"taxonomy":"category","embeddable":true,"href":"https:\/\/www.meydan.tv\/az\/wp-json\/wp\/v2\/categories?post=253841"},{"taxonomy":"post_tag","embeddable":true,"href":"https:\/\/www.meydan.tv\/az\/wp-json\/wp\/v2\/tags?post=253841"}],"curies":[{"name":"wp","href":"https:\/\/api.w.org\/{rel}","templated":true}]}}