{"id":253624,"date":"2022-08-19T15:01:52","date_gmt":"2022-08-19T11:01:52","guid":{"rendered":"https:\/\/www.meydan.tv\/?p=253624"},"modified":"2022-08-19T15:01:54","modified_gmt":"2022-08-19T11:01:54","slug":"serur-sakini-vasif-talibova-teleqram-vurdugum-ucun-polise-cagirildim","status":"publish","type":"post","link":"https:\/\/www.meydan.tv\/az\/article\/serur-sakini-vasif-talibova-teleqram-vurdugum-ucun-polise-cagirildim\/","title":{"rendered":"\u015e\u0259rur sakini: \u201cVasif Tal\u0131bova teleqram vurdu\u011fum \u00fc\u00e7\u00fcn polis\u0259 \u00e7a\u011f\u0131r\u0131ld\u0131m\u201d"},"content":{"rendered":"\n<p><\/p>\n\n\n\n<p><em>\u201cM\u0259n\u0259 dedil\u0259r ki, problemi i\u00e7timail\u0259\u015fdirm\u0259yim\u201d<\/em><\/p>\n\n\n\n<p>\u015e\u0259rurun D\u00fcd\u0259ng\u0259 k\u0259nd sakini Kaz\u0131m Qurbanovun Nax\u00e7\u0131van Muxtar Respublikas\u0131n\u0131n Ali M\u0259clisinin s\u0259dri Vasif Tal\u0131bova \u015fikay\u0259t teleqram\u0131 g\u00f6nd\u0259rdiyi \u00fc\u00e7\u00fcn polis b\u00f6lm\u0259sin\u0259 \u00e7a\u011f\u0131r\u0131ld\u0131\u011f\u0131 bildirilir.<\/p>\n\n\n\n<p>\u201cG\u00fcnd\u0259lik Nax\u00e7\u0131van\u201d\u0131n m\u0259lumat\u0131na g\u00f6r\u0259, sakin Vasif Tal\u0131bova \u0259mlak\u0131n\u0131n qanunsuz s\u00f6k\u00fclm\u0259sind\u0259n \u015fikay\u0259t <a href=\"https:\/\/www.facebook.com\/permalink.php?story_fbid=pfbid0mwdLtuXgHq2C6w6cdcK7xqibNo3Zh8jQXo4keCvvU2HnFKWn3wCdWAu8xivtgZePl&amp;id=100075606355785\" target=\"_blank\" rel=\"noreferrer noopener\">edib<\/a>.<\/p>\n\n\n\n<p>V\u0259t\u0259nda\u015f teleqram vurandan bir saat sonra is\u0259 \u015e\u0259rur Rayon Polis \u015e\u00f6b\u0259sin\u0259 dindirilm\u0259y\u0259 \u00e7a\u011f\u0131r\u0131l\u0131b:<\/p>\n\n\n\n<p>\u201c\u00dczl\u0259\u015fdiyim qanunsuzlu\u011fun aradan qald\u0131r\u0131lmas\u0131 xahi\u015fi il\u0259 avqustun 15-d\u0259 Vasif Tal\u0131bova teleqram vurdum. \u00dcst\u00fcnd\u0259n bir saat ke\u00e7m\u0259mi\u015f, sah\u0259 m\u00fcv\u0259kkili z\u0259ng vurdu ki, izahat \u00fc\u00e7\u00fcn polis\u0259 g\u0259lm\u0259liy\u0259m. R\u0259smi \u00e7a\u011f\u0131r\u0131\u015f t\u0259l\u0259b ets\u0259m d\u0259, m\u0259h\u0259l qoymad\u0131. Dedi ki, ya \u015f\u00f6b\u0259y\u0259 g\u0259lm\u0259liy\u0259m, ya da m\u0259nim \u00fc\u00e7\u00fcn \u00e7ox pis olacaq. M\u0259cbur qal\u0131b polis \u015f\u00f6b\u0259sin\u0259 getdim. Ali M\u0259clis\u0259 niy\u0259 teleqram vurdu\u011fumu soru\u015fdular. M\u0259n\u0259 dedil\u0259r ki, problemi i\u00e7timail\u0259\u015fdirm\u0259yim, m\u0259tbuata a\u00e7\u0131qlama verm\u0259yim n\u0259 m\u0259nim \u00fc\u00e7\u00fcn, n\u0259 d\u0259 Nax\u00e7\u0131van \u00fc\u00e7\u00fcn yax\u015f\u0131d\u0131. M\u0259n is\u0259 haqq\u0131m\u0131 t\u0259l\u0259b etdiyimi bildirdim, aram\u0131zda m\u00fcbahis\u0259 yarand\u0131. Sonda dedil\u0259r ki, get, g\u0259lib maraqlanaca\u011f\u0131q. M\u0259niml\u0259 t\u0259hdidl\u0259 dan\u0131\u015f\u0131rd\u0131lar\u201d.<\/p>\n\n\n\n<p>Kaz\u0131m Qurbanov \u0259mlak\u0131n\u0131n s\u00f6k\u00fclm\u0259si il\u0259 ba\u011fl\u0131 bir m\u00fcdd\u0259t \u00f6nc\u0259 d\u0259 \u201cG\u00fcnd\u0259lik Nax\u00e7\u0131van\u201da m\u00fcraci\u0259t edib.<\/p>\n\n\n\n<p>O, 30 il \u0259vv\u0259l tikilmi\u015f, qanuni s\u0259n\u0259dl\u0259\u015fdirilmi\u015f evinin divar\u0131 v\u0259 hasar\u0131n\u0131n bir hiss\u0259si m\u0259hk\u0259m\u0259 q\u0259rar\u0131 olmadan s\u00f6k\u00fcld\u00fcy\u00fcn\u00fc <a href=\"https:\/\/www.facebook.com\/275213021004357\/photos\/pb.100075606355785.-2207520000..\/477708540754803\/?type=3\" target=\"_blank\" rel=\"noreferrer noopener\">deyib.<\/a><\/p>\n\n\n\n<p>Onun s\u00f6zl\u0259rin\u0259 g\u00f6r\u0259, evinin darvazas\u0131 v\u0259 h\u0259y\u0259tinin hasar\u0131 m\u0259hk\u0259m\u0259 q\u0259rar\u0131 olmadan s\u00f6k\u00fcl\u00fcb.<\/p>\n\n\n\n<p>Bu i\u015f\u0259 Da\u015f\u0131nmaz \u018fmlak\u0131n D\u00f6vl\u0259t Reyestr Xidm\u0259tinin \u015e\u0259rur Rayon \u015e\u00f6b\u0259si r\u0259hb\u0259rlik edib.<\/p>\n\n\n\n<p>Torpaq \u0130dar\u0259sinin d\u00f6rd il \u0259vv\u0259l ona verdiyi s\u0259n\u0259di geri ist\u0259yirl\u0259r:<\/p>\n\n\n\n<p>\u201cOtuz il \u0259vv\u0259l tikilmi\u015f qanuni s\u0259n\u0259dli bu ev, bu h\u0259y\u0259t n\u0259n\u0259md\u0259n m\u0259n\u0259 qal\u0131b. 4 il \u0259vv\u0259l \u015e\u0259rur Rayon Torpaq \u0130dar\u0259si evin v\u0259 torpaq sah\u0259sinin s\u0259n\u0259dini yenil\u0259di. M\u0259n\u0259 plan v\u0259 reyestrd\u0259n \u00e7\u0131xar\u0131\u015f verdi. Bu ilin yanvar ay\u0131nda m\u0259n\u0259 m\u0259ktub yaz\u0131b, verdikl\u0259ri s\u0259n\u0259di geri verm\u0259yimi t\u0259l\u0259b etdil\u0259r. \u0130mtina edib verm\u0259dim. A\u011f\u0131r texnika g\u0259tirib darvazam\u0131, hasar\u0131m\u0131 u\u00e7urub \u201cKamaz\u201da y\u0131\u011f\u0131b apar\u0131b \u00e7\u00f6l\u0259 t\u00f6kd\u00fcl\u0259r&#8221;.<\/p>\n\n\n\n<p>O deyir ki, ba\u015f ver\u0259nl\u0259rl\u0259 ba\u011fl\u0131 aidiyyat\u0131 qurumlara d\u0259f\u0259l\u0259rl\u0259 m\u00fcraci\u0259t ets\u0259 d\u0259 d\u0259rdin\u0259 \u00e7ar\u0259 tap\u0131lmay\u0131b.<\/p>\n\n\n\n<p>\u015eikay\u0259t\u00e7i deyib ki, haqq\u0131n\u0131 Nax\u00e7\u0131vanda b\u0259rpa ed\u0259 bilm\u0259s\u0259, Bak\u0131da Prezident Administrasiyas\u0131n\u0131n qar\u015f\u0131s\u0131nda etiraz aksiyas\u0131 ke\u00e7ir\u0259c\u0259k.<\/p>\n\n\n\n<p>Da\u015f\u0131nmaz \u018fmlak\u0131n D\u00f6vl\u0259t Reyestr Xidm\u0259tinin \u015e\u0259rur Rayon \u015e\u00f6b\u0259sind\u0259n m\u0259s\u0259l\u0259y\u0259 m\u00fcnasib\u0259t bildirilm\u0259yib. \u015e\u0259rur Rayon Polis \u015e\u00f6b\u0259sind\u0259n Meydan TV-y\u0259 deyibl\u0259r ki, m\u0259lumat h\u0259qiq\u0259ti \u0259ks etdirmir.<\/p>\n","protected":false},"excerpt":{"rendered":"<p>\u201cM\u0259n\u0259 dedil\u0259r ki, problemi i\u00e7timail\u0259\u015fdirm\u0259yim\u201d \u015e\u0259rurun D\u00fcd\u0259ng\u0259 k\u0259nd sakini Kaz\u0131m &#8230; <\/p>\n<p class=\"read-more-container\"><a title=\"\u015e\u0259rur sakini: \u201cVasif Tal\u0131bova teleqram vurdu\u011fum \u00fc\u00e7\u00fcn polis\u0259 \u00e7a\u011f\u0131r\u0131ld\u0131m\u201d\" class=\"read-more button\" href=\"https:\/\/www.meydan.tv\/az\/article\/serur-sakini-vasif-talibova-teleqram-vurdugum-ucun-polise-cagirildim\/#more-253624\" aria-label=\"Read more about \u015e\u0259rur sakini: \u201cVasif Tal\u0131bova teleqram vurdu\u011fum \u00fc\u00e7\u00fcn polis\u0259 \u00e7a\u011f\u0131r\u0131ld\u0131m\u201d\">Davam\u0131<\/a><\/p>\n","protected":false},"author":8,"featured_media":253621,"comment_status":"closed","ping_status":"closed","sticky":false,"template":"","format":"standard","meta":{"_acf_changed":false,"_sitemap_exclude":false,"_sitemap_priority":"","_sitemap_frequency":"","footnotes":""},"categories":[60,56],"tags":[],"class_list":["post-253624","post","type-post","status-publish","format-standard","has-post-thumbnail","hentry","category-bolge","category-xeberler","infinite-scroll-item","generate-columns","tablet-grid-50","mobile-grid-100","grid-parent","grid-33","no-featured-image-padding"],"acf":[],"yoast_head":"<!-- This site is optimized with the Yoast SEO plugin v27.5 - https:\/\/yoast.com\/product\/yoast-seo-wordpress\/ -->\n<title>\u015e\u0259rur sakini: \u201cVasif Tal\u0131bova teleqram vurdu\u011fum \u00fc\u00e7\u00fcn polis\u0259 \u00e7a\u011f\u0131r\u0131ld\u0131m\u201d - MEYDAN.TV<\/title>\n<meta name=\"robots\" content=\"index, follow, max-snippet:-1, max-image-preview:large, max-video-preview:-1\" \/>\n<link rel=\"canonical\" href=\"https:\/\/www.meydan.tv\/az\/article\/serur-sakini-vasif-talibova-teleqram-vurdugum-ucun-polise-cagirildim\/\" \/>\n<meta property=\"og:locale\" content=\"az_AZ\" \/>\n<meta property=\"og:type\" content=\"article\" \/>\n<meta property=\"og:title\" content=\"\u015e\u0259rur sakini: \u201cVasif Tal\u0131bova teleqram vurdu\u011fum \u00fc\u00e7\u00fcn polis\u0259 \u00e7a\u011f\u0131r\u0131ld\u0131m\u201d - MEYDAN.TV\" \/>\n<meta property=\"og:description\" content=\"\u201cM\u0259n\u0259 dedil\u0259r ki, problemi i\u00e7timail\u0259\u015fdirm\u0259yim\u201d \u015e\u0259rurun D\u00fcd\u0259ng\u0259 k\u0259nd sakini Kaz\u0131m ... Davam\u0131\" \/>\n<meta property=\"og:url\" content=\"https:\/\/www.meydan.tv\/az\/article\/serur-sakini-vasif-talibova-teleqram-vurdugum-ucun-polise-cagirildim\/\" \/>\n<meta property=\"og:site_name\" content=\"MEYDAN.TV\" \/>\n<meta property=\"article:published_time\" content=\"2022-08-19T11:01:52+00:00\" \/>\n<meta property=\"article:modified_time\" content=\"2022-08-19T11:01:54+00:00\" \/>\n<meta property=\"og:image\" content=\"https:\/\/www.meydan.tv\/wp-content\/uploads\/untitled-design-3-31-e1660906907882.jpg\" \/>\n\t<meta property=\"og:image:width\" content=\"1200\" \/>\n\t<meta property=\"og:image:height\" content=\"723\" \/>\n\t<meta property=\"og:image:type\" content=\"image\/jpeg\" \/>\n<meta name=\"author\" content=\"elli\" \/>\n<meta name=\"twitter:card\" content=\"summary_large_image\" \/>\n<meta name=\"twitter:creator\" content=\"@elli\" \/>\n<script type=\"application\/ld+json\" class=\"yoast-schema-graph\">{\"@context\":\"https:\\\/\\\/schema.org\",\"@graph\":[{\"@type\":\"Article\",\"@id\":\"https:\\\/\\\/www.meydan.tv\\\/az\\\/article\\\/serur-sakini-vasif-talibova-teleqram-vurdugum-ucun-polise-cagirildim\\\/#article\",\"isPartOf\":{\"@id\":\"https:\\\/\\\/www.meydan.tv\\\/az\\\/article\\\/serur-sakini-vasif-talibova-teleqram-vurdugum-ucun-polise-cagirildim\\\/\"},\"author\":{\"name\":\"elli\",\"@id\":\"https:\\\/\\\/www.meydan.tv\\\/az\\\/#\\\/schema\\\/person\\\/9cdbecf90d17180ce1dfbd95b08dcf47\"},\"headline\":\"\u015e\u0259rur sakini: \u201cVasif Tal\u0131bova teleqram vurdu\u011fum \u00fc\u00e7\u00fcn polis\u0259 \u00e7a\u011f\u0131r\u0131ld\u0131m\u201d\",\"datePublished\":\"2022-08-19T11:01:52+00:00\",\"dateModified\":\"2022-08-19T11:01:54+00:00\",\"mainEntityOfPage\":{\"@id\":\"https:\\\/\\\/www.meydan.tv\\\/az\\\/article\\\/serur-sakini-vasif-talibova-teleqram-vurdugum-ucun-polise-cagirildim\\\/\"},\"wordCount\":572,\"publisher\":{\"@id\":\"https:\\\/\\\/www.meydan.tv\\\/az\\\/#organization\"},\"image\":{\"@id\":\"https:\\\/\\\/www.meydan.tv\\\/az\\\/article\\\/serur-sakini-vasif-talibova-teleqram-vurdugum-ucun-polise-cagirildim\\\/#primaryimage\"},\"thumbnailUrl\":\"https:\\\/\\\/www.meydan.tv\\\/wp-content\\\/uploads\\\/untitled-design-3-31-e1660906907882.jpg\",\"articleSection\":[\"B\u00f6lg\u0259\",\"X\u0259b\u0259rl\u0259r\"],\"inLanguage\":\"az\"},{\"@type\":\"WebPage\",\"@id\":\"https:\\\/\\\/www.meydan.tv\\\/az\\\/article\\\/serur-sakini-vasif-talibova-teleqram-vurdugum-ucun-polise-cagirildim\\\/\",\"url\":\"https:\\\/\\\/www.meydan.tv\\\/az\\\/article\\\/serur-sakini-vasif-talibova-teleqram-vurdugum-ucun-polise-cagirildim\\\/\",\"name\":\"\u015e\u0259rur sakini: \u201cVasif Tal\u0131bova teleqram vurdu\u011fum \u00fc\u00e7\u00fcn polis\u0259 \u00e7a\u011f\u0131r\u0131ld\u0131m\u201d - MEYDAN.TV\",\"isPartOf\":{\"@id\":\"https:\\\/\\\/www.meydan.tv\\\/az\\\/#website\"},\"primaryImageOfPage\":{\"@id\":\"https:\\\/\\\/www.meydan.tv\\\/az\\\/article\\\/serur-sakini-vasif-talibova-teleqram-vurdugum-ucun-polise-cagirildim\\\/#primaryimage\"},\"image\":{\"@id\":\"https:\\\/\\\/www.meydan.tv\\\/az\\\/article\\\/serur-sakini-vasif-talibova-teleqram-vurdugum-ucun-polise-cagirildim\\\/#primaryimage\"},\"thumbnailUrl\":\"https:\\\/\\\/www.meydan.tv\\\/wp-content\\\/uploads\\\/untitled-design-3-31-e1660906907882.jpg\",\"datePublished\":\"2022-08-19T11:01:52+00:00\",\"dateModified\":\"2022-08-19T11:01:54+00:00\",\"breadcrumb\":{\"@id\":\"https:\\\/\\\/www.meydan.tv\\\/az\\\/article\\\/serur-sakini-vasif-talibova-teleqram-vurdugum-ucun-polise-cagirildim\\\/#breadcrumb\"},\"inLanguage\":\"az\",\"potentialAction\":[{\"@type\":\"ReadAction\",\"target\":[\"https:\\\/\\\/www.meydan.tv\\\/az\\\/article\\\/serur-sakini-vasif-talibova-teleqram-vurdugum-ucun-polise-cagirildim\\\/\"]}]},{\"@type\":\"ImageObject\",\"inLanguage\":\"az\",\"@id\":\"https:\\\/\\\/www.meydan.tv\\\/az\\\/article\\\/serur-sakini-vasif-talibova-teleqram-vurdugum-ucun-polise-cagirildim\\\/#primaryimage\",\"url\":\"https:\\\/\\\/www.meydan.tv\\\/wp-content\\\/uploads\\\/untitled-design-3-31-e1660906907882.jpg\",\"contentUrl\":\"https:\\\/\\\/www.meydan.tv\\\/wp-content\\\/uploads\\\/untitled-design-3-31-e1660906907882.jpg\",\"width\":1200,\"height\":723,\"caption\":\"Kaz\u0131m Qurbanov. M\u0259nb\u0259: \\\"Facebook\\\"\"},{\"@type\":\"BreadcrumbList\",\"@id\":\"https:\\\/\\\/www.meydan.tv\\\/az\\\/article\\\/serur-sakini-vasif-talibova-teleqram-vurdugum-ucun-polise-cagirildim\\\/#breadcrumb\",\"itemListElement\":[{\"@type\":\"ListItem\",\"position\":1,\"name\":\"Ana s\u0259hif\u0259\",\"item\":\"https:\\\/\\\/www.meydan.tv\\\/az\\\/\"},{\"@type\":\"ListItem\",\"position\":2,\"name\":\"B\u00f6lg\u0259\",\"item\":\"https:\\\/\\\/www.meydan.tv\\\/az\\\/section\\\/bolge\\\/\"},{\"@type\":\"ListItem\",\"position\":3,\"name\":\"\u015e\u0259rur sakini: \u201cVasif Tal\u0131bova teleqram vurdu\u011fum \u00fc\u00e7\u00fcn polis\u0259 \u00e7a\u011f\u0131r\u0131ld\u0131m\u201d\"}]},{\"@type\":\"WebSite\",\"@id\":\"https:\\\/\\\/www.meydan.tv\\\/az\\\/#website\",\"url\":\"https:\\\/\\\/www.meydan.tv\\\/az\\\/\",\"name\":\"MEYDAN.TV\",\"description\":\"Meydan TV Az\u0259rbaycan\u0131n media m\u0259kan\u0131ndak\u0131 alternativ s\u0259sidir\",\"publisher\":{\"@id\":\"https:\\\/\\\/www.meydan.tv\\\/az\\\/#organization\"},\"potentialAction\":[{\"@type\":\"SearchAction\",\"target\":{\"@type\":\"EntryPoint\",\"urlTemplate\":\"https:\\\/\\\/www.meydan.tv\\\/az\\\/?s={search_term_string}\"},\"query-input\":{\"@type\":\"PropertyValueSpecification\",\"valueRequired\":true,\"valueName\":\"search_term_string\"}}],\"inLanguage\":\"az\"},{\"@type\":\"Organization\",\"@id\":\"https:\\\/\\\/www.meydan.tv\\\/az\\\/#organization\",\"name\":\"Meydan TV\",\"url\":\"https:\\\/\\\/www.meydan.tv\\\/az\\\/\",\"logo\":{\"@type\":\"ImageObject\",\"inLanguage\":\"az\",\"@id\":\"https:\\\/\\\/www.meydan.tv\\\/az\\\/#\\\/schema\\\/logo\\\/image\\\/\",\"url\":\"https:\\\/\\\/www.meydan.tv\\\/wp-content\\\/uploads\\\/2021\\\/07\\\/meydan-logo.svg\",\"contentUrl\":\"https:\\\/\\\/www.meydan.tv\\\/wp-content\\\/uploads\\\/2021\\\/07\\\/meydan-logo.svg\",\"width\":195,\"height\":46,\"caption\":\"Meydan TV\"},\"image\":{\"@id\":\"https:\\\/\\\/www.meydan.tv\\\/az\\\/#\\\/schema\\\/logo\\\/image\\\/\"}},{\"@type\":\"Person\",\"@id\":\"https:\\\/\\\/www.meydan.tv\\\/az\\\/#\\\/schema\\\/person\\\/9cdbecf90d17180ce1dfbd95b08dcf47\",\"name\":\"elli\",\"sameAs\":[\"https:\\\/\\\/x.com\\\/elli\"]}]}<\/script>\n<!-- \/ Yoast SEO plugin. -->","yoast_head_json":{"title":"\u015e\u0259rur sakini: \u201cVasif Tal\u0131bova teleqram vurdu\u011fum \u00fc\u00e7\u00fcn polis\u0259 \u00e7a\u011f\u0131r\u0131ld\u0131m\u201d - MEYDAN.TV","robots":{"index":"index","follow":"follow","max-snippet":"max-snippet:-1","max-image-preview":"max-image-preview:large","max-video-preview":"max-video-preview:-1"},"canonical":"https:\/\/www.meydan.tv\/az\/article\/serur-sakini-vasif-talibova-teleqram-vurdugum-ucun-polise-cagirildim\/","og_locale":"az_AZ","og_type":"article","og_title":"\u015e\u0259rur sakini: \u201cVasif Tal\u0131bova teleqram vurdu\u011fum \u00fc\u00e7\u00fcn polis\u0259 \u00e7a\u011f\u0131r\u0131ld\u0131m\u201d - MEYDAN.TV","og_description":"\u201cM\u0259n\u0259 dedil\u0259r ki, problemi i\u00e7timail\u0259\u015fdirm\u0259yim\u201d \u015e\u0259rurun D\u00fcd\u0259ng\u0259 k\u0259nd sakini Kaz\u0131m ... Davam\u0131","og_url":"https:\/\/www.meydan.tv\/az\/article\/serur-sakini-vasif-talibova-teleqram-vurdugum-ucun-polise-cagirildim\/","og_site_name":"MEYDAN.TV","article_published_time":"2022-08-19T11:01:52+00:00","article_modified_time":"2022-08-19T11:01:54+00:00","og_image":[{"width":1200,"height":723,"url":"https:\/\/www.meydan.tv\/wp-content\/uploads\/untitled-design-3-31-e1660906907882.jpg","type":"image\/jpeg"}],"author":"elli","twitter_card":"summary_large_image","twitter_creator":"@elli","schema":{"@context":"https:\/\/schema.org","@graph":[{"@type":"Article","@id":"https:\/\/www.meydan.tv\/az\/article\/serur-sakini-vasif-talibova-teleqram-vurdugum-ucun-polise-cagirildim\/#article","isPartOf":{"@id":"https:\/\/www.meydan.tv\/az\/article\/serur-sakini-vasif-talibova-teleqram-vurdugum-ucun-polise-cagirildim\/"},"author":{"name":"elli","@id":"https:\/\/www.meydan.tv\/az\/#\/schema\/person\/9cdbecf90d17180ce1dfbd95b08dcf47"},"headline":"\u015e\u0259rur sakini: \u201cVasif Tal\u0131bova teleqram vurdu\u011fum \u00fc\u00e7\u00fcn polis\u0259 \u00e7a\u011f\u0131r\u0131ld\u0131m\u201d","datePublished":"2022-08-19T11:01:52+00:00","dateModified":"2022-08-19T11:01:54+00:00","mainEntityOfPage":{"@id":"https:\/\/www.meydan.tv\/az\/article\/serur-sakini-vasif-talibova-teleqram-vurdugum-ucun-polise-cagirildim\/"},"wordCount":572,"publisher":{"@id":"https:\/\/www.meydan.tv\/az\/#organization"},"image":{"@id":"https:\/\/www.meydan.tv\/az\/article\/serur-sakini-vasif-talibova-teleqram-vurdugum-ucun-polise-cagirildim\/#primaryimage"},"thumbnailUrl":"https:\/\/www.meydan.tv\/wp-content\/uploads\/untitled-design-3-31-e1660906907882.jpg","articleSection":["B\u00f6lg\u0259","X\u0259b\u0259rl\u0259r"],"inLanguage":"az"},{"@type":"WebPage","@id":"https:\/\/www.meydan.tv\/az\/article\/serur-sakini-vasif-talibova-teleqram-vurdugum-ucun-polise-cagirildim\/","url":"https:\/\/www.meydan.tv\/az\/article\/serur-sakini-vasif-talibova-teleqram-vurdugum-ucun-polise-cagirildim\/","name":"\u015e\u0259rur sakini: \u201cVasif Tal\u0131bova teleqram vurdu\u011fum \u00fc\u00e7\u00fcn polis\u0259 \u00e7a\u011f\u0131r\u0131ld\u0131m\u201d - MEYDAN.TV","isPartOf":{"@id":"https:\/\/www.meydan.tv\/az\/#website"},"primaryImageOfPage":{"@id":"https:\/\/www.meydan.tv\/az\/article\/serur-sakini-vasif-talibova-teleqram-vurdugum-ucun-polise-cagirildim\/#primaryimage"},"image":{"@id":"https:\/\/www.meydan.tv\/az\/article\/serur-sakini-vasif-talibova-teleqram-vurdugum-ucun-polise-cagirildim\/#primaryimage"},"thumbnailUrl":"https:\/\/www.meydan.tv\/wp-content\/uploads\/untitled-design-3-31-e1660906907882.jpg","datePublished":"2022-08-19T11:01:52+00:00","dateModified":"2022-08-19T11:01:54+00:00","breadcrumb":{"@id":"https:\/\/www.meydan.tv\/az\/article\/serur-sakini-vasif-talibova-teleqram-vurdugum-ucun-polise-cagirildim\/#breadcrumb"},"inLanguage":"az","potentialAction":[{"@type":"ReadAction","target":["https:\/\/www.meydan.tv\/az\/article\/serur-sakini-vasif-talibova-teleqram-vurdugum-ucun-polise-cagirildim\/"]}]},{"@type":"ImageObject","inLanguage":"az","@id":"https:\/\/www.meydan.tv\/az\/article\/serur-sakini-vasif-talibova-teleqram-vurdugum-ucun-polise-cagirildim\/#primaryimage","url":"https:\/\/www.meydan.tv\/wp-content\/uploads\/untitled-design-3-31-e1660906907882.jpg","contentUrl":"https:\/\/www.meydan.tv\/wp-content\/uploads\/untitled-design-3-31-e1660906907882.jpg","width":1200,"height":723,"caption":"Kaz\u0131m Qurbanov. M\u0259nb\u0259: \"Facebook\""},{"@type":"BreadcrumbList","@id":"https:\/\/www.meydan.tv\/az\/article\/serur-sakini-vasif-talibova-teleqram-vurdugum-ucun-polise-cagirildim\/#breadcrumb","itemListElement":[{"@type":"ListItem","position":1,"name":"Ana s\u0259hif\u0259","item":"https:\/\/www.meydan.tv\/az\/"},{"@type":"ListItem","position":2,"name":"B\u00f6lg\u0259","item":"https:\/\/www.meydan.tv\/az\/section\/bolge\/"},{"@type":"ListItem","position":3,"name":"\u015e\u0259rur sakini: \u201cVasif Tal\u0131bova teleqram vurdu\u011fum \u00fc\u00e7\u00fcn polis\u0259 \u00e7a\u011f\u0131r\u0131ld\u0131m\u201d"}]},{"@type":"WebSite","@id":"https:\/\/www.meydan.tv\/az\/#website","url":"https:\/\/www.meydan.tv\/az\/","name":"MEYDAN.TV","description":"Meydan TV Az\u0259rbaycan\u0131n media m\u0259kan\u0131ndak\u0131 alternativ s\u0259sidir","publisher":{"@id":"https:\/\/www.meydan.tv\/az\/#organization"},"potentialAction":[{"@type":"SearchAction","target":{"@type":"EntryPoint","urlTemplate":"https:\/\/www.meydan.tv\/az\/?s={search_term_string}"},"query-input":{"@type":"PropertyValueSpecification","valueRequired":true,"valueName":"search_term_string"}}],"inLanguage":"az"},{"@type":"Organization","@id":"https:\/\/www.meydan.tv\/az\/#organization","name":"Meydan TV","url":"https:\/\/www.meydan.tv\/az\/","logo":{"@type":"ImageObject","inLanguage":"az","@id":"https:\/\/www.meydan.tv\/az\/#\/schema\/logo\/image\/","url":"https:\/\/www.meydan.tv\/wp-content\/uploads\/2021\/07\/meydan-logo.svg","contentUrl":"https:\/\/www.meydan.tv\/wp-content\/uploads\/2021\/07\/meydan-logo.svg","width":195,"height":46,"caption":"Meydan TV"},"image":{"@id":"https:\/\/www.meydan.tv\/az\/#\/schema\/logo\/image\/"}},{"@type":"Person","@id":"https:\/\/www.meydan.tv\/az\/#\/schema\/person\/9cdbecf90d17180ce1dfbd95b08dcf47","name":"elli","sameAs":["https:\/\/x.com\/elli"]}]}},"_links":{"self":[{"href":"https:\/\/www.meydan.tv\/az\/wp-json\/wp\/v2\/posts\/253624","targetHints":{"allow":["GET"]}}],"collection":[{"href":"https:\/\/www.meydan.tv\/az\/wp-json\/wp\/v2\/posts"}],"about":[{"href":"https:\/\/www.meydan.tv\/az\/wp-json\/wp\/v2\/types\/post"}],"author":[{"embeddable":true,"href":"https:\/\/www.meydan.tv\/az\/wp-json\/wp\/v2\/users\/8"}],"replies":[{"embeddable":true,"href":"https:\/\/www.meydan.tv\/az\/wp-json\/wp\/v2\/comments?post=253624"}],"version-history":[{"count":1,"href":"https:\/\/www.meydan.tv\/az\/wp-json\/wp\/v2\/posts\/253624\/revisions"}],"predecessor-version":[{"id":253625,"href":"https:\/\/www.meydan.tv\/az\/wp-json\/wp\/v2\/posts\/253624\/revisions\/253625"}],"wp:featuredmedia":[{"embeddable":true,"href":"https:\/\/www.meydan.tv\/az\/wp-json\/wp\/v2\/media\/253621"}],"wp:attachment":[{"href":"https:\/\/www.meydan.tv\/az\/wp-json\/wp\/v2\/media?parent=253624"}],"wp:term":[{"taxonomy":"category","embeddable":true,"href":"https:\/\/www.meydan.tv\/az\/wp-json\/wp\/v2\/categories?post=253624"},{"taxonomy":"post_tag","embeddable":true,"href":"https:\/\/www.meydan.tv\/az\/wp-json\/wp\/v2\/tags?post=253624"}],"curies":[{"name":"wp","href":"https:\/\/api.w.org\/{rel}","templated":true}]}}