{"id":253612,"date":"2022-08-19T13:57:06","date_gmt":"2022-08-19T09:57:06","guid":{"rendered":"https:\/\/www.meydan.tv\/?p=253612"},"modified":"2022-08-19T13:58:14","modified_gmt":"2022-08-19T09:58:14","slug":"zemfira-konsert-turuna-cixir","status":"publish","type":"post","link":"https:\/\/www.meydan.tv\/az\/article\/zemfira-konsert-turuna-cixir\/","title":{"rendered":"Zemfira konsert turuna \u00e7\u0131x\u0131r"},"content":{"rendered":"\n<p><\/p>\n\n\n\n<p><em>\u201cBorderline Tour 2022\u201d pay\u0131zda ilk olaraq Kiprin Limassol \u015f\u0259h\u0259rind\u0259n ba\u015flayacaq<\/em><\/p>\n\n\n\n<p>Ukraynada h\u0259rbi \u0259m\u0259liyyatlar ba\u015flayandan sonra Rusiyan\u0131 t\u0259rk ed\u0259r\u0259k Avropada ya\u015fayan rok m\u00fc\u011f\u0259nni Zemfira \u201c\u0130nstagram\u201d s\u0259hif\u0259sind\u0259 yeni konsert turu il\u0259 ba\u011fl\u0131 m\u0259lumat <a href=\"https:\/\/www.instagram.com\/p\/ChZY4zaMZzZ\/\" target=\"_blank\" rel=\"noreferrer noopener\">yay\u0131b<\/a>.<\/p>\n\n\n\n<p>Qastrol turu m\u00fc\u011f\u0259nninin \u201cBorderline\u201d adl\u0131 yeddinci studiya albomuna d\u0259st\u0259k m\u0259qs\u0259dil\u0259 ke\u00e7ir\u0259c\u0259k.<\/p>\n\n\n\n<p>\u201cBorderline Tour 2022\u201d pay\u0131zda ilk olaraq Kiprin Limassol \u015f\u0259h\u0259rind\u0259n ba\u015flayacaq.<\/p>\n\n\n\n<p>Noyabr\u0131n 3-d\u0259k ke\u00e7irilm\u0259si n\u0259z\u0259rd\u0259 tutulan qastrol s\u0259f\u0259rin\u0259 Avropan\u0131n bir s\u0131ra paytaxt \u015f\u0259h\u0259rl\u0259ri, h\u0259m\u00e7inin T\u0259l-\u018fvivd\u0259 tama\u015fa v\u0259 \u0130stanbulun \u201cJolly Joker\u201d klubunda konsert daxildir.<\/p>\n\n\n\n<p>Turnenin biletl\u0259ri avqustun 22-d\u0259n etibar\u0259n ifa\u00e7\u0131n\u0131n r\u0259smi sayt\u0131nda sat\u0131\u015fa \u00e7\u0131xar\u0131lacaq.<\/p>\n\n\n\n<p>2022-ci il fevral\u0131n 24-d\u0259 Rusiya Ukraynaya h\u0259rbi m\u00fcdaxil\u0259y\u0259 ba\u015flad\u0131\u011f\u0131 g\u00fcn Zemfira sosial \u015f\u0259b\u0259k\u0259 \u201cM\u00fcharib\u0259y\u0259 yox!\u201d <a href=\"https:\/\/www.instagram.com\/p\/CaW8G_aMXPc\/\" target=\"_blank\" rel=\"noreferrer noopener\">deyib.<\/a><\/p>\n\n\n\n<p>H\u0259rbi \u0259m\u0259liyyatlar\u0131 a\u00e7\u0131q \u015f\u0259kild\u0259 pisl\u0259diyi \u00fc\u00e7\u00fcn Zemfiran\u0131n ad\u0131 Rusiyada arzuolunmaz m\u00fc\u011f\u0259nnil\u0259r siyah\u0131s\u0131na sal\u0131n\u0131b.<\/p>\n\n\n\n<p>O, 2022-ci ilin may\u0131nda Rusiyan\u0131n Ukraynadak\u0131 h\u0259rbi m\u00fcnaqi\u015f\u0259sin\u0259 etiraz olaraq, \u201c\u041c\u044f\u0441\u043e\u201d (The Meat) adl\u0131 yeni mahn\u0131s\u0131n\u0131 t\u0259qdim <a href=\"https:\/\/d9mc3ts4czbpr.cloudfront.net\/az\/article\/muharibeye-yox-deyen-rusiyali-mugenni-yeni-mahnisini-teqdim-edib\/\" target=\"_blank\" rel=\"noreferrer noopener\">edib<\/a>.<\/p>\n","protected":false},"excerpt":{"rendered":"<p>\u201cBorderline Tour 2022\u201d pay\u0131zda ilk olaraq Kiprin Limassol \u015f\u0259h\u0259rind\u0259n ba\u015flayacaq &#8230; <\/p>\n<p class=\"read-more-container\"><a title=\"Zemfira konsert turuna \u00e7\u0131x\u0131r\" class=\"read-more button\" href=\"https:\/\/www.meydan.tv\/az\/article\/zemfira-konsert-turuna-cixir\/#more-253612\" aria-label=\"Read more about Zemfira konsert turuna \u00e7\u0131x\u0131r\">Davam\u0131<\/a><\/p>\n","protected":false},"author":8,"featured_media":253613,"comment_status":"closed","ping_status":"closed","sticky":false,"template":"","format":"standard","meta":{"_acf_changed":false,"_sitemap_exclude":false,"_sitemap_priority":"","_sitemap_frequency":"","footnotes":""},"categories":[52,56],"tags":[],"class_list":["post-253612","post","type-post","status-publish","format-standard","has-post-thumbnail","hentry","category-medeniyyet","category-xeberler","infinite-scroll-item","generate-columns","tablet-grid-50","mobile-grid-100","grid-parent","grid-33","no-featured-image-padding"],"acf":[],"yoast_head":"<!-- This site is optimized with the Yoast SEO plugin v27.5 - https:\/\/yoast.com\/product\/yoast-seo-wordpress\/ -->\n<title>Zemfira konsert turuna \u00e7\u0131x\u0131r - MEYDAN.TV<\/title>\n<meta name=\"robots\" content=\"index, follow, max-snippet:-1, max-image-preview:large, max-video-preview:-1\" \/>\n<link rel=\"canonical\" href=\"https:\/\/www.meydan.tv\/az\/article\/zemfira-konsert-turuna-cixir\/\" \/>\n<meta property=\"og:locale\" content=\"az_AZ\" \/>\n<meta property=\"og:type\" content=\"article\" \/>\n<meta property=\"og:title\" content=\"Zemfira konsert turuna \u00e7\u0131x\u0131r - MEYDAN.TV\" \/>\n<meta property=\"og:description\" content=\"\u201cBorderline Tour 2022\u201d pay\u0131zda ilk olaraq Kiprin Limassol \u015f\u0259h\u0259rind\u0259n ba\u015flayacaq ... Davam\u0131\" \/>\n<meta property=\"og:url\" content=\"https:\/\/www.meydan.tv\/az\/article\/zemfira-konsert-turuna-cixir\/\" \/>\n<meta property=\"og:site_name\" content=\"MEYDAN.TV\" \/>\n<meta property=\"article:published_time\" content=\"2022-08-19T09:57:06+00:00\" \/>\n<meta property=\"article:modified_time\" content=\"2022-08-19T09:58:14+00:00\" \/>\n<meta property=\"og:image\" content=\"https:\/\/www.meydan.tv\/wp-content\/uploads\/9e4c70901f.jpg\" \/>\n\t<meta property=\"og:image:width\" content=\"1200\" \/>\n\t<meta property=\"og:image:height\" content=\"630\" \/>\n\t<meta property=\"og:image:type\" content=\"image\/jpeg\" \/>\n<meta name=\"author\" content=\"elli\" \/>\n<meta name=\"twitter:card\" content=\"summary_large_image\" \/>\n<meta name=\"twitter:creator\" content=\"@elli\" \/>\n<script type=\"application\/ld+json\" class=\"yoast-schema-graph\">{\"@context\":\"https:\\\/\\\/schema.org\",\"@graph\":[{\"@type\":\"Article\",\"@id\":\"https:\\\/\\\/www.meydan.tv\\\/az\\\/article\\\/zemfira-konsert-turuna-cixir\\\/#article\",\"isPartOf\":{\"@id\":\"https:\\\/\\\/www.meydan.tv\\\/az\\\/article\\\/zemfira-konsert-turuna-cixir\\\/\"},\"author\":{\"name\":\"elli\",\"@id\":\"https:\\\/\\\/www.meydan.tv\\\/az\\\/#\\\/schema\\\/person\\\/9cdbecf90d17180ce1dfbd95b08dcf47\"},\"headline\":\"Zemfira konsert turuna \u00e7\u0131x\u0131r\",\"datePublished\":\"2022-08-19T09:57:06+00:00\",\"dateModified\":\"2022-08-19T09:58:14+00:00\",\"mainEntityOfPage\":{\"@id\":\"https:\\\/\\\/www.meydan.tv\\\/az\\\/article\\\/zemfira-konsert-turuna-cixir\\\/\"},\"wordCount\":252,\"publisher\":{\"@id\":\"https:\\\/\\\/www.meydan.tv\\\/az\\\/#organization\"},\"image\":{\"@id\":\"https:\\\/\\\/www.meydan.tv\\\/az\\\/article\\\/zemfira-konsert-turuna-cixir\\\/#primaryimage\"},\"thumbnailUrl\":\"https:\\\/\\\/www.meydan.tv\\\/wp-content\\\/uploads\\\/9e4c70901f.jpg\",\"articleSection\":[\"M\u0259d\u0259niyy\u0259t\",\"X\u0259b\u0259rl\u0259r\"],\"inLanguage\":\"az\"},{\"@type\":\"WebPage\",\"@id\":\"https:\\\/\\\/www.meydan.tv\\\/az\\\/article\\\/zemfira-konsert-turuna-cixir\\\/\",\"url\":\"https:\\\/\\\/www.meydan.tv\\\/az\\\/article\\\/zemfira-konsert-turuna-cixir\\\/\",\"name\":\"Zemfira konsert turuna \u00e7\u0131x\u0131r - MEYDAN.TV\",\"isPartOf\":{\"@id\":\"https:\\\/\\\/www.meydan.tv\\\/az\\\/#website\"},\"primaryImageOfPage\":{\"@id\":\"https:\\\/\\\/www.meydan.tv\\\/az\\\/article\\\/zemfira-konsert-turuna-cixir\\\/#primaryimage\"},\"image\":{\"@id\":\"https:\\\/\\\/www.meydan.tv\\\/az\\\/article\\\/zemfira-konsert-turuna-cixir\\\/#primaryimage\"},\"thumbnailUrl\":\"https:\\\/\\\/www.meydan.tv\\\/wp-content\\\/uploads\\\/9e4c70901f.jpg\",\"datePublished\":\"2022-08-19T09:57:06+00:00\",\"dateModified\":\"2022-08-19T09:58:14+00:00\",\"breadcrumb\":{\"@id\":\"https:\\\/\\\/www.meydan.tv\\\/az\\\/article\\\/zemfira-konsert-turuna-cixir\\\/#breadcrumb\"},\"inLanguage\":\"az\",\"potentialAction\":[{\"@type\":\"ReadAction\",\"target\":[\"https:\\\/\\\/www.meydan.tv\\\/az\\\/article\\\/zemfira-konsert-turuna-cixir\\\/\"]}]},{\"@type\":\"ImageObject\",\"inLanguage\":\"az\",\"@id\":\"https:\\\/\\\/www.meydan.tv\\\/az\\\/article\\\/zemfira-konsert-turuna-cixir\\\/#primaryimage\",\"url\":\"https:\\\/\\\/www.meydan.tv\\\/wp-content\\\/uploads\\\/9e4c70901f.jpg\",\"contentUrl\":\"https:\\\/\\\/www.meydan.tv\\\/wp-content\\\/uploads\\\/9e4c70901f.jpg\",\"width\":1200,\"height\":630,\"caption\":\"Zemfira. M\u0259nb\u0259: \\\"russia.postsen.com\\\"\"},{\"@type\":\"BreadcrumbList\",\"@id\":\"https:\\\/\\\/www.meydan.tv\\\/az\\\/article\\\/zemfira-konsert-turuna-cixir\\\/#breadcrumb\",\"itemListElement\":[{\"@type\":\"ListItem\",\"position\":1,\"name\":\"Ana s\u0259hif\u0259\",\"item\":\"https:\\\/\\\/www.meydan.tv\\\/az\\\/\"},{\"@type\":\"ListItem\",\"position\":2,\"name\":\"M\u0259d\u0259niyy\u0259t\",\"item\":\"https:\\\/\\\/www.meydan.tv\\\/az\\\/section\\\/medeniyyet\\\/\"},{\"@type\":\"ListItem\",\"position\":3,\"name\":\"Zemfira konsert turuna \u00e7\u0131x\u0131r\"}]},{\"@type\":\"WebSite\",\"@id\":\"https:\\\/\\\/www.meydan.tv\\\/az\\\/#website\",\"url\":\"https:\\\/\\\/www.meydan.tv\\\/az\\\/\",\"name\":\"MEYDAN.TV\",\"description\":\"Meydan TV Az\u0259rbaycan\u0131n media m\u0259kan\u0131ndak\u0131 alternativ s\u0259sidir\",\"publisher\":{\"@id\":\"https:\\\/\\\/www.meydan.tv\\\/az\\\/#organization\"},\"potentialAction\":[{\"@type\":\"SearchAction\",\"target\":{\"@type\":\"EntryPoint\",\"urlTemplate\":\"https:\\\/\\\/www.meydan.tv\\\/az\\\/?s={search_term_string}\"},\"query-input\":{\"@type\":\"PropertyValueSpecification\",\"valueRequired\":true,\"valueName\":\"search_term_string\"}}],\"inLanguage\":\"az\"},{\"@type\":\"Organization\",\"@id\":\"https:\\\/\\\/www.meydan.tv\\\/az\\\/#organization\",\"name\":\"Meydan TV\",\"url\":\"https:\\\/\\\/www.meydan.tv\\\/az\\\/\",\"logo\":{\"@type\":\"ImageObject\",\"inLanguage\":\"az\",\"@id\":\"https:\\\/\\\/www.meydan.tv\\\/az\\\/#\\\/schema\\\/logo\\\/image\\\/\",\"url\":\"https:\\\/\\\/www.meydan.tv\\\/wp-content\\\/uploads\\\/2021\\\/07\\\/meydan-logo.svg\",\"contentUrl\":\"https:\\\/\\\/www.meydan.tv\\\/wp-content\\\/uploads\\\/2021\\\/07\\\/meydan-logo.svg\",\"width\":195,\"height\":46,\"caption\":\"Meydan TV\"},\"image\":{\"@id\":\"https:\\\/\\\/www.meydan.tv\\\/az\\\/#\\\/schema\\\/logo\\\/image\\\/\"}},{\"@type\":\"Person\",\"@id\":\"https:\\\/\\\/www.meydan.tv\\\/az\\\/#\\\/schema\\\/person\\\/9cdbecf90d17180ce1dfbd95b08dcf47\",\"name\":\"elli\",\"sameAs\":[\"https:\\\/\\\/x.com\\\/elli\"]}]}<\/script>\n<!-- \/ Yoast SEO plugin. -->","yoast_head_json":{"title":"Zemfira konsert turuna \u00e7\u0131x\u0131r - MEYDAN.TV","robots":{"index":"index","follow":"follow","max-snippet":"max-snippet:-1","max-image-preview":"max-image-preview:large","max-video-preview":"max-video-preview:-1"},"canonical":"https:\/\/www.meydan.tv\/az\/article\/zemfira-konsert-turuna-cixir\/","og_locale":"az_AZ","og_type":"article","og_title":"Zemfira konsert turuna \u00e7\u0131x\u0131r - MEYDAN.TV","og_description":"\u201cBorderline Tour 2022\u201d pay\u0131zda ilk olaraq Kiprin Limassol \u015f\u0259h\u0259rind\u0259n ba\u015flayacaq ... Davam\u0131","og_url":"https:\/\/www.meydan.tv\/az\/article\/zemfira-konsert-turuna-cixir\/","og_site_name":"MEYDAN.TV","article_published_time":"2022-08-19T09:57:06+00:00","article_modified_time":"2022-08-19T09:58:14+00:00","og_image":[{"width":1200,"height":630,"url":"https:\/\/www.meydan.tv\/wp-content\/uploads\/9e4c70901f.jpg","type":"image\/jpeg"}],"author":"elli","twitter_card":"summary_large_image","twitter_creator":"@elli","schema":{"@context":"https:\/\/schema.org","@graph":[{"@type":"Article","@id":"https:\/\/www.meydan.tv\/az\/article\/zemfira-konsert-turuna-cixir\/#article","isPartOf":{"@id":"https:\/\/www.meydan.tv\/az\/article\/zemfira-konsert-turuna-cixir\/"},"author":{"name":"elli","@id":"https:\/\/www.meydan.tv\/az\/#\/schema\/person\/9cdbecf90d17180ce1dfbd95b08dcf47"},"headline":"Zemfira konsert turuna \u00e7\u0131x\u0131r","datePublished":"2022-08-19T09:57:06+00:00","dateModified":"2022-08-19T09:58:14+00:00","mainEntityOfPage":{"@id":"https:\/\/www.meydan.tv\/az\/article\/zemfira-konsert-turuna-cixir\/"},"wordCount":252,"publisher":{"@id":"https:\/\/www.meydan.tv\/az\/#organization"},"image":{"@id":"https:\/\/www.meydan.tv\/az\/article\/zemfira-konsert-turuna-cixir\/#primaryimage"},"thumbnailUrl":"https:\/\/www.meydan.tv\/wp-content\/uploads\/9e4c70901f.jpg","articleSection":["M\u0259d\u0259niyy\u0259t","X\u0259b\u0259rl\u0259r"],"inLanguage":"az"},{"@type":"WebPage","@id":"https:\/\/www.meydan.tv\/az\/article\/zemfira-konsert-turuna-cixir\/","url":"https:\/\/www.meydan.tv\/az\/article\/zemfira-konsert-turuna-cixir\/","name":"Zemfira konsert turuna \u00e7\u0131x\u0131r - MEYDAN.TV","isPartOf":{"@id":"https:\/\/www.meydan.tv\/az\/#website"},"primaryImageOfPage":{"@id":"https:\/\/www.meydan.tv\/az\/article\/zemfira-konsert-turuna-cixir\/#primaryimage"},"image":{"@id":"https:\/\/www.meydan.tv\/az\/article\/zemfira-konsert-turuna-cixir\/#primaryimage"},"thumbnailUrl":"https:\/\/www.meydan.tv\/wp-content\/uploads\/9e4c70901f.jpg","datePublished":"2022-08-19T09:57:06+00:00","dateModified":"2022-08-19T09:58:14+00:00","breadcrumb":{"@id":"https:\/\/www.meydan.tv\/az\/article\/zemfira-konsert-turuna-cixir\/#breadcrumb"},"inLanguage":"az","potentialAction":[{"@type":"ReadAction","target":["https:\/\/www.meydan.tv\/az\/article\/zemfira-konsert-turuna-cixir\/"]}]},{"@type":"ImageObject","inLanguage":"az","@id":"https:\/\/www.meydan.tv\/az\/article\/zemfira-konsert-turuna-cixir\/#primaryimage","url":"https:\/\/www.meydan.tv\/wp-content\/uploads\/9e4c70901f.jpg","contentUrl":"https:\/\/www.meydan.tv\/wp-content\/uploads\/9e4c70901f.jpg","width":1200,"height":630,"caption":"Zemfira. M\u0259nb\u0259: \"russia.postsen.com\""},{"@type":"BreadcrumbList","@id":"https:\/\/www.meydan.tv\/az\/article\/zemfira-konsert-turuna-cixir\/#breadcrumb","itemListElement":[{"@type":"ListItem","position":1,"name":"Ana s\u0259hif\u0259","item":"https:\/\/www.meydan.tv\/az\/"},{"@type":"ListItem","position":2,"name":"M\u0259d\u0259niyy\u0259t","item":"https:\/\/www.meydan.tv\/az\/section\/medeniyyet\/"},{"@type":"ListItem","position":3,"name":"Zemfira konsert turuna \u00e7\u0131x\u0131r"}]},{"@type":"WebSite","@id":"https:\/\/www.meydan.tv\/az\/#website","url":"https:\/\/www.meydan.tv\/az\/","name":"MEYDAN.TV","description":"Meydan TV Az\u0259rbaycan\u0131n media m\u0259kan\u0131ndak\u0131 alternativ s\u0259sidir","publisher":{"@id":"https:\/\/www.meydan.tv\/az\/#organization"},"potentialAction":[{"@type":"SearchAction","target":{"@type":"EntryPoint","urlTemplate":"https:\/\/www.meydan.tv\/az\/?s={search_term_string}"},"query-input":{"@type":"PropertyValueSpecification","valueRequired":true,"valueName":"search_term_string"}}],"inLanguage":"az"},{"@type":"Organization","@id":"https:\/\/www.meydan.tv\/az\/#organization","name":"Meydan TV","url":"https:\/\/www.meydan.tv\/az\/","logo":{"@type":"ImageObject","inLanguage":"az","@id":"https:\/\/www.meydan.tv\/az\/#\/schema\/logo\/image\/","url":"https:\/\/www.meydan.tv\/wp-content\/uploads\/2021\/07\/meydan-logo.svg","contentUrl":"https:\/\/www.meydan.tv\/wp-content\/uploads\/2021\/07\/meydan-logo.svg","width":195,"height":46,"caption":"Meydan TV"},"image":{"@id":"https:\/\/www.meydan.tv\/az\/#\/schema\/logo\/image\/"}},{"@type":"Person","@id":"https:\/\/www.meydan.tv\/az\/#\/schema\/person\/9cdbecf90d17180ce1dfbd95b08dcf47","name":"elli","sameAs":["https:\/\/x.com\/elli"]}]}},"_links":{"self":[{"href":"https:\/\/www.meydan.tv\/az\/wp-json\/wp\/v2\/posts\/253612","targetHints":{"allow":["GET"]}}],"collection":[{"href":"https:\/\/www.meydan.tv\/az\/wp-json\/wp\/v2\/posts"}],"about":[{"href":"https:\/\/www.meydan.tv\/az\/wp-json\/wp\/v2\/types\/post"}],"author":[{"embeddable":true,"href":"https:\/\/www.meydan.tv\/az\/wp-json\/wp\/v2\/users\/8"}],"replies":[{"embeddable":true,"href":"https:\/\/www.meydan.tv\/az\/wp-json\/wp\/v2\/comments?post=253612"}],"version-history":[{"count":3,"href":"https:\/\/www.meydan.tv\/az\/wp-json\/wp\/v2\/posts\/253612\/revisions"}],"predecessor-version":[{"id":253618,"href":"https:\/\/www.meydan.tv\/az\/wp-json\/wp\/v2\/posts\/253612\/revisions\/253618"}],"wp:featuredmedia":[{"embeddable":true,"href":"https:\/\/www.meydan.tv\/az\/wp-json\/wp\/v2\/media\/253613"}],"wp:attachment":[{"href":"https:\/\/www.meydan.tv\/az\/wp-json\/wp\/v2\/media?parent=253612"}],"wp:term":[{"taxonomy":"category","embeddable":true,"href":"https:\/\/www.meydan.tv\/az\/wp-json\/wp\/v2\/categories?post=253612"},{"taxonomy":"post_tag","embeddable":true,"href":"https:\/\/www.meydan.tv\/az\/wp-json\/wp\/v2\/tags?post=253612"}],"curies":[{"name":"wp","href":"https:\/\/api.w.org\/{rel}","templated":true}]}}