{"id":253583,"date":"2022-08-19T10:52:29","date_gmt":"2022-08-19T06:52:29","guid":{"rendered":"https:\/\/www.meydan.tv\/?p=253583"},"modified":"2022-08-19T10:52:31","modified_gmt":"2022-08-19T06:52:31","slug":"yangin-ehalinin-emlakina-zerer-vurub-ev-heyvanlari-olub","status":"publish","type":"post","link":"https:\/\/www.meydan.tv\/az\/article\/yangin-ehalinin-emlakina-zerer-vurub-ev-heyvanlari-olub\/","title":{"rendered":"Yan\u011f\u0131n \u0259halinin \u0259mlak\u0131na z\u0259r\u0259r vurub, ev heyvanlar\u0131 \u00f6l\u00fcb"},"content":{"rendered":"\n<p><\/p>\n\n\n\n<p><em>Bir ne\u00e7\u0259 k\u0259ndin \u0259halisinin t\u0259xliy\u0259 olundu\u011fu bildirilir<\/em><\/p>\n\n\n\n<p>Me\u015f\u0259 yan\u011f\u0131nlar\u0131 \u015eabran\u0131n Da\u011f Bilici k\u0259ndind\u0259 7 ail\u0259nin \u0259mlak\u0131na ciddi z\u0259r\u0259r vurub.<\/p>\n\n\n\n<p>Bir ev tamamil\u0259 yan\u0131b, \u00e7ox sayda ev heyvan\u0131 t\u0259l\u0259f olub. 10 k\u0259ndin \u0259kin sah\u0259l\u0259ri is\u0259 alovlar i\u00e7ind\u0259 qal\u0131b.<\/p>\n\n\n\n<p>\u201cEcofront\u201dun hadis\u0259 yerind\u0259 olan \u0259m\u0259kda\u015f\u0131 yand\u0131\u011f\u0131n\u0131n h\u0259l\u0259 d\u0259 davam etdiyini <a href=\"https:\/\/www.facebook.com\/ecofront.az\/photos\/a.1300621756653353\/5340734662642022\/?type=3\" target=\"_blank\" rel=\"noreferrer noopener\">s\u00f6yl\u0259yir<\/a>. Bildirir ki, b\u0259zi yerl\u0259rd\u0259 yan\u011f\u0131n lokalla\u015fd\u0131r\u0131l\u0131b, lakin \u0259vv\u0259lc\u0259d\u0259n s\u00f6nd\u00fcr\u00fclm\u00fc\u015f me\u015f\u0259lik \u0259razil\u0259rin b\u0259zisind\u0259 yenid\u0259n alovlar g\u00f6r\u00fcn\u00fcr.<\/p>\n\n\n\n<p>\u201cHaz\u0131rda \u015eabran\u0131n \u00c7ayq\u0131\u015flaq k\u0259ndind\u0259n Da\u011f Bilici k\u0259ndi istiqam\u0259tin\u0259 2 hiss\u0259d\u0259 yan\u011f\u0131n yay\u0131lmaqda davam edir. H\u0259m\u00e7inin, Qalaalt\u0131 k\u0259ndinin c\u0259nub-q\u0259rb hiss\u0259sind\u0259 v\u0259 \u00c7ayq\u0131\u015flaq k\u0259ndind\u0259n \u015fimal istiqam\u0259t\u0259 yan\u011f\u0131n\u0131n davam etdiyi bildirilir. \u00dcmumilikd\u0259, bu g\u00fcn etibaril\u0259 1000 hektardan art\u0131q \u0259razi yan\u0131b\u201d.<\/p>\n\n\n\n<figure class=\"wp-block-image size-large\"><img decoding=\"async\" width=\"1095\" height=\"821\" data-src=\"https:\/\/www.meydan.tv\/wp-content\/uploads\/img_2624-1095x821.jpg\" alt=\"\" class=\"wp-image-253574 lazyload\" src=\"data:image\/svg+xml;base64,PHN2ZyB3aWR0aD0iMSIgaGVpZ2h0PSIxIiB4bWxucz0iaHR0cDovL3d3dy53My5vcmcvMjAwMC9zdmciPjwvc3ZnPg==\" style=\"--smush-placeholder-width: 1095px; --smush-placeholder-aspect-ratio: 1095\/821;\" \/><figcaption>Foto: Ecofront<\/figcaption><\/figure>\n\n\n\n<p>F\u00f6vq\u0259lad\u0259 Hallar Nazirliyinin (FHN) bu bar\u0259d\u0259 yayd\u0131\u011f\u0131 \u0259n son <a href=\"https:\/\/www.fhn.gov.az\/index.php?aze\/news\/xeber\/2022\/8\/18\/45078\" target=\"_blank\" rel=\"noreferrer noopener\">m\u0259lumat<\/a>da qeyd edilir ki, haz\u0131rda yan\u011f\u0131nlar\u0131n geni\u015fl\u0259nm\u0259sinin qar\u015f\u0131s\u0131n\u0131n al\u0131nmas\u0131 v\u0259 s\u00f6nd\u00fcr\u00fclm\u0259si istiqam\u0259tind\u0259 operativ v\u0259 t\u0259xir\u0259sal\u0131nmaz t\u0259dbirl\u0259r davam edir. Yan\u011f\u0131ns\u00f6nd\u00fcrm\u0259 \u0259m\u0259liyyatlar\u0131n\u0131n \u0259ks\u0259riyy\u0259ti texnikan\u0131n v\u0259 \u015f\u0259xsi hey\u0259tin h\u0259r\u0259k\u0259ti \u00fc\u00e7\u00fcn \u0259lveri\u015fsiz olan m\u00fcr\u0259kk\u0259b da\u011fl\u0131q relyefd\u0259 h\u0259yata ke\u00e7irilir:<\/p>\n\n\n\n<p>\u201c\u015eabran, Q\u0259b\u0259l\u0259, Quba, Siy\u0259z\u0259n v\u0259 Xa\u00e7maz rayonlar\u0131nda me\u015f\u0259 v\u0259 me\u015f\u0259\u0259traf\u0131 \u0259razil\u0259rd\u0259 ba\u015f vermi\u015f yan\u011f\u0131nlarla m\u00fcbariz\u0259 t\u0259dbirl\u0259rind\u0259 m\u00fcvafiq d\u00f6vl\u0259t qurumlar\u0131ndan \u00fcmumilikd\u0259 1140 n\u0259f\u0259rd\u0259n \u00e7ox canl\u0131 q\u00fcvv\u0259d\u0259n v\u0259 m\u00fcxt\u0259lif t\u0259yinatl\u0131 120 \u0259d\u0259d texnikadan istifad\u0259 edilir\u201d.<\/p>\n\n\n\n<figure class=\"wp-block-image size-large\"><img decoding=\"async\" width=\"1095\" height=\"821\" data-src=\"https:\/\/www.meydan.tv\/wp-content\/uploads\/img_2620-1095x821.jpg\" alt=\"\" class=\"wp-image-253571 lazyload\" src=\"data:image\/svg+xml;base64,PHN2ZyB3aWR0aD0iMSIgaGVpZ2h0PSIxIiB4bWxucz0iaHR0cDovL3d3dy53My5vcmcvMjAwMC9zdmciPjwvc3ZnPg==\" style=\"--smush-placeholder-width: 1095px; --smush-placeholder-aspect-ratio: 1095\/821;\" \/><figcaption>Foto: Ecofront<\/figcaption><\/figure>\n\n\n\n<p>FHN bildirir ki, yan\u011f\u0131nla m\u00fcbariz\u0259 t\u0259dbirl\u0259rind\u0259 FHN-in D\u00f6vl\u0259t Yan\u011f\u0131ndan M\u00fchafiz\u0259 Xidm\u0259tinin, \u015eimal v\u0259 \u015eimal-q\u0259rb regional m\u0259rk\u0259zl\u0259rinin, M\u00fclki m\u00fcdafi\u0259 qo\u015funlar\u0131n\u0131n v\u0259 X\u00fcsusi Riskli Xilasetm\u0259 Xidm\u0259tinin 740 n\u0259f\u0259rd\u0259n \u00e7ox \u015f\u0259xsi hey\u0259ti v\u0259 80-\u0259 q\u0259d\u0259r x\u00fcsusi texnikas\u0131, o c\u00fcml\u0259d\u0259n FHN-in Aviasiya d\u0259st\u0259sin\u0259 m\u0259xsus \u201cBE 200 \u00c7S\u201d amfibiya t\u0259yyar\u0259si v\u0259 2 \u0259d\u0259d helikopteri i\u015ftirak edir. Bundan \u0259lav\u0259, yan\u011f\u0131nlar\u0131n s\u00f6nd\u00fcr\u00fclm\u0259si \u0259m\u0259liyyatlar\u0131na Ekologiya v\u0259 T\u0259bii S\u0259rv\u0259tl\u0259r Nazirliyi Me\u015f\u0259 T\u0259s\u0259rr\u00fcfat\u0131 M\u0259rk\u0259zinin v\u0259 yerli icra hakimiyy\u0259tl\u0259rinin 400 n\u0259f\u0259rd\u0259n \u00e7ox canl\u0131 q\u00fcvv\u0259si v\u0259 40-dan \u00e7ox texnikas\u0131 da c\u0259lb edilib:<\/p>\n\n\n\n<p>\u201cYan\u011f\u0131nlar\u0131n qar\u015f\u0131s\u0131n\u0131n al\u0131nmas\u0131 i\u015fl\u0259rind\u0259 Daxili \u0130\u015fl\u0259r Nazirliyinin v\u0259 \u201cAz\u0259rsu\u201d ASC-nin \u0259m\u0259kda\u015flar\u0131 da i\u015ftirak edir. Haz\u0131rda n\u0259zar\u0259t\u0259 g\u00f6t\u00fcr\u00fcl\u0259n yan\u011f\u0131n ba\u015f vermi\u015f \u0259razil\u0259rd\u0259 soyutma i\u015fl\u0259ri apar\u0131l\u0131r. \u0130sti v\u0259 k\u00fcl\u0259kli hava \u015f\u0259raitin\u0259 baxmayaraq, yan\u011f\u0131n ocaqlar\u0131n\u0131n tam s\u00f6nd\u00fcr\u00fclm\u0259si m\u0259qs\u0259di il\u0259 \u0259m\u0259liyyatlar davam etdirilir\u201d.<\/p>\n\n\n\n<p>\u015eabran rayonunda davam ed\u0259n yan\u011f\u0131nla ba\u011fl\u0131 art\u0131q bir ne\u00e7\u0259 k\u0259ndin \u0259halisinin t\u0259xliy\u0259 olundu\u011fu bildirilir.<\/p>\n\n\n\n<figure class=\"wp-block-image size-large\"><img decoding=\"async\" width=\"1095\" height=\"821\" data-src=\"https:\/\/www.meydan.tv\/wp-content\/uploads\/img_2625-1095x821.jpg\" alt=\"\" class=\"wp-image-253577 lazyload\" src=\"data:image\/svg+xml;base64,PHN2ZyB3aWR0aD0iMSIgaGVpZ2h0PSIxIiB4bWxucz0iaHR0cDovL3d3dy53My5vcmcvMjAwMC9zdmciPjwvc3ZnPg==\" style=\"--smush-placeholder-width: 1095px; --smush-placeholder-aspect-ratio: 1095\/821;\" \/><figcaption>Foto: Ecofront<\/figcaption><\/figure>\n\n\n\n<p>&#8220;Turan&#8221; \u0130nformasiya Agentliyin\u0259 dan\u0131\u015fan yerli sakinl\u0259r bildiribl\u0259r ki, X\u0259lf\u0259l\u0259r, Da\u011f Bilici v\u0259 daha bir k\u0259ndin \u0259halisi t\u0259hl\u00fck\u0259siz yer\u0259 k\u00f6\u00e7\u00fcr\u00fcl\u00fcb:<\/p>\n\n\n\n<p>&#8220;Haz\u0131rda \u0259kinl\u0259r d\u0259 yan\u0131r. F\u00f6vq\u0259lad\u0259 Hallar Nazirliyi v\u0259 k\u0259nd \u0259halisi birl\u0259\u015f\u0259r\u0259k yan\u011f\u0131nlar\u0131 s\u00f6nd\u00fcrm\u0259y\u0259 \u00e7al\u0131\u015f\u0131r&#8221;.<\/p>\n\n\n\n<p>\u201cEcofront\u201d x\u0259b\u0259rdarl\u0131q edir ki, \u00c7\u0131raqqala v\u0259 M\u0259\u015frifd\u0259n ba\u015flayaraq \u015eabran\u0131n Zeyv\u0259 v\u0259 Quban\u0131n \u00c7i\u00e7i k\u0259ndl\u0259rin\u0259 q\u0259d\u0259r me\u015f\u0259nin i\u00e7ind\u0259 neft buruqlar\u0131, eyni zamanda neft \u00e7\u0259nl\u0259ri,neft k\u0259m\u0259rl\u0259ri var. \u018fg\u0259r yan\u011f\u0131n neft infrastrukturuna ke\u00e7s\u0259, ya ke\u00e7ibs\u0259, onu s\u00f6nd\u00fcrm\u0259k daha da \u00e7\u0259tin olacaq. Bu da t\u0259bi\u0259t\u0259 v\u0259 iqtisadiyyata d\u0259y\u0259n ziyan\u0131 daha da art\u0131racaq.<\/p>\n\n\n\n<figure class=\"wp-block-image size-large\"><img decoding=\"async\" width=\"1095\" height=\"821\" data-src=\"https:\/\/www.meydan.tv\/wp-content\/uploads\/img_2621-1095x821.jpg\" alt=\"\" class=\"wp-image-253580 lazyload\" src=\"data:image\/svg+xml;base64,PHN2ZyB3aWR0aD0iMSIgaGVpZ2h0PSIxIiB4bWxucz0iaHR0cDovL3d3dy53My5vcmcvMjAwMC9zdmciPjwvc3ZnPg==\" style=\"--smush-placeholder-width: 1095px; --smush-placeholder-aspect-ratio: 1095\/821;\" \/><figcaption>Foto: Ecofront<\/figcaption><\/figure>\n\n\n\n<p>Yan\u011f\u0131n\u0131n avqustun 15-d\u0259 \u015eabran rayonunun X\u0259lf\u0259l\u0259r k\u0259ndind\u0259, \u0259kin sah\u0259sind\u0259 ba\u015flad\u0131\u011f\u0131 deyilir. Bundan sonra alovlar s\u00fcr\u0259tl\u0259 rayonun Da\u011fbilici, Mumlu, Z\u00f6hraml\u0131 k\u0259ndl\u0259rin\u0259 yay\u0131l\u0131b.<\/p>\n\n\n\n<p>FHN-in avqustun 17-d\u0259 a\u00e7\u0131qlad\u0131\u011f\u0131 m\u0259lumatda bildirilib ki, respublika \u00fczr\u0259 154 yan\u011f\u0131na \u00e7\u0131x\u0131\u015f qeyd\u0259 al\u0131n\u0131b. Onun da 38-i \u015eimal b\u00f6lg\u0259sinin pay\u0131na d\u00fc\u015f\u00fcb.<\/p>\n","protected":false},"excerpt":{"rendered":"<p>Bir ne\u00e7\u0259 k\u0259ndin \u0259halisinin t\u0259xliy\u0259 olundu\u011fu bildirilir Me\u015f\u0259 yan\u011f\u0131nlar\u0131 \u015eabran\u0131n &#8230; <\/p>\n<p class=\"read-more-container\"><a title=\"Yan\u011f\u0131n \u0259halinin \u0259mlak\u0131na z\u0259r\u0259r vurub, ev heyvanlar\u0131 \u00f6l\u00fcb\" class=\"read-more button\" href=\"https:\/\/www.meydan.tv\/az\/article\/yangin-ehalinin-emlakina-zerer-vurub-ev-heyvanlari-olub\/#more-253583\" aria-label=\"Read more about Yan\u011f\u0131n \u0259halinin \u0259mlak\u0131na z\u0259r\u0259r vurub, ev heyvanlar\u0131 \u00f6l\u00fcb\">Davam\u0131<\/a><\/p>\n","protected":false},"author":8,"featured_media":253568,"comment_status":"closed","ping_status":"closed","sticky":false,"template":"","format":"standard","meta":{"_acf_changed":false,"_sitemap_exclude":false,"_sitemap_priority":"","_sitemap_frequency":"","footnotes":""},"categories":[60,79,56],"tags":[],"class_list":["post-253583","post","type-post","status-publish","format-standard","has-post-thumbnail","hentry","category-bolge","category-featured","category-xeberler","infinite-scroll-item","generate-columns","tablet-grid-50","mobile-grid-100","grid-parent","grid-33","no-featured-image-padding"],"acf":[],"yoast_head":"<!-- This site is optimized with the Yoast SEO plugin v27.5 - https:\/\/yoast.com\/product\/yoast-seo-wordpress\/ -->\n<title>Yan\u011f\u0131n \u0259halinin \u0259mlak\u0131na z\u0259r\u0259r vurub, ev heyvanlar\u0131 \u00f6l\u00fcb - MEYDAN.TV<\/title>\n<meta name=\"robots\" content=\"index, follow, max-snippet:-1, max-image-preview:large, max-video-preview:-1\" \/>\n<link rel=\"canonical\" href=\"https:\/\/www.meydan.tv\/az\/article\/yangin-ehalinin-emlakina-zerer-vurub-ev-heyvanlari-olub\/\" \/>\n<meta property=\"og:locale\" content=\"az_AZ\" \/>\n<meta property=\"og:type\" content=\"article\" \/>\n<meta property=\"og:title\" content=\"Yan\u011f\u0131n \u0259halinin \u0259mlak\u0131na z\u0259r\u0259r vurub, ev heyvanlar\u0131 \u00f6l\u00fcb - MEYDAN.TV\" \/>\n<meta property=\"og:description\" content=\"Bir ne\u00e7\u0259 k\u0259ndin \u0259halisinin t\u0259xliy\u0259 olundu\u011fu bildirilir Me\u015f\u0259 yan\u011f\u0131nlar\u0131 \u015eabran\u0131n ... Davam\u0131\" \/>\n<meta property=\"og:url\" content=\"https:\/\/www.meydan.tv\/az\/article\/yangin-ehalinin-emlakina-zerer-vurub-ev-heyvanlari-olub\/\" \/>\n<meta property=\"og:site_name\" content=\"MEYDAN.TV\" \/>\n<meta property=\"article:published_time\" content=\"2022-08-19T06:52:29+00:00\" \/>\n<meta property=\"article:modified_time\" content=\"2022-08-19T06:52:31+00:00\" \/>\n<meta property=\"og:image\" content=\"https:\/\/www.meydan.tv\/wp-content\/uploads\/img_2622.jpg\" \/>\n\t<meta property=\"og:image:width\" content=\"1200\" \/>\n\t<meta property=\"og:image:height\" content=\"900\" \/>\n\t<meta property=\"og:image:type\" content=\"image\/jpeg\" \/>\n<meta name=\"author\" content=\"elli\" \/>\n<meta name=\"twitter:card\" content=\"summary_large_image\" \/>\n<meta name=\"twitter:creator\" content=\"@elli\" \/>\n<script type=\"application\/ld+json\" class=\"yoast-schema-graph\">{\"@context\":\"https:\\\/\\\/schema.org\",\"@graph\":[{\"@type\":\"Article\",\"@id\":\"https:\\\/\\\/www.meydan.tv\\\/az\\\/article\\\/yangin-ehalinin-emlakina-zerer-vurub-ev-heyvanlari-olub\\\/#article\",\"isPartOf\":{\"@id\":\"https:\\\/\\\/www.meydan.tv\\\/az\\\/article\\\/yangin-ehalinin-emlakina-zerer-vurub-ev-heyvanlari-olub\\\/\"},\"author\":{\"name\":\"elli\",\"@id\":\"https:\\\/\\\/www.meydan.tv\\\/az\\\/#\\\/schema\\\/person\\\/9cdbecf90d17180ce1dfbd95b08dcf47\"},\"headline\":\"Yan\u011f\u0131n \u0259halinin \u0259mlak\u0131na z\u0259r\u0259r vurub, ev heyvanlar\u0131 \u00f6l\u00fcb\",\"datePublished\":\"2022-08-19T06:52:29+00:00\",\"dateModified\":\"2022-08-19T06:52:31+00:00\",\"mainEntityOfPage\":{\"@id\":\"https:\\\/\\\/www.meydan.tv\\\/az\\\/article\\\/yangin-ehalinin-emlakina-zerer-vurub-ev-heyvanlari-olub\\\/\"},\"wordCount\":773,\"publisher\":{\"@id\":\"https:\\\/\\\/www.meydan.tv\\\/az\\\/#organization\"},\"image\":{\"@id\":\"https:\\\/\\\/www.meydan.tv\\\/az\\\/article\\\/yangin-ehalinin-emlakina-zerer-vurub-ev-heyvanlari-olub\\\/#primaryimage\"},\"thumbnailUrl\":\"https:\\\/\\\/www.meydan.tv\\\/wp-content\\\/uploads\\\/img_2622.jpg\",\"articleSection\":[\"B\u00f6lg\u0259\",\"T\u00f6vsiy\u0259\",\"X\u0259b\u0259rl\u0259r\"],\"inLanguage\":\"az\"},{\"@type\":\"WebPage\",\"@id\":\"https:\\\/\\\/www.meydan.tv\\\/az\\\/article\\\/yangin-ehalinin-emlakina-zerer-vurub-ev-heyvanlari-olub\\\/\",\"url\":\"https:\\\/\\\/www.meydan.tv\\\/az\\\/article\\\/yangin-ehalinin-emlakina-zerer-vurub-ev-heyvanlari-olub\\\/\",\"name\":\"Yan\u011f\u0131n \u0259halinin \u0259mlak\u0131na z\u0259r\u0259r vurub, ev heyvanlar\u0131 \u00f6l\u00fcb - MEYDAN.TV\",\"isPartOf\":{\"@id\":\"https:\\\/\\\/www.meydan.tv\\\/az\\\/#website\"},\"primaryImageOfPage\":{\"@id\":\"https:\\\/\\\/www.meydan.tv\\\/az\\\/article\\\/yangin-ehalinin-emlakina-zerer-vurub-ev-heyvanlari-olub\\\/#primaryimage\"},\"image\":{\"@id\":\"https:\\\/\\\/www.meydan.tv\\\/az\\\/article\\\/yangin-ehalinin-emlakina-zerer-vurub-ev-heyvanlari-olub\\\/#primaryimage\"},\"thumbnailUrl\":\"https:\\\/\\\/www.meydan.tv\\\/wp-content\\\/uploads\\\/img_2622.jpg\",\"datePublished\":\"2022-08-19T06:52:29+00:00\",\"dateModified\":\"2022-08-19T06:52:31+00:00\",\"breadcrumb\":{\"@id\":\"https:\\\/\\\/www.meydan.tv\\\/az\\\/article\\\/yangin-ehalinin-emlakina-zerer-vurub-ev-heyvanlari-olub\\\/#breadcrumb\"},\"inLanguage\":\"az\",\"potentialAction\":[{\"@type\":\"ReadAction\",\"target\":[\"https:\\\/\\\/www.meydan.tv\\\/az\\\/article\\\/yangin-ehalinin-emlakina-zerer-vurub-ev-heyvanlari-olub\\\/\"]}]},{\"@type\":\"ImageObject\",\"inLanguage\":\"az\",\"@id\":\"https:\\\/\\\/www.meydan.tv\\\/az\\\/article\\\/yangin-ehalinin-emlakina-zerer-vurub-ev-heyvanlari-olub\\\/#primaryimage\",\"url\":\"https:\\\/\\\/www.meydan.tv\\\/wp-content\\\/uploads\\\/img_2622.jpg\",\"contentUrl\":\"https:\\\/\\\/www.meydan.tv\\\/wp-content\\\/uploads\\\/img_2622.jpg\",\"width\":1200,\"height\":900,\"caption\":\"Foto: Ecofront\"},{\"@type\":\"BreadcrumbList\",\"@id\":\"https:\\\/\\\/www.meydan.tv\\\/az\\\/article\\\/yangin-ehalinin-emlakina-zerer-vurub-ev-heyvanlari-olub\\\/#breadcrumb\",\"itemListElement\":[{\"@type\":\"ListItem\",\"position\":1,\"name\":\"Ana s\u0259hif\u0259\",\"item\":\"https:\\\/\\\/www.meydan.tv\\\/az\\\/\"},{\"@type\":\"ListItem\",\"position\":2,\"name\":\"B\u00f6lg\u0259\",\"item\":\"https:\\\/\\\/www.meydan.tv\\\/az\\\/section\\\/bolge\\\/\"},{\"@type\":\"ListItem\",\"position\":3,\"name\":\"Yan\u011f\u0131n \u0259halinin \u0259mlak\u0131na z\u0259r\u0259r vurub, ev heyvanlar\u0131 \u00f6l\u00fcb\"}]},{\"@type\":\"WebSite\",\"@id\":\"https:\\\/\\\/www.meydan.tv\\\/az\\\/#website\",\"url\":\"https:\\\/\\\/www.meydan.tv\\\/az\\\/\",\"name\":\"MEYDAN.TV\",\"description\":\"Meydan TV Az\u0259rbaycan\u0131n media m\u0259kan\u0131ndak\u0131 alternativ s\u0259sidir\",\"publisher\":{\"@id\":\"https:\\\/\\\/www.meydan.tv\\\/az\\\/#organization\"},\"potentialAction\":[{\"@type\":\"SearchAction\",\"target\":{\"@type\":\"EntryPoint\",\"urlTemplate\":\"https:\\\/\\\/www.meydan.tv\\\/az\\\/?s={search_term_string}\"},\"query-input\":{\"@type\":\"PropertyValueSpecification\",\"valueRequired\":true,\"valueName\":\"search_term_string\"}}],\"inLanguage\":\"az\"},{\"@type\":\"Organization\",\"@id\":\"https:\\\/\\\/www.meydan.tv\\\/az\\\/#organization\",\"name\":\"Meydan TV\",\"url\":\"https:\\\/\\\/www.meydan.tv\\\/az\\\/\",\"logo\":{\"@type\":\"ImageObject\",\"inLanguage\":\"az\",\"@id\":\"https:\\\/\\\/www.meydan.tv\\\/az\\\/#\\\/schema\\\/logo\\\/image\\\/\",\"url\":\"https:\\\/\\\/www.meydan.tv\\\/wp-content\\\/uploads\\\/2021\\\/07\\\/meydan-logo.svg\",\"contentUrl\":\"https:\\\/\\\/www.meydan.tv\\\/wp-content\\\/uploads\\\/2021\\\/07\\\/meydan-logo.svg\",\"width\":195,\"height\":46,\"caption\":\"Meydan TV\"},\"image\":{\"@id\":\"https:\\\/\\\/www.meydan.tv\\\/az\\\/#\\\/schema\\\/logo\\\/image\\\/\"}},{\"@type\":\"Person\",\"@id\":\"https:\\\/\\\/www.meydan.tv\\\/az\\\/#\\\/schema\\\/person\\\/9cdbecf90d17180ce1dfbd95b08dcf47\",\"name\":\"elli\",\"sameAs\":[\"https:\\\/\\\/x.com\\\/elli\"]}]}<\/script>\n<!-- \/ Yoast SEO plugin. -->","yoast_head_json":{"title":"Yan\u011f\u0131n \u0259halinin \u0259mlak\u0131na z\u0259r\u0259r vurub, ev heyvanlar\u0131 \u00f6l\u00fcb - MEYDAN.TV","robots":{"index":"index","follow":"follow","max-snippet":"max-snippet:-1","max-image-preview":"max-image-preview:large","max-video-preview":"max-video-preview:-1"},"canonical":"https:\/\/www.meydan.tv\/az\/article\/yangin-ehalinin-emlakina-zerer-vurub-ev-heyvanlari-olub\/","og_locale":"az_AZ","og_type":"article","og_title":"Yan\u011f\u0131n \u0259halinin \u0259mlak\u0131na z\u0259r\u0259r vurub, ev heyvanlar\u0131 \u00f6l\u00fcb - MEYDAN.TV","og_description":"Bir ne\u00e7\u0259 k\u0259ndin \u0259halisinin t\u0259xliy\u0259 olundu\u011fu bildirilir Me\u015f\u0259 yan\u011f\u0131nlar\u0131 \u015eabran\u0131n ... Davam\u0131","og_url":"https:\/\/www.meydan.tv\/az\/article\/yangin-ehalinin-emlakina-zerer-vurub-ev-heyvanlari-olub\/","og_site_name":"MEYDAN.TV","article_published_time":"2022-08-19T06:52:29+00:00","article_modified_time":"2022-08-19T06:52:31+00:00","og_image":[{"width":1200,"height":900,"url":"https:\/\/www.meydan.tv\/wp-content\/uploads\/img_2622.jpg","type":"image\/jpeg"}],"author":"elli","twitter_card":"summary_large_image","twitter_creator":"@elli","schema":{"@context":"https:\/\/schema.org","@graph":[{"@type":"Article","@id":"https:\/\/www.meydan.tv\/az\/article\/yangin-ehalinin-emlakina-zerer-vurub-ev-heyvanlari-olub\/#article","isPartOf":{"@id":"https:\/\/www.meydan.tv\/az\/article\/yangin-ehalinin-emlakina-zerer-vurub-ev-heyvanlari-olub\/"},"author":{"name":"elli","@id":"https:\/\/www.meydan.tv\/az\/#\/schema\/person\/9cdbecf90d17180ce1dfbd95b08dcf47"},"headline":"Yan\u011f\u0131n \u0259halinin \u0259mlak\u0131na z\u0259r\u0259r vurub, ev heyvanlar\u0131 \u00f6l\u00fcb","datePublished":"2022-08-19T06:52:29+00:00","dateModified":"2022-08-19T06:52:31+00:00","mainEntityOfPage":{"@id":"https:\/\/www.meydan.tv\/az\/article\/yangin-ehalinin-emlakina-zerer-vurub-ev-heyvanlari-olub\/"},"wordCount":773,"publisher":{"@id":"https:\/\/www.meydan.tv\/az\/#organization"},"image":{"@id":"https:\/\/www.meydan.tv\/az\/article\/yangin-ehalinin-emlakina-zerer-vurub-ev-heyvanlari-olub\/#primaryimage"},"thumbnailUrl":"https:\/\/www.meydan.tv\/wp-content\/uploads\/img_2622.jpg","articleSection":["B\u00f6lg\u0259","T\u00f6vsiy\u0259","X\u0259b\u0259rl\u0259r"],"inLanguage":"az"},{"@type":"WebPage","@id":"https:\/\/www.meydan.tv\/az\/article\/yangin-ehalinin-emlakina-zerer-vurub-ev-heyvanlari-olub\/","url":"https:\/\/www.meydan.tv\/az\/article\/yangin-ehalinin-emlakina-zerer-vurub-ev-heyvanlari-olub\/","name":"Yan\u011f\u0131n \u0259halinin \u0259mlak\u0131na z\u0259r\u0259r vurub, ev heyvanlar\u0131 \u00f6l\u00fcb - MEYDAN.TV","isPartOf":{"@id":"https:\/\/www.meydan.tv\/az\/#website"},"primaryImageOfPage":{"@id":"https:\/\/www.meydan.tv\/az\/article\/yangin-ehalinin-emlakina-zerer-vurub-ev-heyvanlari-olub\/#primaryimage"},"image":{"@id":"https:\/\/www.meydan.tv\/az\/article\/yangin-ehalinin-emlakina-zerer-vurub-ev-heyvanlari-olub\/#primaryimage"},"thumbnailUrl":"https:\/\/www.meydan.tv\/wp-content\/uploads\/img_2622.jpg","datePublished":"2022-08-19T06:52:29+00:00","dateModified":"2022-08-19T06:52:31+00:00","breadcrumb":{"@id":"https:\/\/www.meydan.tv\/az\/article\/yangin-ehalinin-emlakina-zerer-vurub-ev-heyvanlari-olub\/#breadcrumb"},"inLanguage":"az","potentialAction":[{"@type":"ReadAction","target":["https:\/\/www.meydan.tv\/az\/article\/yangin-ehalinin-emlakina-zerer-vurub-ev-heyvanlari-olub\/"]}]},{"@type":"ImageObject","inLanguage":"az","@id":"https:\/\/www.meydan.tv\/az\/article\/yangin-ehalinin-emlakina-zerer-vurub-ev-heyvanlari-olub\/#primaryimage","url":"https:\/\/www.meydan.tv\/wp-content\/uploads\/img_2622.jpg","contentUrl":"https:\/\/www.meydan.tv\/wp-content\/uploads\/img_2622.jpg","width":1200,"height":900,"caption":"Foto: Ecofront"},{"@type":"BreadcrumbList","@id":"https:\/\/www.meydan.tv\/az\/article\/yangin-ehalinin-emlakina-zerer-vurub-ev-heyvanlari-olub\/#breadcrumb","itemListElement":[{"@type":"ListItem","position":1,"name":"Ana s\u0259hif\u0259","item":"https:\/\/www.meydan.tv\/az\/"},{"@type":"ListItem","position":2,"name":"B\u00f6lg\u0259","item":"https:\/\/www.meydan.tv\/az\/section\/bolge\/"},{"@type":"ListItem","position":3,"name":"Yan\u011f\u0131n \u0259halinin \u0259mlak\u0131na z\u0259r\u0259r vurub, ev heyvanlar\u0131 \u00f6l\u00fcb"}]},{"@type":"WebSite","@id":"https:\/\/www.meydan.tv\/az\/#website","url":"https:\/\/www.meydan.tv\/az\/","name":"MEYDAN.TV","description":"Meydan TV Az\u0259rbaycan\u0131n media m\u0259kan\u0131ndak\u0131 alternativ s\u0259sidir","publisher":{"@id":"https:\/\/www.meydan.tv\/az\/#organization"},"potentialAction":[{"@type":"SearchAction","target":{"@type":"EntryPoint","urlTemplate":"https:\/\/www.meydan.tv\/az\/?s={search_term_string}"},"query-input":{"@type":"PropertyValueSpecification","valueRequired":true,"valueName":"search_term_string"}}],"inLanguage":"az"},{"@type":"Organization","@id":"https:\/\/www.meydan.tv\/az\/#organization","name":"Meydan TV","url":"https:\/\/www.meydan.tv\/az\/","logo":{"@type":"ImageObject","inLanguage":"az","@id":"https:\/\/www.meydan.tv\/az\/#\/schema\/logo\/image\/","url":"https:\/\/www.meydan.tv\/wp-content\/uploads\/2021\/07\/meydan-logo.svg","contentUrl":"https:\/\/www.meydan.tv\/wp-content\/uploads\/2021\/07\/meydan-logo.svg","width":195,"height":46,"caption":"Meydan TV"},"image":{"@id":"https:\/\/www.meydan.tv\/az\/#\/schema\/logo\/image\/"}},{"@type":"Person","@id":"https:\/\/www.meydan.tv\/az\/#\/schema\/person\/9cdbecf90d17180ce1dfbd95b08dcf47","name":"elli","sameAs":["https:\/\/x.com\/elli"]}]}},"_links":{"self":[{"href":"https:\/\/www.meydan.tv\/az\/wp-json\/wp\/v2\/posts\/253583","targetHints":{"allow":["GET"]}}],"collection":[{"href":"https:\/\/www.meydan.tv\/az\/wp-json\/wp\/v2\/posts"}],"about":[{"href":"https:\/\/www.meydan.tv\/az\/wp-json\/wp\/v2\/types\/post"}],"author":[{"embeddable":true,"href":"https:\/\/www.meydan.tv\/az\/wp-json\/wp\/v2\/users\/8"}],"replies":[{"embeddable":true,"href":"https:\/\/www.meydan.tv\/az\/wp-json\/wp\/v2\/comments?post=253583"}],"version-history":[{"count":1,"href":"https:\/\/www.meydan.tv\/az\/wp-json\/wp\/v2\/posts\/253583\/revisions"}],"predecessor-version":[{"id":253584,"href":"https:\/\/www.meydan.tv\/az\/wp-json\/wp\/v2\/posts\/253583\/revisions\/253584"}],"wp:featuredmedia":[{"embeddable":true,"href":"https:\/\/www.meydan.tv\/az\/wp-json\/wp\/v2\/media\/253568"}],"wp:attachment":[{"href":"https:\/\/www.meydan.tv\/az\/wp-json\/wp\/v2\/media?parent=253583"}],"wp:term":[{"taxonomy":"category","embeddable":true,"href":"https:\/\/www.meydan.tv\/az\/wp-json\/wp\/v2\/categories?post=253583"},{"taxonomy":"post_tag","embeddable":true,"href":"https:\/\/www.meydan.tv\/az\/wp-json\/wp\/v2\/tags?post=253583"}],"curies":[{"name":"wp","href":"https:\/\/api.w.org\/{rel}","templated":true}]}}