{"id":253521,"date":"2022-08-18T15:06:51","date_gmt":"2022-08-18T11:06:51","guid":{"rendered":"https:\/\/www.meydan.tv\/?p=253521"},"modified":"2022-08-18T15:06:53","modified_gmt":"2022-08-18T11:06:53","slug":"robert-de-niro-yeni-filme-cekilir","status":"publish","type":"post","link":"https:\/\/www.meydan.tv\/az\/article\/robert-de-niro-yeni-filme-cekilir\/","title":{"rendered":"Robert De Niro yeni film\u0259 \u00e7\u0259kilir"},"content":{"rendered":"\n<p class=\"wp-block-paragraph\"><\/p>\n\n\n\n<p class=\"wp-block-paragraph\"><em>Aktyor bir filmd\u0259 iki \u0259sas obraz\u0131 canland\u0131racaq<\/em><\/p>\n\n\n\n<p class=\"wp-block-paragraph\">Aktyor Robert De Niro qanqster dram\u0131na \u00e7\u0259kil\u0259c\u0259k.<\/p>\n\n\n\n<p class=\"wp-block-paragraph\">O, rejissor Barri Levinsonun \u201cWise Guys\u201d (\u201cM\u00fcdrik o\u011flanlar\u201d) filmind\u0259 rol alacaq.<\/p>\n\n\n\n<p class=\"wp-block-paragraph\">Film mafiya liderl\u0259ri \u2013 Vito Cenoveze v\u0259 Frank Kostellodan b\u0259hs <a href=\"https:\/\/deadline.com\/2022\/08\/robert-de-niro-to-star-in-warner-drama-wise-guys-from-director-barry-levinson-1235093714\/\" target=\"_blank\" rel=\"noreferrer noopener\">edir<\/a>.<br><br>Aktyor filmd\u0259 eyni anda iki \u0259sas obraz\u0131 canland\u0131racaq.<\/p>\n\n\n\n<p class=\"wp-block-paragraph\">De Niroya kinoda u\u011furu 1974-c\u00fc ild\u0259 rejissor Frensis Ford Koppolan\u0131n \u00e7\u0259kdiyi \u201cXa\u00e7 Atas\u0131\u201d (\u201cThe Godfather Part\u201d) filmind\u0259ki Vito Karleoni obraz\u0131 g\u0259tirib.<\/p>\n\n\n\n<p class=\"wp-block-paragraph\">Aktyor h\u0259min filmd\u0259 sonralar mafiya ba\u015f\u00e7\u0131s\u0131 olmu\u015f Karleoninin g\u0259ncliyini canland\u0131r\u0131b v\u0259 h\u0259min roluna g\u00f6r\u0259 \u201cOskar\u201d m\u00fckafat\u0131 al\u0131b.<\/p>\n\n\n\n<p class=\"wp-block-paragraph\">Robert De Niro son bir ne\u00e7\u0259 ild\u0259 \u201cThe Irishman\u201d (\u0130rlandiyal\u0131) v\u0259 \u201cJoker\u201d (Coker) filml\u0259rin\u0259 \u00e7\u0259kilib.<br>Aktyorun yeni layih\u0259l\u0259ri aras\u0131nda rejissor Martin Skorsezenin \u201cKillers of the Flower Moon\u201d (\u201c\u00c7i\u00e7\u0259kli Ay\u0131n Qatill\u0259ri\u201d) filmi d\u0259 var.<\/p>\n","protected":false},"excerpt":{"rendered":"<p>Aktyor bir filmd\u0259 iki \u0259sas obraz\u0131 canland\u0131racaq Aktyor Robert De &#8230; <\/p>\n<p class=\"read-more-container\"><a title=\"Robert De Niro yeni film\u0259 \u00e7\u0259kilir\" class=\"read-more button\" href=\"https:\/\/www.meydan.tv\/az\/article\/robert-de-niro-yeni-filme-cekilir\/#more-253521\" aria-label=\"Read more about Robert De Niro yeni film\u0259 \u00e7\u0259kilir\">Davam\u0131<\/a><\/p>\n","protected":false},"author":8,"featured_media":245707,"comment_status":"closed","ping_status":"closed","sticky":false,"template":"","format":"standard","meta":{"_acf_changed":false,"_sitemap_exclude":false,"_sitemap_priority":"","_sitemap_frequency":"","footnotes":""},"categories":[52,56],"tags":[],"class_list":["post-253521","post","type-post","status-publish","format-standard","has-post-thumbnail","hentry","category-medeniyyet","category-xeberler","infinite-scroll-item","generate-columns","tablet-grid-50","mobile-grid-100","grid-parent","grid-33","no-featured-image-padding"],"acf":[],"yoast_head":"<!-- This site is optimized with the Yoast SEO plugin v28.4 - https:\/\/yoast.com\/product\/yoast-seo-wordpress\/ -->\n<title>Robert De Niro yeni film\u0259 \u00e7\u0259kilir - MEYDAN.TV<\/title>\n<meta name=\"robots\" content=\"index, follow, max-snippet:-1, max-image-preview:large, max-video-preview:-1\" \/>\n<link rel=\"canonical\" href=\"https:\/\/www.meydan.tv\/az\/article\/robert-de-niro-yeni-filme-cekilir\/\" \/>\n<meta property=\"og:locale\" content=\"az_AZ\" \/>\n<meta property=\"og:type\" content=\"article\" \/>\n<meta property=\"og:title\" content=\"Robert De Niro yeni film\u0259 \u00e7\u0259kilir - MEYDAN.TV\" \/>\n<meta property=\"og:description\" content=\"Aktyor bir filmd\u0259 iki \u0259sas obraz\u0131 canland\u0131racaq Aktyor Robert De ... Davam\u0131\" \/>\n<meta property=\"og:url\" content=\"https:\/\/www.meydan.tv\/az\/article\/robert-de-niro-yeni-filme-cekilir\/\" \/>\n<meta property=\"og:site_name\" content=\"MEYDAN.TV\" \/>\n<meta property=\"article:published_time\" content=\"2022-08-18T11:06:51+00:00\" \/>\n<meta property=\"article:modified_time\" content=\"2022-08-18T11:06:53+00:00\" \/>\n<meta property=\"og:image\" content=\"https:\/\/www.meydan.tv\/wp-content\/uploads\/shutterstock_1498511720-e1652965836750.jpg\" \/>\n\t<meta property=\"og:image:width\" content=\"1200\" \/>\n\t<meta property=\"og:image:height\" content=\"621\" \/>\n\t<meta property=\"og:image:type\" content=\"image\/jpeg\" \/>\n<meta name=\"twitter:card\" content=\"summary_large_image\" \/>\n<meta name=\"twitter:creator\" content=\"@elli\" \/>\n<!-- \/ Yoast SEO plugin. -->","yoast_head_json":{"title":"Robert De Niro yeni film\u0259 \u00e7\u0259kilir - MEYDAN.TV","robots":{"index":"index","follow":"follow","max-snippet":"max-snippet:-1","max-image-preview":"max-image-preview:large","max-video-preview":"max-video-preview:-1"},"canonical":"https:\/\/www.meydan.tv\/az\/article\/robert-de-niro-yeni-filme-cekilir\/","og_locale":"az_AZ","og_type":"article","og_title":"Robert De Niro yeni film\u0259 \u00e7\u0259kilir - MEYDAN.TV","og_description":"Aktyor bir filmd\u0259 iki \u0259sas obraz\u0131 canland\u0131racaq Aktyor Robert De ... Davam\u0131","og_url":"https:\/\/www.meydan.tv\/az\/article\/robert-de-niro-yeni-filme-cekilir\/","og_site_name":"MEYDAN.TV","article_published_time":"2022-08-18T11:06:51+00:00","article_modified_time":"2022-08-18T11:06:53+00:00","og_image":[{"width":1200,"height":621,"url":"https:\/\/www.meydan.tv\/wp-content\/uploads\/shutterstock_1498511720-e1652965836750.jpg","type":"image\/jpeg"}],"twitter_card":"summary_large_image","twitter_creator":"@elli","schema":{"@context":"https:\/\/schema.org","@graph":[{"@type":"Article","@id":"https:\/\/www.meydan.tv\/az\/article\/robert-de-niro-yeni-filme-cekilir\/#article","isPartOf":{"@id":"https:\/\/www.meydan.tv\/az\/article\/robert-de-niro-yeni-filme-cekilir\/"},"author":{"name":"elli","@id":"https:\/\/www.meydan.tv\/az\/#\/schema\/person\/9cdbecf90d17180ce1dfbd95b08dcf47"},"headline":"Robert De Niro yeni film\u0259 \u00e7\u0259kilir","datePublished":"2022-08-18T11:06:51+00:00","dateModified":"2022-08-18T11:06:53+00:00","mainEntityOfPage":{"@id":"https:\/\/www.meydan.tv\/az\/article\/robert-de-niro-yeni-filme-cekilir\/"},"wordCount":149,"publisher":{"@id":"https:\/\/www.meydan.tv\/az\/#organization"},"image":{"@id":"https:\/\/www.meydan.tv\/az\/article\/robert-de-niro-yeni-filme-cekilir\/#primaryimage"},"thumbnailUrl":"https:\/\/www.meydan.tv\/wp-content\/uploads\/shutterstock_1498511720-e1652965836750.jpg","articleSection":["M\u0259d\u0259niyy\u0259t","X\u0259b\u0259rl\u0259r"],"inLanguage":"az"},{"@type":"WebPage","@id":"https:\/\/www.meydan.tv\/az\/article\/robert-de-niro-yeni-filme-cekilir\/","url":"https:\/\/www.meydan.tv\/az\/article\/robert-de-niro-yeni-filme-cekilir\/","name":"Robert De Niro yeni film\u0259 \u00e7\u0259kilir - MEYDAN.TV","isPartOf":{"@id":"https:\/\/www.meydan.tv\/az\/#website"},"primaryImageOfPage":{"@id":"https:\/\/www.meydan.tv\/az\/article\/robert-de-niro-yeni-filme-cekilir\/#primaryimage"},"image":{"@id":"https:\/\/www.meydan.tv\/az\/article\/robert-de-niro-yeni-filme-cekilir\/#primaryimage"},"thumbnailUrl":"https:\/\/www.meydan.tv\/wp-content\/uploads\/shutterstock_1498511720-e1652965836750.jpg","datePublished":"2022-08-18T11:06:51+00:00","dateModified":"2022-08-18T11:06:53+00:00","breadcrumb":{"@id":"https:\/\/www.meydan.tv\/az\/article\/robert-de-niro-yeni-filme-cekilir\/#breadcrumb"},"inLanguage":"az","potentialAction":[{"@type":"ReadAction","target":["https:\/\/www.meydan.tv\/az\/article\/robert-de-niro-yeni-filme-cekilir\/"]}]},{"@type":"ImageObject","inLanguage":"az","@id":"https:\/\/www.meydan.tv\/az\/article\/robert-de-niro-yeni-filme-cekilir\/#primaryimage","url":"https:\/\/www.meydan.tv\/wp-content\/uploads\/shutterstock_1498511720-e1652965836750.jpg","contentUrl":"https:\/\/www.meydan.tv\/wp-content\/uploads\/shutterstock_1498511720-e1652965836750.jpg","width":1200,"height":621,"caption":"Robert De Niro. Foto: Tinseltown\/shutterstock"},{"@type":"BreadcrumbList","@id":"https:\/\/www.meydan.tv\/az\/article\/robert-de-niro-yeni-filme-cekilir\/#breadcrumb","itemListElement":[{"@type":"ListItem","position":1,"name":"Ana s\u0259hif\u0259","item":"https:\/\/www.meydan.tv\/az\/"},{"@type":"ListItem","position":2,"name":"M\u0259d\u0259niyy\u0259t","item":"https:\/\/www.meydan.tv\/az\/section\/medeniyyet\/"},{"@type":"ListItem","position":3,"name":"Robert De Niro yeni film\u0259 \u00e7\u0259kilir"}]},{"@type":"WebSite","@id":"https:\/\/www.meydan.tv\/az\/#website","url":"https:\/\/www.meydan.tv\/az\/","name":"MEYDAN.TV","description":"Meydan TV Az\u0259rbaycan\u0131n media m\u0259kan\u0131ndak\u0131 alternativ s\u0259sidir","publisher":{"@id":"https:\/\/www.meydan.tv\/az\/#organization"},"potentialAction":[{"@type":"SearchAction","target":{"@type":"EntryPoint","urlTemplate":"https:\/\/www.meydan.tv\/az\/?s={search_term_string}"},"query-input":{"@type":"PropertyValueSpecification","valueRequired":true,"valueName":"search_term_string"}}],"inLanguage":"az"},{"@type":"Organization","@id":"https:\/\/www.meydan.tv\/az\/#organization","name":"Meydan TV","url":"https:\/\/www.meydan.tv\/az\/","logo":{"@type":"ImageObject","inLanguage":"az","@id":"https:\/\/www.meydan.tv\/az\/#\/schema\/logo\/image\/","url":"https:\/\/www.meydan.tv\/wp-content\/uploads\/2021\/07\/meydan-logo.svg","contentUrl":"https:\/\/www.meydan.tv\/wp-content\/uploads\/2021\/07\/meydan-logo.svg","width":195,"height":46,"caption":"Meydan TV"},"image":{"@id":"https:\/\/www.meydan.tv\/az\/#\/schema\/logo\/image\/"}},{"@type":"Person","@id":"https:\/\/www.meydan.tv\/az\/#\/schema\/person\/9cdbecf90d17180ce1dfbd95b08dcf47","name":"elli","sameAs":["https:\/\/x.com\/elli"]}]}},"_links":{"self":[{"href":"https:\/\/www.meydan.tv\/az\/wp-json\/wp\/v2\/posts\/253521","targetHints":{"allow":["GET"]}}],"collection":[{"href":"https:\/\/www.meydan.tv\/az\/wp-json\/wp\/v2\/posts"}],"about":[{"href":"https:\/\/www.meydan.tv\/az\/wp-json\/wp\/v2\/types\/post"}],"author":[{"embeddable":true,"href":"https:\/\/www.meydan.tv\/az\/wp-json\/wp\/v2\/users\/8"}],"replies":[{"embeddable":true,"href":"https:\/\/www.meydan.tv\/az\/wp-json\/wp\/v2\/comments?post=253521"}],"version-history":[{"count":1,"href":"https:\/\/www.meydan.tv\/az\/wp-json\/wp\/v2\/posts\/253521\/revisions"}],"predecessor-version":[{"id":253522,"href":"https:\/\/www.meydan.tv\/az\/wp-json\/wp\/v2\/posts\/253521\/revisions\/253522"}],"wp:featuredmedia":[{"embeddable":true,"href":"https:\/\/www.meydan.tv\/az\/wp-json\/wp\/v2\/media\/245707"}],"wp:attachment":[{"href":"https:\/\/www.meydan.tv\/az\/wp-json\/wp\/v2\/media?parent=253521"}],"wp:term":[{"taxonomy":"category","embeddable":true,"href":"https:\/\/www.meydan.tv\/az\/wp-json\/wp\/v2\/categories?post=253521"},{"taxonomy":"post_tag","embeddable":true,"href":"https:\/\/www.meydan.tv\/az\/wp-json\/wp\/v2\/tags?post=253521"}],"curies":[{"name":"wp","href":"https:\/\/api.w.org\/{rel}","templated":true}]}}