{"id":253471,"date":"2022-08-17T14:41:28","date_gmt":"2022-08-17T10:41:28","guid":{"rendered":"https:\/\/www.meydan.tv\/?p=253471"},"modified":"2022-08-17T22:22:40","modified_gmt":"2022-08-17T18:22:40","slug":"muslum-maqomayevin-xatire-tedbiri-kecirilib-2","status":"publish","type":"post","link":"https:\/\/www.meydan.tv\/az\/article\/muslum-maqomayevin-xatire-tedbiri-kecirilib-2\/","title":{"rendered":"M\u00fcsl\u00fcm Maqomayevin xatir\u0259 t\u0259dbiri ke\u00e7irilib"},"content":{"rendered":"\n<p><\/p>\n\n\n\n<p><em>S\u0259n\u0259t\u00e7iy\u0259 Bak\u0131da abid\u0259 qoyulub<\/em><\/p>\n\n\n\n<p>Avqustun 17-d\u0259 Az\u0259rbaycan v\u0259 sovet opera v\u0259 estrada m\u00fc\u011f\u0259nnisi (bariton), b\u0259st\u0259kar, SSR\u0130 Xalq artisti M\u00fcsl\u00fcm Maqomayevin do\u011fum g\u00fcn\u00fcd\u00fcr.<\/p>\n\n\n\n<p>S\u0259n\u0259tkar\u0131n 80 illik yubileyi m\u00fcnasib\u0259til\u0259 F\u0259xri Xiyabanda xatir\u0259 t\u0259dbiri <a href=\"https:\/\/apa.az\/az\/medeniyyet-siyaseti\/muslum-maqomayevin-80-illik-yubileyi-munasibetile-fexri-xiyabanda-xatire-tedbiri-kecirilib-foto-717909\" target=\"_blank\" rel=\"noreferrer noopener\">ke\u00e7irilib.<\/a><br><br>T\u0259dbird\u0259 m\u0259d\u0259niyy\u0259t naziri Anar K\u0259rimov v\u0259 M\u00fcsl\u00fcm Maqomayevin ail\u0259 \u00fczvl\u0259ri il\u0259 yana\u015f\u0131, m\u0259d\u0259niyy\u0259t v\u0259 ictimaiyy\u0259t n\u00fcmay\u0259nd\u0259l\u0259ri, inc\u0259s\u0259n\u0259t xadiml\u0259ri i\u015ftirak edib.<\/p>\n\n\n\n<p>B\u0259st\u0259kar\u0131n xan\u0131m\u0131 Tamara Sinyavskaya, Bak\u0131 Musiqi Akademiyas\u0131n\u0131n rektoru, xalq artisti F\u0259rhad B\u0259d\u0259lb\u0259yli, m\u0259d\u0259niyy\u0259t naziri Anar K\u0259rimov \u00e7\u0131x\u0131\u015f edibl\u0259r.<\/p>\n\n\n\n<p>Eyni zamanda, Bak\u0131n\u0131n D\u0259nizk\u0259nar\u0131 Milli Park\u0131nda M\u00fcsl\u00fcm Maqomayevin abid\u0259sinin a\u00e7\u0131l\u0131\u015f\u0131 olub.<br>M\u0259rasimd\u0259 Prezident \u0130lham \u018fliyevl\u0259 birinci xan\u0131m Mehriban \u018fliyeva da i\u015ftirak edibl\u0259r.<\/p>\n\n\n\n<figure class=\"wp-block-image size-large\"><img decoding=\"async\" width=\"1200\" height=\"800\" data-src=\"https:\/\/www.meydan.tv\/wp-content\/uploads\/ef5c24c7-3186-37e0-8346-c1d66550335d-1200x800.jpg\" alt=\"\" class=\"wp-image-253463 lazyload\" src=\"data:image\/svg+xml;base64,PHN2ZyB3aWR0aD0iMSIgaGVpZ2h0PSIxIiB4bWxucz0iaHR0cDovL3d3dy53My5vcmcvMjAwMC9zdmciPjwvc3ZnPg==\" style=\"--smush-placeholder-width: 1200px; --smush-placeholder-aspect-ratio: 1200\/800;\" \/><figcaption>Foto: report.az<\/figcaption><\/figure>\n\n\n\n<p>M\u00fcsl\u00fcm Maqomayevin 80 illik yubileyi il\u0259 \u0259laq\u0259dar Heyd\u0259r \u018fliyev Fondunun t\u0259\u015fkilat\u00e7\u0131l\u0131\u011f\u0131 il\u0259 \u201cYa\u015f\u0131l Teatr\u201d Bak\u0131 Konsert Kompleksind\u0259 musiqi t\u0259dbiri <a href=\"https:\/\/heydar-aliyev-foundation.org\/az\/content\/view\/62\/5225\/M%C3%BCsl%C3%BCm-Maqomayevin-80-illik-yubileyin%C9%99-h%C9%99sr-olunmu%C5%9F-xatir%C9%99-gec%C9%99si-ke%C3%A7iril%C9%99c%C9%99k\" target=\"_blank\" rel=\"noreferrer noopener\">olacaq.<\/a><\/p>\n\n\n\n<p>T\u0259dbird\u0259 Az\u0259rbaycan\u0131n xalq artistl\u0259ri Emin A\u011falarov, Az\u0259r Zeynalov, Dinar\u0259 \u018fliyeva, El\u00e7in \u018fzizov, Samir C\u0259f\u0259rov, \u0259m\u0259kdar artist Az\u0259r Rza, Ba\u015fq\u0131rd\u0131stan\u0131n xalq artisti Askar Abdrazakov, G\u00fcrc\u00fcstan\u0131n xalq artistl\u0259ri Nani Breqvadze, Vaxtanq Kikabidze, italiyal\u0131 tenor Alessandro Safina, N\u00fcrnberq Opera Teatr\u0131n\u0131n solisti, vokal\u00e7\u0131lar\u0131n M\u00fcsl\u00fcm Maqomayev ad\u0131na birinci beyn\u0259lxalq m\u00fcsabiq\u0259sinin laureat\u0131 Cavid S\u0259m\u0259dov, Rusiyan\u0131n \u0259m\u0259kdar artisti Yana Melikayeva v\u0259 dig\u0259r ifa\u00e7\u0131lar \u00e7\u0131x\u0131\u015f ed\u0259c\u0259k.<\/p>\n\n\n\n<p>Yubiley gec\u0259sind\u0259 Az\u0259rbaycan v\u0259 xarici \u00f6lk\u0259 b\u0259st\u0259karlar\u0131n\u0131n \u0259s\u0259rl\u0259ri s\u0259sl\u0259n\u0259c\u0259k.<\/p>\n\n\n\n<p>M\u00fcsl\u00fcm Maqomayev 2008-ci il oktyabr\u0131n 25-d\u0259 66 ya\u015f\u0131nda v\u0259fat edib.<\/p>\n","protected":false},"excerpt":{"rendered":"<p>S\u0259n\u0259t\u00e7iy\u0259 Bak\u0131da abid\u0259 qoyulub Avqustun 17-d\u0259 Az\u0259rbaycan v\u0259 sovet opera &#8230; <\/p>\n<p class=\"read-more-container\"><a title=\"M\u00fcsl\u00fcm Maqomayevin xatir\u0259 t\u0259dbiri ke\u00e7irilib\" class=\"read-more button\" href=\"https:\/\/www.meydan.tv\/az\/article\/muslum-maqomayevin-xatire-tedbiri-kecirilib-2\/#more-253471\" aria-label=\"Read more about M\u00fcsl\u00fcm Maqomayevin xatir\u0259 t\u0259dbiri ke\u00e7irilib\">Davam\u0131<\/a><\/p>\n","protected":false},"author":8,"featured_media":253460,"comment_status":"closed","ping_status":"closed","sticky":false,"template":"","format":"standard","meta":{"_acf_changed":false,"_sitemap_exclude":false,"_sitemap_priority":"","_sitemap_frequency":"","footnotes":""},"categories":[52,56],"tags":[],"class_list":["post-253471","post","type-post","status-publish","format-standard","has-post-thumbnail","hentry","category-medeniyyet","category-xeberler","infinite-scroll-item","generate-columns","tablet-grid-50","mobile-grid-100","grid-parent","grid-33","no-featured-image-padding"],"acf":[],"yoast_head":"<!-- This site is optimized with the Yoast SEO plugin v27.5 - https:\/\/yoast.com\/product\/yoast-seo-wordpress\/ -->\n<title>M\u00fcsl\u00fcm Maqomayevin xatir\u0259 t\u0259dbiri ke\u00e7irilib - MEYDAN.TV<\/title>\n<meta name=\"robots\" content=\"index, follow, max-snippet:-1, max-image-preview:large, max-video-preview:-1\" \/>\n<link rel=\"canonical\" href=\"https:\/\/www.meydan.tv\/az\/article\/muslum-maqomayevin-xatire-tedbiri-kecirilib-2\/\" \/>\n<meta property=\"og:locale\" content=\"az_AZ\" \/>\n<meta property=\"og:type\" content=\"article\" \/>\n<meta property=\"og:title\" content=\"M\u00fcsl\u00fcm Maqomayevin xatir\u0259 t\u0259dbiri ke\u00e7irilib - MEYDAN.TV\" \/>\n<meta property=\"og:description\" content=\"S\u0259n\u0259t\u00e7iy\u0259 Bak\u0131da abid\u0259 qoyulub Avqustun 17-d\u0259 Az\u0259rbaycan v\u0259 sovet opera ... Davam\u0131\" \/>\n<meta property=\"og:url\" content=\"https:\/\/www.meydan.tv\/az\/article\/muslum-maqomayevin-xatire-tedbiri-kecirilib-2\/\" \/>\n<meta property=\"og:site_name\" content=\"MEYDAN.TV\" \/>\n<meta property=\"article:published_time\" content=\"2022-08-17T10:41:28+00:00\" \/>\n<meta property=\"article:modified_time\" content=\"2022-08-17T18:22:40+00:00\" \/>\n<meta property=\"og:image\" content=\"https:\/\/www.meydan.tv\/wp-content\/uploads\/6d99ca89-c7cb-329b-b2bd-f464d42983a3.jpg\" \/>\n\t<meta property=\"og:image:width\" content=\"1280\" \/>\n\t<meta property=\"og:image:height\" content=\"853\" \/>\n\t<meta property=\"og:image:type\" content=\"image\/jpeg\" \/>\n<meta name=\"author\" content=\"elli\" \/>\n<meta name=\"twitter:card\" content=\"summary_large_image\" \/>\n<meta name=\"twitter:creator\" content=\"@elli\" \/>\n<script type=\"application\/ld+json\" class=\"yoast-schema-graph\">{\"@context\":\"https:\\\/\\\/schema.org\",\"@graph\":[{\"@type\":\"Article\",\"@id\":\"https:\\\/\\\/www.meydan.tv\\\/az\\\/article\\\/muslum-maqomayevin-xatire-tedbiri-kecirilib-2\\\/#article\",\"isPartOf\":{\"@id\":\"https:\\\/\\\/www.meydan.tv\\\/az\\\/article\\\/muslum-maqomayevin-xatire-tedbiri-kecirilib-2\\\/\"},\"author\":{\"name\":\"elli\",\"@id\":\"https:\\\/\\\/www.meydan.tv\\\/az\\\/#\\\/schema\\\/person\\\/9cdbecf90d17180ce1dfbd95b08dcf47\"},\"headline\":\"M\u00fcsl\u00fcm Maqomayevin xatir\u0259 t\u0259dbiri ke\u00e7irilib\",\"datePublished\":\"2022-08-17T10:41:28+00:00\",\"dateModified\":\"2022-08-17T18:22:40+00:00\",\"mainEntityOfPage\":{\"@id\":\"https:\\\/\\\/www.meydan.tv\\\/az\\\/article\\\/muslum-maqomayevin-xatire-tedbiri-kecirilib-2\\\/\"},\"wordCount\":332,\"publisher\":{\"@id\":\"https:\\\/\\\/www.meydan.tv\\\/az\\\/#organization\"},\"image\":{\"@id\":\"https:\\\/\\\/www.meydan.tv\\\/az\\\/article\\\/muslum-maqomayevin-xatire-tedbiri-kecirilib-2\\\/#primaryimage\"},\"thumbnailUrl\":\"https:\\\/\\\/www.meydan.tv\\\/wp-content\\\/uploads\\\/6d99ca89-c7cb-329b-b2bd-f464d42983a3.jpg\",\"articleSection\":[\"M\u0259d\u0259niyy\u0259t\",\"X\u0259b\u0259rl\u0259r\"],\"inLanguage\":\"az\"},{\"@type\":\"WebPage\",\"@id\":\"https:\\\/\\\/www.meydan.tv\\\/az\\\/article\\\/muslum-maqomayevin-xatire-tedbiri-kecirilib-2\\\/\",\"url\":\"https:\\\/\\\/www.meydan.tv\\\/az\\\/article\\\/muslum-maqomayevin-xatire-tedbiri-kecirilib-2\\\/\",\"name\":\"M\u00fcsl\u00fcm Maqomayevin xatir\u0259 t\u0259dbiri ke\u00e7irilib - MEYDAN.TV\",\"isPartOf\":{\"@id\":\"https:\\\/\\\/www.meydan.tv\\\/az\\\/#website\"},\"primaryImageOfPage\":{\"@id\":\"https:\\\/\\\/www.meydan.tv\\\/az\\\/article\\\/muslum-maqomayevin-xatire-tedbiri-kecirilib-2\\\/#primaryimage\"},\"image\":{\"@id\":\"https:\\\/\\\/www.meydan.tv\\\/az\\\/article\\\/muslum-maqomayevin-xatire-tedbiri-kecirilib-2\\\/#primaryimage\"},\"thumbnailUrl\":\"https:\\\/\\\/www.meydan.tv\\\/wp-content\\\/uploads\\\/6d99ca89-c7cb-329b-b2bd-f464d42983a3.jpg\",\"datePublished\":\"2022-08-17T10:41:28+00:00\",\"dateModified\":\"2022-08-17T18:22:40+00:00\",\"breadcrumb\":{\"@id\":\"https:\\\/\\\/www.meydan.tv\\\/az\\\/article\\\/muslum-maqomayevin-xatire-tedbiri-kecirilib-2\\\/#breadcrumb\"},\"inLanguage\":\"az\",\"potentialAction\":[{\"@type\":\"ReadAction\",\"target\":[\"https:\\\/\\\/www.meydan.tv\\\/az\\\/article\\\/muslum-maqomayevin-xatire-tedbiri-kecirilib-2\\\/\"]}]},{\"@type\":\"ImageObject\",\"inLanguage\":\"az\",\"@id\":\"https:\\\/\\\/www.meydan.tv\\\/az\\\/article\\\/muslum-maqomayevin-xatire-tedbiri-kecirilib-2\\\/#primaryimage\",\"url\":\"https:\\\/\\\/www.meydan.tv\\\/wp-content\\\/uploads\\\/6d99ca89-c7cb-329b-b2bd-f464d42983a3.jpg\",\"contentUrl\":\"https:\\\/\\\/www.meydan.tv\\\/wp-content\\\/uploads\\\/6d99ca89-c7cb-329b-b2bd-f464d42983a3.jpg\",\"width\":1280,\"height\":853,\"caption\":\"Foto: report.az\"},{\"@type\":\"BreadcrumbList\",\"@id\":\"https:\\\/\\\/www.meydan.tv\\\/az\\\/article\\\/muslum-maqomayevin-xatire-tedbiri-kecirilib-2\\\/#breadcrumb\",\"itemListElement\":[{\"@type\":\"ListItem\",\"position\":1,\"name\":\"Ana s\u0259hif\u0259\",\"item\":\"https:\\\/\\\/www.meydan.tv\\\/az\\\/\"},{\"@type\":\"ListItem\",\"position\":2,\"name\":\"M\u0259d\u0259niyy\u0259t\",\"item\":\"https:\\\/\\\/www.meydan.tv\\\/az\\\/section\\\/medeniyyet\\\/\"},{\"@type\":\"ListItem\",\"position\":3,\"name\":\"M\u00fcsl\u00fcm Maqomayevin xatir\u0259 t\u0259dbiri ke\u00e7irilib\"}]},{\"@type\":\"WebSite\",\"@id\":\"https:\\\/\\\/www.meydan.tv\\\/az\\\/#website\",\"url\":\"https:\\\/\\\/www.meydan.tv\\\/az\\\/\",\"name\":\"MEYDAN.TV\",\"description\":\"Meydan TV Az\u0259rbaycan\u0131n media m\u0259kan\u0131ndak\u0131 alternativ s\u0259sidir\",\"publisher\":{\"@id\":\"https:\\\/\\\/www.meydan.tv\\\/az\\\/#organization\"},\"potentialAction\":[{\"@type\":\"SearchAction\",\"target\":{\"@type\":\"EntryPoint\",\"urlTemplate\":\"https:\\\/\\\/www.meydan.tv\\\/az\\\/?s={search_term_string}\"},\"query-input\":{\"@type\":\"PropertyValueSpecification\",\"valueRequired\":true,\"valueName\":\"search_term_string\"}}],\"inLanguage\":\"az\"},{\"@type\":\"Organization\",\"@id\":\"https:\\\/\\\/www.meydan.tv\\\/az\\\/#organization\",\"name\":\"Meydan TV\",\"url\":\"https:\\\/\\\/www.meydan.tv\\\/az\\\/\",\"logo\":{\"@type\":\"ImageObject\",\"inLanguage\":\"az\",\"@id\":\"https:\\\/\\\/www.meydan.tv\\\/az\\\/#\\\/schema\\\/logo\\\/image\\\/\",\"url\":\"https:\\\/\\\/www.meydan.tv\\\/wp-content\\\/uploads\\\/2021\\\/07\\\/meydan-logo.svg\",\"contentUrl\":\"https:\\\/\\\/www.meydan.tv\\\/wp-content\\\/uploads\\\/2021\\\/07\\\/meydan-logo.svg\",\"width\":195,\"height\":46,\"caption\":\"Meydan TV\"},\"image\":{\"@id\":\"https:\\\/\\\/www.meydan.tv\\\/az\\\/#\\\/schema\\\/logo\\\/image\\\/\"}},{\"@type\":\"Person\",\"@id\":\"https:\\\/\\\/www.meydan.tv\\\/az\\\/#\\\/schema\\\/person\\\/9cdbecf90d17180ce1dfbd95b08dcf47\",\"name\":\"elli\",\"sameAs\":[\"https:\\\/\\\/x.com\\\/elli\"]}]}<\/script>\n<!-- \/ Yoast SEO plugin. -->","yoast_head_json":{"title":"M\u00fcsl\u00fcm Maqomayevin xatir\u0259 t\u0259dbiri ke\u00e7irilib - MEYDAN.TV","robots":{"index":"index","follow":"follow","max-snippet":"max-snippet:-1","max-image-preview":"max-image-preview:large","max-video-preview":"max-video-preview:-1"},"canonical":"https:\/\/www.meydan.tv\/az\/article\/muslum-maqomayevin-xatire-tedbiri-kecirilib-2\/","og_locale":"az_AZ","og_type":"article","og_title":"M\u00fcsl\u00fcm Maqomayevin xatir\u0259 t\u0259dbiri ke\u00e7irilib - MEYDAN.TV","og_description":"S\u0259n\u0259t\u00e7iy\u0259 Bak\u0131da abid\u0259 qoyulub Avqustun 17-d\u0259 Az\u0259rbaycan v\u0259 sovet opera ... Davam\u0131","og_url":"https:\/\/www.meydan.tv\/az\/article\/muslum-maqomayevin-xatire-tedbiri-kecirilib-2\/","og_site_name":"MEYDAN.TV","article_published_time":"2022-08-17T10:41:28+00:00","article_modified_time":"2022-08-17T18:22:40+00:00","og_image":[{"width":1280,"height":853,"url":"https:\/\/www.meydan.tv\/wp-content\/uploads\/6d99ca89-c7cb-329b-b2bd-f464d42983a3.jpg","type":"image\/jpeg"}],"author":"elli","twitter_card":"summary_large_image","twitter_creator":"@elli","schema":{"@context":"https:\/\/schema.org","@graph":[{"@type":"Article","@id":"https:\/\/www.meydan.tv\/az\/article\/muslum-maqomayevin-xatire-tedbiri-kecirilib-2\/#article","isPartOf":{"@id":"https:\/\/www.meydan.tv\/az\/article\/muslum-maqomayevin-xatire-tedbiri-kecirilib-2\/"},"author":{"name":"elli","@id":"https:\/\/www.meydan.tv\/az\/#\/schema\/person\/9cdbecf90d17180ce1dfbd95b08dcf47"},"headline":"M\u00fcsl\u00fcm Maqomayevin xatir\u0259 t\u0259dbiri ke\u00e7irilib","datePublished":"2022-08-17T10:41:28+00:00","dateModified":"2022-08-17T18:22:40+00:00","mainEntityOfPage":{"@id":"https:\/\/www.meydan.tv\/az\/article\/muslum-maqomayevin-xatire-tedbiri-kecirilib-2\/"},"wordCount":332,"publisher":{"@id":"https:\/\/www.meydan.tv\/az\/#organization"},"image":{"@id":"https:\/\/www.meydan.tv\/az\/article\/muslum-maqomayevin-xatire-tedbiri-kecirilib-2\/#primaryimage"},"thumbnailUrl":"https:\/\/www.meydan.tv\/wp-content\/uploads\/6d99ca89-c7cb-329b-b2bd-f464d42983a3.jpg","articleSection":["M\u0259d\u0259niyy\u0259t","X\u0259b\u0259rl\u0259r"],"inLanguage":"az"},{"@type":"WebPage","@id":"https:\/\/www.meydan.tv\/az\/article\/muslum-maqomayevin-xatire-tedbiri-kecirilib-2\/","url":"https:\/\/www.meydan.tv\/az\/article\/muslum-maqomayevin-xatire-tedbiri-kecirilib-2\/","name":"M\u00fcsl\u00fcm Maqomayevin xatir\u0259 t\u0259dbiri ke\u00e7irilib - MEYDAN.TV","isPartOf":{"@id":"https:\/\/www.meydan.tv\/az\/#website"},"primaryImageOfPage":{"@id":"https:\/\/www.meydan.tv\/az\/article\/muslum-maqomayevin-xatire-tedbiri-kecirilib-2\/#primaryimage"},"image":{"@id":"https:\/\/www.meydan.tv\/az\/article\/muslum-maqomayevin-xatire-tedbiri-kecirilib-2\/#primaryimage"},"thumbnailUrl":"https:\/\/www.meydan.tv\/wp-content\/uploads\/6d99ca89-c7cb-329b-b2bd-f464d42983a3.jpg","datePublished":"2022-08-17T10:41:28+00:00","dateModified":"2022-08-17T18:22:40+00:00","breadcrumb":{"@id":"https:\/\/www.meydan.tv\/az\/article\/muslum-maqomayevin-xatire-tedbiri-kecirilib-2\/#breadcrumb"},"inLanguage":"az","potentialAction":[{"@type":"ReadAction","target":["https:\/\/www.meydan.tv\/az\/article\/muslum-maqomayevin-xatire-tedbiri-kecirilib-2\/"]}]},{"@type":"ImageObject","inLanguage":"az","@id":"https:\/\/www.meydan.tv\/az\/article\/muslum-maqomayevin-xatire-tedbiri-kecirilib-2\/#primaryimage","url":"https:\/\/www.meydan.tv\/wp-content\/uploads\/6d99ca89-c7cb-329b-b2bd-f464d42983a3.jpg","contentUrl":"https:\/\/www.meydan.tv\/wp-content\/uploads\/6d99ca89-c7cb-329b-b2bd-f464d42983a3.jpg","width":1280,"height":853,"caption":"Foto: report.az"},{"@type":"BreadcrumbList","@id":"https:\/\/www.meydan.tv\/az\/article\/muslum-maqomayevin-xatire-tedbiri-kecirilib-2\/#breadcrumb","itemListElement":[{"@type":"ListItem","position":1,"name":"Ana s\u0259hif\u0259","item":"https:\/\/www.meydan.tv\/az\/"},{"@type":"ListItem","position":2,"name":"M\u0259d\u0259niyy\u0259t","item":"https:\/\/www.meydan.tv\/az\/section\/medeniyyet\/"},{"@type":"ListItem","position":3,"name":"M\u00fcsl\u00fcm Maqomayevin xatir\u0259 t\u0259dbiri ke\u00e7irilib"}]},{"@type":"WebSite","@id":"https:\/\/www.meydan.tv\/az\/#website","url":"https:\/\/www.meydan.tv\/az\/","name":"MEYDAN.TV","description":"Meydan TV Az\u0259rbaycan\u0131n media m\u0259kan\u0131ndak\u0131 alternativ s\u0259sidir","publisher":{"@id":"https:\/\/www.meydan.tv\/az\/#organization"},"potentialAction":[{"@type":"SearchAction","target":{"@type":"EntryPoint","urlTemplate":"https:\/\/www.meydan.tv\/az\/?s={search_term_string}"},"query-input":{"@type":"PropertyValueSpecification","valueRequired":true,"valueName":"search_term_string"}}],"inLanguage":"az"},{"@type":"Organization","@id":"https:\/\/www.meydan.tv\/az\/#organization","name":"Meydan TV","url":"https:\/\/www.meydan.tv\/az\/","logo":{"@type":"ImageObject","inLanguage":"az","@id":"https:\/\/www.meydan.tv\/az\/#\/schema\/logo\/image\/","url":"https:\/\/www.meydan.tv\/wp-content\/uploads\/2021\/07\/meydan-logo.svg","contentUrl":"https:\/\/www.meydan.tv\/wp-content\/uploads\/2021\/07\/meydan-logo.svg","width":195,"height":46,"caption":"Meydan TV"},"image":{"@id":"https:\/\/www.meydan.tv\/az\/#\/schema\/logo\/image\/"}},{"@type":"Person","@id":"https:\/\/www.meydan.tv\/az\/#\/schema\/person\/9cdbecf90d17180ce1dfbd95b08dcf47","name":"elli","sameAs":["https:\/\/x.com\/elli"]}]}},"_links":{"self":[{"href":"https:\/\/www.meydan.tv\/az\/wp-json\/wp\/v2\/posts\/253471","targetHints":{"allow":["GET"]}}],"collection":[{"href":"https:\/\/www.meydan.tv\/az\/wp-json\/wp\/v2\/posts"}],"about":[{"href":"https:\/\/www.meydan.tv\/az\/wp-json\/wp\/v2\/types\/post"}],"author":[{"embeddable":true,"href":"https:\/\/www.meydan.tv\/az\/wp-json\/wp\/v2\/users\/8"}],"replies":[{"embeddable":true,"href":"https:\/\/www.meydan.tv\/az\/wp-json\/wp\/v2\/comments?post=253471"}],"version-history":[{"count":3,"href":"https:\/\/www.meydan.tv\/az\/wp-json\/wp\/v2\/posts\/253471\/revisions"}],"predecessor-version":[{"id":253506,"href":"https:\/\/www.meydan.tv\/az\/wp-json\/wp\/v2\/posts\/253471\/revisions\/253506"}],"wp:featuredmedia":[{"embeddable":true,"href":"https:\/\/www.meydan.tv\/az\/wp-json\/wp\/v2\/media\/253460"}],"wp:attachment":[{"href":"https:\/\/www.meydan.tv\/az\/wp-json\/wp\/v2\/media?parent=253471"}],"wp:term":[{"taxonomy":"category","embeddable":true,"href":"https:\/\/www.meydan.tv\/az\/wp-json\/wp\/v2\/categories?post=253471"},{"taxonomy":"post_tag","embeddable":true,"href":"https:\/\/www.meydan.tv\/az\/wp-json\/wp\/v2\/tags?post=253471"}],"curies":[{"name":"wp","href":"https:\/\/api.w.org\/{rel}","templated":true}]}}