{"id":253466,"date":"2022-08-17T14:52:07","date_gmt":"2022-08-17T10:52:07","guid":{"rendered":"https:\/\/www.meydan.tv\/?p=253466"},"modified":"2022-08-17T14:52:10","modified_gmt":"2022-08-17T10:52:10","slug":"muslum-maqomayevin-xatire-tedbiri-kecirilib","status":"publish","type":"post","link":"https:\/\/www.meydan.tv\/az\/article\/muslum-maqomayevin-xatire-tedbiri-kecirilib\/","title":{"rendered":"\u0130talyan m\u00fc\u011f\u0259nni Bak\u0131da"},"content":{"rendered":"\n<p><\/p>\n\n\n\n<p><em>O, M\u00fcsl\u00fcm Maqomayevin 80 illik yubileyi il\u0259 \u0259laq\u0259dar konsertd\u0259 ifa ed\u0259c\u0259k<\/em><\/p>\n\n\n\n<p>\u0130taliyan\u0131n opera v\u0259 estrada m\u00fc\u011f\u0259nnisi Alessandro Safina Bak\u0131dad\u0131r.<\/p>\n\n\n\n<p>O, avqustun 17-d\u0259 \u201cYa\u015f\u0131l Teatr\u201d Bak\u0131 Konsert Kompleksind\u0259 Az\u0259rbaycan v\u0259 sovet opera v\u0259 estrada m\u00fc\u011f\u0259nnisi (bariton), b\u0259st\u0259kar, SSR\u0130 Xalq artisti M\u00fcsl\u00fcm Maqomayevin 80 illik yubileyi il\u0259 \u0259laq\u0259dar t\u0259\u015fkil olunan konsertd\u0259 \u00e7\u0131x\u0131\u015f ed\u0259c\u0259k.<\/p>\n\n\n\n<p>Alessandro Safina \u201cInstagram\u201d s\u0259hif\u0259sind\u0259 konsert \u00f6nc\u0259sind\u0259n m\u0259\u015fqinin videosunu <a href=\"https:\/\/www.instagram.com\/p\/ChS43-wrhnn\/\" target=\"_blank\" rel=\"noreferrer noopener\">payla\u015f\u0131b.<\/a><br><br>\u0130talyan m\u00fc\u011f\u0259nni 2019-cu ild\u0259 Bak\u0131da ke\u00e7iril\u0259n \u201cJara\u201d beyn\u0259lxalq musiqi festival\u0131nda m\u00fc\u011f\u0259nni Emin A\u011falarovla birg\u0259 M\u00fcsl\u00fcm Maqomayevin repertuar\u0131ndak\u0131 \u201c\u0421\u0438\u043d\u044f\u044f \u0432\u0435\u0447\u043d\u043e\u0441\u0442\u044c\u201d mahn\u0131s\u0131n\u0131 oxuyub.<\/p>\n\n\n\n<p>Alessandro Safina 2001-2002-ci ill\u0259rd\u0259 n\u00fcmayi\u015f olunan Braziliya serial\u0131 \u201cClone\u201dda da \u00e7\u0259kilib.<br>O, serialda \u201cLuna Tu\u201d mahn\u0131s\u0131n\u0131 ifa edib.<\/p>\n\n\n\n<p><\/p>\n","protected":false},"excerpt":{"rendered":"<p>O, M\u00fcsl\u00fcm Maqomayevin 80 illik yubileyi il\u0259 \u0259laq\u0259dar konsertd\u0259 ifa &#8230; <\/p>\n<p class=\"read-more-container\"><a title=\"\u0130talyan m\u00fc\u011f\u0259nni Bak\u0131da\" class=\"read-more button\" href=\"https:\/\/www.meydan.tv\/az\/article\/muslum-maqomayevin-xatire-tedbiri-kecirilib\/#more-253466\" aria-label=\"Read more about \u0130talyan m\u00fc\u011f\u0259nni Bak\u0131da\">Davam\u0131<\/a><\/p>\n","protected":false},"author":8,"featured_media":253457,"comment_status":"closed","ping_status":"closed","sticky":false,"template":"","format":"standard","meta":{"_acf_changed":false,"_sitemap_exclude":false,"_sitemap_priority":"","_sitemap_frequency":"","footnotes":""},"categories":[52,56],"tags":[],"class_list":["post-253466","post","type-post","status-publish","format-standard","has-post-thumbnail","hentry","category-medeniyyet","category-xeberler","infinite-scroll-item","generate-columns","tablet-grid-50","mobile-grid-100","grid-parent","grid-33","no-featured-image-padding"],"acf":[],"yoast_head":"<!-- This site is optimized with the Yoast SEO plugin v27.5 - https:\/\/yoast.com\/product\/yoast-seo-wordpress\/ -->\n<title>\u0130talyan m\u00fc\u011f\u0259nni Bak\u0131da - MEYDAN.TV<\/title>\n<meta name=\"robots\" content=\"index, follow, max-snippet:-1, max-image-preview:large, max-video-preview:-1\" \/>\n<link rel=\"canonical\" href=\"https:\/\/www.meydan.tv\/az\/article\/muslum-maqomayevin-xatire-tedbiri-kecirilib\/\" \/>\n<meta property=\"og:locale\" content=\"az_AZ\" \/>\n<meta property=\"og:type\" content=\"article\" \/>\n<meta property=\"og:title\" content=\"\u0130talyan m\u00fc\u011f\u0259nni Bak\u0131da - MEYDAN.TV\" \/>\n<meta property=\"og:description\" content=\"O, M\u00fcsl\u00fcm Maqomayevin 80 illik yubileyi il\u0259 \u0259laq\u0259dar konsertd\u0259 ifa ... Davam\u0131\" \/>\n<meta property=\"og:url\" content=\"https:\/\/www.meydan.tv\/az\/article\/muslum-maqomayevin-xatire-tedbiri-kecirilib\/\" \/>\n<meta property=\"og:site_name\" content=\"MEYDAN.TV\" \/>\n<meta property=\"article:published_time\" content=\"2022-08-17T10:52:07+00:00\" \/>\n<meta property=\"article:modified_time\" content=\"2022-08-17T10:52:10+00:00\" \/>\n<meta property=\"og:image\" content=\"https:\/\/www.meydan.tv\/wp-content\/uploads\/untitled-design-52.jpg\" \/>\n\t<meta property=\"og:image:width\" content=\"1200\" \/>\n\t<meta property=\"og:image:height\" content=\"800\" \/>\n\t<meta property=\"og:image:type\" content=\"image\/jpeg\" \/>\n<meta name=\"author\" content=\"elli\" \/>\n<meta name=\"twitter:card\" content=\"summary_large_image\" \/>\n<meta name=\"twitter:creator\" content=\"@elli\" \/>\n<script type=\"application\/ld+json\" class=\"yoast-schema-graph\">{\"@context\":\"https:\\\/\\\/schema.org\",\"@graph\":[{\"@type\":\"Article\",\"@id\":\"https:\\\/\\\/www.meydan.tv\\\/az\\\/article\\\/muslum-maqomayevin-xatire-tedbiri-kecirilib\\\/#article\",\"isPartOf\":{\"@id\":\"https:\\\/\\\/www.meydan.tv\\\/az\\\/article\\\/muslum-maqomayevin-xatire-tedbiri-kecirilib\\\/\"},\"author\":{\"name\":\"elli\",\"@id\":\"https:\\\/\\\/www.meydan.tv\\\/az\\\/#\\\/schema\\\/person\\\/9cdbecf90d17180ce1dfbd95b08dcf47\"},\"headline\":\"\u0130talyan m\u00fc\u011f\u0259nni Bak\u0131da\",\"datePublished\":\"2022-08-17T10:52:07+00:00\",\"dateModified\":\"2022-08-17T10:52:10+00:00\",\"mainEntityOfPage\":{\"@id\":\"https:\\\/\\\/www.meydan.tv\\\/az\\\/article\\\/muslum-maqomayevin-xatire-tedbiri-kecirilib\\\/\"},\"wordCount\":178,\"publisher\":{\"@id\":\"https:\\\/\\\/www.meydan.tv\\\/az\\\/#organization\"},\"image\":{\"@id\":\"https:\\\/\\\/www.meydan.tv\\\/az\\\/article\\\/muslum-maqomayevin-xatire-tedbiri-kecirilib\\\/#primaryimage\"},\"thumbnailUrl\":\"https:\\\/\\\/www.meydan.tv\\\/wp-content\\\/uploads\\\/untitled-design-52.jpg\",\"articleSection\":[\"M\u0259d\u0259niyy\u0259t\",\"X\u0259b\u0259rl\u0259r\"],\"inLanguage\":\"az\"},{\"@type\":\"WebPage\",\"@id\":\"https:\\\/\\\/www.meydan.tv\\\/az\\\/article\\\/muslum-maqomayevin-xatire-tedbiri-kecirilib\\\/\",\"url\":\"https:\\\/\\\/www.meydan.tv\\\/az\\\/article\\\/muslum-maqomayevin-xatire-tedbiri-kecirilib\\\/\",\"name\":\"\u0130talyan m\u00fc\u011f\u0259nni Bak\u0131da - MEYDAN.TV\",\"isPartOf\":{\"@id\":\"https:\\\/\\\/www.meydan.tv\\\/az\\\/#website\"},\"primaryImageOfPage\":{\"@id\":\"https:\\\/\\\/www.meydan.tv\\\/az\\\/article\\\/muslum-maqomayevin-xatire-tedbiri-kecirilib\\\/#primaryimage\"},\"image\":{\"@id\":\"https:\\\/\\\/www.meydan.tv\\\/az\\\/article\\\/muslum-maqomayevin-xatire-tedbiri-kecirilib\\\/#primaryimage\"},\"thumbnailUrl\":\"https:\\\/\\\/www.meydan.tv\\\/wp-content\\\/uploads\\\/untitled-design-52.jpg\",\"datePublished\":\"2022-08-17T10:52:07+00:00\",\"dateModified\":\"2022-08-17T10:52:10+00:00\",\"breadcrumb\":{\"@id\":\"https:\\\/\\\/www.meydan.tv\\\/az\\\/article\\\/muslum-maqomayevin-xatire-tedbiri-kecirilib\\\/#breadcrumb\"},\"inLanguage\":\"az\",\"potentialAction\":[{\"@type\":\"ReadAction\",\"target\":[\"https:\\\/\\\/www.meydan.tv\\\/az\\\/article\\\/muslum-maqomayevin-xatire-tedbiri-kecirilib\\\/\"]}]},{\"@type\":\"ImageObject\",\"inLanguage\":\"az\",\"@id\":\"https:\\\/\\\/www.meydan.tv\\\/az\\\/article\\\/muslum-maqomayevin-xatire-tedbiri-kecirilib\\\/#primaryimage\",\"url\":\"https:\\\/\\\/www.meydan.tv\\\/wp-content\\\/uploads\\\/untitled-design-52.jpg\",\"contentUrl\":\"https:\\\/\\\/www.meydan.tv\\\/wp-content\\\/uploads\\\/untitled-design-52.jpg\",\"width\":1200,\"height\":800,\"caption\":\"Foto: Alessandro Safinan\u0131n \\\"\u0130nstagram\\\"\u0131ndan g\u00f6t\u00fcr\u00fcl\u00fcb\"},{\"@type\":\"BreadcrumbList\",\"@id\":\"https:\\\/\\\/www.meydan.tv\\\/az\\\/article\\\/muslum-maqomayevin-xatire-tedbiri-kecirilib\\\/#breadcrumb\",\"itemListElement\":[{\"@type\":\"ListItem\",\"position\":1,\"name\":\"Ana s\u0259hif\u0259\",\"item\":\"https:\\\/\\\/www.meydan.tv\\\/az\\\/\"},{\"@type\":\"ListItem\",\"position\":2,\"name\":\"M\u0259d\u0259niyy\u0259t\",\"item\":\"https:\\\/\\\/www.meydan.tv\\\/az\\\/section\\\/medeniyyet\\\/\"},{\"@type\":\"ListItem\",\"position\":3,\"name\":\"\u0130talyan m\u00fc\u011f\u0259nni Bak\u0131da\"}]},{\"@type\":\"WebSite\",\"@id\":\"https:\\\/\\\/www.meydan.tv\\\/az\\\/#website\",\"url\":\"https:\\\/\\\/www.meydan.tv\\\/az\\\/\",\"name\":\"MEYDAN.TV\",\"description\":\"Meydan TV Az\u0259rbaycan\u0131n media m\u0259kan\u0131ndak\u0131 alternativ s\u0259sidir\",\"publisher\":{\"@id\":\"https:\\\/\\\/www.meydan.tv\\\/az\\\/#organization\"},\"potentialAction\":[{\"@type\":\"SearchAction\",\"target\":{\"@type\":\"EntryPoint\",\"urlTemplate\":\"https:\\\/\\\/www.meydan.tv\\\/az\\\/?s={search_term_string}\"},\"query-input\":{\"@type\":\"PropertyValueSpecification\",\"valueRequired\":true,\"valueName\":\"search_term_string\"}}],\"inLanguage\":\"az\"},{\"@type\":\"Organization\",\"@id\":\"https:\\\/\\\/www.meydan.tv\\\/az\\\/#organization\",\"name\":\"Meydan TV\",\"url\":\"https:\\\/\\\/www.meydan.tv\\\/az\\\/\",\"logo\":{\"@type\":\"ImageObject\",\"inLanguage\":\"az\",\"@id\":\"https:\\\/\\\/www.meydan.tv\\\/az\\\/#\\\/schema\\\/logo\\\/image\\\/\",\"url\":\"https:\\\/\\\/www.meydan.tv\\\/wp-content\\\/uploads\\\/2021\\\/07\\\/meydan-logo.svg\",\"contentUrl\":\"https:\\\/\\\/www.meydan.tv\\\/wp-content\\\/uploads\\\/2021\\\/07\\\/meydan-logo.svg\",\"width\":195,\"height\":46,\"caption\":\"Meydan TV\"},\"image\":{\"@id\":\"https:\\\/\\\/www.meydan.tv\\\/az\\\/#\\\/schema\\\/logo\\\/image\\\/\"}},{\"@type\":\"Person\",\"@id\":\"https:\\\/\\\/www.meydan.tv\\\/az\\\/#\\\/schema\\\/person\\\/9cdbecf90d17180ce1dfbd95b08dcf47\",\"name\":\"elli\",\"sameAs\":[\"https:\\\/\\\/x.com\\\/elli\"]}]}<\/script>\n<!-- \/ Yoast SEO plugin. -->","yoast_head_json":{"title":"\u0130talyan m\u00fc\u011f\u0259nni Bak\u0131da - MEYDAN.TV","robots":{"index":"index","follow":"follow","max-snippet":"max-snippet:-1","max-image-preview":"max-image-preview:large","max-video-preview":"max-video-preview:-1"},"canonical":"https:\/\/www.meydan.tv\/az\/article\/muslum-maqomayevin-xatire-tedbiri-kecirilib\/","og_locale":"az_AZ","og_type":"article","og_title":"\u0130talyan m\u00fc\u011f\u0259nni Bak\u0131da - MEYDAN.TV","og_description":"O, M\u00fcsl\u00fcm Maqomayevin 80 illik yubileyi il\u0259 \u0259laq\u0259dar konsertd\u0259 ifa ... Davam\u0131","og_url":"https:\/\/www.meydan.tv\/az\/article\/muslum-maqomayevin-xatire-tedbiri-kecirilib\/","og_site_name":"MEYDAN.TV","article_published_time":"2022-08-17T10:52:07+00:00","article_modified_time":"2022-08-17T10:52:10+00:00","og_image":[{"width":1200,"height":800,"url":"https:\/\/www.meydan.tv\/wp-content\/uploads\/untitled-design-52.jpg","type":"image\/jpeg"}],"author":"elli","twitter_card":"summary_large_image","twitter_creator":"@elli","schema":{"@context":"https:\/\/schema.org","@graph":[{"@type":"Article","@id":"https:\/\/www.meydan.tv\/az\/article\/muslum-maqomayevin-xatire-tedbiri-kecirilib\/#article","isPartOf":{"@id":"https:\/\/www.meydan.tv\/az\/article\/muslum-maqomayevin-xatire-tedbiri-kecirilib\/"},"author":{"name":"elli","@id":"https:\/\/www.meydan.tv\/az\/#\/schema\/person\/9cdbecf90d17180ce1dfbd95b08dcf47"},"headline":"\u0130talyan m\u00fc\u011f\u0259nni Bak\u0131da","datePublished":"2022-08-17T10:52:07+00:00","dateModified":"2022-08-17T10:52:10+00:00","mainEntityOfPage":{"@id":"https:\/\/www.meydan.tv\/az\/article\/muslum-maqomayevin-xatire-tedbiri-kecirilib\/"},"wordCount":178,"publisher":{"@id":"https:\/\/www.meydan.tv\/az\/#organization"},"image":{"@id":"https:\/\/www.meydan.tv\/az\/article\/muslum-maqomayevin-xatire-tedbiri-kecirilib\/#primaryimage"},"thumbnailUrl":"https:\/\/www.meydan.tv\/wp-content\/uploads\/untitled-design-52.jpg","articleSection":["M\u0259d\u0259niyy\u0259t","X\u0259b\u0259rl\u0259r"],"inLanguage":"az"},{"@type":"WebPage","@id":"https:\/\/www.meydan.tv\/az\/article\/muslum-maqomayevin-xatire-tedbiri-kecirilib\/","url":"https:\/\/www.meydan.tv\/az\/article\/muslum-maqomayevin-xatire-tedbiri-kecirilib\/","name":"\u0130talyan m\u00fc\u011f\u0259nni Bak\u0131da - MEYDAN.TV","isPartOf":{"@id":"https:\/\/www.meydan.tv\/az\/#website"},"primaryImageOfPage":{"@id":"https:\/\/www.meydan.tv\/az\/article\/muslum-maqomayevin-xatire-tedbiri-kecirilib\/#primaryimage"},"image":{"@id":"https:\/\/www.meydan.tv\/az\/article\/muslum-maqomayevin-xatire-tedbiri-kecirilib\/#primaryimage"},"thumbnailUrl":"https:\/\/www.meydan.tv\/wp-content\/uploads\/untitled-design-52.jpg","datePublished":"2022-08-17T10:52:07+00:00","dateModified":"2022-08-17T10:52:10+00:00","breadcrumb":{"@id":"https:\/\/www.meydan.tv\/az\/article\/muslum-maqomayevin-xatire-tedbiri-kecirilib\/#breadcrumb"},"inLanguage":"az","potentialAction":[{"@type":"ReadAction","target":["https:\/\/www.meydan.tv\/az\/article\/muslum-maqomayevin-xatire-tedbiri-kecirilib\/"]}]},{"@type":"ImageObject","inLanguage":"az","@id":"https:\/\/www.meydan.tv\/az\/article\/muslum-maqomayevin-xatire-tedbiri-kecirilib\/#primaryimage","url":"https:\/\/www.meydan.tv\/wp-content\/uploads\/untitled-design-52.jpg","contentUrl":"https:\/\/www.meydan.tv\/wp-content\/uploads\/untitled-design-52.jpg","width":1200,"height":800,"caption":"Foto: Alessandro Safinan\u0131n \"\u0130nstagram\"\u0131ndan g\u00f6t\u00fcr\u00fcl\u00fcb"},{"@type":"BreadcrumbList","@id":"https:\/\/www.meydan.tv\/az\/article\/muslum-maqomayevin-xatire-tedbiri-kecirilib\/#breadcrumb","itemListElement":[{"@type":"ListItem","position":1,"name":"Ana s\u0259hif\u0259","item":"https:\/\/www.meydan.tv\/az\/"},{"@type":"ListItem","position":2,"name":"M\u0259d\u0259niyy\u0259t","item":"https:\/\/www.meydan.tv\/az\/section\/medeniyyet\/"},{"@type":"ListItem","position":3,"name":"\u0130talyan m\u00fc\u011f\u0259nni Bak\u0131da"}]},{"@type":"WebSite","@id":"https:\/\/www.meydan.tv\/az\/#website","url":"https:\/\/www.meydan.tv\/az\/","name":"MEYDAN.TV","description":"Meydan TV Az\u0259rbaycan\u0131n media m\u0259kan\u0131ndak\u0131 alternativ s\u0259sidir","publisher":{"@id":"https:\/\/www.meydan.tv\/az\/#organization"},"potentialAction":[{"@type":"SearchAction","target":{"@type":"EntryPoint","urlTemplate":"https:\/\/www.meydan.tv\/az\/?s={search_term_string}"},"query-input":{"@type":"PropertyValueSpecification","valueRequired":true,"valueName":"search_term_string"}}],"inLanguage":"az"},{"@type":"Organization","@id":"https:\/\/www.meydan.tv\/az\/#organization","name":"Meydan TV","url":"https:\/\/www.meydan.tv\/az\/","logo":{"@type":"ImageObject","inLanguage":"az","@id":"https:\/\/www.meydan.tv\/az\/#\/schema\/logo\/image\/","url":"https:\/\/www.meydan.tv\/wp-content\/uploads\/2021\/07\/meydan-logo.svg","contentUrl":"https:\/\/www.meydan.tv\/wp-content\/uploads\/2021\/07\/meydan-logo.svg","width":195,"height":46,"caption":"Meydan TV"},"image":{"@id":"https:\/\/www.meydan.tv\/az\/#\/schema\/logo\/image\/"}},{"@type":"Person","@id":"https:\/\/www.meydan.tv\/az\/#\/schema\/person\/9cdbecf90d17180ce1dfbd95b08dcf47","name":"elli","sameAs":["https:\/\/x.com\/elli"]}]}},"_links":{"self":[{"href":"https:\/\/www.meydan.tv\/az\/wp-json\/wp\/v2\/posts\/253466","targetHints":{"allow":["GET"]}}],"collection":[{"href":"https:\/\/www.meydan.tv\/az\/wp-json\/wp\/v2\/posts"}],"about":[{"href":"https:\/\/www.meydan.tv\/az\/wp-json\/wp\/v2\/types\/post"}],"author":[{"embeddable":true,"href":"https:\/\/www.meydan.tv\/az\/wp-json\/wp\/v2\/users\/8"}],"replies":[{"embeddable":true,"href":"https:\/\/www.meydan.tv\/az\/wp-json\/wp\/v2\/comments?post=253466"}],"version-history":[{"count":2,"href":"https:\/\/www.meydan.tv\/az\/wp-json\/wp\/v2\/posts\/253466\/revisions"}],"predecessor-version":[{"id":253473,"href":"https:\/\/www.meydan.tv\/az\/wp-json\/wp\/v2\/posts\/253466\/revisions\/253473"}],"wp:featuredmedia":[{"embeddable":true,"href":"https:\/\/www.meydan.tv\/az\/wp-json\/wp\/v2\/media\/253457"}],"wp:attachment":[{"href":"https:\/\/www.meydan.tv\/az\/wp-json\/wp\/v2\/media?parent=253466"}],"wp:term":[{"taxonomy":"category","embeddable":true,"href":"https:\/\/www.meydan.tv\/az\/wp-json\/wp\/v2\/categories?post=253466"},{"taxonomy":"post_tag","embeddable":true,"href":"https:\/\/www.meydan.tv\/az\/wp-json\/wp\/v2\/tags?post=253466"}],"curies":[{"name":"wp","href":"https:\/\/api.w.org\/{rel}","templated":true}]}}