{"id":253451,"date":"2022-08-17T13:39:57","date_gmt":"2022-08-17T09:39:57","guid":{"rendered":"https:\/\/www.meydan.tv\/?p=253451"},"modified":"2022-08-17T13:40:49","modified_gmt":"2022-08-17T09:40:49","slug":"qisa-filmler-festivalina-film-qebulu-baslayib","status":"publish","type":"post","link":"https:\/\/www.meydan.tv\/az\/article\/qisa-filmler-festivalina-film-qebulu-baslayib\/","title":{"rendered":"Q\u0131sa Filml\u0259r Festival\u0131na film q\u0259bulu ba\u015flay\u0131b"},"content":{"rendered":"\n<p><\/p>\n\n\n\n<p><em>Qalib \u201cQ\u0131z\u0131l Nar\u201d m\u00fckafat\u0131 qazanacaq<\/em><\/p>\n\n\n\n<p>XIII Bak\u0131 Beyn\u0259lxalq Q\u0131sa Filml\u0259r Festival\u0131na film q\u0259bulu ba\u015flay\u0131b. Festival h\u0259m yerli, h\u0259m d\u0259 \u0259cn\u0259bi rejissorlar\u0131n filml\u0259rini q\u0259bul edir.<\/p>\n\n\n\n<p>Qeydiyyat sentyabr\u0131n 20-d\u0259k davam <a href=\"https:\/\/filmfestival.az\/xeberler\/116-beynelxalq-festivala-film-qebulu-bashladi\/\" target=\"_blank\" rel=\"noreferrer noopener\">ed\u0259c\u0259k<\/a>.<br><br>M\u00fc\u0259llifl\u0259r 30 d\u0259qiq\u0259d\u0259n \u00e7ox olmayan q\u0131sa filml\u0259rini festival\u0131n beyn\u0259lxalq, yerli v\u0259 \u201cCinemobil\u201d b\u00f6lm\u0259l\u0259rin\u0259 t\u0259qdim ed\u0259 bil\u0259rl\u0259r.<\/p>\n\n\n\n<p><strong>Beyn\u0259lxalq v\u0259 yerli m\u00fcsabiq\u0259<\/strong><\/p>\n\n\n\n<p>Xarici v\u0259 yerli m\u00fc\u0259llifl\u0259r beyn\u0259lxalq m\u00fcsabiq\u0259y\u0259 b\u0259dii, s\u0259n\u0259dli v\u0259 animasiya filml\u0259rini sentyabr\u0131n 5-d\u0259k g\u00f6nd\u0259rm\u0259lidir.<br>M\u00fcsabiq\u0259y\u0259 film g\u00f6nd\u0259rm\u0259k \u00fc\u00e7\u00fcn bu <a href=\"https:\/\/filmfreeway.com\/bakuisff\" target=\"_blank\" rel=\"noreferrer noopener\">ke\u00e7idd\u0259n<\/a> istifad\u0259 ed\u0259 bil\u0259rsiniz.<br>Yerli m\u00fcsabiq\u0259y\u0259 is\u0259 h\u0259m b\u0259dii, s\u0259n\u0259dli, animasiya filml\u0259ri, h\u0259m d\u0259 sosial \u00e7arxlar q\u0259bul olunur. M\u00fc\u0259llifl\u0259r filml\u0259rini festival\u0131n sayt\u0131 vasit\u0259sil\u0259 sentyabr\u0131n 20-d\u0259k g\u00f6nd\u0259rm\u0259lidir.<br>Filml\u0259rin 2020-2022-ci ill\u0259rd\u0259 istehsal olunmas\u0131 \u015f\u0259rtdir.<\/p>\n\n\n\n<p><strong>M\u00fckafatlar<\/strong><\/p>\n\n\n\n<p>Yerli m\u00fcsabiq\u0259d\u0259 i\u015ftirak h\u00fcququ qazanan filml\u0259r \u201c\u018fn yax\u015f\u0131 b\u0259dii film\u201d, \u201c\u018fn yax\u015f\u0131 s\u0259n\u0259dli film\u201d, \u201c\u018fn yax\u015f\u0131 animasiya filmi\u201d, \u201c\u018fn yax\u015f\u0131 sosial \u00e7arx\u201d, \u201c\u018fn yax\u015f\u0131 rejissor\u201d, \u201c\u018fn yax\u015f\u0131 ssenari\u201d, \u201c\u018fn yax\u015f\u0131 t\u0259l\u0259b\u0259 filmi\u201d nominasiyas\u0131 u\u011frunda m\u00fcbariz\u0259y\u0259 qo\u015fulacaq.<\/p>\n\n\n\n<p><strong>\u201cCinemobil\u201d<\/strong><\/p>\n\n\n\n<p>Onlayn ke\u00e7iril\u0259c\u0259k m\u00fcsabiq\u0259y\u0259 m\u00fc\u0259llifl\u0259r mobil telefon, plan\u015fet vasit\u0259sil\u0259 \u00e7\u0259kil\u0259n b\u0259dii, s\u0259n\u0259dli filml\u0259rini t\u0259qdim ed\u0259 bil\u0259r. Filml\u0259rin m\u00fcdd\u0259ti 5 d\u0259qiq\u0259d\u0259n art\u0131q olmamal\u0131d\u0131r. T\u0259qdim olunan filml\u0259r aras\u0131ndan 5 film se\u00e7il\u0259r\u0259k m\u00fcsabiq\u0259y\u0259 burax\u0131lacaq v\u0259 festival\u0131n \u201cFacebook\u201d s\u0259hif\u0259sin\u0259 yerl\u0259\u015fdiril\u0259c\u0259k. Qalib tama\u015fa\u00e7\u0131lar t\u0259r\u0259find\u0259n, onlayn s\u0259sverm\u0259 yolu il\u0259 se\u00e7il\u0259c\u0259k.<\/p>\n\n\n\n<p><strong>Se\u00e7im komissiyas\u0131<\/strong><\/p>\n\n\n\n<p>Festivala g\u00f6nd\u0259ril\u0259n filml\u0259r pe\u015f\u0259kar m\u00fct\u0259x\u0259ssisl\u0259rd\u0259n ibar\u0259t se\u00e7im komissiyas\u0131 t\u0259r\u0259find\u0259n d\u0259y\u0259rl\u0259ndirilib, m\u00fcsabiq\u0259y\u0259 daxil edil\u0259c\u0259k. Se\u00e7im zaman\u0131 h\u0259r janr\u0131n \u00f6z\u0259lliyind\u0259n ir\u0259li g\u0259l\u0259n x\u00fcsusiyy\u0259tl\u0259r\u0259 diqq\u0259t yetiril\u0259c\u0259k.<br>Beyn\u0259lxalq v\u0259 yerli m\u00fcsabiq\u0259d\u0259 m\u00fcbariz\u0259y\u0259 qo\u015fulacaq filml\u0259rin siyah\u0131s\u0131 2022-ci il oktyabr\u0131n 20-d\u0259 elan olunacaq.<br>Festival\u0131n m\u00fcnsifl\u0259r hey\u0259ti noyabrda a\u00e7\u0131qlanacaq.<\/p>\n\n\n\n<p><strong>\u201cQ\u0131z\u0131l Nar\u201d \u2013 qaranl\u0131qdan i\u015f\u0131\u011fa<\/strong><\/p>\n\n\n\n<p>Bak\u0131 Beyn\u0259lxalq Q\u0131sa Filml\u0259r Festival\u0131n\u0131n \u0259sas m\u00fckafat\u0131 \u201cQ\u0131z\u0131l Nar\u201dd\u0131r. \u201cQ\u0131z\u0131l Nar\u201d behi\u015ftd\u0259n onlarla d\u0259n\u0259ciyi, ideyan\u0131, enerjini b\u0259tnind\u0259 da\u015f\u0131yan qad\u0131n\u0131 t\u0259svir edir. Film \u00e7\u0259k\u0259n rejissor da enerji, ideya v\u0259 ssenarini \u00f6z \u201cb\u0259tnind\u0259\u201d da\u015f\u0131y\u0131r. Rejissor b\u0259tnind\u0259kini film vasit\u0259sil\u0259 i\u015f\u0131ql\u0131 v\u0259 real m\u0259kana \u00e7\u0131xar\u0131r. Bel\u0259likl\u0259, kino qaranl\u0131qda i\u015f\u0131\u011f\u0131n \u0259ks olunmas\u0131 il\u0259 ba\u015flay\u0131r. \u201cQ\u0131z\u0131l Nar\u201dla yana\u015f\u0131, festival b\u0259zi nominasiyalar \u00fczr\u0259 qalibl\u0259r\u0259 x\u00fcsusi m\u00fckafat v\u0259 diplom t\u0259qdim ed\u0259c\u0259k.<br>G\u0259nc Kinematoqraf\u00e7\u0131lar M\u0259rk\u0259zinin t\u0259sis etdiyi Bak\u0131 Beyn\u0259lxalq Q\u0131sa Filml\u0259r Festival\u0131 2004-c\u00fc ild\u0259n t\u0259\u015fkil olunur.<br>Builki festival noyabr\u0131n 11-d\u0259n 15-d\u0259k ke\u00e7iril\u0259c\u0259k.<\/p>\n","protected":false},"excerpt":{"rendered":"<p>Qalib \u201cQ\u0131z\u0131l Nar\u201d m\u00fckafat\u0131 qazanacaq XIII Bak\u0131 Beyn\u0259lxalq Q\u0131sa Filml\u0259r &#8230; <\/p>\n<p class=\"read-more-container\"><a title=\"Q\u0131sa Filml\u0259r Festival\u0131na film q\u0259bulu ba\u015flay\u0131b\" class=\"read-more button\" href=\"https:\/\/www.meydan.tv\/az\/article\/qisa-filmler-festivalina-film-qebulu-baslayib\/#more-253451\" aria-label=\"Read more about Q\u0131sa Filml\u0259r Festival\u0131na film q\u0259bulu ba\u015flay\u0131b\">Davam\u0131<\/a><\/p>\n","protected":false},"author":8,"featured_media":253439,"comment_status":"closed","ping_status":"closed","sticky":false,"template":"","format":"standard","meta":{"_acf_changed":false,"_sitemap_exclude":false,"_sitemap_priority":"","_sitemap_frequency":"","footnotes":""},"categories":[52,56],"tags":[],"class_list":["post-253451","post","type-post","status-publish","format-standard","has-post-thumbnail","hentry","category-medeniyyet","category-xeberler","infinite-scroll-item","generate-columns","tablet-grid-50","mobile-grid-100","grid-parent","grid-33","no-featured-image-padding"],"acf":[],"yoast_head":"<!-- This site is optimized with the Yoast SEO plugin v27.5 - https:\/\/yoast.com\/product\/yoast-seo-wordpress\/ -->\n<title>Q\u0131sa Filml\u0259r Festival\u0131na film q\u0259bulu ba\u015flay\u0131b - MEYDAN.TV<\/title>\n<meta name=\"robots\" content=\"index, follow, max-snippet:-1, max-image-preview:large, max-video-preview:-1\" \/>\n<link rel=\"canonical\" href=\"https:\/\/www.meydan.tv\/az\/article\/qisa-filmler-festivalina-film-qebulu-baslayib\/\" \/>\n<meta property=\"og:locale\" content=\"az_AZ\" \/>\n<meta property=\"og:type\" content=\"article\" \/>\n<meta property=\"og:title\" content=\"Q\u0131sa Filml\u0259r Festival\u0131na film q\u0259bulu ba\u015flay\u0131b - MEYDAN.TV\" \/>\n<meta property=\"og:description\" content=\"Qalib \u201cQ\u0131z\u0131l Nar\u201d m\u00fckafat\u0131 qazanacaq XIII Bak\u0131 Beyn\u0259lxalq Q\u0131sa Filml\u0259r ... Davam\u0131\" \/>\n<meta property=\"og:url\" content=\"https:\/\/www.meydan.tv\/az\/article\/qisa-filmler-festivalina-film-qebulu-baslayib\/\" \/>\n<meta property=\"og:site_name\" content=\"MEYDAN.TV\" \/>\n<meta property=\"article:published_time\" content=\"2022-08-17T09:39:57+00:00\" \/>\n<meta property=\"article:modified_time\" content=\"2022-08-17T09:40:49+00:00\" \/>\n<meta property=\"og:image\" content=\"https:\/\/www.meydan.tv\/wp-content\/uploads\/poster.jpg\" \/>\n\t<meta property=\"og:image:width\" content=\"1200\" \/>\n\t<meta property=\"og:image:height\" content=\"1200\" \/>\n\t<meta property=\"og:image:type\" content=\"image\/jpeg\" \/>\n<meta name=\"author\" content=\"elli\" \/>\n<meta name=\"twitter:card\" content=\"summary_large_image\" \/>\n<meta name=\"twitter:creator\" content=\"@elli\" \/>\n<script type=\"application\/ld+json\" class=\"yoast-schema-graph\">{\"@context\":\"https:\\\/\\\/schema.org\",\"@graph\":[{\"@type\":\"Article\",\"@id\":\"https:\\\/\\\/www.meydan.tv\\\/az\\\/article\\\/qisa-filmler-festivalina-film-qebulu-baslayib\\\/#article\",\"isPartOf\":{\"@id\":\"https:\\\/\\\/www.meydan.tv\\\/az\\\/article\\\/qisa-filmler-festivalina-film-qebulu-baslayib\\\/\"},\"author\":{\"name\":\"elli\",\"@id\":\"https:\\\/\\\/www.meydan.tv\\\/az\\\/#\\\/schema\\\/person\\\/9cdbecf90d17180ce1dfbd95b08dcf47\"},\"headline\":\"Q\u0131sa Filml\u0259r Festival\u0131na film q\u0259bulu ba\u015flay\u0131b\",\"datePublished\":\"2022-08-17T09:39:57+00:00\",\"dateModified\":\"2022-08-17T09:40:49+00:00\",\"mainEntityOfPage\":{\"@id\":\"https:\\\/\\\/www.meydan.tv\\\/az\\\/article\\\/qisa-filmler-festivalina-film-qebulu-baslayib\\\/\"},\"wordCount\":582,\"publisher\":{\"@id\":\"https:\\\/\\\/www.meydan.tv\\\/az\\\/#organization\"},\"image\":{\"@id\":\"https:\\\/\\\/www.meydan.tv\\\/az\\\/article\\\/qisa-filmler-festivalina-film-qebulu-baslayib\\\/#primaryimage\"},\"thumbnailUrl\":\"https:\\\/\\\/www.meydan.tv\\\/wp-content\\\/uploads\\\/poster.jpg\",\"articleSection\":[\"M\u0259d\u0259niyy\u0259t\",\"X\u0259b\u0259rl\u0259r\"],\"inLanguage\":\"az\"},{\"@type\":\"WebPage\",\"@id\":\"https:\\\/\\\/www.meydan.tv\\\/az\\\/article\\\/qisa-filmler-festivalina-film-qebulu-baslayib\\\/\",\"url\":\"https:\\\/\\\/www.meydan.tv\\\/az\\\/article\\\/qisa-filmler-festivalina-film-qebulu-baslayib\\\/\",\"name\":\"Q\u0131sa Filml\u0259r Festival\u0131na film q\u0259bulu ba\u015flay\u0131b - MEYDAN.TV\",\"isPartOf\":{\"@id\":\"https:\\\/\\\/www.meydan.tv\\\/az\\\/#website\"},\"primaryImageOfPage\":{\"@id\":\"https:\\\/\\\/www.meydan.tv\\\/az\\\/article\\\/qisa-filmler-festivalina-film-qebulu-baslayib\\\/#primaryimage\"},\"image\":{\"@id\":\"https:\\\/\\\/www.meydan.tv\\\/az\\\/article\\\/qisa-filmler-festivalina-film-qebulu-baslayib\\\/#primaryimage\"},\"thumbnailUrl\":\"https:\\\/\\\/www.meydan.tv\\\/wp-content\\\/uploads\\\/poster.jpg\",\"datePublished\":\"2022-08-17T09:39:57+00:00\",\"dateModified\":\"2022-08-17T09:40:49+00:00\",\"breadcrumb\":{\"@id\":\"https:\\\/\\\/www.meydan.tv\\\/az\\\/article\\\/qisa-filmler-festivalina-film-qebulu-baslayib\\\/#breadcrumb\"},\"inLanguage\":\"az\",\"potentialAction\":[{\"@type\":\"ReadAction\",\"target\":[\"https:\\\/\\\/www.meydan.tv\\\/az\\\/article\\\/qisa-filmler-festivalina-film-qebulu-baslayib\\\/\"]}]},{\"@type\":\"ImageObject\",\"inLanguage\":\"az\",\"@id\":\"https:\\\/\\\/www.meydan.tv\\\/az\\\/article\\\/qisa-filmler-festivalina-film-qebulu-baslayib\\\/#primaryimage\",\"url\":\"https:\\\/\\\/www.meydan.tv\\\/wp-content\\\/uploads\\\/poster.jpg\",\"contentUrl\":\"https:\\\/\\\/www.meydan.tv\\\/wp-content\\\/uploads\\\/poster.jpg\",\"width\":1200,\"height\":1200,\"caption\":\"M\u0259nb\u0259: Bak\u0131 Beyn\u0259lxalq Q\u0131sa Filml\u0259r Festival\u0131n\u0131n s\u0259hif\u0259si\"},{\"@type\":\"BreadcrumbList\",\"@id\":\"https:\\\/\\\/www.meydan.tv\\\/az\\\/article\\\/qisa-filmler-festivalina-film-qebulu-baslayib\\\/#breadcrumb\",\"itemListElement\":[{\"@type\":\"ListItem\",\"position\":1,\"name\":\"Ana s\u0259hif\u0259\",\"item\":\"https:\\\/\\\/www.meydan.tv\\\/az\\\/\"},{\"@type\":\"ListItem\",\"position\":2,\"name\":\"M\u0259d\u0259niyy\u0259t\",\"item\":\"https:\\\/\\\/www.meydan.tv\\\/az\\\/section\\\/medeniyyet\\\/\"},{\"@type\":\"ListItem\",\"position\":3,\"name\":\"Q\u0131sa Filml\u0259r Festival\u0131na film q\u0259bulu ba\u015flay\u0131b\"}]},{\"@type\":\"WebSite\",\"@id\":\"https:\\\/\\\/www.meydan.tv\\\/az\\\/#website\",\"url\":\"https:\\\/\\\/www.meydan.tv\\\/az\\\/\",\"name\":\"MEYDAN.TV\",\"description\":\"Meydan TV Az\u0259rbaycan\u0131n media m\u0259kan\u0131ndak\u0131 alternativ s\u0259sidir\",\"publisher\":{\"@id\":\"https:\\\/\\\/www.meydan.tv\\\/az\\\/#organization\"},\"potentialAction\":[{\"@type\":\"SearchAction\",\"target\":{\"@type\":\"EntryPoint\",\"urlTemplate\":\"https:\\\/\\\/www.meydan.tv\\\/az\\\/?s={search_term_string}\"},\"query-input\":{\"@type\":\"PropertyValueSpecification\",\"valueRequired\":true,\"valueName\":\"search_term_string\"}}],\"inLanguage\":\"az\"},{\"@type\":\"Organization\",\"@id\":\"https:\\\/\\\/www.meydan.tv\\\/az\\\/#organization\",\"name\":\"Meydan TV\",\"url\":\"https:\\\/\\\/www.meydan.tv\\\/az\\\/\",\"logo\":{\"@type\":\"ImageObject\",\"inLanguage\":\"az\",\"@id\":\"https:\\\/\\\/www.meydan.tv\\\/az\\\/#\\\/schema\\\/logo\\\/image\\\/\",\"url\":\"https:\\\/\\\/www.meydan.tv\\\/wp-content\\\/uploads\\\/2021\\\/07\\\/meydan-logo.svg\",\"contentUrl\":\"https:\\\/\\\/www.meydan.tv\\\/wp-content\\\/uploads\\\/2021\\\/07\\\/meydan-logo.svg\",\"width\":195,\"height\":46,\"caption\":\"Meydan TV\"},\"image\":{\"@id\":\"https:\\\/\\\/www.meydan.tv\\\/az\\\/#\\\/schema\\\/logo\\\/image\\\/\"}},{\"@type\":\"Person\",\"@id\":\"https:\\\/\\\/www.meydan.tv\\\/az\\\/#\\\/schema\\\/person\\\/9cdbecf90d17180ce1dfbd95b08dcf47\",\"name\":\"elli\",\"sameAs\":[\"https:\\\/\\\/x.com\\\/elli\"]}]}<\/script>\n<!-- \/ Yoast SEO plugin. -->","yoast_head_json":{"title":"Q\u0131sa Filml\u0259r Festival\u0131na film q\u0259bulu ba\u015flay\u0131b - MEYDAN.TV","robots":{"index":"index","follow":"follow","max-snippet":"max-snippet:-1","max-image-preview":"max-image-preview:large","max-video-preview":"max-video-preview:-1"},"canonical":"https:\/\/www.meydan.tv\/az\/article\/qisa-filmler-festivalina-film-qebulu-baslayib\/","og_locale":"az_AZ","og_type":"article","og_title":"Q\u0131sa Filml\u0259r Festival\u0131na film q\u0259bulu ba\u015flay\u0131b - MEYDAN.TV","og_description":"Qalib \u201cQ\u0131z\u0131l Nar\u201d m\u00fckafat\u0131 qazanacaq XIII Bak\u0131 Beyn\u0259lxalq Q\u0131sa Filml\u0259r ... Davam\u0131","og_url":"https:\/\/www.meydan.tv\/az\/article\/qisa-filmler-festivalina-film-qebulu-baslayib\/","og_site_name":"MEYDAN.TV","article_published_time":"2022-08-17T09:39:57+00:00","article_modified_time":"2022-08-17T09:40:49+00:00","og_image":[{"width":1200,"height":1200,"url":"https:\/\/www.meydan.tv\/wp-content\/uploads\/poster.jpg","type":"image\/jpeg"}],"author":"elli","twitter_card":"summary_large_image","twitter_creator":"@elli","schema":{"@context":"https:\/\/schema.org","@graph":[{"@type":"Article","@id":"https:\/\/www.meydan.tv\/az\/article\/qisa-filmler-festivalina-film-qebulu-baslayib\/#article","isPartOf":{"@id":"https:\/\/www.meydan.tv\/az\/article\/qisa-filmler-festivalina-film-qebulu-baslayib\/"},"author":{"name":"elli","@id":"https:\/\/www.meydan.tv\/az\/#\/schema\/person\/9cdbecf90d17180ce1dfbd95b08dcf47"},"headline":"Q\u0131sa Filml\u0259r Festival\u0131na film q\u0259bulu ba\u015flay\u0131b","datePublished":"2022-08-17T09:39:57+00:00","dateModified":"2022-08-17T09:40:49+00:00","mainEntityOfPage":{"@id":"https:\/\/www.meydan.tv\/az\/article\/qisa-filmler-festivalina-film-qebulu-baslayib\/"},"wordCount":582,"publisher":{"@id":"https:\/\/www.meydan.tv\/az\/#organization"},"image":{"@id":"https:\/\/www.meydan.tv\/az\/article\/qisa-filmler-festivalina-film-qebulu-baslayib\/#primaryimage"},"thumbnailUrl":"https:\/\/www.meydan.tv\/wp-content\/uploads\/poster.jpg","articleSection":["M\u0259d\u0259niyy\u0259t","X\u0259b\u0259rl\u0259r"],"inLanguage":"az"},{"@type":"WebPage","@id":"https:\/\/www.meydan.tv\/az\/article\/qisa-filmler-festivalina-film-qebulu-baslayib\/","url":"https:\/\/www.meydan.tv\/az\/article\/qisa-filmler-festivalina-film-qebulu-baslayib\/","name":"Q\u0131sa Filml\u0259r Festival\u0131na film q\u0259bulu ba\u015flay\u0131b - MEYDAN.TV","isPartOf":{"@id":"https:\/\/www.meydan.tv\/az\/#website"},"primaryImageOfPage":{"@id":"https:\/\/www.meydan.tv\/az\/article\/qisa-filmler-festivalina-film-qebulu-baslayib\/#primaryimage"},"image":{"@id":"https:\/\/www.meydan.tv\/az\/article\/qisa-filmler-festivalina-film-qebulu-baslayib\/#primaryimage"},"thumbnailUrl":"https:\/\/www.meydan.tv\/wp-content\/uploads\/poster.jpg","datePublished":"2022-08-17T09:39:57+00:00","dateModified":"2022-08-17T09:40:49+00:00","breadcrumb":{"@id":"https:\/\/www.meydan.tv\/az\/article\/qisa-filmler-festivalina-film-qebulu-baslayib\/#breadcrumb"},"inLanguage":"az","potentialAction":[{"@type":"ReadAction","target":["https:\/\/www.meydan.tv\/az\/article\/qisa-filmler-festivalina-film-qebulu-baslayib\/"]}]},{"@type":"ImageObject","inLanguage":"az","@id":"https:\/\/www.meydan.tv\/az\/article\/qisa-filmler-festivalina-film-qebulu-baslayib\/#primaryimage","url":"https:\/\/www.meydan.tv\/wp-content\/uploads\/poster.jpg","contentUrl":"https:\/\/www.meydan.tv\/wp-content\/uploads\/poster.jpg","width":1200,"height":1200,"caption":"M\u0259nb\u0259: Bak\u0131 Beyn\u0259lxalq Q\u0131sa Filml\u0259r Festival\u0131n\u0131n s\u0259hif\u0259si"},{"@type":"BreadcrumbList","@id":"https:\/\/www.meydan.tv\/az\/article\/qisa-filmler-festivalina-film-qebulu-baslayib\/#breadcrumb","itemListElement":[{"@type":"ListItem","position":1,"name":"Ana s\u0259hif\u0259","item":"https:\/\/www.meydan.tv\/az\/"},{"@type":"ListItem","position":2,"name":"M\u0259d\u0259niyy\u0259t","item":"https:\/\/www.meydan.tv\/az\/section\/medeniyyet\/"},{"@type":"ListItem","position":3,"name":"Q\u0131sa Filml\u0259r Festival\u0131na film q\u0259bulu ba\u015flay\u0131b"}]},{"@type":"WebSite","@id":"https:\/\/www.meydan.tv\/az\/#website","url":"https:\/\/www.meydan.tv\/az\/","name":"MEYDAN.TV","description":"Meydan TV Az\u0259rbaycan\u0131n media m\u0259kan\u0131ndak\u0131 alternativ s\u0259sidir","publisher":{"@id":"https:\/\/www.meydan.tv\/az\/#organization"},"potentialAction":[{"@type":"SearchAction","target":{"@type":"EntryPoint","urlTemplate":"https:\/\/www.meydan.tv\/az\/?s={search_term_string}"},"query-input":{"@type":"PropertyValueSpecification","valueRequired":true,"valueName":"search_term_string"}}],"inLanguage":"az"},{"@type":"Organization","@id":"https:\/\/www.meydan.tv\/az\/#organization","name":"Meydan TV","url":"https:\/\/www.meydan.tv\/az\/","logo":{"@type":"ImageObject","inLanguage":"az","@id":"https:\/\/www.meydan.tv\/az\/#\/schema\/logo\/image\/","url":"https:\/\/www.meydan.tv\/wp-content\/uploads\/2021\/07\/meydan-logo.svg","contentUrl":"https:\/\/www.meydan.tv\/wp-content\/uploads\/2021\/07\/meydan-logo.svg","width":195,"height":46,"caption":"Meydan TV"},"image":{"@id":"https:\/\/www.meydan.tv\/az\/#\/schema\/logo\/image\/"}},{"@type":"Person","@id":"https:\/\/www.meydan.tv\/az\/#\/schema\/person\/9cdbecf90d17180ce1dfbd95b08dcf47","name":"elli","sameAs":["https:\/\/x.com\/elli"]}]}},"_links":{"self":[{"href":"https:\/\/www.meydan.tv\/az\/wp-json\/wp\/v2\/posts\/253451","targetHints":{"allow":["GET"]}}],"collection":[{"href":"https:\/\/www.meydan.tv\/az\/wp-json\/wp\/v2\/posts"}],"about":[{"href":"https:\/\/www.meydan.tv\/az\/wp-json\/wp\/v2\/types\/post"}],"author":[{"embeddable":true,"href":"https:\/\/www.meydan.tv\/az\/wp-json\/wp\/v2\/users\/8"}],"replies":[{"embeddable":true,"href":"https:\/\/www.meydan.tv\/az\/wp-json\/wp\/v2\/comments?post=253451"}],"version-history":[{"count":3,"href":"https:\/\/www.meydan.tv\/az\/wp-json\/wp\/v2\/posts\/253451\/revisions"}],"predecessor-version":[{"id":253454,"href":"https:\/\/www.meydan.tv\/az\/wp-json\/wp\/v2\/posts\/253451\/revisions\/253454"}],"wp:featuredmedia":[{"embeddable":true,"href":"https:\/\/www.meydan.tv\/az\/wp-json\/wp\/v2\/media\/253439"}],"wp:attachment":[{"href":"https:\/\/www.meydan.tv\/az\/wp-json\/wp\/v2\/media?parent=253451"}],"wp:term":[{"taxonomy":"category","embeddable":true,"href":"https:\/\/www.meydan.tv\/az\/wp-json\/wp\/v2\/categories?post=253451"},{"taxonomy":"post_tag","embeddable":true,"href":"https:\/\/www.meydan.tv\/az\/wp-json\/wp\/v2\/tags?post=253451"}],"curies":[{"name":"wp","href":"https:\/\/api.w.org\/{rel}","templated":true}]}}