{"id":253431,"date":"2022-08-17T12:23:26","date_gmt":"2022-08-17T08:23:26","guid":{"rendered":"https:\/\/www.meydan.tv\/?p=253431"},"modified":"2022-08-17T12:23:28","modified_gmt":"2022-08-17T08:23:28","slug":"los-angelesde-yasayan-azerbaycanli-senetci-vefat-edib","status":"publish","type":"post","link":"https:\/\/www.meydan.tv\/az\/article\/los-angelesde-yasayan-azerbaycanli-senetci-vefat-edib\/","title":{"rendered":"Los-Angelesd\u0259 ya\u015fayan az\u0259rbaycanl\u0131 s\u0259n\u0259t\u00e7i v\u0259fat edib"},"content":{"rendered":"\n<p><\/p>\n\n\n\n<p><em>Fir\u0259ngiz R\u0259himb\u0259yovan\u0131n \u00fcr\u0259k tutmas\u0131ndan \u00f6ld\u00fcy\u00fc bildirilir<\/em><\/p>\n\n\n\n<p>Az\u0259rbaycan m\u00fc\u011f\u0259nnisi v\u0259 aktrisas\u0131 Fir\u0259ngiz R\u0259himb\u0259yova 62 ya\u015f\u0131nda v\u0259fat edib.<\/p>\n\n\n\n<p>Rejissor Namiq \u015eir\u0259lib\u0259yov <a href=\"https:\/\/apa.az\/az\/incesenet\/mugenni-firengiz-rehimbeyova-vefat-edib-video-717856\" target=\"_blank\" rel=\"noreferrer noopener\">APA<\/a>-ya onun infarktdan \u00f6ld\u00fcy\u00fcn\u00fc s\u00f6yl\u0259yib.<\/p>\n\n\n\n<p>Fir\u0259ngiz R\u0259himb\u0259yova 1960-c\u0131 il avqustun 6-da A\u011fdam rayonunun \u015ei\u015fpapaql\u0131 k\u0259ndind\u0259 do\u011fulub.<\/p>\n\n\n\n<p>1980-ci ill\u0259rin sonlar\u0131nda estrada ifa\u00e7\u0131s\u0131 kimi populyarla\u015fma\u011fa ba\u015flay\u0131b. Rafiq Babayev, Eldar Mansurov, Oqtay Kaz\u0131mov kimi b\u0259st\u0259karlarla i\u015fl\u0259y\u0259n Fir\u0259ngiz R\u0259himb\u0259yova \u201c\u018fg\u0259r m\u0259ni unutsan\u201d, \u201cBu sevgi\u201d, \u201c\u0130nan\u0131ram sevgiy\u0259\u201d, \u201cBizim da\u011flar\u201d, \u201cAna torpaq\u201d, \u201cM\u0259h\u0259bb\u0259tim g\u0259l\u0259c\u0259k\u201d, \u201cG\u00fcl\u0259-g\u00fcl\u0259\u201d, \u201cB\u0259ri bax\u201d, \u201cO\u011flan\u201d mahn\u0131lar\u0131n\u0131n ifa\u00e7\u0131s\u0131d\u0131r.<\/p>\n\n\n\n<p>H\u0259m\u00e7inin o, \u201cG\u00fcm\u00fc\u015fg\u00f6l \u0259fsan\u0259si\u201d (1984), \u201cB\u0259yin o\u011furlanmas\u0131\u201d (1985), \u201cB\u0259xt \u00fcz\u00fcy\u00fc\u201d (1991) \u201cB\u0259xt \u00fcz\u00fcy\u00fc 2\u201d (2017) filml\u0259rin\u0259 \u00e7\u0259kilib.<\/p>\n\n\n\n<p>Rejissor Ramiz \u018fzizb\u0259ylinin 1991-ci ild\u0259 ekranla\u015fd\u0131rd\u0131\u011f\u0131 \u201cB\u0259xt \u00fcz\u00fcy\u00fc\u201d b\u0259dii filmind\u0259ki Sevda obraz\u0131 Fir\u0259ngiz R\u0259himb\u0259yovaya u\u011fur g\u0259tirib.<\/p>\n\n\n\n<p>O, 1993-c\u00fc ild\u0259n q\u0131z\u0131 Raisa il\u0259 birg\u0259 AB\u015e-\u0131n Los-Anceles \u015f\u0259h\u0259rin\u0259 k\u00f6\u00e7\u00fcb.<\/p>\n\n\n\n<p>\u0130kinci d\u0259f\u0259 amerikal\u0131 memar Raymond Antoni il\u0259 ail\u0259 qurub. Onun Los-Ancelesd\u0259 rus restoranlar\u0131nda ifa etdiyi, m\u00fc\u011f\u0259nni kimi buradak\u0131 az\u0259rbaycanl\u0131lar\u0131n toylar\u0131na d\u0259v\u0259t ald\u0131\u011f\u0131 v\u0259 h\u0259m\u00e7inin x\u0131rda biznesl\u0259 m\u0259\u015f\u011ful oldu\u011fu deyilir.<\/p>\n","protected":false},"excerpt":{"rendered":"<p>Fir\u0259ngiz R\u0259himb\u0259yovan\u0131n \u00fcr\u0259k tutmas\u0131ndan \u00f6ld\u00fcy\u00fc bildirilir Az\u0259rbaycan m\u00fc\u011f\u0259nnisi v\u0259 aktrisas\u0131 &#8230; <\/p>\n<p class=\"read-more-container\"><a title=\"Los-Angelesd\u0259 ya\u015fayan az\u0259rbaycanl\u0131 s\u0259n\u0259t\u00e7i v\u0259fat edib\" class=\"read-more button\" href=\"https:\/\/www.meydan.tv\/az\/article\/los-angelesde-yasayan-azerbaycanli-senetci-vefat-edib\/#more-253431\" aria-label=\"Read more about Los-Angelesd\u0259 ya\u015fayan az\u0259rbaycanl\u0131 s\u0259n\u0259t\u00e7i v\u0259fat edib\">Davam\u0131<\/a><\/p>\n","protected":false},"author":8,"featured_media":253423,"comment_status":"closed","ping_status":"closed","sticky":false,"template":"","format":"standard","meta":{"_acf_changed":false,"_sitemap_exclude":false,"_sitemap_priority":"","_sitemap_frequency":"","footnotes":""},"categories":[52,56],"tags":[],"class_list":["post-253431","post","type-post","status-publish","format-standard","has-post-thumbnail","hentry","category-medeniyyet","category-xeberler","infinite-scroll-item","generate-columns","tablet-grid-50","mobile-grid-100","grid-parent","grid-33","no-featured-image-padding"],"acf":[],"yoast_head":"<!-- This site is optimized with the Yoast SEO plugin v27.5 - https:\/\/yoast.com\/product\/yoast-seo-wordpress\/ -->\n<title>Los-Angelesd\u0259 ya\u015fayan az\u0259rbaycanl\u0131 s\u0259n\u0259t\u00e7i v\u0259fat edib - MEYDAN.TV<\/title>\n<meta name=\"robots\" content=\"index, follow, max-snippet:-1, max-image-preview:large, max-video-preview:-1\" \/>\n<link rel=\"canonical\" href=\"https:\/\/www.meydan.tv\/az\/article\/los-angelesde-yasayan-azerbaycanli-senetci-vefat-edib\/\" \/>\n<meta property=\"og:locale\" content=\"az_AZ\" \/>\n<meta property=\"og:type\" content=\"article\" \/>\n<meta property=\"og:title\" content=\"Los-Angelesd\u0259 ya\u015fayan az\u0259rbaycanl\u0131 s\u0259n\u0259t\u00e7i v\u0259fat edib - MEYDAN.TV\" \/>\n<meta property=\"og:description\" content=\"Fir\u0259ngiz R\u0259himb\u0259yovan\u0131n \u00fcr\u0259k tutmas\u0131ndan \u00f6ld\u00fcy\u00fc bildirilir Az\u0259rbaycan m\u00fc\u011f\u0259nnisi v\u0259 aktrisas\u0131 ... Davam\u0131\" \/>\n<meta property=\"og:url\" content=\"https:\/\/www.meydan.tv\/az\/article\/los-angelesde-yasayan-azerbaycanli-senetci-vefat-edib\/\" \/>\n<meta property=\"og:site_name\" content=\"MEYDAN.TV\" \/>\n<meta property=\"article:published_time\" content=\"2022-08-17T08:23:26+00:00\" \/>\n<meta property=\"article:modified_time\" content=\"2022-08-17T08:23:28+00:00\" \/>\n<meta property=\"og:image\" content=\"https:\/\/www.meydan.tv\/wp-content\/uploads\/untitled-design-1-40.jpg\" \/>\n\t<meta property=\"og:image:width\" content=\"1200\" \/>\n\t<meta property=\"og:image:height\" content=\"800\" \/>\n\t<meta property=\"og:image:type\" content=\"image\/jpeg\" \/>\n<meta name=\"author\" content=\"elli\" \/>\n<meta name=\"twitter:card\" content=\"summary_large_image\" \/>\n<meta name=\"twitter:creator\" content=\"@elli\" \/>\n<script type=\"application\/ld+json\" class=\"yoast-schema-graph\">{\"@context\":\"https:\\\/\\\/schema.org\",\"@graph\":[{\"@type\":\"Article\",\"@id\":\"https:\\\/\\\/www.meydan.tv\\\/az\\\/article\\\/los-angelesde-yasayan-azerbaycanli-senetci-vefat-edib\\\/#article\",\"isPartOf\":{\"@id\":\"https:\\\/\\\/www.meydan.tv\\\/az\\\/article\\\/los-angelesde-yasayan-azerbaycanli-senetci-vefat-edib\\\/\"},\"author\":{\"name\":\"elli\",\"@id\":\"https:\\\/\\\/www.meydan.tv\\\/az\\\/#\\\/schema\\\/person\\\/9cdbecf90d17180ce1dfbd95b08dcf47\"},\"headline\":\"Los-Angelesd\u0259 ya\u015fayan az\u0259rbaycanl\u0131 s\u0259n\u0259t\u00e7i v\u0259fat edib\",\"datePublished\":\"2022-08-17T08:23:26+00:00\",\"dateModified\":\"2022-08-17T08:23:28+00:00\",\"mainEntityOfPage\":{\"@id\":\"https:\\\/\\\/www.meydan.tv\\\/az\\\/article\\\/los-angelesde-yasayan-azerbaycanli-senetci-vefat-edib\\\/\"},\"wordCount\":261,\"publisher\":{\"@id\":\"https:\\\/\\\/www.meydan.tv\\\/az\\\/#organization\"},\"image\":{\"@id\":\"https:\\\/\\\/www.meydan.tv\\\/az\\\/article\\\/los-angelesde-yasayan-azerbaycanli-senetci-vefat-edib\\\/#primaryimage\"},\"thumbnailUrl\":\"https:\\\/\\\/www.meydan.tv\\\/wp-content\\\/uploads\\\/untitled-design-1-40.jpg\",\"articleSection\":[\"M\u0259d\u0259niyy\u0259t\",\"X\u0259b\u0259rl\u0259r\"],\"inLanguage\":\"az\"},{\"@type\":\"WebPage\",\"@id\":\"https:\\\/\\\/www.meydan.tv\\\/az\\\/article\\\/los-angelesde-yasayan-azerbaycanli-senetci-vefat-edib\\\/\",\"url\":\"https:\\\/\\\/www.meydan.tv\\\/az\\\/article\\\/los-angelesde-yasayan-azerbaycanli-senetci-vefat-edib\\\/\",\"name\":\"Los-Angelesd\u0259 ya\u015fayan az\u0259rbaycanl\u0131 s\u0259n\u0259t\u00e7i v\u0259fat edib - MEYDAN.TV\",\"isPartOf\":{\"@id\":\"https:\\\/\\\/www.meydan.tv\\\/az\\\/#website\"},\"primaryImageOfPage\":{\"@id\":\"https:\\\/\\\/www.meydan.tv\\\/az\\\/article\\\/los-angelesde-yasayan-azerbaycanli-senetci-vefat-edib\\\/#primaryimage\"},\"image\":{\"@id\":\"https:\\\/\\\/www.meydan.tv\\\/az\\\/article\\\/los-angelesde-yasayan-azerbaycanli-senetci-vefat-edib\\\/#primaryimage\"},\"thumbnailUrl\":\"https:\\\/\\\/www.meydan.tv\\\/wp-content\\\/uploads\\\/untitled-design-1-40.jpg\",\"datePublished\":\"2022-08-17T08:23:26+00:00\",\"dateModified\":\"2022-08-17T08:23:28+00:00\",\"breadcrumb\":{\"@id\":\"https:\\\/\\\/www.meydan.tv\\\/az\\\/article\\\/los-angelesde-yasayan-azerbaycanli-senetci-vefat-edib\\\/#breadcrumb\"},\"inLanguage\":\"az\",\"potentialAction\":[{\"@type\":\"ReadAction\",\"target\":[\"https:\\\/\\\/www.meydan.tv\\\/az\\\/article\\\/los-angelesde-yasayan-azerbaycanli-senetci-vefat-edib\\\/\"]}]},{\"@type\":\"ImageObject\",\"inLanguage\":\"az\",\"@id\":\"https:\\\/\\\/www.meydan.tv\\\/az\\\/article\\\/los-angelesde-yasayan-azerbaycanli-senetci-vefat-edib\\\/#primaryimage\",\"url\":\"https:\\\/\\\/www.meydan.tv\\\/wp-content\\\/uploads\\\/untitled-design-1-40.jpg\",\"contentUrl\":\"https:\\\/\\\/www.meydan.tv\\\/wp-content\\\/uploads\\\/untitled-design-1-40.jpg\",\"width\":1200,\"height\":800,\"caption\":\"Foto: Fir\u0259ngiz R\u0259himb\u0259yovan\u0131n \\\"Facebook\\\" s\u0259hif\u0259sind\u0259n\"},{\"@type\":\"BreadcrumbList\",\"@id\":\"https:\\\/\\\/www.meydan.tv\\\/az\\\/article\\\/los-angelesde-yasayan-azerbaycanli-senetci-vefat-edib\\\/#breadcrumb\",\"itemListElement\":[{\"@type\":\"ListItem\",\"position\":1,\"name\":\"Ana s\u0259hif\u0259\",\"item\":\"https:\\\/\\\/www.meydan.tv\\\/az\\\/\"},{\"@type\":\"ListItem\",\"position\":2,\"name\":\"M\u0259d\u0259niyy\u0259t\",\"item\":\"https:\\\/\\\/www.meydan.tv\\\/az\\\/section\\\/medeniyyet\\\/\"},{\"@type\":\"ListItem\",\"position\":3,\"name\":\"Los-Angelesd\u0259 ya\u015fayan az\u0259rbaycanl\u0131 s\u0259n\u0259t\u00e7i v\u0259fat edib\"}]},{\"@type\":\"WebSite\",\"@id\":\"https:\\\/\\\/www.meydan.tv\\\/az\\\/#website\",\"url\":\"https:\\\/\\\/www.meydan.tv\\\/az\\\/\",\"name\":\"MEYDAN.TV\",\"description\":\"Meydan TV Az\u0259rbaycan\u0131n media m\u0259kan\u0131ndak\u0131 alternativ s\u0259sidir\",\"publisher\":{\"@id\":\"https:\\\/\\\/www.meydan.tv\\\/az\\\/#organization\"},\"potentialAction\":[{\"@type\":\"SearchAction\",\"target\":{\"@type\":\"EntryPoint\",\"urlTemplate\":\"https:\\\/\\\/www.meydan.tv\\\/az\\\/?s={search_term_string}\"},\"query-input\":{\"@type\":\"PropertyValueSpecification\",\"valueRequired\":true,\"valueName\":\"search_term_string\"}}],\"inLanguage\":\"az\"},{\"@type\":\"Organization\",\"@id\":\"https:\\\/\\\/www.meydan.tv\\\/az\\\/#organization\",\"name\":\"Meydan TV\",\"url\":\"https:\\\/\\\/www.meydan.tv\\\/az\\\/\",\"logo\":{\"@type\":\"ImageObject\",\"inLanguage\":\"az\",\"@id\":\"https:\\\/\\\/www.meydan.tv\\\/az\\\/#\\\/schema\\\/logo\\\/image\\\/\",\"url\":\"https:\\\/\\\/www.meydan.tv\\\/wp-content\\\/uploads\\\/2021\\\/07\\\/meydan-logo.svg\",\"contentUrl\":\"https:\\\/\\\/www.meydan.tv\\\/wp-content\\\/uploads\\\/2021\\\/07\\\/meydan-logo.svg\",\"width\":195,\"height\":46,\"caption\":\"Meydan TV\"},\"image\":{\"@id\":\"https:\\\/\\\/www.meydan.tv\\\/az\\\/#\\\/schema\\\/logo\\\/image\\\/\"}},{\"@type\":\"Person\",\"@id\":\"https:\\\/\\\/www.meydan.tv\\\/az\\\/#\\\/schema\\\/person\\\/9cdbecf90d17180ce1dfbd95b08dcf47\",\"name\":\"elli\",\"sameAs\":[\"https:\\\/\\\/x.com\\\/elli\"]}]}<\/script>\n<!-- \/ Yoast SEO plugin. -->","yoast_head_json":{"title":"Los-Angelesd\u0259 ya\u015fayan az\u0259rbaycanl\u0131 s\u0259n\u0259t\u00e7i v\u0259fat edib - MEYDAN.TV","robots":{"index":"index","follow":"follow","max-snippet":"max-snippet:-1","max-image-preview":"max-image-preview:large","max-video-preview":"max-video-preview:-1"},"canonical":"https:\/\/www.meydan.tv\/az\/article\/los-angelesde-yasayan-azerbaycanli-senetci-vefat-edib\/","og_locale":"az_AZ","og_type":"article","og_title":"Los-Angelesd\u0259 ya\u015fayan az\u0259rbaycanl\u0131 s\u0259n\u0259t\u00e7i v\u0259fat edib - MEYDAN.TV","og_description":"Fir\u0259ngiz R\u0259himb\u0259yovan\u0131n \u00fcr\u0259k tutmas\u0131ndan \u00f6ld\u00fcy\u00fc bildirilir Az\u0259rbaycan m\u00fc\u011f\u0259nnisi v\u0259 aktrisas\u0131 ... Davam\u0131","og_url":"https:\/\/www.meydan.tv\/az\/article\/los-angelesde-yasayan-azerbaycanli-senetci-vefat-edib\/","og_site_name":"MEYDAN.TV","article_published_time":"2022-08-17T08:23:26+00:00","article_modified_time":"2022-08-17T08:23:28+00:00","og_image":[{"width":1200,"height":800,"url":"https:\/\/www.meydan.tv\/wp-content\/uploads\/untitled-design-1-40.jpg","type":"image\/jpeg"}],"author":"elli","twitter_card":"summary_large_image","twitter_creator":"@elli","schema":{"@context":"https:\/\/schema.org","@graph":[{"@type":"Article","@id":"https:\/\/www.meydan.tv\/az\/article\/los-angelesde-yasayan-azerbaycanli-senetci-vefat-edib\/#article","isPartOf":{"@id":"https:\/\/www.meydan.tv\/az\/article\/los-angelesde-yasayan-azerbaycanli-senetci-vefat-edib\/"},"author":{"name":"elli","@id":"https:\/\/www.meydan.tv\/az\/#\/schema\/person\/9cdbecf90d17180ce1dfbd95b08dcf47"},"headline":"Los-Angelesd\u0259 ya\u015fayan az\u0259rbaycanl\u0131 s\u0259n\u0259t\u00e7i v\u0259fat edib","datePublished":"2022-08-17T08:23:26+00:00","dateModified":"2022-08-17T08:23:28+00:00","mainEntityOfPage":{"@id":"https:\/\/www.meydan.tv\/az\/article\/los-angelesde-yasayan-azerbaycanli-senetci-vefat-edib\/"},"wordCount":261,"publisher":{"@id":"https:\/\/www.meydan.tv\/az\/#organization"},"image":{"@id":"https:\/\/www.meydan.tv\/az\/article\/los-angelesde-yasayan-azerbaycanli-senetci-vefat-edib\/#primaryimage"},"thumbnailUrl":"https:\/\/www.meydan.tv\/wp-content\/uploads\/untitled-design-1-40.jpg","articleSection":["M\u0259d\u0259niyy\u0259t","X\u0259b\u0259rl\u0259r"],"inLanguage":"az"},{"@type":"WebPage","@id":"https:\/\/www.meydan.tv\/az\/article\/los-angelesde-yasayan-azerbaycanli-senetci-vefat-edib\/","url":"https:\/\/www.meydan.tv\/az\/article\/los-angelesde-yasayan-azerbaycanli-senetci-vefat-edib\/","name":"Los-Angelesd\u0259 ya\u015fayan az\u0259rbaycanl\u0131 s\u0259n\u0259t\u00e7i v\u0259fat edib - MEYDAN.TV","isPartOf":{"@id":"https:\/\/www.meydan.tv\/az\/#website"},"primaryImageOfPage":{"@id":"https:\/\/www.meydan.tv\/az\/article\/los-angelesde-yasayan-azerbaycanli-senetci-vefat-edib\/#primaryimage"},"image":{"@id":"https:\/\/www.meydan.tv\/az\/article\/los-angelesde-yasayan-azerbaycanli-senetci-vefat-edib\/#primaryimage"},"thumbnailUrl":"https:\/\/www.meydan.tv\/wp-content\/uploads\/untitled-design-1-40.jpg","datePublished":"2022-08-17T08:23:26+00:00","dateModified":"2022-08-17T08:23:28+00:00","breadcrumb":{"@id":"https:\/\/www.meydan.tv\/az\/article\/los-angelesde-yasayan-azerbaycanli-senetci-vefat-edib\/#breadcrumb"},"inLanguage":"az","potentialAction":[{"@type":"ReadAction","target":["https:\/\/www.meydan.tv\/az\/article\/los-angelesde-yasayan-azerbaycanli-senetci-vefat-edib\/"]}]},{"@type":"ImageObject","inLanguage":"az","@id":"https:\/\/www.meydan.tv\/az\/article\/los-angelesde-yasayan-azerbaycanli-senetci-vefat-edib\/#primaryimage","url":"https:\/\/www.meydan.tv\/wp-content\/uploads\/untitled-design-1-40.jpg","contentUrl":"https:\/\/www.meydan.tv\/wp-content\/uploads\/untitled-design-1-40.jpg","width":1200,"height":800,"caption":"Foto: Fir\u0259ngiz R\u0259himb\u0259yovan\u0131n \"Facebook\" s\u0259hif\u0259sind\u0259n"},{"@type":"BreadcrumbList","@id":"https:\/\/www.meydan.tv\/az\/article\/los-angelesde-yasayan-azerbaycanli-senetci-vefat-edib\/#breadcrumb","itemListElement":[{"@type":"ListItem","position":1,"name":"Ana s\u0259hif\u0259","item":"https:\/\/www.meydan.tv\/az\/"},{"@type":"ListItem","position":2,"name":"M\u0259d\u0259niyy\u0259t","item":"https:\/\/www.meydan.tv\/az\/section\/medeniyyet\/"},{"@type":"ListItem","position":3,"name":"Los-Angelesd\u0259 ya\u015fayan az\u0259rbaycanl\u0131 s\u0259n\u0259t\u00e7i v\u0259fat edib"}]},{"@type":"WebSite","@id":"https:\/\/www.meydan.tv\/az\/#website","url":"https:\/\/www.meydan.tv\/az\/","name":"MEYDAN.TV","description":"Meydan TV Az\u0259rbaycan\u0131n media m\u0259kan\u0131ndak\u0131 alternativ s\u0259sidir","publisher":{"@id":"https:\/\/www.meydan.tv\/az\/#organization"},"potentialAction":[{"@type":"SearchAction","target":{"@type":"EntryPoint","urlTemplate":"https:\/\/www.meydan.tv\/az\/?s={search_term_string}"},"query-input":{"@type":"PropertyValueSpecification","valueRequired":true,"valueName":"search_term_string"}}],"inLanguage":"az"},{"@type":"Organization","@id":"https:\/\/www.meydan.tv\/az\/#organization","name":"Meydan TV","url":"https:\/\/www.meydan.tv\/az\/","logo":{"@type":"ImageObject","inLanguage":"az","@id":"https:\/\/www.meydan.tv\/az\/#\/schema\/logo\/image\/","url":"https:\/\/www.meydan.tv\/wp-content\/uploads\/2021\/07\/meydan-logo.svg","contentUrl":"https:\/\/www.meydan.tv\/wp-content\/uploads\/2021\/07\/meydan-logo.svg","width":195,"height":46,"caption":"Meydan TV"},"image":{"@id":"https:\/\/www.meydan.tv\/az\/#\/schema\/logo\/image\/"}},{"@type":"Person","@id":"https:\/\/www.meydan.tv\/az\/#\/schema\/person\/9cdbecf90d17180ce1dfbd95b08dcf47","name":"elli","sameAs":["https:\/\/x.com\/elli"]}]}},"_links":{"self":[{"href":"https:\/\/www.meydan.tv\/az\/wp-json\/wp\/v2\/posts\/253431","targetHints":{"allow":["GET"]}}],"collection":[{"href":"https:\/\/www.meydan.tv\/az\/wp-json\/wp\/v2\/posts"}],"about":[{"href":"https:\/\/www.meydan.tv\/az\/wp-json\/wp\/v2\/types\/post"}],"author":[{"embeddable":true,"href":"https:\/\/www.meydan.tv\/az\/wp-json\/wp\/v2\/users\/8"}],"replies":[{"embeddable":true,"href":"https:\/\/www.meydan.tv\/az\/wp-json\/wp\/v2\/comments?post=253431"}],"version-history":[{"count":1,"href":"https:\/\/www.meydan.tv\/az\/wp-json\/wp\/v2\/posts\/253431\/revisions"}],"predecessor-version":[{"id":253432,"href":"https:\/\/www.meydan.tv\/az\/wp-json\/wp\/v2\/posts\/253431\/revisions\/253432"}],"wp:featuredmedia":[{"embeddable":true,"href":"https:\/\/www.meydan.tv\/az\/wp-json\/wp\/v2\/media\/253423"}],"wp:attachment":[{"href":"https:\/\/www.meydan.tv\/az\/wp-json\/wp\/v2\/media?parent=253431"}],"wp:term":[{"taxonomy":"category","embeddable":true,"href":"https:\/\/www.meydan.tv\/az\/wp-json\/wp\/v2\/categories?post=253431"},{"taxonomy":"post_tag","embeddable":true,"href":"https:\/\/www.meydan.tv\/az\/wp-json\/wp\/v2\/tags?post=253431"}],"curies":[{"name":"wp","href":"https:\/\/api.w.org\/{rel}","templated":true}]}}