{"id":253367,"date":"2022-08-16T12:08:43","date_gmt":"2022-08-16T08:08:43","guid":{"rendered":"https:\/\/www.meydan.tv\/?p=253367"},"modified":"2022-08-16T12:08:45","modified_gmt":"2022-08-16T08:08:45","slug":"amerikali-aktyor-italyan-ressam-haqqinda-film-cekecek","status":"publish","type":"post","link":"https:\/\/www.meydan.tv\/az\/article\/amerikali-aktyor-italyan-ressam-haqqinda-film-cekecek\/","title":{"rendered":"Amerikal\u0131 aktyor italyan r\u0259ssam haqq\u0131nda film \u00e7\u0259k\u0259c\u0259k"},"content":{"rendered":"\n<p><em>Ekran i\u015fi Modilyaninin Parisd\u0259ki 48 saatl\u0131q h\u0259yat\u0131ndan b\u0259hs ed\u0259c\u0259k<\/em><\/p>\n\n\n\n<p>Amerikal\u0131 aktyor, kinorejissor Conni Depp y\u0259hudi k\u00f6k\u0259nli italyan heyk\u0259lt\u0259ra\u015f v\u0259 r\u0259ssam Amedeo Modilyani haqq\u0131nda b\u0259dii film <a href=\"https:\/\/www.theguardian.com\/film\/2022\/aug\/15\/johnny-depp-to-direct-film-about-italian-painter-amedeo-modigliani-al-pacino\" target=\"_blank\" rel=\"noreferrer noopener\">\u00e7\u0259k\u0259c\u0259k<\/a>.<\/p>\n\n\n\n<p>Filmin prod\u00fcseri italyan \u0259silli Amerika aktyoru, rejissoru, ssenaristi Al Pa\u00e7ino olacaq.<\/p>\n\n\n\n<p>Ekran i\u015fi Modilyaninin Parisd\u0259ki 48 saatl\u0131q h\u0259yat\u0131ndan b\u0259hs ed\u0259c\u0259k.<\/p>\n\n\n\n<p>\u00c7\u0259kili\u015fl\u0259r 2023-c\u00fc ilin yay\u0131nda Avropada ba\u015flayacaq.<\/p>\n\n\n\n<p>\u201cModilyaninin h\u0259yat hekay\u0259sini ekranlara g\u0259tirm\u0259k m\u0259nim \u00fc\u00e7\u00fcn b\u00f6y\u00fck \u015f\u0259r\u0259fdir. Onun \u00e7ox a\u011f\u0131r h\u0259yat yolu olub, lakin sonda z\u0259f\u0259r qazan\u0131b. Bu, b\u00fct\u00fcn tama\u015fa\u00e7\u0131lar\u0131n eynil\u0259\u015fdir\u0259 bil\u0259c\u0259yi universal hekay\u0259dir\u201d, &#8211; Depp bildirib.<\/p>\n\n\n\n<p>Yeni layih\u0259 Deppin sayca ikinci rejissor i\u015fi olacaq.<\/p>\n\n\n\n<p>O, 1997-ci ild\u0259 \u201cC\u0259sur\u201d (\u201cThe Brave\u201d) filmini \u0259rs\u0259y\u0259 g\u0259tirib.<\/p>\n","protected":false},"excerpt":{"rendered":"<p>Ekran i\u015fi Modilyaninin Parisd\u0259ki 48 saatl\u0131q h\u0259yat\u0131ndan b\u0259hs ed\u0259c\u0259k Amerikal\u0131 &#8230; <\/p>\n<p class=\"read-more-container\"><a title=\"Amerikal\u0131 aktyor italyan r\u0259ssam haqq\u0131nda film \u00e7\u0259k\u0259c\u0259k\" class=\"read-more button\" href=\"https:\/\/www.meydan.tv\/az\/article\/amerikali-aktyor-italyan-ressam-haqqinda-film-cekecek\/#more-253367\" aria-label=\"Read more about Amerikal\u0131 aktyor italyan r\u0259ssam haqq\u0131nda film \u00e7\u0259k\u0259c\u0259k\">Davam\u0131<\/a><\/p>\n","protected":false},"author":8,"featured_media":253368,"comment_status":"closed","ping_status":"closed","sticky":false,"template":"","format":"standard","meta":{"_acf_changed":false,"_sitemap_exclude":false,"_sitemap_priority":"","_sitemap_frequency":"","footnotes":""},"categories":[52,56],"tags":[],"class_list":["post-253367","post","type-post","status-publish","format-standard","has-post-thumbnail","hentry","category-medeniyyet","category-xeberler","infinite-scroll-item","generate-columns","tablet-grid-50","mobile-grid-100","grid-parent","grid-33","no-featured-image-padding"],"acf":[],"yoast_head":"<!-- This site is optimized with the Yoast SEO plugin v27.5 - https:\/\/yoast.com\/product\/yoast-seo-wordpress\/ -->\n<title>Amerikal\u0131 aktyor italyan r\u0259ssam haqq\u0131nda film \u00e7\u0259k\u0259c\u0259k - MEYDAN.TV<\/title>\n<meta name=\"robots\" content=\"index, follow, max-snippet:-1, max-image-preview:large, max-video-preview:-1\" \/>\n<link rel=\"canonical\" href=\"https:\/\/www.meydan.tv\/az\/article\/amerikali-aktyor-italyan-ressam-haqqinda-film-cekecek\/\" \/>\n<meta property=\"og:locale\" content=\"az_AZ\" \/>\n<meta property=\"og:type\" content=\"article\" \/>\n<meta property=\"og:title\" content=\"Amerikal\u0131 aktyor italyan r\u0259ssam haqq\u0131nda film \u00e7\u0259k\u0259c\u0259k - MEYDAN.TV\" \/>\n<meta property=\"og:description\" content=\"Ekran i\u015fi Modilyaninin Parisd\u0259ki 48 saatl\u0131q h\u0259yat\u0131ndan b\u0259hs ed\u0259c\u0259k Amerikal\u0131 ... Davam\u0131\" \/>\n<meta property=\"og:url\" content=\"https:\/\/www.meydan.tv\/az\/article\/amerikali-aktyor-italyan-ressam-haqqinda-film-cekecek\/\" \/>\n<meta property=\"og:site_name\" content=\"MEYDAN.TV\" \/>\n<meta property=\"article:published_time\" content=\"2022-08-16T08:08:43+00:00\" \/>\n<meta property=\"article:modified_time\" content=\"2022-08-16T08:08:45+00:00\" \/>\n<meta property=\"og:image\" content=\"https:\/\/www.meydan.tv\/wp-content\/uploads\/amedeo-modigliani-smoke-5baff63ac9e77c005159ede0-e1660637315170.webp\" \/>\n\t<meta property=\"og:image:width\" content=\"768\" \/>\n\t<meta property=\"og:image:height\" content=\"362\" \/>\n\t<meta property=\"og:image:type\" content=\"image\/webp\" \/>\n<meta name=\"author\" content=\"elli\" \/>\n<meta name=\"twitter:card\" content=\"summary_large_image\" \/>\n<meta name=\"twitter:creator\" content=\"@elli\" \/>\n<script type=\"application\/ld+json\" class=\"yoast-schema-graph\">{\"@context\":\"https:\\\/\\\/schema.org\",\"@graph\":[{\"@type\":\"Article\",\"@id\":\"https:\\\/\\\/www.meydan.tv\\\/az\\\/article\\\/amerikali-aktyor-italyan-ressam-haqqinda-film-cekecek\\\/#article\",\"isPartOf\":{\"@id\":\"https:\\\/\\\/www.meydan.tv\\\/az\\\/article\\\/amerikali-aktyor-italyan-ressam-haqqinda-film-cekecek\\\/\"},\"author\":{\"name\":\"elli\",\"@id\":\"https:\\\/\\\/www.meydan.tv\\\/az\\\/#\\\/schema\\\/person\\\/9cdbecf90d17180ce1dfbd95b08dcf47\"},\"headline\":\"Amerikal\u0131 aktyor italyan r\u0259ssam haqq\u0131nda film \u00e7\u0259k\u0259c\u0259k\",\"datePublished\":\"2022-08-16T08:08:43+00:00\",\"dateModified\":\"2022-08-16T08:08:45+00:00\",\"mainEntityOfPage\":{\"@id\":\"https:\\\/\\\/www.meydan.tv\\\/az\\\/article\\\/amerikali-aktyor-italyan-ressam-haqqinda-film-cekecek\\\/\"},\"wordCount\":165,\"publisher\":{\"@id\":\"https:\\\/\\\/www.meydan.tv\\\/az\\\/#organization\"},\"image\":{\"@id\":\"https:\\\/\\\/www.meydan.tv\\\/az\\\/article\\\/amerikali-aktyor-italyan-ressam-haqqinda-film-cekecek\\\/#primaryimage\"},\"thumbnailUrl\":\"https:\\\/\\\/www.meydan.tv\\\/wp-content\\\/uploads\\\/amedeo-modigliani-smoke-5baff63ac9e77c005159ede0-e1660637315170.webp\",\"articleSection\":[\"M\u0259d\u0259niyy\u0259t\",\"X\u0259b\u0259rl\u0259r\"],\"inLanguage\":\"az\"},{\"@type\":\"WebPage\",\"@id\":\"https:\\\/\\\/www.meydan.tv\\\/az\\\/article\\\/amerikali-aktyor-italyan-ressam-haqqinda-film-cekecek\\\/\",\"url\":\"https:\\\/\\\/www.meydan.tv\\\/az\\\/article\\\/amerikali-aktyor-italyan-ressam-haqqinda-film-cekecek\\\/\",\"name\":\"Amerikal\u0131 aktyor italyan r\u0259ssam haqq\u0131nda film \u00e7\u0259k\u0259c\u0259k - MEYDAN.TV\",\"isPartOf\":{\"@id\":\"https:\\\/\\\/www.meydan.tv\\\/az\\\/#website\"},\"primaryImageOfPage\":{\"@id\":\"https:\\\/\\\/www.meydan.tv\\\/az\\\/article\\\/amerikali-aktyor-italyan-ressam-haqqinda-film-cekecek\\\/#primaryimage\"},\"image\":{\"@id\":\"https:\\\/\\\/www.meydan.tv\\\/az\\\/article\\\/amerikali-aktyor-italyan-ressam-haqqinda-film-cekecek\\\/#primaryimage\"},\"thumbnailUrl\":\"https:\\\/\\\/www.meydan.tv\\\/wp-content\\\/uploads\\\/amedeo-modigliani-smoke-5baff63ac9e77c005159ede0-e1660637315170.webp\",\"datePublished\":\"2022-08-16T08:08:43+00:00\",\"dateModified\":\"2022-08-16T08:08:45+00:00\",\"breadcrumb\":{\"@id\":\"https:\\\/\\\/www.meydan.tv\\\/az\\\/article\\\/amerikali-aktyor-italyan-ressam-haqqinda-film-cekecek\\\/#breadcrumb\"},\"inLanguage\":\"az\",\"potentialAction\":[{\"@type\":\"ReadAction\",\"target\":[\"https:\\\/\\\/www.meydan.tv\\\/az\\\/article\\\/amerikali-aktyor-italyan-ressam-haqqinda-film-cekecek\\\/\"]}]},{\"@type\":\"ImageObject\",\"inLanguage\":\"az\",\"@id\":\"https:\\\/\\\/www.meydan.tv\\\/az\\\/article\\\/amerikali-aktyor-italyan-ressam-haqqinda-film-cekecek\\\/#primaryimage\",\"url\":\"https:\\\/\\\/www.meydan.tv\\\/wp-content\\\/uploads\\\/amedeo-modigliani-smoke-5baff63ac9e77c005159ede0-e1660637315170.webp\",\"contentUrl\":\"https:\\\/\\\/www.meydan.tv\\\/wp-content\\\/uploads\\\/amedeo-modigliani-smoke-5baff63ac9e77c005159ede0-e1660637315170.webp\",\"width\":768,\"height\":362,\"caption\":\"Amedeo Modilyani. M\u0259nb\u0259: Apic \\\/ Hulton Archive \\\/ Getty Images\"},{\"@type\":\"BreadcrumbList\",\"@id\":\"https:\\\/\\\/www.meydan.tv\\\/az\\\/article\\\/amerikali-aktyor-italyan-ressam-haqqinda-film-cekecek\\\/#breadcrumb\",\"itemListElement\":[{\"@type\":\"ListItem\",\"position\":1,\"name\":\"Ana s\u0259hif\u0259\",\"item\":\"https:\\\/\\\/www.meydan.tv\\\/az\\\/\"},{\"@type\":\"ListItem\",\"position\":2,\"name\":\"M\u0259d\u0259niyy\u0259t\",\"item\":\"https:\\\/\\\/www.meydan.tv\\\/az\\\/section\\\/medeniyyet\\\/\"},{\"@type\":\"ListItem\",\"position\":3,\"name\":\"Amerikal\u0131 aktyor italyan r\u0259ssam haqq\u0131nda film \u00e7\u0259k\u0259c\u0259k\"}]},{\"@type\":\"WebSite\",\"@id\":\"https:\\\/\\\/www.meydan.tv\\\/az\\\/#website\",\"url\":\"https:\\\/\\\/www.meydan.tv\\\/az\\\/\",\"name\":\"MEYDAN.TV\",\"description\":\"Meydan TV Az\u0259rbaycan\u0131n media m\u0259kan\u0131ndak\u0131 alternativ s\u0259sidir\",\"publisher\":{\"@id\":\"https:\\\/\\\/www.meydan.tv\\\/az\\\/#organization\"},\"potentialAction\":[{\"@type\":\"SearchAction\",\"target\":{\"@type\":\"EntryPoint\",\"urlTemplate\":\"https:\\\/\\\/www.meydan.tv\\\/az\\\/?s={search_term_string}\"},\"query-input\":{\"@type\":\"PropertyValueSpecification\",\"valueRequired\":true,\"valueName\":\"search_term_string\"}}],\"inLanguage\":\"az\"},{\"@type\":\"Organization\",\"@id\":\"https:\\\/\\\/www.meydan.tv\\\/az\\\/#organization\",\"name\":\"Meydan TV\",\"url\":\"https:\\\/\\\/www.meydan.tv\\\/az\\\/\",\"logo\":{\"@type\":\"ImageObject\",\"inLanguage\":\"az\",\"@id\":\"https:\\\/\\\/www.meydan.tv\\\/az\\\/#\\\/schema\\\/logo\\\/image\\\/\",\"url\":\"https:\\\/\\\/www.meydan.tv\\\/wp-content\\\/uploads\\\/2021\\\/07\\\/meydan-logo.svg\",\"contentUrl\":\"https:\\\/\\\/www.meydan.tv\\\/wp-content\\\/uploads\\\/2021\\\/07\\\/meydan-logo.svg\",\"width\":195,\"height\":46,\"caption\":\"Meydan TV\"},\"image\":{\"@id\":\"https:\\\/\\\/www.meydan.tv\\\/az\\\/#\\\/schema\\\/logo\\\/image\\\/\"}},{\"@type\":\"Person\",\"@id\":\"https:\\\/\\\/www.meydan.tv\\\/az\\\/#\\\/schema\\\/person\\\/9cdbecf90d17180ce1dfbd95b08dcf47\",\"name\":\"elli\",\"sameAs\":[\"https:\\\/\\\/x.com\\\/elli\"]}]}<\/script>\n<!-- \/ Yoast SEO plugin. -->","yoast_head_json":{"title":"Amerikal\u0131 aktyor italyan r\u0259ssam haqq\u0131nda film \u00e7\u0259k\u0259c\u0259k - MEYDAN.TV","robots":{"index":"index","follow":"follow","max-snippet":"max-snippet:-1","max-image-preview":"max-image-preview:large","max-video-preview":"max-video-preview:-1"},"canonical":"https:\/\/www.meydan.tv\/az\/article\/amerikali-aktyor-italyan-ressam-haqqinda-film-cekecek\/","og_locale":"az_AZ","og_type":"article","og_title":"Amerikal\u0131 aktyor italyan r\u0259ssam haqq\u0131nda film \u00e7\u0259k\u0259c\u0259k - MEYDAN.TV","og_description":"Ekran i\u015fi Modilyaninin Parisd\u0259ki 48 saatl\u0131q h\u0259yat\u0131ndan b\u0259hs ed\u0259c\u0259k Amerikal\u0131 ... Davam\u0131","og_url":"https:\/\/www.meydan.tv\/az\/article\/amerikali-aktyor-italyan-ressam-haqqinda-film-cekecek\/","og_site_name":"MEYDAN.TV","article_published_time":"2022-08-16T08:08:43+00:00","article_modified_time":"2022-08-16T08:08:45+00:00","og_image":[{"width":768,"height":362,"url":"https:\/\/www.meydan.tv\/wp-content\/uploads\/amedeo-modigliani-smoke-5baff63ac9e77c005159ede0-e1660637315170.webp","type":"image\/webp"}],"author":"elli","twitter_card":"summary_large_image","twitter_creator":"@elli","schema":{"@context":"https:\/\/schema.org","@graph":[{"@type":"Article","@id":"https:\/\/www.meydan.tv\/az\/article\/amerikali-aktyor-italyan-ressam-haqqinda-film-cekecek\/#article","isPartOf":{"@id":"https:\/\/www.meydan.tv\/az\/article\/amerikali-aktyor-italyan-ressam-haqqinda-film-cekecek\/"},"author":{"name":"elli","@id":"https:\/\/www.meydan.tv\/az\/#\/schema\/person\/9cdbecf90d17180ce1dfbd95b08dcf47"},"headline":"Amerikal\u0131 aktyor italyan r\u0259ssam haqq\u0131nda film \u00e7\u0259k\u0259c\u0259k","datePublished":"2022-08-16T08:08:43+00:00","dateModified":"2022-08-16T08:08:45+00:00","mainEntityOfPage":{"@id":"https:\/\/www.meydan.tv\/az\/article\/amerikali-aktyor-italyan-ressam-haqqinda-film-cekecek\/"},"wordCount":165,"publisher":{"@id":"https:\/\/www.meydan.tv\/az\/#organization"},"image":{"@id":"https:\/\/www.meydan.tv\/az\/article\/amerikali-aktyor-italyan-ressam-haqqinda-film-cekecek\/#primaryimage"},"thumbnailUrl":"https:\/\/www.meydan.tv\/wp-content\/uploads\/amedeo-modigliani-smoke-5baff63ac9e77c005159ede0-e1660637315170.webp","articleSection":["M\u0259d\u0259niyy\u0259t","X\u0259b\u0259rl\u0259r"],"inLanguage":"az"},{"@type":"WebPage","@id":"https:\/\/www.meydan.tv\/az\/article\/amerikali-aktyor-italyan-ressam-haqqinda-film-cekecek\/","url":"https:\/\/www.meydan.tv\/az\/article\/amerikali-aktyor-italyan-ressam-haqqinda-film-cekecek\/","name":"Amerikal\u0131 aktyor italyan r\u0259ssam haqq\u0131nda film \u00e7\u0259k\u0259c\u0259k - MEYDAN.TV","isPartOf":{"@id":"https:\/\/www.meydan.tv\/az\/#website"},"primaryImageOfPage":{"@id":"https:\/\/www.meydan.tv\/az\/article\/amerikali-aktyor-italyan-ressam-haqqinda-film-cekecek\/#primaryimage"},"image":{"@id":"https:\/\/www.meydan.tv\/az\/article\/amerikali-aktyor-italyan-ressam-haqqinda-film-cekecek\/#primaryimage"},"thumbnailUrl":"https:\/\/www.meydan.tv\/wp-content\/uploads\/amedeo-modigliani-smoke-5baff63ac9e77c005159ede0-e1660637315170.webp","datePublished":"2022-08-16T08:08:43+00:00","dateModified":"2022-08-16T08:08:45+00:00","breadcrumb":{"@id":"https:\/\/www.meydan.tv\/az\/article\/amerikali-aktyor-italyan-ressam-haqqinda-film-cekecek\/#breadcrumb"},"inLanguage":"az","potentialAction":[{"@type":"ReadAction","target":["https:\/\/www.meydan.tv\/az\/article\/amerikali-aktyor-italyan-ressam-haqqinda-film-cekecek\/"]}]},{"@type":"ImageObject","inLanguage":"az","@id":"https:\/\/www.meydan.tv\/az\/article\/amerikali-aktyor-italyan-ressam-haqqinda-film-cekecek\/#primaryimage","url":"https:\/\/www.meydan.tv\/wp-content\/uploads\/amedeo-modigliani-smoke-5baff63ac9e77c005159ede0-e1660637315170.webp","contentUrl":"https:\/\/www.meydan.tv\/wp-content\/uploads\/amedeo-modigliani-smoke-5baff63ac9e77c005159ede0-e1660637315170.webp","width":768,"height":362,"caption":"Amedeo Modilyani. M\u0259nb\u0259: Apic \/ Hulton Archive \/ Getty Images"},{"@type":"BreadcrumbList","@id":"https:\/\/www.meydan.tv\/az\/article\/amerikali-aktyor-italyan-ressam-haqqinda-film-cekecek\/#breadcrumb","itemListElement":[{"@type":"ListItem","position":1,"name":"Ana s\u0259hif\u0259","item":"https:\/\/www.meydan.tv\/az\/"},{"@type":"ListItem","position":2,"name":"M\u0259d\u0259niyy\u0259t","item":"https:\/\/www.meydan.tv\/az\/section\/medeniyyet\/"},{"@type":"ListItem","position":3,"name":"Amerikal\u0131 aktyor italyan r\u0259ssam haqq\u0131nda film \u00e7\u0259k\u0259c\u0259k"}]},{"@type":"WebSite","@id":"https:\/\/www.meydan.tv\/az\/#website","url":"https:\/\/www.meydan.tv\/az\/","name":"MEYDAN.TV","description":"Meydan TV Az\u0259rbaycan\u0131n media m\u0259kan\u0131ndak\u0131 alternativ s\u0259sidir","publisher":{"@id":"https:\/\/www.meydan.tv\/az\/#organization"},"potentialAction":[{"@type":"SearchAction","target":{"@type":"EntryPoint","urlTemplate":"https:\/\/www.meydan.tv\/az\/?s={search_term_string}"},"query-input":{"@type":"PropertyValueSpecification","valueRequired":true,"valueName":"search_term_string"}}],"inLanguage":"az"},{"@type":"Organization","@id":"https:\/\/www.meydan.tv\/az\/#organization","name":"Meydan TV","url":"https:\/\/www.meydan.tv\/az\/","logo":{"@type":"ImageObject","inLanguage":"az","@id":"https:\/\/www.meydan.tv\/az\/#\/schema\/logo\/image\/","url":"https:\/\/www.meydan.tv\/wp-content\/uploads\/2021\/07\/meydan-logo.svg","contentUrl":"https:\/\/www.meydan.tv\/wp-content\/uploads\/2021\/07\/meydan-logo.svg","width":195,"height":46,"caption":"Meydan TV"},"image":{"@id":"https:\/\/www.meydan.tv\/az\/#\/schema\/logo\/image\/"}},{"@type":"Person","@id":"https:\/\/www.meydan.tv\/az\/#\/schema\/person\/9cdbecf90d17180ce1dfbd95b08dcf47","name":"elli","sameAs":["https:\/\/x.com\/elli"]}]}},"_links":{"self":[{"href":"https:\/\/www.meydan.tv\/az\/wp-json\/wp\/v2\/posts\/253367","targetHints":{"allow":["GET"]}}],"collection":[{"href":"https:\/\/www.meydan.tv\/az\/wp-json\/wp\/v2\/posts"}],"about":[{"href":"https:\/\/www.meydan.tv\/az\/wp-json\/wp\/v2\/types\/post"}],"author":[{"embeddable":true,"href":"https:\/\/www.meydan.tv\/az\/wp-json\/wp\/v2\/users\/8"}],"replies":[{"embeddable":true,"href":"https:\/\/www.meydan.tv\/az\/wp-json\/wp\/v2\/comments?post=253367"}],"version-history":[{"count":1,"href":"https:\/\/www.meydan.tv\/az\/wp-json\/wp\/v2\/posts\/253367\/revisions"}],"predecessor-version":[{"id":253371,"href":"https:\/\/www.meydan.tv\/az\/wp-json\/wp\/v2\/posts\/253367\/revisions\/253371"}],"wp:featuredmedia":[{"embeddable":true,"href":"https:\/\/www.meydan.tv\/az\/wp-json\/wp\/v2\/media\/253368"}],"wp:attachment":[{"href":"https:\/\/www.meydan.tv\/az\/wp-json\/wp\/v2\/media?parent=253367"}],"wp:term":[{"taxonomy":"category","embeddable":true,"href":"https:\/\/www.meydan.tv\/az\/wp-json\/wp\/v2\/categories?post=253367"},{"taxonomy":"post_tag","embeddable":true,"href":"https:\/\/www.meydan.tv\/az\/wp-json\/wp\/v2\/tags?post=253367"}],"curies":[{"name":"wp","href":"https:\/\/api.w.org\/{rel}","templated":true}]}}