{"id":253319,"date":"2022-08-15T16:41:55","date_gmt":"2022-08-15T12:41:55","guid":{"rendered":"https:\/\/www.meydan.tv\/?p=253319"},"modified":"2022-08-15T17:37:45","modified_gmt":"2022-08-15T13:37:45","slug":"hilal-bayrarovun-filmi-festivalda-iki-mukafat-qazanib","status":"publish","type":"post","link":"https:\/\/www.meydan.tv\/az\/article\/hilal-bayrarovun-filmi-festivalda-iki-mukafat-qazanib\/","title":{"rendered":"Hilal Baydarovun filmi festivalda iki m\u00fckafat qazan\u0131b"},"content":{"rendered":"\n<p><\/p>\n\n\n\n<p><em>\u201cBal\u0131qlara x\u00fctb\u0259\u201d 3500 film aras\u0131ndan se\u00e7ilmi\u015f 17 ekran i\u015find\u0259n biridir<\/em><\/p>\n\n\n\n<p>Az\u0259rbaycanl\u0131 rejissor Hilal Baydarovun \u201cBal\u0131qlara x\u00fctb\u0259\u201d (\u201c Sermon to the Fish\u201d) filmi 75-ci \u201cLocarno\u201d Beyn\u0259lxalq Film Festival\u0131nda iki m\u00fckafat qazan\u0131b.<\/p>\n\n\n\n<p>Bunlardan biri \u201cPardo Verde WWF X\u00fcsusi Diqq\u0259t\u201d v\u0259 G\u0259nc M\u00fcnsifl\u0259r hey\u0259ti t\u0259r\u0259find\u0259n veril\u0259n \u201cH\u0259yat\u0131n keyfiyy\u0259ti \u0259traf m\u00fchitd\u0259n as\u0131l\u0131d\u0131r\u201d m\u00fckafatlar\u0131d\u0131r.<\/p>\n\n\n\n<p>Bu haqda m\u0259lumat\u0131 \u201cUcqar Film\u201d kinostudiyas\u0131 yay\u0131b.<\/p>\n\n\n\n<p>\u201cBal\u0131qlara x\u00fctb\u0259\u201d b\u0259dii tammetrajl\u0131 filmi \u201cLocarno\u201d Film Festival\u0131n\u0131n proqram\u0131na \u201cBeyn\u0259lxalq m\u00fcsabiq\u0259\u201d kateqoriyas\u0131 \u00fczr\u0259 daxil <a href=\"https:\/\/d9mc3ts4czbpr.cloudfront.net\/az\/article\/azerbaycanli-rejissorun-filminin-dunya-premyerasi\/\" target=\"_blank\" rel=\"noreferrer noopener\">edilmi\u015fdi<\/a>.<\/p>\n\n\n\n<p>Az\u0259rbaycan, Meksika, \u0130sve\u00e7r\u0259 v\u0259 T\u00fcrkiy\u0259nin birg\u0259 istehsal\u0131 olan film 3500 film aras\u0131ndan se\u00e7ilmi\u015f 17 ekran i\u015find\u0259n biridir.<\/p>\n\n\n\n<p>\u201cBal\u0131qlara x\u00fctb\u0259\u201d filminin ssenari m\u00fc\u0259llifl\u0259ri Hilal Baydarov v\u0259 Aysu Akcand\u0131r.<\/p>\n\n\n\n<p>Filmd\u0259 R\u0259na \u018fsg\u0259rova, Orxan \u0130sg\u0259nd\u0259rli, H\u00fcseyn N\u0259sirov \u00e7\u0259kilibl\u0259r.<\/p>\n\n\n<div class=\"wp-block-image\">\n<figure class=\"alignleft size-large is-resized\"><img decoding=\"async\" data-src=\"https:\/\/www.meydan.tv\/wp-content\/uploads\/lokarno-821x821.jpg\" alt=\"\" class=\"wp-image-253313 lazyload\" width=\"397\" height=\"397\" src=\"data:image\/svg+xml;base64,PHN2ZyB3aWR0aD0iMSIgaGVpZ2h0PSIxIiB4bWxucz0iaHR0cDovL3d3dy53My5vcmcvMjAwMC9zdmciPjwvc3ZnPg==\" style=\"--smush-placeholder-width: 397px; --smush-placeholder-aspect-ratio: 397\/397;\" \/><figcaption>Foto: &#8220;Ucqarfilm&#8221;in &#8220;Facebook&#8221; s\u0259hif\u0259si<\/figcaption><\/figure>\n<\/div>\n\n\n<p>\u201cLocarno\u201d Film Festival\u0131 \u0130sve\u00e7r\u0259nin \u0259n m\u00fch\u00fcm, Avropan\u0131n is\u0259 \u0259n m\u0259\u015fhur film festivallar\u0131ndan biridir.<\/p>\n\n\n\n<p>\u201cKann\u201d, \u201cVenesiya\u201d v\u0259 \u201cBerlin\u201dd\u0259n sonra d\u00f6rd\u00fcnc\u00fc \u0259n \u0259h\u0259miyy\u0259tli Avropa film festival\u0131 hesab olunur.<\/p>\n\n\n\n<p>\u201cLocarno\u201d 1946-c\u0131 ild\u0259n etibar\u0259n h\u0259r il avqustda \u0130sve\u00e7r\u0259nin Lokarno \u015f\u0259h\u0259rind\u0259 ke\u00e7irilir.<\/p>\n\n\n\n<p>Festival\u0131n ba\u015f m\u00fckafat\u0131 \u201c\u018fn yax\u015f\u0131 film\u201d\u0259 g\u00f6r\u0259 veril\u0259n \u201cQ\u0131z\u0131l B\u0259bir\u201ddir.<\/p>\n\n\n\n<p>Hilal Baydarov avqustun 12-d\u0259n 19-d\u0259k ke\u00e7iril\u0259n Sarayevo Film Festival\u0131nda da i\u015ftirak edir. Rejissor bu il \u201cS\u04d9n\u04d9dli film\u201d m\u00fcsabiq\u04d9sinin \u00fc\u00e7 m\u00fcnsif \u00fczv\u00fcnd\u0259n biridir.<\/p>\n\n\n\n<p>Az\u0259rbaycan festivalda \u201c\u00c7inar a\u011fac\u0131n\u0131n k\u00f6lg\u0259sind\u0259\u201d filmi il\u0259 \u201cS\u04d9n\u04d9dli film\u201d kateqoriyas\u0131nda m\u00fcbariz\u0259 <a href=\"https:\/\/d9mc3ts4czbpr.cloudfront.net\/az\/article\/jurnalistlerin-senedli-filmi-sarayevo-film-festivalinda\/?fbclid=IwAR3nXEcO-Ex2gdTI_jyDJPVW5cgoHfbubWx_OiDOKiw-KwAKjGCOnc0UqtA\" target=\"_blank\" rel=\"noreferrer noopener\">apar\u0131r<\/a>.<\/p>\n\n\n\n<p><\/p>\n","protected":false},"excerpt":{"rendered":"<p>\u201cBal\u0131qlara x\u00fctb\u0259\u201d 3500 film aras\u0131ndan se\u00e7ilmi\u015f 17 ekran i\u015find\u0259n biridir &#8230; <\/p>\n<p class=\"read-more-container\"><a title=\"Hilal Baydarovun filmi festivalda iki m\u00fckafat qazan\u0131b\" class=\"read-more button\" href=\"https:\/\/www.meydan.tv\/az\/article\/hilal-bayrarovun-filmi-festivalda-iki-mukafat-qazanib\/#more-253319\" aria-label=\"Read more about Hilal Baydarovun filmi festivalda iki m\u00fckafat qazan\u0131b\">Davam\u0131<\/a><\/p>\n","protected":false},"author":8,"featured_media":253316,"comment_status":"closed","ping_status":"closed","sticky":false,"template":"","format":"standard","meta":{"_acf_changed":false,"_sitemap_exclude":false,"_sitemap_priority":"","_sitemap_frequency":"","footnotes":""},"categories":[52,56],"tags":[],"class_list":["post-253319","post","type-post","status-publish","format-standard","has-post-thumbnail","hentry","category-medeniyyet","category-xeberler","infinite-scroll-item","generate-columns","tablet-grid-50","mobile-grid-100","grid-parent","grid-33","no-featured-image-padding"],"acf":[],"yoast_head":"<!-- This site is optimized with the Yoast SEO plugin v27.5 - https:\/\/yoast.com\/product\/yoast-seo-wordpress\/ -->\n<title>Hilal Baydarovun filmi festivalda iki m\u00fckafat qazan\u0131b - MEYDAN.TV<\/title>\n<meta name=\"robots\" content=\"index, follow, max-snippet:-1, max-image-preview:large, max-video-preview:-1\" \/>\n<link rel=\"canonical\" href=\"https:\/\/www.meydan.tv\/az\/article\/hilal-bayrarovun-filmi-festivalda-iki-mukafat-qazanib\/\" \/>\n<meta property=\"og:locale\" content=\"az_AZ\" \/>\n<meta property=\"og:type\" content=\"article\" \/>\n<meta property=\"og:title\" content=\"Hilal Baydarovun filmi festivalda iki m\u00fckafat qazan\u0131b - MEYDAN.TV\" \/>\n<meta property=\"og:description\" content=\"\u201cBal\u0131qlara x\u00fctb\u0259\u201d 3500 film aras\u0131ndan se\u00e7ilmi\u015f 17 ekran i\u015find\u0259n biridir ... Davam\u0131\" \/>\n<meta property=\"og:url\" content=\"https:\/\/www.meydan.tv\/az\/article\/hilal-bayrarovun-filmi-festivalda-iki-mukafat-qazanib\/\" \/>\n<meta property=\"og:site_name\" content=\"MEYDAN.TV\" \/>\n<meta property=\"article:published_time\" content=\"2022-08-15T12:41:55+00:00\" \/>\n<meta property=\"article:modified_time\" content=\"2022-08-15T13:37:45+00:00\" \/>\n<meta property=\"og:image\" content=\"https:\/\/www.meydan.tv\/wp-content\/uploads\/292411857_723033802162137_5288187445229091671_n-e1660567292819.jpg\" \/>\n\t<meta property=\"og:image:width\" content=\"1080\" \/>\n\t<meta property=\"og:image:height\" content=\"901\" \/>\n\t<meta property=\"og:image:type\" content=\"image\/jpeg\" \/>\n<meta name=\"author\" content=\"elli\" \/>\n<meta name=\"twitter:card\" content=\"summary_large_image\" \/>\n<meta name=\"twitter:creator\" content=\"@elli\" \/>\n<script type=\"application\/ld+json\" class=\"yoast-schema-graph\">{\"@context\":\"https:\\\/\\\/schema.org\",\"@graph\":[{\"@type\":\"Article\",\"@id\":\"https:\\\/\\\/www.meydan.tv\\\/az\\\/article\\\/hilal-bayrarovun-filmi-festivalda-iki-mukafat-qazanib\\\/#article\",\"isPartOf\":{\"@id\":\"https:\\\/\\\/www.meydan.tv\\\/az\\\/article\\\/hilal-bayrarovun-filmi-festivalda-iki-mukafat-qazanib\\\/\"},\"author\":{\"name\":\"elli\",\"@id\":\"https:\\\/\\\/www.meydan.tv\\\/az\\\/#\\\/schema\\\/person\\\/9cdbecf90d17180ce1dfbd95b08dcf47\"},\"headline\":\"Hilal Baydarovun filmi festivalda iki m\u00fckafat qazan\u0131b\",\"datePublished\":\"2022-08-15T12:41:55+00:00\",\"dateModified\":\"2022-08-15T13:37:45+00:00\",\"mainEntityOfPage\":{\"@id\":\"https:\\\/\\\/www.meydan.tv\\\/az\\\/article\\\/hilal-bayrarovun-filmi-festivalda-iki-mukafat-qazanib\\\/\"},\"wordCount\":314,\"publisher\":{\"@id\":\"https:\\\/\\\/www.meydan.tv\\\/az\\\/#organization\"},\"image\":{\"@id\":\"https:\\\/\\\/www.meydan.tv\\\/az\\\/article\\\/hilal-bayrarovun-filmi-festivalda-iki-mukafat-qazanib\\\/#primaryimage\"},\"thumbnailUrl\":\"https:\\\/\\\/www.meydan.tv\\\/wp-content\\\/uploads\\\/292411857_723033802162137_5288187445229091671_n-e1660567292819.jpg\",\"articleSection\":[\"M\u0259d\u0259niyy\u0259t\",\"X\u0259b\u0259rl\u0259r\"],\"inLanguage\":\"az\"},{\"@type\":\"WebPage\",\"@id\":\"https:\\\/\\\/www.meydan.tv\\\/az\\\/article\\\/hilal-bayrarovun-filmi-festivalda-iki-mukafat-qazanib\\\/\",\"url\":\"https:\\\/\\\/www.meydan.tv\\\/az\\\/article\\\/hilal-bayrarovun-filmi-festivalda-iki-mukafat-qazanib\\\/\",\"name\":\"Hilal Baydarovun filmi festivalda iki m\u00fckafat qazan\u0131b - MEYDAN.TV\",\"isPartOf\":{\"@id\":\"https:\\\/\\\/www.meydan.tv\\\/az\\\/#website\"},\"primaryImageOfPage\":{\"@id\":\"https:\\\/\\\/www.meydan.tv\\\/az\\\/article\\\/hilal-bayrarovun-filmi-festivalda-iki-mukafat-qazanib\\\/#primaryimage\"},\"image\":{\"@id\":\"https:\\\/\\\/www.meydan.tv\\\/az\\\/article\\\/hilal-bayrarovun-filmi-festivalda-iki-mukafat-qazanib\\\/#primaryimage\"},\"thumbnailUrl\":\"https:\\\/\\\/www.meydan.tv\\\/wp-content\\\/uploads\\\/292411857_723033802162137_5288187445229091671_n-e1660567292819.jpg\",\"datePublished\":\"2022-08-15T12:41:55+00:00\",\"dateModified\":\"2022-08-15T13:37:45+00:00\",\"breadcrumb\":{\"@id\":\"https:\\\/\\\/www.meydan.tv\\\/az\\\/article\\\/hilal-bayrarovun-filmi-festivalda-iki-mukafat-qazanib\\\/#breadcrumb\"},\"inLanguage\":\"az\",\"potentialAction\":[{\"@type\":\"ReadAction\",\"target\":[\"https:\\\/\\\/www.meydan.tv\\\/az\\\/article\\\/hilal-bayrarovun-filmi-festivalda-iki-mukafat-qazanib\\\/\"]}]},{\"@type\":\"ImageObject\",\"inLanguage\":\"az\",\"@id\":\"https:\\\/\\\/www.meydan.tv\\\/az\\\/article\\\/hilal-bayrarovun-filmi-festivalda-iki-mukafat-qazanib\\\/#primaryimage\",\"url\":\"https:\\\/\\\/www.meydan.tv\\\/wp-content\\\/uploads\\\/292411857_723033802162137_5288187445229091671_n-e1660567292819.jpg\",\"contentUrl\":\"https:\\\/\\\/www.meydan.tv\\\/wp-content\\\/uploads\\\/292411857_723033802162137_5288187445229091671_n-e1660567292819.jpg\",\"width\":1080,\"height\":901,\"caption\":\"Filmin posteri\"},{\"@type\":\"BreadcrumbList\",\"@id\":\"https:\\\/\\\/www.meydan.tv\\\/az\\\/article\\\/hilal-bayrarovun-filmi-festivalda-iki-mukafat-qazanib\\\/#breadcrumb\",\"itemListElement\":[{\"@type\":\"ListItem\",\"position\":1,\"name\":\"Ana s\u0259hif\u0259\",\"item\":\"https:\\\/\\\/www.meydan.tv\\\/az\\\/\"},{\"@type\":\"ListItem\",\"position\":2,\"name\":\"M\u0259d\u0259niyy\u0259t\",\"item\":\"https:\\\/\\\/www.meydan.tv\\\/az\\\/section\\\/medeniyyet\\\/\"},{\"@type\":\"ListItem\",\"position\":3,\"name\":\"Hilal Baydarovun filmi festivalda iki m\u00fckafat qazan\u0131b\"}]},{\"@type\":\"WebSite\",\"@id\":\"https:\\\/\\\/www.meydan.tv\\\/az\\\/#website\",\"url\":\"https:\\\/\\\/www.meydan.tv\\\/az\\\/\",\"name\":\"MEYDAN.TV\",\"description\":\"Meydan TV Az\u0259rbaycan\u0131n media m\u0259kan\u0131ndak\u0131 alternativ s\u0259sidir\",\"publisher\":{\"@id\":\"https:\\\/\\\/www.meydan.tv\\\/az\\\/#organization\"},\"potentialAction\":[{\"@type\":\"SearchAction\",\"target\":{\"@type\":\"EntryPoint\",\"urlTemplate\":\"https:\\\/\\\/www.meydan.tv\\\/az\\\/?s={search_term_string}\"},\"query-input\":{\"@type\":\"PropertyValueSpecification\",\"valueRequired\":true,\"valueName\":\"search_term_string\"}}],\"inLanguage\":\"az\"},{\"@type\":\"Organization\",\"@id\":\"https:\\\/\\\/www.meydan.tv\\\/az\\\/#organization\",\"name\":\"Meydan TV\",\"url\":\"https:\\\/\\\/www.meydan.tv\\\/az\\\/\",\"logo\":{\"@type\":\"ImageObject\",\"inLanguage\":\"az\",\"@id\":\"https:\\\/\\\/www.meydan.tv\\\/az\\\/#\\\/schema\\\/logo\\\/image\\\/\",\"url\":\"https:\\\/\\\/www.meydan.tv\\\/wp-content\\\/uploads\\\/2021\\\/07\\\/meydan-logo.svg\",\"contentUrl\":\"https:\\\/\\\/www.meydan.tv\\\/wp-content\\\/uploads\\\/2021\\\/07\\\/meydan-logo.svg\",\"width\":195,\"height\":46,\"caption\":\"Meydan TV\"},\"image\":{\"@id\":\"https:\\\/\\\/www.meydan.tv\\\/az\\\/#\\\/schema\\\/logo\\\/image\\\/\"}},{\"@type\":\"Person\",\"@id\":\"https:\\\/\\\/www.meydan.tv\\\/az\\\/#\\\/schema\\\/person\\\/9cdbecf90d17180ce1dfbd95b08dcf47\",\"name\":\"elli\",\"sameAs\":[\"https:\\\/\\\/x.com\\\/elli\"]}]}<\/script>\n<!-- \/ Yoast SEO plugin. -->","yoast_head_json":{"title":"Hilal Baydarovun filmi festivalda iki m\u00fckafat qazan\u0131b - MEYDAN.TV","robots":{"index":"index","follow":"follow","max-snippet":"max-snippet:-1","max-image-preview":"max-image-preview:large","max-video-preview":"max-video-preview:-1"},"canonical":"https:\/\/www.meydan.tv\/az\/article\/hilal-bayrarovun-filmi-festivalda-iki-mukafat-qazanib\/","og_locale":"az_AZ","og_type":"article","og_title":"Hilal Baydarovun filmi festivalda iki m\u00fckafat qazan\u0131b - MEYDAN.TV","og_description":"\u201cBal\u0131qlara x\u00fctb\u0259\u201d 3500 film aras\u0131ndan se\u00e7ilmi\u015f 17 ekran i\u015find\u0259n biridir ... Davam\u0131","og_url":"https:\/\/www.meydan.tv\/az\/article\/hilal-bayrarovun-filmi-festivalda-iki-mukafat-qazanib\/","og_site_name":"MEYDAN.TV","article_published_time":"2022-08-15T12:41:55+00:00","article_modified_time":"2022-08-15T13:37:45+00:00","og_image":[{"width":1080,"height":901,"url":"https:\/\/www.meydan.tv\/wp-content\/uploads\/292411857_723033802162137_5288187445229091671_n-e1660567292819.jpg","type":"image\/jpeg"}],"author":"elli","twitter_card":"summary_large_image","twitter_creator":"@elli","schema":{"@context":"https:\/\/schema.org","@graph":[{"@type":"Article","@id":"https:\/\/www.meydan.tv\/az\/article\/hilal-bayrarovun-filmi-festivalda-iki-mukafat-qazanib\/#article","isPartOf":{"@id":"https:\/\/www.meydan.tv\/az\/article\/hilal-bayrarovun-filmi-festivalda-iki-mukafat-qazanib\/"},"author":{"name":"elli","@id":"https:\/\/www.meydan.tv\/az\/#\/schema\/person\/9cdbecf90d17180ce1dfbd95b08dcf47"},"headline":"Hilal Baydarovun filmi festivalda iki m\u00fckafat qazan\u0131b","datePublished":"2022-08-15T12:41:55+00:00","dateModified":"2022-08-15T13:37:45+00:00","mainEntityOfPage":{"@id":"https:\/\/www.meydan.tv\/az\/article\/hilal-bayrarovun-filmi-festivalda-iki-mukafat-qazanib\/"},"wordCount":314,"publisher":{"@id":"https:\/\/www.meydan.tv\/az\/#organization"},"image":{"@id":"https:\/\/www.meydan.tv\/az\/article\/hilal-bayrarovun-filmi-festivalda-iki-mukafat-qazanib\/#primaryimage"},"thumbnailUrl":"https:\/\/www.meydan.tv\/wp-content\/uploads\/292411857_723033802162137_5288187445229091671_n-e1660567292819.jpg","articleSection":["M\u0259d\u0259niyy\u0259t","X\u0259b\u0259rl\u0259r"],"inLanguage":"az"},{"@type":"WebPage","@id":"https:\/\/www.meydan.tv\/az\/article\/hilal-bayrarovun-filmi-festivalda-iki-mukafat-qazanib\/","url":"https:\/\/www.meydan.tv\/az\/article\/hilal-bayrarovun-filmi-festivalda-iki-mukafat-qazanib\/","name":"Hilal Baydarovun filmi festivalda iki m\u00fckafat qazan\u0131b - MEYDAN.TV","isPartOf":{"@id":"https:\/\/www.meydan.tv\/az\/#website"},"primaryImageOfPage":{"@id":"https:\/\/www.meydan.tv\/az\/article\/hilal-bayrarovun-filmi-festivalda-iki-mukafat-qazanib\/#primaryimage"},"image":{"@id":"https:\/\/www.meydan.tv\/az\/article\/hilal-bayrarovun-filmi-festivalda-iki-mukafat-qazanib\/#primaryimage"},"thumbnailUrl":"https:\/\/www.meydan.tv\/wp-content\/uploads\/292411857_723033802162137_5288187445229091671_n-e1660567292819.jpg","datePublished":"2022-08-15T12:41:55+00:00","dateModified":"2022-08-15T13:37:45+00:00","breadcrumb":{"@id":"https:\/\/www.meydan.tv\/az\/article\/hilal-bayrarovun-filmi-festivalda-iki-mukafat-qazanib\/#breadcrumb"},"inLanguage":"az","potentialAction":[{"@type":"ReadAction","target":["https:\/\/www.meydan.tv\/az\/article\/hilal-bayrarovun-filmi-festivalda-iki-mukafat-qazanib\/"]}]},{"@type":"ImageObject","inLanguage":"az","@id":"https:\/\/www.meydan.tv\/az\/article\/hilal-bayrarovun-filmi-festivalda-iki-mukafat-qazanib\/#primaryimage","url":"https:\/\/www.meydan.tv\/wp-content\/uploads\/292411857_723033802162137_5288187445229091671_n-e1660567292819.jpg","contentUrl":"https:\/\/www.meydan.tv\/wp-content\/uploads\/292411857_723033802162137_5288187445229091671_n-e1660567292819.jpg","width":1080,"height":901,"caption":"Filmin posteri"},{"@type":"BreadcrumbList","@id":"https:\/\/www.meydan.tv\/az\/article\/hilal-bayrarovun-filmi-festivalda-iki-mukafat-qazanib\/#breadcrumb","itemListElement":[{"@type":"ListItem","position":1,"name":"Ana s\u0259hif\u0259","item":"https:\/\/www.meydan.tv\/az\/"},{"@type":"ListItem","position":2,"name":"M\u0259d\u0259niyy\u0259t","item":"https:\/\/www.meydan.tv\/az\/section\/medeniyyet\/"},{"@type":"ListItem","position":3,"name":"Hilal Baydarovun filmi festivalda iki m\u00fckafat qazan\u0131b"}]},{"@type":"WebSite","@id":"https:\/\/www.meydan.tv\/az\/#website","url":"https:\/\/www.meydan.tv\/az\/","name":"MEYDAN.TV","description":"Meydan TV Az\u0259rbaycan\u0131n media m\u0259kan\u0131ndak\u0131 alternativ s\u0259sidir","publisher":{"@id":"https:\/\/www.meydan.tv\/az\/#organization"},"potentialAction":[{"@type":"SearchAction","target":{"@type":"EntryPoint","urlTemplate":"https:\/\/www.meydan.tv\/az\/?s={search_term_string}"},"query-input":{"@type":"PropertyValueSpecification","valueRequired":true,"valueName":"search_term_string"}}],"inLanguage":"az"},{"@type":"Organization","@id":"https:\/\/www.meydan.tv\/az\/#organization","name":"Meydan TV","url":"https:\/\/www.meydan.tv\/az\/","logo":{"@type":"ImageObject","inLanguage":"az","@id":"https:\/\/www.meydan.tv\/az\/#\/schema\/logo\/image\/","url":"https:\/\/www.meydan.tv\/wp-content\/uploads\/2021\/07\/meydan-logo.svg","contentUrl":"https:\/\/www.meydan.tv\/wp-content\/uploads\/2021\/07\/meydan-logo.svg","width":195,"height":46,"caption":"Meydan TV"},"image":{"@id":"https:\/\/www.meydan.tv\/az\/#\/schema\/logo\/image\/"}},{"@type":"Person","@id":"https:\/\/www.meydan.tv\/az\/#\/schema\/person\/9cdbecf90d17180ce1dfbd95b08dcf47","name":"elli","sameAs":["https:\/\/x.com\/elli"]}]}},"_links":{"self":[{"href":"https:\/\/www.meydan.tv\/az\/wp-json\/wp\/v2\/posts\/253319","targetHints":{"allow":["GET"]}}],"collection":[{"href":"https:\/\/www.meydan.tv\/az\/wp-json\/wp\/v2\/posts"}],"about":[{"href":"https:\/\/www.meydan.tv\/az\/wp-json\/wp\/v2\/types\/post"}],"author":[{"embeddable":true,"href":"https:\/\/www.meydan.tv\/az\/wp-json\/wp\/v2\/users\/8"}],"replies":[{"embeddable":true,"href":"https:\/\/www.meydan.tv\/az\/wp-json\/wp\/v2\/comments?post=253319"}],"version-history":[{"count":3,"href":"https:\/\/www.meydan.tv\/az\/wp-json\/wp\/v2\/posts\/253319\/revisions"}],"predecessor-version":[{"id":253324,"href":"https:\/\/www.meydan.tv\/az\/wp-json\/wp\/v2\/posts\/253319\/revisions\/253324"}],"wp:featuredmedia":[{"embeddable":true,"href":"https:\/\/www.meydan.tv\/az\/wp-json\/wp\/v2\/media\/253316"}],"wp:attachment":[{"href":"https:\/\/www.meydan.tv\/az\/wp-json\/wp\/v2\/media?parent=253319"}],"wp:term":[{"taxonomy":"category","embeddable":true,"href":"https:\/\/www.meydan.tv\/az\/wp-json\/wp\/v2\/categories?post=253319"},{"taxonomy":"post_tag","embeddable":true,"href":"https:\/\/www.meydan.tv\/az\/wp-json\/wp\/v2\/tags?post=253319"}],"curies":[{"name":"wp","href":"https:\/\/api.w.org\/{rel}","templated":true}]}}