{"id":253311,"date":"2022-08-15T15:51:27","date_gmt":"2022-08-15T11:51:27","guid":{"rendered":"https:\/\/www.meydan.tv\/?p=253311"},"modified":"2022-08-15T18:13:31","modified_gmt":"2022-08-15T14:13:31","slug":"qardas-opusu-qraffitinin-muellifi-olub","status":"publish","type":"post","link":"https:\/\/www.meydan.tv\/az\/article\/qardas-opusu-qraffitinin-muellifi-olub\/","title":{"rendered":"\u201cQarda\u015f \u00f6p\u00fc\u015f\u00fc\u201d qraffitisinin m\u00fc\u0259llifi \u00f6l\u00fcb"},"content":{"rendered":"\n<p><\/p>\n\n\n\n<p><em>Dmitri Vrubelin koronavirusdan yaranm\u0131\u015f f\u0259sadlardan h\u0259yat\u0131n\u0131 itirdiyi bildirilir<\/em><\/p>\n\n\n\n<p>Ke\u00e7mi\u015f sovet lideri Leonid Brejnevin v\u0259 Almaniya Demokratik Respublikas\u0131n\u0131n r\u0259hb\u0259ri Erix Honekkerin Berlin divar\u0131ndak\u0131 \u201cQarda\u015f \u00f6p\u00fc\u015f\u00fc\u201d qraffitinin m\u00fc\u0259llifi Dmitri Vrubelin 62 ya\u015f\u0131nda v\u0259fat etdiyi <a href=\"https:\/\/meduza.io\/news\/2022\/08\/14\/umer-dmitriy-vrubel\" target=\"_blank\" rel=\"noreferrer noopener\">bildirilir<\/a>.<\/p>\n\n\n\n<p>R\u0259ssam\u0131n \u00f6l\u00fcm\u00fcn\u0259 koronavirusdan yaranan f\u0259sadlar\u0131n s\u0259b\u0259b oldu\u011fu deyilir.<\/p>\n\n\n\n<p>Vrubelin xan\u0131m\u0131 Viktoriya Timofeyeva avqustun 9-da bildirib ki, r\u0259ssam d\u00f6rd h\u0259ft\u0259dir a\u011f\u0131r v\u0259ziyy\u0259td\u0259dir. Onun s\u00f6zl\u0259rin\u0259 g\u00f6r\u0259, Vrubel m\u00fcxt\u0259lif h\u0259yati d\u0259st\u0259k cihazlar\u0131na, o c\u00fcml\u0259d\u0259n s\u00fcni n\u0259f\u0259s aparat\u0131na qo\u015fulubmu\u015f.<\/p>\n\n\n\n<p>Dmitri Vrubel 1960-c\u0131 ild\u0259 Moskvada do\u011fulub.<\/p>\n\n\n\n<p>1975-ci ild\u0259 ilk s\u0259n\u0259t \u0259s\u0259ri olan \u201cPilat m\u0259hk\u0259m\u0259si\u201d (\u201c\u0421\u0443\u0434 \u041f\u0438\u043b\u0430\u0442\u0430\u201d) r\u0259smini yarad\u0131b.<\/p>\n\n\n\n<p>1979-cu ild\u0259 Moskva D\u00f6vl\u0259t Pedaqoji \u0130nstitutunun R\u0259ssaml\u0131q v\u0259 qrafika fak\u00fclt\u0259sin\u0259 daxil olub.<\/p>\n\n\n\n<p>M\u00fcxt\u0259lif vaxtlarda r\u0259ssamlar Mixail Ep\u015fteyn, Andrey Pan\u00e7enko v\u0259 Vladimir Ov\u00e7innikovdan d\u0259rs al\u0131b.<\/p>\n\n\n\n<p>1990-c\u0131 ild\u0259 Berlin\u0259 k\u00f6\u00e7\u00fcb.<\/p>\n\n\n\n<p>El\u0259 h\u0259min il Berlin divar\u0131n\u0131n qal\u0131qlar\u0131 \u00fcz\u0259rind\u0259 Brejnevin Honekkeri \u00f6pd\u00fcy\u00fc \u201cYa R\u0259bb, bu \u00f6l\u00fcmc\u00fcl sevgi aras\u0131nda sa\u011f qalma\u011f\u0131ma k\u00f6m\u0259k et\u201d v\u0259 \u201cQarda\u015f \u00f6p\u00fc\u015f\u00fc\u201d tablosunu \u00e7\u0259kib.<\/p>\n\n\n\n<p>Qraffiti d\u00fcnyan\u0131n \u0259n m\u0259\u015fhur k\u00fc\u00e7\u0259 s\u0259n\u0259ti \u0259s\u0259rin\u0259 \u00e7evrilib.<\/p>\n\n\n\n<p>2009-cu ild\u0259 \u201cQarda\u015f \u00f6p\u00fc\u015f\u00fc\u201d divar\u0131n s\u00f6k\u00fclm\u0259sinin iyirminci ild\u00f6n\u00fcm\u00fc zaman\u0131 b\u0259rpa i\u015fl\u0259ri apar\u0131lark\u0259n silinib.<\/p>\n\n\n\n<p>Lakin r\u0259ssam qraffitini yenid\u0259n b\u0259rpa edib.<\/p>\n","protected":false},"excerpt":{"rendered":"<p>Dmitri Vrubelin koronavirusdan yaranm\u0131\u015f f\u0259sadlardan h\u0259yat\u0131n\u0131 itirdiyi bildirilir Ke\u00e7mi\u015f sovet &#8230; <\/p>\n<p class=\"read-more-container\"><a title=\"\u201cQarda\u015f \u00f6p\u00fc\u015f\u00fc\u201d qraffitisinin m\u00fc\u0259llifi \u00f6l\u00fcb\" class=\"read-more button\" href=\"https:\/\/www.meydan.tv\/az\/article\/qardas-opusu-qraffitinin-muellifi-olub\/#more-253311\" aria-label=\"Read more about \u201cQarda\u015f \u00f6p\u00fc\u015f\u00fc\u201d qraffitisinin m\u00fc\u0259llifi \u00f6l\u00fcb\">Davam\u0131<\/a><\/p>\n","protected":false},"author":8,"featured_media":253308,"comment_status":"closed","ping_status":"closed","sticky":false,"template":"","format":"standard","meta":{"_acf_changed":false,"_sitemap_exclude":false,"_sitemap_priority":"","_sitemap_frequency":"","footnotes":""},"categories":[52,56],"tags":[],"class_list":["post-253311","post","type-post","status-publish","format-standard","has-post-thumbnail","hentry","category-medeniyyet","category-xeberler","infinite-scroll-item","generate-columns","tablet-grid-50","mobile-grid-100","grid-parent","grid-33","no-featured-image-padding"],"acf":[],"yoast_head":"<!-- This site is optimized with the Yoast SEO plugin v27.5 - https:\/\/yoast.com\/product\/yoast-seo-wordpress\/ -->\n<title>\u201cQarda\u015f \u00f6p\u00fc\u015f\u00fc\u201d qraffitisinin m\u00fc\u0259llifi \u00f6l\u00fcb - MEYDAN.TV<\/title>\n<meta name=\"robots\" content=\"index, follow, max-snippet:-1, max-image-preview:large, max-video-preview:-1\" \/>\n<link rel=\"canonical\" href=\"https:\/\/www.meydan.tv\/az\/article\/qardas-opusu-qraffitinin-muellifi-olub\/\" \/>\n<meta property=\"og:locale\" content=\"az_AZ\" \/>\n<meta property=\"og:type\" content=\"article\" \/>\n<meta property=\"og:title\" content=\"\u201cQarda\u015f \u00f6p\u00fc\u015f\u00fc\u201d qraffitisinin m\u00fc\u0259llifi \u00f6l\u00fcb - MEYDAN.TV\" \/>\n<meta property=\"og:description\" content=\"Dmitri Vrubelin koronavirusdan yaranm\u0131\u015f f\u0259sadlardan h\u0259yat\u0131n\u0131 itirdiyi bildirilir Ke\u00e7mi\u015f sovet ... Davam\u0131\" \/>\n<meta property=\"og:url\" content=\"https:\/\/www.meydan.tv\/az\/article\/qardas-opusu-qraffitinin-muellifi-olub\/\" \/>\n<meta property=\"og:site_name\" content=\"MEYDAN.TV\" \/>\n<meta property=\"article:published_time\" content=\"2022-08-15T11:51:27+00:00\" \/>\n<meta property=\"article:modified_time\" content=\"2022-08-15T14:13:31+00:00\" \/>\n<meta property=\"og:image\" content=\"https:\/\/www.meydan.tv\/wp-content\/uploads\/unnamed-file-e1660564278739.png\" \/>\n\t<meta property=\"og:image:width\" content=\"1200\" \/>\n\t<meta property=\"og:image:height\" content=\"657\" \/>\n\t<meta property=\"og:image:type\" content=\"image\/png\" \/>\n<meta name=\"author\" content=\"elli\" \/>\n<meta name=\"twitter:card\" content=\"summary_large_image\" \/>\n<meta name=\"twitter:creator\" content=\"@elli\" \/>\n<script type=\"application\/ld+json\" class=\"yoast-schema-graph\">{\"@context\":\"https:\\\/\\\/schema.org\",\"@graph\":[{\"@type\":\"Article\",\"@id\":\"https:\\\/\\\/www.meydan.tv\\\/az\\\/article\\\/qardas-opusu-qraffitinin-muellifi-olub\\\/#article\",\"isPartOf\":{\"@id\":\"https:\\\/\\\/www.meydan.tv\\\/az\\\/article\\\/qardas-opusu-qraffitinin-muellifi-olub\\\/\"},\"author\":{\"name\":\"elli\",\"@id\":\"https:\\\/\\\/www.meydan.tv\\\/az\\\/#\\\/schema\\\/person\\\/9cdbecf90d17180ce1dfbd95b08dcf47\"},\"headline\":\"\u201cQarda\u015f \u00f6p\u00fc\u015f\u00fc\u201d qraffitisinin m\u00fc\u0259llifi \u00f6l\u00fcb\",\"datePublished\":\"2022-08-15T11:51:27+00:00\",\"dateModified\":\"2022-08-15T14:13:31+00:00\",\"mainEntityOfPage\":{\"@id\":\"https:\\\/\\\/www.meydan.tv\\\/az\\\/article\\\/qardas-opusu-qraffitinin-muellifi-olub\\\/\"},\"wordCount\":318,\"publisher\":{\"@id\":\"https:\\\/\\\/www.meydan.tv\\\/az\\\/#organization\"},\"image\":{\"@id\":\"https:\\\/\\\/www.meydan.tv\\\/az\\\/article\\\/qardas-opusu-qraffitinin-muellifi-olub\\\/#primaryimage\"},\"thumbnailUrl\":\"https:\\\/\\\/www.meydan.tv\\\/wp-content\\\/uploads\\\/unnamed-file-e1660564278739.png\",\"articleSection\":[\"M\u0259d\u0259niyy\u0259t\",\"X\u0259b\u0259rl\u0259r\"],\"inLanguage\":\"az\"},{\"@type\":\"WebPage\",\"@id\":\"https:\\\/\\\/www.meydan.tv\\\/az\\\/article\\\/qardas-opusu-qraffitinin-muellifi-olub\\\/\",\"url\":\"https:\\\/\\\/www.meydan.tv\\\/az\\\/article\\\/qardas-opusu-qraffitinin-muellifi-olub\\\/\",\"name\":\"\u201cQarda\u015f \u00f6p\u00fc\u015f\u00fc\u201d qraffitisinin m\u00fc\u0259llifi \u00f6l\u00fcb - MEYDAN.TV\",\"isPartOf\":{\"@id\":\"https:\\\/\\\/www.meydan.tv\\\/az\\\/#website\"},\"primaryImageOfPage\":{\"@id\":\"https:\\\/\\\/www.meydan.tv\\\/az\\\/article\\\/qardas-opusu-qraffitinin-muellifi-olub\\\/#primaryimage\"},\"image\":{\"@id\":\"https:\\\/\\\/www.meydan.tv\\\/az\\\/article\\\/qardas-opusu-qraffitinin-muellifi-olub\\\/#primaryimage\"},\"thumbnailUrl\":\"https:\\\/\\\/www.meydan.tv\\\/wp-content\\\/uploads\\\/unnamed-file-e1660564278739.png\",\"datePublished\":\"2022-08-15T11:51:27+00:00\",\"dateModified\":\"2022-08-15T14:13:31+00:00\",\"breadcrumb\":{\"@id\":\"https:\\\/\\\/www.meydan.tv\\\/az\\\/article\\\/qardas-opusu-qraffitinin-muellifi-olub\\\/#breadcrumb\"},\"inLanguage\":\"az\",\"potentialAction\":[{\"@type\":\"ReadAction\",\"target\":[\"https:\\\/\\\/www.meydan.tv\\\/az\\\/article\\\/qardas-opusu-qraffitinin-muellifi-olub\\\/\"]}]},{\"@type\":\"ImageObject\",\"inLanguage\":\"az\",\"@id\":\"https:\\\/\\\/www.meydan.tv\\\/az\\\/article\\\/qardas-opusu-qraffitinin-muellifi-olub\\\/#primaryimage\",\"url\":\"https:\\\/\\\/www.meydan.tv\\\/wp-content\\\/uploads\\\/unnamed-file-e1660564278739.png\",\"contentUrl\":\"https:\\\/\\\/www.meydan.tv\\\/wp-content\\\/uploads\\\/unnamed-file-e1660564278739.png\",\"width\":1200,\"height\":657,\"caption\":\"Dmitri Vrubel. M\u0259nb\u0259: Meduza\"},{\"@type\":\"BreadcrumbList\",\"@id\":\"https:\\\/\\\/www.meydan.tv\\\/az\\\/article\\\/qardas-opusu-qraffitinin-muellifi-olub\\\/#breadcrumb\",\"itemListElement\":[{\"@type\":\"ListItem\",\"position\":1,\"name\":\"Ana s\u0259hif\u0259\",\"item\":\"https:\\\/\\\/www.meydan.tv\\\/az\\\/\"},{\"@type\":\"ListItem\",\"position\":2,\"name\":\"M\u0259d\u0259niyy\u0259t\",\"item\":\"https:\\\/\\\/www.meydan.tv\\\/az\\\/section\\\/medeniyyet\\\/\"},{\"@type\":\"ListItem\",\"position\":3,\"name\":\"\u201cQarda\u015f \u00f6p\u00fc\u015f\u00fc\u201d qraffitisinin m\u00fc\u0259llifi \u00f6l\u00fcb\"}]},{\"@type\":\"WebSite\",\"@id\":\"https:\\\/\\\/www.meydan.tv\\\/az\\\/#website\",\"url\":\"https:\\\/\\\/www.meydan.tv\\\/az\\\/\",\"name\":\"MEYDAN.TV\",\"description\":\"Meydan TV Az\u0259rbaycan\u0131n media m\u0259kan\u0131ndak\u0131 alternativ s\u0259sidir\",\"publisher\":{\"@id\":\"https:\\\/\\\/www.meydan.tv\\\/az\\\/#organization\"},\"potentialAction\":[{\"@type\":\"SearchAction\",\"target\":{\"@type\":\"EntryPoint\",\"urlTemplate\":\"https:\\\/\\\/www.meydan.tv\\\/az\\\/?s={search_term_string}\"},\"query-input\":{\"@type\":\"PropertyValueSpecification\",\"valueRequired\":true,\"valueName\":\"search_term_string\"}}],\"inLanguage\":\"az\"},{\"@type\":\"Organization\",\"@id\":\"https:\\\/\\\/www.meydan.tv\\\/az\\\/#organization\",\"name\":\"Meydan TV\",\"url\":\"https:\\\/\\\/www.meydan.tv\\\/az\\\/\",\"logo\":{\"@type\":\"ImageObject\",\"inLanguage\":\"az\",\"@id\":\"https:\\\/\\\/www.meydan.tv\\\/az\\\/#\\\/schema\\\/logo\\\/image\\\/\",\"url\":\"https:\\\/\\\/www.meydan.tv\\\/wp-content\\\/uploads\\\/2021\\\/07\\\/meydan-logo.svg\",\"contentUrl\":\"https:\\\/\\\/www.meydan.tv\\\/wp-content\\\/uploads\\\/2021\\\/07\\\/meydan-logo.svg\",\"width\":195,\"height\":46,\"caption\":\"Meydan TV\"},\"image\":{\"@id\":\"https:\\\/\\\/www.meydan.tv\\\/az\\\/#\\\/schema\\\/logo\\\/image\\\/\"}},{\"@type\":\"Person\",\"@id\":\"https:\\\/\\\/www.meydan.tv\\\/az\\\/#\\\/schema\\\/person\\\/9cdbecf90d17180ce1dfbd95b08dcf47\",\"name\":\"elli\",\"sameAs\":[\"https:\\\/\\\/x.com\\\/elli\"]}]}<\/script>\n<!-- \/ Yoast SEO plugin. -->","yoast_head_json":{"title":"\u201cQarda\u015f \u00f6p\u00fc\u015f\u00fc\u201d qraffitisinin m\u00fc\u0259llifi \u00f6l\u00fcb - MEYDAN.TV","robots":{"index":"index","follow":"follow","max-snippet":"max-snippet:-1","max-image-preview":"max-image-preview:large","max-video-preview":"max-video-preview:-1"},"canonical":"https:\/\/www.meydan.tv\/az\/article\/qardas-opusu-qraffitinin-muellifi-olub\/","og_locale":"az_AZ","og_type":"article","og_title":"\u201cQarda\u015f \u00f6p\u00fc\u015f\u00fc\u201d qraffitisinin m\u00fc\u0259llifi \u00f6l\u00fcb - MEYDAN.TV","og_description":"Dmitri Vrubelin koronavirusdan yaranm\u0131\u015f f\u0259sadlardan h\u0259yat\u0131n\u0131 itirdiyi bildirilir Ke\u00e7mi\u015f sovet ... Davam\u0131","og_url":"https:\/\/www.meydan.tv\/az\/article\/qardas-opusu-qraffitinin-muellifi-olub\/","og_site_name":"MEYDAN.TV","article_published_time":"2022-08-15T11:51:27+00:00","article_modified_time":"2022-08-15T14:13:31+00:00","og_image":[{"width":1200,"height":657,"url":"https:\/\/www.meydan.tv\/wp-content\/uploads\/unnamed-file-e1660564278739.png","type":"image\/png"}],"author":"elli","twitter_card":"summary_large_image","twitter_creator":"@elli","schema":{"@context":"https:\/\/schema.org","@graph":[{"@type":"Article","@id":"https:\/\/www.meydan.tv\/az\/article\/qardas-opusu-qraffitinin-muellifi-olub\/#article","isPartOf":{"@id":"https:\/\/www.meydan.tv\/az\/article\/qardas-opusu-qraffitinin-muellifi-olub\/"},"author":{"name":"elli","@id":"https:\/\/www.meydan.tv\/az\/#\/schema\/person\/9cdbecf90d17180ce1dfbd95b08dcf47"},"headline":"\u201cQarda\u015f \u00f6p\u00fc\u015f\u00fc\u201d qraffitisinin m\u00fc\u0259llifi \u00f6l\u00fcb","datePublished":"2022-08-15T11:51:27+00:00","dateModified":"2022-08-15T14:13:31+00:00","mainEntityOfPage":{"@id":"https:\/\/www.meydan.tv\/az\/article\/qardas-opusu-qraffitinin-muellifi-olub\/"},"wordCount":318,"publisher":{"@id":"https:\/\/www.meydan.tv\/az\/#organization"},"image":{"@id":"https:\/\/www.meydan.tv\/az\/article\/qardas-opusu-qraffitinin-muellifi-olub\/#primaryimage"},"thumbnailUrl":"https:\/\/www.meydan.tv\/wp-content\/uploads\/unnamed-file-e1660564278739.png","articleSection":["M\u0259d\u0259niyy\u0259t","X\u0259b\u0259rl\u0259r"],"inLanguage":"az"},{"@type":"WebPage","@id":"https:\/\/www.meydan.tv\/az\/article\/qardas-opusu-qraffitinin-muellifi-olub\/","url":"https:\/\/www.meydan.tv\/az\/article\/qardas-opusu-qraffitinin-muellifi-olub\/","name":"\u201cQarda\u015f \u00f6p\u00fc\u015f\u00fc\u201d qraffitisinin m\u00fc\u0259llifi \u00f6l\u00fcb - MEYDAN.TV","isPartOf":{"@id":"https:\/\/www.meydan.tv\/az\/#website"},"primaryImageOfPage":{"@id":"https:\/\/www.meydan.tv\/az\/article\/qardas-opusu-qraffitinin-muellifi-olub\/#primaryimage"},"image":{"@id":"https:\/\/www.meydan.tv\/az\/article\/qardas-opusu-qraffitinin-muellifi-olub\/#primaryimage"},"thumbnailUrl":"https:\/\/www.meydan.tv\/wp-content\/uploads\/unnamed-file-e1660564278739.png","datePublished":"2022-08-15T11:51:27+00:00","dateModified":"2022-08-15T14:13:31+00:00","breadcrumb":{"@id":"https:\/\/www.meydan.tv\/az\/article\/qardas-opusu-qraffitinin-muellifi-olub\/#breadcrumb"},"inLanguage":"az","potentialAction":[{"@type":"ReadAction","target":["https:\/\/www.meydan.tv\/az\/article\/qardas-opusu-qraffitinin-muellifi-olub\/"]}]},{"@type":"ImageObject","inLanguage":"az","@id":"https:\/\/www.meydan.tv\/az\/article\/qardas-opusu-qraffitinin-muellifi-olub\/#primaryimage","url":"https:\/\/www.meydan.tv\/wp-content\/uploads\/unnamed-file-e1660564278739.png","contentUrl":"https:\/\/www.meydan.tv\/wp-content\/uploads\/unnamed-file-e1660564278739.png","width":1200,"height":657,"caption":"Dmitri Vrubel. M\u0259nb\u0259: Meduza"},{"@type":"BreadcrumbList","@id":"https:\/\/www.meydan.tv\/az\/article\/qardas-opusu-qraffitinin-muellifi-olub\/#breadcrumb","itemListElement":[{"@type":"ListItem","position":1,"name":"Ana s\u0259hif\u0259","item":"https:\/\/www.meydan.tv\/az\/"},{"@type":"ListItem","position":2,"name":"M\u0259d\u0259niyy\u0259t","item":"https:\/\/www.meydan.tv\/az\/section\/medeniyyet\/"},{"@type":"ListItem","position":3,"name":"\u201cQarda\u015f \u00f6p\u00fc\u015f\u00fc\u201d qraffitisinin m\u00fc\u0259llifi \u00f6l\u00fcb"}]},{"@type":"WebSite","@id":"https:\/\/www.meydan.tv\/az\/#website","url":"https:\/\/www.meydan.tv\/az\/","name":"MEYDAN.TV","description":"Meydan TV Az\u0259rbaycan\u0131n media m\u0259kan\u0131ndak\u0131 alternativ s\u0259sidir","publisher":{"@id":"https:\/\/www.meydan.tv\/az\/#organization"},"potentialAction":[{"@type":"SearchAction","target":{"@type":"EntryPoint","urlTemplate":"https:\/\/www.meydan.tv\/az\/?s={search_term_string}"},"query-input":{"@type":"PropertyValueSpecification","valueRequired":true,"valueName":"search_term_string"}}],"inLanguage":"az"},{"@type":"Organization","@id":"https:\/\/www.meydan.tv\/az\/#organization","name":"Meydan TV","url":"https:\/\/www.meydan.tv\/az\/","logo":{"@type":"ImageObject","inLanguage":"az","@id":"https:\/\/www.meydan.tv\/az\/#\/schema\/logo\/image\/","url":"https:\/\/www.meydan.tv\/wp-content\/uploads\/2021\/07\/meydan-logo.svg","contentUrl":"https:\/\/www.meydan.tv\/wp-content\/uploads\/2021\/07\/meydan-logo.svg","width":195,"height":46,"caption":"Meydan TV"},"image":{"@id":"https:\/\/www.meydan.tv\/az\/#\/schema\/logo\/image\/"}},{"@type":"Person","@id":"https:\/\/www.meydan.tv\/az\/#\/schema\/person\/9cdbecf90d17180ce1dfbd95b08dcf47","name":"elli","sameAs":["https:\/\/x.com\/elli"]}]}},"_links":{"self":[{"href":"https:\/\/www.meydan.tv\/az\/wp-json\/wp\/v2\/posts\/253311","targetHints":{"allow":["GET"]}}],"collection":[{"href":"https:\/\/www.meydan.tv\/az\/wp-json\/wp\/v2\/posts"}],"about":[{"href":"https:\/\/www.meydan.tv\/az\/wp-json\/wp\/v2\/types\/post"}],"author":[{"embeddable":true,"href":"https:\/\/www.meydan.tv\/az\/wp-json\/wp\/v2\/users\/8"}],"replies":[{"embeddable":true,"href":"https:\/\/www.meydan.tv\/az\/wp-json\/wp\/v2\/comments?post=253311"}],"version-history":[{"count":3,"href":"https:\/\/www.meydan.tv\/az\/wp-json\/wp\/v2\/posts\/253311\/revisions"}],"predecessor-version":[{"id":253337,"href":"https:\/\/www.meydan.tv\/az\/wp-json\/wp\/v2\/posts\/253311\/revisions\/253337"}],"wp:featuredmedia":[{"embeddable":true,"href":"https:\/\/www.meydan.tv\/az\/wp-json\/wp\/v2\/media\/253308"}],"wp:attachment":[{"href":"https:\/\/www.meydan.tv\/az\/wp-json\/wp\/v2\/media?parent=253311"}],"wp:term":[{"taxonomy":"category","embeddable":true,"href":"https:\/\/www.meydan.tv\/az\/wp-json\/wp\/v2\/categories?post=253311"},{"taxonomy":"post_tag","embeddable":true,"href":"https:\/\/www.meydan.tv\/az\/wp-json\/wp\/v2\/tags?post=253311"}],"curies":[{"name":"wp","href":"https:\/\/api.w.org\/{rel}","templated":true}]}}