{"id":253297,"date":"2022-08-15T14:48:47","date_gmt":"2022-08-15T10:48:47","guid":{"rendered":"https:\/\/www.meydan.tv\/?p=253297"},"modified":"2022-08-15T14:48:50","modified_gmt":"2022-08-15T10:48:50","slug":"salman-rusdinin-veziyyetinin-normallasdigi-bildirilir","status":"publish","type":"post","link":"https:\/\/www.meydan.tv\/az\/article\/salman-rusdinin-veziyyetinin-normallasdigi-bildirilir\/","title":{"rendered":"Salman R\u00fc\u015fdinin v\u0259ziyy\u0259tinin normalla\u015fd\u0131\u011f\u0131 bildirilir"},"content":{"rendered":"\n<p><\/p>\n\n\n\n<p><em>\u0130ran yaz\u0131\u00e7\u0131ya qar\u015f\u0131 sui-q\u0259sdd\u0259 \u00f6z\u00fcn\u00fc g\u00fcnahkar saym\u0131r<\/em><\/p>\n\n\n\n<p>Nyu-Yorkun \u00c7autauqua \u0130nstitutunda yarad\u0131c\u0131l\u0131q azadl\u0131\u011f\u0131 m\u00f6vzusunda \u00e7\u0131x\u0131\u015f etm\u0259y\u0259 haz\u0131rla\u015fd\u0131\u011f\u0131 vaxt b\u0131\u00e7aqlanan yaz\u0131\u00e7\u0131 Salman R\u00fc\u015fdinin v\u0259ziyy\u0259tinin normalla\u015fd\u0131\u011f\u0131 bildirilir.<\/p>\n\n\n\n<p>M\u0259lumata g\u00f6r\u0259, h\u00fccumdan sonra \u0259m\u0259liyyat olunan yaz\u0131\u00e7\u0131 haz\u0131rda s\u00fcni n\u0259f\u0259s aparat\u0131ndan ayr\u0131l\u0131b v\u0259 dan\u0131\u015fa <a href=\"https:\/\/www.reuters.com\/world\/middle-east\/iran-says-rushdie-supporters-blame-his-attack-2022-08-15\/\" target=\"_blank\" rel=\"noreferrer noopener\">bilir<\/a>.<\/p>\n\n\n\n<p>Avqustun 12-d\u0259 R\u00fc\u015fdi Nyu-York \u015ftat\u0131nda h\u00fccuma m\u0259ruz <a href=\"https:\/\/www.meydan.tv\/az\/article\/bicaqlanan-yazici-salman-rusdi-bir-gozunu-itire-biler\/\" target=\"_blank\" rel=\"noreferrer noopener\">qal\u0131b<\/a>.<\/p>\n\n\n\n<p>Polis yaz\u0131\u00e7\u0131n\u0131n boyun v\u0259 qar\u0131n nahiy\u0259sind\u0259n \u0259n az\u0131 iki b\u0131\u00e7aq yaras\u0131 ald\u0131\u011f\u0131n\u0131 bildirib. H\u00fccumda t\u0259qsirl\u0259ndiril\u0259n 24 ya\u015fl\u0131 Hadi Matar\u0131n \u0130ran \u0130slam \u0130nqilab\u0131 Ke\u015fik\u00e7il\u0259ri Korpusuna (\u0130\u0130KK, \u201cSEPAH\u201d) r\u0259\u011fb\u0259t b\u0259sl\u0259diyi bildirilir.<\/p>\n\n\n\n<p>Matar adam \u00f6ld\u00fcrm\u0259y\u0259 c\u0259hd v\u0259 h\u00fccum ittihamlar\u0131nda \u00f6z\u00fcn\u00fc t\u0259qsirli bilm\u0259yib. Onun h\u00fccumun motivi b\u0259lli deyil.<\/p>\n\n\n\n<p>1988-ci ild\u0259 \u201c\u015eeytan ay\u0259l\u0259ri\u201d (\u201cThe Satanic Verses\u201d) adl\u0131 kitab\u0131n\u0131n n\u0259\u015frind\u0259n sonra \u0130ran\u0131n ali dini lideri Ay\u0259tullah Ruhulla Xomeyni yaz\u0131\u00e7\u0131n\u0131n \u00f6l\u00fcm\u00fcn\u0259 f\u0259tva vermi\u015fdi.<\/p>\n\n\n\n<p>Xomeyninin f\u0259tvas\u0131ndan sonra uzun ill\u0259r polis n\u0259zar\u0259ti alt\u0131nda ya\u015fay\u0131b.<\/p>\n\n\n\n<p>\u0130ran hakimiyy\u0259ti Salman R\u00fc\u015fdiy\u0259 qar\u015f\u0131 sui-q\u0259sd c\u0259hdini \u015f\u0259rh edib Xarici \u0130\u015fl\u0259r Nazirliyinin s\u00f6z\u00e7\u00fcs\u00fc Naser Kanani \u00c7afi deyib ki, he\u00e7 kimin \u0130ran\u0131 g\u00fcnahland\u0131rma\u011fa haqq\u0131 yoxdur.<\/p>\n\n\n\n<p>\u201cSui-q\u0259sd c\u0259hdi il\u0259 ba\u011fl\u0131 v\u0259ziyy\u0259td\u0259 biz \u00f6z\u00fc v\u0259 t\u0259r\u0259fdarlar\u0131ndan ba\u015fqa, he\u00e7 kimi g\u00fcnahkar v\u0259 q\u0131naq obyekti hesab etmirik\u201d, &#8211; s\u00f6z\u00e7\u00fc deyib.<\/p>\n\n\n\n<p>AB\u015e D\u00f6vl\u0259t Katibi Antoni Blinken bazar g\u00fcn\u00fc deyib ki, \u0130ran\u0131n d\u00f6vl\u0259t qurumlar\u0131 n\u0259sill\u0259r boyu R\u00fc\u015fdiy\u0259 qar\u015f\u0131 zorak\u0131l\u0131\u011f\u0131 q\u0131z\u0131\u015fd\u0131r\u0131b v\u0259 d\u00f6vl\u0259t\u0259 ba\u011fl\u0131 media onun h\u0259yat\u0131na sui-q\u0259sdd\u0259n \u00f6y\u00fcn\u00fcr.<\/p>\n\n\n\n<p>Salman R\u00fc\u015fdi 1947-ci ild\u0259 Hindistanda m\u00fcs\u0259lman ail\u0259sind\u0259 do\u011fulub.<\/p>\n\n\n\n<p>Hindistan m\u00fcst\u0259qillik qazand\u0131qdan sonra dini qar\u015f\u0131durma s\u0259b\u0259bi il\u0259 ail\u0259si Pakistana k\u00f6\u00e7\u00fcb.<\/p>\n\n\n\n<p>Yaz\u0131\u00e7\u0131 1964-c\u00fc ild\u0259 Britaniya v\u0259t\u0259nda\u015fl\u0131\u011f\u0131 al\u0131b.<\/p>\n","protected":false},"excerpt":{"rendered":"<p>\u0130ran yaz\u0131\u00e7\u0131ya qar\u015f\u0131 sui-q\u0259sdd\u0259 \u00f6z\u00fcn\u00fc g\u00fcnahkar saym\u0131r Nyu-Yorkun \u00c7autauqua \u0130nstitutunda &#8230; <\/p>\n<p class=\"read-more-container\"><a title=\"Salman R\u00fc\u015fdinin v\u0259ziyy\u0259tinin normalla\u015fd\u0131\u011f\u0131 bildirilir\" class=\"read-more button\" href=\"https:\/\/www.meydan.tv\/az\/article\/salman-rusdinin-veziyyetinin-normallasdigi-bildirilir\/#more-253297\" aria-label=\"Read more about Salman R\u00fc\u015fdinin v\u0259ziyy\u0259tinin normalla\u015fd\u0131\u011f\u0131 bildirilir\">Davam\u0131<\/a><\/p>\n","protected":false},"author":8,"featured_media":253298,"comment_status":"closed","ping_status":"closed","sticky":false,"template":"","format":"standard","meta":{"_acf_changed":false,"_sitemap_exclude":false,"_sitemap_priority":"","_sitemap_frequency":"","footnotes":""},"categories":[52,56],"tags":[],"class_list":["post-253297","post","type-post","status-publish","format-standard","has-post-thumbnail","hentry","category-medeniyyet","category-xeberler","infinite-scroll-item","generate-columns","tablet-grid-50","mobile-grid-100","grid-parent","grid-33","no-featured-image-padding"],"acf":[],"yoast_head":"<!-- This site is optimized with the Yoast SEO plugin v27.5 - https:\/\/yoast.com\/product\/yoast-seo-wordpress\/ -->\n<title>Salman R\u00fc\u015fdinin v\u0259ziyy\u0259tinin normalla\u015fd\u0131\u011f\u0131 bildirilir - MEYDAN.TV<\/title>\n<meta name=\"robots\" content=\"index, follow, max-snippet:-1, max-image-preview:large, max-video-preview:-1\" \/>\n<link rel=\"canonical\" href=\"https:\/\/www.meydan.tv\/az\/article\/salman-rusdinin-veziyyetinin-normallasdigi-bildirilir\/\" \/>\n<meta property=\"og:locale\" content=\"az_AZ\" \/>\n<meta property=\"og:type\" content=\"article\" \/>\n<meta property=\"og:title\" content=\"Salman R\u00fc\u015fdinin v\u0259ziyy\u0259tinin normalla\u015fd\u0131\u011f\u0131 bildirilir - MEYDAN.TV\" \/>\n<meta property=\"og:description\" content=\"\u0130ran yaz\u0131\u00e7\u0131ya qar\u015f\u0131 sui-q\u0259sdd\u0259 \u00f6z\u00fcn\u00fc g\u00fcnahkar saym\u0131r Nyu-Yorkun \u00c7autauqua \u0130nstitutunda ... Davam\u0131\" \/>\n<meta property=\"og:url\" content=\"https:\/\/www.meydan.tv\/az\/article\/salman-rusdinin-veziyyetinin-normallasdigi-bildirilir\/\" \/>\n<meta property=\"og:site_name\" content=\"MEYDAN.TV\" \/>\n<meta property=\"article:published_time\" content=\"2022-08-15T10:48:47+00:00\" \/>\n<meta property=\"article:modified_time\" content=\"2022-08-15T10:48:50+00:00\" \/>\n<meta property=\"og:image\" content=\"https:\/\/www.meydan.tv\/wp-content\/uploads\/abyltnlvdjnbrezdyhgsjz3if4-e1660560510760.jpg\" \/>\n\t<meta property=\"og:image:width\" content=\"1200\" \/>\n\t<meta property=\"og:image:height\" content=\"762\" \/>\n\t<meta property=\"og:image:type\" content=\"image\/jpeg\" \/>\n<meta name=\"author\" content=\"elli\" \/>\n<meta name=\"twitter:card\" content=\"summary_large_image\" \/>\n<meta name=\"twitter:creator\" content=\"@elli\" \/>\n<script type=\"application\/ld+json\" class=\"yoast-schema-graph\">{\"@context\":\"https:\\\/\\\/schema.org\",\"@graph\":[{\"@type\":\"Article\",\"@id\":\"https:\\\/\\\/www.meydan.tv\\\/az\\\/article\\\/salman-rusdinin-veziyyetinin-normallasdigi-bildirilir\\\/#article\",\"isPartOf\":{\"@id\":\"https:\\\/\\\/www.meydan.tv\\\/az\\\/article\\\/salman-rusdinin-veziyyetinin-normallasdigi-bildirilir\\\/\"},\"author\":{\"name\":\"elli\",\"@id\":\"https:\\\/\\\/www.meydan.tv\\\/az\\\/#\\\/schema\\\/person\\\/9cdbecf90d17180ce1dfbd95b08dcf47\"},\"headline\":\"Salman R\u00fc\u015fdinin v\u0259ziyy\u0259tinin normalla\u015fd\u0131\u011f\u0131 bildirilir\",\"datePublished\":\"2022-08-15T10:48:47+00:00\",\"dateModified\":\"2022-08-15T10:48:50+00:00\",\"mainEntityOfPage\":{\"@id\":\"https:\\\/\\\/www.meydan.tv\\\/az\\\/article\\\/salman-rusdinin-veziyyetinin-normallasdigi-bildirilir\\\/\"},\"wordCount\":374,\"publisher\":{\"@id\":\"https:\\\/\\\/www.meydan.tv\\\/az\\\/#organization\"},\"image\":{\"@id\":\"https:\\\/\\\/www.meydan.tv\\\/az\\\/article\\\/salman-rusdinin-veziyyetinin-normallasdigi-bildirilir\\\/#primaryimage\"},\"thumbnailUrl\":\"https:\\\/\\\/www.meydan.tv\\\/wp-content\\\/uploads\\\/abyltnlvdjnbrezdyhgsjz3if4-e1698140704915.jpg\",\"articleSection\":[\"M\u0259d\u0259niyy\u0259t\",\"X\u0259b\u0259rl\u0259r\"],\"inLanguage\":\"az\"},{\"@type\":\"WebPage\",\"@id\":\"https:\\\/\\\/www.meydan.tv\\\/az\\\/article\\\/salman-rusdinin-veziyyetinin-normallasdigi-bildirilir\\\/\",\"url\":\"https:\\\/\\\/www.meydan.tv\\\/az\\\/article\\\/salman-rusdinin-veziyyetinin-normallasdigi-bildirilir\\\/\",\"name\":\"Salman R\u00fc\u015fdinin v\u0259ziyy\u0259tinin normalla\u015fd\u0131\u011f\u0131 bildirilir - MEYDAN.TV\",\"isPartOf\":{\"@id\":\"https:\\\/\\\/www.meydan.tv\\\/az\\\/#website\"},\"primaryImageOfPage\":{\"@id\":\"https:\\\/\\\/www.meydan.tv\\\/az\\\/article\\\/salman-rusdinin-veziyyetinin-normallasdigi-bildirilir\\\/#primaryimage\"},\"image\":{\"@id\":\"https:\\\/\\\/www.meydan.tv\\\/az\\\/article\\\/salman-rusdinin-veziyyetinin-normallasdigi-bildirilir\\\/#primaryimage\"},\"thumbnailUrl\":\"https:\\\/\\\/www.meydan.tv\\\/wp-content\\\/uploads\\\/abyltnlvdjnbrezdyhgsjz3if4-e1698140704915.jpg\",\"datePublished\":\"2022-08-15T10:48:47+00:00\",\"dateModified\":\"2022-08-15T10:48:50+00:00\",\"breadcrumb\":{\"@id\":\"https:\\\/\\\/www.meydan.tv\\\/az\\\/article\\\/salman-rusdinin-veziyyetinin-normallasdigi-bildirilir\\\/#breadcrumb\"},\"inLanguage\":\"az\",\"potentialAction\":[{\"@type\":\"ReadAction\",\"target\":[\"https:\\\/\\\/www.meydan.tv\\\/az\\\/article\\\/salman-rusdinin-veziyyetinin-normallasdigi-bildirilir\\\/\"]}]},{\"@type\":\"ImageObject\",\"inLanguage\":\"az\",\"@id\":\"https:\\\/\\\/www.meydan.tv\\\/az\\\/article\\\/salman-rusdinin-veziyyetinin-normallasdigi-bildirilir\\\/#primaryimage\",\"url\":\"https:\\\/\\\/www.meydan.tv\\\/wp-content\\\/uploads\\\/abyltnlvdjnbrezdyhgsjz3if4-e1698140704915.jpg\",\"contentUrl\":\"https:\\\/\\\/www.meydan.tv\\\/wp-content\\\/uploads\\\/abyltnlvdjnbrezdyhgsjz3if4-e1698140704915.jpg\",\"width\":1200,\"height\":576,\"caption\":\"Salman R\u00fc\u015fdi. Foto: Reuters\"},{\"@type\":\"BreadcrumbList\",\"@id\":\"https:\\\/\\\/www.meydan.tv\\\/az\\\/article\\\/salman-rusdinin-veziyyetinin-normallasdigi-bildirilir\\\/#breadcrumb\",\"itemListElement\":[{\"@type\":\"ListItem\",\"position\":1,\"name\":\"Ana s\u0259hif\u0259\",\"item\":\"https:\\\/\\\/www.meydan.tv\\\/az\\\/\"},{\"@type\":\"ListItem\",\"position\":2,\"name\":\"M\u0259d\u0259niyy\u0259t\",\"item\":\"https:\\\/\\\/www.meydan.tv\\\/az\\\/section\\\/medeniyyet\\\/\"},{\"@type\":\"ListItem\",\"position\":3,\"name\":\"Salman R\u00fc\u015fdinin v\u0259ziyy\u0259tinin normalla\u015fd\u0131\u011f\u0131 bildirilir\"}]},{\"@type\":\"WebSite\",\"@id\":\"https:\\\/\\\/www.meydan.tv\\\/az\\\/#website\",\"url\":\"https:\\\/\\\/www.meydan.tv\\\/az\\\/\",\"name\":\"MEYDAN.TV\",\"description\":\"Meydan TV Az\u0259rbaycan\u0131n media m\u0259kan\u0131ndak\u0131 alternativ s\u0259sidir\",\"publisher\":{\"@id\":\"https:\\\/\\\/www.meydan.tv\\\/az\\\/#organization\"},\"potentialAction\":[{\"@type\":\"SearchAction\",\"target\":{\"@type\":\"EntryPoint\",\"urlTemplate\":\"https:\\\/\\\/www.meydan.tv\\\/az\\\/?s={search_term_string}\"},\"query-input\":{\"@type\":\"PropertyValueSpecification\",\"valueRequired\":true,\"valueName\":\"search_term_string\"}}],\"inLanguage\":\"az\"},{\"@type\":\"Organization\",\"@id\":\"https:\\\/\\\/www.meydan.tv\\\/az\\\/#organization\",\"name\":\"Meydan TV\",\"url\":\"https:\\\/\\\/www.meydan.tv\\\/az\\\/\",\"logo\":{\"@type\":\"ImageObject\",\"inLanguage\":\"az\",\"@id\":\"https:\\\/\\\/www.meydan.tv\\\/az\\\/#\\\/schema\\\/logo\\\/image\\\/\",\"url\":\"https:\\\/\\\/www.meydan.tv\\\/wp-content\\\/uploads\\\/2021\\\/07\\\/meydan-logo.svg\",\"contentUrl\":\"https:\\\/\\\/www.meydan.tv\\\/wp-content\\\/uploads\\\/2021\\\/07\\\/meydan-logo.svg\",\"width\":195,\"height\":46,\"caption\":\"Meydan TV\"},\"image\":{\"@id\":\"https:\\\/\\\/www.meydan.tv\\\/az\\\/#\\\/schema\\\/logo\\\/image\\\/\"}},{\"@type\":\"Person\",\"@id\":\"https:\\\/\\\/www.meydan.tv\\\/az\\\/#\\\/schema\\\/person\\\/9cdbecf90d17180ce1dfbd95b08dcf47\",\"name\":\"elli\",\"sameAs\":[\"https:\\\/\\\/x.com\\\/elli\"]}]}<\/script>\n<!-- \/ Yoast SEO plugin. -->","yoast_head_json":{"title":"Salman R\u00fc\u015fdinin v\u0259ziyy\u0259tinin normalla\u015fd\u0131\u011f\u0131 bildirilir - MEYDAN.TV","robots":{"index":"index","follow":"follow","max-snippet":"max-snippet:-1","max-image-preview":"max-image-preview:large","max-video-preview":"max-video-preview:-1"},"canonical":"https:\/\/www.meydan.tv\/az\/article\/salman-rusdinin-veziyyetinin-normallasdigi-bildirilir\/","og_locale":"az_AZ","og_type":"article","og_title":"Salman R\u00fc\u015fdinin v\u0259ziyy\u0259tinin normalla\u015fd\u0131\u011f\u0131 bildirilir - MEYDAN.TV","og_description":"\u0130ran yaz\u0131\u00e7\u0131ya qar\u015f\u0131 sui-q\u0259sdd\u0259 \u00f6z\u00fcn\u00fc g\u00fcnahkar saym\u0131r Nyu-Yorkun \u00c7autauqua \u0130nstitutunda ... Davam\u0131","og_url":"https:\/\/www.meydan.tv\/az\/article\/salman-rusdinin-veziyyetinin-normallasdigi-bildirilir\/","og_site_name":"MEYDAN.TV","article_published_time":"2022-08-15T10:48:47+00:00","article_modified_time":"2022-08-15T10:48:50+00:00","og_image":[{"width":1200,"height":762,"url":"https:\/\/www.meydan.tv\/wp-content\/uploads\/abyltnlvdjnbrezdyhgsjz3if4-e1660560510760.jpg","type":"image\/jpeg"}],"author":"elli","twitter_card":"summary_large_image","twitter_creator":"@elli","schema":{"@context":"https:\/\/schema.org","@graph":[{"@type":"Article","@id":"https:\/\/www.meydan.tv\/az\/article\/salman-rusdinin-veziyyetinin-normallasdigi-bildirilir\/#article","isPartOf":{"@id":"https:\/\/www.meydan.tv\/az\/article\/salman-rusdinin-veziyyetinin-normallasdigi-bildirilir\/"},"author":{"name":"elli","@id":"https:\/\/www.meydan.tv\/az\/#\/schema\/person\/9cdbecf90d17180ce1dfbd95b08dcf47"},"headline":"Salman R\u00fc\u015fdinin v\u0259ziyy\u0259tinin normalla\u015fd\u0131\u011f\u0131 bildirilir","datePublished":"2022-08-15T10:48:47+00:00","dateModified":"2022-08-15T10:48:50+00:00","mainEntityOfPage":{"@id":"https:\/\/www.meydan.tv\/az\/article\/salman-rusdinin-veziyyetinin-normallasdigi-bildirilir\/"},"wordCount":374,"publisher":{"@id":"https:\/\/www.meydan.tv\/az\/#organization"},"image":{"@id":"https:\/\/www.meydan.tv\/az\/article\/salman-rusdinin-veziyyetinin-normallasdigi-bildirilir\/#primaryimage"},"thumbnailUrl":"https:\/\/www.meydan.tv\/wp-content\/uploads\/abyltnlvdjnbrezdyhgsjz3if4-e1698140704915.jpg","articleSection":["M\u0259d\u0259niyy\u0259t","X\u0259b\u0259rl\u0259r"],"inLanguage":"az"},{"@type":"WebPage","@id":"https:\/\/www.meydan.tv\/az\/article\/salman-rusdinin-veziyyetinin-normallasdigi-bildirilir\/","url":"https:\/\/www.meydan.tv\/az\/article\/salman-rusdinin-veziyyetinin-normallasdigi-bildirilir\/","name":"Salman R\u00fc\u015fdinin v\u0259ziyy\u0259tinin normalla\u015fd\u0131\u011f\u0131 bildirilir - MEYDAN.TV","isPartOf":{"@id":"https:\/\/www.meydan.tv\/az\/#website"},"primaryImageOfPage":{"@id":"https:\/\/www.meydan.tv\/az\/article\/salman-rusdinin-veziyyetinin-normallasdigi-bildirilir\/#primaryimage"},"image":{"@id":"https:\/\/www.meydan.tv\/az\/article\/salman-rusdinin-veziyyetinin-normallasdigi-bildirilir\/#primaryimage"},"thumbnailUrl":"https:\/\/www.meydan.tv\/wp-content\/uploads\/abyltnlvdjnbrezdyhgsjz3if4-e1698140704915.jpg","datePublished":"2022-08-15T10:48:47+00:00","dateModified":"2022-08-15T10:48:50+00:00","breadcrumb":{"@id":"https:\/\/www.meydan.tv\/az\/article\/salman-rusdinin-veziyyetinin-normallasdigi-bildirilir\/#breadcrumb"},"inLanguage":"az","potentialAction":[{"@type":"ReadAction","target":["https:\/\/www.meydan.tv\/az\/article\/salman-rusdinin-veziyyetinin-normallasdigi-bildirilir\/"]}]},{"@type":"ImageObject","inLanguage":"az","@id":"https:\/\/www.meydan.tv\/az\/article\/salman-rusdinin-veziyyetinin-normallasdigi-bildirilir\/#primaryimage","url":"https:\/\/www.meydan.tv\/wp-content\/uploads\/abyltnlvdjnbrezdyhgsjz3if4-e1698140704915.jpg","contentUrl":"https:\/\/www.meydan.tv\/wp-content\/uploads\/abyltnlvdjnbrezdyhgsjz3if4-e1698140704915.jpg","width":1200,"height":576,"caption":"Salman R\u00fc\u015fdi. Foto: Reuters"},{"@type":"BreadcrumbList","@id":"https:\/\/www.meydan.tv\/az\/article\/salman-rusdinin-veziyyetinin-normallasdigi-bildirilir\/#breadcrumb","itemListElement":[{"@type":"ListItem","position":1,"name":"Ana s\u0259hif\u0259","item":"https:\/\/www.meydan.tv\/az\/"},{"@type":"ListItem","position":2,"name":"M\u0259d\u0259niyy\u0259t","item":"https:\/\/www.meydan.tv\/az\/section\/medeniyyet\/"},{"@type":"ListItem","position":3,"name":"Salman R\u00fc\u015fdinin v\u0259ziyy\u0259tinin normalla\u015fd\u0131\u011f\u0131 bildirilir"}]},{"@type":"WebSite","@id":"https:\/\/www.meydan.tv\/az\/#website","url":"https:\/\/www.meydan.tv\/az\/","name":"MEYDAN.TV","description":"Meydan TV Az\u0259rbaycan\u0131n media m\u0259kan\u0131ndak\u0131 alternativ s\u0259sidir","publisher":{"@id":"https:\/\/www.meydan.tv\/az\/#organization"},"potentialAction":[{"@type":"SearchAction","target":{"@type":"EntryPoint","urlTemplate":"https:\/\/www.meydan.tv\/az\/?s={search_term_string}"},"query-input":{"@type":"PropertyValueSpecification","valueRequired":true,"valueName":"search_term_string"}}],"inLanguage":"az"},{"@type":"Organization","@id":"https:\/\/www.meydan.tv\/az\/#organization","name":"Meydan TV","url":"https:\/\/www.meydan.tv\/az\/","logo":{"@type":"ImageObject","inLanguage":"az","@id":"https:\/\/www.meydan.tv\/az\/#\/schema\/logo\/image\/","url":"https:\/\/www.meydan.tv\/wp-content\/uploads\/2021\/07\/meydan-logo.svg","contentUrl":"https:\/\/www.meydan.tv\/wp-content\/uploads\/2021\/07\/meydan-logo.svg","width":195,"height":46,"caption":"Meydan TV"},"image":{"@id":"https:\/\/www.meydan.tv\/az\/#\/schema\/logo\/image\/"}},{"@type":"Person","@id":"https:\/\/www.meydan.tv\/az\/#\/schema\/person\/9cdbecf90d17180ce1dfbd95b08dcf47","name":"elli","sameAs":["https:\/\/x.com\/elli"]}]}},"_links":{"self":[{"href":"https:\/\/www.meydan.tv\/az\/wp-json\/wp\/v2\/posts\/253297","targetHints":{"allow":["GET"]}}],"collection":[{"href":"https:\/\/www.meydan.tv\/az\/wp-json\/wp\/v2\/posts"}],"about":[{"href":"https:\/\/www.meydan.tv\/az\/wp-json\/wp\/v2\/types\/post"}],"author":[{"embeddable":true,"href":"https:\/\/www.meydan.tv\/az\/wp-json\/wp\/v2\/users\/8"}],"replies":[{"embeddable":true,"href":"https:\/\/www.meydan.tv\/az\/wp-json\/wp\/v2\/comments?post=253297"}],"version-history":[{"count":1,"href":"https:\/\/www.meydan.tv\/az\/wp-json\/wp\/v2\/posts\/253297\/revisions"}],"predecessor-version":[{"id":253301,"href":"https:\/\/www.meydan.tv\/az\/wp-json\/wp\/v2\/posts\/253297\/revisions\/253301"}],"wp:featuredmedia":[{"embeddable":true,"href":"https:\/\/www.meydan.tv\/az\/wp-json\/wp\/v2\/media\/253298"}],"wp:attachment":[{"href":"https:\/\/www.meydan.tv\/az\/wp-json\/wp\/v2\/media?parent=253297"}],"wp:term":[{"taxonomy":"category","embeddable":true,"href":"https:\/\/www.meydan.tv\/az\/wp-json\/wp\/v2\/categories?post=253297"},{"taxonomy":"post_tag","embeddable":true,"href":"https:\/\/www.meydan.tv\/az\/wp-json\/wp\/v2\/tags?post=253297"}],"curies":[{"name":"wp","href":"https:\/\/api.w.org\/{rel}","templated":true}]}}