{"id":253275,"date":"2022-08-15T13:08:14","date_gmt":"2022-08-15T09:08:14","guid":{"rendered":"https:\/\/www.meydan.tv\/?p=253275"},"modified":"2022-08-15T13:08:17","modified_gmt":"2022-08-15T09:08:17","slug":"qafqaza-gelen-turistler-azerbaycan-reqabete-davam-getirirmi","status":"publish","type":"post","link":"https:\/\/www.meydan.tv\/az\/article\/qafqaza-gelen-turistler-azerbaycan-reqabete-davam-getirirmi\/","title":{"rendered":"Qafqaza g\u0259l\u0259n turistl\u0259r; Az\u0259rbaycan r\u0259qab\u0259t\u0259 davam g\u0259tirirmi?"},"content":{"rendered":"\n<p><\/p>\n\n\n\n<p><em>\u0130qtisad\u00e7\u0131: \u201cAz\u0259rbaycan hakimiyy\u0259tinin yar\u0131tmaz siyas\u0259tind\u0259n biz itiririk, erm\u0259nil\u0259r v\u0259 g\u00fcrc\u00fcl\u0259r qazan\u0131r\u201d<\/em><\/p>\n\n\n\n<p>G\u00fcrc\u00fcstan\u0131n Milli Turizm Administrasiyas\u0131n\u0131n \u0259n son <a href=\"https:\/\/agenda.ge\/en\/news\/2022\/3018\" target=\"_blank\" rel=\"noreferrer noopener\">a\u00e7\u0131qlad\u0131\u011f\u0131<\/a> m\u0259lumatda bildirilir ki, bu ilin iyulunda \u00f6lk\u0259y\u0259 718 401 beyn\u0259lxalq s\u0259yah\u0259t\u00e7i s\u0259f\u0259r edib. Bu, \u00f6t\u0259n ilin eyni d\u00f6vr\u00fc il\u0259 m\u00fcqayis\u0259d\u0259 177 faiz \u00e7oxdur. 2019-cu ilin pandemiyadan \u0259vv\u0259lki g\u00f6st\u0259ricid\u0259n is\u0259 65,3 faiz sa\u011falma dem\u0259kdir.<\/p>\n\n\n\n<p>Administrasiya h\u0259m\u00e7inin beyn\u0259lxalq turist s\u0259f\u0259rl\u0259rinin say\u0131n\u0131n 459 711 n\u0259f\u0259r oldu\u011funu a\u00e7\u0131qlay\u0131b ki, bu da 2019-cu ilin eyni d\u00f6vr\u00fc \u00fc\u00e7\u00fcn 80,6 faiz b\u0259rpa v\u0259 illik m\u00fcqayis\u0259d\u0259 115 faiz art\u0131m dem\u0259kdir.<\/p>\n\n\n\n<p>Ay \u0259rzind\u0259 G\u00fcrc\u00fcstana \u0259n \u00e7ox Rusiyadan g\u0259libl\u0259r &#8211; 156 737 n\u0259f\u0259r. Erm\u0259nistandan 103 906, T\u00fcrkiy\u0259d\u0259n 95 989, S\u0259udiyy\u0259 \u018fr\u0259bistan\u0131ndan is\u0259 27 712 n\u0259f\u0259r G\u00fcrc\u00fcstana s\u0259yah\u0259t edib. N\u00f6vb\u0259ti yerl\u0259rd\u0259 \u0130srail, Belarus, Qazax\u0131stan v\u0259 Ukraynad\u0131r.<\/p>\n\n\n\n<figure class=\"wp-block-image size-full\"><img decoding=\"async\" width=\"1200\" height=\"800\" data-src=\"https:\/\/www.meydan.tv\/wp-content\/uploads\/shutterstock_781484326.jpg\" alt=\"\" class=\"wp-image-240513 lazyload\" src=\"data:image\/svg+xml;base64,PHN2ZyB3aWR0aD0iMSIgaGVpZ2h0PSIxIiB4bWxucz0iaHR0cDovL3d3dy53My5vcmcvMjAwMC9zdmciPjwvc3ZnPg==\" style=\"--smush-placeholder-width: 1200px; --smush-placeholder-aspect-ratio: 1200\/800;\" \/><figcaption>G\u00fcrc\u00fcstan-Az\u0259rbaycan s\u0259rh\u0259di. Foto: Ana Flasker\/shutterstock<\/figcaption><\/figure>\n\n\n\n<p>\u0130yun \u0259rzind\u0259 Az\u0259rbaycandan G\u00fcrc\u00fcstana 14 282 n\u0259f\u0259r s\u0259f\u0259r edib. Az\u0259rbaycandan sonrak\u0131 yerl\u0259rd\u0259 \u0130ran, Hindistan, Pol\u015fa, \u00d6zb\u0259kistan, Almaniya g\u0259lir.<\/p>\n\n\n\n<p>Qurum bildirir ki, bu ilin yanvar-iyul aylar\u0131 aras\u0131nda \u00f6lk\u0259y\u0259 2 milyon 344 min 329 n\u0259f\u0259r turist g\u0259lib. Bu da pandemiyadan \u0259vv\u0259lki g\u00f6st\u0259ricid\u0259n 47,2 faiz sa\u011falma v\u0259 2021-ci ilin eyni d\u00f6vr\u00fc il\u0259 m\u00fcqayis\u0259d\u0259 214 faiz art\u0131m dem\u0259kdir:<\/p>\n\n\n\n<p>\u201c2022-ci ilin ilk yeddi ay\u0131nda G\u00fcrc\u00fcstana 1 milyon 668 min 983 n\u0259f\u0259r turist s\u0259yah\u0259t edib. Bu da 2019-cu ill\u0259 m\u00fcqayis\u0259d\u0259 61,9 faiz yax\u015f\u0131la\u015fma v\u0259 illik m\u00fcqayis\u0259d\u0259 162 art\u0131m dem\u0259kdir\u201d.<\/p>\n\n\n\n<figure class=\"wp-block-image size-full\"><img decoding=\"async\" width=\"1200\" height=\"805\" data-src=\"https:\/\/www.meydan.tv\/wp-content\/uploads\/0112212.jpg\" alt=\"\" class=\"wp-image-253276 lazyload\" src=\"data:image\/svg+xml;base64,PHN2ZyB3aWR0aD0iMSIgaGVpZ2h0PSIxIiB4bWxucz0iaHR0cDovL3d3dy53My5vcmcvMjAwMC9zdmciPjwvc3ZnPg==\" style=\"--smush-placeholder-width: 1200px; --smush-placeholder-aspect-ratio: 1200\/805;\" \/><figcaption>Vaan Kerobyan. M\u0259nb\u0259: Armenpress<\/figcaption><\/figure>\n\n\n\n<p>\u0130yulda Erm\u0259nistana g\u0259l\u0259n turistl\u0259rin say\u0131 is\u0259 188 856 n\u0259f\u0259r olub. 2022-ci ilin ilk 7 ay\u0131nda is\u0259 \u00f6lk\u0259y\u0259 770 min\u0259 yax\u0131n turist daxil olub.<\/p>\n\n\n\n<p>Erm\u0259nistan\u0131n yerli <a href=\"https:\/\/www.1lurer.am\/en\/2022\/08\/08\/More-than-188-thousand-tourists-came-to-Armenia-in-July\/774322\" target=\"_blank\" rel=\"noreferrer noopener\">medias\u0131<\/a> iqtisadiyyat naziri Vaan Kerobyan\u0131n \u201cFacebook\u201d s\u0259hif\u0259sind\u0259 yazd\u0131qlar\u0131na istinad\u0259n m\u0259lumat yay\u0131b.<\/p>\n\n\n\n<p>D\u00f6vl\u0259t Statistika Komit\u0259sinin (DSK) \u0259n son a\u00e7\u0131qlad\u0131\u011f\u0131 <a href=\"https:\/\/www.stat.gov.az\/news\/index.php?id=5259\" target=\"_blank\" rel=\"noreferrer noopener\">m\u0259lumata<\/a> g\u00f6r\u0259, 2022-ci ilin yanvar-iyun aylar\u0131nda Az\u0259rbaycana 166 \u00f6lk\u0259d\u0259n 638,6 min turist g\u0259lib. Bu da \u0259vv\u0259lki ill\u0259 m\u00fcqayis\u0259d\u0259 2,3 d\u0259f\u0259 art\u0131m dem\u0259kdir. G\u0259l\u0259nl\u0259rin 25 faizi Rusiya, 23,8 faizi T\u00fcrkiy\u0259, 13 faizi \u0130ran, 5,2 faizi G\u00fcrc\u00fcstan, 4,6 faizi S\u0259udiyy\u0259 \u018fr\u0259bistan\u0131, 2,8 faizi Pakistan, h\u0259r birind\u0259n 2,4 faiz olmaqla Birl\u0259\u015fmi\u015f \u018fr\u0259b \u018fmirlikl\u0259ri v\u0259 Hindistan, 2,3 faizi Ukrayna, 1,8 faizi Qazax\u0131stan, h\u0259r birind\u0259n 1,3 faiz olmaqla K\u00fcveyt v\u0259 B\u00f6y\u00fck Britaniya, 14,1 faizi dig\u0259r \u00f6lk\u0259l\u0259rin v\u0259t\u0259nda\u015flar\u0131 olub.<\/p>\n\n\n\n<p>S\u0259yah\u0259t\u00e7i Az\u0259r \u0130smay\u0131l deyir ki, h\u0259m G\u00fcrc\u00fcstana, h\u0259m d\u0259 Az\u0259rbaycana g\u0259l\u0259n turistl\u0259r aras\u0131nda rusiyal\u0131lar liderdir. Az\u0259rbaycana 60.2 min, G\u00fcrc\u00fcstana is\u0259 156 min Rusiya v\u0259t\u0259nda\u015f\u0131 s\u0259f\u0259r edib:<\/p>\n\n\n\n<p>\u201cMaraql\u0131d\u0131r ki, quru s\u0259rh\u0259dl\u0259r ba\u011fl\u0131 oldu\u011fu \u00fc\u00e7\u00fcn Rusiya v\u0259t\u0259nda\u015flar\u0131 Az\u0259rbaycana yaln\u0131z t\u0259yyar\u0259 il\u0259, hava yolu ba\u011fl\u0131 oldu\u011fu \u00fc\u00e7\u00fcn is\u0259 G\u00fcrc\u00fcstana yaln\u0131z quru yolu il\u0259 ged\u0259 bilirl\u0259r. Bel\u0259likl\u0259, Az\u0259rbaycan quru s\u0259rh\u0259dl\u0259ri ba\u011fl\u0131 saxlamaqla \u00f6lk\u0259y\u0259 quru yolla g\u0259l\u0259 bil\u0259c\u0259k Rusiya v\u0259 \u0130ran, eyni zamanda, G\u00fcrc\u00fcstan \u00fcz\u0259rind\u0259n y\u00f6n\u0259l\u0259n avropal\u0131 turistl\u0259ri itirir\u201d.<\/p>\n\n\n\n<figure class=\"wp-block-image size-full\"><img decoding=\"async\" width=\"726\" height=\"574\" data-src=\"https:\/\/www.meydan.tv\/wp-content\/uploads\/647953_07.jpg\" alt=\"Az\u0259r \u0130smay\u0131l\" class=\"wp-image-161391 lazyload\" src=\"data:image\/svg+xml;base64,PHN2ZyB3aWR0aD0iMSIgaGVpZ2h0PSIxIiB4bWxucz0iaHR0cDovL3d3dy53My5vcmcvMjAwMC9zdmciPjwvc3ZnPg==\" style=\"--smush-placeholder-width: 726px; --smush-placeholder-aspect-ratio: 726\/574;\" \/><figcaption>Foto: Az\u0259r \u0130smay\u0131l\u0131n \u015f\u0259xsi arxivind\u0259n<\/figcaption><\/figure>\n\n\n\n<p>S\u0259yah\u0259t\u00e7i d\u00fc\u015f\u00fcn\u00fcr ki, r\u0259qab\u0259t\u0259 yaln\u0131z t\u0259yyar\u0259 il\u0259 tab g\u0259tirm\u0259k olmaz. Odur ki, Az\u0259rbaycan \u0259n q\u0131sa zamanda quru s\u0259rh\u0259dl\u0259ri a\u00e7mal\u0131d\u0131r.<\/p>\n\n\n\n<p>\u0130qtisad\u00e7\u0131, Demokratiya v\u0259 Rifah H\u0259r\u0259kat\u0131n\u0131n s\u0259dri Qubad \u0130bado\u011flu is\u0259 bildirir ki, Erm\u0259nistana bu ilin ilk 6 ay\u0131nda g\u0259l\u0259n turist say\u0131 \u00f6t\u0259n ilin eyni d\u00f6vr\u00fc il\u0259 m\u00fcqayis\u0259d\u0259 2 d\u0259f\u0259d\u0259n d\u0259 \u00e7oxdur. Bu d\u00f6vrd\u0259 Erm\u0259nistanda iqtisadi art\u0131m 11,8 faiz, xidm\u0259t b\u00f6lm\u0259sind\u0259 art\u0131m is\u0259 26,9 faiz olub:<\/p>\n\n\n\n<p>\u201c\u018fcaba Erm\u0259nistan\u0131n iqtisadiyyat\u0131nda bel\u0259 y\u00fcks\u0259k iqtisadi art\u0131m\u0131 \u015f\u0259rtl\u0259ndir\u0259n hans\u0131 amill\u0259rdir? G\u00f6r\u00fcn\u00fcr ki, Erm\u0259nistanda iqtisadi liberalla\u015fd\u0131rma, anti-korrupsiya v\u0259 m\u0259hk\u0259m\u0259 islahatlar\u0131 n\u0259tic\u0259sind\u0259 \u0259lveri\u015fli olan biznes m\u00fchiti ora x\u00fcsusil\u0259 d\u0259 Rusiyadan s\u0259rmay\u0259l\u0259rin v\u0259 transferl\u0259rin h\u0259cmini art\u0131r\u0131b. Bununla yana\u015f\u0131, Az\u0259rbaycan\u0131n quru s\u0259rh\u0259dl\u0259rinin ba\u011fl\u0131 olmas\u0131 yay turist m\u00f6vs\u00fcm\u00fc d\u00f6vr\u00fcnd\u0259 Erm\u0259nistan\u0131n xidm\u0259t sektorunun g\u0259lirl\u0259rinin art\u0131m\u0131na, Qaraba\u011f\u0131n i\u015f\u011faldan azad edilm\u0259si d\u00f6vl\u0259t x\u0259rcl\u0259rinin azalmas\u0131na g\u0259tirib \u00e7\u0131xar\u0131b. Bel\u0259likl\u0259, h\u0259r iki amil iqtisadi art\u0131ma m\u00fcsb\u0259t t\u0259sir g\u00f6st\u0259rib\u201d.<\/p>\n\n\n\n<p>\u0130qtisad\u00e7\u0131 deyir ki, Az\u0259rbaycanla quru s\u0259rh\u0259dl\u0259rin ba\u011flanmas\u0131na g\u00f6r\u0259, G\u00fcrc\u00fcstana s\u0259f\u0259r ed\u0259n iranl\u0131lar bu plan\u0131 Erm\u0259nistan vasit\u0259sil\u0259 realla\u015fd\u0131r\u0131r. Odur ki, d\u00f6vr \u0259rzind\u0259 Erm\u0259nistana g\u0259l\u0259n turistl\u0259r aras\u0131nda iranl\u0131lar\u0131n da say\u0131 art\u0131b. Onlar haz\u0131rda Erm\u0259nistana \u0259n \u00e7ox s\u0259f\u0259r ed\u0259n \u00f6lk\u0259l\u0259r aras\u0131nda ilk \u00fc\u00e7l\u00fcy\u0259 daxildir:<\/p>\n\n\n\n<figure class=\"wp-block-image size-large\"><img decoding=\"async\" data-src=\"https:\/\/www.meydan.tv\/wp-content\/uploads\/qubad-1-1200x800.jpg\" alt=\"\" class=\"wp-image-224886 lazyload\" src=\"data:image\/svg+xml;base64,PHN2ZyB3aWR0aD0iMSIgaGVpZ2h0PSIxIiB4bWxucz0iaHR0cDovL3d3dy53My5vcmcvMjAwMC9zdmciPjwvc3ZnPg==\" style=\"--smush-placeholder-width: 1200px; --smush-placeholder-aspect-ratio: 1200\/800;\" \/><figcaption>Qubad \u0130bado\u011flu: Foto: Meydan TV<\/figcaption><\/figure>\n\n\n\n<p>\u201cG\u00fcrc\u00fcstana g\u0259l\u0259n v\u0259 C\u0259nubi Qafqaz\u0131n dig\u0259r \u00f6lk\u0259sini d\u0259 g\u0259zm\u0259k niyy\u0259tind\u0259 olan \u0259cn\u0259bil\u0259r Az\u0259rbaycanla quru s\u0259rh\u0259dl\u0259rin ba\u011fl\u0131 olmas\u0131n\u0131, Bak\u0131ya u\u00e7u\u015f qiym\u0259tl\u0259rinin bahal\u0131\u011f\u0131n\u0131 n\u0259z\u0259r\u0259 alaraq Erm\u0259nistana s\u0259f\u0259r etm\u0259y\u0259 \u00fcst\u00fcnl\u00fck verirl\u0259r. Bel\u0259likl\u0259, Erm\u0259nistan G\u00fcrc\u00fcstana g\u0259l\u0259n turistl\u0259rin bir qismini \u00f6lk\u0259sin\u0259 c\u0259lb edir v\u0259 onlardan qazan\u0131r. Bunun da ba\u015fl\u0131ca s\u0259b\u0259bi iki ild\u0259n \u00e7ox m\u00fcdd\u0259td\u0259 Az\u0259rbaycan\u0131n quru s\u0259rh\u0259dl\u0259rinin ba\u011fl\u0131 qalmas\u0131d\u0131r. Bir s\u00f6zl\u0259, Az\u0259rbaycan hakimiyy\u0259tinin yar\u0131tmaz siyas\u0259tind\u0259n biz itiririk, erm\u0259nil\u0259r v\u0259 g\u00fcrc\u00fcl\u0259r qazan\u0131r\u201d.<\/p>\n\n\n\n<p>Az\u0259rbaycan koronavirusla ba\u011fl\u0131 2020-ci il fevral\u0131n sonu \u0130ranla, mart\u0131n \u0259vv\u0259li is\u0259 G\u00fcrc\u00fcstan v\u0259 Rusiya il\u0259 gedi\u015f-g\u0259li\u015f m\u0259hdudla\u015fd\u0131r\u0131b.<\/p>\n\n\n\n<p>Yaln\u0131z y\u00fck ma\u015f\u0131nlar\u0131 gedib-g\u0259l\u0259 bilir. Bir d\u0259 x\u00fcsusi izinl\u0259 v\u0259t\u0259nda\u015flar. M\u0259s\u0259l\u0259n, G\u00fcrc\u00fcstanda olan Az\u0259rbaycan v\u0259t\u0259nda\u015f\u0131 Az\u0259rbaycan S\u0259firliyin\u0259 m\u00fcraci\u0259t edib, g\u00fcnl\u0259rl\u0259 g\u00f6zl\u0259m\u0259kl\u0259 Az\u0259rbaycana quru yolla ke\u00e7m\u0259k izni al\u0131r. D\u00f6n\u00fc\u015f \u00fc\u00e7\u00fcns\u0259 birm\u0259nal\u0131 olaraq t\u0259yyar\u0259d\u0259n istifad\u0259 edilm\u0259lidir.<\/p>\n\n\n\n<p>\u0130rana getm\u0259k \u00fc\u00e7\u00fcns\u0259 Az\u0259rbaycan v\u0259t\u0259nda\u015f\u0131 \u0259vv\u0259lc\u0259 Xarici \u0130\u015fl\u0259r Nazirliyin\u0259 m\u00fcraci\u0259t etm\u0259lidir. Yaln\u0131z x\u00fcsusi hallarda izin verilir. M\u0259s\u0259l\u0259n, \u015f\u0259xs m\u00fcalic\u0259y\u0259 gedirs\u0259, x\u0259st\u0259lik s\u0259n\u0259dini v\u0259 \u015f\u0259xsiyy\u0259tini t\u0259sdiq ed\u0259n s\u0259n\u0259dl\u0259ri X\u0130N-\u0259 t\u0259qdim edir. 1 h\u0259ft\u0259 \u0259rzind\u0259 izin \u00e7\u0131x\u0131r.<\/p>\n\n\n\n<p>Sonra v\u0259t\u0259nda\u015f h\u0259min izin ka\u011f\u0131z\u0131n\u0131 \u0130ran S\u0259firliyin\u0259 t\u0259qdim edir. Bir h\u0259ft\u0259 d\u0259 buna g\u00f6r\u0259 g\u00f6zl\u0259yir. Bundan sonra is\u0259 n\u0259hay\u0259t, \u0130rana getm\u0259k m\u00fcmk\u00fcn olur.<\/p>\n","protected":false},"excerpt":{"rendered":"<p>\u0130qtisad\u00e7\u0131: \u201cAz\u0259rbaycan hakimiyy\u0259tinin yar\u0131tmaz siyas\u0259tind\u0259n biz itiririk, erm\u0259nil\u0259r v\u0259 g\u00fcrc\u00fcl\u0259r &#8230; <\/p>\n<p class=\"read-more-container\"><a title=\"Qafqaza g\u0259l\u0259n turistl\u0259r; Az\u0259rbaycan r\u0259qab\u0259t\u0259 davam g\u0259tirirmi?\" class=\"read-more button\" href=\"https:\/\/www.meydan.tv\/az\/article\/qafqaza-gelen-turistler-azerbaycan-reqabete-davam-getirirmi\/#more-253275\" aria-label=\"Read more about Qafqaza g\u0259l\u0259n turistl\u0259r; Az\u0259rbaycan r\u0259qab\u0259t\u0259 davam g\u0259tirirmi?\">Davam\u0131<\/a><\/p>\n","protected":false},"author":8,"featured_media":253279,"comment_status":"closed","ping_status":"closed","sticky":false,"template":"","format":"standard","meta":{"_acf_changed":false,"_sitemap_exclude":false,"_sitemap_priority":"","_sitemap_frequency":"","footnotes":""},"categories":[53,79,56],"tags":[],"class_list":["post-253275","post","type-post","status-publish","format-standard","has-post-thumbnail","hentry","category-iqtisadiyyat","category-featured","category-xeberler","infinite-scroll-item","generate-columns","tablet-grid-50","mobile-grid-100","grid-parent","grid-33","no-featured-image-padding"],"acf":[],"yoast_head":"<!-- This site is optimized with the Yoast SEO plugin v27.5 - https:\/\/yoast.com\/product\/yoast-seo-wordpress\/ -->\n<title>Qafqaza g\u0259l\u0259n turistl\u0259r; Az\u0259rbaycan r\u0259qab\u0259t\u0259 davam g\u0259tirirmi? - MEYDAN.TV<\/title>\n<meta name=\"robots\" content=\"index, follow, max-snippet:-1, max-image-preview:large, max-video-preview:-1\" \/>\n<link rel=\"canonical\" href=\"https:\/\/www.meydan.tv\/az\/article\/qafqaza-gelen-turistler-azerbaycan-reqabete-davam-getirirmi\/\" \/>\n<meta property=\"og:locale\" content=\"az_AZ\" \/>\n<meta property=\"og:type\" content=\"article\" \/>\n<meta property=\"og:title\" content=\"Qafqaza g\u0259l\u0259n turistl\u0259r; Az\u0259rbaycan r\u0259qab\u0259t\u0259 davam g\u0259tirirmi? - MEYDAN.TV\" \/>\n<meta property=\"og:description\" content=\"\u0130qtisad\u00e7\u0131: \u201cAz\u0259rbaycan hakimiyy\u0259tinin yar\u0131tmaz siyas\u0259tind\u0259n biz itiririk, erm\u0259nil\u0259r v\u0259 g\u00fcrc\u00fcl\u0259r ... Davam\u0131\" \/>\n<meta property=\"og:url\" content=\"https:\/\/www.meydan.tv\/az\/article\/qafqaza-gelen-turistler-azerbaycan-reqabete-davam-getirirmi\/\" \/>\n<meta property=\"og:site_name\" content=\"MEYDAN.TV\" \/>\n<meta property=\"article:published_time\" content=\"2022-08-15T09:08:14+00:00\" \/>\n<meta property=\"article:modified_time\" content=\"2022-08-15T09:08:17+00:00\" \/>\n<meta property=\"og:image\" content=\"https:\/\/www.meydan.tv\/wp-content\/uploads\/shutterstock_2128751153.jpg\" \/>\n\t<meta property=\"og:image:width\" content=\"1200\" \/>\n\t<meta property=\"og:image:height\" content=\"695\" \/>\n\t<meta property=\"og:image:type\" content=\"image\/jpeg\" \/>\n<meta name=\"author\" content=\"elli\" \/>\n<meta name=\"twitter:card\" content=\"summary_large_image\" \/>\n<meta name=\"twitter:creator\" content=\"@elli\" \/>\n<script type=\"application\/ld+json\" class=\"yoast-schema-graph\">{\"@context\":\"https:\\\/\\\/schema.org\",\"@graph\":[{\"@type\":\"Article\",\"@id\":\"https:\\\/\\\/www.meydan.tv\\\/az\\\/article\\\/qafqaza-gelen-turistler-azerbaycan-reqabete-davam-getirirmi\\\/#article\",\"isPartOf\":{\"@id\":\"https:\\\/\\\/www.meydan.tv\\\/az\\\/article\\\/qafqaza-gelen-turistler-azerbaycan-reqabete-davam-getirirmi\\\/\"},\"author\":{\"name\":\"elli\",\"@id\":\"https:\\\/\\\/www.meydan.tv\\\/az\\\/#\\\/schema\\\/person\\\/9cdbecf90d17180ce1dfbd95b08dcf47\"},\"headline\":\"Qafqaza g\u0259l\u0259n turistl\u0259r; Az\u0259rbaycan r\u0259qab\u0259t\u0259 davam g\u0259tirirmi?\",\"datePublished\":\"2022-08-15T09:08:14+00:00\",\"dateModified\":\"2022-08-15T09:08:17+00:00\",\"mainEntityOfPage\":{\"@id\":\"https:\\\/\\\/www.meydan.tv\\\/az\\\/article\\\/qafqaza-gelen-turistler-azerbaycan-reqabete-davam-getirirmi\\\/\"},\"wordCount\":1271,\"publisher\":{\"@id\":\"https:\\\/\\\/www.meydan.tv\\\/az\\\/#organization\"},\"image\":{\"@id\":\"https:\\\/\\\/www.meydan.tv\\\/az\\\/article\\\/qafqaza-gelen-turistler-azerbaycan-reqabete-davam-getirirmi\\\/#primaryimage\"},\"thumbnailUrl\":\"https:\\\/\\\/www.meydan.tv\\\/wp-content\\\/uploads\\\/shutterstock_2128751153.jpg\",\"articleSection\":[\"\u0130qtisadiyyat\",\"T\u00f6vsiy\u0259\",\"X\u0259b\u0259rl\u0259r\"],\"inLanguage\":\"az\"},{\"@type\":\"WebPage\",\"@id\":\"https:\\\/\\\/www.meydan.tv\\\/az\\\/article\\\/qafqaza-gelen-turistler-azerbaycan-reqabete-davam-getirirmi\\\/\",\"url\":\"https:\\\/\\\/www.meydan.tv\\\/az\\\/article\\\/qafqaza-gelen-turistler-azerbaycan-reqabete-davam-getirirmi\\\/\",\"name\":\"Qafqaza g\u0259l\u0259n turistl\u0259r; Az\u0259rbaycan r\u0259qab\u0259t\u0259 davam g\u0259tirirmi? - MEYDAN.TV\",\"isPartOf\":{\"@id\":\"https:\\\/\\\/www.meydan.tv\\\/az\\\/#website\"},\"primaryImageOfPage\":{\"@id\":\"https:\\\/\\\/www.meydan.tv\\\/az\\\/article\\\/qafqaza-gelen-turistler-azerbaycan-reqabete-davam-getirirmi\\\/#primaryimage\"},\"image\":{\"@id\":\"https:\\\/\\\/www.meydan.tv\\\/az\\\/article\\\/qafqaza-gelen-turistler-azerbaycan-reqabete-davam-getirirmi\\\/#primaryimage\"},\"thumbnailUrl\":\"https:\\\/\\\/www.meydan.tv\\\/wp-content\\\/uploads\\\/shutterstock_2128751153.jpg\",\"datePublished\":\"2022-08-15T09:08:14+00:00\",\"dateModified\":\"2022-08-15T09:08:17+00:00\",\"breadcrumb\":{\"@id\":\"https:\\\/\\\/www.meydan.tv\\\/az\\\/article\\\/qafqaza-gelen-turistler-azerbaycan-reqabete-davam-getirirmi\\\/#breadcrumb\"},\"inLanguage\":\"az\",\"potentialAction\":[{\"@type\":\"ReadAction\",\"target\":[\"https:\\\/\\\/www.meydan.tv\\\/az\\\/article\\\/qafqaza-gelen-turistler-azerbaycan-reqabete-davam-getirirmi\\\/\"]}]},{\"@type\":\"ImageObject\",\"inLanguage\":\"az\",\"@id\":\"https:\\\/\\\/www.meydan.tv\\\/az\\\/article\\\/qafqaza-gelen-turistler-azerbaycan-reqabete-davam-getirirmi\\\/#primaryimage\",\"url\":\"https:\\\/\\\/www.meydan.tv\\\/wp-content\\\/uploads\\\/shutterstock_2128751153.jpg\",\"contentUrl\":\"https:\\\/\\\/www.meydan.tv\\\/wp-content\\\/uploads\\\/shutterstock_2128751153.jpg\",\"width\":1200,\"height\":695,\"caption\":\"Qafqaz turizmi. M\u0259nb\u0259: Sotnikov Misha\\\/shutterstock\"},{\"@type\":\"BreadcrumbList\",\"@id\":\"https:\\\/\\\/www.meydan.tv\\\/az\\\/article\\\/qafqaza-gelen-turistler-azerbaycan-reqabete-davam-getirirmi\\\/#breadcrumb\",\"itemListElement\":[{\"@type\":\"ListItem\",\"position\":1,\"name\":\"Ana s\u0259hif\u0259\",\"item\":\"https:\\\/\\\/www.meydan.tv\\\/az\\\/\"},{\"@type\":\"ListItem\",\"position\":2,\"name\":\"\u0130qtisadiyyat\",\"item\":\"https:\\\/\\\/www.meydan.tv\\\/az\\\/section\\\/iqtisadiyyat\\\/\"},{\"@type\":\"ListItem\",\"position\":3,\"name\":\"Qafqaza g\u0259l\u0259n turistl\u0259r; Az\u0259rbaycan r\u0259qab\u0259t\u0259 davam g\u0259tirirmi?\"}]},{\"@type\":\"WebSite\",\"@id\":\"https:\\\/\\\/www.meydan.tv\\\/az\\\/#website\",\"url\":\"https:\\\/\\\/www.meydan.tv\\\/az\\\/\",\"name\":\"MEYDAN.TV\",\"description\":\"Meydan TV Az\u0259rbaycan\u0131n media m\u0259kan\u0131ndak\u0131 alternativ s\u0259sidir\",\"publisher\":{\"@id\":\"https:\\\/\\\/www.meydan.tv\\\/az\\\/#organization\"},\"potentialAction\":[{\"@type\":\"SearchAction\",\"target\":{\"@type\":\"EntryPoint\",\"urlTemplate\":\"https:\\\/\\\/www.meydan.tv\\\/az\\\/?s={search_term_string}\"},\"query-input\":{\"@type\":\"PropertyValueSpecification\",\"valueRequired\":true,\"valueName\":\"search_term_string\"}}],\"inLanguage\":\"az\"},{\"@type\":\"Organization\",\"@id\":\"https:\\\/\\\/www.meydan.tv\\\/az\\\/#organization\",\"name\":\"Meydan TV\",\"url\":\"https:\\\/\\\/www.meydan.tv\\\/az\\\/\",\"logo\":{\"@type\":\"ImageObject\",\"inLanguage\":\"az\",\"@id\":\"https:\\\/\\\/www.meydan.tv\\\/az\\\/#\\\/schema\\\/logo\\\/image\\\/\",\"url\":\"https:\\\/\\\/www.meydan.tv\\\/wp-content\\\/uploads\\\/2021\\\/07\\\/meydan-logo.svg\",\"contentUrl\":\"https:\\\/\\\/www.meydan.tv\\\/wp-content\\\/uploads\\\/2021\\\/07\\\/meydan-logo.svg\",\"width\":195,\"height\":46,\"caption\":\"Meydan TV\"},\"image\":{\"@id\":\"https:\\\/\\\/www.meydan.tv\\\/az\\\/#\\\/schema\\\/logo\\\/image\\\/\"}},{\"@type\":\"Person\",\"@id\":\"https:\\\/\\\/www.meydan.tv\\\/az\\\/#\\\/schema\\\/person\\\/9cdbecf90d17180ce1dfbd95b08dcf47\",\"name\":\"elli\",\"sameAs\":[\"https:\\\/\\\/x.com\\\/elli\"]}]}<\/script>\n<!-- \/ Yoast SEO plugin. -->","yoast_head_json":{"title":"Qafqaza g\u0259l\u0259n turistl\u0259r; Az\u0259rbaycan r\u0259qab\u0259t\u0259 davam g\u0259tirirmi? - MEYDAN.TV","robots":{"index":"index","follow":"follow","max-snippet":"max-snippet:-1","max-image-preview":"max-image-preview:large","max-video-preview":"max-video-preview:-1"},"canonical":"https:\/\/www.meydan.tv\/az\/article\/qafqaza-gelen-turistler-azerbaycan-reqabete-davam-getirirmi\/","og_locale":"az_AZ","og_type":"article","og_title":"Qafqaza g\u0259l\u0259n turistl\u0259r; Az\u0259rbaycan r\u0259qab\u0259t\u0259 davam g\u0259tirirmi? - MEYDAN.TV","og_description":"\u0130qtisad\u00e7\u0131: \u201cAz\u0259rbaycan hakimiyy\u0259tinin yar\u0131tmaz siyas\u0259tind\u0259n biz itiririk, erm\u0259nil\u0259r v\u0259 g\u00fcrc\u00fcl\u0259r ... Davam\u0131","og_url":"https:\/\/www.meydan.tv\/az\/article\/qafqaza-gelen-turistler-azerbaycan-reqabete-davam-getirirmi\/","og_site_name":"MEYDAN.TV","article_published_time":"2022-08-15T09:08:14+00:00","article_modified_time":"2022-08-15T09:08:17+00:00","og_image":[{"width":1200,"height":695,"url":"https:\/\/www.meydan.tv\/wp-content\/uploads\/shutterstock_2128751153.jpg","type":"image\/jpeg"}],"author":"elli","twitter_card":"summary_large_image","twitter_creator":"@elli","schema":{"@context":"https:\/\/schema.org","@graph":[{"@type":"Article","@id":"https:\/\/www.meydan.tv\/az\/article\/qafqaza-gelen-turistler-azerbaycan-reqabete-davam-getirirmi\/#article","isPartOf":{"@id":"https:\/\/www.meydan.tv\/az\/article\/qafqaza-gelen-turistler-azerbaycan-reqabete-davam-getirirmi\/"},"author":{"name":"elli","@id":"https:\/\/www.meydan.tv\/az\/#\/schema\/person\/9cdbecf90d17180ce1dfbd95b08dcf47"},"headline":"Qafqaza g\u0259l\u0259n turistl\u0259r; Az\u0259rbaycan r\u0259qab\u0259t\u0259 davam g\u0259tirirmi?","datePublished":"2022-08-15T09:08:14+00:00","dateModified":"2022-08-15T09:08:17+00:00","mainEntityOfPage":{"@id":"https:\/\/www.meydan.tv\/az\/article\/qafqaza-gelen-turistler-azerbaycan-reqabete-davam-getirirmi\/"},"wordCount":1271,"publisher":{"@id":"https:\/\/www.meydan.tv\/az\/#organization"},"image":{"@id":"https:\/\/www.meydan.tv\/az\/article\/qafqaza-gelen-turistler-azerbaycan-reqabete-davam-getirirmi\/#primaryimage"},"thumbnailUrl":"https:\/\/www.meydan.tv\/wp-content\/uploads\/shutterstock_2128751153.jpg","articleSection":["\u0130qtisadiyyat","T\u00f6vsiy\u0259","X\u0259b\u0259rl\u0259r"],"inLanguage":"az"},{"@type":"WebPage","@id":"https:\/\/www.meydan.tv\/az\/article\/qafqaza-gelen-turistler-azerbaycan-reqabete-davam-getirirmi\/","url":"https:\/\/www.meydan.tv\/az\/article\/qafqaza-gelen-turistler-azerbaycan-reqabete-davam-getirirmi\/","name":"Qafqaza g\u0259l\u0259n turistl\u0259r; Az\u0259rbaycan r\u0259qab\u0259t\u0259 davam g\u0259tirirmi? - MEYDAN.TV","isPartOf":{"@id":"https:\/\/www.meydan.tv\/az\/#website"},"primaryImageOfPage":{"@id":"https:\/\/www.meydan.tv\/az\/article\/qafqaza-gelen-turistler-azerbaycan-reqabete-davam-getirirmi\/#primaryimage"},"image":{"@id":"https:\/\/www.meydan.tv\/az\/article\/qafqaza-gelen-turistler-azerbaycan-reqabete-davam-getirirmi\/#primaryimage"},"thumbnailUrl":"https:\/\/www.meydan.tv\/wp-content\/uploads\/shutterstock_2128751153.jpg","datePublished":"2022-08-15T09:08:14+00:00","dateModified":"2022-08-15T09:08:17+00:00","breadcrumb":{"@id":"https:\/\/www.meydan.tv\/az\/article\/qafqaza-gelen-turistler-azerbaycan-reqabete-davam-getirirmi\/#breadcrumb"},"inLanguage":"az","potentialAction":[{"@type":"ReadAction","target":["https:\/\/www.meydan.tv\/az\/article\/qafqaza-gelen-turistler-azerbaycan-reqabete-davam-getirirmi\/"]}]},{"@type":"ImageObject","inLanguage":"az","@id":"https:\/\/www.meydan.tv\/az\/article\/qafqaza-gelen-turistler-azerbaycan-reqabete-davam-getirirmi\/#primaryimage","url":"https:\/\/www.meydan.tv\/wp-content\/uploads\/shutterstock_2128751153.jpg","contentUrl":"https:\/\/www.meydan.tv\/wp-content\/uploads\/shutterstock_2128751153.jpg","width":1200,"height":695,"caption":"Qafqaz turizmi. M\u0259nb\u0259: Sotnikov Misha\/shutterstock"},{"@type":"BreadcrumbList","@id":"https:\/\/www.meydan.tv\/az\/article\/qafqaza-gelen-turistler-azerbaycan-reqabete-davam-getirirmi\/#breadcrumb","itemListElement":[{"@type":"ListItem","position":1,"name":"Ana s\u0259hif\u0259","item":"https:\/\/www.meydan.tv\/az\/"},{"@type":"ListItem","position":2,"name":"\u0130qtisadiyyat","item":"https:\/\/www.meydan.tv\/az\/section\/iqtisadiyyat\/"},{"@type":"ListItem","position":3,"name":"Qafqaza g\u0259l\u0259n turistl\u0259r; Az\u0259rbaycan r\u0259qab\u0259t\u0259 davam g\u0259tirirmi?"}]},{"@type":"WebSite","@id":"https:\/\/www.meydan.tv\/az\/#website","url":"https:\/\/www.meydan.tv\/az\/","name":"MEYDAN.TV","description":"Meydan TV Az\u0259rbaycan\u0131n media m\u0259kan\u0131ndak\u0131 alternativ s\u0259sidir","publisher":{"@id":"https:\/\/www.meydan.tv\/az\/#organization"},"potentialAction":[{"@type":"SearchAction","target":{"@type":"EntryPoint","urlTemplate":"https:\/\/www.meydan.tv\/az\/?s={search_term_string}"},"query-input":{"@type":"PropertyValueSpecification","valueRequired":true,"valueName":"search_term_string"}}],"inLanguage":"az"},{"@type":"Organization","@id":"https:\/\/www.meydan.tv\/az\/#organization","name":"Meydan TV","url":"https:\/\/www.meydan.tv\/az\/","logo":{"@type":"ImageObject","inLanguage":"az","@id":"https:\/\/www.meydan.tv\/az\/#\/schema\/logo\/image\/","url":"https:\/\/www.meydan.tv\/wp-content\/uploads\/2021\/07\/meydan-logo.svg","contentUrl":"https:\/\/www.meydan.tv\/wp-content\/uploads\/2021\/07\/meydan-logo.svg","width":195,"height":46,"caption":"Meydan TV"},"image":{"@id":"https:\/\/www.meydan.tv\/az\/#\/schema\/logo\/image\/"}},{"@type":"Person","@id":"https:\/\/www.meydan.tv\/az\/#\/schema\/person\/9cdbecf90d17180ce1dfbd95b08dcf47","name":"elli","sameAs":["https:\/\/x.com\/elli"]}]}},"_links":{"self":[{"href":"https:\/\/www.meydan.tv\/az\/wp-json\/wp\/v2\/posts\/253275","targetHints":{"allow":["GET"]}}],"collection":[{"href":"https:\/\/www.meydan.tv\/az\/wp-json\/wp\/v2\/posts"}],"about":[{"href":"https:\/\/www.meydan.tv\/az\/wp-json\/wp\/v2\/types\/post"}],"author":[{"embeddable":true,"href":"https:\/\/www.meydan.tv\/az\/wp-json\/wp\/v2\/users\/8"}],"replies":[{"embeddable":true,"href":"https:\/\/www.meydan.tv\/az\/wp-json\/wp\/v2\/comments?post=253275"}],"version-history":[{"count":1,"href":"https:\/\/www.meydan.tv\/az\/wp-json\/wp\/v2\/posts\/253275\/revisions"}],"predecessor-version":[{"id":253282,"href":"https:\/\/www.meydan.tv\/az\/wp-json\/wp\/v2\/posts\/253275\/revisions\/253282"}],"wp:featuredmedia":[{"embeddable":true,"href":"https:\/\/www.meydan.tv\/az\/wp-json\/wp\/v2\/media\/253279"}],"wp:attachment":[{"href":"https:\/\/www.meydan.tv\/az\/wp-json\/wp\/v2\/media?parent=253275"}],"wp:term":[{"taxonomy":"category","embeddable":true,"href":"https:\/\/www.meydan.tv\/az\/wp-json\/wp\/v2\/categories?post=253275"},{"taxonomy":"post_tag","embeddable":true,"href":"https:\/\/www.meydan.tv\/az\/wp-json\/wp\/v2\/tags?post=253275"}],"curies":[{"name":"wp","href":"https:\/\/api.w.org\/{rel}","templated":true}]}}