{"id":253165,"date":"2022-08-12T15:55:20","date_gmt":"2022-08-12T11:55:20","guid":{"rendered":"https:\/\/www.meydan.tv\/?p=253165"},"modified":"2022-08-12T15:55:23","modified_gmt":"2022-08-12T11:55:23","slug":"fantomas-yeniden-ekranlara-gelir","status":"publish","type":"post","link":"https:\/\/www.meydan.tv\/az\/article\/fantomas-yeniden-ekranlara-gelir\/","title":{"rendered":"\u201cFantomas\u201d yenid\u0259n ekranlara g\u0259lir"},"content":{"rendered":"\n<p><\/p>\n\n\n\n<p><em>Personajla ba\u011fl\u0131 yeni film v\u0259 serial\u0131n \u00e7\u0259kili\u015fi planla\u015fd\u0131r\u0131l\u0131b<\/em><\/p>\n\n\n\n<p>Fransa \u0259d\u0259biyyat\u0131 v\u0259 kinematoqraf\u0131n\u0131n personaj\u0131 \u201cFantomas\u201d haqq\u0131nda yeni film, eyni zamanda da serial \u00e7\u0259kil\u0259c\u0259k.<\/p>\n\n\n\n<p>Fran\u015fizan\u0131n (silsil\u0259 film) h\u00fcquqlar\u0131 prod\u00fcser Vasim Beji t\u0259r\u0259find\u0259n al\u0131n\u0131b.<\/p>\n\n\n\n<p>Serial v\u0259 filmin \u00e7\u0259kili\u015f v\u0259 n\u00fcmayi\u015f vaxt\u0131 h\u0259l\u0259 ki, <a href=\"https:\/\/variety.com\/2022\/film\/global\/fantomas-franchise-reboot-wassim-beji-snd-1235337766\/\" target=\"_blank\" rel=\"noreferrer noopener\">a\u00e7\u0131qlanm\u0131r.<\/a><\/p>\n\n\n\n<p>1911-ci ild\u0259 frans\u0131z yaz\u0131\u00e7\u0131lar Marsel Allen v\u0259 Pier Suvester t\u0259r\u0259find\u0259n yarad\u0131lm\u0131\u015f \u201cFantomas\u201d fantastik personajd\u0131r.<\/p>\n\n\n\n<p>Obraz yaz\u0131\u00e7\u0131lar\u0131n 32 roman\u0131nda yer al\u0131b.<\/p>\n\n\n\n<p>Kitablar n\u0259inki bulvar roman\u0131 sev\u0259nl\u0259rin, h\u0259tta m\u0259d\u0259ni v\u0259 intellektual elitan\u0131n, x\u00fcsus\u0259n d\u0259 s\u00fcrrealistl\u0259rin diqq\u0259tini \u00e7\u0259k\u0259 bilib.<\/p>\n\n\n\n<p>B\u00f6y\u00fck mara\u011fa s\u0259b\u0259b olan \u201cFantomas\u201d haqq\u0131nda ilk be\u015f hiss\u0259li s\u0259ssiz filmi 1913-c\u00fc ild\u0259 Lui Feyad ekranla\u015fd\u0131r\u0131b.<\/p>\n\n\n\n<p>\u0130lk \u201cFantomas\u201d\u0131 aktyor Rene Navar canland\u0131r\u0131b.<\/p>\n\n\n\n<p>1960-c\u0131 ild\u0259n frans\u0131z rejissor Andre Yunibel \u201cFantomas\u201d trilogiyas\u0131n\u0131 ekranla\u015fd\u0131rma\u011fa ba\u015flay\u0131b.<\/p>\n\n\n\n<p>Filmd\u0259 aktyor Jan Mare Fantomas v\u0259 bir ne\u00e7\u0259 obraz\u0131 canland\u0131r\u0131b.<\/p>\n\n\n\n<p>Aktyor Lui de F\u00fcnes is\u0259 komissar Yuveni oynay\u0131b.<\/p>\n\n\n\n<p>Filmin premyeras\u0131 1964-c\u00fc ild\u0259 olub.<\/p>\n","protected":false},"excerpt":{"rendered":"<p>Personajla ba\u011fl\u0131 yeni film v\u0259 serial\u0131n \u00e7\u0259kili\u015fi planla\u015fd\u0131r\u0131l\u0131b Fransa \u0259d\u0259biyyat\u0131 &#8230; <\/p>\n<p class=\"read-more-container\"><a title=\"\u201cFantomas\u201d yenid\u0259n ekranlara g\u0259lir\" class=\"read-more button\" href=\"https:\/\/www.meydan.tv\/az\/article\/fantomas-yeniden-ekranlara-gelir\/#more-253165\" aria-label=\"Read more about \u201cFantomas\u201d yenid\u0259n ekranlara g\u0259lir\">Davam\u0131<\/a><\/p>\n","protected":false},"author":8,"featured_media":253166,"comment_status":"closed","ping_status":"closed","sticky":false,"template":"","format":"standard","meta":{"_acf_changed":false,"_sitemap_exclude":false,"_sitemap_priority":"","_sitemap_frequency":"","footnotes":""},"categories":[52,56],"tags":[],"class_list":["post-253165","post","type-post","status-publish","format-standard","has-post-thumbnail","hentry","category-medeniyyet","category-xeberler","infinite-scroll-item","generate-columns","tablet-grid-50","mobile-grid-100","grid-parent","grid-33","no-featured-image-padding"],"acf":[],"yoast_head":"<!-- This site is optimized with the Yoast SEO plugin v27.5 - https:\/\/yoast.com\/product\/yoast-seo-wordpress\/ -->\n<title>\u201cFantomas\u201d yenid\u0259n ekranlara g\u0259lir - MEYDAN.TV<\/title>\n<meta name=\"robots\" content=\"index, follow, max-snippet:-1, max-image-preview:large, max-video-preview:-1\" \/>\n<link rel=\"canonical\" href=\"https:\/\/www.meydan.tv\/az\/article\/fantomas-yeniden-ekranlara-gelir\/\" \/>\n<meta property=\"og:locale\" content=\"az_AZ\" \/>\n<meta property=\"og:type\" content=\"article\" \/>\n<meta property=\"og:title\" content=\"\u201cFantomas\u201d yenid\u0259n ekranlara g\u0259lir - MEYDAN.TV\" \/>\n<meta property=\"og:description\" content=\"Personajla ba\u011fl\u0131 yeni film v\u0259 serial\u0131n \u00e7\u0259kili\u015fi planla\u015fd\u0131r\u0131l\u0131b Fransa \u0259d\u0259biyyat\u0131 ... Davam\u0131\" \/>\n<meta property=\"og:url\" content=\"https:\/\/www.meydan.tv\/az\/article\/fantomas-yeniden-ekranlara-gelir\/\" \/>\n<meta property=\"og:site_name\" content=\"MEYDAN.TV\" \/>\n<meta property=\"article:published_time\" content=\"2022-08-12T11:55:20+00:00\" \/>\n<meta property=\"article:modified_time\" content=\"2022-08-12T11:55:23+00:00\" \/>\n<meta property=\"og:image\" content=\"https:\/\/www.meydan.tv\/wp-content\/uploads\/91gxwjap6vl._ac_sl1500_-e1660305315611.jpg\" \/>\n\t<meta property=\"og:image:width\" content=\"1200\" \/>\n\t<meta property=\"og:image:height\" content=\"687\" \/>\n\t<meta property=\"og:image:type\" content=\"image\/jpeg\" \/>\n<meta name=\"author\" content=\"elli\" \/>\n<meta name=\"twitter:card\" content=\"summary_large_image\" \/>\n<meta name=\"twitter:creator\" content=\"@elli\" \/>\n<script type=\"application\/ld+json\" class=\"yoast-schema-graph\">{\"@context\":\"https:\\\/\\\/schema.org\",\"@graph\":[{\"@type\":\"Article\",\"@id\":\"https:\\\/\\\/www.meydan.tv\\\/az\\\/article\\\/fantomas-yeniden-ekranlara-gelir\\\/#article\",\"isPartOf\":{\"@id\":\"https:\\\/\\\/www.meydan.tv\\\/az\\\/article\\\/fantomas-yeniden-ekranlara-gelir\\\/\"},\"author\":{\"name\":\"elli\",\"@id\":\"https:\\\/\\\/www.meydan.tv\\\/az\\\/#\\\/schema\\\/person\\\/9cdbecf90d17180ce1dfbd95b08dcf47\"},\"headline\":\"\u201cFantomas\u201d yenid\u0259n ekranlara g\u0259lir\",\"datePublished\":\"2022-08-12T11:55:20+00:00\",\"dateModified\":\"2022-08-12T11:55:23+00:00\",\"mainEntityOfPage\":{\"@id\":\"https:\\\/\\\/www.meydan.tv\\\/az\\\/article\\\/fantomas-yeniden-ekranlara-gelir\\\/\"},\"wordCount\":211,\"publisher\":{\"@id\":\"https:\\\/\\\/www.meydan.tv\\\/az\\\/#organization\"},\"image\":{\"@id\":\"https:\\\/\\\/www.meydan.tv\\\/az\\\/article\\\/fantomas-yeniden-ekranlara-gelir\\\/#primaryimage\"},\"thumbnailUrl\":\"https:\\\/\\\/www.meydan.tv\\\/wp-content\\\/uploads\\\/91gxwjap6vl._ac_sl1500_-e1660305315611.jpg\",\"articleSection\":[\"M\u0259d\u0259niyy\u0259t\",\"X\u0259b\u0259rl\u0259r\"],\"inLanguage\":\"az\"},{\"@type\":\"WebPage\",\"@id\":\"https:\\\/\\\/www.meydan.tv\\\/az\\\/article\\\/fantomas-yeniden-ekranlara-gelir\\\/\",\"url\":\"https:\\\/\\\/www.meydan.tv\\\/az\\\/article\\\/fantomas-yeniden-ekranlara-gelir\\\/\",\"name\":\"\u201cFantomas\u201d yenid\u0259n ekranlara g\u0259lir - MEYDAN.TV\",\"isPartOf\":{\"@id\":\"https:\\\/\\\/www.meydan.tv\\\/az\\\/#website\"},\"primaryImageOfPage\":{\"@id\":\"https:\\\/\\\/www.meydan.tv\\\/az\\\/article\\\/fantomas-yeniden-ekranlara-gelir\\\/#primaryimage\"},\"image\":{\"@id\":\"https:\\\/\\\/www.meydan.tv\\\/az\\\/article\\\/fantomas-yeniden-ekranlara-gelir\\\/#primaryimage\"},\"thumbnailUrl\":\"https:\\\/\\\/www.meydan.tv\\\/wp-content\\\/uploads\\\/91gxwjap6vl._ac_sl1500_-e1660305315611.jpg\",\"datePublished\":\"2022-08-12T11:55:20+00:00\",\"dateModified\":\"2022-08-12T11:55:23+00:00\",\"breadcrumb\":{\"@id\":\"https:\\\/\\\/www.meydan.tv\\\/az\\\/article\\\/fantomas-yeniden-ekranlara-gelir\\\/#breadcrumb\"},\"inLanguage\":\"az\",\"potentialAction\":[{\"@type\":\"ReadAction\",\"target\":[\"https:\\\/\\\/www.meydan.tv\\\/az\\\/article\\\/fantomas-yeniden-ekranlara-gelir\\\/\"]}]},{\"@type\":\"ImageObject\",\"inLanguage\":\"az\",\"@id\":\"https:\\\/\\\/www.meydan.tv\\\/az\\\/article\\\/fantomas-yeniden-ekranlara-gelir\\\/#primaryimage\",\"url\":\"https:\\\/\\\/www.meydan.tv\\\/wp-content\\\/uploads\\\/91gxwjap6vl._ac_sl1500_-e1660305315611.jpg\",\"contentUrl\":\"https:\\\/\\\/www.meydan.tv\\\/wp-content\\\/uploads\\\/91gxwjap6vl._ac_sl1500_-e1660305315611.jpg\",\"width\":1200,\"height\":687,\"caption\":\"\\\"Fantomas\\\". M\u0259nb\u0259: \\\"amazon.co.uk\\\"\"},{\"@type\":\"BreadcrumbList\",\"@id\":\"https:\\\/\\\/www.meydan.tv\\\/az\\\/article\\\/fantomas-yeniden-ekranlara-gelir\\\/#breadcrumb\",\"itemListElement\":[{\"@type\":\"ListItem\",\"position\":1,\"name\":\"Ana s\u0259hif\u0259\",\"item\":\"https:\\\/\\\/www.meydan.tv\\\/az\\\/\"},{\"@type\":\"ListItem\",\"position\":2,\"name\":\"M\u0259d\u0259niyy\u0259t\",\"item\":\"https:\\\/\\\/www.meydan.tv\\\/az\\\/section\\\/medeniyyet\\\/\"},{\"@type\":\"ListItem\",\"position\":3,\"name\":\"\u201cFantomas\u201d yenid\u0259n ekranlara g\u0259lir\"}]},{\"@type\":\"WebSite\",\"@id\":\"https:\\\/\\\/www.meydan.tv\\\/az\\\/#website\",\"url\":\"https:\\\/\\\/www.meydan.tv\\\/az\\\/\",\"name\":\"MEYDAN.TV\",\"description\":\"Meydan TV Az\u0259rbaycan\u0131n media m\u0259kan\u0131ndak\u0131 alternativ s\u0259sidir\",\"publisher\":{\"@id\":\"https:\\\/\\\/www.meydan.tv\\\/az\\\/#organization\"},\"potentialAction\":[{\"@type\":\"SearchAction\",\"target\":{\"@type\":\"EntryPoint\",\"urlTemplate\":\"https:\\\/\\\/www.meydan.tv\\\/az\\\/?s={search_term_string}\"},\"query-input\":{\"@type\":\"PropertyValueSpecification\",\"valueRequired\":true,\"valueName\":\"search_term_string\"}}],\"inLanguage\":\"az\"},{\"@type\":\"Organization\",\"@id\":\"https:\\\/\\\/www.meydan.tv\\\/az\\\/#organization\",\"name\":\"Meydan TV\",\"url\":\"https:\\\/\\\/www.meydan.tv\\\/az\\\/\",\"logo\":{\"@type\":\"ImageObject\",\"inLanguage\":\"az\",\"@id\":\"https:\\\/\\\/www.meydan.tv\\\/az\\\/#\\\/schema\\\/logo\\\/image\\\/\",\"url\":\"https:\\\/\\\/www.meydan.tv\\\/wp-content\\\/uploads\\\/2021\\\/07\\\/meydan-logo.svg\",\"contentUrl\":\"https:\\\/\\\/www.meydan.tv\\\/wp-content\\\/uploads\\\/2021\\\/07\\\/meydan-logo.svg\",\"width\":195,\"height\":46,\"caption\":\"Meydan TV\"},\"image\":{\"@id\":\"https:\\\/\\\/www.meydan.tv\\\/az\\\/#\\\/schema\\\/logo\\\/image\\\/\"}},{\"@type\":\"Person\",\"@id\":\"https:\\\/\\\/www.meydan.tv\\\/az\\\/#\\\/schema\\\/person\\\/9cdbecf90d17180ce1dfbd95b08dcf47\",\"name\":\"elli\",\"sameAs\":[\"https:\\\/\\\/x.com\\\/elli\"]}]}<\/script>\n<!-- \/ Yoast SEO plugin. -->","yoast_head_json":{"title":"\u201cFantomas\u201d yenid\u0259n ekranlara g\u0259lir - MEYDAN.TV","robots":{"index":"index","follow":"follow","max-snippet":"max-snippet:-1","max-image-preview":"max-image-preview:large","max-video-preview":"max-video-preview:-1"},"canonical":"https:\/\/www.meydan.tv\/az\/article\/fantomas-yeniden-ekranlara-gelir\/","og_locale":"az_AZ","og_type":"article","og_title":"\u201cFantomas\u201d yenid\u0259n ekranlara g\u0259lir - MEYDAN.TV","og_description":"Personajla ba\u011fl\u0131 yeni film v\u0259 serial\u0131n \u00e7\u0259kili\u015fi planla\u015fd\u0131r\u0131l\u0131b Fransa \u0259d\u0259biyyat\u0131 ... Davam\u0131","og_url":"https:\/\/www.meydan.tv\/az\/article\/fantomas-yeniden-ekranlara-gelir\/","og_site_name":"MEYDAN.TV","article_published_time":"2022-08-12T11:55:20+00:00","article_modified_time":"2022-08-12T11:55:23+00:00","og_image":[{"width":1200,"height":687,"url":"https:\/\/www.meydan.tv\/wp-content\/uploads\/91gxwjap6vl._ac_sl1500_-e1660305315611.jpg","type":"image\/jpeg"}],"author":"elli","twitter_card":"summary_large_image","twitter_creator":"@elli","schema":{"@context":"https:\/\/schema.org","@graph":[{"@type":"Article","@id":"https:\/\/www.meydan.tv\/az\/article\/fantomas-yeniden-ekranlara-gelir\/#article","isPartOf":{"@id":"https:\/\/www.meydan.tv\/az\/article\/fantomas-yeniden-ekranlara-gelir\/"},"author":{"name":"elli","@id":"https:\/\/www.meydan.tv\/az\/#\/schema\/person\/9cdbecf90d17180ce1dfbd95b08dcf47"},"headline":"\u201cFantomas\u201d yenid\u0259n ekranlara g\u0259lir","datePublished":"2022-08-12T11:55:20+00:00","dateModified":"2022-08-12T11:55:23+00:00","mainEntityOfPage":{"@id":"https:\/\/www.meydan.tv\/az\/article\/fantomas-yeniden-ekranlara-gelir\/"},"wordCount":211,"publisher":{"@id":"https:\/\/www.meydan.tv\/az\/#organization"},"image":{"@id":"https:\/\/www.meydan.tv\/az\/article\/fantomas-yeniden-ekranlara-gelir\/#primaryimage"},"thumbnailUrl":"https:\/\/www.meydan.tv\/wp-content\/uploads\/91gxwjap6vl._ac_sl1500_-e1660305315611.jpg","articleSection":["M\u0259d\u0259niyy\u0259t","X\u0259b\u0259rl\u0259r"],"inLanguage":"az"},{"@type":"WebPage","@id":"https:\/\/www.meydan.tv\/az\/article\/fantomas-yeniden-ekranlara-gelir\/","url":"https:\/\/www.meydan.tv\/az\/article\/fantomas-yeniden-ekranlara-gelir\/","name":"\u201cFantomas\u201d yenid\u0259n ekranlara g\u0259lir - MEYDAN.TV","isPartOf":{"@id":"https:\/\/www.meydan.tv\/az\/#website"},"primaryImageOfPage":{"@id":"https:\/\/www.meydan.tv\/az\/article\/fantomas-yeniden-ekranlara-gelir\/#primaryimage"},"image":{"@id":"https:\/\/www.meydan.tv\/az\/article\/fantomas-yeniden-ekranlara-gelir\/#primaryimage"},"thumbnailUrl":"https:\/\/www.meydan.tv\/wp-content\/uploads\/91gxwjap6vl._ac_sl1500_-e1660305315611.jpg","datePublished":"2022-08-12T11:55:20+00:00","dateModified":"2022-08-12T11:55:23+00:00","breadcrumb":{"@id":"https:\/\/www.meydan.tv\/az\/article\/fantomas-yeniden-ekranlara-gelir\/#breadcrumb"},"inLanguage":"az","potentialAction":[{"@type":"ReadAction","target":["https:\/\/www.meydan.tv\/az\/article\/fantomas-yeniden-ekranlara-gelir\/"]}]},{"@type":"ImageObject","inLanguage":"az","@id":"https:\/\/www.meydan.tv\/az\/article\/fantomas-yeniden-ekranlara-gelir\/#primaryimage","url":"https:\/\/www.meydan.tv\/wp-content\/uploads\/91gxwjap6vl._ac_sl1500_-e1660305315611.jpg","contentUrl":"https:\/\/www.meydan.tv\/wp-content\/uploads\/91gxwjap6vl._ac_sl1500_-e1660305315611.jpg","width":1200,"height":687,"caption":"\"Fantomas\". M\u0259nb\u0259: \"amazon.co.uk\""},{"@type":"BreadcrumbList","@id":"https:\/\/www.meydan.tv\/az\/article\/fantomas-yeniden-ekranlara-gelir\/#breadcrumb","itemListElement":[{"@type":"ListItem","position":1,"name":"Ana s\u0259hif\u0259","item":"https:\/\/www.meydan.tv\/az\/"},{"@type":"ListItem","position":2,"name":"M\u0259d\u0259niyy\u0259t","item":"https:\/\/www.meydan.tv\/az\/section\/medeniyyet\/"},{"@type":"ListItem","position":3,"name":"\u201cFantomas\u201d yenid\u0259n ekranlara g\u0259lir"}]},{"@type":"WebSite","@id":"https:\/\/www.meydan.tv\/az\/#website","url":"https:\/\/www.meydan.tv\/az\/","name":"MEYDAN.TV","description":"Meydan TV Az\u0259rbaycan\u0131n media m\u0259kan\u0131ndak\u0131 alternativ s\u0259sidir","publisher":{"@id":"https:\/\/www.meydan.tv\/az\/#organization"},"potentialAction":[{"@type":"SearchAction","target":{"@type":"EntryPoint","urlTemplate":"https:\/\/www.meydan.tv\/az\/?s={search_term_string}"},"query-input":{"@type":"PropertyValueSpecification","valueRequired":true,"valueName":"search_term_string"}}],"inLanguage":"az"},{"@type":"Organization","@id":"https:\/\/www.meydan.tv\/az\/#organization","name":"Meydan TV","url":"https:\/\/www.meydan.tv\/az\/","logo":{"@type":"ImageObject","inLanguage":"az","@id":"https:\/\/www.meydan.tv\/az\/#\/schema\/logo\/image\/","url":"https:\/\/www.meydan.tv\/wp-content\/uploads\/2021\/07\/meydan-logo.svg","contentUrl":"https:\/\/www.meydan.tv\/wp-content\/uploads\/2021\/07\/meydan-logo.svg","width":195,"height":46,"caption":"Meydan TV"},"image":{"@id":"https:\/\/www.meydan.tv\/az\/#\/schema\/logo\/image\/"}},{"@type":"Person","@id":"https:\/\/www.meydan.tv\/az\/#\/schema\/person\/9cdbecf90d17180ce1dfbd95b08dcf47","name":"elli","sameAs":["https:\/\/x.com\/elli"]}]}},"_links":{"self":[{"href":"https:\/\/www.meydan.tv\/az\/wp-json\/wp\/v2\/posts\/253165","targetHints":{"allow":["GET"]}}],"collection":[{"href":"https:\/\/www.meydan.tv\/az\/wp-json\/wp\/v2\/posts"}],"about":[{"href":"https:\/\/www.meydan.tv\/az\/wp-json\/wp\/v2\/types\/post"}],"author":[{"embeddable":true,"href":"https:\/\/www.meydan.tv\/az\/wp-json\/wp\/v2\/users\/8"}],"replies":[{"embeddable":true,"href":"https:\/\/www.meydan.tv\/az\/wp-json\/wp\/v2\/comments?post=253165"}],"version-history":[{"count":1,"href":"https:\/\/www.meydan.tv\/az\/wp-json\/wp\/v2\/posts\/253165\/revisions"}],"predecessor-version":[{"id":253169,"href":"https:\/\/www.meydan.tv\/az\/wp-json\/wp\/v2\/posts\/253165\/revisions\/253169"}],"wp:featuredmedia":[{"embeddable":true,"href":"https:\/\/www.meydan.tv\/az\/wp-json\/wp\/v2\/media\/253166"}],"wp:attachment":[{"href":"https:\/\/www.meydan.tv\/az\/wp-json\/wp\/v2\/media?parent=253165"}],"wp:term":[{"taxonomy":"category","embeddable":true,"href":"https:\/\/www.meydan.tv\/az\/wp-json\/wp\/v2\/categories?post=253165"},{"taxonomy":"post_tag","embeddable":true,"href":"https:\/\/www.meydan.tv\/az\/wp-json\/wp\/v2\/tags?post=253165"}],"curies":[{"name":"wp","href":"https:\/\/api.w.org\/{rel}","templated":true}]}}