{"id":252974,"date":"2022-08-11T13:43:47","date_gmt":"2022-08-11T09:43:47","guid":{"rendered":"https:\/\/www.meydan.tv\/?p=252974"},"modified":"2022-08-11T13:43:49","modified_gmt":"2022-08-11T09:43:49","slug":"zeytinli-rock-festivali-bu-il-kecirilmeyecek","status":"publish","type":"post","link":"https:\/\/www.meydan.tv\/az\/article\/zeytinli-rock-festivali-bu-il-kecirilmeyecek\/","title":{"rendered":"\u201cZeytinli Rock Festival\u0131\u201d bu il ke\u00e7irilm\u0259y\u0259c\u0259k"},"content":{"rendered":"\n<p><\/p>\n\n\n\n<p><em>\u0130ctimai t\u0259hl\u00fck\u0259sizlik s\u0259b\u0259bil\u0259 t\u0259dbirin ba\u015f tutmas\u0131na icaz\u0259 verilm\u0259yib<\/em><\/p>\n\n\n\n<p>T\u00fcrkiy\u0259d\u0259 2005-ci ild\u0259n b\u0259ri t\u0259\u015fkil olunan \u201cZeytinli Rock Festival\u0131\u201dn\u0131n bu il ke\u00e7irilm\u0259sin\u0259 icaz\u0259 verilm\u0259yib.<\/p>\n\n\n\n<p>Bildirilir ki, Bal\u0131k\u0259sirin Burhaniye N\u00fcmay\u0259nd\u0259liyi (Kaymakaml\u0131k) ictimai t\u0259hl\u00fck\u0259sizlik, asayi\u015f v\u0259 \u0259traf m\u00fchitin qorunmas\u0131 b\u0259han\u0259sil\u0259 t\u0259dbirin t\u0259\u015fkilini qada\u011fan <a href=\"https:\/\/www.birgun.net\/haber\/zeytinli-rock-festivali-yasaklandi-398549\" target=\"_blank\" rel=\"noreferrer noopener\">edib.<\/a><\/p>\n\n\n\n<p>\u201cZeytinli Rock Festival\u0131\u201d 2005-ci ild\u0259n etibar\u0259n Bal\u0131k\u0259sird\u0259 Edremitd\u0259 Dalyan \u00e7im\u0259rliyind\u0259 t\u0259\u015fkil olunma\u011fa ba\u015flayan musiqi festival\u0131d\u0131r.<\/p>\n\n\n\n<p>Festivala h\u0259r il \u00fc\u00e7 y\u00fcz mind\u0259n \u00e7ox tama\u015fa\u00e7\u0131 ax\u0131n\u0131 olur.<\/p>\n\n\n\n<p>\u201cZeytinli Rock Festival\u0131\u201dda d\u00fcnyan\u0131n 90 \u00f6lk\u0259sind\u0259n rok ifa\u00e7\u0131lar\u0131n i\u015ftirak etdiyi bildirilir.<\/p>\n\n\n\n<p>Festivalda h\u0259m\u00e7inin T\u00fcrkiy\u0259nin rok ifa\u00e7\u0131 v\u0259 qruplar\u0131 &#8211; Teoman, Feridun D\u00fcza\u011fa\u00e7, \u0130skender Payda\u015f, \u015eebnem Ferah, Cem Adrian, \u201cMaNga\u201d, \u201cAthena\u201d, \u201cZakkum\u201d, \u201cMor ve \u00d6tesi\u201d, Hayko \u00c7epkin, \u201cCeza\u201d, \u201cSeksend\u00f6rt\u201d, \u201cFl\u00f6rt\u201d, \u201cPinhani\u201d, Aydilge, Can Bonomo, \u201cMo\u011follar\u201d \u00e7\u0131x\u0131\u015f edibl\u0259r.<\/p>\n\n\n\n<p>Biletl\u0259ri \u00f6nc\u0259d\u0259n sat\u0131lm\u0131\u015f festival\u0131n ke\u00e7irilm\u0259si 17-21 avqusta planla\u015fd\u0131r\u0131l\u0131rd\u0131.<\/p>\n","protected":false},"excerpt":{"rendered":"<p>\u0130ctimai t\u0259hl\u00fck\u0259sizlik s\u0259b\u0259bil\u0259 t\u0259dbirin ba\u015f tutmas\u0131na icaz\u0259 verilm\u0259yib T\u00fcrkiy\u0259d\u0259 2005-ci &#8230; <\/p>\n<p class=\"read-more-container\"><a title=\"\u201cZeytinli Rock Festival\u0131\u201d bu il ke\u00e7irilm\u0259y\u0259c\u0259k\" class=\"read-more button\" href=\"https:\/\/www.meydan.tv\/az\/article\/zeytinli-rock-festivali-bu-il-kecirilmeyecek\/#more-252974\" aria-label=\"Read more about \u201cZeytinli Rock Festival\u0131\u201d bu il ke\u00e7irilm\u0259y\u0259c\u0259k\">Davam\u0131<\/a><\/p>\n","protected":false},"author":8,"featured_media":252976,"comment_status":"closed","ping_status":"closed","sticky":false,"template":"","format":"standard","meta":{"_acf_changed":false,"_sitemap_exclude":false,"_sitemap_priority":"","_sitemap_frequency":"","footnotes":""},"categories":[52,56],"tags":[],"class_list":["post-252974","post","type-post","status-publish","format-standard","has-post-thumbnail","hentry","category-medeniyyet","category-xeberler","infinite-scroll-item","generate-columns","tablet-grid-50","mobile-grid-100","grid-parent","grid-33","no-featured-image-padding"],"acf":[],"yoast_head":"<!-- This site is optimized with the Yoast SEO plugin v27.5 - https:\/\/yoast.com\/product\/yoast-seo-wordpress\/ -->\n<title>\u201cZeytinli Rock Festival\u0131\u201d bu il ke\u00e7irilm\u0259y\u0259c\u0259k - MEYDAN.TV<\/title>\n<meta name=\"robots\" content=\"index, follow, max-snippet:-1, max-image-preview:large, max-video-preview:-1\" \/>\n<link rel=\"canonical\" href=\"https:\/\/www.meydan.tv\/az\/article\/zeytinli-rock-festivali-bu-il-kecirilmeyecek\/\" \/>\n<meta property=\"og:locale\" content=\"az_AZ\" \/>\n<meta property=\"og:type\" content=\"article\" \/>\n<meta property=\"og:title\" content=\"\u201cZeytinli Rock Festival\u0131\u201d bu il ke\u00e7irilm\u0259y\u0259c\u0259k - MEYDAN.TV\" \/>\n<meta property=\"og:description\" content=\"\u0130ctimai t\u0259hl\u00fck\u0259sizlik s\u0259b\u0259bil\u0259 t\u0259dbirin ba\u015f tutmas\u0131na icaz\u0259 verilm\u0259yib T\u00fcrkiy\u0259d\u0259 2005-ci ... Davam\u0131\" \/>\n<meta property=\"og:url\" content=\"https:\/\/www.meydan.tv\/az\/article\/zeytinli-rock-festivali-bu-il-kecirilmeyecek\/\" \/>\n<meta property=\"og:site_name\" content=\"MEYDAN.TV\" \/>\n<meta property=\"article:published_time\" content=\"2022-08-11T09:43:47+00:00\" \/>\n<meta property=\"article:modified_time\" content=\"2022-08-11T09:43:49+00:00\" \/>\n<meta property=\"og:image\" content=\"https:\/\/www.meydan.tv\/wp-content\/uploads\/62988811_620x410.jpg\" \/>\n\t<meta property=\"og:image:width\" content=\"1200\" \/>\n\t<meta property=\"og:image:height\" content=\"793\" \/>\n\t<meta property=\"og:image:type\" content=\"image\/jpeg\" \/>\n<meta name=\"author\" content=\"elli\" \/>\n<meta name=\"twitter:card\" content=\"summary_large_image\" \/>\n<meta name=\"twitter:creator\" content=\"@elli\" \/>\n<script type=\"application\/ld+json\" class=\"yoast-schema-graph\">{\"@context\":\"https:\\\/\\\/schema.org\",\"@graph\":[{\"@type\":\"Article\",\"@id\":\"https:\\\/\\\/www.meydan.tv\\\/az\\\/article\\\/zeytinli-rock-festivali-bu-il-kecirilmeyecek\\\/#article\",\"isPartOf\":{\"@id\":\"https:\\\/\\\/www.meydan.tv\\\/az\\\/article\\\/zeytinli-rock-festivali-bu-il-kecirilmeyecek\\\/\"},\"author\":{\"name\":\"elli\",\"@id\":\"https:\\\/\\\/www.meydan.tv\\\/az\\\/#\\\/schema\\\/person\\\/9cdbecf90d17180ce1dfbd95b08dcf47\"},\"headline\":\"\u201cZeytinli Rock Festival\u0131\u201d bu il ke\u00e7irilm\u0259y\u0259c\u0259k\",\"datePublished\":\"2022-08-11T09:43:47+00:00\",\"dateModified\":\"2022-08-11T09:43:49+00:00\",\"mainEntityOfPage\":{\"@id\":\"https:\\\/\\\/www.meydan.tv\\\/az\\\/article\\\/zeytinli-rock-festivali-bu-il-kecirilmeyecek\\\/\"},\"wordCount\":204,\"publisher\":{\"@id\":\"https:\\\/\\\/www.meydan.tv\\\/az\\\/#organization\"},\"image\":{\"@id\":\"https:\\\/\\\/www.meydan.tv\\\/az\\\/article\\\/zeytinli-rock-festivali-bu-il-kecirilmeyecek\\\/#primaryimage\"},\"thumbnailUrl\":\"https:\\\/\\\/www.meydan.tv\\\/wp-content\\\/uploads\\\/62988811_620x410.jpg\",\"articleSection\":[\"M\u0259d\u0259niyy\u0259t\",\"X\u0259b\u0259rl\u0259r\"],\"inLanguage\":\"az\"},{\"@type\":\"WebPage\",\"@id\":\"https:\\\/\\\/www.meydan.tv\\\/az\\\/article\\\/zeytinli-rock-festivali-bu-il-kecirilmeyecek\\\/\",\"url\":\"https:\\\/\\\/www.meydan.tv\\\/az\\\/article\\\/zeytinli-rock-festivali-bu-il-kecirilmeyecek\\\/\",\"name\":\"\u201cZeytinli Rock Festival\u0131\u201d bu il ke\u00e7irilm\u0259y\u0259c\u0259k - MEYDAN.TV\",\"isPartOf\":{\"@id\":\"https:\\\/\\\/www.meydan.tv\\\/az\\\/#website\"},\"primaryImageOfPage\":{\"@id\":\"https:\\\/\\\/www.meydan.tv\\\/az\\\/article\\\/zeytinli-rock-festivali-bu-il-kecirilmeyecek\\\/#primaryimage\"},\"image\":{\"@id\":\"https:\\\/\\\/www.meydan.tv\\\/az\\\/article\\\/zeytinli-rock-festivali-bu-il-kecirilmeyecek\\\/#primaryimage\"},\"thumbnailUrl\":\"https:\\\/\\\/www.meydan.tv\\\/wp-content\\\/uploads\\\/62988811_620x410.jpg\",\"datePublished\":\"2022-08-11T09:43:47+00:00\",\"dateModified\":\"2022-08-11T09:43:49+00:00\",\"breadcrumb\":{\"@id\":\"https:\\\/\\\/www.meydan.tv\\\/az\\\/article\\\/zeytinli-rock-festivali-bu-il-kecirilmeyecek\\\/#breadcrumb\"},\"inLanguage\":\"az\",\"potentialAction\":[{\"@type\":\"ReadAction\",\"target\":[\"https:\\\/\\\/www.meydan.tv\\\/az\\\/article\\\/zeytinli-rock-festivali-bu-il-kecirilmeyecek\\\/\"]}]},{\"@type\":\"ImageObject\",\"inLanguage\":\"az\",\"@id\":\"https:\\\/\\\/www.meydan.tv\\\/az\\\/article\\\/zeytinli-rock-festivali-bu-il-kecirilmeyecek\\\/#primaryimage\",\"url\":\"https:\\\/\\\/www.meydan.tv\\\/wp-content\\\/uploads\\\/62988811_620x410.jpg\",\"contentUrl\":\"https:\\\/\\\/www.meydan.tv\\\/wp-content\\\/uploads\\\/62988811_620x410.jpg\",\"width\":1200,\"height\":793,\"caption\":\"M\u0259nb\u0259: \\\"doyouknowturkey.com\\\"\"},{\"@type\":\"BreadcrumbList\",\"@id\":\"https:\\\/\\\/www.meydan.tv\\\/az\\\/article\\\/zeytinli-rock-festivali-bu-il-kecirilmeyecek\\\/#breadcrumb\",\"itemListElement\":[{\"@type\":\"ListItem\",\"position\":1,\"name\":\"Ana s\u0259hif\u0259\",\"item\":\"https:\\\/\\\/www.meydan.tv\\\/az\\\/\"},{\"@type\":\"ListItem\",\"position\":2,\"name\":\"M\u0259d\u0259niyy\u0259t\",\"item\":\"https:\\\/\\\/www.meydan.tv\\\/az\\\/section\\\/medeniyyet\\\/\"},{\"@type\":\"ListItem\",\"position\":3,\"name\":\"\u201cZeytinli Rock Festival\u0131\u201d bu il ke\u00e7irilm\u0259y\u0259c\u0259k\"}]},{\"@type\":\"WebSite\",\"@id\":\"https:\\\/\\\/www.meydan.tv\\\/az\\\/#website\",\"url\":\"https:\\\/\\\/www.meydan.tv\\\/az\\\/\",\"name\":\"MEYDAN.TV\",\"description\":\"Meydan TV Az\u0259rbaycan\u0131n media m\u0259kan\u0131ndak\u0131 alternativ s\u0259sidir\",\"publisher\":{\"@id\":\"https:\\\/\\\/www.meydan.tv\\\/az\\\/#organization\"},\"potentialAction\":[{\"@type\":\"SearchAction\",\"target\":{\"@type\":\"EntryPoint\",\"urlTemplate\":\"https:\\\/\\\/www.meydan.tv\\\/az\\\/?s={search_term_string}\"},\"query-input\":{\"@type\":\"PropertyValueSpecification\",\"valueRequired\":true,\"valueName\":\"search_term_string\"}}],\"inLanguage\":\"az\"},{\"@type\":\"Organization\",\"@id\":\"https:\\\/\\\/www.meydan.tv\\\/az\\\/#organization\",\"name\":\"Meydan TV\",\"url\":\"https:\\\/\\\/www.meydan.tv\\\/az\\\/\",\"logo\":{\"@type\":\"ImageObject\",\"inLanguage\":\"az\",\"@id\":\"https:\\\/\\\/www.meydan.tv\\\/az\\\/#\\\/schema\\\/logo\\\/image\\\/\",\"url\":\"https:\\\/\\\/www.meydan.tv\\\/wp-content\\\/uploads\\\/2021\\\/07\\\/meydan-logo.svg\",\"contentUrl\":\"https:\\\/\\\/www.meydan.tv\\\/wp-content\\\/uploads\\\/2021\\\/07\\\/meydan-logo.svg\",\"width\":195,\"height\":46,\"caption\":\"Meydan TV\"},\"image\":{\"@id\":\"https:\\\/\\\/www.meydan.tv\\\/az\\\/#\\\/schema\\\/logo\\\/image\\\/\"}},{\"@type\":\"Person\",\"@id\":\"https:\\\/\\\/www.meydan.tv\\\/az\\\/#\\\/schema\\\/person\\\/9cdbecf90d17180ce1dfbd95b08dcf47\",\"name\":\"elli\",\"sameAs\":[\"https:\\\/\\\/x.com\\\/elli\"]}]}<\/script>\n<!-- \/ Yoast SEO plugin. -->","yoast_head_json":{"title":"\u201cZeytinli Rock Festival\u0131\u201d bu il ke\u00e7irilm\u0259y\u0259c\u0259k - MEYDAN.TV","robots":{"index":"index","follow":"follow","max-snippet":"max-snippet:-1","max-image-preview":"max-image-preview:large","max-video-preview":"max-video-preview:-1"},"canonical":"https:\/\/www.meydan.tv\/az\/article\/zeytinli-rock-festivali-bu-il-kecirilmeyecek\/","og_locale":"az_AZ","og_type":"article","og_title":"\u201cZeytinli Rock Festival\u0131\u201d bu il ke\u00e7irilm\u0259y\u0259c\u0259k - MEYDAN.TV","og_description":"\u0130ctimai t\u0259hl\u00fck\u0259sizlik s\u0259b\u0259bil\u0259 t\u0259dbirin ba\u015f tutmas\u0131na icaz\u0259 verilm\u0259yib T\u00fcrkiy\u0259d\u0259 2005-ci ... Davam\u0131","og_url":"https:\/\/www.meydan.tv\/az\/article\/zeytinli-rock-festivali-bu-il-kecirilmeyecek\/","og_site_name":"MEYDAN.TV","article_published_time":"2022-08-11T09:43:47+00:00","article_modified_time":"2022-08-11T09:43:49+00:00","og_image":[{"width":1200,"height":793,"url":"https:\/\/www.meydan.tv\/wp-content\/uploads\/62988811_620x410.jpg","type":"image\/jpeg"}],"author":"elli","twitter_card":"summary_large_image","twitter_creator":"@elli","schema":{"@context":"https:\/\/schema.org","@graph":[{"@type":"Article","@id":"https:\/\/www.meydan.tv\/az\/article\/zeytinli-rock-festivali-bu-il-kecirilmeyecek\/#article","isPartOf":{"@id":"https:\/\/www.meydan.tv\/az\/article\/zeytinli-rock-festivali-bu-il-kecirilmeyecek\/"},"author":{"name":"elli","@id":"https:\/\/www.meydan.tv\/az\/#\/schema\/person\/9cdbecf90d17180ce1dfbd95b08dcf47"},"headline":"\u201cZeytinli Rock Festival\u0131\u201d bu il ke\u00e7irilm\u0259y\u0259c\u0259k","datePublished":"2022-08-11T09:43:47+00:00","dateModified":"2022-08-11T09:43:49+00:00","mainEntityOfPage":{"@id":"https:\/\/www.meydan.tv\/az\/article\/zeytinli-rock-festivali-bu-il-kecirilmeyecek\/"},"wordCount":204,"publisher":{"@id":"https:\/\/www.meydan.tv\/az\/#organization"},"image":{"@id":"https:\/\/www.meydan.tv\/az\/article\/zeytinli-rock-festivali-bu-il-kecirilmeyecek\/#primaryimage"},"thumbnailUrl":"https:\/\/www.meydan.tv\/wp-content\/uploads\/62988811_620x410.jpg","articleSection":["M\u0259d\u0259niyy\u0259t","X\u0259b\u0259rl\u0259r"],"inLanguage":"az"},{"@type":"WebPage","@id":"https:\/\/www.meydan.tv\/az\/article\/zeytinli-rock-festivali-bu-il-kecirilmeyecek\/","url":"https:\/\/www.meydan.tv\/az\/article\/zeytinli-rock-festivali-bu-il-kecirilmeyecek\/","name":"\u201cZeytinli Rock Festival\u0131\u201d bu il ke\u00e7irilm\u0259y\u0259c\u0259k - MEYDAN.TV","isPartOf":{"@id":"https:\/\/www.meydan.tv\/az\/#website"},"primaryImageOfPage":{"@id":"https:\/\/www.meydan.tv\/az\/article\/zeytinli-rock-festivali-bu-il-kecirilmeyecek\/#primaryimage"},"image":{"@id":"https:\/\/www.meydan.tv\/az\/article\/zeytinli-rock-festivali-bu-il-kecirilmeyecek\/#primaryimage"},"thumbnailUrl":"https:\/\/www.meydan.tv\/wp-content\/uploads\/62988811_620x410.jpg","datePublished":"2022-08-11T09:43:47+00:00","dateModified":"2022-08-11T09:43:49+00:00","breadcrumb":{"@id":"https:\/\/www.meydan.tv\/az\/article\/zeytinli-rock-festivali-bu-il-kecirilmeyecek\/#breadcrumb"},"inLanguage":"az","potentialAction":[{"@type":"ReadAction","target":["https:\/\/www.meydan.tv\/az\/article\/zeytinli-rock-festivali-bu-il-kecirilmeyecek\/"]}]},{"@type":"ImageObject","inLanguage":"az","@id":"https:\/\/www.meydan.tv\/az\/article\/zeytinli-rock-festivali-bu-il-kecirilmeyecek\/#primaryimage","url":"https:\/\/www.meydan.tv\/wp-content\/uploads\/62988811_620x410.jpg","contentUrl":"https:\/\/www.meydan.tv\/wp-content\/uploads\/62988811_620x410.jpg","width":1200,"height":793,"caption":"M\u0259nb\u0259: \"doyouknowturkey.com\""},{"@type":"BreadcrumbList","@id":"https:\/\/www.meydan.tv\/az\/article\/zeytinli-rock-festivali-bu-il-kecirilmeyecek\/#breadcrumb","itemListElement":[{"@type":"ListItem","position":1,"name":"Ana s\u0259hif\u0259","item":"https:\/\/www.meydan.tv\/az\/"},{"@type":"ListItem","position":2,"name":"M\u0259d\u0259niyy\u0259t","item":"https:\/\/www.meydan.tv\/az\/section\/medeniyyet\/"},{"@type":"ListItem","position":3,"name":"\u201cZeytinli Rock Festival\u0131\u201d bu il ke\u00e7irilm\u0259y\u0259c\u0259k"}]},{"@type":"WebSite","@id":"https:\/\/www.meydan.tv\/az\/#website","url":"https:\/\/www.meydan.tv\/az\/","name":"MEYDAN.TV","description":"Meydan TV Az\u0259rbaycan\u0131n media m\u0259kan\u0131ndak\u0131 alternativ s\u0259sidir","publisher":{"@id":"https:\/\/www.meydan.tv\/az\/#organization"},"potentialAction":[{"@type":"SearchAction","target":{"@type":"EntryPoint","urlTemplate":"https:\/\/www.meydan.tv\/az\/?s={search_term_string}"},"query-input":{"@type":"PropertyValueSpecification","valueRequired":true,"valueName":"search_term_string"}}],"inLanguage":"az"},{"@type":"Organization","@id":"https:\/\/www.meydan.tv\/az\/#organization","name":"Meydan TV","url":"https:\/\/www.meydan.tv\/az\/","logo":{"@type":"ImageObject","inLanguage":"az","@id":"https:\/\/www.meydan.tv\/az\/#\/schema\/logo\/image\/","url":"https:\/\/www.meydan.tv\/wp-content\/uploads\/2021\/07\/meydan-logo.svg","contentUrl":"https:\/\/www.meydan.tv\/wp-content\/uploads\/2021\/07\/meydan-logo.svg","width":195,"height":46,"caption":"Meydan TV"},"image":{"@id":"https:\/\/www.meydan.tv\/az\/#\/schema\/logo\/image\/"}},{"@type":"Person","@id":"https:\/\/www.meydan.tv\/az\/#\/schema\/person\/9cdbecf90d17180ce1dfbd95b08dcf47","name":"elli","sameAs":["https:\/\/x.com\/elli"]}]}},"_links":{"self":[{"href":"https:\/\/www.meydan.tv\/az\/wp-json\/wp\/v2\/posts\/252974","targetHints":{"allow":["GET"]}}],"collection":[{"href":"https:\/\/www.meydan.tv\/az\/wp-json\/wp\/v2\/posts"}],"about":[{"href":"https:\/\/www.meydan.tv\/az\/wp-json\/wp\/v2\/types\/post"}],"author":[{"embeddable":true,"href":"https:\/\/www.meydan.tv\/az\/wp-json\/wp\/v2\/users\/8"}],"replies":[{"embeddable":true,"href":"https:\/\/www.meydan.tv\/az\/wp-json\/wp\/v2\/comments?post=252974"}],"version-history":[{"count":1,"href":"https:\/\/www.meydan.tv\/az\/wp-json\/wp\/v2\/posts\/252974\/revisions"}],"predecessor-version":[{"id":252979,"href":"https:\/\/www.meydan.tv\/az\/wp-json\/wp\/v2\/posts\/252974\/revisions\/252979"}],"wp:featuredmedia":[{"embeddable":true,"href":"https:\/\/www.meydan.tv\/az\/wp-json\/wp\/v2\/media\/252976"}],"wp:attachment":[{"href":"https:\/\/www.meydan.tv\/az\/wp-json\/wp\/v2\/media?parent=252974"}],"wp:term":[{"taxonomy":"category","embeddable":true,"href":"https:\/\/www.meydan.tv\/az\/wp-json\/wp\/v2\/categories?post=252974"},{"taxonomy":"post_tag","embeddable":true,"href":"https:\/\/www.meydan.tv\/az\/wp-json\/wp\/v2\/tags?post=252974"}],"curies":[{"name":"wp","href":"https:\/\/api.w.org\/{rel}","templated":true}]}}