{"id":252927,"date":"2022-08-10T16:21:17","date_gmt":"2022-08-10T12:21:17","guid":{"rendered":"https:\/\/www.meydan.tv\/?p=252927"},"modified":"2022-08-10T16:21:20","modified_gmt":"2022-08-10T12:21:20","slug":"oglumun-kureyinde-dubinka-polislerin-cekmelerinin-izi-vardi","status":"publish","type":"post","link":"https:\/\/www.meydan.tv\/az\/article\/oglumun-kureyinde-dubinka-polislerin-cekmelerinin-izi-vardi\/","title":{"rendered":"\u201cO\u011flumun k\u00fcr\u0259yind\u0259 dubinka, polisl\u0259rin \u00e7\u0259km\u0259l\u0259rinin izi vard\u0131\u2026\u201d"},"content":{"rendered":"\n<p><\/p>\n\n\n\n<p><em>S\u0259may\u0259 C\u0259f\u0259rova: \u201c\u00d6vlad\u0131m\u0131n \u00f6l\u00fcm\u00fcnd\u0259 g\u00fcnah\u0131 olan polisl\u0259r c\u0259zas\u0131z qals\u0131n dey\u0259, ekspertl\u0259r saxtakarl\u0131q edir\u201d<\/em><\/p>\n\n\n\n<p>A\u011fda\u015f sakini S\u0259may\u0259 C\u0259f\u0259rova o\u011flunun \u00f6l\u00fcm\u00fcn\u0259 g\u00f6r\u0259 polisl\u0259ri, bu hadis\u0259 il\u0259 ba\u011fl\u0131 ger\u00e7\u0259yin \u00f6rt-basd\u0131r edil\u0259m\u0259sin\u0259 g\u00f6r\u0259 is\u0259 prokurorlu\u011fun m\u00fcst\u0259ntiqini v\u0259 r\u0259y ver\u0259n ekspertl\u0259ri ittiham edir.<\/p>\n\n\n\n<p>1975-ci il t\u0259v\u0259ll\u00fcdl\u00fc \u0130brahim C\u0259f\u0259rov may\u0131n 4-d\u0259 v\u0259fat edib. Onun \u00f6l\u00fcm\u00fcyl\u0259 ba\u011fl\u0131 A\u011fda\u015f Rayon Prokurorlu\u011funda ara\u015fd\u0131rma gedir, lakin h\u0259l\u0259 d\u0259 cinay\u0259t i\u015fi ba\u015flanmay\u0131b.<\/p>\n\n\n\n<p>70 ya\u015fl\u0131 S\u0259may\u0259 C\u0259f\u0259rova Meydan TV-y\u0259 bildirib ki, \u00f6vlad\u0131 \u00f6l\u00fcm\u00fcnd\u0259n bir g\u00fcn \u0259vv\u0259l A\u011fda\u015f Rayon Polis \u015e\u00f6b\u0259sinin ba\u015f \u0259m\u0259liyyat m\u00fcv\u0259kkili Allahverdi M\u0259mm\u0259dov, el\u0259c\u0259 d\u0259 \u015f\u00f6b\u0259nin El\u00e7in, F\u0259qan, Ad\u0259m v\u0259 V\u00fcsal adl\u0131 \u0259m\u0259kda\u015flar\u0131 t\u0259r\u0259find\u0259n d\u00f6y\u00fcl\u00fcb. Anan\u0131n s\u00f6zl\u0259rin\u0259 g\u00f6r\u0259, m\u0259ruz qald\u0131\u011f\u0131 zorak\u0131l\u0131q n\u0259tic\u0259sind\u0259 o\u011flunun qab\u0131r\u011fas\u0131 s\u0131n\u0131b, a\u011fciy\u0259ri z\u0259d\u0259l\u0259yib, plevra p\u0259rd\u0259si de\u015filib v\u0259 n\u0259tic\u0259d\u0259 n\u0259f\u0259s \u00e7at\u0131\u015fmazl\u0131\u011f\u0131ndan v\u0259fat edib. Lakin ekspert r\u0259yind\u0259 qaraciy\u0259r sirrozu, Hepatit s\u0259b\u0259bind\u0259n inki\u015faf etmi\u015f xroniki \u00fcr\u0259k \u00e7at\u0131\u015fmazl\u0131\u011f\u0131n\u0131n k\u0259skinl\u0259\u015fm\u0259si g\u00f6st\u0259rilib.<\/p>\n\n\n\n<p>S\u0259may\u0259 C\u0259f\u0259rova ekspert r\u0259yinin saxta oldu\u011funu, m\u00fcst\u0259ntiqin d\u0259 bundan istifad\u0259 edib o\u011flunun \u00f6l\u00fcm\u00fcn\u00fcn s\u0259b\u0259bkarlar\u0131n\u0131 m\u0259suliyy\u0259td\u0259n k\u0259narda saxlad\u0131\u011f\u0131n\u0131 iddia edir. Onun s\u00f6zl\u0259rin\u0259 g\u00f6r\u0259, \u0130brahim C\u0259f\u0259rov he\u00e7 vaxt qaraciy\u0259r x\u0259st\u0259liyind\u0259n \u0259ziyy\u0259t \u00e7\u0259km\u0259yib, bunu t\u0259sdiql\u0259y\u0259n he\u00e7 bir fakt yoxdur.<\/p>\n\n\n\n<p>Hadis\u0259nin nec\u0259 ba\u015f verm\u0259sin\u0259 g\u0259linc\u0259, ana dan\u0131\u015f\u0131r ki, \u00f6l\u00fcm\u00fcnd\u0259n bir g\u00fcn \u0259vv\u0259l \u0130brahim C\u0259f\u0259rov ad g\u00fcn\u00fc m\u0259rasimind\u0259 olub, orada yeyib-i\u00e7ib. Ax\u015fam saatlar\u0131nda evin\u0259 g\u0259l\u0259nd\u0259 onu polisl\u0259r saxlay\u0131b, s\u0259rxo\u015f oldu\u011funu bildir\u0259r\u0259k, ma\u015f\u0131na mindirib aparmaq ist\u0259yibl\u0259r:<\/p>\n\n\n\n<p>\u201cO\u011flum etiraz edib, deyib ki, n\u0259dir, cibim\u0259 narkotik atmaq ist\u0259yirsiz? Onu d\u00f6ym\u0259y\u0259 ba\u015flay\u0131blar. El\u0259 d\u00f6y\u00fcbl\u0259r, ev\u0259 g\u0259l\u0259nd\u0259 k\u00fcr\u0259yind\u0259, k\u00f6yn\u0259yind\u0259 dubinka, \u00e7\u0259km\u0259 izl\u0259ri vard\u0131. Nigaran qald\u0131m, z\u0259ng el\u0259dim ki, niy\u0259 ad g\u00fcn\u00fcnd\u0259n g\u0259lib \u00e7\u0131xmad\u0131? Hals\u0131z s\u0259sl\u0259 cavab verdi ki, \u201cg\u0259lir\u0259m\u201d. H\u0259qiq\u0259t\u0259n d\u0259 3-4 d\u0259qiq\u0259d\u0259n sonra g\u0259ldi. G\u00f6rd\u00fck v\u0259ziyy\u0259ti yax\u015f\u0131 deyil, hals\u0131z idi, n\u0259f\u0259si \u00e7atm\u0131rd\u0131 sanki. Ba\u015f\u0131na g\u0259l\u0259nl\u0259ri biz\u0259 dan\u0131\u015fd\u0131. G\u00f6rd\u00fcm ki, a\u011fr\u0131dan dayana bilmir, dedim, yats\u0131n, sabah h\u0259kim\u0259 aparar\u0131q. Ert\u0259si g\u00fcn toparlan\u0131b h\u0259kim\u0259 getm\u0259k ist\u0259yirdik, g\u00f6rd\u00fcm v\u0259ziyy\u0259ti yen\u0259 yax\u015f\u0131 deyil. Gedib uzand\u0131. Bir m\u00fcdd\u0259t sonra gedib baxd\u0131m ki, n\u0259f\u0259s g\u0259lmir\u2026\u201d<\/p>\n\n\n\n<figure class=\"wp-block-image size-large\"><img decoding=\"async\" width=\"1163\" height=\"821\" data-src=\"https:\/\/www.meydan.tv\/wp-content\/uploads\/photo-2022-08-10-14-00-12-1163x821.jpg\" alt=\"\" class=\"wp-image-252931 lazyload\" src=\"data:image\/svg+xml;base64,PHN2ZyB3aWR0aD0iMSIgaGVpZ2h0PSIxIiB4bWxucz0iaHR0cDovL3d3dy53My5vcmcvMjAwMC9zdmciPjwvc3ZnPg==\" style=\"--smush-placeholder-width: 1163px; --smush-placeholder-aspect-ratio: 1163\/821;\" \/><figcaption>S\u0259may\u0259 C\u0259f\u0259rova. Foto: Meydan TV<\/figcaption><\/figure>\n\n\n\n<p>Bu \u00f6l\u00fcm i\u015fini ara\u015fd\u0131rmaq \u0259vv\u0259lc\u0259 A\u011fda\u015f Rayon Prokurorlu\u011funun m\u00fcst\u0259ntiqi N\u0259riman Ba\u011f\u0131rova h\u0259val\u0259 edilib. \u0130brahim C\u0259f\u0259rovun \u00f6l\u00fcm s\u0259b\u0259bil\u0259 ba\u011fl\u0131 iki d\u0259f\u0259 ekspert r\u0259yi al\u0131n\u0131b. Birinci d\u0259f\u0259 A\u011fda\u015f Rayon M\u0259hk\u0259m\u0259 Tibbi Ekspertiza v\u0259 Patoloji Anatomiya \u015f\u00f6b\u0259sinin eksperti Nasir \u0130sg\u0259nd\u0259rovun verdiyi r\u0259yd\u0259 g\u00f6st\u0259rilib ki, \u00f6l\u00fcm\u0259 s\u0259b\u0259b qaraciy\u0259r sirrozu, Hepatit-l\u0259 \u0259laq\u0259dar inki\u015faf etmi\u015f xroniki \u00fcr\u0259k \u00e7at\u0131\u015fmazl\u0131\u011f\u0131n\u0131n k\u0259skinl\u0259\u015fm\u0259si, \u00fcr\u0259k-qaraciy\u0259r \u00e7at\u0131\u015fmazl\u0131\u011f\u0131 olub. Eyni zamanda, \u0130brahim C\u0259f\u0259rovun meyiti \u00fcz\u0259rind\u0259 sa\u011f k\u00fcr\u0259kalt\u0131 nahiyy\u0259nin qan\u00e7\u0131r v\u0259 s\u0131yr\u0131\u011f\u0131, VIII-IX qab\u0131r\u011faras\u0131 sah\u0259d\u0259 qans\u0131zmalar, V-VI qab\u0131r\u011faras\u0131 nahiyy\u0259nin s\u0131yr\u0131qlar\u0131n\u0131n a\u015fkarlanmas\u0131 da r\u0259yd\u0259 \u0259ksini tap\u0131b. H\u0259min x\u0259sar\u0259tl\u0259rin k\u00fct al\u0259tl\u0259 yetiril\u0259 bil\u0259c\u0259yini qeyd ed\u0259n ekspert bunun \u00f6l\u00fcm\u00fcn s\u0259b\u0259bi il\u0259 \u0259laq\u0259si olmad\u0131\u011f\u0131n\u0131 vur\u011fulay\u0131b.<\/p>\n\n\n\n<p>Bu r\u0259yd\u0259n naraz\u0131 qalan z\u0259r\u0259r\u00e7\u0259kmi\u015f t\u0259r\u0259f t\u0259krar ekspertiza t\u0259l\u0259b edib. S\u0259may\u0259 C\u0259f\u0259rovan\u0131n t\u0259l\u0259bil\u0259 \u0259lav\u0259 ekspertiza t\u0259yin edilib v\u0259 bu d\u0259f\u0259 Yevlax Rayon M\u0259hk\u0259m\u0259 Tibbi Ekspertiza v\u0259 Pataloji Anatomiya \u015f\u00f6b\u0259sinin eksperti Vahid X\u0259lilov r\u0259y verib. Bu ekspert is\u0259 \u0259vv\u0259lkind\u0259n f\u0259rqli olaraq, qab\u0131r\u011fan\u0131n s\u0131nd\u0131\u011f\u0131n\u0131 da r\u0259yind\u0259 yaz\u0131b:<\/p>\n\n\n\n<p>\u201cSa\u011f k\u00fcr\u0259kalt\u0131 nahiyy\u0259nin t\u0131\u015f hiss\u0259sinin qan\u00e7\u0131r\u0131 v\u0259 s\u0131yr\u0131\u011f\u0131, sa\u011f VIII qab\u0131r\u011fan\u0131n onur\u011fayan\u0131 x\u0259tt \u00fczr\u0259 yerini d\u0259yi\u015fm\u0259y\u0259n s\u0131n\u0131\u011f\u0131, k\u0259narlar\u0131 qab\u0131r\u011fal\u0131, ucu sferik, uzunsov formal\u0131 b\u0259rk k\u00fct al\u0259tin t\u0259sirind\u0259n t\u00f6r\u0259nib, h\u0259yatidir\u2026\u201d<\/p>\n\n\n\n<p>Lakin bu ekspert d\u0259 h\u0259min x\u0259sar\u0259tl\u0259rin \u00f6l\u00fcml\u0259 \u0259laq\u0259si olmad\u0131\u011f\u0131n\u0131 r\u0259yind\u0259 g\u00f6st\u0259rib.<\/p>\n\n\n\n<p>\u201cEkspert biz\u0259 biz s\u00f6z deyir, s\u0259n\u0259dd\u0259 ba\u015fqa s\u00f6z yaz\u0131r. Biz\u0259 deyir ki, bir qab\u0131r\u011fa s\u0131n\u0131b, o birinin \u00fcst\u00fcn\u0259 d\u00fc\u015f\u00fcb. H\u0259m d\u0259 a\u011fciy\u0259rd\u0259 p\u0259rd\u0259ni z\u0259d\u0259l\u0259yib. N\u0259tic\u0259d\u0259 \u00f6l\u00fcm hadis\u0259si ba\u015f verib. Bunun s\u0259s yaz\u0131s\u0131 da var. Amma s\u0259n\u0259dd\u0259 yaz\u0131b ki, \u00f6l\u00fcml\u0259 \u0259laq\u0259si yoxdur. O biri ekspert \u00fcmumiyy\u0259tl\u0259, qab\u0131r\u011fa s\u0131n\u0131\u011f\u0131n\u0131 yazmay\u0131b. Sual olunur: maraq n\u0259dir ki, gizl\u0259dirl\u0259r? Dem\u0259li, o\u011flumun \u00f6l\u00fcm\u00fcnd\u0259 \u0259li olan polisl\u0259r c\u0259zas\u0131z qals\u0131n dey\u0259, qanunlar tapdalan\u0131r, saxtakarl\u0131q olunur\u201d, &#8211; S\u0259may\u0259 C\u0259f\u0259rova bildirib.<\/p>\n\n\n\n<p>O, polisl\u0259rd\u0259n \u0259lav\u0259, h\u0259m d\u0259 m\u00fcst\u0259ntiqin v\u0259 ekspertl\u0259rin c\u0259zaland\u0131r\u0131lmas\u0131n\u0131 t\u0259l\u0259b edir. Bu m\u0259qs\u0259dl\u0259 daxili \u0130\u015fl\u0259r naziri Vilay\u0259t Eyvazova, Ba\u015f prokuror Kamran \u018fliyev\u0259 v\u0259 S\u0259hiyy\u0259 Nazirliyin\u0259 m\u00fcraci\u0259t edib.<\/p>\n\n\n\n<p>S\u0259may\u0259 C\u0259f\u0259rovan\u0131n \u015fikay\u0259tl\u0259rind\u0259n sonra bu i\u015f m\u00fcst\u0259ntiq N\u0259riman Ba\u011f\u0131rovdan al\u0131n\u0131b. Anan\u0131n yenid\u0259n ekspertiza ke\u00e7irilm\u0259si bar\u0259d\u0259 t\u0259l\u0259bil\u0259 d\u0259 raz\u0131la\u015f\u0131blar: <\/p>\n\n\n\n<p>\u201cS\u0259hiyy\u0259 Nazirliyind\u0259 M\u0259hk\u0259m\u0259 Tibbi Ekspertiza v\u0259 Patoloji Anatomiya Birliyinin direktoru \u018fdal\u0259t H\u0259s\u0259nov bizi q\u0259bul el\u0259di, s\u00f6z verdi ki, ekspertiza r\u0259yi obyektiv olacaq. \u0130st\u0259diyim odur ki, o\u011flumun qan\u0131 yerd\u0259 qalmas\u0131n\u201d.<\/p>\n\n\n\n<figure class=\"wp-block-image size-full\"><img decoding=\"async\" width=\"1200\" height=\"747\" data-src=\"https:\/\/www.meydan.tv\/wp-content\/uploads\/photo-2022-08-10-14-00-17.jpg\" alt=\"\" class=\"wp-image-252928 lazyload\" src=\"data:image\/svg+xml;base64,PHN2ZyB3aWR0aD0iMSIgaGVpZ2h0PSIxIiB4bWxucz0iaHR0cDovL3d3dy53My5vcmcvMjAwMC9zdmciPjwvc3ZnPg==\" style=\"--smush-placeholder-width: 1200px; --smush-placeholder-aspect-ratio: 1200\/747;\" \/><figcaption>Ramil M\u0259mm\u0259dzad\u0259. Foto: Meydan TV<\/figcaption><\/figure>\n\n\n\n<p>V\u0259kil Ramil M\u0259mm\u0259dzad\u0259 hesab edir ki, bu hadis\u0259 il\u0259 \u0259laq\u0259dar \u00e7oxdan cinay\u0259t i\u015fi ba\u015flanmal\u0131yd\u0131. M\u00fcdafi\u0259\u00e7inin s\u00f6zl\u0259rin\u0259 g\u00f6r\u0259, \u0130brahim C\u0259f\u0259rov \u00f6l\u00fcm\u00fcnd\u0259n \u00f6nc\u0259 anas\u0131, qarda\u015f\u0131yla yana\u015f\u0131, Elvin adl\u0131 qon\u015fular\u0131na da onu bu v\u0259ziyy\u0259t\u0259 salanlar haqda dan\u0131\u015f\u0131b, Allahverdi M\u0259mm\u0259dovun ad\u0131n\u0131 \u00e7\u0259kib:<\/p>\n\n\n\n<p>\u201cAllahverdi M\u0259mm\u0259dovun h\u0259min vaxt harada oldu\u011funu m\u00fc\u0259yy\u0259nl\u0259\u015fdirm\u0259k \u00fc\u00e7\u00fcn telefon anten dair\u0259si \u00fczr\u0259 m\u0259lumat\u0131 mobil operatordan almaq kifay\u0259tdir\u201d.<\/p>\n\n\n\n<p>V\u0259kil \u0259lav\u0259 edib ki, \u00fcz\u0259rind\u0259 izl\u0259r olan k\u00f6yn\u0259yi d\u0259 prokurorlu\u011fa t\u0259qdim edibl\u0259r. Ekspert onun \u00fcz\u0259rind\u0259 izl\u0259r oldu\u011funu t\u0259sdiql\u0259s\u0259 d\u0259, kim\u0259 aid olmas\u0131n\u0131 m\u00fc\u0259yy\u0259nl\u0259\u015fdirm\u0259yib:<\/p>\n\n\n\n<p>\u201c\u00c7ox vacib \u015fahidl\u0259r var, m\u00fcst\u0259ntiq N\u0259riman Ba\u011f\u0131rov dindirm\u0259yib. B\u00fct\u00fcn bu naraz\u0131l\u0131qlar\u0131m\u0131z\u0131 Ba\u015f prokurorun q\u0259bulunda olanda onun n\u0259z\u0259rin\u0259 \u00e7atd\u0131rd\u0131q\u201d.<\/p>\n\n\n\n<p>Ekspert r\u0259yl\u0259rind\u0259 diqq\u0259t\u00e7\u0259k\u0259n m\u0259qamlardan biri d\u0259 budur ki, ail\u0259 \u00fczvl\u0259ri d\u0259, \u015fahidl\u0259r d\u0259 h\u0259min g\u00fcn \u0130brahim C\u0259f\u0259rovun s\u0259rxo\u015f oldu\u011funu des\u0259 d\u0259, ekspertiza r\u0259yind\u0259 onun qan\u0131nda spirt a\u015fkarlanmad\u0131\u011f\u0131 yaz\u0131l\u0131b.<\/p>\n\n\n\n<p>H\u0259tta Daxili \u0130\u015fl\u0259r Nazirliyinin \u0130brahim C\u0259f\u0259rovun \u00f6l\u00fcm\u00fcyl\u0259 ba\u011fl\u0131 a\u00e7\u0131qlamas\u0131nda da onun s\u0259rxo\u015f oldu\u011fu vur\u011fulan\u0131b. Nazirliyin m\u0259tbuat xidm\u0259ti polisl\u0259rin onu d\u00f6ym\u0259si, n\u0259tic\u0259d\u0259 \u00f6lm\u0259si haqda anas\u0131n\u0131n dedikl\u0259rini t\u0259kzib edib. Bu qurumdan bildirilib ki, may\u0131n 3-d\u0259 gec\u0259 saatlar\u0131nda xidm\u0259td\u0259 olan polisl\u0259r s\u0259rxo\u015f v\u0259ziyy\u0259td\u0259 bir n\u0259f\u0259rin y\u0131x\u0131ld\u0131\u011f\u0131n\u0131 g\u00f6r\u00fcb, onu ya\u015fad\u0131\u011f\u0131 ev\u0259 aparma\u011fa \u00e7al\u0131\u015f\u0131blar. Lakin \u00f6z\u00fc imtina edib: \u201c\u0130brahim C\u0259f\u0259rovun evin\u0259 \u00e7atana q\u0259d\u0259r is\u0259 bir ne\u00e7\u0259 d\u0259f\u0259 d\u0259 y\u0131x\u0131ld\u0131\u011f\u0131 \u0259trafdak\u0131 m\u00fc\u015fahid\u0259 kameralar vasit\u0259sil\u0259 qeyd\u0259 al\u0131n\u0131b. N\u00f6vb\u0259ti g\u00fcn yenid\u0259n \u0130brahim C\u0259f\u0259rov saat 16 rad\u0259l\u0259rind\u0259 s\u0259rxo\u015f v\u0259ziyy\u0259td\u0259 ev\u0259 g\u0259lib yat\u0131b. Saat 23 rad\u0259l\u0259rind\u0259 yax\u0131nlar\u0131 onun \u00f6ld\u00fcy\u00fcn\u00fc a\u015fkar edibl\u0259r\u201d.<\/p>\n","protected":false},"excerpt":{"rendered":"<p>S\u0259may\u0259 C\u0259f\u0259rova: \u201c\u00d6vlad\u0131m\u0131n \u00f6l\u00fcm\u00fcnd\u0259 g\u00fcnah\u0131 olan polisl\u0259r c\u0259zas\u0131z qals\u0131n dey\u0259, &#8230; <\/p>\n<p class=\"read-more-container\"><a title=\"\u201cO\u011flumun k\u00fcr\u0259yind\u0259 dubinka, polisl\u0259rin \u00e7\u0259km\u0259l\u0259rinin izi vard\u0131\u2026\u201d\" class=\"read-more button\" href=\"https:\/\/www.meydan.tv\/az\/article\/oglumun-kureyinde-dubinka-polislerin-cekmelerinin-izi-vardi\/#more-252927\" aria-label=\"Read more about \u201cO\u011flumun k\u00fcr\u0259yind\u0259 dubinka, polisl\u0259rin \u00e7\u0259km\u0259l\u0259rinin izi vard\u0131\u2026\u201d\">Davam\u0131<\/a><\/p>\n","protected":false},"author":8,"featured_media":252934,"comment_status":"closed","ping_status":"closed","sticky":false,"template":"","format":"standard","meta":{"_acf_changed":false,"_sitemap_exclude":false,"_sitemap_priority":"","_sitemap_frequency":"","footnotes":""},"categories":[60,79,56],"tags":[],"class_list":["post-252927","post","type-post","status-publish","format-standard","has-post-thumbnail","hentry","category-bolge","category-featured","category-xeberler","infinite-scroll-item","generate-columns","tablet-grid-50","mobile-grid-100","grid-parent","grid-33","no-featured-image-padding"],"acf":[],"yoast_head":"<!-- This site is optimized with the Yoast SEO plugin v27.5 - https:\/\/yoast.com\/product\/yoast-seo-wordpress\/ -->\n<title>\u201cO\u011flumun k\u00fcr\u0259yind\u0259 dubinka, polisl\u0259rin \u00e7\u0259km\u0259l\u0259rinin izi vard\u0131\u2026\u201d - MEYDAN.TV<\/title>\n<meta name=\"robots\" content=\"index, follow, max-snippet:-1, max-image-preview:large, max-video-preview:-1\" \/>\n<link rel=\"canonical\" href=\"https:\/\/www.meydan.tv\/az\/article\/oglumun-kureyinde-dubinka-polislerin-cekmelerinin-izi-vardi\/\" \/>\n<meta property=\"og:locale\" content=\"az_AZ\" \/>\n<meta property=\"og:type\" content=\"article\" \/>\n<meta property=\"og:title\" content=\"\u201cO\u011flumun k\u00fcr\u0259yind\u0259 dubinka, polisl\u0259rin \u00e7\u0259km\u0259l\u0259rinin izi vard\u0131\u2026\u201d - MEYDAN.TV\" \/>\n<meta property=\"og:description\" content=\"S\u0259may\u0259 C\u0259f\u0259rova: \u201c\u00d6vlad\u0131m\u0131n \u00f6l\u00fcm\u00fcnd\u0259 g\u00fcnah\u0131 olan polisl\u0259r c\u0259zas\u0131z qals\u0131n dey\u0259, ... Davam\u0131\" \/>\n<meta property=\"og:url\" content=\"https:\/\/www.meydan.tv\/az\/article\/oglumun-kureyinde-dubinka-polislerin-cekmelerinin-izi-vardi\/\" \/>\n<meta property=\"og:site_name\" content=\"MEYDAN.TV\" \/>\n<meta property=\"article:published_time\" content=\"2022-08-10T12:21:17+00:00\" \/>\n<meta property=\"article:modified_time\" content=\"2022-08-10T12:21:20+00:00\" \/>\n<meta property=\"og:image\" content=\"https:\/\/www.meydan.tv\/wp-content\/uploads\/photo-2022-08-10-14-00-32.jpg\" \/>\n\t<meta property=\"og:image:width\" content=\"1200\" \/>\n\t<meta property=\"og:image:height\" content=\"900\" \/>\n\t<meta property=\"og:image:type\" content=\"image\/jpeg\" \/>\n<meta name=\"author\" content=\"elli\" \/>\n<meta name=\"twitter:card\" content=\"summary_large_image\" \/>\n<meta name=\"twitter:creator\" content=\"@elli\" \/>\n<script type=\"application\/ld+json\" class=\"yoast-schema-graph\">{\"@context\":\"https:\\\/\\\/schema.org\",\"@graph\":[{\"@type\":\"Article\",\"@id\":\"https:\\\/\\\/www.meydan.tv\\\/az\\\/article\\\/oglumun-kureyinde-dubinka-polislerin-cekmelerinin-izi-vardi\\\/#article\",\"isPartOf\":{\"@id\":\"https:\\\/\\\/www.meydan.tv\\\/az\\\/article\\\/oglumun-kureyinde-dubinka-polislerin-cekmelerinin-izi-vardi\\\/\"},\"author\":{\"name\":\"elli\",\"@id\":\"https:\\\/\\\/www.meydan.tv\\\/az\\\/#\\\/schema\\\/person\\\/9cdbecf90d17180ce1dfbd95b08dcf47\"},\"headline\":\"\u201cO\u011flumun k\u00fcr\u0259yind\u0259 dubinka, polisl\u0259rin \u00e7\u0259km\u0259l\u0259rinin izi vard\u0131\u2026\u201d\",\"datePublished\":\"2022-08-10T12:21:17+00:00\",\"dateModified\":\"2022-08-10T12:21:20+00:00\",\"mainEntityOfPage\":{\"@id\":\"https:\\\/\\\/www.meydan.tv\\\/az\\\/article\\\/oglumun-kureyinde-dubinka-polislerin-cekmelerinin-izi-vardi\\\/\"},\"wordCount\":1544,\"publisher\":{\"@id\":\"https:\\\/\\\/www.meydan.tv\\\/az\\\/#organization\"},\"image\":{\"@id\":\"https:\\\/\\\/www.meydan.tv\\\/az\\\/article\\\/oglumun-kureyinde-dubinka-polislerin-cekmelerinin-izi-vardi\\\/#primaryimage\"},\"thumbnailUrl\":\"https:\\\/\\\/www.meydan.tv\\\/wp-content\\\/uploads\\\/photo-2022-08-10-14-00-32.jpg\",\"articleSection\":[\"B\u00f6lg\u0259\",\"T\u00f6vsiy\u0259\",\"X\u0259b\u0259rl\u0259r\"],\"inLanguage\":\"az\"},{\"@type\":\"WebPage\",\"@id\":\"https:\\\/\\\/www.meydan.tv\\\/az\\\/article\\\/oglumun-kureyinde-dubinka-polislerin-cekmelerinin-izi-vardi\\\/\",\"url\":\"https:\\\/\\\/www.meydan.tv\\\/az\\\/article\\\/oglumun-kureyinde-dubinka-polislerin-cekmelerinin-izi-vardi\\\/\",\"name\":\"\u201cO\u011flumun k\u00fcr\u0259yind\u0259 dubinka, polisl\u0259rin \u00e7\u0259km\u0259l\u0259rinin izi vard\u0131\u2026\u201d - MEYDAN.TV\",\"isPartOf\":{\"@id\":\"https:\\\/\\\/www.meydan.tv\\\/az\\\/#website\"},\"primaryImageOfPage\":{\"@id\":\"https:\\\/\\\/www.meydan.tv\\\/az\\\/article\\\/oglumun-kureyinde-dubinka-polislerin-cekmelerinin-izi-vardi\\\/#primaryimage\"},\"image\":{\"@id\":\"https:\\\/\\\/www.meydan.tv\\\/az\\\/article\\\/oglumun-kureyinde-dubinka-polislerin-cekmelerinin-izi-vardi\\\/#primaryimage\"},\"thumbnailUrl\":\"https:\\\/\\\/www.meydan.tv\\\/wp-content\\\/uploads\\\/photo-2022-08-10-14-00-32.jpg\",\"datePublished\":\"2022-08-10T12:21:17+00:00\",\"dateModified\":\"2022-08-10T12:21:20+00:00\",\"breadcrumb\":{\"@id\":\"https:\\\/\\\/www.meydan.tv\\\/az\\\/article\\\/oglumun-kureyinde-dubinka-polislerin-cekmelerinin-izi-vardi\\\/#breadcrumb\"},\"inLanguage\":\"az\",\"potentialAction\":[{\"@type\":\"ReadAction\",\"target\":[\"https:\\\/\\\/www.meydan.tv\\\/az\\\/article\\\/oglumun-kureyinde-dubinka-polislerin-cekmelerinin-izi-vardi\\\/\"]}]},{\"@type\":\"ImageObject\",\"inLanguage\":\"az\",\"@id\":\"https:\\\/\\\/www.meydan.tv\\\/az\\\/article\\\/oglumun-kureyinde-dubinka-polislerin-cekmelerinin-izi-vardi\\\/#primaryimage\",\"url\":\"https:\\\/\\\/www.meydan.tv\\\/wp-content\\\/uploads\\\/photo-2022-08-10-14-00-32.jpg\",\"contentUrl\":\"https:\\\/\\\/www.meydan.tv\\\/wp-content\\\/uploads\\\/photo-2022-08-10-14-00-32.jpg\",\"width\":1200,\"height\":900,\"caption\":\"\u0130brahim C\u0259f\u0259rov. Foto: ail\u0259nin arxivind\u0259n\"},{\"@type\":\"BreadcrumbList\",\"@id\":\"https:\\\/\\\/www.meydan.tv\\\/az\\\/article\\\/oglumun-kureyinde-dubinka-polislerin-cekmelerinin-izi-vardi\\\/#breadcrumb\",\"itemListElement\":[{\"@type\":\"ListItem\",\"position\":1,\"name\":\"Ana s\u0259hif\u0259\",\"item\":\"https:\\\/\\\/www.meydan.tv\\\/az\\\/\"},{\"@type\":\"ListItem\",\"position\":2,\"name\":\"B\u00f6lg\u0259\",\"item\":\"https:\\\/\\\/www.meydan.tv\\\/az\\\/section\\\/bolge\\\/\"},{\"@type\":\"ListItem\",\"position\":3,\"name\":\"\u201cO\u011flumun k\u00fcr\u0259yind\u0259 dubinka, polisl\u0259rin \u00e7\u0259km\u0259l\u0259rinin izi vard\u0131\u2026\u201d\"}]},{\"@type\":\"WebSite\",\"@id\":\"https:\\\/\\\/www.meydan.tv\\\/az\\\/#website\",\"url\":\"https:\\\/\\\/www.meydan.tv\\\/az\\\/\",\"name\":\"MEYDAN.TV\",\"description\":\"Meydan TV Az\u0259rbaycan\u0131n media m\u0259kan\u0131ndak\u0131 alternativ s\u0259sidir\",\"publisher\":{\"@id\":\"https:\\\/\\\/www.meydan.tv\\\/az\\\/#organization\"},\"potentialAction\":[{\"@type\":\"SearchAction\",\"target\":{\"@type\":\"EntryPoint\",\"urlTemplate\":\"https:\\\/\\\/www.meydan.tv\\\/az\\\/?s={search_term_string}\"},\"query-input\":{\"@type\":\"PropertyValueSpecification\",\"valueRequired\":true,\"valueName\":\"search_term_string\"}}],\"inLanguage\":\"az\"},{\"@type\":\"Organization\",\"@id\":\"https:\\\/\\\/www.meydan.tv\\\/az\\\/#organization\",\"name\":\"Meydan TV\",\"url\":\"https:\\\/\\\/www.meydan.tv\\\/az\\\/\",\"logo\":{\"@type\":\"ImageObject\",\"inLanguage\":\"az\",\"@id\":\"https:\\\/\\\/www.meydan.tv\\\/az\\\/#\\\/schema\\\/logo\\\/image\\\/\",\"url\":\"https:\\\/\\\/www.meydan.tv\\\/wp-content\\\/uploads\\\/2021\\\/07\\\/meydan-logo.svg\",\"contentUrl\":\"https:\\\/\\\/www.meydan.tv\\\/wp-content\\\/uploads\\\/2021\\\/07\\\/meydan-logo.svg\",\"width\":195,\"height\":46,\"caption\":\"Meydan TV\"},\"image\":{\"@id\":\"https:\\\/\\\/www.meydan.tv\\\/az\\\/#\\\/schema\\\/logo\\\/image\\\/\"}},{\"@type\":\"Person\",\"@id\":\"https:\\\/\\\/www.meydan.tv\\\/az\\\/#\\\/schema\\\/person\\\/9cdbecf90d17180ce1dfbd95b08dcf47\",\"name\":\"elli\",\"sameAs\":[\"https:\\\/\\\/x.com\\\/elli\"]}]}<\/script>\n<!-- \/ Yoast SEO plugin. -->","yoast_head_json":{"title":"\u201cO\u011flumun k\u00fcr\u0259yind\u0259 dubinka, polisl\u0259rin \u00e7\u0259km\u0259l\u0259rinin izi vard\u0131\u2026\u201d - MEYDAN.TV","robots":{"index":"index","follow":"follow","max-snippet":"max-snippet:-1","max-image-preview":"max-image-preview:large","max-video-preview":"max-video-preview:-1"},"canonical":"https:\/\/www.meydan.tv\/az\/article\/oglumun-kureyinde-dubinka-polislerin-cekmelerinin-izi-vardi\/","og_locale":"az_AZ","og_type":"article","og_title":"\u201cO\u011flumun k\u00fcr\u0259yind\u0259 dubinka, polisl\u0259rin \u00e7\u0259km\u0259l\u0259rinin izi vard\u0131\u2026\u201d - MEYDAN.TV","og_description":"S\u0259may\u0259 C\u0259f\u0259rova: \u201c\u00d6vlad\u0131m\u0131n \u00f6l\u00fcm\u00fcnd\u0259 g\u00fcnah\u0131 olan polisl\u0259r c\u0259zas\u0131z qals\u0131n dey\u0259, ... Davam\u0131","og_url":"https:\/\/www.meydan.tv\/az\/article\/oglumun-kureyinde-dubinka-polislerin-cekmelerinin-izi-vardi\/","og_site_name":"MEYDAN.TV","article_published_time":"2022-08-10T12:21:17+00:00","article_modified_time":"2022-08-10T12:21:20+00:00","og_image":[{"width":1200,"height":900,"url":"https:\/\/www.meydan.tv\/wp-content\/uploads\/photo-2022-08-10-14-00-32.jpg","type":"image\/jpeg"}],"author":"elli","twitter_card":"summary_large_image","twitter_creator":"@elli","schema":{"@context":"https:\/\/schema.org","@graph":[{"@type":"Article","@id":"https:\/\/www.meydan.tv\/az\/article\/oglumun-kureyinde-dubinka-polislerin-cekmelerinin-izi-vardi\/#article","isPartOf":{"@id":"https:\/\/www.meydan.tv\/az\/article\/oglumun-kureyinde-dubinka-polislerin-cekmelerinin-izi-vardi\/"},"author":{"name":"elli","@id":"https:\/\/www.meydan.tv\/az\/#\/schema\/person\/9cdbecf90d17180ce1dfbd95b08dcf47"},"headline":"\u201cO\u011flumun k\u00fcr\u0259yind\u0259 dubinka, polisl\u0259rin \u00e7\u0259km\u0259l\u0259rinin izi vard\u0131\u2026\u201d","datePublished":"2022-08-10T12:21:17+00:00","dateModified":"2022-08-10T12:21:20+00:00","mainEntityOfPage":{"@id":"https:\/\/www.meydan.tv\/az\/article\/oglumun-kureyinde-dubinka-polislerin-cekmelerinin-izi-vardi\/"},"wordCount":1544,"publisher":{"@id":"https:\/\/www.meydan.tv\/az\/#organization"},"image":{"@id":"https:\/\/www.meydan.tv\/az\/article\/oglumun-kureyinde-dubinka-polislerin-cekmelerinin-izi-vardi\/#primaryimage"},"thumbnailUrl":"https:\/\/www.meydan.tv\/wp-content\/uploads\/photo-2022-08-10-14-00-32.jpg","articleSection":["B\u00f6lg\u0259","T\u00f6vsiy\u0259","X\u0259b\u0259rl\u0259r"],"inLanguage":"az"},{"@type":"WebPage","@id":"https:\/\/www.meydan.tv\/az\/article\/oglumun-kureyinde-dubinka-polislerin-cekmelerinin-izi-vardi\/","url":"https:\/\/www.meydan.tv\/az\/article\/oglumun-kureyinde-dubinka-polislerin-cekmelerinin-izi-vardi\/","name":"\u201cO\u011flumun k\u00fcr\u0259yind\u0259 dubinka, polisl\u0259rin \u00e7\u0259km\u0259l\u0259rinin izi vard\u0131\u2026\u201d - MEYDAN.TV","isPartOf":{"@id":"https:\/\/www.meydan.tv\/az\/#website"},"primaryImageOfPage":{"@id":"https:\/\/www.meydan.tv\/az\/article\/oglumun-kureyinde-dubinka-polislerin-cekmelerinin-izi-vardi\/#primaryimage"},"image":{"@id":"https:\/\/www.meydan.tv\/az\/article\/oglumun-kureyinde-dubinka-polislerin-cekmelerinin-izi-vardi\/#primaryimage"},"thumbnailUrl":"https:\/\/www.meydan.tv\/wp-content\/uploads\/photo-2022-08-10-14-00-32.jpg","datePublished":"2022-08-10T12:21:17+00:00","dateModified":"2022-08-10T12:21:20+00:00","breadcrumb":{"@id":"https:\/\/www.meydan.tv\/az\/article\/oglumun-kureyinde-dubinka-polislerin-cekmelerinin-izi-vardi\/#breadcrumb"},"inLanguage":"az","potentialAction":[{"@type":"ReadAction","target":["https:\/\/www.meydan.tv\/az\/article\/oglumun-kureyinde-dubinka-polislerin-cekmelerinin-izi-vardi\/"]}]},{"@type":"ImageObject","inLanguage":"az","@id":"https:\/\/www.meydan.tv\/az\/article\/oglumun-kureyinde-dubinka-polislerin-cekmelerinin-izi-vardi\/#primaryimage","url":"https:\/\/www.meydan.tv\/wp-content\/uploads\/photo-2022-08-10-14-00-32.jpg","contentUrl":"https:\/\/www.meydan.tv\/wp-content\/uploads\/photo-2022-08-10-14-00-32.jpg","width":1200,"height":900,"caption":"\u0130brahim C\u0259f\u0259rov. Foto: ail\u0259nin arxivind\u0259n"},{"@type":"BreadcrumbList","@id":"https:\/\/www.meydan.tv\/az\/article\/oglumun-kureyinde-dubinka-polislerin-cekmelerinin-izi-vardi\/#breadcrumb","itemListElement":[{"@type":"ListItem","position":1,"name":"Ana s\u0259hif\u0259","item":"https:\/\/www.meydan.tv\/az\/"},{"@type":"ListItem","position":2,"name":"B\u00f6lg\u0259","item":"https:\/\/www.meydan.tv\/az\/section\/bolge\/"},{"@type":"ListItem","position":3,"name":"\u201cO\u011flumun k\u00fcr\u0259yind\u0259 dubinka, polisl\u0259rin \u00e7\u0259km\u0259l\u0259rinin izi vard\u0131\u2026\u201d"}]},{"@type":"WebSite","@id":"https:\/\/www.meydan.tv\/az\/#website","url":"https:\/\/www.meydan.tv\/az\/","name":"MEYDAN.TV","description":"Meydan TV Az\u0259rbaycan\u0131n media m\u0259kan\u0131ndak\u0131 alternativ s\u0259sidir","publisher":{"@id":"https:\/\/www.meydan.tv\/az\/#organization"},"potentialAction":[{"@type":"SearchAction","target":{"@type":"EntryPoint","urlTemplate":"https:\/\/www.meydan.tv\/az\/?s={search_term_string}"},"query-input":{"@type":"PropertyValueSpecification","valueRequired":true,"valueName":"search_term_string"}}],"inLanguage":"az"},{"@type":"Organization","@id":"https:\/\/www.meydan.tv\/az\/#organization","name":"Meydan TV","url":"https:\/\/www.meydan.tv\/az\/","logo":{"@type":"ImageObject","inLanguage":"az","@id":"https:\/\/www.meydan.tv\/az\/#\/schema\/logo\/image\/","url":"https:\/\/www.meydan.tv\/wp-content\/uploads\/2021\/07\/meydan-logo.svg","contentUrl":"https:\/\/www.meydan.tv\/wp-content\/uploads\/2021\/07\/meydan-logo.svg","width":195,"height":46,"caption":"Meydan TV"},"image":{"@id":"https:\/\/www.meydan.tv\/az\/#\/schema\/logo\/image\/"}},{"@type":"Person","@id":"https:\/\/www.meydan.tv\/az\/#\/schema\/person\/9cdbecf90d17180ce1dfbd95b08dcf47","name":"elli","sameAs":["https:\/\/x.com\/elli"]}]}},"_links":{"self":[{"href":"https:\/\/www.meydan.tv\/az\/wp-json\/wp\/v2\/posts\/252927","targetHints":{"allow":["GET"]}}],"collection":[{"href":"https:\/\/www.meydan.tv\/az\/wp-json\/wp\/v2\/posts"}],"about":[{"href":"https:\/\/www.meydan.tv\/az\/wp-json\/wp\/v2\/types\/post"}],"author":[{"embeddable":true,"href":"https:\/\/www.meydan.tv\/az\/wp-json\/wp\/v2\/users\/8"}],"replies":[{"embeddable":true,"href":"https:\/\/www.meydan.tv\/az\/wp-json\/wp\/v2\/comments?post=252927"}],"version-history":[{"count":1,"href":"https:\/\/www.meydan.tv\/az\/wp-json\/wp\/v2\/posts\/252927\/revisions"}],"predecessor-version":[{"id":252937,"href":"https:\/\/www.meydan.tv\/az\/wp-json\/wp\/v2\/posts\/252927\/revisions\/252937"}],"wp:featuredmedia":[{"embeddable":true,"href":"https:\/\/www.meydan.tv\/az\/wp-json\/wp\/v2\/media\/252934"}],"wp:attachment":[{"href":"https:\/\/www.meydan.tv\/az\/wp-json\/wp\/v2\/media?parent=252927"}],"wp:term":[{"taxonomy":"category","embeddable":true,"href":"https:\/\/www.meydan.tv\/az\/wp-json\/wp\/v2\/categories?post=252927"},{"taxonomy":"post_tag","embeddable":true,"href":"https:\/\/www.meydan.tv\/az\/wp-json\/wp\/v2\/tags?post=252927"}],"curies":[{"name":"wp","href":"https:\/\/api.w.org\/{rel}","templated":true}]}}