{"id":252856,"date":"2022-08-09T17:44:18","date_gmt":"2022-08-09T13:44:18","guid":{"rendered":"https:\/\/www.meydan.tv\/?p=252856"},"modified":"2022-08-09T17:58:44","modified_gmt":"2022-08-09T13:58:44","slug":"hamile-qadini-aparib-polis-sobesinde-tezyiq-edibler-ki-yoldasimin-uzune-dursun","status":"publish","type":"post","link":"https:\/\/www.meydan.tv\/az\/article\/hamile-qadini-aparib-polis-sobesinde-tezyiq-edibler-ki-yoldasimin-uzune-dursun\/","title":{"rendered":"\u201cHamil\u0259 qad\u0131n\u0131 apar\u0131b polis \u015f\u00f6b\u0259sind\u0259 t\u0259zyiq edibl\u0259r ki, yolda\u015f\u0131m\u0131n \u00fcz\u00fcn\u0259 dursun\u2026\u201d"},"content":{"rendered":"\n<p><\/p>\n\n\n\n<p><em>\u015e\u0259bn\u0259m B\u0259d\u0259lova: \u201cBiz\u0259 deyirl\u0259r, B\u0259rd\u0259d\u0259 \u015f\u00f6b\u0259d\u0259di, amma Bak\u0131ya &#8211; \u201cbanditizm\u0259\u201d g\u0259tirib, orada ona g\u00fcnl\u0259rl\u0259 i\u015fg\u0259nc\u0259 verirl\u0259rmi\u015f\u2026\u201d<\/em><\/p>\n\n\n\n<p>B\u0259rd\u0259 rayonunun Piyadalar k\u0259nd sakini \u015e\u0259bn\u0259m B\u0259d\u0259lova h\u0259yat yolda\u015f\u0131n\u0131n polis idar\u0259sind\u0259 i\u015fg\u0259nc\u0259 alt\u0131nda oldu\u011funu deyir. Onun s\u00f6zl\u0259rin\u0259 g\u00f6r\u0259, k\u0259ndd\u0259 6 il \u00f6nc\u0259 ba\u015f vermi\u015f v\u0259 \u00fcst\u00fc a\u00e7\u0131lmayan \u00f6l\u00fcm i\u015fini H\u00fcseyn H\u00fcseynovun boynuna qoymaqdan \u00f6tr\u00fc i\u015fg\u0259nc\u0259 d\u0259 daxil olmaqla, m\u00fcxt\u0259lif t\u0259zyiq vasit\u0259l\u0259rind\u0259n istifad\u0259 olunur.<\/p>\n\n\n\n<p><strong>\u201cM\u0259cbur edirl\u0259r, desin ki, guya cinay\u0259t t\u00f6r\u0259tdiyini bilib, ona g\u00f6r\u0259 ni\u015fan\u0131 qaytar\u0131b\u2026\u201d<\/strong><\/p>\n\n\n\n<p>\u201cYolda\u015f\u0131m vaxtil\u0259 ba\u015fqas\u0131yla ni\u015fanl\u0131 olub. Haz\u0131rda ail\u0259li v\u0259 hamil\u0259 v\u0259ziyy\u0259td\u0259 olan h\u0259min xan\u0131m\u0131 polis \u015f\u00f6b\u0259sin\u0259 apar\u0131b t\u0259zyiq edibl\u0259r ki, yolda\u015f\u0131m\u0131n \u00fcz\u00fcn\u0259 dursun. M\u0259cbur edirl\u0259r, desin ki, guya h\u0259min vaxt yolda\u015f\u0131m\u0131n cinay\u0259t t\u00f6r\u0259tdiyini bilib, buna g\u00f6r\u0259 ondan ayr\u0131l\u0131b. O da deyib ki, ax\u0131 bel\u0259 bir \u015fey olmay\u0131b, nec\u0259 yalan dan\u0131\u015f\u0131m? Yen\u0259 d\u0259 \u0259l \u00e7\u0259kmirl\u0259r\u2026\u201d, &#8211; \u015e\u0259bn\u0259m B\u0259d\u0259lova Meydan TV-y\u0259 dan\u0131\u015f\u0131r.<\/p>\n\n\n\n<p><strong>\u201cD\u00f6n\u0259r yediyi yerd\u0259 apar\u0131b, ad\u0131n\u0131 da qoyublar, guya polis\u0259 m\u00fcqavim\u0259t g\u00f6st\u0259rirdi\u201d<\/strong><\/p>\n\n\n\n<p>28 ya\u015fl\u0131 H\u00fcseyn H\u00fcseynov haz\u0131rda h\u0259bsd\u0259dir. Avqustun 26-da B\u0259rd\u0259 Rayon M\u0259hk\u0259m\u0259sinin q\u0259rar\u0131yla 30 sutkal\u0131q inzibati h\u0259bs q\u0259rar\u0131 \u00e7\u0131xar\u0131l\u0131b. \u0130ddia olunub ki. o, B\u0259rd\u0259 \u015f\u0259h\u0259rind\u0259 k\u00fc\u00e7\u0259d\u0259 ged\u0259rk\u0259n telefonla dan\u0131\u015fa-dan\u0131\u015fa s\u00f6y\u00fc\u015f s\u00f6y\u00fcb, onu intizama d\u0259v\u0259t ed\u0259n polis \u0259m\u0259kda\u015flar\u0131na m\u00fcqavim\u0259t g\u00f6st\u0259rib:<br>\u201c\u018fslind\u0259 is\u0259 m\u0259nim yolda\u015f\u0131m\u0131 d\u00f6n\u0259r yediyi yerd\u0259 polisl\u0259r g\u00f6t\u00fcr\u00fcb apar\u0131blar. Ad\u0131n\u0131 da qoyublar, s\u00f6y\u00fc\u015f s\u00f6y\u00fcrd\u00fc, polis\u0259 m\u00fcqavim\u0259t g\u00f6st\u0259rirdi. B\u0259rd\u0259 Rayon M\u0259hk\u0259m\u0259sind\u0259n 30 sutkal\u0131q h\u0259bs q\u0259rar\u0131n\u0131 alandan sonra birba\u015fa Bak\u0131ya \u2013 \u201cbanditizm\u201d\u0259 (Ba\u015f M\u00fct\u0259\u015f\u0259kkil Cinay\u0259tkarl\u0131qla M\u00fcbariz\u0259 \u0130dar\u0259si-red.) apar\u0131blar. Onun Bak\u0131da olmas\u0131n\u0131 bir h\u0259ft\u0259 sonra bilmi\u015fik. Biz\u0259 deyirdil\u0259r ki, guya B\u0259rd\u0259 Rayon Polis \u015e\u00f6b\u0259sind\u0259dir. Atas\u0131 gedirdi, buraxm\u0131rd\u0131lar, v\u0259kil gedirdi \u015f\u00f6b\u0259y\u0259, g\u00f6r\u00fc\u015fm\u0259y\u0259 qoymurdular. V\u0259kili bir h\u0259ft\u0259 aldad\u0131b, onunla g\u00f6r\u00fc\u015fm\u0259y\u0259 qoymad\u0131lar. S\u0259n dem\u0259, he\u00e7 B\u0259rd\u0259 Rayon Polis \u015e\u00f6b\u0259sind\u0259 yox imi\u015f, Bak\u0131da \u201cbanditizm\u201dd\u0259 imi\u015f\u2026\u201d<\/p>\n\n\n\n<p><strong>\u201cYolda\u015f\u0131m\u0131 d\u00f6y\u00fcbl\u0259r, toka veribl\u0259r, m\u0259hk\u0259m\u0259d\u0259n sonra yen\u0259 i\u015fg\u0259nc\u0259 verm\u0259y\u0259 apard\u0131lar\u201d<\/strong><\/p>\n\n\n\n<p>V\u0259kil h\u00fcquqlar\u0131n\u0131 m\u00fcdafi\u0259 etdiyi \u015f\u0259xsl\u0259 g\u00f6r\u00fc\u015f\u0259 bilm\u0259s\u0259 d\u0259, onun haqq\u0131ndak\u0131 30 sutkal\u0131q h\u0259bs q\u0259rar\u0131ndan apelyasiya \u015fikay\u0259ti verib. \u0130yulun 3-da G\u0259nc\u0259 Apelyasiya M\u0259hk\u0259m\u0259sind\u0259 bu i\u015f \u00fczr\u0259 m\u0259hk\u0259m\u0259 iclas\u0131 t\u0259yin olunsa da, m\u0259hk\u0259m\u0259y\u0259 d\u0259 onu g\u0259tirm\u0259yibl\u0259r. Ona g\u00f6r\u0259 m\u0259hk\u0259m\u0259 ke\u00e7irilm\u0259yib:<\/p>\n\n\n\n<p>\u201cH\u0259m ail\u0259si olaraq, biz, h\u0259m d\u0259 v\u0259kili daha haralara \u015fikay\u0259t el\u0259m\u0259mi\u015fik \u2013 Daxili \u0130\u015fl\u0259r Nazirliyinin 102 xidm\u0259ti, Ba\u015f Prokurorluq, Ombudsman Aparat\u0131\u2026 He\u00e7 bir n\u0259tic\u0259 yoxdur. H\u0259l\u0259 d\u0259 g\u00f6r\u00fc\u015f\u0259 bilm\u0259mi\u015fik yolda\u015f\u0131mla. Ay\u0131n 30-da m\u0259hk\u0259m\u0259y\u0259 g\u0259tirm\u0259m\u0259kl\u0259rini bel\u0259 izah el\u0259dil\u0259r ki, guya \u015f\u00f6b\u0259nin ma\u015f\u0131n\u0131 xarab olub. V\u0259t\u0259nda\u015f\u0131 bel\u0259 \u0259l\u0259 salmazlar. Sonradan bildik ki, o, h\u0259min vaxt Bak\u0131da olubmu\u015f. Avqustun 2-d\u0259 yenid\u0259n m\u0259hk\u0259m\u0259 t\u0259yin olundu, v\u0259kil n\u0259hay\u0259t, onu g\u00f6rd\u00fc. V\u0259kil\u0259 deyib ki, ona g\u00fcnl\u0259rdir i\u015fg\u0259nc\u0259 verirl\u0259r, t\u00f6r\u0259tm\u0259diyi cinay\u0259ti \u00fcz\u0259rin\u0259 g\u00f6t\u00fcrm\u0259sini t\u0259l\u0259b edirl\u0259r. O da raz\u0131la\u015fm\u0131r dey\u0259, i\u015fg\u0259nc\u0259 davam edir. Yolda\u015f\u0131m\u0131 d\u00f6y\u00fcbl\u0259r, toka veribl\u0259r. M\u0259hk\u0259m\u0259d\u0259n sonra yen\u0259 qaytar\u0131b apar\u0131blar i\u015fg\u0259nc\u0259 verm\u0259y\u0259. Biz\u0259 g\u00f6st\u0259rmirl\u0259r onu, deyirl\u0259r, pandemiyad\u0131r. \u018flb\u0259tt\u0259 ki, b\u0259han\u0259dir\u2026\u201d<\/p>\n\n\n\n<p><strong>\u201c\u0130\u015fg\u0259nc\u0259 alt\u0131nda oldu\u011funa g\u00f6r\u0259 ail\u0259sin\u0259 g\u00f6st\u0259rmirl\u0259r\u201d<\/strong><\/p>\n\n\n\n<p>G\u0259nc\u0259 Apelyasiya M\u0259hk\u0259m\u0259sind\u0259 H\u00fcseyn H\u00fcseynovun c\u0259zas\u0131 30 sutkadan 20 sutkaya endirilib. Ail\u0259si d\u00fc\u015f\u00fcn\u00fcr ki, a\u00e7\u0131lmayan cinay\u0259ti onun \u00fcz\u0259rin\u0259 qoymaq \u00fc\u00e7\u00fcn \u0259vv\u0259ld\u0259n plan c\u0131z\u0131l\u0131b. Bar\u0259sind\u0259 30 sutka h\u0259bs q\u0259rar\u0131 almaqda m\u0259qs\u0259d d\u0259 o m\u00fcdd\u0259td\u0259 i\u015fg\u0259nc\u0259 yoluyla buna nail olmaq olub:<\/p>\n\n\n\n<p>\u201cYolda\u015f\u0131m\u0131 sosial yard\u0131m verm\u0259k ad\u0131yla z\u0259ng el\u0259yib \u00e7a\u011f\u0131r\u0131blar. O yaz\u0131q da inan\u0131b, k\u0259ndd\u0259n gedib B\u0259rd\u0259nin \u00f6z\u00fcn\u0259. El\u0259 orada da g\u00f6t\u00fcr\u00fcb apar\u0131blar. M\u0259hk\u0259m\u0259nin q\u0259rar\u0131nda subay g\u00f6st\u0259ribl\u0259r onu, halbuki, evlidi, iki u\u015fa\u011f\u0131m\u0131z var \u2013 biri 3 ya\u015f\u0131nda, biri d\u0259 6 ayl\u0131q. Anas\u0131 onkoloji x\u0259st\u0259dir, atas\u0131 ya\u015fl\u0131, x\u0259st\u0259 adamd\u0131r. O v\u0259ziyy\u0259td\u0259 ne\u00e7\u0259 d\u0259f\u0259 B\u0259rd\u0259 Rayon Polis \u015e\u00f6b\u0259sin\u0259 gedib. X\u0259st\u0259 adama bel\u0259 z\u00fclm el\u0259y\u0259rl\u0259r?\u201d. <\/p>\n\n\n\n<figure class=\"wp-block-image size-full\"><img decoding=\"async\" width=\"1200\" height=\"800\" data-src=\"https:\/\/www.meydan.tv\/wp-content\/uploads\/untitled-design-3-30.jpg\" alt=\"\" class=\"wp-image-252866 lazyload\" src=\"data:image\/svg+xml;base64,PHN2ZyB3aWR0aD0iMSIgaGVpZ2h0PSIxIiB4bWxucz0iaHR0cDovL3d3dy53My5vcmcvMjAwMC9zdmciPjwvc3ZnPg==\" style=\"--smush-placeholder-width: 1200px; --smush-placeholder-aspect-ratio: 1200\/800;\" \/><figcaption>Foto: H\u00fcseyn H\u00fcseynovun ail\u0259 albomundan<\/figcaption><\/figure>\n\n\n\n<p><br>\u015e\u0259bn\u0259m B\u0259d\u0259lovan\u0131n s\u00f6zl\u0259rin\u0259 g\u00f6r\u0259, \u015fikay\u0259t etdikl\u0259ri qurumlardan Ombudsman Aparat\u0131ndan cavab al\u0131blar. <\/p>\n\n\n\n<p>Onlara deyilib ki, getsinl\u0259r polis idar\u0259sin\u0259, g\u00f6r\u00fc\u015f veril\u0259c\u0259k. Amma yen\u0259 d\u0259 g\u00f6r\u00fc\u015f\u0259 bilm\u0259yib, geri qay\u0131d\u0131blar:<br>\u201cM\u0259n yolda\u015f\u0131mla g\u00f6r\u00fc\u015f\u00fcb, onun hans\u0131 v\u0259ziyy\u0259td\u0259 oldu\u011funu g\u00f6rm\u0259k ist\u0259yir\u0259m. Y\u0259qin i\u015fg\u0259nc\u0259 alt\u0131nda oldu\u011funa g\u00f6r\u0259 onu ail\u0259sin\u0259 g\u00f6st\u0259rmirl\u0259r. Bu q\u0259d\u0259r insafs\u0131zl\u0131q olmaz, adam el\u0259m\u0259diyi cinay\u0259ti nec\u0259 \u00fcz\u0259rin\u0259 g\u00f6t\u00fcrs\u00fcn?\u201d<\/p>\n\n\n\n<p><strong>Daxili \u0130\u015fl\u0259r Nazirliyi: \u201c\u0130ddialar \u0259sass\u0131zd\u0131r\u201d<\/strong><\/p>\n\n\n\n<p>Daxili \u0130\u015fl\u0259r Nazirliyi is\u0259 H\u00fcseyn H\u00fcseynovun \u0259sass\u0131z h\u0259bs olunmas\u0131, ba\u015fqa cinay\u0259ti boynuna qoymaq \u00fc\u00e7\u00fcn i\u015fg\u0259nc\u0259 alt\u0131nda saxlanmas\u0131 haqda deyil\u0259nl\u0259ri t\u0259kzib edir.<\/p>\n\n\n\n<p>\u201cBu bar\u0259d\u0259 iddialar \u0259sass\u0131zd\u0131r. V\u0259kili il\u0259 d\u0259f\u0259l\u0259rl\u0259 g\u00f6r\u00fc\u015f\u00fcb. T\u00f6r\u0259tdiyi x\u0259taya g\u00f6r\u0259 inzibati qaydada h\u0259bs olunub\u201d, &#8211; Daxili \u0130\u015fl\u0259r Nazirliyinin M\u0259tbuat Xidm\u0259tinin B\u0259rd\u0259 regional qrupundan Meydan TV-y\u0259 bel\u0259 deyilib.<\/p>\n\n\n\n<p><strong>6 il \u0259vv\u0259l ba\u015f vermi\u015f cinay\u0259t\u2026<\/strong><\/p>\n\n\n\n<p>2016-c\u0131 ilin may\u0131nda B\u0259rd\u0259 rayonunun Piyadalar k\u0259ndind\u0259 telefon t\u0259miri, fotoqrafl\u0131qla m\u0259\u015f\u011ful olan Bayramov Tahir Salman o\u011flu avtomobilind\u0259 q\u0259tl\u0259 yetirilib, daha sonra yand\u0131r\u0131l\u0131b. \u00dcst\u00fcnd\u0259n ill\u0259r ke\u00e7s\u0259 d\u0259, cinay\u0259tin \u00fcst\u00fc a\u00e7\u0131lmay\u0131b.<\/p>\n\n\n\n<p>T\u0259xmin\u0259n iki ay \u0259vv\u0259l ARB telekanal\u0131nda Xo\u015fq\u0259d\u0259d\u0259m Hiday\u0259tq\u0131z\u0131n\u0131n apar\u0131c\u0131 oldu\u011fu verili\u015fd\u0259 bu cinay\u0259tl\u0259 ba\u011fl\u0131 ara\u015fd\u0131rmalar ba\u015flay\u0131b. H\u00fcseyn H\u00fcseynovun ail\u0259 \u00fczvl\u0259ri deyir ki, bundan sonra h\u00fcquq-m\u00fchafiz\u0259 orqanlar\u0131 f\u0259alla\u015f\u0131b, a\u00e7\u0131lmayan cinay\u0259ti kimins\u0259 \u00fcz\u0259rin\u0259 y\u0131xma\u011fa \u00e7al\u0131\u015f\u0131blar. Onlar\u0131n fikrinc\u0259, H\u00fcseyn H\u00fcseynovun \u00fcz\u0259rind\u0259 dayan\u0131b onu \u015f\u0259rl\u0259m\u0259kl\u0259, cinay\u0259tin \u00fcst\u00fcn\u00fcn a\u00e7\u0131lmas\u0131 g\u00f6r\u00fcnt\u00fcs\u00fc yaratmaq ist\u0259yirl\u0259r.<\/p>\n","protected":false},"excerpt":{"rendered":"<p>\u015e\u0259bn\u0259m B\u0259d\u0259lova: \u201cBiz\u0259 deyirl\u0259r, B\u0259rd\u0259d\u0259 \u015f\u00f6b\u0259d\u0259di, amma Bak\u0131ya &#8211; \u201cbanditizm\u0259\u201d &#8230; <\/p>\n<p class=\"read-more-container\"><a title=\"\u201cHamil\u0259 qad\u0131n\u0131 apar\u0131b polis \u015f\u00f6b\u0259sind\u0259 t\u0259zyiq edibl\u0259r ki, yolda\u015f\u0131m\u0131n \u00fcz\u00fcn\u0259 dursun\u2026\u201d\" class=\"read-more button\" href=\"https:\/\/www.meydan.tv\/az\/article\/hamile-qadini-aparib-polis-sobesinde-tezyiq-edibler-ki-yoldasimin-uzune-dursun\/#more-252856\" aria-label=\"Read more about \u201cHamil\u0259 qad\u0131n\u0131 apar\u0131b polis \u015f\u00f6b\u0259sind\u0259 t\u0259zyiq edibl\u0259r ki, yolda\u015f\u0131m\u0131n \u00fcz\u00fcn\u0259 dursun\u2026\u201d\">Davam\u0131<\/a><\/p>\n","protected":false},"author":8,"featured_media":252857,"comment_status":"closed","ping_status":"closed","sticky":false,"template":"","format":"standard","meta":{"_acf_changed":false,"_sitemap_exclude":false,"_sitemap_priority":"","_sitemap_frequency":"","footnotes":""},"categories":[60,79,56],"tags":[],"class_list":["post-252856","post","type-post","status-publish","format-standard","has-post-thumbnail","hentry","category-bolge","category-featured","category-xeberler","infinite-scroll-item","generate-columns","tablet-grid-50","mobile-grid-100","grid-parent","grid-33","no-featured-image-padding"],"acf":[],"yoast_head":"<!-- This site is optimized with the Yoast SEO plugin v27.5 - https:\/\/yoast.com\/product\/yoast-seo-wordpress\/ -->\n<title>\u201cHamil\u0259 qad\u0131n\u0131 apar\u0131b polis \u015f\u00f6b\u0259sind\u0259 t\u0259zyiq edibl\u0259r ki, yolda\u015f\u0131m\u0131n \u00fcz\u00fcn\u0259 dursun\u2026\u201d - MEYDAN.TV<\/title>\n<meta name=\"robots\" content=\"index, follow, max-snippet:-1, max-image-preview:large, max-video-preview:-1\" \/>\n<link rel=\"canonical\" href=\"https:\/\/www.meydan.tv\/az\/article\/hamile-qadini-aparib-polis-sobesinde-tezyiq-edibler-ki-yoldasimin-uzune-dursun\/\" \/>\n<meta property=\"og:locale\" content=\"az_AZ\" \/>\n<meta property=\"og:type\" content=\"article\" \/>\n<meta property=\"og:title\" content=\"\u201cHamil\u0259 qad\u0131n\u0131 apar\u0131b polis \u015f\u00f6b\u0259sind\u0259 t\u0259zyiq edibl\u0259r ki, yolda\u015f\u0131m\u0131n \u00fcz\u00fcn\u0259 dursun\u2026\u201d - MEYDAN.TV\" \/>\n<meta property=\"og:description\" content=\"\u015e\u0259bn\u0259m B\u0259d\u0259lova: \u201cBiz\u0259 deyirl\u0259r, B\u0259rd\u0259d\u0259 \u015f\u00f6b\u0259d\u0259di, amma Bak\u0131ya &#8211; \u201cbanditizm\u0259\u201d ... Davam\u0131\" \/>\n<meta property=\"og:url\" content=\"https:\/\/www.meydan.tv\/az\/article\/hamile-qadini-aparib-polis-sobesinde-tezyiq-edibler-ki-yoldasimin-uzune-dursun\/\" \/>\n<meta property=\"og:site_name\" content=\"MEYDAN.TV\" \/>\n<meta property=\"article:published_time\" content=\"2022-08-09T13:44:18+00:00\" \/>\n<meta property=\"article:modified_time\" content=\"2022-08-09T13:58:44+00:00\" \/>\n<meta property=\"og:image\" content=\"https:\/\/www.meydan.tv\/wp-content\/uploads\/57097068_2196506703758633_8478026706546851840_n.jpg\" \/>\n\t<meta property=\"og:image:width\" content=\"1200\" \/>\n\t<meta property=\"og:image:height\" content=\"899\" \/>\n\t<meta property=\"og:image:type\" content=\"image\/jpeg\" \/>\n<meta name=\"author\" content=\"elli\" \/>\n<meta name=\"twitter:card\" content=\"summary_large_image\" \/>\n<meta name=\"twitter:creator\" content=\"@elli\" \/>\n<script type=\"application\/ld+json\" class=\"yoast-schema-graph\">{\"@context\":\"https:\\\/\\\/schema.org\",\"@graph\":[{\"@type\":\"Article\",\"@id\":\"https:\\\/\\\/www.meydan.tv\\\/az\\\/article\\\/hamile-qadini-aparib-polis-sobesinde-tezyiq-edibler-ki-yoldasimin-uzune-dursun\\\/#article\",\"isPartOf\":{\"@id\":\"https:\\\/\\\/www.meydan.tv\\\/az\\\/article\\\/hamile-qadini-aparib-polis-sobesinde-tezyiq-edibler-ki-yoldasimin-uzune-dursun\\\/\"},\"author\":{\"name\":\"elli\",\"@id\":\"https:\\\/\\\/www.meydan.tv\\\/az\\\/#\\\/schema\\\/person\\\/9cdbecf90d17180ce1dfbd95b08dcf47\"},\"headline\":\"\u201cHamil\u0259 qad\u0131n\u0131 apar\u0131b polis \u015f\u00f6b\u0259sind\u0259 t\u0259zyiq edibl\u0259r ki, yolda\u015f\u0131m\u0131n \u00fcz\u00fcn\u0259 dursun\u2026\u201d\",\"datePublished\":\"2022-08-09T13:44:18+00:00\",\"dateModified\":\"2022-08-09T13:58:44+00:00\",\"mainEntityOfPage\":{\"@id\":\"https:\\\/\\\/www.meydan.tv\\\/az\\\/article\\\/hamile-qadini-aparib-polis-sobesinde-tezyiq-edibler-ki-yoldasimin-uzune-dursun\\\/\"},\"wordCount\":1275,\"publisher\":{\"@id\":\"https:\\\/\\\/www.meydan.tv\\\/az\\\/#organization\"},\"image\":{\"@id\":\"https:\\\/\\\/www.meydan.tv\\\/az\\\/article\\\/hamile-qadini-aparib-polis-sobesinde-tezyiq-edibler-ki-yoldasimin-uzune-dursun\\\/#primaryimage\"},\"thumbnailUrl\":\"https:\\\/\\\/www.meydan.tv\\\/wp-content\\\/uploads\\\/57097068_2196506703758633_8478026706546851840_n.jpg\",\"articleSection\":[\"B\u00f6lg\u0259\",\"T\u00f6vsiy\u0259\",\"X\u0259b\u0259rl\u0259r\"],\"inLanguage\":\"az\"},{\"@type\":\"WebPage\",\"@id\":\"https:\\\/\\\/www.meydan.tv\\\/az\\\/article\\\/hamile-qadini-aparib-polis-sobesinde-tezyiq-edibler-ki-yoldasimin-uzune-dursun\\\/\",\"url\":\"https:\\\/\\\/www.meydan.tv\\\/az\\\/article\\\/hamile-qadini-aparib-polis-sobesinde-tezyiq-edibler-ki-yoldasimin-uzune-dursun\\\/\",\"name\":\"\u201cHamil\u0259 qad\u0131n\u0131 apar\u0131b polis \u015f\u00f6b\u0259sind\u0259 t\u0259zyiq edibl\u0259r ki, yolda\u015f\u0131m\u0131n \u00fcz\u00fcn\u0259 dursun\u2026\u201d - MEYDAN.TV\",\"isPartOf\":{\"@id\":\"https:\\\/\\\/www.meydan.tv\\\/az\\\/#website\"},\"primaryImageOfPage\":{\"@id\":\"https:\\\/\\\/www.meydan.tv\\\/az\\\/article\\\/hamile-qadini-aparib-polis-sobesinde-tezyiq-edibler-ki-yoldasimin-uzune-dursun\\\/#primaryimage\"},\"image\":{\"@id\":\"https:\\\/\\\/www.meydan.tv\\\/az\\\/article\\\/hamile-qadini-aparib-polis-sobesinde-tezyiq-edibler-ki-yoldasimin-uzune-dursun\\\/#primaryimage\"},\"thumbnailUrl\":\"https:\\\/\\\/www.meydan.tv\\\/wp-content\\\/uploads\\\/57097068_2196506703758633_8478026706546851840_n.jpg\",\"datePublished\":\"2022-08-09T13:44:18+00:00\",\"dateModified\":\"2022-08-09T13:58:44+00:00\",\"breadcrumb\":{\"@id\":\"https:\\\/\\\/www.meydan.tv\\\/az\\\/article\\\/hamile-qadini-aparib-polis-sobesinde-tezyiq-edibler-ki-yoldasimin-uzune-dursun\\\/#breadcrumb\"},\"inLanguage\":\"az\",\"potentialAction\":[{\"@type\":\"ReadAction\",\"target\":[\"https:\\\/\\\/www.meydan.tv\\\/az\\\/article\\\/hamile-qadini-aparib-polis-sobesinde-tezyiq-edibler-ki-yoldasimin-uzune-dursun\\\/\"]}]},{\"@type\":\"ImageObject\",\"inLanguage\":\"az\",\"@id\":\"https:\\\/\\\/www.meydan.tv\\\/az\\\/article\\\/hamile-qadini-aparib-polis-sobesinde-tezyiq-edibler-ki-yoldasimin-uzune-dursun\\\/#primaryimage\",\"url\":\"https:\\\/\\\/www.meydan.tv\\\/wp-content\\\/uploads\\\/57097068_2196506703758633_8478026706546851840_n.jpg\",\"contentUrl\":\"https:\\\/\\\/www.meydan.tv\\\/wp-content\\\/uploads\\\/57097068_2196506703758633_8478026706546851840_n.jpg\",\"width\":1200,\"height\":899,\"caption\":\"B\u0259rd\u0259 Rayon Polis \u015e\u00f6b\u0259si. M\u0259nb\u0259: D\u0130N\"},{\"@type\":\"BreadcrumbList\",\"@id\":\"https:\\\/\\\/www.meydan.tv\\\/az\\\/article\\\/hamile-qadini-aparib-polis-sobesinde-tezyiq-edibler-ki-yoldasimin-uzune-dursun\\\/#breadcrumb\",\"itemListElement\":[{\"@type\":\"ListItem\",\"position\":1,\"name\":\"Ana s\u0259hif\u0259\",\"item\":\"https:\\\/\\\/www.meydan.tv\\\/az\\\/\"},{\"@type\":\"ListItem\",\"position\":2,\"name\":\"B\u00f6lg\u0259\",\"item\":\"https:\\\/\\\/www.meydan.tv\\\/az\\\/section\\\/bolge\\\/\"},{\"@type\":\"ListItem\",\"position\":3,\"name\":\"\u201cHamil\u0259 qad\u0131n\u0131 apar\u0131b polis \u015f\u00f6b\u0259sind\u0259 t\u0259zyiq edibl\u0259r ki, yolda\u015f\u0131m\u0131n \u00fcz\u00fcn\u0259 dursun\u2026\u201d\"}]},{\"@type\":\"WebSite\",\"@id\":\"https:\\\/\\\/www.meydan.tv\\\/az\\\/#website\",\"url\":\"https:\\\/\\\/www.meydan.tv\\\/az\\\/\",\"name\":\"MEYDAN.TV\",\"description\":\"Meydan TV Az\u0259rbaycan\u0131n media m\u0259kan\u0131ndak\u0131 alternativ s\u0259sidir\",\"publisher\":{\"@id\":\"https:\\\/\\\/www.meydan.tv\\\/az\\\/#organization\"},\"potentialAction\":[{\"@type\":\"SearchAction\",\"target\":{\"@type\":\"EntryPoint\",\"urlTemplate\":\"https:\\\/\\\/www.meydan.tv\\\/az\\\/?s={search_term_string}\"},\"query-input\":{\"@type\":\"PropertyValueSpecification\",\"valueRequired\":true,\"valueName\":\"search_term_string\"}}],\"inLanguage\":\"az\"},{\"@type\":\"Organization\",\"@id\":\"https:\\\/\\\/www.meydan.tv\\\/az\\\/#organization\",\"name\":\"Meydan TV\",\"url\":\"https:\\\/\\\/www.meydan.tv\\\/az\\\/\",\"logo\":{\"@type\":\"ImageObject\",\"inLanguage\":\"az\",\"@id\":\"https:\\\/\\\/www.meydan.tv\\\/az\\\/#\\\/schema\\\/logo\\\/image\\\/\",\"url\":\"https:\\\/\\\/www.meydan.tv\\\/wp-content\\\/uploads\\\/2021\\\/07\\\/meydan-logo.svg\",\"contentUrl\":\"https:\\\/\\\/www.meydan.tv\\\/wp-content\\\/uploads\\\/2021\\\/07\\\/meydan-logo.svg\",\"width\":195,\"height\":46,\"caption\":\"Meydan TV\"},\"image\":{\"@id\":\"https:\\\/\\\/www.meydan.tv\\\/az\\\/#\\\/schema\\\/logo\\\/image\\\/\"}},{\"@type\":\"Person\",\"@id\":\"https:\\\/\\\/www.meydan.tv\\\/az\\\/#\\\/schema\\\/person\\\/9cdbecf90d17180ce1dfbd95b08dcf47\",\"name\":\"elli\",\"sameAs\":[\"https:\\\/\\\/x.com\\\/elli\"]}]}<\/script>\n<!-- \/ Yoast SEO plugin. -->","yoast_head_json":{"title":"\u201cHamil\u0259 qad\u0131n\u0131 apar\u0131b polis \u015f\u00f6b\u0259sind\u0259 t\u0259zyiq edibl\u0259r ki, yolda\u015f\u0131m\u0131n \u00fcz\u00fcn\u0259 dursun\u2026\u201d - MEYDAN.TV","robots":{"index":"index","follow":"follow","max-snippet":"max-snippet:-1","max-image-preview":"max-image-preview:large","max-video-preview":"max-video-preview:-1"},"canonical":"https:\/\/www.meydan.tv\/az\/article\/hamile-qadini-aparib-polis-sobesinde-tezyiq-edibler-ki-yoldasimin-uzune-dursun\/","og_locale":"az_AZ","og_type":"article","og_title":"\u201cHamil\u0259 qad\u0131n\u0131 apar\u0131b polis \u015f\u00f6b\u0259sind\u0259 t\u0259zyiq edibl\u0259r ki, yolda\u015f\u0131m\u0131n \u00fcz\u00fcn\u0259 dursun\u2026\u201d - MEYDAN.TV","og_description":"\u015e\u0259bn\u0259m B\u0259d\u0259lova: \u201cBiz\u0259 deyirl\u0259r, B\u0259rd\u0259d\u0259 \u015f\u00f6b\u0259d\u0259di, amma Bak\u0131ya &#8211; \u201cbanditizm\u0259\u201d ... Davam\u0131","og_url":"https:\/\/www.meydan.tv\/az\/article\/hamile-qadini-aparib-polis-sobesinde-tezyiq-edibler-ki-yoldasimin-uzune-dursun\/","og_site_name":"MEYDAN.TV","article_published_time":"2022-08-09T13:44:18+00:00","article_modified_time":"2022-08-09T13:58:44+00:00","og_image":[{"width":1200,"height":899,"url":"https:\/\/www.meydan.tv\/wp-content\/uploads\/57097068_2196506703758633_8478026706546851840_n.jpg","type":"image\/jpeg"}],"author":"elli","twitter_card":"summary_large_image","twitter_creator":"@elli","schema":{"@context":"https:\/\/schema.org","@graph":[{"@type":"Article","@id":"https:\/\/www.meydan.tv\/az\/article\/hamile-qadini-aparib-polis-sobesinde-tezyiq-edibler-ki-yoldasimin-uzune-dursun\/#article","isPartOf":{"@id":"https:\/\/www.meydan.tv\/az\/article\/hamile-qadini-aparib-polis-sobesinde-tezyiq-edibler-ki-yoldasimin-uzune-dursun\/"},"author":{"name":"elli","@id":"https:\/\/www.meydan.tv\/az\/#\/schema\/person\/9cdbecf90d17180ce1dfbd95b08dcf47"},"headline":"\u201cHamil\u0259 qad\u0131n\u0131 apar\u0131b polis \u015f\u00f6b\u0259sind\u0259 t\u0259zyiq edibl\u0259r ki, yolda\u015f\u0131m\u0131n \u00fcz\u00fcn\u0259 dursun\u2026\u201d","datePublished":"2022-08-09T13:44:18+00:00","dateModified":"2022-08-09T13:58:44+00:00","mainEntityOfPage":{"@id":"https:\/\/www.meydan.tv\/az\/article\/hamile-qadini-aparib-polis-sobesinde-tezyiq-edibler-ki-yoldasimin-uzune-dursun\/"},"wordCount":1275,"publisher":{"@id":"https:\/\/www.meydan.tv\/az\/#organization"},"image":{"@id":"https:\/\/www.meydan.tv\/az\/article\/hamile-qadini-aparib-polis-sobesinde-tezyiq-edibler-ki-yoldasimin-uzune-dursun\/#primaryimage"},"thumbnailUrl":"https:\/\/www.meydan.tv\/wp-content\/uploads\/57097068_2196506703758633_8478026706546851840_n.jpg","articleSection":["B\u00f6lg\u0259","T\u00f6vsiy\u0259","X\u0259b\u0259rl\u0259r"],"inLanguage":"az"},{"@type":"WebPage","@id":"https:\/\/www.meydan.tv\/az\/article\/hamile-qadini-aparib-polis-sobesinde-tezyiq-edibler-ki-yoldasimin-uzune-dursun\/","url":"https:\/\/www.meydan.tv\/az\/article\/hamile-qadini-aparib-polis-sobesinde-tezyiq-edibler-ki-yoldasimin-uzune-dursun\/","name":"\u201cHamil\u0259 qad\u0131n\u0131 apar\u0131b polis \u015f\u00f6b\u0259sind\u0259 t\u0259zyiq edibl\u0259r ki, yolda\u015f\u0131m\u0131n \u00fcz\u00fcn\u0259 dursun\u2026\u201d - MEYDAN.TV","isPartOf":{"@id":"https:\/\/www.meydan.tv\/az\/#website"},"primaryImageOfPage":{"@id":"https:\/\/www.meydan.tv\/az\/article\/hamile-qadini-aparib-polis-sobesinde-tezyiq-edibler-ki-yoldasimin-uzune-dursun\/#primaryimage"},"image":{"@id":"https:\/\/www.meydan.tv\/az\/article\/hamile-qadini-aparib-polis-sobesinde-tezyiq-edibler-ki-yoldasimin-uzune-dursun\/#primaryimage"},"thumbnailUrl":"https:\/\/www.meydan.tv\/wp-content\/uploads\/57097068_2196506703758633_8478026706546851840_n.jpg","datePublished":"2022-08-09T13:44:18+00:00","dateModified":"2022-08-09T13:58:44+00:00","breadcrumb":{"@id":"https:\/\/www.meydan.tv\/az\/article\/hamile-qadini-aparib-polis-sobesinde-tezyiq-edibler-ki-yoldasimin-uzune-dursun\/#breadcrumb"},"inLanguage":"az","potentialAction":[{"@type":"ReadAction","target":["https:\/\/www.meydan.tv\/az\/article\/hamile-qadini-aparib-polis-sobesinde-tezyiq-edibler-ki-yoldasimin-uzune-dursun\/"]}]},{"@type":"ImageObject","inLanguage":"az","@id":"https:\/\/www.meydan.tv\/az\/article\/hamile-qadini-aparib-polis-sobesinde-tezyiq-edibler-ki-yoldasimin-uzune-dursun\/#primaryimage","url":"https:\/\/www.meydan.tv\/wp-content\/uploads\/57097068_2196506703758633_8478026706546851840_n.jpg","contentUrl":"https:\/\/www.meydan.tv\/wp-content\/uploads\/57097068_2196506703758633_8478026706546851840_n.jpg","width":1200,"height":899,"caption":"B\u0259rd\u0259 Rayon Polis \u015e\u00f6b\u0259si. M\u0259nb\u0259: D\u0130N"},{"@type":"BreadcrumbList","@id":"https:\/\/www.meydan.tv\/az\/article\/hamile-qadini-aparib-polis-sobesinde-tezyiq-edibler-ki-yoldasimin-uzune-dursun\/#breadcrumb","itemListElement":[{"@type":"ListItem","position":1,"name":"Ana s\u0259hif\u0259","item":"https:\/\/www.meydan.tv\/az\/"},{"@type":"ListItem","position":2,"name":"B\u00f6lg\u0259","item":"https:\/\/www.meydan.tv\/az\/section\/bolge\/"},{"@type":"ListItem","position":3,"name":"\u201cHamil\u0259 qad\u0131n\u0131 apar\u0131b polis \u015f\u00f6b\u0259sind\u0259 t\u0259zyiq edibl\u0259r ki, yolda\u015f\u0131m\u0131n \u00fcz\u00fcn\u0259 dursun\u2026\u201d"}]},{"@type":"WebSite","@id":"https:\/\/www.meydan.tv\/az\/#website","url":"https:\/\/www.meydan.tv\/az\/","name":"MEYDAN.TV","description":"Meydan TV Az\u0259rbaycan\u0131n media m\u0259kan\u0131ndak\u0131 alternativ s\u0259sidir","publisher":{"@id":"https:\/\/www.meydan.tv\/az\/#organization"},"potentialAction":[{"@type":"SearchAction","target":{"@type":"EntryPoint","urlTemplate":"https:\/\/www.meydan.tv\/az\/?s={search_term_string}"},"query-input":{"@type":"PropertyValueSpecification","valueRequired":true,"valueName":"search_term_string"}}],"inLanguage":"az"},{"@type":"Organization","@id":"https:\/\/www.meydan.tv\/az\/#organization","name":"Meydan TV","url":"https:\/\/www.meydan.tv\/az\/","logo":{"@type":"ImageObject","inLanguage":"az","@id":"https:\/\/www.meydan.tv\/az\/#\/schema\/logo\/image\/","url":"https:\/\/www.meydan.tv\/wp-content\/uploads\/2021\/07\/meydan-logo.svg","contentUrl":"https:\/\/www.meydan.tv\/wp-content\/uploads\/2021\/07\/meydan-logo.svg","width":195,"height":46,"caption":"Meydan TV"},"image":{"@id":"https:\/\/www.meydan.tv\/az\/#\/schema\/logo\/image\/"}},{"@type":"Person","@id":"https:\/\/www.meydan.tv\/az\/#\/schema\/person\/9cdbecf90d17180ce1dfbd95b08dcf47","name":"elli","sameAs":["https:\/\/x.com\/elli"]}]}},"_links":{"self":[{"href":"https:\/\/www.meydan.tv\/az\/wp-json\/wp\/v2\/posts\/252856","targetHints":{"allow":["GET"]}}],"collection":[{"href":"https:\/\/www.meydan.tv\/az\/wp-json\/wp\/v2\/posts"}],"about":[{"href":"https:\/\/www.meydan.tv\/az\/wp-json\/wp\/v2\/types\/post"}],"author":[{"embeddable":true,"href":"https:\/\/www.meydan.tv\/az\/wp-json\/wp\/v2\/users\/8"}],"replies":[{"embeddable":true,"href":"https:\/\/www.meydan.tv\/az\/wp-json\/wp\/v2\/comments?post=252856"}],"version-history":[{"count":4,"href":"https:\/\/www.meydan.tv\/az\/wp-json\/wp\/v2\/posts\/252856\/revisions"}],"predecessor-version":[{"id":252870,"href":"https:\/\/www.meydan.tv\/az\/wp-json\/wp\/v2\/posts\/252856\/revisions\/252870"}],"wp:featuredmedia":[{"embeddable":true,"href":"https:\/\/www.meydan.tv\/az\/wp-json\/wp\/v2\/media\/252857"}],"wp:attachment":[{"href":"https:\/\/www.meydan.tv\/az\/wp-json\/wp\/v2\/media?parent=252856"}],"wp:term":[{"taxonomy":"category","embeddable":true,"href":"https:\/\/www.meydan.tv\/az\/wp-json\/wp\/v2\/categories?post=252856"},{"taxonomy":"post_tag","embeddable":true,"href":"https:\/\/www.meydan.tv\/az\/wp-json\/wp\/v2\/tags?post=252856"}],"curies":[{"name":"wp","href":"https:\/\/api.w.org\/{rel}","templated":true}]}}