{"id":252768,"date":"2022-08-08T13:49:14","date_gmt":"2022-08-08T09:49:14","guid":{"rendered":"https:\/\/www.meydan.tv\/?p=252768"},"modified":"2022-08-08T13:49:16","modified_gmt":"2022-08-08T09:49:16","slug":"britaniyali-musiqici-baydeni-tenqid-etdi-niye-zelenskini-rusiya-ile-danisiqlara-cagirmir","status":"publish","type":"post","link":"https:\/\/www.meydan.tv\/az\/article\/britaniyali-musiqici-baydeni-tenqid-etdi-niye-zelenskini-rusiya-ile-danisiqlara-cagirmir\/","title":{"rendered":"Britaniyal\u0131 musiqi\u00e7i Baydeni t\u0259nqid etdi: \u201cNiy\u0259 Zelenskini Rusiya il\u0259 dan\u0131\u015f\u0131qlara \u00e7a\u011f\u0131rm\u0131r?\u201d"},"content":{"rendered":"\n<p><\/p>\n\n\n\n<p><em>\u201cBayden Ukrayna \u0259traf\u0131nda yaranm\u0131\u015f v\u0259ziyy\u0259ti daha da q\u0131z\u0131\u015fd\u0131r\u0131r\u201d<\/em><\/p>\n\n\n\n<p>\u201cPink Floyd\u201d rok qrupunun yarad\u0131c\u0131lar\u0131ndan olan britaniyal\u0131 musiqi\u00e7i Rocer Uoters AB\u015e Prezidenti Co Baydeni Ukrayna il\u0259 ba\u011fl\u0131 siyas\u0259tin\u0259 g\u00f6r\u0259 t\u0259nqid edib.<\/p>\n\n\n\n<p>O, CNN telekanal\u0131na m\u00fcsahib\u0259sind\u0259 Amerika liderinin h\u0259r\u0259k\u0259tl\u0259ri il\u0259 ba\u011fl\u0131 fikirl\u0259rini <a href=\"https:\/\/edition.cnn.com\/videos\/politics\/2022\/08\/06\/smr-roger-waters.cnn\" target=\"_blank\" rel=\"noreferrer noopener\">a\u00e7\u0131qlay\u0131b.<\/a><\/p>\n\n\n\n<p>Uoters bildirib ki, Bayden Ukrayna \u0259traf\u0131nda yaranm\u0131\u015f v\u0259ziyy\u0259ti daha da q\u0131z\u0131\u015fd\u0131r\u0131r.<\/p>\n\n\n\n<p>O, Amerika Prezidentinin h\u0259r\u0259k\u0259tl\u0259rini b\u00f6y\u00fck cinay\u0259t adland\u0131r\u0131b.<\/p>\n\n\n\n<p>\u201cNiy\u0259 AB\u015e Ukrayna Prezidenti Volodimir Zelenskini bu d\u0259h\u015f\u0259tli m\u00fcnaqi\u015f\u0259y\u0259 son qoymaq \u00fc\u00e7\u00fcn Rusiya il\u0259 dan\u0131\u015f\u0131qlara ba\u015flama\u011fa \u00e7a\u011f\u0131rm\u0131r?\u201d, -musiqi\u00e7i deyib.<\/p>\n\n\n\n<p>Onun s\u00f6zl\u0259rin\u0259 g\u00f6r\u0259, r\u0259smi Moskva h\u0259rbi \u0259m\u0259liyyat\u0131 NATO-nun Rusiya s\u0259rh\u0259dl\u0259rin\u0259 do\u011fru ir\u0259lil\u0259m\u0259sin\u0259 cavab olaraq at\u0131b.<\/p>\n\n\n\n<p>Halbuki alyans bunu etm\u0259y\u0259c\u0259yin\u0259 s\u00f6z verib.<\/p>\n\n\n\n<p>Rocer Uoters h\u0259r zaman \u00e7\u0131x\u0131\u015flar\u0131 zaman\u0131 siyasi m\u00f6vzulara toxunur.<\/p>\n\n\n\n<p>Rusiyan\u0131n Ukraynada h\u00fccumu fevral\u0131n 24-d\u0259n ba\u015flay\u0131b.<\/p>\n","protected":false},"excerpt":{"rendered":"<p>\u201cBayden Ukrayna \u0259traf\u0131nda yaranm\u0131\u015f v\u0259ziyy\u0259ti daha da q\u0131z\u0131\u015fd\u0131r\u0131r\u201d \u201cPink Floyd\u201d &#8230; <\/p>\n<p class=\"read-more-container\"><a title=\"Britaniyal\u0131 musiqi\u00e7i Baydeni t\u0259nqid etdi: \u201cNiy\u0259 Zelenskini Rusiya il\u0259 dan\u0131\u015f\u0131qlara \u00e7a\u011f\u0131rm\u0131r?\u201d\" class=\"read-more button\" href=\"https:\/\/www.meydan.tv\/az\/article\/britaniyali-musiqici-baydeni-tenqid-etdi-niye-zelenskini-rusiya-ile-danisiqlara-cagirmir\/#more-252768\" aria-label=\"Read more about Britaniyal\u0131 musiqi\u00e7i Baydeni t\u0259nqid etdi: \u201cNiy\u0259 Zelenskini Rusiya il\u0259 dan\u0131\u015f\u0131qlara \u00e7a\u011f\u0131rm\u0131r?\u201d\">Davam\u0131<\/a><\/p>\n","protected":false},"author":8,"featured_media":252769,"comment_status":"closed","ping_status":"closed","sticky":false,"template":"","format":"standard","meta":{"_acf_changed":false,"_sitemap_exclude":false,"_sitemap_priority":"","_sitemap_frequency":"","footnotes":""},"categories":[52,56],"tags":[],"class_list":["post-252768","post","type-post","status-publish","format-standard","has-post-thumbnail","hentry","category-medeniyyet","category-xeberler","infinite-scroll-item","generate-columns","tablet-grid-50","mobile-grid-100","grid-parent","grid-33","no-featured-image-padding"],"acf":[],"yoast_head":"<!-- This site is optimized with the Yoast SEO plugin v27.5 - https:\/\/yoast.com\/product\/yoast-seo-wordpress\/ -->\n<title>Britaniyal\u0131 musiqi\u00e7i Baydeni t\u0259nqid etdi: \u201cNiy\u0259 Zelenskini Rusiya il\u0259 dan\u0131\u015f\u0131qlara \u00e7a\u011f\u0131rm\u0131r?\u201d - MEYDAN.TV<\/title>\n<meta name=\"robots\" content=\"index, follow, max-snippet:-1, max-image-preview:large, max-video-preview:-1\" \/>\n<link rel=\"canonical\" href=\"https:\/\/www.meydan.tv\/az\/article\/britaniyali-musiqici-baydeni-tenqid-etdi-niye-zelenskini-rusiya-ile-danisiqlara-cagirmir\/\" \/>\n<meta property=\"og:locale\" content=\"az_AZ\" \/>\n<meta property=\"og:type\" content=\"article\" \/>\n<meta property=\"og:title\" content=\"Britaniyal\u0131 musiqi\u00e7i Baydeni t\u0259nqid etdi: \u201cNiy\u0259 Zelenskini Rusiya il\u0259 dan\u0131\u015f\u0131qlara \u00e7a\u011f\u0131rm\u0131r?\u201d - MEYDAN.TV\" \/>\n<meta property=\"og:description\" content=\"\u201cBayden Ukrayna \u0259traf\u0131nda yaranm\u0131\u015f v\u0259ziyy\u0259ti daha da q\u0131z\u0131\u015fd\u0131r\u0131r\u201d \u201cPink Floyd\u201d ... Davam\u0131\" \/>\n<meta property=\"og:url\" content=\"https:\/\/www.meydan.tv\/az\/article\/britaniyali-musiqici-baydeni-tenqid-etdi-niye-zelenskini-rusiya-ile-danisiqlara-cagirmir\/\" \/>\n<meta property=\"og:site_name\" content=\"MEYDAN.TV\" \/>\n<meta property=\"article:published_time\" content=\"2022-08-08T09:49:14+00:00\" \/>\n<meta property=\"article:modified_time\" content=\"2022-08-08T09:49:16+00:00\" \/>\n<meta property=\"og:image\" content=\"https:\/\/www.meydan.tv\/wp-content\/uploads\/pink-floyd-1973-32d763d9-8deb-4cd8-a287-92ae0de7df3a-e1659952148829.jpg\" \/>\n\t<meta property=\"og:image:width\" content=\"1200\" \/>\n\t<meta property=\"og:image:height\" content=\"726\" \/>\n\t<meta property=\"og:image:type\" content=\"image\/jpeg\" \/>\n<meta name=\"author\" content=\"elli\" \/>\n<meta name=\"twitter:card\" content=\"summary_large_image\" \/>\n<meta name=\"twitter:creator\" content=\"@elli\" \/>\n<script type=\"application\/ld+json\" class=\"yoast-schema-graph\">{\"@context\":\"https:\\\/\\\/schema.org\",\"@graph\":[{\"@type\":\"Article\",\"@id\":\"https:\\\/\\\/www.meydan.tv\\\/az\\\/article\\\/britaniyali-musiqici-baydeni-tenqid-etdi-niye-zelenskini-rusiya-ile-danisiqlara-cagirmir\\\/#article\",\"isPartOf\":{\"@id\":\"https:\\\/\\\/www.meydan.tv\\\/az\\\/article\\\/britaniyali-musiqici-baydeni-tenqid-etdi-niye-zelenskini-rusiya-ile-danisiqlara-cagirmir\\\/\"},\"author\":{\"name\":\"elli\",\"@id\":\"https:\\\/\\\/www.meydan.tv\\\/az\\\/#\\\/schema\\\/person\\\/9cdbecf90d17180ce1dfbd95b08dcf47\"},\"headline\":\"Britaniyal\u0131 musiqi\u00e7i Baydeni t\u0259nqid etdi: \u201cNiy\u0259 Zelenskini Rusiya il\u0259 dan\u0131\u015f\u0131qlara \u00e7a\u011f\u0131rm\u0131r?\u201d\",\"datePublished\":\"2022-08-08T09:49:14+00:00\",\"dateModified\":\"2022-08-08T09:49:16+00:00\",\"mainEntityOfPage\":{\"@id\":\"https:\\\/\\\/www.meydan.tv\\\/az\\\/article\\\/britaniyali-musiqici-baydeni-tenqid-etdi-niye-zelenskini-rusiya-ile-danisiqlara-cagirmir\\\/\"},\"wordCount\":208,\"publisher\":{\"@id\":\"https:\\\/\\\/www.meydan.tv\\\/az\\\/#organization\"},\"image\":{\"@id\":\"https:\\\/\\\/www.meydan.tv\\\/az\\\/article\\\/britaniyali-musiqici-baydeni-tenqid-etdi-niye-zelenskini-rusiya-ile-danisiqlara-cagirmir\\\/#primaryimage\"},\"thumbnailUrl\":\"https:\\\/\\\/www.meydan.tv\\\/wp-content\\\/uploads\\\/pink-floyd-1973-32d763d9-8deb-4cd8-a287-92ae0de7df3a-e1659952148829.jpg\",\"articleSection\":[\"M\u0259d\u0259niyy\u0259t\",\"X\u0259b\u0259rl\u0259r\"],\"inLanguage\":\"az\"},{\"@type\":\"WebPage\",\"@id\":\"https:\\\/\\\/www.meydan.tv\\\/az\\\/article\\\/britaniyali-musiqici-baydeni-tenqid-etdi-niye-zelenskini-rusiya-ile-danisiqlara-cagirmir\\\/\",\"url\":\"https:\\\/\\\/www.meydan.tv\\\/az\\\/article\\\/britaniyali-musiqici-baydeni-tenqid-etdi-niye-zelenskini-rusiya-ile-danisiqlara-cagirmir\\\/\",\"name\":\"Britaniyal\u0131 musiqi\u00e7i Baydeni t\u0259nqid etdi: \u201cNiy\u0259 Zelenskini Rusiya il\u0259 dan\u0131\u015f\u0131qlara \u00e7a\u011f\u0131rm\u0131r?\u201d - MEYDAN.TV\",\"isPartOf\":{\"@id\":\"https:\\\/\\\/www.meydan.tv\\\/az\\\/#website\"},\"primaryImageOfPage\":{\"@id\":\"https:\\\/\\\/www.meydan.tv\\\/az\\\/article\\\/britaniyali-musiqici-baydeni-tenqid-etdi-niye-zelenskini-rusiya-ile-danisiqlara-cagirmir\\\/#primaryimage\"},\"image\":{\"@id\":\"https:\\\/\\\/www.meydan.tv\\\/az\\\/article\\\/britaniyali-musiqici-baydeni-tenqid-etdi-niye-zelenskini-rusiya-ile-danisiqlara-cagirmir\\\/#primaryimage\"},\"thumbnailUrl\":\"https:\\\/\\\/www.meydan.tv\\\/wp-content\\\/uploads\\\/pink-floyd-1973-32d763d9-8deb-4cd8-a287-92ae0de7df3a-e1659952148829.jpg\",\"datePublished\":\"2022-08-08T09:49:14+00:00\",\"dateModified\":\"2022-08-08T09:49:16+00:00\",\"breadcrumb\":{\"@id\":\"https:\\\/\\\/www.meydan.tv\\\/az\\\/article\\\/britaniyali-musiqici-baydeni-tenqid-etdi-niye-zelenskini-rusiya-ile-danisiqlara-cagirmir\\\/#breadcrumb\"},\"inLanguage\":\"az\",\"potentialAction\":[{\"@type\":\"ReadAction\",\"target\":[\"https:\\\/\\\/www.meydan.tv\\\/az\\\/article\\\/britaniyali-musiqici-baydeni-tenqid-etdi-niye-zelenskini-rusiya-ile-danisiqlara-cagirmir\\\/\"]}]},{\"@type\":\"ImageObject\",\"inLanguage\":\"az\",\"@id\":\"https:\\\/\\\/www.meydan.tv\\\/az\\\/article\\\/britaniyali-musiqici-baydeni-tenqid-etdi-niye-zelenskini-rusiya-ile-danisiqlara-cagirmir\\\/#primaryimage\",\"url\":\"https:\\\/\\\/www.meydan.tv\\\/wp-content\\\/uploads\\\/pink-floyd-1973-32d763d9-8deb-4cd8-a287-92ae0de7df3a-e1659952148829.jpg\",\"contentUrl\":\"https:\\\/\\\/www.meydan.tv\\\/wp-content\\\/uploads\\\/pink-floyd-1973-32d763d9-8deb-4cd8-a287-92ae0de7df3a-e1659952148829.jpg\",\"width\":1200,\"height\":726,\"caption\":\"M\u0259nb\u0259: \\\"rollingstone.com\\\"\"},{\"@type\":\"BreadcrumbList\",\"@id\":\"https:\\\/\\\/www.meydan.tv\\\/az\\\/article\\\/britaniyali-musiqici-baydeni-tenqid-etdi-niye-zelenskini-rusiya-ile-danisiqlara-cagirmir\\\/#breadcrumb\",\"itemListElement\":[{\"@type\":\"ListItem\",\"position\":1,\"name\":\"Ana s\u0259hif\u0259\",\"item\":\"https:\\\/\\\/www.meydan.tv\\\/az\\\/\"},{\"@type\":\"ListItem\",\"position\":2,\"name\":\"M\u0259d\u0259niyy\u0259t\",\"item\":\"https:\\\/\\\/www.meydan.tv\\\/az\\\/section\\\/medeniyyet\\\/\"},{\"@type\":\"ListItem\",\"position\":3,\"name\":\"Britaniyal\u0131 musiqi\u00e7i Baydeni t\u0259nqid etdi: \u201cNiy\u0259 Zelenskini Rusiya il\u0259 dan\u0131\u015f\u0131qlara \u00e7a\u011f\u0131rm\u0131r?\u201d\"}]},{\"@type\":\"WebSite\",\"@id\":\"https:\\\/\\\/www.meydan.tv\\\/az\\\/#website\",\"url\":\"https:\\\/\\\/www.meydan.tv\\\/az\\\/\",\"name\":\"MEYDAN.TV\",\"description\":\"Meydan TV Az\u0259rbaycan\u0131n media m\u0259kan\u0131ndak\u0131 alternativ s\u0259sidir\",\"publisher\":{\"@id\":\"https:\\\/\\\/www.meydan.tv\\\/az\\\/#organization\"},\"potentialAction\":[{\"@type\":\"SearchAction\",\"target\":{\"@type\":\"EntryPoint\",\"urlTemplate\":\"https:\\\/\\\/www.meydan.tv\\\/az\\\/?s={search_term_string}\"},\"query-input\":{\"@type\":\"PropertyValueSpecification\",\"valueRequired\":true,\"valueName\":\"search_term_string\"}}],\"inLanguage\":\"az\"},{\"@type\":\"Organization\",\"@id\":\"https:\\\/\\\/www.meydan.tv\\\/az\\\/#organization\",\"name\":\"Meydan TV\",\"url\":\"https:\\\/\\\/www.meydan.tv\\\/az\\\/\",\"logo\":{\"@type\":\"ImageObject\",\"inLanguage\":\"az\",\"@id\":\"https:\\\/\\\/www.meydan.tv\\\/az\\\/#\\\/schema\\\/logo\\\/image\\\/\",\"url\":\"https:\\\/\\\/www.meydan.tv\\\/wp-content\\\/uploads\\\/2021\\\/07\\\/meydan-logo.svg\",\"contentUrl\":\"https:\\\/\\\/www.meydan.tv\\\/wp-content\\\/uploads\\\/2021\\\/07\\\/meydan-logo.svg\",\"width\":195,\"height\":46,\"caption\":\"Meydan TV\"},\"image\":{\"@id\":\"https:\\\/\\\/www.meydan.tv\\\/az\\\/#\\\/schema\\\/logo\\\/image\\\/\"}},{\"@type\":\"Person\",\"@id\":\"https:\\\/\\\/www.meydan.tv\\\/az\\\/#\\\/schema\\\/person\\\/9cdbecf90d17180ce1dfbd95b08dcf47\",\"name\":\"elli\",\"sameAs\":[\"https:\\\/\\\/x.com\\\/elli\"]}]}<\/script>\n<!-- \/ Yoast SEO plugin. -->","yoast_head_json":{"title":"Britaniyal\u0131 musiqi\u00e7i Baydeni t\u0259nqid etdi: \u201cNiy\u0259 Zelenskini Rusiya il\u0259 dan\u0131\u015f\u0131qlara \u00e7a\u011f\u0131rm\u0131r?\u201d - MEYDAN.TV","robots":{"index":"index","follow":"follow","max-snippet":"max-snippet:-1","max-image-preview":"max-image-preview:large","max-video-preview":"max-video-preview:-1"},"canonical":"https:\/\/www.meydan.tv\/az\/article\/britaniyali-musiqici-baydeni-tenqid-etdi-niye-zelenskini-rusiya-ile-danisiqlara-cagirmir\/","og_locale":"az_AZ","og_type":"article","og_title":"Britaniyal\u0131 musiqi\u00e7i Baydeni t\u0259nqid etdi: \u201cNiy\u0259 Zelenskini Rusiya il\u0259 dan\u0131\u015f\u0131qlara \u00e7a\u011f\u0131rm\u0131r?\u201d - MEYDAN.TV","og_description":"\u201cBayden Ukrayna \u0259traf\u0131nda yaranm\u0131\u015f v\u0259ziyy\u0259ti daha da q\u0131z\u0131\u015fd\u0131r\u0131r\u201d \u201cPink Floyd\u201d ... Davam\u0131","og_url":"https:\/\/www.meydan.tv\/az\/article\/britaniyali-musiqici-baydeni-tenqid-etdi-niye-zelenskini-rusiya-ile-danisiqlara-cagirmir\/","og_site_name":"MEYDAN.TV","article_published_time":"2022-08-08T09:49:14+00:00","article_modified_time":"2022-08-08T09:49:16+00:00","og_image":[{"width":1200,"height":726,"url":"https:\/\/www.meydan.tv\/wp-content\/uploads\/pink-floyd-1973-32d763d9-8deb-4cd8-a287-92ae0de7df3a-e1659952148829.jpg","type":"image\/jpeg"}],"author":"elli","twitter_card":"summary_large_image","twitter_creator":"@elli","schema":{"@context":"https:\/\/schema.org","@graph":[{"@type":"Article","@id":"https:\/\/www.meydan.tv\/az\/article\/britaniyali-musiqici-baydeni-tenqid-etdi-niye-zelenskini-rusiya-ile-danisiqlara-cagirmir\/#article","isPartOf":{"@id":"https:\/\/www.meydan.tv\/az\/article\/britaniyali-musiqici-baydeni-tenqid-etdi-niye-zelenskini-rusiya-ile-danisiqlara-cagirmir\/"},"author":{"name":"elli","@id":"https:\/\/www.meydan.tv\/az\/#\/schema\/person\/9cdbecf90d17180ce1dfbd95b08dcf47"},"headline":"Britaniyal\u0131 musiqi\u00e7i Baydeni t\u0259nqid etdi: \u201cNiy\u0259 Zelenskini Rusiya il\u0259 dan\u0131\u015f\u0131qlara \u00e7a\u011f\u0131rm\u0131r?\u201d","datePublished":"2022-08-08T09:49:14+00:00","dateModified":"2022-08-08T09:49:16+00:00","mainEntityOfPage":{"@id":"https:\/\/www.meydan.tv\/az\/article\/britaniyali-musiqici-baydeni-tenqid-etdi-niye-zelenskini-rusiya-ile-danisiqlara-cagirmir\/"},"wordCount":208,"publisher":{"@id":"https:\/\/www.meydan.tv\/az\/#organization"},"image":{"@id":"https:\/\/www.meydan.tv\/az\/article\/britaniyali-musiqici-baydeni-tenqid-etdi-niye-zelenskini-rusiya-ile-danisiqlara-cagirmir\/#primaryimage"},"thumbnailUrl":"https:\/\/www.meydan.tv\/wp-content\/uploads\/pink-floyd-1973-32d763d9-8deb-4cd8-a287-92ae0de7df3a-e1659952148829.jpg","articleSection":["M\u0259d\u0259niyy\u0259t","X\u0259b\u0259rl\u0259r"],"inLanguage":"az"},{"@type":"WebPage","@id":"https:\/\/www.meydan.tv\/az\/article\/britaniyali-musiqici-baydeni-tenqid-etdi-niye-zelenskini-rusiya-ile-danisiqlara-cagirmir\/","url":"https:\/\/www.meydan.tv\/az\/article\/britaniyali-musiqici-baydeni-tenqid-etdi-niye-zelenskini-rusiya-ile-danisiqlara-cagirmir\/","name":"Britaniyal\u0131 musiqi\u00e7i Baydeni t\u0259nqid etdi: \u201cNiy\u0259 Zelenskini Rusiya il\u0259 dan\u0131\u015f\u0131qlara \u00e7a\u011f\u0131rm\u0131r?\u201d - MEYDAN.TV","isPartOf":{"@id":"https:\/\/www.meydan.tv\/az\/#website"},"primaryImageOfPage":{"@id":"https:\/\/www.meydan.tv\/az\/article\/britaniyali-musiqici-baydeni-tenqid-etdi-niye-zelenskini-rusiya-ile-danisiqlara-cagirmir\/#primaryimage"},"image":{"@id":"https:\/\/www.meydan.tv\/az\/article\/britaniyali-musiqici-baydeni-tenqid-etdi-niye-zelenskini-rusiya-ile-danisiqlara-cagirmir\/#primaryimage"},"thumbnailUrl":"https:\/\/www.meydan.tv\/wp-content\/uploads\/pink-floyd-1973-32d763d9-8deb-4cd8-a287-92ae0de7df3a-e1659952148829.jpg","datePublished":"2022-08-08T09:49:14+00:00","dateModified":"2022-08-08T09:49:16+00:00","breadcrumb":{"@id":"https:\/\/www.meydan.tv\/az\/article\/britaniyali-musiqici-baydeni-tenqid-etdi-niye-zelenskini-rusiya-ile-danisiqlara-cagirmir\/#breadcrumb"},"inLanguage":"az","potentialAction":[{"@type":"ReadAction","target":["https:\/\/www.meydan.tv\/az\/article\/britaniyali-musiqici-baydeni-tenqid-etdi-niye-zelenskini-rusiya-ile-danisiqlara-cagirmir\/"]}]},{"@type":"ImageObject","inLanguage":"az","@id":"https:\/\/www.meydan.tv\/az\/article\/britaniyali-musiqici-baydeni-tenqid-etdi-niye-zelenskini-rusiya-ile-danisiqlara-cagirmir\/#primaryimage","url":"https:\/\/www.meydan.tv\/wp-content\/uploads\/pink-floyd-1973-32d763d9-8deb-4cd8-a287-92ae0de7df3a-e1659952148829.jpg","contentUrl":"https:\/\/www.meydan.tv\/wp-content\/uploads\/pink-floyd-1973-32d763d9-8deb-4cd8-a287-92ae0de7df3a-e1659952148829.jpg","width":1200,"height":726,"caption":"M\u0259nb\u0259: \"rollingstone.com\""},{"@type":"BreadcrumbList","@id":"https:\/\/www.meydan.tv\/az\/article\/britaniyali-musiqici-baydeni-tenqid-etdi-niye-zelenskini-rusiya-ile-danisiqlara-cagirmir\/#breadcrumb","itemListElement":[{"@type":"ListItem","position":1,"name":"Ana s\u0259hif\u0259","item":"https:\/\/www.meydan.tv\/az\/"},{"@type":"ListItem","position":2,"name":"M\u0259d\u0259niyy\u0259t","item":"https:\/\/www.meydan.tv\/az\/section\/medeniyyet\/"},{"@type":"ListItem","position":3,"name":"Britaniyal\u0131 musiqi\u00e7i Baydeni t\u0259nqid etdi: \u201cNiy\u0259 Zelenskini Rusiya il\u0259 dan\u0131\u015f\u0131qlara \u00e7a\u011f\u0131rm\u0131r?\u201d"}]},{"@type":"WebSite","@id":"https:\/\/www.meydan.tv\/az\/#website","url":"https:\/\/www.meydan.tv\/az\/","name":"MEYDAN.TV","description":"Meydan TV Az\u0259rbaycan\u0131n media m\u0259kan\u0131ndak\u0131 alternativ s\u0259sidir","publisher":{"@id":"https:\/\/www.meydan.tv\/az\/#organization"},"potentialAction":[{"@type":"SearchAction","target":{"@type":"EntryPoint","urlTemplate":"https:\/\/www.meydan.tv\/az\/?s={search_term_string}"},"query-input":{"@type":"PropertyValueSpecification","valueRequired":true,"valueName":"search_term_string"}}],"inLanguage":"az"},{"@type":"Organization","@id":"https:\/\/www.meydan.tv\/az\/#organization","name":"Meydan TV","url":"https:\/\/www.meydan.tv\/az\/","logo":{"@type":"ImageObject","inLanguage":"az","@id":"https:\/\/www.meydan.tv\/az\/#\/schema\/logo\/image\/","url":"https:\/\/www.meydan.tv\/wp-content\/uploads\/2021\/07\/meydan-logo.svg","contentUrl":"https:\/\/www.meydan.tv\/wp-content\/uploads\/2021\/07\/meydan-logo.svg","width":195,"height":46,"caption":"Meydan TV"},"image":{"@id":"https:\/\/www.meydan.tv\/az\/#\/schema\/logo\/image\/"}},{"@type":"Person","@id":"https:\/\/www.meydan.tv\/az\/#\/schema\/person\/9cdbecf90d17180ce1dfbd95b08dcf47","name":"elli","sameAs":["https:\/\/x.com\/elli"]}]}},"_links":{"self":[{"href":"https:\/\/www.meydan.tv\/az\/wp-json\/wp\/v2\/posts\/252768","targetHints":{"allow":["GET"]}}],"collection":[{"href":"https:\/\/www.meydan.tv\/az\/wp-json\/wp\/v2\/posts"}],"about":[{"href":"https:\/\/www.meydan.tv\/az\/wp-json\/wp\/v2\/types\/post"}],"author":[{"embeddable":true,"href":"https:\/\/www.meydan.tv\/az\/wp-json\/wp\/v2\/users\/8"}],"replies":[{"embeddable":true,"href":"https:\/\/www.meydan.tv\/az\/wp-json\/wp\/v2\/comments?post=252768"}],"version-history":[{"count":1,"href":"https:\/\/www.meydan.tv\/az\/wp-json\/wp\/v2\/posts\/252768\/revisions"}],"predecessor-version":[{"id":252772,"href":"https:\/\/www.meydan.tv\/az\/wp-json\/wp\/v2\/posts\/252768\/revisions\/252772"}],"wp:featuredmedia":[{"embeddable":true,"href":"https:\/\/www.meydan.tv\/az\/wp-json\/wp\/v2\/media\/252769"}],"wp:attachment":[{"href":"https:\/\/www.meydan.tv\/az\/wp-json\/wp\/v2\/media?parent=252768"}],"wp:term":[{"taxonomy":"category","embeddable":true,"href":"https:\/\/www.meydan.tv\/az\/wp-json\/wp\/v2\/categories?post=252768"},{"taxonomy":"post_tag","embeddable":true,"href":"https:\/\/www.meydan.tv\/az\/wp-json\/wp\/v2\/tags?post=252768"}],"curies":[{"name":"wp","href":"https:\/\/api.w.org\/{rel}","templated":true}]}}