{"id":252574,"date":"2022-08-05T13:00:42","date_gmt":"2022-08-05T09:00:42","guid":{"rendered":"https:\/\/www.meydan.tv\/?p=252574"},"modified":"2022-08-05T13:00:44","modified_gmt":"2022-08-05T09:00:44","slug":"italiya-putinin-memarinin-emlakina-hebs-qoyub","status":"publish","type":"post","link":"https:\/\/www.meydan.tv\/az\/article\/italiya-putinin-memarinin-emlakina-hebs-qoyub\/","title":{"rendered":"\u0130taliya \u201cPutinin memar\u0131\u201dn\u0131n \u0259mlak\u0131na h\u0259bs qoyub"},"content":{"rendered":"\n<p><\/p>\n\n\n\n<p><em>M\u00fcsadir\u0259 olunan \u0259mlak 141 milyon avro d\u0259y\u0259rind\u0259 qiym\u0259tl\u0259ndirilir<\/em><\/p>\n\n\n\n<p>\u0130taliyan\u0131n Maliyy\u0259 Qvardiyas\u0131 Rusiyada VIP m\u00fc\u015ft\u0259ril\u0259r \u00fc\u00e7\u00fcn iri sifari\u015fl\u0259ri yerin\u0259 yetirm\u0259kl\u0259 tan\u0131nan sahibkar v\u0259 memar Lanfranko Cirilloya m\u0259xsus da\u015f\u0131nar v\u0259 da\u015f\u0131nmaz \u0259mlaka h\u0259bs qoyub.<\/p>\n\n\n\n<p>63 ya\u015fl\u0131 Cirillo vergi pozuntular\u0131nda ittiham <a href=\"https:\/\/milano.repubblica.it\/cronaca\/2022\/08\/03\/news\/lanfranco_cirillo_architetto_putin_sequestro_beni_brescia-360265336\/\" target=\"_blank\" rel=\"noreferrer noopener\">olunub.<\/a><\/p>\n\n\n\n<p>\u0130\u015f adam\u0131ndan m\u00fcsadir\u0259 edil\u0259nl\u0259r aras\u0131nda bahal\u0131 da\u015f\u0131nmaz \u0259mlak, bank hesablar\u0131, na\u011fd pul, zin\u0259t \u0259\u015fyalar\u0131, m\u00fcasir inc\u0259s\u0259n\u0259t n\u00fcmun\u0259l\u0259ri v\u0259 iki milyon avroluq \u201cEurocopter EC130\u201d helikopterin oldu\u011fu bildirilir.<\/p>\n\n\n\n<p>M\u00fcsadir\u0259 edil\u0259nl\u0259r aras\u0131nda Pablo Pikasso, Vasili Kandinski, Pol Sezann, Amadeo Modilyani v\u0259 dig\u0259r m\u0259\u015fhur r\u0259ssamlar\u0131n he\u00e7 bir s\u0259n\u0259di olmayan r\u0259sml\u0259ri d\u0259 a\u015fkarlan\u0131b.<\/p>\n\n\n\n<p>M\u00fcsadir\u0259 olunan \u0259mlak 141 milyon avro d\u0259y\u0259rind\u0259 qiym\u0259tl\u0259ndirilir.<\/p>\n\n\n\n<p>\u0130stintaq 2022-ci ilin fevral\u0131nda ba\u015flay\u0131b.<\/p>\n\n\n\n<p>Lanfranko Rusiya Prezidenti Vladimir Putin \u00fc\u00e7\u00fcn Krasnodardak\u0131 Gelencik \u015f\u0259h\u0259ri yax\u0131nl\u0131\u011f\u0131nda d\u0259bd\u0259b\u0259li m\u00fclk tikdiyin\u0259 g\u00f6r\u0259 \u201cPutinin memar\u0131\u201d kimi d\u0259 tan\u0131n\u0131r.<\/p>\n\n\n\n<p><\/p>\n","protected":false},"excerpt":{"rendered":"<p>M\u00fcsadir\u0259 olunan \u0259mlak 141 milyon avro d\u0259y\u0259rind\u0259 qiym\u0259tl\u0259ndirilir \u0130taliyan\u0131n Maliyy\u0259 &#8230; <\/p>\n<p class=\"read-more-container\"><a title=\"\u0130taliya \u201cPutinin memar\u0131\u201dn\u0131n \u0259mlak\u0131na h\u0259bs qoyub\" class=\"read-more button\" href=\"https:\/\/www.meydan.tv\/az\/article\/italiya-putinin-memarinin-emlakina-hebs-qoyub\/#more-252574\" aria-label=\"Read more about \u0130taliya \u201cPutinin memar\u0131\u201dn\u0131n \u0259mlak\u0131na h\u0259bs qoyub\">Davam\u0131<\/a><\/p>\n","protected":false},"author":8,"featured_media":252575,"comment_status":"closed","ping_status":"closed","sticky":false,"template":"","format":"standard","meta":{"_acf_changed":false,"_sitemap_exclude":false,"_sitemap_priority":"","_sitemap_frequency":"","footnotes":""},"categories":[52,56],"tags":[],"class_list":["post-252574","post","type-post","status-publish","format-standard","has-post-thumbnail","hentry","category-medeniyyet","category-xeberler","infinite-scroll-item","generate-columns","tablet-grid-50","mobile-grid-100","grid-parent","grid-33","no-featured-image-padding"],"acf":[],"yoast_head":"<!-- This site is optimized with the Yoast SEO plugin v27.5 - https:\/\/yoast.com\/product\/yoast-seo-wordpress\/ -->\n<title>\u0130taliya \u201cPutinin memar\u0131\u201dn\u0131n \u0259mlak\u0131na h\u0259bs qoyub - MEYDAN.TV<\/title>\n<meta name=\"robots\" content=\"index, follow, max-snippet:-1, max-image-preview:large, max-video-preview:-1\" \/>\n<link rel=\"canonical\" href=\"https:\/\/www.meydan.tv\/az\/article\/italiya-putinin-memarinin-emlakina-hebs-qoyub\/\" \/>\n<meta property=\"og:locale\" content=\"az_AZ\" \/>\n<meta property=\"og:type\" content=\"article\" \/>\n<meta property=\"og:title\" content=\"\u0130taliya \u201cPutinin memar\u0131\u201dn\u0131n \u0259mlak\u0131na h\u0259bs qoyub - MEYDAN.TV\" \/>\n<meta property=\"og:description\" content=\"M\u00fcsadir\u0259 olunan \u0259mlak 141 milyon avro d\u0259y\u0259rind\u0259 qiym\u0259tl\u0259ndirilir \u0130taliyan\u0131n Maliyy\u0259 ... Davam\u0131\" \/>\n<meta property=\"og:url\" content=\"https:\/\/www.meydan.tv\/az\/article\/italiya-putinin-memarinin-emlakina-hebs-qoyub\/\" \/>\n<meta property=\"og:site_name\" content=\"MEYDAN.TV\" \/>\n<meta property=\"article:published_time\" content=\"2022-08-05T09:00:42+00:00\" \/>\n<meta property=\"article:modified_time\" content=\"2022-08-05T09:00:44+00:00\" \/>\n<meta property=\"og:image\" content=\"https:\/\/www.meydan.tv\/wp-content\/uploads\/134915202-99f2f424-5d7a-433f-8703-b030237d739d-e1659690026176.webp\" \/>\n\t<meta property=\"og:image:width\" content=\"735\" \/>\n\t<meta property=\"og:image:height\" content=\"286\" \/>\n\t<meta property=\"og:image:type\" content=\"image\/webp\" \/>\n<meta name=\"author\" content=\"elli\" \/>\n<meta name=\"twitter:card\" content=\"summary_large_image\" \/>\n<meta name=\"twitter:creator\" content=\"@elli\" \/>\n<script type=\"application\/ld+json\" class=\"yoast-schema-graph\">{\"@context\":\"https:\\\/\\\/schema.org\",\"@graph\":[{\"@type\":\"Article\",\"@id\":\"https:\\\/\\\/www.meydan.tv\\\/az\\\/article\\\/italiya-putinin-memarinin-emlakina-hebs-qoyub\\\/#article\",\"isPartOf\":{\"@id\":\"https:\\\/\\\/www.meydan.tv\\\/az\\\/article\\\/italiya-putinin-memarinin-emlakina-hebs-qoyub\\\/\"},\"author\":{\"name\":\"elli\",\"@id\":\"https:\\\/\\\/www.meydan.tv\\\/az\\\/#\\\/schema\\\/person\\\/9cdbecf90d17180ce1dfbd95b08dcf47\"},\"headline\":\"\u0130taliya \u201cPutinin memar\u0131\u201dn\u0131n \u0259mlak\u0131na h\u0259bs qoyub\",\"datePublished\":\"2022-08-05T09:00:42+00:00\",\"dateModified\":\"2022-08-05T09:00:44+00:00\",\"mainEntityOfPage\":{\"@id\":\"https:\\\/\\\/www.meydan.tv\\\/az\\\/article\\\/italiya-putinin-memarinin-emlakina-hebs-qoyub\\\/\"},\"wordCount\":192,\"publisher\":{\"@id\":\"https:\\\/\\\/www.meydan.tv\\\/az\\\/#organization\"},\"image\":{\"@id\":\"https:\\\/\\\/www.meydan.tv\\\/az\\\/article\\\/italiya-putinin-memarinin-emlakina-hebs-qoyub\\\/#primaryimage\"},\"thumbnailUrl\":\"https:\\\/\\\/www.meydan.tv\\\/wp-content\\\/uploads\\\/134915202-99f2f424-5d7a-433f-8703-b030237d739d-e1659690026176.webp\",\"articleSection\":[\"M\u0259d\u0259niyy\u0259t\",\"X\u0259b\u0259rl\u0259r\"],\"inLanguage\":\"az\"},{\"@type\":\"WebPage\",\"@id\":\"https:\\\/\\\/www.meydan.tv\\\/az\\\/article\\\/italiya-putinin-memarinin-emlakina-hebs-qoyub\\\/\",\"url\":\"https:\\\/\\\/www.meydan.tv\\\/az\\\/article\\\/italiya-putinin-memarinin-emlakina-hebs-qoyub\\\/\",\"name\":\"\u0130taliya \u201cPutinin memar\u0131\u201dn\u0131n \u0259mlak\u0131na h\u0259bs qoyub - MEYDAN.TV\",\"isPartOf\":{\"@id\":\"https:\\\/\\\/www.meydan.tv\\\/az\\\/#website\"},\"primaryImageOfPage\":{\"@id\":\"https:\\\/\\\/www.meydan.tv\\\/az\\\/article\\\/italiya-putinin-memarinin-emlakina-hebs-qoyub\\\/#primaryimage\"},\"image\":{\"@id\":\"https:\\\/\\\/www.meydan.tv\\\/az\\\/article\\\/italiya-putinin-memarinin-emlakina-hebs-qoyub\\\/#primaryimage\"},\"thumbnailUrl\":\"https:\\\/\\\/www.meydan.tv\\\/wp-content\\\/uploads\\\/134915202-99f2f424-5d7a-433f-8703-b030237d739d-e1659690026176.webp\",\"datePublished\":\"2022-08-05T09:00:42+00:00\",\"dateModified\":\"2022-08-05T09:00:44+00:00\",\"breadcrumb\":{\"@id\":\"https:\\\/\\\/www.meydan.tv\\\/az\\\/article\\\/italiya-putinin-memarinin-emlakina-hebs-qoyub\\\/#breadcrumb\"},\"inLanguage\":\"az\",\"potentialAction\":[{\"@type\":\"ReadAction\",\"target\":[\"https:\\\/\\\/www.meydan.tv\\\/az\\\/article\\\/italiya-putinin-memarinin-emlakina-hebs-qoyub\\\/\"]}]},{\"@type\":\"ImageObject\",\"inLanguage\":\"az\",\"@id\":\"https:\\\/\\\/www.meydan.tv\\\/az\\\/article\\\/italiya-putinin-memarinin-emlakina-hebs-qoyub\\\/#primaryimage\",\"url\":\"https:\\\/\\\/www.meydan.tv\\\/wp-content\\\/uploads\\\/134915202-99f2f424-5d7a-433f-8703-b030237d739d-e1659690026176.webp\",\"contentUrl\":\"https:\\\/\\\/www.meydan.tv\\\/wp-content\\\/uploads\\\/134915202-99f2f424-5d7a-433f-8703-b030237d739d-e1659690026176.webp\",\"width\":735,\"height\":286,\"caption\":\"Lanfranko Cirillo. M\u0259nb\u0259: \\\"milano.repubblica.it\\\"\"},{\"@type\":\"BreadcrumbList\",\"@id\":\"https:\\\/\\\/www.meydan.tv\\\/az\\\/article\\\/italiya-putinin-memarinin-emlakina-hebs-qoyub\\\/#breadcrumb\",\"itemListElement\":[{\"@type\":\"ListItem\",\"position\":1,\"name\":\"Ana s\u0259hif\u0259\",\"item\":\"https:\\\/\\\/www.meydan.tv\\\/az\\\/\"},{\"@type\":\"ListItem\",\"position\":2,\"name\":\"M\u0259d\u0259niyy\u0259t\",\"item\":\"https:\\\/\\\/www.meydan.tv\\\/az\\\/section\\\/medeniyyet\\\/\"},{\"@type\":\"ListItem\",\"position\":3,\"name\":\"\u0130taliya \u201cPutinin memar\u0131\u201dn\u0131n \u0259mlak\u0131na h\u0259bs qoyub\"}]},{\"@type\":\"WebSite\",\"@id\":\"https:\\\/\\\/www.meydan.tv\\\/az\\\/#website\",\"url\":\"https:\\\/\\\/www.meydan.tv\\\/az\\\/\",\"name\":\"MEYDAN.TV\",\"description\":\"Meydan TV Az\u0259rbaycan\u0131n media m\u0259kan\u0131ndak\u0131 alternativ s\u0259sidir\",\"publisher\":{\"@id\":\"https:\\\/\\\/www.meydan.tv\\\/az\\\/#organization\"},\"potentialAction\":[{\"@type\":\"SearchAction\",\"target\":{\"@type\":\"EntryPoint\",\"urlTemplate\":\"https:\\\/\\\/www.meydan.tv\\\/az\\\/?s={search_term_string}\"},\"query-input\":{\"@type\":\"PropertyValueSpecification\",\"valueRequired\":true,\"valueName\":\"search_term_string\"}}],\"inLanguage\":\"az\"},{\"@type\":\"Organization\",\"@id\":\"https:\\\/\\\/www.meydan.tv\\\/az\\\/#organization\",\"name\":\"Meydan TV\",\"url\":\"https:\\\/\\\/www.meydan.tv\\\/az\\\/\",\"logo\":{\"@type\":\"ImageObject\",\"inLanguage\":\"az\",\"@id\":\"https:\\\/\\\/www.meydan.tv\\\/az\\\/#\\\/schema\\\/logo\\\/image\\\/\",\"url\":\"https:\\\/\\\/www.meydan.tv\\\/wp-content\\\/uploads\\\/2021\\\/07\\\/meydan-logo.svg\",\"contentUrl\":\"https:\\\/\\\/www.meydan.tv\\\/wp-content\\\/uploads\\\/2021\\\/07\\\/meydan-logo.svg\",\"width\":195,\"height\":46,\"caption\":\"Meydan TV\"},\"image\":{\"@id\":\"https:\\\/\\\/www.meydan.tv\\\/az\\\/#\\\/schema\\\/logo\\\/image\\\/\"}},{\"@type\":\"Person\",\"@id\":\"https:\\\/\\\/www.meydan.tv\\\/az\\\/#\\\/schema\\\/person\\\/9cdbecf90d17180ce1dfbd95b08dcf47\",\"name\":\"elli\",\"sameAs\":[\"https:\\\/\\\/x.com\\\/elli\"]}]}<\/script>\n<!-- \/ Yoast SEO plugin. -->","yoast_head_json":{"title":"\u0130taliya \u201cPutinin memar\u0131\u201dn\u0131n \u0259mlak\u0131na h\u0259bs qoyub - MEYDAN.TV","robots":{"index":"index","follow":"follow","max-snippet":"max-snippet:-1","max-image-preview":"max-image-preview:large","max-video-preview":"max-video-preview:-1"},"canonical":"https:\/\/www.meydan.tv\/az\/article\/italiya-putinin-memarinin-emlakina-hebs-qoyub\/","og_locale":"az_AZ","og_type":"article","og_title":"\u0130taliya \u201cPutinin memar\u0131\u201dn\u0131n \u0259mlak\u0131na h\u0259bs qoyub - MEYDAN.TV","og_description":"M\u00fcsadir\u0259 olunan \u0259mlak 141 milyon avro d\u0259y\u0259rind\u0259 qiym\u0259tl\u0259ndirilir \u0130taliyan\u0131n Maliyy\u0259 ... Davam\u0131","og_url":"https:\/\/www.meydan.tv\/az\/article\/italiya-putinin-memarinin-emlakina-hebs-qoyub\/","og_site_name":"MEYDAN.TV","article_published_time":"2022-08-05T09:00:42+00:00","article_modified_time":"2022-08-05T09:00:44+00:00","og_image":[{"width":735,"height":286,"url":"https:\/\/www.meydan.tv\/wp-content\/uploads\/134915202-99f2f424-5d7a-433f-8703-b030237d739d-e1659690026176.webp","type":"image\/webp"}],"author":"elli","twitter_card":"summary_large_image","twitter_creator":"@elli","schema":{"@context":"https:\/\/schema.org","@graph":[{"@type":"Article","@id":"https:\/\/www.meydan.tv\/az\/article\/italiya-putinin-memarinin-emlakina-hebs-qoyub\/#article","isPartOf":{"@id":"https:\/\/www.meydan.tv\/az\/article\/italiya-putinin-memarinin-emlakina-hebs-qoyub\/"},"author":{"name":"elli","@id":"https:\/\/www.meydan.tv\/az\/#\/schema\/person\/9cdbecf90d17180ce1dfbd95b08dcf47"},"headline":"\u0130taliya \u201cPutinin memar\u0131\u201dn\u0131n \u0259mlak\u0131na h\u0259bs qoyub","datePublished":"2022-08-05T09:00:42+00:00","dateModified":"2022-08-05T09:00:44+00:00","mainEntityOfPage":{"@id":"https:\/\/www.meydan.tv\/az\/article\/italiya-putinin-memarinin-emlakina-hebs-qoyub\/"},"wordCount":192,"publisher":{"@id":"https:\/\/www.meydan.tv\/az\/#organization"},"image":{"@id":"https:\/\/www.meydan.tv\/az\/article\/italiya-putinin-memarinin-emlakina-hebs-qoyub\/#primaryimage"},"thumbnailUrl":"https:\/\/www.meydan.tv\/wp-content\/uploads\/134915202-99f2f424-5d7a-433f-8703-b030237d739d-e1659690026176.webp","articleSection":["M\u0259d\u0259niyy\u0259t","X\u0259b\u0259rl\u0259r"],"inLanguage":"az"},{"@type":"WebPage","@id":"https:\/\/www.meydan.tv\/az\/article\/italiya-putinin-memarinin-emlakina-hebs-qoyub\/","url":"https:\/\/www.meydan.tv\/az\/article\/italiya-putinin-memarinin-emlakina-hebs-qoyub\/","name":"\u0130taliya \u201cPutinin memar\u0131\u201dn\u0131n \u0259mlak\u0131na h\u0259bs qoyub - MEYDAN.TV","isPartOf":{"@id":"https:\/\/www.meydan.tv\/az\/#website"},"primaryImageOfPage":{"@id":"https:\/\/www.meydan.tv\/az\/article\/italiya-putinin-memarinin-emlakina-hebs-qoyub\/#primaryimage"},"image":{"@id":"https:\/\/www.meydan.tv\/az\/article\/italiya-putinin-memarinin-emlakina-hebs-qoyub\/#primaryimage"},"thumbnailUrl":"https:\/\/www.meydan.tv\/wp-content\/uploads\/134915202-99f2f424-5d7a-433f-8703-b030237d739d-e1659690026176.webp","datePublished":"2022-08-05T09:00:42+00:00","dateModified":"2022-08-05T09:00:44+00:00","breadcrumb":{"@id":"https:\/\/www.meydan.tv\/az\/article\/italiya-putinin-memarinin-emlakina-hebs-qoyub\/#breadcrumb"},"inLanguage":"az","potentialAction":[{"@type":"ReadAction","target":["https:\/\/www.meydan.tv\/az\/article\/italiya-putinin-memarinin-emlakina-hebs-qoyub\/"]}]},{"@type":"ImageObject","inLanguage":"az","@id":"https:\/\/www.meydan.tv\/az\/article\/italiya-putinin-memarinin-emlakina-hebs-qoyub\/#primaryimage","url":"https:\/\/www.meydan.tv\/wp-content\/uploads\/134915202-99f2f424-5d7a-433f-8703-b030237d739d-e1659690026176.webp","contentUrl":"https:\/\/www.meydan.tv\/wp-content\/uploads\/134915202-99f2f424-5d7a-433f-8703-b030237d739d-e1659690026176.webp","width":735,"height":286,"caption":"Lanfranko Cirillo. M\u0259nb\u0259: \"milano.repubblica.it\""},{"@type":"BreadcrumbList","@id":"https:\/\/www.meydan.tv\/az\/article\/italiya-putinin-memarinin-emlakina-hebs-qoyub\/#breadcrumb","itemListElement":[{"@type":"ListItem","position":1,"name":"Ana s\u0259hif\u0259","item":"https:\/\/www.meydan.tv\/az\/"},{"@type":"ListItem","position":2,"name":"M\u0259d\u0259niyy\u0259t","item":"https:\/\/www.meydan.tv\/az\/section\/medeniyyet\/"},{"@type":"ListItem","position":3,"name":"\u0130taliya \u201cPutinin memar\u0131\u201dn\u0131n \u0259mlak\u0131na h\u0259bs qoyub"}]},{"@type":"WebSite","@id":"https:\/\/www.meydan.tv\/az\/#website","url":"https:\/\/www.meydan.tv\/az\/","name":"MEYDAN.TV","description":"Meydan TV Az\u0259rbaycan\u0131n media m\u0259kan\u0131ndak\u0131 alternativ s\u0259sidir","publisher":{"@id":"https:\/\/www.meydan.tv\/az\/#organization"},"potentialAction":[{"@type":"SearchAction","target":{"@type":"EntryPoint","urlTemplate":"https:\/\/www.meydan.tv\/az\/?s={search_term_string}"},"query-input":{"@type":"PropertyValueSpecification","valueRequired":true,"valueName":"search_term_string"}}],"inLanguage":"az"},{"@type":"Organization","@id":"https:\/\/www.meydan.tv\/az\/#organization","name":"Meydan TV","url":"https:\/\/www.meydan.tv\/az\/","logo":{"@type":"ImageObject","inLanguage":"az","@id":"https:\/\/www.meydan.tv\/az\/#\/schema\/logo\/image\/","url":"https:\/\/www.meydan.tv\/wp-content\/uploads\/2021\/07\/meydan-logo.svg","contentUrl":"https:\/\/www.meydan.tv\/wp-content\/uploads\/2021\/07\/meydan-logo.svg","width":195,"height":46,"caption":"Meydan TV"},"image":{"@id":"https:\/\/www.meydan.tv\/az\/#\/schema\/logo\/image\/"}},{"@type":"Person","@id":"https:\/\/www.meydan.tv\/az\/#\/schema\/person\/9cdbecf90d17180ce1dfbd95b08dcf47","name":"elli","sameAs":["https:\/\/x.com\/elli"]}]}},"_links":{"self":[{"href":"https:\/\/www.meydan.tv\/az\/wp-json\/wp\/v2\/posts\/252574","targetHints":{"allow":["GET"]}}],"collection":[{"href":"https:\/\/www.meydan.tv\/az\/wp-json\/wp\/v2\/posts"}],"about":[{"href":"https:\/\/www.meydan.tv\/az\/wp-json\/wp\/v2\/types\/post"}],"author":[{"embeddable":true,"href":"https:\/\/www.meydan.tv\/az\/wp-json\/wp\/v2\/users\/8"}],"replies":[{"embeddable":true,"href":"https:\/\/www.meydan.tv\/az\/wp-json\/wp\/v2\/comments?post=252574"}],"version-history":[{"count":1,"href":"https:\/\/www.meydan.tv\/az\/wp-json\/wp\/v2\/posts\/252574\/revisions"}],"predecessor-version":[{"id":252578,"href":"https:\/\/www.meydan.tv\/az\/wp-json\/wp\/v2\/posts\/252574\/revisions\/252578"}],"wp:featuredmedia":[{"embeddable":true,"href":"https:\/\/www.meydan.tv\/az\/wp-json\/wp\/v2\/media\/252575"}],"wp:attachment":[{"href":"https:\/\/www.meydan.tv\/az\/wp-json\/wp\/v2\/media?parent=252574"}],"wp:term":[{"taxonomy":"category","embeddable":true,"href":"https:\/\/www.meydan.tv\/az\/wp-json\/wp\/v2\/categories?post=252574"},{"taxonomy":"post_tag","embeddable":true,"href":"https:\/\/www.meydan.tv\/az\/wp-json\/wp\/v2\/tags?post=252574"}],"curies":[{"name":"wp","href":"https:\/\/api.w.org\/{rel}","templated":true}]}}