{"id":252572,"date":"2022-08-05T12:54:27","date_gmt":"2022-08-05T08:54:27","guid":{"rendered":"https:\/\/www.meydan.tv\/?p=252572"},"modified":"2022-08-05T13:07:24","modified_gmt":"2022-08-05T09:07:24","slug":"makron-qarabagdaki-gerginliye-gore-ilham-eliyeve-zeng-edib","status":"publish","type":"post","link":"https:\/\/www.meydan.tv\/az\/article\/makron-qarabagdaki-gerginliye-gore-ilham-eliyeve-zeng-edib\/","title":{"rendered":"Makron Qaraba\u011fdak\u0131 g\u0259rginliy\u0259 g\u00f6r\u0259 \u0130lham \u018fliyev\u0259 z\u0259ng edib"},"content":{"rendered":"\n<p><\/p>\n\n\n\n<p><em>Fransa Prezidenti dan\u0131\u015f\u0131qlar\u0131n davam etdirilm\u0259sini ist\u0259yib<\/em><\/p>\n\n\n\n<p>Avqustun 4-d\u0259 Fransan\u0131n Prezidenti Emmanuel Makron Az\u0259rbaycan\u0131n Prezidenti \u0130lham \u018fliyev\u0259 z\u0259ng edib.<\/p>\n\n\n\n<p>Emmanuel Makronun son g\u00fcnl\u0259rd\u0259 regionda yaranm\u0131\u015f g\u0259rginlikd\u0259n narahatl\u0131\u011f\u0131n\u0131 ifad\u0259 edib.<\/p>\n\n\n\n<p>O, Erm\u0259nistanla Az\u0259rbaycan aras\u0131nda dan\u0131\u015f\u0131qlar\u0131n davam etdirilm\u0259sinin v\u0259 2020-ci il 10 noyabr tarixli \u00fc\u00e7t\u0259r\u0259fli B\u0259yanat\u0131n m\u00fcdd\u0259alar\u0131n\u0131n h\u0259yata ke\u00e7irilm\u0259sinin vacibliyini vur\u011fulay\u0131b.<\/p>\n\n\n\n<p>Makron Fransan\u0131n iki \u00f6lk\u0259 aras\u0131nda dialoqun davam etdirilm\u0259sin\u0259 d\u0259st\u0259k verm\u0259y\u0259 haz\u0131r oldu\u011funu deyib.<\/p>\n\n\n\n<p>Bu bar\u0259d\u0259 Az\u0259rbaycan Prezidentinin M\u0259tbuat Xidm\u0259ti m\u0259lumat <a href=\"https:\/\/president.az\/az\/articles\/view\/56842\" target=\"_blank\" rel=\"noreferrer noopener\">yay\u0131b<\/a>.<\/p>\n\n\n\n<p>&#8220;\u0130lham \u018fliyev Erm\u0259nistan t\u0259r\u0259find\u0259n n\u00f6vb\u0259ti h\u0259rbi t\u0259xribat\u0131n t\u00f6r\u0259dildiyini v\u0259 Rusiya s\u00fclhm\u0259raml\u0131 q\u00fcvv\u0259l\u0259rinin m\u00fcv\u0259qq\u0259ti yerl\u0259\u015fdirildiyi Az\u0259rbaycan \u0259razisind\u0259 ba\u015f vermi\u015f bu t\u0259xribat n\u0259tic\u0259sind\u0259 h\u0259rbi qulluq\u00e7umuzun h\u0259lak oldu\u011funu vur\u011fulay\u0131b&#8221;, &#8211; dey\u0259 a\u00e7\u0131qlamada qeyd olunur.<\/p>\n\n\n\n<p>Bildirilir ki, \u0130lham \u018fliyev Az\u0259rbaycan Silahl\u0131 Q\u00fcvv\u0259l\u0259rinin bu t\u0259xribat\u0131n qar\u015f\u0131s\u0131n\u0131 ald\u0131\u011f\u0131n\u0131, laz\u0131mi cavab t\u0259dbirl\u0259ri g\u00f6rd\u00fcy\u00fcn\u00fc deyib: <\/p>\n\n\n\n<p>&#8220;\u00d6lk\u0259 ba\u015f\u00e7\u0131s\u0131 ba\u015f vermi\u015f g\u0259rginliy\u0259 g\u00f6r\u0259 b\u00fct\u00fcn m\u0259suliyy\u0259tin Erm\u0259nistan\u0131n \u00fcz\u0259rin\u0259 d\u00fc\u015fd\u00fcy\u00fcn\u00fc bildirib. H\u0259m\u00e7inin Az\u0259rbaycan\u0131n Qaraba\u011f b\u00f6lg\u0259sind\u0259 m\u00f6vcudlu\u011funu davam etdir\u0259n Erm\u0259nistan silahl\u0131 q\u00fcvv\u0259l\u0259rinin v\u0259 qanunsuz erm\u0259ni h\u0259rbi birl\u0259\u015fm\u0259l\u0259rinin \u00fcns\u00fcrl\u0259rinin \u0259razimizd\u0259n \u00e7\u0131xar\u0131lmas\u0131n\u0131n t\u0259min edilm\u0259li oldu\u011funu vur\u011fulay\u0131b. \u018fliyev \u0259lav\u0259 edib ki, Erm\u0259nistan t\u0259r\u0259find\u0259n bu, h\u0259l\u0259 d\u0259 t\u0259min edilm\u0259yib. Bu is\u0259 \u00f6z n\u00f6vb\u0259sind\u0259 r\u0259smi Yerevan t\u0259r\u0259find\u0259n 2020-ci il 10 noyabr B\u0259yanat\u0131n\u0131n m\u00fcdd\u0259alar\u0131n\u0131n pozulmas\u0131 v\u0259 Erm\u0259nistan\u0131n \u00fcz\u0259rin\u0259 d\u00fc\u015f\u0259n \u00f6hd\u0259likl\u0259ri yerin\u0259 yetirm\u0259m\u0259sidir&#8221;.<\/p>\n\n\n\n<p>\u018fliyev s\u00f6hb\u0259t zaman\u0131 xat\u0131rlad\u0131b ki, \u00fc\u00e7t\u0259r\u0259fli B\u0259yanat\u0131n m\u00fcdd\u0259alar\u0131na uy\u011fun olaraq, Rusiya M\u00fcdafi\u0259 Nazirliyi il\u0259 \u0259ld\u0259 olunmu\u015f raz\u0131la\u015fma n\u0259tic\u0259sind\u0259 La\u00e7\u0131n d\u0259hlizin\u0259 alternativ yeni yolun mar\u015frutu m\u00fc\u0259yy\u0259n edilib:<\/p>\n\n\n\n<p> &#8220;Az\u0259rbaycan t\u0259r\u0259find\u0259n bu yolun in\u015fas\u0131 ba\u015fa \u00e7atd\u0131r\u0131lmaq \u00fczr\u0259dir. Bu i\u015fl\u0259r yekunla\u015fan kimi 2020-ci il 10 noyabr tarixli \u00fc\u00e7t\u0259r\u0259fli B\u0259yanata \u0259sas\u0259n Rusiya s\u00fclhm\u0259raml\u0131 q\u00fcvv\u0259l\u0259rinin h\u0259min yola dislokasiya olunmas\u0131 n\u0259z\u0259rd\u0259 tutulur&#8221;.<\/p>\n\n\n\n<p>Az\u0259rbaycan M\u00fcdafi\u0259 Nazirliyi avqustun 3-d\u0259 Qaraba\u011fdak\u0131 h\u0259rbi \u0259m\u0259liyyatlarda qar\u015f\u0131 t\u0259r\u0259fi ittiham edib.<\/p>\n\n\n\n<p>Nazirlik Rusiya s\u00fclhm\u0259raml\u0131lar\u0131n\u0131n m\u00fcv\u0259qq\u0259ti yerl\u0259\u015fdiyi Az\u0259rbaycan \u0259razisind\u0259ki qeyri-qanuni erm\u0259ni silahl\u0131 d\u0259st\u0259l\u0259rinin 10 noyabr 2020-ci il tarixli B\u0259yanat\u0131n\u0131n m\u00fcdd\u0259alar\u0131n\u0131 kobud sur\u0259td\u0259 pozdu\u011funu vur\u011fulayb.<\/p>\n\n\n\n<p>A\u00e7\u0131qlamada Az\u0259rbaycan ordusunun cavab t\u0259dbirl\u0259ri \u201cQisas\u201d \u0259m\u0259liyyat\u0131 adland\u0131r\u0131l\u0131b.<\/p>\n\n\n\n<p>Bildirilir ki, Az\u0259rbaycan ordusunun ke\u00e7irdiyi \u201cQisas\u201d cavab \u0259m\u0259liyyat\u0131 n\u0259tic\u0259sind\u0259 Q\u0131rxq\u0131z y\u00fcks\u0259kliyi, h\u0259m\u00e7inin Ki\u00e7ik Qafqaz da\u011f silsil\u0259sinin Qaraba\u011f silsil\u0259si boyu Sar\u0131baba v\u0259 bir s\u0131ra dig\u0259r \u0259h\u0259miyy\u0259tli hakim y\u00fcks\u0259klikl\u0259r n\u0259zar\u0259t\u0259 <a href=\"https:\/\/www.meydan.tv\/az\/article\/mudafie-nazirliyi-azerbaycan-qisas-emeliyyati-kecirib\/\" target=\"_blank\" rel=\"noreferrer noopener\">g\u00f6t\u00fcr\u00fcl\u00fcb<\/a>.<\/p>\n\n\n\n<p><strong>Xat\u0131rlatma<\/strong><\/p>\n\n\n\n<p>2020-ci ilin sentyabr\u0131nda Az\u0259rbaycan v\u0259 Erm\u0259nistan silahl\u0131 q\u00fcvv\u0259l\u0259ri aras\u0131nda qar\u015f\u0131durma ba\u015flay\u0131b.<\/p>\n\n\n\n<p>\u00dcmumilikd\u0259 44 g\u00fcn s\u00fcr\u0259n v\u0259 \u0130kinci Qaraba\u011f m\u00fcharib\u0259si adland\u0131r\u0131lan m\u00fcnaqi\u015f\u0259d\u0259 h\u0259r iki t\u0259r\u0259fd\u0259n 6 mind\u0259n art\u0131q h\u0259rb\u00e7i h\u0259lak olub.<\/p>\n\n\n\n<p>Az\u0259rbaycan Da\u011fl\u0131q Qaraba\u011f b\u00f6lg\u0259sinin bir hiss\u0259sin\u0259 v\u0259 \u0259traf 7 rayona n\u0259zar\u0259ti b\u0259rpa edib.<\/p>\n\n\n\n<p>H\u0259min ilin 10 noyabr b\u0259yanat\u0131na (Az\u0259rbaycan, Erm\u0259nistan v\u0259 Rusiya aras\u0131nda imzalan\u0131b) \u0259sas\u0259n, d\u00f6y\u00fc\u015fl\u0259r dayand\u0131r\u0131l\u0131b.<\/p>\n\n\n\n<p>Bundan sonra La\u00e7\u0131n d\u0259hlizind\u0259 v\u0259 Qaraba\u011fda Rusiya s\u00fclhm\u0259raml\u0131lar\u0131 yerl\u0259\u015fdirilib.<\/p>\n\n\n\n<p>\u0130kinci Qaraba\u011f m\u00fcharib\u0259sind\u0259n \u00f6nc\u0259, 1994-c\u00fc ild\u0259 ger\u00e7\u0259kl\u0259\u015f\u0259n at\u0259\u015fk\u0259s raz\u0131la\u015fmas\u0131na q\u0259d\u0259r Az\u0259rbaycan\u0131n Da\u011fl\u0131q Qaraba\u011f b\u00f6lg\u0259si v\u0259 ona biti\u015fik 7 rayonu i\u015f\u011fal edilib.<\/p>\n\n\n\n<p>M\u00fcnaqi\u015f\u0259 SSR\u0130 d\u00f6n\u0259mind\u0259n Erm\u0259nistan\u0131n Az\u0259rbaycana qar\u015f\u0131 \u0259razi iddialar\u0131 il\u0259 ba\u015flay\u0131b.<\/p>\n","protected":false},"excerpt":{"rendered":"<p>Fransa Prezidenti dan\u0131\u015f\u0131qlar\u0131n davam etdirilm\u0259sini ist\u0259yib Avqustun 4-d\u0259 Fransan\u0131n Prezidenti &#8230; <\/p>\n<p class=\"read-more-container\"><a title=\"Makron Qaraba\u011fdak\u0131 g\u0259rginliy\u0259 g\u00f6r\u0259 \u0130lham \u018fliyev\u0259 z\u0259ng edib\" class=\"read-more button\" href=\"https:\/\/www.meydan.tv\/az\/article\/makron-qarabagdaki-gerginliye-gore-ilham-eliyeve-zeng-edib\/#more-252572\" aria-label=\"Read more about Makron Qaraba\u011fdak\u0131 g\u0259rginliy\u0259 g\u00f6r\u0259 \u0130lham \u018fliyev\u0259 z\u0259ng edib\">Davam\u0131<\/a><\/p>\n","protected":false},"author":8,"featured_media":161796,"comment_status":"closed","ping_status":"closed","sticky":false,"template":"","format":"standard","meta":{"_acf_changed":false,"_sitemap_exclude":false,"_sitemap_priority":"","_sitemap_frequency":"","footnotes":""},"categories":[59,56],"tags":[],"class_list":["post-252572","post","type-post","status-publish","format-standard","has-post-thumbnail","hentry","category-siyaset","category-xeberler","infinite-scroll-item","generate-columns","tablet-grid-50","mobile-grid-100","grid-parent","grid-33","no-featured-image-padding"],"acf":[],"yoast_head":"<!-- This site is optimized with the Yoast SEO plugin v27.4 - https:\/\/yoast.com\/product\/yoast-seo-wordpress\/ -->\n<title>Makron Qaraba\u011fdak\u0131 g\u0259rginliy\u0259 g\u00f6r\u0259 \u0130lham \u018fliyev\u0259 z\u0259ng edib - MEYDAN.TV<\/title>\n<meta name=\"robots\" content=\"index, follow, max-snippet:-1, max-image-preview:large, max-video-preview:-1\" \/>\n<link rel=\"canonical\" href=\"https:\/\/www.meydan.tv\/az\/article\/makron-qarabagdaki-gerginliye-gore-ilham-eliyeve-zeng-edib\/\" \/>\n<meta property=\"og:locale\" content=\"az_AZ\" \/>\n<meta property=\"og:type\" content=\"article\" \/>\n<meta property=\"og:title\" content=\"Makron Qaraba\u011fdak\u0131 g\u0259rginliy\u0259 g\u00f6r\u0259 \u0130lham \u018fliyev\u0259 z\u0259ng edib - MEYDAN.TV\" \/>\n<meta property=\"og:description\" content=\"Fransa Prezidenti dan\u0131\u015f\u0131qlar\u0131n davam etdirilm\u0259sini ist\u0259yib Avqustun 4-d\u0259 Fransan\u0131n Prezidenti ... Davam\u0131\" \/>\n<meta property=\"og:url\" content=\"https:\/\/www.meydan.tv\/az\/article\/makron-qarabagdaki-gerginliye-gore-ilham-eliyeve-zeng-edib\/\" \/>\n<meta property=\"og:site_name\" content=\"MEYDAN.TV\" \/>\n<meta property=\"article:published_time\" content=\"2022-08-05T08:54:27+00:00\" \/>\n<meta property=\"article:modified_time\" content=\"2022-08-05T09:07:24+00:00\" \/>\n<meta property=\"og:image\" content=\"https:\/\/www.meydan.tv\/wp-content\/uploads\/1532097514img__3.jpg\" \/>\n\t<meta property=\"og:image:width\" content=\"1340\" \/>\n\t<meta property=\"og:image:height\" content=\"838\" \/>\n\t<meta property=\"og:image:type\" content=\"image\/jpeg\" \/>\n<meta name=\"author\" content=\"elli\" \/>\n<meta name=\"twitter:card\" content=\"summary_large_image\" \/>\n<meta name=\"twitter:creator\" content=\"@elli\" \/>\n<script type=\"application\/ld+json\" class=\"yoast-schema-graph\">{\"@context\":\"https:\\\/\\\/schema.org\",\"@graph\":[{\"@type\":\"Article\",\"@id\":\"https:\\\/\\\/www.meydan.tv\\\/az\\\/article\\\/makron-qarabagdaki-gerginliye-gore-ilham-eliyeve-zeng-edib\\\/#article\",\"isPartOf\":{\"@id\":\"https:\\\/\\\/www.meydan.tv\\\/az\\\/article\\\/makron-qarabagdaki-gerginliye-gore-ilham-eliyeve-zeng-edib\\\/\"},\"author\":{\"name\":\"elli\",\"@id\":\"https:\\\/\\\/www.meydan.tv\\\/az\\\/#\\\/schema\\\/person\\\/9cdbecf90d17180ce1dfbd95b08dcf47\"},\"headline\":\"Makron Qaraba\u011fdak\u0131 g\u0259rginliy\u0259 g\u00f6r\u0259 \u0130lham \u018fliyev\u0259 z\u0259ng edib\",\"datePublished\":\"2022-08-05T08:54:27+00:00\",\"dateModified\":\"2022-08-05T09:07:24+00:00\",\"mainEntityOfPage\":{\"@id\":\"https:\\\/\\\/www.meydan.tv\\\/az\\\/article\\\/makron-qarabagdaki-gerginliye-gore-ilham-eliyeve-zeng-edib\\\/\"},\"wordCount\":772,\"publisher\":{\"@id\":\"https:\\\/\\\/www.meydan.tv\\\/az\\\/#organization\"},\"image\":{\"@id\":\"https:\\\/\\\/www.meydan.tv\\\/az\\\/article\\\/makron-qarabagdaki-gerginliye-gore-ilham-eliyeve-zeng-edib\\\/#primaryimage\"},\"thumbnailUrl\":\"https:\\\/\\\/www.meydan.tv\\\/wp-content\\\/uploads\\\/1532097514img__3.jpg\",\"articleSection\":[\"Siyas\u0259t\",\"X\u0259b\u0259rl\u0259r\"],\"inLanguage\":\"az\"},{\"@type\":\"WebPage\",\"@id\":\"https:\\\/\\\/www.meydan.tv\\\/az\\\/article\\\/makron-qarabagdaki-gerginliye-gore-ilham-eliyeve-zeng-edib\\\/\",\"url\":\"https:\\\/\\\/www.meydan.tv\\\/az\\\/article\\\/makron-qarabagdaki-gerginliye-gore-ilham-eliyeve-zeng-edib\\\/\",\"name\":\"Makron Qaraba\u011fdak\u0131 g\u0259rginliy\u0259 g\u00f6r\u0259 \u0130lham \u018fliyev\u0259 z\u0259ng edib - MEYDAN.TV\",\"isPartOf\":{\"@id\":\"https:\\\/\\\/www.meydan.tv\\\/az\\\/#website\"},\"primaryImageOfPage\":{\"@id\":\"https:\\\/\\\/www.meydan.tv\\\/az\\\/article\\\/makron-qarabagdaki-gerginliye-gore-ilham-eliyeve-zeng-edib\\\/#primaryimage\"},\"image\":{\"@id\":\"https:\\\/\\\/www.meydan.tv\\\/az\\\/article\\\/makron-qarabagdaki-gerginliye-gore-ilham-eliyeve-zeng-edib\\\/#primaryimage\"},\"thumbnailUrl\":\"https:\\\/\\\/www.meydan.tv\\\/wp-content\\\/uploads\\\/1532097514img__3.jpg\",\"datePublished\":\"2022-08-05T08:54:27+00:00\",\"dateModified\":\"2022-08-05T09:07:24+00:00\",\"breadcrumb\":{\"@id\":\"https:\\\/\\\/www.meydan.tv\\\/az\\\/article\\\/makron-qarabagdaki-gerginliye-gore-ilham-eliyeve-zeng-edib\\\/#breadcrumb\"},\"inLanguage\":\"az\",\"potentialAction\":[{\"@type\":\"ReadAction\",\"target\":[\"https:\\\/\\\/www.meydan.tv\\\/az\\\/article\\\/makron-qarabagdaki-gerginliye-gore-ilham-eliyeve-zeng-edib\\\/\"]}]},{\"@type\":\"ImageObject\",\"inLanguage\":\"az\",\"@id\":\"https:\\\/\\\/www.meydan.tv\\\/az\\\/article\\\/makron-qarabagdaki-gerginliye-gore-ilham-eliyeve-zeng-edib\\\/#primaryimage\",\"url\":\"https:\\\/\\\/www.meydan.tv\\\/wp-content\\\/uploads\\\/1532097514img__3.jpg\",\"contentUrl\":\"https:\\\/\\\/www.meydan.tv\\\/wp-content\\\/uploads\\\/1532097514img__3.jpg\",\"width\":1340,\"height\":838,\"caption\":\"Source: https:\\\/\\\/berlin.mfa.gov.az\\\/\"},{\"@type\":\"BreadcrumbList\",\"@id\":\"https:\\\/\\\/www.meydan.tv\\\/az\\\/article\\\/makron-qarabagdaki-gerginliye-gore-ilham-eliyeve-zeng-edib\\\/#breadcrumb\",\"itemListElement\":[{\"@type\":\"ListItem\",\"position\":1,\"name\":\"Ana s\u0259hif\u0259\",\"item\":\"https:\\\/\\\/www.meydan.tv\\\/az\\\/\"},{\"@type\":\"ListItem\",\"position\":2,\"name\":\"Siyas\u0259t\",\"item\":\"https:\\\/\\\/www.meydan.tv\\\/az\\\/section\\\/siyaset\\\/\"},{\"@type\":\"ListItem\",\"position\":3,\"name\":\"Makron Qaraba\u011fdak\u0131 g\u0259rginliy\u0259 g\u00f6r\u0259 \u0130lham \u018fliyev\u0259 z\u0259ng edib\"}]},{\"@type\":\"WebSite\",\"@id\":\"https:\\\/\\\/www.meydan.tv\\\/az\\\/#website\",\"url\":\"https:\\\/\\\/www.meydan.tv\\\/az\\\/\",\"name\":\"MEYDAN.TV\",\"description\":\"Meydan TV Az\u0259rbaycan\u0131n media m\u0259kan\u0131ndak\u0131 alternativ s\u0259sidir\",\"publisher\":{\"@id\":\"https:\\\/\\\/www.meydan.tv\\\/az\\\/#organization\"},\"potentialAction\":[{\"@type\":\"SearchAction\",\"target\":{\"@type\":\"EntryPoint\",\"urlTemplate\":\"https:\\\/\\\/www.meydan.tv\\\/az\\\/?s={search_term_string}\"},\"query-input\":{\"@type\":\"PropertyValueSpecification\",\"valueRequired\":true,\"valueName\":\"search_term_string\"}}],\"inLanguage\":\"az\"},{\"@type\":\"Organization\",\"@id\":\"https:\\\/\\\/www.meydan.tv\\\/az\\\/#organization\",\"name\":\"Meydan TV\",\"url\":\"https:\\\/\\\/www.meydan.tv\\\/az\\\/\",\"logo\":{\"@type\":\"ImageObject\",\"inLanguage\":\"az\",\"@id\":\"https:\\\/\\\/www.meydan.tv\\\/az\\\/#\\\/schema\\\/logo\\\/image\\\/\",\"url\":\"https:\\\/\\\/www.meydan.tv\\\/wp-content\\\/uploads\\\/2021\\\/07\\\/meydan-logo.svg\",\"contentUrl\":\"https:\\\/\\\/www.meydan.tv\\\/wp-content\\\/uploads\\\/2021\\\/07\\\/meydan-logo.svg\",\"width\":195,\"height\":46,\"caption\":\"Meydan TV\"},\"image\":{\"@id\":\"https:\\\/\\\/www.meydan.tv\\\/az\\\/#\\\/schema\\\/logo\\\/image\\\/\"}},{\"@type\":\"Person\",\"@id\":\"https:\\\/\\\/www.meydan.tv\\\/az\\\/#\\\/schema\\\/person\\\/9cdbecf90d17180ce1dfbd95b08dcf47\",\"name\":\"elli\",\"sameAs\":[\"https:\\\/\\\/x.com\\\/elli\"]}]}<\/script>\n<!-- \/ Yoast SEO plugin. -->","yoast_head_json":{"title":"Makron Qaraba\u011fdak\u0131 g\u0259rginliy\u0259 g\u00f6r\u0259 \u0130lham \u018fliyev\u0259 z\u0259ng edib - MEYDAN.TV","robots":{"index":"index","follow":"follow","max-snippet":"max-snippet:-1","max-image-preview":"max-image-preview:large","max-video-preview":"max-video-preview:-1"},"canonical":"https:\/\/www.meydan.tv\/az\/article\/makron-qarabagdaki-gerginliye-gore-ilham-eliyeve-zeng-edib\/","og_locale":"az_AZ","og_type":"article","og_title":"Makron Qaraba\u011fdak\u0131 g\u0259rginliy\u0259 g\u00f6r\u0259 \u0130lham \u018fliyev\u0259 z\u0259ng edib - MEYDAN.TV","og_description":"Fransa Prezidenti dan\u0131\u015f\u0131qlar\u0131n davam etdirilm\u0259sini ist\u0259yib Avqustun 4-d\u0259 Fransan\u0131n Prezidenti ... Davam\u0131","og_url":"https:\/\/www.meydan.tv\/az\/article\/makron-qarabagdaki-gerginliye-gore-ilham-eliyeve-zeng-edib\/","og_site_name":"MEYDAN.TV","article_published_time":"2022-08-05T08:54:27+00:00","article_modified_time":"2022-08-05T09:07:24+00:00","og_image":[{"width":1340,"height":838,"url":"https:\/\/www.meydan.tv\/wp-content\/uploads\/1532097514img__3.jpg","type":"image\/jpeg"}],"author":"elli","twitter_card":"summary_large_image","twitter_creator":"@elli","schema":{"@context":"https:\/\/schema.org","@graph":[{"@type":"Article","@id":"https:\/\/www.meydan.tv\/az\/article\/makron-qarabagdaki-gerginliye-gore-ilham-eliyeve-zeng-edib\/#article","isPartOf":{"@id":"https:\/\/www.meydan.tv\/az\/article\/makron-qarabagdaki-gerginliye-gore-ilham-eliyeve-zeng-edib\/"},"author":{"name":"elli","@id":"https:\/\/www.meydan.tv\/az\/#\/schema\/person\/9cdbecf90d17180ce1dfbd95b08dcf47"},"headline":"Makron Qaraba\u011fdak\u0131 g\u0259rginliy\u0259 g\u00f6r\u0259 \u0130lham \u018fliyev\u0259 z\u0259ng edib","datePublished":"2022-08-05T08:54:27+00:00","dateModified":"2022-08-05T09:07:24+00:00","mainEntityOfPage":{"@id":"https:\/\/www.meydan.tv\/az\/article\/makron-qarabagdaki-gerginliye-gore-ilham-eliyeve-zeng-edib\/"},"wordCount":772,"publisher":{"@id":"https:\/\/www.meydan.tv\/az\/#organization"},"image":{"@id":"https:\/\/www.meydan.tv\/az\/article\/makron-qarabagdaki-gerginliye-gore-ilham-eliyeve-zeng-edib\/#primaryimage"},"thumbnailUrl":"https:\/\/www.meydan.tv\/wp-content\/uploads\/1532097514img__3.jpg","articleSection":["Siyas\u0259t","X\u0259b\u0259rl\u0259r"],"inLanguage":"az"},{"@type":"WebPage","@id":"https:\/\/www.meydan.tv\/az\/article\/makron-qarabagdaki-gerginliye-gore-ilham-eliyeve-zeng-edib\/","url":"https:\/\/www.meydan.tv\/az\/article\/makron-qarabagdaki-gerginliye-gore-ilham-eliyeve-zeng-edib\/","name":"Makron Qaraba\u011fdak\u0131 g\u0259rginliy\u0259 g\u00f6r\u0259 \u0130lham \u018fliyev\u0259 z\u0259ng edib - MEYDAN.TV","isPartOf":{"@id":"https:\/\/www.meydan.tv\/az\/#website"},"primaryImageOfPage":{"@id":"https:\/\/www.meydan.tv\/az\/article\/makron-qarabagdaki-gerginliye-gore-ilham-eliyeve-zeng-edib\/#primaryimage"},"image":{"@id":"https:\/\/www.meydan.tv\/az\/article\/makron-qarabagdaki-gerginliye-gore-ilham-eliyeve-zeng-edib\/#primaryimage"},"thumbnailUrl":"https:\/\/www.meydan.tv\/wp-content\/uploads\/1532097514img__3.jpg","datePublished":"2022-08-05T08:54:27+00:00","dateModified":"2022-08-05T09:07:24+00:00","breadcrumb":{"@id":"https:\/\/www.meydan.tv\/az\/article\/makron-qarabagdaki-gerginliye-gore-ilham-eliyeve-zeng-edib\/#breadcrumb"},"inLanguage":"az","potentialAction":[{"@type":"ReadAction","target":["https:\/\/www.meydan.tv\/az\/article\/makron-qarabagdaki-gerginliye-gore-ilham-eliyeve-zeng-edib\/"]}]},{"@type":"ImageObject","inLanguage":"az","@id":"https:\/\/www.meydan.tv\/az\/article\/makron-qarabagdaki-gerginliye-gore-ilham-eliyeve-zeng-edib\/#primaryimage","url":"https:\/\/www.meydan.tv\/wp-content\/uploads\/1532097514img__3.jpg","contentUrl":"https:\/\/www.meydan.tv\/wp-content\/uploads\/1532097514img__3.jpg","width":1340,"height":838,"caption":"Source: https:\/\/berlin.mfa.gov.az\/"},{"@type":"BreadcrumbList","@id":"https:\/\/www.meydan.tv\/az\/article\/makron-qarabagdaki-gerginliye-gore-ilham-eliyeve-zeng-edib\/#breadcrumb","itemListElement":[{"@type":"ListItem","position":1,"name":"Ana s\u0259hif\u0259","item":"https:\/\/www.meydan.tv\/az\/"},{"@type":"ListItem","position":2,"name":"Siyas\u0259t","item":"https:\/\/www.meydan.tv\/az\/section\/siyaset\/"},{"@type":"ListItem","position":3,"name":"Makron Qaraba\u011fdak\u0131 g\u0259rginliy\u0259 g\u00f6r\u0259 \u0130lham \u018fliyev\u0259 z\u0259ng edib"}]},{"@type":"WebSite","@id":"https:\/\/www.meydan.tv\/az\/#website","url":"https:\/\/www.meydan.tv\/az\/","name":"MEYDAN.TV","description":"Meydan TV Az\u0259rbaycan\u0131n media m\u0259kan\u0131ndak\u0131 alternativ s\u0259sidir","publisher":{"@id":"https:\/\/www.meydan.tv\/az\/#organization"},"potentialAction":[{"@type":"SearchAction","target":{"@type":"EntryPoint","urlTemplate":"https:\/\/www.meydan.tv\/az\/?s={search_term_string}"},"query-input":{"@type":"PropertyValueSpecification","valueRequired":true,"valueName":"search_term_string"}}],"inLanguage":"az"},{"@type":"Organization","@id":"https:\/\/www.meydan.tv\/az\/#organization","name":"Meydan TV","url":"https:\/\/www.meydan.tv\/az\/","logo":{"@type":"ImageObject","inLanguage":"az","@id":"https:\/\/www.meydan.tv\/az\/#\/schema\/logo\/image\/","url":"https:\/\/www.meydan.tv\/wp-content\/uploads\/2021\/07\/meydan-logo.svg","contentUrl":"https:\/\/www.meydan.tv\/wp-content\/uploads\/2021\/07\/meydan-logo.svg","width":195,"height":46,"caption":"Meydan TV"},"image":{"@id":"https:\/\/www.meydan.tv\/az\/#\/schema\/logo\/image\/"}},{"@type":"Person","@id":"https:\/\/www.meydan.tv\/az\/#\/schema\/person\/9cdbecf90d17180ce1dfbd95b08dcf47","name":"elli","sameAs":["https:\/\/x.com\/elli"]}]}},"_links":{"self":[{"href":"https:\/\/www.meydan.tv\/az\/wp-json\/wp\/v2\/posts\/252572","targetHints":{"allow":["GET"]}}],"collection":[{"href":"https:\/\/www.meydan.tv\/az\/wp-json\/wp\/v2\/posts"}],"about":[{"href":"https:\/\/www.meydan.tv\/az\/wp-json\/wp\/v2\/types\/post"}],"author":[{"embeddable":true,"href":"https:\/\/www.meydan.tv\/az\/wp-json\/wp\/v2\/users\/8"}],"replies":[{"embeddable":true,"href":"https:\/\/www.meydan.tv\/az\/wp-json\/wp\/v2\/comments?post=252572"}],"version-history":[{"count":3,"href":"https:\/\/www.meydan.tv\/az\/wp-json\/wp\/v2\/posts\/252572\/revisions"}],"predecessor-version":[{"id":252585,"href":"https:\/\/www.meydan.tv\/az\/wp-json\/wp\/v2\/posts\/252572\/revisions\/252585"}],"wp:featuredmedia":[{"embeddable":true,"href":"https:\/\/www.meydan.tv\/az\/wp-json\/wp\/v2\/media\/161796"}],"wp:attachment":[{"href":"https:\/\/www.meydan.tv\/az\/wp-json\/wp\/v2\/media?parent=252572"}],"wp:term":[{"taxonomy":"category","embeddable":true,"href":"https:\/\/www.meydan.tv\/az\/wp-json\/wp\/v2\/categories?post=252572"},{"taxonomy":"post_tag","embeddable":true,"href":"https:\/\/www.meydan.tv\/az\/wp-json\/wp\/v2\/tags?post=252572"}],"curies":[{"name":"wp","href":"https:\/\/api.w.org\/{rel}","templated":true}]}}