{"id":252567,"date":"2022-08-05T12:47:56","date_gmt":"2022-08-05T08:47:56","guid":{"rendered":"https:\/\/www.meydan.tv\/?p=252567"},"modified":"2022-08-05T16:35:09","modified_gmt":"2022-08-05T12:35:09","slug":"iii-sevil-senedli-film-festivalinin-proqrami-aciqlanib","status":"publish","type":"post","link":"https:\/\/www.meydan.tv\/az\/article\/iii-sevil-senedli-film-festivalinin-proqrami-aciqlanib\/","title":{"rendered":"III Sevil S\u0259n\u0259dli Film Festival\u0131n\u0131n proqram\u0131 a\u00e7\u0131qlan\u0131b"},"content":{"rendered":"\n<p><\/p>\n\n\n\n<p><em>Festivalda s\u0259n\u0259dli filml\u0259r n\u00fcmayi\u015f olunacaq<\/em><\/p>\n\n\n\n<p>Az\u0259rbaycanda avqustun 13-d\u0259n 20-d\u0259k ke\u00e7iril\u0259c\u0259k III Sevil Beyn\u0259lxalq Qad\u0131n S\u0259n\u0259dli Film Festival\u0131n\u0131n proqram\u0131 a\u00e7\u0131qlan\u0131b.<\/p>\n\n\n\n<p>T\u0259\u015fkilat\u00e7\u0131lar\u0131n yayd\u0131\u011f\u0131 m\u0259lumatda bildirilir ki, \u201cFestivallardan se\u00e7m\u0259l\u0259r\u201d b\u00f6lm\u0259sind\u0259 beyn\u0259lxalq festivallarda m\u00fckafatlar qazanm\u0131\u015f son ill\u0259rin s\u0259n\u0259dli filml\u0259ri n\u00fcmayi\u015f olunacaq.<\/p>\n\n\n\n<p>Bunlar\u0131n aras\u0131nda \u015eimali Makedoniyan\u0131n ya\u015fam v\u0259 t\u0259bi\u0259t haqda g\u00fccl\u00fc hekay\u0259t n\u0259ql ed\u0259n \u201cBal \u00f6lk\u0259si\u201d (\u201cHoneyland\u201d) filmi d\u0259 var.<\/p>\n\n\n\n<p>\u201cBal \u00f6lk\u0259si\u201d, \u015eimali Makedoniyadan olan yarad\u0131c\u0131lar\u0131 \u2013 Tamara Kotevska v\u0259 Ljubomir Stefanov il\u0259 birlikd\u0259 art\u0131q 30-d\u0259k beyn\u0259lxalq m\u00fckafat\u0131 ya qazan\u0131b, ya da namiz\u0259dliyi verilib.<\/p>\n\n\n\n<p>Film 2019-cu ild\u0259 t\u0259\u015fkil olunan \u201cSundance\u201d Film Festival\u0131nda \u00fc\u00e7 m\u00fckafata layiq g\u00f6r\u00fcl\u00fcb.<\/p>\n\n\n\n<p>\u201cBal \u00f6lk\u0259si\u201d eyni zamanda h\u0259m s\u0259n\u0259dli, h\u0259m d\u0259 beyn\u0259lxalq film kateqoriyalar\u0131na t\u0259qdim olunan ilk ekran i\u015fidir.<\/p>\n\n\n\n<p>\u201cFestivallardan se\u00e7m\u0259l\u0259r\u201d b\u00f6lm\u0259sin\u0259 daxil olan dig\u0259r filml\u0259ri t\u0259qdim edirik:<\/p>\n\n\n\n<p>\u201c<em>Sevgil\u0259rl\u0259, atan\u201d &#8211; 13 d\u0259qiq\u0259 (Diana Cam Van Nguyen) &#8211; \u00c7exiya,<br>\u201cD\u00f6rd\u00fcnc\u00fc divar\u201d &#8211; 10 d\u0259qiq\u0259 (Mahboobeh Kalaee) &#8211; \u0130ran,<br>\u201c\u00d6l\u00fcm\u00fcn\u0259 bo\u015fanmaq\u201d &#8211; 80 d\u0259qiq\u0259 (Chloe Fairweather) &#8211; Birl\u0259\u015fmi\u015f Krall\u0131q, Norve\u00e7, T\u00fcrkiy\u0259, Almaniya,<br>\u201cSincar\u0131n m\u0259l\u0259kl\u0259ri\u201d &#8211; 113 d\u0259qiq\u0259 (Hanna Polak) &#8211; Pol\u015fa, Almaniya,<br>\u201cAil\u0259nin rentgenoqram\u0131\u201d &#8211; 81 d\u0259qiq\u0259 (Firuzeh Khosrovani) &#8211; \u0130ran, Norve\u00e7, \u0130sve\u00e7r\u0259,<br>\u201c\u0130st\u0259diyim kimi\u201d &#8211; 88 d\u0259qiq\u0259 (Samaher Alqadi) &#8211; Misir, Norve\u00e7, Fransa, F\u0259l\u0259stin, Almaniya,<br>\u201cD\u0259c\u0259l u\u015faqlar\u201d &#8211; 93 d\u0259qiq\u0259 (Ahmet Necdet Cupur) T\u00fcrkiy\u0259, Fransa, T\u00fcrkiy\u0259, Almaniya,<br>\u201cB\u00fct\u00fcn v\u0259h\u015fil\u0259r insand\u0131r\u201d &#8211; 17 d\u0259qiq\u0259 (Helen Spooner, Hugh Davies) &#8211; Az\u0259rbaycan, Birl\u0259\u015fmi\u015f Krall\u0131q.<\/em><\/p>\n\n\n\n<p>M\u00fcsabiq\u0259 proqram\u0131nda i\u015ftirak ed\u0259c\u0259k yerli v\u0259 beyn\u0259lxalq m\u00fc\u0259llifl\u0259r\u0259 m\u0259xsus tam v\u0259 q\u0131sametraj s\u0259n\u0259dli filml\u0259r d\u0259 art\u0131q m\u0259lumdur.<\/p>\n\n\n\n<p>Se\u00e7ki komissiyas\u0131 t\u0259r\u0259find\u0259n \u0259l\u0259n\u0259n h\u0259min filml\u0259r yerli v\u0259 xarici m\u00fcnsifl\u0259r hey\u0259ti t\u0259r\u0259find\u0259n qiym\u0259tl\u0259ndiril\u0259c\u0259k.<\/p>\n\n\n\n<p>Festival\u0131n qapan\u0131\u015f g\u00fcn\u00fc qalibl\u0259r elan edil\u0259c\u0259k.<\/p>\n\n\n\n<p>\u201c\u018fn yax\u015f\u0131 tammetraj s\u0259n\u0259dli film\u201d nominasiyas\u0131nda yar\u0131\u015facaq filml\u0259rin siyah\u0131s\u0131 is\u0259 bel\u0259dir:<\/p>\n\n\n\n<p>\u201c<em>Se\u00e7im\u201d &#8211; 42 d\u0259qiq\u0259, Mansoureh Radfar &#8211; \u0130ran,<br>\u201cAma-Das\u201d &#8211; 71 d\u0259qiq\u0259, Marga Guti\u00e9rrez &#8211; \u0130spaniya,<br>\u201cLun\u00e0digas &#8211; v\u0259 ya anal\u0131qdan imtina haqq\u0131nda\u201d &#8211; 78 d\u0259qiq\u0259, Nicoletta Nesler, Marilisa Piga \u2013 \u0130taliya,<br>\u201cM\u0259n \u00f6l\u00fcnc\u0259 ya\u015fa\u201d &#8211; 83 d\u0259qiq\u0259, Gustav \u00c5gerstrand, \u00c5sa Ekman, Oscar Hedin Hetteberg, Anders Teigen &#8211; \u0130sve\u00e7,<br>\u201cK\u0259d\u0259r t\u0259rbiy\u0259\u00e7isi\u201d &#8211; 66 d\u0259qiq\u0259, Mina Laamo &#8211; Finlandiya,<br>\u201cKimliyin s\u0259si\u201d &#8211; 90 d\u0259qiq\u0259, James Kicklighter \u2013 AB\u015e.<\/em><\/p>\n\n\n\n<p>\u201c\u018fn yax\u015f\u0131 beyn\u0259lxalq q\u0131sa s\u0259n\u0259dli film\u201d nominasiyas\u0131nda yar\u0131\u015facaq filml\u0259r:<\/p>\n\n\n\n<p>\u201c<em>Bonita\u201d- 25 d\u0259qiq\u0259, Marina Fran\u00e7a- Brazilya,<br>\u201cRoza il\u0259 r\u0259qs\u201d -20 d\u0259qiq\u0259, Robert Munoz Ruperez- \u0130spaniya,<br>\u201cS\u00fckut i\u00e7ind\u0259 p\u0131\u00e7\u0131lt\u0131\u201d &#8211; 20 d\u0259qiq\u0259, Sarqol Eslamlan- \u0130ran,<br>\u201cDinl\u0259 m\u0259ni\u201d &#8211; 16 d\u0259qiq\u0259, Paula Armijo- \u0130spaniya,<br>\u201c\u00c7\u00f6l \u00e7i\u00e7\u0259kl\u0259ri\u201d &#8211; 20 d\u0259qiq\u0259, Mariana X. Rivera- Meksika,<br>\u201c\u018fzizim, s\u0259n buna layiqs\u0259n\u201d &#8211; 29 d\u0259qiq\u0259, Lamiaa \u0130driss- Misir.<\/em><\/p>\n\n\n\n<p>\u201c\u018fn yax\u015f\u0131 yerli q\u0131sa s\u0259n\u0259dli film\u201d nominasiyas\u0131nda yar\u0131\u015facaq filml\u0259r:<\/p>\n\n\n\n<p><em>\u201cA v\u0259 24 dig\u0259rl\u0259ri\u201d &#8211; 18 d\u0259qiq\u0259, V\u00fcsal\u0259 Hac\u0131yeva-Az\u0259rbaycan,<br>\u201cK\u00f6z T\u0259ndir\u201d &#8211; 17 d\u0259qiq\u0259, S\u0259m\u0259d A\u011fayev- Az\u0259rbaycan,<br>\u201cUnudulmu\u015f arzular\u201d &#8211; 25 d\u0259qiq\u0259, Aynur Kaz\u0131mova- Az\u0259rbaycan,<br>\u201c\u00dcf\u00fcr\u00fclm\u0259mi\u015f \u015famlar\u201d &#8211; 15 d\u0259qiq\u0259, Atanur N\u0259biyeva- Az\u0259rbaycan,<br>\u201cGedi\u015f\u201d &#8211; 16 d\u0259qiq\u0259, Hunay Saday- Az\u0259rbaycan.<\/em><\/p>\n\n\n\n<p>III Sevil Beyn\u0259lxalq Qad\u0131n S\u0259n\u0259dli Film Festival\u0131 bu il h\u0259m d\u0259 Pol\u015fan\u0131n \u201cVistula\u201d festival\u0131 il\u0259 \u0259m\u0259kda\u015fl\u0131q edir.<\/p>\n\n\n\n<p>M\u0259hz bu m\u0259qs\u0259dl\u0259 festivalda Pol\u015fa istehsal\u0131 olan \u00fc\u00e7 tammetrajl\u0131, bir q\u0131sametrajl\u0131 filmin n\u00fcmayi\u015fi olacaq:<\/p>\n\n\n\n<p>\u201c<em>M\u0259n\u0259 Mariana deyin\u201d &#8211; 75 d\u0259qiq\u0259, Karolina Beliavska,<br>\u201cM\u0259cburi proqram\u201d &#8211; 72 d\u0259qiq\u0259, Eva Ko\u00e7anska,<br>\u201cK\u0259ndlilil\u0259r\u201d &#8211; 72 d\u0259qiq\u0259, Karol Palka,<br>\u201cJanna Dark\u201d &#8211; 30 d\u0259qiq\u0259, Aleksandr \u015eamalek.<\/em><\/p>\n\n\n\n<p>Festival\u0131n Fransa Institutu il\u0259 apard\u0131\u011f\u0131 \u0259m\u0259kda\u015fl\u0131q \u00e7\u0259r\u00e7iv\u0259sind\u0259 is\u0259 S\u00e9bastien Lifshitz-in Petite Fille- balaca q\u0131z filmi n\u00fcmayi\u015f edil\u0259c\u0259k.<\/p>\n\n\n\n<p>Festivalda film n\u00fcmayi\u015fl\u0259rind\u0259n ba\u015fqa m\u00fcxt\u0259lif \u00f6lk\u0259l\u0259rin kino m\u00fct\u0259x\u0259sisl\u0259ri Jean Mouin, Marina Belikova, \u201cBal \u00f6lk\u0259si\u201d filminin rejissorlar\u0131ndan Tamara Kotevska t\u0259r\u0259find\u0259n ustad d\u0259rsl\u0259ri ke\u00e7iril\u0259c\u0259k.<\/p>\n\n\n\n<p>Builki festival eyni anda h\u0259m Bak\u0131, h\u0259m d\u0259 \u015e\u0259ki v\u0259 L\u0259nk\u0259randa t\u0259\u015fkil <a href=\"https:\/\/d9mc3ts4czbpr.cloudfront.net\/az\/article\/iii-sevil-qadinlari-serhedleyen-stereotiplerle-bagli-film-festivali\/\" target=\"_blank\" rel=\"noreferrer noopener\">olunacaq.<\/a><\/p>\n\n\n\n<p>Festival proqram\u0131 \u00e7\u0259r\u00e7iv\u0259sind\u0259 n\u00fcmayi\u015f olunan filml\u0259r gender m\u0259s\u0259l\u0259l\u0259rin\u0259 toxunur.<\/p>\n\n\n\n<p>Sevil Film Festival\u0131 2020-ci ilin sentyabr\u0131ndan ke\u00e7irilm\u0259y\u0259 ba\u015flay\u0131b.<\/p>\n\n\n\n<p>Festival m\u00fcst\u0259qil Sevil-BQSFF yerli s\u0259n\u0259dli film sah\u0259sinin inki\u015faf\u0131na t\u00f6hf\u0259 verm\u0259k, bu sah\u0259 \u00fczr\u0259 yerli v\u0259 xarici pe\u015f\u0259karlar aras\u0131nda t\u0259cr\u00fcb\u0259 m\u00fcbadil\u0259si \u00fc\u00e7\u00fcn platforma yaratmaqd\u0131r.<\/p>\n\n\n\n<p>Eyni zamanda, yeni yerli s\u0259n\u0259dli filml\u0259rin, el\u0259c\u0259 d\u0259, beyn\u0259lxalq m\u00fc\u015ft\u0259r\u0259k m\u0259hsullar\u0131n yarad\u0131lmas\u0131n\u0131 t\u0259\u015fviq etm\u0259k, filml\u0259r vasit\u0259sil\u0259 gender m\u0259s\u0259l\u0259l\u0259rin\u0259 diqq\u0259t \u00e7\u0259km\u0259kdir.<\/p>\n\n\n\n<p>\u201cSevil\u201d ad\u0131 Az\u0259rbaycanda qad\u0131n azadl\u0131\u011f\u0131n\u0131 t\u0259msil ed\u0259n C\u0259f\u0259r Cabbarl\u0131n\u0131n Sevil pyesind\u0259n g\u00f6t\u00fcr\u00fcl\u00fcb.<\/p>\n","protected":false},"excerpt":{"rendered":"<p>Festivalda s\u0259n\u0259dli filml\u0259r n\u00fcmayi\u015f olunacaq Az\u0259rbaycanda avqustun 13-d\u0259n 20-d\u0259k ke\u00e7iril\u0259c\u0259k &#8230; <\/p>\n<p class=\"read-more-container\"><a title=\"III Sevil S\u0259n\u0259dli Film Festival\u0131n\u0131n proqram\u0131 a\u00e7\u0131qlan\u0131b\" class=\"read-more button\" href=\"https:\/\/www.meydan.tv\/az\/article\/iii-sevil-senedli-film-festivalinin-proqrami-aciqlanib\/#more-252567\" aria-label=\"Read more about III Sevil S\u0259n\u0259dli Film Festival\u0131n\u0131n proqram\u0131 a\u00e7\u0131qlan\u0131b\">Davam\u0131<\/a><\/p>\n","protected":false},"author":8,"featured_media":251621,"comment_status":"closed","ping_status":"closed","sticky":false,"template":"","format":"standard","meta":{"_acf_changed":false,"_sitemap_exclude":false,"_sitemap_priority":"","_sitemap_frequency":"","footnotes":""},"categories":[52,56],"tags":[],"class_list":["post-252567","post","type-post","status-publish","format-standard","has-post-thumbnail","hentry","category-medeniyyet","category-xeberler","infinite-scroll-item","generate-columns","tablet-grid-50","mobile-grid-100","grid-parent","grid-33","no-featured-image-padding"],"acf":[],"yoast_head":"<!-- This site is optimized with the Yoast SEO plugin v27.5 - https:\/\/yoast.com\/product\/yoast-seo-wordpress\/ -->\n<title>III Sevil S\u0259n\u0259dli Film Festival\u0131n\u0131n proqram\u0131 a\u00e7\u0131qlan\u0131b - MEYDAN.TV<\/title>\n<meta name=\"robots\" content=\"index, follow, max-snippet:-1, max-image-preview:large, max-video-preview:-1\" \/>\n<link rel=\"canonical\" href=\"https:\/\/www.meydan.tv\/az\/article\/iii-sevil-senedli-film-festivalinin-proqrami-aciqlanib\/\" \/>\n<meta property=\"og:locale\" content=\"az_AZ\" \/>\n<meta property=\"og:type\" content=\"article\" \/>\n<meta property=\"og:title\" content=\"III Sevil S\u0259n\u0259dli Film Festival\u0131n\u0131n proqram\u0131 a\u00e7\u0131qlan\u0131b - MEYDAN.TV\" \/>\n<meta property=\"og:description\" content=\"Festivalda s\u0259n\u0259dli filml\u0259r n\u00fcmayi\u015f olunacaq Az\u0259rbaycanda avqustun 13-d\u0259n 20-d\u0259k ke\u00e7iril\u0259c\u0259k ... Davam\u0131\" \/>\n<meta property=\"og:url\" content=\"https:\/\/www.meydan.tv\/az\/article\/iii-sevil-senedli-film-festivalinin-proqrami-aciqlanib\/\" \/>\n<meta property=\"og:site_name\" content=\"MEYDAN.TV\" \/>\n<meta property=\"article:published_time\" content=\"2022-08-05T08:47:56+00:00\" \/>\n<meta property=\"article:modified_time\" content=\"2022-08-05T12:35:09+00:00\" \/>\n<meta property=\"og:image\" content=\"https:\/\/www.meydan.tv\/wp-content\/uploads\/image_from_ios-46.jpg\" \/>\n\t<meta property=\"og:image:width\" content=\"1720\" \/>\n\t<meta property=\"og:image:height\" content=\"637\" \/>\n\t<meta property=\"og:image:type\" content=\"image\/jpeg\" \/>\n<meta name=\"author\" content=\"elli\" \/>\n<meta name=\"twitter:card\" content=\"summary_large_image\" \/>\n<meta name=\"twitter:creator\" content=\"@elli\" \/>\n<script type=\"application\/ld+json\" class=\"yoast-schema-graph\">{\"@context\":\"https:\\\/\\\/schema.org\",\"@graph\":[{\"@type\":\"Article\",\"@id\":\"https:\\\/\\\/www.meydan.tv\\\/az\\\/article\\\/iii-sevil-senedli-film-festivalinin-proqrami-aciqlanib\\\/#article\",\"isPartOf\":{\"@id\":\"https:\\\/\\\/www.meydan.tv\\\/az\\\/article\\\/iii-sevil-senedli-film-festivalinin-proqrami-aciqlanib\\\/\"},\"author\":{\"name\":\"elli\",\"@id\":\"https:\\\/\\\/www.meydan.tv\\\/az\\\/#\\\/schema\\\/person\\\/9cdbecf90d17180ce1dfbd95b08dcf47\"},\"headline\":\"III Sevil S\u0259n\u0259dli Film Festival\u0131n\u0131n proqram\u0131 a\u00e7\u0131qlan\u0131b\",\"datePublished\":\"2022-08-05T08:47:56+00:00\",\"dateModified\":\"2022-08-05T12:35:09+00:00\",\"mainEntityOfPage\":{\"@id\":\"https:\\\/\\\/www.meydan.tv\\\/az\\\/article\\\/iii-sevil-senedli-film-festivalinin-proqrami-aciqlanib\\\/\"},\"wordCount\":960,\"publisher\":{\"@id\":\"https:\\\/\\\/www.meydan.tv\\\/az\\\/#organization\"},\"image\":{\"@id\":\"https:\\\/\\\/www.meydan.tv\\\/az\\\/article\\\/iii-sevil-senedli-film-festivalinin-proqrami-aciqlanib\\\/#primaryimage\"},\"thumbnailUrl\":\"https:\\\/\\\/www.meydan.tv\\\/wp-content\\\/uploads\\\/image_from_ios-46.jpg\",\"articleSection\":[\"M\u0259d\u0259niyy\u0259t\",\"X\u0259b\u0259rl\u0259r\"],\"inLanguage\":\"az\"},{\"@type\":\"WebPage\",\"@id\":\"https:\\\/\\\/www.meydan.tv\\\/az\\\/article\\\/iii-sevil-senedli-film-festivalinin-proqrami-aciqlanib\\\/\",\"url\":\"https:\\\/\\\/www.meydan.tv\\\/az\\\/article\\\/iii-sevil-senedli-film-festivalinin-proqrami-aciqlanib\\\/\",\"name\":\"III Sevil S\u0259n\u0259dli Film Festival\u0131n\u0131n proqram\u0131 a\u00e7\u0131qlan\u0131b - MEYDAN.TV\",\"isPartOf\":{\"@id\":\"https:\\\/\\\/www.meydan.tv\\\/az\\\/#website\"},\"primaryImageOfPage\":{\"@id\":\"https:\\\/\\\/www.meydan.tv\\\/az\\\/article\\\/iii-sevil-senedli-film-festivalinin-proqrami-aciqlanib\\\/#primaryimage\"},\"image\":{\"@id\":\"https:\\\/\\\/www.meydan.tv\\\/az\\\/article\\\/iii-sevil-senedli-film-festivalinin-proqrami-aciqlanib\\\/#primaryimage\"},\"thumbnailUrl\":\"https:\\\/\\\/www.meydan.tv\\\/wp-content\\\/uploads\\\/image_from_ios-46.jpg\",\"datePublished\":\"2022-08-05T08:47:56+00:00\",\"dateModified\":\"2022-08-05T12:35:09+00:00\",\"breadcrumb\":{\"@id\":\"https:\\\/\\\/www.meydan.tv\\\/az\\\/article\\\/iii-sevil-senedli-film-festivalinin-proqrami-aciqlanib\\\/#breadcrumb\"},\"inLanguage\":\"az\",\"potentialAction\":[{\"@type\":\"ReadAction\",\"target\":[\"https:\\\/\\\/www.meydan.tv\\\/az\\\/article\\\/iii-sevil-senedli-film-festivalinin-proqrami-aciqlanib\\\/\"]}]},{\"@type\":\"ImageObject\",\"inLanguage\":\"az\",\"@id\":\"https:\\\/\\\/www.meydan.tv\\\/az\\\/article\\\/iii-sevil-senedli-film-festivalinin-proqrami-aciqlanib\\\/#primaryimage\",\"url\":\"https:\\\/\\\/www.meydan.tv\\\/wp-content\\\/uploads\\\/image_from_ios-46.jpg\",\"contentUrl\":\"https:\\\/\\\/www.meydan.tv\\\/wp-content\\\/uploads\\\/image_from_ios-46.jpg\",\"width\":1720,\"height\":637,\"caption\":\"M\u0259nb\u0259: Sevil BQSFF\"},{\"@type\":\"BreadcrumbList\",\"@id\":\"https:\\\/\\\/www.meydan.tv\\\/az\\\/article\\\/iii-sevil-senedli-film-festivalinin-proqrami-aciqlanib\\\/#breadcrumb\",\"itemListElement\":[{\"@type\":\"ListItem\",\"position\":1,\"name\":\"Ana s\u0259hif\u0259\",\"item\":\"https:\\\/\\\/www.meydan.tv\\\/az\\\/\"},{\"@type\":\"ListItem\",\"position\":2,\"name\":\"M\u0259d\u0259niyy\u0259t\",\"item\":\"https:\\\/\\\/www.meydan.tv\\\/az\\\/section\\\/medeniyyet\\\/\"},{\"@type\":\"ListItem\",\"position\":3,\"name\":\"III Sevil S\u0259n\u0259dli Film Festival\u0131n\u0131n proqram\u0131 a\u00e7\u0131qlan\u0131b\"}]},{\"@type\":\"WebSite\",\"@id\":\"https:\\\/\\\/www.meydan.tv\\\/az\\\/#website\",\"url\":\"https:\\\/\\\/www.meydan.tv\\\/az\\\/\",\"name\":\"MEYDAN.TV\",\"description\":\"Meydan TV Az\u0259rbaycan\u0131n media m\u0259kan\u0131ndak\u0131 alternativ s\u0259sidir\",\"publisher\":{\"@id\":\"https:\\\/\\\/www.meydan.tv\\\/az\\\/#organization\"},\"potentialAction\":[{\"@type\":\"SearchAction\",\"target\":{\"@type\":\"EntryPoint\",\"urlTemplate\":\"https:\\\/\\\/www.meydan.tv\\\/az\\\/?s={search_term_string}\"},\"query-input\":{\"@type\":\"PropertyValueSpecification\",\"valueRequired\":true,\"valueName\":\"search_term_string\"}}],\"inLanguage\":\"az\"},{\"@type\":\"Organization\",\"@id\":\"https:\\\/\\\/www.meydan.tv\\\/az\\\/#organization\",\"name\":\"Meydan TV\",\"url\":\"https:\\\/\\\/www.meydan.tv\\\/az\\\/\",\"logo\":{\"@type\":\"ImageObject\",\"inLanguage\":\"az\",\"@id\":\"https:\\\/\\\/www.meydan.tv\\\/az\\\/#\\\/schema\\\/logo\\\/image\\\/\",\"url\":\"https:\\\/\\\/www.meydan.tv\\\/wp-content\\\/uploads\\\/2021\\\/07\\\/meydan-logo.svg\",\"contentUrl\":\"https:\\\/\\\/www.meydan.tv\\\/wp-content\\\/uploads\\\/2021\\\/07\\\/meydan-logo.svg\",\"width\":195,\"height\":46,\"caption\":\"Meydan TV\"},\"image\":{\"@id\":\"https:\\\/\\\/www.meydan.tv\\\/az\\\/#\\\/schema\\\/logo\\\/image\\\/\"}},{\"@type\":\"Person\",\"@id\":\"https:\\\/\\\/www.meydan.tv\\\/az\\\/#\\\/schema\\\/person\\\/9cdbecf90d17180ce1dfbd95b08dcf47\",\"name\":\"elli\",\"sameAs\":[\"https:\\\/\\\/x.com\\\/elli\"]}]}<\/script>\n<!-- \/ Yoast SEO plugin. -->","yoast_head_json":{"title":"III Sevil S\u0259n\u0259dli Film Festival\u0131n\u0131n proqram\u0131 a\u00e7\u0131qlan\u0131b - MEYDAN.TV","robots":{"index":"index","follow":"follow","max-snippet":"max-snippet:-1","max-image-preview":"max-image-preview:large","max-video-preview":"max-video-preview:-1"},"canonical":"https:\/\/www.meydan.tv\/az\/article\/iii-sevil-senedli-film-festivalinin-proqrami-aciqlanib\/","og_locale":"az_AZ","og_type":"article","og_title":"III Sevil S\u0259n\u0259dli Film Festival\u0131n\u0131n proqram\u0131 a\u00e7\u0131qlan\u0131b - MEYDAN.TV","og_description":"Festivalda s\u0259n\u0259dli filml\u0259r n\u00fcmayi\u015f olunacaq Az\u0259rbaycanda avqustun 13-d\u0259n 20-d\u0259k ke\u00e7iril\u0259c\u0259k ... Davam\u0131","og_url":"https:\/\/www.meydan.tv\/az\/article\/iii-sevil-senedli-film-festivalinin-proqrami-aciqlanib\/","og_site_name":"MEYDAN.TV","article_published_time":"2022-08-05T08:47:56+00:00","article_modified_time":"2022-08-05T12:35:09+00:00","og_image":[{"width":1720,"height":637,"url":"https:\/\/www.meydan.tv\/wp-content\/uploads\/image_from_ios-46.jpg","type":"image\/jpeg"}],"author":"elli","twitter_card":"summary_large_image","twitter_creator":"@elli","schema":{"@context":"https:\/\/schema.org","@graph":[{"@type":"Article","@id":"https:\/\/www.meydan.tv\/az\/article\/iii-sevil-senedli-film-festivalinin-proqrami-aciqlanib\/#article","isPartOf":{"@id":"https:\/\/www.meydan.tv\/az\/article\/iii-sevil-senedli-film-festivalinin-proqrami-aciqlanib\/"},"author":{"name":"elli","@id":"https:\/\/www.meydan.tv\/az\/#\/schema\/person\/9cdbecf90d17180ce1dfbd95b08dcf47"},"headline":"III Sevil S\u0259n\u0259dli Film Festival\u0131n\u0131n proqram\u0131 a\u00e7\u0131qlan\u0131b","datePublished":"2022-08-05T08:47:56+00:00","dateModified":"2022-08-05T12:35:09+00:00","mainEntityOfPage":{"@id":"https:\/\/www.meydan.tv\/az\/article\/iii-sevil-senedli-film-festivalinin-proqrami-aciqlanib\/"},"wordCount":960,"publisher":{"@id":"https:\/\/www.meydan.tv\/az\/#organization"},"image":{"@id":"https:\/\/www.meydan.tv\/az\/article\/iii-sevil-senedli-film-festivalinin-proqrami-aciqlanib\/#primaryimage"},"thumbnailUrl":"https:\/\/www.meydan.tv\/wp-content\/uploads\/image_from_ios-46.jpg","articleSection":["M\u0259d\u0259niyy\u0259t","X\u0259b\u0259rl\u0259r"],"inLanguage":"az"},{"@type":"WebPage","@id":"https:\/\/www.meydan.tv\/az\/article\/iii-sevil-senedli-film-festivalinin-proqrami-aciqlanib\/","url":"https:\/\/www.meydan.tv\/az\/article\/iii-sevil-senedli-film-festivalinin-proqrami-aciqlanib\/","name":"III Sevil S\u0259n\u0259dli Film Festival\u0131n\u0131n proqram\u0131 a\u00e7\u0131qlan\u0131b - MEYDAN.TV","isPartOf":{"@id":"https:\/\/www.meydan.tv\/az\/#website"},"primaryImageOfPage":{"@id":"https:\/\/www.meydan.tv\/az\/article\/iii-sevil-senedli-film-festivalinin-proqrami-aciqlanib\/#primaryimage"},"image":{"@id":"https:\/\/www.meydan.tv\/az\/article\/iii-sevil-senedli-film-festivalinin-proqrami-aciqlanib\/#primaryimage"},"thumbnailUrl":"https:\/\/www.meydan.tv\/wp-content\/uploads\/image_from_ios-46.jpg","datePublished":"2022-08-05T08:47:56+00:00","dateModified":"2022-08-05T12:35:09+00:00","breadcrumb":{"@id":"https:\/\/www.meydan.tv\/az\/article\/iii-sevil-senedli-film-festivalinin-proqrami-aciqlanib\/#breadcrumb"},"inLanguage":"az","potentialAction":[{"@type":"ReadAction","target":["https:\/\/www.meydan.tv\/az\/article\/iii-sevil-senedli-film-festivalinin-proqrami-aciqlanib\/"]}]},{"@type":"ImageObject","inLanguage":"az","@id":"https:\/\/www.meydan.tv\/az\/article\/iii-sevil-senedli-film-festivalinin-proqrami-aciqlanib\/#primaryimage","url":"https:\/\/www.meydan.tv\/wp-content\/uploads\/image_from_ios-46.jpg","contentUrl":"https:\/\/www.meydan.tv\/wp-content\/uploads\/image_from_ios-46.jpg","width":1720,"height":637,"caption":"M\u0259nb\u0259: Sevil BQSFF"},{"@type":"BreadcrumbList","@id":"https:\/\/www.meydan.tv\/az\/article\/iii-sevil-senedli-film-festivalinin-proqrami-aciqlanib\/#breadcrumb","itemListElement":[{"@type":"ListItem","position":1,"name":"Ana s\u0259hif\u0259","item":"https:\/\/www.meydan.tv\/az\/"},{"@type":"ListItem","position":2,"name":"M\u0259d\u0259niyy\u0259t","item":"https:\/\/www.meydan.tv\/az\/section\/medeniyyet\/"},{"@type":"ListItem","position":3,"name":"III Sevil S\u0259n\u0259dli Film Festival\u0131n\u0131n proqram\u0131 a\u00e7\u0131qlan\u0131b"}]},{"@type":"WebSite","@id":"https:\/\/www.meydan.tv\/az\/#website","url":"https:\/\/www.meydan.tv\/az\/","name":"MEYDAN.TV","description":"Meydan TV Az\u0259rbaycan\u0131n media m\u0259kan\u0131ndak\u0131 alternativ s\u0259sidir","publisher":{"@id":"https:\/\/www.meydan.tv\/az\/#organization"},"potentialAction":[{"@type":"SearchAction","target":{"@type":"EntryPoint","urlTemplate":"https:\/\/www.meydan.tv\/az\/?s={search_term_string}"},"query-input":{"@type":"PropertyValueSpecification","valueRequired":true,"valueName":"search_term_string"}}],"inLanguage":"az"},{"@type":"Organization","@id":"https:\/\/www.meydan.tv\/az\/#organization","name":"Meydan TV","url":"https:\/\/www.meydan.tv\/az\/","logo":{"@type":"ImageObject","inLanguage":"az","@id":"https:\/\/www.meydan.tv\/az\/#\/schema\/logo\/image\/","url":"https:\/\/www.meydan.tv\/wp-content\/uploads\/2021\/07\/meydan-logo.svg","contentUrl":"https:\/\/www.meydan.tv\/wp-content\/uploads\/2021\/07\/meydan-logo.svg","width":195,"height":46,"caption":"Meydan TV"},"image":{"@id":"https:\/\/www.meydan.tv\/az\/#\/schema\/logo\/image\/"}},{"@type":"Person","@id":"https:\/\/www.meydan.tv\/az\/#\/schema\/person\/9cdbecf90d17180ce1dfbd95b08dcf47","name":"elli","sameAs":["https:\/\/x.com\/elli"]}]}},"_links":{"self":[{"href":"https:\/\/www.meydan.tv\/az\/wp-json\/wp\/v2\/posts\/252567","targetHints":{"allow":["GET"]}}],"collection":[{"href":"https:\/\/www.meydan.tv\/az\/wp-json\/wp\/v2\/posts"}],"about":[{"href":"https:\/\/www.meydan.tv\/az\/wp-json\/wp\/v2\/types\/post"}],"author":[{"embeddable":true,"href":"https:\/\/www.meydan.tv\/az\/wp-json\/wp\/v2\/users\/8"}],"replies":[{"embeddable":true,"href":"https:\/\/www.meydan.tv\/az\/wp-json\/wp\/v2\/comments?post=252567"}],"version-history":[{"count":7,"href":"https:\/\/www.meydan.tv\/az\/wp-json\/wp\/v2\/posts\/252567\/revisions"}],"predecessor-version":[{"id":252657,"href":"https:\/\/www.meydan.tv\/az\/wp-json\/wp\/v2\/posts\/252567\/revisions\/252657"}],"wp:featuredmedia":[{"embeddable":true,"href":"https:\/\/www.meydan.tv\/az\/wp-json\/wp\/v2\/media\/251621"}],"wp:attachment":[{"href":"https:\/\/www.meydan.tv\/az\/wp-json\/wp\/v2\/media?parent=252567"}],"wp:term":[{"taxonomy":"category","embeddable":true,"href":"https:\/\/www.meydan.tv\/az\/wp-json\/wp\/v2\/categories?post=252567"},{"taxonomy":"post_tag","embeddable":true,"href":"https:\/\/www.meydan.tv\/az\/wp-json\/wp\/v2\/tags?post=252567"}],"curies":[{"name":"wp","href":"https:\/\/api.w.org\/{rel}","templated":true}]}}