{"id":252488,"date":"2022-08-04T16:16:53","date_gmt":"2022-08-04T12:16:53","guid":{"rendered":"https:\/\/www.meydan.tv\/?p=252488"},"modified":"2022-08-04T16:16:55","modified_gmt":"2022-08-04T12:16:55","slug":"beyleqandan-sikayet-var-qazi-icra-hakimiyyetinden-narazidir","status":"publish","type":"post","link":"https:\/\/www.meydan.tv\/az\/article\/beyleqandan-sikayet-var-qazi-icra-hakimiyyetinden-narazidir\/","title":{"rendered":"Beyl\u0259qandan \u015fikay\u0259t var: qazi icra hakimiyy\u0259tind\u0259n naraz\u0131d\u0131r"},"content":{"rendered":"\n<p><\/p>\n\n\n\n<p><em>Rey K\u0259rimo\u011flu: &#8220;Qazinin birin\u0259 yard\u0131m edirl\u0259r, \u0259llisi k\u0259narda qal\u0131r&#8221;<\/em><\/p>\n\n\n\n<p>\u0130kinci Qaraba\u011f m\u00fcharib\u0259si i\u015ftirak\u00e7\u0131lar\u0131 yerli icra hakimiyy\u0259tl\u0259rind\u0259n naraz\u0131d\u0131r.<\/p>\n\n\n\n<p>Beyl\u0259qan sakini, 1985-ci il t\u0259v\u0259ll\u00fcdl\u00fc El\u00e7in Pa\u015fayev d\u0259 m\u00fcharib\u0259 ba\u015flayandan sonra k\u00f6n\u00fcll\u00fc d\u00f6y\u00fc\u015fl\u0259r\u0259 getdiyini deyir.<\/p>\n\n\n\n<p>O, Meydan TV-y\u0259 bildirib ki, heyvandarl\u0131q v\u0259 t\u0259s\u0259rr\u00fcffatla m\u0259\u015f\u011ful olmaq m\u0259qs\u0259dil\u0259 Beyl\u0259qan Rayon \u0130cra Hakimiyy\u0259tin\u0259 m\u00fcraci\u0259t edib.<\/p>\n\n\n\n<p>Dediyin\u0259 g\u00f6r\u0259, qurumun V\u0259t\u0259n m\u00fcharib\u0259si i\u015ftirak\u00e7\u0131lar\u0131 v\u0259 \u015f\u0259hid ail\u0259l\u0259ri il\u0259 i\u015fin t\u0259\u015fkili \u015f\u00f6b\u0259sinin m\u00fcdiri Heyb\u0259t \u018fliyev h\u0259r d\u0259f\u0259 ona m\u00fcxt\u0259lif b\u0259han\u0259l\u0259r g\u0259tirib: <\/p>\n\n\n\n<p>\u201cPandemiyadan \u00f6nc\u0259 Rusiyada ya\u015fay\u0131b, i\u015fl\u0259yirdim. M\u00fcv\u0259qq\u0259ti olaraq Az\u0259rbaycana g\u0259lmi\u015fdim. Sentyabr\u0131n 27-d\u0259 m\u00fcharib\u0259 ba\u015flad\u0131. N\u00f6vb\u0259ti g\u00fcn S\u0259f\u0259rb\u0259rlik v\u0259 H\u0259rbi Xidm\u0259t\u0259 \u00c7a\u011f\u0131r\u0131\u015f \u00fczr\u0259 D\u00f6vl\u0259t Xidm\u0259tin\u0259 getdim. Yalvard\u0131m ki, d\u00f6y\u00fc\u015fl\u0259r\u0259 qo\u015fulmaq ist\u0259yir\u0259m. Oktyabr\u0131n 6-da F\u00fczuli istiqam\u0259tind\u0259 ged\u0259n d\u00f6y\u00fc\u015fl\u0259r zaman\u0131 k\u0259ll\u0259-beyin travmas\u0131 il\u0259 \u018fhm\u0259db\u0259ylid\u0259ki h\u0259rbi hospitala yerl\u0259\u015fdirilmi\u015f\u0259m\u201d.<\/p>\n\n\n\n<p>El\u00e7in Pa\u015fayev deyir ki, hospitalda uzun m\u00fcdd\u0259t qalmay\u0131b, t\u0259krar d\u00f6y\u00fc\u015f b\u00f6lg\u0259sin\u0259 qay\u0131d\u0131b: <\/p>\n\n\n\n<p>\u201cH\u0259kim\u0259 dedim ki, \u0259lim-aya\u011f\u0131m yerind\u0259dir, m\u0259ni burax, d\u00f6y\u00fc\u015f\u0259 gedir\u0259m. O da dedi ki, siz \u015fokdas\u0131n\u0131z, bir ne\u00e7\u0259 g\u00fcn d\u0259 x\u0259st\u0259xanada yatmal\u0131s\u0131n\u0131z. X\u0259st\u0259xanada qalmad\u0131m, t\u0259krar g\u0259lib Beyl\u0259qandak\u0131 N sayl\u0131 h\u0259rbi hiss\u0259y\u0259 qo\u015fulub, d\u00f6y\u00fc\u015f\u0259 getdim. B\u00fct\u00fcn h\u00fccum \u0259m\u0259liyyatlar\u0131nda i\u015ftirak etmi\u015f\u0259m. \u015eu\u015faya q\u0259d\u0259r getmi\u015f\u0259m, oradak\u0131 \u0259m\u0259liyyatda da olmu\u015fam. Dekabr\u0131n 27-d\u0259 oradan t\u0259rxis olunmu\u015fam\u201d.<\/p>\n\n\n\n<p>Ke\u00e7mi\u015f d\u00f6y\u00fc\u015f\u00e7\u00fc \u201c\u015eu\u015fan\u0131n azad olunmas\u0131na g\u00f6r\u0259\u201d, \u201cF\u00fczulinin azad olunmas\u0131na g\u00f6r\u0259\u201d v\u0259 \u201cQubadl\u0131n\u0131n azad olunmas\u0131na g\u00f6r\u0259\u201d medallar\u0131n\u0131 al\u0131b.<\/p>\n\n\n\n<p>Deyir ki, m\u00fcharib\u0259 zaman\u0131 s\u0259hh\u0259tind\u0259 yaranan probleml\u0259r indi onun normal ya\u015fama\u011f\u0131na, fiziki i\u015fl\u0259rd\u0259 \u00e7al\u0131\u015fmas\u0131na mane olur: <\/p>\n\n\n\n<p>\u201c\u018fs\u0259bi olmu\u015fam, kimins\u0259 \u0259linin alt\u0131nda i\u015fl\u0259y\u0259 bilmir\u0259m. Sa\u011f olsunlar, tan\u0131\u015f-bili\u015f i\u015f verir. Amma bir ay\u0131n be\u015f g\u00fcn\u00fcn\u00fc zorla i\u015fl\u0259yir\u0259m. K\u0259nd t\u0259s\u0259rr\u00fcffat\u0131 il\u0259 m\u0259\u015f\u011ful olmaq ist\u0259yir\u0259m. Torpaq almaq \u00fc\u00e7\u00fcn aidiyy\u0259ti quruma m\u00fcraci\u0259t etmi\u015f\u0259m, amma baxan yoxdur. Beyl\u0259qan Rayon \u0130cra Hakimiyy\u0259tinin ba\u015f\u00e7\u0131s\u0131n\u0131n q\u0259buluna d\u00fc\u015fm\u0259k olmur ki, d\u0259rdimi deyim. Bir il \u00fc\u00e7 ay \u00f6nc\u0259 heyvandaql\u0131qla ba\u011fl\u0131 ad\u0131m\u0131 yazd\u0131rm\u0131\u015fam. H\u0259l\u0259 d\u0259 he\u00e7 bir cavab yoxdur. M\u0259n demir\u0259m ki, m\u0259n\u0259 milyonlar versinl\u0259r. M\u0259n pula g\u00f6r\u0259 gedib, d\u00f6y\u00fc\u015fm\u0259mi\u015f\u0259m. Sad\u0259c\u0259, \u015fikay\u0259tim\u0259 bax\u0131b, problemimi h\u0259ll etsinl\u0259r\u201d.<\/p>\n\n\n\n<p>Beyl\u0259qan Rayon \u0130cra Hakimiyy\u0259ti V\u0259t\u0259n m\u00fcharib\u0259si i\u015ftirak\u00e7\u0131lar\u0131 v\u0259 \u015f\u0259hid ail\u0259l\u0259ri il\u0259 i\u015fin t\u0259\u015fkili \u015f\u00f6b\u0259sinin m\u00fcdiri Heyb\u0259t \u018fliyev Meydan TV-y\u0259 bildirib ki, bir qrup \u0130kinci Qaraba\u011f m\u00fcharib\u0259si d\u00f6y\u00fc\u015f\u00e7\u00fcs\u00fc avqustun 3-d\u0259 icra hakimiyy\u0259tinin q\u0259bulunda olub: <\/p>\n\n\n\n<p>\u201cOnlar torpaq m\u0259s\u0259l\u0259si il\u0259 ba\u011fl\u0131 m\u00fcraci\u0259t edibl\u0259r. Yax\u0131nlarda probleml\u0259ri h\u0259ll olunacaq\u201d.<\/p>\n\n\n\n<p>Az\u0259rbaycan Ordusunun h\u0259rbi qulluq\u00e7usu, 1991-ci il t\u0259v\u0259ll\u00fcdl\u00fc Sumqay\u0131t sakini Asif H\u00fcseynov is\u0259 torpaq sah\u0259si almaq m\u0259qs\u0259dil\u0259 b\u0259l\u0259diyy\u0259y\u0259 m\u00fcraci\u0259t edib: <\/p>\n\n\n\n<p>\u201cS\u0259kkiz il h\u0259rbi xidm\u0259tim olub, \u00f6z\u00fcm d\u0259 veteranam. Alt\u0131 il Bak\u0131da, bir il Qusarda, bir il is\u0259 La\u00e7\u0131nda i\u015fl\u0259mi\u015f\u0259m. \u0130kinci Qaraba\u011f d\u00f6y\u00fc\u015fl\u0259ri zaman\u0131 \u00f6n c\u0259bh\u0259d\u0259 olmu\u015fam. 2021-ci ild\u0259 torpaqla t\u0259min olunma\u011f\u0131mla ba\u011fl\u0131 Sumqay\u0131t b\u0259l\u0259diyy\u0259sin\u0259 getdim&#8221;.<\/p>\n\n\n\n<p>&#8220;Orada m\u0259n\u0259 dedil\u0259r ki, s\u0259n torpaqla t\u0259min olunmal\u0131san, amma haradan t\u0259min ed\u0259k? Dedil\u0259r ki, el\u0259 bir torpaq sah\u0259miz yoxdur. H\u0259r d\u0259f\u0259 d\u0259 gedir\u0259m, deyirl\u0259r ki, ilk olaraq \u015f\u0259hid ail\u0259l\u0259rinin m\u00fcraci\u0259tl\u0259rin\u0259 bax\u0131r\u0131q. \u0130cra hakimiyy\u0259tin\u0259 d\u0259 getdim, q\u0259bul etm\u0259dil\u0259r\u201d, &#8211; dey\u0259 o bildirib.<\/p>\n\n\n\n<p>Meydan TV Sumqay\u0131t Rayon \u0130cra Hakimiyy\u0259ti v\u0259 b\u0259l\u0259diyy\u0259sin\u0259 d\u0259f\u0259l\u0259rl\u0259 z\u0259ng ets\u0259 d\u0259, cavab ver\u0259n olmay\u0131b.<br>Sumqay\u0131t B\u0259l\u0259diyy\u0259sinin Asif H\u00fcseynovun m\u00fcraci\u0259tin\u0259 verdiyi cavabda qeyd edilir ki, b\u0259l\u0259diyy\u0259nin ehtiyat torpaq fondunda s\u0259rb\u0259st torpaq sah\u0259si yoxdur.<\/p>\n\n\n\n<p>\u201c\u0130lk n\u00f6vb\u0259d\u0259 \u015f\u0259hid ail\u0259l\u0259rin\u0259 f\u0259rdi ev tikintisi \u00fc\u00e7\u00fcn torpaq sah\u0259sinin ayr\u0131lmas\u0131 n\u0259z\u0259rd\u0259 tutulur\u201d, &#8211; m\u0259ktubda deyilir.<\/p>\n\n\n\n<p>Qaraba\u011f Qazil\u0259r Birliyinin m\u0259tbuat xidm\u0259tinin r\u0259hb\u0259ri Rey K\u0259rimo\u011flu Meydan TV-y\u0259 bildirib ki, qurum m\u00fcharib\u0259 i\u015ftirak\u00e7\u0131lar\u0131n\u0131n sosial v\u0259ziyy\u0259tini yax\u015f\u0131la\u015fd\u0131rmaq \u00fc\u00e7\u00fcn proqram haz\u0131rlayaraq, aidiyy\u0259ti qurumlara g\u00f6nd\u0259rib:<\/p>\n\n\n\n<p>\u201cQaraba\u011f Qazil\u0259ri \u0130ctimai Birliyi olaraq on yeddi t\u0259klif g\u00f6nd\u0259rmi\u015fik. T\u0259klifl\u0259rd\u0259n biri d\u0259 odur ki, k\u0259nd t\u0259s\u0259rr\u00fcffat\u0131 rayonlar\u0131nda \u015f\u0259hid ail\u0259l\u0259ri, veteranlar, qazil\u0259r \u00fc\u00e7\u00fcn torpaq sah\u0259si ayr\u0131ls\u0131n v\u0259 onlara \u015f\u0259raiti yarad\u0131ls\u0131n. Onlar\u0131n el\u0259si var ki, ar\u0131\u00e7\u0131l\u0131qla, dig\u0259ri \u0259kin\u00e7ilik, yaxud da heyvandarl\u0131qla m\u0259\u015f\u011ful olmaq ist\u0259yir. Onlara d\u0259st\u0259k olunmal\u0131d\u0131r. \u0130cra hakimiyy\u0259tl\u0259rind\u0259 yarad\u0131lm\u0131\u015f V\u0259t\u0259n m\u00fcharib\u0259si i\u015ftirak\u00e7\u0131lar\u0131 v\u0259 \u015f\u0259hid ail\u0259l\u0259ri il\u0259 i\u015fin t\u0259\u015fkili \u015f\u00f6b\u0259l\u0259rinin b\u0259zil\u0259ri he\u00e7 bir i\u015f g\u00f6rm\u00fcrl\u0259r. Yaxud da qazinin birin\u0259 yard\u0131m edirl\u0259r, \u0259llisi k\u0259narda qal\u0131r\u201d.<\/p>\n\n\n\n<figure class=\"wp-block-image size-large\"><img decoding=\"async\" width=\"1006\" height=\"821\" data-src=\"https:\/\/www.meydan.tv\/wp-content\/uploads\/reyjpg-1628244569-1006x821.jpg\" alt=\"\" class=\"wp-image-247251 lazyload\" src=\"data:image\/svg+xml;base64,PHN2ZyB3aWR0aD0iMSIgaGVpZ2h0PSIxIiB4bWxucz0iaHR0cDovL3d3dy53My5vcmcvMjAwMC9zdmciPjwvc3ZnPg==\" style=\"--smush-placeholder-width: 1006px; --smush-placeholder-aspect-ratio: 1006\/821;\" \/><figcaption>Rey K\u0259rimo\u011flu. Foto: &#8220;adalet.az&#8221;<\/figcaption><\/figure>\n\n\n\n<p>2020-ci ilin sentyabr\u0131nda Az\u0259rbaycan v\u0259 Erm\u0259nistan silahl\u0131 q\u00fcvv\u0259l\u0259ri aras\u0131nda qar\u015f\u0131durma ba\u015flay\u0131b.<br>\u00dcmumilikd\u0259 44 g\u00fcn s\u00fcr\u0259n v\u0259 \u0130kinci Qaraba\u011f m\u00fcharib\u0259si adland\u0131r\u0131lan m\u00fcnaqi\u015f\u0259d\u0259 h\u0259r iki t\u0259r\u0259fd\u0259n 6 mind\u0259n art\u0131q h\u0259rb\u00e7i h\u0259lak olub.<\/p>\n\n\n\n<p>Az\u0259rbaycan Da\u011fl\u0131q Qaraba\u011f b\u00f6lg\u0259sinin bir hiss\u0259sin\u0259 v\u0259 \u0259traf 7 rayona n\u0259zar\u0259ti b\u0259rpa edib.<\/p>\n\n\n\n<p>H\u0259min ilin 10 noyabr b\u0259yanat\u0131na (Az\u0259rbaycan, Erm\u0259nistan v\u0259 Rusiya aras\u0131nda imzalan\u0131b) \u0259sas\u0259n, d\u00f6y\u00fc\u015fl\u0259r dayand\u0131r\u0131l\u0131b.<\/p>\n\n\n\n<p>Bundan sonra La\u00e7\u0131n d\u0259hlizind\u0259 v\u0259 Qaraba\u011fda Rusiya s\u00fclhm\u0259raml\u0131lar\u0131 yerl\u0259\u015fdirilib.<\/p>\n\n\n\n<p>\u0130kinci Qaraba\u011f m\u00fcharib\u0259sind\u0259n \u00f6nc\u0259, 1994-c\u00fc ild\u0259 ger\u00e7\u0259kl\u0259\u015f\u0259n at\u0259\u015fk\u0259s raz\u0131la\u015fmas\u0131na q\u0259d\u0259r Az\u0259rbaycan\u0131n Da\u011fl\u0131q Qaraba\u011f b\u00f6lg\u0259si v\u0259 ona biti\u015fik 7 rayonu i\u015f\u011fal edilib.<br>M\u00fcnaqi\u015f\u0259 SSR\u0130 d\u00f6n\u0259mind\u0259n Erm\u0259nistan\u0131n Az\u0259rbaycana qar\u015f\u0131 \u0259razi iddialar\u0131 il\u0259 ba\u015flay\u0131b.<\/p>\n","protected":false},"excerpt":{"rendered":"<p>Rey K\u0259rimo\u011flu: &#8220;Qazinin birin\u0259 yard\u0131m edirl\u0259r, \u0259llisi k\u0259narda qal\u0131r&#8221; \u0130kinci &#8230; <\/p>\n<p class=\"read-more-container\"><a title=\"Beyl\u0259qandan \u015fikay\u0259t var: qazi icra hakimiyy\u0259tind\u0259n naraz\u0131d\u0131r\" class=\"read-more button\" href=\"https:\/\/www.meydan.tv\/az\/article\/beyleqandan-sikayet-var-qazi-icra-hakimiyyetinden-narazidir\/#more-252488\" aria-label=\"Read more about Beyl\u0259qandan \u015fikay\u0259t var: qazi icra hakimiyy\u0259tind\u0259n naraz\u0131d\u0131r\">Davam\u0131<\/a><\/p>\n","protected":false},"author":8,"featured_media":252489,"comment_status":"closed","ping_status":"closed","sticky":false,"template":"","format":"standard","meta":{"_acf_changed":false,"_sitemap_exclude":false,"_sitemap_priority":"","_sitemap_frequency":"","footnotes":""},"categories":[60,56],"tags":[],"class_list":["post-252488","post","type-post","status-publish","format-standard","has-post-thumbnail","hentry","category-bolge","category-xeberler","infinite-scroll-item","generate-columns","tablet-grid-50","mobile-grid-100","grid-parent","grid-33","no-featured-image-padding"],"acf":[],"yoast_head":"<!-- This site is optimized with the Yoast SEO plugin v27.5 - https:\/\/yoast.com\/product\/yoast-seo-wordpress\/ -->\n<title>Beyl\u0259qandan \u015fikay\u0259t var: qazi icra hakimiyy\u0259tind\u0259n naraz\u0131d\u0131r - MEYDAN.TV<\/title>\n<meta name=\"robots\" content=\"index, follow, max-snippet:-1, max-image-preview:large, max-video-preview:-1\" \/>\n<link rel=\"canonical\" href=\"https:\/\/www.meydan.tv\/az\/article\/beyleqandan-sikayet-var-qazi-icra-hakimiyyetinden-narazidir\/\" \/>\n<meta property=\"og:locale\" content=\"az_AZ\" \/>\n<meta property=\"og:type\" content=\"article\" \/>\n<meta property=\"og:title\" content=\"Beyl\u0259qandan \u015fikay\u0259t var: qazi icra hakimiyy\u0259tind\u0259n naraz\u0131d\u0131r - MEYDAN.TV\" \/>\n<meta property=\"og:description\" content=\"Rey K\u0259rimo\u011flu: &#8220;Qazinin birin\u0259 yard\u0131m edirl\u0259r, \u0259llisi k\u0259narda qal\u0131r&#8221; \u0130kinci ... Davam\u0131\" \/>\n<meta property=\"og:url\" content=\"https:\/\/www.meydan.tv\/az\/article\/beyleqandan-sikayet-var-qazi-icra-hakimiyyetinden-narazidir\/\" \/>\n<meta property=\"og:site_name\" content=\"MEYDAN.TV\" \/>\n<meta property=\"article:published_time\" content=\"2022-08-04T12:16:53+00:00\" \/>\n<meta property=\"article:modified_time\" content=\"2022-08-04T12:16:55+00:00\" \/>\n<meta property=\"og:image\" content=\"https:\/\/www.meydan.tv\/wp-content\/uploads\/1200px-beyleqan_rayon_icra_hakimiyyeti.jpg\" \/>\n\t<meta property=\"og:image:width\" content=\"1200\" \/>\n\t<meta property=\"og:image:height\" content=\"675\" \/>\n\t<meta property=\"og:image:type\" content=\"image\/jpeg\" \/>\n<meta name=\"author\" content=\"elli\" \/>\n<meta name=\"twitter:card\" content=\"summary_large_image\" \/>\n<meta name=\"twitter:creator\" content=\"@elli\" \/>\n<script type=\"application\/ld+json\" class=\"yoast-schema-graph\">{\"@context\":\"https:\\\/\\\/schema.org\",\"@graph\":[{\"@type\":\"Article\",\"@id\":\"https:\\\/\\\/www.meydan.tv\\\/az\\\/article\\\/beyleqandan-sikayet-var-qazi-icra-hakimiyyetinden-narazidir\\\/#article\",\"isPartOf\":{\"@id\":\"https:\\\/\\\/www.meydan.tv\\\/az\\\/article\\\/beyleqandan-sikayet-var-qazi-icra-hakimiyyetinden-narazidir\\\/\"},\"author\":{\"name\":\"elli\",\"@id\":\"https:\\\/\\\/www.meydan.tv\\\/az\\\/#\\\/schema\\\/person\\\/9cdbecf90d17180ce1dfbd95b08dcf47\"},\"headline\":\"Beyl\u0259qandan \u015fikay\u0259t var: qazi icra hakimiyy\u0259tind\u0259n naraz\u0131d\u0131r\",\"datePublished\":\"2022-08-04T12:16:53+00:00\",\"dateModified\":\"2022-08-04T12:16:55+00:00\",\"mainEntityOfPage\":{\"@id\":\"https:\\\/\\\/www.meydan.tv\\\/az\\\/article\\\/beyleqandan-sikayet-var-qazi-icra-hakimiyyetinden-narazidir\\\/\"},\"wordCount\":1213,\"publisher\":{\"@id\":\"https:\\\/\\\/www.meydan.tv\\\/az\\\/#organization\"},\"image\":{\"@id\":\"https:\\\/\\\/www.meydan.tv\\\/az\\\/article\\\/beyleqandan-sikayet-var-qazi-icra-hakimiyyetinden-narazidir\\\/#primaryimage\"},\"thumbnailUrl\":\"https:\\\/\\\/www.meydan.tv\\\/wp-content\\\/uploads\\\/1200px-beyleqan_rayon_icra_hakimiyyeti.jpg\",\"articleSection\":[\"B\u00f6lg\u0259\",\"X\u0259b\u0259rl\u0259r\"],\"inLanguage\":\"az\"},{\"@type\":\"WebPage\",\"@id\":\"https:\\\/\\\/www.meydan.tv\\\/az\\\/article\\\/beyleqandan-sikayet-var-qazi-icra-hakimiyyetinden-narazidir\\\/\",\"url\":\"https:\\\/\\\/www.meydan.tv\\\/az\\\/article\\\/beyleqandan-sikayet-var-qazi-icra-hakimiyyetinden-narazidir\\\/\",\"name\":\"Beyl\u0259qandan \u015fikay\u0259t var: qazi icra hakimiyy\u0259tind\u0259n naraz\u0131d\u0131r - MEYDAN.TV\",\"isPartOf\":{\"@id\":\"https:\\\/\\\/www.meydan.tv\\\/az\\\/#website\"},\"primaryImageOfPage\":{\"@id\":\"https:\\\/\\\/www.meydan.tv\\\/az\\\/article\\\/beyleqandan-sikayet-var-qazi-icra-hakimiyyetinden-narazidir\\\/#primaryimage\"},\"image\":{\"@id\":\"https:\\\/\\\/www.meydan.tv\\\/az\\\/article\\\/beyleqandan-sikayet-var-qazi-icra-hakimiyyetinden-narazidir\\\/#primaryimage\"},\"thumbnailUrl\":\"https:\\\/\\\/www.meydan.tv\\\/wp-content\\\/uploads\\\/1200px-beyleqan_rayon_icra_hakimiyyeti.jpg\",\"datePublished\":\"2022-08-04T12:16:53+00:00\",\"dateModified\":\"2022-08-04T12:16:55+00:00\",\"breadcrumb\":{\"@id\":\"https:\\\/\\\/www.meydan.tv\\\/az\\\/article\\\/beyleqandan-sikayet-var-qazi-icra-hakimiyyetinden-narazidir\\\/#breadcrumb\"},\"inLanguage\":\"az\",\"potentialAction\":[{\"@type\":\"ReadAction\",\"target\":[\"https:\\\/\\\/www.meydan.tv\\\/az\\\/article\\\/beyleqandan-sikayet-var-qazi-icra-hakimiyyetinden-narazidir\\\/\"]}]},{\"@type\":\"ImageObject\",\"inLanguage\":\"az\",\"@id\":\"https:\\\/\\\/www.meydan.tv\\\/az\\\/article\\\/beyleqandan-sikayet-var-qazi-icra-hakimiyyetinden-narazidir\\\/#primaryimage\",\"url\":\"https:\\\/\\\/www.meydan.tv\\\/wp-content\\\/uploads\\\/1200px-beyleqan_rayon_icra_hakimiyyeti.jpg\",\"contentUrl\":\"https:\\\/\\\/www.meydan.tv\\\/wp-content\\\/uploads\\\/1200px-beyleqan_rayon_icra_hakimiyyeti.jpg\",\"width\":1200,\"height\":675,\"caption\":\"Beyl\u0259qan Rayon \u0130cra Hakimiyy\u0259ti. Foto: wikimedia\"},{\"@type\":\"BreadcrumbList\",\"@id\":\"https:\\\/\\\/www.meydan.tv\\\/az\\\/article\\\/beyleqandan-sikayet-var-qazi-icra-hakimiyyetinden-narazidir\\\/#breadcrumb\",\"itemListElement\":[{\"@type\":\"ListItem\",\"position\":1,\"name\":\"Ana s\u0259hif\u0259\",\"item\":\"https:\\\/\\\/www.meydan.tv\\\/az\\\/\"},{\"@type\":\"ListItem\",\"position\":2,\"name\":\"B\u00f6lg\u0259\",\"item\":\"https:\\\/\\\/www.meydan.tv\\\/az\\\/section\\\/bolge\\\/\"},{\"@type\":\"ListItem\",\"position\":3,\"name\":\"Beyl\u0259qandan \u015fikay\u0259t var: qazi icra hakimiyy\u0259tind\u0259n naraz\u0131d\u0131r\"}]},{\"@type\":\"WebSite\",\"@id\":\"https:\\\/\\\/www.meydan.tv\\\/az\\\/#website\",\"url\":\"https:\\\/\\\/www.meydan.tv\\\/az\\\/\",\"name\":\"MEYDAN.TV\",\"description\":\"Meydan TV Az\u0259rbaycan\u0131n media m\u0259kan\u0131ndak\u0131 alternativ s\u0259sidir\",\"publisher\":{\"@id\":\"https:\\\/\\\/www.meydan.tv\\\/az\\\/#organization\"},\"potentialAction\":[{\"@type\":\"SearchAction\",\"target\":{\"@type\":\"EntryPoint\",\"urlTemplate\":\"https:\\\/\\\/www.meydan.tv\\\/az\\\/?s={search_term_string}\"},\"query-input\":{\"@type\":\"PropertyValueSpecification\",\"valueRequired\":true,\"valueName\":\"search_term_string\"}}],\"inLanguage\":\"az\"},{\"@type\":\"Organization\",\"@id\":\"https:\\\/\\\/www.meydan.tv\\\/az\\\/#organization\",\"name\":\"Meydan TV\",\"url\":\"https:\\\/\\\/www.meydan.tv\\\/az\\\/\",\"logo\":{\"@type\":\"ImageObject\",\"inLanguage\":\"az\",\"@id\":\"https:\\\/\\\/www.meydan.tv\\\/az\\\/#\\\/schema\\\/logo\\\/image\\\/\",\"url\":\"https:\\\/\\\/www.meydan.tv\\\/wp-content\\\/uploads\\\/2021\\\/07\\\/meydan-logo.svg\",\"contentUrl\":\"https:\\\/\\\/www.meydan.tv\\\/wp-content\\\/uploads\\\/2021\\\/07\\\/meydan-logo.svg\",\"width\":195,\"height\":46,\"caption\":\"Meydan TV\"},\"image\":{\"@id\":\"https:\\\/\\\/www.meydan.tv\\\/az\\\/#\\\/schema\\\/logo\\\/image\\\/\"}},{\"@type\":\"Person\",\"@id\":\"https:\\\/\\\/www.meydan.tv\\\/az\\\/#\\\/schema\\\/person\\\/9cdbecf90d17180ce1dfbd95b08dcf47\",\"name\":\"elli\",\"sameAs\":[\"https:\\\/\\\/x.com\\\/elli\"]}]}<\/script>\n<!-- \/ Yoast SEO plugin. -->","yoast_head_json":{"title":"Beyl\u0259qandan \u015fikay\u0259t var: qazi icra hakimiyy\u0259tind\u0259n naraz\u0131d\u0131r - MEYDAN.TV","robots":{"index":"index","follow":"follow","max-snippet":"max-snippet:-1","max-image-preview":"max-image-preview:large","max-video-preview":"max-video-preview:-1"},"canonical":"https:\/\/www.meydan.tv\/az\/article\/beyleqandan-sikayet-var-qazi-icra-hakimiyyetinden-narazidir\/","og_locale":"az_AZ","og_type":"article","og_title":"Beyl\u0259qandan \u015fikay\u0259t var: qazi icra hakimiyy\u0259tind\u0259n naraz\u0131d\u0131r - MEYDAN.TV","og_description":"Rey K\u0259rimo\u011flu: &#8220;Qazinin birin\u0259 yard\u0131m edirl\u0259r, \u0259llisi k\u0259narda qal\u0131r&#8221; \u0130kinci ... Davam\u0131","og_url":"https:\/\/www.meydan.tv\/az\/article\/beyleqandan-sikayet-var-qazi-icra-hakimiyyetinden-narazidir\/","og_site_name":"MEYDAN.TV","article_published_time":"2022-08-04T12:16:53+00:00","article_modified_time":"2022-08-04T12:16:55+00:00","og_image":[{"width":1200,"height":675,"url":"https:\/\/www.meydan.tv\/wp-content\/uploads\/1200px-beyleqan_rayon_icra_hakimiyyeti.jpg","type":"image\/jpeg"}],"author":"elli","twitter_card":"summary_large_image","twitter_creator":"@elli","schema":{"@context":"https:\/\/schema.org","@graph":[{"@type":"Article","@id":"https:\/\/www.meydan.tv\/az\/article\/beyleqandan-sikayet-var-qazi-icra-hakimiyyetinden-narazidir\/#article","isPartOf":{"@id":"https:\/\/www.meydan.tv\/az\/article\/beyleqandan-sikayet-var-qazi-icra-hakimiyyetinden-narazidir\/"},"author":{"name":"elli","@id":"https:\/\/www.meydan.tv\/az\/#\/schema\/person\/9cdbecf90d17180ce1dfbd95b08dcf47"},"headline":"Beyl\u0259qandan \u015fikay\u0259t var: qazi icra hakimiyy\u0259tind\u0259n naraz\u0131d\u0131r","datePublished":"2022-08-04T12:16:53+00:00","dateModified":"2022-08-04T12:16:55+00:00","mainEntityOfPage":{"@id":"https:\/\/www.meydan.tv\/az\/article\/beyleqandan-sikayet-var-qazi-icra-hakimiyyetinden-narazidir\/"},"wordCount":1213,"publisher":{"@id":"https:\/\/www.meydan.tv\/az\/#organization"},"image":{"@id":"https:\/\/www.meydan.tv\/az\/article\/beyleqandan-sikayet-var-qazi-icra-hakimiyyetinden-narazidir\/#primaryimage"},"thumbnailUrl":"https:\/\/www.meydan.tv\/wp-content\/uploads\/1200px-beyleqan_rayon_icra_hakimiyyeti.jpg","articleSection":["B\u00f6lg\u0259","X\u0259b\u0259rl\u0259r"],"inLanguage":"az"},{"@type":"WebPage","@id":"https:\/\/www.meydan.tv\/az\/article\/beyleqandan-sikayet-var-qazi-icra-hakimiyyetinden-narazidir\/","url":"https:\/\/www.meydan.tv\/az\/article\/beyleqandan-sikayet-var-qazi-icra-hakimiyyetinden-narazidir\/","name":"Beyl\u0259qandan \u015fikay\u0259t var: qazi icra hakimiyy\u0259tind\u0259n naraz\u0131d\u0131r - MEYDAN.TV","isPartOf":{"@id":"https:\/\/www.meydan.tv\/az\/#website"},"primaryImageOfPage":{"@id":"https:\/\/www.meydan.tv\/az\/article\/beyleqandan-sikayet-var-qazi-icra-hakimiyyetinden-narazidir\/#primaryimage"},"image":{"@id":"https:\/\/www.meydan.tv\/az\/article\/beyleqandan-sikayet-var-qazi-icra-hakimiyyetinden-narazidir\/#primaryimage"},"thumbnailUrl":"https:\/\/www.meydan.tv\/wp-content\/uploads\/1200px-beyleqan_rayon_icra_hakimiyyeti.jpg","datePublished":"2022-08-04T12:16:53+00:00","dateModified":"2022-08-04T12:16:55+00:00","breadcrumb":{"@id":"https:\/\/www.meydan.tv\/az\/article\/beyleqandan-sikayet-var-qazi-icra-hakimiyyetinden-narazidir\/#breadcrumb"},"inLanguage":"az","potentialAction":[{"@type":"ReadAction","target":["https:\/\/www.meydan.tv\/az\/article\/beyleqandan-sikayet-var-qazi-icra-hakimiyyetinden-narazidir\/"]}]},{"@type":"ImageObject","inLanguage":"az","@id":"https:\/\/www.meydan.tv\/az\/article\/beyleqandan-sikayet-var-qazi-icra-hakimiyyetinden-narazidir\/#primaryimage","url":"https:\/\/www.meydan.tv\/wp-content\/uploads\/1200px-beyleqan_rayon_icra_hakimiyyeti.jpg","contentUrl":"https:\/\/www.meydan.tv\/wp-content\/uploads\/1200px-beyleqan_rayon_icra_hakimiyyeti.jpg","width":1200,"height":675,"caption":"Beyl\u0259qan Rayon \u0130cra Hakimiyy\u0259ti. Foto: wikimedia"},{"@type":"BreadcrumbList","@id":"https:\/\/www.meydan.tv\/az\/article\/beyleqandan-sikayet-var-qazi-icra-hakimiyyetinden-narazidir\/#breadcrumb","itemListElement":[{"@type":"ListItem","position":1,"name":"Ana s\u0259hif\u0259","item":"https:\/\/www.meydan.tv\/az\/"},{"@type":"ListItem","position":2,"name":"B\u00f6lg\u0259","item":"https:\/\/www.meydan.tv\/az\/section\/bolge\/"},{"@type":"ListItem","position":3,"name":"Beyl\u0259qandan \u015fikay\u0259t var: qazi icra hakimiyy\u0259tind\u0259n naraz\u0131d\u0131r"}]},{"@type":"WebSite","@id":"https:\/\/www.meydan.tv\/az\/#website","url":"https:\/\/www.meydan.tv\/az\/","name":"MEYDAN.TV","description":"Meydan TV Az\u0259rbaycan\u0131n media m\u0259kan\u0131ndak\u0131 alternativ s\u0259sidir","publisher":{"@id":"https:\/\/www.meydan.tv\/az\/#organization"},"potentialAction":[{"@type":"SearchAction","target":{"@type":"EntryPoint","urlTemplate":"https:\/\/www.meydan.tv\/az\/?s={search_term_string}"},"query-input":{"@type":"PropertyValueSpecification","valueRequired":true,"valueName":"search_term_string"}}],"inLanguage":"az"},{"@type":"Organization","@id":"https:\/\/www.meydan.tv\/az\/#organization","name":"Meydan TV","url":"https:\/\/www.meydan.tv\/az\/","logo":{"@type":"ImageObject","inLanguage":"az","@id":"https:\/\/www.meydan.tv\/az\/#\/schema\/logo\/image\/","url":"https:\/\/www.meydan.tv\/wp-content\/uploads\/2021\/07\/meydan-logo.svg","contentUrl":"https:\/\/www.meydan.tv\/wp-content\/uploads\/2021\/07\/meydan-logo.svg","width":195,"height":46,"caption":"Meydan TV"},"image":{"@id":"https:\/\/www.meydan.tv\/az\/#\/schema\/logo\/image\/"}},{"@type":"Person","@id":"https:\/\/www.meydan.tv\/az\/#\/schema\/person\/9cdbecf90d17180ce1dfbd95b08dcf47","name":"elli","sameAs":["https:\/\/x.com\/elli"]}]}},"_links":{"self":[{"href":"https:\/\/www.meydan.tv\/az\/wp-json\/wp\/v2\/posts\/252488","targetHints":{"allow":["GET"]}}],"collection":[{"href":"https:\/\/www.meydan.tv\/az\/wp-json\/wp\/v2\/posts"}],"about":[{"href":"https:\/\/www.meydan.tv\/az\/wp-json\/wp\/v2\/types\/post"}],"author":[{"embeddable":true,"href":"https:\/\/www.meydan.tv\/az\/wp-json\/wp\/v2\/users\/8"}],"replies":[{"embeddable":true,"href":"https:\/\/www.meydan.tv\/az\/wp-json\/wp\/v2\/comments?post=252488"}],"version-history":[{"count":2,"href":"https:\/\/www.meydan.tv\/az\/wp-json\/wp\/v2\/posts\/252488\/revisions"}],"predecessor-version":[{"id":252499,"href":"https:\/\/www.meydan.tv\/az\/wp-json\/wp\/v2\/posts\/252488\/revisions\/252499"}],"wp:featuredmedia":[{"embeddable":true,"href":"https:\/\/www.meydan.tv\/az\/wp-json\/wp\/v2\/media\/252489"}],"wp:attachment":[{"href":"https:\/\/www.meydan.tv\/az\/wp-json\/wp\/v2\/media?parent=252488"}],"wp:term":[{"taxonomy":"category","embeddable":true,"href":"https:\/\/www.meydan.tv\/az\/wp-json\/wp\/v2\/categories?post=252488"},{"taxonomy":"post_tag","embeddable":true,"href":"https:\/\/www.meydan.tv\/az\/wp-json\/wp\/v2\/tags?post=252488"}],"curies":[{"name":"wp","href":"https:\/\/api.w.org\/{rel}","templated":true}]}}