{"id":252431,"date":"2022-08-03T16:26:07","date_gmt":"2022-08-03T12:26:07","guid":{"rendered":"https:\/\/www.meydan.tv\/?p=252431"},"modified":"2022-08-03T16:26:10","modified_gmt":"2022-08-03T12:26:10","slug":"ermenistan-azerbaycanin-yeni-dehliz-teklifi-ile-razilasmadigini-deyir","status":"publish","type":"post","link":"https:\/\/www.meydan.tv\/az\/article\/ermenistan-azerbaycanin-yeni-dehliz-teklifi-ile-razilasmadigini-deyir\/","title":{"rendered":"Erm\u0259nistan Az\u0259rbaycan\u0131n yeni &#8220;d\u0259hliz&#8221; t\u0259klifi il\u0259 raz\u0131la\u015fmad\u0131\u011f\u0131n\u0131 deyir"},"content":{"rendered":"\n<p><\/p>\n\n\n\n<p><em>Elman N\u0259sirov: &#8220;Armen Qriqoryan\u0131n s\u00f6yl\u0259dikl\u0259ri c\u0131\u011fall\u0131q v\u0259 manipulyasiyad\u0131r&#8221;<\/em><\/p>\n\n\n\n<p>&#8220;Erm\u0259nistan Az\u0259rbaycan\u0131n La\u00e7\u0131n d\u0259hlizinin ba\u015fqa mar\u015frutla \u0259v\u0259zl\u0259nm\u0259si t\u0259l\u0259bi il\u0259 ba\u011fl\u0131 he\u00e7 bir planla raz\u0131la\u015fmay\u0131b. Ona g\u00f6r\u0259 Az\u0259rbaycan\u0131n La\u00e7\u0131n d\u0259hlizi vasit\u0259sil\u0259 &#8220;Artsax&#8221;\u0131n Erm\u0259nistanla \u0259laq\u0259l\u0259ndir\u0259n ba\u015fqa mar\u015frut t\u0259l\u0259b etm\u0259si qanunsuzdur&#8221;.<\/p>\n\n\n\n<p>Bunu Erm\u0259nistan T\u0259hl\u00fck\u0259sizlik \u015euras\u0131n\u0131n katibi Armen Qriqoryan \u201cArmenpress\u201d\u0259 m\u00fcsahib\u0259sind\u0259 <a href=\"https:\/\/armenpress.am\/rus\/news\/1089544.html\" target=\"_blank\" rel=\"noreferrer noopener\">bildirib.<\/a><\/p>\n\n\n\n<p>Armen Qriqoryan deyib ki, 9 noyabr 2020-ci il tarixli \u00fc\u00e7t\u0259r\u0259fli b\u0259yanat\u0131nda t\u0259r\u0259fl\u0259rin (o zaman Rusiya Federasiyas\u0131, Erm\u0259nistan v\u0259 Az\u0259rbaycan) raz\u0131l\u0131\u011f\u0131 il\u0259 yax\u0131n 3 ild\u0259 La\u00e7\u0131n d\u0259hlizi il\u0259 Erm\u0259nistan\u0131 Da\u011fl\u0131q Qaraba\u011fla birl\u0259\u015fdir\u0259n yeni n\u0259qliyyat mar\u015frutunun tikintisi plan\u0131 haz\u0131rlanacaq: <\/p>\n\n\n\n<p>&#8220;Bu m\u00fcdd\u0259t \u0259rzind\u0259 bu istiqam\u0259td\u0259 m\u00fc\u0259yy\u0259n i\u015fl\u0259r g\u00f6r\u00fcl\u00fcb. Lakin h\u0259l\u0259 ki raz\u0131la\u015fd\u0131r\u0131lm\u0131\u015f plan yoxdur. H\u0259r halda Erm\u0259nistan he\u00e7 bir planla raz\u0131la\u015fmay\u0131b, ona g\u00f6r\u0259 d\u0259 Az\u0259rbaycan\u0131n t\u0259l\u0259bi qanunsuzdur&#8221;.<\/p>\n\n\n\n<p>Qriqoryan Erm\u0259nistanla La\u00e7\u0131n d\u0259hlizinin yeni mar\u015frutunu birl\u0259\u015fdir\u0259n &#8220;Kornidzor-Teh-M12&#8221; avtomobil yolunun yenid\u0259n qurulmas\u0131 i\u015fl\u0259rin\u0259 ba\u015flan\u0131ld\u0131\u011f\u0131n\u0131 t\u0259sdiql\u0259yib.<\/p>\n\n\n\n<figure class=\"wp-block-image size-full\"><img decoding=\"async\" data-src=\"https:\/\/www.meydan.tv\/wp-content\/uploads\/1089544.jpg\" alt=\"\" class=\"wp-image-252432 lazyload\" src=\"data:image\/svg+xml;base64,PHN2ZyB3aWR0aD0iMSIgaGVpZ2h0PSIxIiB4bWxucz0iaHR0cDovL3d3dy53My5vcmcvMjAwMC9zdmciPjwvc3ZnPg==\" style=\"--smush-placeholder-width: 1194px; --smush-placeholder-aspect-ratio: 1194\/703;\" \/><figcaption>Armen Qriqoryan. M\u0259nb\u0259: &#8220;Armenpress&#8221;<\/figcaption><\/figure>\n\n\n\n<p>O, art\u0131q tikintinin ba\u015flad\u0131\u011f\u0131n\u0131 deyib: <\/p>\n\n\n\n<p>&#8220;B\u0259li, bu tikintiy\u0259 art\u0131q ba\u015flan\u0131l\u0131b. Amma n\u0259z\u0259r\u0259 al\u0131n ki, \u00fc\u00e7t\u0259r\u0259fli b\u0259yanatda yeni mar\u015frut x\u0259ttinin \u00e7\u0259kilm\u0259si plan\u0131 qeyd olunur. Bel\u0259 raz\u0131la\u015fd\u0131r\u0131lm\u0131\u015f plan yoxdur. Erm\u0259nistan art\u0131q \u00fc\u00e7t\u0259r\u0259fli formatda plan\u0131 \u0259laq\u0259l\u0259ndirm\u0259k, imzalamaq v\u0259 raz\u0131la\u015fd\u0131r\u0131lm\u0131\u015f qrafik\u0259, yol x\u0259rit\u0259sin\u0259 uy\u011fun olaraq ir\u0259lil\u0259m\u0259yi t\u0259klif edib. 9 noyabr 2020-ci il tarixli \u00fc\u00e7t\u0259r\u0259fli b\u0259yannam\u0259d\u0259 m\u0259hz bu, n\u0259z\u0259rd\u0259 tutulur&#8221;.<\/p>\n\n\n\n<p>Deputat Elman N\u0259sirov Erm\u0259nistan T\u0259hl\u00fck\u0259sizlik \u015euras\u0131n\u0131n katibi Armen Qriqoryan\u0131n s\u00f6yl\u0259dikl\u0259rini &#8220;c\u0131\u011fall\u0131q v\u0259 manipulyasiya&#8221; adland\u0131r\u0131b.<\/p>\n\n\n\n<p>O, Meydan TV-y\u0259 deyib ki, Erm\u0259nistan\u0131n siyasi r\u0259hb\u0259rliyinin m\u00fcxt\u0259lif d\u00f6vrl\u0259rd\u0259 bir-birin\u0259 zidd a\u00e7\u0131qlamalar verm\u0259si, onlar\u0131n aqoniya v\u0259ziyy\u0259tind\u0259n x\u0259b\u0259r verir: <\/p>\n\n\n\n<p>&#8220;Ba\u015f nazir Pa\u015finyan Bak\u0131n\u0131n t\u0259klif etdiyi 5 baza prinsipini q\u0259bul etdiyini deyir. Bir yandan demarkasiya v\u0259 demilitasiya il\u0259 ba\u011fl\u0131 komissiya yarad\u0131l\u0131b, ilkin g\u00f6r\u00fc\u015f d\u0259 olub. \u00dc\u00e7\u00fcnc\u00fc, xarici i\u015fl\u0259r nazirl\u0259ri Tbilisid\u0259 g\u00f6r\u00fc\u015f\u00fcr. B\u00fct\u00fcn bunlara r\u0259\u011fm\u0259n Erm\u0259nistan t\u0259xribatlar\u0131n\u0131 dayand\u0131rm\u0131r v\u0259 bu g\u00fcn Az\u0259rbaycan \u015f\u0259hid verib&#8221;.<\/p>\n\n\n\n<figure class=\"wp-block-image size-full\"><img decoding=\"async\" width=\"1200\" height=\"650\" data-src=\"https:\/\/www.meydan.tv\/wp-content\/uploads\/1528546167_pas.jpg\" alt=\"Elman N\u0259sirov\" class=\"wp-image-147968 lazyload\" src=\"data:image\/svg+xml;base64,PHN2ZyB3aWR0aD0iMSIgaGVpZ2h0PSIxIiB4bWxucz0iaHR0cDovL3d3dy53My5vcmcvMjAwMC9zdmciPjwvc3ZnPg==\" style=\"--smush-placeholder-width: 1200px; --smush-placeholder-aspect-ratio: 1200\/650;\" \/><figcaption>Elman N\u0259sirov, Foto: &#8220;Az\u0259rtac&#8221;<\/figcaption><\/figure>\n\n\n\n<p>Deputat\u0131n s\u00f6zl\u0259rin\u0259 g\u00f6r\u0259, Az\u0259rbaycan\u0131n La\u00e7\u0131ndan k\u0259narda in\u015fa etdiyi yolun yax\u0131nlarda ba\u015fa \u00e7ataca\u011f\u0131 b\u0259lli oldu\u011fu halda, Armen Qriqoryan\u0131n bel\u0259 a\u00e7\u0131qlama verm\u0259si suallar do\u011furur: <\/p>\n\n\n\n<p>&#8220;M\u0259nc\u0259, Qriqoryan v\u0259 dig\u0259rl\u0259rinin absurd b\u0259yanatlar\u0131n\u0131n s\u0259b\u0259bi Pa\u015finyan hakimiyy\u0259tini yerli dair\u0259l\u0259rin x\u0259yan\u0259tkar adland\u0131r\u0131lmas\u0131 il\u0259 ba\u011fl\u0131d\u0131r. Ona g\u00f6r\u0259 ara-s\u0131ra bel\u0259 s\u0259rt, t\u0259xribat\u00e7\u0131 m\u00f6vqe s\u0259rgl\u0259yirl\u0259r. Guya Erm\u0259nistan r\u0259hb\u0259rliyi g\u00fcz\u0259\u015ftsiz siyas\u0259t s\u0259rgil\u0259yir. Amma reall\u0131qlar ba\u015fqa m\u0259nz\u0259r\u0259 yarad\u0131b, Erm\u0259nistan hans\u0131 m\u00f6vqe g\u00f6st\u0259rs\u0259 d\u0259, s\u00fclh m\u00fcqavil\u0259sini imzalama\u011fa m\u0259hkumdur. \u00c7\u00fcnki qar\u015f\u0131l\u0131ql\u0131 konfrantasiya \u00dc\u00e7\u00fcnc\u00fc Qaraba\u011f m\u00fcharib\u0259si do\u011furar ki, bu da Pa\u015finyan hakimiyy\u0259tinin v\u0259 \u00fcmumiyy\u0259tl\u0259, Erm\u0259nistan\u0131n sonu ola bil\u0259r&#8221;.<\/p>\n\n\n\n<p>Az\u0259rbaycan\u0131n r\u0259smi qurumlar\u0131 Erm\u0259nistan T\u0259hl\u00fck\u0259sizlik \u015euras\u0131n\u0131n katibi Armen Qriqoryan\u0131n s\u00f6yl\u0259dikl\u0259ri il\u0259 ba\u011fl\u0131 h\u0259r hans\u0131 a\u015f\u0131qlama yaymay\u0131blar.<\/p>\n\n\n\n<p><strong>Xat\u0131rlatma<\/strong><\/p>\n\n\n\n<p>2020-ci ilin sentyabr\u0131nda Az\u0259rbaycan v\u0259 Erm\u0259nistan silahl\u0131 q\u00fcvv\u0259l\u0259ri aras\u0131nda qar\u015f\u0131durma ba\u015flay\u0131b.<\/p>\n\n\n\n<p>\u00dcmumilikd\u0259 44 g\u00fcn s\u00fcr\u0259n v\u0259 \u0130kinci Qaraba\u011f m\u00fcharib\u0259si adland\u0131r\u0131lan m\u00fcnaqi\u015f\u0259d\u0259 h\u0259r iki t\u0259r\u0259fd\u0259n 6 mind\u0259n art\u0131q h\u0259rb\u00e7i h\u0259lak olub.<\/p>\n\n\n\n<p>Az\u0259rbaycan Da\u011fl\u0131q Qaraba\u011f b\u00f6lg\u0259sinin bir hiss\u0259sin\u0259 v\u0259 \u0259traf 7 rayona n\u0259zar\u0259ti b\u0259rpa edib.<\/p>\n\n\n\n<p>H\u0259min ilin 10 noyabr b\u0259yanat\u0131na (Az\u0259rbaycan, Erm\u0259nistan v\u0259 Rusiya aras\u0131nda imzalan\u0131b) \u0259sas\u0259n, d\u00f6y\u00fc\u015fl\u0259r dayand\u0131r\u0131l\u0131b.<\/p>\n\n\n\n<p>Bundan sonra La\u00e7\u0131n d\u0259hlizind\u0259 v\u0259 Qaraba\u011fda Rusiya s\u00fclhm\u0259raml\u0131lar\u0131 yerl\u0259\u015fdirilib.<\/p>\n\n\n\n<p>\u0130kinci Qaraba\u011f m\u00fcharib\u0259sind\u0259n \u00f6nc\u0259, 1994-c\u00fc ild\u0259 ger\u00e7\u0259kl\u0259\u015f\u0259n at\u0259\u015fk\u0259s raz\u0131la\u015fmas\u0131na q\u0259d\u0259r Az\u0259rbaycan\u0131n Da\u011fl\u0131q Qaraba\u011f b\u00f6lg\u0259si v\u0259 ona biti\u015fik 7 rayonu i\u015f\u011fal edilib.<\/p>\n\n\n\n<p>M\u00fcnaqi\u015f\u0259 SSR\u0130 d\u00f6n\u0259mind\u0259n Erm\u0259nistan\u0131n Az\u0259rbaycana qar\u015f\u0131 \u0259razi iddialar\u0131 il\u0259 ba\u015flay\u0131b.<\/p>\n","protected":false},"excerpt":{"rendered":"<p>Elman N\u0259sirov: &#8220;Armen Qriqoryan\u0131n s\u00f6yl\u0259dikl\u0259ri c\u0131\u011fall\u0131q v\u0259 manipulyasiyad\u0131r&#8221; &#8220;Erm\u0259nistan Az\u0259rbaycan\u0131n &#8230; <\/p>\n<p class=\"read-more-container\"><a title=\"Erm\u0259nistan Az\u0259rbaycan\u0131n yeni &#8220;d\u0259hliz&#8221; t\u0259klifi il\u0259 raz\u0131la\u015fmad\u0131\u011f\u0131n\u0131 deyir\" class=\"read-more button\" href=\"https:\/\/www.meydan.tv\/az\/article\/ermenistan-azerbaycanin-yeni-dehliz-teklifi-ile-razilasmadigini-deyir\/#more-252431\" aria-label=\"Read more about Erm\u0259nistan Az\u0259rbaycan\u0131n yeni &#8220;d\u0259hliz&#8221; t\u0259klifi il\u0259 raz\u0131la\u015fmad\u0131\u011f\u0131n\u0131 deyir\">Davam\u0131<\/a><\/p>\n","protected":false},"author":8,"featured_media":252435,"comment_status":"closed","ping_status":"closed","sticky":false,"template":"","format":"standard","meta":{"_acf_changed":false,"_sitemap_exclude":false,"_sitemap_priority":"","_sitemap_frequency":"","footnotes":""},"categories":[59,56],"tags":[],"class_list":["post-252431","post","type-post","status-publish","format-standard","has-post-thumbnail","hentry","category-siyaset","category-xeberler","infinite-scroll-item","generate-columns","tablet-grid-50","mobile-grid-100","grid-parent","grid-33","no-featured-image-padding"],"acf":[],"yoast_head":"<!-- This site is optimized with the Yoast SEO plugin v27.5 - https:\/\/yoast.com\/product\/yoast-seo-wordpress\/ -->\n<title>Erm\u0259nistan Az\u0259rbaycan\u0131n yeni &quot;d\u0259hliz&quot; t\u0259klifi il\u0259 raz\u0131la\u015fmad\u0131\u011f\u0131n\u0131 deyir - MEYDAN.TV<\/title>\n<meta name=\"robots\" content=\"index, follow, max-snippet:-1, max-image-preview:large, max-video-preview:-1\" \/>\n<link rel=\"canonical\" href=\"https:\/\/www.meydan.tv\/az\/article\/ermenistan-azerbaycanin-yeni-dehliz-teklifi-ile-razilasmadigini-deyir\/\" \/>\n<meta property=\"og:locale\" content=\"az_AZ\" \/>\n<meta property=\"og:type\" content=\"article\" \/>\n<meta property=\"og:title\" content=\"Erm\u0259nistan Az\u0259rbaycan\u0131n yeni &quot;d\u0259hliz&quot; t\u0259klifi il\u0259 raz\u0131la\u015fmad\u0131\u011f\u0131n\u0131 deyir - MEYDAN.TV\" \/>\n<meta property=\"og:description\" content=\"Elman N\u0259sirov: &#8220;Armen Qriqoryan\u0131n s\u00f6yl\u0259dikl\u0259ri c\u0131\u011fall\u0131q v\u0259 manipulyasiyad\u0131r&#8221; &#8220;Erm\u0259nistan Az\u0259rbaycan\u0131n ... Davam\u0131\" \/>\n<meta property=\"og:url\" content=\"https:\/\/www.meydan.tv\/az\/article\/ermenistan-azerbaycanin-yeni-dehliz-teklifi-ile-razilasmadigini-deyir\/\" \/>\n<meta property=\"og:site_name\" content=\"MEYDAN.TV\" \/>\n<meta property=\"article:published_time\" content=\"2022-08-03T12:26:07+00:00\" \/>\n<meta property=\"article:modified_time\" content=\"2022-08-03T12:26:10+00:00\" \/>\n<meta property=\"og:image\" content=\"https:\/\/www.meydan.tv\/wp-content\/uploads\/01e70000-0aff-0242-3cde-08da237df53b_w1023_r1_s.jpg\" \/>\n\t<meta property=\"og:image:width\" content=\"1200\" \/>\n\t<meta property=\"og:image:height\" content=\"674\" \/>\n\t<meta property=\"og:image:type\" content=\"image\/jpeg\" \/>\n<meta name=\"author\" content=\"elli\" \/>\n<meta name=\"twitter:card\" content=\"summary_large_image\" \/>\n<meta name=\"twitter:creator\" content=\"@elli\" \/>\n<script type=\"application\/ld+json\" class=\"yoast-schema-graph\">{\"@context\":\"https:\\\/\\\/schema.org\",\"@graph\":[{\"@type\":\"Article\",\"@id\":\"https:\\\/\\\/www.meydan.tv\\\/az\\\/article\\\/ermenistan-azerbaycanin-yeni-dehliz-teklifi-ile-razilasmadigini-deyir\\\/#article\",\"isPartOf\":{\"@id\":\"https:\\\/\\\/www.meydan.tv\\\/az\\\/article\\\/ermenistan-azerbaycanin-yeni-dehliz-teklifi-ile-razilasmadigini-deyir\\\/\"},\"author\":{\"name\":\"elli\",\"@id\":\"https:\\\/\\\/www.meydan.tv\\\/az\\\/#\\\/schema\\\/person\\\/9cdbecf90d17180ce1dfbd95b08dcf47\"},\"headline\":\"Erm\u0259nistan Az\u0259rbaycan\u0131n yeni &#8220;d\u0259hliz&#8221; t\u0259klifi il\u0259 raz\u0131la\u015fmad\u0131\u011f\u0131n\u0131 deyir\",\"datePublished\":\"2022-08-03T12:26:07+00:00\",\"dateModified\":\"2022-08-03T12:26:10+00:00\",\"mainEntityOfPage\":{\"@id\":\"https:\\\/\\\/www.meydan.tv\\\/az\\\/article\\\/ermenistan-azerbaycanin-yeni-dehliz-teklifi-ile-razilasmadigini-deyir\\\/\"},\"wordCount\":864,\"publisher\":{\"@id\":\"https:\\\/\\\/www.meydan.tv\\\/az\\\/#organization\"},\"image\":{\"@id\":\"https:\\\/\\\/www.meydan.tv\\\/az\\\/article\\\/ermenistan-azerbaycanin-yeni-dehliz-teklifi-ile-razilasmadigini-deyir\\\/#primaryimage\"},\"thumbnailUrl\":\"https:\\\/\\\/www.meydan.tv\\\/wp-content\\\/uploads\\\/01e70000-0aff-0242-3cde-08da237df53b_w1023_r1_s.jpg\",\"articleSection\":[\"Siyas\u0259t\",\"X\u0259b\u0259rl\u0259r\"],\"inLanguage\":\"az\"},{\"@type\":\"WebPage\",\"@id\":\"https:\\\/\\\/www.meydan.tv\\\/az\\\/article\\\/ermenistan-azerbaycanin-yeni-dehliz-teklifi-ile-razilasmadigini-deyir\\\/\",\"url\":\"https:\\\/\\\/www.meydan.tv\\\/az\\\/article\\\/ermenistan-azerbaycanin-yeni-dehliz-teklifi-ile-razilasmadigini-deyir\\\/\",\"name\":\"Erm\u0259nistan Az\u0259rbaycan\u0131n yeni \\\"d\u0259hliz\\\" t\u0259klifi il\u0259 raz\u0131la\u015fmad\u0131\u011f\u0131n\u0131 deyir - MEYDAN.TV\",\"isPartOf\":{\"@id\":\"https:\\\/\\\/www.meydan.tv\\\/az\\\/#website\"},\"primaryImageOfPage\":{\"@id\":\"https:\\\/\\\/www.meydan.tv\\\/az\\\/article\\\/ermenistan-azerbaycanin-yeni-dehliz-teklifi-ile-razilasmadigini-deyir\\\/#primaryimage\"},\"image\":{\"@id\":\"https:\\\/\\\/www.meydan.tv\\\/az\\\/article\\\/ermenistan-azerbaycanin-yeni-dehliz-teklifi-ile-razilasmadigini-deyir\\\/#primaryimage\"},\"thumbnailUrl\":\"https:\\\/\\\/www.meydan.tv\\\/wp-content\\\/uploads\\\/01e70000-0aff-0242-3cde-08da237df53b_w1023_r1_s.jpg\",\"datePublished\":\"2022-08-03T12:26:07+00:00\",\"dateModified\":\"2022-08-03T12:26:10+00:00\",\"breadcrumb\":{\"@id\":\"https:\\\/\\\/www.meydan.tv\\\/az\\\/article\\\/ermenistan-azerbaycanin-yeni-dehliz-teklifi-ile-razilasmadigini-deyir\\\/#breadcrumb\"},\"inLanguage\":\"az\",\"potentialAction\":[{\"@type\":\"ReadAction\",\"target\":[\"https:\\\/\\\/www.meydan.tv\\\/az\\\/article\\\/ermenistan-azerbaycanin-yeni-dehliz-teklifi-ile-razilasmadigini-deyir\\\/\"]}]},{\"@type\":\"ImageObject\",\"inLanguage\":\"az\",\"@id\":\"https:\\\/\\\/www.meydan.tv\\\/az\\\/article\\\/ermenistan-azerbaycanin-yeni-dehliz-teklifi-ile-razilasmadigini-deyir\\\/#primaryimage\",\"url\":\"https:\\\/\\\/www.meydan.tv\\\/wp-content\\\/uploads\\\/01e70000-0aff-0242-3cde-08da237df53b_w1023_r1_s.jpg\",\"contentUrl\":\"https:\\\/\\\/www.meydan.tv\\\/wp-content\\\/uploads\\\/01e70000-0aff-0242-3cde-08da237df53b_w1023_r1_s.jpg\",\"width\":1200,\"height\":674,\"caption\":\"La\u00e7\u0131n, yeni yolun in\u015fas\u0131. M\u0259nb\u0259: Az\u0259rbaycan Avtomobil Yollar\u0131 D\u00f6vl\u0259t Agentliyi\"},{\"@type\":\"BreadcrumbList\",\"@id\":\"https:\\\/\\\/www.meydan.tv\\\/az\\\/article\\\/ermenistan-azerbaycanin-yeni-dehliz-teklifi-ile-razilasmadigini-deyir\\\/#breadcrumb\",\"itemListElement\":[{\"@type\":\"ListItem\",\"position\":1,\"name\":\"Ana s\u0259hif\u0259\",\"item\":\"https:\\\/\\\/www.meydan.tv\\\/az\\\/\"},{\"@type\":\"ListItem\",\"position\":2,\"name\":\"Siyas\u0259t\",\"item\":\"https:\\\/\\\/www.meydan.tv\\\/az\\\/section\\\/siyaset\\\/\"},{\"@type\":\"ListItem\",\"position\":3,\"name\":\"Erm\u0259nistan Az\u0259rbaycan\u0131n yeni &#8220;d\u0259hliz&#8221; t\u0259klifi il\u0259 raz\u0131la\u015fmad\u0131\u011f\u0131n\u0131 deyir\"}]},{\"@type\":\"WebSite\",\"@id\":\"https:\\\/\\\/www.meydan.tv\\\/az\\\/#website\",\"url\":\"https:\\\/\\\/www.meydan.tv\\\/az\\\/\",\"name\":\"MEYDAN.TV\",\"description\":\"Meydan TV Az\u0259rbaycan\u0131n media m\u0259kan\u0131ndak\u0131 alternativ s\u0259sidir\",\"publisher\":{\"@id\":\"https:\\\/\\\/www.meydan.tv\\\/az\\\/#organization\"},\"potentialAction\":[{\"@type\":\"SearchAction\",\"target\":{\"@type\":\"EntryPoint\",\"urlTemplate\":\"https:\\\/\\\/www.meydan.tv\\\/az\\\/?s={search_term_string}\"},\"query-input\":{\"@type\":\"PropertyValueSpecification\",\"valueRequired\":true,\"valueName\":\"search_term_string\"}}],\"inLanguage\":\"az\"},{\"@type\":\"Organization\",\"@id\":\"https:\\\/\\\/www.meydan.tv\\\/az\\\/#organization\",\"name\":\"Meydan TV\",\"url\":\"https:\\\/\\\/www.meydan.tv\\\/az\\\/\",\"logo\":{\"@type\":\"ImageObject\",\"inLanguage\":\"az\",\"@id\":\"https:\\\/\\\/www.meydan.tv\\\/az\\\/#\\\/schema\\\/logo\\\/image\\\/\",\"url\":\"https:\\\/\\\/www.meydan.tv\\\/wp-content\\\/uploads\\\/2021\\\/07\\\/meydan-logo.svg\",\"contentUrl\":\"https:\\\/\\\/www.meydan.tv\\\/wp-content\\\/uploads\\\/2021\\\/07\\\/meydan-logo.svg\",\"width\":195,\"height\":46,\"caption\":\"Meydan TV\"},\"image\":{\"@id\":\"https:\\\/\\\/www.meydan.tv\\\/az\\\/#\\\/schema\\\/logo\\\/image\\\/\"}},{\"@type\":\"Person\",\"@id\":\"https:\\\/\\\/www.meydan.tv\\\/az\\\/#\\\/schema\\\/person\\\/9cdbecf90d17180ce1dfbd95b08dcf47\",\"name\":\"elli\",\"sameAs\":[\"https:\\\/\\\/x.com\\\/elli\"]}]}<\/script>\n<!-- \/ Yoast SEO plugin. -->","yoast_head_json":{"title":"Erm\u0259nistan Az\u0259rbaycan\u0131n yeni \"d\u0259hliz\" t\u0259klifi il\u0259 raz\u0131la\u015fmad\u0131\u011f\u0131n\u0131 deyir - MEYDAN.TV","robots":{"index":"index","follow":"follow","max-snippet":"max-snippet:-1","max-image-preview":"max-image-preview:large","max-video-preview":"max-video-preview:-1"},"canonical":"https:\/\/www.meydan.tv\/az\/article\/ermenistan-azerbaycanin-yeni-dehliz-teklifi-ile-razilasmadigini-deyir\/","og_locale":"az_AZ","og_type":"article","og_title":"Erm\u0259nistan Az\u0259rbaycan\u0131n yeni \"d\u0259hliz\" t\u0259klifi il\u0259 raz\u0131la\u015fmad\u0131\u011f\u0131n\u0131 deyir - MEYDAN.TV","og_description":"Elman N\u0259sirov: &#8220;Armen Qriqoryan\u0131n s\u00f6yl\u0259dikl\u0259ri c\u0131\u011fall\u0131q v\u0259 manipulyasiyad\u0131r&#8221; &#8220;Erm\u0259nistan Az\u0259rbaycan\u0131n ... Davam\u0131","og_url":"https:\/\/www.meydan.tv\/az\/article\/ermenistan-azerbaycanin-yeni-dehliz-teklifi-ile-razilasmadigini-deyir\/","og_site_name":"MEYDAN.TV","article_published_time":"2022-08-03T12:26:07+00:00","article_modified_time":"2022-08-03T12:26:10+00:00","og_image":[{"width":1200,"height":674,"url":"https:\/\/www.meydan.tv\/wp-content\/uploads\/01e70000-0aff-0242-3cde-08da237df53b_w1023_r1_s.jpg","type":"image\/jpeg"}],"author":"elli","twitter_card":"summary_large_image","twitter_creator":"@elli","schema":{"@context":"https:\/\/schema.org","@graph":[{"@type":"Article","@id":"https:\/\/www.meydan.tv\/az\/article\/ermenistan-azerbaycanin-yeni-dehliz-teklifi-ile-razilasmadigini-deyir\/#article","isPartOf":{"@id":"https:\/\/www.meydan.tv\/az\/article\/ermenistan-azerbaycanin-yeni-dehliz-teklifi-ile-razilasmadigini-deyir\/"},"author":{"name":"elli","@id":"https:\/\/www.meydan.tv\/az\/#\/schema\/person\/9cdbecf90d17180ce1dfbd95b08dcf47"},"headline":"Erm\u0259nistan Az\u0259rbaycan\u0131n yeni &#8220;d\u0259hliz&#8221; t\u0259klifi il\u0259 raz\u0131la\u015fmad\u0131\u011f\u0131n\u0131 deyir","datePublished":"2022-08-03T12:26:07+00:00","dateModified":"2022-08-03T12:26:10+00:00","mainEntityOfPage":{"@id":"https:\/\/www.meydan.tv\/az\/article\/ermenistan-azerbaycanin-yeni-dehliz-teklifi-ile-razilasmadigini-deyir\/"},"wordCount":864,"publisher":{"@id":"https:\/\/www.meydan.tv\/az\/#organization"},"image":{"@id":"https:\/\/www.meydan.tv\/az\/article\/ermenistan-azerbaycanin-yeni-dehliz-teklifi-ile-razilasmadigini-deyir\/#primaryimage"},"thumbnailUrl":"https:\/\/www.meydan.tv\/wp-content\/uploads\/01e70000-0aff-0242-3cde-08da237df53b_w1023_r1_s.jpg","articleSection":["Siyas\u0259t","X\u0259b\u0259rl\u0259r"],"inLanguage":"az"},{"@type":"WebPage","@id":"https:\/\/www.meydan.tv\/az\/article\/ermenistan-azerbaycanin-yeni-dehliz-teklifi-ile-razilasmadigini-deyir\/","url":"https:\/\/www.meydan.tv\/az\/article\/ermenistan-azerbaycanin-yeni-dehliz-teklifi-ile-razilasmadigini-deyir\/","name":"Erm\u0259nistan Az\u0259rbaycan\u0131n yeni \"d\u0259hliz\" t\u0259klifi il\u0259 raz\u0131la\u015fmad\u0131\u011f\u0131n\u0131 deyir - MEYDAN.TV","isPartOf":{"@id":"https:\/\/www.meydan.tv\/az\/#website"},"primaryImageOfPage":{"@id":"https:\/\/www.meydan.tv\/az\/article\/ermenistan-azerbaycanin-yeni-dehliz-teklifi-ile-razilasmadigini-deyir\/#primaryimage"},"image":{"@id":"https:\/\/www.meydan.tv\/az\/article\/ermenistan-azerbaycanin-yeni-dehliz-teklifi-ile-razilasmadigini-deyir\/#primaryimage"},"thumbnailUrl":"https:\/\/www.meydan.tv\/wp-content\/uploads\/01e70000-0aff-0242-3cde-08da237df53b_w1023_r1_s.jpg","datePublished":"2022-08-03T12:26:07+00:00","dateModified":"2022-08-03T12:26:10+00:00","breadcrumb":{"@id":"https:\/\/www.meydan.tv\/az\/article\/ermenistan-azerbaycanin-yeni-dehliz-teklifi-ile-razilasmadigini-deyir\/#breadcrumb"},"inLanguage":"az","potentialAction":[{"@type":"ReadAction","target":["https:\/\/www.meydan.tv\/az\/article\/ermenistan-azerbaycanin-yeni-dehliz-teklifi-ile-razilasmadigini-deyir\/"]}]},{"@type":"ImageObject","inLanguage":"az","@id":"https:\/\/www.meydan.tv\/az\/article\/ermenistan-azerbaycanin-yeni-dehliz-teklifi-ile-razilasmadigini-deyir\/#primaryimage","url":"https:\/\/www.meydan.tv\/wp-content\/uploads\/01e70000-0aff-0242-3cde-08da237df53b_w1023_r1_s.jpg","contentUrl":"https:\/\/www.meydan.tv\/wp-content\/uploads\/01e70000-0aff-0242-3cde-08da237df53b_w1023_r1_s.jpg","width":1200,"height":674,"caption":"La\u00e7\u0131n, yeni yolun in\u015fas\u0131. M\u0259nb\u0259: Az\u0259rbaycan Avtomobil Yollar\u0131 D\u00f6vl\u0259t Agentliyi"},{"@type":"BreadcrumbList","@id":"https:\/\/www.meydan.tv\/az\/article\/ermenistan-azerbaycanin-yeni-dehliz-teklifi-ile-razilasmadigini-deyir\/#breadcrumb","itemListElement":[{"@type":"ListItem","position":1,"name":"Ana s\u0259hif\u0259","item":"https:\/\/www.meydan.tv\/az\/"},{"@type":"ListItem","position":2,"name":"Siyas\u0259t","item":"https:\/\/www.meydan.tv\/az\/section\/siyaset\/"},{"@type":"ListItem","position":3,"name":"Erm\u0259nistan Az\u0259rbaycan\u0131n yeni &#8220;d\u0259hliz&#8221; t\u0259klifi il\u0259 raz\u0131la\u015fmad\u0131\u011f\u0131n\u0131 deyir"}]},{"@type":"WebSite","@id":"https:\/\/www.meydan.tv\/az\/#website","url":"https:\/\/www.meydan.tv\/az\/","name":"MEYDAN.TV","description":"Meydan TV Az\u0259rbaycan\u0131n media m\u0259kan\u0131ndak\u0131 alternativ s\u0259sidir","publisher":{"@id":"https:\/\/www.meydan.tv\/az\/#organization"},"potentialAction":[{"@type":"SearchAction","target":{"@type":"EntryPoint","urlTemplate":"https:\/\/www.meydan.tv\/az\/?s={search_term_string}"},"query-input":{"@type":"PropertyValueSpecification","valueRequired":true,"valueName":"search_term_string"}}],"inLanguage":"az"},{"@type":"Organization","@id":"https:\/\/www.meydan.tv\/az\/#organization","name":"Meydan TV","url":"https:\/\/www.meydan.tv\/az\/","logo":{"@type":"ImageObject","inLanguage":"az","@id":"https:\/\/www.meydan.tv\/az\/#\/schema\/logo\/image\/","url":"https:\/\/www.meydan.tv\/wp-content\/uploads\/2021\/07\/meydan-logo.svg","contentUrl":"https:\/\/www.meydan.tv\/wp-content\/uploads\/2021\/07\/meydan-logo.svg","width":195,"height":46,"caption":"Meydan TV"},"image":{"@id":"https:\/\/www.meydan.tv\/az\/#\/schema\/logo\/image\/"}},{"@type":"Person","@id":"https:\/\/www.meydan.tv\/az\/#\/schema\/person\/9cdbecf90d17180ce1dfbd95b08dcf47","name":"elli","sameAs":["https:\/\/x.com\/elli"]}]}},"_links":{"self":[{"href":"https:\/\/www.meydan.tv\/az\/wp-json\/wp\/v2\/posts\/252431","targetHints":{"allow":["GET"]}}],"collection":[{"href":"https:\/\/www.meydan.tv\/az\/wp-json\/wp\/v2\/posts"}],"about":[{"href":"https:\/\/www.meydan.tv\/az\/wp-json\/wp\/v2\/types\/post"}],"author":[{"embeddable":true,"href":"https:\/\/www.meydan.tv\/az\/wp-json\/wp\/v2\/users\/8"}],"replies":[{"embeddable":true,"href":"https:\/\/www.meydan.tv\/az\/wp-json\/wp\/v2\/comments?post=252431"}],"version-history":[{"count":2,"href":"https:\/\/www.meydan.tv\/az\/wp-json\/wp\/v2\/posts\/252431\/revisions"}],"predecessor-version":[{"id":252440,"href":"https:\/\/www.meydan.tv\/az\/wp-json\/wp\/v2\/posts\/252431\/revisions\/252440"}],"wp:featuredmedia":[{"embeddable":true,"href":"https:\/\/www.meydan.tv\/az\/wp-json\/wp\/v2\/media\/252435"}],"wp:attachment":[{"href":"https:\/\/www.meydan.tv\/az\/wp-json\/wp\/v2\/media?parent=252431"}],"wp:term":[{"taxonomy":"category","embeddable":true,"href":"https:\/\/www.meydan.tv\/az\/wp-json\/wp\/v2\/categories?post=252431"},{"taxonomy":"post_tag","embeddable":true,"href":"https:\/\/www.meydan.tv\/az\/wp-json\/wp\/v2\/tags?post=252431"}],"curies":[{"name":"wp","href":"https:\/\/api.w.org\/{rel}","templated":true}]}}