{"id":252342,"date":"2022-08-02T16:58:22","date_gmt":"2022-08-02T12:58:22","guid":{"rendered":"https:\/\/www.meydan.tv\/?p=252342"},"modified":"2022-08-02T16:58:25","modified_gmt":"2022-08-02T12:58:25","slug":"milli-kino-gunu-sektor-mudiri-kecid-dovru-deyir-nazir-intibah","status":"publish","type":"post","link":"https:\/\/www.meydan.tv\/az\/article\/milli-kino-gunu-sektor-mudiri-kecid-dovru-deyir-nazir-intibah\/","title":{"rendered":"Milli Kino G\u00fcn\u00fc: &#8220;Sektor m\u00fcdiri ke\u00e7id d\u00f6vr\u00fc deyir, nazir intibah&#8221;"},"content":{"rendered":"\n<p><\/p>\n\n\n\n<p><em>&#8220;M\u0259d\u0259niyy\u0259t Nazirliyinin kino f\u0259aliyy\u0259ti q\u0259na\u0259tb\u0259x\u015f deyil&#8221;<\/em><\/p>\n\n\n\n<p>Az\u0259rbaycanda Milli Kino G\u00fcn\u00fcd\u00fcr.<\/p>\n\n\n\n<p>Az\u0259rbaycan kinosunun yaranmas\u0131 1898-ci ild\u0259n ba\u015flay\u0131r.<\/p>\n\n\n\n<p>Ukraynal\u0131 rejissor, fotoqraf, nasir Aleksandr Mi\u015fon Az\u0259rbaycanda ilk d\u0259f\u0259 kinos\u00fcjetl\u0259r \u00e7\u0259km\u0259y\u0259 ba\u015flay\u0131r.<\/p>\n\n\n\n<p>\u201cBibiheyb\u0259td\u0259 neft fontan\u0131 yan\u011f\u0131n\u0131\u201d, \u201c\u0130li\u015fdin\u201d, \u201cQafqaz r\u0259qsi\u201d, \u201cBalaxan\u0131da neft fontan\u0131\u201d, \u201c\u015e\u0259h\u0259r ba\u011f\u0131nda xalq g\u0259zintisi\u201d kimi bir-ne\u00e7\u0259 s\u0259n\u0259dli film avqustun 2-d\u0259 tama\u015fa\u00e7\u0131lara n\u00fcmayi\u015f etdirilir.<\/p>\n\n\n\n<p>Bundan sonra onlarla film \u00e7\u0259kilm\u0259y\u0259 ba\u015flay\u0131r.<\/p>\n\n\n\n<p>1915-ci ild\u0259 Qafqazda neft s\u0259naye\u00e7il\u0259ri olan Pirone qarda\u015flar\u0131n\u0131n t\u0259\u015f\u0259bb\u00fcs\u00fc il\u0259 yaz\u0131\u00e7\u0131 \u0130brahim b\u0259y Musab\u0259yovun \u201cNeft v\u0259 milyonlar s\u0259lt\u0259n\u0259tind\u0259\u201d roman\u0131 \u0259sas\u0131nda eyniadl\u0131 ilk Az\u0259rbaycan b\u0259dii filmi \u00e7\u0259kilib.<\/p>\n\n\n\n<p>Filmi \u00e7\u0259km\u0259k \u00fcc\u00fcn Peterburqdan rejissor Boris Svetlov d\u0259v\u0259t olunmu\u015fdu.<\/p>\n\n\n\n<p>T\u0259bi\u0259t m\u0259nz\u0259r\u0259l\u0259ri Bak\u0131da v\u0259 \u0259traf k\u0259ndl\u0259rd\u0259, pavilyonla ba\u011fl\u0131 s\u0259hn\u0259l\u0259r is\u0259 Tiflisd\u0259 \u00e7\u0259kilirdi.<\/p>\n\n\n\n<p>Filmd\u0259 L\u00fctf\u0259li b\u0259y rolunu aktyor H\u00fcseyn \u018fr\u0259blinski oynay\u0131b.<\/p>\n\n\n\n<p>1916-c\u0131 ild\u0259 \u00dczeyir Hac\u0131b\u0259ylinin \u201cAr\u015f\u0131n mal alan\u201d operettas\u0131 \u0259sas\u0131nda \u00e7\u0259kilmi\u015f ilk milli kinokomediya is\u0259 \u0259n yaddaqalan olub.<\/p>\n\n\n\n<p>Az\u0259rbaycan Xalq C\u00fcmhuriyy\u0259ti d\u00f6vr\u00fcnd\u0259 h\u00f6kum\u0259t bir \u00e7ox m\u0259d\u0259ni-siyasi islahatlar ke\u00e7irib.<\/p>\n\n\n\n<p>Xarici al\u0259ml\u0259 diplomatik, m\u0259d\u0259ni-iqtisadi \u0259laq\u0259l\u0259r d\u00fcnya kinosunun ilk n\u00fcmun\u0259l\u0259rinin Bak\u0131ya g\u0259tirilm\u0259sin\u0259 v\u0259 ictimai bax\u0131\u015flara t\u0259kan verib. Bunun n\u0259tic\u0259sind\u0259 Bak\u0131da kinematoqrafiya h\u0259v\u0259skarlar\u0131n\u0131n say\u0131 artma\u011fa ba\u015flay\u0131b.<\/p>\n\n\n\n<p>1918-ci ild\u0259 onlar \u201cKinematoqrafiya v\u0259 teatr qulluq\u00e7ular\u0131 \u015furas\u0131\u201dnda birl\u0259\u015fibl\u0259r.<\/p>\n\n\n\n<p>1919-cu ild\u0259 is\u0259 Az\u0259rbaycan\u0131n m\u00fcst\u0259qilliyinin ild\u00f6n\u00fcm\u00fc m\u00fcnasib\u0259til\u0259 \u201cT\u0259nt\u0259n\u0259\u201d adl\u0131 tammetrajl\u0131 film ekranlarda n\u00fcmayi\u015f etdirilib.<\/p>\n\n\n\n<p>1920-ci ild\u0259n sonra is\u0259 Az\u0259rbaycanda sovet kinosu eras\u0131 ba\u015flay\u0131b.<\/p>\n\n\n\n<p>Az\u0259rbaycanda sovet hakimiyy\u0259ti qurulduqdan sonra 1923-c\u00fc ild\u0259 Az\u0259rbaycan Foto-Kino \u0130dar\u0259si (AFK\u0130) yarad\u0131l\u0131b v\u0259 h\u0259min il aprelin 28-d\u0259 Birinci D\u00f6vl\u0259t Kinofabriki a\u00e7\u0131l\u0131b.<\/p>\n\n\n\n<p>Burada \u00e7\u0259kil\u0259n ilk film xalq \u0259fsan\u0259sinin motivl\u0259ri \u0259sas\u0131nda yarad\u0131lm\u0131\u015f \u201cQ\u0131z qalas\u0131\u201d b\u0259dii filmi olub.<\/p>\n\n\n\n<p>1923-1926-c\u0131 ill\u0259rd\u0259 kinostudiya Birinci D\u00f6vl\u0259t Kinofabriki, sonradan AFK\u0130 Kinofabrik il\u0259 birl\u0259\u015fdiril\u0259r\u0259k \u201cAzd\u00f6vl\u0259tkino\u201d, \u201cAz\u0259rkino\u201d, \u201cAz\u0259rfilm\u201d, \u201cAzd\u00f6vl\u0259tkinos\u0259naye\u201d, \u201cBak\u0131 kinostudiyas\u0131\u201d, \u201cAz\u0259rbaycanfilm\u201d adland\u0131r\u0131l\u0131b.<\/p>\n\n\n\n<p>1960-c\u0131 ild\u0259n dramaturq C\u0259f\u0259r Cabbarl\u0131n\u0131n ad\u0131 verilib.<\/p>\n\n\n\n<p>\u201cAz\u0259rbaycanfilm\u201dd\u0259 indiy\u0259d\u0259k iki mind\u0259n \u00e7ox m\u00fcxt\u0259lif n\u00f6v v\u0259 janrda film istehsal edilib.<\/p>\n\n\n\n<p>\u201cAr\u015f\u0131n mal alan\u201d, \u201c\u015e\u0259rikli \u00e7\u00f6r\u0259k\u201d, \u201cAd g\u00fcn\u00fc\u201d, \u201cSevinc buxtas\u0131\u201d, \u201c\u0130stintaq\u201d, \u201cYaramaz\u201d v\u0259 ba\u015fqalar\u0131 D\u00f6vl\u0259t m\u00fckafatlar\u0131na, bir \u00e7ox filml\u0259r, o c\u00fcml\u0259d\u0259n \u201c\u00d6gey ana\u201d, \u201cUzaq sahill\u0259rd\u0259\u201d, \u201cAr\u015f\u0131n mal alan\u201d, \u201cBizim C\u0259bi\u015f m\u00fc\u0259llim\u201d, \u201cAx\u0131r\u0131nc\u0131 a\u015f\u0131r\u0131m\u201d, \u201cN\u0259simi\u201d, \u201c\u00d6zg\u0259 vaxt\u201d, \u201cSar\u0131 g\u0259lin\u201d, \u201cOvsun\u00e7u\u201d, \u201cButa\u201d, \u201c\u00c7\u00f6l\u00e7\u00fc\u201d, \u201cNabat\u201d, \u201cAx\u0131nla a\u015fa\u011f\u0131\u201d v\u0259 dig\u0259rl\u0259ri beyn\u0259lxalq v\u0259 dig\u0259r kinofestivallar\u0131n m\u00fckafatlar\u0131na layiq g\u00f6r\u00fcl\u00fcb.<\/p>\n\n\n\n<p>Ke\u00e7mi\u015f Prezident Heyd\u0259r \u018fliyevin 2000-ci il 18 dekabr tarixli s\u0259r\u0259ncam\u0131 il\u0259 avqustun 2-si kino i\u015f\u00e7il\u0259rinin pe\u015f\u0259 bayram\u0131 &#8211; Az\u0259rbaycan Kinosu G\u00fcn\u00fc kimi qeyd olunur.<\/p>\n\n\n\n<p>M\u0259d\u0259niyy\u0259t naziri Anar K\u0259rimov Milli Kino G\u00fcn\u00fc il\u0259 ba\u011fl\u0131 status <a href=\"https:\/\/twitter.com\/Anar_Karim\/status\/1554393126659293184?ref_src=twsrc%5Etfw%7Ctwcamp%5Etweetembed%7Ctwterm%5E1554393126659293184%7Ctwgr%5E6637ce538ebca9e2d78ed43d6cb3411b583b3bcc%7Ctwcon%5Es1_&amp;ref_url=https%3A%2F%2Fpublish.twitter.com%2F%3Fquery%3Dhttps3A2F2Ftwitter.com2FAnar_Karim2Fstatus2F1554393126659293184widget%3DTweet\" target=\"_blank\" rel=\"noreferrer noopener\">yaz\u0131b.<\/a><\/p>\n\n\n\n<p>O deyib ki, Az\u0259rbaycan kinosu intibah d\u00f6vr\u00fcn\u00fc ya\u015fay\u0131r.<\/p>\n\n\n\n<p>Kino t\u0259nqid\u00e7isi Sevda Sultanova nazirin statusunu \u015f\u0259rh ed\u0259rk\u0259n Meydan TV-y\u0259 deyib ki, haz\u0131rk\u0131 M\u0259d\u0259niyy\u0259t Nazirliyinin kino f\u0259aliyy\u0259ti q\u0259na\u0259tb\u0259x\u015f deyil: <\/p>\n\n\n\n<p>\u201cBel\u0259 ba\u015fa d\u00fc\u015fur\u0259m ki, Anar K\u0259rimov kino haqq\u0131nda m\u0259lumats\u0131zd\u0131r v\u0259 yazd\u0131\u011f\u0131 status qeyri-ciddidir. Nazirliyin sektor m\u00fcdiri R\u00fcf\u0259t \u018fliyev kinonun ke\u00e7id d\u00f6vr\u00fc ya\u015fad\u0131\u011f\u0131n\u0131 deyir, nazir intibah. M\u0259ntiqi ba\u015fa d\u00fc\u015f\u0259 bilmir\u0259m. Ona g\u00f6r\u0259 nazirin qeyri-ciddi statusuna daha detall\u0131 m\u00fcnasib\u0259t bildirm\u0259k ist\u0259mir\u0259m. Daha ciddi m\u0259s\u0259l\u0259l\u0259r olsa, m\u00fcnasib\u0259t bildir\u0259r\u0259m. M\u0259n \u00f6nc\u0259ki nazirin (\u018fb\u00fclf\u0259s Qarayev-red.) d\u00f6vr\u00fcnd\u0259 d\u0259 kino siyast\u0259tini t\u0259nqid etmi\u015f\u0259m&#8221;.<\/p>\n\n\n\n<figure class=\"wp-block-image size-large\"><img decoding=\"async\" width=\"1152\" height=\"821\" data-src=\"https:\/\/www.meydan.tv\/wp-content\/uploads\/seva-1152x821.jpg\" alt=\"\" class=\"wp-image-226742 lazyload\" src=\"data:image\/svg+xml;base64,PHN2ZyB3aWR0aD0iMSIgaGVpZ2h0PSIxIiB4bWxucz0iaHR0cDovL3d3dy53My5vcmcvMjAwMC9zdmciPjwvc3ZnPg==\" style=\"--smush-placeholder-width: 1152px; --smush-placeholder-aspect-ratio: 1152\/821;\" \/><figcaption>Sevda Sultanova, Foto: Kulis.az<\/figcaption><\/figure>\n\n\n\n<p>&#8220;Ancaq ke\u00e7mi\u015f nazirin d\u00f6vr\u00fcnd\u0259 pis-yax\u015f\u0131, q\u0131sa v\u0259 tammetrajl\u0131, eyni zamanda, s\u0259n\u0259dli filml\u0259r \u00e7\u0259kilirdi. Bununla da g\u00f6r\u00fcrd\u00fck ki, potensial nec\u0259dir, \u00fcmumiyy\u0259tl\u0259, kino siyas\u0259ti nec\u0259 apar\u0131l\u0131r, kiml\u0259r\u0259 filml\u0259r verilir. Y\u0259ni kino prosesi haqq\u0131nda m\u00fc\u0259yy\u0259n bir t\u0259s\u0259vv\u00fcr\u00fcm\u00fcz olurdu. \u00dc\u00e7 il\u0259 yax\u0131nd\u0131r ki, nazirlikd\u0259 d\u0259yi\u015fiklik olub. Amma ortaya bir tammetrajl\u0131 film \u00e7\u0131xar\u0131lmay\u0131b\u201d, &#8211; dey\u0259 kino\u015f\u00fcnas yaz\u0131b.<\/p>\n\n\n\n<p>M\u0259d\u0259niyy\u0259t Nazirliyind\u0259 d\u0259yi\u015fiklik olandan sonra El\u00e7in Musao\u011flu &#8211; \u201cM\u0259ry\u0259m\u201d, Asif R\u00fcst\u0259mov &#8211; \u201cM\u0259rm\u0259r soyu\u011fu\u201d, Vaqif Mustafayev &#8211; \u201cH\u0259yat dey\u0259s\u0259n, g\u00f6z\u0259ldir\u201d v\u0259 \u0130lqar Safat\u0131n \u201cN\u0259rimanfilm\u201dl\u0259 birlikd\u0259 istehsal etdiyi \u201cDo\u011fma torpaq\u201d \u2013 adl\u0131 d\u00f6rd b\u0259dii film istehsal olunub.<\/p>\n\n\n\n<p>Lakin filml\u0259rin he\u00e7 birinin t\u0259qdimat\u0131 ke\u00e7irilm\u0259yib: <\/p>\n\n\n\n<p>\u201cMilli Kino G\u00fcn\u00fcnd\u0259 yeni, \u00f6z\u0259llikl\u0259 d\u0259 tammetrajl\u0131 filml\u0259rin n\u00fcmayi\u015fin\u0259 \u00f6yr\u0259\u015fmi\u015fik. Lakin bu d\u0259f\u0259 bel\u0259 olmad\u0131. Asif R\u00fcst\u0259movun \u201cM\u0259rm\u0259r soyu\u011fu\u201d nazirlik t\u0259r\u0259find\u0259n q\u0259bul olunmay\u0131b. S\u00fcjet x\u0259tti bel\u0259dir ki, ata o\u011flunun sevdiyi qad\u0131na t\u0259cav\u00fcz edir. Nazirlik filmi q\u0259bul etm\u0259yib ki, mentalitetimiz\u0259 ziddir. Eyni zamanda, beyn\u0259lxalq festivallar da q\u0259bul etm\u0259yibl\u0259r ki, filmd\u0259 qad\u0131na \u015fidd\u0259t var. Bildiyim q\u0259d\u0259ril\u0259, film yenid\u0259n montaj olunur. El\u00e7in Musao\u011flunun \u201cM\u0259ry\u0259m\u201d filmind\u0259 d\u0259 hans\u0131sa probleml\u0259r \u00e7\u0131x\u0131b, s\u0259b\u0259bini g\u00f6st\u0259rm\u0259yibl\u0259r&#8221;.<\/p>\n\n\n\n<p>&#8220;Vaqif Mustafayevin filmin\u0259 g\u0259linc\u0259, indi d\u00f6vl\u0259tin siyas\u0259ti s\u00fclh quruculu\u011funa hesablan\u0131b. \u201cH\u0259yat, dey\u0259s\u0259n, g\u00f6z\u0259ldir\u201d filmin\u0259 baxanlar deyir ki, \u00e7ox a\u015fa\u011f\u0131 s\u0259viyy\u0259d\u0259 yumorlar var. H\u0259m Az\u0259rbaycan, h\u0259m d\u0259 qar\u015f\u0131 t\u0259r\u0259fin a\u015fa\u011f\u0131lanma kimi epizodlar\u0131 oldu\u011fu deyilir. Ona g\u00f6r\u0259 d\u0259 film yenid\u0259n montaj edilir. \u0130lqar Safat\u0131n filmi is\u0259 iki il\u0259 yax\u0131nd\u0131r ki, istehsalatdad\u0131r, h\u0259l\u0259 d\u0259 haz\u0131r deyil\u201d, &#8211; Sevda Sultanova bel\u0259 deyir.<\/p>\n\n\n\n<p>\u201cOna g\u00f6r\u0259 d\u0259 Milli Kino G\u00fcn\u00fcnd\u0259 m\u0259cburiyy\u0259td\u0259n \u201cB\u00f6y\u00fck qay\u0131d\u0131\u015f\u201d m\u00fcsabiq\u0259sind\u0259 qalib g\u0259l\u0259n m\u00fc\u0259llifl\u0259rin filml\u0259rini g\u00f6st\u0259ribl\u0259r. Orada da qalib g\u0259lmi\u015f b\u00fct\u00fcn rejissorlar\u0131n ham\u0131s\u0131 olmay\u0131b. Y\u0259ni m\u00fcqayis\u0259 ed\u0259nd\u0259, ke\u00e7mi\u015f nazirlik r\u0259hb\u0259rliyi daha \u00e7ox i\u015f g\u00f6r\u00fcrd\u00fc n\u0259inki indikil\u0259r\u201d, &#8211; t\u0259nqid\u00e7i deyib.<\/p>\n\n\n\n<p>Prezident \u0130lham \u018fliyev 2020-ci il may\u0131n 21-d\u0259 \u018fb\u00fclf\u0259s Qarayevi m\u0259d\u0259niyy\u0259t naziri v\u0259zif\u0259sind\u0259n azad <a href=\"https:\/\/d9mc3ts4czbpr.cloudfront.net\/az\/article\/ebulfes-qarayev-vezifesinden-azad-edildi\/\" target=\"_blank\" rel=\"noreferrer noopener\">edib.<\/a><\/p>\n\n\n\n<p>Bu v\u0259zif\u0259y\u0259 2021-ci il yanvar\u0131n 5-d\u0259 Anar K\u0259rimovu t\u0259yin <a href=\"https:\/\/d9mc3ts4czbpr.cloudfront.net\/az\/article\/anar-kerimov-medeniyyet-naziri-teyin-olundu\/\" target=\"_blank\" rel=\"noreferrer noopener\">edib.<\/a><\/p>\n\n\n\n<p>\u018fb\u00fclf\u0259s Qarayevin nazir postundan k\u0259narla\u015fd\u0131r\u0131lmas\u0131na s\u0259b\u0259b D\u00f6vl\u0259t T\u0259hl\u00fck\u0259sizlik Xidm\u0259tinin 2020-ci il may\u0131n 8-d\u0259 M\u0259d\u0259niyy\u0259t Nazirliyind\u0259 ke\u00e7irdiyi \u0259m\u0259liyyat olub.<\/p>\n\n\n\n<p>Ke\u00e7iril\u0259n \u0259m\u0259liyyatlar n\u0259tic\u0259sind\u0259 nazirin m\u00fcavini Rafiq Bayramov v\u0259 M\u0259d\u0259ni \u0130rsin Qorunmas\u0131, \u0130nki\u015faf\u0131 v\u0259 B\u0259rpas\u0131 \u00fczr\u0259 D\u00f6vl\u0259t Xidm\u0259tinin r\u0259isi Zakir Sultanov h\u0259bs olunublar.<\/p>\n","protected":false},"excerpt":{"rendered":"<p>&#8220;M\u0259d\u0259niyy\u0259t Nazirliyinin kino f\u0259aliyy\u0259ti q\u0259na\u0259tb\u0259x\u015f deyil&#8221; Az\u0259rbaycanda Milli Kino G\u00fcn\u00fcd\u00fcr. &#8230; <\/p>\n<p class=\"read-more-container\"><a title=\"Milli Kino G\u00fcn\u00fc: &#8220;Sektor m\u00fcdiri ke\u00e7id d\u00f6vr\u00fc deyir, nazir intibah&#8221;\" class=\"read-more button\" href=\"https:\/\/www.meydan.tv\/az\/article\/milli-kino-gunu-sektor-mudiri-kecid-dovru-deyir-nazir-intibah\/#more-252342\" aria-label=\"Read more about Milli Kino G\u00fcn\u00fc: &#8220;Sektor m\u00fcdiri ke\u00e7id d\u00f6vr\u00fc deyir, nazir intibah&#8221;\">Davam\u0131<\/a><\/p>\n","protected":false},"author":8,"featured_media":242701,"comment_status":"closed","ping_status":"closed","sticky":false,"template":"","format":"standard","meta":{"_acf_changed":false,"_sitemap_exclude":false,"_sitemap_priority":"","_sitemap_frequency":"","footnotes":""},"categories":[52,79,56],"tags":[],"class_list":["post-252342","post","type-post","status-publish","format-standard","has-post-thumbnail","hentry","category-medeniyyet","category-featured","category-xeberler","infinite-scroll-item","generate-columns","tablet-grid-50","mobile-grid-100","grid-parent","grid-33","no-featured-image-padding"],"acf":[],"yoast_head":"<!-- This site is optimized with the Yoast SEO plugin v27.5 - https:\/\/yoast.com\/product\/yoast-seo-wordpress\/ -->\n<title>Milli Kino G\u00fcn\u00fc: &quot;Sektor m\u00fcdiri ke\u00e7id d\u00f6vr\u00fc deyir, nazir intibah&quot; - MEYDAN.TV<\/title>\n<meta name=\"robots\" content=\"index, follow, max-snippet:-1, max-image-preview:large, max-video-preview:-1\" \/>\n<link rel=\"canonical\" href=\"https:\/\/www.meydan.tv\/az\/article\/milli-kino-gunu-sektor-mudiri-kecid-dovru-deyir-nazir-intibah\/\" \/>\n<meta property=\"og:locale\" content=\"az_AZ\" \/>\n<meta property=\"og:type\" content=\"article\" \/>\n<meta property=\"og:title\" content=\"Milli Kino G\u00fcn\u00fc: &quot;Sektor m\u00fcdiri ke\u00e7id d\u00f6vr\u00fc deyir, nazir intibah&quot; - MEYDAN.TV\" \/>\n<meta property=\"og:description\" content=\"&#8220;M\u0259d\u0259niyy\u0259t Nazirliyinin kino f\u0259aliyy\u0259ti q\u0259na\u0259tb\u0259x\u015f deyil&#8221; Az\u0259rbaycanda Milli Kino G\u00fcn\u00fcd\u00fcr. ... Davam\u0131\" \/>\n<meta property=\"og:url\" content=\"https:\/\/www.meydan.tv\/az\/article\/milli-kino-gunu-sektor-mudiri-kecid-dovru-deyir-nazir-intibah\/\" \/>\n<meta property=\"og:site_name\" content=\"MEYDAN.TV\" \/>\n<meta property=\"article:published_time\" content=\"2022-08-02T12:58:22+00:00\" \/>\n<meta property=\"article:modified_time\" content=\"2022-08-02T12:58:25+00:00\" \/>\n<meta property=\"og:image\" content=\"https:\/\/www.meydan.tv\/wp-content\/uploads\/shutterstock_1914661585.jpg\" \/>\n\t<meta property=\"og:image:width\" content=\"1200\" \/>\n\t<meta property=\"og:image:height\" content=\"794\" \/>\n\t<meta property=\"og:image:type\" content=\"image\/jpeg\" \/>\n<meta name=\"author\" content=\"elli\" \/>\n<meta name=\"twitter:card\" content=\"summary_large_image\" \/>\n<meta name=\"twitter:creator\" content=\"@elli\" \/>\n<script type=\"application\/ld+json\" class=\"yoast-schema-graph\">{\"@context\":\"https:\\\/\\\/schema.org\",\"@graph\":[{\"@type\":\"Article\",\"@id\":\"https:\\\/\\\/www.meydan.tv\\\/az\\\/article\\\/milli-kino-gunu-sektor-mudiri-kecid-dovru-deyir-nazir-intibah\\\/#article\",\"isPartOf\":{\"@id\":\"https:\\\/\\\/www.meydan.tv\\\/az\\\/article\\\/milli-kino-gunu-sektor-mudiri-kecid-dovru-deyir-nazir-intibah\\\/\"},\"author\":{\"name\":\"elli\",\"@id\":\"https:\\\/\\\/www.meydan.tv\\\/az\\\/#\\\/schema\\\/person\\\/9cdbecf90d17180ce1dfbd95b08dcf47\"},\"headline\":\"Milli Kino G\u00fcn\u00fc: &#8220;Sektor m\u00fcdiri ke\u00e7id d\u00f6vr\u00fc deyir, nazir intibah&#8221;\",\"datePublished\":\"2022-08-02T12:58:22+00:00\",\"dateModified\":\"2022-08-02T12:58:25+00:00\",\"mainEntityOfPage\":{\"@id\":\"https:\\\/\\\/www.meydan.tv\\\/az\\\/article\\\/milli-kino-gunu-sektor-mudiri-kecid-dovru-deyir-nazir-intibah\\\/\"},\"wordCount\":1302,\"publisher\":{\"@id\":\"https:\\\/\\\/www.meydan.tv\\\/az\\\/#organization\"},\"image\":{\"@id\":\"https:\\\/\\\/www.meydan.tv\\\/az\\\/article\\\/milli-kino-gunu-sektor-mudiri-kecid-dovru-deyir-nazir-intibah\\\/#primaryimage\"},\"thumbnailUrl\":\"https:\\\/\\\/www.meydan.tv\\\/wp-content\\\/uploads\\\/shutterstock_1914661585.jpg\",\"articleSection\":[\"M\u0259d\u0259niyy\u0259t\",\"T\u00f6vsiy\u0259\",\"X\u0259b\u0259rl\u0259r\"],\"inLanguage\":\"az\"},{\"@type\":\"WebPage\",\"@id\":\"https:\\\/\\\/www.meydan.tv\\\/az\\\/article\\\/milli-kino-gunu-sektor-mudiri-kecid-dovru-deyir-nazir-intibah\\\/\",\"url\":\"https:\\\/\\\/www.meydan.tv\\\/az\\\/article\\\/milli-kino-gunu-sektor-mudiri-kecid-dovru-deyir-nazir-intibah\\\/\",\"name\":\"Milli Kino G\u00fcn\u00fc: \\\"Sektor m\u00fcdiri ke\u00e7id d\u00f6vr\u00fc deyir, nazir intibah\\\" - MEYDAN.TV\",\"isPartOf\":{\"@id\":\"https:\\\/\\\/www.meydan.tv\\\/az\\\/#website\"},\"primaryImageOfPage\":{\"@id\":\"https:\\\/\\\/www.meydan.tv\\\/az\\\/article\\\/milli-kino-gunu-sektor-mudiri-kecid-dovru-deyir-nazir-intibah\\\/#primaryimage\"},\"image\":{\"@id\":\"https:\\\/\\\/www.meydan.tv\\\/az\\\/article\\\/milli-kino-gunu-sektor-mudiri-kecid-dovru-deyir-nazir-intibah\\\/#primaryimage\"},\"thumbnailUrl\":\"https:\\\/\\\/www.meydan.tv\\\/wp-content\\\/uploads\\\/shutterstock_1914661585.jpg\",\"datePublished\":\"2022-08-02T12:58:22+00:00\",\"dateModified\":\"2022-08-02T12:58:25+00:00\",\"breadcrumb\":{\"@id\":\"https:\\\/\\\/www.meydan.tv\\\/az\\\/article\\\/milli-kino-gunu-sektor-mudiri-kecid-dovru-deyir-nazir-intibah\\\/#breadcrumb\"},\"inLanguage\":\"az\",\"potentialAction\":[{\"@type\":\"ReadAction\",\"target\":[\"https:\\\/\\\/www.meydan.tv\\\/az\\\/article\\\/milli-kino-gunu-sektor-mudiri-kecid-dovru-deyir-nazir-intibah\\\/\"]}]},{\"@type\":\"ImageObject\",\"inLanguage\":\"az\",\"@id\":\"https:\\\/\\\/www.meydan.tv\\\/az\\\/article\\\/milli-kino-gunu-sektor-mudiri-kecid-dovru-deyir-nazir-intibah\\\/#primaryimage\",\"url\":\"https:\\\/\\\/www.meydan.tv\\\/wp-content\\\/uploads\\\/shutterstock_1914661585.jpg\",\"contentUrl\":\"https:\\\/\\\/www.meydan.tv\\\/wp-content\\\/uploads\\\/shutterstock_1914661585.jpg\",\"width\":1200,\"height\":794,\"caption\":\"Az\u0259rbaycan kinosu. Foto: natatravel\\\/shutterstock\"},{\"@type\":\"BreadcrumbList\",\"@id\":\"https:\\\/\\\/www.meydan.tv\\\/az\\\/article\\\/milli-kino-gunu-sektor-mudiri-kecid-dovru-deyir-nazir-intibah\\\/#breadcrumb\",\"itemListElement\":[{\"@type\":\"ListItem\",\"position\":1,\"name\":\"Ana s\u0259hif\u0259\",\"item\":\"https:\\\/\\\/www.meydan.tv\\\/az\\\/\"},{\"@type\":\"ListItem\",\"position\":2,\"name\":\"M\u0259d\u0259niyy\u0259t\",\"item\":\"https:\\\/\\\/www.meydan.tv\\\/az\\\/section\\\/medeniyyet\\\/\"},{\"@type\":\"ListItem\",\"position\":3,\"name\":\"Milli Kino G\u00fcn\u00fc: &#8220;Sektor m\u00fcdiri ke\u00e7id d\u00f6vr\u00fc deyir, nazir intibah&#8221;\"}]},{\"@type\":\"WebSite\",\"@id\":\"https:\\\/\\\/www.meydan.tv\\\/az\\\/#website\",\"url\":\"https:\\\/\\\/www.meydan.tv\\\/az\\\/\",\"name\":\"MEYDAN.TV\",\"description\":\"Meydan TV Az\u0259rbaycan\u0131n media m\u0259kan\u0131ndak\u0131 alternativ s\u0259sidir\",\"publisher\":{\"@id\":\"https:\\\/\\\/www.meydan.tv\\\/az\\\/#organization\"},\"potentialAction\":[{\"@type\":\"SearchAction\",\"target\":{\"@type\":\"EntryPoint\",\"urlTemplate\":\"https:\\\/\\\/www.meydan.tv\\\/az\\\/?s={search_term_string}\"},\"query-input\":{\"@type\":\"PropertyValueSpecification\",\"valueRequired\":true,\"valueName\":\"search_term_string\"}}],\"inLanguage\":\"az\"},{\"@type\":\"Organization\",\"@id\":\"https:\\\/\\\/www.meydan.tv\\\/az\\\/#organization\",\"name\":\"Meydan TV\",\"url\":\"https:\\\/\\\/www.meydan.tv\\\/az\\\/\",\"logo\":{\"@type\":\"ImageObject\",\"inLanguage\":\"az\",\"@id\":\"https:\\\/\\\/www.meydan.tv\\\/az\\\/#\\\/schema\\\/logo\\\/image\\\/\",\"url\":\"https:\\\/\\\/www.meydan.tv\\\/wp-content\\\/uploads\\\/2021\\\/07\\\/meydan-logo.svg\",\"contentUrl\":\"https:\\\/\\\/www.meydan.tv\\\/wp-content\\\/uploads\\\/2021\\\/07\\\/meydan-logo.svg\",\"width\":195,\"height\":46,\"caption\":\"Meydan TV\"},\"image\":{\"@id\":\"https:\\\/\\\/www.meydan.tv\\\/az\\\/#\\\/schema\\\/logo\\\/image\\\/\"}},{\"@type\":\"Person\",\"@id\":\"https:\\\/\\\/www.meydan.tv\\\/az\\\/#\\\/schema\\\/person\\\/9cdbecf90d17180ce1dfbd95b08dcf47\",\"name\":\"elli\",\"sameAs\":[\"https:\\\/\\\/x.com\\\/elli\"]}]}<\/script>\n<!-- \/ Yoast SEO plugin. -->","yoast_head_json":{"title":"Milli Kino G\u00fcn\u00fc: \"Sektor m\u00fcdiri ke\u00e7id d\u00f6vr\u00fc deyir, nazir intibah\" - MEYDAN.TV","robots":{"index":"index","follow":"follow","max-snippet":"max-snippet:-1","max-image-preview":"max-image-preview:large","max-video-preview":"max-video-preview:-1"},"canonical":"https:\/\/www.meydan.tv\/az\/article\/milli-kino-gunu-sektor-mudiri-kecid-dovru-deyir-nazir-intibah\/","og_locale":"az_AZ","og_type":"article","og_title":"Milli Kino G\u00fcn\u00fc: \"Sektor m\u00fcdiri ke\u00e7id d\u00f6vr\u00fc deyir, nazir intibah\" - MEYDAN.TV","og_description":"&#8220;M\u0259d\u0259niyy\u0259t Nazirliyinin kino f\u0259aliyy\u0259ti q\u0259na\u0259tb\u0259x\u015f deyil&#8221; Az\u0259rbaycanda Milli Kino G\u00fcn\u00fcd\u00fcr. ... Davam\u0131","og_url":"https:\/\/www.meydan.tv\/az\/article\/milli-kino-gunu-sektor-mudiri-kecid-dovru-deyir-nazir-intibah\/","og_site_name":"MEYDAN.TV","article_published_time":"2022-08-02T12:58:22+00:00","article_modified_time":"2022-08-02T12:58:25+00:00","og_image":[{"width":1200,"height":794,"url":"https:\/\/www.meydan.tv\/wp-content\/uploads\/shutterstock_1914661585.jpg","type":"image\/jpeg"}],"author":"elli","twitter_card":"summary_large_image","twitter_creator":"@elli","schema":{"@context":"https:\/\/schema.org","@graph":[{"@type":"Article","@id":"https:\/\/www.meydan.tv\/az\/article\/milli-kino-gunu-sektor-mudiri-kecid-dovru-deyir-nazir-intibah\/#article","isPartOf":{"@id":"https:\/\/www.meydan.tv\/az\/article\/milli-kino-gunu-sektor-mudiri-kecid-dovru-deyir-nazir-intibah\/"},"author":{"name":"elli","@id":"https:\/\/www.meydan.tv\/az\/#\/schema\/person\/9cdbecf90d17180ce1dfbd95b08dcf47"},"headline":"Milli Kino G\u00fcn\u00fc: &#8220;Sektor m\u00fcdiri ke\u00e7id d\u00f6vr\u00fc deyir, nazir intibah&#8221;","datePublished":"2022-08-02T12:58:22+00:00","dateModified":"2022-08-02T12:58:25+00:00","mainEntityOfPage":{"@id":"https:\/\/www.meydan.tv\/az\/article\/milli-kino-gunu-sektor-mudiri-kecid-dovru-deyir-nazir-intibah\/"},"wordCount":1302,"publisher":{"@id":"https:\/\/www.meydan.tv\/az\/#organization"},"image":{"@id":"https:\/\/www.meydan.tv\/az\/article\/milli-kino-gunu-sektor-mudiri-kecid-dovru-deyir-nazir-intibah\/#primaryimage"},"thumbnailUrl":"https:\/\/www.meydan.tv\/wp-content\/uploads\/shutterstock_1914661585.jpg","articleSection":["M\u0259d\u0259niyy\u0259t","T\u00f6vsiy\u0259","X\u0259b\u0259rl\u0259r"],"inLanguage":"az"},{"@type":"WebPage","@id":"https:\/\/www.meydan.tv\/az\/article\/milli-kino-gunu-sektor-mudiri-kecid-dovru-deyir-nazir-intibah\/","url":"https:\/\/www.meydan.tv\/az\/article\/milli-kino-gunu-sektor-mudiri-kecid-dovru-deyir-nazir-intibah\/","name":"Milli Kino G\u00fcn\u00fc: \"Sektor m\u00fcdiri ke\u00e7id d\u00f6vr\u00fc deyir, nazir intibah\" - MEYDAN.TV","isPartOf":{"@id":"https:\/\/www.meydan.tv\/az\/#website"},"primaryImageOfPage":{"@id":"https:\/\/www.meydan.tv\/az\/article\/milli-kino-gunu-sektor-mudiri-kecid-dovru-deyir-nazir-intibah\/#primaryimage"},"image":{"@id":"https:\/\/www.meydan.tv\/az\/article\/milli-kino-gunu-sektor-mudiri-kecid-dovru-deyir-nazir-intibah\/#primaryimage"},"thumbnailUrl":"https:\/\/www.meydan.tv\/wp-content\/uploads\/shutterstock_1914661585.jpg","datePublished":"2022-08-02T12:58:22+00:00","dateModified":"2022-08-02T12:58:25+00:00","breadcrumb":{"@id":"https:\/\/www.meydan.tv\/az\/article\/milli-kino-gunu-sektor-mudiri-kecid-dovru-deyir-nazir-intibah\/#breadcrumb"},"inLanguage":"az","potentialAction":[{"@type":"ReadAction","target":["https:\/\/www.meydan.tv\/az\/article\/milli-kino-gunu-sektor-mudiri-kecid-dovru-deyir-nazir-intibah\/"]}]},{"@type":"ImageObject","inLanguage":"az","@id":"https:\/\/www.meydan.tv\/az\/article\/milli-kino-gunu-sektor-mudiri-kecid-dovru-deyir-nazir-intibah\/#primaryimage","url":"https:\/\/www.meydan.tv\/wp-content\/uploads\/shutterstock_1914661585.jpg","contentUrl":"https:\/\/www.meydan.tv\/wp-content\/uploads\/shutterstock_1914661585.jpg","width":1200,"height":794,"caption":"Az\u0259rbaycan kinosu. Foto: natatravel\/shutterstock"},{"@type":"BreadcrumbList","@id":"https:\/\/www.meydan.tv\/az\/article\/milli-kino-gunu-sektor-mudiri-kecid-dovru-deyir-nazir-intibah\/#breadcrumb","itemListElement":[{"@type":"ListItem","position":1,"name":"Ana s\u0259hif\u0259","item":"https:\/\/www.meydan.tv\/az\/"},{"@type":"ListItem","position":2,"name":"M\u0259d\u0259niyy\u0259t","item":"https:\/\/www.meydan.tv\/az\/section\/medeniyyet\/"},{"@type":"ListItem","position":3,"name":"Milli Kino G\u00fcn\u00fc: &#8220;Sektor m\u00fcdiri ke\u00e7id d\u00f6vr\u00fc deyir, nazir intibah&#8221;"}]},{"@type":"WebSite","@id":"https:\/\/www.meydan.tv\/az\/#website","url":"https:\/\/www.meydan.tv\/az\/","name":"MEYDAN.TV","description":"Meydan TV Az\u0259rbaycan\u0131n media m\u0259kan\u0131ndak\u0131 alternativ s\u0259sidir","publisher":{"@id":"https:\/\/www.meydan.tv\/az\/#organization"},"potentialAction":[{"@type":"SearchAction","target":{"@type":"EntryPoint","urlTemplate":"https:\/\/www.meydan.tv\/az\/?s={search_term_string}"},"query-input":{"@type":"PropertyValueSpecification","valueRequired":true,"valueName":"search_term_string"}}],"inLanguage":"az"},{"@type":"Organization","@id":"https:\/\/www.meydan.tv\/az\/#organization","name":"Meydan TV","url":"https:\/\/www.meydan.tv\/az\/","logo":{"@type":"ImageObject","inLanguage":"az","@id":"https:\/\/www.meydan.tv\/az\/#\/schema\/logo\/image\/","url":"https:\/\/www.meydan.tv\/wp-content\/uploads\/2021\/07\/meydan-logo.svg","contentUrl":"https:\/\/www.meydan.tv\/wp-content\/uploads\/2021\/07\/meydan-logo.svg","width":195,"height":46,"caption":"Meydan TV"},"image":{"@id":"https:\/\/www.meydan.tv\/az\/#\/schema\/logo\/image\/"}},{"@type":"Person","@id":"https:\/\/www.meydan.tv\/az\/#\/schema\/person\/9cdbecf90d17180ce1dfbd95b08dcf47","name":"elli","sameAs":["https:\/\/x.com\/elli"]}]}},"_links":{"self":[{"href":"https:\/\/www.meydan.tv\/az\/wp-json\/wp\/v2\/posts\/252342","targetHints":{"allow":["GET"]}}],"collection":[{"href":"https:\/\/www.meydan.tv\/az\/wp-json\/wp\/v2\/posts"}],"about":[{"href":"https:\/\/www.meydan.tv\/az\/wp-json\/wp\/v2\/types\/post"}],"author":[{"embeddable":true,"href":"https:\/\/www.meydan.tv\/az\/wp-json\/wp\/v2\/users\/8"}],"replies":[{"embeddable":true,"href":"https:\/\/www.meydan.tv\/az\/wp-json\/wp\/v2\/comments?post=252342"}],"version-history":[{"count":1,"href":"https:\/\/www.meydan.tv\/az\/wp-json\/wp\/v2\/posts\/252342\/revisions"}],"predecessor-version":[{"id":252343,"href":"https:\/\/www.meydan.tv\/az\/wp-json\/wp\/v2\/posts\/252342\/revisions\/252343"}],"wp:featuredmedia":[{"embeddable":true,"href":"https:\/\/www.meydan.tv\/az\/wp-json\/wp\/v2\/media\/242701"}],"wp:attachment":[{"href":"https:\/\/www.meydan.tv\/az\/wp-json\/wp\/v2\/media?parent=252342"}],"wp:term":[{"taxonomy":"category","embeddable":true,"href":"https:\/\/www.meydan.tv\/az\/wp-json\/wp\/v2\/categories?post=252342"},{"taxonomy":"post_tag","embeddable":true,"href":"https:\/\/www.meydan.tv\/az\/wp-json\/wp\/v2\/tags?post=252342"}],"curies":[{"name":"wp","href":"https:\/\/api.w.org\/{rel}","templated":true}]}}